{"id":1014,"date":"2012-11-20T21:21:31","date_gmt":"2012-11-20T21:21:31","guid":{"rendered":"https:\/\/paroquiaqueijas.net\/site\/?p=1014"},"modified":"2026-03-21T15:41:25","modified_gmt":"2026-03-21T15:41:25","slug":"audiencia-geral-de-bento-xvi-14-11-2012","status":"publish","type":"post","link":"https:\/\/paroquiaqueijas.net\/portal\/audiencia-geral-de-bento-xvi-14-11-2012\/","title":{"rendered":"Audi\u00eancia Geral de Bento XVI. 14-11-2012"},"content":{"rendered":"<p><img fetchpriority=\"high\" decoding=\"async\" class=\" size-full wp-image-995\" style=\"margin: 0px;\" alt=\"AudPapal\" src=\"https:\/\/paroquiaqueijas.net\/portal\/wp-content\/uploads\/2012\/10\/AudPapal.jpg\" height=\"98\" width=\"550\" srcset=\"https:\/\/paroquiaqueijas.net\/portal\/wp-content\/uploads\/2012\/10\/AudPapal.jpg 772w, https:\/\/paroquiaqueijas.net\/portal\/wp-content\/uploads\/2012\/10\/AudPapal-300x53.jpg 300w, https:\/\/paroquiaqueijas.net\/portal\/wp-content\/uploads\/2012\/10\/AudPapal-768x136.jpg 768w\" sizes=\"(max-width: 550px) 100vw, 550px\" \/><br \/>\n<strong>4. Os caminhos para chegar ao conhecimento de Deus<\/span><\/strong><br \/>Audi\u00eancia Geral de Bento XVI (14-11-2012)<\/p>\n<p><!--more--><\/p>\n<p><em>Queridos irm\u00e3os e irm\u00e3s, <\/span><\/em><a target=\"_blank\" title=\"Audi\u00eancia Geral de Bento XVI: 07-11-2012\" href=\"index.php?option=com_docman&#038;task=doc_download&#038;gid=30&#038;Itemid=79\">[clique aqui para pdf]<\/span><\/a><em><br \/><\/span><\/em><\/p>\n<p><em> <\/em><br \/>\nNa quarta-feira passada reflectimos sobre o desejo de Deus que o ser humano leva no profundo de si mesmo. Hoje gostaria de continuar a aprofundar este aspecto, meditando brevemente convosco sobre alguns caminhos para chegar ao conhecimento de Deus. Contudo, gostaria de recordar que a iniciativa de Deus precede sempre todas as iniciativas do homem e, tamb\u00e9m no caminho rumo a Ele, \u00e9 Ele em primeiro lugar quem nos ilumina, orienta e guia, respeitando sempre a nossa liberdade. E \u00e9 sempre Ele quem nos faz entrar na sua intimidade, revelando-se e doando-nos a gra\u00e7a para poder acolher esta revela\u00e7\u00e3o na f\u00e9. Nunca esque\u00e7amos a experi\u00eancia de santo Agostinho: n\u00e3o somos n\u00f3s que possu\u00edmos a Verdade depois de a termos procurado, mas \u00e9 a Verdade que nos procura e nos possui.<\/span><\/p>\n<p>Todavia, h\u00e1 caminhos que podem abrir o cora\u00e7\u00e3o do homem ao conhecimento de Deus, sinais que conduzem para Deus. Certamente, com frequ\u00eancia corremos o risco de sermos ofuscados pelo cintilar da vida mundana, que nos torna menos capazes de percorrer tais caminhos ou de ler tais sinais. Contudo, Deus n\u00e3o se cansa de nos procurar, \u00e9 fiel ao homem que criou e salvou, permanece pr\u00f3ximo da nossa vida, porque nos ama. Esta \u00e9 uma certeza que nos deve acompanhar todos os dias, mesmo se determinadas mentalidades difundidas dificultam que a Igreja e o crist\u00e3o comuniquem a alegria do Evangelho a cada criatura e levem todos ao encontro com Jesus, \u00fanico Salvador do mundo. Todavia, esta \u00e9 a nossa miss\u00e3o, \u00e9 a miss\u00e3o da Igreja e todos os crentes devem viv\u00ea-la jubilosamente, sentindo-a como pr\u00f3pria, atrav\u00e9s de uma exist\u00eancia animada verdadeiramente pela f\u00e9, marcada pela caridade, pelo servi\u00e7o a Deus e aos outros, e capaz de irradiar esperan\u00e7a. Esta miss\u00e3o resplandece sobretudo na santidade para a qual todos somos chamados.<\/span><\/p>\n<p>Hoje \u2014 sabemo-lo \u2014 n\u00e3o faltam dificuldades e prova\u00e7\u00f5es para a f\u00e9, frequentemente pouco compreendida, contestada e rejeitada. S\u00e3o Pedro dizia aos seus crist\u00e3os: \u00abEstai sempre prontos a responder, para a vossa defesa, com do\u00e7ura e respeito, a todo aquele que vos perguntar a raz\u00e3o da vossa esperan\u00e7a\u00bb (1 Pd 3, 15). No passado, no Ocidente, numa sociedade considerada crist\u00e3, a f\u00e9 era o \u00e2mbito no qual ela se movia; a refer\u00eancia e a ades\u00e3o a Deus eram, para a maioria das pessoas, parte da vida quotidiana. Ao contr\u00e1rio, era quem n\u00e3o acreditava que devia justificar a pr\u00f3pria incredulidade. No nosso mundo a situa\u00e7\u00e3o mudou e cada vez mais o crente deve ser capaz de dizer a raz\u00e3o da sua f\u00e9. O beato Jo\u00e3o Paulo II, na Enc\u00edclica Fides et ratio, real\u00e7ava o modo como a f\u00e9 \u00e9 posta \u00e0 prova tamb\u00e9m na \u00e9poca contempor\u00e2nea, atravessada por formas s\u00fabtis e capciosas de ate\u00edsmo te\u00f3rico e pr\u00e1tico (cf. nn. 46-47). A partir do Iluminismo, a cr\u00edtica \u00e0 religi\u00e3o intensificou-se; a hist\u00f3ria foi marcada tamb\u00e9m pela presen\u00e7a de sistemas ateus, nos quais Deus era considerado uma mera projec\u00e7\u00e3o do \u00e2nimo humano, uma ilus\u00e3o e o produto de uma sociedade j\u00e1 alterada por tantas aliena\u00e7\u00f5es. Depois, o s\u00e9culo passado conheceu um forte processo de secularismo, sob a bandeira da autonomia absoluta do homem, considerado como medida e art\u00edfice da realidade, mas empobrecido do seu ser criatura \u00ab\u00e0 imagem e semelhan\u00e7a de Deus\u00bb. No nosso tempo verificou-se um fen\u00f3meno particularmente perigoso para a f\u00e9: de facto, existe uma forma de ate\u00edsmo que definimos \u00abpr\u00e1tico\u00bb, no qual n\u00e3o se negam as verdades da f\u00e9 ou os ritos religiosos, mas simplesmente se consideram irrelevantes para a exist\u00eancia quotidiana, destacadas da vida, in\u00fateis. Ent\u00e3o, com frequ\u00eancia, cremos em Deus de modo superficial, e vivemos \u00abcomo se Deus n\u00e3o existisse\u00bb (etsi Deus non daretur). Mas, no final este modo de viver resulta ainda mais destrutivo, porque leva \u00e0 indiferen\u00e7a \u00e0 f\u00e9 e \u00e0 quest\u00e3o de Deus.<\/span><\/p>\n<p>Na realidade, o homem separado de Deus reduz-se a uma s\u00f3 dimens\u00e3o, a horizontal, e precisamente este reducionismo \u00e9 uma das causas fundamentais dos totalitarismos que tiveram consequ\u00eancias tr\u00e1gicas no s\u00e9culo passado, assim como a crise de valores que vemos na realidade actual. Obscurecendo a refer\u00eancia a Deus obscureceu-se tamb\u00e9m o horizonte \u00e9tico, abrindo espa\u00e7o ao relativismo e confirmando-se uma concep\u00e7\u00e3o amb\u00edgua da liberdade que em vez de ser liberat\u00f3ria acaba por ligar o homem a \u00eddolos. As tenta\u00e7\u00f5es que Jesus enfrentou no deserto antes da sua miss\u00e3o p\u00fablica, representam bem aqueles \u00ab\u00eddolos\u00bb que fascinam o homem, quando n\u00e3o vai al\u00e9m de si mesmo. Se Deus perder a centralidade, o homem perde o seu justo lugar, e n\u00e3o encontra a sua coloca\u00e7\u00e3o na cria\u00e7\u00e3o, nas rela\u00e7\u00f5es com os outros. N\u00e3o se extinguiu o que a sabedoria antiga evoca com o mito de Prometeu: o homem pensa que pode tornar-se ele mesmo \u00abdeus\u00bb, dono da vida e da morte.<\/span><\/p>\n<p>Diante deste quadro, a Igreja, fiel ao mandato de Cristo, nunca cessa de afirmar a verdade sobre o homem e sobre o seu destino. O Conc\u00edlio Vaticano II afirma sinteticamente que: \u00abO aspecto mais sublime da dignidade humana encontra-se na voca\u00e7\u00e3o do homem \u00e0 uni\u00e3o com Deus. Come\u00e7a com a exist\u00eancia o convite que Deus dirige ao homem para dialogar com Ele: se o homem existe \u00e9 porque Deus o criou por amor e, por amor, n\u00e3o cessa de o conservar na exist\u00eancia; e o homem n\u00e3o vive plenamente segundo a verdade, se n\u00e3o reconhecer livremente este amor e n\u00e3o se entregar inteiramente ao seu criador\u00bb (Const. Gaudium et spes, 19).<\/span><\/p>\n<p>Ent\u00e3o, que respostas est\u00e1 a f\u00e9 chamada a dar, com \u00abdo\u00e7ura e respeito\u00bb, ao ate\u00edsmo, ao cepticismo, \u00e0 indiferen\u00e7a pela dimens\u00e3o vertical, para que o homem do nosso tempo possa continuar a interrogar-se sobre a exist\u00eancia de Deus e a percorrer os caminhos que levam a Ele? Gostaria de mencionar alguns caminhos, que derivam tanto da reflex\u00e3o natural, como da pr\u00f3pria for\u00e7a da f\u00e9. Gostaria de os resumir muito sinteticamente em tr\u00eas palavras: o mundo, o homem e a f\u00e9.<\/span><\/p>\n<p>A primeira: o mundo. Santo Agostinho, que na sua vida procurou a Verdade por muito tempo e foi arrebatado pela Verdade, escreveu uma p\u00e1gina lind\u00edssima e c\u00e9lebre, na qual disse: \u00abPerscruta a beleza da terra, do mar, do ar rarefeito e onde quer que se expanda; perscruta a beleza do c\u00e9u&#8230; e todas as realidades. Todas te responder\u00e3o: olha para n\u00f3s e v\u00ea como somos bonitas. A sua beleza \u00e9 como um hino de louvor. Ora, estas criaturas t\u00e3o bonitas, mas tamb\u00e9m mut\u00e1veis, quem as fez se n\u00e3o aquele que \u00e9 a beleza inalter\u00e1vel? (Sermo 241, 2: PL 38, 1134). Penso que devemos recuperar e fazer recuperar ao homem de hoje a capacidade de contemplar a cria\u00e7\u00e3o, a sua beleza, a sua estrutura. O mundo n\u00e3o \u00e9 um magma amorfo, mas quanto mais o conhecemos e descobrimos os seus mecanismos maravilhosos, tanto mais vemos um des\u00edgnio, vemos que existe uma intelig\u00eancia criadora. Albert Einstein disse que nas leis da natureza \u00abse revela uma raz\u00e3o t\u00e3o superior que toda a racionalidade do pensamento e dos ordenamentos humanos em compara\u00e7\u00e3o \u00e9 um reflexo absolutamente insignificante\u00bb (O Mundo como eu o vejo). Portanto, um primeiro caminho que leva \u00e0 descoberta de Deus \u00e9 a contempla\u00e7\u00e3o da cria\u00e7\u00e3o com um olhar atento.<\/span><\/p>\n<p>A segunda palavra: o homem. \u00c9 sempre de santo Agostinho a frase c\u00e9lebre com a qual diz que Deus \u00e9 mais \u00edntimo de mim de quanto eu o seja de mim mesmo (cf. Confiss\u00f5es III, 6, 11). A partir disto ele formulou o convite: \u00abN\u00e3o saias de ti mesmo, entra em ti mesmo: a verdade habita no homem interior\u00bb (De vera religione, 39, 72). Este \u00e9 outro aspecto que corremos o risco de perder no mundo ruidoso e dispersivo no qual vivemos: a capacidade de reflectir, de meditar em profundidade e de detectar aquela sede de infinito que trazemos no \u00edntimo, que nos impele a ir al\u00e9m e nos remete para Algu\u00e9m que a possa satisfazer. O Catecismo da Igreja Cat\u00f3lica afirma: \u00abCom a sua abertura \u00e0 verdade e \u00e0 beleza, com o seu sentido do bem moral, com a sua liberdade e a voz da sua consci\u00eancia, com a sua \u00e2nsia de infinito e de felicidade, o homem interroga-se sobre a exist\u00eancia de Deus\u00bb (n. 33).<\/span><\/p>\n<p>A terceira palavra: a f\u00e9. Sobretudo na realidade do nosso tempo, n\u00e3o devemos esquecer que um caminho que leva ao conhecimento e ao encontro com Deus \u00e9 a vida da f\u00e9. Quem cr\u00ea est\u00e1 unido a Deus, est\u00e1 aberto \u00e0 sua gra\u00e7a e \u00e0 for\u00e7a da caridade. Assim a sua exist\u00eancia torna-se testemunho n\u00e3o de si mesmo, mas do Ressuscitado, e a sua f\u00e9 n\u00e3o teme mostrar-se na vida quotidiana, est\u00e1 aberta ao di\u00e1logo que expressa profunda amizade pelo caminho de cada homem, e sabe dar esperan\u00e7a a necessidade de resgate, de felicidade e de futuro. De facto, a f\u00e9 \u00e9 encontro com Deus que fala e age na hist\u00f3ria e que converte a nossa vida di\u00e1ria, transformando a nossa mentalidade, ju\u00edzos de valor, escolhas e ac\u00e7\u00f5es concretas. N\u00e3o \u00e9 ilus\u00e3o, fuga da realidade, ref\u00fagio c\u00f3modo, sentimentalismo, mas \u00e9 participa\u00e7\u00e3o de toda a vida e \u00e9 an\u00fancio do Evangelho, Boa Nova capaz de libertar o homem todo. Um crist\u00e3o e uma comunidade que sejam activos e fi\u00e9is ao projecto de Deus que nos amou em primeiro lugar, constituem um caminho privilegiado para quantos vivem na indiferen\u00e7a e na d\u00favida acerca da sua exist\u00eancia e ac\u00e7\u00e3o. Contudo, isto exige que o testemunho de f\u00e9 de cada um se torne cada vez mais transparente, purificando a pr\u00f3pria vida para que esteja em conformidade com Cristo. Hoje muitos t\u00eam uma concep\u00e7\u00e3o limitada da f\u00e9 crist\u00e3 porque a identificam com um mero sistema de cren\u00e7a e de valores e n\u00e3o com a verdade de um Deus que se revelou na hist\u00f3ria, desejoso de comunicar intimamente com o homem, numa rela\u00e7\u00e3o de amor com ele. Na realidade, como fundamento de toda a doutrina e valor est\u00e1 o evento do encontro do homem com Deus em Jesus Cristo. O Cristianismo, antes de uma moral ou de uma \u00e9tica, \u00e9 o acontecimento do amor, \u00e9 o acolhimento da pessoa de Jesus. Por isso o crist\u00e3o e as comunidades crist\u00e3s antes de mais devem olhar e fazer olhar para Cristo, o verdadeiro Caminho que leva a Deus.<\/span><em><\/p>\n<div style=\"text-align: right;\">Audi\u00eancia Geral de Bento XVI, Pra\u00e7a de S. Pedro, 14 de Novembro de 2012<br \/>\n<\/em><\/p>\n","protected":false},"excerpt":{"rendered":"<p>4. Os caminhos para chegar ao conhecimento de DeusAudi\u00eancia Geral de Bento XVI (14-11-2012)<\/p>\n","protected":false},"author":1,"featured_media":995,"comment_status":"open","ping_status":"open","sticky":false,"template":"","format":"standard","meta":{"site-sidebar-layout":"default","site-content-layout":"","ast-site-content-layout":"default","site-content-style":"default","site-sidebar-style":"default","ast-global-header-display":"","ast-banner-title-visibility":"","ast-main-header-display":"","ast-hfb-above-header-display":"","ast-hfb-below-header-display":"","ast-hfb-mobile-header-display":"","site-post-title":"","ast-breadcrumbs-content":"","ast-featured-img":"","footer-sml-layout":"","ast-disable-related-posts":"","theme-transparent-header-meta":"","adv-header-id-meta":"","stick-header-meta":"","header-above-stick-meta":"","header-main-stick-meta":"","header-below-stick-meta":"","astra-migrate-meta-layouts":"default","ast-page-background-enabled":"default","ast-page-background-meta":{"desktop":{"background-color":"var(--ast-global-color-5)","background-image":"","background-repeat":"repeat","background-position":"center center","background-size":"auto","background-attachment":"scroll","background-type":"","background-media":"","overlay-type":"","overlay-color":"","overlay-opacity":"","overlay-gradient":""},"tablet":{"background-color":"","background-image":"","background-repeat":"repeat","background-position":"center center","background-size":"auto","background-attachment":"scroll","background-type":"","background-media":"","overlay-type":"","overlay-color":"","overlay-opacity":"","overlay-gradient":""},"mobile":{"background-color":"","background-image":"","background-repeat":"repeat","background-position":"center center","background-size":"auto","background-attachment":"scroll","background-type":"","background-media":"","overlay-type":"","overlay-color":"","overlay-opacity":"","overlay-gradient":""}},"ast-content-background-meta":{"desktop":{"background-color":"var(--ast-global-color-4)","background-image":"","background-repeat":"repeat","background-position":"center center","background-size":"auto","background-attachment":"scroll","background-type":"","background-media":"","overlay-type":"","overlay-color":"","overlay-opacity":"","overlay-gradient":""},"tablet":{"background-color":"var(--ast-global-color-4)","background-image":"","background-repeat":"repeat","background-position":"center center","background-size":"auto","background-attachment":"scroll","background-type":"","background-media":"","overlay-type":"","overlay-color":"","overlay-opacity":"","overlay-gradient":""},"mobile":{"background-color":"var(--ast-global-color-4)","background-image":"","background-repeat":"repeat","background-position":"center center","background-size":"auto","background-attachment":"scroll","background-type":"","background-media":"","overlay-type":"","overlay-color":"","overlay-opacity":"","overlay-gradient":""}},"footnotes":""},"categories":[14],"tags":[],"class_list":["post-1014","post","type-post","status-publish","format-standard","has-post-thumbnail","hentry","category-papa-bento-xvi"],"yoast_head":"<!-- This site is optimized with the Yoast SEO plugin v27.4 - https:\/\/yoast.com\/product\/yoast-seo-wordpress\/ -->\n<title>Audi\u00eancia Geral de Bento XVI. 14-11-2012 - Paroquia de Queijas<\/title>\n<meta name=\"robots\" content=\"index, follow, max-snippet:-1, max-image-preview:large, max-video-preview:-1\" \/>\n<link rel=\"canonical\" href=\"https:\/\/paroquiaqueijas.net\/portal\/audiencia-geral-de-bento-xvi-14-11-2012\/\" \/>\n<meta property=\"og:locale\" content=\"pt_PT\" \/>\n<meta property=\"og:type\" content=\"article\" \/>\n<meta property=\"og:title\" content=\"Audi\u00eancia Geral de Bento XVI. 14-11-2012 - Paroquia de Queijas\" \/>\n<meta property=\"og:description\" content=\"4. Os caminhos para chegar ao conhecimento de DeusAudi\u00eancia Geral de Bento XVI (14-11-2012)\" \/>\n<meta property=\"og:url\" content=\"https:\/\/paroquiaqueijas.net\/portal\/audiencia-geral-de-bento-xvi-14-11-2012\/\" \/>\n<meta property=\"og:site_name\" content=\"Paroquia de Queijas\" \/>\n<meta property=\"article:publisher\" content=\"https:\/\/www.facebook.com\/paroquiaqueijas\/\" \/>\n<meta property=\"article:published_time\" content=\"2012-11-20T21:21:31+00:00\" \/>\n<meta property=\"article:modified_time\" content=\"2026-03-21T15:41:25+00:00\" \/>\n<meta property=\"og:image\" content=\"https:\/\/paroquiaqueijas.net\/portal\/wp-content\/uploads\/2012\/10\/AudPapal.jpg\" \/>\n\t<meta property=\"og:image:width\" content=\"772\" \/>\n\t<meta property=\"og:image:height\" content=\"137\" \/>\n\t<meta property=\"og:image:type\" content=\"image\/jpeg\" \/>\n<meta name=\"author\" content=\"Paroquia de Queijas\" \/>\n<meta name=\"twitter:card\" content=\"summary_large_image\" \/>\n<meta name=\"twitter:label1\" content=\"Escrito por\" \/>\n\t<meta name=\"twitter:data1\" content=\"Paroquia de Queijas\" \/>\n\t<meta name=\"twitter:label2\" content=\"Tempo estimado de leitura\" \/>\n\t<meta name=\"twitter:data2\" content=\"9 minutos\" \/>\n<script type=\"application\/ld+json\" class=\"yoast-schema-graph\">{\"@context\":\"https:\\\/\\\/schema.org\",\"@graph\":[{\"@type\":\"Article\",\"@id\":\"https:\\\/\\\/paroquiaqueijas.net\\\/portal\\\/audiencia-geral-de-bento-xvi-14-11-2012\\\/#article\",\"isPartOf\":{\"@id\":\"https:\\\/\\\/paroquiaqueijas.net\\\/portal\\\/audiencia-geral-de-bento-xvi-14-11-2012\\\/\"},\"author\":{\"name\":\"Paroquia de Queijas\",\"@id\":\"https:\\\/\\\/paroquiaqueijas.net\\\/portal\\\/#\\\/schema\\\/person\\\/07bb4cce216326e06b6f742b719ebec7\"},\"headline\":\"Audi\u00eancia Geral de Bento XVI. 14-11-2012\",\"datePublished\":\"2012-11-20T21:21:31+00:00\",\"dateModified\":\"2026-03-21T15:41:25+00:00\",\"mainEntityOfPage\":{\"@id\":\"https:\\\/\\\/paroquiaqueijas.net\\\/portal\\\/audiencia-geral-de-bento-xvi-14-11-2012\\\/\"},\"wordCount\":1853,\"commentCount\":0,\"publisher\":{\"@id\":\"https:\\\/\\\/paroquiaqueijas.net\\\/portal\\\/#organization\"},\"image\":{\"@id\":\"https:\\\/\\\/paroquiaqueijas.net\\\/portal\\\/audiencia-geral-de-bento-xvi-14-11-2012\\\/#primaryimage\"},\"thumbnailUrl\":\"https:\\\/\\\/paroquiaqueijas.net\\\/portal\\\/wp-content\\\/uploads\\\/2012\\\/10\\\/AudPapal.jpg\",\"articleSection\":[\"Papa Bento XVI\"],\"inLanguage\":\"pt-PT\",\"potentialAction\":[{\"@type\":\"CommentAction\",\"name\":\"Comment\",\"target\":[\"https:\\\/\\\/paroquiaqueijas.net\\\/portal\\\/audiencia-geral-de-bento-xvi-14-11-2012\\\/#respond\"]}]},{\"@type\":\"WebPage\",\"@id\":\"https:\\\/\\\/paroquiaqueijas.net\\\/portal\\\/audiencia-geral-de-bento-xvi-14-11-2012\\\/\",\"url\":\"https:\\\/\\\/paroquiaqueijas.net\\\/portal\\\/audiencia-geral-de-bento-xvi-14-11-2012\\\/\",\"name\":\"Audi\u00eancia Geral de Bento XVI. 14-11-2012 - Paroquia de Queijas\",\"isPartOf\":{\"@id\":\"https:\\\/\\\/paroquiaqueijas.net\\\/portal\\\/#website\"},\"primaryImageOfPage\":{\"@id\":\"https:\\\/\\\/paroquiaqueijas.net\\\/portal\\\/audiencia-geral-de-bento-xvi-14-11-2012\\\/#primaryimage\"},\"image\":{\"@id\":\"https:\\\/\\\/paroquiaqueijas.net\\\/portal\\\/audiencia-geral-de-bento-xvi-14-11-2012\\\/#primaryimage\"},\"thumbnailUrl\":\"https:\\\/\\\/paroquiaqueijas.net\\\/portal\\\/wp-content\\\/uploads\\\/2012\\\/10\\\/AudPapal.jpg\",\"datePublished\":\"2012-11-20T21:21:31+00:00\",\"dateModified\":\"2026-03-21T15:41:25+00:00\",\"breadcrumb\":{\"@id\":\"https:\\\/\\\/paroquiaqueijas.net\\\/portal\\\/audiencia-geral-de-bento-xvi-14-11-2012\\\/#breadcrumb\"},\"inLanguage\":\"pt-PT\",\"potentialAction\":[{\"@type\":\"ReadAction\",\"target\":[\"https:\\\/\\\/paroquiaqueijas.net\\\/portal\\\/audiencia-geral-de-bento-xvi-14-11-2012\\\/\"]}]},{\"@type\":\"ImageObject\",\"inLanguage\":\"pt-PT\",\"@id\":\"https:\\\/\\\/paroquiaqueijas.net\\\/portal\\\/audiencia-geral-de-bento-xvi-14-11-2012\\\/#primaryimage\",\"url\":\"https:\\\/\\\/paroquiaqueijas.net\\\/portal\\\/wp-content\\\/uploads\\\/2012\\\/10\\\/AudPapal.jpg\",\"contentUrl\":\"https:\\\/\\\/paroquiaqueijas.net\\\/portal\\\/wp-content\\\/uploads\\\/2012\\\/10\\\/AudPapal.jpg\",\"width\":772,\"height\":137,\"caption\":\"AudPapal\"},{\"@type\":\"BreadcrumbList\",\"@id\":\"https:\\\/\\\/paroquiaqueijas.net\\\/portal\\\/audiencia-geral-de-bento-xvi-14-11-2012\\\/#breadcrumb\",\"itemListElement\":[{\"@type\":\"ListItem\",\"position\":1,\"name\":\"In\u00edcio\",\"item\":\"https:\\\/\\\/paroquiaqueijas.net\\\/portal\\\/\"},{\"@type\":\"ListItem\",\"position\":2,\"name\":\"Audi\u00eancia Geral de Bento XVI. 14-11-2012\"}]},{\"@type\":\"WebSite\",\"@id\":\"https:\\\/\\\/paroquiaqueijas.net\\\/portal\\\/#website\",\"url\":\"https:\\\/\\\/paroquiaqueijas.net\\\/portal\\\/\",\"name\":\"Paroquia de Queijas\",\"description\":\"\",\"publisher\":{\"@id\":\"https:\\\/\\\/paroquiaqueijas.net\\\/portal\\\/#organization\"},\"potentialAction\":[{\"@type\":\"SearchAction\",\"target\":{\"@type\":\"EntryPoint\",\"urlTemplate\":\"https:\\\/\\\/paroquiaqueijas.net\\\/portal\\\/?s={search_term_string}\"},\"query-input\":{\"@type\":\"PropertyValueSpecification\",\"valueRequired\":true,\"valueName\":\"search_term_string\"}}],\"inLanguage\":\"pt-PT\"},{\"@type\":\"Organization\",\"@id\":\"https:\\\/\\\/paroquiaqueijas.net\\\/portal\\\/#organization\",\"name\":\"Paroquia de Queijas\",\"url\":\"https:\\\/\\\/paroquiaqueijas.net\\\/portal\\\/\",\"logo\":{\"@type\":\"ImageObject\",\"inLanguage\":\"pt-PT\",\"@id\":\"https:\\\/\\\/paroquiaqueijas.net\\\/portal\\\/#\\\/schema\\\/logo\\\/image\\\/\",\"url\":\"https:\\\/\\\/paroquiaqueijas.net\\\/portal\\\/wp-content\\\/uploads\\\/2026\\\/03\\\/LogoQueijas_novo.png\",\"contentUrl\":\"https:\\\/\\\/paroquiaqueijas.net\\\/portal\\\/wp-content\\\/uploads\\\/2026\\\/03\\\/LogoQueijas_novo.png\",\"width\":520,\"height\":519,\"caption\":\"Paroquia de Queijas\"},\"image\":{\"@id\":\"https:\\\/\\\/paroquiaqueijas.net\\\/portal\\\/#\\\/schema\\\/logo\\\/image\\\/\"},\"sameAs\":[\"https:\\\/\\\/www.facebook.com\\\/paroquiaqueijas\\\/\"]},{\"@type\":\"Person\",\"@id\":\"https:\\\/\\\/paroquiaqueijas.net\\\/portal\\\/#\\\/schema\\\/person\\\/07bb4cce216326e06b6f742b719ebec7\",\"name\":\"Paroquia de Queijas\",\"image\":{\"@type\":\"ImageObject\",\"inLanguage\":\"pt-PT\",\"@id\":\"https:\\\/\\\/secure.gravatar.com\\\/avatar\\\/5054571ff5d2454cd50657fc4e61d0c32d7a5d0d3b36ef6c0f6e269276d13618?s=96&d=mm&r=g\",\"url\":\"https:\\\/\\\/secure.gravatar.com\\\/avatar\\\/5054571ff5d2454cd50657fc4e61d0c32d7a5d0d3b36ef6c0f6e269276d13618?s=96&d=mm&r=g\",\"contentUrl\":\"https:\\\/\\\/secure.gravatar.com\\\/avatar\\\/5054571ff5d2454cd50657fc4e61d0c32d7a5d0d3b36ef6c0f6e269276d13618?s=96&d=mm&r=g\",\"caption\":\"Paroquia de Queijas\"},\"sameAs\":[\"https:\\\/\\\/paroquiaqueijas.net\\\/site\"],\"url\":\"https:\\\/\\\/paroquiaqueijas.net\\\/portal\\\/author\\\/admin1\\\/\"}]}<\/script>\n<!-- \/ Yoast SEO plugin. -->","yoast_head_json":{"title":"Audi\u00eancia Geral de Bento XVI. 14-11-2012 - Paroquia de Queijas","robots":{"index":"index","follow":"follow","max-snippet":"max-snippet:-1","max-image-preview":"max-image-preview:large","max-video-preview":"max-video-preview:-1"},"canonical":"https:\/\/paroquiaqueijas.net\/portal\/audiencia-geral-de-bento-xvi-14-11-2012\/","og_locale":"pt_PT","og_type":"article","og_title":"Audi\u00eancia Geral de Bento XVI. 14-11-2012 - Paroquia de Queijas","og_description":"4. Os caminhos para chegar ao conhecimento de DeusAudi\u00eancia Geral de Bento XVI (14-11-2012)","og_url":"https:\/\/paroquiaqueijas.net\/portal\/audiencia-geral-de-bento-xvi-14-11-2012\/","og_site_name":"Paroquia de Queijas","article_publisher":"https:\/\/www.facebook.com\/paroquiaqueijas\/","article_published_time":"2012-11-20T21:21:31+00:00","article_modified_time":"2026-03-21T15:41:25+00:00","og_image":[{"width":772,"height":137,"url":"https:\/\/paroquiaqueijas.net\/portal\/wp-content\/uploads\/2012\/10\/AudPapal.jpg","type":"image\/jpeg"}],"author":"Paroquia de Queijas","twitter_card":"summary_large_image","twitter_misc":{"Escrito por":"Paroquia de Queijas","Tempo estimado de leitura":"9 minutos"},"schema":{"@context":"https:\/\/schema.org","@graph":[{"@type":"Article","@id":"https:\/\/paroquiaqueijas.net\/portal\/audiencia-geral-de-bento-xvi-14-11-2012\/#article","isPartOf":{"@id":"https:\/\/paroquiaqueijas.net\/portal\/audiencia-geral-de-bento-xvi-14-11-2012\/"},"author":{"name":"Paroquia de Queijas","@id":"https:\/\/paroquiaqueijas.net\/portal\/#\/schema\/person\/07bb4cce216326e06b6f742b719ebec7"},"headline":"Audi\u00eancia Geral de Bento XVI. 14-11-2012","datePublished":"2012-11-20T21:21:31+00:00","dateModified":"2026-03-21T15:41:25+00:00","mainEntityOfPage":{"@id":"https:\/\/paroquiaqueijas.net\/portal\/audiencia-geral-de-bento-xvi-14-11-2012\/"},"wordCount":1853,"commentCount":0,"publisher":{"@id":"https:\/\/paroquiaqueijas.net\/portal\/#organization"},"image":{"@id":"https:\/\/paroquiaqueijas.net\/portal\/audiencia-geral-de-bento-xvi-14-11-2012\/#primaryimage"},"thumbnailUrl":"https:\/\/paroquiaqueijas.net\/portal\/wp-content\/uploads\/2012\/10\/AudPapal.jpg","articleSection":["Papa Bento XVI"],"inLanguage":"pt-PT","potentialAction":[{"@type":"CommentAction","name":"Comment","target":["https:\/\/paroquiaqueijas.net\/portal\/audiencia-geral-de-bento-xvi-14-11-2012\/#respond"]}]},{"@type":"WebPage","@id":"https:\/\/paroquiaqueijas.net\/portal\/audiencia-geral-de-bento-xvi-14-11-2012\/","url":"https:\/\/paroquiaqueijas.net\/portal\/audiencia-geral-de-bento-xvi-14-11-2012\/","name":"Audi\u00eancia Geral de Bento XVI. 14-11-2012 - Paroquia de Queijas","isPartOf":{"@id":"https:\/\/paroquiaqueijas.net\/portal\/#website"},"primaryImageOfPage":{"@id":"https:\/\/paroquiaqueijas.net\/portal\/audiencia-geral-de-bento-xvi-14-11-2012\/#primaryimage"},"image":{"@id":"https:\/\/paroquiaqueijas.net\/portal\/audiencia-geral-de-bento-xvi-14-11-2012\/#primaryimage"},"thumbnailUrl":"https:\/\/paroquiaqueijas.net\/portal\/wp-content\/uploads\/2012\/10\/AudPapal.jpg","datePublished":"2012-11-20T21:21:31+00:00","dateModified":"2026-03-21T15:41:25+00:00","breadcrumb":{"@id":"https:\/\/paroquiaqueijas.net\/portal\/audiencia-geral-de-bento-xvi-14-11-2012\/#breadcrumb"},"inLanguage":"pt-PT","potentialAction":[{"@type":"ReadAction","target":["https:\/\/paroquiaqueijas.net\/portal\/audiencia-geral-de-bento-xvi-14-11-2012\/"]}]},{"@type":"ImageObject","inLanguage":"pt-PT","@id":"https:\/\/paroquiaqueijas.net\/portal\/audiencia-geral-de-bento-xvi-14-11-2012\/#primaryimage","url":"https:\/\/paroquiaqueijas.net\/portal\/wp-content\/uploads\/2012\/10\/AudPapal.jpg","contentUrl":"https:\/\/paroquiaqueijas.net\/portal\/wp-content\/uploads\/2012\/10\/AudPapal.jpg","width":772,"height":137,"caption":"AudPapal"},{"@type":"BreadcrumbList","@id":"https:\/\/paroquiaqueijas.net\/portal\/audiencia-geral-de-bento-xvi-14-11-2012\/#breadcrumb","itemListElement":[{"@type":"ListItem","position":1,"name":"In\u00edcio","item":"https:\/\/paroquiaqueijas.net\/portal\/"},{"@type":"ListItem","position":2,"name":"Audi\u00eancia Geral de Bento XVI. 14-11-2012"}]},{"@type":"WebSite","@id":"https:\/\/paroquiaqueijas.net\/portal\/#website","url":"https:\/\/paroquiaqueijas.net\/portal\/","name":"Paroquia de Queijas","description":"","publisher":{"@id":"https:\/\/paroquiaqueijas.net\/portal\/#organization"},"potentialAction":[{"@type":"SearchAction","target":{"@type":"EntryPoint","urlTemplate":"https:\/\/paroquiaqueijas.net\/portal\/?s={search_term_string}"},"query-input":{"@type":"PropertyValueSpecification","valueRequired":true,"valueName":"search_term_string"}}],"inLanguage":"pt-PT"},{"@type":"Organization","@id":"https:\/\/paroquiaqueijas.net\/portal\/#organization","name":"Paroquia de Queijas","url":"https:\/\/paroquiaqueijas.net\/portal\/","logo":{"@type":"ImageObject","inLanguage":"pt-PT","@id":"https:\/\/paroquiaqueijas.net\/portal\/#\/schema\/logo\/image\/","url":"https:\/\/paroquiaqueijas.net\/portal\/wp-content\/uploads\/2026\/03\/LogoQueijas_novo.png","contentUrl":"https:\/\/paroquiaqueijas.net\/portal\/wp-content\/uploads\/2026\/03\/LogoQueijas_novo.png","width":520,"height":519,"caption":"Paroquia de Queijas"},"image":{"@id":"https:\/\/paroquiaqueijas.net\/portal\/#\/schema\/logo\/image\/"},"sameAs":["https:\/\/www.facebook.com\/paroquiaqueijas\/"]},{"@type":"Person","@id":"https:\/\/paroquiaqueijas.net\/portal\/#\/schema\/person\/07bb4cce216326e06b6f742b719ebec7","name":"Paroquia de Queijas","image":{"@type":"ImageObject","inLanguage":"pt-PT","@id":"https:\/\/secure.gravatar.com\/avatar\/5054571ff5d2454cd50657fc4e61d0c32d7a5d0d3b36ef6c0f6e269276d13618?s=96&d=mm&r=g","url":"https:\/\/secure.gravatar.com\/avatar\/5054571ff5d2454cd50657fc4e61d0c32d7a5d0d3b36ef6c0f6e269276d13618?s=96&d=mm&r=g","contentUrl":"https:\/\/secure.gravatar.com\/avatar\/5054571ff5d2454cd50657fc4e61d0c32d7a5d0d3b36ef6c0f6e269276d13618?s=96&d=mm&r=g","caption":"Paroquia de Queijas"},"sameAs":["https:\/\/paroquiaqueijas.net\/site"],"url":"https:\/\/paroquiaqueijas.net\/portal\/author\/admin1\/"}]}},"_links":{"self":[{"href":"https:\/\/paroquiaqueijas.net\/portal\/wp-json\/wp\/v2\/posts\/1014","targetHints":{"allow":["GET"]}}],"collection":[{"href":"https:\/\/paroquiaqueijas.net\/portal\/wp-json\/wp\/v2\/posts"}],"about":[{"href":"https:\/\/paroquiaqueijas.net\/portal\/wp-json\/wp\/v2\/types\/post"}],"author":[{"embeddable":true,"href":"https:\/\/paroquiaqueijas.net\/portal\/wp-json\/wp\/v2\/users\/1"}],"replies":[{"embeddable":true,"href":"https:\/\/paroquiaqueijas.net\/portal\/wp-json\/wp\/v2\/comments?post=1014"}],"version-history":[{"count":1,"href":"https:\/\/paroquiaqueijas.net\/portal\/wp-json\/wp\/v2\/posts\/1014\/revisions"}],"predecessor-version":[{"id":2603,"href":"https:\/\/paroquiaqueijas.net\/portal\/wp-json\/wp\/v2\/posts\/1014\/revisions\/2603"}],"wp:featuredmedia":[{"embeddable":true,"href":"https:\/\/paroquiaqueijas.net\/portal\/wp-json\/wp\/v2\/media\/995"}],"wp:attachment":[{"href":"https:\/\/paroquiaqueijas.net\/portal\/wp-json\/wp\/v2\/media?parent=1014"}],"wp:term":[{"taxonomy":"category","embeddable":true,"href":"https:\/\/paroquiaqueijas.net\/portal\/wp-json\/wp\/v2\/categories?post=1014"},{"taxonomy":"post_tag","embeddable":true,"href":"https:\/\/paroquiaqueijas.net\/portal\/wp-json\/wp\/v2\/tags?post=1014"}],"curies":[{"name":"wp","href":"https:\/\/api.w.org\/{rel}","templated":true}]}}