{"id":1020,"date":"2012-11-25T21:10:59","date_gmt":"2012-11-25T21:10:59","guid":{"rendered":"https:\/\/paroquiaqueijas.net\/site\/?p=1020"},"modified":"2026-03-21T15:41:25","modified_gmt":"2026-03-21T15:41:25","slug":"sema-social-2012-porto","status":"publish","type":"post","link":"https:\/\/paroquiaqueijas.net\/portal\/sema-social-2012-porto\/","title":{"rendered":"Semana Social 2012 &#8211; Porto"},"content":{"rendered":"<p><strong>Comunicado Final da Semana Social 2012<a target=\"_blank\" title=\"semana social 2012\" href=\"https:\/\/paroquiaqueijas.net\/portal\/wp-content\/uploads\/2012\/11\/semana_social2012.jpg\"><img decoding=\"async\" style=\"margin: 0px 0px 0px 8px; float: right;\" alt=\"semana_social2012\" src=\"https:\/\/paroquiaqueijas.net\/portal\/wp-content\/uploads\/2012\/11\/semana_social2012.jpg\" height=\"105\" width=\"150\" \/><\/a><\/strong><\/span><br \/>\nA Semana Social do Porto, em 2012, procedeu a uma reflex\u00e3o sobre os desafios actuais ao Estado Social e \u00e0 Sociedade Solid\u00e1ria. <\/span><\/p>\n<p><!--more--><\/p>\n<p>A Igreja assume a necessidade de encontrar sinais e iniciativas de esperan\u00e7a que se contraponham \u00e0 crise, propondo uma mais eficiente partilha de recursos, uma justi\u00e7a fiscal equitativa e uma avalia\u00e7\u00e3o rigorosa dos servi\u00e7os p\u00fablicos. O Estado Social deve ser discutido e pensado n\u00e3o por urg\u00eancias financeiras, mas de modo a corresponder \u00e0s exig\u00eancias da coes\u00e3o econ\u00f3mica e social, da justi\u00e7a e da dignidade humana.<\/span><\/p>\n<p>Como disse o Bispo do Porto, D. Manuel Clemente: &#8220;Foram sociedades solid\u00e1rias que se constitu\u00edram em Estados sociais. [&#8230;] Antes, logicamente antes, do Estado social est\u00e1 a sociedade solid\u00e1ria, que o precede, alimenta e extravasa.&#8221; <a target=\"_blank\" title=\"D. Manuel Clemente\" href=\"https:\/\/paroquiaqueijas.net\/portal\/wp-content\/uploads\/2012\/11\/DManuelSS.jpg\"><img decoding=\"async\" style=\"margin: 0px 0px 0px 8px; float: right;\" alt=\"DManuelSS\" src=\"https:\/\/paroquiaqueijas.net\/portal\/wp-content\/uploads\/2012\/11\/DManuelSS.jpg\" height=\"254\" width=\"190\" \/><\/a>Nascido na revolu\u00e7\u00e3o industrial e depois dos tr\u00e1gicos conflitos mundiais do S\u00e9c. XX, o Estado Social tem de ser visto nas sociedades desenvolvidas contempor\u00e2neas sob a influ\u00eancia da quest\u00e3o demogr\u00e1fica, da quebra de taxas de natalidade e do envelhecimento da popula\u00e7\u00e3o. Neste sentido, o Estado Social reporta-se \u00e0 sociedade toda, uma vez que tem a ver com a cria\u00e7\u00e3o e consolida\u00e7\u00e3o de condi\u00e7\u00f5es de coes\u00e3o e de confian\u00e7a entre todos.<\/span><\/p>\n<p>A Doutrina Social da Igreja tem alertado para a necessidade de encontrar respostas que permitam uma articula\u00e7\u00e3o efectiva entre o Estado e as iniciativas solid\u00e1rias. A reforma do Estado Social tem, assim, de se basear: na protec\u00e7\u00e3o de todos os cidad\u00e3os, no equil\u00edbrio entre a livre iniciativa e a igual considera\u00e7\u00e3o de todos, no entendimento do destino universal dos bens da Terra, na dignidade do trabalho e na promo\u00e7\u00e3o do emprego, na justi\u00e7a distributiva entre grupos sociais e gera\u00e7\u00f5es, na complementaridade entre igualdade e diferen\u00e7a, na subsidiariedade e na participa\u00e7\u00e3o de todos. Como afirma S.S. o Papa Bento XVI, na Enc\u00edclica Caritas in Veritate: &#8220;O bin\u00f3mio exclusivo mercado-Estado corr\u00f3i a sociabilidade, enquanto as formas econ\u00f3micas solid\u00e1rias, que encontram o seu melhor terreno na sociedade civil, sem no entanto se reduzir a ela, criam sociabilidade&#8221; (n\u00ba 39).<\/span><\/p>\n<p>Assim, n\u00e3o podemos deixar na penumbra o tema do desemprego estrutural e da preserva\u00e7\u00e3o do trabalho humano. A economia para as pessoas exige a dignifica\u00e7\u00e3o do trabalho e a promo\u00e7\u00e3o do emprego em condi\u00e7\u00f5es de igualdade e justi\u00e7a, devendo romper-se o ciclo vicioso que considera a pobreza como inevit\u00e1vel e a desigualdade como uma fatalidade. Deste modo, imp\u00f5em-se assegurar a solidariedade entre pessoas e gera\u00e7\u00f5es e nesse sentido houve a apresenta\u00e7\u00e3o de iniciativas assentes em redes de proximidade, na criatividade e na inova\u00e7\u00e3o social, na responsabilidade das fam\u00edlias e das comunidades, designadamente perante os desafios do envelhecimento e da solid\u00e3o. Importa encontrar novos estilos de vida, capazes de articular sobriedade e desenvolvimento. A reforma do Estado Social n\u00e3o pode esquecer a assump\u00e7\u00e3o concreta dos riscos sociais e a compatibiliza\u00e7\u00e3o da sustentabilidade financeira e da justi\u00e7a distributiva, importando romper o descontrolo do endividamento e p\u00f4r cobro \u00e0 escalada do desperd\u00edcio e da destrui\u00e7\u00e3o do meio ambiente.<\/span><\/p>\n<p>Do que se trata \u00e9 de considerar princ\u00edpios de \u00e9tica p\u00fablica que ponham a dignidade da pessoa humana no centro da vida pol\u00edtica, social e econ\u00f3mica. Como afirmou Luciano Manicardi &#8220;longe de representarem duas dimens\u00f5es opostas, justi\u00e7a e caridade podem e devem encontrar-se: a justi\u00e7a \u00e9 o rosto social da caridade&#8221;.<\/span><\/p>\n<p>A seguran\u00e7a social, a educa\u00e7\u00e3o, o servi\u00e7o nacional de sa\u00fade s\u00e3o responsabilidades inerentes \u00e0 defesa do bem comum e \u00e0 salvaguarda da protec\u00e7\u00e3o de todos. A no\u00e7\u00e3o de servi\u00e7o p\u00fablico n\u00e3o \u00e9 confund\u00edvel com a ac\u00e7\u00e3o do Estado, pelo que o Estado de direito deve fortalecer-se e consolidar-se atrav\u00e9s de iniciativas sociais aut\u00f3nomas. A justi\u00e7a distributiva tem de se ligar \u00e0 ideia de diferencia\u00e7\u00e3o positiva, que n\u00e3o pode confundir-se com assistencialismo, uma vez que os mais carenciados s\u00e3o os que necessitam de mais apoios.<\/span><\/p>\n<p>O valor da poupan\u00e7a e do trabalho t\u00eam de ser incentivados, <a target=\"_blank\" title=\"Sema Social 2012 - Porto\" href=\"https:\/\/paroquiaqueijas.net\/portal\/wp-content\/uploads\/2012\/11\/semana_social.jpg\"><img decoding=\"async\" style=\"margin: 0px 0px 0px 8px; float: right;\" alt=\"semana_social\" src=\"https:\/\/paroquiaqueijas.net\/portal\/wp-content\/uploads\/2012\/11\/semana_social.jpg\" height=\"142\" width=\"200\" \/><\/a>por contraponto ao endividamento e em defesa da equidade. As desigualdades sociais, a pobreza e a exclus\u00e3o devem ser contrariadas atrav\u00e9s de instrumentos p\u00fablicos e de iniciativas solid\u00e1rias, atrav\u00e9s do sistema fiscal, da subsidiariedade e da cidadania activa.<\/span><\/p>\n<p>Nestes termos, os crist\u00e3os s\u00e3o chamados a viver a caridade na verdade, o que reclama uma pr\u00e1tica verdadeiramente humana, uma ac\u00e7\u00e3o de proximidade e o compromisso com a justi\u00e7a. Para tal, importa que os crist\u00e3os se interessem, estudem e aprofundem a Doutrina Social da Igreja, nas fam\u00edlias e comunidades, para que possam fazer a leitura das realidades de cada momento \u00e0 luz dessa doutrina, que tem o m\u00e9rito de ser transversal e aplic\u00e1vel a todas as fam\u00edlias pol\u00edticas.<\/span><\/p>\n<p>Neste Ano da F\u00e9, a Semana Social Porto 2012 afirma que h\u00e1 uma esperan\u00e7a crist\u00e3 que tem de ser princ\u00edpio e crit\u00e9rio que, sobretudo em tempo de crise, cabe aos crist\u00e3os inscrever na organiza\u00e7\u00e3o social e na participa\u00e7\u00e3o pol\u00edtica.<\/span><\/p>\n","protected":false},"excerpt":{"rendered":"<p>Comunicado Final da Semana Social 2012 A Semana Social do Porto, em 2012, procedeu a uma reflex\u00e3o sobre os desafios [&hellip;]<\/p>\n","protected":false},"author":1,"featured_media":1017,"comment_status":"open","ping_status":"open","sticky":false,"template":"","format":"standard","meta":{"site-sidebar-layout":"default","site-content-layout":"","ast-site-content-layout":"default","site-content-style":"default","site-sidebar-style":"default","ast-global-header-display":"","ast-banner-title-visibility":"","ast-main-header-display":"","ast-hfb-above-header-display":"","ast-hfb-below-header-display":"","ast-hfb-mobile-header-display":"","site-post-title":"","ast-breadcrumbs-content":"","ast-featured-img":"","footer-sml-layout":"","ast-disable-related-posts":"","theme-transparent-header-meta":"","adv-header-id-meta":"","stick-header-meta":"","header-above-stick-meta":"","header-main-stick-meta":"","header-below-stick-meta":"","astra-migrate-meta-layouts":"default","ast-page-background-enabled":"default","ast-page-background-meta":{"desktop":{"background-color":"var(--ast-global-color-5)","background-image":"","background-repeat":"repeat","background-position":"center center","background-size":"auto","background-attachment":"scroll","background-type":"","background-media":"","overlay-type":"","overlay-color":"","overlay-opacity":"","overlay-gradient":""},"tablet":{"background-color":"","background-image":"","background-repeat":"repeat","background-position":"center center","background-size":"auto","background-attachment":"scroll","background-type":"","background-media":"","overlay-type":"","overlay-color":"","overlay-opacity":"","overlay-gradient":""},"mobile":{"background-color":"","background-image":"","background-repeat":"repeat","background-position":"center center","background-size":"auto","background-attachment":"scroll","background-type":"","background-media":"","overlay-type":"","overlay-color":"","overlay-opacity":"","overlay-gradient":""}},"ast-content-background-meta":{"desktop":{"background-color":"var(--ast-global-color-4)","background-image":"","background-repeat":"repeat","background-position":"center center","background-size":"auto","background-attachment":"scroll","background-type":"","background-media":"","overlay-type":"","overlay-color":"","overlay-opacity":"","overlay-gradient":""},"tablet":{"background-color":"var(--ast-global-color-4)","background-image":"","background-repeat":"repeat","background-position":"center center","background-size":"auto","background-attachment":"scroll","background-type":"","background-media":"","overlay-type":"","overlay-color":"","overlay-opacity":"","overlay-gradient":""},"mobile":{"background-color":"var(--ast-global-color-4)","background-image":"","background-repeat":"repeat","background-position":"center center","background-size":"auto","background-attachment":"scroll","background-type":"","background-media":"","overlay-type":"","overlay-color":"","overlay-opacity":"","overlay-gradient":""}},"footnotes":""},"categories":[42],"tags":[],"class_list":["post-1020","post","type-post","status-publish","format-standard","has-post-thumbnail","hentry","category-espaco-eclesial"],"yoast_head":"<!-- This site is optimized with the Yoast SEO plugin v27.4 - https:\/\/yoast.com\/product\/yoast-seo-wordpress\/ -->\n<title>Semana Social 2012 - Porto - Paroquia de Queijas<\/title>\n<meta name=\"robots\" content=\"index, follow, max-snippet:-1, max-image-preview:large, max-video-preview:-1\" \/>\n<link rel=\"canonical\" href=\"https:\/\/paroquiaqueijas.net\/portal\/sema-social-2012-porto\/\" \/>\n<meta property=\"og:locale\" content=\"pt_PT\" \/>\n<meta property=\"og:type\" content=\"article\" \/>\n<meta property=\"og:title\" content=\"Semana Social 2012 - Porto - Paroquia de Queijas\" \/>\n<meta property=\"og:description\" content=\"Comunicado Final da Semana Social 2012 A Semana Social do Porto, em 2012, procedeu a uma reflex\u00e3o sobre os desafios [&hellip;]\" \/>\n<meta property=\"og:url\" content=\"https:\/\/paroquiaqueijas.net\/portal\/sema-social-2012-porto\/\" \/>\n<meta property=\"og:site_name\" content=\"Paroquia de Queijas\" \/>\n<meta property=\"article:publisher\" content=\"https:\/\/www.facebook.com\/paroquiaqueijas\/\" \/>\n<meta property=\"article:published_time\" content=\"2012-11-25T21:10:59+00:00\" \/>\n<meta property=\"article:modified_time\" content=\"2026-03-21T15:41:25+00:00\" \/>\n<meta property=\"og:image\" content=\"https:\/\/paroquiaqueijas.net\/portal\/wp-content\/uploads\/2012\/11\/semana_social2012.jpg\" \/>\n\t<meta property=\"og:image:width\" content=\"1202\" \/>\n\t<meta property=\"og:image:height\" content=\"845\" \/>\n\t<meta property=\"og:image:type\" content=\"image\/jpeg\" \/>\n<meta name=\"author\" content=\"Paroquia de Queijas\" \/>\n<meta name=\"twitter:card\" content=\"summary_large_image\" \/>\n<meta name=\"twitter:label1\" content=\"Escrito por\" \/>\n\t<meta name=\"twitter:data1\" content=\"Paroquia de Queijas\" \/>\n\t<meta name=\"twitter:label2\" content=\"Tempo estimado de leitura\" \/>\n\t<meta name=\"twitter:data2\" content=\"4 minutos\" \/>\n<script type=\"application\/ld+json\" class=\"yoast-schema-graph\">{\"@context\":\"https:\\\/\\\/schema.org\",\"@graph\":[{\"@type\":\"Article\",\"@id\":\"https:\\\/\\\/paroquiaqueijas.net\\\/portal\\\/sema-social-2012-porto\\\/#article\",\"isPartOf\":{\"@id\":\"https:\\\/\\\/paroquiaqueijas.net\\\/portal\\\/sema-social-2012-porto\\\/\"},\"author\":{\"name\":\"Paroquia de Queijas\",\"@id\":\"https:\\\/\\\/paroquiaqueijas.net\\\/portal\\\/#\\\/schema\\\/person\\\/07bb4cce216326e06b6f742b719ebec7\"},\"headline\":\"Semana Social 2012 &#8211; Porto\",\"datePublished\":\"2012-11-25T21:10:59+00:00\",\"dateModified\":\"2026-03-21T15:41:25+00:00\",\"mainEntityOfPage\":{\"@id\":\"https:\\\/\\\/paroquiaqueijas.net\\\/portal\\\/sema-social-2012-porto\\\/\"},\"wordCount\":894,\"commentCount\":0,\"publisher\":{\"@id\":\"https:\\\/\\\/paroquiaqueijas.net\\\/portal\\\/#organization\"},\"image\":{\"@id\":\"https:\\\/\\\/paroquiaqueijas.net\\\/portal\\\/sema-social-2012-porto\\\/#primaryimage\"},\"thumbnailUrl\":\"https:\\\/\\\/paroquiaqueijas.net\\\/portal\\\/wp-content\\\/uploads\\\/2012\\\/11\\\/semana_social2012.jpg\",\"articleSection\":[\"Espa\u00e7o Eclesial\"],\"inLanguage\":\"pt-PT\",\"potentialAction\":[{\"@type\":\"CommentAction\",\"name\":\"Comment\",\"target\":[\"https:\\\/\\\/paroquiaqueijas.net\\\/portal\\\/sema-social-2012-porto\\\/#respond\"]}]},{\"@type\":\"WebPage\",\"@id\":\"https:\\\/\\\/paroquiaqueijas.net\\\/portal\\\/sema-social-2012-porto\\\/\",\"url\":\"https:\\\/\\\/paroquiaqueijas.net\\\/portal\\\/sema-social-2012-porto\\\/\",\"name\":\"Semana Social 2012 - Porto - Paroquia de Queijas\",\"isPartOf\":{\"@id\":\"https:\\\/\\\/paroquiaqueijas.net\\\/portal\\\/#website\"},\"primaryImageOfPage\":{\"@id\":\"https:\\\/\\\/paroquiaqueijas.net\\\/portal\\\/sema-social-2012-porto\\\/#primaryimage\"},\"image\":{\"@id\":\"https:\\\/\\\/paroquiaqueijas.net\\\/portal\\\/sema-social-2012-porto\\\/#primaryimage\"},\"thumbnailUrl\":\"https:\\\/\\\/paroquiaqueijas.net\\\/portal\\\/wp-content\\\/uploads\\\/2012\\\/11\\\/semana_social2012.jpg\",\"datePublished\":\"2012-11-25T21:10:59+00:00\",\"dateModified\":\"2026-03-21T15:41:25+00:00\",\"breadcrumb\":{\"@id\":\"https:\\\/\\\/paroquiaqueijas.net\\\/portal\\\/sema-social-2012-porto\\\/#breadcrumb\"},\"inLanguage\":\"pt-PT\",\"potentialAction\":[{\"@type\":\"ReadAction\",\"target\":[\"https:\\\/\\\/paroquiaqueijas.net\\\/portal\\\/sema-social-2012-porto\\\/\"]}]},{\"@type\":\"ImageObject\",\"inLanguage\":\"pt-PT\",\"@id\":\"https:\\\/\\\/paroquiaqueijas.net\\\/portal\\\/sema-social-2012-porto\\\/#primaryimage\",\"url\":\"https:\\\/\\\/paroquiaqueijas.net\\\/portal\\\/wp-content\\\/uploads\\\/2012\\\/11\\\/semana_social2012.jpg\",\"contentUrl\":\"https:\\\/\\\/paroquiaqueijas.net\\\/portal\\\/wp-content\\\/uploads\\\/2012\\\/11\\\/semana_social2012.jpg\",\"width\":1202,\"height\":845,\"caption\":\"semana_social2012\"},{\"@type\":\"BreadcrumbList\",\"@id\":\"https:\\\/\\\/paroquiaqueijas.net\\\/portal\\\/sema-social-2012-porto\\\/#breadcrumb\",\"itemListElement\":[{\"@type\":\"ListItem\",\"position\":1,\"name\":\"In\u00edcio\",\"item\":\"https:\\\/\\\/paroquiaqueijas.net\\\/portal\\\/\"},{\"@type\":\"ListItem\",\"position\":2,\"name\":\"Semana Social 2012 &#8211; Porto\"}]},{\"@type\":\"WebSite\",\"@id\":\"https:\\\/\\\/paroquiaqueijas.net\\\/portal\\\/#website\",\"url\":\"https:\\\/\\\/paroquiaqueijas.net\\\/portal\\\/\",\"name\":\"Paroquia de Queijas\",\"description\":\"\",\"publisher\":{\"@id\":\"https:\\\/\\\/paroquiaqueijas.net\\\/portal\\\/#organization\"},\"potentialAction\":[{\"@type\":\"SearchAction\",\"target\":{\"@type\":\"EntryPoint\",\"urlTemplate\":\"https:\\\/\\\/paroquiaqueijas.net\\\/portal\\\/?s={search_term_string}\"},\"query-input\":{\"@type\":\"PropertyValueSpecification\",\"valueRequired\":true,\"valueName\":\"search_term_string\"}}],\"inLanguage\":\"pt-PT\"},{\"@type\":\"Organization\",\"@id\":\"https:\\\/\\\/paroquiaqueijas.net\\\/portal\\\/#organization\",\"name\":\"Paroquia de Queijas\",\"url\":\"https:\\\/\\\/paroquiaqueijas.net\\\/portal\\\/\",\"logo\":{\"@type\":\"ImageObject\",\"inLanguage\":\"pt-PT\",\"@id\":\"https:\\\/\\\/paroquiaqueijas.net\\\/portal\\\/#\\\/schema\\\/logo\\\/image\\\/\",\"url\":\"https:\\\/\\\/paroquiaqueijas.net\\\/portal\\\/wp-content\\\/uploads\\\/2026\\\/03\\\/LogoQueijas_novo.png\",\"contentUrl\":\"https:\\\/\\\/paroquiaqueijas.net\\\/portal\\\/wp-content\\\/uploads\\\/2026\\\/03\\\/LogoQueijas_novo.png\",\"width\":520,\"height\":519,\"caption\":\"Paroquia de Queijas\"},\"image\":{\"@id\":\"https:\\\/\\\/paroquiaqueijas.net\\\/portal\\\/#\\\/schema\\\/logo\\\/image\\\/\"},\"sameAs\":[\"https:\\\/\\\/www.facebook.com\\\/paroquiaqueijas\\\/\"]},{\"@type\":\"Person\",\"@id\":\"https:\\\/\\\/paroquiaqueijas.net\\\/portal\\\/#\\\/schema\\\/person\\\/07bb4cce216326e06b6f742b719ebec7\",\"name\":\"Paroquia de Queijas\",\"image\":{\"@type\":\"ImageObject\",\"inLanguage\":\"pt-PT\",\"@id\":\"https:\\\/\\\/secure.gravatar.com\\\/avatar\\\/5054571ff5d2454cd50657fc4e61d0c32d7a5d0d3b36ef6c0f6e269276d13618?s=96&d=mm&r=g\",\"url\":\"https:\\\/\\\/secure.gravatar.com\\\/avatar\\\/5054571ff5d2454cd50657fc4e61d0c32d7a5d0d3b36ef6c0f6e269276d13618?s=96&d=mm&r=g\",\"contentUrl\":\"https:\\\/\\\/secure.gravatar.com\\\/avatar\\\/5054571ff5d2454cd50657fc4e61d0c32d7a5d0d3b36ef6c0f6e269276d13618?s=96&d=mm&r=g\",\"caption\":\"Paroquia de Queijas\"},\"sameAs\":[\"https:\\\/\\\/paroquiaqueijas.net\\\/site\"],\"url\":\"https:\\\/\\\/paroquiaqueijas.net\\\/portal\\\/author\\\/admin1\\\/\"}]}<\/script>\n<!-- \/ Yoast SEO plugin. -->","yoast_head_json":{"title":"Semana Social 2012 - Porto - Paroquia de Queijas","robots":{"index":"index","follow":"follow","max-snippet":"max-snippet:-1","max-image-preview":"max-image-preview:large","max-video-preview":"max-video-preview:-1"},"canonical":"https:\/\/paroquiaqueijas.net\/portal\/sema-social-2012-porto\/","og_locale":"pt_PT","og_type":"article","og_title":"Semana Social 2012 - Porto - Paroquia de Queijas","og_description":"Comunicado Final da Semana Social 2012 A Semana Social do Porto, em 2012, procedeu a uma reflex\u00e3o sobre os desafios [&hellip;]","og_url":"https:\/\/paroquiaqueijas.net\/portal\/sema-social-2012-porto\/","og_site_name":"Paroquia de Queijas","article_publisher":"https:\/\/www.facebook.com\/paroquiaqueijas\/","article_published_time":"2012-11-25T21:10:59+00:00","article_modified_time":"2026-03-21T15:41:25+00:00","og_image":[{"width":1202,"height":845,"url":"https:\/\/paroquiaqueijas.net\/portal\/wp-content\/uploads\/2012\/11\/semana_social2012.jpg","type":"image\/jpeg"}],"author":"Paroquia de Queijas","twitter_card":"summary_large_image","twitter_misc":{"Escrito por":"Paroquia de Queijas","Tempo estimado de leitura":"4 minutos"},"schema":{"@context":"https:\/\/schema.org","@graph":[{"@type":"Article","@id":"https:\/\/paroquiaqueijas.net\/portal\/sema-social-2012-porto\/#article","isPartOf":{"@id":"https:\/\/paroquiaqueijas.net\/portal\/sema-social-2012-porto\/"},"author":{"name":"Paroquia de Queijas","@id":"https:\/\/paroquiaqueijas.net\/portal\/#\/schema\/person\/07bb4cce216326e06b6f742b719ebec7"},"headline":"Semana Social 2012 &#8211; Porto","datePublished":"2012-11-25T21:10:59+00:00","dateModified":"2026-03-21T15:41:25+00:00","mainEntityOfPage":{"@id":"https:\/\/paroquiaqueijas.net\/portal\/sema-social-2012-porto\/"},"wordCount":894,"commentCount":0,"publisher":{"@id":"https:\/\/paroquiaqueijas.net\/portal\/#organization"},"image":{"@id":"https:\/\/paroquiaqueijas.net\/portal\/sema-social-2012-porto\/#primaryimage"},"thumbnailUrl":"https:\/\/paroquiaqueijas.net\/portal\/wp-content\/uploads\/2012\/11\/semana_social2012.jpg","articleSection":["Espa\u00e7o Eclesial"],"inLanguage":"pt-PT","potentialAction":[{"@type":"CommentAction","name":"Comment","target":["https:\/\/paroquiaqueijas.net\/portal\/sema-social-2012-porto\/#respond"]}]},{"@type":"WebPage","@id":"https:\/\/paroquiaqueijas.net\/portal\/sema-social-2012-porto\/","url":"https:\/\/paroquiaqueijas.net\/portal\/sema-social-2012-porto\/","name":"Semana Social 2012 - Porto - Paroquia de Queijas","isPartOf":{"@id":"https:\/\/paroquiaqueijas.net\/portal\/#website"},"primaryImageOfPage":{"@id":"https:\/\/paroquiaqueijas.net\/portal\/sema-social-2012-porto\/#primaryimage"},"image":{"@id":"https:\/\/paroquiaqueijas.net\/portal\/sema-social-2012-porto\/#primaryimage"},"thumbnailUrl":"https:\/\/paroquiaqueijas.net\/portal\/wp-content\/uploads\/2012\/11\/semana_social2012.jpg","datePublished":"2012-11-25T21:10:59+00:00","dateModified":"2026-03-21T15:41:25+00:00","breadcrumb":{"@id":"https:\/\/paroquiaqueijas.net\/portal\/sema-social-2012-porto\/#breadcrumb"},"inLanguage":"pt-PT","potentialAction":[{"@type":"ReadAction","target":["https:\/\/paroquiaqueijas.net\/portal\/sema-social-2012-porto\/"]}]},{"@type":"ImageObject","inLanguage":"pt-PT","@id":"https:\/\/paroquiaqueijas.net\/portal\/sema-social-2012-porto\/#primaryimage","url":"https:\/\/paroquiaqueijas.net\/portal\/wp-content\/uploads\/2012\/11\/semana_social2012.jpg","contentUrl":"https:\/\/paroquiaqueijas.net\/portal\/wp-content\/uploads\/2012\/11\/semana_social2012.jpg","width":1202,"height":845,"caption":"semana_social2012"},{"@type":"BreadcrumbList","@id":"https:\/\/paroquiaqueijas.net\/portal\/sema-social-2012-porto\/#breadcrumb","itemListElement":[{"@type":"ListItem","position":1,"name":"In\u00edcio","item":"https:\/\/paroquiaqueijas.net\/portal\/"},{"@type":"ListItem","position":2,"name":"Semana Social 2012 &#8211; Porto"}]},{"@type":"WebSite","@id":"https:\/\/paroquiaqueijas.net\/portal\/#website","url":"https:\/\/paroquiaqueijas.net\/portal\/","name":"Paroquia de Queijas","description":"","publisher":{"@id":"https:\/\/paroquiaqueijas.net\/portal\/#organization"},"potentialAction":[{"@type":"SearchAction","target":{"@type":"EntryPoint","urlTemplate":"https:\/\/paroquiaqueijas.net\/portal\/?s={search_term_string}"},"query-input":{"@type":"PropertyValueSpecification","valueRequired":true,"valueName":"search_term_string"}}],"inLanguage":"pt-PT"},{"@type":"Organization","@id":"https:\/\/paroquiaqueijas.net\/portal\/#organization","name":"Paroquia de Queijas","url":"https:\/\/paroquiaqueijas.net\/portal\/","logo":{"@type":"ImageObject","inLanguage":"pt-PT","@id":"https:\/\/paroquiaqueijas.net\/portal\/#\/schema\/logo\/image\/","url":"https:\/\/paroquiaqueijas.net\/portal\/wp-content\/uploads\/2026\/03\/LogoQueijas_novo.png","contentUrl":"https:\/\/paroquiaqueijas.net\/portal\/wp-content\/uploads\/2026\/03\/LogoQueijas_novo.png","width":520,"height":519,"caption":"Paroquia de Queijas"},"image":{"@id":"https:\/\/paroquiaqueijas.net\/portal\/#\/schema\/logo\/image\/"},"sameAs":["https:\/\/www.facebook.com\/paroquiaqueijas\/"]},{"@type":"Person","@id":"https:\/\/paroquiaqueijas.net\/portal\/#\/schema\/person\/07bb4cce216326e06b6f742b719ebec7","name":"Paroquia de Queijas","image":{"@type":"ImageObject","inLanguage":"pt-PT","@id":"https:\/\/secure.gravatar.com\/avatar\/5054571ff5d2454cd50657fc4e61d0c32d7a5d0d3b36ef6c0f6e269276d13618?s=96&d=mm&r=g","url":"https:\/\/secure.gravatar.com\/avatar\/5054571ff5d2454cd50657fc4e61d0c32d7a5d0d3b36ef6c0f6e269276d13618?s=96&d=mm&r=g","contentUrl":"https:\/\/secure.gravatar.com\/avatar\/5054571ff5d2454cd50657fc4e61d0c32d7a5d0d3b36ef6c0f6e269276d13618?s=96&d=mm&r=g","caption":"Paroquia de Queijas"},"sameAs":["https:\/\/paroquiaqueijas.net\/site"],"url":"https:\/\/paroquiaqueijas.net\/portal\/author\/admin1\/"}]}},"_links":{"self":[{"href":"https:\/\/paroquiaqueijas.net\/portal\/wp-json\/wp\/v2\/posts\/1020","targetHints":{"allow":["GET"]}}],"collection":[{"href":"https:\/\/paroquiaqueijas.net\/portal\/wp-json\/wp\/v2\/posts"}],"about":[{"href":"https:\/\/paroquiaqueijas.net\/portal\/wp-json\/wp\/v2\/types\/post"}],"author":[{"embeddable":true,"href":"https:\/\/paroquiaqueijas.net\/portal\/wp-json\/wp\/v2\/users\/1"}],"replies":[{"embeddable":true,"href":"https:\/\/paroquiaqueijas.net\/portal\/wp-json\/wp\/v2\/comments?post=1020"}],"version-history":[{"count":1,"href":"https:\/\/paroquiaqueijas.net\/portal\/wp-json\/wp\/v2\/posts\/1020\/revisions"}],"predecessor-version":[{"id":2601,"href":"https:\/\/paroquiaqueijas.net\/portal\/wp-json\/wp\/v2\/posts\/1020\/revisions\/2601"}],"wp:featuredmedia":[{"embeddable":true,"href":"https:\/\/paroquiaqueijas.net\/portal\/wp-json\/wp\/v2\/media\/1017"}],"wp:attachment":[{"href":"https:\/\/paroquiaqueijas.net\/portal\/wp-json\/wp\/v2\/media?parent=1020"}],"wp:term":[{"taxonomy":"category","embeddable":true,"href":"https:\/\/paroquiaqueijas.net\/portal\/wp-json\/wp\/v2\/categories?post=1020"},{"taxonomy":"post_tag","embeddable":true,"href":"https:\/\/paroquiaqueijas.net\/portal\/wp-json\/wp\/v2\/tags?post=1020"}],"curies":[{"name":"wp","href":"https:\/\/api.w.org\/{rel}","templated":true}]}}