{"id":1028,"date":"2012-12-06T22:42:29","date_gmt":"2012-12-06T22:42:29","guid":{"rendered":"https:\/\/paroquiaqueijas.net\/site\/?p=1028"},"modified":"2026-03-21T15:41:24","modified_gmt":"2026-03-21T15:41:24","slug":"morreu-oscar-niemeyer","status":"publish","type":"post","link":"https:\/\/paroquiaqueijas.net\/portal\/morreu-oscar-niemeyer\/","title":{"rendered":"Morreu Oscar Niemeyer"},"content":{"rendered":"<p><strong>Oscar Niemeyer <\/strong><\/span>(15-12-1907 &#8211; 05-12-2012)<img decoding=\"async\" class=\" alignright size-full wp-image-1027\" style=\"margin: 0px 0px 0px 8px; float: right;\" alt=\"Oscar_Niemeyer\" src=\"https:\/\/paroquiaqueijas.net\/portal\/wp-content\/uploads\/2012\/12\/Oscar_Niemeyer.jpg\" height=\"101\" width=\"150\" srcset=\"https:\/\/paroquiaqueijas.net\/portal\/wp-content\/uploads\/2012\/12\/Oscar_Niemeyer.jpg 400w, https:\/\/paroquiaqueijas.net\/portal\/wp-content\/uploads\/2012\/12\/Oscar_Niemeyer-300x203.jpg 300w\" sizes=\"(max-width: 150px) 100vw, 150px\" \/><br \/>\nReconhecido em todo o mundo como um dos grandes expoentes da arquitectura moderna, o homem que desenhou Bras\u00edlia deixou a sua marca ao longo do s\u00e9culo XX, faleceu esta noite no Rio de Janeiro. <br \/><\/span><\/p>\n<p><!--more--><\/p>\n<p>Em entrevista que concedeu ao SOL, dias antes de celebrar o seu 100.\u00ba anivers\u00e1rio &#8211; em 2007 &#8211; e que foi publicado na revista Tabu a 22 de Dezembro desse ano, afirmava:<br \/><\/span><\/p>\n<p><strong>O que \u00e9 mais importante na vida para si?<\/span><\/strong><\/p>\n<p>H\u00e1 tanta coisa a destacar&#8230; Um gesto de solidariedade, uma prova aut\u00eantica de amizade, a coragem dos que lutam por um mundo mais fraterno e solid\u00e1rio, o carinho da mulher preferida.<\/span><\/p>\n<p><strong>E quais s\u00e3o os sonhos de Niemeyer?<\/span><\/strong><\/p>\n<p>Os sonhos comuns a todos os que aspiram a uma vida mais justa e digna. Ainda sonho com isso: justi\u00e7a e dignidade. A gente tem que sonhar, sen\u00e3o as coisas n\u00e3o acontecem!<\/span><\/p>\n<p><strong>Diz-se que criou uma linguagem pr\u00f3pria nos projectos. Que linguagem \u00e9 essa?<\/span><\/strong><\/p>\n<p>Cada artista cria e recria a sua linguagem. Tem que haver fantasia! O que prevalece na minha obra \u00e9 a busca de uma arquitectura mais leve e solta, onde a surpresa e o espanto se fazem sempre presentes. Tem que haver uma solu\u00e7\u00e3o diferente. Isso \u00e9 que \u00e9 importante na arquitectura. O que vai ficar da arquitectura, o que ficou, n\u00e3o foram as pequenas casas, muito bem tratadas&#8230; Foram as catedrais; foram os grandes balan\u00e7os. E a beleza \u00e9 muito importante!<\/span><\/p>\n<p><strong>Chamam-no de vanguardista. As suas ideias s\u00e3o vision\u00e1rias.<\/span><\/strong><\/p>\n<p>Vision\u00e1rias? Sou um bicho da terra pequeno, talvez insignificante demais diante da grandeza deste universo fant\u00e1stico.<\/span><\/p>\n<p><strong>Soprou j\u00e1 cem velas. Que momentos mais o marcaram?<\/span><\/strong><\/p>\n<p>Os que passei junto dos meus amigos mais queridos e dos meus familiares. E tamb\u00e9m os momentos em que participei mais intensamente na luta pol\u00edtica.<\/span><\/p>\n<p><strong>De onde vem a sua energia?<\/span><\/strong><\/p>\n<p>Talvez do prazer com que me entrego \u00e0 cria\u00e7\u00e3o dos meus projectos, o amor pelo trabalho, hoje apoiado e incentivado pela Vera, minha mulher.<\/span><\/p>\n<p><strong>Quando estava na Europa, no ex\u00edlio, escreveu um poema sobre as saudades do Brasil. Como v\u00ea o Brasil actual?<\/span><\/strong><\/p>\n<p>Com um pouco mais esperan\u00e7a&#8230; Faz parte deste momento especial que a Am\u00e9rica Latina est\u00e1 a viver \u2013 os governos populares se afirmando, mantendo uma vigil\u00e2ncia cr\u00edtica indispens\u00e1vel contra o intervencionismo norte-americano, uma postura corajosa na defesa da soberania nacional.<\/span><\/p>\n<p><strong>E o que \u00e9 ser brasileiro?<\/span><\/strong><\/p>\n<p>\u00c9 saber amar este pa\u00eds, ter no peito o sentimento forte pela p\u00e1tria.<\/span><\/p>\n<p><strong>Tra\u00e7ou a hist\u00f3ria da arquitectura com uma postura intervencionista. De que forma sente ter contribu\u00eddo para a pol\u00edtica brasileira?<\/span><\/strong><\/p>\n<p>Acredito ter exercido a minha cidadania de maneira activa e consciente. E isso \u00e9 o que me basta.<\/span><\/p>\n<p><strong>O Brasil tem, hoje, um governo de esquerda, mais pr\u00f3ximo dos seus ideais pol\u00edticos. Acha que o pa\u00eds est\u00e1 melhor?<\/span><\/strong><\/p>\n<p>Estamos com Lula. \u00c9 um Presidente sens\u00edvel \u00e0s quest\u00f5es sociais do pa\u00eds. Tem sabido conduzir a nossa pol\u00edtica externa. Mas h\u00e1 muito que fazer para superar um quadro, ainda dram\u00e1tico, de desigualdade social.<\/span><\/p>\n<p><strong>Defende a luta do Movimento dos Trabalhadores Rurais Sem Terra (MST) pela reforma agr\u00e1ria no Brasil, uma ac\u00e7\u00e3o que tem suscitado ades\u00e3o e, em simult\u00e2neo, controv\u00e9rsia. Qual a import\u00e2ncia do trabalho deste movimento?<\/span><\/strong><\/p>\n<p>Trata-se do movimento social mais importante que surgiu no pa\u00eds nestes \u00faltimos vinte anos. Admiro muito [Jo\u00e3o Pedro]St\u00e9dile [economista e activista social brasileiro pelo MST] e a sua capacidade de lideran\u00e7a. O MST tem feito um trabalho muito importante na luta pelas terras apropriadas indevidamente.<\/span><\/p>\n<p><strong>&#8216;S\u00f3 usa a arquitectura quem tem dinheiro. Os outros est\u00e3o fodidos nas favelas&#8217;, ouvimo-lo dizer no document\u00e1rio sobre si: A Vida \u00c9 um Sopro. Que solu\u00e7\u00e3o a arquitectura poder\u00e1 dar aos grandes aglomerados populacionais?<\/span><\/strong><\/p>\n<p>Nas cidades do futuro \u2013 esperamos! \u2013 as resid\u00eancias particulares ser\u00e3o mais simples. E os n\u00facleos urbanos n\u00e3o estar\u00e3o ref\u00e9ns dos autom\u00f3veis, beneficiando de um novo sistema de circula\u00e7\u00e3o. A sua densidade demogr\u00e1fica ter\u00e1 de ser mais controlada e a vida ser\u00e1 mais harmoniosa.<\/span><\/p>\n<p><strong>Qual o maior desafio da arquitectura contempor\u00e2nea para si?<\/span><\/strong><\/p>\n<p>Ela responde aos grandes problemas do presente. E o que realmente importa s\u00e3o as solu\u00e7\u00f5es do dia-a-dia. E os arquitectos t\u00eam de conhecer os problemas da vida. Devemos viver a vida de uma forma mais simples e esquecer as intrigas. O homem est\u00e1 condenado de alguma forma, n\u00e3o tem escolha. Com certeza ele tem muitas possibilidades para aproveitar a vida, mas nasce e morre, como qualquer outra criatura.<\/span><\/p>\n<p><strong>E que desafios tem, no momento, em cima do estirador?<\/span><\/strong><\/p>\n<p>Felizmente ainda muitos e diversos. A pra\u00e7a de Avil\u00e9s, em Espanha [que ser\u00e1 inaugurada em 2010] com um grande museu e amplo audit\u00f3rio. Tenho ainda o centro administrativo do Governo do Estado em Minas Gerais, o projecto de um teatro para Recife [E foi recentemente sondado pelo governo angolano para a constru\u00e7\u00e3o da nova capital do pa\u00eds].<\/span><\/p>\n<p><strong>Como concilia a arquitectura no seu quotidiano?<\/span><\/strong><\/p>\n<p>Continuo a trabalhar no meu escrit\u00f3rio em Copacabana, todos os dias. Sou incapaz de me sentar numa cadeira sem fazer nada, ou simplesmente a lamentar-me pelas mis\u00e9rias da exist\u00eancia. A arquitectura sempre foi, ao mesmo tempo, um passatempo e uma profiss\u00e3o. Atrai-me e absorve-me, mas n\u00e3o lhe dou muita import\u00e2ncia. O mais importante para mim \u00e9 sentir-me \u00e0 vontade comigo. \u00c9 importante mantermo-nos activos at\u00e9 ao fim. S\u00f3 vivemos uma vez!<\/span><\/p>\n<p><strong>Em Portugal o seu trabalho \u00e9 muito admirado. Sente que influenciou uma gera\u00e7\u00e3o de arquitectos portugueses?<\/span><\/strong><\/p>\n<p>Essa informa\u00e7\u00e3o me chega sempre de meus amigos em Portugal. \u00c9 claro que fico contente. No entanto, \u00e9 sempre bom frisar que cada arquitecto deve ter a sua arquitectura e seguir, de forma mais livre poss\u00edvel, a sua intui\u00e7\u00e3o.<\/span><\/p>\n<p><strong>O que lhe d\u00e1 prazer?<\/span><\/strong><\/p>\n<p>O meu trabalho de arquitecto.<\/span><\/p>\n<p><strong>Qual foi o projecto que mais gostou de idealizar?<\/span><\/strong><\/p>\n<p>Foram in\u00fameros os que me entusiasmaram. Poderia destacar, nesse sentido, aqueles que integram o conjunto de Pampulha [em Belo Horizonte], o Pal\u00e1cio do Congresso em Bras\u00edlia, a sede do Partido Comunista Franc\u00eas, a Universidade de Constantine na Arg\u00e9lia e, mais recentemente, o Museu de Arte Contempor\u00e2nea de Niter\u00f3i. E, tamb\u00e9m, a grande pra\u00e7a que desenhei para a cidade de Avil\u00e9s.<\/span><\/p>\n<p><strong>Que obra lhe falta projectar?<\/span><\/strong><\/p>\n<p>O importante \u00e9 criar! Ver surgir, da folha branca de papel, um pal\u00e1cio, uma catedral, um pr\u00e9dio. Se o projecto n\u00e3o \u00e9 realizado, fica-nos, pelo menos, o momento de entusiasmo, as conversas surgidas, a esperan\u00e7a de que tudo se realize.<\/span><\/p>\n<p><strong>Que leituras o marcaram?<\/span><\/strong><\/p>\n<p>Os romances de Dostoi\u00e9vski, em particular Os Irm\u00e3os Karamazov, a reuni\u00e3o da obra l\u00edrica de Cam\u00f5es, A Condi\u00e7\u00e3o Humana de Andr\u00e9 Malraux, os romances principais de Albert Camus e do meu escritor portugu\u00eas preferido, E\u00e7a de Queir\u00f3s. Como me agrada ler Os Maias ou A Ilustre Casa de Ramires! S\u00e3o uma experi\u00eancia de leitura sempre renovada.<\/span><\/p>\n<p><strong>Como mudaria o mundo?<\/span><\/strong><\/p>\n<p>Ele \u00e9 muito pequeno. Falo assim n\u00e3o por falsa mod\u00e9stia, mas sim pela cren\u00e7a de que o ser humano \u00e9 um sujeito sem perspectiva, de uma fragilidade surpreendente. Ter consci\u00eancia disso talvez seja um bom ponto de partida para repensarmos a import\u00e2ncia de sermos mais modestos e solid\u00e1rios e podermos \u2013 de m\u00e3os dadas \u2013 construir um mundo mais fraternal.<\/span><\/p>\n<div style=\"text-align: right;\">Tabu [Sol], 22-12-2007<\/span><\/p>\n","protected":false},"excerpt":{"rendered":"<p>Oscar Niemeyer (15-12-1907 &#8211; 05-12-2012) Reconhecido em todo o mundo como um dos grandes expoentes da arquitectura moderna, o homem [&hellip;]<\/p>\n","protected":false},"author":1,"featured_media":1027,"comment_status":"open","ping_status":"open","sticky":false,"template":"","format":"standard","meta":{"site-sidebar-layout":"default","site-content-layout":"","ast-site-content-layout":"default","site-content-style":"default","site-sidebar-style":"default","ast-global-header-display":"","ast-banner-title-visibility":"","ast-main-header-display":"","ast-hfb-above-header-display":"","ast-hfb-below-header-display":"","ast-hfb-mobile-header-display":"","site-post-title":"","ast-breadcrumbs-content":"","ast-featured-img":"","footer-sml-layout":"","ast-disable-related-posts":"","theme-transparent-header-meta":"","adv-header-id-meta":"","stick-header-meta":"","header-above-stick-meta":"","header-main-stick-meta":"","header-below-stick-meta":"","astra-migrate-meta-layouts":"default","ast-page-background-enabled":"default","ast-page-background-meta":{"desktop":{"background-color":"var(--ast-global-color-5)","background-image":"","background-repeat":"repeat","background-position":"center center","background-size":"auto","background-attachment":"scroll","background-type":"","background-media":"","overlay-type":"","overlay-color":"","overlay-opacity":"","overlay-gradient":""},"tablet":{"background-color":"","background-image":"","background-repeat":"repeat","background-position":"center center","background-size":"auto","background-attachment":"scroll","background-type":"","background-media":"","overlay-type":"","overlay-color":"","overlay-opacity":"","overlay-gradient":""},"mobile":{"background-color":"","background-image":"","background-repeat":"repeat","background-position":"center center","background-size":"auto","background-attachment":"scroll","background-type":"","background-media":"","overlay-type":"","overlay-color":"","overlay-opacity":"","overlay-gradient":""}},"ast-content-background-meta":{"desktop":{"background-color":"var(--ast-global-color-4)","background-image":"","background-repeat":"repeat","background-position":"center center","background-size":"auto","background-attachment":"scroll","background-type":"","background-media":"","overlay-type":"","overlay-color":"","overlay-opacity":"","overlay-gradient":""},"tablet":{"background-color":"var(--ast-global-color-4)","background-image":"","background-repeat":"repeat","background-position":"center center","background-size":"auto","background-attachment":"scroll","background-type":"","background-media":"","overlay-type":"","overlay-color":"","overlay-opacity":"","overlay-gradient":""},"mobile":{"background-color":"var(--ast-global-color-4)","background-image":"","background-repeat":"repeat","background-position":"center center","background-size":"auto","background-attachment":"scroll","background-type":"","background-media":"","overlay-type":"","overlay-color":"","overlay-opacity":"","overlay-gradient":""}},"footnotes":""},"categories":[3],"tags":[],"class_list":["post-1028","post","type-post","status-publish","format-standard","has-post-thumbnail","hentry","category-noticias"],"yoast_head":"<!-- This site is optimized with the Yoast SEO plugin v27.4 - https:\/\/yoast.com\/product\/yoast-seo-wordpress\/ -->\n<title>Morreu Oscar Niemeyer - Paroquia de Queijas<\/title>\n<meta name=\"robots\" content=\"index, follow, max-snippet:-1, max-image-preview:large, max-video-preview:-1\" \/>\n<link rel=\"canonical\" href=\"https:\/\/paroquiaqueijas.net\/portal\/morreu-oscar-niemeyer\/\" \/>\n<meta property=\"og:locale\" content=\"pt_PT\" \/>\n<meta property=\"og:type\" content=\"article\" \/>\n<meta property=\"og:title\" content=\"Morreu Oscar Niemeyer - Paroquia de Queijas\" \/>\n<meta property=\"og:description\" content=\"Oscar Niemeyer (15-12-1907 &#8211; 05-12-2012) Reconhecido em todo o mundo como um dos grandes expoentes da arquitectura moderna, o homem [&hellip;]\" \/>\n<meta property=\"og:url\" content=\"https:\/\/paroquiaqueijas.net\/portal\/morreu-oscar-niemeyer\/\" \/>\n<meta property=\"og:site_name\" content=\"Paroquia de Queijas\" \/>\n<meta property=\"article:publisher\" content=\"https:\/\/www.facebook.com\/paroquiaqueijas\/\" \/>\n<meta property=\"article:published_time\" content=\"2012-12-06T22:42:29+00:00\" \/>\n<meta property=\"article:modified_time\" content=\"2026-03-21T15:41:24+00:00\" \/>\n<meta property=\"og:image\" content=\"https:\/\/paroquiaqueijas.net\/portal\/wp-content\/uploads\/2012\/12\/Oscar_Niemeyer.jpg\" \/>\n\t<meta property=\"og:image:width\" content=\"400\" \/>\n\t<meta property=\"og:image:height\" content=\"270\" \/>\n\t<meta property=\"og:image:type\" content=\"image\/jpeg\" \/>\n<meta name=\"author\" content=\"Paroquia de Queijas\" \/>\n<meta name=\"twitter:card\" content=\"summary_large_image\" \/>\n<meta name=\"twitter:label1\" content=\"Escrito por\" \/>\n\t<meta name=\"twitter:data1\" content=\"Paroquia de Queijas\" \/>\n\t<meta name=\"twitter:label2\" content=\"Tempo estimado de leitura\" \/>\n\t<meta name=\"twitter:data2\" content=\"6 minutos\" \/>\n<script type=\"application\/ld+json\" class=\"yoast-schema-graph\">{\"@context\":\"https:\\\/\\\/schema.org\",\"@graph\":[{\"@type\":\"Article\",\"@id\":\"https:\\\/\\\/paroquiaqueijas.net\\\/portal\\\/morreu-oscar-niemeyer\\\/#article\",\"isPartOf\":{\"@id\":\"https:\\\/\\\/paroquiaqueijas.net\\\/portal\\\/morreu-oscar-niemeyer\\\/\"},\"author\":{\"name\":\"Paroquia de Queijas\",\"@id\":\"https:\\\/\\\/paroquiaqueijas.net\\\/portal\\\/#\\\/schema\\\/person\\\/07bb4cce216326e06b6f742b719ebec7\"},\"headline\":\"Morreu Oscar Niemeyer\",\"datePublished\":\"2012-12-06T22:42:29+00:00\",\"dateModified\":\"2026-03-21T15:41:24+00:00\",\"mainEntityOfPage\":{\"@id\":\"https:\\\/\\\/paroquiaqueijas.net\\\/portal\\\/morreu-oscar-niemeyer\\\/\"},\"wordCount\":1273,\"commentCount\":0,\"publisher\":{\"@id\":\"https:\\\/\\\/paroquiaqueijas.net\\\/portal\\\/#organization\"},\"image\":{\"@id\":\"https:\\\/\\\/paroquiaqueijas.net\\\/portal\\\/morreu-oscar-niemeyer\\\/#primaryimage\"},\"thumbnailUrl\":\"https:\\\/\\\/paroquiaqueijas.net\\\/portal\\\/wp-content\\\/uploads\\\/2012\\\/12\\\/Oscar_Niemeyer.jpg\",\"articleSection\":[\"Not\u00edcias\"],\"inLanguage\":\"pt-PT\",\"potentialAction\":[{\"@type\":\"CommentAction\",\"name\":\"Comment\",\"target\":[\"https:\\\/\\\/paroquiaqueijas.net\\\/portal\\\/morreu-oscar-niemeyer\\\/#respond\"]}]},{\"@type\":\"WebPage\",\"@id\":\"https:\\\/\\\/paroquiaqueijas.net\\\/portal\\\/morreu-oscar-niemeyer\\\/\",\"url\":\"https:\\\/\\\/paroquiaqueijas.net\\\/portal\\\/morreu-oscar-niemeyer\\\/\",\"name\":\"Morreu Oscar Niemeyer - Paroquia de Queijas\",\"isPartOf\":{\"@id\":\"https:\\\/\\\/paroquiaqueijas.net\\\/portal\\\/#website\"},\"primaryImageOfPage\":{\"@id\":\"https:\\\/\\\/paroquiaqueijas.net\\\/portal\\\/morreu-oscar-niemeyer\\\/#primaryimage\"},\"image\":{\"@id\":\"https:\\\/\\\/paroquiaqueijas.net\\\/portal\\\/morreu-oscar-niemeyer\\\/#primaryimage\"},\"thumbnailUrl\":\"https:\\\/\\\/paroquiaqueijas.net\\\/portal\\\/wp-content\\\/uploads\\\/2012\\\/12\\\/Oscar_Niemeyer.jpg\",\"datePublished\":\"2012-12-06T22:42:29+00:00\",\"dateModified\":\"2026-03-21T15:41:24+00:00\",\"breadcrumb\":{\"@id\":\"https:\\\/\\\/paroquiaqueijas.net\\\/portal\\\/morreu-oscar-niemeyer\\\/#breadcrumb\"},\"inLanguage\":\"pt-PT\",\"potentialAction\":[{\"@type\":\"ReadAction\",\"target\":[\"https:\\\/\\\/paroquiaqueijas.net\\\/portal\\\/morreu-oscar-niemeyer\\\/\"]}]},{\"@type\":\"ImageObject\",\"inLanguage\":\"pt-PT\",\"@id\":\"https:\\\/\\\/paroquiaqueijas.net\\\/portal\\\/morreu-oscar-niemeyer\\\/#primaryimage\",\"url\":\"https:\\\/\\\/paroquiaqueijas.net\\\/portal\\\/wp-content\\\/uploads\\\/2012\\\/12\\\/Oscar_Niemeyer.jpg\",\"contentUrl\":\"https:\\\/\\\/paroquiaqueijas.net\\\/portal\\\/wp-content\\\/uploads\\\/2012\\\/12\\\/Oscar_Niemeyer.jpg\",\"width\":400,\"height\":270,\"caption\":\"Oscar_Niemeyer\"},{\"@type\":\"BreadcrumbList\",\"@id\":\"https:\\\/\\\/paroquiaqueijas.net\\\/portal\\\/morreu-oscar-niemeyer\\\/#breadcrumb\",\"itemListElement\":[{\"@type\":\"ListItem\",\"position\":1,\"name\":\"In\u00edcio\",\"item\":\"https:\\\/\\\/paroquiaqueijas.net\\\/portal\\\/\"},{\"@type\":\"ListItem\",\"position\":2,\"name\":\"Morreu Oscar Niemeyer\"}]},{\"@type\":\"WebSite\",\"@id\":\"https:\\\/\\\/paroquiaqueijas.net\\\/portal\\\/#website\",\"url\":\"https:\\\/\\\/paroquiaqueijas.net\\\/portal\\\/\",\"name\":\"Paroquia de Queijas\",\"description\":\"\",\"publisher\":{\"@id\":\"https:\\\/\\\/paroquiaqueijas.net\\\/portal\\\/#organization\"},\"potentialAction\":[{\"@type\":\"SearchAction\",\"target\":{\"@type\":\"EntryPoint\",\"urlTemplate\":\"https:\\\/\\\/paroquiaqueijas.net\\\/portal\\\/?s={search_term_string}\"},\"query-input\":{\"@type\":\"PropertyValueSpecification\",\"valueRequired\":true,\"valueName\":\"search_term_string\"}}],\"inLanguage\":\"pt-PT\"},{\"@type\":\"Organization\",\"@id\":\"https:\\\/\\\/paroquiaqueijas.net\\\/portal\\\/#organization\",\"name\":\"Paroquia de Queijas\",\"url\":\"https:\\\/\\\/paroquiaqueijas.net\\\/portal\\\/\",\"logo\":{\"@type\":\"ImageObject\",\"inLanguage\":\"pt-PT\",\"@id\":\"https:\\\/\\\/paroquiaqueijas.net\\\/portal\\\/#\\\/schema\\\/logo\\\/image\\\/\",\"url\":\"https:\\\/\\\/paroquiaqueijas.net\\\/portal\\\/wp-content\\\/uploads\\\/2026\\\/03\\\/LogoQueijas_novo.png\",\"contentUrl\":\"https:\\\/\\\/paroquiaqueijas.net\\\/portal\\\/wp-content\\\/uploads\\\/2026\\\/03\\\/LogoQueijas_novo.png\",\"width\":520,\"height\":519,\"caption\":\"Paroquia de Queijas\"},\"image\":{\"@id\":\"https:\\\/\\\/paroquiaqueijas.net\\\/portal\\\/#\\\/schema\\\/logo\\\/image\\\/\"},\"sameAs\":[\"https:\\\/\\\/www.facebook.com\\\/paroquiaqueijas\\\/\"]},{\"@type\":\"Person\",\"@id\":\"https:\\\/\\\/paroquiaqueijas.net\\\/portal\\\/#\\\/schema\\\/person\\\/07bb4cce216326e06b6f742b719ebec7\",\"name\":\"Paroquia de Queijas\",\"image\":{\"@type\":\"ImageObject\",\"inLanguage\":\"pt-PT\",\"@id\":\"https:\\\/\\\/secure.gravatar.com\\\/avatar\\\/5054571ff5d2454cd50657fc4e61d0c32d7a5d0d3b36ef6c0f6e269276d13618?s=96&d=mm&r=g\",\"url\":\"https:\\\/\\\/secure.gravatar.com\\\/avatar\\\/5054571ff5d2454cd50657fc4e61d0c32d7a5d0d3b36ef6c0f6e269276d13618?s=96&d=mm&r=g\",\"contentUrl\":\"https:\\\/\\\/secure.gravatar.com\\\/avatar\\\/5054571ff5d2454cd50657fc4e61d0c32d7a5d0d3b36ef6c0f6e269276d13618?s=96&d=mm&r=g\",\"caption\":\"Paroquia de Queijas\"},\"sameAs\":[\"https:\\\/\\\/paroquiaqueijas.net\\\/site\"],\"url\":\"https:\\\/\\\/paroquiaqueijas.net\\\/portal\\\/author\\\/admin1\\\/\"}]}<\/script>\n<!-- \/ Yoast SEO plugin. -->","yoast_head_json":{"title":"Morreu Oscar Niemeyer - Paroquia de Queijas","robots":{"index":"index","follow":"follow","max-snippet":"max-snippet:-1","max-image-preview":"max-image-preview:large","max-video-preview":"max-video-preview:-1"},"canonical":"https:\/\/paroquiaqueijas.net\/portal\/morreu-oscar-niemeyer\/","og_locale":"pt_PT","og_type":"article","og_title":"Morreu Oscar Niemeyer - Paroquia de Queijas","og_description":"Oscar Niemeyer (15-12-1907 &#8211; 05-12-2012) Reconhecido em todo o mundo como um dos grandes expoentes da arquitectura moderna, o homem [&hellip;]","og_url":"https:\/\/paroquiaqueijas.net\/portal\/morreu-oscar-niemeyer\/","og_site_name":"Paroquia de Queijas","article_publisher":"https:\/\/www.facebook.com\/paroquiaqueijas\/","article_published_time":"2012-12-06T22:42:29+00:00","article_modified_time":"2026-03-21T15:41:24+00:00","og_image":[{"width":400,"height":270,"url":"https:\/\/paroquiaqueijas.net\/portal\/wp-content\/uploads\/2012\/12\/Oscar_Niemeyer.jpg","type":"image\/jpeg"}],"author":"Paroquia de Queijas","twitter_card":"summary_large_image","twitter_misc":{"Escrito por":"Paroquia de Queijas","Tempo estimado de leitura":"6 minutos"},"schema":{"@context":"https:\/\/schema.org","@graph":[{"@type":"Article","@id":"https:\/\/paroquiaqueijas.net\/portal\/morreu-oscar-niemeyer\/#article","isPartOf":{"@id":"https:\/\/paroquiaqueijas.net\/portal\/morreu-oscar-niemeyer\/"},"author":{"name":"Paroquia de Queijas","@id":"https:\/\/paroquiaqueijas.net\/portal\/#\/schema\/person\/07bb4cce216326e06b6f742b719ebec7"},"headline":"Morreu Oscar Niemeyer","datePublished":"2012-12-06T22:42:29+00:00","dateModified":"2026-03-21T15:41:24+00:00","mainEntityOfPage":{"@id":"https:\/\/paroquiaqueijas.net\/portal\/morreu-oscar-niemeyer\/"},"wordCount":1273,"commentCount":0,"publisher":{"@id":"https:\/\/paroquiaqueijas.net\/portal\/#organization"},"image":{"@id":"https:\/\/paroquiaqueijas.net\/portal\/morreu-oscar-niemeyer\/#primaryimage"},"thumbnailUrl":"https:\/\/paroquiaqueijas.net\/portal\/wp-content\/uploads\/2012\/12\/Oscar_Niemeyer.jpg","articleSection":["Not\u00edcias"],"inLanguage":"pt-PT","potentialAction":[{"@type":"CommentAction","name":"Comment","target":["https:\/\/paroquiaqueijas.net\/portal\/morreu-oscar-niemeyer\/#respond"]}]},{"@type":"WebPage","@id":"https:\/\/paroquiaqueijas.net\/portal\/morreu-oscar-niemeyer\/","url":"https:\/\/paroquiaqueijas.net\/portal\/morreu-oscar-niemeyer\/","name":"Morreu Oscar Niemeyer - Paroquia de Queijas","isPartOf":{"@id":"https:\/\/paroquiaqueijas.net\/portal\/#website"},"primaryImageOfPage":{"@id":"https:\/\/paroquiaqueijas.net\/portal\/morreu-oscar-niemeyer\/#primaryimage"},"image":{"@id":"https:\/\/paroquiaqueijas.net\/portal\/morreu-oscar-niemeyer\/#primaryimage"},"thumbnailUrl":"https:\/\/paroquiaqueijas.net\/portal\/wp-content\/uploads\/2012\/12\/Oscar_Niemeyer.jpg","datePublished":"2012-12-06T22:42:29+00:00","dateModified":"2026-03-21T15:41:24+00:00","breadcrumb":{"@id":"https:\/\/paroquiaqueijas.net\/portal\/morreu-oscar-niemeyer\/#breadcrumb"},"inLanguage":"pt-PT","potentialAction":[{"@type":"ReadAction","target":["https:\/\/paroquiaqueijas.net\/portal\/morreu-oscar-niemeyer\/"]}]},{"@type":"ImageObject","inLanguage":"pt-PT","@id":"https:\/\/paroquiaqueijas.net\/portal\/morreu-oscar-niemeyer\/#primaryimage","url":"https:\/\/paroquiaqueijas.net\/portal\/wp-content\/uploads\/2012\/12\/Oscar_Niemeyer.jpg","contentUrl":"https:\/\/paroquiaqueijas.net\/portal\/wp-content\/uploads\/2012\/12\/Oscar_Niemeyer.jpg","width":400,"height":270,"caption":"Oscar_Niemeyer"},{"@type":"BreadcrumbList","@id":"https:\/\/paroquiaqueijas.net\/portal\/morreu-oscar-niemeyer\/#breadcrumb","itemListElement":[{"@type":"ListItem","position":1,"name":"In\u00edcio","item":"https:\/\/paroquiaqueijas.net\/portal\/"},{"@type":"ListItem","position":2,"name":"Morreu Oscar Niemeyer"}]},{"@type":"WebSite","@id":"https:\/\/paroquiaqueijas.net\/portal\/#website","url":"https:\/\/paroquiaqueijas.net\/portal\/","name":"Paroquia de Queijas","description":"","publisher":{"@id":"https:\/\/paroquiaqueijas.net\/portal\/#organization"},"potentialAction":[{"@type":"SearchAction","target":{"@type":"EntryPoint","urlTemplate":"https:\/\/paroquiaqueijas.net\/portal\/?s={search_term_string}"},"query-input":{"@type":"PropertyValueSpecification","valueRequired":true,"valueName":"search_term_string"}}],"inLanguage":"pt-PT"},{"@type":"Organization","@id":"https:\/\/paroquiaqueijas.net\/portal\/#organization","name":"Paroquia de Queijas","url":"https:\/\/paroquiaqueijas.net\/portal\/","logo":{"@type":"ImageObject","inLanguage":"pt-PT","@id":"https:\/\/paroquiaqueijas.net\/portal\/#\/schema\/logo\/image\/","url":"https:\/\/paroquiaqueijas.net\/portal\/wp-content\/uploads\/2026\/03\/LogoQueijas_novo.png","contentUrl":"https:\/\/paroquiaqueijas.net\/portal\/wp-content\/uploads\/2026\/03\/LogoQueijas_novo.png","width":520,"height":519,"caption":"Paroquia de Queijas"},"image":{"@id":"https:\/\/paroquiaqueijas.net\/portal\/#\/schema\/logo\/image\/"},"sameAs":["https:\/\/www.facebook.com\/paroquiaqueijas\/"]},{"@type":"Person","@id":"https:\/\/paroquiaqueijas.net\/portal\/#\/schema\/person\/07bb4cce216326e06b6f742b719ebec7","name":"Paroquia de Queijas","image":{"@type":"ImageObject","inLanguage":"pt-PT","@id":"https:\/\/secure.gravatar.com\/avatar\/5054571ff5d2454cd50657fc4e61d0c32d7a5d0d3b36ef6c0f6e269276d13618?s=96&d=mm&r=g","url":"https:\/\/secure.gravatar.com\/avatar\/5054571ff5d2454cd50657fc4e61d0c32d7a5d0d3b36ef6c0f6e269276d13618?s=96&d=mm&r=g","contentUrl":"https:\/\/secure.gravatar.com\/avatar\/5054571ff5d2454cd50657fc4e61d0c32d7a5d0d3b36ef6c0f6e269276d13618?s=96&d=mm&r=g","caption":"Paroquia de Queijas"},"sameAs":["https:\/\/paroquiaqueijas.net\/site"],"url":"https:\/\/paroquiaqueijas.net\/portal\/author\/admin1\/"}]}},"_links":{"self":[{"href":"https:\/\/paroquiaqueijas.net\/portal\/wp-json\/wp\/v2\/posts\/1028","targetHints":{"allow":["GET"]}}],"collection":[{"href":"https:\/\/paroquiaqueijas.net\/portal\/wp-json\/wp\/v2\/posts"}],"about":[{"href":"https:\/\/paroquiaqueijas.net\/portal\/wp-json\/wp\/v2\/types\/post"}],"author":[{"embeddable":true,"href":"https:\/\/paroquiaqueijas.net\/portal\/wp-json\/wp\/v2\/users\/1"}],"replies":[{"embeddable":true,"href":"https:\/\/paroquiaqueijas.net\/portal\/wp-json\/wp\/v2\/comments?post=1028"}],"version-history":[{"count":1,"href":"https:\/\/paroquiaqueijas.net\/portal\/wp-json\/wp\/v2\/posts\/1028\/revisions"}],"predecessor-version":[{"id":2596,"href":"https:\/\/paroquiaqueijas.net\/portal\/wp-json\/wp\/v2\/posts\/1028\/revisions\/2596"}],"wp:featuredmedia":[{"embeddable":true,"href":"https:\/\/paroquiaqueijas.net\/portal\/wp-json\/wp\/v2\/media\/1027"}],"wp:attachment":[{"href":"https:\/\/paroquiaqueijas.net\/portal\/wp-json\/wp\/v2\/media?parent=1028"}],"wp:term":[{"taxonomy":"category","embeddable":true,"href":"https:\/\/paroquiaqueijas.net\/portal\/wp-json\/wp\/v2\/categories?post=1028"},{"taxonomy":"post_tag","embeddable":true,"href":"https:\/\/paroquiaqueijas.net\/portal\/wp-json\/wp\/v2\/tags?post=1028"}],"curies":[{"name":"wp","href":"https:\/\/api.w.org\/{rel}","templated":true}]}}