{"id":1034,"date":"2012-12-10T23:26:55","date_gmt":"2012-12-10T23:26:55","guid":{"rendered":"https:\/\/paroquiaqueijas.net\/site\/?p=1034"},"modified":"2026-03-21T15:41:24","modified_gmt":"2026-03-21T15:41:24","slug":"audiencia-geral-de-bento-xvi-05-xii-2012","status":"publish","type":"post","link":"https:\/\/paroquiaqueijas.net\/portal\/audiencia-geral-de-bento-xvi-05-xii-2012\/","title":{"rendered":"Audi\u00eancia Geral de Bento XVI &#8211; 05-XII-2012"},"content":{"rendered":"<p><img fetchpriority=\"high\" decoding=\"async\" class=\" alignright size-full wp-image-995\" style=\"margin: 0px; float: right;\" alt=\"AudPapal\" src=\"https:\/\/paroquiaqueijas.net\/portal\/wp-content\/uploads\/2012\/10\/AudPapal.jpg\" height=\"98\" width=\"550\" srcset=\"https:\/\/paroquiaqueijas.net\/portal\/wp-content\/uploads\/2012\/10\/AudPapal.jpg 772w, https:\/\/paroquiaqueijas.net\/portal\/wp-content\/uploads\/2012\/10\/AudPapal-300x53.jpg 300w, https:\/\/paroquiaqueijas.net\/portal\/wp-content\/uploads\/2012\/10\/AudPapal-768x136.jpg 768w\" sizes=\"(max-width: 550px) 100vw, 550px\" \/><strong>7. Deus revela o seu &#8220;des\u00edgnio de benevol\u00eancia&#8221;<\/strong><\/span><br \/>\nAudi\u00eancia Geral de Bento XVI (05-12-2012)<\/p>\n<p><!--more--><\/p>\n<p>Queridos irm\u00e3os e irm\u00e3s,<span style=\"font-size: 8pt;\"> <a target=\"_blank\" title=\"Audi\u00eancia Geral de Bento XVI: 05-12-2012\" href=\"index.php?option=com_docman&#038;task=doc_download&#038;gid=36&#038;Itemid=79\">[clique aqui para pdf]<\/a><\/span><\/span><\/p>\n<p>No in\u00edcio da sua Carta aos crist\u00e3os de \u00c9feso (cf. 1, 3-14), o ap\u00f3stolo Paulo eleva uma prece de b\u00ean\u00e7\u00e3o a Deus, Pai de nosso Senhor Jesus Cristo, que nos introduz na viv\u00eancia do tempo de Advento, no contexto do Ano da f\u00e9. O tema deste hino de louvor \u00e9 o projecto de Deus a respeito do homem, definido com termos repletos de alegria, de enlevo e de ac\u00e7\u00e3o de gra\u00e7as, como um \u00abdes\u00edgnio de benevol\u00eancia\u00bb (v. 9), de miseric\u00f3rdia e de amor.<\/span><\/p>\n<p>Por que motivo o Ap\u00f3stolo eleva a Deus, do profundo do seu cora\u00e7\u00e3o, esta b\u00ean\u00e7\u00e3o? Porque v\u00ea o seu agir na hist\u00f3ria da salva\u00e7\u00e3o, culminado na encarna\u00e7\u00e3o, morte e ressurrei\u00e7\u00e3o de Jesus, e contempla como o Pai celeste nos escolheu ainda antes da cria\u00e7\u00e3o do mundo, para sermos seus filhos adoptivos. No seu Filho Unig\u00e9nito, Jesus Cristo (cf. Rm 8, 14s.; Gl 4, 4 s.). N\u00f3s existimos desde a eternidade na mente de Deus, num grande des\u00edgnio que Deus conservou em si mesmo e que decidiu p\u00f4r em pr\u00e1tica e revelar \u00abna plenitude dos tempos\u00bb (cf. Ef 1, 10). Por conseguinte, s\u00e3o Paulo faz-nos compreender como toda a cria\u00e7\u00e3o e, de modo particular, o homem e a mulher, n\u00e3o s\u00e3o fruto do acaso, mas correspondem a um des\u00edgnio de benevol\u00eancia da raz\u00e3o eterna de Deus que, com o poder criador e redentor da sua Palavra, d\u00e1 origem ao mundo. Esta primeira afirma\u00e7\u00e3o recorda-nos que a nossa voca\u00e7\u00e3o n\u00e3o consiste simplesmente em existir no mundo, em sermos inseridos numa hist\u00f3ria, e nem sequer apenas em sermos criaturas de Deus; \u00e9 algo ainda maior: \u00e9 o facto de termos sido escolhidos por Deus, ainda antes da cria\u00e7\u00e3o do mundo, no seu Filho Jesus Cristo. Portanto nele n\u00f3s existimos \u2014 por assim dizer \u2014 desde sempre. Deus contempla-nos em Cristo, como filhos adoptivos. O \u00abdes\u00edgnio de benevol\u00eancia\u00bb de Deus, que \u00e9 qualificado pelo Ap\u00f3stolo como \u00abdes\u00edgnio de amor\u00bb (Ef 1, 5), \u00e9 definido \u00abo mist\u00e9rio\u00bb da vontade divina (cf. v. 9), escondido e agora manifestado na Pessoa e na obra de Jesus Cristo. A iniciativa divina precede toda a resposta humana: trata-se de um dom gratuito do seu amor, que nos envolve e nos transforma.<\/span><\/p>\n<p>Mas qual \u00e9 a finalidade derradeira deste des\u00edgnio misterioso? Qual \u00e9 o centro da vontade de Deus? \u00c9 aquele \u2014 diz-nos s\u00e3o Paulo \u2014 de \u00abreconduzir a Cristo, \u00fanica Cabe\u00e7a, todas as coisas\u00bb (v. 10). Nesta express\u00e3o n\u00f3s encontramos uma das formula\u00e7\u00f5es fulcrais do Novo Testamento, que nos fazem compreender o des\u00edgnio de Deus, o seu projecto de amor pela humanidade inteira, uma formula\u00e7\u00e3o que, no s\u00e9culo ii, santo Ireneu de Li\u00e3o inseriu como n\u00facleo da sua cristologia: \u00abrecapitular\u00bb toda a realidade em Cristo. Talvez alguns de v\u00f3s se recordem da f\u00f3rmula utilizada pelo Papa S\u00e3o Pio x, para a consagra\u00e7\u00e3o do mundo ao Sagrado Cora\u00e7\u00e3o de Jesus: \u00abInstaurare omnia in Christo\u00bb, f\u00f3rmula que se inspira nesta express\u00e3o paulina e que era tamb\u00e9m o lema daquele santo Pont\u00edfice. No entanto, o Ap\u00f3stolo fala mais precisamente de recapitula\u00e7\u00e3o do universo em Cristo, e isto significa que no grande des\u00edgnio da cria\u00e7\u00e3o e da hist\u00f3ria, Jesus Cristo eleva-se como centro de todo o caminho do mundo, eixo principal de tudo, que atrai a si toda a realidade, para superar a dispers\u00e3o e o limite, e reconduzir tudo \u00e0 plenitude desejada por Deus (cf. Ef 1, 23).<\/span><\/p>\n<p>Este \u00abdes\u00edgnio de benevol\u00eancia\u00bb n\u00e3o permaneceu, por assim dizer, no sil\u00eancio de Deus, na altura do seu C\u00e9u, mas f\u00ea-lo conhecer entrando em rela\u00e7\u00e3o com o homem, ao qual n\u00e3o revelou apenas algo, mas revelou-se a si mesmo. Ele n\u00e3o comunicou simplesmente um conjunto de verdades, mas comunicou-se a si mesmo, a ponto de se fazer um de n\u00f3s, at\u00e9 se encarnar. O Conc\u00edlio Ecum\u00e9nico Vaticano ii na Constitui\u00e7\u00e3o dogm\u00e1tica Dei Verbum diz: \u00abAprouve a Deus, na sua bondade e sabedoria, revelar-se a si mesmo [n\u00e3o apenas a algum aspecto de si, mas a Ele pr\u00f3prio] e dar a conhecer o mist\u00e9rio da sua vontade (cf. Ef 1, 9), segundo o qual os homens, por meio de Cristo, Verbo encarnado, t\u00eam acesso ao Pai no Esp\u00edrito Santo e tornam-se participantes da natureza divina\u00bb (n. 2). Deus n\u00e3o s\u00f3 diz algo, mas comunica-se a si mesmo, atrai-nos na natureza divina, de tal modo que n\u00f3s somos envolvidos nela, que somos divinizados. Deus revela o seu grande des\u00edgnio de amor, entrando em rela\u00e7\u00e3o com o homem, aproximando-se dele a ponto de se fazer Ele mesmo homem. O Conc\u00edlio acrescenta: \u00abDeus invis\u00edvel&#8230; na riqueza do seu amor fala aos homens como a amigos (cf. Ex 33, 11; Jo 15, 14-15) e convive com eles (cf. Br 3, 38) para os convidar e admitir \u00e0 comunh\u00e3o com Ele\u00bb (Ibidem). Unicamente com a sua intelig\u00eancia e com as suas capacidades, o homem n\u00e3o teria podido alcan\u00e7ar esta revela\u00e7\u00e3o t\u00e3o luminosa do amor de Deus; foi Deus que abriu o seu C\u00e9u e se humilhou para orientar o homem rumo ao abismo do seu amor.<\/span><\/p>\n<p>S\u00e3o Paulo escreve ainda aos crist\u00e3os de Corinto: \u00abCoisas que os olhos n\u00e3o viram, nem os ouvidos ouviram, nem o cora\u00e7\u00e3o humano imaginou&#8230; tais s\u00e3o os bens que Deus tem preparado para aqueles que O amam. Todavia, Deus no-las revelou pelo seu Esp\u00edrito, porque o Esp\u00edrito penetra tudo, mesmo as profundezas de Deus\u00bb (1 Cor 2, 9-10). E s\u00e3o Jo\u00e3o Cris\u00f3stomo, numa c\u00e9lebre p\u00e1gina de coment\u00e1rio do in\u00edcio da Carta aos Ef\u00e9sios, convida a saborear toda a beleza deste \u00abdes\u00edgnio de benevol\u00eancia\u00bb de Deus revelado em Cristo, com as seguintes palavras: \u00abO que te falta? Tornaste-te imortal, tornaste-te livre, tornaste-te filho, tornaste-te justo, tornaste-te irm\u00e3o, tornaste-te co-herdeiro; reinas com Cristo e com Cristo \u00e9s glorificado. Tudo nos foi doado e \u2014 como est\u00e1 escrito \u2014 \u00abcomo n\u00e3o nos dar\u00e1 tamb\u00e9m com Ele todas as coisas?\u00bb (Rm 8, 32). As tuas prim\u00edcias (cf. 1 Cor 15, 20.23) s\u00e3o adoradas pelos anjos [&#8230;]: o que \u00e9 que te falta?\u00bb (pg 62, 11).<\/span><\/p>\n<p>Esta comunh\u00e3o em Cristo, por obra do Esp\u00edrito Santo, oferecida por Deus a todos os homens com a luz da Revela\u00e7\u00e3o, n\u00e3o \u00e9 algo que vem a sobrepor-se acima da nossa humanidade, mas constitui o cumprimento das aspira\u00e7\u00f5es mais profundas, daquele desejo de infinito e de plenitude que se abriga no \u00edntimo do ser humano, abrindo-o a uma felicidade n\u00e3o moment\u00e2nea nem limitada, mas eterna. S\u00e3o Boaventura de Bagnoregio, referindo-se a Deus que se revela e nos fala atrav\u00e9s das Sagradas Escrituras para nos conduzir a Ele, faz a seguinte afirma\u00e7\u00e3o: \u00abA Sagrada Escritura \u00e9 [&#8230;] o livro no qual est\u00e3o escritas palavras de vida eterna para que n\u00e3o apenas acreditemos, mas tamb\u00e9m possuamos a vida eterna, na qual veremos, amaremos e ser\u00e3o realizados todos os nossos desejos\u00bb (Breviloquium, Prol.; Opera Omnia vv. 201 s.). Finalmente, o Beato Papa Jo\u00e3o Paulo ii recordava que \u00aba Revela\u00e7\u00e3o coloca dentro da hist\u00f3ria um ponto de refer\u00eancia de que o homem n\u00e3o pode prescindir, se quiser chegar a compreender o mist\u00e9rio da sua exist\u00eancia; mas, por outro lado, este conhecimento apela constantemente para o mist\u00e9rio de Deus que a mente n\u00e3o consegue abarcar, mas apenas receber e acolher na f\u00e9\u00bb (Enc\u00edclica Fides et ratio, 14).<\/span><\/p>\n<p>Nesta perspectiva, o que \u00e9 portanto o acto da f\u00e9? \u00c9 a resposta do homem \u00e0 Revela\u00e7\u00e3o de Deus, que se faz conhecer, que manifesta o seu des\u00edgnio de benevol\u00eancia; \u00e9, para utilizar uma express\u00e3o agostiniana, deixar-se conquistar pela Verdade que \u00e9 Deus, uma Verdade que \u00e9 Amor. Por isso, s\u00e3o Paulo ressalta que \u00e9 a Deus, que revelou o seu mist\u00e9rio, que se deve \u00aba obedi\u00eancia da f\u00e9\u00bb (Rm 16, 26; cf. 1, 5; 2 Cor 10, 5-6), a atitude mediante a qual \u00abo homem se entrega total e livremente a Deus, oferecendo a Deus revelador o obs\u00e9quio pleno da intelig\u00eancia e da vontade&#8230; e prestando volunt\u00e1rio assentimento \u00e0 sua revela\u00e7\u00e3o\u00bb (Constitui\u00e7\u00e3o dogm\u00e1tica Dei Verbum, 5). Tudo isto leva a uma mudan\u00e7a fundamental no modo de se relacionar com toda a realidade; tudo aparece numa luz nova; por conseguinte, trata-se de uma verdadeira \u00abconvers\u00e3o\u00bb, pois a f\u00e9 consiste numa \u00abmudan\u00e7a de mentalidade\u00bb, porque o Deus que se revelou em Jesus Cristo e faz conhecer o seu des\u00edgnio de amor, conquista-nos, atrai-nos e torna-se o sentido que sust\u00e9m a vida, a rocha sobre a qual ela pode encontrar estabilidade. No Antigo Testamento encontramos uma densa express\u00e3o sobre a f\u00e9, que Deus confia ao profeta Isa\u00edas a fim de que a comunique ao rei de Jud\u00e1, Acaz. Deus afirma: \u00abSe n\u00e3o acreditardes \u2014 ou seja, se n\u00e3o permanecerdes fi\u00e9is a Deus \u2014 n\u00e3o conseguireis subsistir\u00bb (Is 7, 9b). Portanto, existe um v\u00ednculo entre o estar e o compreender, que expressa bem o modo como a f\u00e9 \u00e9 um acolher na pr\u00f3pria vida a vis\u00e3o de Deus sobre a realidade, deixar que seja Deus a orientar-nos com a sua Palavra e os seus Sacramentos para compreendermos o que devemos realizar, qual \u00e9 o caminho que devemos percorrer, como havemos de viver. Mas ao mesmo tempo, \u00e9 precisamente o compreender em conformidade com Deus, o ver com os seus olhos, que torna a nossa vida est\u00e1vel, que nos permite \u00abpermanecer de p\u00e9\u00bb e n\u00e3o cair.<\/span><\/p>\n<p>Estimados amigos, o Advento, o tempo lit\u00fargico ao qual h\u00e1 pouco demos in\u00edcio e que nos prepara para o Santo Natal, coloca-nos diante do mist\u00e9rio luminoso da vinda do Filho de Deus, do grandioso \u00abdes\u00edgnio de benevol\u00eancia\u00bb com o qual Ele deseja atrair-nos a si, para nos fazer viver em plena comunh\u00e3o de alegria e de paz com Ele. O Advento convida-nos mais uma vez, no meio de tantas dificuldades, a renovar a certeza de que Deus est\u00e1 presente: Ele entrou no mundo, fazendo-se um de n\u00f3s, para levar \u00e0 plenitude o seu plano de amor. E Deus pede-nos que, tamb\u00e9m n\u00f3s, nos tornemos um sinal da sua obra no mundo. Atrav\u00e9s da nossa f\u00e9, da nossa esperan\u00e7a e da nossa caridade, Ele quer entrar no mundo sempre de novo e, sempre de novo, deseja fazer resplandecer a sua luz na nossa noite.<\/span><\/p>\n<div style=\"text-align: right;\">Audi\u00eancia Geral de Bento XVI, Pra\u00e7a de S. Pedro, 5 de Dezembro de 2012.<\/p>\n","protected":false},"excerpt":{"rendered":"<p>7. Deus revela o seu &#8220;des\u00edgnio de benevol\u00eancia&#8221; Audi\u00eancia Geral de Bento XVI (05-12-2012)<\/p>\n","protected":false},"author":1,"featured_media":995,"comment_status":"open","ping_status":"open","sticky":false,"template":"","format":"standard","meta":{"site-sidebar-layout":"default","site-content-layout":"","ast-site-content-layout":"default","site-content-style":"default","site-sidebar-style":"default","ast-global-header-display":"","ast-banner-title-visibility":"","ast-main-header-display":"","ast-hfb-above-header-display":"","ast-hfb-below-header-display":"","ast-hfb-mobile-header-display":"","site-post-title":"","ast-breadcrumbs-content":"","ast-featured-img":"","footer-sml-layout":"","ast-disable-related-posts":"","theme-transparent-header-meta":"","adv-header-id-meta":"","stick-header-meta":"","header-above-stick-meta":"","header-main-stick-meta":"","header-below-stick-meta":"","astra-migrate-meta-layouts":"default","ast-page-background-enabled":"default","ast-page-background-meta":{"desktop":{"background-color":"var(--ast-global-color-5)","background-image":"","background-repeat":"repeat","background-position":"center center","background-size":"auto","background-attachment":"scroll","background-type":"","background-media":"","overlay-type":"","overlay-color":"","overlay-opacity":"","overlay-gradient":""},"tablet":{"background-color":"","background-image":"","background-repeat":"repeat","background-position":"center center","background-size":"auto","background-attachment":"scroll","background-type":"","background-media":"","overlay-type":"","overlay-color":"","overlay-opacity":"","overlay-gradient":""},"mobile":{"background-color":"","background-image":"","background-repeat":"repeat","background-position":"center center","background-size":"auto","background-attachment":"scroll","background-type":"","background-media":"","overlay-type":"","overlay-color":"","overlay-opacity":"","overlay-gradient":""}},"ast-content-background-meta":{"desktop":{"background-color":"var(--ast-global-color-4)","background-image":"","background-repeat":"repeat","background-position":"center center","background-size":"auto","background-attachment":"scroll","background-type":"","background-media":"","overlay-type":"","overlay-color":"","overlay-opacity":"","overlay-gradient":""},"tablet":{"background-color":"var(--ast-global-color-4)","background-image":"","background-repeat":"repeat","background-position":"center center","background-size":"auto","background-attachment":"scroll","background-type":"","background-media":"","overlay-type":"","overlay-color":"","overlay-opacity":"","overlay-gradient":""},"mobile":{"background-color":"var(--ast-global-color-4)","background-image":"","background-repeat":"repeat","background-position":"center center","background-size":"auto","background-attachment":"scroll","background-type":"","background-media":"","overlay-type":"","overlay-color":"","overlay-opacity":"","overlay-gradient":""}},"footnotes":""},"categories":[14],"tags":[],"class_list":["post-1034","post","type-post","status-publish","format-standard","has-post-thumbnail","hentry","category-papa-bento-xvi"],"yoast_head":"<!-- This site is optimized with the Yoast SEO plugin v27.4 - https:\/\/yoast.com\/product\/yoast-seo-wordpress\/ -->\n<title>Audi\u00eancia Geral de Bento XVI - 05-XII-2012 - Paroquia de Queijas<\/title>\n<meta name=\"robots\" content=\"index, follow, max-snippet:-1, max-image-preview:large, max-video-preview:-1\" \/>\n<link rel=\"canonical\" href=\"https:\/\/paroquiaqueijas.net\/portal\/audiencia-geral-de-bento-xvi-05-xii-2012\/\" \/>\n<meta property=\"og:locale\" content=\"pt_PT\" \/>\n<meta property=\"og:type\" content=\"article\" \/>\n<meta property=\"og:title\" content=\"Audi\u00eancia Geral de Bento XVI - 05-XII-2012 - Paroquia de Queijas\" \/>\n<meta property=\"og:description\" content=\"7. Deus revela o seu &#8220;des\u00edgnio de benevol\u00eancia&#8221; Audi\u00eancia Geral de Bento XVI (05-12-2012)\" \/>\n<meta property=\"og:url\" content=\"https:\/\/paroquiaqueijas.net\/portal\/audiencia-geral-de-bento-xvi-05-xii-2012\/\" \/>\n<meta property=\"og:site_name\" content=\"Paroquia de Queijas\" \/>\n<meta property=\"article:publisher\" content=\"https:\/\/www.facebook.com\/paroquiaqueijas\/\" \/>\n<meta property=\"article:published_time\" content=\"2012-12-10T23:26:55+00:00\" \/>\n<meta property=\"article:modified_time\" content=\"2026-03-21T15:41:24+00:00\" \/>\n<meta property=\"og:image\" content=\"https:\/\/paroquiaqueijas.net\/portal\/wp-content\/uploads\/2012\/10\/AudPapal.jpg\" \/>\n\t<meta property=\"og:image:width\" content=\"772\" \/>\n\t<meta property=\"og:image:height\" content=\"137\" \/>\n\t<meta property=\"og:image:type\" content=\"image\/jpeg\" \/>\n<meta name=\"author\" content=\"Paroquia de Queijas\" \/>\n<meta name=\"twitter:card\" content=\"summary_large_image\" \/>\n<meta name=\"twitter:label1\" content=\"Escrito por\" \/>\n\t<meta name=\"twitter:data1\" content=\"Paroquia de Queijas\" \/>\n\t<meta name=\"twitter:label2\" content=\"Tempo estimado de leitura\" \/>\n\t<meta name=\"twitter:data2\" content=\"9 minutos\" \/>\n<script type=\"application\/ld+json\" class=\"yoast-schema-graph\">{\"@context\":\"https:\\\/\\\/schema.org\",\"@graph\":[{\"@type\":\"Article\",\"@id\":\"https:\\\/\\\/paroquiaqueijas.net\\\/portal\\\/audiencia-geral-de-bento-xvi-05-xii-2012\\\/#article\",\"isPartOf\":{\"@id\":\"https:\\\/\\\/paroquiaqueijas.net\\\/portal\\\/audiencia-geral-de-bento-xvi-05-xii-2012\\\/\"},\"author\":{\"name\":\"Paroquia de Queijas\",\"@id\":\"https:\\\/\\\/paroquiaqueijas.net\\\/portal\\\/#\\\/schema\\\/person\\\/07bb4cce216326e06b6f742b719ebec7\"},\"headline\":\"Audi\u00eancia Geral de Bento XVI &#8211; 05-XII-2012\",\"datePublished\":\"2012-12-10T23:26:55+00:00\",\"dateModified\":\"2026-03-21T15:41:24+00:00\",\"mainEntityOfPage\":{\"@id\":\"https:\\\/\\\/paroquiaqueijas.net\\\/portal\\\/audiencia-geral-de-bento-xvi-05-xii-2012\\\/\"},\"wordCount\":1826,\"commentCount\":0,\"publisher\":{\"@id\":\"https:\\\/\\\/paroquiaqueijas.net\\\/portal\\\/#organization\"},\"image\":{\"@id\":\"https:\\\/\\\/paroquiaqueijas.net\\\/portal\\\/audiencia-geral-de-bento-xvi-05-xii-2012\\\/#primaryimage\"},\"thumbnailUrl\":\"https:\\\/\\\/paroquiaqueijas.net\\\/portal\\\/wp-content\\\/uploads\\\/2012\\\/10\\\/AudPapal.jpg\",\"articleSection\":[\"Papa Bento XVI\"],\"inLanguage\":\"pt-PT\",\"potentialAction\":[{\"@type\":\"CommentAction\",\"name\":\"Comment\",\"target\":[\"https:\\\/\\\/paroquiaqueijas.net\\\/portal\\\/audiencia-geral-de-bento-xvi-05-xii-2012\\\/#respond\"]}]},{\"@type\":\"WebPage\",\"@id\":\"https:\\\/\\\/paroquiaqueijas.net\\\/portal\\\/audiencia-geral-de-bento-xvi-05-xii-2012\\\/\",\"url\":\"https:\\\/\\\/paroquiaqueijas.net\\\/portal\\\/audiencia-geral-de-bento-xvi-05-xii-2012\\\/\",\"name\":\"Audi\u00eancia Geral de Bento XVI - 05-XII-2012 - Paroquia de Queijas\",\"isPartOf\":{\"@id\":\"https:\\\/\\\/paroquiaqueijas.net\\\/portal\\\/#website\"},\"primaryImageOfPage\":{\"@id\":\"https:\\\/\\\/paroquiaqueijas.net\\\/portal\\\/audiencia-geral-de-bento-xvi-05-xii-2012\\\/#primaryimage\"},\"image\":{\"@id\":\"https:\\\/\\\/paroquiaqueijas.net\\\/portal\\\/audiencia-geral-de-bento-xvi-05-xii-2012\\\/#primaryimage\"},\"thumbnailUrl\":\"https:\\\/\\\/paroquiaqueijas.net\\\/portal\\\/wp-content\\\/uploads\\\/2012\\\/10\\\/AudPapal.jpg\",\"datePublished\":\"2012-12-10T23:26:55+00:00\",\"dateModified\":\"2026-03-21T15:41:24+00:00\",\"breadcrumb\":{\"@id\":\"https:\\\/\\\/paroquiaqueijas.net\\\/portal\\\/audiencia-geral-de-bento-xvi-05-xii-2012\\\/#breadcrumb\"},\"inLanguage\":\"pt-PT\",\"potentialAction\":[{\"@type\":\"ReadAction\",\"target\":[\"https:\\\/\\\/paroquiaqueijas.net\\\/portal\\\/audiencia-geral-de-bento-xvi-05-xii-2012\\\/\"]}]},{\"@type\":\"ImageObject\",\"inLanguage\":\"pt-PT\",\"@id\":\"https:\\\/\\\/paroquiaqueijas.net\\\/portal\\\/audiencia-geral-de-bento-xvi-05-xii-2012\\\/#primaryimage\",\"url\":\"https:\\\/\\\/paroquiaqueijas.net\\\/portal\\\/wp-content\\\/uploads\\\/2012\\\/10\\\/AudPapal.jpg\",\"contentUrl\":\"https:\\\/\\\/paroquiaqueijas.net\\\/portal\\\/wp-content\\\/uploads\\\/2012\\\/10\\\/AudPapal.jpg\",\"width\":772,\"height\":137,\"caption\":\"AudPapal\"},{\"@type\":\"BreadcrumbList\",\"@id\":\"https:\\\/\\\/paroquiaqueijas.net\\\/portal\\\/audiencia-geral-de-bento-xvi-05-xii-2012\\\/#breadcrumb\",\"itemListElement\":[{\"@type\":\"ListItem\",\"position\":1,\"name\":\"In\u00edcio\",\"item\":\"https:\\\/\\\/paroquiaqueijas.net\\\/portal\\\/\"},{\"@type\":\"ListItem\",\"position\":2,\"name\":\"Audi\u00eancia Geral de Bento XVI &#8211; 05-XII-2012\"}]},{\"@type\":\"WebSite\",\"@id\":\"https:\\\/\\\/paroquiaqueijas.net\\\/portal\\\/#website\",\"url\":\"https:\\\/\\\/paroquiaqueijas.net\\\/portal\\\/\",\"name\":\"Paroquia de Queijas\",\"description\":\"\",\"publisher\":{\"@id\":\"https:\\\/\\\/paroquiaqueijas.net\\\/portal\\\/#organization\"},\"potentialAction\":[{\"@type\":\"SearchAction\",\"target\":{\"@type\":\"EntryPoint\",\"urlTemplate\":\"https:\\\/\\\/paroquiaqueijas.net\\\/portal\\\/?s={search_term_string}\"},\"query-input\":{\"@type\":\"PropertyValueSpecification\",\"valueRequired\":true,\"valueName\":\"search_term_string\"}}],\"inLanguage\":\"pt-PT\"},{\"@type\":\"Organization\",\"@id\":\"https:\\\/\\\/paroquiaqueijas.net\\\/portal\\\/#organization\",\"name\":\"Paroquia de Queijas\",\"url\":\"https:\\\/\\\/paroquiaqueijas.net\\\/portal\\\/\",\"logo\":{\"@type\":\"ImageObject\",\"inLanguage\":\"pt-PT\",\"@id\":\"https:\\\/\\\/paroquiaqueijas.net\\\/portal\\\/#\\\/schema\\\/logo\\\/image\\\/\",\"url\":\"https:\\\/\\\/paroquiaqueijas.net\\\/portal\\\/wp-content\\\/uploads\\\/2026\\\/03\\\/LogoQueijas_novo.png\",\"contentUrl\":\"https:\\\/\\\/paroquiaqueijas.net\\\/portal\\\/wp-content\\\/uploads\\\/2026\\\/03\\\/LogoQueijas_novo.png\",\"width\":520,\"height\":519,\"caption\":\"Paroquia de Queijas\"},\"image\":{\"@id\":\"https:\\\/\\\/paroquiaqueijas.net\\\/portal\\\/#\\\/schema\\\/logo\\\/image\\\/\"},\"sameAs\":[\"https:\\\/\\\/www.facebook.com\\\/paroquiaqueijas\\\/\"]},{\"@type\":\"Person\",\"@id\":\"https:\\\/\\\/paroquiaqueijas.net\\\/portal\\\/#\\\/schema\\\/person\\\/07bb4cce216326e06b6f742b719ebec7\",\"name\":\"Paroquia de Queijas\",\"image\":{\"@type\":\"ImageObject\",\"inLanguage\":\"pt-PT\",\"@id\":\"https:\\\/\\\/secure.gravatar.com\\\/avatar\\\/5054571ff5d2454cd50657fc4e61d0c32d7a5d0d3b36ef6c0f6e269276d13618?s=96&d=mm&r=g\",\"url\":\"https:\\\/\\\/secure.gravatar.com\\\/avatar\\\/5054571ff5d2454cd50657fc4e61d0c32d7a5d0d3b36ef6c0f6e269276d13618?s=96&d=mm&r=g\",\"contentUrl\":\"https:\\\/\\\/secure.gravatar.com\\\/avatar\\\/5054571ff5d2454cd50657fc4e61d0c32d7a5d0d3b36ef6c0f6e269276d13618?s=96&d=mm&r=g\",\"caption\":\"Paroquia de Queijas\"},\"sameAs\":[\"https:\\\/\\\/paroquiaqueijas.net\\\/site\"],\"url\":\"https:\\\/\\\/paroquiaqueijas.net\\\/portal\\\/author\\\/admin1\\\/\"}]}<\/script>\n<!-- \/ Yoast SEO plugin. -->","yoast_head_json":{"title":"Audi\u00eancia Geral de Bento XVI - 05-XII-2012 - Paroquia de Queijas","robots":{"index":"index","follow":"follow","max-snippet":"max-snippet:-1","max-image-preview":"max-image-preview:large","max-video-preview":"max-video-preview:-1"},"canonical":"https:\/\/paroquiaqueijas.net\/portal\/audiencia-geral-de-bento-xvi-05-xii-2012\/","og_locale":"pt_PT","og_type":"article","og_title":"Audi\u00eancia Geral de Bento XVI - 05-XII-2012 - Paroquia de Queijas","og_description":"7. Deus revela o seu &#8220;des\u00edgnio de benevol\u00eancia&#8221; Audi\u00eancia Geral de Bento XVI (05-12-2012)","og_url":"https:\/\/paroquiaqueijas.net\/portal\/audiencia-geral-de-bento-xvi-05-xii-2012\/","og_site_name":"Paroquia de Queijas","article_publisher":"https:\/\/www.facebook.com\/paroquiaqueijas\/","article_published_time":"2012-12-10T23:26:55+00:00","article_modified_time":"2026-03-21T15:41:24+00:00","og_image":[{"width":772,"height":137,"url":"https:\/\/paroquiaqueijas.net\/portal\/wp-content\/uploads\/2012\/10\/AudPapal.jpg","type":"image\/jpeg"}],"author":"Paroquia de Queijas","twitter_card":"summary_large_image","twitter_misc":{"Escrito por":"Paroquia de Queijas","Tempo estimado de leitura":"9 minutos"},"schema":{"@context":"https:\/\/schema.org","@graph":[{"@type":"Article","@id":"https:\/\/paroquiaqueijas.net\/portal\/audiencia-geral-de-bento-xvi-05-xii-2012\/#article","isPartOf":{"@id":"https:\/\/paroquiaqueijas.net\/portal\/audiencia-geral-de-bento-xvi-05-xii-2012\/"},"author":{"name":"Paroquia de Queijas","@id":"https:\/\/paroquiaqueijas.net\/portal\/#\/schema\/person\/07bb4cce216326e06b6f742b719ebec7"},"headline":"Audi\u00eancia Geral de Bento XVI &#8211; 05-XII-2012","datePublished":"2012-12-10T23:26:55+00:00","dateModified":"2026-03-21T15:41:24+00:00","mainEntityOfPage":{"@id":"https:\/\/paroquiaqueijas.net\/portal\/audiencia-geral-de-bento-xvi-05-xii-2012\/"},"wordCount":1826,"commentCount":0,"publisher":{"@id":"https:\/\/paroquiaqueijas.net\/portal\/#organization"},"image":{"@id":"https:\/\/paroquiaqueijas.net\/portal\/audiencia-geral-de-bento-xvi-05-xii-2012\/#primaryimage"},"thumbnailUrl":"https:\/\/paroquiaqueijas.net\/portal\/wp-content\/uploads\/2012\/10\/AudPapal.jpg","articleSection":["Papa Bento XVI"],"inLanguage":"pt-PT","potentialAction":[{"@type":"CommentAction","name":"Comment","target":["https:\/\/paroquiaqueijas.net\/portal\/audiencia-geral-de-bento-xvi-05-xii-2012\/#respond"]}]},{"@type":"WebPage","@id":"https:\/\/paroquiaqueijas.net\/portal\/audiencia-geral-de-bento-xvi-05-xii-2012\/","url":"https:\/\/paroquiaqueijas.net\/portal\/audiencia-geral-de-bento-xvi-05-xii-2012\/","name":"Audi\u00eancia Geral de Bento XVI - 05-XII-2012 - Paroquia de Queijas","isPartOf":{"@id":"https:\/\/paroquiaqueijas.net\/portal\/#website"},"primaryImageOfPage":{"@id":"https:\/\/paroquiaqueijas.net\/portal\/audiencia-geral-de-bento-xvi-05-xii-2012\/#primaryimage"},"image":{"@id":"https:\/\/paroquiaqueijas.net\/portal\/audiencia-geral-de-bento-xvi-05-xii-2012\/#primaryimage"},"thumbnailUrl":"https:\/\/paroquiaqueijas.net\/portal\/wp-content\/uploads\/2012\/10\/AudPapal.jpg","datePublished":"2012-12-10T23:26:55+00:00","dateModified":"2026-03-21T15:41:24+00:00","breadcrumb":{"@id":"https:\/\/paroquiaqueijas.net\/portal\/audiencia-geral-de-bento-xvi-05-xii-2012\/#breadcrumb"},"inLanguage":"pt-PT","potentialAction":[{"@type":"ReadAction","target":["https:\/\/paroquiaqueijas.net\/portal\/audiencia-geral-de-bento-xvi-05-xii-2012\/"]}]},{"@type":"ImageObject","inLanguage":"pt-PT","@id":"https:\/\/paroquiaqueijas.net\/portal\/audiencia-geral-de-bento-xvi-05-xii-2012\/#primaryimage","url":"https:\/\/paroquiaqueijas.net\/portal\/wp-content\/uploads\/2012\/10\/AudPapal.jpg","contentUrl":"https:\/\/paroquiaqueijas.net\/portal\/wp-content\/uploads\/2012\/10\/AudPapal.jpg","width":772,"height":137,"caption":"AudPapal"},{"@type":"BreadcrumbList","@id":"https:\/\/paroquiaqueijas.net\/portal\/audiencia-geral-de-bento-xvi-05-xii-2012\/#breadcrumb","itemListElement":[{"@type":"ListItem","position":1,"name":"In\u00edcio","item":"https:\/\/paroquiaqueijas.net\/portal\/"},{"@type":"ListItem","position":2,"name":"Audi\u00eancia Geral de Bento XVI &#8211; 05-XII-2012"}]},{"@type":"WebSite","@id":"https:\/\/paroquiaqueijas.net\/portal\/#website","url":"https:\/\/paroquiaqueijas.net\/portal\/","name":"Paroquia de Queijas","description":"","publisher":{"@id":"https:\/\/paroquiaqueijas.net\/portal\/#organization"},"potentialAction":[{"@type":"SearchAction","target":{"@type":"EntryPoint","urlTemplate":"https:\/\/paroquiaqueijas.net\/portal\/?s={search_term_string}"},"query-input":{"@type":"PropertyValueSpecification","valueRequired":true,"valueName":"search_term_string"}}],"inLanguage":"pt-PT"},{"@type":"Organization","@id":"https:\/\/paroquiaqueijas.net\/portal\/#organization","name":"Paroquia de Queijas","url":"https:\/\/paroquiaqueijas.net\/portal\/","logo":{"@type":"ImageObject","inLanguage":"pt-PT","@id":"https:\/\/paroquiaqueijas.net\/portal\/#\/schema\/logo\/image\/","url":"https:\/\/paroquiaqueijas.net\/portal\/wp-content\/uploads\/2026\/03\/LogoQueijas_novo.png","contentUrl":"https:\/\/paroquiaqueijas.net\/portal\/wp-content\/uploads\/2026\/03\/LogoQueijas_novo.png","width":520,"height":519,"caption":"Paroquia de Queijas"},"image":{"@id":"https:\/\/paroquiaqueijas.net\/portal\/#\/schema\/logo\/image\/"},"sameAs":["https:\/\/www.facebook.com\/paroquiaqueijas\/"]},{"@type":"Person","@id":"https:\/\/paroquiaqueijas.net\/portal\/#\/schema\/person\/07bb4cce216326e06b6f742b719ebec7","name":"Paroquia de Queijas","image":{"@type":"ImageObject","inLanguage":"pt-PT","@id":"https:\/\/secure.gravatar.com\/avatar\/5054571ff5d2454cd50657fc4e61d0c32d7a5d0d3b36ef6c0f6e269276d13618?s=96&d=mm&r=g","url":"https:\/\/secure.gravatar.com\/avatar\/5054571ff5d2454cd50657fc4e61d0c32d7a5d0d3b36ef6c0f6e269276d13618?s=96&d=mm&r=g","contentUrl":"https:\/\/secure.gravatar.com\/avatar\/5054571ff5d2454cd50657fc4e61d0c32d7a5d0d3b36ef6c0f6e269276d13618?s=96&d=mm&r=g","caption":"Paroquia de Queijas"},"sameAs":["https:\/\/paroquiaqueijas.net\/site"],"url":"https:\/\/paroquiaqueijas.net\/portal\/author\/admin1\/"}]}},"_links":{"self":[{"href":"https:\/\/paroquiaqueijas.net\/portal\/wp-json\/wp\/v2\/posts\/1034","targetHints":{"allow":["GET"]}}],"collection":[{"href":"https:\/\/paroquiaqueijas.net\/portal\/wp-json\/wp\/v2\/posts"}],"about":[{"href":"https:\/\/paroquiaqueijas.net\/portal\/wp-json\/wp\/v2\/types\/post"}],"author":[{"embeddable":true,"href":"https:\/\/paroquiaqueijas.net\/portal\/wp-json\/wp\/v2\/users\/1"}],"replies":[{"embeddable":true,"href":"https:\/\/paroquiaqueijas.net\/portal\/wp-json\/wp\/v2\/comments?post=1034"}],"version-history":[{"count":1,"href":"https:\/\/paroquiaqueijas.net\/portal\/wp-json\/wp\/v2\/posts\/1034\/revisions"}],"predecessor-version":[{"id":2593,"href":"https:\/\/paroquiaqueijas.net\/portal\/wp-json\/wp\/v2\/posts\/1034\/revisions\/2593"}],"wp:featuredmedia":[{"embeddable":true,"href":"https:\/\/paroquiaqueijas.net\/portal\/wp-json\/wp\/v2\/media\/995"}],"wp:attachment":[{"href":"https:\/\/paroquiaqueijas.net\/portal\/wp-json\/wp\/v2\/media?parent=1034"}],"wp:term":[{"taxonomy":"category","embeddable":true,"href":"https:\/\/paroquiaqueijas.net\/portal\/wp-json\/wp\/v2\/categories?post=1034"},{"taxonomy":"post_tag","embeddable":true,"href":"https:\/\/paroquiaqueijas.net\/portal\/wp-json\/wp\/v2\/tags?post=1034"}],"curies":[{"name":"wp","href":"https:\/\/api.w.org\/{rel}","templated":true}]}}