{"id":1043,"date":"2012-12-28T22:09:21","date_gmt":"2012-12-28T22:09:21","guid":{"rendered":"https:\/\/paroquiaqueijas.net\/site\/?p=1043"},"modified":"2026-03-21T15:41:24","modified_gmt":"2026-03-21T15:41:24","slug":"bencao-urbi-et-orbi","status":"publish","type":"post","link":"https:\/\/paroquiaqueijas.net\/portal\/bencao-urbi-et-orbi\/","title":{"rendered":"B\u00ean\u00e7\u00e3o Urbi et Orbi"},"content":{"rendered":"<p><strong>B\u00ean\u00e7\u00e3o Urbi et Orbi<img decoding=\"async\" class=\" alignright size-full wp-image-1042\" style=\"margin: 0px 0px 0px 8px; float: right;\" src=\"https:\/\/paroquiaqueijas.net\/portal\/wp-content\/uploads\/2012\/12\/Bento4a.jpg\" alt=\"Bento4a\" width=\"150\" height=\"109\" srcset=\"https:\/\/paroquiaqueijas.net\/portal\/wp-content\/uploads\/2012\/12\/Bento4a.jpg 400w, https:\/\/paroquiaqueijas.net\/portal\/wp-content\/uploads\/2012\/12\/Bento4a-300x218.jpg 300w\" sizes=\"(max-width: 150px) 100vw, 150px\" \/><\/strong><\/span><br \/>\n<strong>Mensagem Natal\u00edcia do Papa Bento XVI<\/strong><\/span><br \/>\n\u00ab<span style=\"font-size: 8pt;\">Veritas de terra orta est! <\/span>\u2013 A verdade germinou da terra\u00bb <span style=\"font-size: 8pt;\">(Sal 85, 12)<\/span>.<\/span><\/p>\n<p>Amados irm\u00e3os e irm\u00e3s de Roma e do mundo inteiro, boas-festas de Natal para todos v\u00f3s e vossas fam\u00edlias!<\/span><\/p>\n<p><!--more--><\/p>\n<p>Os meus votos de Natal, neste Ano da F\u00e9, exprimo-os com as palavras seguintes, tiradas de um Salmo: \u00abA verdade germinou da terra\u00bb. Realmente, no texto do Salmo, a frase est\u00e1 no futuro: \u00abA verdade germinar\u00e1 da terra\u00bb: \u00e9 um an\u00fancio, uma promessa, acompanhada por outras express\u00f5es que, juntas, ecoam assim: \u00abO amor e a verdade v\u00e3o encontrar-se. \/ V\u00e3o beijar-se a justi\u00e7a e a paz. \/ A verdade germinar\u00e1 da terra \/ e a justi\u00e7a descer\u00e1 do c\u00e9u. \/ O pr\u00f3prio Senhor nos dar\u00e1 os seus bens \/ e a nossa terra produzir\u00e1 os seus frutos. \/ A justi\u00e7a caminhar\u00e1 diante dele \/ e a paz, no rasto dos seus p\u00e9s\u00bb (Sal 85, 11-14).<\/span><\/p>\n<p>Hoje cumpriu-se esta palavra prof\u00e9tica! Em Jesus, nascido da Virgem Maria em Bel\u00e9m, &#8211; encontram-se realmente o amor e a verdade, beijaram-se a justi\u00e7a e a paz; a verdade germinou da terra e a justi\u00e7a desceu do c\u00e9u. Com feliz concis\u00e3o, explica Santo Agostinho: \u00abQue \u00e9 a verdade? O Filho de Deus. Que \u00e9 a terra? A carne. Interroga-te donde nasceu Cristo, e v\u00ea por que a verdade germinou da terra; (&#8230;) a verdade nasceu da Virgem Maria\u00bb (En. in Ps. 84, 13). E, num serm\u00e3o do Natal, afirma: \u00abAssim, com esta festa que acontece cada ano, celebramos o dia em que se cumpriu a profecia: &#8220;A verdade germinou da terra e a justi\u00e7a desceu do c\u00e9u&#8221;. A Verdade, que est\u00e1 no seio do Pai, germinou da terra, para estar tamb\u00e9m no seio de uma m\u00e3e. A Verdade que segura o mundo inteiro germinou da terra, para ser segurado pelas m\u00e3os de uma mulher. (&#8230;) A Verdade, que o c\u00e9u n\u00e3o consegue conter, germinou da terra, para se reclinar numa manjedoura. Para benef\u00edcio de quem Se fez assim humilde um Deus t\u00e3o sublime? Certamente sem nenhum benef\u00edcio para Ele mesmo, mas com grande proveito para n\u00f3s, se acreditarmos\u00bb (Sermones 185, 1).<\/span><\/p>\n<p>\u00abSe acreditarmos&#8230;\u00bb. <strong>Que grande poder tem a f\u00e9! Deus fez tudo, fez o imposs\u00edvel: fez-Se carne. A sua amorosa omnipot\u00eancia realizou algo que ultrapassa a compreens\u00e3o humana: o Infinito tornou-se menino, entrou na humanidade. E, no entanto, este mesmo Deus n\u00e3o pode entrar no meu cora\u00e7\u00e3o, se n\u00e3o abro eu a porta. Porta fidei! A porta da f\u00e9! Poder\u00edamos ficar assustados com a possibilidade desta nossa omnipot\u00eancia invertida; este poder que o homem tem de se fechar a Deus, pode meter-nos medo. Mas, eis a realidade que afugenta este pensamento tenebroso, a esperan\u00e7a que vence o medo: a verdade germinou! <\/strong>Deus nasceu! \u00abA terra produziu o seu fruto\u00bb (Sal 67, 7). Sim! H\u00e1 uma terra boa, uma terra saud\u00e1vel, livre de todo o ego\u00edsmo e entrincheiramento. H\u00e1, no mundo, uma terra que Deus preparou para vir habitar no meio de n\u00f3s; uma morada, para a sua presen\u00e7a no mundo. Esta terra existe; e tamb\u00e9m hoje, no ano de 2012, desta terra germinou a verdade! Por isso, h\u00e1 esperan\u00e7a no mundo, uma esperan\u00e7a fidedigna, mesmo nos momentos e situa\u00e7\u00f5es mais dif\u00edceis. A verdade germinou, trazendo amor, justi\u00e7a e paz.<\/span><\/p>\n<p>Sim, que a paz germine para o povo da S\u00edria, profundamente ferido e dividido por um conflito que n\u00e3o poupa sequer os inermes, ceifando v\u00edtimas inocentes. Uma vez mais fa\u00e7o apelo para que cesse o derramamento de sangue, se facilite o socorro aos pr\u00f3fugos e deslocados e se procure, atrav\u00e9s do di\u00e1logo, uma solu\u00e7\u00e3o para o conflito.<\/span><\/p>\n<p>A paz germine na Terra onde nasceu o Redentor; que Ele d\u00ea aos Israelitas e Palestinianos a coragem de por termo a tantos, demasiados, anos de lutas e divis\u00f5es e empreender, com decis\u00e3o, o caminho das negocia\u00e7\u00f5es.<\/span><\/p>\n<p>Nos pa\u00edses do norte de \u00c1frica, em profunda transi\u00e7\u00e3o \u00e0 procura de um novo futuro \u2013 nomeadamente o Egipto, terra amada e aben\u00e7oada pela inf\u00e2ncia de Jesus \u2013, que os cidad\u00e3os construam, juntos, sociedades baseadas na justi\u00e7a, no respeito da liberdade e da dignidade de cada pessoa.<\/span><\/p>\n<p>A paz germine no vasto continente asi\u00e1tico. Jesus Menino olhe com benevol\u00eancia para os numerosos povos que habitam naquelas terras e, de modo especial, para quantos cr\u00eaem n&#8217;Ele. Que o Rei da Paz pouse o seu olhar tamb\u00e9m sobre os novos dirigentes da Rep\u00fablica Popular da China pela alta tarefa que os aguarda. Espero que, no desempenho da mesma, se valorize o contributo das religi\u00f5es, no respeito de cada uma delas, de modo que as mesmas possam contribuir para a constru\u00e7\u00e3o duma sociedade solid\u00e1ria, para beneficio daquele nobre povo e do mundo inteiro.<\/span><\/p>\n<p>Que o Natal de Cristo favore\u00e7a o retorno da paz ao Mali e da conc\u00f3rdia \u00e0 Nig\u00e9ria, onde horrendos atentados terroristas continuam a ceifar v\u00edtimas, nomeadamente entre os crist\u00e3os. O Redentor proporcione aux\u00edlio e conforto aos pr\u00f3fugos do leste da Rep\u00fablica Democr\u00e1tica do Congo e conceda paz ao Qu\u00e9nia, onde sangrentos atentados se abateram sobre a popula\u00e7\u00e3o civil e os lugares de culto.<\/span><\/p>\n<p>Jesus Menino aben\u00e7oe os in\u00fameros fi\u00e9is que O celebram na Am\u00e9rica Latina. Fa\u00e7a crescer as suas virtudes humanas e crist\u00e3s, sustente quanto se v\u00eaem obrigados a emigrar para longe da pr\u00f3pria fam\u00edlia e da sua terra, revigore os governantes no seu empenho pelo desenvolvimento e na luta contra a criminalidade.<\/span><\/p>\n<p>Amados irm\u00e3os e irm\u00e3s! Amor e verdade, justi\u00e7a e paz encontraram-se, encarnaram no homem nascido de Maria, em Bel\u00e9m. Aquele homem \u00e9 o Filho de Deus, \u00e9 Deus que apareceu na hist\u00f3ria. O seu nascimento \u00e9 um rebento de vida nova para toda a humanidade. Possa cada terra tornar-se uma terra boa, que acolhe e faz germinar o amor, a verdade, a justi\u00e7a e a paz. Bom Natal para todos!<\/span><\/p>\n<div style=\"text-align: right;\"><strong>Papa Bento XVI <\/strong><br \/>Pra\u00e7a de S. Pedro, 25-12-2012<\/p>\n","protected":false},"excerpt":{"rendered":"<p>B\u00ean\u00e7\u00e3o Urbi et Orbi Mensagem Natal\u00edcia do Papa Bento XVI \u00abVeritas de terra orta est! \u2013 A verdade germinou da [&hellip;]<\/p>\n","protected":false},"author":1,"featured_media":1042,"comment_status":"open","ping_status":"open","sticky":false,"template":"","format":"standard","meta":{"site-sidebar-layout":"default","site-content-layout":"","ast-site-content-layout":"default","site-content-style":"default","site-sidebar-style":"default","ast-global-header-display":"","ast-banner-title-visibility":"","ast-main-header-display":"","ast-hfb-above-header-display":"","ast-hfb-below-header-display":"","ast-hfb-mobile-header-display":"","site-post-title":"","ast-breadcrumbs-content":"","ast-featured-img":"","footer-sml-layout":"","ast-disable-related-posts":"","theme-transparent-header-meta":"","adv-header-id-meta":"","stick-header-meta":"","header-above-stick-meta":"","header-main-stick-meta":"","header-below-stick-meta":"","astra-migrate-meta-layouts":"default","ast-page-background-enabled":"default","ast-page-background-meta":{"desktop":{"background-color":"var(--ast-global-color-5)","background-image":"","background-repeat":"repeat","background-position":"center center","background-size":"auto","background-attachment":"scroll","background-type":"","background-media":"","overlay-type":"","overlay-color":"","overlay-opacity":"","overlay-gradient":""},"tablet":{"background-color":"","background-image":"","background-repeat":"repeat","background-position":"center center","background-size":"auto","background-attachment":"scroll","background-type":"","background-media":"","overlay-type":"","overlay-color":"","overlay-opacity":"","overlay-gradient":""},"mobile":{"background-color":"","background-image":"","background-repeat":"repeat","background-position":"center center","background-size":"auto","background-attachment":"scroll","background-type":"","background-media":"","overlay-type":"","overlay-color":"","overlay-opacity":"","overlay-gradient":""}},"ast-content-background-meta":{"desktop":{"background-color":"var(--ast-global-color-4)","background-image":"","background-repeat":"repeat","background-position":"center center","background-size":"auto","background-attachment":"scroll","background-type":"","background-media":"","overlay-type":"","overlay-color":"","overlay-opacity":"","overlay-gradient":""},"tablet":{"background-color":"var(--ast-global-color-4)","background-image":"","background-repeat":"repeat","background-position":"center center","background-size":"auto","background-attachment":"scroll","background-type":"","background-media":"","overlay-type":"","overlay-color":"","overlay-opacity":"","overlay-gradient":""},"mobile":{"background-color":"var(--ast-global-color-4)","background-image":"","background-repeat":"repeat","background-position":"center center","background-size":"auto","background-attachment":"scroll","background-type":"","background-media":"","overlay-type":"","overlay-color":"","overlay-opacity":"","overlay-gradient":""}},"footnotes":""},"categories":[14],"tags":[],"class_list":["post-1043","post","type-post","status-publish","format-standard","has-post-thumbnail","hentry","category-papa-bento-xvi"],"yoast_head":"<!-- This site is optimized with the Yoast SEO plugin v27.4 - https:\/\/yoast.com\/product\/yoast-seo-wordpress\/ -->\n<title>B\u00ean\u00e7\u00e3o Urbi et Orbi - Paroquia de Queijas<\/title>\n<meta name=\"robots\" content=\"index, follow, max-snippet:-1, max-image-preview:large, max-video-preview:-1\" \/>\n<link rel=\"canonical\" href=\"https:\/\/paroquiaqueijas.net\/portal\/bencao-urbi-et-orbi\/\" \/>\n<meta property=\"og:locale\" content=\"pt_PT\" \/>\n<meta property=\"og:type\" content=\"article\" \/>\n<meta property=\"og:title\" content=\"B\u00ean\u00e7\u00e3o Urbi et Orbi - Paroquia de Queijas\" \/>\n<meta property=\"og:description\" content=\"B\u00ean\u00e7\u00e3o Urbi et Orbi Mensagem Natal\u00edcia do Papa Bento XVI \u00abVeritas de terra orta est! \u2013 A verdade germinou da [&hellip;]\" \/>\n<meta property=\"og:url\" content=\"https:\/\/paroquiaqueijas.net\/portal\/bencao-urbi-et-orbi\/\" \/>\n<meta property=\"og:site_name\" content=\"Paroquia de Queijas\" \/>\n<meta property=\"article:publisher\" content=\"https:\/\/www.facebook.com\/paroquiaqueijas\/\" \/>\n<meta property=\"article:published_time\" content=\"2012-12-28T22:09:21+00:00\" \/>\n<meta property=\"article:modified_time\" content=\"2026-03-21T15:41:24+00:00\" \/>\n<meta property=\"og:image\" content=\"https:\/\/paroquiaqueijas.net\/portal\/wp-content\/uploads\/2012\/12\/Bento4a.jpg\" \/>\n\t<meta property=\"og:image:width\" content=\"400\" \/>\n\t<meta property=\"og:image:height\" content=\"290\" \/>\n\t<meta property=\"og:image:type\" content=\"image\/jpeg\" \/>\n<meta name=\"author\" content=\"Paroquia de Queijas\" \/>\n<meta name=\"twitter:card\" content=\"summary_large_image\" \/>\n<meta name=\"twitter:label1\" content=\"Escrito por\" \/>\n\t<meta name=\"twitter:data1\" content=\"Paroquia de Queijas\" \/>\n\t<meta name=\"twitter:label2\" content=\"Tempo estimado de leitura\" \/>\n\t<meta name=\"twitter:data2\" content=\"5 minutos\" \/>\n<script type=\"application\/ld+json\" class=\"yoast-schema-graph\">{\"@context\":\"https:\\\/\\\/schema.org\",\"@graph\":[{\"@type\":\"Article\",\"@id\":\"https:\\\/\\\/paroquiaqueijas.net\\\/portal\\\/bencao-urbi-et-orbi\\\/#article\",\"isPartOf\":{\"@id\":\"https:\\\/\\\/paroquiaqueijas.net\\\/portal\\\/bencao-urbi-et-orbi\\\/\"},\"author\":{\"name\":\"Paroquia de Queijas\",\"@id\":\"https:\\\/\\\/paroquiaqueijas.net\\\/portal\\\/#\\\/schema\\\/person\\\/07bb4cce216326e06b6f742b719ebec7\"},\"headline\":\"B\u00ean\u00e7\u00e3o Urbi et Orbi\",\"datePublished\":\"2012-12-28T22:09:21+00:00\",\"dateModified\":\"2026-03-21T15:41:24+00:00\",\"mainEntityOfPage\":{\"@id\":\"https:\\\/\\\/paroquiaqueijas.net\\\/portal\\\/bencao-urbi-et-orbi\\\/\"},\"wordCount\":1056,\"commentCount\":0,\"publisher\":{\"@id\":\"https:\\\/\\\/paroquiaqueijas.net\\\/portal\\\/#organization\"},\"image\":{\"@id\":\"https:\\\/\\\/paroquiaqueijas.net\\\/portal\\\/bencao-urbi-et-orbi\\\/#primaryimage\"},\"thumbnailUrl\":\"https:\\\/\\\/paroquiaqueijas.net\\\/portal\\\/wp-content\\\/uploads\\\/2012\\\/12\\\/Bento4a.jpg\",\"articleSection\":[\"Papa Bento XVI\"],\"inLanguage\":\"pt-PT\",\"potentialAction\":[{\"@type\":\"CommentAction\",\"name\":\"Comment\",\"target\":[\"https:\\\/\\\/paroquiaqueijas.net\\\/portal\\\/bencao-urbi-et-orbi\\\/#respond\"]}]},{\"@type\":\"WebPage\",\"@id\":\"https:\\\/\\\/paroquiaqueijas.net\\\/portal\\\/bencao-urbi-et-orbi\\\/\",\"url\":\"https:\\\/\\\/paroquiaqueijas.net\\\/portal\\\/bencao-urbi-et-orbi\\\/\",\"name\":\"B\u00ean\u00e7\u00e3o Urbi et Orbi - Paroquia de Queijas\",\"isPartOf\":{\"@id\":\"https:\\\/\\\/paroquiaqueijas.net\\\/portal\\\/#website\"},\"primaryImageOfPage\":{\"@id\":\"https:\\\/\\\/paroquiaqueijas.net\\\/portal\\\/bencao-urbi-et-orbi\\\/#primaryimage\"},\"image\":{\"@id\":\"https:\\\/\\\/paroquiaqueijas.net\\\/portal\\\/bencao-urbi-et-orbi\\\/#primaryimage\"},\"thumbnailUrl\":\"https:\\\/\\\/paroquiaqueijas.net\\\/portal\\\/wp-content\\\/uploads\\\/2012\\\/12\\\/Bento4a.jpg\",\"datePublished\":\"2012-12-28T22:09:21+00:00\",\"dateModified\":\"2026-03-21T15:41:24+00:00\",\"breadcrumb\":{\"@id\":\"https:\\\/\\\/paroquiaqueijas.net\\\/portal\\\/bencao-urbi-et-orbi\\\/#breadcrumb\"},\"inLanguage\":\"pt-PT\",\"potentialAction\":[{\"@type\":\"ReadAction\",\"target\":[\"https:\\\/\\\/paroquiaqueijas.net\\\/portal\\\/bencao-urbi-et-orbi\\\/\"]}]},{\"@type\":\"ImageObject\",\"inLanguage\":\"pt-PT\",\"@id\":\"https:\\\/\\\/paroquiaqueijas.net\\\/portal\\\/bencao-urbi-et-orbi\\\/#primaryimage\",\"url\":\"https:\\\/\\\/paroquiaqueijas.net\\\/portal\\\/wp-content\\\/uploads\\\/2012\\\/12\\\/Bento4a.jpg\",\"contentUrl\":\"https:\\\/\\\/paroquiaqueijas.net\\\/portal\\\/wp-content\\\/uploads\\\/2012\\\/12\\\/Bento4a.jpg\",\"width\":400,\"height\":290,\"caption\":\"Bento4a\"},{\"@type\":\"BreadcrumbList\",\"@id\":\"https:\\\/\\\/paroquiaqueijas.net\\\/portal\\\/bencao-urbi-et-orbi\\\/#breadcrumb\",\"itemListElement\":[{\"@type\":\"ListItem\",\"position\":1,\"name\":\"In\u00edcio\",\"item\":\"https:\\\/\\\/paroquiaqueijas.net\\\/portal\\\/\"},{\"@type\":\"ListItem\",\"position\":2,\"name\":\"B\u00ean\u00e7\u00e3o Urbi et Orbi\"}]},{\"@type\":\"WebSite\",\"@id\":\"https:\\\/\\\/paroquiaqueijas.net\\\/portal\\\/#website\",\"url\":\"https:\\\/\\\/paroquiaqueijas.net\\\/portal\\\/\",\"name\":\"Paroquia de Queijas\",\"description\":\"\",\"publisher\":{\"@id\":\"https:\\\/\\\/paroquiaqueijas.net\\\/portal\\\/#organization\"},\"potentialAction\":[{\"@type\":\"SearchAction\",\"target\":{\"@type\":\"EntryPoint\",\"urlTemplate\":\"https:\\\/\\\/paroquiaqueijas.net\\\/portal\\\/?s={search_term_string}\"},\"query-input\":{\"@type\":\"PropertyValueSpecification\",\"valueRequired\":true,\"valueName\":\"search_term_string\"}}],\"inLanguage\":\"pt-PT\"},{\"@type\":\"Organization\",\"@id\":\"https:\\\/\\\/paroquiaqueijas.net\\\/portal\\\/#organization\",\"name\":\"Paroquia de Queijas\",\"url\":\"https:\\\/\\\/paroquiaqueijas.net\\\/portal\\\/\",\"logo\":{\"@type\":\"ImageObject\",\"inLanguage\":\"pt-PT\",\"@id\":\"https:\\\/\\\/paroquiaqueijas.net\\\/portal\\\/#\\\/schema\\\/logo\\\/image\\\/\",\"url\":\"https:\\\/\\\/paroquiaqueijas.net\\\/portal\\\/wp-content\\\/uploads\\\/2026\\\/03\\\/LogoQueijas_novo.png\",\"contentUrl\":\"https:\\\/\\\/paroquiaqueijas.net\\\/portal\\\/wp-content\\\/uploads\\\/2026\\\/03\\\/LogoQueijas_novo.png\",\"width\":520,\"height\":519,\"caption\":\"Paroquia de Queijas\"},\"image\":{\"@id\":\"https:\\\/\\\/paroquiaqueijas.net\\\/portal\\\/#\\\/schema\\\/logo\\\/image\\\/\"},\"sameAs\":[\"https:\\\/\\\/www.facebook.com\\\/paroquiaqueijas\\\/\"]},{\"@type\":\"Person\",\"@id\":\"https:\\\/\\\/paroquiaqueijas.net\\\/portal\\\/#\\\/schema\\\/person\\\/07bb4cce216326e06b6f742b719ebec7\",\"name\":\"Paroquia de Queijas\",\"image\":{\"@type\":\"ImageObject\",\"inLanguage\":\"pt-PT\",\"@id\":\"https:\\\/\\\/secure.gravatar.com\\\/avatar\\\/5054571ff5d2454cd50657fc4e61d0c32d7a5d0d3b36ef6c0f6e269276d13618?s=96&d=mm&r=g\",\"url\":\"https:\\\/\\\/secure.gravatar.com\\\/avatar\\\/5054571ff5d2454cd50657fc4e61d0c32d7a5d0d3b36ef6c0f6e269276d13618?s=96&d=mm&r=g\",\"contentUrl\":\"https:\\\/\\\/secure.gravatar.com\\\/avatar\\\/5054571ff5d2454cd50657fc4e61d0c32d7a5d0d3b36ef6c0f6e269276d13618?s=96&d=mm&r=g\",\"caption\":\"Paroquia de Queijas\"},\"sameAs\":[\"https:\\\/\\\/paroquiaqueijas.net\\\/site\"],\"url\":\"https:\\\/\\\/paroquiaqueijas.net\\\/portal\\\/author\\\/admin1\\\/\"}]}<\/script>\n<!-- \/ Yoast SEO plugin. -->","yoast_head_json":{"title":"B\u00ean\u00e7\u00e3o Urbi et Orbi - Paroquia de Queijas","robots":{"index":"index","follow":"follow","max-snippet":"max-snippet:-1","max-image-preview":"max-image-preview:large","max-video-preview":"max-video-preview:-1"},"canonical":"https:\/\/paroquiaqueijas.net\/portal\/bencao-urbi-et-orbi\/","og_locale":"pt_PT","og_type":"article","og_title":"B\u00ean\u00e7\u00e3o Urbi et Orbi - Paroquia de Queijas","og_description":"B\u00ean\u00e7\u00e3o Urbi et Orbi Mensagem Natal\u00edcia do Papa Bento XVI \u00abVeritas de terra orta est! \u2013 A verdade germinou da [&hellip;]","og_url":"https:\/\/paroquiaqueijas.net\/portal\/bencao-urbi-et-orbi\/","og_site_name":"Paroquia de Queijas","article_publisher":"https:\/\/www.facebook.com\/paroquiaqueijas\/","article_published_time":"2012-12-28T22:09:21+00:00","article_modified_time":"2026-03-21T15:41:24+00:00","og_image":[{"width":400,"height":290,"url":"https:\/\/paroquiaqueijas.net\/portal\/wp-content\/uploads\/2012\/12\/Bento4a.jpg","type":"image\/jpeg"}],"author":"Paroquia de Queijas","twitter_card":"summary_large_image","twitter_misc":{"Escrito por":"Paroquia de Queijas","Tempo estimado de leitura":"5 minutos"},"schema":{"@context":"https:\/\/schema.org","@graph":[{"@type":"Article","@id":"https:\/\/paroquiaqueijas.net\/portal\/bencao-urbi-et-orbi\/#article","isPartOf":{"@id":"https:\/\/paroquiaqueijas.net\/portal\/bencao-urbi-et-orbi\/"},"author":{"name":"Paroquia de Queijas","@id":"https:\/\/paroquiaqueijas.net\/portal\/#\/schema\/person\/07bb4cce216326e06b6f742b719ebec7"},"headline":"B\u00ean\u00e7\u00e3o Urbi et Orbi","datePublished":"2012-12-28T22:09:21+00:00","dateModified":"2026-03-21T15:41:24+00:00","mainEntityOfPage":{"@id":"https:\/\/paroquiaqueijas.net\/portal\/bencao-urbi-et-orbi\/"},"wordCount":1056,"commentCount":0,"publisher":{"@id":"https:\/\/paroquiaqueijas.net\/portal\/#organization"},"image":{"@id":"https:\/\/paroquiaqueijas.net\/portal\/bencao-urbi-et-orbi\/#primaryimage"},"thumbnailUrl":"https:\/\/paroquiaqueijas.net\/portal\/wp-content\/uploads\/2012\/12\/Bento4a.jpg","articleSection":["Papa Bento XVI"],"inLanguage":"pt-PT","potentialAction":[{"@type":"CommentAction","name":"Comment","target":["https:\/\/paroquiaqueijas.net\/portal\/bencao-urbi-et-orbi\/#respond"]}]},{"@type":"WebPage","@id":"https:\/\/paroquiaqueijas.net\/portal\/bencao-urbi-et-orbi\/","url":"https:\/\/paroquiaqueijas.net\/portal\/bencao-urbi-et-orbi\/","name":"B\u00ean\u00e7\u00e3o Urbi et Orbi - Paroquia de Queijas","isPartOf":{"@id":"https:\/\/paroquiaqueijas.net\/portal\/#website"},"primaryImageOfPage":{"@id":"https:\/\/paroquiaqueijas.net\/portal\/bencao-urbi-et-orbi\/#primaryimage"},"image":{"@id":"https:\/\/paroquiaqueijas.net\/portal\/bencao-urbi-et-orbi\/#primaryimage"},"thumbnailUrl":"https:\/\/paroquiaqueijas.net\/portal\/wp-content\/uploads\/2012\/12\/Bento4a.jpg","datePublished":"2012-12-28T22:09:21+00:00","dateModified":"2026-03-21T15:41:24+00:00","breadcrumb":{"@id":"https:\/\/paroquiaqueijas.net\/portal\/bencao-urbi-et-orbi\/#breadcrumb"},"inLanguage":"pt-PT","potentialAction":[{"@type":"ReadAction","target":["https:\/\/paroquiaqueijas.net\/portal\/bencao-urbi-et-orbi\/"]}]},{"@type":"ImageObject","inLanguage":"pt-PT","@id":"https:\/\/paroquiaqueijas.net\/portal\/bencao-urbi-et-orbi\/#primaryimage","url":"https:\/\/paroquiaqueijas.net\/portal\/wp-content\/uploads\/2012\/12\/Bento4a.jpg","contentUrl":"https:\/\/paroquiaqueijas.net\/portal\/wp-content\/uploads\/2012\/12\/Bento4a.jpg","width":400,"height":290,"caption":"Bento4a"},{"@type":"BreadcrumbList","@id":"https:\/\/paroquiaqueijas.net\/portal\/bencao-urbi-et-orbi\/#breadcrumb","itemListElement":[{"@type":"ListItem","position":1,"name":"In\u00edcio","item":"https:\/\/paroquiaqueijas.net\/portal\/"},{"@type":"ListItem","position":2,"name":"B\u00ean\u00e7\u00e3o Urbi et Orbi"}]},{"@type":"WebSite","@id":"https:\/\/paroquiaqueijas.net\/portal\/#website","url":"https:\/\/paroquiaqueijas.net\/portal\/","name":"Paroquia de Queijas","description":"","publisher":{"@id":"https:\/\/paroquiaqueijas.net\/portal\/#organization"},"potentialAction":[{"@type":"SearchAction","target":{"@type":"EntryPoint","urlTemplate":"https:\/\/paroquiaqueijas.net\/portal\/?s={search_term_string}"},"query-input":{"@type":"PropertyValueSpecification","valueRequired":true,"valueName":"search_term_string"}}],"inLanguage":"pt-PT"},{"@type":"Organization","@id":"https:\/\/paroquiaqueijas.net\/portal\/#organization","name":"Paroquia de Queijas","url":"https:\/\/paroquiaqueijas.net\/portal\/","logo":{"@type":"ImageObject","inLanguage":"pt-PT","@id":"https:\/\/paroquiaqueijas.net\/portal\/#\/schema\/logo\/image\/","url":"https:\/\/paroquiaqueijas.net\/portal\/wp-content\/uploads\/2026\/03\/LogoQueijas_novo.png","contentUrl":"https:\/\/paroquiaqueijas.net\/portal\/wp-content\/uploads\/2026\/03\/LogoQueijas_novo.png","width":520,"height":519,"caption":"Paroquia de Queijas"},"image":{"@id":"https:\/\/paroquiaqueijas.net\/portal\/#\/schema\/logo\/image\/"},"sameAs":["https:\/\/www.facebook.com\/paroquiaqueijas\/"]},{"@type":"Person","@id":"https:\/\/paroquiaqueijas.net\/portal\/#\/schema\/person\/07bb4cce216326e06b6f742b719ebec7","name":"Paroquia de Queijas","image":{"@type":"ImageObject","inLanguage":"pt-PT","@id":"https:\/\/secure.gravatar.com\/avatar\/5054571ff5d2454cd50657fc4e61d0c32d7a5d0d3b36ef6c0f6e269276d13618?s=96&d=mm&r=g","url":"https:\/\/secure.gravatar.com\/avatar\/5054571ff5d2454cd50657fc4e61d0c32d7a5d0d3b36ef6c0f6e269276d13618?s=96&d=mm&r=g","contentUrl":"https:\/\/secure.gravatar.com\/avatar\/5054571ff5d2454cd50657fc4e61d0c32d7a5d0d3b36ef6c0f6e269276d13618?s=96&d=mm&r=g","caption":"Paroquia de Queijas"},"sameAs":["https:\/\/paroquiaqueijas.net\/site"],"url":"https:\/\/paroquiaqueijas.net\/portal\/author\/admin1\/"}]}},"_links":{"self":[{"href":"https:\/\/paroquiaqueijas.net\/portal\/wp-json\/wp\/v2\/posts\/1043","targetHints":{"allow":["GET"]}}],"collection":[{"href":"https:\/\/paroquiaqueijas.net\/portal\/wp-json\/wp\/v2\/posts"}],"about":[{"href":"https:\/\/paroquiaqueijas.net\/portal\/wp-json\/wp\/v2\/types\/post"}],"author":[{"embeddable":true,"href":"https:\/\/paroquiaqueijas.net\/portal\/wp-json\/wp\/v2\/users\/1"}],"replies":[{"embeddable":true,"href":"https:\/\/paroquiaqueijas.net\/portal\/wp-json\/wp\/v2\/comments?post=1043"}],"version-history":[{"count":1,"href":"https:\/\/paroquiaqueijas.net\/portal\/wp-json\/wp\/v2\/posts\/1043\/revisions"}],"predecessor-version":[{"id":2587,"href":"https:\/\/paroquiaqueijas.net\/portal\/wp-json\/wp\/v2\/posts\/1043\/revisions\/2587"}],"wp:featuredmedia":[{"embeddable":true,"href":"https:\/\/paroquiaqueijas.net\/portal\/wp-json\/wp\/v2\/media\/1042"}],"wp:attachment":[{"href":"https:\/\/paroquiaqueijas.net\/portal\/wp-json\/wp\/v2\/media?parent=1043"}],"wp:term":[{"taxonomy":"category","embeddable":true,"href":"https:\/\/paroquiaqueijas.net\/portal\/wp-json\/wp\/v2\/categories?post=1043"},{"taxonomy":"post_tag","embeddable":true,"href":"https:\/\/paroquiaqueijas.net\/portal\/wp-json\/wp\/v2\/tags?post=1043"}],"curies":[{"name":"wp","href":"https:\/\/api.w.org\/{rel}","templated":true}]}}