{"id":1047,"date":"2013-01-01T16:36:04","date_gmt":"2013-01-01T16:36:04","guid":{"rendered":"https:\/\/paroquiaqueijas.net\/site\/?p=1047"},"modified":"2026-03-21T15:41:24","modified_gmt":"2026-03-21T15:41:24","slug":"santuario-da-rocha-confere-indulgencia-plenaria","status":"publish","type":"post","link":"https:\/\/paroquiaqueijas.net\/portal\/santuario-da-rocha-confere-indulgencia-plenaria\/","title":{"rendered":"Santu\u00e1rio da Rocha confere Indulg\u00eancia Plen\u00e1ria"},"content":{"rendered":"<p><strong><img fetchpriority=\"high\" decoding=\"async\" class=\" alignleft size-full wp-image-916\" src=\"https:\/\/paroquiaqueijas.net\/portal\/wp-content\/uploads\/2012\/03\/Patriarca1.jpg\" alt=\"Patriarca1\" width=\"300\" height=\"216\" style=\"margin-right: 6px; float: left;\" \/><\/span><\/strong>Neste Ano da F&eacute;, Sua Em.&ordf; Rev.ma Dom Jos&eacute; da Cruz Cruz Policarpo determinou para a Diocese de Lisboa &ndash; por Decreto de 18 de Dezembro de 2012 &ndash; que os fi&eacute;is que frequentarem o Santu&aacute;rio de Nossa Senhora da Rocha (bem como a S&eacute; Patriarcal, a Igreja de Santa Maria de Bel&eacute;m e outros Santu&aacute;rios) poder&atilde;o alcan&ccedil;ar indulg&ecirc;ncias.<\/span><span style=\"font-size: 8pt;\"><\/span><br \/>\nDOM JOS&Eacute; IV, CARDEAL-PRESB&Iacute;TERO DA SANTA IGREJA ROMANA, DO T&Iacute;TULO DE SANTO ANT&Oacute;NIO DOS PORTUGUESES NO CAMPO DE MARTE, POR MERC&Ecirc; DE DEUS E DA SANTA S&Eacute; APOST&Oacute;LICA, PATRIARCA DE LISBOA.<\/span><\/p>\n<p>Aos que este DECRETO virem, sa&uacute;de e b&ecirc;n&ccedil;&atilde;o.<\/span><\/p>\n<p>Na Carta Apost&oacute;lica Porta Fidei, ao mesmo tempo que convocava o Ano da F&eacute; que estamos a viver, o Santo Padre Bento XVI convidava todos os crist&atilde;os &#8220;a uma aut&ecirc;ntica e renovada convers&atilde;o ao Senhor, &uacute;nico Salvador do mundo&#8221; (PF 6). O Santo Padre afirmava ainda que, em virtude da f&eacute;, a vida nova de Cristo ressuscitado &#8220;molda toda a exist&ecirc;ncia humana segundo a novidade radical da ressurrei&ccedil;&atilde;o. Na medida da sua disponibilidade, os pensamentos e os afetos, a mentalidade e o comportamento do ser humano v&atilde;o sendo, pouco a pouco, purificados e transformados, ao longo dum itiner&aacute;rio jamais de todo completado nesta vida&#8221; (PF 6). Assim, constituindo este um Ano em que &eacute; central o testemunho da f&eacute; por parte dos batizados, n&atilde;o deixa o mesmo de ser para todos um convite &agrave; convers&atilde;o de vida, condi&ccedil;&atilde;o para a fecundidade do pr&oacute;prio testemunho do crente.<\/span><\/p>\n<p>Por seu lado, a Penitenciaria Apost&oacute;lica, por Decreto do passado dia 14 de Setembro de 2012, estabeleceu as condi&ccedil;&otilde;es pelas quais &eacute; poss&iacute;vel enriquecer com &#8220;o dom de Sagradas Indulg&ecirc;ncias as pr&aacute;ticas de piedade especiais a realizar durante o Ano da F&eacute;&#8221;.<\/span><\/p>\n<p>As Indulg&ecirc;ncias, como afirma o Catecismo da Igreja Cat&oacute;lica, consistem na &#8220;remiss&atilde;o, perante Deus, da pena temporal devida aos pecados cuja culpa j&aacute; foi apagada&#8221;, ou seja, do facto de todo o pecado trazer consigo &#8220;um apego desordenado &agrave;s criaturas, o qual precisa de ser purificado&#8221; (1471-1472). Na base da doutrina das indulg&ecirc;ncias est&aacute; a partilha de bens espirituais entre todos os membros da Igreja.<\/span><\/p>\n<p>O referido Decreto da Penitenciaria Apost&oacute;lica determinava ainda que competia ao Ordin&aacute;rio do Lugar estabelecer os lugares sagrados em que, durante o Ano da F&eacute;, os fi&eacute;is pudessem receber o dom das Indulg&ecirc;ncias, sempre que os visitassem &#8220;em forma de peregrina&ccedil;&atilde;o [&#8230;] para ali participarem nalguma fun&ccedil;&atilde;o sagrada ou pelo menos passarem um tempo c&ocirc;ngruo de recolhimento com medita&ccedil;&otilde;es piedosas, concluindo com a recita&ccedil;&atilde;o do Pai Nosso, a Profiss&atilde;o de F&eacute; de qualquer forma leg&iacute;tima, as invoca&ccedil;&otilde;es &agrave; Bem-Aventurada Virgem Maria e, segundo o caso, aos Santos Ap&oacute;stolos ou Padroeiros&#8221;.<\/span><\/p>\n<p>De igual modo, o mesmo Decreto determinava que o Ordin&aacute;rio do Lugar deveria indicar os dias do Ano da F&eacute; em que os fi&eacute;is que, &#8220;em qualquer lugar sagrado participassem numa solene celebra&ccedil;&atilde;o eucar&iacute;stica ou na liturgia das horas, acrescentando a Profiss&atilde;o de F&eacute; de qualquer forma leg&iacute;tima&#8221; pudessem tamb&eacute;m receber o dom das Indulg&ecirc;ncias.<\/span><\/p>\n<p>Assim, no que a N&oacute;s compete, DETERMINAMOS QUE, no Patriarcado de Lisboa, durante o Ano da F&eacute;, os fi&eacute;is, no modo estabelecido pela Igreja, &#8220;poder&atilde;o alcan&ccedil;ar a Indulg&ecirc;ncia Plen&aacute;ria da pena temporal para os pr&oacute;prios pecados, concedida pela miseric&oacute;rdia de Deus, aplic&aacute;vel em sufr&aacute;gio pelas almas dos fi&eacute;is defuntos&#8221;, nas seguintes igrejas e santu&aacute;rios:<\/span><\/p>\n<p>a) S&eacute; Patriarcal e igreja de Santa Maria de Bel&eacute;m (Mosteiro dos Jer&oacute;nimos);<\/span><\/p>\n<p>b) Santu&aacute;rio do Senhor Jesus do Carvalhal; Santu&aacute;rio de Nossa Senhora da Nazar&eacute;; Santu&aacute;rio de Nossa Senhora dos Rem&eacute;dios (Peniche); <strong>Santu&aacute;rio de Nossa Senhora da Rocha (Queijas);<\/strong> Santu&aacute;rio de Nossa Senhora da Piedade da Serra (Almargem do Bispo); Santu&aacute;rio de Nossa Senhora da Piedade da Merceana.<\/span><\/p>\n<p>A mesma Indulg&ecirc;ncia Plen&aacute;ria poder&aacute; ser alcan&ccedil;ada, nas condi&ccedil;&otilde;es atr&aacute;s referidas, nas celebra&ccedil;&otilde;es das Solenidades do Natal, do Tr&iacute;duo Pascal do Senhor, do Pentecostes, do Precios&iacute;ssimo Corpo e Sangue de Nosso Senhor Jesus Cristo e da Sant&iacute;ssima Trindade (Dia da Igreja Diocesana).<\/span><\/p>\n<p>Ainda durante o Ano da F&eacute;, nas igrejas e santu&aacute;rios atr&aacute;s mencionados, e em toda a Diocese durante o tempo da Quaresma, &eacute; concedida a todos os sacerdotes que no Patriarcado podem ouvir confiss&otilde;es a mesma faculdade que o C&acirc;none 508&sect;1 do C&oacute;digo de Direito Can&oacute;nico atribui ao C&oacute;nego Penitenci&aacute;rio da S&eacute; Patriarcal, ou seja, a de absolver no foro sacramental das censuras latae sententiae n&atilde;o declaradas nem reservadas &agrave; S&eacute; Apost&oacute;lica.<\/span><\/p>\n<p>Tais censuras s&atilde;o a excomunh&atilde;o (cc. 1346&sect;1 e 1398), o interdito (cc. 1370&sect;2, 1378&sect;2, 1390&sect;1 e 1394&sect;2) e a suspens&atilde;o (cc. 1370&sect;2, 1378&sect;2, 1383, 1390&sect;1 e 1394&sect;1).<\/span><\/p>\n<p>Nestes casos, os confessores, tendo advertido os penitentes da gravidade dos pecados aos quais est&aacute; anexa a censura, imponham-lhes proporcionadas penit&ecirc;ncias sacramentais, particularmente as que conduzam a uma est&aacute;vel emenda de costumes e, segundo a natureza dos casos, obriguem &agrave; repara&ccedil;&atilde;o do esc&acirc;ndalo e dos preju&iacute;zos eventualmente causados.<\/span><\/p>\n<p>Terminado o Ano da F&eacute;, permanecem em vigor as faculdades concedidas pelo Direito e as delegadas pelo Decreto de 25 de Outubro de 1984, do meu saudoso predecessor, Cardeal Patriarca D. Ant&oacute;nio Ribeiro.<\/span><\/p>\n<p style=\"text-align: right;\"><span style=\"font-size: 8pt;\">Lisboa, na C&uacute;ria Patriarcal, aos 18 de Dezembro de 2012<br \/>&dagger; JOS&Eacute;, Cardeal-Patriarca<\/span><\/p>\n<p style=\"text-align: right;\"><span style=\"font-size: 8pt;\">L+S<\/span><\/p>\n<p style=\"text-align: right;\"><span style=\"font-size: 8pt;\">P. Jorge Manuel Tomaz Dias<\/span><span><span style=\"font-size: 8pt;\">, Chanceler<\/span><br \/><\/span><\/p>\n","protected":false},"excerpt":{"rendered":"<p>Neste Ano da F&eacute;, Sua Em.&ordf; Rev.ma Dom Jos&eacute; da Cruz Cruz Policarpo determinou para a Diocese de Lisboa &ndash; [&hellip;]<\/p>\n","protected":false},"author":1,"featured_media":916,"comment_status":"open","ping_status":"open","sticky":false,"template":"","format":"standard","meta":{"site-sidebar-layout":"default","site-content-layout":"","ast-site-content-layout":"default","site-content-style":"default","site-sidebar-style":"default","ast-global-header-display":"","ast-banner-title-visibility":"","ast-main-header-display":"","ast-hfb-above-header-display":"","ast-hfb-below-header-display":"","ast-hfb-mobile-header-display":"","site-post-title":"","ast-breadcrumbs-content":"","ast-featured-img":"","footer-sml-layout":"","ast-disable-related-posts":"","theme-transparent-header-meta":"","adv-header-id-meta":"","stick-header-meta":"","header-above-stick-meta":"","header-main-stick-meta":"","header-below-stick-meta":"","astra-migrate-meta-layouts":"default","ast-page-background-enabled":"default","ast-page-background-meta":{"desktop":{"background-color":"var(--ast-global-color-5)","background-image":"","background-repeat":"repeat","background-position":"center center","background-size":"auto","background-attachment":"scroll","background-type":"","background-media":"","overlay-type":"","overlay-color":"","overlay-opacity":"","overlay-gradient":""},"tablet":{"background-color":"","background-image":"","background-repeat":"repeat","background-position":"center center","background-size":"auto","background-attachment":"scroll","background-type":"","background-media":"","overlay-type":"","overlay-color":"","overlay-opacity":"","overlay-gradient":""},"mobile":{"background-color":"","background-image":"","background-repeat":"repeat","background-position":"center center","background-size":"auto","background-attachment":"scroll","background-type":"","background-media":"","overlay-type":"","overlay-color":"","overlay-opacity":"","overlay-gradient":""}},"ast-content-background-meta":{"desktop":{"background-color":"var(--ast-global-color-4)","background-image":"","background-repeat":"repeat","background-position":"center center","background-size":"auto","background-attachment":"scroll","background-type":"","background-media":"","overlay-type":"","overlay-color":"","overlay-opacity":"","overlay-gradient":""},"tablet":{"background-color":"var(--ast-global-color-4)","background-image":"","background-repeat":"repeat","background-position":"center center","background-size":"auto","background-attachment":"scroll","background-type":"","background-media":"","overlay-type":"","overlay-color":"","overlay-opacity":"","overlay-gradient":""},"mobile":{"background-color":"var(--ast-global-color-4)","background-image":"","background-repeat":"repeat","background-position":"center center","background-size":"auto","background-attachment":"scroll","background-type":"","background-media":"","overlay-type":"","overlay-color":"","overlay-opacity":"","overlay-gradient":""}},"footnotes":""},"categories":[3],"tags":[],"class_list":["post-1047","post","type-post","status-publish","format-standard","has-post-thumbnail","hentry","category-noticias"],"yoast_head":"<!-- This site is optimized with the Yoast SEO plugin v27.4 - https:\/\/yoast.com\/product\/yoast-seo-wordpress\/ -->\n<title>Santu\u00e1rio da Rocha confere Indulg\u00eancia Plen\u00e1ria - Paroquia de Queijas<\/title>\n<meta name=\"robots\" content=\"index, follow, max-snippet:-1, max-image-preview:large, max-video-preview:-1\" \/>\n<link rel=\"canonical\" href=\"https:\/\/paroquiaqueijas.net\/portal\/santuario-da-rocha-confere-indulgencia-plenaria\/\" \/>\n<meta property=\"og:locale\" content=\"pt_PT\" \/>\n<meta property=\"og:type\" content=\"article\" \/>\n<meta property=\"og:title\" content=\"Santu\u00e1rio da Rocha confere Indulg\u00eancia Plen\u00e1ria - Paroquia de Queijas\" \/>\n<meta property=\"og:description\" content=\"Neste Ano da F&eacute;, Sua Em.&ordf; Rev.ma Dom Jos&eacute; da Cruz Cruz Policarpo determinou para a Diocese de Lisboa &ndash; [&hellip;]\" \/>\n<meta property=\"og:url\" content=\"https:\/\/paroquiaqueijas.net\/portal\/santuario-da-rocha-confere-indulgencia-plenaria\/\" \/>\n<meta property=\"og:site_name\" content=\"Paroquia de Queijas\" \/>\n<meta property=\"article:publisher\" content=\"https:\/\/www.facebook.com\/paroquiaqueijas\/\" \/>\n<meta property=\"article:published_time\" content=\"2013-01-01T16:36:04+00:00\" \/>\n<meta property=\"article:modified_time\" content=\"2026-03-21T15:41:24+00:00\" \/>\n<meta property=\"og:image\" content=\"https:\/\/paroquiaqueijas.net\/portal\/wp-content\/uploads\/2012\/03\/Patriarca1.jpg\" \/>\n\t<meta property=\"og:image:width\" content=\"240\" \/>\n\t<meta property=\"og:image:height\" content=\"173\" \/>\n\t<meta property=\"og:image:type\" content=\"image\/jpeg\" \/>\n<meta name=\"author\" content=\"Paroquia de Queijas\" \/>\n<meta name=\"twitter:card\" content=\"summary_large_image\" \/>\n<meta name=\"twitter:label1\" content=\"Escrito por\" \/>\n\t<meta name=\"twitter:data1\" content=\"Paroquia de Queijas\" \/>\n\t<meta name=\"twitter:label2\" content=\"Tempo estimado de leitura\" \/>\n\t<meta name=\"twitter:data2\" content=\"5 minutos\" \/>\n<script type=\"application\/ld+json\" class=\"yoast-schema-graph\">{\"@context\":\"https:\\\/\\\/schema.org\",\"@graph\":[{\"@type\":\"Article\",\"@id\":\"https:\\\/\\\/paroquiaqueijas.net\\\/portal\\\/santuario-da-rocha-confere-indulgencia-plenaria\\\/#article\",\"isPartOf\":{\"@id\":\"https:\\\/\\\/paroquiaqueijas.net\\\/portal\\\/santuario-da-rocha-confere-indulgencia-plenaria\\\/\"},\"author\":{\"name\":\"Paroquia de Queijas\",\"@id\":\"https:\\\/\\\/paroquiaqueijas.net\\\/portal\\\/#\\\/schema\\\/person\\\/07bb4cce216326e06b6f742b719ebec7\"},\"headline\":\"Santu\u00e1rio da Rocha confere Indulg\u00eancia Plen\u00e1ria\",\"datePublished\":\"2013-01-01T16:36:04+00:00\",\"dateModified\":\"2026-03-21T15:41:24+00:00\",\"mainEntityOfPage\":{\"@id\":\"https:\\\/\\\/paroquiaqueijas.net\\\/portal\\\/santuario-da-rocha-confere-indulgencia-plenaria\\\/\"},\"wordCount\":1103,\"commentCount\":0,\"publisher\":{\"@id\":\"https:\\\/\\\/paroquiaqueijas.net\\\/portal\\\/#organization\"},\"image\":{\"@id\":\"https:\\\/\\\/paroquiaqueijas.net\\\/portal\\\/santuario-da-rocha-confere-indulgencia-plenaria\\\/#primaryimage\"},\"thumbnailUrl\":\"https:\\\/\\\/paroquiaqueijas.net\\\/portal\\\/wp-content\\\/uploads\\\/2012\\\/03\\\/Patriarca1.jpg\",\"articleSection\":[\"Not\u00edcias\"],\"inLanguage\":\"pt-PT\",\"potentialAction\":[{\"@type\":\"CommentAction\",\"name\":\"Comment\",\"target\":[\"https:\\\/\\\/paroquiaqueijas.net\\\/portal\\\/santuario-da-rocha-confere-indulgencia-plenaria\\\/#respond\"]}]},{\"@type\":\"WebPage\",\"@id\":\"https:\\\/\\\/paroquiaqueijas.net\\\/portal\\\/santuario-da-rocha-confere-indulgencia-plenaria\\\/\",\"url\":\"https:\\\/\\\/paroquiaqueijas.net\\\/portal\\\/santuario-da-rocha-confere-indulgencia-plenaria\\\/\",\"name\":\"Santu\u00e1rio da Rocha confere Indulg\u00eancia Plen\u00e1ria - Paroquia de Queijas\",\"isPartOf\":{\"@id\":\"https:\\\/\\\/paroquiaqueijas.net\\\/portal\\\/#website\"},\"primaryImageOfPage\":{\"@id\":\"https:\\\/\\\/paroquiaqueijas.net\\\/portal\\\/santuario-da-rocha-confere-indulgencia-plenaria\\\/#primaryimage\"},\"image\":{\"@id\":\"https:\\\/\\\/paroquiaqueijas.net\\\/portal\\\/santuario-da-rocha-confere-indulgencia-plenaria\\\/#primaryimage\"},\"thumbnailUrl\":\"https:\\\/\\\/paroquiaqueijas.net\\\/portal\\\/wp-content\\\/uploads\\\/2012\\\/03\\\/Patriarca1.jpg\",\"datePublished\":\"2013-01-01T16:36:04+00:00\",\"dateModified\":\"2026-03-21T15:41:24+00:00\",\"breadcrumb\":{\"@id\":\"https:\\\/\\\/paroquiaqueijas.net\\\/portal\\\/santuario-da-rocha-confere-indulgencia-plenaria\\\/#breadcrumb\"},\"inLanguage\":\"pt-PT\",\"potentialAction\":[{\"@type\":\"ReadAction\",\"target\":[\"https:\\\/\\\/paroquiaqueijas.net\\\/portal\\\/santuario-da-rocha-confere-indulgencia-plenaria\\\/\"]}]},{\"@type\":\"ImageObject\",\"inLanguage\":\"pt-PT\",\"@id\":\"https:\\\/\\\/paroquiaqueijas.net\\\/portal\\\/santuario-da-rocha-confere-indulgencia-plenaria\\\/#primaryimage\",\"url\":\"https:\\\/\\\/paroquiaqueijas.net\\\/portal\\\/wp-content\\\/uploads\\\/2012\\\/03\\\/Patriarca1.jpg\",\"contentUrl\":\"https:\\\/\\\/paroquiaqueijas.net\\\/portal\\\/wp-content\\\/uploads\\\/2012\\\/03\\\/Patriarca1.jpg\",\"width\":240,\"height\":173,\"caption\":\"Patriarca1\"},{\"@type\":\"BreadcrumbList\",\"@id\":\"https:\\\/\\\/paroquiaqueijas.net\\\/portal\\\/santuario-da-rocha-confere-indulgencia-plenaria\\\/#breadcrumb\",\"itemListElement\":[{\"@type\":\"ListItem\",\"position\":1,\"name\":\"In\u00edcio\",\"item\":\"https:\\\/\\\/paroquiaqueijas.net\\\/portal\\\/\"},{\"@type\":\"ListItem\",\"position\":2,\"name\":\"Santu\u00e1rio da Rocha confere Indulg\u00eancia Plen\u00e1ria\"}]},{\"@type\":\"WebSite\",\"@id\":\"https:\\\/\\\/paroquiaqueijas.net\\\/portal\\\/#website\",\"url\":\"https:\\\/\\\/paroquiaqueijas.net\\\/portal\\\/\",\"name\":\"Paroquia de Queijas\",\"description\":\"\",\"publisher\":{\"@id\":\"https:\\\/\\\/paroquiaqueijas.net\\\/portal\\\/#organization\"},\"potentialAction\":[{\"@type\":\"SearchAction\",\"target\":{\"@type\":\"EntryPoint\",\"urlTemplate\":\"https:\\\/\\\/paroquiaqueijas.net\\\/portal\\\/?s={search_term_string}\"},\"query-input\":{\"@type\":\"PropertyValueSpecification\",\"valueRequired\":true,\"valueName\":\"search_term_string\"}}],\"inLanguage\":\"pt-PT\"},{\"@type\":\"Organization\",\"@id\":\"https:\\\/\\\/paroquiaqueijas.net\\\/portal\\\/#organization\",\"name\":\"Paroquia de Queijas\",\"url\":\"https:\\\/\\\/paroquiaqueijas.net\\\/portal\\\/\",\"logo\":{\"@type\":\"ImageObject\",\"inLanguage\":\"pt-PT\",\"@id\":\"https:\\\/\\\/paroquiaqueijas.net\\\/portal\\\/#\\\/schema\\\/logo\\\/image\\\/\",\"url\":\"https:\\\/\\\/paroquiaqueijas.net\\\/portal\\\/wp-content\\\/uploads\\\/2026\\\/03\\\/LogoQueijas_novo.png\",\"contentUrl\":\"https:\\\/\\\/paroquiaqueijas.net\\\/portal\\\/wp-content\\\/uploads\\\/2026\\\/03\\\/LogoQueijas_novo.png\",\"width\":520,\"height\":519,\"caption\":\"Paroquia de Queijas\"},\"image\":{\"@id\":\"https:\\\/\\\/paroquiaqueijas.net\\\/portal\\\/#\\\/schema\\\/logo\\\/image\\\/\"},\"sameAs\":[\"https:\\\/\\\/www.facebook.com\\\/paroquiaqueijas\\\/\"]},{\"@type\":\"Person\",\"@id\":\"https:\\\/\\\/paroquiaqueijas.net\\\/portal\\\/#\\\/schema\\\/person\\\/07bb4cce216326e06b6f742b719ebec7\",\"name\":\"Paroquia de Queijas\",\"image\":{\"@type\":\"ImageObject\",\"inLanguage\":\"pt-PT\",\"@id\":\"https:\\\/\\\/secure.gravatar.com\\\/avatar\\\/5054571ff5d2454cd50657fc4e61d0c32d7a5d0d3b36ef6c0f6e269276d13618?s=96&d=mm&r=g\",\"url\":\"https:\\\/\\\/secure.gravatar.com\\\/avatar\\\/5054571ff5d2454cd50657fc4e61d0c32d7a5d0d3b36ef6c0f6e269276d13618?s=96&d=mm&r=g\",\"contentUrl\":\"https:\\\/\\\/secure.gravatar.com\\\/avatar\\\/5054571ff5d2454cd50657fc4e61d0c32d7a5d0d3b36ef6c0f6e269276d13618?s=96&d=mm&r=g\",\"caption\":\"Paroquia de Queijas\"},\"sameAs\":[\"https:\\\/\\\/paroquiaqueijas.net\\\/site\"],\"url\":\"https:\\\/\\\/paroquiaqueijas.net\\\/portal\\\/author\\\/admin1\\\/\"}]}<\/script>\n<!-- \/ Yoast SEO plugin. -->","yoast_head_json":{"title":"Santu\u00e1rio da Rocha confere Indulg\u00eancia Plen\u00e1ria - Paroquia de Queijas","robots":{"index":"index","follow":"follow","max-snippet":"max-snippet:-1","max-image-preview":"max-image-preview:large","max-video-preview":"max-video-preview:-1"},"canonical":"https:\/\/paroquiaqueijas.net\/portal\/santuario-da-rocha-confere-indulgencia-plenaria\/","og_locale":"pt_PT","og_type":"article","og_title":"Santu\u00e1rio da Rocha confere Indulg\u00eancia Plen\u00e1ria - Paroquia de Queijas","og_description":"Neste Ano da F&eacute;, Sua Em.&ordf; Rev.ma Dom Jos&eacute; da Cruz Cruz Policarpo determinou para a Diocese de Lisboa &ndash; [&hellip;]","og_url":"https:\/\/paroquiaqueijas.net\/portal\/santuario-da-rocha-confere-indulgencia-plenaria\/","og_site_name":"Paroquia de Queijas","article_publisher":"https:\/\/www.facebook.com\/paroquiaqueijas\/","article_published_time":"2013-01-01T16:36:04+00:00","article_modified_time":"2026-03-21T15:41:24+00:00","og_image":[{"width":240,"height":173,"url":"https:\/\/paroquiaqueijas.net\/portal\/wp-content\/uploads\/2012\/03\/Patriarca1.jpg","type":"image\/jpeg"}],"author":"Paroquia de Queijas","twitter_card":"summary_large_image","twitter_misc":{"Escrito por":"Paroquia de Queijas","Tempo estimado de leitura":"5 minutos"},"schema":{"@context":"https:\/\/schema.org","@graph":[{"@type":"Article","@id":"https:\/\/paroquiaqueijas.net\/portal\/santuario-da-rocha-confere-indulgencia-plenaria\/#article","isPartOf":{"@id":"https:\/\/paroquiaqueijas.net\/portal\/santuario-da-rocha-confere-indulgencia-plenaria\/"},"author":{"name":"Paroquia de Queijas","@id":"https:\/\/paroquiaqueijas.net\/portal\/#\/schema\/person\/07bb4cce216326e06b6f742b719ebec7"},"headline":"Santu\u00e1rio da Rocha confere Indulg\u00eancia Plen\u00e1ria","datePublished":"2013-01-01T16:36:04+00:00","dateModified":"2026-03-21T15:41:24+00:00","mainEntityOfPage":{"@id":"https:\/\/paroquiaqueijas.net\/portal\/santuario-da-rocha-confere-indulgencia-plenaria\/"},"wordCount":1103,"commentCount":0,"publisher":{"@id":"https:\/\/paroquiaqueijas.net\/portal\/#organization"},"image":{"@id":"https:\/\/paroquiaqueijas.net\/portal\/santuario-da-rocha-confere-indulgencia-plenaria\/#primaryimage"},"thumbnailUrl":"https:\/\/paroquiaqueijas.net\/portal\/wp-content\/uploads\/2012\/03\/Patriarca1.jpg","articleSection":["Not\u00edcias"],"inLanguage":"pt-PT","potentialAction":[{"@type":"CommentAction","name":"Comment","target":["https:\/\/paroquiaqueijas.net\/portal\/santuario-da-rocha-confere-indulgencia-plenaria\/#respond"]}]},{"@type":"WebPage","@id":"https:\/\/paroquiaqueijas.net\/portal\/santuario-da-rocha-confere-indulgencia-plenaria\/","url":"https:\/\/paroquiaqueijas.net\/portal\/santuario-da-rocha-confere-indulgencia-plenaria\/","name":"Santu\u00e1rio da Rocha confere Indulg\u00eancia Plen\u00e1ria - Paroquia de Queijas","isPartOf":{"@id":"https:\/\/paroquiaqueijas.net\/portal\/#website"},"primaryImageOfPage":{"@id":"https:\/\/paroquiaqueijas.net\/portal\/santuario-da-rocha-confere-indulgencia-plenaria\/#primaryimage"},"image":{"@id":"https:\/\/paroquiaqueijas.net\/portal\/santuario-da-rocha-confere-indulgencia-plenaria\/#primaryimage"},"thumbnailUrl":"https:\/\/paroquiaqueijas.net\/portal\/wp-content\/uploads\/2012\/03\/Patriarca1.jpg","datePublished":"2013-01-01T16:36:04+00:00","dateModified":"2026-03-21T15:41:24+00:00","breadcrumb":{"@id":"https:\/\/paroquiaqueijas.net\/portal\/santuario-da-rocha-confere-indulgencia-plenaria\/#breadcrumb"},"inLanguage":"pt-PT","potentialAction":[{"@type":"ReadAction","target":["https:\/\/paroquiaqueijas.net\/portal\/santuario-da-rocha-confere-indulgencia-plenaria\/"]}]},{"@type":"ImageObject","inLanguage":"pt-PT","@id":"https:\/\/paroquiaqueijas.net\/portal\/santuario-da-rocha-confere-indulgencia-plenaria\/#primaryimage","url":"https:\/\/paroquiaqueijas.net\/portal\/wp-content\/uploads\/2012\/03\/Patriarca1.jpg","contentUrl":"https:\/\/paroquiaqueijas.net\/portal\/wp-content\/uploads\/2012\/03\/Patriarca1.jpg","width":240,"height":173,"caption":"Patriarca1"},{"@type":"BreadcrumbList","@id":"https:\/\/paroquiaqueijas.net\/portal\/santuario-da-rocha-confere-indulgencia-plenaria\/#breadcrumb","itemListElement":[{"@type":"ListItem","position":1,"name":"In\u00edcio","item":"https:\/\/paroquiaqueijas.net\/portal\/"},{"@type":"ListItem","position":2,"name":"Santu\u00e1rio da Rocha confere Indulg\u00eancia Plen\u00e1ria"}]},{"@type":"WebSite","@id":"https:\/\/paroquiaqueijas.net\/portal\/#website","url":"https:\/\/paroquiaqueijas.net\/portal\/","name":"Paroquia de Queijas","description":"","publisher":{"@id":"https:\/\/paroquiaqueijas.net\/portal\/#organization"},"potentialAction":[{"@type":"SearchAction","target":{"@type":"EntryPoint","urlTemplate":"https:\/\/paroquiaqueijas.net\/portal\/?s={search_term_string}"},"query-input":{"@type":"PropertyValueSpecification","valueRequired":true,"valueName":"search_term_string"}}],"inLanguage":"pt-PT"},{"@type":"Organization","@id":"https:\/\/paroquiaqueijas.net\/portal\/#organization","name":"Paroquia de Queijas","url":"https:\/\/paroquiaqueijas.net\/portal\/","logo":{"@type":"ImageObject","inLanguage":"pt-PT","@id":"https:\/\/paroquiaqueijas.net\/portal\/#\/schema\/logo\/image\/","url":"https:\/\/paroquiaqueijas.net\/portal\/wp-content\/uploads\/2026\/03\/LogoQueijas_novo.png","contentUrl":"https:\/\/paroquiaqueijas.net\/portal\/wp-content\/uploads\/2026\/03\/LogoQueijas_novo.png","width":520,"height":519,"caption":"Paroquia de Queijas"},"image":{"@id":"https:\/\/paroquiaqueijas.net\/portal\/#\/schema\/logo\/image\/"},"sameAs":["https:\/\/www.facebook.com\/paroquiaqueijas\/"]},{"@type":"Person","@id":"https:\/\/paroquiaqueijas.net\/portal\/#\/schema\/person\/07bb4cce216326e06b6f742b719ebec7","name":"Paroquia de Queijas","image":{"@type":"ImageObject","inLanguage":"pt-PT","@id":"https:\/\/secure.gravatar.com\/avatar\/5054571ff5d2454cd50657fc4e61d0c32d7a5d0d3b36ef6c0f6e269276d13618?s=96&d=mm&r=g","url":"https:\/\/secure.gravatar.com\/avatar\/5054571ff5d2454cd50657fc4e61d0c32d7a5d0d3b36ef6c0f6e269276d13618?s=96&d=mm&r=g","contentUrl":"https:\/\/secure.gravatar.com\/avatar\/5054571ff5d2454cd50657fc4e61d0c32d7a5d0d3b36ef6c0f6e269276d13618?s=96&d=mm&r=g","caption":"Paroquia de Queijas"},"sameAs":["https:\/\/paroquiaqueijas.net\/site"],"url":"https:\/\/paroquiaqueijas.net\/portal\/author\/admin1\/"}]}},"_links":{"self":[{"href":"https:\/\/paroquiaqueijas.net\/portal\/wp-json\/wp\/v2\/posts\/1047","targetHints":{"allow":["GET"]}}],"collection":[{"href":"https:\/\/paroquiaqueijas.net\/portal\/wp-json\/wp\/v2\/posts"}],"about":[{"href":"https:\/\/paroquiaqueijas.net\/portal\/wp-json\/wp\/v2\/types\/post"}],"author":[{"embeddable":true,"href":"https:\/\/paroquiaqueijas.net\/portal\/wp-json\/wp\/v2\/users\/1"}],"replies":[{"embeddable":true,"href":"https:\/\/paroquiaqueijas.net\/portal\/wp-json\/wp\/v2\/comments?post=1047"}],"version-history":[{"count":1,"href":"https:\/\/paroquiaqueijas.net\/portal\/wp-json\/wp\/v2\/posts\/1047\/revisions"}],"predecessor-version":[{"id":2582,"href":"https:\/\/paroquiaqueijas.net\/portal\/wp-json\/wp\/v2\/posts\/1047\/revisions\/2582"}],"wp:featuredmedia":[{"embeddable":true,"href":"https:\/\/paroquiaqueijas.net\/portal\/wp-json\/wp\/v2\/media\/916"}],"wp:attachment":[{"href":"https:\/\/paroquiaqueijas.net\/portal\/wp-json\/wp\/v2\/media?parent=1047"}],"wp:term":[{"taxonomy":"category","embeddable":true,"href":"https:\/\/paroquiaqueijas.net\/portal\/wp-json\/wp\/v2\/categories?post=1047"},{"taxonomy":"post_tag","embeddable":true,"href":"https:\/\/paroquiaqueijas.net\/portal\/wp-json\/wp\/v2\/tags?post=1047"}],"curies":[{"name":"wp","href":"https:\/\/api.w.org\/{rel}","templated":true}]}}