{"id":1052,"date":"2013-01-07T23:14:32","date_gmt":"2013-01-07T23:14:32","guid":{"rendered":"https:\/\/paroquiaqueijas.net\/site\/?p=1052"},"modified":"2026-03-21T15:41:24","modified_gmt":"2026-03-21T15:41:24","slug":"audiencia-geral-de-bento-xvi-02-01-2013","status":"publish","type":"post","link":"https:\/\/paroquiaqueijas.net\/portal\/audiencia-geral-de-bento-xvi-02-01-2013\/","title":{"rendered":"Audi\u00eancia Geral de Bento XVI &#8211; 02-01-2013"},"content":{"rendered":"<p><img fetchpriority=\"high\" decoding=\"async\" class=\" alignright size-full wp-image-995\" style=\"margin: 0px; float: right;\" alt=\"AudPapal\" src=\"https:\/\/paroquiaqueijas.net\/portal\/wp-content\/uploads\/2012\/10\/AudPapal.jpg\" height=\"98\" width=\"550\" srcset=\"https:\/\/paroquiaqueijas.net\/portal\/wp-content\/uploads\/2012\/10\/AudPapal.jpg 772w, https:\/\/paroquiaqueijas.net\/portal\/wp-content\/uploads\/2012\/10\/AudPapal-300x53.jpg 300w, https:\/\/paroquiaqueijas.net\/portal\/wp-content\/uploads\/2012\/10\/AudPapal-768x136.jpg 768w\" sizes=\"(max-width: 550px) 100vw, 550px\" \/><strong>10. Foi concebido por obra do Esp\u00edrito Santo<\/span><\/strong><br \/>\nAudi\u00eancia Geral de Bento XVI (02-01-2013)<\/p>\n<p><!--more--><\/p>\n<p>Queridos irm\u00e3os e irm\u00e3s, <span style=\"font-size: 8pt;\">[<a target=\"_blank\" title=\"Audencia Geral 2 de Janeiro 2013\" href=\"index.php?option=com_docman&#038;task=doc_download&#038;gid=40&#038;Itemid=79\">clique aqui para pdf<\/a>]<\/span><\/span><\/p>\n<p>O Natal do Senhor ilumina mais uma vez com a sua luz as trevas que muitas vezes envolvem o nosso mundo e nosso cora\u00e7\u00e3o, e traz esperan\u00e7a e alegria. De onde vem esta luz? Da gruta de Bel\u00e9m, onde os pastores encontraram \u00abMaria, Jos\u00e9 e o Menino, deitado na manjedoura\u00bb (Lc 2, 16). Diante desta Sagrada Fam\u00edlia surge uma interroga\u00e7\u00e3o mais profunda: como pode aquele Menino pequenino e fr\u00e1gil ter trazido uma novidade t\u00e3o radical ao mundo, a ponto de mudar o curso da hist\u00f3ria? Existe porventura algo de misterioso na sua origem, que vai mais al\u00e9m daquela gruta?<\/span><br \/>\nAssim, reemerge sempre de novo a interroga\u00e7\u00e3o sobre a origem de Jesus, a mesma que \u00e9 feita pelo Procurador P\u00f4ncio Pilatos durante o processo: \u00abDe onde \u00e9s Tu?\u00bb (Jo 19, 9). E no entanto, trata-se de uma origem bem clara. No Evangelho de Jo\u00e3o, quando o Senhor afirma: \u00abEu sou o p\u00e3o que desceu do c\u00e9u\u00bb, os judeus reagem murmurando: \u00abN\u00e3o \u00e9 porventura Ele Jesus, filho de Jos\u00e9, de quem conhecemos o pai e a m\u00e3e? Portanto, como \u00e9 que diz agora: &#8220;Desci do C\u00e9u?&#8221;\u00bb (Jo 6, 42). E, pouco mais tarde, os cidad\u00e3os de Jerusal\u00e9m op\u00f5em-se vigorosamente diante da presum\u00edvel messianidade de Jesus, afirmando que se sabe bem \u00abde onde Ele \u00e9; Mas o Messias, ao contr\u00e1rio, quando vier, ningu\u00e9m saber\u00e1 de onde \u00e9\u00bb (Jo 7, 27). O pr\u00f3prio Jesus faz notar como \u00e9 inadequada a pretens\u00e3o deles de conhecer a Sua origem, e deste modo j\u00e1 oferece uma orienta\u00e7\u00e3o para saber de onde Ele prov\u00e9m: \u00abN\u00e3o vim de mim mesmo; mas Aquele que me enviou, e que v\u00f3s n\u00e3o conheceis, Ele \u00e9 verdadeiro\u00bb (Jo 7, 28). Sem d\u00favida, Jesus \u00e9 origin\u00e1rio de Nazar\u00e9, nasceu em Bel\u00e9m, mas que se sabe da sua verdadeira origem?<\/span><\/p>\n<p>Nos quatro Evangelhos sobressai claramente a resposta \u00e0 pergunta \u00abde onde\u00bb vem Jesus: a sua verdadeira origem \u00e9 o Pai, Deus; Ele prov\u00e9m totalmente d&#8217;Ele, de uma maneira diversa de qualquer profeta ou enviado de Deus que o tenha precedido. Esta origem do mist\u00e9rio de Deus, &#8220;que ningu\u00e9m conhece&#8221;, est\u00e1 contida j\u00e1 nas narra\u00e7\u00f5es da inf\u00e2ncia, nos Evangelhos de Mateus e de Lucas, que estamos a ler neste tempo de Natal. O arcanjo Gabriel anuncia: \u00abO Esp\u00edrito Santo descer\u00e1 sobre ti e a for\u00e7a do Alt\u00edssimo estender\u00e1 sobre ti a sua sombra. Por isso mesmo \u00e9 que o Santo que vai nascer h\u00e1-de chamar-se Filho de Deus\u00bb (Lc 1, 35). N\u00f3s repetimos estas palavras cada vez que recitamos o Credo, a Profiss\u00e3o de f\u00e9: \u00abEt incarnatus est de Spiritu Sancto, ex Maria Virgine\u00bb, \u00abencarnou-se no seio da Virgem Maria por obra do Esp\u00edrito Santo\u00bb. Diante desta frase ajoelhamo-nos porque o v\u00e9u que ocultava \u00e9, por assim dizer, desvelado e o seu mist\u00e9rio insond\u00e1vel e inacess\u00edvel nos toca: Deus torna-se o Emanuel, \u00abo Deus connosco\u00bb. Quando ouvimos as Missas compostas pelos grandes mestres da m\u00fasica sacra, penso por exemplo na Missa da Coroa\u00e7\u00e3o, de Mozart, observamos imediatamente como eles fazem uma pausa de maneira particular nesta frase, como se quisessem procurar expressar com a linguagem universal da m\u00fasica aquilo que as palavras n\u00e3o conseguem manifestar: o grandioso mist\u00e9rio de Deus que se encarna, que se faz homem.<\/span><\/p>\n<p>Se considerarmos atentamente a express\u00e3o \u00abencarnou-se no seio da Virgem Maria por obra do Esp\u00edrito Santo\u00bb, descobrimos que ela inclui quatro sujeitos em ac\u00e7\u00e3o. De modo expl\u00edcito, s\u00e3o mencionados o Esp\u00edrito Santo e Maria, mas est\u00e1 tamb\u00e9m subentendido \u00abEle\u00bb, ou seja o Filho, que se fez carne no seio da Virgem, Na Profiss\u00e3o de f\u00e9, o Credo, Jesus \u00e9 definido com diversos apelativos: \u00abSenhor&#8230; Cristo, Filho unig\u00e9nito de Deus&#8230; Deus de Deus, Luz da Luz, Deus verdadeiro do Deus verdadeiro&#8230; da mesma subst\u00e2ncia do Pai\u00bb (Credo niceno-constantinopolitano). Em seguida, damo-nos conta que \u00abEle\u00bb remete para outra Pessoa, o Pai. Por conseguinte, o primeiro sujeito desta frase \u00e9 o Pai que, com o Filho e com o Esp\u00edrito Santo, \u00e9 o \u00fanico Deus.<\/span><\/p>\n<p>Esta afirma\u00e7\u00e3o do Credo n\u00e3o diz respeito ao ser eterno de Deus, mas fala-nos sobretudo de uma ac\u00e7\u00e3o na qual participam as tr\u00eas Pessoas divinas e que se realiza \u00abex Maria Virgine\u00bb. Sem ela, a entrada de Deus na hist\u00f3ria da humanidade n\u00e3o teria alcan\u00e7ado a sua finalidade e n\u00e3o se teria realizado aquilo que \u00e9 central na nossa Profiss\u00e3o de f\u00e9: Deus \u00e9 um Deus connosco. Assim, Maria pertence de modo irrenunci\u00e1vel \u00e0 nossa f\u00e9 no Deus que age, que entra na hist\u00f3ria. Ela p\u00f5e \u00e0 disposi\u00e7\u00e3o toda a sua pessoa, \u00abaceita\u00bb tornar-se lugar da morada de Deus.<\/span><\/p>\n<p>\u00c0s vezes, tamb\u00e9m no caminho e na vida de f\u00e9, n\u00f3s podemos sentir a nossa pobreza, a nossa inadequa\u00e7\u00e3o perante o testemunho a oferecer ao mundo. Todavia, Deus escolheu precisamente uma mulher humilde, num povoado desconhecido, numa das prov\u00edncias mais remotas do grande imp\u00e9rio romano. Sempre, mesmo no meio das dificuldades mais \u00e1rduas a enfrentar, devemos ter confian\u00e7a em Deus, renovando a f\u00e9 na sua presen\u00e7a e na sua ac\u00e7\u00e3o da nossa hist\u00f3ria, assim como na de Maria. Para Deus nada \u00e9 imposs\u00edvel! Com Ele, a nossa exist\u00eancia caminha sempre num terreno seguro e est\u00e1 aberta a um futuro de esperan\u00e7a firme.<\/span><\/p>\n<p>Professando no Credo: \u00abEncarnou-se no seio da Virgem Maria por obra do Esp\u00edrito Santo\u00bb, n\u00f3s afirmamos que o Esp\u00edrito Santo, como for\u00e7a do Deus Alt\u00edssimo, realizou de forma misteriosa na Virgem Maria a concep\u00e7\u00e3o do Filho de Deus. O evangelista Lucas cita as palavras do arcanjo Gabriel: \u00abO Esp\u00edrito descer\u00e1 sobre ti e a for\u00e7a do Alt\u00edssimo estender\u00e1 sobre ti a sua sombra\u00bb (1, 35). Duas evoca\u00e7\u00f5es s\u00e3o evidentes: a primeira \u00e9 no momento da cria\u00e7\u00e3o. No in\u00edcio do Livro do G\u00e9nesis lemos que \u00abo Esp\u00edrito de Deus movia-se sobre a superf\u00edcie das \u00e1guas\u00bb (1, 2); \u00e9 o Esp\u00edrito criador que deu vida a todas as coisas e ao ser humano. Aquilo que aconteceu em Maria, atrav\u00e9s da obra do mesmo Esp\u00edrito divino, \u00e9 uma nova cria\u00e7\u00e3o: Deus, que do nada chamou o ser, mediante a Encarna\u00e7\u00e3o d\u00e1 agora vida a um novo in\u00edcio da humanidade. Os Padres da Igreja falam diversas vezes de Cristo como do novo Ad\u00e3o, para sublinhar o in\u00edcio da nova cria\u00e7\u00e3o a partir do nascimento do Filho de Deus no seio da Virgem Maria. Isto leva-nos a meditar sobre o modo como a f\u00e9 traz, tamb\u00e9m a n\u00f3s, uma novidade t\u00e3o vigorosa, a ponto de produzir um segundo nascimento. Com efeito, no in\u00edcio do nosso ser crist\u00e3os est\u00e1 o Baptismo, que nos faz renascer como filhos de Deus, que nos faz participar na rela\u00e7\u00e3o filial que Jesus tem com o Pai. E gostaria de observar que n\u00f3s recebemos o Baptismo, ou seja, n\u00f3s \u00absomos baptizados\u00bb \u2014 \u00e9 um passivo \u2014 porque ningu\u00e9m \u00e9 capaz de se tornar filho de Deus sozinho: trata-se de uma d\u00e1diva que nos \u00e9 conferida gratuitamente. S\u00e3o Paulo evoca esta filia\u00e7\u00e3o adoptiva dos crist\u00e3os numa passagem central da sua Carta aos Romanos, onde escreve: \u00abNa verdade, todos aqueles que s\u00e3o movidos pelo Esp\u00edrito de Deus s\u00e3o filhos de Deus. Porquanto, v\u00f3s n\u00e3o recebestes um esp\u00edrito de escravid\u00e3o para voltardes a cair no temor; recebestes, pelo contr\u00e1rio, um esp\u00edrito de adop\u00e7\u00e3o pelo qual chamamos: &#8220;Ab\u00e1! Pai!&#8221;. O pr\u00f3prio Esp\u00edrito d\u00e1 testemunho, em uni\u00e3o com o nosso esp\u00edrito, de que somos filhos de Deus\u00bb (8, 14-16). S\u00f3 abrindo-nos \u00e0 obra de Deus, como Maria, e confiando a nossa vida ao Senhor como a um amigo em quem temos uma confian\u00e7a total, \u00e9 que tudo mudar\u00e1, a nossa vida h\u00e1-de adquirir um novo sentido e um novo rosto: o de filhos de um Pai que nos ama e nunca nos abandona.<\/span><\/p>\n<p>Fal\u00e1mos de dois elementos: o primeiro \u00e9 o Esp\u00edrito, sobre a superf\u00edcie das \u00e1guas, o Esp\u00edrito Criador; mas h\u00e1 um segundo elemento nas palavras da Anuncia\u00e7\u00e3o. O arcanjo diz a Maria: \u00abA for\u00e7a do Alt\u00edssimo estender\u00e1 sobre ti a sua sombra\u00bb. Trata-se de uma evoca\u00e7\u00e3o da nuvem santa que, durante o caminho do \u00eaxodo, pairava sobre a tenda do encontro, sobre a arca da alian\u00e7a, que o povo de Israel levava consigo, e que indicava a presen\u00e7a de Deus (cf. \u00cax 40, 34-38). Portanto, Maria \u00e9 a nova tenda santa, a nova arca da alian\u00e7a: mediante o seu \u00absim\u00bb \u00e0s palavras do arcanjo, Deus recebe uma morada neste mundo, Aquele que o universo inteiro n\u00e3o pode conter adquire morada no ventre de uma virgem.<\/span><\/p>\n<p>Ent\u00e3o, voltemos \u00e0 quest\u00e3o da qual partimos, a prop\u00f3sito da origem de Jesus, resumida, pela pergunta de Pilatos: \u00abDe onde \u00e9s Tu?\u00bb. Das nossas reflex\u00f5es aparece claramente, desde o in\u00edcio dos Evangelhos, qual \u00e9 a verdadeira origem de Jesus: Ele \u00e9 o Filho Unig\u00e9nito do Pai, Ele vem de Deus. Estamos diante do grande e extraordin\u00e1rio mist\u00e9rio que celebramos neste tempo de Natal: por obra do Esp\u00edrito Santo, o Filho de Deus encarnou-se no seio da Virgem Maria. Trata-se de um an\u00fancio que ressoa sempre novo e que traz consigo esperan\u00e7a e alegria ao nosso cora\u00e7\u00e3o, porque nos d\u00e1 a certeza de que, n\u00e3o obstante muitas vezes nos sintamos fr\u00e1geis, pobres e incapazes diante das dificuldades e do mal do mundo, contudo o poder de Deus age sempre e realiza maravilhas precisamente na debilidade. A sua gra\u00e7a \u00e9 a nossa for\u00e7a (cf. 2 Cor 12, 9-10).<\/span><\/p>\n<p>Obrigado!<\/span><\/p>\n<div style=\"text-align: right;\">Audi\u00eancia Geral de Bento XVI, Pra\u00e7a de S. Pedro, 2 de Janeiro de 2013<\/p>\n","protected":false},"excerpt":{"rendered":"<p>10. Foi concebido por obra do Esp\u00edrito Santo Audi\u00eancia Geral de Bento XVI (02-01-2013)<\/p>\n","protected":false},"author":1,"featured_media":995,"comment_status":"open","ping_status":"open","sticky":false,"template":"","format":"standard","meta":{"site-sidebar-layout":"default","site-content-layout":"","ast-site-content-layout":"default","site-content-style":"default","site-sidebar-style":"default","ast-global-header-display":"","ast-banner-title-visibility":"","ast-main-header-display":"","ast-hfb-above-header-display":"","ast-hfb-below-header-display":"","ast-hfb-mobile-header-display":"","site-post-title":"","ast-breadcrumbs-content":"","ast-featured-img":"","footer-sml-layout":"","ast-disable-related-posts":"","theme-transparent-header-meta":"","adv-header-id-meta":"","stick-header-meta":"","header-above-stick-meta":"","header-main-stick-meta":"","header-below-stick-meta":"","astra-migrate-meta-layouts":"default","ast-page-background-enabled":"default","ast-page-background-meta":{"desktop":{"background-color":"var(--ast-global-color-5)","background-image":"","background-repeat":"repeat","background-position":"center center","background-size":"auto","background-attachment":"scroll","background-type":"","background-media":"","overlay-type":"","overlay-color":"","overlay-opacity":"","overlay-gradient":""},"tablet":{"background-color":"","background-image":"","background-repeat":"repeat","background-position":"center center","background-size":"auto","background-attachment":"scroll","background-type":"","background-media":"","overlay-type":"","overlay-color":"","overlay-opacity":"","overlay-gradient":""},"mobile":{"background-color":"","background-image":"","background-repeat":"repeat","background-position":"center center","background-size":"auto","background-attachment":"scroll","background-type":"","background-media":"","overlay-type":"","overlay-color":"","overlay-opacity":"","overlay-gradient":""}},"ast-content-background-meta":{"desktop":{"background-color":"var(--ast-global-color-4)","background-image":"","background-repeat":"repeat","background-position":"center center","background-size":"auto","background-attachment":"scroll","background-type":"","background-media":"","overlay-type":"","overlay-color":"","overlay-opacity":"","overlay-gradient":""},"tablet":{"background-color":"var(--ast-global-color-4)","background-image":"","background-repeat":"repeat","background-position":"center center","background-size":"auto","background-attachment":"scroll","background-type":"","background-media":"","overlay-type":"","overlay-color":"","overlay-opacity":"","overlay-gradient":""},"mobile":{"background-color":"var(--ast-global-color-4)","background-image":"","background-repeat":"repeat","background-position":"center center","background-size":"auto","background-attachment":"scroll","background-type":"","background-media":"","overlay-type":"","overlay-color":"","overlay-opacity":"","overlay-gradient":""}},"footnotes":""},"categories":[14],"tags":[],"class_list":["post-1052","post","type-post","status-publish","format-standard","has-post-thumbnail","hentry","category-papa-bento-xvi"],"yoast_head":"<!-- This site is optimized with the Yoast SEO plugin v27.4 - https:\/\/yoast.com\/product\/yoast-seo-wordpress\/ -->\n<title>Audi\u00eancia Geral de Bento XVI - 02-01-2013 - Paroquia de Queijas<\/title>\n<meta name=\"robots\" content=\"index, follow, max-snippet:-1, max-image-preview:large, max-video-preview:-1\" \/>\n<link rel=\"canonical\" href=\"https:\/\/paroquiaqueijas.net\/portal\/audiencia-geral-de-bento-xvi-02-01-2013\/\" \/>\n<meta property=\"og:locale\" content=\"pt_PT\" \/>\n<meta property=\"og:type\" content=\"article\" \/>\n<meta property=\"og:title\" content=\"Audi\u00eancia Geral de Bento XVI - 02-01-2013 - Paroquia de Queijas\" \/>\n<meta property=\"og:description\" content=\"10. Foi concebido por obra do Esp\u00edrito Santo Audi\u00eancia Geral de Bento XVI (02-01-2013)\" \/>\n<meta property=\"og:url\" content=\"https:\/\/paroquiaqueijas.net\/portal\/audiencia-geral-de-bento-xvi-02-01-2013\/\" \/>\n<meta property=\"og:site_name\" content=\"Paroquia de Queijas\" \/>\n<meta property=\"article:publisher\" content=\"https:\/\/www.facebook.com\/paroquiaqueijas\/\" \/>\n<meta property=\"article:published_time\" content=\"2013-01-07T23:14:32+00:00\" \/>\n<meta property=\"article:modified_time\" content=\"2026-03-21T15:41:24+00:00\" \/>\n<meta property=\"og:image\" content=\"https:\/\/paroquiaqueijas.net\/portal\/wp-content\/uploads\/2012\/10\/AudPapal.jpg\" \/>\n\t<meta property=\"og:image:width\" content=\"772\" \/>\n\t<meta property=\"og:image:height\" content=\"137\" \/>\n\t<meta property=\"og:image:type\" content=\"image\/jpeg\" \/>\n<meta name=\"author\" content=\"Paroquia de Queijas\" \/>\n<meta name=\"twitter:card\" content=\"summary_large_image\" \/>\n<meta name=\"twitter:label1\" content=\"Escrito por\" \/>\n\t<meta name=\"twitter:data1\" content=\"Paroquia de Queijas\" \/>\n\t<meta name=\"twitter:label2\" content=\"Tempo estimado de leitura\" \/>\n\t<meta name=\"twitter:data2\" content=\"8 minutos\" \/>\n<script type=\"application\/ld+json\" class=\"yoast-schema-graph\">{\"@context\":\"https:\\\/\\\/schema.org\",\"@graph\":[{\"@type\":\"Article\",\"@id\":\"https:\\\/\\\/paroquiaqueijas.net\\\/portal\\\/audiencia-geral-de-bento-xvi-02-01-2013\\\/#article\",\"isPartOf\":{\"@id\":\"https:\\\/\\\/paroquiaqueijas.net\\\/portal\\\/audiencia-geral-de-bento-xvi-02-01-2013\\\/\"},\"author\":{\"name\":\"Paroquia de Queijas\",\"@id\":\"https:\\\/\\\/paroquiaqueijas.net\\\/portal\\\/#\\\/schema\\\/person\\\/07bb4cce216326e06b6f742b719ebec7\"},\"headline\":\"Audi\u00eancia Geral de Bento XVI &#8211; 02-01-2013\",\"datePublished\":\"2013-01-07T23:14:32+00:00\",\"dateModified\":\"2026-03-21T15:41:24+00:00\",\"mainEntityOfPage\":{\"@id\":\"https:\\\/\\\/paroquiaqueijas.net\\\/portal\\\/audiencia-geral-de-bento-xvi-02-01-2013\\\/\"},\"wordCount\":1698,\"commentCount\":0,\"publisher\":{\"@id\":\"https:\\\/\\\/paroquiaqueijas.net\\\/portal\\\/#organization\"},\"image\":{\"@id\":\"https:\\\/\\\/paroquiaqueijas.net\\\/portal\\\/audiencia-geral-de-bento-xvi-02-01-2013\\\/#primaryimage\"},\"thumbnailUrl\":\"https:\\\/\\\/paroquiaqueijas.net\\\/portal\\\/wp-content\\\/uploads\\\/2012\\\/10\\\/AudPapal.jpg\",\"articleSection\":[\"Papa Bento XVI\"],\"inLanguage\":\"pt-PT\",\"potentialAction\":[{\"@type\":\"CommentAction\",\"name\":\"Comment\",\"target\":[\"https:\\\/\\\/paroquiaqueijas.net\\\/portal\\\/audiencia-geral-de-bento-xvi-02-01-2013\\\/#respond\"]}]},{\"@type\":\"WebPage\",\"@id\":\"https:\\\/\\\/paroquiaqueijas.net\\\/portal\\\/audiencia-geral-de-bento-xvi-02-01-2013\\\/\",\"url\":\"https:\\\/\\\/paroquiaqueijas.net\\\/portal\\\/audiencia-geral-de-bento-xvi-02-01-2013\\\/\",\"name\":\"Audi\u00eancia Geral de Bento XVI - 02-01-2013 - Paroquia de Queijas\",\"isPartOf\":{\"@id\":\"https:\\\/\\\/paroquiaqueijas.net\\\/portal\\\/#website\"},\"primaryImageOfPage\":{\"@id\":\"https:\\\/\\\/paroquiaqueijas.net\\\/portal\\\/audiencia-geral-de-bento-xvi-02-01-2013\\\/#primaryimage\"},\"image\":{\"@id\":\"https:\\\/\\\/paroquiaqueijas.net\\\/portal\\\/audiencia-geral-de-bento-xvi-02-01-2013\\\/#primaryimage\"},\"thumbnailUrl\":\"https:\\\/\\\/paroquiaqueijas.net\\\/portal\\\/wp-content\\\/uploads\\\/2012\\\/10\\\/AudPapal.jpg\",\"datePublished\":\"2013-01-07T23:14:32+00:00\",\"dateModified\":\"2026-03-21T15:41:24+00:00\",\"breadcrumb\":{\"@id\":\"https:\\\/\\\/paroquiaqueijas.net\\\/portal\\\/audiencia-geral-de-bento-xvi-02-01-2013\\\/#breadcrumb\"},\"inLanguage\":\"pt-PT\",\"potentialAction\":[{\"@type\":\"ReadAction\",\"target\":[\"https:\\\/\\\/paroquiaqueijas.net\\\/portal\\\/audiencia-geral-de-bento-xvi-02-01-2013\\\/\"]}]},{\"@type\":\"ImageObject\",\"inLanguage\":\"pt-PT\",\"@id\":\"https:\\\/\\\/paroquiaqueijas.net\\\/portal\\\/audiencia-geral-de-bento-xvi-02-01-2013\\\/#primaryimage\",\"url\":\"https:\\\/\\\/paroquiaqueijas.net\\\/portal\\\/wp-content\\\/uploads\\\/2012\\\/10\\\/AudPapal.jpg\",\"contentUrl\":\"https:\\\/\\\/paroquiaqueijas.net\\\/portal\\\/wp-content\\\/uploads\\\/2012\\\/10\\\/AudPapal.jpg\",\"width\":772,\"height\":137,\"caption\":\"AudPapal\"},{\"@type\":\"BreadcrumbList\",\"@id\":\"https:\\\/\\\/paroquiaqueijas.net\\\/portal\\\/audiencia-geral-de-bento-xvi-02-01-2013\\\/#breadcrumb\",\"itemListElement\":[{\"@type\":\"ListItem\",\"position\":1,\"name\":\"In\u00edcio\",\"item\":\"https:\\\/\\\/paroquiaqueijas.net\\\/portal\\\/\"},{\"@type\":\"ListItem\",\"position\":2,\"name\":\"Audi\u00eancia Geral de Bento XVI &#8211; 02-01-2013\"}]},{\"@type\":\"WebSite\",\"@id\":\"https:\\\/\\\/paroquiaqueijas.net\\\/portal\\\/#website\",\"url\":\"https:\\\/\\\/paroquiaqueijas.net\\\/portal\\\/\",\"name\":\"Paroquia de Queijas\",\"description\":\"\",\"publisher\":{\"@id\":\"https:\\\/\\\/paroquiaqueijas.net\\\/portal\\\/#organization\"},\"potentialAction\":[{\"@type\":\"SearchAction\",\"target\":{\"@type\":\"EntryPoint\",\"urlTemplate\":\"https:\\\/\\\/paroquiaqueijas.net\\\/portal\\\/?s={search_term_string}\"},\"query-input\":{\"@type\":\"PropertyValueSpecification\",\"valueRequired\":true,\"valueName\":\"search_term_string\"}}],\"inLanguage\":\"pt-PT\"},{\"@type\":\"Organization\",\"@id\":\"https:\\\/\\\/paroquiaqueijas.net\\\/portal\\\/#organization\",\"name\":\"Paroquia de Queijas\",\"url\":\"https:\\\/\\\/paroquiaqueijas.net\\\/portal\\\/\",\"logo\":{\"@type\":\"ImageObject\",\"inLanguage\":\"pt-PT\",\"@id\":\"https:\\\/\\\/paroquiaqueijas.net\\\/portal\\\/#\\\/schema\\\/logo\\\/image\\\/\",\"url\":\"https:\\\/\\\/paroquiaqueijas.net\\\/portal\\\/wp-content\\\/uploads\\\/2026\\\/03\\\/LogoQueijas_novo.png\",\"contentUrl\":\"https:\\\/\\\/paroquiaqueijas.net\\\/portal\\\/wp-content\\\/uploads\\\/2026\\\/03\\\/LogoQueijas_novo.png\",\"width\":520,\"height\":519,\"caption\":\"Paroquia de Queijas\"},\"image\":{\"@id\":\"https:\\\/\\\/paroquiaqueijas.net\\\/portal\\\/#\\\/schema\\\/logo\\\/image\\\/\"},\"sameAs\":[\"https:\\\/\\\/www.facebook.com\\\/paroquiaqueijas\\\/\"]},{\"@type\":\"Person\",\"@id\":\"https:\\\/\\\/paroquiaqueijas.net\\\/portal\\\/#\\\/schema\\\/person\\\/07bb4cce216326e06b6f742b719ebec7\",\"name\":\"Paroquia de Queijas\",\"image\":{\"@type\":\"ImageObject\",\"inLanguage\":\"pt-PT\",\"@id\":\"https:\\\/\\\/secure.gravatar.com\\\/avatar\\\/5054571ff5d2454cd50657fc4e61d0c32d7a5d0d3b36ef6c0f6e269276d13618?s=96&d=mm&r=g\",\"url\":\"https:\\\/\\\/secure.gravatar.com\\\/avatar\\\/5054571ff5d2454cd50657fc4e61d0c32d7a5d0d3b36ef6c0f6e269276d13618?s=96&d=mm&r=g\",\"contentUrl\":\"https:\\\/\\\/secure.gravatar.com\\\/avatar\\\/5054571ff5d2454cd50657fc4e61d0c32d7a5d0d3b36ef6c0f6e269276d13618?s=96&d=mm&r=g\",\"caption\":\"Paroquia de Queijas\"},\"sameAs\":[\"https:\\\/\\\/paroquiaqueijas.net\\\/site\"],\"url\":\"https:\\\/\\\/paroquiaqueijas.net\\\/portal\\\/author\\\/admin1\\\/\"}]}<\/script>\n<!-- \/ Yoast SEO plugin. -->","yoast_head_json":{"title":"Audi\u00eancia Geral de Bento XVI - 02-01-2013 - Paroquia de Queijas","robots":{"index":"index","follow":"follow","max-snippet":"max-snippet:-1","max-image-preview":"max-image-preview:large","max-video-preview":"max-video-preview:-1"},"canonical":"https:\/\/paroquiaqueijas.net\/portal\/audiencia-geral-de-bento-xvi-02-01-2013\/","og_locale":"pt_PT","og_type":"article","og_title":"Audi\u00eancia Geral de Bento XVI - 02-01-2013 - Paroquia de Queijas","og_description":"10. Foi concebido por obra do Esp\u00edrito Santo Audi\u00eancia Geral de Bento XVI (02-01-2013)","og_url":"https:\/\/paroquiaqueijas.net\/portal\/audiencia-geral-de-bento-xvi-02-01-2013\/","og_site_name":"Paroquia de Queijas","article_publisher":"https:\/\/www.facebook.com\/paroquiaqueijas\/","article_published_time":"2013-01-07T23:14:32+00:00","article_modified_time":"2026-03-21T15:41:24+00:00","og_image":[{"width":772,"height":137,"url":"https:\/\/paroquiaqueijas.net\/portal\/wp-content\/uploads\/2012\/10\/AudPapal.jpg","type":"image\/jpeg"}],"author":"Paroquia de Queijas","twitter_card":"summary_large_image","twitter_misc":{"Escrito por":"Paroquia de Queijas","Tempo estimado de leitura":"8 minutos"},"schema":{"@context":"https:\/\/schema.org","@graph":[{"@type":"Article","@id":"https:\/\/paroquiaqueijas.net\/portal\/audiencia-geral-de-bento-xvi-02-01-2013\/#article","isPartOf":{"@id":"https:\/\/paroquiaqueijas.net\/portal\/audiencia-geral-de-bento-xvi-02-01-2013\/"},"author":{"name":"Paroquia de Queijas","@id":"https:\/\/paroquiaqueijas.net\/portal\/#\/schema\/person\/07bb4cce216326e06b6f742b719ebec7"},"headline":"Audi\u00eancia Geral de Bento XVI &#8211; 02-01-2013","datePublished":"2013-01-07T23:14:32+00:00","dateModified":"2026-03-21T15:41:24+00:00","mainEntityOfPage":{"@id":"https:\/\/paroquiaqueijas.net\/portal\/audiencia-geral-de-bento-xvi-02-01-2013\/"},"wordCount":1698,"commentCount":0,"publisher":{"@id":"https:\/\/paroquiaqueijas.net\/portal\/#organization"},"image":{"@id":"https:\/\/paroquiaqueijas.net\/portal\/audiencia-geral-de-bento-xvi-02-01-2013\/#primaryimage"},"thumbnailUrl":"https:\/\/paroquiaqueijas.net\/portal\/wp-content\/uploads\/2012\/10\/AudPapal.jpg","articleSection":["Papa Bento XVI"],"inLanguage":"pt-PT","potentialAction":[{"@type":"CommentAction","name":"Comment","target":["https:\/\/paroquiaqueijas.net\/portal\/audiencia-geral-de-bento-xvi-02-01-2013\/#respond"]}]},{"@type":"WebPage","@id":"https:\/\/paroquiaqueijas.net\/portal\/audiencia-geral-de-bento-xvi-02-01-2013\/","url":"https:\/\/paroquiaqueijas.net\/portal\/audiencia-geral-de-bento-xvi-02-01-2013\/","name":"Audi\u00eancia Geral de Bento XVI - 02-01-2013 - Paroquia de Queijas","isPartOf":{"@id":"https:\/\/paroquiaqueijas.net\/portal\/#website"},"primaryImageOfPage":{"@id":"https:\/\/paroquiaqueijas.net\/portal\/audiencia-geral-de-bento-xvi-02-01-2013\/#primaryimage"},"image":{"@id":"https:\/\/paroquiaqueijas.net\/portal\/audiencia-geral-de-bento-xvi-02-01-2013\/#primaryimage"},"thumbnailUrl":"https:\/\/paroquiaqueijas.net\/portal\/wp-content\/uploads\/2012\/10\/AudPapal.jpg","datePublished":"2013-01-07T23:14:32+00:00","dateModified":"2026-03-21T15:41:24+00:00","breadcrumb":{"@id":"https:\/\/paroquiaqueijas.net\/portal\/audiencia-geral-de-bento-xvi-02-01-2013\/#breadcrumb"},"inLanguage":"pt-PT","potentialAction":[{"@type":"ReadAction","target":["https:\/\/paroquiaqueijas.net\/portal\/audiencia-geral-de-bento-xvi-02-01-2013\/"]}]},{"@type":"ImageObject","inLanguage":"pt-PT","@id":"https:\/\/paroquiaqueijas.net\/portal\/audiencia-geral-de-bento-xvi-02-01-2013\/#primaryimage","url":"https:\/\/paroquiaqueijas.net\/portal\/wp-content\/uploads\/2012\/10\/AudPapal.jpg","contentUrl":"https:\/\/paroquiaqueijas.net\/portal\/wp-content\/uploads\/2012\/10\/AudPapal.jpg","width":772,"height":137,"caption":"AudPapal"},{"@type":"BreadcrumbList","@id":"https:\/\/paroquiaqueijas.net\/portal\/audiencia-geral-de-bento-xvi-02-01-2013\/#breadcrumb","itemListElement":[{"@type":"ListItem","position":1,"name":"In\u00edcio","item":"https:\/\/paroquiaqueijas.net\/portal\/"},{"@type":"ListItem","position":2,"name":"Audi\u00eancia Geral de Bento XVI &#8211; 02-01-2013"}]},{"@type":"WebSite","@id":"https:\/\/paroquiaqueijas.net\/portal\/#website","url":"https:\/\/paroquiaqueijas.net\/portal\/","name":"Paroquia de Queijas","description":"","publisher":{"@id":"https:\/\/paroquiaqueijas.net\/portal\/#organization"},"potentialAction":[{"@type":"SearchAction","target":{"@type":"EntryPoint","urlTemplate":"https:\/\/paroquiaqueijas.net\/portal\/?s={search_term_string}"},"query-input":{"@type":"PropertyValueSpecification","valueRequired":true,"valueName":"search_term_string"}}],"inLanguage":"pt-PT"},{"@type":"Organization","@id":"https:\/\/paroquiaqueijas.net\/portal\/#organization","name":"Paroquia de Queijas","url":"https:\/\/paroquiaqueijas.net\/portal\/","logo":{"@type":"ImageObject","inLanguage":"pt-PT","@id":"https:\/\/paroquiaqueijas.net\/portal\/#\/schema\/logo\/image\/","url":"https:\/\/paroquiaqueijas.net\/portal\/wp-content\/uploads\/2026\/03\/LogoQueijas_novo.png","contentUrl":"https:\/\/paroquiaqueijas.net\/portal\/wp-content\/uploads\/2026\/03\/LogoQueijas_novo.png","width":520,"height":519,"caption":"Paroquia de Queijas"},"image":{"@id":"https:\/\/paroquiaqueijas.net\/portal\/#\/schema\/logo\/image\/"},"sameAs":["https:\/\/www.facebook.com\/paroquiaqueijas\/"]},{"@type":"Person","@id":"https:\/\/paroquiaqueijas.net\/portal\/#\/schema\/person\/07bb4cce216326e06b6f742b719ebec7","name":"Paroquia de Queijas","image":{"@type":"ImageObject","inLanguage":"pt-PT","@id":"https:\/\/secure.gravatar.com\/avatar\/5054571ff5d2454cd50657fc4e61d0c32d7a5d0d3b36ef6c0f6e269276d13618?s=96&d=mm&r=g","url":"https:\/\/secure.gravatar.com\/avatar\/5054571ff5d2454cd50657fc4e61d0c32d7a5d0d3b36ef6c0f6e269276d13618?s=96&d=mm&r=g","contentUrl":"https:\/\/secure.gravatar.com\/avatar\/5054571ff5d2454cd50657fc4e61d0c32d7a5d0d3b36ef6c0f6e269276d13618?s=96&d=mm&r=g","caption":"Paroquia de Queijas"},"sameAs":["https:\/\/paroquiaqueijas.net\/site"],"url":"https:\/\/paroquiaqueijas.net\/portal\/author\/admin1\/"}]}},"_links":{"self":[{"href":"https:\/\/paroquiaqueijas.net\/portal\/wp-json\/wp\/v2\/posts\/1052","targetHints":{"allow":["GET"]}}],"collection":[{"href":"https:\/\/paroquiaqueijas.net\/portal\/wp-json\/wp\/v2\/posts"}],"about":[{"href":"https:\/\/paroquiaqueijas.net\/portal\/wp-json\/wp\/v2\/types\/post"}],"author":[{"embeddable":true,"href":"https:\/\/paroquiaqueijas.net\/portal\/wp-json\/wp\/v2\/users\/1"}],"replies":[{"embeddable":true,"href":"https:\/\/paroquiaqueijas.net\/portal\/wp-json\/wp\/v2\/comments?post=1052"}],"version-history":[{"count":1,"href":"https:\/\/paroquiaqueijas.net\/portal\/wp-json\/wp\/v2\/posts\/1052\/revisions"}],"predecessor-version":[{"id":2580,"href":"https:\/\/paroquiaqueijas.net\/portal\/wp-json\/wp\/v2\/posts\/1052\/revisions\/2580"}],"wp:featuredmedia":[{"embeddable":true,"href":"https:\/\/paroquiaqueijas.net\/portal\/wp-json\/wp\/v2\/media\/995"}],"wp:attachment":[{"href":"https:\/\/paroquiaqueijas.net\/portal\/wp-json\/wp\/v2\/media?parent=1052"}],"wp:term":[{"taxonomy":"category","embeddable":true,"href":"https:\/\/paroquiaqueijas.net\/portal\/wp-json\/wp\/v2\/categories?post=1052"},{"taxonomy":"post_tag","embeddable":true,"href":"https:\/\/paroquiaqueijas.net\/portal\/wp-json\/wp\/v2\/tags?post=1052"}],"curies":[{"name":"wp","href":"https:\/\/api.w.org\/{rel}","templated":true}]}}