{"id":1056,"date":"2013-01-12T10:25:21","date_gmt":"2013-01-12T10:25:21","guid":{"rendered":"https:\/\/paroquiaqueijas.net\/site\/?p=1056"},"modified":"2026-03-21T15:41:24","modified_gmt":"2026-03-21T15:41:24","slug":"o-quarto-rei-mago","status":"publish","type":"post","link":"https:\/\/paroquiaqueijas.net\/portal\/o-quarto-rei-mago\/","title":{"rendered":"O Quarto Rei Mago"},"content":{"rendered":"<p><strong>O quarto Rei Mago<img decoding=\"async\" class=\" alignright size-full wp-image-1053\" style=\"margin: 0px 0px 0px 8px; float: right;\" alt=\"reimago4\" src=\"https:\/\/paroquiaqueijas.net\/portal\/wp-content\/uploads\/2013\/01\/reimago4.jpg\" height=\"135\" width=\"200\" srcset=\"https:\/\/paroquiaqueijas.net\/portal\/wp-content\/uploads\/2013\/01\/reimago4.jpg 392w, https:\/\/paroquiaqueijas.net\/portal\/wp-content\/uploads\/2013\/01\/reimago4-300x203.jpg 300w\" sizes=\"(max-width: 200px) 100vw, 200px\" \/><\/strong><\/span><br \/>\n\u00c9 comum vermos quadros com os tr\u00eas s\u00e1bios do Oriente que foram a Bel\u00e9m visitar o Menino Jesus, presenteando-o com ouro, incenso e mirra. Normalmente, os magos costumam ser repre-sentados como reis, embora n\u00e3o conste nos evangelhos que realmente o fossem, e est\u00e3o diante do Menino que se encontra no colo de Maria. H\u00e1 muitas lendas a respeito desses s\u00e1bios. Transcrevo aqui, com minhas pr\u00f3prias palavras, uma delas, de origem dinamarquesa.<\/span><\/p>\n<p>Gaspar, Melquior e Baltasar \u2013 nomes que a tradi\u00e7\u00e3o popular d\u00e1 aos tr\u00eas personagens \u2013 coloca-ram seus presentes diante do Menino e de sua M\u00e3e. Maria sentiu-se honrada, mas Jesus n\u00e3o quis sorrir: n\u00e3o se sentiu atra\u00eddo pelo ouro luzente; a fuma\u00e7a do incenso o fez tossir, e desviou o olhar da mirra.<\/span><\/p>\n<p>Os tr\u00eas reis magos levantaram-se e partiram. Logo que seus camelos desapareceram entre as colinas, chegou o quarto rei. Vinha de um pa\u00eds banhado pelo Golfo P\u00e9rsico. Tamb\u00e9m vira a estre-la iluminando o c\u00e9u. Escolheu, ent\u00e3o, um presente raro: tr\u00eas grandes p\u00e9rolas. Saiu decidido a procurar o lugar sobre o qual brilhava a estrela.<\/span><\/p>\n<p>Encontrou-o, mas chegou tarde&#8230; Os outros magos j\u00e1 haviam partido. Chegou atrasado e de m\u00e3os vazias.<\/span><\/p>\n<p>Esse quarto rei entrou cuidadosamente na gruta onde estavam o Menino Jesus, Maria e Jos\u00e9. Anoitecia e o local estava mergulhado na escurid\u00e3o. Um fraco odor de incenso mantinha-se no recinto, como uma igreja ap\u00f3s uma Missa festiva. Jos\u00e9 ajeitava a palha na manjedoura e o Menino Jesus estava no colo da m\u00e3e. Ela o embalava docemente e sussurrava uma das can\u00e7\u00f5es de ninar que ainda hoje se ouvem nas casas de Bel\u00e9m.<img fetchpriority=\"high\" decoding=\"async\" class=\" alignright size-full wp-image-1054\" style=\"margin: 0px 0px 0px 8px; float: right;\" alt=\"reimago3\" src=\"https:\/\/paroquiaqueijas.net\/portal\/wp-content\/uploads\/2013\/01\/reimago3.jpg\" height=\"379\" width=\"200\" srcset=\"https:\/\/paroquiaqueijas.net\/portal\/wp-content\/uploads\/2013\/01\/reimago3.jpg 208w, https:\/\/paroquiaqueijas.net\/portal\/wp-content\/uploads\/2013\/01\/reimago3-158x300.jpg 158w\" sizes=\"(max-width: 200px) 100vw, 200px\" \/><\/span><\/p>\n<p>O rei da P\u00e9rsia aproximou-se lentamente, hesitante, temeroso&#8230; Lan\u00e7ou-se aos p\u00e9s do Menino Jesus e come\u00e7ou a lhe falar: &#8220;Senhor, eu devia ter vindo com os outros reis que lhe trouxeram seus dons. Eu tamb\u00e9m estava lhe trazendo um presente: tr\u00eas p\u00e9rolas preciosas, grandes como ovos de p\u00e1ssaro; tr\u00eas p\u00e9rolas do Mar P\u00e9rsico. N\u00e3o as tenho mais, Senhor. Acontece que, na pri-meira noite, parei em um albergue, para ali passar a noite. Quando entrei, vi um velho tremendo, com febre, estendido no ch\u00e3o, junto ao fogo. Ningu\u00e9m o conhecia. Sua mala estava vazia. N\u00e3o tinha dinheiro para procurar um m\u00e9dico ou para comprar rem\u00e9dios. Seria mandado embora dali no dia seguinte. Pobrezinho! Era um senhor muito velho, magro, com uma barba grande&#8230; lembrava meu pai. Ent\u00e3o, peguei uma p\u00e9rola e a dei ao dono do albergue para que cuidasse daquele senhor.<\/span><\/p>\n<p>Na manh\u00e3 seguinte, parti. Apressei-me quanto pude para alcan\u00e7ar os outros magos. A estrada cortava um extenso deserto, onde enormes rochas erguiam-se diante de mim. De repente, ouvi gritos. Saltei de meu camelo e vi soldados que haviam prendido uma jovem. Eram numerosos; n\u00e3o adiantaria querer lutar contra eles, para libert\u00e1-la. Perdoe-me, Senhor, mas com a segunda p\u00e9rola consegui a liberdade da mo\u00e7a. Ela beijou-me as m\u00e3os e, mui r\u00e1pida, fugiu em dire\u00e7\u00e3o das montanhas.<\/span><\/p>\n<p>Sobrara-me apenas uma p\u00e9rola. Eu queria trazer-lhe ao menos aquela. J\u00e1 era mais de meio-dia e eu esperava chegar aqui \u00e0 tarde. Mas vi uma vila incendiada pelos soldados de Herodes, que executavam a ordem de matar todas as crian\u00e7as com menos de dois anos de idade. Perto de uma casa em chamas, um soldado balan\u00e7ava um menino nu, segurando-o por uma perna. A crian\u00e7a gritava e se debatia. O soldado dizia: &#8220;Agora o jogarei nas chamas&#8221;. A m\u00e3e gritava desesperada.<\/span><\/p>\n<p>Senhor, perdoe-me&#8230; Peguei a \u00faltima p\u00e9rola e a dei ao soldado, para que ele devolvesse o filho \u00e0 m\u00e3e. Ele aceitou minha proposta. A m\u00e3e agarrou o menino, apertou-o contra o peito e fugiu correndo, sem mesmo se despedir de mim. Senhor, eis porque minhas m\u00e3os est\u00e3o vazias. Perdoe-me!&#8221;<img decoding=\"async\" class=\" alignright size-full wp-image-1055\" style=\"margin: 0px 0px 0px 8px; float: right;\" alt=\"reimago\" src=\"https:\/\/paroquiaqueijas.net\/portal\/wp-content\/uploads\/2013\/01\/reimago.jpg\" height=\"128\" width=\"200\" srcset=\"https:\/\/paroquiaqueijas.net\/portal\/wp-content\/uploads\/2013\/01\/reimago.jpg 310w, https:\/\/paroquiaqueijas.net\/portal\/wp-content\/uploads\/2013\/01\/reimago-300x193.jpg 300w\" sizes=\"(max-width: 200px) 100vw, 200px\" \/><\/span><\/p>\n<p>Fez-se um sil\u00eancio na gruta. O rei inclinou-se e depois ousou erguer os olhos. Jos\u00e9 tinha-se aproximado com uma x\u00edcara de ch\u00e1. Maria olhava o filho que estava no seu colo. Ser\u00e1 que o Menino dormia? N\u00e3o! Jesus n\u00e3o dormia. Lentamente virou-se para o visitante. Seu rosto resplandecia. Estendeu as m\u00e3ozinhas na dire\u00e7\u00e3o do quarto mago do Oriente e sorriu.<\/span><\/p>\n<p style=\"text-align: right;\">Dom Murilo S.R. Krieger<br \/>Arcebispo de Salvador (BA) e Primaz do Brasil<\/p>\n","protected":false},"excerpt":{"rendered":"<p>O quarto Rei Mago \u00c9 comum vermos quadros com os tr\u00eas s\u00e1bios do Oriente que foram a Bel\u00e9m visitar o [&hellip;]<\/p>\n","protected":false},"author":1,"featured_media":1053,"comment_status":"open","ping_status":"open","sticky":false,"template":"","format":"standard","meta":{"site-sidebar-layout":"default","site-content-layout":"","ast-site-content-layout":"default","site-content-style":"default","site-sidebar-style":"default","ast-global-header-display":"","ast-banner-title-visibility":"","ast-main-header-display":"","ast-hfb-above-header-display":"","ast-hfb-below-header-display":"","ast-hfb-mobile-header-display":"","site-post-title":"","ast-breadcrumbs-content":"","ast-featured-img":"","footer-sml-layout":"","ast-disable-related-posts":"","theme-transparent-header-meta":"","adv-header-id-meta":"","stick-header-meta":"","header-above-stick-meta":"","header-main-stick-meta":"","header-below-stick-meta":"","astra-migrate-meta-layouts":"default","ast-page-background-enabled":"default","ast-page-background-meta":{"desktop":{"background-color":"var(--ast-global-color-5)","background-image":"","background-repeat":"repeat","background-position":"center center","background-size":"auto","background-attachment":"scroll","background-type":"","background-media":"","overlay-type":"","overlay-color":"","overlay-opacity":"","overlay-gradient":""},"tablet":{"background-color":"","background-image":"","background-repeat":"repeat","background-position":"center center","background-size":"auto","background-attachment":"scroll","background-type":"","background-media":"","overlay-type":"","overlay-color":"","overlay-opacity":"","overlay-gradient":""},"mobile":{"background-color":"","background-image":"","background-repeat":"repeat","background-position":"center center","background-size":"auto","background-attachment":"scroll","background-type":"","background-media":"","overlay-type":"","overlay-color":"","overlay-opacity":"","overlay-gradient":""}},"ast-content-background-meta":{"desktop":{"background-color":"var(--ast-global-color-4)","background-image":"","background-repeat":"repeat","background-position":"center center","background-size":"auto","background-attachment":"scroll","background-type":"","background-media":"","overlay-type":"","overlay-color":"","overlay-opacity":"","overlay-gradient":""},"tablet":{"background-color":"var(--ast-global-color-4)","background-image":"","background-repeat":"repeat","background-position":"center center","background-size":"auto","background-attachment":"scroll","background-type":"","background-media":"","overlay-type":"","overlay-color":"","overlay-opacity":"","overlay-gradient":""},"mobile":{"background-color":"var(--ast-global-color-4)","background-image":"","background-repeat":"repeat","background-position":"center center","background-size":"auto","background-attachment":"scroll","background-type":"","background-media":"","overlay-type":"","overlay-color":"","overlay-opacity":"","overlay-gradient":""}},"footnotes":""},"categories":[10],"tags":[],"class_list":["post-1056","post","type-post","status-publish","format-standard","has-post-thumbnail","hentry","category-opiniao"],"yoast_head":"<!-- This site is optimized with the Yoast SEO plugin v27.4 - https:\/\/yoast.com\/product\/yoast-seo-wordpress\/ -->\n<title>O Quarto Rei Mago - Paroquia de Queijas<\/title>\n<meta name=\"robots\" content=\"index, follow, max-snippet:-1, max-image-preview:large, max-video-preview:-1\" \/>\n<link rel=\"canonical\" href=\"https:\/\/paroquiaqueijas.net\/portal\/o-quarto-rei-mago\/\" \/>\n<meta property=\"og:locale\" content=\"pt_PT\" \/>\n<meta property=\"og:type\" content=\"article\" \/>\n<meta property=\"og:title\" content=\"O Quarto Rei Mago - Paroquia de Queijas\" \/>\n<meta property=\"og:description\" content=\"O quarto Rei Mago \u00c9 comum vermos quadros com os tr\u00eas s\u00e1bios do Oriente que foram a Bel\u00e9m visitar o [&hellip;]\" \/>\n<meta property=\"og:url\" content=\"https:\/\/paroquiaqueijas.net\/portal\/o-quarto-rei-mago\/\" \/>\n<meta property=\"og:site_name\" content=\"Paroquia de Queijas\" \/>\n<meta property=\"article:publisher\" content=\"https:\/\/www.facebook.com\/paroquiaqueijas\/\" \/>\n<meta property=\"article:published_time\" content=\"2013-01-12T10:25:21+00:00\" \/>\n<meta property=\"article:modified_time\" content=\"2026-03-21T15:41:24+00:00\" \/>\n<meta property=\"og:image\" content=\"https:\/\/paroquiaqueijas.net\/portal\/wp-content\/uploads\/2013\/01\/reimago4.jpg\" \/>\n\t<meta property=\"og:image:width\" content=\"392\" \/>\n\t<meta property=\"og:image:height\" content=\"265\" \/>\n\t<meta property=\"og:image:type\" content=\"image\/jpeg\" \/>\n<meta name=\"author\" content=\"Paroquia de Queijas\" \/>\n<meta name=\"twitter:card\" content=\"summary_large_image\" \/>\n<meta name=\"twitter:label1\" content=\"Escrito por\" \/>\n\t<meta name=\"twitter:data1\" content=\"Paroquia de Queijas\" \/>\n\t<meta name=\"twitter:label2\" content=\"Tempo estimado de leitura\" \/>\n\t<meta name=\"twitter:data2\" content=\"4 minutos\" \/>\n<script type=\"application\/ld+json\" class=\"yoast-schema-graph\">{\"@context\":\"https:\\\/\\\/schema.org\",\"@graph\":[{\"@type\":\"Article\",\"@id\":\"https:\\\/\\\/paroquiaqueijas.net\\\/portal\\\/o-quarto-rei-mago\\\/#article\",\"isPartOf\":{\"@id\":\"https:\\\/\\\/paroquiaqueijas.net\\\/portal\\\/o-quarto-rei-mago\\\/\"},\"author\":{\"name\":\"Paroquia de Queijas\",\"@id\":\"https:\\\/\\\/paroquiaqueijas.net\\\/portal\\\/#\\\/schema\\\/person\\\/07bb4cce216326e06b6f742b719ebec7\"},\"headline\":\"O Quarto Rei Mago\",\"datePublished\":\"2013-01-12T10:25:21+00:00\",\"dateModified\":\"2026-03-21T15:41:24+00:00\",\"mainEntityOfPage\":{\"@id\":\"https:\\\/\\\/paroquiaqueijas.net\\\/portal\\\/o-quarto-rei-mago\\\/\"},\"wordCount\":759,\"commentCount\":0,\"publisher\":{\"@id\":\"https:\\\/\\\/paroquiaqueijas.net\\\/portal\\\/#organization\"},\"image\":{\"@id\":\"https:\\\/\\\/paroquiaqueijas.net\\\/portal\\\/o-quarto-rei-mago\\\/#primaryimage\"},\"thumbnailUrl\":\"https:\\\/\\\/paroquiaqueijas.net\\\/portal\\\/wp-content\\\/uploads\\\/2013\\\/01\\\/reimago4.jpg\",\"articleSection\":[\"Opini\u00e3o\"],\"inLanguage\":\"pt-PT\",\"potentialAction\":[{\"@type\":\"CommentAction\",\"name\":\"Comment\",\"target\":[\"https:\\\/\\\/paroquiaqueijas.net\\\/portal\\\/o-quarto-rei-mago\\\/#respond\"]}]},{\"@type\":\"WebPage\",\"@id\":\"https:\\\/\\\/paroquiaqueijas.net\\\/portal\\\/o-quarto-rei-mago\\\/\",\"url\":\"https:\\\/\\\/paroquiaqueijas.net\\\/portal\\\/o-quarto-rei-mago\\\/\",\"name\":\"O Quarto Rei Mago - Paroquia de Queijas\",\"isPartOf\":{\"@id\":\"https:\\\/\\\/paroquiaqueijas.net\\\/portal\\\/#website\"},\"primaryImageOfPage\":{\"@id\":\"https:\\\/\\\/paroquiaqueijas.net\\\/portal\\\/o-quarto-rei-mago\\\/#primaryimage\"},\"image\":{\"@id\":\"https:\\\/\\\/paroquiaqueijas.net\\\/portal\\\/o-quarto-rei-mago\\\/#primaryimage\"},\"thumbnailUrl\":\"https:\\\/\\\/paroquiaqueijas.net\\\/portal\\\/wp-content\\\/uploads\\\/2013\\\/01\\\/reimago4.jpg\",\"datePublished\":\"2013-01-12T10:25:21+00:00\",\"dateModified\":\"2026-03-21T15:41:24+00:00\",\"breadcrumb\":{\"@id\":\"https:\\\/\\\/paroquiaqueijas.net\\\/portal\\\/o-quarto-rei-mago\\\/#breadcrumb\"},\"inLanguage\":\"pt-PT\",\"potentialAction\":[{\"@type\":\"ReadAction\",\"target\":[\"https:\\\/\\\/paroquiaqueijas.net\\\/portal\\\/o-quarto-rei-mago\\\/\"]}]},{\"@type\":\"ImageObject\",\"inLanguage\":\"pt-PT\",\"@id\":\"https:\\\/\\\/paroquiaqueijas.net\\\/portal\\\/o-quarto-rei-mago\\\/#primaryimage\",\"url\":\"https:\\\/\\\/paroquiaqueijas.net\\\/portal\\\/wp-content\\\/uploads\\\/2013\\\/01\\\/reimago4.jpg\",\"contentUrl\":\"https:\\\/\\\/paroquiaqueijas.net\\\/portal\\\/wp-content\\\/uploads\\\/2013\\\/01\\\/reimago4.jpg\",\"width\":392,\"height\":265,\"caption\":\"reimago4\"},{\"@type\":\"BreadcrumbList\",\"@id\":\"https:\\\/\\\/paroquiaqueijas.net\\\/portal\\\/o-quarto-rei-mago\\\/#breadcrumb\",\"itemListElement\":[{\"@type\":\"ListItem\",\"position\":1,\"name\":\"In\u00edcio\",\"item\":\"https:\\\/\\\/paroquiaqueijas.net\\\/portal\\\/\"},{\"@type\":\"ListItem\",\"position\":2,\"name\":\"O Quarto Rei Mago\"}]},{\"@type\":\"WebSite\",\"@id\":\"https:\\\/\\\/paroquiaqueijas.net\\\/portal\\\/#website\",\"url\":\"https:\\\/\\\/paroquiaqueijas.net\\\/portal\\\/\",\"name\":\"Paroquia de Queijas\",\"description\":\"\",\"publisher\":{\"@id\":\"https:\\\/\\\/paroquiaqueijas.net\\\/portal\\\/#organization\"},\"potentialAction\":[{\"@type\":\"SearchAction\",\"target\":{\"@type\":\"EntryPoint\",\"urlTemplate\":\"https:\\\/\\\/paroquiaqueijas.net\\\/portal\\\/?s={search_term_string}\"},\"query-input\":{\"@type\":\"PropertyValueSpecification\",\"valueRequired\":true,\"valueName\":\"search_term_string\"}}],\"inLanguage\":\"pt-PT\"},{\"@type\":\"Organization\",\"@id\":\"https:\\\/\\\/paroquiaqueijas.net\\\/portal\\\/#organization\",\"name\":\"Paroquia de Queijas\",\"url\":\"https:\\\/\\\/paroquiaqueijas.net\\\/portal\\\/\",\"logo\":{\"@type\":\"ImageObject\",\"inLanguage\":\"pt-PT\",\"@id\":\"https:\\\/\\\/paroquiaqueijas.net\\\/portal\\\/#\\\/schema\\\/logo\\\/image\\\/\",\"url\":\"https:\\\/\\\/paroquiaqueijas.net\\\/portal\\\/wp-content\\\/uploads\\\/2026\\\/03\\\/LogoQueijas_novo.png\",\"contentUrl\":\"https:\\\/\\\/paroquiaqueijas.net\\\/portal\\\/wp-content\\\/uploads\\\/2026\\\/03\\\/LogoQueijas_novo.png\",\"width\":520,\"height\":519,\"caption\":\"Paroquia de Queijas\"},\"image\":{\"@id\":\"https:\\\/\\\/paroquiaqueijas.net\\\/portal\\\/#\\\/schema\\\/logo\\\/image\\\/\"},\"sameAs\":[\"https:\\\/\\\/www.facebook.com\\\/paroquiaqueijas\\\/\"]},{\"@type\":\"Person\",\"@id\":\"https:\\\/\\\/paroquiaqueijas.net\\\/portal\\\/#\\\/schema\\\/person\\\/07bb4cce216326e06b6f742b719ebec7\",\"name\":\"Paroquia de Queijas\",\"image\":{\"@type\":\"ImageObject\",\"inLanguage\":\"pt-PT\",\"@id\":\"https:\\\/\\\/secure.gravatar.com\\\/avatar\\\/5054571ff5d2454cd50657fc4e61d0c32d7a5d0d3b36ef6c0f6e269276d13618?s=96&d=mm&r=g\",\"url\":\"https:\\\/\\\/secure.gravatar.com\\\/avatar\\\/5054571ff5d2454cd50657fc4e61d0c32d7a5d0d3b36ef6c0f6e269276d13618?s=96&d=mm&r=g\",\"contentUrl\":\"https:\\\/\\\/secure.gravatar.com\\\/avatar\\\/5054571ff5d2454cd50657fc4e61d0c32d7a5d0d3b36ef6c0f6e269276d13618?s=96&d=mm&r=g\",\"caption\":\"Paroquia de Queijas\"},\"sameAs\":[\"https:\\\/\\\/paroquiaqueijas.net\\\/site\"],\"url\":\"https:\\\/\\\/paroquiaqueijas.net\\\/portal\\\/author\\\/admin1\\\/\"}]}<\/script>\n<!-- \/ Yoast SEO plugin. -->","yoast_head_json":{"title":"O Quarto Rei Mago - Paroquia de Queijas","robots":{"index":"index","follow":"follow","max-snippet":"max-snippet:-1","max-image-preview":"max-image-preview:large","max-video-preview":"max-video-preview:-1"},"canonical":"https:\/\/paroquiaqueijas.net\/portal\/o-quarto-rei-mago\/","og_locale":"pt_PT","og_type":"article","og_title":"O Quarto Rei Mago - Paroquia de Queijas","og_description":"O quarto Rei Mago \u00c9 comum vermos quadros com os tr\u00eas s\u00e1bios do Oriente que foram a Bel\u00e9m visitar o [&hellip;]","og_url":"https:\/\/paroquiaqueijas.net\/portal\/o-quarto-rei-mago\/","og_site_name":"Paroquia de Queijas","article_publisher":"https:\/\/www.facebook.com\/paroquiaqueijas\/","article_published_time":"2013-01-12T10:25:21+00:00","article_modified_time":"2026-03-21T15:41:24+00:00","og_image":[{"width":392,"height":265,"url":"https:\/\/paroquiaqueijas.net\/portal\/wp-content\/uploads\/2013\/01\/reimago4.jpg","type":"image\/jpeg"}],"author":"Paroquia de Queijas","twitter_card":"summary_large_image","twitter_misc":{"Escrito por":"Paroquia de Queijas","Tempo estimado de leitura":"4 minutos"},"schema":{"@context":"https:\/\/schema.org","@graph":[{"@type":"Article","@id":"https:\/\/paroquiaqueijas.net\/portal\/o-quarto-rei-mago\/#article","isPartOf":{"@id":"https:\/\/paroquiaqueijas.net\/portal\/o-quarto-rei-mago\/"},"author":{"name":"Paroquia de Queijas","@id":"https:\/\/paroquiaqueijas.net\/portal\/#\/schema\/person\/07bb4cce216326e06b6f742b719ebec7"},"headline":"O Quarto Rei Mago","datePublished":"2013-01-12T10:25:21+00:00","dateModified":"2026-03-21T15:41:24+00:00","mainEntityOfPage":{"@id":"https:\/\/paroquiaqueijas.net\/portal\/o-quarto-rei-mago\/"},"wordCount":759,"commentCount":0,"publisher":{"@id":"https:\/\/paroquiaqueijas.net\/portal\/#organization"},"image":{"@id":"https:\/\/paroquiaqueijas.net\/portal\/o-quarto-rei-mago\/#primaryimage"},"thumbnailUrl":"https:\/\/paroquiaqueijas.net\/portal\/wp-content\/uploads\/2013\/01\/reimago4.jpg","articleSection":["Opini\u00e3o"],"inLanguage":"pt-PT","potentialAction":[{"@type":"CommentAction","name":"Comment","target":["https:\/\/paroquiaqueijas.net\/portal\/o-quarto-rei-mago\/#respond"]}]},{"@type":"WebPage","@id":"https:\/\/paroquiaqueijas.net\/portal\/o-quarto-rei-mago\/","url":"https:\/\/paroquiaqueijas.net\/portal\/o-quarto-rei-mago\/","name":"O Quarto Rei Mago - Paroquia de Queijas","isPartOf":{"@id":"https:\/\/paroquiaqueijas.net\/portal\/#website"},"primaryImageOfPage":{"@id":"https:\/\/paroquiaqueijas.net\/portal\/o-quarto-rei-mago\/#primaryimage"},"image":{"@id":"https:\/\/paroquiaqueijas.net\/portal\/o-quarto-rei-mago\/#primaryimage"},"thumbnailUrl":"https:\/\/paroquiaqueijas.net\/portal\/wp-content\/uploads\/2013\/01\/reimago4.jpg","datePublished":"2013-01-12T10:25:21+00:00","dateModified":"2026-03-21T15:41:24+00:00","breadcrumb":{"@id":"https:\/\/paroquiaqueijas.net\/portal\/o-quarto-rei-mago\/#breadcrumb"},"inLanguage":"pt-PT","potentialAction":[{"@type":"ReadAction","target":["https:\/\/paroquiaqueijas.net\/portal\/o-quarto-rei-mago\/"]}]},{"@type":"ImageObject","inLanguage":"pt-PT","@id":"https:\/\/paroquiaqueijas.net\/portal\/o-quarto-rei-mago\/#primaryimage","url":"https:\/\/paroquiaqueijas.net\/portal\/wp-content\/uploads\/2013\/01\/reimago4.jpg","contentUrl":"https:\/\/paroquiaqueijas.net\/portal\/wp-content\/uploads\/2013\/01\/reimago4.jpg","width":392,"height":265,"caption":"reimago4"},{"@type":"BreadcrumbList","@id":"https:\/\/paroquiaqueijas.net\/portal\/o-quarto-rei-mago\/#breadcrumb","itemListElement":[{"@type":"ListItem","position":1,"name":"In\u00edcio","item":"https:\/\/paroquiaqueijas.net\/portal\/"},{"@type":"ListItem","position":2,"name":"O Quarto Rei Mago"}]},{"@type":"WebSite","@id":"https:\/\/paroquiaqueijas.net\/portal\/#website","url":"https:\/\/paroquiaqueijas.net\/portal\/","name":"Paroquia de Queijas","description":"","publisher":{"@id":"https:\/\/paroquiaqueijas.net\/portal\/#organization"},"potentialAction":[{"@type":"SearchAction","target":{"@type":"EntryPoint","urlTemplate":"https:\/\/paroquiaqueijas.net\/portal\/?s={search_term_string}"},"query-input":{"@type":"PropertyValueSpecification","valueRequired":true,"valueName":"search_term_string"}}],"inLanguage":"pt-PT"},{"@type":"Organization","@id":"https:\/\/paroquiaqueijas.net\/portal\/#organization","name":"Paroquia de Queijas","url":"https:\/\/paroquiaqueijas.net\/portal\/","logo":{"@type":"ImageObject","inLanguage":"pt-PT","@id":"https:\/\/paroquiaqueijas.net\/portal\/#\/schema\/logo\/image\/","url":"https:\/\/paroquiaqueijas.net\/portal\/wp-content\/uploads\/2026\/03\/LogoQueijas_novo.png","contentUrl":"https:\/\/paroquiaqueijas.net\/portal\/wp-content\/uploads\/2026\/03\/LogoQueijas_novo.png","width":520,"height":519,"caption":"Paroquia de Queijas"},"image":{"@id":"https:\/\/paroquiaqueijas.net\/portal\/#\/schema\/logo\/image\/"},"sameAs":["https:\/\/www.facebook.com\/paroquiaqueijas\/"]},{"@type":"Person","@id":"https:\/\/paroquiaqueijas.net\/portal\/#\/schema\/person\/07bb4cce216326e06b6f742b719ebec7","name":"Paroquia de Queijas","image":{"@type":"ImageObject","inLanguage":"pt-PT","@id":"https:\/\/secure.gravatar.com\/avatar\/5054571ff5d2454cd50657fc4e61d0c32d7a5d0d3b36ef6c0f6e269276d13618?s=96&d=mm&r=g","url":"https:\/\/secure.gravatar.com\/avatar\/5054571ff5d2454cd50657fc4e61d0c32d7a5d0d3b36ef6c0f6e269276d13618?s=96&d=mm&r=g","contentUrl":"https:\/\/secure.gravatar.com\/avatar\/5054571ff5d2454cd50657fc4e61d0c32d7a5d0d3b36ef6c0f6e269276d13618?s=96&d=mm&r=g","caption":"Paroquia de Queijas"},"sameAs":["https:\/\/paroquiaqueijas.net\/site"],"url":"https:\/\/paroquiaqueijas.net\/portal\/author\/admin1\/"}]}},"_links":{"self":[{"href":"https:\/\/paroquiaqueijas.net\/portal\/wp-json\/wp\/v2\/posts\/1056","targetHints":{"allow":["GET"]}}],"collection":[{"href":"https:\/\/paroquiaqueijas.net\/portal\/wp-json\/wp\/v2\/posts"}],"about":[{"href":"https:\/\/paroquiaqueijas.net\/portal\/wp-json\/wp\/v2\/types\/post"}],"author":[{"embeddable":true,"href":"https:\/\/paroquiaqueijas.net\/portal\/wp-json\/wp\/v2\/users\/1"}],"replies":[{"embeddable":true,"href":"https:\/\/paroquiaqueijas.net\/portal\/wp-json\/wp\/v2\/comments?post=1056"}],"version-history":[{"count":1,"href":"https:\/\/paroquiaqueijas.net\/portal\/wp-json\/wp\/v2\/posts\/1056\/revisions"}],"predecessor-version":[{"id":2579,"href":"https:\/\/paroquiaqueijas.net\/portal\/wp-json\/wp\/v2\/posts\/1056\/revisions\/2579"}],"wp:featuredmedia":[{"embeddable":true,"href":"https:\/\/paroquiaqueijas.net\/portal\/wp-json\/wp\/v2\/media\/1053"}],"wp:attachment":[{"href":"https:\/\/paroquiaqueijas.net\/portal\/wp-json\/wp\/v2\/media?parent=1056"}],"wp:term":[{"taxonomy":"category","embeddable":true,"href":"https:\/\/paroquiaqueijas.net\/portal\/wp-json\/wp\/v2\/categories?post=1056"},{"taxonomy":"post_tag","embeddable":true,"href":"https:\/\/paroquiaqueijas.net\/portal\/wp-json\/wp\/v2\/tags?post=1056"}],"curies":[{"name":"wp","href":"https:\/\/api.w.org\/{rel}","templated":true}]}}