{"id":107,"date":"2008-08-11T22:13:58","date_gmt":"2008-08-11T22:13:58","guid":{"rendered":"https:\/\/paroquiaqueijas.net\/site\/?p=107"},"modified":"2026-04-18T10:46:29","modified_gmt":"2026-04-18T10:46:29","slug":"marcador-2","status":"publish","type":"post","link":"https:\/\/paroquiaqueijas.net\/portal\/marcador-2\/","title":{"rendered":"XII Assembleia de P\u00e1rocos Dehonianos"},"content":{"rendered":"<p><img fetchpriority=\"high\" decoding=\"async\" class=\" alignright wp-image-106\" style=\"margin: 0px 0px 3px 8px; float: right;\" src=\"https:\/\/paroquiaqueijas.net\/portal\/wp-content\/uploads\/2008\/08\/Fatima_Parocos.jpg\" alt=\"Fatima_Parocos\" width=\"500\" height=\"666\" srcset=\"https:\/\/paroquiaqueijas.net\/portal\/wp-content\/uploads\/2008\/08\/Fatima_Parocos.jpg 236w, https:\/\/paroquiaqueijas.net\/portal\/wp-content\/uploads\/2008\/08\/Fatima_Parocos-225x300.jpg 225w\" sizes=\"(max-width: 500px) 100vw, 500px\" \/>De 28 de Fevereiro a 2 de Mar\u00e7o de 2011, reuniu-se, em F\u00e1tima, a Assembleia de P\u00e1rocos Dehonianos, sob o tema: \u201cPar\u00f3quia, rosto mission\u00e1rio da Igreja\u201d.<br \/>\nParticiparam 31 Dehonianos empenhados pastoralmente em Par\u00f3quias, Reitorias, Capelanias e outros encargos pastorais que nos est\u00e3o confiados vindos das comunidades presentes nas dioceses do Algarve, Angra do Hero\u00edsmo, Aveiro, Coimbra, Funchal, Lisboa, Porto e nas miss\u00f5es de Angola e Madag\u00e1scar.<\/p>\n<p>Inspirados na reflex\u00e3o de D. Ant\u00f3nio Couto, Bispo Auxiliar da Arquidiocese de Braga, sobre a Carta Pastoral dos Bispos de Portugal, intitulada \u201cComo Eu vos fiz, fazei v\u00f3s tamb\u00e9m\u201d \u2013 Para um rosto mission\u00e1rio da Igreja em Portugal \u2013 e apoiados em confer\u00eancias e pain\u00e9is, tom\u00e1mos maior consci\u00eancia da dimens\u00e3o mission\u00e1ria da par\u00f3quia e identific\u00e1mos algumas constata\u00e7\u00f5es e desafios que sintetizamos:<\/p>\n<p>1. A natureza mission\u00e1ria da Igreja. A voca\u00e7\u00e3o mission\u00e1ria de todos os crentes deve ser sempre avivada porque a Igreja \u00e9 por natureza mission\u00e1ria.<\/p>\n<p>2. A necessidade da miss\u00e3o evangelizadora. A miss\u00e3o da Igreja \u00e9 uma obriga\u00e7\u00e3o porque ela \u00e9 o fundamento de tudo e deve ter o primado sobre tudo.<\/p>\n<p>3. O entusiasmo na miss\u00e3o evangelizadora. O entusiasmo pela f\u00e9 \u00e9 fundamental para que o evangelizador saiba aproveitar todas as oportunidades e chegar ao cora\u00e7\u00e3o das pessoas, principal destinat\u00e1rio da evangeliza\u00e7\u00e3o.<\/p>\n<p>4. As par\u00f3quias continuam numa pr\u00e1tica crist\u00e3 tradicional, rotineira. Tom\u00e1mos consci\u00eancia que o Esp\u00edrito nos impele a abrir novos caminhos no compromisso prof\u00e9tico da miss\u00e3o evangelizadora.<\/p>\n<p>5. Uma organiza\u00e7\u00e3o paroquial que carrega o peso das estruturas e uma necessidade de estruturas na organiza\u00e7\u00e3o da par\u00f3quia em territ\u00f3rio de miss\u00e3o, levam os p\u00e1rocos a enveredar por uma pastoral catequ\u00e9tica mission\u00e1ria que ajude a construir a identidade crist\u00e3 e a sentir a necessidade de organizar grupos mission\u00e1rios paroquiais para que a par\u00f3quia possa cumprir a sua miss\u00e3o.<\/p>\n<p>6. Os leigos, energia nuclear do cristianismo, t\u00eam a miss\u00e3o de viver uma vida verdadeira e bela e testemunhar o amor de Deus \u00e0 humanidade.<\/p>\n<p>7. A comunidade paroquial dehoniana tem consci\u00eancia da sua identidade e carisma e da sua inser\u00e7\u00e3o na Igreja local para que todos possam ser evangelizados e evangelizadores.<\/p>\n<p>O que reflectimos, partilh\u00e1mos e rez\u00e1mos leva-nos a agradecer ao Senhor da Messe e \u00e0 Virgem M\u00e3e, Senhora de F\u00e1tima, o que temos, somos e fazemos. Convictos da import\u00e2ncia do nosso acreditar, oferecemos aos outros a nossa experi\u00eancia de f\u00e9, para que, caminhando juntos no seguimento de Jesus Cristo, cumpramos a nossa miss\u00e3o com alegria e generosidade.<\/p>\n<p>Os participantes na Assembleia<\/p>\n","protected":false},"excerpt":{"rendered":"<p>De 28 de Fevereiro a 2 de Mar\u00e7o de 2011, reuniu-se, em F\u00e1tima, a Assembleia de P\u00e1rocos Dehonianos, sob o [&hellip;]<\/p>\n","protected":false},"author":1,"featured_media":106,"comment_status":"open","ping_status":"open","sticky":false,"template":"","format":"standard","meta":{"site-sidebar-layout":"default","site-content-layout":"","ast-site-content-layout":"default","site-content-style":"default","site-sidebar-style":"default","ast-global-header-display":"","ast-banner-title-visibility":"","ast-main-header-display":"","ast-hfb-above-header-display":"","ast-hfb-below-header-display":"","ast-hfb-mobile-header-display":"","site-post-title":"","ast-breadcrumbs-content":"","ast-featured-img":"","footer-sml-layout":"","ast-disable-related-posts":"","theme-transparent-header-meta":"default","adv-header-id-meta":"","stick-header-meta":"default","header-above-stick-meta":"","header-main-stick-meta":"","header-below-stick-meta":"","astra-migrate-meta-layouts":"set","ast-page-background-enabled":"default","ast-page-background-meta":{"desktop":{"background-color":"var(--ast-global-color-5)","background-image":"","background-repeat":"repeat","background-position":"center center","background-size":"auto","background-attachment":"scroll","background-type":"","background-media":"","overlay-type":"","overlay-color":"","overlay-opacity":"","overlay-gradient":""},"tablet":{"background-color":"","background-image":"","background-repeat":"repeat","background-position":"center center","background-size":"auto","background-attachment":"scroll","background-type":"","background-media":"","overlay-type":"","overlay-color":"","overlay-opacity":"","overlay-gradient":""},"mobile":{"background-color":"","background-image":"","background-repeat":"repeat","background-position":"center center","background-size":"auto","background-attachment":"scroll","background-type":"","background-media":"","overlay-type":"","overlay-color":"","overlay-opacity":"","overlay-gradient":""}},"ast-content-background-meta":{"desktop":{"background-color":"var(--ast-global-color-4)","background-image":"","background-repeat":"repeat","background-position":"center center","background-size":"auto","background-attachment":"scroll","background-type":"","background-media":"","overlay-type":"","overlay-color":"","overlay-opacity":"","overlay-gradient":""},"tablet":{"background-color":"var(--ast-global-color-4)","background-image":"","background-repeat":"repeat","background-position":"center center","background-size":"auto","background-attachment":"scroll","background-type":"","background-media":"","overlay-type":"","overlay-color":"","overlay-opacity":"","overlay-gradient":""},"mobile":{"background-color":"var(--ast-global-color-4)","background-image":"","background-repeat":"repeat","background-position":"center center","background-size":"auto","background-attachment":"scroll","background-type":"","background-media":"","overlay-type":"","overlay-color":"","overlay-opacity":"","overlay-gradient":""}},"footnotes":""},"categories":[39],"tags":[],"class_list":["post-107","post","type-post","status-publish","format-standard","has-post-thumbnail","hentry","category-dehonianos"],"yoast_head":"<!-- This site is optimized with the Yoast SEO plugin v27.4 - https:\/\/yoast.com\/product\/yoast-seo-wordpress\/ -->\n<title>XII Assembleia de P\u00e1rocos Dehonianos - Paroquia de Queijas<\/title>\n<meta name=\"robots\" content=\"index, follow, max-snippet:-1, max-image-preview:large, max-video-preview:-1\" \/>\n<link rel=\"canonical\" href=\"https:\/\/paroquiaqueijas.net\/portal\/marcador-2\/\" \/>\n<meta property=\"og:locale\" content=\"pt_PT\" \/>\n<meta property=\"og:type\" content=\"article\" \/>\n<meta property=\"og:title\" content=\"XII Assembleia de P\u00e1rocos Dehonianos - Paroquia de Queijas\" \/>\n<meta property=\"og:description\" content=\"De 28 de Fevereiro a 2 de Mar\u00e7o de 2011, reuniu-se, em F\u00e1tima, a Assembleia de P\u00e1rocos Dehonianos, sob o [&hellip;]\" \/>\n<meta property=\"og:url\" content=\"https:\/\/paroquiaqueijas.net\/portal\/marcador-2\/\" \/>\n<meta property=\"og:site_name\" content=\"Paroquia de Queijas\" \/>\n<meta property=\"article:publisher\" content=\"https:\/\/www.facebook.com\/paroquiaqueijas\/\" \/>\n<meta property=\"article:published_time\" content=\"2008-08-11T22:13:58+00:00\" \/>\n<meta property=\"article:modified_time\" content=\"2026-04-18T10:46:29+00:00\" \/>\n<meta property=\"og:image\" content=\"https:\/\/paroquiaqueijas.net\/portal\/wp-content\/uploads\/2008\/08\/Fatima_Parocos.jpg\" \/>\n\t<meta property=\"og:image:width\" content=\"236\" \/>\n\t<meta property=\"og:image:height\" content=\"314\" \/>\n\t<meta property=\"og:image:type\" content=\"image\/jpeg\" \/>\n<meta name=\"author\" content=\"Paroquia de Queijas\" \/>\n<meta name=\"twitter:card\" content=\"summary_large_image\" \/>\n<meta name=\"twitter:label1\" content=\"Escrito por\" \/>\n\t<meta name=\"twitter:data1\" content=\"Paroquia de Queijas\" \/>\n\t<meta name=\"twitter:label2\" content=\"Tempo estimado de leitura\" \/>\n\t<meta name=\"twitter:data2\" content=\"3 minutos\" \/>\n<script type=\"application\/ld+json\" class=\"yoast-schema-graph\">{\"@context\":\"https:\\\/\\\/schema.org\",\"@graph\":[{\"@type\":\"Article\",\"@id\":\"https:\\\/\\\/paroquiaqueijas.net\\\/portal\\\/marcador-2\\\/#article\",\"isPartOf\":{\"@id\":\"https:\\\/\\\/paroquiaqueijas.net\\\/portal\\\/marcador-2\\\/\"},\"author\":{\"name\":\"Paroquia de Queijas\",\"@id\":\"https:\\\/\\\/paroquiaqueijas.net\\\/portal\\\/#\\\/schema\\\/person\\\/07bb4cce216326e06b6f742b719ebec7\"},\"headline\":\"XII Assembleia de P\u00e1rocos Dehonianos\",\"datePublished\":\"2008-08-11T22:13:58+00:00\",\"dateModified\":\"2026-04-18T10:46:29+00:00\",\"mainEntityOfPage\":{\"@id\":\"https:\\\/\\\/paroquiaqueijas.net\\\/portal\\\/marcador-2\\\/\"},\"wordCount\":458,\"commentCount\":0,\"publisher\":{\"@id\":\"https:\\\/\\\/paroquiaqueijas.net\\\/portal\\\/#organization\"},\"image\":{\"@id\":\"https:\\\/\\\/paroquiaqueijas.net\\\/portal\\\/marcador-2\\\/#primaryimage\"},\"thumbnailUrl\":\"https:\\\/\\\/paroquiaqueijas.net\\\/portal\\\/wp-content\\\/uploads\\\/2008\\\/08\\\/Fatima_Parocos.jpg\",\"articleSection\":[\"Dehonianos\"],\"inLanguage\":\"pt-PT\",\"potentialAction\":[{\"@type\":\"CommentAction\",\"name\":\"Comment\",\"target\":[\"https:\\\/\\\/paroquiaqueijas.net\\\/portal\\\/marcador-2\\\/#respond\"]}]},{\"@type\":\"WebPage\",\"@id\":\"https:\\\/\\\/paroquiaqueijas.net\\\/portal\\\/marcador-2\\\/\",\"url\":\"https:\\\/\\\/paroquiaqueijas.net\\\/portal\\\/marcador-2\\\/\",\"name\":\"XII Assembleia de P\u00e1rocos Dehonianos - Paroquia de Queijas\",\"isPartOf\":{\"@id\":\"https:\\\/\\\/paroquiaqueijas.net\\\/portal\\\/#website\"},\"primaryImageOfPage\":{\"@id\":\"https:\\\/\\\/paroquiaqueijas.net\\\/portal\\\/marcador-2\\\/#primaryimage\"},\"image\":{\"@id\":\"https:\\\/\\\/paroquiaqueijas.net\\\/portal\\\/marcador-2\\\/#primaryimage\"},\"thumbnailUrl\":\"https:\\\/\\\/paroquiaqueijas.net\\\/portal\\\/wp-content\\\/uploads\\\/2008\\\/08\\\/Fatima_Parocos.jpg\",\"datePublished\":\"2008-08-11T22:13:58+00:00\",\"dateModified\":\"2026-04-18T10:46:29+00:00\",\"breadcrumb\":{\"@id\":\"https:\\\/\\\/paroquiaqueijas.net\\\/portal\\\/marcador-2\\\/#breadcrumb\"},\"inLanguage\":\"pt-PT\",\"potentialAction\":[{\"@type\":\"ReadAction\",\"target\":[\"https:\\\/\\\/paroquiaqueijas.net\\\/portal\\\/marcador-2\\\/\"]}]},{\"@type\":\"ImageObject\",\"inLanguage\":\"pt-PT\",\"@id\":\"https:\\\/\\\/paroquiaqueijas.net\\\/portal\\\/marcador-2\\\/#primaryimage\",\"url\":\"https:\\\/\\\/paroquiaqueijas.net\\\/portal\\\/wp-content\\\/uploads\\\/2008\\\/08\\\/Fatima_Parocos.jpg\",\"contentUrl\":\"https:\\\/\\\/paroquiaqueijas.net\\\/portal\\\/wp-content\\\/uploads\\\/2008\\\/08\\\/Fatima_Parocos.jpg\",\"width\":236,\"height\":314,\"caption\":\"Fatima_Parocos\"},{\"@type\":\"BreadcrumbList\",\"@id\":\"https:\\\/\\\/paroquiaqueijas.net\\\/portal\\\/marcador-2\\\/#breadcrumb\",\"itemListElement\":[{\"@type\":\"ListItem\",\"position\":1,\"name\":\"In\u00edcio\",\"item\":\"https:\\\/\\\/paroquiaqueijas.net\\\/portal\\\/\"},{\"@type\":\"ListItem\",\"position\":2,\"name\":\"XII Assembleia de P\u00e1rocos Dehonianos\"}]},{\"@type\":\"WebSite\",\"@id\":\"https:\\\/\\\/paroquiaqueijas.net\\\/portal\\\/#website\",\"url\":\"https:\\\/\\\/paroquiaqueijas.net\\\/portal\\\/\",\"name\":\"Paroquia de Queijas\",\"description\":\"\",\"publisher\":{\"@id\":\"https:\\\/\\\/paroquiaqueijas.net\\\/portal\\\/#organization\"},\"potentialAction\":[{\"@type\":\"SearchAction\",\"target\":{\"@type\":\"EntryPoint\",\"urlTemplate\":\"https:\\\/\\\/paroquiaqueijas.net\\\/portal\\\/?s={search_term_string}\"},\"query-input\":{\"@type\":\"PropertyValueSpecification\",\"valueRequired\":true,\"valueName\":\"search_term_string\"}}],\"inLanguage\":\"pt-PT\"},{\"@type\":\"Organization\",\"@id\":\"https:\\\/\\\/paroquiaqueijas.net\\\/portal\\\/#organization\",\"name\":\"Paroquia de Queijas\",\"url\":\"https:\\\/\\\/paroquiaqueijas.net\\\/portal\\\/\",\"logo\":{\"@type\":\"ImageObject\",\"inLanguage\":\"pt-PT\",\"@id\":\"https:\\\/\\\/paroquiaqueijas.net\\\/portal\\\/#\\\/schema\\\/logo\\\/image\\\/\",\"url\":\"https:\\\/\\\/paroquiaqueijas.net\\\/portal\\\/wp-content\\\/uploads\\\/2026\\\/03\\\/LogoQueijas_novo.png\",\"contentUrl\":\"https:\\\/\\\/paroquiaqueijas.net\\\/portal\\\/wp-content\\\/uploads\\\/2026\\\/03\\\/LogoQueijas_novo.png\",\"width\":520,\"height\":519,\"caption\":\"Paroquia de Queijas\"},\"image\":{\"@id\":\"https:\\\/\\\/paroquiaqueijas.net\\\/portal\\\/#\\\/schema\\\/logo\\\/image\\\/\"},\"sameAs\":[\"https:\\\/\\\/www.facebook.com\\\/paroquiaqueijas\\\/\"]},{\"@type\":\"Person\",\"@id\":\"https:\\\/\\\/paroquiaqueijas.net\\\/portal\\\/#\\\/schema\\\/person\\\/07bb4cce216326e06b6f742b719ebec7\",\"name\":\"Paroquia de Queijas\",\"image\":{\"@type\":\"ImageObject\",\"inLanguage\":\"pt-PT\",\"@id\":\"https:\\\/\\\/secure.gravatar.com\\\/avatar\\\/5054571ff5d2454cd50657fc4e61d0c32d7a5d0d3b36ef6c0f6e269276d13618?s=96&d=mm&r=g\",\"url\":\"https:\\\/\\\/secure.gravatar.com\\\/avatar\\\/5054571ff5d2454cd50657fc4e61d0c32d7a5d0d3b36ef6c0f6e269276d13618?s=96&d=mm&r=g\",\"contentUrl\":\"https:\\\/\\\/secure.gravatar.com\\\/avatar\\\/5054571ff5d2454cd50657fc4e61d0c32d7a5d0d3b36ef6c0f6e269276d13618?s=96&d=mm&r=g\",\"caption\":\"Paroquia de Queijas\"},\"sameAs\":[\"https:\\\/\\\/paroquiaqueijas.net\\\/site\"],\"url\":\"https:\\\/\\\/paroquiaqueijas.net\\\/portal\\\/author\\\/admin1\\\/\"}]}<\/script>\n<!-- \/ Yoast SEO plugin. -->","yoast_head_json":{"title":"XII Assembleia de P\u00e1rocos Dehonianos - Paroquia de Queijas","robots":{"index":"index","follow":"follow","max-snippet":"max-snippet:-1","max-image-preview":"max-image-preview:large","max-video-preview":"max-video-preview:-1"},"canonical":"https:\/\/paroquiaqueijas.net\/portal\/marcador-2\/","og_locale":"pt_PT","og_type":"article","og_title":"XII Assembleia de P\u00e1rocos Dehonianos - Paroquia de Queijas","og_description":"De 28 de Fevereiro a 2 de Mar\u00e7o de 2011, reuniu-se, em F\u00e1tima, a Assembleia de P\u00e1rocos Dehonianos, sob o [&hellip;]","og_url":"https:\/\/paroquiaqueijas.net\/portal\/marcador-2\/","og_site_name":"Paroquia de Queijas","article_publisher":"https:\/\/www.facebook.com\/paroquiaqueijas\/","article_published_time":"2008-08-11T22:13:58+00:00","article_modified_time":"2026-04-18T10:46:29+00:00","og_image":[{"width":236,"height":314,"url":"https:\/\/paroquiaqueijas.net\/portal\/wp-content\/uploads\/2008\/08\/Fatima_Parocos.jpg","type":"image\/jpeg"}],"author":"Paroquia de Queijas","twitter_card":"summary_large_image","twitter_misc":{"Escrito por":"Paroquia de Queijas","Tempo estimado de leitura":"3 minutos"},"schema":{"@context":"https:\/\/schema.org","@graph":[{"@type":"Article","@id":"https:\/\/paroquiaqueijas.net\/portal\/marcador-2\/#article","isPartOf":{"@id":"https:\/\/paroquiaqueijas.net\/portal\/marcador-2\/"},"author":{"name":"Paroquia de Queijas","@id":"https:\/\/paroquiaqueijas.net\/portal\/#\/schema\/person\/07bb4cce216326e06b6f742b719ebec7"},"headline":"XII Assembleia de P\u00e1rocos Dehonianos","datePublished":"2008-08-11T22:13:58+00:00","dateModified":"2026-04-18T10:46:29+00:00","mainEntityOfPage":{"@id":"https:\/\/paroquiaqueijas.net\/portal\/marcador-2\/"},"wordCount":458,"commentCount":0,"publisher":{"@id":"https:\/\/paroquiaqueijas.net\/portal\/#organization"},"image":{"@id":"https:\/\/paroquiaqueijas.net\/portal\/marcador-2\/#primaryimage"},"thumbnailUrl":"https:\/\/paroquiaqueijas.net\/portal\/wp-content\/uploads\/2008\/08\/Fatima_Parocos.jpg","articleSection":["Dehonianos"],"inLanguage":"pt-PT","potentialAction":[{"@type":"CommentAction","name":"Comment","target":["https:\/\/paroquiaqueijas.net\/portal\/marcador-2\/#respond"]}]},{"@type":"WebPage","@id":"https:\/\/paroquiaqueijas.net\/portal\/marcador-2\/","url":"https:\/\/paroquiaqueijas.net\/portal\/marcador-2\/","name":"XII Assembleia de P\u00e1rocos Dehonianos - Paroquia de Queijas","isPartOf":{"@id":"https:\/\/paroquiaqueijas.net\/portal\/#website"},"primaryImageOfPage":{"@id":"https:\/\/paroquiaqueijas.net\/portal\/marcador-2\/#primaryimage"},"image":{"@id":"https:\/\/paroquiaqueijas.net\/portal\/marcador-2\/#primaryimage"},"thumbnailUrl":"https:\/\/paroquiaqueijas.net\/portal\/wp-content\/uploads\/2008\/08\/Fatima_Parocos.jpg","datePublished":"2008-08-11T22:13:58+00:00","dateModified":"2026-04-18T10:46:29+00:00","breadcrumb":{"@id":"https:\/\/paroquiaqueijas.net\/portal\/marcador-2\/#breadcrumb"},"inLanguage":"pt-PT","potentialAction":[{"@type":"ReadAction","target":["https:\/\/paroquiaqueijas.net\/portal\/marcador-2\/"]}]},{"@type":"ImageObject","inLanguage":"pt-PT","@id":"https:\/\/paroquiaqueijas.net\/portal\/marcador-2\/#primaryimage","url":"https:\/\/paroquiaqueijas.net\/portal\/wp-content\/uploads\/2008\/08\/Fatima_Parocos.jpg","contentUrl":"https:\/\/paroquiaqueijas.net\/portal\/wp-content\/uploads\/2008\/08\/Fatima_Parocos.jpg","width":236,"height":314,"caption":"Fatima_Parocos"},{"@type":"BreadcrumbList","@id":"https:\/\/paroquiaqueijas.net\/portal\/marcador-2\/#breadcrumb","itemListElement":[{"@type":"ListItem","position":1,"name":"In\u00edcio","item":"https:\/\/paroquiaqueijas.net\/portal\/"},{"@type":"ListItem","position":2,"name":"XII Assembleia de P\u00e1rocos Dehonianos"}]},{"@type":"WebSite","@id":"https:\/\/paroquiaqueijas.net\/portal\/#website","url":"https:\/\/paroquiaqueijas.net\/portal\/","name":"Paroquia de Queijas","description":"","publisher":{"@id":"https:\/\/paroquiaqueijas.net\/portal\/#organization"},"potentialAction":[{"@type":"SearchAction","target":{"@type":"EntryPoint","urlTemplate":"https:\/\/paroquiaqueijas.net\/portal\/?s={search_term_string}"},"query-input":{"@type":"PropertyValueSpecification","valueRequired":true,"valueName":"search_term_string"}}],"inLanguage":"pt-PT"},{"@type":"Organization","@id":"https:\/\/paroquiaqueijas.net\/portal\/#organization","name":"Paroquia de Queijas","url":"https:\/\/paroquiaqueijas.net\/portal\/","logo":{"@type":"ImageObject","inLanguage":"pt-PT","@id":"https:\/\/paroquiaqueijas.net\/portal\/#\/schema\/logo\/image\/","url":"https:\/\/paroquiaqueijas.net\/portal\/wp-content\/uploads\/2026\/03\/LogoQueijas_novo.png","contentUrl":"https:\/\/paroquiaqueijas.net\/portal\/wp-content\/uploads\/2026\/03\/LogoQueijas_novo.png","width":520,"height":519,"caption":"Paroquia de Queijas"},"image":{"@id":"https:\/\/paroquiaqueijas.net\/portal\/#\/schema\/logo\/image\/"},"sameAs":["https:\/\/www.facebook.com\/paroquiaqueijas\/"]},{"@type":"Person","@id":"https:\/\/paroquiaqueijas.net\/portal\/#\/schema\/person\/07bb4cce216326e06b6f742b719ebec7","name":"Paroquia de Queijas","image":{"@type":"ImageObject","inLanguage":"pt-PT","@id":"https:\/\/secure.gravatar.com\/avatar\/5054571ff5d2454cd50657fc4e61d0c32d7a5d0d3b36ef6c0f6e269276d13618?s=96&d=mm&r=g","url":"https:\/\/secure.gravatar.com\/avatar\/5054571ff5d2454cd50657fc4e61d0c32d7a5d0d3b36ef6c0f6e269276d13618?s=96&d=mm&r=g","contentUrl":"https:\/\/secure.gravatar.com\/avatar\/5054571ff5d2454cd50657fc4e61d0c32d7a5d0d3b36ef6c0f6e269276d13618?s=96&d=mm&r=g","caption":"Paroquia de Queijas"},"sameAs":["https:\/\/paroquiaqueijas.net\/site"],"url":"https:\/\/paroquiaqueijas.net\/portal\/author\/admin1\/"}]}},"_links":{"self":[{"href":"https:\/\/paroquiaqueijas.net\/portal\/wp-json\/wp\/v2\/posts\/107","targetHints":{"allow":["GET"]}}],"collection":[{"href":"https:\/\/paroquiaqueijas.net\/portal\/wp-json\/wp\/v2\/posts"}],"about":[{"href":"https:\/\/paroquiaqueijas.net\/portal\/wp-json\/wp\/v2\/types\/post"}],"author":[{"embeddable":true,"href":"https:\/\/paroquiaqueijas.net\/portal\/wp-json\/wp\/v2\/users\/1"}],"replies":[{"embeddable":true,"href":"https:\/\/paroquiaqueijas.net\/portal\/wp-json\/wp\/v2\/comments?post=107"}],"version-history":[{"count":3,"href":"https:\/\/paroquiaqueijas.net\/portal\/wp-json\/wp\/v2\/posts\/107\/revisions"}],"predecessor-version":[{"id":4038,"href":"https:\/\/paroquiaqueijas.net\/portal\/wp-json\/wp\/v2\/posts\/107\/revisions\/4038"}],"wp:featuredmedia":[{"embeddable":true,"href":"https:\/\/paroquiaqueijas.net\/portal\/wp-json\/wp\/v2\/media\/106"}],"wp:attachment":[{"href":"https:\/\/paroquiaqueijas.net\/portal\/wp-json\/wp\/v2\/media?parent=107"}],"wp:term":[{"taxonomy":"category","embeddable":true,"href":"https:\/\/paroquiaqueijas.net\/portal\/wp-json\/wp\/v2\/categories?post=107"},{"taxonomy":"post_tag","embeddable":true,"href":"https:\/\/paroquiaqueijas.net\/portal\/wp-json\/wp\/v2\/tags?post=107"}],"curies":[{"name":"wp","href":"https:\/\/api.w.org\/{rel}","templated":true}]}}