{"id":1070,"date":"2013-01-20T22:24:15","date_gmt":"2013-01-20T22:24:15","guid":{"rendered":"https:\/\/paroquiaqueijas.net\/site\/?p=1070"},"modified":"2026-03-21T15:41:24","modified_gmt":"2026-03-21T15:41:24","slug":"semana-de-oracao-pela-unidade-dos-cristaos","status":"publish","type":"post","link":"https:\/\/paroquiaqueijas.net\/portal\/semana-de-oracao-pela-unidade-dos-cristaos\/","title":{"rendered":"Semana de Ora\u00e7\u00e3o pela Unidade dos Crist\u00e3os"},"content":{"rendered":"<p><strong><img decoding=\"async\" class=\" alignright size-full wp-image-810\" src=\"https:\/\/paroquiaqueijas.net\/portal\/wp-content\/uploads\/2012\/01\/ecumenismo.png\" alt=\"ecumenismo\" width=\"139\" height=\"124\" style=\"margin: 0px 0px 0px 8px; float: right;\" \/><\/span><\/strong><br \/>\n<strong>Igreja prefere di&aacute;logo em vez do preconceito<br \/><\/span><\/strong>&laquo;&Eacute; mais f&aacute;cil desintegrar um &aacute;tomo do que um preconceito&raquo;, dizia Albert Einstein.<\/span><br \/>\nTemos um passado negativo de suspeitas e de an&aacute;temas que, se n&atilde;o nega o di&aacute;logo, polui o ambiente da conviv&ecirc;ncia com as diferen&ccedil;as dos outros. O preconceito &eacute; muito mau conselheiro.<\/span><\/p>\n<p>Entre os eventuais ou reais &#8220;inimigos&#8221;, contam-se os judeus, desde a acusa&ccedil;&atilde;o, consciente ou inconsciente, de o julgarmos &#8220;deicidas&#8221;, o que, ainda recentemente se traduzia na liturgia da Igreja Cat&oacute;lica, na Semana Santa, quando se rezava pelos judeus &#8220;p&eacute;rfidos&#8221;.<\/span><\/p>\n<p>Noutro quadrante, tamb&eacute;m se lan&ccedil;ava o lab&eacute;u sobre ma&ccedil;ons, com acusa&ccedil;&otilde;es f&aacute;ceis e, se calhar prim&aacute;rias, sobre os seus prop&oacute;sitos, t&atilde;o suspeitos como a clandestinidade a que se dedicavam ou de que eram acusados.<\/span><\/p>\n<p>Mais modernamente, a censura, escondida ou &agrave;s claras, aos modernistas, quem quer que eles sejam, e tantos julgados inocentemente, duvidosos, como se presumia, das suas perigosas teorias.<\/span><\/p>\n<p>H&aacute; dias, o respons&aacute;vel m&aacute;ximo da Fraternidade Sacerdotal de S&atilde;o Pio X (FSSPX), Bernard Fellay, movimento tradicionalista fundado pelo falecido arcebispo Marcel Lef&egrave;bvre, declarou ma&ccedil;ons, modernistas e judeus como &#8220;inimigos da Igreja&#8221;.<\/span><\/p>\n<p>O director da Sala de Imprensa da Santa S&eacute;, padre Federico Lombardi, sentiu-se na obriga&ccedil;&atilde;o de dizer que existe uma &laquo;tradi&ccedil;&atilde;o do magist&eacute;rio de dezenas de anos dos papas e da Igreja, unida ao seu compromisso com o di&aacute;logo inter-religioso&raquo;, que demonstra que, &laquo;de maneira alguma, &eacute; poss&iacute;vel falar dos judeus como &#8220;inimigos da Igreja&#8221;&raquo;. Destacou a &laquo;grande import&acirc;ncia atribu&iacute;da ao di&aacute;logo com os judeus&raquo; nas &uacute;ltimas d&eacute;cadas, em particular com a publica&ccedil;&atilde;o do documento &#8220;Nostra Aetate&#8221;, do Conc&iacute;lio Vaticano II.<\/span><\/p>\n<p>A obsess&atilde;o cr&iacute;tica dos disc&iacute;pulos de D. Marcel Lef&egrave;bvre e as suas discord&acirc;ncias que os afastam da plena ades&atilde;o &agrave; Igreja Cat&oacute;lica n&atilde;o impedem que a Santa S&eacute; aguarde uma resposta positiva da FSSPXA &agrave; proposta de cria&ccedil;&atilde;o de uma prelatura pessoal que permitiria o seu efectivo reconhecimento can&oacute;nico.<\/span><\/p>\n<p>As feridas ainda est&atilde;o longe da cicatriza&ccedil;&atilde;o. Entre as quest&otilde;es que separam as duas partes, como se sabe, destaque para a aceita&ccedil;&atilde;o do Conc&iacute;lio Vaticano II e do magist&eacute;rio p&oacute;s-conciliar dos papas em mat&eacute;rias como as celebra&ccedil;&otilde;es lit&uacute;rgicas, o ecumenismo ou a liberdade religiosa.<\/span><\/p>\n<p>O Conc&iacute;lio Vaticano II preferiu o di&aacute;logo aos an&aacute;temas. Nada disso sup&otilde;e claudica&ccedil;&atilde;o no rigor e no vigor doutrinal, mas vontade sincera de ir ao encontro dos outros. N&atilde;o tivesse a Igreja, por sua natureza mission&aacute;ria, a pedagogia de oferecer a mensagem evang&eacute;lica aberta &agrave; acultura&ccedil;&atilde;o na diversidade dos povos e das culturas e trairia a miss&atilde;o que Jesus Cristo lhe confiou.<\/span><\/p>\n<p>Os preconceitos afastam e dividem. S&atilde;o uma mistela cultural que converte a f&eacute; mais numa ideologia do que em libertadora mensagem evang&eacute;lica.<\/span><\/p>\n<p style=\"text-align: right;\">C&oacute;n. Rui Os&oacute;rio, in &#8220;For&ccedil;a e fraqueza dos preconceitos&#8221;<\/p>\n<p>&nbsp;<\/p>\n<hr \/>\n<p>&nbsp;<\/p>\n<p><strong>Oitav&aacute;rio de Ora&ccedil;&atilde;o pela Unidade dos Crist&atilde;os<\/strong><\/span><\/p>\n<p>Celebramos todos os anos, entre os dias 18 e 25 de Janeiro, o &#8220;Oitav&aacute;rio de Ora&ccedil;&atilde;o pela Unidade dos Crist&atilde;os&#8221;. Somos, assim, chamados a rezar para que, conforme a vontade expressa pelo Senhor na &Uacute;ltima Ceia, &#8220;haja um s&oacute; rebanho e um s&oacute; Pastor&#8221;. (Jo 10, 16)<\/span><\/p>\n<p>A Semana de Ora&ccedil;&atilde;o pela Unidade dos Crist&atilde;os encontra as suas ra&iacute;zes em Paul Watson (1908), a que Paul Couturier, a partir de 1935, deu um novo impulso, sob o nome de Semana Universal de Ora&ccedil;&atilde;o pela Unidade dos Crist&atilde;os. A partir de 1968, por&eacute;m, a Semana deu um passo assinal&aacute;vel, passando a ser assumida e preparada pelas diversas confiss&otilde;es crist&atilde;s, mediante o trabalho conjunto entre o Conselho Mundial de Igrejas e o Secretariado para a Promo&ccedil;&atilde;o da Unidade dos Crist&atilde;os (hoje Conselho Pontif&iacute;cio para a Unidade dos Crist&atilde;os).<\/span><\/p>\n<p><span style=\"text-decoration: underline;\">Momentos marcantes<\/span>:<\/span><\/p>\n<p>1894 &#8211; O Papa Le&atilde;o XIII encoraja a pr&aacute;tica de um Oitav&aacute;rio de Ora&ccedil;&atilde;o pela unidade, no contexto de Pentecostes.<\/span><\/p>\n<p>1908 &#8211; Celebra&ccedil;&atilde;o da &#8220;Oitava pela unidade da Igreja&#8221;, por iniciativa do Reverendo Padre Paul Wattson.<\/span><\/p>\n<p>1926 &#8211; O Movimento F&eacute; e Constitui&ccedil;&atilde;o come&ccedil;a a publica&ccedil;&atilde;o de &#8220;Sugest&otilde;es para um Oitav&aacute;rio de Ora&ccedil;&atilde;o pela Unidade dos crist&atilde;os&#8221;.<\/span><\/p>\n<p>1935 &#8211; Na Fran&ccedil;a, o Padre Paul Couturier torna-se o advogado pela &#8220;unidade que Cristo quer e pelos meios que Ele quer&#8221;.<\/span><\/p>\n<p>1958 &#8211; O Centro &#8220;Unidade Crist&atilde;&#8221; de Lyon (Fran&ccedil;a) come&ccedil;a a preparar o tema para a Semana de Ora&ccedil;&atilde;o, em colabora&ccedil;&atilde;o com a Comiss&atilde;o &#8220;F&eacute; e Constitui&ccedil;&atilde;o&#8221; do Conselho Mundial de Igrejas.<\/span><\/p>\n<p>1964 &#8211; Em Jerusal&eacute;m o Papa Paulo VI e o Patriarca Aten&aacute;goras I, recitaram juntos a ora&ccedil;&atilde;o de Cristo &#8220;que todos sejam um&#8221; (Jo 17).<\/span><\/p>\n<p>1965 &#8211; Conc&iacute;lio Vaticano II &#8211; O Decreto sobre o Ecumenismo sublinha que a ora&ccedil;&atilde;o &eacute; a alma do movimento ecum&eacute;nico, e encoraja a pr&aacute;tica da Semana de Ora&ccedil;&atilde;o.<\/span><\/p>\n<p>1966 &#8211; A Comiss&atilde;o &#8220;F&eacute; e Constitui&ccedil;&atilde;o&#8221; e o Secretariado para a Unidade dos Crist&atilde;os (presentemente Conselho Pontif&iacute;cio para a Promo&ccedil;&atilde;o da Unidade dos Crist&atilde;os) da Igreja Cat&oacute;lica decidem preparar em conjunto o texto para a Semana de Ora&ccedil;&atilde;o de cada ano.<\/span><\/p>\n<p>1968 &#8211; Pela primeira vez, a &#8220;Ora&ccedil;&atilde;o pela Unidade&#8221; &eacute; celebrada com base nos textos elaborados em colabora&ccedil;&atilde;o entre &#8220;F&eacute; e Constitui&ccedil;&atilde;o&#8221; e o Secretariado para a unidade dos crist&atilde;os.<\/span><\/p>\n<p>1975 &#8211; Pela primeira vez a Semana de Ora&ccedil;&atilde;o utilizou material com base no texto preparado pelo grupo ecum&eacute;nico local. Um grupo australiano foi o primeiro a utilizar esse projecto para preparar o esbo&ccedil;o inicial de 1975.<\/span><\/p>\n<p>1988 &#8211; Os materiais da Semana de Ora&ccedil;&atilde;o foram usados durante a ora&ccedil;&atilde;o de abertura pela Federa&ccedil;&atilde;o Crist&atilde; da Mal&aacute;sia.<\/span><\/p>\n<p>1994 &#8211; Texto para 1996 preparado em colabora&ccedil;&atilde;o com ACM&#8217;s.<\/span><\/p>\n<p>2004 &#8211; O acordo entre F&eacute; e Constitui&ccedil;&atilde;o (Conselho Mundial de Igrejas) &eacute; o Pontif&iacute;cio Conselho para a promo&ccedil;&atilde;o da unidade dos crist&atilde;os (Igreja Cat&oacute;lica) para que o livrinho da Semana de ora&ccedil;&atilde;o pela unidade dos crist&atilde;os seja oficialmente publicado em conjunto.<\/span><\/p>\n","protected":false},"excerpt":{"rendered":"<p>Igreja prefere di&aacute;logo em vez do preconceito&laquo;&Eacute; mais f&aacute;cil desintegrar um &aacute;tomo do que um preconceito&raquo;, dizia Albert Einstein. Temos [&hellip;]<\/p>\n","protected":false},"author":1,"featured_media":810,"comment_status":"open","ping_status":"open","sticky":false,"template":"","format":"standard","meta":{"site-sidebar-layout":"default","site-content-layout":"","ast-site-content-layout":"default","site-content-style":"default","site-sidebar-style":"default","ast-global-header-display":"","ast-banner-title-visibility":"","ast-main-header-display":"","ast-hfb-above-header-display":"","ast-hfb-below-header-display":"","ast-hfb-mobile-header-display":"","site-post-title":"","ast-breadcrumbs-content":"","ast-featured-img":"","footer-sml-layout":"","ast-disable-related-posts":"","theme-transparent-header-meta":"","adv-header-id-meta":"","stick-header-meta":"","header-above-stick-meta":"","header-main-stick-meta":"","header-below-stick-meta":"","astra-migrate-meta-layouts":"default","ast-page-background-enabled":"default","ast-page-background-meta":{"desktop":{"background-color":"var(--ast-global-color-5)","background-image":"","background-repeat":"repeat","background-position":"center center","background-size":"auto","background-attachment":"scroll","background-type":"","background-media":"","overlay-type":"","overlay-color":"","overlay-opacity":"","overlay-gradient":""},"tablet":{"background-color":"","background-image":"","background-repeat":"repeat","background-position":"center center","background-size":"auto","background-attachment":"scroll","background-type":"","background-media":"","overlay-type":"","overlay-color":"","overlay-opacity":"","overlay-gradient":""},"mobile":{"background-color":"","background-image":"","background-repeat":"repeat","background-position":"center center","background-size":"auto","background-attachment":"scroll","background-type":"","background-media":"","overlay-type":"","overlay-color":"","overlay-opacity":"","overlay-gradient":""}},"ast-content-background-meta":{"desktop":{"background-color":"var(--ast-global-color-4)","background-image":"","background-repeat":"repeat","background-position":"center center","background-size":"auto","background-attachment":"scroll","background-type":"","background-media":"","overlay-type":"","overlay-color":"","overlay-opacity":"","overlay-gradient":""},"tablet":{"background-color":"var(--ast-global-color-4)","background-image":"","background-repeat":"repeat","background-position":"center center","background-size":"auto","background-attachment":"scroll","background-type":"","background-media":"","overlay-type":"","overlay-color":"","overlay-opacity":"","overlay-gradient":""},"mobile":{"background-color":"var(--ast-global-color-4)","background-image":"","background-repeat":"repeat","background-position":"center center","background-size":"auto","background-attachment":"scroll","background-type":"","background-media":"","overlay-type":"","overlay-color":"","overlay-opacity":"","overlay-gradient":""}},"footnotes":""},"categories":[42],"tags":[],"class_list":["post-1070","post","type-post","status-publish","format-standard","has-post-thumbnail","hentry","category-espaco-eclesial"],"yoast_head":"<!-- This site is optimized with the Yoast SEO plugin v27.4 - https:\/\/yoast.com\/product\/yoast-seo-wordpress\/ -->\n<title>Semana de Ora\u00e7\u00e3o pela Unidade dos Crist\u00e3os - Paroquia de Queijas<\/title>\n<meta name=\"robots\" content=\"index, follow, max-snippet:-1, max-image-preview:large, max-video-preview:-1\" \/>\n<link rel=\"canonical\" href=\"https:\/\/paroquiaqueijas.net\/portal\/semana-de-oracao-pela-unidade-dos-cristaos\/\" \/>\n<meta property=\"og:locale\" content=\"pt_PT\" \/>\n<meta property=\"og:type\" content=\"article\" \/>\n<meta property=\"og:title\" content=\"Semana de Ora\u00e7\u00e3o pela Unidade dos Crist\u00e3os - Paroquia de Queijas\" \/>\n<meta property=\"og:description\" content=\"Igreja prefere di&aacute;logo em vez do preconceito&laquo;&Eacute; mais f&aacute;cil desintegrar um &aacute;tomo do que um preconceito&raquo;, dizia Albert Einstein. Temos [&hellip;]\" \/>\n<meta property=\"og:url\" content=\"https:\/\/paroquiaqueijas.net\/portal\/semana-de-oracao-pela-unidade-dos-cristaos\/\" \/>\n<meta property=\"og:site_name\" content=\"Paroquia de Queijas\" \/>\n<meta property=\"article:publisher\" content=\"https:\/\/www.facebook.com\/paroquiaqueijas\/\" \/>\n<meta property=\"article:published_time\" content=\"2013-01-20T22:24:15+00:00\" \/>\n<meta property=\"article:modified_time\" content=\"2026-03-21T15:41:24+00:00\" \/>\n<meta property=\"og:image\" content=\"https:\/\/paroquiaqueijas.net\/portal\/wp-content\/uploads\/2012\/01\/ecumenismo.png\" \/>\n\t<meta property=\"og:image:width\" content=\"410\" \/>\n\t<meta property=\"og:image:height\" content=\"448\" \/>\n\t<meta property=\"og:image:type\" content=\"image\/png\" \/>\n<meta name=\"author\" content=\"Paroquia de Queijas\" \/>\n<meta name=\"twitter:card\" content=\"summary_large_image\" \/>\n<meta name=\"twitter:label1\" content=\"Escrito por\" \/>\n\t<meta name=\"twitter:data1\" content=\"Paroquia de Queijas\" \/>\n\t<meta name=\"twitter:label2\" content=\"Tempo estimado de leitura\" \/>\n\t<meta name=\"twitter:data2\" content=\"6 minutos\" \/>\n<script type=\"application\/ld+json\" class=\"yoast-schema-graph\">{\"@context\":\"https:\\\/\\\/schema.org\",\"@graph\":[{\"@type\":\"Article\",\"@id\":\"https:\\\/\\\/paroquiaqueijas.net\\\/portal\\\/semana-de-oracao-pela-unidade-dos-cristaos\\\/#article\",\"isPartOf\":{\"@id\":\"https:\\\/\\\/paroquiaqueijas.net\\\/portal\\\/semana-de-oracao-pela-unidade-dos-cristaos\\\/\"},\"author\":{\"name\":\"Paroquia de Queijas\",\"@id\":\"https:\\\/\\\/paroquiaqueijas.net\\\/portal\\\/#\\\/schema\\\/person\\\/07bb4cce216326e06b6f742b719ebec7\"},\"headline\":\"Semana de Ora\u00e7\u00e3o pela Unidade dos Crist\u00e3os\",\"datePublished\":\"2013-01-20T22:24:15+00:00\",\"dateModified\":\"2026-03-21T15:41:24+00:00\",\"mainEntityOfPage\":{\"@id\":\"https:\\\/\\\/paroquiaqueijas.net\\\/portal\\\/semana-de-oracao-pela-unidade-dos-cristaos\\\/\"},\"wordCount\":1282,\"commentCount\":0,\"publisher\":{\"@id\":\"https:\\\/\\\/paroquiaqueijas.net\\\/portal\\\/#organization\"},\"image\":{\"@id\":\"https:\\\/\\\/paroquiaqueijas.net\\\/portal\\\/semana-de-oracao-pela-unidade-dos-cristaos\\\/#primaryimage\"},\"thumbnailUrl\":\"https:\\\/\\\/paroquiaqueijas.net\\\/portal\\\/wp-content\\\/uploads\\\/2012\\\/01\\\/ecumenismo.png\",\"articleSection\":[\"Espa\u00e7o Eclesial\"],\"inLanguage\":\"pt-PT\",\"potentialAction\":[{\"@type\":\"CommentAction\",\"name\":\"Comment\",\"target\":[\"https:\\\/\\\/paroquiaqueijas.net\\\/portal\\\/semana-de-oracao-pela-unidade-dos-cristaos\\\/#respond\"]}]},{\"@type\":\"WebPage\",\"@id\":\"https:\\\/\\\/paroquiaqueijas.net\\\/portal\\\/semana-de-oracao-pela-unidade-dos-cristaos\\\/\",\"url\":\"https:\\\/\\\/paroquiaqueijas.net\\\/portal\\\/semana-de-oracao-pela-unidade-dos-cristaos\\\/\",\"name\":\"Semana de Ora\u00e7\u00e3o pela Unidade dos Crist\u00e3os - Paroquia de Queijas\",\"isPartOf\":{\"@id\":\"https:\\\/\\\/paroquiaqueijas.net\\\/portal\\\/#website\"},\"primaryImageOfPage\":{\"@id\":\"https:\\\/\\\/paroquiaqueijas.net\\\/portal\\\/semana-de-oracao-pela-unidade-dos-cristaos\\\/#primaryimage\"},\"image\":{\"@id\":\"https:\\\/\\\/paroquiaqueijas.net\\\/portal\\\/semana-de-oracao-pela-unidade-dos-cristaos\\\/#primaryimage\"},\"thumbnailUrl\":\"https:\\\/\\\/paroquiaqueijas.net\\\/portal\\\/wp-content\\\/uploads\\\/2012\\\/01\\\/ecumenismo.png\",\"datePublished\":\"2013-01-20T22:24:15+00:00\",\"dateModified\":\"2026-03-21T15:41:24+00:00\",\"breadcrumb\":{\"@id\":\"https:\\\/\\\/paroquiaqueijas.net\\\/portal\\\/semana-de-oracao-pela-unidade-dos-cristaos\\\/#breadcrumb\"},\"inLanguage\":\"pt-PT\",\"potentialAction\":[{\"@type\":\"ReadAction\",\"target\":[\"https:\\\/\\\/paroquiaqueijas.net\\\/portal\\\/semana-de-oracao-pela-unidade-dos-cristaos\\\/\"]}]},{\"@type\":\"ImageObject\",\"inLanguage\":\"pt-PT\",\"@id\":\"https:\\\/\\\/paroquiaqueijas.net\\\/portal\\\/semana-de-oracao-pela-unidade-dos-cristaos\\\/#primaryimage\",\"url\":\"https:\\\/\\\/paroquiaqueijas.net\\\/portal\\\/wp-content\\\/uploads\\\/2012\\\/01\\\/ecumenismo.png\",\"contentUrl\":\"https:\\\/\\\/paroquiaqueijas.net\\\/portal\\\/wp-content\\\/uploads\\\/2012\\\/01\\\/ecumenismo.png\",\"width\":410,\"height\":448,\"caption\":\"ecumenismo\"},{\"@type\":\"BreadcrumbList\",\"@id\":\"https:\\\/\\\/paroquiaqueijas.net\\\/portal\\\/semana-de-oracao-pela-unidade-dos-cristaos\\\/#breadcrumb\",\"itemListElement\":[{\"@type\":\"ListItem\",\"position\":1,\"name\":\"In\u00edcio\",\"item\":\"https:\\\/\\\/paroquiaqueijas.net\\\/portal\\\/\"},{\"@type\":\"ListItem\",\"position\":2,\"name\":\"Semana de Ora\u00e7\u00e3o pela Unidade dos Crist\u00e3os\"}]},{\"@type\":\"WebSite\",\"@id\":\"https:\\\/\\\/paroquiaqueijas.net\\\/portal\\\/#website\",\"url\":\"https:\\\/\\\/paroquiaqueijas.net\\\/portal\\\/\",\"name\":\"Paroquia de Queijas\",\"description\":\"\",\"publisher\":{\"@id\":\"https:\\\/\\\/paroquiaqueijas.net\\\/portal\\\/#organization\"},\"potentialAction\":[{\"@type\":\"SearchAction\",\"target\":{\"@type\":\"EntryPoint\",\"urlTemplate\":\"https:\\\/\\\/paroquiaqueijas.net\\\/portal\\\/?s={search_term_string}\"},\"query-input\":{\"@type\":\"PropertyValueSpecification\",\"valueRequired\":true,\"valueName\":\"search_term_string\"}}],\"inLanguage\":\"pt-PT\"},{\"@type\":\"Organization\",\"@id\":\"https:\\\/\\\/paroquiaqueijas.net\\\/portal\\\/#organization\",\"name\":\"Paroquia de Queijas\",\"url\":\"https:\\\/\\\/paroquiaqueijas.net\\\/portal\\\/\",\"logo\":{\"@type\":\"ImageObject\",\"inLanguage\":\"pt-PT\",\"@id\":\"https:\\\/\\\/paroquiaqueijas.net\\\/portal\\\/#\\\/schema\\\/logo\\\/image\\\/\",\"url\":\"https:\\\/\\\/paroquiaqueijas.net\\\/portal\\\/wp-content\\\/uploads\\\/2026\\\/03\\\/LogoQueijas_novo.png\",\"contentUrl\":\"https:\\\/\\\/paroquiaqueijas.net\\\/portal\\\/wp-content\\\/uploads\\\/2026\\\/03\\\/LogoQueijas_novo.png\",\"width\":520,\"height\":519,\"caption\":\"Paroquia de Queijas\"},\"image\":{\"@id\":\"https:\\\/\\\/paroquiaqueijas.net\\\/portal\\\/#\\\/schema\\\/logo\\\/image\\\/\"},\"sameAs\":[\"https:\\\/\\\/www.facebook.com\\\/paroquiaqueijas\\\/\"]},{\"@type\":\"Person\",\"@id\":\"https:\\\/\\\/paroquiaqueijas.net\\\/portal\\\/#\\\/schema\\\/person\\\/07bb4cce216326e06b6f742b719ebec7\",\"name\":\"Paroquia de Queijas\",\"image\":{\"@type\":\"ImageObject\",\"inLanguage\":\"pt-PT\",\"@id\":\"https:\\\/\\\/secure.gravatar.com\\\/avatar\\\/5054571ff5d2454cd50657fc4e61d0c32d7a5d0d3b36ef6c0f6e269276d13618?s=96&d=mm&r=g\",\"url\":\"https:\\\/\\\/secure.gravatar.com\\\/avatar\\\/5054571ff5d2454cd50657fc4e61d0c32d7a5d0d3b36ef6c0f6e269276d13618?s=96&d=mm&r=g\",\"contentUrl\":\"https:\\\/\\\/secure.gravatar.com\\\/avatar\\\/5054571ff5d2454cd50657fc4e61d0c32d7a5d0d3b36ef6c0f6e269276d13618?s=96&d=mm&r=g\",\"caption\":\"Paroquia de Queijas\"},\"sameAs\":[\"https:\\\/\\\/paroquiaqueijas.net\\\/site\"],\"url\":\"https:\\\/\\\/paroquiaqueijas.net\\\/portal\\\/author\\\/admin1\\\/\"}]}<\/script>\n<!-- \/ Yoast SEO plugin. -->","yoast_head_json":{"title":"Semana de Ora\u00e7\u00e3o pela Unidade dos Crist\u00e3os - Paroquia de Queijas","robots":{"index":"index","follow":"follow","max-snippet":"max-snippet:-1","max-image-preview":"max-image-preview:large","max-video-preview":"max-video-preview:-1"},"canonical":"https:\/\/paroquiaqueijas.net\/portal\/semana-de-oracao-pela-unidade-dos-cristaos\/","og_locale":"pt_PT","og_type":"article","og_title":"Semana de Ora\u00e7\u00e3o pela Unidade dos Crist\u00e3os - Paroquia de Queijas","og_description":"Igreja prefere di&aacute;logo em vez do preconceito&laquo;&Eacute; mais f&aacute;cil desintegrar um &aacute;tomo do que um preconceito&raquo;, dizia Albert Einstein. Temos [&hellip;]","og_url":"https:\/\/paroquiaqueijas.net\/portal\/semana-de-oracao-pela-unidade-dos-cristaos\/","og_site_name":"Paroquia de Queijas","article_publisher":"https:\/\/www.facebook.com\/paroquiaqueijas\/","article_published_time":"2013-01-20T22:24:15+00:00","article_modified_time":"2026-03-21T15:41:24+00:00","og_image":[{"width":410,"height":448,"url":"https:\/\/paroquiaqueijas.net\/portal\/wp-content\/uploads\/2012\/01\/ecumenismo.png","type":"image\/png"}],"author":"Paroquia de Queijas","twitter_card":"summary_large_image","twitter_misc":{"Escrito por":"Paroquia de Queijas","Tempo estimado de leitura":"6 minutos"},"schema":{"@context":"https:\/\/schema.org","@graph":[{"@type":"Article","@id":"https:\/\/paroquiaqueijas.net\/portal\/semana-de-oracao-pela-unidade-dos-cristaos\/#article","isPartOf":{"@id":"https:\/\/paroquiaqueijas.net\/portal\/semana-de-oracao-pela-unidade-dos-cristaos\/"},"author":{"name":"Paroquia de Queijas","@id":"https:\/\/paroquiaqueijas.net\/portal\/#\/schema\/person\/07bb4cce216326e06b6f742b719ebec7"},"headline":"Semana de Ora\u00e7\u00e3o pela Unidade dos Crist\u00e3os","datePublished":"2013-01-20T22:24:15+00:00","dateModified":"2026-03-21T15:41:24+00:00","mainEntityOfPage":{"@id":"https:\/\/paroquiaqueijas.net\/portal\/semana-de-oracao-pela-unidade-dos-cristaos\/"},"wordCount":1282,"commentCount":0,"publisher":{"@id":"https:\/\/paroquiaqueijas.net\/portal\/#organization"},"image":{"@id":"https:\/\/paroquiaqueijas.net\/portal\/semana-de-oracao-pela-unidade-dos-cristaos\/#primaryimage"},"thumbnailUrl":"https:\/\/paroquiaqueijas.net\/portal\/wp-content\/uploads\/2012\/01\/ecumenismo.png","articleSection":["Espa\u00e7o Eclesial"],"inLanguage":"pt-PT","potentialAction":[{"@type":"CommentAction","name":"Comment","target":["https:\/\/paroquiaqueijas.net\/portal\/semana-de-oracao-pela-unidade-dos-cristaos\/#respond"]}]},{"@type":"WebPage","@id":"https:\/\/paroquiaqueijas.net\/portal\/semana-de-oracao-pela-unidade-dos-cristaos\/","url":"https:\/\/paroquiaqueijas.net\/portal\/semana-de-oracao-pela-unidade-dos-cristaos\/","name":"Semana de Ora\u00e7\u00e3o pela Unidade dos Crist\u00e3os - Paroquia de Queijas","isPartOf":{"@id":"https:\/\/paroquiaqueijas.net\/portal\/#website"},"primaryImageOfPage":{"@id":"https:\/\/paroquiaqueijas.net\/portal\/semana-de-oracao-pela-unidade-dos-cristaos\/#primaryimage"},"image":{"@id":"https:\/\/paroquiaqueijas.net\/portal\/semana-de-oracao-pela-unidade-dos-cristaos\/#primaryimage"},"thumbnailUrl":"https:\/\/paroquiaqueijas.net\/portal\/wp-content\/uploads\/2012\/01\/ecumenismo.png","datePublished":"2013-01-20T22:24:15+00:00","dateModified":"2026-03-21T15:41:24+00:00","breadcrumb":{"@id":"https:\/\/paroquiaqueijas.net\/portal\/semana-de-oracao-pela-unidade-dos-cristaos\/#breadcrumb"},"inLanguage":"pt-PT","potentialAction":[{"@type":"ReadAction","target":["https:\/\/paroquiaqueijas.net\/portal\/semana-de-oracao-pela-unidade-dos-cristaos\/"]}]},{"@type":"ImageObject","inLanguage":"pt-PT","@id":"https:\/\/paroquiaqueijas.net\/portal\/semana-de-oracao-pela-unidade-dos-cristaos\/#primaryimage","url":"https:\/\/paroquiaqueijas.net\/portal\/wp-content\/uploads\/2012\/01\/ecumenismo.png","contentUrl":"https:\/\/paroquiaqueijas.net\/portal\/wp-content\/uploads\/2012\/01\/ecumenismo.png","width":410,"height":448,"caption":"ecumenismo"},{"@type":"BreadcrumbList","@id":"https:\/\/paroquiaqueijas.net\/portal\/semana-de-oracao-pela-unidade-dos-cristaos\/#breadcrumb","itemListElement":[{"@type":"ListItem","position":1,"name":"In\u00edcio","item":"https:\/\/paroquiaqueijas.net\/portal\/"},{"@type":"ListItem","position":2,"name":"Semana de Ora\u00e7\u00e3o pela Unidade dos Crist\u00e3os"}]},{"@type":"WebSite","@id":"https:\/\/paroquiaqueijas.net\/portal\/#website","url":"https:\/\/paroquiaqueijas.net\/portal\/","name":"Paroquia de Queijas","description":"","publisher":{"@id":"https:\/\/paroquiaqueijas.net\/portal\/#organization"},"potentialAction":[{"@type":"SearchAction","target":{"@type":"EntryPoint","urlTemplate":"https:\/\/paroquiaqueijas.net\/portal\/?s={search_term_string}"},"query-input":{"@type":"PropertyValueSpecification","valueRequired":true,"valueName":"search_term_string"}}],"inLanguage":"pt-PT"},{"@type":"Organization","@id":"https:\/\/paroquiaqueijas.net\/portal\/#organization","name":"Paroquia de Queijas","url":"https:\/\/paroquiaqueijas.net\/portal\/","logo":{"@type":"ImageObject","inLanguage":"pt-PT","@id":"https:\/\/paroquiaqueijas.net\/portal\/#\/schema\/logo\/image\/","url":"https:\/\/paroquiaqueijas.net\/portal\/wp-content\/uploads\/2026\/03\/LogoQueijas_novo.png","contentUrl":"https:\/\/paroquiaqueijas.net\/portal\/wp-content\/uploads\/2026\/03\/LogoQueijas_novo.png","width":520,"height":519,"caption":"Paroquia de Queijas"},"image":{"@id":"https:\/\/paroquiaqueijas.net\/portal\/#\/schema\/logo\/image\/"},"sameAs":["https:\/\/www.facebook.com\/paroquiaqueijas\/"]},{"@type":"Person","@id":"https:\/\/paroquiaqueijas.net\/portal\/#\/schema\/person\/07bb4cce216326e06b6f742b719ebec7","name":"Paroquia de Queijas","image":{"@type":"ImageObject","inLanguage":"pt-PT","@id":"https:\/\/secure.gravatar.com\/avatar\/5054571ff5d2454cd50657fc4e61d0c32d7a5d0d3b36ef6c0f6e269276d13618?s=96&d=mm&r=g","url":"https:\/\/secure.gravatar.com\/avatar\/5054571ff5d2454cd50657fc4e61d0c32d7a5d0d3b36ef6c0f6e269276d13618?s=96&d=mm&r=g","contentUrl":"https:\/\/secure.gravatar.com\/avatar\/5054571ff5d2454cd50657fc4e61d0c32d7a5d0d3b36ef6c0f6e269276d13618?s=96&d=mm&r=g","caption":"Paroquia de Queijas"},"sameAs":["https:\/\/paroquiaqueijas.net\/site"],"url":"https:\/\/paroquiaqueijas.net\/portal\/author\/admin1\/"}]}},"_links":{"self":[{"href":"https:\/\/paroquiaqueijas.net\/portal\/wp-json\/wp\/v2\/posts\/1070","targetHints":{"allow":["GET"]}}],"collection":[{"href":"https:\/\/paroquiaqueijas.net\/portal\/wp-json\/wp\/v2\/posts"}],"about":[{"href":"https:\/\/paroquiaqueijas.net\/portal\/wp-json\/wp\/v2\/types\/post"}],"author":[{"embeddable":true,"href":"https:\/\/paroquiaqueijas.net\/portal\/wp-json\/wp\/v2\/users\/1"}],"replies":[{"embeddable":true,"href":"https:\/\/paroquiaqueijas.net\/portal\/wp-json\/wp\/v2\/comments?post=1070"}],"version-history":[{"count":1,"href":"https:\/\/paroquiaqueijas.net\/portal\/wp-json\/wp\/v2\/posts\/1070\/revisions"}],"predecessor-version":[{"id":2573,"href":"https:\/\/paroquiaqueijas.net\/portal\/wp-json\/wp\/v2\/posts\/1070\/revisions\/2573"}],"wp:featuredmedia":[{"embeddable":true,"href":"https:\/\/paroquiaqueijas.net\/portal\/wp-json\/wp\/v2\/media\/810"}],"wp:attachment":[{"href":"https:\/\/paroquiaqueijas.net\/portal\/wp-json\/wp\/v2\/media?parent=1070"}],"wp:term":[{"taxonomy":"category","embeddable":true,"href":"https:\/\/paroquiaqueijas.net\/portal\/wp-json\/wp\/v2\/categories?post=1070"},{"taxonomy":"post_tag","embeddable":true,"href":"https:\/\/paroquiaqueijas.net\/portal\/wp-json\/wp\/v2\/tags?post=1070"}],"curies":[{"name":"wp","href":"https:\/\/api.w.org\/{rel}","templated":true}]}}