{"id":1076,"date":"2013-01-21T00:35:08","date_gmt":"2013-01-21T00:35:08","guid":{"rendered":"https:\/\/paroquiaqueijas.net\/site\/?p=1076"},"modified":"2026-04-18T08:39:01","modified_gmt":"2026-04-18T08:39:01","slug":"a-palavra-convence-a-beleza-atrai","status":"publish","type":"post","link":"https:\/\/paroquiaqueijas.net\/portal\/a-palavra-convence-a-beleza-atrai\/","title":{"rendered":"A palavra convence, a beleza atrai"},"content":{"rendered":"<p><span style=\"font-size: 10pt; color: #0000ff;\"><img fetchpriority=\"high\" decoding=\"async\" class=\"alignright wp-image-1075\" style=\"margin: 0px 0px 0px 8px; float: right;\" src=\"https:\/\/paroquiaqueijas.net\/portal\/wp-content\/uploads\/2013\/01\/Patriarca5.jpg\" alt=\"Patriarca5\" width=\"500\" height=\"270\" srcset=\"https:\/\/paroquiaqueijas.net\/portal\/wp-content\/uploads\/2013\/01\/Patriarca5.jpg 350w, https:\/\/paroquiaqueijas.net\/portal\/wp-content\/uploads\/2013\/01\/Patriarca5-300x162.jpg 300w\" sizes=\"(max-width: 500px) 100vw, 500px\" \/><span style=\"color: #000000; font-size: 12pt;\">Interven\u00e7\u00e3o do Cardeal Patriarca de Lisboa, D. Jos\u00e9 Policarpo, no encerramento da 3.\u00aa sess\u00e3o do ciclo &#8220;Eis o Homem&#8221;, sobre \u00abA Beleza\u00bb<\/span><\/span><\/p>\n<hr \/>\n<p>\u00abH\u00e1 na linguagem crist\u00e3 duas palavras-chave que acabam por influenciar a ac\u00e7\u00e3o pastoral da Igreja: &#8220;convencer&#8221; e &#8220;atrair&#8221;. Convencer \u00e9 o objectivo da palavra, da intelig\u00eancia racional, da for\u00e7a probativa que leva \u00e0 convic\u00e7\u00e3o. Atrair \u00e9, inevitavelmente, o efeito da beleza. A palavra convence, a beleza atrai.<br \/>\nFoi por ser atraente, irresistivelmente atraente, que Jesus Cristo era seguido.<br \/>\nNa miss\u00e3o da Igreja, os dois verbos t\u00eam o seu lugar. Mas sempre que a Igreja privilegia ou se limita a tentar convencer, perde parte da sua acutil\u00e2ncia e da sua capacidade de trazer pessoas ao Mist\u00e9rio. Est\u00e1 aqui tamb\u00e9m a resposta a um dos porqu\u00eas aqui levantados: porque \u00e9 que os templos s\u00e3o belos? porque \u00e9 que a Liturgia deve ser bela? Porque \u00e9 que esta noite foi bela? \u00c9 porque a Igreja nem sempre se limitou a tentar convencer. Percebeu sempre que era preciso atrair.<\/p>\n<p>Isto real\u00e7a, inevitavelmente, a rela\u00e7\u00e3o entre a beleza e a verdade. H\u00e1 v\u00e1rias abordagens desta quest\u00e3o, desde a \u00e9poca cl\u00e1ssica, em que a beleza produzida na arte humana era considerada parte das imagens fugitivas, que n\u00e3o podiam exprimir a verdade que pertencia ao mundo das ideias divinas, at\u00e9 Jo\u00e3o Paulo II que referindo-se ao bem, ao amor que era praticado pelos crist\u00e3os lhe chamou o Esplendor da Verdade \u2013 &#8220;Veritatis Splendor&#8221;.<\/p>\n<p>A palavra e a beleza s\u00e3o duas linguagens da abordagem do mist\u00e9rio, da revela\u00e7\u00e3o do mist\u00e9rio. A palavra revela, a beleza desvela.<\/p>\n<p>Foi dito que a verdade acaba sempre por relativizar, denunciar as formas humanas de beleza produzidas pelos artistas. \u00c9 sobretudo a verdade captada no Mist\u00e9rio da Revela\u00e7\u00e3o \u2013 verdade, mist\u00e9rio e beleza \u2013 que interpela inevitavelmente todas as formas finitas, j\u00e1 produzidas, de beleza, para que v\u00e3o mais longe e que, a partir da luz, que nelas j\u00e1 brilha, uma luz maior possa brilhar.<\/p>\n<p>A beleza \u00e9 sempre um raio de luz que toca no cora\u00e7\u00e3o dos homens e \u00e9 sempre, mesmo que n\u00e3o se saiba, uma experi\u00eancia de eternidade, uma experi\u00eancia do divino.<\/p>\n<p>Muito obrigado a todos por terem participado nestas nossas sess\u00f5es. Muito obrigado aos artistas, aos m\u00fasicos que nos acompanharam, ajudando a criar uma experi\u00eancia concreta de beleza. Obrigado aos intervenientes desta noite, que foram realmente m\u00e3os santas com cora\u00e7\u00f5es de s\u00e1bio. Muito obrigado.\u00bb<\/p>\n<p style=\"text-align: right;\">S\u00e9 Patriarcal de Lisboa, 24-05-2007<br \/>\n\u2020 JOS\u00c9, Cardeal-Patriarca<\/p>\n<div style=\"text-align: right;\">\n<p>[in Vida Cat\u00f3lica, n.\u00ba 26]<\/p>\n<\/div>\n","protected":false},"excerpt":{"rendered":"<p>Interven\u00e7\u00e3o do Cardeal Patriarca de Lisboa, D. Jos\u00e9 Policarpo, no encerramento da 3.\u00aa sess\u00e3o do ciclo &#8220;Eis o Homem&#8221;, sobre [&hellip;]<\/p>\n","protected":false},"author":1,"featured_media":1075,"comment_status":"open","ping_status":"open","sticky":false,"template":"","format":"standard","meta":{"site-sidebar-layout":"default","site-content-layout":"","ast-site-content-layout":"default","site-content-style":"default","site-sidebar-style":"default","ast-global-header-display":"","ast-banner-title-visibility":"","ast-main-header-display":"","ast-hfb-above-header-display":"","ast-hfb-below-header-display":"","ast-hfb-mobile-header-display":"","site-post-title":"","ast-breadcrumbs-content":"","ast-featured-img":"","footer-sml-layout":"","ast-disable-related-posts":"","theme-transparent-header-meta":"default","adv-header-id-meta":"","stick-header-meta":"default","header-above-stick-meta":"","header-main-stick-meta":"","header-below-stick-meta":"","astra-migrate-meta-layouts":"set","ast-page-background-enabled":"default","ast-page-background-meta":{"desktop":{"background-color":"var(--ast-global-color-5)","background-image":"","background-repeat":"repeat","background-position":"center center","background-size":"auto","background-attachment":"scroll","background-type":"","background-media":"","overlay-type":"","overlay-color":"","overlay-opacity":"","overlay-gradient":""},"tablet":{"background-color":"","background-image":"","background-repeat":"repeat","background-position":"center center","background-size":"auto","background-attachment":"scroll","background-type":"","background-media":"","overlay-type":"","overlay-color":"","overlay-opacity":"","overlay-gradient":""},"mobile":{"background-color":"","background-image":"","background-repeat":"repeat","background-position":"center center","background-size":"auto","background-attachment":"scroll","background-type":"","background-media":"","overlay-type":"","overlay-color":"","overlay-opacity":"","overlay-gradient":""}},"ast-content-background-meta":{"desktop":{"background-color":"var(--ast-global-color-4)","background-image":"","background-repeat":"repeat","background-position":"center center","background-size":"auto","background-attachment":"scroll","background-type":"","background-media":"","overlay-type":"","overlay-color":"","overlay-opacity":"","overlay-gradient":""},"tablet":{"background-color":"var(--ast-global-color-4)","background-image":"","background-repeat":"repeat","background-position":"center center","background-size":"auto","background-attachment":"scroll","background-type":"","background-media":"","overlay-type":"","overlay-color":"","overlay-opacity":"","overlay-gradient":""},"mobile":{"background-color":"var(--ast-global-color-4)","background-image":"","background-repeat":"repeat","background-position":"center center","background-size":"auto","background-attachment":"scroll","background-type":"","background-media":"","overlay-type":"","overlay-color":"","overlay-opacity":"","overlay-gradient":""}},"footnotes":""},"categories":[38],"tags":[],"class_list":["post-1076","post","type-post","status-publish","format-standard","has-post-thumbnail","hentry","category-espaco-cultural"],"yoast_head":"<!-- This site is optimized with the Yoast SEO plugin v27.4 - https:\/\/yoast.com\/product\/yoast-seo-wordpress\/ -->\n<title>A palavra convence, a beleza atrai - Paroquia de Queijas<\/title>\n<meta name=\"robots\" content=\"index, follow, max-snippet:-1, max-image-preview:large, max-video-preview:-1\" \/>\n<link rel=\"canonical\" href=\"https:\/\/paroquiaqueijas.net\/portal\/a-palavra-convence-a-beleza-atrai\/\" \/>\n<meta property=\"og:locale\" content=\"pt_PT\" \/>\n<meta property=\"og:type\" content=\"article\" \/>\n<meta property=\"og:title\" content=\"A palavra convence, a beleza atrai - Paroquia de Queijas\" \/>\n<meta property=\"og:description\" content=\"Interven\u00e7\u00e3o do Cardeal Patriarca de Lisboa, D. Jos\u00e9 Policarpo, no encerramento da 3.\u00aa sess\u00e3o do ciclo &#8220;Eis o Homem&#8221;, sobre [&hellip;]\" \/>\n<meta property=\"og:url\" content=\"https:\/\/paroquiaqueijas.net\/portal\/a-palavra-convence-a-beleza-atrai\/\" \/>\n<meta property=\"og:site_name\" content=\"Paroquia de Queijas\" \/>\n<meta property=\"article:publisher\" content=\"https:\/\/www.facebook.com\/paroquiaqueijas\/\" \/>\n<meta property=\"article:published_time\" content=\"2013-01-21T00:35:08+00:00\" \/>\n<meta property=\"article:modified_time\" content=\"2026-04-18T08:39:01+00:00\" \/>\n<meta property=\"og:image\" content=\"https:\/\/paroquiaqueijas.net\/portal\/wp-content\/uploads\/2013\/01\/Patriarca5.jpg\" \/>\n\t<meta property=\"og:image:width\" content=\"350\" \/>\n\t<meta property=\"og:image:height\" content=\"189\" \/>\n\t<meta property=\"og:image:type\" content=\"image\/jpeg\" \/>\n<meta name=\"author\" content=\"Paroquia de Queijas\" \/>\n<meta name=\"twitter:card\" content=\"summary_large_image\" \/>\n<meta name=\"twitter:label1\" content=\"Escrito por\" \/>\n\t<meta name=\"twitter:data1\" content=\"Paroquia de Queijas\" \/>\n\t<meta name=\"twitter:label2\" content=\"Tempo estimado de leitura\" \/>\n\t<meta name=\"twitter:data2\" content=\"3 minutos\" \/>\n<script type=\"application\/ld+json\" class=\"yoast-schema-graph\">{\"@context\":\"https:\\\/\\\/schema.org\",\"@graph\":[{\"@type\":\"Article\",\"@id\":\"https:\\\/\\\/paroquiaqueijas.net\\\/portal\\\/a-palavra-convence-a-beleza-atrai\\\/#article\",\"isPartOf\":{\"@id\":\"https:\\\/\\\/paroquiaqueijas.net\\\/portal\\\/a-palavra-convence-a-beleza-atrai\\\/\"},\"author\":{\"name\":\"Paroquia de Queijas\",\"@id\":\"https:\\\/\\\/paroquiaqueijas.net\\\/portal\\\/#\\\/schema\\\/person\\\/07bb4cce216326e06b6f742b719ebec7\"},\"headline\":\"A palavra convence, a beleza atrai\",\"datePublished\":\"2013-01-21T00:35:08+00:00\",\"dateModified\":\"2026-04-18T08:39:01+00:00\",\"mainEntityOfPage\":{\"@id\":\"https:\\\/\\\/paroquiaqueijas.net\\\/portal\\\/a-palavra-convence-a-beleza-atrai\\\/\"},\"wordCount\":441,\"commentCount\":0,\"publisher\":{\"@id\":\"https:\\\/\\\/paroquiaqueijas.net\\\/portal\\\/#organization\"},\"image\":{\"@id\":\"https:\\\/\\\/paroquiaqueijas.net\\\/portal\\\/a-palavra-convence-a-beleza-atrai\\\/#primaryimage\"},\"thumbnailUrl\":\"https:\\\/\\\/paroquiaqueijas.net\\\/portal\\\/wp-content\\\/uploads\\\/2013\\\/01\\\/Patriarca5.jpg\",\"articleSection\":[\"Espa\u00e7o Cultural\"],\"inLanguage\":\"pt-PT\",\"potentialAction\":[{\"@type\":\"CommentAction\",\"name\":\"Comment\",\"target\":[\"https:\\\/\\\/paroquiaqueijas.net\\\/portal\\\/a-palavra-convence-a-beleza-atrai\\\/#respond\"]}]},{\"@type\":\"WebPage\",\"@id\":\"https:\\\/\\\/paroquiaqueijas.net\\\/portal\\\/a-palavra-convence-a-beleza-atrai\\\/\",\"url\":\"https:\\\/\\\/paroquiaqueijas.net\\\/portal\\\/a-palavra-convence-a-beleza-atrai\\\/\",\"name\":\"A palavra convence, a beleza atrai - Paroquia de Queijas\",\"isPartOf\":{\"@id\":\"https:\\\/\\\/paroquiaqueijas.net\\\/portal\\\/#website\"},\"primaryImageOfPage\":{\"@id\":\"https:\\\/\\\/paroquiaqueijas.net\\\/portal\\\/a-palavra-convence-a-beleza-atrai\\\/#primaryimage\"},\"image\":{\"@id\":\"https:\\\/\\\/paroquiaqueijas.net\\\/portal\\\/a-palavra-convence-a-beleza-atrai\\\/#primaryimage\"},\"thumbnailUrl\":\"https:\\\/\\\/paroquiaqueijas.net\\\/portal\\\/wp-content\\\/uploads\\\/2013\\\/01\\\/Patriarca5.jpg\",\"datePublished\":\"2013-01-21T00:35:08+00:00\",\"dateModified\":\"2026-04-18T08:39:01+00:00\",\"breadcrumb\":{\"@id\":\"https:\\\/\\\/paroquiaqueijas.net\\\/portal\\\/a-palavra-convence-a-beleza-atrai\\\/#breadcrumb\"},\"inLanguage\":\"pt-PT\",\"potentialAction\":[{\"@type\":\"ReadAction\",\"target\":[\"https:\\\/\\\/paroquiaqueijas.net\\\/portal\\\/a-palavra-convence-a-beleza-atrai\\\/\"]}]},{\"@type\":\"ImageObject\",\"inLanguage\":\"pt-PT\",\"@id\":\"https:\\\/\\\/paroquiaqueijas.net\\\/portal\\\/a-palavra-convence-a-beleza-atrai\\\/#primaryimage\",\"url\":\"https:\\\/\\\/paroquiaqueijas.net\\\/portal\\\/wp-content\\\/uploads\\\/2013\\\/01\\\/Patriarca5.jpg\",\"contentUrl\":\"https:\\\/\\\/paroquiaqueijas.net\\\/portal\\\/wp-content\\\/uploads\\\/2013\\\/01\\\/Patriarca5.jpg\",\"width\":350,\"height\":189,\"caption\":\"Patriarca5\"},{\"@type\":\"BreadcrumbList\",\"@id\":\"https:\\\/\\\/paroquiaqueijas.net\\\/portal\\\/a-palavra-convence-a-beleza-atrai\\\/#breadcrumb\",\"itemListElement\":[{\"@type\":\"ListItem\",\"position\":1,\"name\":\"In\u00edcio\",\"item\":\"https:\\\/\\\/paroquiaqueijas.net\\\/portal\\\/\"},{\"@type\":\"ListItem\",\"position\":2,\"name\":\"A palavra convence, a beleza atrai\"}]},{\"@type\":\"WebSite\",\"@id\":\"https:\\\/\\\/paroquiaqueijas.net\\\/portal\\\/#website\",\"url\":\"https:\\\/\\\/paroquiaqueijas.net\\\/portal\\\/\",\"name\":\"Paroquia de Queijas\",\"description\":\"\",\"publisher\":{\"@id\":\"https:\\\/\\\/paroquiaqueijas.net\\\/portal\\\/#organization\"},\"potentialAction\":[{\"@type\":\"SearchAction\",\"target\":{\"@type\":\"EntryPoint\",\"urlTemplate\":\"https:\\\/\\\/paroquiaqueijas.net\\\/portal\\\/?s={search_term_string}\"},\"query-input\":{\"@type\":\"PropertyValueSpecification\",\"valueRequired\":true,\"valueName\":\"search_term_string\"}}],\"inLanguage\":\"pt-PT\"},{\"@type\":\"Organization\",\"@id\":\"https:\\\/\\\/paroquiaqueijas.net\\\/portal\\\/#organization\",\"name\":\"Paroquia de Queijas\",\"url\":\"https:\\\/\\\/paroquiaqueijas.net\\\/portal\\\/\",\"logo\":{\"@type\":\"ImageObject\",\"inLanguage\":\"pt-PT\",\"@id\":\"https:\\\/\\\/paroquiaqueijas.net\\\/portal\\\/#\\\/schema\\\/logo\\\/image\\\/\",\"url\":\"https:\\\/\\\/paroquiaqueijas.net\\\/portal\\\/wp-content\\\/uploads\\\/2026\\\/03\\\/LogoQueijas_novo.png\",\"contentUrl\":\"https:\\\/\\\/paroquiaqueijas.net\\\/portal\\\/wp-content\\\/uploads\\\/2026\\\/03\\\/LogoQueijas_novo.png\",\"width\":520,\"height\":519,\"caption\":\"Paroquia de Queijas\"},\"image\":{\"@id\":\"https:\\\/\\\/paroquiaqueijas.net\\\/portal\\\/#\\\/schema\\\/logo\\\/image\\\/\"},\"sameAs\":[\"https:\\\/\\\/www.facebook.com\\\/paroquiaqueijas\\\/\"]},{\"@type\":\"Person\",\"@id\":\"https:\\\/\\\/paroquiaqueijas.net\\\/portal\\\/#\\\/schema\\\/person\\\/07bb4cce216326e06b6f742b719ebec7\",\"name\":\"Paroquia de Queijas\",\"image\":{\"@type\":\"ImageObject\",\"inLanguage\":\"pt-PT\",\"@id\":\"https:\\\/\\\/secure.gravatar.com\\\/avatar\\\/5054571ff5d2454cd50657fc4e61d0c32d7a5d0d3b36ef6c0f6e269276d13618?s=96&d=mm&r=g\",\"url\":\"https:\\\/\\\/secure.gravatar.com\\\/avatar\\\/5054571ff5d2454cd50657fc4e61d0c32d7a5d0d3b36ef6c0f6e269276d13618?s=96&d=mm&r=g\",\"contentUrl\":\"https:\\\/\\\/secure.gravatar.com\\\/avatar\\\/5054571ff5d2454cd50657fc4e61d0c32d7a5d0d3b36ef6c0f6e269276d13618?s=96&d=mm&r=g\",\"caption\":\"Paroquia de Queijas\"},\"sameAs\":[\"https:\\\/\\\/paroquiaqueijas.net\\\/site\"],\"url\":\"https:\\\/\\\/paroquiaqueijas.net\\\/portal\\\/author\\\/admin1\\\/\"}]}<\/script>\n<!-- \/ Yoast SEO plugin. -->","yoast_head_json":{"title":"A palavra convence, a beleza atrai - Paroquia de Queijas","robots":{"index":"index","follow":"follow","max-snippet":"max-snippet:-1","max-image-preview":"max-image-preview:large","max-video-preview":"max-video-preview:-1"},"canonical":"https:\/\/paroquiaqueijas.net\/portal\/a-palavra-convence-a-beleza-atrai\/","og_locale":"pt_PT","og_type":"article","og_title":"A palavra convence, a beleza atrai - Paroquia de Queijas","og_description":"Interven\u00e7\u00e3o do Cardeal Patriarca de Lisboa, D. Jos\u00e9 Policarpo, no encerramento da 3.\u00aa sess\u00e3o do ciclo &#8220;Eis o Homem&#8221;, sobre [&hellip;]","og_url":"https:\/\/paroquiaqueijas.net\/portal\/a-palavra-convence-a-beleza-atrai\/","og_site_name":"Paroquia de Queijas","article_publisher":"https:\/\/www.facebook.com\/paroquiaqueijas\/","article_published_time":"2013-01-21T00:35:08+00:00","article_modified_time":"2026-04-18T08:39:01+00:00","og_image":[{"width":350,"height":189,"url":"https:\/\/paroquiaqueijas.net\/portal\/wp-content\/uploads\/2013\/01\/Patriarca5.jpg","type":"image\/jpeg"}],"author":"Paroquia de Queijas","twitter_card":"summary_large_image","twitter_misc":{"Escrito por":"Paroquia de Queijas","Tempo estimado de leitura":"3 minutos"},"schema":{"@context":"https:\/\/schema.org","@graph":[{"@type":"Article","@id":"https:\/\/paroquiaqueijas.net\/portal\/a-palavra-convence-a-beleza-atrai\/#article","isPartOf":{"@id":"https:\/\/paroquiaqueijas.net\/portal\/a-palavra-convence-a-beleza-atrai\/"},"author":{"name":"Paroquia de Queijas","@id":"https:\/\/paroquiaqueijas.net\/portal\/#\/schema\/person\/07bb4cce216326e06b6f742b719ebec7"},"headline":"A palavra convence, a beleza atrai","datePublished":"2013-01-21T00:35:08+00:00","dateModified":"2026-04-18T08:39:01+00:00","mainEntityOfPage":{"@id":"https:\/\/paroquiaqueijas.net\/portal\/a-palavra-convence-a-beleza-atrai\/"},"wordCount":441,"commentCount":0,"publisher":{"@id":"https:\/\/paroquiaqueijas.net\/portal\/#organization"},"image":{"@id":"https:\/\/paroquiaqueijas.net\/portal\/a-palavra-convence-a-beleza-atrai\/#primaryimage"},"thumbnailUrl":"https:\/\/paroquiaqueijas.net\/portal\/wp-content\/uploads\/2013\/01\/Patriarca5.jpg","articleSection":["Espa\u00e7o Cultural"],"inLanguage":"pt-PT","potentialAction":[{"@type":"CommentAction","name":"Comment","target":["https:\/\/paroquiaqueijas.net\/portal\/a-palavra-convence-a-beleza-atrai\/#respond"]}]},{"@type":"WebPage","@id":"https:\/\/paroquiaqueijas.net\/portal\/a-palavra-convence-a-beleza-atrai\/","url":"https:\/\/paroquiaqueijas.net\/portal\/a-palavra-convence-a-beleza-atrai\/","name":"A palavra convence, a beleza atrai - Paroquia de Queijas","isPartOf":{"@id":"https:\/\/paroquiaqueijas.net\/portal\/#website"},"primaryImageOfPage":{"@id":"https:\/\/paroquiaqueijas.net\/portal\/a-palavra-convence-a-beleza-atrai\/#primaryimage"},"image":{"@id":"https:\/\/paroquiaqueijas.net\/portal\/a-palavra-convence-a-beleza-atrai\/#primaryimage"},"thumbnailUrl":"https:\/\/paroquiaqueijas.net\/portal\/wp-content\/uploads\/2013\/01\/Patriarca5.jpg","datePublished":"2013-01-21T00:35:08+00:00","dateModified":"2026-04-18T08:39:01+00:00","breadcrumb":{"@id":"https:\/\/paroquiaqueijas.net\/portal\/a-palavra-convence-a-beleza-atrai\/#breadcrumb"},"inLanguage":"pt-PT","potentialAction":[{"@type":"ReadAction","target":["https:\/\/paroquiaqueijas.net\/portal\/a-palavra-convence-a-beleza-atrai\/"]}]},{"@type":"ImageObject","inLanguage":"pt-PT","@id":"https:\/\/paroquiaqueijas.net\/portal\/a-palavra-convence-a-beleza-atrai\/#primaryimage","url":"https:\/\/paroquiaqueijas.net\/portal\/wp-content\/uploads\/2013\/01\/Patriarca5.jpg","contentUrl":"https:\/\/paroquiaqueijas.net\/portal\/wp-content\/uploads\/2013\/01\/Patriarca5.jpg","width":350,"height":189,"caption":"Patriarca5"},{"@type":"BreadcrumbList","@id":"https:\/\/paroquiaqueijas.net\/portal\/a-palavra-convence-a-beleza-atrai\/#breadcrumb","itemListElement":[{"@type":"ListItem","position":1,"name":"In\u00edcio","item":"https:\/\/paroquiaqueijas.net\/portal\/"},{"@type":"ListItem","position":2,"name":"A palavra convence, a beleza atrai"}]},{"@type":"WebSite","@id":"https:\/\/paroquiaqueijas.net\/portal\/#website","url":"https:\/\/paroquiaqueijas.net\/portal\/","name":"Paroquia de Queijas","description":"","publisher":{"@id":"https:\/\/paroquiaqueijas.net\/portal\/#organization"},"potentialAction":[{"@type":"SearchAction","target":{"@type":"EntryPoint","urlTemplate":"https:\/\/paroquiaqueijas.net\/portal\/?s={search_term_string}"},"query-input":{"@type":"PropertyValueSpecification","valueRequired":true,"valueName":"search_term_string"}}],"inLanguage":"pt-PT"},{"@type":"Organization","@id":"https:\/\/paroquiaqueijas.net\/portal\/#organization","name":"Paroquia de Queijas","url":"https:\/\/paroquiaqueijas.net\/portal\/","logo":{"@type":"ImageObject","inLanguage":"pt-PT","@id":"https:\/\/paroquiaqueijas.net\/portal\/#\/schema\/logo\/image\/","url":"https:\/\/paroquiaqueijas.net\/portal\/wp-content\/uploads\/2026\/03\/LogoQueijas_novo.png","contentUrl":"https:\/\/paroquiaqueijas.net\/portal\/wp-content\/uploads\/2026\/03\/LogoQueijas_novo.png","width":520,"height":519,"caption":"Paroquia de Queijas"},"image":{"@id":"https:\/\/paroquiaqueijas.net\/portal\/#\/schema\/logo\/image\/"},"sameAs":["https:\/\/www.facebook.com\/paroquiaqueijas\/"]},{"@type":"Person","@id":"https:\/\/paroquiaqueijas.net\/portal\/#\/schema\/person\/07bb4cce216326e06b6f742b719ebec7","name":"Paroquia de Queijas","image":{"@type":"ImageObject","inLanguage":"pt-PT","@id":"https:\/\/secure.gravatar.com\/avatar\/5054571ff5d2454cd50657fc4e61d0c32d7a5d0d3b36ef6c0f6e269276d13618?s=96&d=mm&r=g","url":"https:\/\/secure.gravatar.com\/avatar\/5054571ff5d2454cd50657fc4e61d0c32d7a5d0d3b36ef6c0f6e269276d13618?s=96&d=mm&r=g","contentUrl":"https:\/\/secure.gravatar.com\/avatar\/5054571ff5d2454cd50657fc4e61d0c32d7a5d0d3b36ef6c0f6e269276d13618?s=96&d=mm&r=g","caption":"Paroquia de Queijas"},"sameAs":["https:\/\/paroquiaqueijas.net\/site"],"url":"https:\/\/paroquiaqueijas.net\/portal\/author\/admin1\/"}]}},"_links":{"self":[{"href":"https:\/\/paroquiaqueijas.net\/portal\/wp-json\/wp\/v2\/posts\/1076","targetHints":{"allow":["GET"]}}],"collection":[{"href":"https:\/\/paroquiaqueijas.net\/portal\/wp-json\/wp\/v2\/posts"}],"about":[{"href":"https:\/\/paroquiaqueijas.net\/portal\/wp-json\/wp\/v2\/types\/post"}],"author":[{"embeddable":true,"href":"https:\/\/paroquiaqueijas.net\/portal\/wp-json\/wp\/v2\/users\/1"}],"replies":[{"embeddable":true,"href":"https:\/\/paroquiaqueijas.net\/portal\/wp-json\/wp\/v2\/comments?post=1076"}],"version-history":[{"count":3,"href":"https:\/\/paroquiaqueijas.net\/portal\/wp-json\/wp\/v2\/posts\/1076\/revisions"}],"predecessor-version":[{"id":3956,"href":"https:\/\/paroquiaqueijas.net\/portal\/wp-json\/wp\/v2\/posts\/1076\/revisions\/3956"}],"wp:featuredmedia":[{"embeddable":true,"href":"https:\/\/paroquiaqueijas.net\/portal\/wp-json\/wp\/v2\/media\/1075"}],"wp:attachment":[{"href":"https:\/\/paroquiaqueijas.net\/portal\/wp-json\/wp\/v2\/media?parent=1076"}],"wp:term":[{"taxonomy":"category","embeddable":true,"href":"https:\/\/paroquiaqueijas.net\/portal\/wp-json\/wp\/v2\/categories?post=1076"},{"taxonomy":"post_tag","embeddable":true,"href":"https:\/\/paroquiaqueijas.net\/portal\/wp-json\/wp\/v2\/tags?post=1076"}],"curies":[{"name":"wp","href":"https:\/\/api.w.org\/{rel}","templated":true}]}}