{"id":1084,"date":"2013-02-05T00:15:44","date_gmt":"2013-02-05T00:15:44","guid":{"rendered":"https:\/\/paroquiaqueijas.net\/site\/?p=1084"},"modified":"2026-03-21T15:41:24","modified_gmt":"2026-03-21T15:41:24","slug":"audiencia-geral-de-bento-xvi-30-01-2013","status":"publish","type":"post","link":"https:\/\/paroquiaqueijas.net\/portal\/audiencia-geral-de-bento-xvi-30-01-2013\/","title":{"rendered":"Audi\u00eancia Geral de Bento XVI &#8211; 30-01-2013"},"content":{"rendered":"<p><img fetchpriority=\"high\" decoding=\"async\" class=\" alignright size-full wp-image-995\" style=\"margin: 0px; float: right;\" alt=\"AudPapal\" src=\"https:\/\/paroquiaqueijas.net\/portal\/wp-content\/uploads\/2012\/10\/AudPapal.jpg\" height=\"98\" width=\"550\" srcset=\"https:\/\/paroquiaqueijas.net\/portal\/wp-content\/uploads\/2012\/10\/AudPapal.jpg 772w, https:\/\/paroquiaqueijas.net\/portal\/wp-content\/uploads\/2012\/10\/AudPapal-300x53.jpg 300w, https:\/\/paroquiaqueijas.net\/portal\/wp-content\/uploads\/2012\/10\/AudPapal-768x136.jpg 768w\" sizes=\"(max-width: 550px) 100vw, 550px\" \/><strong>15. \u00abCreio em Deus Pai Todo-Poderoso\u00bb<\/span><\/strong><br \/>\nAudi\u00eancia Geral de Bento XVI (30-01-2013)<\/p>\n<p><!--more--><\/p>\n<p>Queridos irm\u00e3os e irm\u00e3s,<\/span><\/p>\n<p>Na catequese da quarta-feira passada detivemo-nos sobre as palavras iniciais do Credo: \u00abCreio em Deus\u00bb. Mas a profiss\u00e3o de f\u00e9 esclarece esta afirma\u00e7\u00e3o: Deus \u00e9 o Pai Todo-Poderoso, Criador do c\u00e9u e da terra. Portanto, agora gostaria de meditar convosco sobre a primeira e fundamental defini\u00e7\u00e3o de Deus que o Credo nos apresenta: Ele \u00e9 Pai.<\/span><\/p>\n<p>Hoje, nem sempre \u00e9 f\u00e1cil falar de paternidade. Sobretudo no mundo ocidental, as fam\u00edlias desagregadas, os compromissos de trabalho cada vez mais exigentes, as preocupa\u00e7\u00f5es e muitas vezes a dificuldade de adaptar os balan\u00e7os familiares e a invas\u00e3o distra\u00edda dos mass media no interior da vida quotidiana s\u00e3o alguns dos numerosos factores que podem impedir uma rela\u00e7\u00e3o tranquila e construtiva entre pais e filhos. \u00c0s vezes a comunica\u00e7\u00e3o torna-se dif\u00edcil, a confian\u00e7a diminui e o relacionamento com a figura paterna pode tornar-se problem\u00e1tico; e assim, na aus\u00eancia de um modelo de refer\u00eancia adequado, \u00e9 dif\u00edcil tamb\u00e9m imaginar Deus como um Pai. Para quantos fizeram a experi\u00eancia de um pai demasiado autorit\u00e1rio e inflex\u00edvel, ou indiferente e pouco carinhoso ou at\u00e9 mesmo ausente, n\u00e3o \u00e9 f\u00e1cil pensar com serenidade em Deus como Pai e abandonar-se a Ele com confian\u00e7a.<\/span><\/p>\n<p>Mas a revela\u00e7\u00e3o b\u00edblica ajuda a superar estas dificuldades, falando-nos de um Deus que nos indica o que significa ser verdadeiramente \u00abpai\u00bb; e \u00e9 sobretudo o Evangelho que nos revela este rosto de Deus como Pai que ama at\u00e9 ao dom do pr\u00f3prio Filho, para a salva\u00e7\u00e3o da humanidade. Por conseguinte, a refer\u00eancia \u00e0 figura paterna ajuda a compreender algo do amor de Deus, que no entanto permanece infinitamente maior, mais fiel, mais total do que o amor de qualquer homem. \u00abQuem de v\u00f3s \u2014 diz Jesus, para mostrar aos disc\u00edpulos o rosto do Pai \u2014 dar\u00e1 uma pedra ao pr\u00f3prio filho, se este lhe pedir p\u00e3o? E, se lhe pedir um peixe, dar-lhe-\u00e1 porventura uma serpente? Se v\u00f3s, pois, que sois maus, sabeis dar coisas boas aos vossos filhos, ainda mais o vosso Pai celeste dar\u00e1 coisas boas a quantos lhe pedirem\u00bb (Mt 7, 9-11; cf. Lc 11, 11-13). Deus \u00e9 nosso Pai, porque nos aben\u00e7oou e escolheu antes da cria\u00e7\u00e3o do mundo (cf. Ef 1, 3-6), tornando-nos realmente seus filhos em Jesus (cf. 1 Jo 3, 1). E, como Pai, Deus acompanha com amor a nossa exist\u00eancia, concedendo-nos a sua Palavra, o seu ensinamento, a sua gra\u00e7a e o seu Esp\u00edrito.<\/span><\/p>\n<p>Ele \u2014 come revela Jesus \u2014 \u00e9 o Pai que alimenta os p\u00e1ssaros do c\u00e9u, sem que eles tenham que semear e colher, e reveste de cores maravilhosas as flores dos campos, com vestes mais belas do que as do rei Salom\u00e3o (cf. Mt 6, 26-32; Lc 12, 24-28); quanto a n\u00f3s \u2014 acrescenta Jesus \u2014 valemos muito mais que as flores dos campos e os p\u00e1ssaros do c\u00e9u! E se Ele \u00e9 t\u00e3o bom, a ponto de fazer \u00abnascer o sol tanto sobre os maus como sobre os bons, e&#8230; chover sobre os justos e sobre os injustos\u00bb (Mt 5, 45), poderemos sempre, sem medo e com confian\u00e7a total, confiar-nos ao seu perd\u00e3o de Pai, quando erramos o caminho. Deus \u00e9 um Pai bom que acolhe e abra\u00e7a o filho perdido e arrependido (cf. Lc 15, 11 ss.), d\u00e1 gratuitamente \u00e0queles que pedem (cf. Mt 18, 19; Mc 11, 24; Jo 16, 23) e oferece o p\u00e3o do c\u00e9u e a \u00e1gua viva que faz viver eternamente (cf. Jo 6, 32.51.58).<\/span><\/p>\n<p>Por isso, o orante do Salmo 27, circundado pelos inimigos, assediado por malvados e caluniadores, enquanto procura a ajuda do Senhor e o invoca, pode oferecer o seu testemunho cheio de f\u00e9, afirmando: \u00abO meu pai e a minha m\u00e3e abandonaram-me, mas o Senhor socorreu-me\u00bb (v. 10). Deus \u00e9 um Pai que nunca abandona os seus filhos, um Pai amoroso que sustenta, ajuda, acolhe, perdoa e salva, com uma fidelidade que ultrapassa imensamente a dos homens, para se abrir a dimens\u00f5es de eternidade. \u00abPorque o seu amor \u00e9 para sempre\u00bb, como continua a repetir de modo lit\u00e2nico, em cada vers\u00edculo, o Salmo 136, repercorrendo a hist\u00f3ria da salva\u00e7\u00e3o. O amor de Deus Pai nunca esmorece, nem se cansa de n\u00f3s; \u00e9 amor que doa at\u00e9 ao extremo, at\u00e9 ao sacrif\u00edcio do Filho. A f\u00e9 doa-nos esta certeza, que se torna uma rocha segura na constru\u00e7\u00e3o da nossa vida: n\u00f3s podemos enfrentar todos os momentos de dificuldade e de perigo, a experi\u00eancia da obscuridade da crise e do tempo da dor, sustentados pela confian\u00e7a de que Deus n\u00e3o nos deixa sozinhos e est\u00e1 sempre pr\u00f3ximo, para nos salvar e nos levar \u00e0 vida eterna.<\/span><\/p>\n<p>\u00c9 no Senhor Jesus que se mostra plenamente o rosto ben\u00e9volo do Pai que est\u00e1 nos c\u00e9us. \u00c9 conhecendo-o que podemos conhecer tamb\u00e9m o Pai (cf. Jo 8, 19; 14, 7), \u00e9 vendo-o que podemos ver o Pai, porque Ele est\u00e1 no Pai, e o Pai est\u00e1 nele (cf. Jo 14, 9.11). Ele \u00e9 \u00abimagem do Deus invis\u00edvel\u00bb, como o define o hino da Carta aos Colossenses, \u00abprim\u00edcias de toda a cria\u00e7\u00e3o&#8230; primog\u00e9nito daqueles que ressuscitam dos mortos\u00bb, \u00abpor meio do qual n\u00f3s recebemos a reden\u00e7\u00e3o, o perd\u00e3o dos pecados\u00bb e a reconcilia\u00e7\u00e3o de todas as coisas, \u00abdado que resgatou com o sangue da sua cruz tanto as coisas que est\u00e3o na terra, como aquelas que est\u00e3o nos c\u00e9us\u00bb (cf. Cl 1, 13-20).<\/span><\/p>\n<p>A f\u00e9 em Deus Pai requer que acreditemos no Filho, sob a ac\u00e7\u00e3o do Esp\u00edrito, reconhecendo na Cruz que salva a revela\u00e7\u00e3o definitiva do amor divino. Deus \u00e9 nosso Pai, oferecendo-nos o Filho; Deus \u00e9 nosso Pai, perdoando o nosso pecado e levando-nos \u00e0 alegria da vida ressuscitada; Deus \u00e9 nosso Pai, doando-nos o Esp\u00edrito, que nos torna filhos e nos permite chamar-lhe, na verdade, \u00abAb\u00e1, Pai!\u00bb (cf. Rm 8, 15). Por isso Jesus, ensinando-nos a rezar, convida-nos a dizer: \u00abPai nosso\u00bb (Mt 6, 9-13; cf. Lc 11, 2-4).<\/span><\/p>\n<p>Ent\u00e3o, a paternidade de Deus \u00e9 amor infinito, ternura que se debru\u00e7a sobre n\u00f3s, filhos fr\u00e1geis, necessitados de tudo. O Salmo 103, o grande c\u00e2ntico da miseric\u00f3rdia divina, proclama: \u00abAssim como um pai tem piedade dos seus filhos, do mesmo modo o Senhor tem compaix\u00e3o daqueles que o temem, porque Ele sabe do que somos feitos, e n\u00e3o se esquece de que somos p\u00f3\u00bb (vv. 13-14). \u00c9 pr\u00f3prio da nossa pequenez, a nossa fr\u00e1gil natureza humana, a nossa caducidade que se torna apelo \u00e0 miseric\u00f3rdia do Senhor, para que manifeste a sua grandeza e ternura de Pai ajudando-nos, perdoando-nos e salvando-nos.<\/span><\/p>\n<p>E Deus responde ao nosso apelo, enviando o seu Filho, que morre e renasce para n\u00f3s; entra na nossa fragilidade e realiza aquilo que o homem sozinho nunca poderia levar a cabo: assume sobre si mesmo o pecado do mundo, como Cordeiro inocente, e volta a abrir-nos o caminho rumo \u00e0 comunh\u00e3o com Deus, tornando-nos verdadeiros filhos de Deus. \u00c9 ali, no Mist\u00e9rio pascal, que se revela em toda a sua luminosidade, o rosto definitivo do Pai. E \u00e9 ali, na Cruz gloriosa, que se verifica a manifesta\u00e7\u00e3o completa da grandeza de Deus, como \u00abPai Todo-Poderoso\u00bb.<\/span><\/p>\n<p>Mas poder\u00edamos interrogar-nos: como \u00e9 poss\u00edvel pensar num Deus Todo-Poderoso, contemplando a Cruz de Cristo? Este poder do mal, que chega ao ponto de matar o Filho de Deus? Sem d\u00favida, gostar\u00edamos de uma omnipot\u00eancia divina em conformidade com os nossos esquemas mentais e os nossos desejos: um Deus \u00abTodo-Poderoso\u00bb que resolva os problemas, que intervenha para nos fazer evitar as dificuldades, que ven\u00e7a os poderes adversos, que mude o curso dos acontecimentos e que anule a dor. Por isso, hoje v\u00e1rios te\u00f3logos dizem que Deus n\u00e3o pode ser Todo-Poderoso, caso contr\u00e1rio n\u00e3o haveria tanto sofrimento e tanto mal no mundo. Na realidade, diante do mal e do sofrimento, para muitos, para n\u00f3s, torna-se problem\u00e1tico, dif\u00edcil, crer num Deus Pai e acreditar que Ele \u00e9 Todo-Poderoso; alguns procuram ref\u00fagio em \u00eddolos, cedendo \u00e0 tenta\u00e7\u00e3o de encontrar resposta numa presum\u00edvel omnipot\u00eancia \u00abm\u00e1gica\u00bb e nas suas promessas ilus\u00f3rias.<\/span><\/p>\n<p>Mas a f\u00e9 em Deus Todo-Poderoso impele-nos a percorrer sendas muito diferentes: aprender a conhecer que o pensamento de Deus \u00e9 diverso do nosso, que os caminhos de Deus s\u00e3o diferentes dos nossos (cf. Is 55, 8) e tamb\u00e9m a sua omnipot\u00eancia \u00e9 diversa: n\u00e3o se expressa como for\u00e7a autom\u00e1tica ou arbitr\u00e1ria, mas caracteriza-se por uma liberdade amorosa e paterna. Na realidade Deus, criando criaturas livres e dando liberdade, renunciou a uma parte do seu poder, deixando o poder da nossa liberdade. Assim Ele ama e respeita a resposta livre de amor \u00e0 sua chamada. Como Pai, Deus deseja que n\u00f3s sejamos seus filhos e vivamos como tais no seu Filho, em comunh\u00e3o, em plena familiaridade com Ele. A sua omnipot\u00eancia n\u00e3o se manifesta na viol\u00eancia, n\u00e3o se exprime na destrui\u00e7\u00e3o de todo o poder adverso, como n\u00f3s desejamos, mas expressa-se no amor, na miseric\u00f3rdia, no perd\u00e3o, na aceita\u00e7\u00e3o da nossa liberdade e no apelo incans\u00e1vel \u00e0 convers\u00e3o do cora\u00e7\u00e3o, numa atitude s\u00f3 aparentemente fr\u00e1gil \u2014 Deus parece fr\u00e1gil, se pensamos em Jesus Cristo que reza, que se deixa matar. Uma atitude aparentemente d\u00e9bil, feito de paci\u00eancia, de mansid\u00e3o e de amor, demonstra que este \u00e9 o verdadeiro modo de ser poderoso! Este \u00e9 o poder de Deus! E este poder vencer\u00e1! O s\u00e1bio o Livro da Sabedoria dirige-se assim a Deus: \u00abTendes compaix\u00e3o de todos, porque V\u00f3s podeis tudo; e para que se arrependam, fechais os olhos aos pecados dos homens. Porque amais tudo o que existe&#8230; poupais todos os seres, porque todos s\u00e3o vossos, \u00f3 Senhor, que amais a vida\u00bb (11, 23-24a.26).<\/span><\/p>\n<p>Somente quem \u00e9 verdadeiramente poderoso pode suportar o mal e mostrar-se misericordioso; s\u00f3 quem \u00e9 autenticamente poderoso pode exercer de modo pleno a for\u00e7a do amor. E Deus, a quem pertencem todas as coisas, porque tudo foi feito por Ele, revela a sua for\u00e7a amando tudo e todos, numa expectativa paciente da nossa convers\u00e3o, de n\u00f3s homens, que Ele deseja ter como filhos. Deus espera a nossa convers\u00e3o. O amor todo-poderoso de Deus n\u00e3o conhece limites, a tal ponto que \u00abn\u00e3o poupou o seu pr\u00f3prio Filho, mas entregou-o por todos n\u00f3s\u00bb (Rm 8, 32). A omnipot\u00eancia do amor n\u00e3o \u00e9 a do poder do mundo, mas do dom total, e Jesus, Filho de Deus, revela ao mundo a verdadeira omnipot\u00eancia do Pai, oferecendo a sua vida por n\u00f3s, pecadores. Eis o verdadeiro, aut\u00eantico e perfeito poder divino: responder ao mal n\u00e3o com o mal, mas com o bem, aos insultos com o perd\u00e3o, ao \u00f3dio homicida com o amor que faz viver. Ent\u00e3o, o mal \u00e9 vencido verdadeiramente, porque \u00e9 purificado pelo amor de Deus; assim, a morte \u00e9 derrotada definitivamente, porque transformada em dom da vida. Deus Pai ressuscita o Filho: a morte, a grande inimiga (cf. 1 Cor 15, 26), \u00e9 tragada e privada do seu veneno (cf. 1 Cor 15, 54-55); quanto a n\u00f3s, livres do pecado, podemos aceder \u00e0 nossa realidade de filhos de Deus.<\/span><\/p>\n<p>Portanto, quando afirmamos \u00abCreio em Deus Pai Todo-Poderoso\u00bb, n\u00f3s expressamos a nossa f\u00e9 no poder do amor de Deus, que no seu Filho morto e ressuscitado derrota o \u00f3dio, o mal e o pecado, abrindo-nos \u00e0 vida eterna, \u00e0 vida dos filhos que desejam permanecer para sempre na \u00abCasa do Pai\u00bb. Dizer \u00abCreio em Deus Pai Todo-Poderoso\u00bb, no seu poder, na sua maneira de ser Pai, constitui sempre um gesto de f\u00e9, de convers\u00e3o, de transforma\u00e7\u00e3o do nosso pensamento, de todo o nosso afecto e de todo o nosso estilo de vida.<\/span><\/p>\n<p>Caros irm\u00e3os e irm\u00e3s, pe\u00e7amos ao Senhor que ampare a nossa f\u00e9, que nos ajude a encontrar verdadeiramente a f\u00e9 e que nos d\u00ea a for\u00e7a de anunciar Cristo crucificado e ressuscitado, e de o testemunhar no amor a Deus e ao pr\u00f3ximo. E Deus nos conceda acolher a d\u00e1diva da nossa filia\u00e7\u00e3o, para vivermos em plenitude as realidades do Credo, no abandono confiante ao amor do Pai e \u00e0 sua omnipot\u00eancia misericordiosa, que \u00e9 a omnipot\u00eancia verdadeira e que salva.<\/span><\/p>\n<div style=\"text-align: right;\">Audi\u00eancia Geral de Bento XVI, Pra\u00e7a de S. Pedro, 30 de Janeiro de 2013<\/p>\n","protected":false},"excerpt":{"rendered":"<p>15. \u00abCreio em Deus Pai Todo-Poderoso\u00bb Audi\u00eancia Geral de Bento XVI (30-01-2013)<\/p>\n","protected":false},"author":1,"featured_media":995,"comment_status":"open","ping_status":"open","sticky":false,"template":"","format":"standard","meta":{"site-sidebar-layout":"default","site-content-layout":"","ast-site-content-layout":"default","site-content-style":"default","site-sidebar-style":"default","ast-global-header-display":"","ast-banner-title-visibility":"","ast-main-header-display":"","ast-hfb-above-header-display":"","ast-hfb-below-header-display":"","ast-hfb-mobile-header-display":"","site-post-title":"","ast-breadcrumbs-content":"","ast-featured-img":"","footer-sml-layout":"","ast-disable-related-posts":"","theme-transparent-header-meta":"","adv-header-id-meta":"","stick-header-meta":"","header-above-stick-meta":"","header-main-stick-meta":"","header-below-stick-meta":"","astra-migrate-meta-layouts":"default","ast-page-background-enabled":"default","ast-page-background-meta":{"desktop":{"background-color":"var(--ast-global-color-5)","background-image":"","background-repeat":"repeat","background-position":"center center","background-size":"auto","background-attachment":"scroll","background-type":"","background-media":"","overlay-type":"","overlay-color":"","overlay-opacity":"","overlay-gradient":""},"tablet":{"background-color":"","background-image":"","background-repeat":"repeat","background-position":"center center","background-size":"auto","background-attachment":"scroll","background-type":"","background-media":"","overlay-type":"","overlay-color":"","overlay-opacity":"","overlay-gradient":""},"mobile":{"background-color":"","background-image":"","background-repeat":"repeat","background-position":"center center","background-size":"auto","background-attachment":"scroll","background-type":"","background-media":"","overlay-type":"","overlay-color":"","overlay-opacity":"","overlay-gradient":""}},"ast-content-background-meta":{"desktop":{"background-color":"var(--ast-global-color-4)","background-image":"","background-repeat":"repeat","background-position":"center center","background-size":"auto","background-attachment":"scroll","background-type":"","background-media":"","overlay-type":"","overlay-color":"","overlay-opacity":"","overlay-gradient":""},"tablet":{"background-color":"var(--ast-global-color-4)","background-image":"","background-repeat":"repeat","background-position":"center center","background-size":"auto","background-attachment":"scroll","background-type":"","background-media":"","overlay-type":"","overlay-color":"","overlay-opacity":"","overlay-gradient":""},"mobile":{"background-color":"var(--ast-global-color-4)","background-image":"","background-repeat":"repeat","background-position":"center center","background-size":"auto","background-attachment":"scroll","background-type":"","background-media":"","overlay-type":"","overlay-color":"","overlay-opacity":"","overlay-gradient":""}},"footnotes":""},"categories":[14],"tags":[],"class_list":["post-1084","post","type-post","status-publish","format-standard","has-post-thumbnail","hentry","category-papa-bento-xvi"],"yoast_head":"<!-- This site is optimized with the Yoast SEO plugin v27.4 - https:\/\/yoast.com\/product\/yoast-seo-wordpress\/ -->\n<title>Audi\u00eancia Geral de Bento XVI - 30-01-2013 - Paroquia de Queijas<\/title>\n<meta name=\"robots\" content=\"index, follow, max-snippet:-1, max-image-preview:large, max-video-preview:-1\" \/>\n<link rel=\"canonical\" href=\"https:\/\/paroquiaqueijas.net\/portal\/audiencia-geral-de-bento-xvi-30-01-2013\/\" \/>\n<meta property=\"og:locale\" content=\"pt_PT\" \/>\n<meta property=\"og:type\" content=\"article\" \/>\n<meta property=\"og:title\" content=\"Audi\u00eancia Geral de Bento XVI - 30-01-2013 - Paroquia de Queijas\" \/>\n<meta property=\"og:description\" content=\"15. \u00abCreio em Deus Pai Todo-Poderoso\u00bb Audi\u00eancia Geral de Bento XVI (30-01-2013)\" \/>\n<meta property=\"og:url\" content=\"https:\/\/paroquiaqueijas.net\/portal\/audiencia-geral-de-bento-xvi-30-01-2013\/\" \/>\n<meta property=\"og:site_name\" content=\"Paroquia de Queijas\" \/>\n<meta property=\"article:publisher\" content=\"https:\/\/www.facebook.com\/paroquiaqueijas\/\" \/>\n<meta property=\"article:published_time\" content=\"2013-02-05T00:15:44+00:00\" \/>\n<meta property=\"article:modified_time\" content=\"2026-03-21T15:41:24+00:00\" \/>\n<meta property=\"og:image\" content=\"https:\/\/paroquiaqueijas.net\/portal\/wp-content\/uploads\/2012\/10\/AudPapal.jpg\" \/>\n\t<meta property=\"og:image:width\" content=\"772\" \/>\n\t<meta property=\"og:image:height\" content=\"137\" \/>\n\t<meta property=\"og:image:type\" content=\"image\/jpeg\" \/>\n<meta name=\"author\" content=\"Paroquia de Queijas\" \/>\n<meta name=\"twitter:card\" content=\"summary_large_image\" \/>\n<meta name=\"twitter:label1\" content=\"Escrito por\" \/>\n\t<meta name=\"twitter:data1\" content=\"Paroquia de Queijas\" \/>\n\t<meta name=\"twitter:label2\" content=\"Tempo estimado de leitura\" \/>\n\t<meta name=\"twitter:data2\" content=\"10 minutos\" \/>\n<script type=\"application\/ld+json\" class=\"yoast-schema-graph\">{\"@context\":\"https:\\\/\\\/schema.org\",\"@graph\":[{\"@type\":\"Article\",\"@id\":\"https:\\\/\\\/paroquiaqueijas.net\\\/portal\\\/audiencia-geral-de-bento-xvi-30-01-2013\\\/#article\",\"isPartOf\":{\"@id\":\"https:\\\/\\\/paroquiaqueijas.net\\\/portal\\\/audiencia-geral-de-bento-xvi-30-01-2013\\\/\"},\"author\":{\"name\":\"Paroquia de Queijas\",\"@id\":\"https:\\\/\\\/paroquiaqueijas.net\\\/portal\\\/#\\\/schema\\\/person\\\/07bb4cce216326e06b6f742b719ebec7\"},\"headline\":\"Audi\u00eancia Geral de Bento XVI &#8211; 30-01-2013\",\"datePublished\":\"2013-02-05T00:15:44+00:00\",\"dateModified\":\"2026-03-21T15:41:24+00:00\",\"mainEntityOfPage\":{\"@id\":\"https:\\\/\\\/paroquiaqueijas.net\\\/portal\\\/audiencia-geral-de-bento-xvi-30-01-2013\\\/\"},\"wordCount\":2103,\"commentCount\":0,\"publisher\":{\"@id\":\"https:\\\/\\\/paroquiaqueijas.net\\\/portal\\\/#organization\"},\"image\":{\"@id\":\"https:\\\/\\\/paroquiaqueijas.net\\\/portal\\\/audiencia-geral-de-bento-xvi-30-01-2013\\\/#primaryimage\"},\"thumbnailUrl\":\"https:\\\/\\\/paroquiaqueijas.net\\\/portal\\\/wp-content\\\/uploads\\\/2012\\\/10\\\/AudPapal.jpg\",\"articleSection\":[\"Papa Bento XVI\"],\"inLanguage\":\"pt-PT\",\"potentialAction\":[{\"@type\":\"CommentAction\",\"name\":\"Comment\",\"target\":[\"https:\\\/\\\/paroquiaqueijas.net\\\/portal\\\/audiencia-geral-de-bento-xvi-30-01-2013\\\/#respond\"]}]},{\"@type\":\"WebPage\",\"@id\":\"https:\\\/\\\/paroquiaqueijas.net\\\/portal\\\/audiencia-geral-de-bento-xvi-30-01-2013\\\/\",\"url\":\"https:\\\/\\\/paroquiaqueijas.net\\\/portal\\\/audiencia-geral-de-bento-xvi-30-01-2013\\\/\",\"name\":\"Audi\u00eancia Geral de Bento XVI - 30-01-2013 - Paroquia de Queijas\",\"isPartOf\":{\"@id\":\"https:\\\/\\\/paroquiaqueijas.net\\\/portal\\\/#website\"},\"primaryImageOfPage\":{\"@id\":\"https:\\\/\\\/paroquiaqueijas.net\\\/portal\\\/audiencia-geral-de-bento-xvi-30-01-2013\\\/#primaryimage\"},\"image\":{\"@id\":\"https:\\\/\\\/paroquiaqueijas.net\\\/portal\\\/audiencia-geral-de-bento-xvi-30-01-2013\\\/#primaryimage\"},\"thumbnailUrl\":\"https:\\\/\\\/paroquiaqueijas.net\\\/portal\\\/wp-content\\\/uploads\\\/2012\\\/10\\\/AudPapal.jpg\",\"datePublished\":\"2013-02-05T00:15:44+00:00\",\"dateModified\":\"2026-03-21T15:41:24+00:00\",\"breadcrumb\":{\"@id\":\"https:\\\/\\\/paroquiaqueijas.net\\\/portal\\\/audiencia-geral-de-bento-xvi-30-01-2013\\\/#breadcrumb\"},\"inLanguage\":\"pt-PT\",\"potentialAction\":[{\"@type\":\"ReadAction\",\"target\":[\"https:\\\/\\\/paroquiaqueijas.net\\\/portal\\\/audiencia-geral-de-bento-xvi-30-01-2013\\\/\"]}]},{\"@type\":\"ImageObject\",\"inLanguage\":\"pt-PT\",\"@id\":\"https:\\\/\\\/paroquiaqueijas.net\\\/portal\\\/audiencia-geral-de-bento-xvi-30-01-2013\\\/#primaryimage\",\"url\":\"https:\\\/\\\/paroquiaqueijas.net\\\/portal\\\/wp-content\\\/uploads\\\/2012\\\/10\\\/AudPapal.jpg\",\"contentUrl\":\"https:\\\/\\\/paroquiaqueijas.net\\\/portal\\\/wp-content\\\/uploads\\\/2012\\\/10\\\/AudPapal.jpg\",\"width\":772,\"height\":137,\"caption\":\"AudPapal\"},{\"@type\":\"BreadcrumbList\",\"@id\":\"https:\\\/\\\/paroquiaqueijas.net\\\/portal\\\/audiencia-geral-de-bento-xvi-30-01-2013\\\/#breadcrumb\",\"itemListElement\":[{\"@type\":\"ListItem\",\"position\":1,\"name\":\"In\u00edcio\",\"item\":\"https:\\\/\\\/paroquiaqueijas.net\\\/portal\\\/\"},{\"@type\":\"ListItem\",\"position\":2,\"name\":\"Audi\u00eancia Geral de Bento XVI &#8211; 30-01-2013\"}]},{\"@type\":\"WebSite\",\"@id\":\"https:\\\/\\\/paroquiaqueijas.net\\\/portal\\\/#website\",\"url\":\"https:\\\/\\\/paroquiaqueijas.net\\\/portal\\\/\",\"name\":\"Paroquia de Queijas\",\"description\":\"\",\"publisher\":{\"@id\":\"https:\\\/\\\/paroquiaqueijas.net\\\/portal\\\/#organization\"},\"potentialAction\":[{\"@type\":\"SearchAction\",\"target\":{\"@type\":\"EntryPoint\",\"urlTemplate\":\"https:\\\/\\\/paroquiaqueijas.net\\\/portal\\\/?s={search_term_string}\"},\"query-input\":{\"@type\":\"PropertyValueSpecification\",\"valueRequired\":true,\"valueName\":\"search_term_string\"}}],\"inLanguage\":\"pt-PT\"},{\"@type\":\"Organization\",\"@id\":\"https:\\\/\\\/paroquiaqueijas.net\\\/portal\\\/#organization\",\"name\":\"Paroquia de Queijas\",\"url\":\"https:\\\/\\\/paroquiaqueijas.net\\\/portal\\\/\",\"logo\":{\"@type\":\"ImageObject\",\"inLanguage\":\"pt-PT\",\"@id\":\"https:\\\/\\\/paroquiaqueijas.net\\\/portal\\\/#\\\/schema\\\/logo\\\/image\\\/\",\"url\":\"https:\\\/\\\/paroquiaqueijas.net\\\/portal\\\/wp-content\\\/uploads\\\/2026\\\/03\\\/LogoQueijas_novo.png\",\"contentUrl\":\"https:\\\/\\\/paroquiaqueijas.net\\\/portal\\\/wp-content\\\/uploads\\\/2026\\\/03\\\/LogoQueijas_novo.png\",\"width\":520,\"height\":519,\"caption\":\"Paroquia de Queijas\"},\"image\":{\"@id\":\"https:\\\/\\\/paroquiaqueijas.net\\\/portal\\\/#\\\/schema\\\/logo\\\/image\\\/\"},\"sameAs\":[\"https:\\\/\\\/www.facebook.com\\\/paroquiaqueijas\\\/\"]},{\"@type\":\"Person\",\"@id\":\"https:\\\/\\\/paroquiaqueijas.net\\\/portal\\\/#\\\/schema\\\/person\\\/07bb4cce216326e06b6f742b719ebec7\",\"name\":\"Paroquia de Queijas\",\"image\":{\"@type\":\"ImageObject\",\"inLanguage\":\"pt-PT\",\"@id\":\"https:\\\/\\\/secure.gravatar.com\\\/avatar\\\/5054571ff5d2454cd50657fc4e61d0c32d7a5d0d3b36ef6c0f6e269276d13618?s=96&d=mm&r=g\",\"url\":\"https:\\\/\\\/secure.gravatar.com\\\/avatar\\\/5054571ff5d2454cd50657fc4e61d0c32d7a5d0d3b36ef6c0f6e269276d13618?s=96&d=mm&r=g\",\"contentUrl\":\"https:\\\/\\\/secure.gravatar.com\\\/avatar\\\/5054571ff5d2454cd50657fc4e61d0c32d7a5d0d3b36ef6c0f6e269276d13618?s=96&d=mm&r=g\",\"caption\":\"Paroquia de Queijas\"},\"sameAs\":[\"https:\\\/\\\/paroquiaqueijas.net\\\/site\"],\"url\":\"https:\\\/\\\/paroquiaqueijas.net\\\/portal\\\/author\\\/admin1\\\/\"}]}<\/script>\n<!-- \/ Yoast SEO plugin. -->","yoast_head_json":{"title":"Audi\u00eancia Geral de Bento XVI - 30-01-2013 - Paroquia de Queijas","robots":{"index":"index","follow":"follow","max-snippet":"max-snippet:-1","max-image-preview":"max-image-preview:large","max-video-preview":"max-video-preview:-1"},"canonical":"https:\/\/paroquiaqueijas.net\/portal\/audiencia-geral-de-bento-xvi-30-01-2013\/","og_locale":"pt_PT","og_type":"article","og_title":"Audi\u00eancia Geral de Bento XVI - 30-01-2013 - Paroquia de Queijas","og_description":"15. \u00abCreio em Deus Pai Todo-Poderoso\u00bb Audi\u00eancia Geral de Bento XVI (30-01-2013)","og_url":"https:\/\/paroquiaqueijas.net\/portal\/audiencia-geral-de-bento-xvi-30-01-2013\/","og_site_name":"Paroquia de Queijas","article_publisher":"https:\/\/www.facebook.com\/paroquiaqueijas\/","article_published_time":"2013-02-05T00:15:44+00:00","article_modified_time":"2026-03-21T15:41:24+00:00","og_image":[{"width":772,"height":137,"url":"https:\/\/paroquiaqueijas.net\/portal\/wp-content\/uploads\/2012\/10\/AudPapal.jpg","type":"image\/jpeg"}],"author":"Paroquia de Queijas","twitter_card":"summary_large_image","twitter_misc":{"Escrito por":"Paroquia de Queijas","Tempo estimado de leitura":"10 minutos"},"schema":{"@context":"https:\/\/schema.org","@graph":[{"@type":"Article","@id":"https:\/\/paroquiaqueijas.net\/portal\/audiencia-geral-de-bento-xvi-30-01-2013\/#article","isPartOf":{"@id":"https:\/\/paroquiaqueijas.net\/portal\/audiencia-geral-de-bento-xvi-30-01-2013\/"},"author":{"name":"Paroquia de Queijas","@id":"https:\/\/paroquiaqueijas.net\/portal\/#\/schema\/person\/07bb4cce216326e06b6f742b719ebec7"},"headline":"Audi\u00eancia Geral de Bento XVI &#8211; 30-01-2013","datePublished":"2013-02-05T00:15:44+00:00","dateModified":"2026-03-21T15:41:24+00:00","mainEntityOfPage":{"@id":"https:\/\/paroquiaqueijas.net\/portal\/audiencia-geral-de-bento-xvi-30-01-2013\/"},"wordCount":2103,"commentCount":0,"publisher":{"@id":"https:\/\/paroquiaqueijas.net\/portal\/#organization"},"image":{"@id":"https:\/\/paroquiaqueijas.net\/portal\/audiencia-geral-de-bento-xvi-30-01-2013\/#primaryimage"},"thumbnailUrl":"https:\/\/paroquiaqueijas.net\/portal\/wp-content\/uploads\/2012\/10\/AudPapal.jpg","articleSection":["Papa Bento XVI"],"inLanguage":"pt-PT","potentialAction":[{"@type":"CommentAction","name":"Comment","target":["https:\/\/paroquiaqueijas.net\/portal\/audiencia-geral-de-bento-xvi-30-01-2013\/#respond"]}]},{"@type":"WebPage","@id":"https:\/\/paroquiaqueijas.net\/portal\/audiencia-geral-de-bento-xvi-30-01-2013\/","url":"https:\/\/paroquiaqueijas.net\/portal\/audiencia-geral-de-bento-xvi-30-01-2013\/","name":"Audi\u00eancia Geral de Bento XVI - 30-01-2013 - Paroquia de Queijas","isPartOf":{"@id":"https:\/\/paroquiaqueijas.net\/portal\/#website"},"primaryImageOfPage":{"@id":"https:\/\/paroquiaqueijas.net\/portal\/audiencia-geral-de-bento-xvi-30-01-2013\/#primaryimage"},"image":{"@id":"https:\/\/paroquiaqueijas.net\/portal\/audiencia-geral-de-bento-xvi-30-01-2013\/#primaryimage"},"thumbnailUrl":"https:\/\/paroquiaqueijas.net\/portal\/wp-content\/uploads\/2012\/10\/AudPapal.jpg","datePublished":"2013-02-05T00:15:44+00:00","dateModified":"2026-03-21T15:41:24+00:00","breadcrumb":{"@id":"https:\/\/paroquiaqueijas.net\/portal\/audiencia-geral-de-bento-xvi-30-01-2013\/#breadcrumb"},"inLanguage":"pt-PT","potentialAction":[{"@type":"ReadAction","target":["https:\/\/paroquiaqueijas.net\/portal\/audiencia-geral-de-bento-xvi-30-01-2013\/"]}]},{"@type":"ImageObject","inLanguage":"pt-PT","@id":"https:\/\/paroquiaqueijas.net\/portal\/audiencia-geral-de-bento-xvi-30-01-2013\/#primaryimage","url":"https:\/\/paroquiaqueijas.net\/portal\/wp-content\/uploads\/2012\/10\/AudPapal.jpg","contentUrl":"https:\/\/paroquiaqueijas.net\/portal\/wp-content\/uploads\/2012\/10\/AudPapal.jpg","width":772,"height":137,"caption":"AudPapal"},{"@type":"BreadcrumbList","@id":"https:\/\/paroquiaqueijas.net\/portal\/audiencia-geral-de-bento-xvi-30-01-2013\/#breadcrumb","itemListElement":[{"@type":"ListItem","position":1,"name":"In\u00edcio","item":"https:\/\/paroquiaqueijas.net\/portal\/"},{"@type":"ListItem","position":2,"name":"Audi\u00eancia Geral de Bento XVI &#8211; 30-01-2013"}]},{"@type":"WebSite","@id":"https:\/\/paroquiaqueijas.net\/portal\/#website","url":"https:\/\/paroquiaqueijas.net\/portal\/","name":"Paroquia de Queijas","description":"","publisher":{"@id":"https:\/\/paroquiaqueijas.net\/portal\/#organization"},"potentialAction":[{"@type":"SearchAction","target":{"@type":"EntryPoint","urlTemplate":"https:\/\/paroquiaqueijas.net\/portal\/?s={search_term_string}"},"query-input":{"@type":"PropertyValueSpecification","valueRequired":true,"valueName":"search_term_string"}}],"inLanguage":"pt-PT"},{"@type":"Organization","@id":"https:\/\/paroquiaqueijas.net\/portal\/#organization","name":"Paroquia de Queijas","url":"https:\/\/paroquiaqueijas.net\/portal\/","logo":{"@type":"ImageObject","inLanguage":"pt-PT","@id":"https:\/\/paroquiaqueijas.net\/portal\/#\/schema\/logo\/image\/","url":"https:\/\/paroquiaqueijas.net\/portal\/wp-content\/uploads\/2026\/03\/LogoQueijas_novo.png","contentUrl":"https:\/\/paroquiaqueijas.net\/portal\/wp-content\/uploads\/2026\/03\/LogoQueijas_novo.png","width":520,"height":519,"caption":"Paroquia de Queijas"},"image":{"@id":"https:\/\/paroquiaqueijas.net\/portal\/#\/schema\/logo\/image\/"},"sameAs":["https:\/\/www.facebook.com\/paroquiaqueijas\/"]},{"@type":"Person","@id":"https:\/\/paroquiaqueijas.net\/portal\/#\/schema\/person\/07bb4cce216326e06b6f742b719ebec7","name":"Paroquia de Queijas","image":{"@type":"ImageObject","inLanguage":"pt-PT","@id":"https:\/\/secure.gravatar.com\/avatar\/5054571ff5d2454cd50657fc4e61d0c32d7a5d0d3b36ef6c0f6e269276d13618?s=96&d=mm&r=g","url":"https:\/\/secure.gravatar.com\/avatar\/5054571ff5d2454cd50657fc4e61d0c32d7a5d0d3b36ef6c0f6e269276d13618?s=96&d=mm&r=g","contentUrl":"https:\/\/secure.gravatar.com\/avatar\/5054571ff5d2454cd50657fc4e61d0c32d7a5d0d3b36ef6c0f6e269276d13618?s=96&d=mm&r=g","caption":"Paroquia de Queijas"},"sameAs":["https:\/\/paroquiaqueijas.net\/site"],"url":"https:\/\/paroquiaqueijas.net\/portal\/author\/admin1\/"}]}},"_links":{"self":[{"href":"https:\/\/paroquiaqueijas.net\/portal\/wp-json\/wp\/v2\/posts\/1084","targetHints":{"allow":["GET"]}}],"collection":[{"href":"https:\/\/paroquiaqueijas.net\/portal\/wp-json\/wp\/v2\/posts"}],"about":[{"href":"https:\/\/paroquiaqueijas.net\/portal\/wp-json\/wp\/v2\/types\/post"}],"author":[{"embeddable":true,"href":"https:\/\/paroquiaqueijas.net\/portal\/wp-json\/wp\/v2\/users\/1"}],"replies":[{"embeddable":true,"href":"https:\/\/paroquiaqueijas.net\/portal\/wp-json\/wp\/v2\/comments?post=1084"}],"version-history":[{"count":1,"href":"https:\/\/paroquiaqueijas.net\/portal\/wp-json\/wp\/v2\/posts\/1084\/revisions"}],"predecessor-version":[{"id":2564,"href":"https:\/\/paroquiaqueijas.net\/portal\/wp-json\/wp\/v2\/posts\/1084\/revisions\/2564"}],"wp:featuredmedia":[{"embeddable":true,"href":"https:\/\/paroquiaqueijas.net\/portal\/wp-json\/wp\/v2\/media\/995"}],"wp:attachment":[{"href":"https:\/\/paroquiaqueijas.net\/portal\/wp-json\/wp\/v2\/media?parent=1084"}],"wp:term":[{"taxonomy":"category","embeddable":true,"href":"https:\/\/paroquiaqueijas.net\/portal\/wp-json\/wp\/v2\/categories?post=1084"},{"taxonomy":"post_tag","embeddable":true,"href":"https:\/\/paroquiaqueijas.net\/portal\/wp-json\/wp\/v2\/tags?post=1084"}],"curies":[{"name":"wp","href":"https:\/\/api.w.org\/{rel}","templated":true}]}}