{"id":1087,"date":"2013-02-06T16:51:05","date_gmt":"2013-02-06T16:51:05","guid":{"rendered":"https:\/\/paroquiaqueijas.net\/site\/?p=1087"},"modified":"2026-03-21T15:41:24","modified_gmt":"2026-03-21T15:41:24","slug":"xiv-assembleia-de-parocos-dehonianos","status":"publish","type":"post","link":"https:\/\/paroquiaqueijas.net\/portal\/xiv-assembleia-de-parocos-dehonianos\/","title":{"rendered":"XIV Assembleia de P\u00e1rocos Dehonianos"},"content":{"rendered":"<p><strong><a title=\"XIV Assembleia de P\u00e1rocos Dehonianos\" href=\"https:\/\/paroquiaqueijas.net\/portal\/wp-content\/uploads\/2013\/02\/Ass_Paroc1.jpg\" target=\"_blank\"><img decoding=\"async\" style=\"margin: 0px 0px 0px 8px; float: right;\" src=\"https:\/\/paroquiaqueijas.net\/portal\/wp-content\/uploads\/2013\/02\/Ass_Paroc1.jpg\" alt=\"Ass_Paroc1\" width=\"220\" height=\"148\" \/><\/a><\/strong><\/span>De 4 a 6 de Fevereiro de 2013, realizou-se no Semin\u00e1rio Nossa Senhora de F\u00e1tima, em Alfragide, a XIV Assembleia de P\u00e1rocos Dehonianos. <\/span><br \/>\nParticiparam 42 religiosos scj, na sua maioria empenhados pastoralmente em par\u00f3quias, reitorias, capelanias. Vindos das mais variadas proveni\u00eancias \u2013 das dioceses do Algarve, Angra do Hero\u00edsmo, Aveiro, Coimbra, Funchal, Lisboa e Porto \u2013 foram convidados a reflectir sob o tema &#8220;Vive, proclama e testemunha a f\u00e9 em Cristo: \u00abEu sei em quem pus a minha f\u00e9\u00bb (2 Tim 1, 12)&#8221;.<\/span><\/p>\n<p>No ano em que o Papa Bento XVI congregou toda a reflex\u00e3o e ac\u00e7\u00e3o pastoral da Igreja \u00e0 volta da virtude teologal da F\u00e9 (Cfr. Porta Fidei, 4), quisemos abrir os trabalhos com a comunica\u00e7\u00e3o de D. Manuel Clemente: &#8220;O Ano da F\u00e9 e a Nova Evangeliza\u00e7\u00e3o&#8221;. Apoiados em outras confer\u00eancias e pain\u00e9is, tom\u00e1mos maior consci\u00eancia dos grandes desafios colocados \u00e0 nossa ac\u00e7\u00e3o pastoral pelas grandes mudan\u00e7as a acontecer no nosso tempo e cultura, que, n\u00e3o sendo simplesmente mudan\u00e7as circunstanciais, atingem a estatura de verdadeiras mudan\u00e7as epocais e estruturais que exigem uma compreens\u00e3o para se dar uma resposta pastoral adequada, e sendo acolhidas com esperan\u00e7a, ensaiando o futuro no presente, com perspectiva e prospectiva. A partir deste mote inicial identific\u00e1mos algumas constata\u00e7\u00f5es:<a title=\"XIV Assembleia de P\u00e1rocos Dehonianos\" href=\"https:\/\/paroquiaqueijas.net\/portal\/wp-content\/uploads\/2013\/02\/Ass_Paroc2.jpg\" target=\"_blank\"><img decoding=\"async\" style=\"margin: 0px 0px 0px 8px; float: right;\" src=\"https:\/\/paroquiaqueijas.net\/portal\/wp-content\/uploads\/2013\/02\/Ass_Paroc2.jpg\" alt=\"Ass_Paroc2\" width=\"220\" height=\"147\" \/><\/a><\/span><\/p>\n<p>1. A evangeliza\u00e7\u00e3o, nova ou primeira, \u00e9 um processo dial\u00e9ctico de encontro com as mudan\u00e7as epocais da cultura, exige experi\u00eancias comunit\u00e1rias aut\u00eanticas de f\u00e9, que eduquem e transportem segundo o Deus Amor.<\/span><\/p>\n<p>2. Na nossa Europa secularizada e globalizada, o an\u00fancio do Evangelho, que se v\u00ea confrontado, mais do que com um ate\u00edsmo ou indiferentismo religioso, com uma religiosidade difusa, hol\u00edstica, sincr\u00e9tica e d\u00e9bil, torna-se urgente viver este tempo como uma oportunidade e n\u00e3o como um fracasso.<\/span><\/p>\n<p>3. Num mundo secularizado, os lugares da f\u00e9 s\u00e3o aqueles nos quais nos encontramos, pois o lugar por excel\u00eancia da f\u00e9 \u00e9 o homem enquanto tal e ser\u00e1 a partir dele que a f\u00e9 h\u00e1-de ser vivida, proclamada e testemunhada. O nosso tempo \u00e9, neste sentido, o tempo providencial da coer\u00eancia da f\u00e9, da comunidade viva crente, onde se aprende a crer e onde se celebra a f\u00e9, sendo que a nossa protec\u00e7\u00e3o deve concentrar-se, acima de tudo, no nome do Senhor.<\/span><\/p>\n<p>4. \u00c9 celebrando juntos que nos autocompreendemos como Igreja, que se re\u00fane para celebrar o mist\u00e9rio pascal, o mandamento novo do &#8220;fazei isto em mem\u00f3ria de mim&#8221;. O celebrar juntos (SC) cresce de m\u00e3os dadas com o crer juntos (LG).<\/span><\/p>\n<p>5. O desafio da Nova Evangeliza\u00e7\u00e3o, muito para al\u00e9m dos s\u00edmbolos da f\u00e9 e dos catecismos, \u00e9 o an\u00fancio das insond\u00e1veis riquezas de Cristo ao homem de hoje, criando um di\u00e1logo entre a proposta de f\u00e9 e a cultura que ele respira.<\/span><\/p>\n<p>6. Do &#8220;Eu creio&#8221; ao &#8220;N\u00f3s cremos&#8221; \u2013 &#8220;n\u00e3o posso crer sem ser amparado pela f\u00e9 dos outros, e pela minha f\u00e9 contribuo tamb\u00e9m para amparar os outros na f\u00e9.&#8221; (CIC 166).<\/span><\/p>\n<p>Celebr\u00e1mos juntos a f\u00e9 e a vida, partilh\u00e1mos e discernimos o que nos leva a anunciar esta certeza &#8220;sei em quem pus a minha esperan\u00e7a&#8221; (&#8220;Tim 1, 12); agradecendo a Deus, que nos convocou a todos, para o aqui e o agora, numa fidelidade sempre criativa e din\u00e2mica ao primeiro an\u00fancio da f\u00e9.<\/span><\/p>\n<div style=\"text-align: right;\">Alfragide, 6 de Fevereiro de 2013.<\/p>\n","protected":false},"excerpt":{"rendered":"<p>De 4 a 6 de Fevereiro de 2013, realizou-se no Semin\u00e1rio Nossa Senhora de F\u00e1tima, em Alfragide, a XIV Assembleia [&hellip;]<\/p>\n","protected":false},"author":1,"featured_media":1085,"comment_status":"open","ping_status":"open","sticky":false,"template":"","format":"standard","meta":{"site-sidebar-layout":"default","site-content-layout":"","ast-site-content-layout":"default","site-content-style":"default","site-sidebar-style":"default","ast-global-header-display":"","ast-banner-title-visibility":"","ast-main-header-display":"","ast-hfb-above-header-display":"","ast-hfb-below-header-display":"","ast-hfb-mobile-header-display":"","site-post-title":"","ast-breadcrumbs-content":"","ast-featured-img":"","footer-sml-layout":"","ast-disable-related-posts":"","theme-transparent-header-meta":"","adv-header-id-meta":"","stick-header-meta":"","header-above-stick-meta":"","header-main-stick-meta":"","header-below-stick-meta":"","astra-migrate-meta-layouts":"default","ast-page-background-enabled":"default","ast-page-background-meta":{"desktop":{"background-color":"var(--ast-global-color-5)","background-image":"","background-repeat":"repeat","background-position":"center center","background-size":"auto","background-attachment":"scroll","background-type":"","background-media":"","overlay-type":"","overlay-color":"","overlay-opacity":"","overlay-gradient":""},"tablet":{"background-color":"","background-image":"","background-repeat":"repeat","background-position":"center center","background-size":"auto","background-attachment":"scroll","background-type":"","background-media":"","overlay-type":"","overlay-color":"","overlay-opacity":"","overlay-gradient":""},"mobile":{"background-color":"","background-image":"","background-repeat":"repeat","background-position":"center center","background-size":"auto","background-attachment":"scroll","background-type":"","background-media":"","overlay-type":"","overlay-color":"","overlay-opacity":"","overlay-gradient":""}},"ast-content-background-meta":{"desktop":{"background-color":"var(--ast-global-color-4)","background-image":"","background-repeat":"repeat","background-position":"center center","background-size":"auto","background-attachment":"scroll","background-type":"","background-media":"","overlay-type":"","overlay-color":"","overlay-opacity":"","overlay-gradient":""},"tablet":{"background-color":"var(--ast-global-color-4)","background-image":"","background-repeat":"repeat","background-position":"center center","background-size":"auto","background-attachment":"scroll","background-type":"","background-media":"","overlay-type":"","overlay-color":"","overlay-opacity":"","overlay-gradient":""},"mobile":{"background-color":"var(--ast-global-color-4)","background-image":"","background-repeat":"repeat","background-position":"center center","background-size":"auto","background-attachment":"scroll","background-type":"","background-media":"","overlay-type":"","overlay-color":"","overlay-opacity":"","overlay-gradient":""}},"footnotes":""},"categories":[39],"tags":[],"class_list":["post-1087","post","type-post","status-publish","format-standard","has-post-thumbnail","hentry","category-dehonianos"],"yoast_head":"<!-- This site is optimized with the Yoast SEO plugin v27.4 - https:\/\/yoast.com\/product\/yoast-seo-wordpress\/ -->\n<title>XIV Assembleia de P\u00e1rocos Dehonianos - Paroquia de Queijas<\/title>\n<meta name=\"robots\" content=\"index, follow, max-snippet:-1, max-image-preview:large, max-video-preview:-1\" \/>\n<link rel=\"canonical\" href=\"https:\/\/paroquiaqueijas.net\/portal\/xiv-assembleia-de-parocos-dehonianos\/\" \/>\n<meta property=\"og:locale\" content=\"pt_PT\" \/>\n<meta property=\"og:type\" content=\"article\" \/>\n<meta property=\"og:title\" content=\"XIV Assembleia de P\u00e1rocos Dehonianos - Paroquia de Queijas\" \/>\n<meta property=\"og:description\" content=\"De 4 a 6 de Fevereiro de 2013, realizou-se no Semin\u00e1rio Nossa Senhora de F\u00e1tima, em Alfragide, a XIV Assembleia [&hellip;]\" \/>\n<meta property=\"og:url\" content=\"https:\/\/paroquiaqueijas.net\/portal\/xiv-assembleia-de-parocos-dehonianos\/\" \/>\n<meta property=\"og:site_name\" content=\"Paroquia de Queijas\" \/>\n<meta property=\"article:publisher\" content=\"https:\/\/www.facebook.com\/paroquiaqueijas\/\" \/>\n<meta property=\"article:published_time\" content=\"2013-02-06T16:51:05+00:00\" \/>\n<meta property=\"article:modified_time\" content=\"2026-03-21T15:41:24+00:00\" \/>\n<meta property=\"og:image\" content=\"https:\/\/paroquiaqueijas.net\/portal\/wp-content\/uploads\/2013\/02\/Ass_Paroc1.jpg\" \/>\n\t<meta property=\"og:image:width\" content=\"760\" \/>\n\t<meta property=\"og:image:height\" content=\"510\" \/>\n\t<meta property=\"og:image:type\" content=\"image\/jpeg\" \/>\n<meta name=\"author\" content=\"Paroquia de Queijas\" \/>\n<meta name=\"twitter:card\" content=\"summary_large_image\" \/>\n<meta name=\"twitter:label1\" content=\"Escrito por\" \/>\n\t<meta name=\"twitter:data1\" content=\"Paroquia de Queijas\" \/>\n\t<meta name=\"twitter:label2\" content=\"Tempo estimado de leitura\" \/>\n\t<meta name=\"twitter:data2\" content=\"3 minutos\" \/>\n<script type=\"application\/ld+json\" class=\"yoast-schema-graph\">{\"@context\":\"https:\\\/\\\/schema.org\",\"@graph\":[{\"@type\":\"Article\",\"@id\":\"https:\\\/\\\/paroquiaqueijas.net\\\/portal\\\/xiv-assembleia-de-parocos-dehonianos\\\/#article\",\"isPartOf\":{\"@id\":\"https:\\\/\\\/paroquiaqueijas.net\\\/portal\\\/xiv-assembleia-de-parocos-dehonianos\\\/\"},\"author\":{\"name\":\"Paroquia de Queijas\",\"@id\":\"https:\\\/\\\/paroquiaqueijas.net\\\/portal\\\/#\\\/schema\\\/person\\\/07bb4cce216326e06b6f742b719ebec7\"},\"headline\":\"XIV Assembleia de P\u00e1rocos Dehonianos\",\"datePublished\":\"2013-02-06T16:51:05+00:00\",\"dateModified\":\"2026-03-21T15:41:24+00:00\",\"mainEntityOfPage\":{\"@id\":\"https:\\\/\\\/paroquiaqueijas.net\\\/portal\\\/xiv-assembleia-de-parocos-dehonianos\\\/\"},\"wordCount\":572,\"commentCount\":0,\"publisher\":{\"@id\":\"https:\\\/\\\/paroquiaqueijas.net\\\/portal\\\/#organization\"},\"image\":{\"@id\":\"https:\\\/\\\/paroquiaqueijas.net\\\/portal\\\/xiv-assembleia-de-parocos-dehonianos\\\/#primaryimage\"},\"thumbnailUrl\":\"https:\\\/\\\/paroquiaqueijas.net\\\/portal\\\/wp-content\\\/uploads\\\/2013\\\/02\\\/Ass_Paroc1.jpg\",\"articleSection\":[\"Dehonianos\"],\"inLanguage\":\"pt-PT\",\"potentialAction\":[{\"@type\":\"CommentAction\",\"name\":\"Comment\",\"target\":[\"https:\\\/\\\/paroquiaqueijas.net\\\/portal\\\/xiv-assembleia-de-parocos-dehonianos\\\/#respond\"]}]},{\"@type\":\"WebPage\",\"@id\":\"https:\\\/\\\/paroquiaqueijas.net\\\/portal\\\/xiv-assembleia-de-parocos-dehonianos\\\/\",\"url\":\"https:\\\/\\\/paroquiaqueijas.net\\\/portal\\\/xiv-assembleia-de-parocos-dehonianos\\\/\",\"name\":\"XIV Assembleia de P\u00e1rocos Dehonianos - Paroquia de Queijas\",\"isPartOf\":{\"@id\":\"https:\\\/\\\/paroquiaqueijas.net\\\/portal\\\/#website\"},\"primaryImageOfPage\":{\"@id\":\"https:\\\/\\\/paroquiaqueijas.net\\\/portal\\\/xiv-assembleia-de-parocos-dehonianos\\\/#primaryimage\"},\"image\":{\"@id\":\"https:\\\/\\\/paroquiaqueijas.net\\\/portal\\\/xiv-assembleia-de-parocos-dehonianos\\\/#primaryimage\"},\"thumbnailUrl\":\"https:\\\/\\\/paroquiaqueijas.net\\\/portal\\\/wp-content\\\/uploads\\\/2013\\\/02\\\/Ass_Paroc1.jpg\",\"datePublished\":\"2013-02-06T16:51:05+00:00\",\"dateModified\":\"2026-03-21T15:41:24+00:00\",\"breadcrumb\":{\"@id\":\"https:\\\/\\\/paroquiaqueijas.net\\\/portal\\\/xiv-assembleia-de-parocos-dehonianos\\\/#breadcrumb\"},\"inLanguage\":\"pt-PT\",\"potentialAction\":[{\"@type\":\"ReadAction\",\"target\":[\"https:\\\/\\\/paroquiaqueijas.net\\\/portal\\\/xiv-assembleia-de-parocos-dehonianos\\\/\"]}]},{\"@type\":\"ImageObject\",\"inLanguage\":\"pt-PT\",\"@id\":\"https:\\\/\\\/paroquiaqueijas.net\\\/portal\\\/xiv-assembleia-de-parocos-dehonianos\\\/#primaryimage\",\"url\":\"https:\\\/\\\/paroquiaqueijas.net\\\/portal\\\/wp-content\\\/uploads\\\/2013\\\/02\\\/Ass_Paroc1.jpg\",\"contentUrl\":\"https:\\\/\\\/paroquiaqueijas.net\\\/portal\\\/wp-content\\\/uploads\\\/2013\\\/02\\\/Ass_Paroc1.jpg\",\"width\":760,\"height\":510,\"caption\":\"Ass_Paroc1\"},{\"@type\":\"BreadcrumbList\",\"@id\":\"https:\\\/\\\/paroquiaqueijas.net\\\/portal\\\/xiv-assembleia-de-parocos-dehonianos\\\/#breadcrumb\",\"itemListElement\":[{\"@type\":\"ListItem\",\"position\":1,\"name\":\"In\u00edcio\",\"item\":\"https:\\\/\\\/paroquiaqueijas.net\\\/portal\\\/\"},{\"@type\":\"ListItem\",\"position\":2,\"name\":\"XIV Assembleia de P\u00e1rocos Dehonianos\"}]},{\"@type\":\"WebSite\",\"@id\":\"https:\\\/\\\/paroquiaqueijas.net\\\/portal\\\/#website\",\"url\":\"https:\\\/\\\/paroquiaqueijas.net\\\/portal\\\/\",\"name\":\"Paroquia de Queijas\",\"description\":\"\",\"publisher\":{\"@id\":\"https:\\\/\\\/paroquiaqueijas.net\\\/portal\\\/#organization\"},\"potentialAction\":[{\"@type\":\"SearchAction\",\"target\":{\"@type\":\"EntryPoint\",\"urlTemplate\":\"https:\\\/\\\/paroquiaqueijas.net\\\/portal\\\/?s={search_term_string}\"},\"query-input\":{\"@type\":\"PropertyValueSpecification\",\"valueRequired\":true,\"valueName\":\"search_term_string\"}}],\"inLanguage\":\"pt-PT\"},{\"@type\":\"Organization\",\"@id\":\"https:\\\/\\\/paroquiaqueijas.net\\\/portal\\\/#organization\",\"name\":\"Paroquia de Queijas\",\"url\":\"https:\\\/\\\/paroquiaqueijas.net\\\/portal\\\/\",\"logo\":{\"@type\":\"ImageObject\",\"inLanguage\":\"pt-PT\",\"@id\":\"https:\\\/\\\/paroquiaqueijas.net\\\/portal\\\/#\\\/schema\\\/logo\\\/image\\\/\",\"url\":\"https:\\\/\\\/paroquiaqueijas.net\\\/portal\\\/wp-content\\\/uploads\\\/2026\\\/03\\\/LogoQueijas_novo.png\",\"contentUrl\":\"https:\\\/\\\/paroquiaqueijas.net\\\/portal\\\/wp-content\\\/uploads\\\/2026\\\/03\\\/LogoQueijas_novo.png\",\"width\":520,\"height\":519,\"caption\":\"Paroquia de Queijas\"},\"image\":{\"@id\":\"https:\\\/\\\/paroquiaqueijas.net\\\/portal\\\/#\\\/schema\\\/logo\\\/image\\\/\"},\"sameAs\":[\"https:\\\/\\\/www.facebook.com\\\/paroquiaqueijas\\\/\"]},{\"@type\":\"Person\",\"@id\":\"https:\\\/\\\/paroquiaqueijas.net\\\/portal\\\/#\\\/schema\\\/person\\\/07bb4cce216326e06b6f742b719ebec7\",\"name\":\"Paroquia de Queijas\",\"image\":{\"@type\":\"ImageObject\",\"inLanguage\":\"pt-PT\",\"@id\":\"https:\\\/\\\/secure.gravatar.com\\\/avatar\\\/5054571ff5d2454cd50657fc4e61d0c32d7a5d0d3b36ef6c0f6e269276d13618?s=96&d=mm&r=g\",\"url\":\"https:\\\/\\\/secure.gravatar.com\\\/avatar\\\/5054571ff5d2454cd50657fc4e61d0c32d7a5d0d3b36ef6c0f6e269276d13618?s=96&d=mm&r=g\",\"contentUrl\":\"https:\\\/\\\/secure.gravatar.com\\\/avatar\\\/5054571ff5d2454cd50657fc4e61d0c32d7a5d0d3b36ef6c0f6e269276d13618?s=96&d=mm&r=g\",\"caption\":\"Paroquia de Queijas\"},\"sameAs\":[\"https:\\\/\\\/paroquiaqueijas.net\\\/site\"],\"url\":\"https:\\\/\\\/paroquiaqueijas.net\\\/portal\\\/author\\\/admin1\\\/\"}]}<\/script>\n<!-- \/ Yoast SEO plugin. -->","yoast_head_json":{"title":"XIV Assembleia de P\u00e1rocos Dehonianos - Paroquia de Queijas","robots":{"index":"index","follow":"follow","max-snippet":"max-snippet:-1","max-image-preview":"max-image-preview:large","max-video-preview":"max-video-preview:-1"},"canonical":"https:\/\/paroquiaqueijas.net\/portal\/xiv-assembleia-de-parocos-dehonianos\/","og_locale":"pt_PT","og_type":"article","og_title":"XIV Assembleia de P\u00e1rocos Dehonianos - Paroquia de Queijas","og_description":"De 4 a 6 de Fevereiro de 2013, realizou-se no Semin\u00e1rio Nossa Senhora de F\u00e1tima, em Alfragide, a XIV Assembleia [&hellip;]","og_url":"https:\/\/paroquiaqueijas.net\/portal\/xiv-assembleia-de-parocos-dehonianos\/","og_site_name":"Paroquia de Queijas","article_publisher":"https:\/\/www.facebook.com\/paroquiaqueijas\/","article_published_time":"2013-02-06T16:51:05+00:00","article_modified_time":"2026-03-21T15:41:24+00:00","og_image":[{"width":760,"height":510,"url":"https:\/\/paroquiaqueijas.net\/portal\/wp-content\/uploads\/2013\/02\/Ass_Paroc1.jpg","type":"image\/jpeg"}],"author":"Paroquia de Queijas","twitter_card":"summary_large_image","twitter_misc":{"Escrito por":"Paroquia de Queijas","Tempo estimado de leitura":"3 minutos"},"schema":{"@context":"https:\/\/schema.org","@graph":[{"@type":"Article","@id":"https:\/\/paroquiaqueijas.net\/portal\/xiv-assembleia-de-parocos-dehonianos\/#article","isPartOf":{"@id":"https:\/\/paroquiaqueijas.net\/portal\/xiv-assembleia-de-parocos-dehonianos\/"},"author":{"name":"Paroquia de Queijas","@id":"https:\/\/paroquiaqueijas.net\/portal\/#\/schema\/person\/07bb4cce216326e06b6f742b719ebec7"},"headline":"XIV Assembleia de P\u00e1rocos Dehonianos","datePublished":"2013-02-06T16:51:05+00:00","dateModified":"2026-03-21T15:41:24+00:00","mainEntityOfPage":{"@id":"https:\/\/paroquiaqueijas.net\/portal\/xiv-assembleia-de-parocos-dehonianos\/"},"wordCount":572,"commentCount":0,"publisher":{"@id":"https:\/\/paroquiaqueijas.net\/portal\/#organization"},"image":{"@id":"https:\/\/paroquiaqueijas.net\/portal\/xiv-assembleia-de-parocos-dehonianos\/#primaryimage"},"thumbnailUrl":"https:\/\/paroquiaqueijas.net\/portal\/wp-content\/uploads\/2013\/02\/Ass_Paroc1.jpg","articleSection":["Dehonianos"],"inLanguage":"pt-PT","potentialAction":[{"@type":"CommentAction","name":"Comment","target":["https:\/\/paroquiaqueijas.net\/portal\/xiv-assembleia-de-parocos-dehonianos\/#respond"]}]},{"@type":"WebPage","@id":"https:\/\/paroquiaqueijas.net\/portal\/xiv-assembleia-de-parocos-dehonianos\/","url":"https:\/\/paroquiaqueijas.net\/portal\/xiv-assembleia-de-parocos-dehonianos\/","name":"XIV Assembleia de P\u00e1rocos Dehonianos - Paroquia de Queijas","isPartOf":{"@id":"https:\/\/paroquiaqueijas.net\/portal\/#website"},"primaryImageOfPage":{"@id":"https:\/\/paroquiaqueijas.net\/portal\/xiv-assembleia-de-parocos-dehonianos\/#primaryimage"},"image":{"@id":"https:\/\/paroquiaqueijas.net\/portal\/xiv-assembleia-de-parocos-dehonianos\/#primaryimage"},"thumbnailUrl":"https:\/\/paroquiaqueijas.net\/portal\/wp-content\/uploads\/2013\/02\/Ass_Paroc1.jpg","datePublished":"2013-02-06T16:51:05+00:00","dateModified":"2026-03-21T15:41:24+00:00","breadcrumb":{"@id":"https:\/\/paroquiaqueijas.net\/portal\/xiv-assembleia-de-parocos-dehonianos\/#breadcrumb"},"inLanguage":"pt-PT","potentialAction":[{"@type":"ReadAction","target":["https:\/\/paroquiaqueijas.net\/portal\/xiv-assembleia-de-parocos-dehonianos\/"]}]},{"@type":"ImageObject","inLanguage":"pt-PT","@id":"https:\/\/paroquiaqueijas.net\/portal\/xiv-assembleia-de-parocos-dehonianos\/#primaryimage","url":"https:\/\/paroquiaqueijas.net\/portal\/wp-content\/uploads\/2013\/02\/Ass_Paroc1.jpg","contentUrl":"https:\/\/paroquiaqueijas.net\/portal\/wp-content\/uploads\/2013\/02\/Ass_Paroc1.jpg","width":760,"height":510,"caption":"Ass_Paroc1"},{"@type":"BreadcrumbList","@id":"https:\/\/paroquiaqueijas.net\/portal\/xiv-assembleia-de-parocos-dehonianos\/#breadcrumb","itemListElement":[{"@type":"ListItem","position":1,"name":"In\u00edcio","item":"https:\/\/paroquiaqueijas.net\/portal\/"},{"@type":"ListItem","position":2,"name":"XIV Assembleia de P\u00e1rocos Dehonianos"}]},{"@type":"WebSite","@id":"https:\/\/paroquiaqueijas.net\/portal\/#website","url":"https:\/\/paroquiaqueijas.net\/portal\/","name":"Paroquia de Queijas","description":"","publisher":{"@id":"https:\/\/paroquiaqueijas.net\/portal\/#organization"},"potentialAction":[{"@type":"SearchAction","target":{"@type":"EntryPoint","urlTemplate":"https:\/\/paroquiaqueijas.net\/portal\/?s={search_term_string}"},"query-input":{"@type":"PropertyValueSpecification","valueRequired":true,"valueName":"search_term_string"}}],"inLanguage":"pt-PT"},{"@type":"Organization","@id":"https:\/\/paroquiaqueijas.net\/portal\/#organization","name":"Paroquia de Queijas","url":"https:\/\/paroquiaqueijas.net\/portal\/","logo":{"@type":"ImageObject","inLanguage":"pt-PT","@id":"https:\/\/paroquiaqueijas.net\/portal\/#\/schema\/logo\/image\/","url":"https:\/\/paroquiaqueijas.net\/portal\/wp-content\/uploads\/2026\/03\/LogoQueijas_novo.png","contentUrl":"https:\/\/paroquiaqueijas.net\/portal\/wp-content\/uploads\/2026\/03\/LogoQueijas_novo.png","width":520,"height":519,"caption":"Paroquia de Queijas"},"image":{"@id":"https:\/\/paroquiaqueijas.net\/portal\/#\/schema\/logo\/image\/"},"sameAs":["https:\/\/www.facebook.com\/paroquiaqueijas\/"]},{"@type":"Person","@id":"https:\/\/paroquiaqueijas.net\/portal\/#\/schema\/person\/07bb4cce216326e06b6f742b719ebec7","name":"Paroquia de Queijas","image":{"@type":"ImageObject","inLanguage":"pt-PT","@id":"https:\/\/secure.gravatar.com\/avatar\/5054571ff5d2454cd50657fc4e61d0c32d7a5d0d3b36ef6c0f6e269276d13618?s=96&d=mm&r=g","url":"https:\/\/secure.gravatar.com\/avatar\/5054571ff5d2454cd50657fc4e61d0c32d7a5d0d3b36ef6c0f6e269276d13618?s=96&d=mm&r=g","contentUrl":"https:\/\/secure.gravatar.com\/avatar\/5054571ff5d2454cd50657fc4e61d0c32d7a5d0d3b36ef6c0f6e269276d13618?s=96&d=mm&r=g","caption":"Paroquia de Queijas"},"sameAs":["https:\/\/paroquiaqueijas.net\/site"],"url":"https:\/\/paroquiaqueijas.net\/portal\/author\/admin1\/"}]}},"_links":{"self":[{"href":"https:\/\/paroquiaqueijas.net\/portal\/wp-json\/wp\/v2\/posts\/1087","targetHints":{"allow":["GET"]}}],"collection":[{"href":"https:\/\/paroquiaqueijas.net\/portal\/wp-json\/wp\/v2\/posts"}],"about":[{"href":"https:\/\/paroquiaqueijas.net\/portal\/wp-json\/wp\/v2\/types\/post"}],"author":[{"embeddable":true,"href":"https:\/\/paroquiaqueijas.net\/portal\/wp-json\/wp\/v2\/users\/1"}],"replies":[{"embeddable":true,"href":"https:\/\/paroquiaqueijas.net\/portal\/wp-json\/wp\/v2\/comments?post=1087"}],"version-history":[{"count":1,"href":"https:\/\/paroquiaqueijas.net\/portal\/wp-json\/wp\/v2\/posts\/1087\/revisions"}],"predecessor-version":[{"id":2563,"href":"https:\/\/paroquiaqueijas.net\/portal\/wp-json\/wp\/v2\/posts\/1087\/revisions\/2563"}],"wp:featuredmedia":[{"embeddable":true,"href":"https:\/\/paroquiaqueijas.net\/portal\/wp-json\/wp\/v2\/media\/1085"}],"wp:attachment":[{"href":"https:\/\/paroquiaqueijas.net\/portal\/wp-json\/wp\/v2\/media?parent=1087"}],"wp:term":[{"taxonomy":"category","embeddable":true,"href":"https:\/\/paroquiaqueijas.net\/portal\/wp-json\/wp\/v2\/categories?post=1087"},{"taxonomy":"post_tag","embeddable":true,"href":"https:\/\/paroquiaqueijas.net\/portal\/wp-json\/wp\/v2\/tags?post=1087"}],"curies":[{"name":"wp","href":"https:\/\/api.w.org\/{rel}","templated":true}]}}