{"id":1090,"date":"2013-02-06T22:36:44","date_gmt":"2013-02-06T22:36:44","guid":{"rendered":"https:\/\/paroquiaqueijas.net\/site\/?p=1090"},"modified":"2026-04-18T08:24:42","modified_gmt":"2026-04-18T08:24:42","slug":"a-proposito-de-um-livro-sobre-sebastiao-da-gama","status":"publish","type":"post","link":"https:\/\/paroquiaqueijas.net\/portal\/a-proposito-de-um-livro-sobre-sebastiao-da-gama\/","title":{"rendered":"A prop\u00f3sito de um livro sobre Sebasti\u00e3o da Gama"},"content":{"rendered":"<p><strong><img fetchpriority=\"high\" decoding=\"async\" class=\"alignleft wp-image-920\" style=\"margin: 0px 8px 0px 0px; float: left;\" src=\"https:\/\/paroquiaqueijas.net\/portal\/wp-content\/uploads\/2012\/03\/SebastiaoGama.jpg\" alt=\"SebastiaoGama\" width=\"500\" height=\"621\" srcset=\"https:\/\/paroquiaqueijas.net\/portal\/wp-content\/uploads\/2012\/03\/SebastiaoGama.jpg 343w, https:\/\/paroquiaqueijas.net\/portal\/wp-content\/uploads\/2012\/03\/SebastiaoGama-242x300.jpg 242w\" sizes=\"(max-width: 500px) 100vw, 500px\" \/><\/strong> Sabias que o nosso p\u00e1roco, o Pe. Alexandre Santos, \u00e9 autor de uma obra de refer\u00eancia sobre Sebasti\u00e3o da Gama?<br \/>\nAqui fica um artigo do Professor Doutor Jos\u00e9 Eduardo Franco, para conheceres melhor o poeta da Arr\u00e1bida que no pr\u00f3ximo dia 10 de Abril de 2024 celebrarermos o centen\u00e1rio do seu nascimento.<\/p>\n<hr \/>\n<p><strong>Literatura e evangeliza\u00e7\u00e3o,<br \/>\na prop\u00f3sito de um livro sobre Sebasti\u00e3o da Gama<\/strong><\/p>\n<p>Uma das dificuldades que subsistem no estudo de grandes temas e de figuras da nossa cultura portuguesa, nomeadamente nos campos da literatura e da hist\u00f3ria, \u00e9 a falta de conhecimento fundamental sobre hist\u00f3ria religiosa e rudimentos de teologia. Esta car\u00eancia de forma\u00e7\u00e3o-base resulta da desconsidera\u00e7\u00e3o a que tem sido votada, tanto nos curr\u00edculos escolares como acad\u00e9micos, a dimens\u00e3o religiosa da nossa cultura, particularmente do legado crist\u00e3o e cat\u00f3lico que lhe \u00e9 matricial.<\/p>\n<p>De facto, \u00e9 muito dif\u00edcil captar o sentido \u00edntimo de produ\u00e7\u00f5es<img decoding=\"async\" class=\" alignright  wp-image-1088\" style=\"margin: 0px 0px 0px 7px; float: right;\" src=\"https:\/\/paroquiaqueijas.net\/portal\/wp-content\/uploads\/2013\/02\/Sebastiao1-scaled.jpg\" alt=\"Sebastiao1\" width=\"300\" height=\"367\" \/> liter\u00e1rias e po\u00e9ticas, da vida e a\u00e7\u00e3o de grandes figuras, se n\u00e3o tivermos em linha de conta o caldo espiritual onde esses criadores foram gerados e as fontes inspiradoras das suas obras. Cai-se n\u00e3o raro em abordagens superficiais, laterais, mesmo recorrendo a modernas e rigorosas metodologias cient\u00edficas de an\u00e1lise. Raramente se consegue reconhecer as fontes onde o autor bebeu e os alicerces onde se funda a sua vida e obra.<\/p>\n<p>No entanto, por vezes, o mundo editorial surpreende-nos com estudos patentes em livros que marcam a diferen\u00e7a e procuram captar as ra\u00edzes que permitem perceber a grandeza das \u00e1rvores frondosas e coloridas por belas flores e suculentos frutos.<\/p>\n<p>Recentemente foi editado um livro de estudo s\u00e9rio e rigoroso que se inscreve exemplarmente no caminho desej\u00e1vel da compreens\u00e3o de um grande poeta crist\u00e3o e m\u00edstico, como foi Sebasti\u00e3o da Gama.<\/p>\n<p>Merc\u00ea de um trabalho aprofundado de um padre dehoniano, Alexandre Santos, a literatura une-se \u00e0 teologia para interdisciplinarmente compreender o sentido de uma obra po\u00e9tica que pulsa na procura do divino.<\/p>\n<p>Com o t\u00edtulo &#8220;Sebasti\u00e3o da Gama: Milagre de Vida<img decoding=\"async\" class=\" alignright  wp-image-1089\" style=\"margin: 0px 0px 0px 8px; border: 1px solid #000000; float: right;\" src=\"https:\/\/paroquiaqueijas.net\/portal\/wp-content\/uploads\/2013\/02\/Sebastiao2-scaled.jpg\" alt=\"Sebastiao2\" width=\"300\" height=\"385\" \/> em busca do Eterno&#8221;, Alexandre F. Santos, professor, p\u00e1roco e agora tamb\u00e9m revelando-se um ex\u00edmio investigador, oferece-nos uma interpreta\u00e7\u00e3o profunda daquela que muito bem caracteriza como sendo a poesia do otimismo e da esperan\u00e7a.<\/p>\n<p>Sebasti\u00e3o da Gama faz parte daquele grupo de ouro de poetas dos s\u00e9culos XIX e XX que, na Hist\u00f3ria da Literatura Portuguesa, podem ser classificados como sendo poetas de vida curta e de obra grande (exs.: Ces\u00e1rio Verde, Ant\u00f3nio Nobre, Fernando Pessoa, Daniel Faria, etc.).<\/p>\n<p>Nascido em Azeit\u00e3o no ano de 1924 e falecido v\u00edtima de doen\u00e7a grave (tuberculose renal) em 1953, Sebasti\u00e3o formou-se na Faculdade de Letras de Lisboa e ainda teve tempo de lecionar a nossa l\u00edngua portuguesa em Estremoz e de casar nove meses antes de morrer.<\/p>\n<p>Apesar de ter vivido a sua juventude atormentada pela doen\u00e7a e amea\u00e7ada pela morte iminente, o poeta m\u00edstico que passou a residir, por conselho m\u00e9dico, na Serra da Arr\u00e1bida, a que dedicar\u00e1 uma obra chamada &#8220;Serra-m\u00e3e&#8221;, soube beber nas fontes profundas da espiritualidade crist\u00e3 e na tradi\u00e7\u00e3o m\u00edstica cat\u00f3lica de que a Arr\u00e1bida foi lugar de inspira\u00e7\u00e3o de grandes m\u00edsticos, como Frei Agostinho da Cruz, e n\u00e3o perder o encantamento pela humanidade e pela natureza.<\/p>\n<p>Marcado por uma incessante procura de Deus e por uma f\u00e9 de sabor franciscano que tendia a ver o dedo divino em todas as coisas, Sebasti\u00e3o distinguiu-se entre os vultos dominantes da poesia portuguesa contempor\u00e2nea pela diferen\u00e7a de olhar a vida. A poesia contempor\u00e2nea de marca existencialista e vitalista \u00e9 marcada predominantemente por um pessimismo atroz, frustrativo, hipercr\u00edtico, depressivo e, por vezes, autodestrutivo, exprimindo mais experi\u00eancias de desilus\u00e3o pelo Homem e pelo mundo do que sentimentos de eleva\u00e7\u00e3o.<\/p>\n<p>Gama, tendo convivido e tendo conquistado a admira\u00e7\u00e3o de not\u00e1veis poetas do seu tempo (Jos\u00e9 R\u00e9gio, Teixeira de Pascoaes, Sofia de Mello Breyner, David Mour\u00e3o Ferreira,&#8230;), consegue fazer caminho pr\u00f3prio e oferecer uma poesia assente num otimismo absoluto de fundo crist\u00e3o. Afirma-se como um poeta capaz de cantar a grandeza do homem e da natureza, os valores da amizade e do amor que elevam as rela\u00e7\u00f5es humanas, o casamento como forma de vida capaz de felicidade e a f\u00e9 inquebrant\u00e1vel de uma vida outra para al\u00e9m da terrena que continua e otimiza em deleite o bem feito nesta vida terrena.<\/p>\n<p>Ao mesmo tempo, a sua poesia e o seu Di\u00e1rio &#8220;pedag\u00f3gico e social&#8221; prop\u00f5em uma esp\u00e9cie de manifesto para refundar as rela\u00e7\u00f5es sociais e transformar a pedagogia escolar, colocando o aluno no centro e o amor como valor pedag\u00f3gico axial. Express\u00f5es cunhadas pela poesia de Sebasti\u00e3o da Gama, como &#8220;N\u00e3o tenho muito que fazer, tenho muito que amar&#8221;, &#8220;Ensinar \u00e9 amar&#8221;, &#8220;Pelo sonho \u00e9 que vamos&#8221;, acabam por ser uma proposta de ide\u00e1rio de vida, em ordem \u00e0 constru\u00e7\u00e3o de uma sociedade mais feliz.<\/p>\n<p>A atualidade de Sebasti\u00e3o da Gama \u00e9 flagrante em tempo de crise como o nosso, tempo de descontentamento social e at\u00e9 de desorienta\u00e7\u00e3o em termos educativos. \u00c9 de grande valia, pois, o estudo e a proposta de revisita\u00e7\u00e3o de Sebasti\u00e3o da Gama feita pelo livro de Alexandre Santos, que contribui com obra de grande valor para o conhecimento da nossa hist\u00f3ria cultural e liter\u00e1ria. Al\u00e9m do mais, oferece um bom exemplo de trabalho cient\u00edfico ao servi\u00e7o da evangeliza\u00e7\u00e3o da cultura e do investimento na cultura esclarecida e iluminada, como forma de evangeliza\u00e7\u00e3o.<\/p>\n<p style=\"text-align: right;\"><strong>Prof. Doutor Jos\u00e9 Eduardo Franco<\/strong><br \/>\nCentro de Literaturas e Culturas Lus\u00f3fonas e Europeias,<br \/>\nFaculdade de Letras da Universidade de Lisboa<\/p>\n<div style=\"text-align: right;\">\n<p>In <em>Brot\u00e9ria<\/em>, Dezembro 2012 e \u00a9 <a title=\"Sebasti\u00e3o da Gama, Milagre de Vida em busca do Eterno\" href=\"http:\/\/www.snpcultura.org\/literatura_e_evangelizacao_a_proposito_livro_sebastiao_gama.html\" target=\"_blank\" rel=\"noopener\">SNPC 05.02.13<\/a><\/p>\n<\/div>\n","protected":false},"excerpt":{"rendered":"<p>Sabias que o nosso p\u00e1roco, o Pe. Alexandre Santos, \u00e9 autor de uma obra de refer\u00eancia sobre Sebasti\u00e3o da Gama? [&hellip;]<\/p>\n","protected":false},"author":1,"featured_media":920,"comment_status":"open","ping_status":"open","sticky":false,"template":"","format":"standard","meta":{"site-sidebar-layout":"default","site-content-layout":"","ast-site-content-layout":"default","site-content-style":"default","site-sidebar-style":"default","ast-global-header-display":"","ast-banner-title-visibility":"","ast-main-header-display":"","ast-hfb-above-header-display":"","ast-hfb-below-header-display":"","ast-hfb-mobile-header-display":"","site-post-title":"","ast-breadcrumbs-content":"","ast-featured-img":"","footer-sml-layout":"","ast-disable-related-posts":"","theme-transparent-header-meta":"default","adv-header-id-meta":"","stick-header-meta":"default","header-above-stick-meta":"","header-main-stick-meta":"","header-below-stick-meta":"","astra-migrate-meta-layouts":"set","ast-page-background-enabled":"default","ast-page-background-meta":{"desktop":{"background-color":"var(--ast-global-color-5)","background-image":"","background-repeat":"repeat","background-position":"center center","background-size":"auto","background-attachment":"scroll","background-type":"","background-media":"","overlay-type":"","overlay-color":"","overlay-opacity":"","overlay-gradient":""},"tablet":{"background-color":"","background-image":"","background-repeat":"repeat","background-position":"center center","background-size":"auto","background-attachment":"scroll","background-type":"","background-media":"","overlay-type":"","overlay-color":"","overlay-opacity":"","overlay-gradient":""},"mobile":{"background-color":"","background-image":"","background-repeat":"repeat","background-position":"center center","background-size":"auto","background-attachment":"scroll","background-type":"","background-media":"","overlay-type":"","overlay-color":"","overlay-opacity":"","overlay-gradient":""}},"ast-content-background-meta":{"desktop":{"background-color":"var(--ast-global-color-4)","background-image":"","background-repeat":"repeat","background-position":"center center","background-size":"auto","background-attachment":"scroll","background-type":"","background-media":"","overlay-type":"","overlay-color":"","overlay-opacity":"","overlay-gradient":""},"tablet":{"background-color":"var(--ast-global-color-4)","background-image":"","background-repeat":"repeat","background-position":"center center","background-size":"auto","background-attachment":"scroll","background-type":"","background-media":"","overlay-type":"","overlay-color":"","overlay-opacity":"","overlay-gradient":""},"mobile":{"background-color":"var(--ast-global-color-4)","background-image":"","background-repeat":"repeat","background-position":"center center","background-size":"auto","background-attachment":"scroll","background-type":"","background-media":"","overlay-type":"","overlay-color":"","overlay-opacity":"","overlay-gradient":""}},"footnotes":""},"categories":[38],"tags":[],"class_list":["post-1090","post","type-post","status-publish","format-standard","has-post-thumbnail","hentry","category-espaco-cultural"],"yoast_head":"<!-- This site is optimized with the Yoast SEO plugin v27.4 - https:\/\/yoast.com\/product\/yoast-seo-wordpress\/ -->\n<title>A prop\u00f3sito de um livro sobre Sebasti\u00e3o da Gama - Paroquia de Queijas<\/title>\n<meta name=\"robots\" content=\"index, follow, max-snippet:-1, max-image-preview:large, max-video-preview:-1\" \/>\n<link rel=\"canonical\" href=\"https:\/\/paroquiaqueijas.net\/portal\/a-proposito-de-um-livro-sobre-sebastiao-da-gama\/\" \/>\n<meta property=\"og:locale\" content=\"pt_PT\" \/>\n<meta property=\"og:type\" content=\"article\" \/>\n<meta property=\"og:title\" content=\"A prop\u00f3sito de um livro sobre Sebasti\u00e3o da Gama - Paroquia de Queijas\" \/>\n<meta property=\"og:description\" content=\"Sabias que o nosso p\u00e1roco, o Pe. Alexandre Santos, \u00e9 autor de uma obra de refer\u00eancia sobre Sebasti\u00e3o da Gama? [&hellip;]\" \/>\n<meta property=\"og:url\" content=\"https:\/\/paroquiaqueijas.net\/portal\/a-proposito-de-um-livro-sobre-sebastiao-da-gama\/\" \/>\n<meta property=\"og:site_name\" content=\"Paroquia de Queijas\" \/>\n<meta property=\"article:publisher\" content=\"https:\/\/www.facebook.com\/paroquiaqueijas\/\" \/>\n<meta property=\"article:published_time\" content=\"2013-02-06T22:36:44+00:00\" \/>\n<meta property=\"article:modified_time\" content=\"2026-04-18T08:24:42+00:00\" \/>\n<meta property=\"og:image\" content=\"https:\/\/paroquiaqueijas.net\/portal\/wp-content\/uploads\/2012\/03\/SebastiaoGama.jpg\" \/>\n\t<meta property=\"og:image:width\" content=\"343\" \/>\n\t<meta property=\"og:image:height\" content=\"426\" \/>\n\t<meta property=\"og:image:type\" content=\"image\/jpeg\" \/>\n<meta name=\"author\" content=\"Paroquia de Queijas\" \/>\n<meta name=\"twitter:card\" content=\"summary_large_image\" \/>\n<meta name=\"twitter:label1\" content=\"Escrito por\" \/>\n\t<meta name=\"twitter:data1\" content=\"Paroquia de Queijas\" \/>\n\t<meta name=\"twitter:label2\" content=\"Tempo estimado de leitura\" \/>\n\t<meta name=\"twitter:data2\" content=\"6 minutos\" \/>\n<script type=\"application\/ld+json\" class=\"yoast-schema-graph\">{\"@context\":\"https:\\\/\\\/schema.org\",\"@graph\":[{\"@type\":\"Article\",\"@id\":\"https:\\\/\\\/paroquiaqueijas.net\\\/portal\\\/a-proposito-de-um-livro-sobre-sebastiao-da-gama\\\/#article\",\"isPartOf\":{\"@id\":\"https:\\\/\\\/paroquiaqueijas.net\\\/portal\\\/a-proposito-de-um-livro-sobre-sebastiao-da-gama\\\/\"},\"author\":{\"name\":\"Paroquia de Queijas\",\"@id\":\"https:\\\/\\\/paroquiaqueijas.net\\\/portal\\\/#\\\/schema\\\/person\\\/07bb4cce216326e06b6f742b719ebec7\"},\"headline\":\"A prop\u00f3sito de um livro sobre Sebasti\u00e3o da Gama\",\"datePublished\":\"2013-02-06T22:36:44+00:00\",\"dateModified\":\"2026-04-18T08:24:42+00:00\",\"mainEntityOfPage\":{\"@id\":\"https:\\\/\\\/paroquiaqueijas.net\\\/portal\\\/a-proposito-de-um-livro-sobre-sebastiao-da-gama\\\/\"},\"wordCount\":1008,\"commentCount\":0,\"publisher\":{\"@id\":\"https:\\\/\\\/paroquiaqueijas.net\\\/portal\\\/#organization\"},\"image\":{\"@id\":\"https:\\\/\\\/paroquiaqueijas.net\\\/portal\\\/a-proposito-de-um-livro-sobre-sebastiao-da-gama\\\/#primaryimage\"},\"thumbnailUrl\":\"https:\\\/\\\/paroquiaqueijas.net\\\/portal\\\/wp-content\\\/uploads\\\/2012\\\/03\\\/SebastiaoGama.jpg\",\"articleSection\":[\"Espa\u00e7o Cultural\"],\"inLanguage\":\"pt-PT\",\"potentialAction\":[{\"@type\":\"CommentAction\",\"name\":\"Comment\",\"target\":[\"https:\\\/\\\/paroquiaqueijas.net\\\/portal\\\/a-proposito-de-um-livro-sobre-sebastiao-da-gama\\\/#respond\"]}]},{\"@type\":\"WebPage\",\"@id\":\"https:\\\/\\\/paroquiaqueijas.net\\\/portal\\\/a-proposito-de-um-livro-sobre-sebastiao-da-gama\\\/\",\"url\":\"https:\\\/\\\/paroquiaqueijas.net\\\/portal\\\/a-proposito-de-um-livro-sobre-sebastiao-da-gama\\\/\",\"name\":\"A prop\u00f3sito de um livro sobre Sebasti\u00e3o da Gama - Paroquia de Queijas\",\"isPartOf\":{\"@id\":\"https:\\\/\\\/paroquiaqueijas.net\\\/portal\\\/#website\"},\"primaryImageOfPage\":{\"@id\":\"https:\\\/\\\/paroquiaqueijas.net\\\/portal\\\/a-proposito-de-um-livro-sobre-sebastiao-da-gama\\\/#primaryimage\"},\"image\":{\"@id\":\"https:\\\/\\\/paroquiaqueijas.net\\\/portal\\\/a-proposito-de-um-livro-sobre-sebastiao-da-gama\\\/#primaryimage\"},\"thumbnailUrl\":\"https:\\\/\\\/paroquiaqueijas.net\\\/portal\\\/wp-content\\\/uploads\\\/2012\\\/03\\\/SebastiaoGama.jpg\",\"datePublished\":\"2013-02-06T22:36:44+00:00\",\"dateModified\":\"2026-04-18T08:24:42+00:00\",\"breadcrumb\":{\"@id\":\"https:\\\/\\\/paroquiaqueijas.net\\\/portal\\\/a-proposito-de-um-livro-sobre-sebastiao-da-gama\\\/#breadcrumb\"},\"inLanguage\":\"pt-PT\",\"potentialAction\":[{\"@type\":\"ReadAction\",\"target\":[\"https:\\\/\\\/paroquiaqueijas.net\\\/portal\\\/a-proposito-de-um-livro-sobre-sebastiao-da-gama\\\/\"]}]},{\"@type\":\"ImageObject\",\"inLanguage\":\"pt-PT\",\"@id\":\"https:\\\/\\\/paroquiaqueijas.net\\\/portal\\\/a-proposito-de-um-livro-sobre-sebastiao-da-gama\\\/#primaryimage\",\"url\":\"https:\\\/\\\/paroquiaqueijas.net\\\/portal\\\/wp-content\\\/uploads\\\/2012\\\/03\\\/SebastiaoGama.jpg\",\"contentUrl\":\"https:\\\/\\\/paroquiaqueijas.net\\\/portal\\\/wp-content\\\/uploads\\\/2012\\\/03\\\/SebastiaoGama.jpg\",\"width\":343,\"height\":426,\"caption\":\"SebastiaoGama\"},{\"@type\":\"BreadcrumbList\",\"@id\":\"https:\\\/\\\/paroquiaqueijas.net\\\/portal\\\/a-proposito-de-um-livro-sobre-sebastiao-da-gama\\\/#breadcrumb\",\"itemListElement\":[{\"@type\":\"ListItem\",\"position\":1,\"name\":\"In\u00edcio\",\"item\":\"https:\\\/\\\/paroquiaqueijas.net\\\/portal\\\/\"},{\"@type\":\"ListItem\",\"position\":2,\"name\":\"A prop\u00f3sito de um livro sobre Sebasti\u00e3o da Gama\"}]},{\"@type\":\"WebSite\",\"@id\":\"https:\\\/\\\/paroquiaqueijas.net\\\/portal\\\/#website\",\"url\":\"https:\\\/\\\/paroquiaqueijas.net\\\/portal\\\/\",\"name\":\"Paroquia de Queijas\",\"description\":\"\",\"publisher\":{\"@id\":\"https:\\\/\\\/paroquiaqueijas.net\\\/portal\\\/#organization\"},\"potentialAction\":[{\"@type\":\"SearchAction\",\"target\":{\"@type\":\"EntryPoint\",\"urlTemplate\":\"https:\\\/\\\/paroquiaqueijas.net\\\/portal\\\/?s={search_term_string}\"},\"query-input\":{\"@type\":\"PropertyValueSpecification\",\"valueRequired\":true,\"valueName\":\"search_term_string\"}}],\"inLanguage\":\"pt-PT\"},{\"@type\":\"Organization\",\"@id\":\"https:\\\/\\\/paroquiaqueijas.net\\\/portal\\\/#organization\",\"name\":\"Paroquia de Queijas\",\"url\":\"https:\\\/\\\/paroquiaqueijas.net\\\/portal\\\/\",\"logo\":{\"@type\":\"ImageObject\",\"inLanguage\":\"pt-PT\",\"@id\":\"https:\\\/\\\/paroquiaqueijas.net\\\/portal\\\/#\\\/schema\\\/logo\\\/image\\\/\",\"url\":\"https:\\\/\\\/paroquiaqueijas.net\\\/portal\\\/wp-content\\\/uploads\\\/2026\\\/03\\\/LogoQueijas_novo.png\",\"contentUrl\":\"https:\\\/\\\/paroquiaqueijas.net\\\/portal\\\/wp-content\\\/uploads\\\/2026\\\/03\\\/LogoQueijas_novo.png\",\"width\":520,\"height\":519,\"caption\":\"Paroquia de Queijas\"},\"image\":{\"@id\":\"https:\\\/\\\/paroquiaqueijas.net\\\/portal\\\/#\\\/schema\\\/logo\\\/image\\\/\"},\"sameAs\":[\"https:\\\/\\\/www.facebook.com\\\/paroquiaqueijas\\\/\"]},{\"@type\":\"Person\",\"@id\":\"https:\\\/\\\/paroquiaqueijas.net\\\/portal\\\/#\\\/schema\\\/person\\\/07bb4cce216326e06b6f742b719ebec7\",\"name\":\"Paroquia de Queijas\",\"image\":{\"@type\":\"ImageObject\",\"inLanguage\":\"pt-PT\",\"@id\":\"https:\\\/\\\/secure.gravatar.com\\\/avatar\\\/5054571ff5d2454cd50657fc4e61d0c32d7a5d0d3b36ef6c0f6e269276d13618?s=96&d=mm&r=g\",\"url\":\"https:\\\/\\\/secure.gravatar.com\\\/avatar\\\/5054571ff5d2454cd50657fc4e61d0c32d7a5d0d3b36ef6c0f6e269276d13618?s=96&d=mm&r=g\",\"contentUrl\":\"https:\\\/\\\/secure.gravatar.com\\\/avatar\\\/5054571ff5d2454cd50657fc4e61d0c32d7a5d0d3b36ef6c0f6e269276d13618?s=96&d=mm&r=g\",\"caption\":\"Paroquia de Queijas\"},\"sameAs\":[\"https:\\\/\\\/paroquiaqueijas.net\\\/site\"],\"url\":\"https:\\\/\\\/paroquiaqueijas.net\\\/portal\\\/author\\\/admin1\\\/\"}]}<\/script>\n<!-- \/ Yoast SEO plugin. -->","yoast_head_json":{"title":"A prop\u00f3sito de um livro sobre Sebasti\u00e3o da Gama - Paroquia de Queijas","robots":{"index":"index","follow":"follow","max-snippet":"max-snippet:-1","max-image-preview":"max-image-preview:large","max-video-preview":"max-video-preview:-1"},"canonical":"https:\/\/paroquiaqueijas.net\/portal\/a-proposito-de-um-livro-sobre-sebastiao-da-gama\/","og_locale":"pt_PT","og_type":"article","og_title":"A prop\u00f3sito de um livro sobre Sebasti\u00e3o da Gama - Paroquia de Queijas","og_description":"Sabias que o nosso p\u00e1roco, o Pe. Alexandre Santos, \u00e9 autor de uma obra de refer\u00eancia sobre Sebasti\u00e3o da Gama? [&hellip;]","og_url":"https:\/\/paroquiaqueijas.net\/portal\/a-proposito-de-um-livro-sobre-sebastiao-da-gama\/","og_site_name":"Paroquia de Queijas","article_publisher":"https:\/\/www.facebook.com\/paroquiaqueijas\/","article_published_time":"2013-02-06T22:36:44+00:00","article_modified_time":"2026-04-18T08:24:42+00:00","og_image":[{"width":343,"height":426,"url":"https:\/\/paroquiaqueijas.net\/portal\/wp-content\/uploads\/2012\/03\/SebastiaoGama.jpg","type":"image\/jpeg"}],"author":"Paroquia de Queijas","twitter_card":"summary_large_image","twitter_misc":{"Escrito por":"Paroquia de Queijas","Tempo estimado de leitura":"6 minutos"},"schema":{"@context":"https:\/\/schema.org","@graph":[{"@type":"Article","@id":"https:\/\/paroquiaqueijas.net\/portal\/a-proposito-de-um-livro-sobre-sebastiao-da-gama\/#article","isPartOf":{"@id":"https:\/\/paroquiaqueijas.net\/portal\/a-proposito-de-um-livro-sobre-sebastiao-da-gama\/"},"author":{"name":"Paroquia de Queijas","@id":"https:\/\/paroquiaqueijas.net\/portal\/#\/schema\/person\/07bb4cce216326e06b6f742b719ebec7"},"headline":"A prop\u00f3sito de um livro sobre Sebasti\u00e3o da Gama","datePublished":"2013-02-06T22:36:44+00:00","dateModified":"2026-04-18T08:24:42+00:00","mainEntityOfPage":{"@id":"https:\/\/paroquiaqueijas.net\/portal\/a-proposito-de-um-livro-sobre-sebastiao-da-gama\/"},"wordCount":1008,"commentCount":0,"publisher":{"@id":"https:\/\/paroquiaqueijas.net\/portal\/#organization"},"image":{"@id":"https:\/\/paroquiaqueijas.net\/portal\/a-proposito-de-um-livro-sobre-sebastiao-da-gama\/#primaryimage"},"thumbnailUrl":"https:\/\/paroquiaqueijas.net\/portal\/wp-content\/uploads\/2012\/03\/SebastiaoGama.jpg","articleSection":["Espa\u00e7o Cultural"],"inLanguage":"pt-PT","potentialAction":[{"@type":"CommentAction","name":"Comment","target":["https:\/\/paroquiaqueijas.net\/portal\/a-proposito-de-um-livro-sobre-sebastiao-da-gama\/#respond"]}]},{"@type":"WebPage","@id":"https:\/\/paroquiaqueijas.net\/portal\/a-proposito-de-um-livro-sobre-sebastiao-da-gama\/","url":"https:\/\/paroquiaqueijas.net\/portal\/a-proposito-de-um-livro-sobre-sebastiao-da-gama\/","name":"A prop\u00f3sito de um livro sobre Sebasti\u00e3o da Gama - Paroquia de Queijas","isPartOf":{"@id":"https:\/\/paroquiaqueijas.net\/portal\/#website"},"primaryImageOfPage":{"@id":"https:\/\/paroquiaqueijas.net\/portal\/a-proposito-de-um-livro-sobre-sebastiao-da-gama\/#primaryimage"},"image":{"@id":"https:\/\/paroquiaqueijas.net\/portal\/a-proposito-de-um-livro-sobre-sebastiao-da-gama\/#primaryimage"},"thumbnailUrl":"https:\/\/paroquiaqueijas.net\/portal\/wp-content\/uploads\/2012\/03\/SebastiaoGama.jpg","datePublished":"2013-02-06T22:36:44+00:00","dateModified":"2026-04-18T08:24:42+00:00","breadcrumb":{"@id":"https:\/\/paroquiaqueijas.net\/portal\/a-proposito-de-um-livro-sobre-sebastiao-da-gama\/#breadcrumb"},"inLanguage":"pt-PT","potentialAction":[{"@type":"ReadAction","target":["https:\/\/paroquiaqueijas.net\/portal\/a-proposito-de-um-livro-sobre-sebastiao-da-gama\/"]}]},{"@type":"ImageObject","inLanguage":"pt-PT","@id":"https:\/\/paroquiaqueijas.net\/portal\/a-proposito-de-um-livro-sobre-sebastiao-da-gama\/#primaryimage","url":"https:\/\/paroquiaqueijas.net\/portal\/wp-content\/uploads\/2012\/03\/SebastiaoGama.jpg","contentUrl":"https:\/\/paroquiaqueijas.net\/portal\/wp-content\/uploads\/2012\/03\/SebastiaoGama.jpg","width":343,"height":426,"caption":"SebastiaoGama"},{"@type":"BreadcrumbList","@id":"https:\/\/paroquiaqueijas.net\/portal\/a-proposito-de-um-livro-sobre-sebastiao-da-gama\/#breadcrumb","itemListElement":[{"@type":"ListItem","position":1,"name":"In\u00edcio","item":"https:\/\/paroquiaqueijas.net\/portal\/"},{"@type":"ListItem","position":2,"name":"A prop\u00f3sito de um livro sobre Sebasti\u00e3o da Gama"}]},{"@type":"WebSite","@id":"https:\/\/paroquiaqueijas.net\/portal\/#website","url":"https:\/\/paroquiaqueijas.net\/portal\/","name":"Paroquia de Queijas","description":"","publisher":{"@id":"https:\/\/paroquiaqueijas.net\/portal\/#organization"},"potentialAction":[{"@type":"SearchAction","target":{"@type":"EntryPoint","urlTemplate":"https:\/\/paroquiaqueijas.net\/portal\/?s={search_term_string}"},"query-input":{"@type":"PropertyValueSpecification","valueRequired":true,"valueName":"search_term_string"}}],"inLanguage":"pt-PT"},{"@type":"Organization","@id":"https:\/\/paroquiaqueijas.net\/portal\/#organization","name":"Paroquia de Queijas","url":"https:\/\/paroquiaqueijas.net\/portal\/","logo":{"@type":"ImageObject","inLanguage":"pt-PT","@id":"https:\/\/paroquiaqueijas.net\/portal\/#\/schema\/logo\/image\/","url":"https:\/\/paroquiaqueijas.net\/portal\/wp-content\/uploads\/2026\/03\/LogoQueijas_novo.png","contentUrl":"https:\/\/paroquiaqueijas.net\/portal\/wp-content\/uploads\/2026\/03\/LogoQueijas_novo.png","width":520,"height":519,"caption":"Paroquia de Queijas"},"image":{"@id":"https:\/\/paroquiaqueijas.net\/portal\/#\/schema\/logo\/image\/"},"sameAs":["https:\/\/www.facebook.com\/paroquiaqueijas\/"]},{"@type":"Person","@id":"https:\/\/paroquiaqueijas.net\/portal\/#\/schema\/person\/07bb4cce216326e06b6f742b719ebec7","name":"Paroquia de Queijas","image":{"@type":"ImageObject","inLanguage":"pt-PT","@id":"https:\/\/secure.gravatar.com\/avatar\/5054571ff5d2454cd50657fc4e61d0c32d7a5d0d3b36ef6c0f6e269276d13618?s=96&d=mm&r=g","url":"https:\/\/secure.gravatar.com\/avatar\/5054571ff5d2454cd50657fc4e61d0c32d7a5d0d3b36ef6c0f6e269276d13618?s=96&d=mm&r=g","contentUrl":"https:\/\/secure.gravatar.com\/avatar\/5054571ff5d2454cd50657fc4e61d0c32d7a5d0d3b36ef6c0f6e269276d13618?s=96&d=mm&r=g","caption":"Paroquia de Queijas"},"sameAs":["https:\/\/paroquiaqueijas.net\/site"],"url":"https:\/\/paroquiaqueijas.net\/portal\/author\/admin1\/"}]}},"_links":{"self":[{"href":"https:\/\/paroquiaqueijas.net\/portal\/wp-json\/wp\/v2\/posts\/1090","targetHints":{"allow":["GET"]}}],"collection":[{"href":"https:\/\/paroquiaqueijas.net\/portal\/wp-json\/wp\/v2\/posts"}],"about":[{"href":"https:\/\/paroquiaqueijas.net\/portal\/wp-json\/wp\/v2\/types\/post"}],"author":[{"embeddable":true,"href":"https:\/\/paroquiaqueijas.net\/portal\/wp-json\/wp\/v2\/users\/1"}],"replies":[{"embeddable":true,"href":"https:\/\/paroquiaqueijas.net\/portal\/wp-json\/wp\/v2\/comments?post=1090"}],"version-history":[{"count":3,"href":"https:\/\/paroquiaqueijas.net\/portal\/wp-json\/wp\/v2\/posts\/1090\/revisions"}],"predecessor-version":[{"id":3948,"href":"https:\/\/paroquiaqueijas.net\/portal\/wp-json\/wp\/v2\/posts\/1090\/revisions\/3948"}],"wp:featuredmedia":[{"embeddable":true,"href":"https:\/\/paroquiaqueijas.net\/portal\/wp-json\/wp\/v2\/media\/920"}],"wp:attachment":[{"href":"https:\/\/paroquiaqueijas.net\/portal\/wp-json\/wp\/v2\/media?parent=1090"}],"wp:term":[{"taxonomy":"category","embeddable":true,"href":"https:\/\/paroquiaqueijas.net\/portal\/wp-json\/wp\/v2\/categories?post=1090"},{"taxonomy":"post_tag","embeddable":true,"href":"https:\/\/paroquiaqueijas.net\/portal\/wp-json\/wp\/v2\/tags?post=1090"}],"curies":[{"name":"wp","href":"https:\/\/api.w.org\/{rel}","templated":true}]}}