{"id":1093,"date":"2013-02-07T14:29:25","date_gmt":"2013-02-07T14:29:25","guid":{"rendered":"https:\/\/paroquiaqueijas.net\/site\/?p=1093"},"modified":"2026-03-21T15:41:24","modified_gmt":"2026-03-21T15:41:24","slug":"o-ano-da-fe-e-a-nova-evangelizacao","status":"publish","type":"post","link":"https:\/\/paroquiaqueijas.net\/portal\/o-ano-da-fe-e-a-nova-evangelizacao\/","title":{"rendered":"O Ano da F\u00e9 e a Nova Evangeliza\u00e7\u00e3o"},"content":{"rendered":"<p><strong>O Ano da F\u00e9 e a Nova Evangeliza\u00e7\u00e3o<img decoding=\"async\" class=\" alignright size-full wp-image-1092\" style=\"margin: 0px 0px 0px 8px; float: right;\" alt=\"DManuel23\" src=\"https:\/\/paroquiaqueijas.net\/portal\/wp-content\/uploads\/2013\/02\/DManuel23.jpg\" height=\"103\" width=\"150\" srcset=\"https:\/\/paroquiaqueijas.net\/portal\/wp-content\/uploads\/2013\/02\/DManuel23.jpg 711w, https:\/\/paroquiaqueijas.net\/portal\/wp-content\/uploads\/2013\/02\/DManuel23-300x205.jpg 300w\" sizes=\"(max-width: 150px) 100vw, 150px\" \/><\/span><\/strong><br \/>\n(entre a cultura e a pastoral)<\/span><br \/>\nNa confer\u00eancia de abertura da XIV Assembleia de P\u00e1rocos Dehonianos, que teve lugar no Semin\u00e1rio de Alfragide entre os dias 4 a 6 de Fevereiro, em Lisboa, D. Manuel Clemente sublinhou a urg\u00eancia de anunciar a mensagem de Cristo &#8220;come\u00e7ando na gentilidade do pr\u00f3prio bairro, escola ou hospital, quando n\u00e3o na pr\u00f3pria casa e fam\u00edlia de cada um&#8221;. Aqui ficam as palavras da sua comunica\u00e7\u00e3o:<br \/><\/span><\/p>\n<p><!--more--><\/p>\n<p>\u00abO Papa Bento XVI prop\u00f4s \u00e0 Igreja toda o &#8220;Ano da F\u00e9&#8221; que estamos a viver, desde outubro passado. Em boa hora o fez \u2013 como Paulo VI, a seguir ao Conc\u00edlio \u2013 e com boa incid\u00eancia na vida eclesial que decorre.<\/span> Tal se diga, muito especialmente, no tocante \u00e0 sempre necess\u00e1ria e melhor defini\u00e7\u00e3o do que somos enquanto disc\u00edpulos de Cristo, diante de Deus e dos outros. Isto mesmo e n\u00e3o outra coisa, colando rapidamente o nome &#8220;crist\u00e3o&#8221; a qualquer religiosidade difusa e \u00e0 escolha, old ou new age que seja. Efetivamente, mesmo no campo dito &#8220;cat\u00f3lico&#8221;, a amplitude \u00e9 tal, que a simples recita\u00e7\u00e3o do Credo j\u00e1 seria problem\u00e1tica se as pessoas pensassem um pouco mais no que h\u00e3o de crer e fazer&#8230;<\/span><\/p>\n<p>O que vai dito refere-se \u00e0 F\u00e9. Mas gostaria de me deter no que vem antes: o &#8220;Ano&#8221;, o tempo em que estamos \u2013 ou o tempo que somos \u2013 e nos \u00e9 dado viver como crentes. N\u00e3o \u00e9 um tempo qualquer, \u00e9 este tempo, muito complexo ali\u00e1s.<\/span><\/p>\n<p>Falamos de &#8220;crise&#8221; e com raz\u00e3o o fazemos, pois de interrup\u00e7\u00e3o se trata e ocasi\u00e3o de discernimento e ju\u00edzo, em rela\u00e7\u00e3o \u00e0 habitualidade que t\u00ednhamos ou julg\u00e1vamos ter &#8211; e ter para durar. Os efeitos econ\u00f3micos da rotura financeira s\u00e3o os mais sentidos, no campo do trabalho e da falta deste, na vida empresarial e familiar. Na enc\u00edclica Caritas in Veritate, que Bento XVI dedicou em 2009 \u00e0 problem\u00e1tica do desenvolvimento, a quest\u00e3o ia mais fundo, propriamente ao campo dos valores a defender e promover, se pretendemos realmente o desenvolvimento \u00abde todos os homens e do homem todo\u00bb, retomando a proposta montiniana (Populorum Progressio).<\/span><\/p>\n<p>Mas a crise deste &#8220;ano&#8221; ou fase da vida coletiva, a que a nossa f\u00e9 tem de (cor)responder com as pr\u00e1ticas consequentes, \u00e9 de particular profundidade e propriamente &#8220;cultural&#8221;; e exige uma compreens\u00e3o n\u00e3o meramente circunstancial das coisas, para podermos ensaiar respostas capazes de criar futuro e n\u00e3o apenas suportarmos inevit\u00e1veis consequ\u00eancias. Isto se diga da sociedade em geral e igualmente se refira \u00e0 vida eclesial e pastoral.<\/span><\/p>\n<p>Tudo indica, de facto, que vivemos em aut\u00eantica mudan\u00e7a epocal, tanto na civiliza\u00e7\u00e3o como na cultura, como o Conc\u00edlio Vaticano II j\u00e1 intu\u00edra, ali\u00e1s, num passo anal\u00edtico que talvez n\u00e3o tenhamos &#8220;recebido&#8221; suficientemente: \u00abO g\u00e9nero humano encontra-se hoje numa idade nova da sua hist\u00f3ria em que mudan\u00e7as profundas e r\u00e1pidas se estendem gradualmente ao mundo inteiro. Provocadas pela intelig\u00eancia e pela atividade criadora do homem, refletem-se no pr\u00f3prio homem, nos seus ju\u00edzos, nos seus desejos individuais e coletivos, no seu modo de pensar e de agir, tanto em rela\u00e7\u00e3o \u00e0s coisas como aos homens. Assim, pode falar-se de uma verdadeira metamorfose social e cultural, cujos efeitos se repercutem tamb\u00e9m na vida religiosa\u00bb (Gaudium et Spes, 4).<\/span><\/p>\n<p>Falar em metamorfose social e cultural \u00e9 outro modo de dizer mudan\u00e7a de \u00e9poca, no tocante \u00e0 civiliza\u00e7\u00e3o e \u00e0 cultura, entendida aquela como conjunto de meios de comunica\u00e7\u00e3o e conviv\u00eancia e percebida esta como sistema de valores e ideais que se compartilham e transmitem, estando uma e outra intimamente correlacionadas. Diga-se, por\u00e9m, que tal mudan\u00e7a n\u00e3o implica obrigatoriamente a perda do adquirido, mas a sua integra\u00e7\u00e3o geral ou parcial num outro quadro mental e pr\u00e1tico, a partir de outros princ\u00edpios ou de necessidades sobrevindas e arvoradas em princ\u00edpios&#8230;<\/span><\/p>\n<p>\u00c9 assim que, do ponto de vista europeu, as &#8220;idades&#8221; se sucederam, da Antiga para a Medieval, da Medieval para a Moderna e da Moderna para a Contempor\u00e2nea. A civiliza\u00e7\u00e3o greco-romana era citadina e interurbana e assim mesmo a sua cultura foi formal e imperial, em torno de ideias e governos globais, da filosofia ao direito, do direito \u00e0 administra\u00e7\u00e3o e \u00e0 pr\u00f3pria religi\u00e3o. O mundo medieval \u2013 ao menos at\u00e9 ao s\u00e9culo XII \u2013 viu o campo substituir a cidade e, por isso, a conviv\u00eancia localizou-se, os la\u00e7os formais substitu\u00edram-se por vincula\u00e7\u00f5es pessoais, a religiosidade ruralizouse. O mundo moderno assistiu \u00e0 recupera\u00e7\u00e3o da proemin\u00eancia da cidade sobre o campo, \u00e0 ativa\u00e7\u00e3o comercial e monet\u00e1ria, \u00e0 afirma\u00e7\u00e3o do Estado, que recuperou para si a formalidade imperial romana e se tornou garante do que ent\u00e3o mais se apetecia, ou seja, da seguran\u00e7a, ao mesmo tempo que a ci\u00eancia (re)come\u00e7ou a explicar e at\u00e9 reproduzir o que at\u00e9 a\u00ed se adivinhava ou temia. O mundo contempor\u00e2neo, em revolu\u00e7\u00f5es industriais e tecnol\u00f3gicas sucessivas, complexificou cada vez mais a comunica\u00e7\u00e3o, de rodovi\u00e1ria a ferrovi\u00e1ria, de ferrovi\u00e1ria a telef\u00f3nica e medi\u00e1tica, de coletiva a particular e inform\u00e1tica, e tudo isto a par da valoriza\u00e7\u00e3o muito acrescida e agora possibilitada do indiv\u00edduo e das suas escolhas. Foi este \u00faltimo ponto que &#8220;sobrou&#8221; para a p\u00f3s-modernidade ou \u00faltima contemporaneidade, tamb\u00e9m estas postas em causa pela atual crise \u2013 que o \u00e9 sobretudo das viabilidades materiais e mentais, menos seguras.<\/span><\/p>\n<p>Um r\u00e1pido relance sobre a evangeliza\u00e7\u00e3o da Europa n\u00e3o demora em reconhecer coincid\u00eancias com a sucess\u00e3o civilizacional e cultural. A Igreja antiga foi episcopal e urbana, e tamb\u00e9m foi imperial depois de Constantino. A medieval foi cada vez mais rural, de par\u00f3quias e mosteiros, tornando-se um pouco mais urbana depois dos s\u00e9culo XII e XIII, quer com uma administra\u00e7\u00e3o eclesi\u00e1stica mais desenvolvida, da cidade para o campo (s\u00ednodos diocesanos, visita\u00e7\u00f5es&#8230;), quer com a vida conventual e confraternal. A moderna acompanhou o desenvolvimento e expans\u00e3o dos Estados, tamb\u00e9m na simbologia e fun\u00e7\u00e3o securit\u00e1ria. A contempor\u00e2nea, sobretudo onde urbanismo, industrializa\u00e7\u00e3o e comunica\u00e7\u00f5es se desenvolverem mais, revelou dificuldades acrescidas em &#8220;compreender&#8221; a urbaniza\u00e7\u00e3o sociocultural e o crescente protagonismo individual que ela gerou ou possibilitou.<\/span><\/p>\n<p>Chegados \u00e0 segunda metade do s\u00e9culo XX, acresceram as dificuldades na cadeia tradicional, das fam\u00edlias \u00e0s par\u00f3quias, das par\u00f3quias \u00e0s institui\u00e7\u00f5es em geral. Dificuldades que o Conc\u00edlio tamb\u00e9m resumia assim: \u00abA transforma\u00e7\u00e3o das mentalidades e das estruturas leva com frequ\u00eancia \u00e0 discuss\u00e3o dos valores recebidos particularmente entre os jovens. [&#8230;] As institui\u00e7\u00f5es e as leis, os modos de pensar e de sentir, herdados do passado, nem sempre parecem adaptar-se bem ao condicionalismo atual: daqui uma grande perturba\u00e7\u00e3o no comportamento e at\u00e9 nas normas que o regulam\u00bb (Gaudium et Spes, 7). E nem creio que h\u00e1 cinquenta anos se imaginasse onde chegar\u00edamos (?) neste ponto, em campos t\u00e3o fundamentais como a pr\u00f3pria vida ou a fam\u00edlia&#8230;<\/span><\/p>\n<p>A necessidade duma &#8220;nova evangeliza\u00e7\u00e3o&#8221; nasce daqui e n\u00e3o s\u00f3 em rela\u00e7\u00e3o \u00e0 Europa, mas mesmo em espa\u00e7os mais recentemente tocados pela miss\u00e3o crist\u00e3 e agora inseridos numa globaliza\u00e7\u00e3o medi\u00e1tica e secularista, r\u00e1pida e sem fronteiras. Sentida como necess\u00e1ria, ainda antes de Jo\u00e3o Paulo II a ter requerido como \u00abnovo ardor, novos m\u00e9todos e novas express\u00f5es\u00bb do cristianismo essencial (1983), acabou por se aproximar, mesmo no continente europeu, da cl\u00e1ssica miss\u00e3o ad gentes.<\/span><\/p>\n<p>Assim mesmo o disse h\u00e1 uma d\u00e9cada a exorta\u00e7\u00e3o apost\u00f3lica p\u00f3s-sinodal Ecclesia in Europa \u2013 em advert\u00eancia nunca por demais retomada, pois ainda insuficientemente assumida: \u00abEm v\u00e1rias partes da Europa, h\u00e1 necessidade do primeiro an\u00fancio do Evangelho [&#8230;]. Com efeito, a Europa faz parte j\u00e1 daqueles espa\u00e7os tradicionalmente crist\u00e3os, onde, para al\u00e9m duma nova evangeliza\u00e7\u00e3o, se requer em determinados casos a primeira evangeliza\u00e7\u00e3o. A Igreja n\u00e3o pode subtrair-se ao dever dum corajoso diagn\u00f3stico, que lhe permita predispor as terapias mais oportunas. Mesmo no &#8220;velho&#8221; continente existem extensas \u00e1reas sociais e culturais onde se torna necess\u00e1ria uma verdadeira e pr\u00f3pria missio ad gentes\u00bb (EE, 46). Reparemos que Jo\u00e3o Paulo II n\u00e3o escreve &#8220;qualquer coisa como&#8221;, mas &#8220;uma verdadeira e pr\u00f3pria&#8221; missio ad gentes.<\/span><\/p>\n<p>Acrescente-se que n\u00e3o \u00e9 a primeira vez que tal se requer ou acontece. A evangeliza\u00e7\u00e3o da Europa sempre ganhou com a experi\u00eancia mission\u00e1ria que se fez e faz al\u00e9m dela. Prelados e mission\u00e1rios, que o tinham sido nos mundos &#8220;descobertos&#8221; pelos europeus a partir do s\u00e9culo XV, despertaram depois o catolicismo das suas terras de origem; no per\u00edodo dific\u00edlimo do catolicismo franc\u00eas, entre o &#8220;terror&#8221; revolucion\u00e1rio e a regulariza\u00e7\u00e3o napole\u00f3nica, serviu de est\u00edmulo e padr\u00e3o a experi\u00eancia das miss\u00f5es do Extremo Oriente; as miss\u00f5es populares modernas inclu\u00edram alguns aspetos da miss\u00e3o ultramarina; muitas par\u00f3quias das \u00faltimas d\u00e9cadas ganharam outro modo de estar localmente, gra\u00e7as \u00e0 experi\u00eancia peri\u00f3dica de alguns dos seus membros em a\u00e7\u00f5es de evangeliza\u00e7\u00e3o e voluntariado noutros continentes&#8230;<\/span><\/p>\n<p>Mas hoje, mesmo na Europa, o que podia ser epis\u00f3dico e local tem de ser constante e geral. O catolicismo europeu s\u00f3 ter\u00e1 futuro se este for declaradamente evangelizador e mission\u00e1rio, come\u00e7ando a &#8220;gentilidade&#8221; no pr\u00f3prio bairro, escola ou hospital, quando n\u00e3o na pr\u00f3pria casa e fam\u00edlia de cada um.<\/span><\/p>\n<p>Somos crist\u00e3os e n\u00e3o podemos partir &#8220;de novo&#8221; sen\u00e3o do Deus que Jesus Cristo nos revela, t\u00e3o diverso das nossas inveteradas congemina\u00e7\u00f5es e inadvert\u00eancias. Lembra-nos o decreto Ad Gentes: \u00abA Igreja peregrina \u00e9, por natureza, mission\u00e1ria, visto que, segundo o des\u00edgnio de Deus Pai, tem a sua origem na miss\u00e3o do Filho e na miss\u00e3o do Esp\u00edrito Santo\u00bb (AG, 2).<\/span><\/p>\n<p>Daqui apenas e urgentemente daqui, confessando uma &#8220;Igreja una, santa, cat\u00f3lica e apost\u00f3lica&#8221;, que tem na catolicidade e na apostolicidade o horizonte amplo, a tradi\u00e7\u00e3o viva e o insistente envio, de que n\u00e3o pode esquecer-se sem se negar a si mesma. E o que noutros tempos p\u00f4de ser uma geografia, \u00e9 agora e prevalentemente uma atitude, mesmo sem sair da mesma terra, mas ganhando com o que se acompanhar, direta ou indiretamente, nas outras todas, perto ou longe.<\/span><\/p>\n<p>Partindo a miss\u00e3o da Igreja da pr\u00f3pria miss\u00e3o divina, ela tem de radicar-se, necessariamente, em experi\u00eancias comunit\u00e1rias aut\u00eanticas, que eduquem e transportem segundo o Deus Amor. Das fam\u00edlias \u00e0s par\u00f3quias, dos institutos a todas as formas agregativas da vida crist\u00e3, a partilha do Evangelho e da vida \u00e9 a fonte essencial da miss\u00e3o e da nova evangeliza\u00e7\u00e3o. Retomo, a prop\u00f3sito, uma luminosa passagem da exorta\u00e7\u00e3o apost\u00f3lica p\u00f3s-sinodal Christifideles Laici, que j\u00e1 insistia em 1988: \u00ab\u00c9 urgente, sem d\u00favida, refazer em toda a parte, o tecido crist\u00e3o da sociedade humana. Mas a condi\u00e7\u00e3o \u00e9 a de refazer o tecido crist\u00e3o das pr\u00f3prias comunidades eclesiais&#8230;\u00bb (CL, 34).<\/span><\/p>\n<p>N\u00e3o devemos ter qualquer d\u00favida acerca deste ponto. A \u00faltima assembleia do S\u00ednodo dos Bispos tamb\u00e9m n\u00e3o a teve, quando nos prop\u00f4s reviver o encontro da Samaritana com Jesus, que a levou da \u00e1gua fugaz do po\u00e7o de Jacob \u00e0 \u00e1gua viva que eternamente dessedenta; encontro de que ela logo se fez mensageira junto dos seus conterr\u00e2neos. Imagem altamente sugestiva do que as nossas comunidades devem ser, como c\u00e9lulas vivas duma Igreja de acolhimento e miss\u00e3o.<\/span><\/p>\n<p>E estou certo de que um instituto religioso como o vosso, polarizado em Jesus Cora\u00e7\u00e3o, repetir\u00e1 sobremaneira esse duplo movimento de s\u00edstole e di\u00e1stole, concentra\u00e7\u00e3o em Cristo e difus\u00e3o evang\u00e9lica, em benef\u00edcio geral da nossa Igreja e para o mundo todo. Saber donde partimos \u00e9 a condi\u00e7\u00e3o essencial para chegarmos a algum lado, rumo \u00e0 &#8220;civiliza\u00e7\u00e3o do amor&#8221;, de que Deus n\u00e3o desiste e n\u00f3s tamb\u00e9m n\u00e3o.<\/span><\/p>\n<p>Concluindo com palavras do Padre Dehon e retomando para as de agora as necessidades da altura: &#8220;O minist\u00e9rio pastoral, encontrando-se diante de elementos novos, deve naturalmente inclinar-se para os mais necessitados e corresponder \u00e0s exig\u00eancias do tempo, como se fez em todas as \u00e9pocas da hist\u00f3ria.&#8221;\u00bb<\/span><\/p>\n<p style=\"text-align: right;\">D. Manuel Clemente<\/span><\/p>\n<div style=\"text-align: right;\">Assembleia dos P\u00e1rocos Dehonianos, <br \/>Semin\u00e1rio de Alfragide, 4 de fevereiro de 2013<\/p>\n","protected":false},"excerpt":{"rendered":"<p>O Ano da F\u00e9 e a Nova Evangeliza\u00e7\u00e3o (entre a cultura e a pastoral) Na confer\u00eancia de abertura da XIV [&hellip;]<\/p>\n","protected":false},"author":1,"featured_media":1092,"comment_status":"open","ping_status":"open","sticky":false,"template":"","format":"standard","meta":{"site-sidebar-layout":"default","site-content-layout":"","ast-site-content-layout":"default","site-content-style":"default","site-sidebar-style":"default","ast-global-header-display":"","ast-banner-title-visibility":"","ast-main-header-display":"","ast-hfb-above-header-display":"","ast-hfb-below-header-display":"","ast-hfb-mobile-header-display":"","site-post-title":"","ast-breadcrumbs-content":"","ast-featured-img":"","footer-sml-layout":"","ast-disable-related-posts":"","theme-transparent-header-meta":"","adv-header-id-meta":"","stick-header-meta":"","header-above-stick-meta":"","header-main-stick-meta":"","header-below-stick-meta":"","astra-migrate-meta-layouts":"default","ast-page-background-enabled":"default","ast-page-background-meta":{"desktop":{"background-color":"var(--ast-global-color-5)","background-image":"","background-repeat":"repeat","background-position":"center center","background-size":"auto","background-attachment":"scroll","background-type":"","background-media":"","overlay-type":"","overlay-color":"","overlay-opacity":"","overlay-gradient":""},"tablet":{"background-color":"","background-image":"","background-repeat":"repeat","background-position":"center center","background-size":"auto","background-attachment":"scroll","background-type":"","background-media":"","overlay-type":"","overlay-color":"","overlay-opacity":"","overlay-gradient":""},"mobile":{"background-color":"","background-image":"","background-repeat":"repeat","background-position":"center center","background-size":"auto","background-attachment":"scroll","background-type":"","background-media":"","overlay-type":"","overlay-color":"","overlay-opacity":"","overlay-gradient":""}},"ast-content-background-meta":{"desktop":{"background-color":"var(--ast-global-color-4)","background-image":"","background-repeat":"repeat","background-position":"center center","background-size":"auto","background-attachment":"scroll","background-type":"","background-media":"","overlay-type":"","overlay-color":"","overlay-opacity":"","overlay-gradient":""},"tablet":{"background-color":"var(--ast-global-color-4)","background-image":"","background-repeat":"repeat","background-position":"center center","background-size":"auto","background-attachment":"scroll","background-type":"","background-media":"","overlay-type":"","overlay-color":"","overlay-opacity":"","overlay-gradient":""},"mobile":{"background-color":"var(--ast-global-color-4)","background-image":"","background-repeat":"repeat","background-position":"center center","background-size":"auto","background-attachment":"scroll","background-type":"","background-media":"","overlay-type":"","overlay-color":"","overlay-opacity":"","overlay-gradient":""}},"footnotes":""},"categories":[42],"tags":[],"class_list":["post-1093","post","type-post","status-publish","format-standard","has-post-thumbnail","hentry","category-espaco-eclesial"],"yoast_head":"<!-- This site is optimized with the Yoast SEO plugin v27.4 - https:\/\/yoast.com\/product\/yoast-seo-wordpress\/ -->\n<title>O Ano da F\u00e9 e a Nova Evangeliza\u00e7\u00e3o - Paroquia de Queijas<\/title>\n<meta name=\"robots\" content=\"index, follow, max-snippet:-1, max-image-preview:large, max-video-preview:-1\" \/>\n<link rel=\"canonical\" href=\"https:\/\/paroquiaqueijas.net\/portal\/o-ano-da-fe-e-a-nova-evangelizacao\/\" \/>\n<meta property=\"og:locale\" content=\"pt_PT\" \/>\n<meta property=\"og:type\" content=\"article\" \/>\n<meta property=\"og:title\" content=\"O Ano da F\u00e9 e a Nova Evangeliza\u00e7\u00e3o - Paroquia de Queijas\" \/>\n<meta property=\"og:description\" content=\"O Ano da F\u00e9 e a Nova Evangeliza\u00e7\u00e3o (entre a cultura e a pastoral) Na confer\u00eancia de abertura da XIV [&hellip;]\" \/>\n<meta property=\"og:url\" content=\"https:\/\/paroquiaqueijas.net\/portal\/o-ano-da-fe-e-a-nova-evangelizacao\/\" \/>\n<meta property=\"og:site_name\" content=\"Paroquia de Queijas\" \/>\n<meta property=\"article:publisher\" content=\"https:\/\/www.facebook.com\/paroquiaqueijas\/\" \/>\n<meta property=\"article:published_time\" content=\"2013-02-07T14:29:25+00:00\" \/>\n<meta property=\"article:modified_time\" content=\"2026-03-21T15:41:24+00:00\" \/>\n<meta property=\"og:image\" content=\"https:\/\/paroquiaqueijas.net\/portal\/wp-content\/uploads\/2013\/02\/DManuel23.jpg\" \/>\n\t<meta property=\"og:image:width\" content=\"711\" \/>\n\t<meta property=\"og:image:height\" content=\"487\" \/>\n\t<meta property=\"og:image:type\" content=\"image\/jpeg\" \/>\n<meta name=\"author\" content=\"Paroquia de Queijas\" \/>\n<meta name=\"twitter:card\" content=\"summary_large_image\" \/>\n<meta name=\"twitter:label1\" content=\"Escrito por\" \/>\n\t<meta name=\"twitter:data1\" content=\"Paroquia de Queijas\" \/>\n\t<meta name=\"twitter:label2\" content=\"Tempo estimado de leitura\" \/>\n\t<meta name=\"twitter:data2\" content=\"11 minutos\" \/>\n<script type=\"application\/ld+json\" class=\"yoast-schema-graph\">{\"@context\":\"https:\\\/\\\/schema.org\",\"@graph\":[{\"@type\":\"Article\",\"@id\":\"https:\\\/\\\/paroquiaqueijas.net\\\/portal\\\/o-ano-da-fe-e-a-nova-evangelizacao\\\/#article\",\"isPartOf\":{\"@id\":\"https:\\\/\\\/paroquiaqueijas.net\\\/portal\\\/o-ano-da-fe-e-a-nova-evangelizacao\\\/\"},\"author\":{\"name\":\"Paroquia de Queijas\",\"@id\":\"https:\\\/\\\/paroquiaqueijas.net\\\/portal\\\/#\\\/schema\\\/person\\\/07bb4cce216326e06b6f742b719ebec7\"},\"headline\":\"O Ano da F\u00e9 e a Nova Evangeliza\u00e7\u00e3o\",\"datePublished\":\"2013-02-07T14:29:25+00:00\",\"dateModified\":\"2026-03-21T15:41:24+00:00\",\"mainEntityOfPage\":{\"@id\":\"https:\\\/\\\/paroquiaqueijas.net\\\/portal\\\/o-ano-da-fe-e-a-nova-evangelizacao\\\/\"},\"wordCount\":2142,\"commentCount\":0,\"publisher\":{\"@id\":\"https:\\\/\\\/paroquiaqueijas.net\\\/portal\\\/#organization\"},\"image\":{\"@id\":\"https:\\\/\\\/paroquiaqueijas.net\\\/portal\\\/o-ano-da-fe-e-a-nova-evangelizacao\\\/#primaryimage\"},\"thumbnailUrl\":\"https:\\\/\\\/paroquiaqueijas.net\\\/portal\\\/wp-content\\\/uploads\\\/2013\\\/02\\\/DManuel23.jpg\",\"articleSection\":[\"Espa\u00e7o Eclesial\"],\"inLanguage\":\"pt-PT\",\"potentialAction\":[{\"@type\":\"CommentAction\",\"name\":\"Comment\",\"target\":[\"https:\\\/\\\/paroquiaqueijas.net\\\/portal\\\/o-ano-da-fe-e-a-nova-evangelizacao\\\/#respond\"]}]},{\"@type\":\"WebPage\",\"@id\":\"https:\\\/\\\/paroquiaqueijas.net\\\/portal\\\/o-ano-da-fe-e-a-nova-evangelizacao\\\/\",\"url\":\"https:\\\/\\\/paroquiaqueijas.net\\\/portal\\\/o-ano-da-fe-e-a-nova-evangelizacao\\\/\",\"name\":\"O Ano da F\u00e9 e a Nova Evangeliza\u00e7\u00e3o - Paroquia de Queijas\",\"isPartOf\":{\"@id\":\"https:\\\/\\\/paroquiaqueijas.net\\\/portal\\\/#website\"},\"primaryImageOfPage\":{\"@id\":\"https:\\\/\\\/paroquiaqueijas.net\\\/portal\\\/o-ano-da-fe-e-a-nova-evangelizacao\\\/#primaryimage\"},\"image\":{\"@id\":\"https:\\\/\\\/paroquiaqueijas.net\\\/portal\\\/o-ano-da-fe-e-a-nova-evangelizacao\\\/#primaryimage\"},\"thumbnailUrl\":\"https:\\\/\\\/paroquiaqueijas.net\\\/portal\\\/wp-content\\\/uploads\\\/2013\\\/02\\\/DManuel23.jpg\",\"datePublished\":\"2013-02-07T14:29:25+00:00\",\"dateModified\":\"2026-03-21T15:41:24+00:00\",\"breadcrumb\":{\"@id\":\"https:\\\/\\\/paroquiaqueijas.net\\\/portal\\\/o-ano-da-fe-e-a-nova-evangelizacao\\\/#breadcrumb\"},\"inLanguage\":\"pt-PT\",\"potentialAction\":[{\"@type\":\"ReadAction\",\"target\":[\"https:\\\/\\\/paroquiaqueijas.net\\\/portal\\\/o-ano-da-fe-e-a-nova-evangelizacao\\\/\"]}]},{\"@type\":\"ImageObject\",\"inLanguage\":\"pt-PT\",\"@id\":\"https:\\\/\\\/paroquiaqueijas.net\\\/portal\\\/o-ano-da-fe-e-a-nova-evangelizacao\\\/#primaryimage\",\"url\":\"https:\\\/\\\/paroquiaqueijas.net\\\/portal\\\/wp-content\\\/uploads\\\/2013\\\/02\\\/DManuel23.jpg\",\"contentUrl\":\"https:\\\/\\\/paroquiaqueijas.net\\\/portal\\\/wp-content\\\/uploads\\\/2013\\\/02\\\/DManuel23.jpg\",\"width\":711,\"height\":487,\"caption\":\"DManuel23\"},{\"@type\":\"BreadcrumbList\",\"@id\":\"https:\\\/\\\/paroquiaqueijas.net\\\/portal\\\/o-ano-da-fe-e-a-nova-evangelizacao\\\/#breadcrumb\",\"itemListElement\":[{\"@type\":\"ListItem\",\"position\":1,\"name\":\"In\u00edcio\",\"item\":\"https:\\\/\\\/paroquiaqueijas.net\\\/portal\\\/\"},{\"@type\":\"ListItem\",\"position\":2,\"name\":\"O Ano da F\u00e9 e a Nova Evangeliza\u00e7\u00e3o\"}]},{\"@type\":\"WebSite\",\"@id\":\"https:\\\/\\\/paroquiaqueijas.net\\\/portal\\\/#website\",\"url\":\"https:\\\/\\\/paroquiaqueijas.net\\\/portal\\\/\",\"name\":\"Paroquia de Queijas\",\"description\":\"\",\"publisher\":{\"@id\":\"https:\\\/\\\/paroquiaqueijas.net\\\/portal\\\/#organization\"},\"potentialAction\":[{\"@type\":\"SearchAction\",\"target\":{\"@type\":\"EntryPoint\",\"urlTemplate\":\"https:\\\/\\\/paroquiaqueijas.net\\\/portal\\\/?s={search_term_string}\"},\"query-input\":{\"@type\":\"PropertyValueSpecification\",\"valueRequired\":true,\"valueName\":\"search_term_string\"}}],\"inLanguage\":\"pt-PT\"},{\"@type\":\"Organization\",\"@id\":\"https:\\\/\\\/paroquiaqueijas.net\\\/portal\\\/#organization\",\"name\":\"Paroquia de Queijas\",\"url\":\"https:\\\/\\\/paroquiaqueijas.net\\\/portal\\\/\",\"logo\":{\"@type\":\"ImageObject\",\"inLanguage\":\"pt-PT\",\"@id\":\"https:\\\/\\\/paroquiaqueijas.net\\\/portal\\\/#\\\/schema\\\/logo\\\/image\\\/\",\"url\":\"https:\\\/\\\/paroquiaqueijas.net\\\/portal\\\/wp-content\\\/uploads\\\/2026\\\/03\\\/LogoQueijas_novo.png\",\"contentUrl\":\"https:\\\/\\\/paroquiaqueijas.net\\\/portal\\\/wp-content\\\/uploads\\\/2026\\\/03\\\/LogoQueijas_novo.png\",\"width\":520,\"height\":519,\"caption\":\"Paroquia de Queijas\"},\"image\":{\"@id\":\"https:\\\/\\\/paroquiaqueijas.net\\\/portal\\\/#\\\/schema\\\/logo\\\/image\\\/\"},\"sameAs\":[\"https:\\\/\\\/www.facebook.com\\\/paroquiaqueijas\\\/\"]},{\"@type\":\"Person\",\"@id\":\"https:\\\/\\\/paroquiaqueijas.net\\\/portal\\\/#\\\/schema\\\/person\\\/07bb4cce216326e06b6f742b719ebec7\",\"name\":\"Paroquia de Queijas\",\"image\":{\"@type\":\"ImageObject\",\"inLanguage\":\"pt-PT\",\"@id\":\"https:\\\/\\\/secure.gravatar.com\\\/avatar\\\/5054571ff5d2454cd50657fc4e61d0c32d7a5d0d3b36ef6c0f6e269276d13618?s=96&d=mm&r=g\",\"url\":\"https:\\\/\\\/secure.gravatar.com\\\/avatar\\\/5054571ff5d2454cd50657fc4e61d0c32d7a5d0d3b36ef6c0f6e269276d13618?s=96&d=mm&r=g\",\"contentUrl\":\"https:\\\/\\\/secure.gravatar.com\\\/avatar\\\/5054571ff5d2454cd50657fc4e61d0c32d7a5d0d3b36ef6c0f6e269276d13618?s=96&d=mm&r=g\",\"caption\":\"Paroquia de Queijas\"},\"sameAs\":[\"https:\\\/\\\/paroquiaqueijas.net\\\/site\"],\"url\":\"https:\\\/\\\/paroquiaqueijas.net\\\/portal\\\/author\\\/admin1\\\/\"}]}<\/script>\n<!-- \/ Yoast SEO plugin. -->","yoast_head_json":{"title":"O Ano da F\u00e9 e a Nova Evangeliza\u00e7\u00e3o - Paroquia de Queijas","robots":{"index":"index","follow":"follow","max-snippet":"max-snippet:-1","max-image-preview":"max-image-preview:large","max-video-preview":"max-video-preview:-1"},"canonical":"https:\/\/paroquiaqueijas.net\/portal\/o-ano-da-fe-e-a-nova-evangelizacao\/","og_locale":"pt_PT","og_type":"article","og_title":"O Ano da F\u00e9 e a Nova Evangeliza\u00e7\u00e3o - Paroquia de Queijas","og_description":"O Ano da F\u00e9 e a Nova Evangeliza\u00e7\u00e3o (entre a cultura e a pastoral) Na confer\u00eancia de abertura da XIV [&hellip;]","og_url":"https:\/\/paroquiaqueijas.net\/portal\/o-ano-da-fe-e-a-nova-evangelizacao\/","og_site_name":"Paroquia de Queijas","article_publisher":"https:\/\/www.facebook.com\/paroquiaqueijas\/","article_published_time":"2013-02-07T14:29:25+00:00","article_modified_time":"2026-03-21T15:41:24+00:00","og_image":[{"width":711,"height":487,"url":"https:\/\/paroquiaqueijas.net\/portal\/wp-content\/uploads\/2013\/02\/DManuel23.jpg","type":"image\/jpeg"}],"author":"Paroquia de Queijas","twitter_card":"summary_large_image","twitter_misc":{"Escrito por":"Paroquia de Queijas","Tempo estimado de leitura":"11 minutos"},"schema":{"@context":"https:\/\/schema.org","@graph":[{"@type":"Article","@id":"https:\/\/paroquiaqueijas.net\/portal\/o-ano-da-fe-e-a-nova-evangelizacao\/#article","isPartOf":{"@id":"https:\/\/paroquiaqueijas.net\/portal\/o-ano-da-fe-e-a-nova-evangelizacao\/"},"author":{"name":"Paroquia de Queijas","@id":"https:\/\/paroquiaqueijas.net\/portal\/#\/schema\/person\/07bb4cce216326e06b6f742b719ebec7"},"headline":"O Ano da F\u00e9 e a Nova Evangeliza\u00e7\u00e3o","datePublished":"2013-02-07T14:29:25+00:00","dateModified":"2026-03-21T15:41:24+00:00","mainEntityOfPage":{"@id":"https:\/\/paroquiaqueijas.net\/portal\/o-ano-da-fe-e-a-nova-evangelizacao\/"},"wordCount":2142,"commentCount":0,"publisher":{"@id":"https:\/\/paroquiaqueijas.net\/portal\/#organization"},"image":{"@id":"https:\/\/paroquiaqueijas.net\/portal\/o-ano-da-fe-e-a-nova-evangelizacao\/#primaryimage"},"thumbnailUrl":"https:\/\/paroquiaqueijas.net\/portal\/wp-content\/uploads\/2013\/02\/DManuel23.jpg","articleSection":["Espa\u00e7o Eclesial"],"inLanguage":"pt-PT","potentialAction":[{"@type":"CommentAction","name":"Comment","target":["https:\/\/paroquiaqueijas.net\/portal\/o-ano-da-fe-e-a-nova-evangelizacao\/#respond"]}]},{"@type":"WebPage","@id":"https:\/\/paroquiaqueijas.net\/portal\/o-ano-da-fe-e-a-nova-evangelizacao\/","url":"https:\/\/paroquiaqueijas.net\/portal\/o-ano-da-fe-e-a-nova-evangelizacao\/","name":"O Ano da F\u00e9 e a Nova Evangeliza\u00e7\u00e3o - Paroquia de Queijas","isPartOf":{"@id":"https:\/\/paroquiaqueijas.net\/portal\/#website"},"primaryImageOfPage":{"@id":"https:\/\/paroquiaqueijas.net\/portal\/o-ano-da-fe-e-a-nova-evangelizacao\/#primaryimage"},"image":{"@id":"https:\/\/paroquiaqueijas.net\/portal\/o-ano-da-fe-e-a-nova-evangelizacao\/#primaryimage"},"thumbnailUrl":"https:\/\/paroquiaqueijas.net\/portal\/wp-content\/uploads\/2013\/02\/DManuel23.jpg","datePublished":"2013-02-07T14:29:25+00:00","dateModified":"2026-03-21T15:41:24+00:00","breadcrumb":{"@id":"https:\/\/paroquiaqueijas.net\/portal\/o-ano-da-fe-e-a-nova-evangelizacao\/#breadcrumb"},"inLanguage":"pt-PT","potentialAction":[{"@type":"ReadAction","target":["https:\/\/paroquiaqueijas.net\/portal\/o-ano-da-fe-e-a-nova-evangelizacao\/"]}]},{"@type":"ImageObject","inLanguage":"pt-PT","@id":"https:\/\/paroquiaqueijas.net\/portal\/o-ano-da-fe-e-a-nova-evangelizacao\/#primaryimage","url":"https:\/\/paroquiaqueijas.net\/portal\/wp-content\/uploads\/2013\/02\/DManuel23.jpg","contentUrl":"https:\/\/paroquiaqueijas.net\/portal\/wp-content\/uploads\/2013\/02\/DManuel23.jpg","width":711,"height":487,"caption":"DManuel23"},{"@type":"BreadcrumbList","@id":"https:\/\/paroquiaqueijas.net\/portal\/o-ano-da-fe-e-a-nova-evangelizacao\/#breadcrumb","itemListElement":[{"@type":"ListItem","position":1,"name":"In\u00edcio","item":"https:\/\/paroquiaqueijas.net\/portal\/"},{"@type":"ListItem","position":2,"name":"O Ano da F\u00e9 e a Nova Evangeliza\u00e7\u00e3o"}]},{"@type":"WebSite","@id":"https:\/\/paroquiaqueijas.net\/portal\/#website","url":"https:\/\/paroquiaqueijas.net\/portal\/","name":"Paroquia de Queijas","description":"","publisher":{"@id":"https:\/\/paroquiaqueijas.net\/portal\/#organization"},"potentialAction":[{"@type":"SearchAction","target":{"@type":"EntryPoint","urlTemplate":"https:\/\/paroquiaqueijas.net\/portal\/?s={search_term_string}"},"query-input":{"@type":"PropertyValueSpecification","valueRequired":true,"valueName":"search_term_string"}}],"inLanguage":"pt-PT"},{"@type":"Organization","@id":"https:\/\/paroquiaqueijas.net\/portal\/#organization","name":"Paroquia de Queijas","url":"https:\/\/paroquiaqueijas.net\/portal\/","logo":{"@type":"ImageObject","inLanguage":"pt-PT","@id":"https:\/\/paroquiaqueijas.net\/portal\/#\/schema\/logo\/image\/","url":"https:\/\/paroquiaqueijas.net\/portal\/wp-content\/uploads\/2026\/03\/LogoQueijas_novo.png","contentUrl":"https:\/\/paroquiaqueijas.net\/portal\/wp-content\/uploads\/2026\/03\/LogoQueijas_novo.png","width":520,"height":519,"caption":"Paroquia de Queijas"},"image":{"@id":"https:\/\/paroquiaqueijas.net\/portal\/#\/schema\/logo\/image\/"},"sameAs":["https:\/\/www.facebook.com\/paroquiaqueijas\/"]},{"@type":"Person","@id":"https:\/\/paroquiaqueijas.net\/portal\/#\/schema\/person\/07bb4cce216326e06b6f742b719ebec7","name":"Paroquia de Queijas","image":{"@type":"ImageObject","inLanguage":"pt-PT","@id":"https:\/\/secure.gravatar.com\/avatar\/5054571ff5d2454cd50657fc4e61d0c32d7a5d0d3b36ef6c0f6e269276d13618?s=96&d=mm&r=g","url":"https:\/\/secure.gravatar.com\/avatar\/5054571ff5d2454cd50657fc4e61d0c32d7a5d0d3b36ef6c0f6e269276d13618?s=96&d=mm&r=g","contentUrl":"https:\/\/secure.gravatar.com\/avatar\/5054571ff5d2454cd50657fc4e61d0c32d7a5d0d3b36ef6c0f6e269276d13618?s=96&d=mm&r=g","caption":"Paroquia de Queijas"},"sameAs":["https:\/\/paroquiaqueijas.net\/site"],"url":"https:\/\/paroquiaqueijas.net\/portal\/author\/admin1\/"}]}},"_links":{"self":[{"href":"https:\/\/paroquiaqueijas.net\/portal\/wp-json\/wp\/v2\/posts\/1093","targetHints":{"allow":["GET"]}}],"collection":[{"href":"https:\/\/paroquiaqueijas.net\/portal\/wp-json\/wp\/v2\/posts"}],"about":[{"href":"https:\/\/paroquiaqueijas.net\/portal\/wp-json\/wp\/v2\/types\/post"}],"author":[{"embeddable":true,"href":"https:\/\/paroquiaqueijas.net\/portal\/wp-json\/wp\/v2\/users\/1"}],"replies":[{"embeddable":true,"href":"https:\/\/paroquiaqueijas.net\/portal\/wp-json\/wp\/v2\/comments?post=1093"}],"version-history":[{"count":1,"href":"https:\/\/paroquiaqueijas.net\/portal\/wp-json\/wp\/v2\/posts\/1093\/revisions"}],"predecessor-version":[{"id":2561,"href":"https:\/\/paroquiaqueijas.net\/portal\/wp-json\/wp\/v2\/posts\/1093\/revisions\/2561"}],"wp:featuredmedia":[{"embeddable":true,"href":"https:\/\/paroquiaqueijas.net\/portal\/wp-json\/wp\/v2\/media\/1092"}],"wp:attachment":[{"href":"https:\/\/paroquiaqueijas.net\/portal\/wp-json\/wp\/v2\/media?parent=1093"}],"wp:term":[{"taxonomy":"category","embeddable":true,"href":"https:\/\/paroquiaqueijas.net\/portal\/wp-json\/wp\/v2\/categories?post=1093"},{"taxonomy":"post_tag","embeddable":true,"href":"https:\/\/paroquiaqueijas.net\/portal\/wp-json\/wp\/v2\/tags?post=1093"}],"curies":[{"name":"wp","href":"https:\/\/api.w.org\/{rel}","templated":true}]}}