{"id":1113,"date":"2013-02-19T15:44:02","date_gmt":"2013-02-19T15:44:02","guid":{"rendered":"https:\/\/paroquiaqueijas.net\/site\/?p=1113"},"modified":"2026-03-21T15:41:23","modified_gmt":"2026-03-21T15:41:23","slug":"bento-xvi-resigna-e-depois","status":"publish","type":"post","link":"https:\/\/paroquiaqueijas.net\/portal\/bento-xvi-resigna-e-depois\/","title":{"rendered":"Bento XVI resigna. E depois?"},"content":{"rendered":"<p><strong>Bento XVI resigna. E depois?<img decoding=\"async\" class=\" alignright size-full wp-image-1112\" style=\"margin: 0px 0px 0px 8px; float: right;\" src=\"https:\/\/paroquiaqueijas.net\/portal\/wp-content\/uploads\/2013\/02\/Anselmo_Borges1.jpg\" alt=\"Anselmo_Borges1\" width=\"150\" height=\"103\" srcset=\"https:\/\/paroquiaqueijas.net\/portal\/wp-content\/uploads\/2013\/02\/Anselmo_Borges1.jpg 1600w, https:\/\/paroquiaqueijas.net\/portal\/wp-content\/uploads\/2013\/02\/Anselmo_Borges1-300x206.jpg 300w, https:\/\/paroquiaqueijas.net\/portal\/wp-content\/uploads\/2013\/02\/Anselmo_Borges1-1024x701.jpg 1024w, https:\/\/paroquiaqueijas.net\/portal\/wp-content\/uploads\/2013\/02\/Anselmo_Borges1-768x526.jpg 768w, https:\/\/paroquiaqueijas.net\/portal\/wp-content\/uploads\/2013\/02\/Anselmo_Borges1-1536x1052.jpg 1536w\" sizes=\"(max-width: 150px) 100vw, 150px\" \/><\/strong><\/span><br \/>\nJulgo que n\u00e3o se consegue imaginar o peso que cai em cima de quem aceita ser Papa. Torna-se o respons\u00e1vel primeiro pela Igreja Cat\u00f3lica, com 1200 milh\u00f5es de fi\u00e9is. <\/span><\/p>\n<p><!--more--><\/p>\n<p>Uma Igreja vergada sob a rigidez da tradi\u00e7\u00e3o e talvez a \u00fanica institui\u00e7\u00e3o verdadeiramente global, portanto, confrontada com m\u00faltiplas sensibilidades, problemas e aspira\u00e7\u00f5es: as quest\u00f5es dos europeus n\u00e3o s\u00e3o as dos norte-americanos, dos sul-americanos, dos africanos, dos asi\u00e1ticos, dos australianos. \u00c9 uma figura de relevo mundial, com imensa influ\u00eancia pol\u00edtica no mundo, mas sujeito aos seus jogos, manhas e ardis. Mesmo viajando pelo mundo inteiro, fica a viver num pequeno territ\u00f3rio, com os seus rituais seculares e r\u00edgidos. Num mundo de homens. S\u00f3, onde, quando e como contacta com a fam\u00edlia e com os amigos? E os olhos de todos est\u00e3o sobre ele. Quase sem vida privada. Monarca absoluto, mas com todos os passos vigiados. Qual \u00e9 o seu poder real? O Papa Jo\u00e3o XXIII, interrogado por um estudante num Col\u00e9gio universit\u00e1rio pontif\u00edcio: &#8220;Santidade, como \u00e9 sentir-se o primeiro?&#8221;, ter\u00e1 respondido: &#8220;Est\u00e1 enganado. Pus-me a cont\u00e1-los e eu, l\u00e1 no Vaticano, devo ser o quarto ou quinto.&#8221;<\/span><\/p>\n<p>Bento XVI n\u00e3o foi sempre conservador. Ainda s\u00f3 professor, escreveu em 1968: &#8220;Acima do Papa encontra-se a pr\u00f3pria consci\u00eancia, \u00e0 qual \u00e9 preciso obedecer em primeiro lugar; se for necess\u00e1rio, at\u00e9 contra o que disser a autoridade eclesi\u00e1stica. O que faz falta na Igreja n\u00e3o s\u00e3o panegiristas da ordem estabelecida, mas homens que amem a Igreja mais do que a comodidade da sua pr\u00f3pria carreira.&#8221; Tamb\u00e9m escreveu que era necess\u00e1rio repensar a descentraliza\u00e7\u00e3o da Igreja, abrindo um debate sobre o primado papal. Opondo-se \u00e0 teologia da &#8220;satisfa\u00e7\u00e3o&#8221; que situava a Cruz &#8220;no interior de um mecanismo de direito lesado e restabelecido&#8221;, rejeitou a no\u00e7\u00e3o de um Deus &#8220;cuja justi\u00e7a inexor\u00e1vel teria exigido um sacrif\u00edcio humano, o sacrif\u00edcio do seu pr\u00f3prio Filho. Esta imagem, apesar de t\u00e3o espalhada, n\u00e3o deixa de ser falsa&#8221;. Defendeu, com outros grandes te\u00f3logos, a necessidade de debater a quest\u00e3o do celibato obrigat\u00f3rio.<\/span><\/p>\n<p>Quando, jovem professor de Teologia, chegou ao Conc\u00edlio Vaticano II como assessor do cardeal J. Frings, de Col\u00f3nia, foi cr\u00edtico de cinco dos sete esquemas preparat\u00f3rios e foi provocador, criticando duramente a C\u00faria e a sua &#8220;atitude antimoderna&#8221;: &#8220;A f\u00e9 tem de enfrentar-se com uma nova linguagem, uma nova abertura.&#8221;<\/span><\/p>\n<p>Em 1968, frente \u00e0 revolu\u00e7\u00e3o de estudantes ateus de Teologia, teve medo, encontrando-se a\u00ed o ponto decisivo para a sua orienta\u00e7\u00e3o conservadora; abandonou ent\u00e3o a Universidade de Tubinga e o colega e amigo Hans K\u00fcng, para ir para Ratisbona. Depois, foi feito arcebispo de Munique e, mais tarde, como Prefeito da Congrega\u00e7\u00e3o para a Doutrina da F\u00e9, condenou dezenas de te\u00f3logos.<\/span><\/p>\n<p>Aceitou o papado como &#8220;humilde servidor da vinha do Senhor&#8221;. Deixa uma marca num tema que lhe \u00e9 caro: a exig\u00eancia do di\u00e1logo entre a f\u00e9 e a raz\u00e3o; acabou por ser duro e inequ\u00edvoco contra a pedofilia na Igreja; prosseguiu, embora timidamente, o di\u00e1logo com as confiss\u00f5es crist\u00e3s e as diferentes religi\u00f5es, em ordem \u00e0 paz; condenou sistematicamente a ditadura financeira sem regula\u00e7\u00e3o.<\/span><\/p>\n<div style=\"text-align: right;\">Anselmo Borges, in DN, 16-02-2013<\/p>\n","protected":false},"excerpt":{"rendered":"<p>Bento XVI resigna. E depois? Julgo que n\u00e3o se consegue imaginar o peso que cai em cima de quem aceita [&hellip;]<\/p>\n","protected":false},"author":1,"featured_media":1112,"comment_status":"open","ping_status":"open","sticky":false,"template":"","format":"standard","meta":{"site-sidebar-layout":"default","site-content-layout":"","ast-site-content-layout":"default","site-content-style":"default","site-sidebar-style":"default","ast-global-header-display":"","ast-banner-title-visibility":"","ast-main-header-display":"","ast-hfb-above-header-display":"","ast-hfb-below-header-display":"","ast-hfb-mobile-header-display":"","site-post-title":"","ast-breadcrumbs-content":"","ast-featured-img":"","footer-sml-layout":"","ast-disable-related-posts":"","theme-transparent-header-meta":"","adv-header-id-meta":"","stick-header-meta":"","header-above-stick-meta":"","header-main-stick-meta":"","header-below-stick-meta":"","astra-migrate-meta-layouts":"default","ast-page-background-enabled":"default","ast-page-background-meta":{"desktop":{"background-color":"var(--ast-global-color-5)","background-image":"","background-repeat":"repeat","background-position":"center center","background-size":"auto","background-attachment":"scroll","background-type":"","background-media":"","overlay-type":"","overlay-color":"","overlay-opacity":"","overlay-gradient":""},"tablet":{"background-color":"","background-image":"","background-repeat":"repeat","background-position":"center center","background-size":"auto","background-attachment":"scroll","background-type":"","background-media":"","overlay-type":"","overlay-color":"","overlay-opacity":"","overlay-gradient":""},"mobile":{"background-color":"","background-image":"","background-repeat":"repeat","background-position":"center center","background-size":"auto","background-attachment":"scroll","background-type":"","background-media":"","overlay-type":"","overlay-color":"","overlay-opacity":"","overlay-gradient":""}},"ast-content-background-meta":{"desktop":{"background-color":"var(--ast-global-color-4)","background-image":"","background-repeat":"repeat","background-position":"center center","background-size":"auto","background-attachment":"scroll","background-type":"","background-media":"","overlay-type":"","overlay-color":"","overlay-opacity":"","overlay-gradient":""},"tablet":{"background-color":"var(--ast-global-color-4)","background-image":"","background-repeat":"repeat","background-position":"center center","background-size":"auto","background-attachment":"scroll","background-type":"","background-media":"","overlay-type":"","overlay-color":"","overlay-opacity":"","overlay-gradient":""},"mobile":{"background-color":"var(--ast-global-color-4)","background-image":"","background-repeat":"repeat","background-position":"center center","background-size":"auto","background-attachment":"scroll","background-type":"","background-media":"","overlay-type":"","overlay-color":"","overlay-opacity":"","overlay-gradient":""}},"footnotes":""},"categories":[10],"tags":[],"class_list":["post-1113","post","type-post","status-publish","format-standard","has-post-thumbnail","hentry","category-opiniao"],"yoast_head":"<!-- This site is optimized with the Yoast SEO plugin v27.4 - https:\/\/yoast.com\/product\/yoast-seo-wordpress\/ -->\n<title>Bento XVI resigna. E depois? - Paroquia de Queijas<\/title>\n<meta name=\"robots\" content=\"index, follow, max-snippet:-1, max-image-preview:large, max-video-preview:-1\" \/>\n<link rel=\"canonical\" href=\"https:\/\/paroquiaqueijas.net\/portal\/bento-xvi-resigna-e-depois\/\" \/>\n<meta property=\"og:locale\" content=\"pt_PT\" \/>\n<meta property=\"og:type\" content=\"article\" \/>\n<meta property=\"og:title\" content=\"Bento XVI resigna. E depois? - Paroquia de Queijas\" \/>\n<meta property=\"og:description\" content=\"Bento XVI resigna. E depois? Julgo que n\u00e3o se consegue imaginar o peso que cai em cima de quem aceita [&hellip;]\" \/>\n<meta property=\"og:url\" content=\"https:\/\/paroquiaqueijas.net\/portal\/bento-xvi-resigna-e-depois\/\" \/>\n<meta property=\"og:site_name\" content=\"Paroquia de Queijas\" \/>\n<meta property=\"article:publisher\" content=\"https:\/\/www.facebook.com\/paroquiaqueijas\/\" \/>\n<meta property=\"article:published_time\" content=\"2013-02-19T15:44:02+00:00\" \/>\n<meta property=\"article:modified_time\" content=\"2026-03-21T15:41:23+00:00\" \/>\n<meta property=\"og:image\" content=\"https:\/\/paroquiaqueijas.net\/portal\/wp-content\/uploads\/2013\/02\/Anselmo_Borges1.jpg\" \/>\n\t<meta property=\"og:image:width\" content=\"1600\" \/>\n\t<meta property=\"og:image:height\" content=\"1096\" \/>\n\t<meta property=\"og:image:type\" content=\"image\/jpeg\" \/>\n<meta name=\"author\" content=\"Paroquia de Queijas\" \/>\n<meta name=\"twitter:card\" content=\"summary_large_image\" \/>\n<meta name=\"twitter:label1\" content=\"Escrito por\" \/>\n\t<meta name=\"twitter:data1\" content=\"Paroquia de Queijas\" \/>\n\t<meta name=\"twitter:label2\" content=\"Tempo estimado de leitura\" \/>\n\t<meta name=\"twitter:data2\" content=\"3 minutos\" \/>\n<script type=\"application\/ld+json\" class=\"yoast-schema-graph\">{\"@context\":\"https:\\\/\\\/schema.org\",\"@graph\":[{\"@type\":\"Article\",\"@id\":\"https:\\\/\\\/paroquiaqueijas.net\\\/portal\\\/bento-xvi-resigna-e-depois\\\/#article\",\"isPartOf\":{\"@id\":\"https:\\\/\\\/paroquiaqueijas.net\\\/portal\\\/bento-xvi-resigna-e-depois\\\/\"},\"author\":{\"name\":\"Paroquia de Queijas\",\"@id\":\"https:\\\/\\\/paroquiaqueijas.net\\\/portal\\\/#\\\/schema\\\/person\\\/07bb4cce216326e06b6f742b719ebec7\"},\"headline\":\"Bento XVI resigna. E depois?\",\"datePublished\":\"2013-02-19T15:44:02+00:00\",\"dateModified\":\"2026-03-21T15:41:23+00:00\",\"mainEntityOfPage\":{\"@id\":\"https:\\\/\\\/paroquiaqueijas.net\\\/portal\\\/bento-xvi-resigna-e-depois\\\/\"},\"wordCount\":578,\"commentCount\":0,\"publisher\":{\"@id\":\"https:\\\/\\\/paroquiaqueijas.net\\\/portal\\\/#organization\"},\"image\":{\"@id\":\"https:\\\/\\\/paroquiaqueijas.net\\\/portal\\\/bento-xvi-resigna-e-depois\\\/#primaryimage\"},\"thumbnailUrl\":\"https:\\\/\\\/paroquiaqueijas.net\\\/portal\\\/wp-content\\\/uploads\\\/2013\\\/02\\\/Anselmo_Borges1.jpg\",\"articleSection\":[\"Opini\u00e3o\"],\"inLanguage\":\"pt-PT\",\"potentialAction\":[{\"@type\":\"CommentAction\",\"name\":\"Comment\",\"target\":[\"https:\\\/\\\/paroquiaqueijas.net\\\/portal\\\/bento-xvi-resigna-e-depois\\\/#respond\"]}]},{\"@type\":\"WebPage\",\"@id\":\"https:\\\/\\\/paroquiaqueijas.net\\\/portal\\\/bento-xvi-resigna-e-depois\\\/\",\"url\":\"https:\\\/\\\/paroquiaqueijas.net\\\/portal\\\/bento-xvi-resigna-e-depois\\\/\",\"name\":\"Bento XVI resigna. E depois? - Paroquia de Queijas\",\"isPartOf\":{\"@id\":\"https:\\\/\\\/paroquiaqueijas.net\\\/portal\\\/#website\"},\"primaryImageOfPage\":{\"@id\":\"https:\\\/\\\/paroquiaqueijas.net\\\/portal\\\/bento-xvi-resigna-e-depois\\\/#primaryimage\"},\"image\":{\"@id\":\"https:\\\/\\\/paroquiaqueijas.net\\\/portal\\\/bento-xvi-resigna-e-depois\\\/#primaryimage\"},\"thumbnailUrl\":\"https:\\\/\\\/paroquiaqueijas.net\\\/portal\\\/wp-content\\\/uploads\\\/2013\\\/02\\\/Anselmo_Borges1.jpg\",\"datePublished\":\"2013-02-19T15:44:02+00:00\",\"dateModified\":\"2026-03-21T15:41:23+00:00\",\"breadcrumb\":{\"@id\":\"https:\\\/\\\/paroquiaqueijas.net\\\/portal\\\/bento-xvi-resigna-e-depois\\\/#breadcrumb\"},\"inLanguage\":\"pt-PT\",\"potentialAction\":[{\"@type\":\"ReadAction\",\"target\":[\"https:\\\/\\\/paroquiaqueijas.net\\\/portal\\\/bento-xvi-resigna-e-depois\\\/\"]}]},{\"@type\":\"ImageObject\",\"inLanguage\":\"pt-PT\",\"@id\":\"https:\\\/\\\/paroquiaqueijas.net\\\/portal\\\/bento-xvi-resigna-e-depois\\\/#primaryimage\",\"url\":\"https:\\\/\\\/paroquiaqueijas.net\\\/portal\\\/wp-content\\\/uploads\\\/2013\\\/02\\\/Anselmo_Borges1.jpg\",\"contentUrl\":\"https:\\\/\\\/paroquiaqueijas.net\\\/portal\\\/wp-content\\\/uploads\\\/2013\\\/02\\\/Anselmo_Borges1.jpg\",\"width\":1600,\"height\":1096,\"caption\":\"Anselmo_Borges1\"},{\"@type\":\"BreadcrumbList\",\"@id\":\"https:\\\/\\\/paroquiaqueijas.net\\\/portal\\\/bento-xvi-resigna-e-depois\\\/#breadcrumb\",\"itemListElement\":[{\"@type\":\"ListItem\",\"position\":1,\"name\":\"In\u00edcio\",\"item\":\"https:\\\/\\\/paroquiaqueijas.net\\\/portal\\\/\"},{\"@type\":\"ListItem\",\"position\":2,\"name\":\"Bento XVI resigna. E depois?\"}]},{\"@type\":\"WebSite\",\"@id\":\"https:\\\/\\\/paroquiaqueijas.net\\\/portal\\\/#website\",\"url\":\"https:\\\/\\\/paroquiaqueijas.net\\\/portal\\\/\",\"name\":\"Paroquia de Queijas\",\"description\":\"\",\"publisher\":{\"@id\":\"https:\\\/\\\/paroquiaqueijas.net\\\/portal\\\/#organization\"},\"potentialAction\":[{\"@type\":\"SearchAction\",\"target\":{\"@type\":\"EntryPoint\",\"urlTemplate\":\"https:\\\/\\\/paroquiaqueijas.net\\\/portal\\\/?s={search_term_string}\"},\"query-input\":{\"@type\":\"PropertyValueSpecification\",\"valueRequired\":true,\"valueName\":\"search_term_string\"}}],\"inLanguage\":\"pt-PT\"},{\"@type\":\"Organization\",\"@id\":\"https:\\\/\\\/paroquiaqueijas.net\\\/portal\\\/#organization\",\"name\":\"Paroquia de Queijas\",\"url\":\"https:\\\/\\\/paroquiaqueijas.net\\\/portal\\\/\",\"logo\":{\"@type\":\"ImageObject\",\"inLanguage\":\"pt-PT\",\"@id\":\"https:\\\/\\\/paroquiaqueijas.net\\\/portal\\\/#\\\/schema\\\/logo\\\/image\\\/\",\"url\":\"https:\\\/\\\/paroquiaqueijas.net\\\/portal\\\/wp-content\\\/uploads\\\/2026\\\/03\\\/LogoQueijas_novo.png\",\"contentUrl\":\"https:\\\/\\\/paroquiaqueijas.net\\\/portal\\\/wp-content\\\/uploads\\\/2026\\\/03\\\/LogoQueijas_novo.png\",\"width\":520,\"height\":519,\"caption\":\"Paroquia de Queijas\"},\"image\":{\"@id\":\"https:\\\/\\\/paroquiaqueijas.net\\\/portal\\\/#\\\/schema\\\/logo\\\/image\\\/\"},\"sameAs\":[\"https:\\\/\\\/www.facebook.com\\\/paroquiaqueijas\\\/\"]},{\"@type\":\"Person\",\"@id\":\"https:\\\/\\\/paroquiaqueijas.net\\\/portal\\\/#\\\/schema\\\/person\\\/07bb4cce216326e06b6f742b719ebec7\",\"name\":\"Paroquia de Queijas\",\"image\":{\"@type\":\"ImageObject\",\"inLanguage\":\"pt-PT\",\"@id\":\"https:\\\/\\\/secure.gravatar.com\\\/avatar\\\/5054571ff5d2454cd50657fc4e61d0c32d7a5d0d3b36ef6c0f6e269276d13618?s=96&d=mm&r=g\",\"url\":\"https:\\\/\\\/secure.gravatar.com\\\/avatar\\\/5054571ff5d2454cd50657fc4e61d0c32d7a5d0d3b36ef6c0f6e269276d13618?s=96&d=mm&r=g\",\"contentUrl\":\"https:\\\/\\\/secure.gravatar.com\\\/avatar\\\/5054571ff5d2454cd50657fc4e61d0c32d7a5d0d3b36ef6c0f6e269276d13618?s=96&d=mm&r=g\",\"caption\":\"Paroquia de Queijas\"},\"sameAs\":[\"https:\\\/\\\/paroquiaqueijas.net\\\/site\"],\"url\":\"https:\\\/\\\/paroquiaqueijas.net\\\/portal\\\/author\\\/admin1\\\/\"}]}<\/script>\n<!-- \/ Yoast SEO plugin. -->","yoast_head_json":{"title":"Bento XVI resigna. E depois? - Paroquia de Queijas","robots":{"index":"index","follow":"follow","max-snippet":"max-snippet:-1","max-image-preview":"max-image-preview:large","max-video-preview":"max-video-preview:-1"},"canonical":"https:\/\/paroquiaqueijas.net\/portal\/bento-xvi-resigna-e-depois\/","og_locale":"pt_PT","og_type":"article","og_title":"Bento XVI resigna. E depois? - Paroquia de Queijas","og_description":"Bento XVI resigna. E depois? Julgo que n\u00e3o se consegue imaginar o peso que cai em cima de quem aceita [&hellip;]","og_url":"https:\/\/paroquiaqueijas.net\/portal\/bento-xvi-resigna-e-depois\/","og_site_name":"Paroquia de Queijas","article_publisher":"https:\/\/www.facebook.com\/paroquiaqueijas\/","article_published_time":"2013-02-19T15:44:02+00:00","article_modified_time":"2026-03-21T15:41:23+00:00","og_image":[{"width":1600,"height":1096,"url":"https:\/\/paroquiaqueijas.net\/portal\/wp-content\/uploads\/2013\/02\/Anselmo_Borges1.jpg","type":"image\/jpeg"}],"author":"Paroquia de Queijas","twitter_card":"summary_large_image","twitter_misc":{"Escrito por":"Paroquia de Queijas","Tempo estimado de leitura":"3 minutos"},"schema":{"@context":"https:\/\/schema.org","@graph":[{"@type":"Article","@id":"https:\/\/paroquiaqueijas.net\/portal\/bento-xvi-resigna-e-depois\/#article","isPartOf":{"@id":"https:\/\/paroquiaqueijas.net\/portal\/bento-xvi-resigna-e-depois\/"},"author":{"name":"Paroquia de Queijas","@id":"https:\/\/paroquiaqueijas.net\/portal\/#\/schema\/person\/07bb4cce216326e06b6f742b719ebec7"},"headline":"Bento XVI resigna. E depois?","datePublished":"2013-02-19T15:44:02+00:00","dateModified":"2026-03-21T15:41:23+00:00","mainEntityOfPage":{"@id":"https:\/\/paroquiaqueijas.net\/portal\/bento-xvi-resigna-e-depois\/"},"wordCount":578,"commentCount":0,"publisher":{"@id":"https:\/\/paroquiaqueijas.net\/portal\/#organization"},"image":{"@id":"https:\/\/paroquiaqueijas.net\/portal\/bento-xvi-resigna-e-depois\/#primaryimage"},"thumbnailUrl":"https:\/\/paroquiaqueijas.net\/portal\/wp-content\/uploads\/2013\/02\/Anselmo_Borges1.jpg","articleSection":["Opini\u00e3o"],"inLanguage":"pt-PT","potentialAction":[{"@type":"CommentAction","name":"Comment","target":["https:\/\/paroquiaqueijas.net\/portal\/bento-xvi-resigna-e-depois\/#respond"]}]},{"@type":"WebPage","@id":"https:\/\/paroquiaqueijas.net\/portal\/bento-xvi-resigna-e-depois\/","url":"https:\/\/paroquiaqueijas.net\/portal\/bento-xvi-resigna-e-depois\/","name":"Bento XVI resigna. E depois? - Paroquia de Queijas","isPartOf":{"@id":"https:\/\/paroquiaqueijas.net\/portal\/#website"},"primaryImageOfPage":{"@id":"https:\/\/paroquiaqueijas.net\/portal\/bento-xvi-resigna-e-depois\/#primaryimage"},"image":{"@id":"https:\/\/paroquiaqueijas.net\/portal\/bento-xvi-resigna-e-depois\/#primaryimage"},"thumbnailUrl":"https:\/\/paroquiaqueijas.net\/portal\/wp-content\/uploads\/2013\/02\/Anselmo_Borges1.jpg","datePublished":"2013-02-19T15:44:02+00:00","dateModified":"2026-03-21T15:41:23+00:00","breadcrumb":{"@id":"https:\/\/paroquiaqueijas.net\/portal\/bento-xvi-resigna-e-depois\/#breadcrumb"},"inLanguage":"pt-PT","potentialAction":[{"@type":"ReadAction","target":["https:\/\/paroquiaqueijas.net\/portal\/bento-xvi-resigna-e-depois\/"]}]},{"@type":"ImageObject","inLanguage":"pt-PT","@id":"https:\/\/paroquiaqueijas.net\/portal\/bento-xvi-resigna-e-depois\/#primaryimage","url":"https:\/\/paroquiaqueijas.net\/portal\/wp-content\/uploads\/2013\/02\/Anselmo_Borges1.jpg","contentUrl":"https:\/\/paroquiaqueijas.net\/portal\/wp-content\/uploads\/2013\/02\/Anselmo_Borges1.jpg","width":1600,"height":1096,"caption":"Anselmo_Borges1"},{"@type":"BreadcrumbList","@id":"https:\/\/paroquiaqueijas.net\/portal\/bento-xvi-resigna-e-depois\/#breadcrumb","itemListElement":[{"@type":"ListItem","position":1,"name":"In\u00edcio","item":"https:\/\/paroquiaqueijas.net\/portal\/"},{"@type":"ListItem","position":2,"name":"Bento XVI resigna. E depois?"}]},{"@type":"WebSite","@id":"https:\/\/paroquiaqueijas.net\/portal\/#website","url":"https:\/\/paroquiaqueijas.net\/portal\/","name":"Paroquia de Queijas","description":"","publisher":{"@id":"https:\/\/paroquiaqueijas.net\/portal\/#organization"},"potentialAction":[{"@type":"SearchAction","target":{"@type":"EntryPoint","urlTemplate":"https:\/\/paroquiaqueijas.net\/portal\/?s={search_term_string}"},"query-input":{"@type":"PropertyValueSpecification","valueRequired":true,"valueName":"search_term_string"}}],"inLanguage":"pt-PT"},{"@type":"Organization","@id":"https:\/\/paroquiaqueijas.net\/portal\/#organization","name":"Paroquia de Queijas","url":"https:\/\/paroquiaqueijas.net\/portal\/","logo":{"@type":"ImageObject","inLanguage":"pt-PT","@id":"https:\/\/paroquiaqueijas.net\/portal\/#\/schema\/logo\/image\/","url":"https:\/\/paroquiaqueijas.net\/portal\/wp-content\/uploads\/2026\/03\/LogoQueijas_novo.png","contentUrl":"https:\/\/paroquiaqueijas.net\/portal\/wp-content\/uploads\/2026\/03\/LogoQueijas_novo.png","width":520,"height":519,"caption":"Paroquia de Queijas"},"image":{"@id":"https:\/\/paroquiaqueijas.net\/portal\/#\/schema\/logo\/image\/"},"sameAs":["https:\/\/www.facebook.com\/paroquiaqueijas\/"]},{"@type":"Person","@id":"https:\/\/paroquiaqueijas.net\/portal\/#\/schema\/person\/07bb4cce216326e06b6f742b719ebec7","name":"Paroquia de Queijas","image":{"@type":"ImageObject","inLanguage":"pt-PT","@id":"https:\/\/secure.gravatar.com\/avatar\/5054571ff5d2454cd50657fc4e61d0c32d7a5d0d3b36ef6c0f6e269276d13618?s=96&d=mm&r=g","url":"https:\/\/secure.gravatar.com\/avatar\/5054571ff5d2454cd50657fc4e61d0c32d7a5d0d3b36ef6c0f6e269276d13618?s=96&d=mm&r=g","contentUrl":"https:\/\/secure.gravatar.com\/avatar\/5054571ff5d2454cd50657fc4e61d0c32d7a5d0d3b36ef6c0f6e269276d13618?s=96&d=mm&r=g","caption":"Paroquia de Queijas"},"sameAs":["https:\/\/paroquiaqueijas.net\/site"],"url":"https:\/\/paroquiaqueijas.net\/portal\/author\/admin1\/"}]}},"_links":{"self":[{"href":"https:\/\/paroquiaqueijas.net\/portal\/wp-json\/wp\/v2\/posts\/1113","targetHints":{"allow":["GET"]}}],"collection":[{"href":"https:\/\/paroquiaqueijas.net\/portal\/wp-json\/wp\/v2\/posts"}],"about":[{"href":"https:\/\/paroquiaqueijas.net\/portal\/wp-json\/wp\/v2\/types\/post"}],"author":[{"embeddable":true,"href":"https:\/\/paroquiaqueijas.net\/portal\/wp-json\/wp\/v2\/users\/1"}],"replies":[{"embeddable":true,"href":"https:\/\/paroquiaqueijas.net\/portal\/wp-json\/wp\/v2\/comments?post=1113"}],"version-history":[{"count":1,"href":"https:\/\/paroquiaqueijas.net\/portal\/wp-json\/wp\/v2\/posts\/1113\/revisions"}],"predecessor-version":[{"id":2549,"href":"https:\/\/paroquiaqueijas.net\/portal\/wp-json\/wp\/v2\/posts\/1113\/revisions\/2549"}],"wp:featuredmedia":[{"embeddable":true,"href":"https:\/\/paroquiaqueijas.net\/portal\/wp-json\/wp\/v2\/media\/1112"}],"wp:attachment":[{"href":"https:\/\/paroquiaqueijas.net\/portal\/wp-json\/wp\/v2\/media?parent=1113"}],"wp:term":[{"taxonomy":"category","embeddable":true,"href":"https:\/\/paroquiaqueijas.net\/portal\/wp-json\/wp\/v2\/categories?post=1113"},{"taxonomy":"post_tag","embeddable":true,"href":"https:\/\/paroquiaqueijas.net\/portal\/wp-json\/wp\/v2\/tags?post=1113"}],"curies":[{"name":"wp","href":"https:\/\/api.w.org\/{rel}","templated":true}]}}