{"id":115,"date":"2011-02-16T18:35:38","date_gmt":"2011-02-16T18:35:38","guid":{"rendered":"https:\/\/paroquiaqueijas.net\/site\/?p=115"},"modified":"2026-03-21T15:42:06","modified_gmt":"2026-03-21T15:42:06","slug":"marcador-3","status":"publish","type":"post","link":"https:\/\/paroquiaqueijas.net\/portal\/marcador-3\/","title":{"rendered":"Jubileu Sacerdotal do nosso Patriarca"},"content":{"rendered":"<p style=\"margin-bottom: 0.0001pt; line-height: normal;\"><span style=\"font-size: 10pt;\" new=\"New\"><strong>50 anos de sacerd\u00f3cio de D. Jos\u00e9 Policarpo<\/strong><br \/> <\/span><strong><span style=\"font-size: 8pt;\" new=\"New\">JUBILEU SACERDOTAL DO CARDEAL-PATRIARCA DE LISBOA<\/span><\/strong><img fetchpriority=\"high\" decoding=\"async\" class=\" alignright size-full wp-image-114\" style=\"margin: 5px 0px 5px 5px; vertical-align: top; float: right;\" alt=\"260_11012267210997\" src=\"https:\/\/paroquiaqueijas.net\/portal\/wp-content\/uploads\/2011\/02\/260_11012267210997.jpg\" width=\"196\" height=\"296\" srcset=\"https:\/\/paroquiaqueijas.net\/portal\/wp-content\/uploads\/2011\/02\/260_11012267210997.jpg 260w, https:\/\/paroquiaqueijas.net\/portal\/wp-content\/uploads\/2011\/02\/260_11012267210997-199x300.jpg 199w\" sizes=\"(max-width: 196px) 100vw, 196px\" \/><br \/><span style=\"font-size: 10pt;\" color:=\"color:\"><br \/> O Senhor Cardeal-Patriarca celebra este ano o seu jubileu sacerdotal: 50 anos de sacerd\u00f3cio, dos quais trinta e tr\u00eas de Episcopado e, destes, treze como Patriarca de Lisboa.<\/p>\n<p> Somos convidados a reunirmo-nos \u00e0 sua volta para dar gra\u00e7as a Deus pelo seu minist\u00e9rio sacerdotal e apost\u00f3lico, refor\u00e7ar a nossa comunh\u00e3o e expressar a no<\/span><span style=\"font-size: 10pt;\" color:=\"color:\">ssa g<\/span><span style=\"font-size: 10pt;\" color:=\"color:\">ratid\u00e3o pela fidelidade, generosidade, dedica\u00e7\u00e3o e entrega \u00e0 Igreja de Lisboa ao longo destes cinquenta anos.<br \/> <\/span><br \/><span style=\"font-size: 10pt;\" color:=\"color:\"> As comemora\u00e7\u00f5es do jubileu sacerdotal decorrem entre 19 de Mar\u00e7o e 25 de Outubro, com o seguinte programa:<\/p>\n<p> <b>&#8211; 19 de Mar\u00e7o<\/b>, anivers\u00e1rio do Baptismo do Senhor Patriarca, abertura das Comemora\u00e7\u00f5es no Semin\u00e1rio de Caparide, pelas 11h00, seguida de uma confer\u00eancia sobre o minist\u00e9rio sacerdotal do Senhor Patriarca no \u00e2mbito dos semin\u00e1rios e forma\u00e7\u00e3o sacerdotal e celebra\u00e7\u00e3o eucar\u00edstica;<\/p>\n<p> <b>&#8211; 10 de Maio<\/b>, sess\u00e3o solene na Universidade Cat\u00f3lica Portuguesa de Lisboa com apresenta\u00e7\u00e3o e lan\u00e7amento de um livro sobre o pensamento do Senhor Patriarca;<\/p>\n<p> <b>&#8211; 19 de Junho<\/b>, Dia da Igreja Diocesana, encontro do Senhor Patriarca com toda a diocese, especialmente os agentes de pastoral, no Semin\u00e1rio de Penafirme;<\/p>\n<p> <b>&#8211; 15 de Agosto<\/b>, anivers\u00e1rio da ordena\u00e7\u00e3o sacerdotal, concelebra\u00e7\u00e3o eucar\u00edstica na S\u00e9 Patriarcal \u00e0s 16h00, com a participa\u00e7\u00e3o dos jovens que tomar\u00e3o parte na Jornada Mundial da Juventude, em Madrid;<\/p>\n<p> <b>&#8211; 20 de Agosto<\/b>, anivers\u00e1rio da Missa Nova, encontro de familiares, conterr\u00e2neos, amigos e clero do Patriarcado, em Alvorninha, com celebra\u00e7\u00e3o eucar\u00edstica \u00e0s 12h00, seguida de almo\u00e7o-conv\u00edvio;<\/p>\n<p> <b>&#8211; 9 de Outubro<\/b>, encontro com as fam\u00edlias, na Escola Salesiana do Estoril;<br \/> <\/span><br \/><span style=\"font-size: 10pt;\" color:=\"color:\"> &#8211;<b> 25 de Outubro<\/b>, anivers\u00e1rio da Dedica\u00e7\u00e3o da S\u00e9 Catedral, \u00e0s 16h00, concelebra\u00e7\u00e3o com o Col\u00e9gio Episcopal e Clero, seguida de refei\u00e7\u00e3o no Semin\u00e1rio de Cristo-Rei, nos Olivais.<\/p>\n<p> Entretanto a Universidade Cat\u00f3lica Portuguesa, no 75.\u00ba anivers\u00e1rio natal\u00edcio do senhor Patriarca, seu Magno Chanceler, promove no pr\u00f3ximo dia 25 de Fevereiro um Col\u00f3quio Homenagem sob o tema: \u201cUm Pensamento em ac\u00e7\u00e3o, D. Jos\u00e9 Policarpo\u201d.<\/p>\n<p> No decorrer das comemora\u00e7\u00f5es jubilares \u00e9 poss\u00edvel que surjam outras iniciativas que o site do Patriarcado e o jornal \u201cVoz da Verdade\u201d dar\u00e3o not\u00edcia em tempo devido.<\/p>\n<p> Que estas comemora\u00e7\u00f5es jubilares possam despertar na Igreja de Lisboa um dinamismo de comunh\u00e3o \u00e0 volta do seu Pastor e, atrav\u00e9s dele, a Jesus Cristo, e \u00e0 redescoberta do sacerd\u00f3cio apost\u00f3lico como um dom inestim\u00e1vel de Deus ao Seu Povo.<\/p>\n<p> Com a amizade do Senhor<\/p>\n<p> <span style=\"font-size: 8pt;\">\u2020 Joaquim Mendes<\/span><br \/><span style=\"font-size: 8pt;\"> Bispo Auxiliar de Lisboa<\/span><\/span><\/p>\n","protected":false},"excerpt":{"rendered":"<p>50 anos de sacerd\u00f3cio de D. Jos\u00e9 Policarpo JUBILEU SACERDOTAL DO CARDEAL-PATRIARCA DE LISBOA O Senhor Cardeal-Patriarca celebra este ano [&hellip;]<\/p>\n","protected":false},"author":1,"featured_media":114,"comment_status":"open","ping_status":"open","sticky":false,"template":"","format":"standard","meta":{"site-sidebar-layout":"default","site-content-layout":"","ast-site-content-layout":"default","site-content-style":"default","site-sidebar-style":"default","ast-global-header-display":"","ast-banner-title-visibility":"","ast-main-header-display":"","ast-hfb-above-header-display":"","ast-hfb-below-header-display":"","ast-hfb-mobile-header-display":"","site-post-title":"","ast-breadcrumbs-content":"","ast-featured-img":"","footer-sml-layout":"","ast-disable-related-posts":"","theme-transparent-header-meta":"","adv-header-id-meta":"","stick-header-meta":"","header-above-stick-meta":"","header-main-stick-meta":"","header-below-stick-meta":"","astra-migrate-meta-layouts":"default","ast-page-background-enabled":"default","ast-page-background-meta":{"desktop":{"background-color":"var(--ast-global-color-5)","background-image":"","background-repeat":"repeat","background-position":"center center","background-size":"auto","background-attachment":"scroll","background-type":"","background-media":"","overlay-type":"","overlay-color":"","overlay-opacity":"","overlay-gradient":""},"tablet":{"background-color":"","background-image":"","background-repeat":"repeat","background-position":"center center","background-size":"auto","background-attachment":"scroll","background-type":"","background-media":"","overlay-type":"","overlay-color":"","overlay-opacity":"","overlay-gradient":""},"mobile":{"background-color":"","background-image":"","background-repeat":"repeat","background-position":"center center","background-size":"auto","background-attachment":"scroll","background-type":"","background-media":"","overlay-type":"","overlay-color":"","overlay-opacity":"","overlay-gradient":""}},"ast-content-background-meta":{"desktop":{"background-color":"var(--ast-global-color-4)","background-image":"","background-repeat":"repeat","background-position":"center center","background-size":"auto","background-attachment":"scroll","background-type":"","background-media":"","overlay-type":"","overlay-color":"","overlay-opacity":"","overlay-gradient":""},"tablet":{"background-color":"var(--ast-global-color-4)","background-image":"","background-repeat":"repeat","background-position":"center center","background-size":"auto","background-attachment":"scroll","background-type":"","background-media":"","overlay-type":"","overlay-color":"","overlay-opacity":"","overlay-gradient":""},"mobile":{"background-color":"var(--ast-global-color-4)","background-image":"","background-repeat":"repeat","background-position":"center center","background-size":"auto","background-attachment":"scroll","background-type":"","background-media":"","overlay-type":"","overlay-color":"","overlay-opacity":"","overlay-gradient":""}},"footnotes":""},"categories":[42],"tags":[],"class_list":["post-115","post","type-post","status-publish","format-standard","has-post-thumbnail","hentry","category-espaco-eclesial"],"yoast_head":"<!-- This site is optimized with the Yoast SEO plugin v27.4 - https:\/\/yoast.com\/product\/yoast-seo-wordpress\/ -->\n<title>Jubileu Sacerdotal do nosso Patriarca - Paroquia de Queijas<\/title>\n<meta name=\"robots\" content=\"index, follow, max-snippet:-1, max-image-preview:large, max-video-preview:-1\" \/>\n<link rel=\"canonical\" href=\"https:\/\/paroquiaqueijas.net\/portal\/marcador-3\/\" \/>\n<meta property=\"og:locale\" content=\"pt_PT\" \/>\n<meta property=\"og:type\" content=\"article\" \/>\n<meta property=\"og:title\" content=\"Jubileu Sacerdotal do nosso Patriarca - Paroquia de Queijas\" \/>\n<meta property=\"og:description\" content=\"50 anos de sacerd\u00f3cio de D. Jos\u00e9 Policarpo JUBILEU SACERDOTAL DO CARDEAL-PATRIARCA DE LISBOA O Senhor Cardeal-Patriarca celebra este ano [&hellip;]\" \/>\n<meta property=\"og:url\" content=\"https:\/\/paroquiaqueijas.net\/portal\/marcador-3\/\" \/>\n<meta property=\"og:site_name\" content=\"Paroquia de Queijas\" \/>\n<meta property=\"article:publisher\" content=\"https:\/\/www.facebook.com\/paroquiaqueijas\/\" \/>\n<meta property=\"article:published_time\" content=\"2011-02-16T18:35:38+00:00\" \/>\n<meta property=\"article:modified_time\" content=\"2026-03-21T15:42:06+00:00\" \/>\n<meta property=\"og:image\" content=\"https:\/\/paroquiaqueijas.net\/portal\/wp-content\/uploads\/2011\/02\/260_11012267210997.jpg\" \/>\n\t<meta property=\"og:image:width\" content=\"260\" \/>\n\t<meta property=\"og:image:height\" content=\"391\" \/>\n\t<meta property=\"og:image:type\" content=\"image\/jpeg\" \/>\n<meta name=\"author\" content=\"Paroquia de Queijas\" \/>\n<meta name=\"twitter:card\" content=\"summary_large_image\" \/>\n<meta name=\"twitter:label1\" content=\"Escrito por\" \/>\n\t<meta name=\"twitter:data1\" content=\"Paroquia de Queijas\" \/>\n\t<meta name=\"twitter:label2\" content=\"Tempo estimado de leitura\" \/>\n\t<meta name=\"twitter:data2\" content=\"2 minutos\" \/>\n<script type=\"application\/ld+json\" class=\"yoast-schema-graph\">{\"@context\":\"https:\\\/\\\/schema.org\",\"@graph\":[{\"@type\":\"Article\",\"@id\":\"https:\\\/\\\/paroquiaqueijas.net\\\/portal\\\/marcador-3\\\/#article\",\"isPartOf\":{\"@id\":\"https:\\\/\\\/paroquiaqueijas.net\\\/portal\\\/marcador-3\\\/\"},\"author\":{\"name\":\"Paroquia de Queijas\",\"@id\":\"https:\\\/\\\/paroquiaqueijas.net\\\/portal\\\/#\\\/schema\\\/person\\\/07bb4cce216326e06b6f742b719ebec7\"},\"headline\":\"Jubileu Sacerdotal do nosso Patriarca\",\"datePublished\":\"2011-02-16T18:35:38+00:00\",\"dateModified\":\"2026-03-21T15:42:06+00:00\",\"mainEntityOfPage\":{\"@id\":\"https:\\\/\\\/paroquiaqueijas.net\\\/portal\\\/marcador-3\\\/\"},\"wordCount\":454,\"commentCount\":0,\"publisher\":{\"@id\":\"https:\\\/\\\/paroquiaqueijas.net\\\/portal\\\/#organization\"},\"image\":{\"@id\":\"https:\\\/\\\/paroquiaqueijas.net\\\/portal\\\/marcador-3\\\/#primaryimage\"},\"thumbnailUrl\":\"https:\\\/\\\/paroquiaqueijas.net\\\/portal\\\/wp-content\\\/uploads\\\/2011\\\/02\\\/260_11012267210997.jpg\",\"articleSection\":[\"Espa\u00e7o Eclesial\"],\"inLanguage\":\"pt-PT\",\"potentialAction\":[{\"@type\":\"CommentAction\",\"name\":\"Comment\",\"target\":[\"https:\\\/\\\/paroquiaqueijas.net\\\/portal\\\/marcador-3\\\/#respond\"]}]},{\"@type\":\"WebPage\",\"@id\":\"https:\\\/\\\/paroquiaqueijas.net\\\/portal\\\/marcador-3\\\/\",\"url\":\"https:\\\/\\\/paroquiaqueijas.net\\\/portal\\\/marcador-3\\\/\",\"name\":\"Jubileu Sacerdotal do nosso Patriarca - Paroquia de Queijas\",\"isPartOf\":{\"@id\":\"https:\\\/\\\/paroquiaqueijas.net\\\/portal\\\/#website\"},\"primaryImageOfPage\":{\"@id\":\"https:\\\/\\\/paroquiaqueijas.net\\\/portal\\\/marcador-3\\\/#primaryimage\"},\"image\":{\"@id\":\"https:\\\/\\\/paroquiaqueijas.net\\\/portal\\\/marcador-3\\\/#primaryimage\"},\"thumbnailUrl\":\"https:\\\/\\\/paroquiaqueijas.net\\\/portal\\\/wp-content\\\/uploads\\\/2011\\\/02\\\/260_11012267210997.jpg\",\"datePublished\":\"2011-02-16T18:35:38+00:00\",\"dateModified\":\"2026-03-21T15:42:06+00:00\",\"breadcrumb\":{\"@id\":\"https:\\\/\\\/paroquiaqueijas.net\\\/portal\\\/marcador-3\\\/#breadcrumb\"},\"inLanguage\":\"pt-PT\",\"potentialAction\":[{\"@type\":\"ReadAction\",\"target\":[\"https:\\\/\\\/paroquiaqueijas.net\\\/portal\\\/marcador-3\\\/\"]}]},{\"@type\":\"ImageObject\",\"inLanguage\":\"pt-PT\",\"@id\":\"https:\\\/\\\/paroquiaqueijas.net\\\/portal\\\/marcador-3\\\/#primaryimage\",\"url\":\"https:\\\/\\\/paroquiaqueijas.net\\\/portal\\\/wp-content\\\/uploads\\\/2011\\\/02\\\/260_11012267210997.jpg\",\"contentUrl\":\"https:\\\/\\\/paroquiaqueijas.net\\\/portal\\\/wp-content\\\/uploads\\\/2011\\\/02\\\/260_11012267210997.jpg\",\"width\":260,\"height\":391,\"caption\":\"260_11012267210997\"},{\"@type\":\"BreadcrumbList\",\"@id\":\"https:\\\/\\\/paroquiaqueijas.net\\\/portal\\\/marcador-3\\\/#breadcrumb\",\"itemListElement\":[{\"@type\":\"ListItem\",\"position\":1,\"name\":\"In\u00edcio\",\"item\":\"https:\\\/\\\/paroquiaqueijas.net\\\/portal\\\/\"},{\"@type\":\"ListItem\",\"position\":2,\"name\":\"Jubileu Sacerdotal do nosso Patriarca\"}]},{\"@type\":\"WebSite\",\"@id\":\"https:\\\/\\\/paroquiaqueijas.net\\\/portal\\\/#website\",\"url\":\"https:\\\/\\\/paroquiaqueijas.net\\\/portal\\\/\",\"name\":\"Paroquia de Queijas\",\"description\":\"\",\"publisher\":{\"@id\":\"https:\\\/\\\/paroquiaqueijas.net\\\/portal\\\/#organization\"},\"potentialAction\":[{\"@type\":\"SearchAction\",\"target\":{\"@type\":\"EntryPoint\",\"urlTemplate\":\"https:\\\/\\\/paroquiaqueijas.net\\\/portal\\\/?s={search_term_string}\"},\"query-input\":{\"@type\":\"PropertyValueSpecification\",\"valueRequired\":true,\"valueName\":\"search_term_string\"}}],\"inLanguage\":\"pt-PT\"},{\"@type\":\"Organization\",\"@id\":\"https:\\\/\\\/paroquiaqueijas.net\\\/portal\\\/#organization\",\"name\":\"Paroquia de Queijas\",\"url\":\"https:\\\/\\\/paroquiaqueijas.net\\\/portal\\\/\",\"logo\":{\"@type\":\"ImageObject\",\"inLanguage\":\"pt-PT\",\"@id\":\"https:\\\/\\\/paroquiaqueijas.net\\\/portal\\\/#\\\/schema\\\/logo\\\/image\\\/\",\"url\":\"https:\\\/\\\/paroquiaqueijas.net\\\/portal\\\/wp-content\\\/uploads\\\/2026\\\/03\\\/LogoQueijas_novo.png\",\"contentUrl\":\"https:\\\/\\\/paroquiaqueijas.net\\\/portal\\\/wp-content\\\/uploads\\\/2026\\\/03\\\/LogoQueijas_novo.png\",\"width\":520,\"height\":519,\"caption\":\"Paroquia de Queijas\"},\"image\":{\"@id\":\"https:\\\/\\\/paroquiaqueijas.net\\\/portal\\\/#\\\/schema\\\/logo\\\/image\\\/\"},\"sameAs\":[\"https:\\\/\\\/www.facebook.com\\\/paroquiaqueijas\\\/\"]},{\"@type\":\"Person\",\"@id\":\"https:\\\/\\\/paroquiaqueijas.net\\\/portal\\\/#\\\/schema\\\/person\\\/07bb4cce216326e06b6f742b719ebec7\",\"name\":\"Paroquia de Queijas\",\"image\":{\"@type\":\"ImageObject\",\"inLanguage\":\"pt-PT\",\"@id\":\"https:\\\/\\\/secure.gravatar.com\\\/avatar\\\/5054571ff5d2454cd50657fc4e61d0c32d7a5d0d3b36ef6c0f6e269276d13618?s=96&d=mm&r=g\",\"url\":\"https:\\\/\\\/secure.gravatar.com\\\/avatar\\\/5054571ff5d2454cd50657fc4e61d0c32d7a5d0d3b36ef6c0f6e269276d13618?s=96&d=mm&r=g\",\"contentUrl\":\"https:\\\/\\\/secure.gravatar.com\\\/avatar\\\/5054571ff5d2454cd50657fc4e61d0c32d7a5d0d3b36ef6c0f6e269276d13618?s=96&d=mm&r=g\",\"caption\":\"Paroquia de Queijas\"},\"sameAs\":[\"https:\\\/\\\/paroquiaqueijas.net\\\/site\"],\"url\":\"https:\\\/\\\/paroquiaqueijas.net\\\/portal\\\/author\\\/admin1\\\/\"}]}<\/script>\n<!-- \/ Yoast SEO plugin. -->","yoast_head_json":{"title":"Jubileu Sacerdotal do nosso Patriarca - Paroquia de Queijas","robots":{"index":"index","follow":"follow","max-snippet":"max-snippet:-1","max-image-preview":"max-image-preview:large","max-video-preview":"max-video-preview:-1"},"canonical":"https:\/\/paroquiaqueijas.net\/portal\/marcador-3\/","og_locale":"pt_PT","og_type":"article","og_title":"Jubileu Sacerdotal do nosso Patriarca - Paroquia de Queijas","og_description":"50 anos de sacerd\u00f3cio de D. Jos\u00e9 Policarpo JUBILEU SACERDOTAL DO CARDEAL-PATRIARCA DE LISBOA O Senhor Cardeal-Patriarca celebra este ano [&hellip;]","og_url":"https:\/\/paroquiaqueijas.net\/portal\/marcador-3\/","og_site_name":"Paroquia de Queijas","article_publisher":"https:\/\/www.facebook.com\/paroquiaqueijas\/","article_published_time":"2011-02-16T18:35:38+00:00","article_modified_time":"2026-03-21T15:42:06+00:00","og_image":[{"width":260,"height":391,"url":"https:\/\/paroquiaqueijas.net\/portal\/wp-content\/uploads\/2011\/02\/260_11012267210997.jpg","type":"image\/jpeg"}],"author":"Paroquia de Queijas","twitter_card":"summary_large_image","twitter_misc":{"Escrito por":"Paroquia de Queijas","Tempo estimado de leitura":"2 minutos"},"schema":{"@context":"https:\/\/schema.org","@graph":[{"@type":"Article","@id":"https:\/\/paroquiaqueijas.net\/portal\/marcador-3\/#article","isPartOf":{"@id":"https:\/\/paroquiaqueijas.net\/portal\/marcador-3\/"},"author":{"name":"Paroquia de Queijas","@id":"https:\/\/paroquiaqueijas.net\/portal\/#\/schema\/person\/07bb4cce216326e06b6f742b719ebec7"},"headline":"Jubileu Sacerdotal do nosso Patriarca","datePublished":"2011-02-16T18:35:38+00:00","dateModified":"2026-03-21T15:42:06+00:00","mainEntityOfPage":{"@id":"https:\/\/paroquiaqueijas.net\/portal\/marcador-3\/"},"wordCount":454,"commentCount":0,"publisher":{"@id":"https:\/\/paroquiaqueijas.net\/portal\/#organization"},"image":{"@id":"https:\/\/paroquiaqueijas.net\/portal\/marcador-3\/#primaryimage"},"thumbnailUrl":"https:\/\/paroquiaqueijas.net\/portal\/wp-content\/uploads\/2011\/02\/260_11012267210997.jpg","articleSection":["Espa\u00e7o Eclesial"],"inLanguage":"pt-PT","potentialAction":[{"@type":"CommentAction","name":"Comment","target":["https:\/\/paroquiaqueijas.net\/portal\/marcador-3\/#respond"]}]},{"@type":"WebPage","@id":"https:\/\/paroquiaqueijas.net\/portal\/marcador-3\/","url":"https:\/\/paroquiaqueijas.net\/portal\/marcador-3\/","name":"Jubileu Sacerdotal do nosso Patriarca - Paroquia de Queijas","isPartOf":{"@id":"https:\/\/paroquiaqueijas.net\/portal\/#website"},"primaryImageOfPage":{"@id":"https:\/\/paroquiaqueijas.net\/portal\/marcador-3\/#primaryimage"},"image":{"@id":"https:\/\/paroquiaqueijas.net\/portal\/marcador-3\/#primaryimage"},"thumbnailUrl":"https:\/\/paroquiaqueijas.net\/portal\/wp-content\/uploads\/2011\/02\/260_11012267210997.jpg","datePublished":"2011-02-16T18:35:38+00:00","dateModified":"2026-03-21T15:42:06+00:00","breadcrumb":{"@id":"https:\/\/paroquiaqueijas.net\/portal\/marcador-3\/#breadcrumb"},"inLanguage":"pt-PT","potentialAction":[{"@type":"ReadAction","target":["https:\/\/paroquiaqueijas.net\/portal\/marcador-3\/"]}]},{"@type":"ImageObject","inLanguage":"pt-PT","@id":"https:\/\/paroquiaqueijas.net\/portal\/marcador-3\/#primaryimage","url":"https:\/\/paroquiaqueijas.net\/portal\/wp-content\/uploads\/2011\/02\/260_11012267210997.jpg","contentUrl":"https:\/\/paroquiaqueijas.net\/portal\/wp-content\/uploads\/2011\/02\/260_11012267210997.jpg","width":260,"height":391,"caption":"260_11012267210997"},{"@type":"BreadcrumbList","@id":"https:\/\/paroquiaqueijas.net\/portal\/marcador-3\/#breadcrumb","itemListElement":[{"@type":"ListItem","position":1,"name":"In\u00edcio","item":"https:\/\/paroquiaqueijas.net\/portal\/"},{"@type":"ListItem","position":2,"name":"Jubileu Sacerdotal do nosso Patriarca"}]},{"@type":"WebSite","@id":"https:\/\/paroquiaqueijas.net\/portal\/#website","url":"https:\/\/paroquiaqueijas.net\/portal\/","name":"Paroquia de Queijas","description":"","publisher":{"@id":"https:\/\/paroquiaqueijas.net\/portal\/#organization"},"potentialAction":[{"@type":"SearchAction","target":{"@type":"EntryPoint","urlTemplate":"https:\/\/paroquiaqueijas.net\/portal\/?s={search_term_string}"},"query-input":{"@type":"PropertyValueSpecification","valueRequired":true,"valueName":"search_term_string"}}],"inLanguage":"pt-PT"},{"@type":"Organization","@id":"https:\/\/paroquiaqueijas.net\/portal\/#organization","name":"Paroquia de Queijas","url":"https:\/\/paroquiaqueijas.net\/portal\/","logo":{"@type":"ImageObject","inLanguage":"pt-PT","@id":"https:\/\/paroquiaqueijas.net\/portal\/#\/schema\/logo\/image\/","url":"https:\/\/paroquiaqueijas.net\/portal\/wp-content\/uploads\/2026\/03\/LogoQueijas_novo.png","contentUrl":"https:\/\/paroquiaqueijas.net\/portal\/wp-content\/uploads\/2026\/03\/LogoQueijas_novo.png","width":520,"height":519,"caption":"Paroquia de Queijas"},"image":{"@id":"https:\/\/paroquiaqueijas.net\/portal\/#\/schema\/logo\/image\/"},"sameAs":["https:\/\/www.facebook.com\/paroquiaqueijas\/"]},{"@type":"Person","@id":"https:\/\/paroquiaqueijas.net\/portal\/#\/schema\/person\/07bb4cce216326e06b6f742b719ebec7","name":"Paroquia de Queijas","image":{"@type":"ImageObject","inLanguage":"pt-PT","@id":"https:\/\/secure.gravatar.com\/avatar\/5054571ff5d2454cd50657fc4e61d0c32d7a5d0d3b36ef6c0f6e269276d13618?s=96&d=mm&r=g","url":"https:\/\/secure.gravatar.com\/avatar\/5054571ff5d2454cd50657fc4e61d0c32d7a5d0d3b36ef6c0f6e269276d13618?s=96&d=mm&r=g","contentUrl":"https:\/\/secure.gravatar.com\/avatar\/5054571ff5d2454cd50657fc4e61d0c32d7a5d0d3b36ef6c0f6e269276d13618?s=96&d=mm&r=g","caption":"Paroquia de Queijas"},"sameAs":["https:\/\/paroquiaqueijas.net\/site"],"url":"https:\/\/paroquiaqueijas.net\/portal\/author\/admin1\/"}]}},"_links":{"self":[{"href":"https:\/\/paroquiaqueijas.net\/portal\/wp-json\/wp\/v2\/posts\/115","targetHints":{"allow":["GET"]}}],"collection":[{"href":"https:\/\/paroquiaqueijas.net\/portal\/wp-json\/wp\/v2\/posts"}],"about":[{"href":"https:\/\/paroquiaqueijas.net\/portal\/wp-json\/wp\/v2\/types\/post"}],"author":[{"embeddable":true,"href":"https:\/\/paroquiaqueijas.net\/portal\/wp-json\/wp\/v2\/users\/1"}],"replies":[{"embeddable":true,"href":"https:\/\/paroquiaqueijas.net\/portal\/wp-json\/wp\/v2\/comments?post=115"}],"version-history":[{"count":1,"href":"https:\/\/paroquiaqueijas.net\/portal\/wp-json\/wp\/v2\/posts\/115\/revisions"}],"predecessor-version":[{"id":2962,"href":"https:\/\/paroquiaqueijas.net\/portal\/wp-json\/wp\/v2\/posts\/115\/revisions\/2962"}],"wp:featuredmedia":[{"embeddable":true,"href":"https:\/\/paroquiaqueijas.net\/portal\/wp-json\/wp\/v2\/media\/114"}],"wp:attachment":[{"href":"https:\/\/paroquiaqueijas.net\/portal\/wp-json\/wp\/v2\/media?parent=115"}],"wp:term":[{"taxonomy":"category","embeddable":true,"href":"https:\/\/paroquiaqueijas.net\/portal\/wp-json\/wp\/v2\/categories?post=115"},{"taxonomy":"post_tag","embeddable":true,"href":"https:\/\/paroquiaqueijas.net\/portal\/wp-json\/wp\/v2\/tags?post=115"}],"curies":[{"name":"wp","href":"https:\/\/api.w.org\/{rel}","templated":true}]}}