{"id":1152,"date":"2013-01-01T16:36:04","date_gmt":"2013-01-01T16:36:04","guid":{"rendered":"https:\/\/paroquiaqueijas.net\/site\/?p=1152"},"modified":"2026-04-17T15:24:28","modified_gmt":"2026-04-17T15:24:28","slug":"indulgencia-plenaria-para-o-santuario-da-rocha","status":"publish","type":"post","link":"https:\/\/paroquiaqueijas.net\/portal\/indulgencia-plenaria-para-o-santuario-da-rocha\/","title":{"rendered":"Indulg\u00eancia Plen\u00e1ria para o Santu\u00e1rio da Rocha"},"content":{"rendered":"<p><strong><a title=\"Santu\u00e1rio da Rocha\" href=\"https:\/\/paroquiaqueijas.net\/portal\/wp-content\/uploads\/2013\/01\/SantRocha.jpg\" target=\"_blank\" rel=\"noopener\"><img fetchpriority=\"high\" decoding=\"async\" class=\"\" style=\"margin: 0px 0px 0px 8px; float: right;\" src=\"https:\/\/paroquiaqueijas.net\/portal\/wp-content\/uploads\/2013\/01\/SantRocha.jpg\" alt=\"SantRocha\" width=\"500\" height=\"350\" \/><\/a><\/strong>Neste Ano da F\u00e9, Sua Em.\u00aa Rev.ma Dom Jos\u00e9 da Cruz Cruz Policarpo determinou para a Diocese de Lisboa \u2013 por Decreto de 18 de Dezembro de 2012 \u2013 que os fi\u00e9is que frequentarem o <strong>Santu\u00e1rio de Nossa Senhora da Rocha<\/strong> (bem como a S\u00e9 Patriarcal, a Igreja de Santa Maria de Bel\u00e9m e outros Santu\u00e1rios) poder\u00e3o alcan\u00e7ar indulg\u00eancias.<\/p>\n<hr \/>\n<p>DOM JOS\u00c9 IV, CARDEAL-PRESB\u00cdTERO DA SANTA IGREJA ROMANA, DO T\u00cdTULO DE SANTO ANT\u00d3NIO DOS PORTUGUESES NO CAMPO DE MARTE, POR MERC\u00ca DE DEUS E DA SANTA S\u00c9 APOST\u00d3LICA, PATRIARCA DE LISBOA.<br \/>\nAos que este DECRETO virem, sa\u00fade e b\u00ean\u00e7\u00e3o.<\/p>\n<p>Na Carta Apost\u00f3lica <em>Porta Fidei,<\/em> ao mesmo tempo que convocava o Ano da F\u00e9 que estamos a viver, o Santo Padre Bento XVI convidava todos os crist\u00e3os &#8220;a uma aut\u00eantica e renovada convers\u00e3o ao Senhor, \u00fanico Salvador do mundo&#8221; (PF 6). O Santo Padre afirmava ainda que, em virtude da f\u00e9, a vida nova de Cristo ressuscitado &#8220;molda toda a exist\u00eancia humana segundo a novidade radical da ressurrei\u00e7\u00e3o. Na medida da sua disponibilidade, os pensamentos e os afetos, a mentalidade e o comportamento do ser humano v\u00e3o sendo, pouco a pouco, purificados e transformados, ao longo dum itiner\u00e1rio jamais de todo completado nesta vida&#8221; (PF 6). Assim, constituindo este um Ano em que \u00e9 central o testemunho da f\u00e9 por parte dos batizados, n\u00e3o deixa o mesmo de ser para todos um convite \u00e0 convers\u00e3o de vida, condi\u00e7\u00e3o para a fecundidade do pr\u00f3prio testemunho do crente.<\/p>\n<p>Por seu lado, a Penitenciaria Apost\u00f3lica, por Decreto do passado dia 14 de Setembro de 2012, estabeleceu as condi\u00e7\u00f5es pelas quais \u00e9 poss\u00edvel enriquecer com &#8220;o dom de Sagradas Indulg\u00eancias as pr\u00e1ticas de piedade especiais a realizar durante o Ano da F\u00e9&#8221;.<\/p>\n<p>As Indulg\u00eancias, como afirma o Catecismo da Igreja Cat\u00f3lica, consistem na &#8220;remiss\u00e3o, perante Deus, da pena temporal devida aos pecados cuja culpa j\u00e1 foi apagada&#8221;, ou seja, do facto de todo o pecado trazer consigo &#8220;um apego desordenado \u00e0s criaturas, o qual precisa de ser purificado&#8221; (1471-1472). Na base da doutrina das indulg\u00eancias est\u00e1 a partilha de bens espirituais entre todos os membros da Igreja.<\/p>\n<p>O referido Decreto da Penitenciaria Apost\u00f3lica determinava ainda que competia ao Ordin\u00e1rio do Lugar estabelecer os lugares sagrados em que, durante o Ano da F\u00e9, os fi\u00e9is pudessem receber o dom das Indulg\u00eancias, sempre que os visitassem &#8220;em forma de peregrina\u00e7\u00e3o [&#8230;] para ali participarem nalguma fun\u00e7\u00e3o sagrada ou pelo menos passarem um tempo c\u00f4ngruo de recolhimento com medita\u00e7\u00f5es piedosas, concluindo com a recita\u00e7\u00e3o do Pai Nosso, a Profiss\u00e3o de F\u00e9 de qualquer forma leg\u00edtima, as invoca\u00e7\u00f5es \u00e0 Bem-Aventurada Virgem Maria e, segundo o caso, aos Santos Ap\u00f3stolos ou Padroeiros&#8221;.<\/p>\n<p>De igual modo, o mesmo Decreto determinava que o Ordin\u00e1rio do Lugar deveria indicar os dias do Ano da F\u00e9 em que os fi\u00e9is que, &#8220;em qualquer lugar sagrado participassem numa solene celebra\u00e7\u00e3o eucar\u00edstica ou na liturgia das horas, acrescentando a Profiss\u00e3o de F\u00e9 de qualquer forma leg\u00edtima&#8221; pudessem tamb\u00e9m receber o dom das Indulg\u00eancias.<\/p>\n<p>Assim, no que a N\u00f3s compete, DETERMINAMOS QUE, no Patriarcado de Lisboa, durante o Ano da F\u00e9, os fi\u00e9is, no modo estabelecido pela Igreja, &#8220;poder\u00e3o alcan\u00e7ar a Indulg\u00eancia Plen\u00e1ria da pena temporal para os pr\u00f3prios pecados, concedida pela miseric\u00f3rdia de Deus, aplic\u00e1vel em sufr\u00e1gio pelas almas dos fi\u00e9is defuntos&#8221;, nas seguintes igrejas e santu\u00e1rios:<\/p>\n<p>a) S\u00e9 Patriarcal e igreja de Santa Maria de Bel\u00e9m (Mosteiro dos Jer\u00f3nimos);<\/p>\n<p>b) Santu\u00e1rio do Senhor Jesus do Carvalhal; Santu\u00e1rio de Nossa Senhora da Nazar\u00e9; Santu\u00e1rio de Nossa Senhora dos Rem\u00e9dios (Peniche); <strong>Santu\u00e1rio de Nossa Senhora da Rocha (Queijas);<\/strong> Santu\u00e1rio de Nossa Senhora da Piedade da Serra (Almargem do Bispo); Santu\u00e1rio de Nossa Senhora da Piedade da Merceana.<\/p>\n<p>A mesma Indulg\u00eancia Plen\u00e1ria poder\u00e1 ser alcan\u00e7ada, nas condi\u00e7\u00f5es atr\u00e1s referidas, nas celebra\u00e7\u00f5es das Solenidades do Natal, do Tr\u00edduo Pascal do Senhor, do Pentecostes, do Precios\u00edssimo Corpo e Sangue de Nosso Senhor Jesus Cristo e da Sant\u00edssima Trindade (Dia da Igreja Diocesana).<\/p>\n<p>Ainda durante o Ano da F\u00e9, nas igrejas e santu\u00e1rios atr\u00e1s mencionados, e em toda a Diocese durante o tempo da Quaresma, \u00e9 concedida a todos os sacerdotes que no Patriarcado podem ouvir confiss\u00f5es a mesma faculdade que o C\u00e2none 508\u00a71 do C\u00f3digo de Direito Can\u00f3nico atribui ao C\u00f3nego Penitenci\u00e1rio da S\u00e9 Patriarcal, ou seja, a de absolver no foro sacramental das censuras <em>latae sententiae<\/em> n\u00e3o declaradas nem reservadas \u00e0 S\u00e9 Apost\u00f3lica.<\/p>\n<p>Tais censuras s\u00e3o a excomunh\u00e3o (cc. 1346\u00a71 e 1398), o interdito (cc. 1370\u00a72, 1378\u00a72, 1390\u00a71 e 1394\u00a72) e a suspens\u00e3o (cc. 1370\u00a72, 1378\u00a72, 1383, 1390\u00a71 e 1394\u00a71).<\/p>\n<p>Nestes casos, os confessores, tendo advertido os penitentes da gravidade dos pecados aos quais est\u00e1 anexa a censura, imponham-lhes proporcionadas penit\u00eancias sacramentais, particularmente as que conduzam a uma est\u00e1vel emenda de costumes e, segundo a natureza dos casos, obriguem \u00e0 repara\u00e7\u00e3o do esc\u00e2ndalo e dos preju\u00edzos eventualmente causados.<\/p>\n<p>Terminado o Ano da F\u00e9, permanecem em vigor as faculdades concedidas pelo Direito e as delegadas pelo Decreto de 25 de Outubro de 1984, do meu saudoso predecessor, Cardeal Patriarca D. Ant\u00f3nio Ribeiro.<\/p>\n<p style=\"text-align: right;\"><span style=\"font-size: 10pt;\">Lisboa, na C\u00faria Patriarcal, aos 18 de Dezembro de 2012<br \/>\n\u2020 JOS\u00c9, Cardeal-Patriarca<\/span><\/p>\n<p style=\"text-align: right;\"><span style=\"font-size: 8pt;\">L+S<\/span><\/p>\n<p style=\"text-align: right;\"><span style=\"font-size: 8pt;\">P. Jorge Manuel Tomaz Dias<\/span><span style=\"font-size: 8pt;\">, Chanceler<\/span><\/p>\n","protected":false},"excerpt":{"rendered":"<p>Neste Ano da F\u00e9, Sua Em.\u00aa Rev.ma Dom Jos\u00e9 da Cruz Cruz Policarpo determinou para a Diocese de Lisboa \u2013 [&hellip;]<\/p>\n","protected":false},"author":1,"featured_media":1151,"comment_status":"open","ping_status":"open","sticky":false,"template":"","format":"standard","meta":{"site-sidebar-layout":"default","site-content-layout":"","ast-site-content-layout":"default","site-content-style":"default","site-sidebar-style":"default","ast-global-header-display":"","ast-banner-title-visibility":"","ast-main-header-display":"","ast-hfb-above-header-display":"","ast-hfb-below-header-display":"","ast-hfb-mobile-header-display":"","site-post-title":"","ast-breadcrumbs-content":"","ast-featured-img":"","footer-sml-layout":"","ast-disable-related-posts":"","theme-transparent-header-meta":"default","adv-header-id-meta":"","stick-header-meta":"default","header-above-stick-meta":"","header-main-stick-meta":"","header-below-stick-meta":"","astra-migrate-meta-layouts":"set","ast-page-background-enabled":"default","ast-page-background-meta":{"desktop":{"background-color":"var(--ast-global-color-5)","background-image":"","background-repeat":"repeat","background-position":"center center","background-size":"auto","background-attachment":"scroll","background-type":"","background-media":"","overlay-type":"","overlay-color":"","overlay-opacity":"","overlay-gradient":""},"tablet":{"background-color":"","background-image":"","background-repeat":"repeat","background-position":"center center","background-size":"auto","background-attachment":"scroll","background-type":"","background-media":"","overlay-type":"","overlay-color":"","overlay-opacity":"","overlay-gradient":""},"mobile":{"background-color":"","background-image":"","background-repeat":"repeat","background-position":"center center","background-size":"auto","background-attachment":"scroll","background-type":"","background-media":"","overlay-type":"","overlay-color":"","overlay-opacity":"","overlay-gradient":""}},"ast-content-background-meta":{"desktop":{"background-color":"var(--ast-global-color-4)","background-image":"","background-repeat":"repeat","background-position":"center center","background-size":"auto","background-attachment":"scroll","background-type":"","background-media":"","overlay-type":"","overlay-color":"","overlay-opacity":"","overlay-gradient":""},"tablet":{"background-color":"var(--ast-global-color-4)","background-image":"","background-repeat":"repeat","background-position":"center center","background-size":"auto","background-attachment":"scroll","background-type":"","background-media":"","overlay-type":"","overlay-color":"","overlay-opacity":"","overlay-gradient":""},"mobile":{"background-color":"var(--ast-global-color-4)","background-image":"","background-repeat":"repeat","background-position":"center center","background-size":"auto","background-attachment":"scroll","background-type":"","background-media":"","overlay-type":"","overlay-color":"","overlay-opacity":"","overlay-gradient":""}},"footnotes":""},"categories":[36],"tags":[],"class_list":["post-1152","post","type-post","status-publish","format-standard","has-post-thumbnail","hentry","category-santuario-da-rocha"],"yoast_head":"<!-- This site is optimized with the Yoast SEO plugin v27.4 - https:\/\/yoast.com\/product\/yoast-seo-wordpress\/ -->\n<title>Indulg\u00eancia Plen\u00e1ria para o Santu\u00e1rio da Rocha - Paroquia de Queijas<\/title>\n<meta name=\"robots\" content=\"index, follow, max-snippet:-1, max-image-preview:large, max-video-preview:-1\" \/>\n<link rel=\"canonical\" href=\"https:\/\/paroquiaqueijas.net\/portal\/indulgencia-plenaria-para-o-santuario-da-rocha\/\" \/>\n<meta property=\"og:locale\" content=\"pt_PT\" \/>\n<meta property=\"og:type\" content=\"article\" \/>\n<meta property=\"og:title\" content=\"Indulg\u00eancia Plen\u00e1ria para o Santu\u00e1rio da Rocha - Paroquia de Queijas\" \/>\n<meta property=\"og:description\" content=\"Neste Ano da F\u00e9, Sua Em.\u00aa Rev.ma Dom Jos\u00e9 da Cruz Cruz Policarpo determinou para a Diocese de Lisboa \u2013 [&hellip;]\" \/>\n<meta property=\"og:url\" content=\"https:\/\/paroquiaqueijas.net\/portal\/indulgencia-plenaria-para-o-santuario-da-rocha\/\" \/>\n<meta property=\"og:site_name\" content=\"Paroquia de Queijas\" \/>\n<meta property=\"article:publisher\" content=\"https:\/\/www.facebook.com\/paroquiaqueijas\/\" \/>\n<meta property=\"article:published_time\" content=\"2013-01-01T16:36:04+00:00\" \/>\n<meta property=\"article:modified_time\" content=\"2026-04-17T15:24:28+00:00\" \/>\n<meta property=\"og:image\" content=\"https:\/\/paroquiaqueijas.net\/portal\/wp-content\/uploads\/2013\/01\/SantRocha.jpg\" \/>\n\t<meta property=\"og:image:width\" content=\"842\" \/>\n\t<meta property=\"og:image:height\" content=\"588\" \/>\n\t<meta property=\"og:image:type\" content=\"image\/jpeg\" \/>\n<meta name=\"author\" content=\"Paroquia de Queijas\" \/>\n<meta name=\"twitter:card\" content=\"summary_large_image\" \/>\n<meta name=\"twitter:label1\" content=\"Escrito por\" \/>\n\t<meta name=\"twitter:data1\" content=\"Paroquia de Queijas\" \/>\n\t<meta name=\"twitter:label2\" content=\"Tempo estimado de leitura\" \/>\n\t<meta name=\"twitter:data2\" content=\"6 minutos\" \/>\n<script type=\"application\/ld+json\" class=\"yoast-schema-graph\">{\"@context\":\"https:\\\/\\\/schema.org\",\"@graph\":[{\"@type\":\"Article\",\"@id\":\"https:\\\/\\\/paroquiaqueijas.net\\\/portal\\\/indulgencia-plenaria-para-o-santuario-da-rocha\\\/#article\",\"isPartOf\":{\"@id\":\"https:\\\/\\\/paroquiaqueijas.net\\\/portal\\\/indulgencia-plenaria-para-o-santuario-da-rocha\\\/\"},\"author\":{\"name\":\"Paroquia de Queijas\",\"@id\":\"https:\\\/\\\/paroquiaqueijas.net\\\/portal\\\/#\\\/schema\\\/person\\\/07bb4cce216326e06b6f742b719ebec7\"},\"headline\":\"Indulg\u00eancia Plen\u00e1ria para o Santu\u00e1rio da Rocha\",\"datePublished\":\"2013-01-01T16:36:04+00:00\",\"dateModified\":\"2026-04-17T15:24:28+00:00\",\"mainEntityOfPage\":{\"@id\":\"https:\\\/\\\/paroquiaqueijas.net\\\/portal\\\/indulgencia-plenaria-para-o-santuario-da-rocha\\\/\"},\"wordCount\":936,\"commentCount\":0,\"publisher\":{\"@id\":\"https:\\\/\\\/paroquiaqueijas.net\\\/portal\\\/#organization\"},\"image\":{\"@id\":\"https:\\\/\\\/paroquiaqueijas.net\\\/portal\\\/indulgencia-plenaria-para-o-santuario-da-rocha\\\/#primaryimage\"},\"thumbnailUrl\":\"https:\\\/\\\/paroquiaqueijas.net\\\/portal\\\/wp-content\\\/uploads\\\/2013\\\/01\\\/SantRocha.jpg\",\"articleSection\":[\"Santu\u00e1rio da Rocha\"],\"inLanguage\":\"pt-PT\",\"potentialAction\":[{\"@type\":\"CommentAction\",\"name\":\"Comment\",\"target\":[\"https:\\\/\\\/paroquiaqueijas.net\\\/portal\\\/indulgencia-plenaria-para-o-santuario-da-rocha\\\/#respond\"]}]},{\"@type\":\"WebPage\",\"@id\":\"https:\\\/\\\/paroquiaqueijas.net\\\/portal\\\/indulgencia-plenaria-para-o-santuario-da-rocha\\\/\",\"url\":\"https:\\\/\\\/paroquiaqueijas.net\\\/portal\\\/indulgencia-plenaria-para-o-santuario-da-rocha\\\/\",\"name\":\"Indulg\u00eancia Plen\u00e1ria para o Santu\u00e1rio da Rocha - Paroquia de Queijas\",\"isPartOf\":{\"@id\":\"https:\\\/\\\/paroquiaqueijas.net\\\/portal\\\/#website\"},\"primaryImageOfPage\":{\"@id\":\"https:\\\/\\\/paroquiaqueijas.net\\\/portal\\\/indulgencia-plenaria-para-o-santuario-da-rocha\\\/#primaryimage\"},\"image\":{\"@id\":\"https:\\\/\\\/paroquiaqueijas.net\\\/portal\\\/indulgencia-plenaria-para-o-santuario-da-rocha\\\/#primaryimage\"},\"thumbnailUrl\":\"https:\\\/\\\/paroquiaqueijas.net\\\/portal\\\/wp-content\\\/uploads\\\/2013\\\/01\\\/SantRocha.jpg\",\"datePublished\":\"2013-01-01T16:36:04+00:00\",\"dateModified\":\"2026-04-17T15:24:28+00:00\",\"breadcrumb\":{\"@id\":\"https:\\\/\\\/paroquiaqueijas.net\\\/portal\\\/indulgencia-plenaria-para-o-santuario-da-rocha\\\/#breadcrumb\"},\"inLanguage\":\"pt-PT\",\"potentialAction\":[{\"@type\":\"ReadAction\",\"target\":[\"https:\\\/\\\/paroquiaqueijas.net\\\/portal\\\/indulgencia-plenaria-para-o-santuario-da-rocha\\\/\"]}]},{\"@type\":\"ImageObject\",\"inLanguage\":\"pt-PT\",\"@id\":\"https:\\\/\\\/paroquiaqueijas.net\\\/portal\\\/indulgencia-plenaria-para-o-santuario-da-rocha\\\/#primaryimage\",\"url\":\"https:\\\/\\\/paroquiaqueijas.net\\\/portal\\\/wp-content\\\/uploads\\\/2013\\\/01\\\/SantRocha.jpg\",\"contentUrl\":\"https:\\\/\\\/paroquiaqueijas.net\\\/portal\\\/wp-content\\\/uploads\\\/2013\\\/01\\\/SantRocha.jpg\",\"width\":842,\"height\":588,\"caption\":\"SantRocha\"},{\"@type\":\"BreadcrumbList\",\"@id\":\"https:\\\/\\\/paroquiaqueijas.net\\\/portal\\\/indulgencia-plenaria-para-o-santuario-da-rocha\\\/#breadcrumb\",\"itemListElement\":[{\"@type\":\"ListItem\",\"position\":1,\"name\":\"In\u00edcio\",\"item\":\"https:\\\/\\\/paroquiaqueijas.net\\\/portal\\\/\"},{\"@type\":\"ListItem\",\"position\":2,\"name\":\"Indulg\u00eancia Plen\u00e1ria para o Santu\u00e1rio da Rocha\"}]},{\"@type\":\"WebSite\",\"@id\":\"https:\\\/\\\/paroquiaqueijas.net\\\/portal\\\/#website\",\"url\":\"https:\\\/\\\/paroquiaqueijas.net\\\/portal\\\/\",\"name\":\"Paroquia de Queijas\",\"description\":\"\",\"publisher\":{\"@id\":\"https:\\\/\\\/paroquiaqueijas.net\\\/portal\\\/#organization\"},\"potentialAction\":[{\"@type\":\"SearchAction\",\"target\":{\"@type\":\"EntryPoint\",\"urlTemplate\":\"https:\\\/\\\/paroquiaqueijas.net\\\/portal\\\/?s={search_term_string}\"},\"query-input\":{\"@type\":\"PropertyValueSpecification\",\"valueRequired\":true,\"valueName\":\"search_term_string\"}}],\"inLanguage\":\"pt-PT\"},{\"@type\":\"Organization\",\"@id\":\"https:\\\/\\\/paroquiaqueijas.net\\\/portal\\\/#organization\",\"name\":\"Paroquia de Queijas\",\"url\":\"https:\\\/\\\/paroquiaqueijas.net\\\/portal\\\/\",\"logo\":{\"@type\":\"ImageObject\",\"inLanguage\":\"pt-PT\",\"@id\":\"https:\\\/\\\/paroquiaqueijas.net\\\/portal\\\/#\\\/schema\\\/logo\\\/image\\\/\",\"url\":\"https:\\\/\\\/paroquiaqueijas.net\\\/portal\\\/wp-content\\\/uploads\\\/2026\\\/03\\\/LogoQueijas_novo.png\",\"contentUrl\":\"https:\\\/\\\/paroquiaqueijas.net\\\/portal\\\/wp-content\\\/uploads\\\/2026\\\/03\\\/LogoQueijas_novo.png\",\"width\":520,\"height\":519,\"caption\":\"Paroquia de Queijas\"},\"image\":{\"@id\":\"https:\\\/\\\/paroquiaqueijas.net\\\/portal\\\/#\\\/schema\\\/logo\\\/image\\\/\"},\"sameAs\":[\"https:\\\/\\\/www.facebook.com\\\/paroquiaqueijas\\\/\"]},{\"@type\":\"Person\",\"@id\":\"https:\\\/\\\/paroquiaqueijas.net\\\/portal\\\/#\\\/schema\\\/person\\\/07bb4cce216326e06b6f742b719ebec7\",\"name\":\"Paroquia de Queijas\",\"image\":{\"@type\":\"ImageObject\",\"inLanguage\":\"pt-PT\",\"@id\":\"https:\\\/\\\/secure.gravatar.com\\\/avatar\\\/5054571ff5d2454cd50657fc4e61d0c32d7a5d0d3b36ef6c0f6e269276d13618?s=96&d=mm&r=g\",\"url\":\"https:\\\/\\\/secure.gravatar.com\\\/avatar\\\/5054571ff5d2454cd50657fc4e61d0c32d7a5d0d3b36ef6c0f6e269276d13618?s=96&d=mm&r=g\",\"contentUrl\":\"https:\\\/\\\/secure.gravatar.com\\\/avatar\\\/5054571ff5d2454cd50657fc4e61d0c32d7a5d0d3b36ef6c0f6e269276d13618?s=96&d=mm&r=g\",\"caption\":\"Paroquia de Queijas\"},\"sameAs\":[\"https:\\\/\\\/paroquiaqueijas.net\\\/site\"],\"url\":\"https:\\\/\\\/paroquiaqueijas.net\\\/portal\\\/author\\\/admin1\\\/\"}]}<\/script>\n<!-- \/ Yoast SEO plugin. -->","yoast_head_json":{"title":"Indulg\u00eancia Plen\u00e1ria para o Santu\u00e1rio da Rocha - Paroquia de Queijas","robots":{"index":"index","follow":"follow","max-snippet":"max-snippet:-1","max-image-preview":"max-image-preview:large","max-video-preview":"max-video-preview:-1"},"canonical":"https:\/\/paroquiaqueijas.net\/portal\/indulgencia-plenaria-para-o-santuario-da-rocha\/","og_locale":"pt_PT","og_type":"article","og_title":"Indulg\u00eancia Plen\u00e1ria para o Santu\u00e1rio da Rocha - Paroquia de Queijas","og_description":"Neste Ano da F\u00e9, Sua Em.\u00aa Rev.ma Dom Jos\u00e9 da Cruz Cruz Policarpo determinou para a Diocese de Lisboa \u2013 [&hellip;]","og_url":"https:\/\/paroquiaqueijas.net\/portal\/indulgencia-plenaria-para-o-santuario-da-rocha\/","og_site_name":"Paroquia de Queijas","article_publisher":"https:\/\/www.facebook.com\/paroquiaqueijas\/","article_published_time":"2013-01-01T16:36:04+00:00","article_modified_time":"2026-04-17T15:24:28+00:00","og_image":[{"width":842,"height":588,"url":"https:\/\/paroquiaqueijas.net\/portal\/wp-content\/uploads\/2013\/01\/SantRocha.jpg","type":"image\/jpeg"}],"author":"Paroquia de Queijas","twitter_card":"summary_large_image","twitter_misc":{"Escrito por":"Paroquia de Queijas","Tempo estimado de leitura":"6 minutos"},"schema":{"@context":"https:\/\/schema.org","@graph":[{"@type":"Article","@id":"https:\/\/paroquiaqueijas.net\/portal\/indulgencia-plenaria-para-o-santuario-da-rocha\/#article","isPartOf":{"@id":"https:\/\/paroquiaqueijas.net\/portal\/indulgencia-plenaria-para-o-santuario-da-rocha\/"},"author":{"name":"Paroquia de Queijas","@id":"https:\/\/paroquiaqueijas.net\/portal\/#\/schema\/person\/07bb4cce216326e06b6f742b719ebec7"},"headline":"Indulg\u00eancia Plen\u00e1ria para o Santu\u00e1rio da Rocha","datePublished":"2013-01-01T16:36:04+00:00","dateModified":"2026-04-17T15:24:28+00:00","mainEntityOfPage":{"@id":"https:\/\/paroquiaqueijas.net\/portal\/indulgencia-plenaria-para-o-santuario-da-rocha\/"},"wordCount":936,"commentCount":0,"publisher":{"@id":"https:\/\/paroquiaqueijas.net\/portal\/#organization"},"image":{"@id":"https:\/\/paroquiaqueijas.net\/portal\/indulgencia-plenaria-para-o-santuario-da-rocha\/#primaryimage"},"thumbnailUrl":"https:\/\/paroquiaqueijas.net\/portal\/wp-content\/uploads\/2013\/01\/SantRocha.jpg","articleSection":["Santu\u00e1rio da Rocha"],"inLanguage":"pt-PT","potentialAction":[{"@type":"CommentAction","name":"Comment","target":["https:\/\/paroquiaqueijas.net\/portal\/indulgencia-plenaria-para-o-santuario-da-rocha\/#respond"]}]},{"@type":"WebPage","@id":"https:\/\/paroquiaqueijas.net\/portal\/indulgencia-plenaria-para-o-santuario-da-rocha\/","url":"https:\/\/paroquiaqueijas.net\/portal\/indulgencia-plenaria-para-o-santuario-da-rocha\/","name":"Indulg\u00eancia Plen\u00e1ria para o Santu\u00e1rio da Rocha - Paroquia de Queijas","isPartOf":{"@id":"https:\/\/paroquiaqueijas.net\/portal\/#website"},"primaryImageOfPage":{"@id":"https:\/\/paroquiaqueijas.net\/portal\/indulgencia-plenaria-para-o-santuario-da-rocha\/#primaryimage"},"image":{"@id":"https:\/\/paroquiaqueijas.net\/portal\/indulgencia-plenaria-para-o-santuario-da-rocha\/#primaryimage"},"thumbnailUrl":"https:\/\/paroquiaqueijas.net\/portal\/wp-content\/uploads\/2013\/01\/SantRocha.jpg","datePublished":"2013-01-01T16:36:04+00:00","dateModified":"2026-04-17T15:24:28+00:00","breadcrumb":{"@id":"https:\/\/paroquiaqueijas.net\/portal\/indulgencia-plenaria-para-o-santuario-da-rocha\/#breadcrumb"},"inLanguage":"pt-PT","potentialAction":[{"@type":"ReadAction","target":["https:\/\/paroquiaqueijas.net\/portal\/indulgencia-plenaria-para-o-santuario-da-rocha\/"]}]},{"@type":"ImageObject","inLanguage":"pt-PT","@id":"https:\/\/paroquiaqueijas.net\/portal\/indulgencia-plenaria-para-o-santuario-da-rocha\/#primaryimage","url":"https:\/\/paroquiaqueijas.net\/portal\/wp-content\/uploads\/2013\/01\/SantRocha.jpg","contentUrl":"https:\/\/paroquiaqueijas.net\/portal\/wp-content\/uploads\/2013\/01\/SantRocha.jpg","width":842,"height":588,"caption":"SantRocha"},{"@type":"BreadcrumbList","@id":"https:\/\/paroquiaqueijas.net\/portal\/indulgencia-plenaria-para-o-santuario-da-rocha\/#breadcrumb","itemListElement":[{"@type":"ListItem","position":1,"name":"In\u00edcio","item":"https:\/\/paroquiaqueijas.net\/portal\/"},{"@type":"ListItem","position":2,"name":"Indulg\u00eancia Plen\u00e1ria para o Santu\u00e1rio da Rocha"}]},{"@type":"WebSite","@id":"https:\/\/paroquiaqueijas.net\/portal\/#website","url":"https:\/\/paroquiaqueijas.net\/portal\/","name":"Paroquia de Queijas","description":"","publisher":{"@id":"https:\/\/paroquiaqueijas.net\/portal\/#organization"},"potentialAction":[{"@type":"SearchAction","target":{"@type":"EntryPoint","urlTemplate":"https:\/\/paroquiaqueijas.net\/portal\/?s={search_term_string}"},"query-input":{"@type":"PropertyValueSpecification","valueRequired":true,"valueName":"search_term_string"}}],"inLanguage":"pt-PT"},{"@type":"Organization","@id":"https:\/\/paroquiaqueijas.net\/portal\/#organization","name":"Paroquia de Queijas","url":"https:\/\/paroquiaqueijas.net\/portal\/","logo":{"@type":"ImageObject","inLanguage":"pt-PT","@id":"https:\/\/paroquiaqueijas.net\/portal\/#\/schema\/logo\/image\/","url":"https:\/\/paroquiaqueijas.net\/portal\/wp-content\/uploads\/2026\/03\/LogoQueijas_novo.png","contentUrl":"https:\/\/paroquiaqueijas.net\/portal\/wp-content\/uploads\/2026\/03\/LogoQueijas_novo.png","width":520,"height":519,"caption":"Paroquia de Queijas"},"image":{"@id":"https:\/\/paroquiaqueijas.net\/portal\/#\/schema\/logo\/image\/"},"sameAs":["https:\/\/www.facebook.com\/paroquiaqueijas\/"]},{"@type":"Person","@id":"https:\/\/paroquiaqueijas.net\/portal\/#\/schema\/person\/07bb4cce216326e06b6f742b719ebec7","name":"Paroquia de Queijas","image":{"@type":"ImageObject","inLanguage":"pt-PT","@id":"https:\/\/secure.gravatar.com\/avatar\/5054571ff5d2454cd50657fc4e61d0c32d7a5d0d3b36ef6c0f6e269276d13618?s=96&d=mm&r=g","url":"https:\/\/secure.gravatar.com\/avatar\/5054571ff5d2454cd50657fc4e61d0c32d7a5d0d3b36ef6c0f6e269276d13618?s=96&d=mm&r=g","contentUrl":"https:\/\/secure.gravatar.com\/avatar\/5054571ff5d2454cd50657fc4e61d0c32d7a5d0d3b36ef6c0f6e269276d13618?s=96&d=mm&r=g","caption":"Paroquia de Queijas"},"sameAs":["https:\/\/paroquiaqueijas.net\/site"],"url":"https:\/\/paroquiaqueijas.net\/portal\/author\/admin1\/"}]}},"_links":{"self":[{"href":"https:\/\/paroquiaqueijas.net\/portal\/wp-json\/wp\/v2\/posts\/1152","targetHints":{"allow":["GET"]}}],"collection":[{"href":"https:\/\/paroquiaqueijas.net\/portal\/wp-json\/wp\/v2\/posts"}],"about":[{"href":"https:\/\/paroquiaqueijas.net\/portal\/wp-json\/wp\/v2\/types\/post"}],"author":[{"embeddable":true,"href":"https:\/\/paroquiaqueijas.net\/portal\/wp-json\/wp\/v2\/users\/1"}],"replies":[{"embeddable":true,"href":"https:\/\/paroquiaqueijas.net\/portal\/wp-json\/wp\/v2\/comments?post=1152"}],"version-history":[{"count":4,"href":"https:\/\/paroquiaqueijas.net\/portal\/wp-json\/wp\/v2\/posts\/1152\/revisions"}],"predecessor-version":[{"id":3917,"href":"https:\/\/paroquiaqueijas.net\/portal\/wp-json\/wp\/v2\/posts\/1152\/revisions\/3917"}],"wp:featuredmedia":[{"embeddable":true,"href":"https:\/\/paroquiaqueijas.net\/portal\/wp-json\/wp\/v2\/media\/1151"}],"wp:attachment":[{"href":"https:\/\/paroquiaqueijas.net\/portal\/wp-json\/wp\/v2\/media?parent=1152"}],"wp:term":[{"taxonomy":"category","embeddable":true,"href":"https:\/\/paroquiaqueijas.net\/portal\/wp-json\/wp\/v2\/categories?post=1152"},{"taxonomy":"post_tag","embeddable":true,"href":"https:\/\/paroquiaqueijas.net\/portal\/wp-json\/wp\/v2\/tags?post=1152"}],"curies":[{"name":"wp","href":"https:\/\/api.w.org\/{rel}","templated":true}]}}