{"id":12,"date":"2008-08-11T22:13:58","date_gmt":"2008-08-11T22:13:58","guid":{"rendered":"https:\/\/paroquiaqueijas.net\/site\/?p=12"},"modified":"2026-03-21T15:42:07","modified_gmt":"2026-03-21T15:42:07","slug":"vida-paroquial","status":"publish","type":"post","link":"https:\/\/paroquiaqueijas.net\/portal\/vida-paroquial\/","title":{"rendered":"Aleluia! O Senhor Ressuscitou"},"content":{"rendered":"<p style=\"line-height: 14pt; text-align: left;\">Aleluia! A nossa Ressurrei\u00e7\u00e3o j\u00e1 come\u00e7ou!<br \/> Aleluia! Aleluia! Aleluia!<br \/> Alegremo-nos, Irm\u00e3os, porque o Senhor Ressuscitou!<\/span><\/p>\n<p style=\"line-height: 14pt; text-align: left;\">\u00c9 este convite \u00e0 alegria que, desde a manh\u00e3 de P\u00e1scoa, <br \/> foi ecoando em todos os tempos e espa\u00e7os <br \/> onde o Senhor Jesus foi anunciado como: <br \/> \u2013 <strong>Caminho<\/strong> que leva \u00e0 plena realiza\u00e7\u00e3o; <br \/> \u2013 <strong>Verdade<\/strong> que conduz \u00e0 felicidade; <br \/> \u2013 <strong>Vida<\/strong> que nos oferece a divindade; <br \/> \u2013 <strong>Comunh\u00e3o<\/strong> que une os que d\u2019Ele se aproximam; <br \/> \u2013 <strong>Alimento<\/strong> dos que peregrinam para a casa do Pai; <br \/> \u2013 <strong>Peregrino<\/strong> que connosco caminha; <br \/> \u2013 <strong>Ideal<\/strong> de todo aquele que deseja ir mais longe e mais al\u00e9m; <br \/> \u2013 <strong>Sonho<\/strong> que nunca desilude quem segue os seus passos.<\/span><\/p>\n<p style=\"line-height: 14pt; text-align: left;\">Sempre que nos deixamos conduzir por Ele <br \/> experimentamos as mesmas contradi\u00e7\u00f5es que Ele viveu; <br \/> as persegui\u00e7\u00f5es com que Ele foi vexado; <br \/> as condena\u00e7\u00f5es com que Ele foi castigado; <br \/> as humilha\u00e7\u00f5es com que Ele foi rebaixado. <\/span><\/p>\n<p style=\"line-height: 14pt; text-align: left;\">Mas tamb\u00e9m, com Ele, <br \/> vamos aprendendo a levar a nossa cruz e a dos outros; <br \/> a sabermos ser julgados sem nos defendermos; <br \/> a morrermos para tanta coisa secund\u00e1ria <br \/> para mergulharmos no oceano da vida <br \/> que n\u00e3o tem ocaso, fronteira, dor: <\/span><\/p>\n<p style=\"line-height: 14pt; text-align: left;\">A ETERNA P\u00c1SCOA da passagem da limita\u00e7\u00e3o para a plenitude; <br \/> da dispers\u00e3o para a unidade; <br \/> da solid\u00e3o para a unidade; <br \/> da solid\u00e3o para a comunh\u00e3o \u2013 na comunidade trinit\u00e1ria, <br \/> alargada aos filhos de Deus, nascidos da Ressurrei\u00e7\u00e3o.<\/span><\/p>\n<p style=\"line-height: 14pt; text-align: left;\">Aleluia! Aleluia! Aleluia!<br \/> Alegremo-nos Irm\u00e3os!<br \/> A nossa ressurrei\u00e7\u00e3o j\u00e1 come\u00e7ou no Senhor Jesus!<\/p>\n<p><em>Felizes Festas Pascais!<\/em><\/span><\/p>\n<p style=\"line-height: 14pt; text-align: left;\"><span style=\"font-size: 8pt;\">Pe. Alexandre Santos<\/span><\/p>\n<p style=\"line-height: 14pt; text-align: left;\"><img fetchpriority=\"high\" decoding=\"async\" class=\" alignleft size-full wp-image-11\" style=\"margin: 20px 0px 0px; float: left;\" src=\"https:\/\/paroquiaqueijas.net\/portal\/wp-content\/uploads\/2008\/08\/Ig183b.jpg\" alt=\"Ig183b\" width=\"540\" height=\"214\" srcset=\"https:\/\/paroquiaqueijas.net\/portal\/wp-content\/uploads\/2008\/08\/Ig183b.jpg 888w, https:\/\/paroquiaqueijas.net\/portal\/wp-content\/uploads\/2008\/08\/Ig183b-300x119.jpg 300w, https:\/\/paroquiaqueijas.net\/portal\/wp-content\/uploads\/2008\/08\/Ig183b-768x304.jpg 768w\" sizes=\"(max-width: 540px) 100vw, 540px\" \/><br \/><\/span><\/p>\n<p style=\"line-height: 14pt; text-align: left;\">&nbsp;<\/span><\/p>\n<p>&nbsp;<\/p>\n","protected":false},"excerpt":{"rendered":"<p>Aleluia! A nossa Ressurrei\u00e7\u00e3o j\u00e1 come\u00e7ou! Aleluia! Aleluia! Aleluia! Alegremo-nos, Irm\u00e3os, porque o Senhor Ressuscitou! \u00c9 este convite \u00e0 alegria [&hellip;]<\/p>\n","protected":false},"author":1,"featured_media":11,"comment_status":"open","ping_status":"open","sticky":false,"template":"","format":"standard","meta":{"site-sidebar-layout":"default","site-content-layout":"","ast-site-content-layout":"default","site-content-style":"default","site-sidebar-style":"default","ast-global-header-display":"","ast-banner-title-visibility":"","ast-main-header-display":"","ast-hfb-above-header-display":"","ast-hfb-below-header-display":"","ast-hfb-mobile-header-display":"","site-post-title":"","ast-breadcrumbs-content":"","ast-featured-img":"","footer-sml-layout":"","ast-disable-related-posts":"","theme-transparent-header-meta":"","adv-header-id-meta":"","stick-header-meta":"","header-above-stick-meta":"","header-main-stick-meta":"","header-below-stick-meta":"","astra-migrate-meta-layouts":"default","ast-page-background-enabled":"default","ast-page-background-meta":{"desktop":{"background-color":"var(--ast-global-color-5)","background-image":"","background-repeat":"repeat","background-position":"center center","background-size":"auto","background-attachment":"scroll","background-type":"","background-media":"","overlay-type":"","overlay-color":"","overlay-opacity":"","overlay-gradient":""},"tablet":{"background-color":"","background-image":"","background-repeat":"repeat","background-position":"center center","background-size":"auto","background-attachment":"scroll","background-type":"","background-media":"","overlay-type":"","overlay-color":"","overlay-opacity":"","overlay-gradient":""},"mobile":{"background-color":"","background-image":"","background-repeat":"repeat","background-position":"center center","background-size":"auto","background-attachment":"scroll","background-type":"","background-media":"","overlay-type":"","overlay-color":"","overlay-opacity":"","overlay-gradient":""}},"ast-content-background-meta":{"desktop":{"background-color":"var(--ast-global-color-4)","background-image":"","background-repeat":"repeat","background-position":"center center","background-size":"auto","background-attachment":"scroll","background-type":"","background-media":"","overlay-type":"","overlay-color":"","overlay-opacity":"","overlay-gradient":""},"tablet":{"background-color":"var(--ast-global-color-4)","background-image":"","background-repeat":"repeat","background-position":"center center","background-size":"auto","background-attachment":"scroll","background-type":"","background-media":"","overlay-type":"","overlay-color":"","overlay-opacity":"","overlay-gradient":""},"mobile":{"background-color":"var(--ast-global-color-4)","background-image":"","background-repeat":"repeat","background-position":"center center","background-size":"auto","background-attachment":"scroll","background-type":"","background-media":"","overlay-type":"","overlay-color":"","overlay-opacity":"","overlay-gradient":""}},"footnotes":""},"categories":[41],"tags":[],"class_list":["post-12","post","type-post","status-publish","format-standard","has-post-thumbnail","hentry","category-mensagens"],"yoast_head":"<!-- This site is optimized with the Yoast SEO plugin v27.4 - https:\/\/yoast.com\/product\/yoast-seo-wordpress\/ -->\n<title>Aleluia! O Senhor Ressuscitou - Paroquia de Queijas<\/title>\n<meta name=\"robots\" content=\"index, follow, max-snippet:-1, max-image-preview:large, max-video-preview:-1\" \/>\n<link rel=\"canonical\" href=\"https:\/\/paroquiaqueijas.net\/portal\/vida-paroquial\/\" \/>\n<meta property=\"og:locale\" content=\"pt_PT\" \/>\n<meta property=\"og:type\" content=\"article\" \/>\n<meta property=\"og:title\" content=\"Aleluia! O Senhor Ressuscitou - Paroquia de Queijas\" \/>\n<meta property=\"og:description\" content=\"Aleluia! A nossa Ressurrei\u00e7\u00e3o j\u00e1 come\u00e7ou! Aleluia! Aleluia! Aleluia! Alegremo-nos, Irm\u00e3os, porque o Senhor Ressuscitou! \u00c9 este convite \u00e0 alegria [&hellip;]\" \/>\n<meta property=\"og:url\" content=\"https:\/\/paroquiaqueijas.net\/portal\/vida-paroquial\/\" \/>\n<meta property=\"og:site_name\" content=\"Paroquia de Queijas\" \/>\n<meta property=\"article:publisher\" content=\"https:\/\/www.facebook.com\/paroquiaqueijas\/\" \/>\n<meta property=\"article:published_time\" content=\"2008-08-11T22:13:58+00:00\" \/>\n<meta property=\"article:modified_time\" content=\"2026-03-21T15:42:07+00:00\" \/>\n<meta property=\"og:image\" content=\"https:\/\/paroquiaqueijas.net\/portal\/wp-content\/uploads\/2008\/08\/Ig183b.jpg\" \/>\n\t<meta property=\"og:image:width\" content=\"888\" \/>\n\t<meta property=\"og:image:height\" content=\"352\" \/>\n\t<meta property=\"og:image:type\" content=\"image\/jpeg\" \/>\n<meta name=\"author\" content=\"Paroquia de Queijas\" \/>\n<meta name=\"twitter:card\" content=\"summary_large_image\" \/>\n<meta name=\"twitter:label1\" content=\"Escrito por\" \/>\n\t<meta name=\"twitter:data1\" content=\"Paroquia de Queijas\" \/>\n\t<meta name=\"twitter:label2\" content=\"Tempo estimado de leitura\" \/>\n\t<meta name=\"twitter:data2\" content=\"1 minuto\" \/>\n<script type=\"application\/ld+json\" class=\"yoast-schema-graph\">{\"@context\":\"https:\\\/\\\/schema.org\",\"@graph\":[{\"@type\":\"Article\",\"@id\":\"https:\\\/\\\/paroquiaqueijas.net\\\/portal\\\/vida-paroquial\\\/#article\",\"isPartOf\":{\"@id\":\"https:\\\/\\\/paroquiaqueijas.net\\\/portal\\\/vida-paroquial\\\/\"},\"author\":{\"name\":\"Paroquia de Queijas\",\"@id\":\"https:\\\/\\\/paroquiaqueijas.net\\\/portal\\\/#\\\/schema\\\/person\\\/07bb4cce216326e06b6f742b719ebec7\"},\"headline\":\"Aleluia! O Senhor Ressuscitou\",\"datePublished\":\"2008-08-11T22:13:58+00:00\",\"dateModified\":\"2026-03-21T15:42:07+00:00\",\"mainEntityOfPage\":{\"@id\":\"https:\\\/\\\/paroquiaqueijas.net\\\/portal\\\/vida-paroquial\\\/\"},\"wordCount\":259,\"commentCount\":0,\"publisher\":{\"@id\":\"https:\\\/\\\/paroquiaqueijas.net\\\/portal\\\/#organization\"},\"image\":{\"@id\":\"https:\\\/\\\/paroquiaqueijas.net\\\/portal\\\/vida-paroquial\\\/#primaryimage\"},\"thumbnailUrl\":\"https:\\\/\\\/paroquiaqueijas.net\\\/portal\\\/wp-content\\\/uploads\\\/2008\\\/08\\\/Ig183b.jpg\",\"articleSection\":[\"Mensagens\"],\"inLanguage\":\"pt-PT\",\"potentialAction\":[{\"@type\":\"CommentAction\",\"name\":\"Comment\",\"target\":[\"https:\\\/\\\/paroquiaqueijas.net\\\/portal\\\/vida-paroquial\\\/#respond\"]}]},{\"@type\":\"WebPage\",\"@id\":\"https:\\\/\\\/paroquiaqueijas.net\\\/portal\\\/vida-paroquial\\\/\",\"url\":\"https:\\\/\\\/paroquiaqueijas.net\\\/portal\\\/vida-paroquial\\\/\",\"name\":\"Aleluia! O Senhor Ressuscitou - Paroquia de Queijas\",\"isPartOf\":{\"@id\":\"https:\\\/\\\/paroquiaqueijas.net\\\/portal\\\/#website\"},\"primaryImageOfPage\":{\"@id\":\"https:\\\/\\\/paroquiaqueijas.net\\\/portal\\\/vida-paroquial\\\/#primaryimage\"},\"image\":{\"@id\":\"https:\\\/\\\/paroquiaqueijas.net\\\/portal\\\/vida-paroquial\\\/#primaryimage\"},\"thumbnailUrl\":\"https:\\\/\\\/paroquiaqueijas.net\\\/portal\\\/wp-content\\\/uploads\\\/2008\\\/08\\\/Ig183b.jpg\",\"datePublished\":\"2008-08-11T22:13:58+00:00\",\"dateModified\":\"2026-03-21T15:42:07+00:00\",\"breadcrumb\":{\"@id\":\"https:\\\/\\\/paroquiaqueijas.net\\\/portal\\\/vida-paroquial\\\/#breadcrumb\"},\"inLanguage\":\"pt-PT\",\"potentialAction\":[{\"@type\":\"ReadAction\",\"target\":[\"https:\\\/\\\/paroquiaqueijas.net\\\/portal\\\/vida-paroquial\\\/\"]}]},{\"@type\":\"ImageObject\",\"inLanguage\":\"pt-PT\",\"@id\":\"https:\\\/\\\/paroquiaqueijas.net\\\/portal\\\/vida-paroquial\\\/#primaryimage\",\"url\":\"https:\\\/\\\/paroquiaqueijas.net\\\/portal\\\/wp-content\\\/uploads\\\/2008\\\/08\\\/Ig183b.jpg\",\"contentUrl\":\"https:\\\/\\\/paroquiaqueijas.net\\\/portal\\\/wp-content\\\/uploads\\\/2008\\\/08\\\/Ig183b.jpg\",\"width\":888,\"height\":352,\"caption\":\"Ig183b\"},{\"@type\":\"BreadcrumbList\",\"@id\":\"https:\\\/\\\/paroquiaqueijas.net\\\/portal\\\/vida-paroquial\\\/#breadcrumb\",\"itemListElement\":[{\"@type\":\"ListItem\",\"position\":1,\"name\":\"In\u00edcio\",\"item\":\"https:\\\/\\\/paroquiaqueijas.net\\\/portal\\\/\"},{\"@type\":\"ListItem\",\"position\":2,\"name\":\"Aleluia! O Senhor Ressuscitou\"}]},{\"@type\":\"WebSite\",\"@id\":\"https:\\\/\\\/paroquiaqueijas.net\\\/portal\\\/#website\",\"url\":\"https:\\\/\\\/paroquiaqueijas.net\\\/portal\\\/\",\"name\":\"Paroquia de Queijas\",\"description\":\"\",\"publisher\":{\"@id\":\"https:\\\/\\\/paroquiaqueijas.net\\\/portal\\\/#organization\"},\"potentialAction\":[{\"@type\":\"SearchAction\",\"target\":{\"@type\":\"EntryPoint\",\"urlTemplate\":\"https:\\\/\\\/paroquiaqueijas.net\\\/portal\\\/?s={search_term_string}\"},\"query-input\":{\"@type\":\"PropertyValueSpecification\",\"valueRequired\":true,\"valueName\":\"search_term_string\"}}],\"inLanguage\":\"pt-PT\"},{\"@type\":\"Organization\",\"@id\":\"https:\\\/\\\/paroquiaqueijas.net\\\/portal\\\/#organization\",\"name\":\"Paroquia de Queijas\",\"url\":\"https:\\\/\\\/paroquiaqueijas.net\\\/portal\\\/\",\"logo\":{\"@type\":\"ImageObject\",\"inLanguage\":\"pt-PT\",\"@id\":\"https:\\\/\\\/paroquiaqueijas.net\\\/portal\\\/#\\\/schema\\\/logo\\\/image\\\/\",\"url\":\"https:\\\/\\\/paroquiaqueijas.net\\\/portal\\\/wp-content\\\/uploads\\\/2026\\\/03\\\/LogoQueijas_novo.png\",\"contentUrl\":\"https:\\\/\\\/paroquiaqueijas.net\\\/portal\\\/wp-content\\\/uploads\\\/2026\\\/03\\\/LogoQueijas_novo.png\",\"width\":520,\"height\":519,\"caption\":\"Paroquia de Queijas\"},\"image\":{\"@id\":\"https:\\\/\\\/paroquiaqueijas.net\\\/portal\\\/#\\\/schema\\\/logo\\\/image\\\/\"},\"sameAs\":[\"https:\\\/\\\/www.facebook.com\\\/paroquiaqueijas\\\/\"]},{\"@type\":\"Person\",\"@id\":\"https:\\\/\\\/paroquiaqueijas.net\\\/portal\\\/#\\\/schema\\\/person\\\/07bb4cce216326e06b6f742b719ebec7\",\"name\":\"Paroquia de Queijas\",\"image\":{\"@type\":\"ImageObject\",\"inLanguage\":\"pt-PT\",\"@id\":\"https:\\\/\\\/secure.gravatar.com\\\/avatar\\\/5054571ff5d2454cd50657fc4e61d0c32d7a5d0d3b36ef6c0f6e269276d13618?s=96&d=mm&r=g\",\"url\":\"https:\\\/\\\/secure.gravatar.com\\\/avatar\\\/5054571ff5d2454cd50657fc4e61d0c32d7a5d0d3b36ef6c0f6e269276d13618?s=96&d=mm&r=g\",\"contentUrl\":\"https:\\\/\\\/secure.gravatar.com\\\/avatar\\\/5054571ff5d2454cd50657fc4e61d0c32d7a5d0d3b36ef6c0f6e269276d13618?s=96&d=mm&r=g\",\"caption\":\"Paroquia de Queijas\"},\"sameAs\":[\"https:\\\/\\\/paroquiaqueijas.net\\\/site\"],\"url\":\"https:\\\/\\\/paroquiaqueijas.net\\\/portal\\\/author\\\/admin1\\\/\"}]}<\/script>\n<!-- \/ Yoast SEO plugin. -->","yoast_head_json":{"title":"Aleluia! O Senhor Ressuscitou - Paroquia de Queijas","robots":{"index":"index","follow":"follow","max-snippet":"max-snippet:-1","max-image-preview":"max-image-preview:large","max-video-preview":"max-video-preview:-1"},"canonical":"https:\/\/paroquiaqueijas.net\/portal\/vida-paroquial\/","og_locale":"pt_PT","og_type":"article","og_title":"Aleluia! O Senhor Ressuscitou - Paroquia de Queijas","og_description":"Aleluia! A nossa Ressurrei\u00e7\u00e3o j\u00e1 come\u00e7ou! Aleluia! Aleluia! Aleluia! Alegremo-nos, Irm\u00e3os, porque o Senhor Ressuscitou! \u00c9 este convite \u00e0 alegria [&hellip;]","og_url":"https:\/\/paroquiaqueijas.net\/portal\/vida-paroquial\/","og_site_name":"Paroquia de Queijas","article_publisher":"https:\/\/www.facebook.com\/paroquiaqueijas\/","article_published_time":"2008-08-11T22:13:58+00:00","article_modified_time":"2026-03-21T15:42:07+00:00","og_image":[{"width":888,"height":352,"url":"https:\/\/paroquiaqueijas.net\/portal\/wp-content\/uploads\/2008\/08\/Ig183b.jpg","type":"image\/jpeg"}],"author":"Paroquia de Queijas","twitter_card":"summary_large_image","twitter_misc":{"Escrito por":"Paroquia de Queijas","Tempo estimado de leitura":"1 minuto"},"schema":{"@context":"https:\/\/schema.org","@graph":[{"@type":"Article","@id":"https:\/\/paroquiaqueijas.net\/portal\/vida-paroquial\/#article","isPartOf":{"@id":"https:\/\/paroquiaqueijas.net\/portal\/vida-paroquial\/"},"author":{"name":"Paroquia de Queijas","@id":"https:\/\/paroquiaqueijas.net\/portal\/#\/schema\/person\/07bb4cce216326e06b6f742b719ebec7"},"headline":"Aleluia! O Senhor Ressuscitou","datePublished":"2008-08-11T22:13:58+00:00","dateModified":"2026-03-21T15:42:07+00:00","mainEntityOfPage":{"@id":"https:\/\/paroquiaqueijas.net\/portal\/vida-paroquial\/"},"wordCount":259,"commentCount":0,"publisher":{"@id":"https:\/\/paroquiaqueijas.net\/portal\/#organization"},"image":{"@id":"https:\/\/paroquiaqueijas.net\/portal\/vida-paroquial\/#primaryimage"},"thumbnailUrl":"https:\/\/paroquiaqueijas.net\/portal\/wp-content\/uploads\/2008\/08\/Ig183b.jpg","articleSection":["Mensagens"],"inLanguage":"pt-PT","potentialAction":[{"@type":"CommentAction","name":"Comment","target":["https:\/\/paroquiaqueijas.net\/portal\/vida-paroquial\/#respond"]}]},{"@type":"WebPage","@id":"https:\/\/paroquiaqueijas.net\/portal\/vida-paroquial\/","url":"https:\/\/paroquiaqueijas.net\/portal\/vida-paroquial\/","name":"Aleluia! O Senhor Ressuscitou - Paroquia de Queijas","isPartOf":{"@id":"https:\/\/paroquiaqueijas.net\/portal\/#website"},"primaryImageOfPage":{"@id":"https:\/\/paroquiaqueijas.net\/portal\/vida-paroquial\/#primaryimage"},"image":{"@id":"https:\/\/paroquiaqueijas.net\/portal\/vida-paroquial\/#primaryimage"},"thumbnailUrl":"https:\/\/paroquiaqueijas.net\/portal\/wp-content\/uploads\/2008\/08\/Ig183b.jpg","datePublished":"2008-08-11T22:13:58+00:00","dateModified":"2026-03-21T15:42:07+00:00","breadcrumb":{"@id":"https:\/\/paroquiaqueijas.net\/portal\/vida-paroquial\/#breadcrumb"},"inLanguage":"pt-PT","potentialAction":[{"@type":"ReadAction","target":["https:\/\/paroquiaqueijas.net\/portal\/vida-paroquial\/"]}]},{"@type":"ImageObject","inLanguage":"pt-PT","@id":"https:\/\/paroquiaqueijas.net\/portal\/vida-paroquial\/#primaryimage","url":"https:\/\/paroquiaqueijas.net\/portal\/wp-content\/uploads\/2008\/08\/Ig183b.jpg","contentUrl":"https:\/\/paroquiaqueijas.net\/portal\/wp-content\/uploads\/2008\/08\/Ig183b.jpg","width":888,"height":352,"caption":"Ig183b"},{"@type":"BreadcrumbList","@id":"https:\/\/paroquiaqueijas.net\/portal\/vida-paroquial\/#breadcrumb","itemListElement":[{"@type":"ListItem","position":1,"name":"In\u00edcio","item":"https:\/\/paroquiaqueijas.net\/portal\/"},{"@type":"ListItem","position":2,"name":"Aleluia! O Senhor Ressuscitou"}]},{"@type":"WebSite","@id":"https:\/\/paroquiaqueijas.net\/portal\/#website","url":"https:\/\/paroquiaqueijas.net\/portal\/","name":"Paroquia de Queijas","description":"","publisher":{"@id":"https:\/\/paroquiaqueijas.net\/portal\/#organization"},"potentialAction":[{"@type":"SearchAction","target":{"@type":"EntryPoint","urlTemplate":"https:\/\/paroquiaqueijas.net\/portal\/?s={search_term_string}"},"query-input":{"@type":"PropertyValueSpecification","valueRequired":true,"valueName":"search_term_string"}}],"inLanguage":"pt-PT"},{"@type":"Organization","@id":"https:\/\/paroquiaqueijas.net\/portal\/#organization","name":"Paroquia de Queijas","url":"https:\/\/paroquiaqueijas.net\/portal\/","logo":{"@type":"ImageObject","inLanguage":"pt-PT","@id":"https:\/\/paroquiaqueijas.net\/portal\/#\/schema\/logo\/image\/","url":"https:\/\/paroquiaqueijas.net\/portal\/wp-content\/uploads\/2026\/03\/LogoQueijas_novo.png","contentUrl":"https:\/\/paroquiaqueijas.net\/portal\/wp-content\/uploads\/2026\/03\/LogoQueijas_novo.png","width":520,"height":519,"caption":"Paroquia de Queijas"},"image":{"@id":"https:\/\/paroquiaqueijas.net\/portal\/#\/schema\/logo\/image\/"},"sameAs":["https:\/\/www.facebook.com\/paroquiaqueijas\/"]},{"@type":"Person","@id":"https:\/\/paroquiaqueijas.net\/portal\/#\/schema\/person\/07bb4cce216326e06b6f742b719ebec7","name":"Paroquia de Queijas","image":{"@type":"ImageObject","inLanguage":"pt-PT","@id":"https:\/\/secure.gravatar.com\/avatar\/5054571ff5d2454cd50657fc4e61d0c32d7a5d0d3b36ef6c0f6e269276d13618?s=96&d=mm&r=g","url":"https:\/\/secure.gravatar.com\/avatar\/5054571ff5d2454cd50657fc4e61d0c32d7a5d0d3b36ef6c0f6e269276d13618?s=96&d=mm&r=g","contentUrl":"https:\/\/secure.gravatar.com\/avatar\/5054571ff5d2454cd50657fc4e61d0c32d7a5d0d3b36ef6c0f6e269276d13618?s=96&d=mm&r=g","caption":"Paroquia de Queijas"},"sameAs":["https:\/\/paroquiaqueijas.net\/site"],"url":"https:\/\/paroquiaqueijas.net\/portal\/author\/admin1\/"}]}},"_links":{"self":[{"href":"https:\/\/paroquiaqueijas.net\/portal\/wp-json\/wp\/v2\/posts\/12","targetHints":{"allow":["GET"]}}],"collection":[{"href":"https:\/\/paroquiaqueijas.net\/portal\/wp-json\/wp\/v2\/posts"}],"about":[{"href":"https:\/\/paroquiaqueijas.net\/portal\/wp-json\/wp\/v2\/types\/post"}],"author":[{"embeddable":true,"href":"https:\/\/paroquiaqueijas.net\/portal\/wp-json\/wp\/v2\/users\/1"}],"replies":[{"embeddable":true,"href":"https:\/\/paroquiaqueijas.net\/portal\/wp-json\/wp\/v2\/comments?post=12"}],"version-history":[{"count":1,"href":"https:\/\/paroquiaqueijas.net\/portal\/wp-json\/wp\/v2\/posts\/12\/revisions"}],"predecessor-version":[{"id":2976,"href":"https:\/\/paroquiaqueijas.net\/portal\/wp-json\/wp\/v2\/posts\/12\/revisions\/2976"}],"wp:featuredmedia":[{"embeddable":true,"href":"https:\/\/paroquiaqueijas.net\/portal\/wp-json\/wp\/v2\/media\/11"}],"wp:attachment":[{"href":"https:\/\/paroquiaqueijas.net\/portal\/wp-json\/wp\/v2\/media?parent=12"}],"wp:term":[{"taxonomy":"category","embeddable":true,"href":"https:\/\/paroquiaqueijas.net\/portal\/wp-json\/wp\/v2\/categories?post=12"},{"taxonomy":"post_tag","embeddable":true,"href":"https:\/\/paroquiaqueijas.net\/portal\/wp-json\/wp\/v2\/tags?post=12"}],"curies":[{"name":"wp","href":"https:\/\/api.w.org\/{rel}","templated":true}]}}