{"id":1432,"date":"2016-02-13T15:03:43","date_gmt":"2016-02-13T15:03:43","guid":{"rendered":"https:\/\/paroquiaqueijas.net\/site\/?p=1432"},"modified":"2026-03-21T15:40:57","modified_gmt":"2026-03-21T15:40:57","slug":"quaresma-tempo-favoravel-tempo-de-salvacao","status":"publish","type":"post","link":"https:\/\/paroquiaqueijas.net\/portal\/quaresma-tempo-favoravel-tempo-de-salvacao\/","title":{"rendered":"Quaresma: tempo favor\u00e1vel, tempo de salva\u00e7\u00e3o!"},"content":{"rendered":"<p><img decoding=\"async\" class=\" alignright size-full wp-image-1431\" src=\"https:\/\/paroquiaqueijas.net\/portal\/wp-content\/uploads\/2016\/02\/Quaresma16.jpg\" alt=\"Quaresma16\" width=\"300\" height=\"98\" style=\"float: right;\" srcset=\"https:\/\/paroquiaqueijas.net\/portal\/wp-content\/uploads\/2016\/02\/Quaresma16.jpg 1422w, https:\/\/paroquiaqueijas.net\/portal\/wp-content\/uploads\/2016\/02\/Quaresma16-300x98.jpg 300w, https:\/\/paroquiaqueijas.net\/portal\/wp-content\/uploads\/2016\/02\/Quaresma16-1024x335.jpg 1024w, https:\/\/paroquiaqueijas.net\/portal\/wp-content\/uploads\/2016\/02\/Quaresma16-768x251.jpg 768w\" sizes=\"(max-width: 300px) 100vw, 300px\" \/>Quaresma, tempo para redescobrir o rosto misericordioso do Pai!<br \/>Quaresma, tempo de transforma&ccedil;&atilde;o e de renova&ccedil;&atilde;o interior<br \/>Este &eacute; o momento favor&aacute;vel para mudar! Este &eacute; o tempo de se deixar tocar o cora&ccedil;&atilde;o.<\/p>\n<p>&laquo;Precisamos sempre de contemplar o mist&eacute;rio da miseric&oacute;rdia. &Eacute; fonte de alegria, serenidade e paz. &Eacute; condi&ccedil;&atilde;o da nossa salva&ccedil;&atilde;o. Miseric&oacute;rdia: &eacute; a palavra que revela o mist&eacute;rio da Sant&iacute;ssima Trindade. Miseric&oacute;rdia: &eacute; o acto &uacute;ltimo e supremo pelo qual Deus vem ao nosso encontro. Miseric&oacute;rdia: &eacute; a lei fundamental que mora no cora&ccedil;&atilde;o de cada pessoa, quando v&ecirc; com olhos sinceros o irm&atilde;o que encontra no caminho da vida. Miseric&oacute;rdia: &eacute; o caminho que une Deus e o homem, porque nos abre o cora&ccedil;&atilde;o &agrave; esperan&ccedil;a de sermos amados para sempre, apesar da limita&ccedil;&atilde;o do nosso pecado.&raquo;<\/p>\n<p>&laquo;A miseric&oacute;rdia de Deus transforma o cora&ccedil;&atilde;o do homem e faz-lhe experimentar um amor fiel, tornando-o assim, por sua vez, capaz de miseric&oacute;rdia. &Eacute; um milagre sempre novo que a miseric&oacute;rdia divina possa irradiar-se na vida de cada um de n&oacute;s, estimulando-nos ao amor do pr&oacute;ximo e animando aquilo que a tradi&ccedil;&atilde;o da Igreja chama as obras de miseric&oacute;rdia corporal e espiritual.<\/p>\n<p>Estas recordam-nos que a nossa f&eacute; se traduz em actos concretos e quotidianos, destinados a ajudar o nosso pr&oacute;ximo no corpo e no esp&iacute;rito e sobre os quais havemos de ser julgados: aliment&aacute;-lo, visit&aacute;-lo, confort&aacute;-lo, educ&aacute;-lo.<br \/>Por isso, expressei o desejo de que &laquo;o povo crist&atilde;o reflicta, durante o Jubileu, sobre as obras de miseric&oacute;rdia corporal e espiritual. Ser&aacute; uma maneira de acordar a nossa consci&ecirc;ncia, muitas vezes adormecida perante o drama da pobreza, e de entrar cada vez mais no cora&ccedil;&atilde;o do Evangelho, onde os pobres s&atilde;o os privilegiados da miseric&oacute;rdia divina&raquo; Rosto da Miseric&oacute;rdia, 15). Realmente, no pobre, a carne de Cristo &laquo;torna-se de novo vis&iacute;vel como corpo martirizado, chagado, flagelado, desnutrido, em fuga&#8230; a fim de ser reconhecido, tocado e assistido cuidadosamente por n&oacute;s&raquo; (Rosto da Miseric&oacute;rdia, 15).<\/p>\n<p>[&#8230;] Portanto a Quaresma deste Ano Jubilar &eacute; um tempo favor&aacute;vel para todos poderem, finalmente, sair da pr&oacute;pria aliena&ccedil;&atilde;o existencial, gra&ccedil;as &agrave; escuta da Palavra e &agrave;s obras de miseric&oacute;rdia.<\/p>\n<p>Se, por meio das obras corporais, tocamos a carne de Cristo nos irm&atilde;os e irm&atilde;s necessitados de ser nutridos, vestidos, alojados, visitados, as obras espirituais tocam mais directamente o nosso ser de pecadores: aconselhar, ensinar, perdoar, admoestar, rezar. Por isso, as obras corporais e as espirituais nunca devem ser separadas.<\/p>\n<p>Com efeito, &eacute; precisamente tocando, no miser&aacute;vel, a carne de Jesus crucificado que o pecador pode receber, em dom, a consci&ecirc;ncia de ser ele pr&oacute;prio um pobre mendigo. Por este caminho, tamb&eacute;m os &laquo;soberbos&raquo;, os &laquo;poderosos&raquo; e os &laquo;ricos&raquo;, de que fala o Magnificat, t&ecirc;m a possibilidade de aperceber-se que s&atilde;o, imerecidamente, amados pelo Crucificado, morto e ressuscitado tamb&eacute;m por eles.<\/p>\n<p>[&#8230;] N&atilde;o percamos este tempo de Quaresma favor&aacute;vel &agrave; convers&atilde;o! Pedimo-lo pela intercess&atilde;o materna da Virgem Maria, a primeira que, diante da grandeza da miseric&oacute;rdia divina que Lhe foi concedida gratuitamente, reconheceu a sua pequenez, confessando-Se a humilde serva do Senhor.&raquo;<\/p>\n<p>Papa Francisco<\/p>\n","protected":false},"excerpt":{"rendered":"<p>Quaresma, tempo para redescobrir o rosto misericordioso do Pai!Quaresma, tempo de transforma&ccedil;&atilde;o e de renova&ccedil;&atilde;o interiorEste &eacute; o momento favor&aacute;vel [&hellip;]<\/p>\n","protected":false},"author":1,"featured_media":1431,"comment_status":"open","ping_status":"open","sticky":false,"template":"","format":"standard","meta":{"site-sidebar-layout":"default","site-content-layout":"","ast-site-content-layout":"default","site-content-style":"default","site-sidebar-style":"default","ast-global-header-display":"","ast-banner-title-visibility":"","ast-main-header-display":"","ast-hfb-above-header-display":"","ast-hfb-below-header-display":"","ast-hfb-mobile-header-display":"","site-post-title":"","ast-breadcrumbs-content":"","ast-featured-img":"","footer-sml-layout":"","ast-disable-related-posts":"","theme-transparent-header-meta":"","adv-header-id-meta":"","stick-header-meta":"","header-above-stick-meta":"","header-main-stick-meta":"","header-below-stick-meta":"","astra-migrate-meta-layouts":"default","ast-page-background-enabled":"default","ast-page-background-meta":{"desktop":{"background-color":"var(--ast-global-color-5)","background-image":"","background-repeat":"repeat","background-position":"center center","background-size":"auto","background-attachment":"scroll","background-type":"","background-media":"","overlay-type":"","overlay-color":"","overlay-opacity":"","overlay-gradient":""},"tablet":{"background-color":"","background-image":"","background-repeat":"repeat","background-position":"center center","background-size":"auto","background-attachment":"scroll","background-type":"","background-media":"","overlay-type":"","overlay-color":"","overlay-opacity":"","overlay-gradient":""},"mobile":{"background-color":"","background-image":"","background-repeat":"repeat","background-position":"center center","background-size":"auto","background-attachment":"scroll","background-type":"","background-media":"","overlay-type":"","overlay-color":"","overlay-opacity":"","overlay-gradient":""}},"ast-content-background-meta":{"desktop":{"background-color":"var(--ast-global-color-4)","background-image":"","background-repeat":"repeat","background-position":"center center","background-size":"auto","background-attachment":"scroll","background-type":"","background-media":"","overlay-type":"","overlay-color":"","overlay-opacity":"","overlay-gradient":""},"tablet":{"background-color":"var(--ast-global-color-4)","background-image":"","background-repeat":"repeat","background-position":"center center","background-size":"auto","background-attachment":"scroll","background-type":"","background-media":"","overlay-type":"","overlay-color":"","overlay-opacity":"","overlay-gradient":""},"mobile":{"background-color":"var(--ast-global-color-4)","background-image":"","background-repeat":"repeat","background-position":"center center","background-size":"auto","background-attachment":"scroll","background-type":"","background-media":"","overlay-type":"","overlay-color":"","overlay-opacity":"","overlay-gradient":""}},"footnotes":""},"categories":[25],"tags":[],"class_list":["post-1432","post","type-post","status-publish","format-standard","has-post-thumbnail","hentry","category-tempo-de-oracao"],"yoast_head":"<!-- This site is optimized with the Yoast SEO plugin v27.4 - https:\/\/yoast.com\/product\/yoast-seo-wordpress\/ -->\n<title>Quaresma: tempo favor\u00e1vel, tempo de salva\u00e7\u00e3o! - Paroquia de Queijas<\/title>\n<meta name=\"robots\" content=\"index, follow, max-snippet:-1, max-image-preview:large, max-video-preview:-1\" \/>\n<link rel=\"canonical\" href=\"https:\/\/paroquiaqueijas.net\/portal\/quaresma-tempo-favoravel-tempo-de-salvacao\/\" \/>\n<meta property=\"og:locale\" content=\"pt_PT\" \/>\n<meta property=\"og:type\" content=\"article\" \/>\n<meta property=\"og:title\" content=\"Quaresma: tempo favor\u00e1vel, tempo de salva\u00e7\u00e3o! - Paroquia de Queijas\" \/>\n<meta property=\"og:description\" content=\"Quaresma, tempo para redescobrir o rosto misericordioso do Pai!Quaresma, tempo de transforma&ccedil;&atilde;o e de renova&ccedil;&atilde;o interiorEste &eacute; o momento favor&aacute;vel [&hellip;]\" \/>\n<meta property=\"og:url\" content=\"https:\/\/paroquiaqueijas.net\/portal\/quaresma-tempo-favoravel-tempo-de-salvacao\/\" \/>\n<meta property=\"og:site_name\" content=\"Paroquia de Queijas\" \/>\n<meta property=\"article:publisher\" content=\"https:\/\/www.facebook.com\/paroquiaqueijas\/\" \/>\n<meta property=\"article:published_time\" content=\"2016-02-13T15:03:43+00:00\" \/>\n<meta property=\"article:modified_time\" content=\"2026-03-21T15:40:57+00:00\" \/>\n<meta property=\"og:image\" content=\"https:\/\/paroquiaqueijas.net\/portal\/wp-content\/uploads\/2016\/02\/Quaresma16.jpg\" \/>\n\t<meta property=\"og:image:width\" content=\"1422\" \/>\n\t<meta property=\"og:image:height\" content=\"465\" \/>\n\t<meta property=\"og:image:type\" content=\"image\/jpeg\" \/>\n<meta name=\"author\" content=\"Paroquia de Queijas\" \/>\n<meta name=\"twitter:card\" content=\"summary_large_image\" \/>\n<meta name=\"twitter:label1\" content=\"Escrito por\" \/>\n\t<meta name=\"twitter:data1\" content=\"Paroquia de Queijas\" \/>\n\t<meta name=\"twitter:label2\" content=\"Tempo estimado de leitura\" \/>\n\t<meta name=\"twitter:data2\" content=\"3 minutos\" \/>\n<script type=\"application\/ld+json\" class=\"yoast-schema-graph\">{\"@context\":\"https:\\\/\\\/schema.org\",\"@graph\":[{\"@type\":\"Article\",\"@id\":\"https:\\\/\\\/paroquiaqueijas.net\\\/portal\\\/quaresma-tempo-favoravel-tempo-de-salvacao\\\/#article\",\"isPartOf\":{\"@id\":\"https:\\\/\\\/paroquiaqueijas.net\\\/portal\\\/quaresma-tempo-favoravel-tempo-de-salvacao\\\/\"},\"author\":{\"name\":\"Paroquia de Queijas\",\"@id\":\"https:\\\/\\\/paroquiaqueijas.net\\\/portal\\\/#\\\/schema\\\/person\\\/07bb4cce216326e06b6f742b719ebec7\"},\"headline\":\"Quaresma: tempo favor\u00e1vel, tempo de salva\u00e7\u00e3o!\",\"datePublished\":\"2016-02-13T15:03:43+00:00\",\"dateModified\":\"2026-03-21T15:40:57+00:00\",\"mainEntityOfPage\":{\"@id\":\"https:\\\/\\\/paroquiaqueijas.net\\\/portal\\\/quaresma-tempo-favoravel-tempo-de-salvacao\\\/\"},\"wordCount\":667,\"commentCount\":0,\"publisher\":{\"@id\":\"https:\\\/\\\/paroquiaqueijas.net\\\/portal\\\/#organization\"},\"image\":{\"@id\":\"https:\\\/\\\/paroquiaqueijas.net\\\/portal\\\/quaresma-tempo-favoravel-tempo-de-salvacao\\\/#primaryimage\"},\"thumbnailUrl\":\"https:\\\/\\\/paroquiaqueijas.net\\\/portal\\\/wp-content\\\/uploads\\\/2016\\\/02\\\/Quaresma16.jpg\",\"articleSection\":[\"Tempo de Ora\u00e7\u00e3o\"],\"inLanguage\":\"pt-PT\",\"potentialAction\":[{\"@type\":\"CommentAction\",\"name\":\"Comment\",\"target\":[\"https:\\\/\\\/paroquiaqueijas.net\\\/portal\\\/quaresma-tempo-favoravel-tempo-de-salvacao\\\/#respond\"]}]},{\"@type\":\"WebPage\",\"@id\":\"https:\\\/\\\/paroquiaqueijas.net\\\/portal\\\/quaresma-tempo-favoravel-tempo-de-salvacao\\\/\",\"url\":\"https:\\\/\\\/paroquiaqueijas.net\\\/portal\\\/quaresma-tempo-favoravel-tempo-de-salvacao\\\/\",\"name\":\"Quaresma: tempo favor\u00e1vel, tempo de salva\u00e7\u00e3o! - Paroquia de Queijas\",\"isPartOf\":{\"@id\":\"https:\\\/\\\/paroquiaqueijas.net\\\/portal\\\/#website\"},\"primaryImageOfPage\":{\"@id\":\"https:\\\/\\\/paroquiaqueijas.net\\\/portal\\\/quaresma-tempo-favoravel-tempo-de-salvacao\\\/#primaryimage\"},\"image\":{\"@id\":\"https:\\\/\\\/paroquiaqueijas.net\\\/portal\\\/quaresma-tempo-favoravel-tempo-de-salvacao\\\/#primaryimage\"},\"thumbnailUrl\":\"https:\\\/\\\/paroquiaqueijas.net\\\/portal\\\/wp-content\\\/uploads\\\/2016\\\/02\\\/Quaresma16.jpg\",\"datePublished\":\"2016-02-13T15:03:43+00:00\",\"dateModified\":\"2026-03-21T15:40:57+00:00\",\"breadcrumb\":{\"@id\":\"https:\\\/\\\/paroquiaqueijas.net\\\/portal\\\/quaresma-tempo-favoravel-tempo-de-salvacao\\\/#breadcrumb\"},\"inLanguage\":\"pt-PT\",\"potentialAction\":[{\"@type\":\"ReadAction\",\"target\":[\"https:\\\/\\\/paroquiaqueijas.net\\\/portal\\\/quaresma-tempo-favoravel-tempo-de-salvacao\\\/\"]}]},{\"@type\":\"ImageObject\",\"inLanguage\":\"pt-PT\",\"@id\":\"https:\\\/\\\/paroquiaqueijas.net\\\/portal\\\/quaresma-tempo-favoravel-tempo-de-salvacao\\\/#primaryimage\",\"url\":\"https:\\\/\\\/paroquiaqueijas.net\\\/portal\\\/wp-content\\\/uploads\\\/2016\\\/02\\\/Quaresma16.jpg\",\"contentUrl\":\"https:\\\/\\\/paroquiaqueijas.net\\\/portal\\\/wp-content\\\/uploads\\\/2016\\\/02\\\/Quaresma16.jpg\",\"width\":1422,\"height\":465,\"caption\":\"Quaresma16\"},{\"@type\":\"BreadcrumbList\",\"@id\":\"https:\\\/\\\/paroquiaqueijas.net\\\/portal\\\/quaresma-tempo-favoravel-tempo-de-salvacao\\\/#breadcrumb\",\"itemListElement\":[{\"@type\":\"ListItem\",\"position\":1,\"name\":\"In\u00edcio\",\"item\":\"https:\\\/\\\/paroquiaqueijas.net\\\/portal\\\/\"},{\"@type\":\"ListItem\",\"position\":2,\"name\":\"Quaresma: tempo favor\u00e1vel, tempo de salva\u00e7\u00e3o!\"}]},{\"@type\":\"WebSite\",\"@id\":\"https:\\\/\\\/paroquiaqueijas.net\\\/portal\\\/#website\",\"url\":\"https:\\\/\\\/paroquiaqueijas.net\\\/portal\\\/\",\"name\":\"Paroquia de Queijas\",\"description\":\"\",\"publisher\":{\"@id\":\"https:\\\/\\\/paroquiaqueijas.net\\\/portal\\\/#organization\"},\"potentialAction\":[{\"@type\":\"SearchAction\",\"target\":{\"@type\":\"EntryPoint\",\"urlTemplate\":\"https:\\\/\\\/paroquiaqueijas.net\\\/portal\\\/?s={search_term_string}\"},\"query-input\":{\"@type\":\"PropertyValueSpecification\",\"valueRequired\":true,\"valueName\":\"search_term_string\"}}],\"inLanguage\":\"pt-PT\"},{\"@type\":\"Organization\",\"@id\":\"https:\\\/\\\/paroquiaqueijas.net\\\/portal\\\/#organization\",\"name\":\"Paroquia de Queijas\",\"url\":\"https:\\\/\\\/paroquiaqueijas.net\\\/portal\\\/\",\"logo\":{\"@type\":\"ImageObject\",\"inLanguage\":\"pt-PT\",\"@id\":\"https:\\\/\\\/paroquiaqueijas.net\\\/portal\\\/#\\\/schema\\\/logo\\\/image\\\/\",\"url\":\"https:\\\/\\\/paroquiaqueijas.net\\\/portal\\\/wp-content\\\/uploads\\\/2026\\\/03\\\/LogoQueijas_novo.png\",\"contentUrl\":\"https:\\\/\\\/paroquiaqueijas.net\\\/portal\\\/wp-content\\\/uploads\\\/2026\\\/03\\\/LogoQueijas_novo.png\",\"width\":520,\"height\":519,\"caption\":\"Paroquia de Queijas\"},\"image\":{\"@id\":\"https:\\\/\\\/paroquiaqueijas.net\\\/portal\\\/#\\\/schema\\\/logo\\\/image\\\/\"},\"sameAs\":[\"https:\\\/\\\/www.facebook.com\\\/paroquiaqueijas\\\/\"]},{\"@type\":\"Person\",\"@id\":\"https:\\\/\\\/paroquiaqueijas.net\\\/portal\\\/#\\\/schema\\\/person\\\/07bb4cce216326e06b6f742b719ebec7\",\"name\":\"Paroquia de Queijas\",\"image\":{\"@type\":\"ImageObject\",\"inLanguage\":\"pt-PT\",\"@id\":\"https:\\\/\\\/secure.gravatar.com\\\/avatar\\\/5054571ff5d2454cd50657fc4e61d0c32d7a5d0d3b36ef6c0f6e269276d13618?s=96&d=mm&r=g\",\"url\":\"https:\\\/\\\/secure.gravatar.com\\\/avatar\\\/5054571ff5d2454cd50657fc4e61d0c32d7a5d0d3b36ef6c0f6e269276d13618?s=96&d=mm&r=g\",\"contentUrl\":\"https:\\\/\\\/secure.gravatar.com\\\/avatar\\\/5054571ff5d2454cd50657fc4e61d0c32d7a5d0d3b36ef6c0f6e269276d13618?s=96&d=mm&r=g\",\"caption\":\"Paroquia de Queijas\"},\"sameAs\":[\"https:\\\/\\\/paroquiaqueijas.net\\\/site\"],\"url\":\"https:\\\/\\\/paroquiaqueijas.net\\\/portal\\\/author\\\/admin1\\\/\"}]}<\/script>\n<!-- \/ Yoast SEO plugin. -->","yoast_head_json":{"title":"Quaresma: tempo favor\u00e1vel, tempo de salva\u00e7\u00e3o! - Paroquia de Queijas","robots":{"index":"index","follow":"follow","max-snippet":"max-snippet:-1","max-image-preview":"max-image-preview:large","max-video-preview":"max-video-preview:-1"},"canonical":"https:\/\/paroquiaqueijas.net\/portal\/quaresma-tempo-favoravel-tempo-de-salvacao\/","og_locale":"pt_PT","og_type":"article","og_title":"Quaresma: tempo favor\u00e1vel, tempo de salva\u00e7\u00e3o! - Paroquia de Queijas","og_description":"Quaresma, tempo para redescobrir o rosto misericordioso do Pai!Quaresma, tempo de transforma&ccedil;&atilde;o e de renova&ccedil;&atilde;o interiorEste &eacute; o momento favor&aacute;vel [&hellip;]","og_url":"https:\/\/paroquiaqueijas.net\/portal\/quaresma-tempo-favoravel-tempo-de-salvacao\/","og_site_name":"Paroquia de Queijas","article_publisher":"https:\/\/www.facebook.com\/paroquiaqueijas\/","article_published_time":"2016-02-13T15:03:43+00:00","article_modified_time":"2026-03-21T15:40:57+00:00","og_image":[{"width":1422,"height":465,"url":"https:\/\/paroquiaqueijas.net\/portal\/wp-content\/uploads\/2016\/02\/Quaresma16.jpg","type":"image\/jpeg"}],"author":"Paroquia de Queijas","twitter_card":"summary_large_image","twitter_misc":{"Escrito por":"Paroquia de Queijas","Tempo estimado de leitura":"3 minutos"},"schema":{"@context":"https:\/\/schema.org","@graph":[{"@type":"Article","@id":"https:\/\/paroquiaqueijas.net\/portal\/quaresma-tempo-favoravel-tempo-de-salvacao\/#article","isPartOf":{"@id":"https:\/\/paroquiaqueijas.net\/portal\/quaresma-tempo-favoravel-tempo-de-salvacao\/"},"author":{"name":"Paroquia de Queijas","@id":"https:\/\/paroquiaqueijas.net\/portal\/#\/schema\/person\/07bb4cce216326e06b6f742b719ebec7"},"headline":"Quaresma: tempo favor\u00e1vel, tempo de salva\u00e7\u00e3o!","datePublished":"2016-02-13T15:03:43+00:00","dateModified":"2026-03-21T15:40:57+00:00","mainEntityOfPage":{"@id":"https:\/\/paroquiaqueijas.net\/portal\/quaresma-tempo-favoravel-tempo-de-salvacao\/"},"wordCount":667,"commentCount":0,"publisher":{"@id":"https:\/\/paroquiaqueijas.net\/portal\/#organization"},"image":{"@id":"https:\/\/paroquiaqueijas.net\/portal\/quaresma-tempo-favoravel-tempo-de-salvacao\/#primaryimage"},"thumbnailUrl":"https:\/\/paroquiaqueijas.net\/portal\/wp-content\/uploads\/2016\/02\/Quaresma16.jpg","articleSection":["Tempo de Ora\u00e7\u00e3o"],"inLanguage":"pt-PT","potentialAction":[{"@type":"CommentAction","name":"Comment","target":["https:\/\/paroquiaqueijas.net\/portal\/quaresma-tempo-favoravel-tempo-de-salvacao\/#respond"]}]},{"@type":"WebPage","@id":"https:\/\/paroquiaqueijas.net\/portal\/quaresma-tempo-favoravel-tempo-de-salvacao\/","url":"https:\/\/paroquiaqueijas.net\/portal\/quaresma-tempo-favoravel-tempo-de-salvacao\/","name":"Quaresma: tempo favor\u00e1vel, tempo de salva\u00e7\u00e3o! - Paroquia de Queijas","isPartOf":{"@id":"https:\/\/paroquiaqueijas.net\/portal\/#website"},"primaryImageOfPage":{"@id":"https:\/\/paroquiaqueijas.net\/portal\/quaresma-tempo-favoravel-tempo-de-salvacao\/#primaryimage"},"image":{"@id":"https:\/\/paroquiaqueijas.net\/portal\/quaresma-tempo-favoravel-tempo-de-salvacao\/#primaryimage"},"thumbnailUrl":"https:\/\/paroquiaqueijas.net\/portal\/wp-content\/uploads\/2016\/02\/Quaresma16.jpg","datePublished":"2016-02-13T15:03:43+00:00","dateModified":"2026-03-21T15:40:57+00:00","breadcrumb":{"@id":"https:\/\/paroquiaqueijas.net\/portal\/quaresma-tempo-favoravel-tempo-de-salvacao\/#breadcrumb"},"inLanguage":"pt-PT","potentialAction":[{"@type":"ReadAction","target":["https:\/\/paroquiaqueijas.net\/portal\/quaresma-tempo-favoravel-tempo-de-salvacao\/"]}]},{"@type":"ImageObject","inLanguage":"pt-PT","@id":"https:\/\/paroquiaqueijas.net\/portal\/quaresma-tempo-favoravel-tempo-de-salvacao\/#primaryimage","url":"https:\/\/paroquiaqueijas.net\/portal\/wp-content\/uploads\/2016\/02\/Quaresma16.jpg","contentUrl":"https:\/\/paroquiaqueijas.net\/portal\/wp-content\/uploads\/2016\/02\/Quaresma16.jpg","width":1422,"height":465,"caption":"Quaresma16"},{"@type":"BreadcrumbList","@id":"https:\/\/paroquiaqueijas.net\/portal\/quaresma-tempo-favoravel-tempo-de-salvacao\/#breadcrumb","itemListElement":[{"@type":"ListItem","position":1,"name":"In\u00edcio","item":"https:\/\/paroquiaqueijas.net\/portal\/"},{"@type":"ListItem","position":2,"name":"Quaresma: tempo favor\u00e1vel, tempo de salva\u00e7\u00e3o!"}]},{"@type":"WebSite","@id":"https:\/\/paroquiaqueijas.net\/portal\/#website","url":"https:\/\/paroquiaqueijas.net\/portal\/","name":"Paroquia de Queijas","description":"","publisher":{"@id":"https:\/\/paroquiaqueijas.net\/portal\/#organization"},"potentialAction":[{"@type":"SearchAction","target":{"@type":"EntryPoint","urlTemplate":"https:\/\/paroquiaqueijas.net\/portal\/?s={search_term_string}"},"query-input":{"@type":"PropertyValueSpecification","valueRequired":true,"valueName":"search_term_string"}}],"inLanguage":"pt-PT"},{"@type":"Organization","@id":"https:\/\/paroquiaqueijas.net\/portal\/#organization","name":"Paroquia de Queijas","url":"https:\/\/paroquiaqueijas.net\/portal\/","logo":{"@type":"ImageObject","inLanguage":"pt-PT","@id":"https:\/\/paroquiaqueijas.net\/portal\/#\/schema\/logo\/image\/","url":"https:\/\/paroquiaqueijas.net\/portal\/wp-content\/uploads\/2026\/03\/LogoQueijas_novo.png","contentUrl":"https:\/\/paroquiaqueijas.net\/portal\/wp-content\/uploads\/2026\/03\/LogoQueijas_novo.png","width":520,"height":519,"caption":"Paroquia de Queijas"},"image":{"@id":"https:\/\/paroquiaqueijas.net\/portal\/#\/schema\/logo\/image\/"},"sameAs":["https:\/\/www.facebook.com\/paroquiaqueijas\/"]},{"@type":"Person","@id":"https:\/\/paroquiaqueijas.net\/portal\/#\/schema\/person\/07bb4cce216326e06b6f742b719ebec7","name":"Paroquia de Queijas","image":{"@type":"ImageObject","inLanguage":"pt-PT","@id":"https:\/\/secure.gravatar.com\/avatar\/5054571ff5d2454cd50657fc4e61d0c32d7a5d0d3b36ef6c0f6e269276d13618?s=96&d=mm&r=g","url":"https:\/\/secure.gravatar.com\/avatar\/5054571ff5d2454cd50657fc4e61d0c32d7a5d0d3b36ef6c0f6e269276d13618?s=96&d=mm&r=g","contentUrl":"https:\/\/secure.gravatar.com\/avatar\/5054571ff5d2454cd50657fc4e61d0c32d7a5d0d3b36ef6c0f6e269276d13618?s=96&d=mm&r=g","caption":"Paroquia de Queijas"},"sameAs":["https:\/\/paroquiaqueijas.net\/site"],"url":"https:\/\/paroquiaqueijas.net\/portal\/author\/admin1\/"}]}},"_links":{"self":[{"href":"https:\/\/paroquiaqueijas.net\/portal\/wp-json\/wp\/v2\/posts\/1432","targetHints":{"allow":["GET"]}}],"collection":[{"href":"https:\/\/paroquiaqueijas.net\/portal\/wp-json\/wp\/v2\/posts"}],"about":[{"href":"https:\/\/paroquiaqueijas.net\/portal\/wp-json\/wp\/v2\/types\/post"}],"author":[{"embeddable":true,"href":"https:\/\/paroquiaqueijas.net\/portal\/wp-json\/wp\/v2\/users\/1"}],"replies":[{"embeddable":true,"href":"https:\/\/paroquiaqueijas.net\/portal\/wp-json\/wp\/v2\/comments?post=1432"}],"version-history":[{"count":1,"href":"https:\/\/paroquiaqueijas.net\/portal\/wp-json\/wp\/v2\/posts\/1432\/revisions"}],"predecessor-version":[{"id":2381,"href":"https:\/\/paroquiaqueijas.net\/portal\/wp-json\/wp\/v2\/posts\/1432\/revisions\/2381"}],"wp:featuredmedia":[{"embeddable":true,"href":"https:\/\/paroquiaqueijas.net\/portal\/wp-json\/wp\/v2\/media\/1431"}],"wp:attachment":[{"href":"https:\/\/paroquiaqueijas.net\/portal\/wp-json\/wp\/v2\/media?parent=1432"}],"wp:term":[{"taxonomy":"category","embeddable":true,"href":"https:\/\/paroquiaqueijas.net\/portal\/wp-json\/wp\/v2\/categories?post=1432"},{"taxonomy":"post_tag","embeddable":true,"href":"https:\/\/paroquiaqueijas.net\/portal\/wp-json\/wp\/v2\/tags?post=1432"}],"curies":[{"name":"wp","href":"https:\/\/api.w.org\/{rel}","templated":true}]}}