{"id":1438,"date":"2016-02-28T17:38:34","date_gmt":"2016-02-28T17:38:34","guid":{"rendered":"https:\/\/paroquiaqueijas.net\/site\/?p=1438"},"modified":"2026-03-21T15:40:57","modified_gmt":"2026-03-21T15:40:57","slug":"i-jornada-diocesana-da-comunicacao","status":"publish","type":"post","link":"https:\/\/paroquiaqueijas.net\/portal\/i-jornada-diocesana-da-comunicacao\/","title":{"rendered":"I Jornada Diocesana da Comunica\u00e7\u00e3o"},"content":{"rendered":"<p><img fetchpriority=\"high\" decoding=\"async\" class=\" alignright size-full wp-image-1435\" style=\"float: right;\" src=\"https:\/\/paroquiaqueijas.net\/portal\/wp-content\/uploads\/2016\/02\/manuel_clemente_jornada_comunicacao.jpg\" alt=\"manuel clemente jornada comunicacao\" width=\"300\" height=\"200\" srcset=\"https:\/\/paroquiaqueijas.net\/portal\/wp-content\/uploads\/2016\/02\/manuel_clemente_jornada_comunicacao.jpg 980w, https:\/\/paroquiaqueijas.net\/portal\/wp-content\/uploads\/2016\/02\/manuel_clemente_jornada_comunicacao-300x200.jpg 300w, https:\/\/paroquiaqueijas.net\/portal\/wp-content\/uploads\/2016\/02\/manuel_clemente_jornada_comunicacao-768x512.jpg 768w, https:\/\/paroquiaqueijas.net\/portal\/wp-content\/uploads\/2016\/02\/manuel_clemente_jornada_comunicacao-600x400.jpg 600w\" sizes=\"(max-width: 300px) 100vw, 300px\" \/>A Par\u00f3quia de Queijas acolheu, ontem \u2013 27 de Fevereiro de 2016 \u2013 a 1.\u00aa Jornada Diocesama da Comunica\u00e7\u00e3o: &#8220;Comunicar para chegar a todos&#8221;.<\/p>\n<p>Este evento ocorreu no renovado Audit\u00f3rio Paroquial de Queijas, organizado pelo Departamento da Comunica\u00e7\u00e3o do Patriarcado de Lisboa, que desafiou gestores e profissionais a &#8216;Projetar a comunica\u00e7\u00e3o de uma par\u00f3quia, com apenas 5 euros&#8217;.<\/p>\n<p>Para responder a este desafio organizou-se uma mesa redonda com gestores e profissionais desta \u00e1rea com o objetivo de &#8220;despertar e estimular a utiliza\u00e7\u00e3o de estrat\u00e9gias e propostas criativas em todo trabalho pastoral e profissional&#8221;.<\/p>\n<p>Participaram nesta mesa redonda Alberta Marques Fernandes (RTP); Jos\u00e9 Lu\u00eds Ramos Pinheiro (RR); Rodrigo Moreira Rato (CEO \u2013 MeshApp); Rui Dias Alves (CEO \u2013 Return on Ideas) e o padre Paulo Franco (P\u00e1roco \u2013 Parque das Na\u00e7\u00f5es) num debate moderado por Carlos Liz, da Ipsos.<\/p>\n<p><img decoding=\"async\" class=\" alignright size-full wp-image-1436\" style=\"float: right;\" src=\"https:\/\/paroquiaqueijas.net\/portal\/wp-content\/uploads\/2016\/02\/1_jornadaoComunicacao.jpg\" alt=\"1 jornadaoComunicacao\" width=\"360\" height=\"239\" srcset=\"https:\/\/paroquiaqueijas.net\/portal\/wp-content\/uploads\/2016\/02\/1_jornadaoComunicacao.jpg 706w, https:\/\/paroquiaqueijas.net\/portal\/wp-content\/uploads\/2016\/02\/1_jornadaoComunicacao-300x198.jpg 300w\" sizes=\"(max-width: 360px) 100vw, 360px\" \/>Foram tamb\u00e9m apresentados diferentes projetos como um gabinete de comunica\u00e7\u00e3o, por Pedro Gil, do gabinete do Opus Dei; a Ag\u00eancia Ecclesia, pelo seu diretor, o jornalista Paulo Rocha; e o iVangelho, com Pedro Jesus.<\/p>\n<p>Houve tamb\u00e9m lugar a workshops na \u00e1rea da fotografia, escrita, v\u00eddeo e redes sociais, contando com a presen\u00e7a de Filipe Amorim \u2013 Global Imagens; Diogo Paiva Brand\u00e3o \u2013 Voz da Verdade; Ant\u00f3nio Fonseca \u2013 Paulus; e Bento Oliveira \u2013 iMissio.<\/p>\n<p>No final do dia, D. Manuel Clemente, cardeal-patriarca de Lisboa, encerrou esta 1.\u00aa Jornada Diocesana da Comunica\u00e7\u00e3o destacando que o &#8220;ponto de partida&#8221; deste desafio de &#8220;chegar a todos&#8221; \u00e9 o principal fator para determinar a &#8220;for\u00e7a&#8221; e o &#8220;alcance&#8221; dos projetos de comunica\u00e7\u00e3o na Igreja.<\/p>\n<p>Referiu ainda que &#8220;a comunica\u00e7\u00e3o na Igreja, implicando meios e recursos \u2013 que nos permitem hoje interagir de uma maneira inusitada \u2013, n\u00e3o se resolve a\u00ed. Resolve-se no ponto de partida&#8221;, afirmou D. Manuel, adiantando que os projetos de comunica\u00e7\u00e3o &#8220;devem ser fortes e aut\u00eanticos, que depois se repercutem, chegam a todos, ou pelo menos a muita gente, pela for\u00e7a do ponto de partida&#8221;. &#8220;Se o ponto de partida for forte, a comunica\u00e7\u00e3o &#8220;tem for\u00e7a&#8221; e o &#8220;seu ritmo&#8221;, que &#8220;vai al\u00e9m da capacidade tecnol\u00f3gica que temos hoje para comunicar&#8221;, garantiu.<\/p>\n<p><img decoding=\"async\" class=\" alignright size-full wp-image-1437\" style=\"float: right;\" src=\"https:\/\/paroquiaqueijas.net\/portal\/wp-content\/uploads\/2016\/02\/1jornadascom_lisboa.gif\" alt=\"1jornadascom lisboa\" width=\"360\" height=\"234\" \/>&#8220;Se queremos chegar a todos temos de come\u00e7ar pelo \u00danico princ\u00edpio onde todos se alcan\u00e7am&#8221;, disse o cardeal-patriarca de Lisboa. &#8220;Aqui n\u00e3o pode haver partidas em falso&#8221;, alertou.<\/p>\n<p>No final desta Jornada, D. Manuel presidiu \u00e0 celebra\u00e7\u00e3o da Missa vespertina deste III Domingo da Quaresma, na Igreja matriz de Queijas, deixando \u00e0 comunidade a forte interpela\u00e7\u00e3o do Evangelho deste Domingo: &#8220;Deus \u00e9 misericordioso e paciente mas aguarda de cada um de n\u00f3s preciosos frutos&#8221;, como na par\u00e1bola da figueira.<\/p>\n","protected":false},"excerpt":{"rendered":"<p>A Par\u00f3quia de Queijas acolheu, ontem \u2013 27 de Fevereiro de 2016 \u2013 a 1.\u00aa Jornada Diocesama da Comunica\u00e7\u00e3o: &#8220;Comunicar [&hellip;]<\/p>\n","protected":false},"author":1,"featured_media":1435,"comment_status":"open","ping_status":"open","sticky":false,"template":"","format":"standard","meta":{"site-sidebar-layout":"default","site-content-layout":"","ast-site-content-layout":"default","site-content-style":"default","site-sidebar-style":"default","ast-global-header-display":"","ast-banner-title-visibility":"","ast-main-header-display":"","ast-hfb-above-header-display":"","ast-hfb-below-header-display":"","ast-hfb-mobile-header-display":"","site-post-title":"","ast-breadcrumbs-content":"","ast-featured-img":"","footer-sml-layout":"","ast-disable-related-posts":"","theme-transparent-header-meta":"","adv-header-id-meta":"","stick-header-meta":"","header-above-stick-meta":"","header-main-stick-meta":"","header-below-stick-meta":"","astra-migrate-meta-layouts":"default","ast-page-background-enabled":"default","ast-page-background-meta":{"desktop":{"background-color":"var(--ast-global-color-5)","background-image":"","background-repeat":"repeat","background-position":"center center","background-size":"auto","background-attachment":"scroll","background-type":"","background-media":"","overlay-type":"","overlay-color":"","overlay-opacity":"","overlay-gradient":""},"tablet":{"background-color":"","background-image":"","background-repeat":"repeat","background-position":"center center","background-size":"auto","background-attachment":"scroll","background-type":"","background-media":"","overlay-type":"","overlay-color":"","overlay-opacity":"","overlay-gradient":""},"mobile":{"background-color":"","background-image":"","background-repeat":"repeat","background-position":"center center","background-size":"auto","background-attachment":"scroll","background-type":"","background-media":"","overlay-type":"","overlay-color":"","overlay-opacity":"","overlay-gradient":""}},"ast-content-background-meta":{"desktop":{"background-color":"var(--ast-global-color-4)","background-image":"","background-repeat":"repeat","background-position":"center center","background-size":"auto","background-attachment":"scroll","background-type":"","background-media":"","overlay-type":"","overlay-color":"","overlay-opacity":"","overlay-gradient":""},"tablet":{"background-color":"var(--ast-global-color-4)","background-image":"","background-repeat":"repeat","background-position":"center center","background-size":"auto","background-attachment":"scroll","background-type":"","background-media":"","overlay-type":"","overlay-color":"","overlay-opacity":"","overlay-gradient":""},"mobile":{"background-color":"var(--ast-global-color-4)","background-image":"","background-repeat":"repeat","background-position":"center center","background-size":"auto","background-attachment":"scroll","background-type":"","background-media":"","overlay-type":"","overlay-color":"","overlay-opacity":"","overlay-gradient":""}},"footnotes":""},"categories":[3],"tags":[],"class_list":["post-1438","post","type-post","status-publish","format-standard","has-post-thumbnail","hentry","category-noticias"],"yoast_head":"<!-- This site is optimized with the Yoast SEO plugin v27.4 - https:\/\/yoast.com\/product\/yoast-seo-wordpress\/ -->\n<title>I Jornada Diocesana da Comunica\u00e7\u00e3o - Paroquia de Queijas<\/title>\n<meta name=\"robots\" content=\"index, follow, max-snippet:-1, max-image-preview:large, max-video-preview:-1\" \/>\n<link rel=\"canonical\" href=\"https:\/\/paroquiaqueijas.net\/portal\/i-jornada-diocesana-da-comunicacao\/\" \/>\n<meta property=\"og:locale\" content=\"pt_PT\" \/>\n<meta property=\"og:type\" content=\"article\" \/>\n<meta property=\"og:title\" content=\"I Jornada Diocesana da Comunica\u00e7\u00e3o - Paroquia de Queijas\" \/>\n<meta property=\"og:description\" content=\"A Par\u00f3quia de Queijas acolheu, ontem \u2013 27 de Fevereiro de 2016 \u2013 a 1.\u00aa Jornada Diocesama da Comunica\u00e7\u00e3o: &#8220;Comunicar [&hellip;]\" \/>\n<meta property=\"og:url\" content=\"https:\/\/paroquiaqueijas.net\/portal\/i-jornada-diocesana-da-comunicacao\/\" \/>\n<meta property=\"og:site_name\" content=\"Paroquia de Queijas\" \/>\n<meta property=\"article:publisher\" content=\"https:\/\/www.facebook.com\/paroquiaqueijas\/\" \/>\n<meta property=\"article:published_time\" content=\"2016-02-28T17:38:34+00:00\" \/>\n<meta property=\"article:modified_time\" content=\"2026-03-21T15:40:57+00:00\" \/>\n<meta property=\"og:image\" content=\"https:\/\/paroquiaqueijas.net\/portal\/wp-content\/uploads\/2016\/02\/manuel_clemente_jornada_comunicacao.jpg\" \/>\n\t<meta property=\"og:image:width\" content=\"980\" \/>\n\t<meta property=\"og:image:height\" content=\"653\" \/>\n\t<meta property=\"og:image:type\" content=\"image\/jpeg\" \/>\n<meta name=\"author\" content=\"Paroquia de Queijas\" \/>\n<meta name=\"twitter:card\" content=\"summary_large_image\" \/>\n<meta name=\"twitter:label1\" content=\"Escrito por\" \/>\n\t<meta name=\"twitter:data1\" content=\"Paroquia de Queijas\" \/>\n\t<meta name=\"twitter:label2\" content=\"Tempo estimado de leitura\" \/>\n\t<meta name=\"twitter:data2\" content=\"2 minutos\" \/>\n<script type=\"application\/ld+json\" class=\"yoast-schema-graph\">{\"@context\":\"https:\\\/\\\/schema.org\",\"@graph\":[{\"@type\":\"Article\",\"@id\":\"https:\\\/\\\/paroquiaqueijas.net\\\/portal\\\/i-jornada-diocesana-da-comunicacao\\\/#article\",\"isPartOf\":{\"@id\":\"https:\\\/\\\/paroquiaqueijas.net\\\/portal\\\/i-jornada-diocesana-da-comunicacao\\\/\"},\"author\":{\"name\":\"Paroquia de Queijas\",\"@id\":\"https:\\\/\\\/paroquiaqueijas.net\\\/portal\\\/#\\\/schema\\\/person\\\/07bb4cce216326e06b6f742b719ebec7\"},\"headline\":\"I Jornada Diocesana da Comunica\u00e7\u00e3o\",\"datePublished\":\"2016-02-28T17:38:34+00:00\",\"dateModified\":\"2026-03-21T15:40:57+00:00\",\"mainEntityOfPage\":{\"@id\":\"https:\\\/\\\/paroquiaqueijas.net\\\/portal\\\/i-jornada-diocesana-da-comunicacao\\\/\"},\"wordCount\":453,\"commentCount\":0,\"publisher\":{\"@id\":\"https:\\\/\\\/paroquiaqueijas.net\\\/portal\\\/#organization\"},\"image\":{\"@id\":\"https:\\\/\\\/paroquiaqueijas.net\\\/portal\\\/i-jornada-diocesana-da-comunicacao\\\/#primaryimage\"},\"thumbnailUrl\":\"https:\\\/\\\/paroquiaqueijas.net\\\/portal\\\/wp-content\\\/uploads\\\/2016\\\/02\\\/manuel_clemente_jornada_comunicacao.jpg\",\"articleSection\":[\"Not\u00edcias\"],\"inLanguage\":\"pt-PT\",\"potentialAction\":[{\"@type\":\"CommentAction\",\"name\":\"Comment\",\"target\":[\"https:\\\/\\\/paroquiaqueijas.net\\\/portal\\\/i-jornada-diocesana-da-comunicacao\\\/#respond\"]}]},{\"@type\":\"WebPage\",\"@id\":\"https:\\\/\\\/paroquiaqueijas.net\\\/portal\\\/i-jornada-diocesana-da-comunicacao\\\/\",\"url\":\"https:\\\/\\\/paroquiaqueijas.net\\\/portal\\\/i-jornada-diocesana-da-comunicacao\\\/\",\"name\":\"I Jornada Diocesana da Comunica\u00e7\u00e3o - Paroquia de Queijas\",\"isPartOf\":{\"@id\":\"https:\\\/\\\/paroquiaqueijas.net\\\/portal\\\/#website\"},\"primaryImageOfPage\":{\"@id\":\"https:\\\/\\\/paroquiaqueijas.net\\\/portal\\\/i-jornada-diocesana-da-comunicacao\\\/#primaryimage\"},\"image\":{\"@id\":\"https:\\\/\\\/paroquiaqueijas.net\\\/portal\\\/i-jornada-diocesana-da-comunicacao\\\/#primaryimage\"},\"thumbnailUrl\":\"https:\\\/\\\/paroquiaqueijas.net\\\/portal\\\/wp-content\\\/uploads\\\/2016\\\/02\\\/manuel_clemente_jornada_comunicacao.jpg\",\"datePublished\":\"2016-02-28T17:38:34+00:00\",\"dateModified\":\"2026-03-21T15:40:57+00:00\",\"breadcrumb\":{\"@id\":\"https:\\\/\\\/paroquiaqueijas.net\\\/portal\\\/i-jornada-diocesana-da-comunicacao\\\/#breadcrumb\"},\"inLanguage\":\"pt-PT\",\"potentialAction\":[{\"@type\":\"ReadAction\",\"target\":[\"https:\\\/\\\/paroquiaqueijas.net\\\/portal\\\/i-jornada-diocesana-da-comunicacao\\\/\"]}]},{\"@type\":\"ImageObject\",\"inLanguage\":\"pt-PT\",\"@id\":\"https:\\\/\\\/paroquiaqueijas.net\\\/portal\\\/i-jornada-diocesana-da-comunicacao\\\/#primaryimage\",\"url\":\"https:\\\/\\\/paroquiaqueijas.net\\\/portal\\\/wp-content\\\/uploads\\\/2016\\\/02\\\/manuel_clemente_jornada_comunicacao.jpg\",\"contentUrl\":\"https:\\\/\\\/paroquiaqueijas.net\\\/portal\\\/wp-content\\\/uploads\\\/2016\\\/02\\\/manuel_clemente_jornada_comunicacao.jpg\",\"width\":980,\"height\":653,\"caption\":\"manuel clemente jornada comunicacao\"},{\"@type\":\"BreadcrumbList\",\"@id\":\"https:\\\/\\\/paroquiaqueijas.net\\\/portal\\\/i-jornada-diocesana-da-comunicacao\\\/#breadcrumb\",\"itemListElement\":[{\"@type\":\"ListItem\",\"position\":1,\"name\":\"In\u00edcio\",\"item\":\"https:\\\/\\\/paroquiaqueijas.net\\\/portal\\\/\"},{\"@type\":\"ListItem\",\"position\":2,\"name\":\"I Jornada Diocesana da Comunica\u00e7\u00e3o\"}]},{\"@type\":\"WebSite\",\"@id\":\"https:\\\/\\\/paroquiaqueijas.net\\\/portal\\\/#website\",\"url\":\"https:\\\/\\\/paroquiaqueijas.net\\\/portal\\\/\",\"name\":\"Paroquia de Queijas\",\"description\":\"\",\"publisher\":{\"@id\":\"https:\\\/\\\/paroquiaqueijas.net\\\/portal\\\/#organization\"},\"potentialAction\":[{\"@type\":\"SearchAction\",\"target\":{\"@type\":\"EntryPoint\",\"urlTemplate\":\"https:\\\/\\\/paroquiaqueijas.net\\\/portal\\\/?s={search_term_string}\"},\"query-input\":{\"@type\":\"PropertyValueSpecification\",\"valueRequired\":true,\"valueName\":\"search_term_string\"}}],\"inLanguage\":\"pt-PT\"},{\"@type\":\"Organization\",\"@id\":\"https:\\\/\\\/paroquiaqueijas.net\\\/portal\\\/#organization\",\"name\":\"Paroquia de Queijas\",\"url\":\"https:\\\/\\\/paroquiaqueijas.net\\\/portal\\\/\",\"logo\":{\"@type\":\"ImageObject\",\"inLanguage\":\"pt-PT\",\"@id\":\"https:\\\/\\\/paroquiaqueijas.net\\\/portal\\\/#\\\/schema\\\/logo\\\/image\\\/\",\"url\":\"https:\\\/\\\/paroquiaqueijas.net\\\/portal\\\/wp-content\\\/uploads\\\/2026\\\/03\\\/LogoQueijas_novo.png\",\"contentUrl\":\"https:\\\/\\\/paroquiaqueijas.net\\\/portal\\\/wp-content\\\/uploads\\\/2026\\\/03\\\/LogoQueijas_novo.png\",\"width\":520,\"height\":519,\"caption\":\"Paroquia de Queijas\"},\"image\":{\"@id\":\"https:\\\/\\\/paroquiaqueijas.net\\\/portal\\\/#\\\/schema\\\/logo\\\/image\\\/\"},\"sameAs\":[\"https:\\\/\\\/www.facebook.com\\\/paroquiaqueijas\\\/\"]},{\"@type\":\"Person\",\"@id\":\"https:\\\/\\\/paroquiaqueijas.net\\\/portal\\\/#\\\/schema\\\/person\\\/07bb4cce216326e06b6f742b719ebec7\",\"name\":\"Paroquia de Queijas\",\"image\":{\"@type\":\"ImageObject\",\"inLanguage\":\"pt-PT\",\"@id\":\"https:\\\/\\\/secure.gravatar.com\\\/avatar\\\/5054571ff5d2454cd50657fc4e61d0c32d7a5d0d3b36ef6c0f6e269276d13618?s=96&d=mm&r=g\",\"url\":\"https:\\\/\\\/secure.gravatar.com\\\/avatar\\\/5054571ff5d2454cd50657fc4e61d0c32d7a5d0d3b36ef6c0f6e269276d13618?s=96&d=mm&r=g\",\"contentUrl\":\"https:\\\/\\\/secure.gravatar.com\\\/avatar\\\/5054571ff5d2454cd50657fc4e61d0c32d7a5d0d3b36ef6c0f6e269276d13618?s=96&d=mm&r=g\",\"caption\":\"Paroquia de Queijas\"},\"sameAs\":[\"https:\\\/\\\/paroquiaqueijas.net\\\/site\"],\"url\":\"https:\\\/\\\/paroquiaqueijas.net\\\/portal\\\/author\\\/admin1\\\/\"}]}<\/script>\n<!-- \/ Yoast SEO plugin. -->","yoast_head_json":{"title":"I Jornada Diocesana da Comunica\u00e7\u00e3o - Paroquia de Queijas","robots":{"index":"index","follow":"follow","max-snippet":"max-snippet:-1","max-image-preview":"max-image-preview:large","max-video-preview":"max-video-preview:-1"},"canonical":"https:\/\/paroquiaqueijas.net\/portal\/i-jornada-diocesana-da-comunicacao\/","og_locale":"pt_PT","og_type":"article","og_title":"I Jornada Diocesana da Comunica\u00e7\u00e3o - Paroquia de Queijas","og_description":"A Par\u00f3quia de Queijas acolheu, ontem \u2013 27 de Fevereiro de 2016 \u2013 a 1.\u00aa Jornada Diocesama da Comunica\u00e7\u00e3o: &#8220;Comunicar [&hellip;]","og_url":"https:\/\/paroquiaqueijas.net\/portal\/i-jornada-diocesana-da-comunicacao\/","og_site_name":"Paroquia de Queijas","article_publisher":"https:\/\/www.facebook.com\/paroquiaqueijas\/","article_published_time":"2016-02-28T17:38:34+00:00","article_modified_time":"2026-03-21T15:40:57+00:00","og_image":[{"width":980,"height":653,"url":"https:\/\/paroquiaqueijas.net\/portal\/wp-content\/uploads\/2016\/02\/manuel_clemente_jornada_comunicacao.jpg","type":"image\/jpeg"}],"author":"Paroquia de Queijas","twitter_card":"summary_large_image","twitter_misc":{"Escrito por":"Paroquia de Queijas","Tempo estimado de leitura":"2 minutos"},"schema":{"@context":"https:\/\/schema.org","@graph":[{"@type":"Article","@id":"https:\/\/paroquiaqueijas.net\/portal\/i-jornada-diocesana-da-comunicacao\/#article","isPartOf":{"@id":"https:\/\/paroquiaqueijas.net\/portal\/i-jornada-diocesana-da-comunicacao\/"},"author":{"name":"Paroquia de Queijas","@id":"https:\/\/paroquiaqueijas.net\/portal\/#\/schema\/person\/07bb4cce216326e06b6f742b719ebec7"},"headline":"I Jornada Diocesana da Comunica\u00e7\u00e3o","datePublished":"2016-02-28T17:38:34+00:00","dateModified":"2026-03-21T15:40:57+00:00","mainEntityOfPage":{"@id":"https:\/\/paroquiaqueijas.net\/portal\/i-jornada-diocesana-da-comunicacao\/"},"wordCount":453,"commentCount":0,"publisher":{"@id":"https:\/\/paroquiaqueijas.net\/portal\/#organization"},"image":{"@id":"https:\/\/paroquiaqueijas.net\/portal\/i-jornada-diocesana-da-comunicacao\/#primaryimage"},"thumbnailUrl":"https:\/\/paroquiaqueijas.net\/portal\/wp-content\/uploads\/2016\/02\/manuel_clemente_jornada_comunicacao.jpg","articleSection":["Not\u00edcias"],"inLanguage":"pt-PT","potentialAction":[{"@type":"CommentAction","name":"Comment","target":["https:\/\/paroquiaqueijas.net\/portal\/i-jornada-diocesana-da-comunicacao\/#respond"]}]},{"@type":"WebPage","@id":"https:\/\/paroquiaqueijas.net\/portal\/i-jornada-diocesana-da-comunicacao\/","url":"https:\/\/paroquiaqueijas.net\/portal\/i-jornada-diocesana-da-comunicacao\/","name":"I Jornada Diocesana da Comunica\u00e7\u00e3o - Paroquia de Queijas","isPartOf":{"@id":"https:\/\/paroquiaqueijas.net\/portal\/#website"},"primaryImageOfPage":{"@id":"https:\/\/paroquiaqueijas.net\/portal\/i-jornada-diocesana-da-comunicacao\/#primaryimage"},"image":{"@id":"https:\/\/paroquiaqueijas.net\/portal\/i-jornada-diocesana-da-comunicacao\/#primaryimage"},"thumbnailUrl":"https:\/\/paroquiaqueijas.net\/portal\/wp-content\/uploads\/2016\/02\/manuel_clemente_jornada_comunicacao.jpg","datePublished":"2016-02-28T17:38:34+00:00","dateModified":"2026-03-21T15:40:57+00:00","breadcrumb":{"@id":"https:\/\/paroquiaqueijas.net\/portal\/i-jornada-diocesana-da-comunicacao\/#breadcrumb"},"inLanguage":"pt-PT","potentialAction":[{"@type":"ReadAction","target":["https:\/\/paroquiaqueijas.net\/portal\/i-jornada-diocesana-da-comunicacao\/"]}]},{"@type":"ImageObject","inLanguage":"pt-PT","@id":"https:\/\/paroquiaqueijas.net\/portal\/i-jornada-diocesana-da-comunicacao\/#primaryimage","url":"https:\/\/paroquiaqueijas.net\/portal\/wp-content\/uploads\/2016\/02\/manuel_clemente_jornada_comunicacao.jpg","contentUrl":"https:\/\/paroquiaqueijas.net\/portal\/wp-content\/uploads\/2016\/02\/manuel_clemente_jornada_comunicacao.jpg","width":980,"height":653,"caption":"manuel clemente jornada comunicacao"},{"@type":"BreadcrumbList","@id":"https:\/\/paroquiaqueijas.net\/portal\/i-jornada-diocesana-da-comunicacao\/#breadcrumb","itemListElement":[{"@type":"ListItem","position":1,"name":"In\u00edcio","item":"https:\/\/paroquiaqueijas.net\/portal\/"},{"@type":"ListItem","position":2,"name":"I Jornada Diocesana da Comunica\u00e7\u00e3o"}]},{"@type":"WebSite","@id":"https:\/\/paroquiaqueijas.net\/portal\/#website","url":"https:\/\/paroquiaqueijas.net\/portal\/","name":"Paroquia de Queijas","description":"","publisher":{"@id":"https:\/\/paroquiaqueijas.net\/portal\/#organization"},"potentialAction":[{"@type":"SearchAction","target":{"@type":"EntryPoint","urlTemplate":"https:\/\/paroquiaqueijas.net\/portal\/?s={search_term_string}"},"query-input":{"@type":"PropertyValueSpecification","valueRequired":true,"valueName":"search_term_string"}}],"inLanguage":"pt-PT"},{"@type":"Organization","@id":"https:\/\/paroquiaqueijas.net\/portal\/#organization","name":"Paroquia de Queijas","url":"https:\/\/paroquiaqueijas.net\/portal\/","logo":{"@type":"ImageObject","inLanguage":"pt-PT","@id":"https:\/\/paroquiaqueijas.net\/portal\/#\/schema\/logo\/image\/","url":"https:\/\/paroquiaqueijas.net\/portal\/wp-content\/uploads\/2026\/03\/LogoQueijas_novo.png","contentUrl":"https:\/\/paroquiaqueijas.net\/portal\/wp-content\/uploads\/2026\/03\/LogoQueijas_novo.png","width":520,"height":519,"caption":"Paroquia de Queijas"},"image":{"@id":"https:\/\/paroquiaqueijas.net\/portal\/#\/schema\/logo\/image\/"},"sameAs":["https:\/\/www.facebook.com\/paroquiaqueijas\/"]},{"@type":"Person","@id":"https:\/\/paroquiaqueijas.net\/portal\/#\/schema\/person\/07bb4cce216326e06b6f742b719ebec7","name":"Paroquia de Queijas","image":{"@type":"ImageObject","inLanguage":"pt-PT","@id":"https:\/\/secure.gravatar.com\/avatar\/5054571ff5d2454cd50657fc4e61d0c32d7a5d0d3b36ef6c0f6e269276d13618?s=96&d=mm&r=g","url":"https:\/\/secure.gravatar.com\/avatar\/5054571ff5d2454cd50657fc4e61d0c32d7a5d0d3b36ef6c0f6e269276d13618?s=96&d=mm&r=g","contentUrl":"https:\/\/secure.gravatar.com\/avatar\/5054571ff5d2454cd50657fc4e61d0c32d7a5d0d3b36ef6c0f6e269276d13618?s=96&d=mm&r=g","caption":"Paroquia de Queijas"},"sameAs":["https:\/\/paroquiaqueijas.net\/site"],"url":"https:\/\/paroquiaqueijas.net\/portal\/author\/admin1\/"}]}},"_links":{"self":[{"href":"https:\/\/paroquiaqueijas.net\/portal\/wp-json\/wp\/v2\/posts\/1438","targetHints":{"allow":["GET"]}}],"collection":[{"href":"https:\/\/paroquiaqueijas.net\/portal\/wp-json\/wp\/v2\/posts"}],"about":[{"href":"https:\/\/paroquiaqueijas.net\/portal\/wp-json\/wp\/v2\/types\/post"}],"author":[{"embeddable":true,"href":"https:\/\/paroquiaqueijas.net\/portal\/wp-json\/wp\/v2\/users\/1"}],"replies":[{"embeddable":true,"href":"https:\/\/paroquiaqueijas.net\/portal\/wp-json\/wp\/v2\/comments?post=1438"}],"version-history":[{"count":1,"href":"https:\/\/paroquiaqueijas.net\/portal\/wp-json\/wp\/v2\/posts\/1438\/revisions"}],"predecessor-version":[{"id":2379,"href":"https:\/\/paroquiaqueijas.net\/portal\/wp-json\/wp\/v2\/posts\/1438\/revisions\/2379"}],"wp:featuredmedia":[{"embeddable":true,"href":"https:\/\/paroquiaqueijas.net\/portal\/wp-json\/wp\/v2\/media\/1435"}],"wp:attachment":[{"href":"https:\/\/paroquiaqueijas.net\/portal\/wp-json\/wp\/v2\/media?parent=1438"}],"wp:term":[{"taxonomy":"category","embeddable":true,"href":"https:\/\/paroquiaqueijas.net\/portal\/wp-json\/wp\/v2\/categories?post=1438"},{"taxonomy":"post_tag","embeddable":true,"href":"https:\/\/paroquiaqueijas.net\/portal\/wp-json\/wp\/v2\/tags?post=1438"}],"curies":[{"name":"wp","href":"https:\/\/api.w.org\/{rel}","templated":true}]}}