{"id":1449,"date":"2016-04-09T13:39:09","date_gmt":"2016-04-09T13:39:09","guid":{"rendered":"https:\/\/paroquiaqueijas.net\/site\/?p=1449"},"modified":"2026-03-21T15:40:56","modified_gmt":"2026-03-21T15:40:56","slug":"d-manuel-e-a-exortacao-apostolica-a-alegria-do-amor","status":"publish","type":"post","link":"https:\/\/paroquiaqueijas.net\/portal\/d-manuel-e-a-exortacao-apostolica-a-alegria-do-amor\/","title":{"rendered":"D. Manuel e a exorta\u00e7\u00e3o apost\u00f3lica \u201cA Alegria do Amor\u2019\u201d"},"content":{"rendered":"<p><img fetchpriority=\"high\" decoding=\"async\" class=\" alignright size-full wp-image-1355\" src=\"https:\/\/paroquiaqueijas.net\/portal\/wp-content\/uploads\/2015\/02\/DomManuel15.jpg\" alt=\"DomManuel15\" width=\"300\" height=\"169\" style=\"float: right;\" srcset=\"https:\/\/paroquiaqueijas.net\/portal\/wp-content\/uploads\/2015\/02\/DomManuel15.jpg 400w, https:\/\/paroquiaqueijas.net\/portal\/wp-content\/uploads\/2015\/02\/DomManuel15-300x169.jpg 300w\" sizes=\"(max-width: 300px) 100vw, 300px\" \/>O cardeal-patriarca de Lisboa afirmou hoje que a nova exorta&ccedil;&atilde;o apost&oacute;lica do Papa sobre a fam&iacute;lia evitou &ldquo;novidades&rdquo; em rela&ccedil;&atilde;o &agrave; pr&aacute;tica sacramental, no que diz respeito aos divorciados cat&oacute;licos em segunda uni&atilde;o.<\/p>\n<p>&ldquo;O Papa, em termos de decis&atilde;o, n&atilde;o quer expressamente adiantar novidades&rdquo;, declarou D. Manuel Clemente, em confer&ecirc;ncia de imprensa no Patriarcado de Lisboa.<\/p>\n<p>O presidente da Confer&ecirc;ncia Episcopal Portuguesa (CEP), que participou nas duas assembleias do S&iacute;nodo dos Bispos sobre a fam&iacute;lia (2014 e 2015), no Vaticano, citou a exorta&ccedil;&atilde;o &lsquo;A Alegria do Amor&rsquo;, nos seus n&uacute;meros 299 e 300, para sublinhar que &ldquo;dentro do cat&aacute;logo de assuntos a resolver&rdquo; n&atilde;o est&aacute; o &ldquo;sacramental&rdquo;, mas pr&aacute;ticas do &acirc;mbito &ldquo;lit&uacute;rgico, pastoral, educativo e institucional&rdquo;. &ldquo;N&atilde;o est&aacute; previsto, falta o adjetivo eucar&iacute;stico, sacramental&rdquo;, assinalou.<\/p>\n<p>Ap&oacute;s observar que durante os trabalhos do S&iacute;nodo foi vis&iacute;vel a falta de &ldquo;unanimidade absoluta em rela&ccedil;&atilde;o a esta mat&eacute;ria&rdquo;, D. Manuel Clemente considerou que o Papa &ldquo;n&atilde;o podia ser&rdquo; mais espec&iacute;fico. &ldquo;A aus&ecirc;ncia da palavra sacramental &eacute; muito reveladora&rdquo;, insistiu.<br \/>No cap&iacute;tulo oitavo da nova exorta&ccedil;&atilde;o, o Papa prop&otilde;e um caminho de &ldquo;discernimento&rdquo; para os cat&oacute;licos divorciados que voltaram a casar civilmente, sublinhando que n&atilde;o existe uma solu&ccedil;&atilde;o &uacute;nica para estas situa&ccedil;&otilde;es. &ldquo;&Eacute; compreens&iacute;vel que n&atilde;o se devia esperar do S&iacute;nodo ou desta exorta&ccedil;&atilde;o uma nova normativa geral de tipo can&oacute;nico, aplic&aacute;vel a todos os casos&rdquo;, sublinha Francisco.<\/p>\n<p>Para D. Manuel Clemente, este olhar de &ldquo;discernimento, de perceber que as situa&ccedil;&otilde;es n&atilde;o s&atilde;o iguais&rdquo; n&atilde;o implica novidades &ldquo;no que diz respeito &agrave; doutrina propriamente&rdquo;. &ldquo;T&atilde;o importante &eacute; o que se diz como o que n&atilde;o se diz&rdquo;, assinalou.<\/p>\n<p>Os cat&oacute;licos divorciados, prosseguiu, devem estar &ldquo;mais integrados nas comunidades crist&atilde;s&rdquo;, com participa&ccedil;&atilde;o em &ldquo;diferentes servi&ccedil;os eclesiais&rdquo;. &ldquo;S&atilde;o pessoas que t&ecirc;m na Igreja uma cidadania plena&rdquo;, defendeu o presidente da CEP. &lsquo;A Alegria do Amor&rsquo; est&aacute; centrada na &ldquo;tem&aacute;tica familiar&rdquo;, com insist&ecirc;ncia na fam&iacute;lia alargada como &ldquo;escola de sociedade em geral&rdquo;.<\/p>\n<p>D. Manuel Clemente recordou as &ldquo;milhares de fam&iacute;lias que t&ecirc;m de sair das suas terras&rdquo; e defendeu que a Igreja tem de &ldquo;corresponder&rdquo; &agrave; import&acirc;ncia da fam&iacute;lia, na prepara&ccedil;&atilde;o do matrim&oacute;nio e no acompanhamento dos casais. &ldquo;O ideal do casamento crist&atilde;o &eacute; belo, &eacute; cativante como projeto de vida, desde que seja apresentado&rdquo;, a partir da inf&acirc;ncia, como uma &ldquo;voca&ccedil;&atilde;o&rdquo;, precisou.<\/p>\n<p>A exorta&ccedil;&atilde;o apost&oacute;lica ser&aacute; objeto de &ldquo;muita reflex&atilde;o&rdquo; por parte do episcopado cat&oacute;lico, a partir da &ldquo;atitude b&aacute;sica de miseric&oacute;rdia&rdquo; proposta por Francisco. &ldquo;Todas as pessoas merecem-nos respeito&rdquo;, asseverou o cardeal-patriarca, antes de refor&ccedil;ar a rejei&ccedil;&atilde;o de qualquer &ldquo;discrimina&ccedil;&atilde;o&rdquo; em rela&ccedil;&atilde;o aos homossexuais.<\/p>\n<p style=\"text-align: right;\">in Ecclesia, 8 de Abril de 2016<\/p>\n","protected":false},"excerpt":{"rendered":"<p>O cardeal-patriarca de Lisboa afirmou hoje que a nova exorta&ccedil;&atilde;o apost&oacute;lica do Papa sobre a fam&iacute;lia evitou &ldquo;novidades&rdquo; em rela&ccedil;&atilde;o [&hellip;]<\/p>\n","protected":false},"author":1,"featured_media":1355,"comment_status":"open","ping_status":"open","sticky":false,"template":"","format":"standard","meta":{"site-sidebar-layout":"default","site-content-layout":"","ast-site-content-layout":"default","site-content-style":"default","site-sidebar-style":"default","ast-global-header-display":"","ast-banner-title-visibility":"","ast-main-header-display":"","ast-hfb-above-header-display":"","ast-hfb-below-header-display":"","ast-hfb-mobile-header-display":"","site-post-title":"","ast-breadcrumbs-content":"","ast-featured-img":"","footer-sml-layout":"","ast-disable-related-posts":"","theme-transparent-header-meta":"","adv-header-id-meta":"","stick-header-meta":"","header-above-stick-meta":"","header-main-stick-meta":"","header-below-stick-meta":"","astra-migrate-meta-layouts":"default","ast-page-background-enabled":"default","ast-page-background-meta":{"desktop":{"background-color":"var(--ast-global-color-5)","background-image":"","background-repeat":"repeat","background-position":"center center","background-size":"auto","background-attachment":"scroll","background-type":"","background-media":"","overlay-type":"","overlay-color":"","overlay-opacity":"","overlay-gradient":""},"tablet":{"background-color":"","background-image":"","background-repeat":"repeat","background-position":"center center","background-size":"auto","background-attachment":"scroll","background-type":"","background-media":"","overlay-type":"","overlay-color":"","overlay-opacity":"","overlay-gradient":""},"mobile":{"background-color":"","background-image":"","background-repeat":"repeat","background-position":"center center","background-size":"auto","background-attachment":"scroll","background-type":"","background-media":"","overlay-type":"","overlay-color":"","overlay-opacity":"","overlay-gradient":""}},"ast-content-background-meta":{"desktop":{"background-color":"var(--ast-global-color-4)","background-image":"","background-repeat":"repeat","background-position":"center center","background-size":"auto","background-attachment":"scroll","background-type":"","background-media":"","overlay-type":"","overlay-color":"","overlay-opacity":"","overlay-gradient":""},"tablet":{"background-color":"var(--ast-global-color-4)","background-image":"","background-repeat":"repeat","background-position":"center center","background-size":"auto","background-attachment":"scroll","background-type":"","background-media":"","overlay-type":"","overlay-color":"","overlay-opacity":"","overlay-gradient":""},"mobile":{"background-color":"var(--ast-global-color-4)","background-image":"","background-repeat":"repeat","background-position":"center center","background-size":"auto","background-attachment":"scroll","background-type":"","background-media":"","overlay-type":"","overlay-color":"","overlay-opacity":"","overlay-gradient":""}},"footnotes":""},"categories":[48],"tags":[],"class_list":["post-1449","post","type-post","status-publish","format-standard","has-post-thumbnail","hentry","category-d-manuel-clemente"],"yoast_head":"<!-- This site is optimized with the Yoast SEO plugin v27.4 - https:\/\/yoast.com\/product\/yoast-seo-wordpress\/ -->\n<title>D. Manuel e a exorta\u00e7\u00e3o apost\u00f3lica \u201cA Alegria do Amor\u2019\u201d - Paroquia de Queijas<\/title>\n<meta name=\"robots\" content=\"index, follow, max-snippet:-1, max-image-preview:large, max-video-preview:-1\" \/>\n<link rel=\"canonical\" href=\"https:\/\/paroquiaqueijas.net\/portal\/d-manuel-e-a-exortacao-apostolica-a-alegria-do-amor\/\" \/>\n<meta property=\"og:locale\" content=\"pt_PT\" \/>\n<meta property=\"og:type\" content=\"article\" \/>\n<meta property=\"og:title\" content=\"D. Manuel e a exorta\u00e7\u00e3o apost\u00f3lica \u201cA Alegria do Amor\u2019\u201d - Paroquia de Queijas\" \/>\n<meta property=\"og:description\" content=\"O cardeal-patriarca de Lisboa afirmou hoje que a nova exorta&ccedil;&atilde;o apost&oacute;lica do Papa sobre a fam&iacute;lia evitou &ldquo;novidades&rdquo; em rela&ccedil;&atilde;o [&hellip;]\" \/>\n<meta property=\"og:url\" content=\"https:\/\/paroquiaqueijas.net\/portal\/d-manuel-e-a-exortacao-apostolica-a-alegria-do-amor\/\" \/>\n<meta property=\"og:site_name\" content=\"Paroquia de Queijas\" \/>\n<meta property=\"article:publisher\" content=\"https:\/\/www.facebook.com\/paroquiaqueijas\/\" \/>\n<meta property=\"article:published_time\" content=\"2016-04-09T13:39:09+00:00\" \/>\n<meta property=\"article:modified_time\" content=\"2026-03-21T15:40:56+00:00\" \/>\n<meta property=\"og:image\" content=\"https:\/\/paroquiaqueijas.net\/portal\/wp-content\/uploads\/2015\/02\/DomManuel15.jpg\" \/>\n\t<meta property=\"og:image:width\" content=\"400\" \/>\n\t<meta property=\"og:image:height\" content=\"225\" \/>\n\t<meta property=\"og:image:type\" content=\"image\/jpeg\" \/>\n<meta name=\"author\" content=\"Paroquia de Queijas\" \/>\n<meta name=\"twitter:card\" content=\"summary_large_image\" \/>\n<meta name=\"twitter:label1\" content=\"Escrito por\" \/>\n\t<meta name=\"twitter:data1\" content=\"Paroquia de Queijas\" \/>\n\t<meta name=\"twitter:label2\" content=\"Tempo estimado de leitura\" \/>\n\t<meta name=\"twitter:data2\" content=\"3 minutos\" \/>\n<script type=\"application\/ld+json\" class=\"yoast-schema-graph\">{\"@context\":\"https:\\\/\\\/schema.org\",\"@graph\":[{\"@type\":\"Article\",\"@id\":\"https:\\\/\\\/paroquiaqueijas.net\\\/portal\\\/d-manuel-e-a-exortacao-apostolica-a-alegria-do-amor\\\/#article\",\"isPartOf\":{\"@id\":\"https:\\\/\\\/paroquiaqueijas.net\\\/portal\\\/d-manuel-e-a-exortacao-apostolica-a-alegria-do-amor\\\/\"},\"author\":{\"name\":\"Paroquia de Queijas\",\"@id\":\"https:\\\/\\\/paroquiaqueijas.net\\\/portal\\\/#\\\/schema\\\/person\\\/07bb4cce216326e06b6f742b719ebec7\"},\"headline\":\"D. Manuel e a exorta\u00e7\u00e3o apost\u00f3lica \u201cA Alegria do Amor\u2019\u201d\",\"datePublished\":\"2016-04-09T13:39:09+00:00\",\"dateModified\":\"2026-03-21T15:40:56+00:00\",\"mainEntityOfPage\":{\"@id\":\"https:\\\/\\\/paroquiaqueijas.net\\\/portal\\\/d-manuel-e-a-exortacao-apostolica-a-alegria-do-amor\\\/\"},\"wordCount\":664,\"commentCount\":0,\"publisher\":{\"@id\":\"https:\\\/\\\/paroquiaqueijas.net\\\/portal\\\/#organization\"},\"image\":{\"@id\":\"https:\\\/\\\/paroquiaqueijas.net\\\/portal\\\/d-manuel-e-a-exortacao-apostolica-a-alegria-do-amor\\\/#primaryimage\"},\"thumbnailUrl\":\"https:\\\/\\\/paroquiaqueijas.net\\\/portal\\\/wp-content\\\/uploads\\\/2015\\\/02\\\/DomManuel15.jpg\",\"articleSection\":[\"D. Manuel Clemente\"],\"inLanguage\":\"pt-PT\",\"potentialAction\":[{\"@type\":\"CommentAction\",\"name\":\"Comment\",\"target\":[\"https:\\\/\\\/paroquiaqueijas.net\\\/portal\\\/d-manuel-e-a-exortacao-apostolica-a-alegria-do-amor\\\/#respond\"]}]},{\"@type\":\"WebPage\",\"@id\":\"https:\\\/\\\/paroquiaqueijas.net\\\/portal\\\/d-manuel-e-a-exortacao-apostolica-a-alegria-do-amor\\\/\",\"url\":\"https:\\\/\\\/paroquiaqueijas.net\\\/portal\\\/d-manuel-e-a-exortacao-apostolica-a-alegria-do-amor\\\/\",\"name\":\"D. Manuel e a exorta\u00e7\u00e3o apost\u00f3lica \u201cA Alegria do Amor\u2019\u201d - Paroquia de Queijas\",\"isPartOf\":{\"@id\":\"https:\\\/\\\/paroquiaqueijas.net\\\/portal\\\/#website\"},\"primaryImageOfPage\":{\"@id\":\"https:\\\/\\\/paroquiaqueijas.net\\\/portal\\\/d-manuel-e-a-exortacao-apostolica-a-alegria-do-amor\\\/#primaryimage\"},\"image\":{\"@id\":\"https:\\\/\\\/paroquiaqueijas.net\\\/portal\\\/d-manuel-e-a-exortacao-apostolica-a-alegria-do-amor\\\/#primaryimage\"},\"thumbnailUrl\":\"https:\\\/\\\/paroquiaqueijas.net\\\/portal\\\/wp-content\\\/uploads\\\/2015\\\/02\\\/DomManuel15.jpg\",\"datePublished\":\"2016-04-09T13:39:09+00:00\",\"dateModified\":\"2026-03-21T15:40:56+00:00\",\"breadcrumb\":{\"@id\":\"https:\\\/\\\/paroquiaqueijas.net\\\/portal\\\/d-manuel-e-a-exortacao-apostolica-a-alegria-do-amor\\\/#breadcrumb\"},\"inLanguage\":\"pt-PT\",\"potentialAction\":[{\"@type\":\"ReadAction\",\"target\":[\"https:\\\/\\\/paroquiaqueijas.net\\\/portal\\\/d-manuel-e-a-exortacao-apostolica-a-alegria-do-amor\\\/\"]}]},{\"@type\":\"ImageObject\",\"inLanguage\":\"pt-PT\",\"@id\":\"https:\\\/\\\/paroquiaqueijas.net\\\/portal\\\/d-manuel-e-a-exortacao-apostolica-a-alegria-do-amor\\\/#primaryimage\",\"url\":\"https:\\\/\\\/paroquiaqueijas.net\\\/portal\\\/wp-content\\\/uploads\\\/2015\\\/02\\\/DomManuel15.jpg\",\"contentUrl\":\"https:\\\/\\\/paroquiaqueijas.net\\\/portal\\\/wp-content\\\/uploads\\\/2015\\\/02\\\/DomManuel15.jpg\",\"width\":400,\"height\":225,\"caption\":\"DomManuel15\"},{\"@type\":\"BreadcrumbList\",\"@id\":\"https:\\\/\\\/paroquiaqueijas.net\\\/portal\\\/d-manuel-e-a-exortacao-apostolica-a-alegria-do-amor\\\/#breadcrumb\",\"itemListElement\":[{\"@type\":\"ListItem\",\"position\":1,\"name\":\"In\u00edcio\",\"item\":\"https:\\\/\\\/paroquiaqueijas.net\\\/portal\\\/\"},{\"@type\":\"ListItem\",\"position\":2,\"name\":\"D. Manuel e a exorta\u00e7\u00e3o apost\u00f3lica \u201cA Alegria do Amor\u2019\u201d\"}]},{\"@type\":\"WebSite\",\"@id\":\"https:\\\/\\\/paroquiaqueijas.net\\\/portal\\\/#website\",\"url\":\"https:\\\/\\\/paroquiaqueijas.net\\\/portal\\\/\",\"name\":\"Paroquia de Queijas\",\"description\":\"\",\"publisher\":{\"@id\":\"https:\\\/\\\/paroquiaqueijas.net\\\/portal\\\/#organization\"},\"potentialAction\":[{\"@type\":\"SearchAction\",\"target\":{\"@type\":\"EntryPoint\",\"urlTemplate\":\"https:\\\/\\\/paroquiaqueijas.net\\\/portal\\\/?s={search_term_string}\"},\"query-input\":{\"@type\":\"PropertyValueSpecification\",\"valueRequired\":true,\"valueName\":\"search_term_string\"}}],\"inLanguage\":\"pt-PT\"},{\"@type\":\"Organization\",\"@id\":\"https:\\\/\\\/paroquiaqueijas.net\\\/portal\\\/#organization\",\"name\":\"Paroquia de Queijas\",\"url\":\"https:\\\/\\\/paroquiaqueijas.net\\\/portal\\\/\",\"logo\":{\"@type\":\"ImageObject\",\"inLanguage\":\"pt-PT\",\"@id\":\"https:\\\/\\\/paroquiaqueijas.net\\\/portal\\\/#\\\/schema\\\/logo\\\/image\\\/\",\"url\":\"https:\\\/\\\/paroquiaqueijas.net\\\/portal\\\/wp-content\\\/uploads\\\/2026\\\/03\\\/LogoQueijas_novo.png\",\"contentUrl\":\"https:\\\/\\\/paroquiaqueijas.net\\\/portal\\\/wp-content\\\/uploads\\\/2026\\\/03\\\/LogoQueijas_novo.png\",\"width\":520,\"height\":519,\"caption\":\"Paroquia de Queijas\"},\"image\":{\"@id\":\"https:\\\/\\\/paroquiaqueijas.net\\\/portal\\\/#\\\/schema\\\/logo\\\/image\\\/\"},\"sameAs\":[\"https:\\\/\\\/www.facebook.com\\\/paroquiaqueijas\\\/\"]},{\"@type\":\"Person\",\"@id\":\"https:\\\/\\\/paroquiaqueijas.net\\\/portal\\\/#\\\/schema\\\/person\\\/07bb4cce216326e06b6f742b719ebec7\",\"name\":\"Paroquia de Queijas\",\"image\":{\"@type\":\"ImageObject\",\"inLanguage\":\"pt-PT\",\"@id\":\"https:\\\/\\\/secure.gravatar.com\\\/avatar\\\/5054571ff5d2454cd50657fc4e61d0c32d7a5d0d3b36ef6c0f6e269276d13618?s=96&d=mm&r=g\",\"url\":\"https:\\\/\\\/secure.gravatar.com\\\/avatar\\\/5054571ff5d2454cd50657fc4e61d0c32d7a5d0d3b36ef6c0f6e269276d13618?s=96&d=mm&r=g\",\"contentUrl\":\"https:\\\/\\\/secure.gravatar.com\\\/avatar\\\/5054571ff5d2454cd50657fc4e61d0c32d7a5d0d3b36ef6c0f6e269276d13618?s=96&d=mm&r=g\",\"caption\":\"Paroquia de Queijas\"},\"sameAs\":[\"https:\\\/\\\/paroquiaqueijas.net\\\/site\"],\"url\":\"https:\\\/\\\/paroquiaqueijas.net\\\/portal\\\/author\\\/admin1\\\/\"}]}<\/script>\n<!-- \/ Yoast SEO plugin. -->","yoast_head_json":{"title":"D. Manuel e a exorta\u00e7\u00e3o apost\u00f3lica \u201cA Alegria do Amor\u2019\u201d - Paroquia de Queijas","robots":{"index":"index","follow":"follow","max-snippet":"max-snippet:-1","max-image-preview":"max-image-preview:large","max-video-preview":"max-video-preview:-1"},"canonical":"https:\/\/paroquiaqueijas.net\/portal\/d-manuel-e-a-exortacao-apostolica-a-alegria-do-amor\/","og_locale":"pt_PT","og_type":"article","og_title":"D. Manuel e a exorta\u00e7\u00e3o apost\u00f3lica \u201cA Alegria do Amor\u2019\u201d - Paroquia de Queijas","og_description":"O cardeal-patriarca de Lisboa afirmou hoje que a nova exorta&ccedil;&atilde;o apost&oacute;lica do Papa sobre a fam&iacute;lia evitou &ldquo;novidades&rdquo; em rela&ccedil;&atilde;o [&hellip;]","og_url":"https:\/\/paroquiaqueijas.net\/portal\/d-manuel-e-a-exortacao-apostolica-a-alegria-do-amor\/","og_site_name":"Paroquia de Queijas","article_publisher":"https:\/\/www.facebook.com\/paroquiaqueijas\/","article_published_time":"2016-04-09T13:39:09+00:00","article_modified_time":"2026-03-21T15:40:56+00:00","og_image":[{"width":400,"height":225,"url":"https:\/\/paroquiaqueijas.net\/portal\/wp-content\/uploads\/2015\/02\/DomManuel15.jpg","type":"image\/jpeg"}],"author":"Paroquia de Queijas","twitter_card":"summary_large_image","twitter_misc":{"Escrito por":"Paroquia de Queijas","Tempo estimado de leitura":"3 minutos"},"schema":{"@context":"https:\/\/schema.org","@graph":[{"@type":"Article","@id":"https:\/\/paroquiaqueijas.net\/portal\/d-manuel-e-a-exortacao-apostolica-a-alegria-do-amor\/#article","isPartOf":{"@id":"https:\/\/paroquiaqueijas.net\/portal\/d-manuel-e-a-exortacao-apostolica-a-alegria-do-amor\/"},"author":{"name":"Paroquia de Queijas","@id":"https:\/\/paroquiaqueijas.net\/portal\/#\/schema\/person\/07bb4cce216326e06b6f742b719ebec7"},"headline":"D. Manuel e a exorta\u00e7\u00e3o apost\u00f3lica \u201cA Alegria do Amor\u2019\u201d","datePublished":"2016-04-09T13:39:09+00:00","dateModified":"2026-03-21T15:40:56+00:00","mainEntityOfPage":{"@id":"https:\/\/paroquiaqueijas.net\/portal\/d-manuel-e-a-exortacao-apostolica-a-alegria-do-amor\/"},"wordCount":664,"commentCount":0,"publisher":{"@id":"https:\/\/paroquiaqueijas.net\/portal\/#organization"},"image":{"@id":"https:\/\/paroquiaqueijas.net\/portal\/d-manuel-e-a-exortacao-apostolica-a-alegria-do-amor\/#primaryimage"},"thumbnailUrl":"https:\/\/paroquiaqueijas.net\/portal\/wp-content\/uploads\/2015\/02\/DomManuel15.jpg","articleSection":["D. Manuel Clemente"],"inLanguage":"pt-PT","potentialAction":[{"@type":"CommentAction","name":"Comment","target":["https:\/\/paroquiaqueijas.net\/portal\/d-manuel-e-a-exortacao-apostolica-a-alegria-do-amor\/#respond"]}]},{"@type":"WebPage","@id":"https:\/\/paroquiaqueijas.net\/portal\/d-manuel-e-a-exortacao-apostolica-a-alegria-do-amor\/","url":"https:\/\/paroquiaqueijas.net\/portal\/d-manuel-e-a-exortacao-apostolica-a-alegria-do-amor\/","name":"D. Manuel e a exorta\u00e7\u00e3o apost\u00f3lica \u201cA Alegria do Amor\u2019\u201d - Paroquia de Queijas","isPartOf":{"@id":"https:\/\/paroquiaqueijas.net\/portal\/#website"},"primaryImageOfPage":{"@id":"https:\/\/paroquiaqueijas.net\/portal\/d-manuel-e-a-exortacao-apostolica-a-alegria-do-amor\/#primaryimage"},"image":{"@id":"https:\/\/paroquiaqueijas.net\/portal\/d-manuel-e-a-exortacao-apostolica-a-alegria-do-amor\/#primaryimage"},"thumbnailUrl":"https:\/\/paroquiaqueijas.net\/portal\/wp-content\/uploads\/2015\/02\/DomManuel15.jpg","datePublished":"2016-04-09T13:39:09+00:00","dateModified":"2026-03-21T15:40:56+00:00","breadcrumb":{"@id":"https:\/\/paroquiaqueijas.net\/portal\/d-manuel-e-a-exortacao-apostolica-a-alegria-do-amor\/#breadcrumb"},"inLanguage":"pt-PT","potentialAction":[{"@type":"ReadAction","target":["https:\/\/paroquiaqueijas.net\/portal\/d-manuel-e-a-exortacao-apostolica-a-alegria-do-amor\/"]}]},{"@type":"ImageObject","inLanguage":"pt-PT","@id":"https:\/\/paroquiaqueijas.net\/portal\/d-manuel-e-a-exortacao-apostolica-a-alegria-do-amor\/#primaryimage","url":"https:\/\/paroquiaqueijas.net\/portal\/wp-content\/uploads\/2015\/02\/DomManuel15.jpg","contentUrl":"https:\/\/paroquiaqueijas.net\/portal\/wp-content\/uploads\/2015\/02\/DomManuel15.jpg","width":400,"height":225,"caption":"DomManuel15"},{"@type":"BreadcrumbList","@id":"https:\/\/paroquiaqueijas.net\/portal\/d-manuel-e-a-exortacao-apostolica-a-alegria-do-amor\/#breadcrumb","itemListElement":[{"@type":"ListItem","position":1,"name":"In\u00edcio","item":"https:\/\/paroquiaqueijas.net\/portal\/"},{"@type":"ListItem","position":2,"name":"D. Manuel e a exorta\u00e7\u00e3o apost\u00f3lica \u201cA Alegria do Amor\u2019\u201d"}]},{"@type":"WebSite","@id":"https:\/\/paroquiaqueijas.net\/portal\/#website","url":"https:\/\/paroquiaqueijas.net\/portal\/","name":"Paroquia de Queijas","description":"","publisher":{"@id":"https:\/\/paroquiaqueijas.net\/portal\/#organization"},"potentialAction":[{"@type":"SearchAction","target":{"@type":"EntryPoint","urlTemplate":"https:\/\/paroquiaqueijas.net\/portal\/?s={search_term_string}"},"query-input":{"@type":"PropertyValueSpecification","valueRequired":true,"valueName":"search_term_string"}}],"inLanguage":"pt-PT"},{"@type":"Organization","@id":"https:\/\/paroquiaqueijas.net\/portal\/#organization","name":"Paroquia de Queijas","url":"https:\/\/paroquiaqueijas.net\/portal\/","logo":{"@type":"ImageObject","inLanguage":"pt-PT","@id":"https:\/\/paroquiaqueijas.net\/portal\/#\/schema\/logo\/image\/","url":"https:\/\/paroquiaqueijas.net\/portal\/wp-content\/uploads\/2026\/03\/LogoQueijas_novo.png","contentUrl":"https:\/\/paroquiaqueijas.net\/portal\/wp-content\/uploads\/2026\/03\/LogoQueijas_novo.png","width":520,"height":519,"caption":"Paroquia de Queijas"},"image":{"@id":"https:\/\/paroquiaqueijas.net\/portal\/#\/schema\/logo\/image\/"},"sameAs":["https:\/\/www.facebook.com\/paroquiaqueijas\/"]},{"@type":"Person","@id":"https:\/\/paroquiaqueijas.net\/portal\/#\/schema\/person\/07bb4cce216326e06b6f742b719ebec7","name":"Paroquia de Queijas","image":{"@type":"ImageObject","inLanguage":"pt-PT","@id":"https:\/\/secure.gravatar.com\/avatar\/5054571ff5d2454cd50657fc4e61d0c32d7a5d0d3b36ef6c0f6e269276d13618?s=96&d=mm&r=g","url":"https:\/\/secure.gravatar.com\/avatar\/5054571ff5d2454cd50657fc4e61d0c32d7a5d0d3b36ef6c0f6e269276d13618?s=96&d=mm&r=g","contentUrl":"https:\/\/secure.gravatar.com\/avatar\/5054571ff5d2454cd50657fc4e61d0c32d7a5d0d3b36ef6c0f6e269276d13618?s=96&d=mm&r=g","caption":"Paroquia de Queijas"},"sameAs":["https:\/\/paroquiaqueijas.net\/site"],"url":"https:\/\/paroquiaqueijas.net\/portal\/author\/admin1\/"}]}},"_links":{"self":[{"href":"https:\/\/paroquiaqueijas.net\/portal\/wp-json\/wp\/v2\/posts\/1449","targetHints":{"allow":["GET"]}}],"collection":[{"href":"https:\/\/paroquiaqueijas.net\/portal\/wp-json\/wp\/v2\/posts"}],"about":[{"href":"https:\/\/paroquiaqueijas.net\/portal\/wp-json\/wp\/v2\/types\/post"}],"author":[{"embeddable":true,"href":"https:\/\/paroquiaqueijas.net\/portal\/wp-json\/wp\/v2\/users\/1"}],"replies":[{"embeddable":true,"href":"https:\/\/paroquiaqueijas.net\/portal\/wp-json\/wp\/v2\/comments?post=1449"}],"version-history":[{"count":1,"href":"https:\/\/paroquiaqueijas.net\/portal\/wp-json\/wp\/v2\/posts\/1449\/revisions"}],"predecessor-version":[{"id":2373,"href":"https:\/\/paroquiaqueijas.net\/portal\/wp-json\/wp\/v2\/posts\/1449\/revisions\/2373"}],"wp:featuredmedia":[{"embeddable":true,"href":"https:\/\/paroquiaqueijas.net\/portal\/wp-json\/wp\/v2\/media\/1355"}],"wp:attachment":[{"href":"https:\/\/paroquiaqueijas.net\/portal\/wp-json\/wp\/v2\/media?parent=1449"}],"wp:term":[{"taxonomy":"category","embeddable":true,"href":"https:\/\/paroquiaqueijas.net\/portal\/wp-json\/wp\/v2\/categories?post=1449"},{"taxonomy":"post_tag","embeddable":true,"href":"https:\/\/paroquiaqueijas.net\/portal\/wp-json\/wp\/v2\/tags?post=1449"}],"curies":[{"name":"wp","href":"https:\/\/api.w.org\/{rel}","templated":true}]}}