{"id":1519,"date":"2016-11-01T22:31:06","date_gmt":"2016-11-01T22:31:06","guid":{"rendered":"https:\/\/paroquiaqueijas.net\/site\/?p=1519"},"modified":"2026-03-21T15:40:56","modified_gmt":"2026-03-21T15:40:56","slug":"viagem-apostolica-do-papa-francisco-a-suecia","status":"publish","type":"post","link":"https:\/\/paroquiaqueijas.net\/portal\/viagem-apostolica-do-papa-francisco-a-suecia\/","title":{"rendered":"Viagem Apost\u00f3lica do Papa Francisco \u00e0 Su\u00e9cia"},"content":{"rendered":"<p><strong><img fetchpriority=\"high\" decoding=\"async\" class=\" alignright size-full wp-image-1518\" src=\"https:\/\/paroquiaqueijas.net\/portal\/wp-content\/uploads\/2016\/11\/Francisco_Suecia.jpg\" alt=\"Francisco Suecia\" width=\"300\" height=\"199\" style=\"float: right;\" srcset=\"https:\/\/paroquiaqueijas.net\/portal\/wp-content\/uploads\/2016\/11\/Francisco_Suecia.jpg 640w, https:\/\/paroquiaqueijas.net\/portal\/wp-content\/uploads\/2016\/11\/Francisco_Suecia-300x199.jpg 300w, https:\/\/paroquiaqueijas.net\/portal\/wp-content\/uploads\/2016\/11\/Francisco_Suecia-600x400.jpg 600w\" sizes=\"(max-width: 300px) 100vw, 300px\" \/>Ora&ccedil;&atilde;o Ecum&eacute;nica na Catedral Luterana de Lund<br \/>Homilia do Papa Francisco<br \/><\/strong><\/p>\n<p>&laquo;Permanecei em Mim, que Eu permane&ccedil;o em v&oacute;s&raquo; (Jo 15, 4). Estas palavras, pronunciadas por Jesus no contexto da &Uacute;ltima Ceia, permitem-nos sondar o cora&ccedil;&atilde;o de Cristo pouco antes da sua doa&ccedil;&atilde;o definitiva na cruz. Podemos sentir as suas palpita&ccedil;&otilde;es de amor por n&oacute;s e o seu desejo de unidade para todos os que creem n&rsquo;Ele. Diz-nos que Ele &eacute; a videira verdadeira, e n&oacute;s os ramos; e, como Ele est&aacute; unido ao Pai, assim devemos n&oacute;s estar unidos a Ele, se quisermos dar fruto.<br \/>Neste encontro de ora&ccedil;&atilde;o, aqui em Lund, queremos manifestar o nosso desejo comum de permanecer unidos a Ele para termos vida. Pedimos-Lhe: &laquo;Senhor, com a vossa gra&ccedil;a ajudai-nos a estar mais unidos a V&oacute;s para darmos, juntos, um testemunho mais eficaz de f&eacute;, esperan&ccedil;a e caridade&raquo;. &Eacute; tamb&eacute;m um momento prop&iacute;cio para dar gra&ccedil;as a Deus pelo esfor&ccedil;o de muitos irm&atilde;os nossos, de diferentes comunidades eclesiais, que n&atilde;o se resignaram com a divis&atilde;o, mas mantiveram viva a esperan&ccedil;a da reconcilia&ccedil;&atilde;o entre todos os que creem no &uacute;nico Senhor.<\/p>\n<p>N&oacute;s, cat&oacute;licos e luteranos, come&ccedil;amos a caminhar juntos pela senda da reconcilia&ccedil;&atilde;o. Agora, no contexto da comemora&ccedil;&atilde;o comum da Reforma de 1517, temos uma nova oportunidade para acolher um percurso comum, que se foi configurando ao longo dos &uacute;ltimos cinquenta anos no di&aacute;logo ecum&eacute;nico entre a Federa&ccedil;&atilde;o Luterana Mundial e a Igreja Cat&oacute;lica. N&atilde;o podemos resignar-nos com a divis&atilde;o e o distanciamento que a separa&ccedil;&atilde;o gerou entre n&oacute;s. Temos a possibilidade de reparar um momento crucial da nossa hist&oacute;ria, superando controv&eacute;rsias e mal-entendidos que impediram frequentemente de nos compreendermos uns aos outros.<\/p>\n<p>Jesus diz-nos que o dono da vinha &eacute; o Pai (cf. 15, 1), que cuida dela e a poda para dar mais fruto (cf. 15, 2). O Pai preocupa-Se, sem cessar, com a nossa rela&ccedil;&atilde;o com Jesus, vendo se estamos verdadeiramente unidos a Ele (cf. 15, 4). Fixa-nos, e o seu olhar de amor anima-nos a purificar o nosso passado e a trabalhar no presente para realizar aquele futuro de unidade por que tanto anseia.<\/p>\n<p>Tamb&eacute;m n&oacute;s devemos olhar, com amor e honestidade, para o nosso passado e reconhecer o erro e pedir perd&atilde;o, s&oacute; Deus &eacute; o juiz. E, com a mesma honestidade e amor, temos de reconhecer que a nossa divis&atilde;o se afastava da intui&ccedil;&atilde;o origin&aacute;ria do povo de Deus, cujo an&eacute;lito &eacute; naturalmente estar unido, e, historicamente, foi perpetuada mais por homens de poder deste mundo do que por vontade do povo fiel, que sempre e em toda parte precisa de ser guiado, com seguran&ccedil;a e ternura, pelo seu Bom Pastor. Entretanto havia, de ambos os lados, uma vontade sincera de professar e defender a verdadeira f&eacute;, mas estamos conscientes tamb&eacute;m de que nos fechamos em n&oacute;s mesmos com medo ou preconceitos relativamente &agrave; f&eacute; que os outros professam com uma acentua&ccedil;&atilde;o e uma linguagem diferentes. Dizia o Papa Jo&atilde;o Paulo II: &laquo;N&atilde;o devemos deixar-nos guiar pelo intento de nos tornarmos &aacute;rbitros da hist&oacute;ria, mas unicamente pela inten&ccedil;&atilde;o de compreendermos melhor os acontecimentos e de sermos portadores da verdade&raquo; (Mensagem ao Cardeal Johannes Willebrands, Presidente do Secretariado para a Uni&atilde;o dos Crist&atilde;os, 31 de outubro de 1983). Deus &eacute; o dono da vinha, que a cuida e protege com imenso amor; deixemo-nos comover pelo olhar de Deus; tudo o que Ele deseja &eacute; que permane&ccedil;amos como ramos vivos unidos ao seu Filho Jesus. Com este novo olhar ao passado, n&atilde;o pretendemos fazer uma corre&ccedil;&atilde;o invi&aacute;vel do que aconteceu, mas &laquo;contar essa hist&oacute;ria de maneira diferente&raquo; (Comiss&atilde;o Luterana-Cat&oacute;lica Romana para a Unidade, Do conflito &agrave; comunh&atilde;o, 17 de junho de 2013, 16).<\/p>\n<p>Jesus recorda-nos: &laquo;Sem Mim, nada podeis fazer&raquo; (15, 5). &Eacute; Ele que nos sustenta e encoraja a procurar os modos para tornar a unidade uma realidade cada vez mais evidente. Sem d&uacute;vida, a separa&ccedil;&atilde;o foi uma fonte imensa de sofrimentos e incompreens&otilde;es; mas ao mesmo tempo levou-nos a tomar consci&ecirc;ncia sinceramente de que, sem Ele, nada podemos fazer, dando-nos a possibilidade de compreender melhor alguns aspetos da nossa f&eacute;. Com gratid&atilde;o, reconhecemos que a Reforma contribuiu para dar maior centralidade &agrave; Sagrada Escritura na vida da Igreja. Atrav&eacute;s da escuta comum da Palavra de Deus nas Escrituras, o di&aacute;logo entre a Igreja Cat&oacute;lica e a Federa&ccedil;&atilde;o Luterana Mundial, cujo cinquenten&aacute;rio celebramos, deu passos importantes. Pe&ccedil;amos ao Senhor que a sua Palavra nos mantenha unidos, porque Ela &eacute; fonte de alimento e vida; sem a sua inspira&ccedil;&atilde;o, nada podemos fazer.<\/p>\n<p>A experi&ecirc;ncia espiritual de Martinho Lutero interpela-nos lembrando-nos que nada podemos fazer sem Deus. &laquo;Como posso ter um Deus misericordioso?&raquo; Esta &eacute; a pergunta que constantemente atormentava Lutero. Na verdade, a quest&atilde;o da justa rela&ccedil;&atilde;o com Deus &eacute; a quest&atilde;o decisiva da vida. Como &eacute; sabido, Lutero descobriu este Deus misericordioso na Boa Nova de Jesus Cristo encarnado, morto e ressuscitado. Com o conceito &laquo;s&oacute; por gra&ccedil;a divina&raquo;, recorda-nos que Deus tem sempre a iniciativa e que precede qualquer resposta humana inclusive no momento em que procura suscitar tal resposta. Assim, a doutrina da justifica&ccedil;&atilde;o exprime a ess&ecirc;ncia da exist&ecirc;ncia humana diante de Deus.<\/p>\n<p>Jesus intercede por n&oacute;s como mediador junto do Pai, pedindo-Lhe a unidade dos seus disc&iacute;pulos para que &laquo;o mundo creia&raquo; (Jo 17, 21). &Eacute; isto que nos conforta e impele a unir-nos a Jesus para implorar o Pai com insist&ecirc;ncia: &laquo;Concedei-nos o dom da unidade, para que o mundo creia na for&ccedil;a da vossa miseric&oacute;rdia&raquo;. Este &eacute; o testemunho que o mundo espera de n&oacute;s. E n&oacute;s, crist&atilde;os, seremos testemunhas cred&iacute;veis da miseric&oacute;rdia, na medida em que o perd&atilde;o, a renova&ccedil;&atilde;o e a reconcilia&ccedil;&atilde;o forem uma experi&ecirc;ncia di&aacute;ria entre n&oacute;s. Juntos, podemos anunciar e manifestar, de forma concreta e com alegria, a miseric&oacute;rdia de Deus, defendendo e servindo a dignidade de cada pessoa. Sem este servi&ccedil;o ao mundo e no mundo, a f&eacute; crist&atilde; &eacute; incompleta.<\/p>\n<p>N&oacute;s, luteranos e cat&oacute;licos, rezamos juntos nesta Catedral e estamos conscientes de que, sem Deus, nada podemos fazer; pedimos o seu aux&iacute;lio para sermos membros vivos unidos a Ele, sempre carecidos da sua gra&ccedil;a para podermos levar, juntos, a sua Palavra ao mundo, que tem necessidade da sua ternura e miseric&oacute;rdia.<\/p>\n<p style=\"text-align: right;\">Papa Francisco, Catedral Luterana de Lund, 31 de Outubro de 2016<\/p>\n<hr \/>\n<p style=\"text-align: center;\"><strong>Declara&ccedil;&atilde;o Conjunta: <br \/>Gra&ccedil;as ao di&aacute;logo j&aacute; n&atilde;o somos desconhecidos<\/strong><\/span><\/p>\n<p>Por ocasi&atilde;o da comemora&ccedil;&atilde;o conjunta cat&oacute;lico-luterana da Reforma, durante a Ora&ccedil;&atilde;o ecum&eacute;nica comum na Catedral luterana de Lund, o Papa Francisco e o Presidente da Federa&ccedil;&atilde;o Luterana Mundial, Rev. Munib Younan assinaram uma Declara&ccedil;&atilde;o Conjunta introduzida pelas seguintes palavras: &ldquo;Permanecei em Mim, que Eu permane&ccedil;o em v&oacute;s. Tal como o ramo n&atilde;o pode dar fruto por si mesmo, mas s&oacute; permanecendo na videira, assim tamb&eacute;m acontecer&aacute; convosco, se n&atilde;o permanecerdes em Mim&rdquo; (Jo. 15, 4).<\/p>\n<p>Com esta Declara&ccedil;&atilde;o Conjunta, &#8211; l&ecirc;-se no texto -, expressamos jubilosa gratid&atilde;o a Deus por este momento de ora&ccedil;&atilde;o comum na Catedral de Lund, com que iniciamos o ano comemorativo do quinto centen&aacute;rio da Reforma. Cinquenta anos de constante e frutuoso di&aacute;logo ecum&eacute;nico entre cat&oacute;licos e luteranos ajudaram-nos a superar muitas diferen&ccedil;as e aprofundaram a compreens&atilde;o e confian&ccedil;a entre n&oacute;s. Ao mesmo tempo, aproximamo-nos uns dos outros atrav&eacute;s do servi&ccedil;o comum ao pr&oacute;ximo &ndash; muitas vezes em situa&ccedil;&otilde;es de sofrimento e de persegui&ccedil;&atilde;o. Gra&ccedil;as ao di&aacute;logo e testemunho compartilhado, j&aacute; n&atilde;o somos desconhecidos; antes, aprendemos que aquilo que nos une &eacute; maior do que aquilo que nos separa.<\/p>\n<p><strong>Do conflito &agrave; comunh&atilde;o<\/strong><br \/>No texto evidencia-se ainda que &ldquo;ao mesmo tempo que estamos profundamente gratos pelos dons espirituais e teol&oacute;gicos recebidos atrav&eacute;s da Reforma, tamb&eacute;m confessamos e lamentamos diante de Cristo que luteranos e cat&oacute;licos tenham ferido a unidade vis&iacute;vel da Igreja. Diferen&ccedil;as teol&oacute;gicas foram acompanhadas por preconceitos e conflitos, e instrumentalizou-se a religi&atilde;o para fins pol&iacute;ticos.<\/p>\n<p>A nossa f&eacute; comum em Jesus Cristo &ndash; continua o texto -, e o nosso Baptismo exigem de n&oacute;s uma convers&atilde;o di&aacute;ria, gra&ccedil;as &agrave; qual repelimos as diverg&ecirc;ncias e conflitos hist&oacute;ricos que dificultam o minist&eacute;rio da reconcilia&ccedil;&atilde;o. Enquanto o passado n&atilde;o se pode modificar, aquilo que se recorda e o modo como se recorda podem ser transformados. Rezamos pela cura das nossas feridas e das lembran&ccedil;as que turvam a nossa vis&atilde;o uns dos outros. Rejeitamos categoricamente todo o &oacute;dio e viol&ecirc;ncia, passados e presentes, especialmente os implementados em nome da religi&atilde;o. Hoje, escutamos o mandamento de Deus para se p&ocirc;r de parte todo o conflito. Reconhecemos que fomos libertos pela gra&ccedil;a para nos dirigirmos para a comunh&atilde;o a que Deus nos chama sem cessar.<\/p>\n<p><strong>O nosso compromisso em prol dum testemunho comum<\/strong><br \/>A Declara&ccedil;&atilde;o Conjunta evidencia que &ldquo;enquanto superamos os epis&oacute;dios da nossa hist&oacute;ria que gravam sobre n&oacute;s, comprometemo-nos a testemunhar juntos a gra&ccedil;a misericordiosa de Deus, que se tornou vis&iacute;vel em Cristo crucificado e ressuscitado&rdquo;. Cientes de que o modo como nos relacionamos entre n&oacute;s incide sobre o nosso testemunho do Evangelho, comprometemo-nos a crescer ainda mais na comunh&atilde;o radicada no Baptismo, procurando remover os obst&aacute;culos ainda existentes que nos impedem de alcan&ccedil;ar a unidade plena. Cristo quer que sejamos um s&oacute;, para que o mundo possa acreditar (cf. Jo. 17, 21).<\/p>\n<p>No texto destaca-se tamb&eacute;m que muitos membros &ldquo;das nossas comunidades anseiam por receber a Eucaristia a uma &uacute;nica Mesa como express&atilde;o concreta da unidade plena&rdquo;. &ldquo;Temos experi&ecirc;ncia da dor de quantos partilham toda a sua vida, mas n&atilde;o podem partilhar a presen&ccedil;a redentora de Deus na Mesa Eucar&iacute;stica&rdquo;. Reconhecemos a nossa responsabilidade pastoral comum de dar resposta &agrave; sede e fome espirituais que o nosso povo tem de ser um s&oacute; em Cristo. Desejamos ardentemente que esta ferida no Corpo de Cristo seja curada. Este &eacute; o objectivo dos nossos esfor&ccedil;os ecum&eacute;nicos, que desejamos levar por diante inclusive renovando o nosso empenho no di&aacute;logo teol&oacute;gico.<\/p>\n<p><strong>Um s&oacute; em Cristo<\/strong><br \/>Evidencia-se no texto que se reza a Deus para que cat&oacute;licos e luteranos saibam testemunhar juntos o Evangelho de Jesus Cristo, convidando a humanidade a ouvir e receber a boa not&iacute;cia da a&ccedil;&atilde;o redentora de Deus. &ldquo;Pedimos a Deus inspira&ccedil;&atilde;o, &#8211; continua a Declara&ccedil;&atilde;o -, &acirc;nimo e for&ccedil;a para podermos continuar juntos no servi&ccedil;o, defendendo a dignidade e os direitos humanos, especialmente dos pobres, trabalhando pela justi&ccedil;a e rejeitando todas as formas de viol&ecirc;ncia&rdquo;.<\/p>\n<p>Deus chama-nos a estar perto de todos aqueles que anseiam por dignidade, justi&ccedil;a, paz e reconcilia&ccedil;&atilde;o, acrescenta o texto. &ldquo;Hoje, de modo particular, levantamos as nossas vozes para pedir o fim da viol&ecirc;ncia e do extremismo que ferem tantos pa&iacute;ses e comunidades, e inumer&aacute;veis irm&atilde;os e irm&atilde;s em Cristo&rdquo;. Em seguida uma exorta&ccedil;&atilde;o a luteranos e cat&oacute;licos para que trabalhem juntos para acolher quem &eacute; estrangeiro, prestem aux&iacute;lio a quantos s&atilde;o for&ccedil;ados a fugir por causa da guerra e da persegui&ccedil;&atilde;o, e defendam os direitos dos refugiados e de quantos procuram asilo.<\/p>\n<p>Um olhar tamb&eacute;m &agrave; cria&ccedil;&atilde;o inteira que sofre a explora&ccedil;&atilde;o e os efeitos duma gan&acirc;ncia insaci&aacute;vel. &ldquo;Reconhecemos o direito que t&ecirc;m as gera&ccedil;&otilde;es futuras de gozar do mundo, obra de Deus, em todo o seu potencial e beleza. Rezamos por uma mudan&ccedil;a dos cora&ccedil;&otilde;es e das mentes que leve a um cuidado amoroso e respons&aacute;vel da cria&ccedil;&atilde;o&rdquo;, destaca a Declara&ccedil;&atilde;o Conjunta.<\/p>\n<p>Depois de agradecer aos irm&atilde;os e irm&atilde;s das v&aacute;rias Comunh&otilde;es e Associa&ccedil;&otilde;es Crist&atilde;s mundiais que est&atilde;o presentes e unidos em ora&ccedil;&atilde;o, renova-se o compromisso de passar do conflito &agrave; comunh&atilde;o, e fazendo isso como membros do &uacute;nico Corpo de Cristo, no qual estamos incorporados pelo Baptismo.<\/p>\n<p><strong>Apelo aos cat&oacute;licos e luteranos do mundo inteiro<\/strong><br \/>Enfim um apelo: &ldquo;apelamos a todas as par&oacute;quias e comunidades luteranas e cat&oacute;licas para que sejam corajosas e criativas, alegres e cheias de esperan&ccedil;a no seu compromisso de prosseguir na grande aventura que nos espera. Mais do que os conflitos do passado, h&aacute; de ser o dom divino da unidade entre n&oacute;s a guiar a colabora&ccedil;&atilde;o e a aprofundar a nossa solidariedade.<\/p>\n","protected":false},"excerpt":{"rendered":"<p>Ora&ccedil;&atilde;o Ecum&eacute;nica na Catedral Luterana de LundHomilia do Papa Francisco &laquo;Permanecei em Mim, que Eu permane&ccedil;o em v&oacute;s&raquo; (Jo 15, [&hellip;]<\/p>\n","protected":false},"author":1,"featured_media":1518,"comment_status":"open","ping_status":"open","sticky":false,"template":"","format":"standard","meta":{"site-sidebar-layout":"default","site-content-layout":"","ast-site-content-layout":"default","site-content-style":"default","site-sidebar-style":"default","ast-global-header-display":"","ast-banner-title-visibility":"","ast-main-header-display":"","ast-hfb-above-header-display":"","ast-hfb-below-header-display":"","ast-hfb-mobile-header-display":"","site-post-title":"","ast-breadcrumbs-content":"","ast-featured-img":"","footer-sml-layout":"","ast-disable-related-posts":"","theme-transparent-header-meta":"","adv-header-id-meta":"","stick-header-meta":"","header-above-stick-meta":"","header-main-stick-meta":"","header-below-stick-meta":"","astra-migrate-meta-layouts":"default","ast-page-background-enabled":"default","ast-page-background-meta":{"desktop":{"background-color":"var(--ast-global-color-5)","background-image":"","background-repeat":"repeat","background-position":"center center","background-size":"auto","background-attachment":"scroll","background-type":"","background-media":"","overlay-type":"","overlay-color":"","overlay-opacity":"","overlay-gradient":""},"tablet":{"background-color":"","background-image":"","background-repeat":"repeat","background-position":"center center","background-size":"auto","background-attachment":"scroll","background-type":"","background-media":"","overlay-type":"","overlay-color":"","overlay-opacity":"","overlay-gradient":""},"mobile":{"background-color":"","background-image":"","background-repeat":"repeat","background-position":"center center","background-size":"auto","background-attachment":"scroll","background-type":"","background-media":"","overlay-type":"","overlay-color":"","overlay-opacity":"","overlay-gradient":""}},"ast-content-background-meta":{"desktop":{"background-color":"var(--ast-global-color-4)","background-image":"","background-repeat":"repeat","background-position":"center center","background-size":"auto","background-attachment":"scroll","background-type":"","background-media":"","overlay-type":"","overlay-color":"","overlay-opacity":"","overlay-gradient":""},"tablet":{"background-color":"var(--ast-global-color-4)","background-image":"","background-repeat":"repeat","background-position":"center center","background-size":"auto","background-attachment":"scroll","background-type":"","background-media":"","overlay-type":"","overlay-color":"","overlay-opacity":"","overlay-gradient":""},"mobile":{"background-color":"var(--ast-global-color-4)","background-image":"","background-repeat":"repeat","background-position":"center center","background-size":"auto","background-attachment":"scroll","background-type":"","background-media":"","overlay-type":"","overlay-color":"","overlay-opacity":"","overlay-gradient":""}},"footnotes":""},"categories":[13],"tags":[],"class_list":["post-1519","post","type-post","status-publish","format-standard","has-post-thumbnail","hentry","category-papa-francisco"],"yoast_head":"<!-- This site is optimized with the Yoast SEO plugin v27.4 - https:\/\/yoast.com\/product\/yoast-seo-wordpress\/ -->\n<title>Viagem Apost\u00f3lica do Papa Francisco \u00e0 Su\u00e9cia - Paroquia de Queijas<\/title>\n<meta name=\"robots\" content=\"index, follow, max-snippet:-1, max-image-preview:large, max-video-preview:-1\" \/>\n<link rel=\"canonical\" href=\"https:\/\/paroquiaqueijas.net\/portal\/viagem-apostolica-do-papa-francisco-a-suecia\/\" \/>\n<meta property=\"og:locale\" content=\"pt_PT\" \/>\n<meta property=\"og:type\" content=\"article\" \/>\n<meta property=\"og:title\" content=\"Viagem Apost\u00f3lica do Papa Francisco \u00e0 Su\u00e9cia - Paroquia de Queijas\" \/>\n<meta property=\"og:description\" content=\"Ora&ccedil;&atilde;o Ecum&eacute;nica na Catedral Luterana de LundHomilia do Papa Francisco &laquo;Permanecei em Mim, que Eu permane&ccedil;o em v&oacute;s&raquo; (Jo 15, [&hellip;]\" \/>\n<meta property=\"og:url\" content=\"https:\/\/paroquiaqueijas.net\/portal\/viagem-apostolica-do-papa-francisco-a-suecia\/\" \/>\n<meta property=\"og:site_name\" content=\"Paroquia de Queijas\" \/>\n<meta property=\"article:publisher\" content=\"https:\/\/www.facebook.com\/paroquiaqueijas\/\" \/>\n<meta property=\"article:published_time\" content=\"2016-11-01T22:31:06+00:00\" \/>\n<meta property=\"article:modified_time\" content=\"2026-03-21T15:40:56+00:00\" \/>\n<meta property=\"og:image\" content=\"https:\/\/paroquiaqueijas.net\/portal\/wp-content\/uploads\/2016\/11\/Francisco_Suecia.jpg\" \/>\n\t<meta property=\"og:image:width\" content=\"640\" \/>\n\t<meta property=\"og:image:height\" content=\"424\" \/>\n\t<meta property=\"og:image:type\" content=\"image\/jpeg\" \/>\n<meta name=\"author\" content=\"Paroquia de Queijas\" \/>\n<meta name=\"twitter:card\" content=\"summary_large_image\" \/>\n<meta name=\"twitter:label1\" content=\"Escrito por\" \/>\n\t<meta name=\"twitter:data1\" content=\"Paroquia de Queijas\" \/>\n\t<meta name=\"twitter:label2\" content=\"Tempo estimado de leitura\" \/>\n\t<meta name=\"twitter:data2\" content=\"13 minutos\" \/>\n<script type=\"application\/ld+json\" class=\"yoast-schema-graph\">{\"@context\":\"https:\\\/\\\/schema.org\",\"@graph\":[{\"@type\":\"Article\",\"@id\":\"https:\\\/\\\/paroquiaqueijas.net\\\/portal\\\/viagem-apostolica-do-papa-francisco-a-suecia\\\/#article\",\"isPartOf\":{\"@id\":\"https:\\\/\\\/paroquiaqueijas.net\\\/portal\\\/viagem-apostolica-do-papa-francisco-a-suecia\\\/\"},\"author\":{\"name\":\"Paroquia de Queijas\",\"@id\":\"https:\\\/\\\/paroquiaqueijas.net\\\/portal\\\/#\\\/schema\\\/person\\\/07bb4cce216326e06b6f742b719ebec7\"},\"headline\":\"Viagem Apost\u00f3lica do Papa Francisco \u00e0 Su\u00e9cia\",\"datePublished\":\"2016-11-01T22:31:06+00:00\",\"dateModified\":\"2026-03-21T15:40:56+00:00\",\"mainEntityOfPage\":{\"@id\":\"https:\\\/\\\/paroquiaqueijas.net\\\/portal\\\/viagem-apostolica-do-papa-francisco-a-suecia\\\/\"},\"wordCount\":2535,\"commentCount\":0,\"publisher\":{\"@id\":\"https:\\\/\\\/paroquiaqueijas.net\\\/portal\\\/#organization\"},\"image\":{\"@id\":\"https:\\\/\\\/paroquiaqueijas.net\\\/portal\\\/viagem-apostolica-do-papa-francisco-a-suecia\\\/#primaryimage\"},\"thumbnailUrl\":\"https:\\\/\\\/paroquiaqueijas.net\\\/portal\\\/wp-content\\\/uploads\\\/2016\\\/11\\\/Francisco_Suecia.jpg\",\"articleSection\":[\"Papa Francisco\"],\"inLanguage\":\"pt-PT\",\"potentialAction\":[{\"@type\":\"CommentAction\",\"name\":\"Comment\",\"target\":[\"https:\\\/\\\/paroquiaqueijas.net\\\/portal\\\/viagem-apostolica-do-papa-francisco-a-suecia\\\/#respond\"]}]},{\"@type\":\"WebPage\",\"@id\":\"https:\\\/\\\/paroquiaqueijas.net\\\/portal\\\/viagem-apostolica-do-papa-francisco-a-suecia\\\/\",\"url\":\"https:\\\/\\\/paroquiaqueijas.net\\\/portal\\\/viagem-apostolica-do-papa-francisco-a-suecia\\\/\",\"name\":\"Viagem Apost\u00f3lica do Papa Francisco \u00e0 Su\u00e9cia - Paroquia de Queijas\",\"isPartOf\":{\"@id\":\"https:\\\/\\\/paroquiaqueijas.net\\\/portal\\\/#website\"},\"primaryImageOfPage\":{\"@id\":\"https:\\\/\\\/paroquiaqueijas.net\\\/portal\\\/viagem-apostolica-do-papa-francisco-a-suecia\\\/#primaryimage\"},\"image\":{\"@id\":\"https:\\\/\\\/paroquiaqueijas.net\\\/portal\\\/viagem-apostolica-do-papa-francisco-a-suecia\\\/#primaryimage\"},\"thumbnailUrl\":\"https:\\\/\\\/paroquiaqueijas.net\\\/portal\\\/wp-content\\\/uploads\\\/2016\\\/11\\\/Francisco_Suecia.jpg\",\"datePublished\":\"2016-11-01T22:31:06+00:00\",\"dateModified\":\"2026-03-21T15:40:56+00:00\",\"breadcrumb\":{\"@id\":\"https:\\\/\\\/paroquiaqueijas.net\\\/portal\\\/viagem-apostolica-do-papa-francisco-a-suecia\\\/#breadcrumb\"},\"inLanguage\":\"pt-PT\",\"potentialAction\":[{\"@type\":\"ReadAction\",\"target\":[\"https:\\\/\\\/paroquiaqueijas.net\\\/portal\\\/viagem-apostolica-do-papa-francisco-a-suecia\\\/\"]}]},{\"@type\":\"ImageObject\",\"inLanguage\":\"pt-PT\",\"@id\":\"https:\\\/\\\/paroquiaqueijas.net\\\/portal\\\/viagem-apostolica-do-papa-francisco-a-suecia\\\/#primaryimage\",\"url\":\"https:\\\/\\\/paroquiaqueijas.net\\\/portal\\\/wp-content\\\/uploads\\\/2016\\\/11\\\/Francisco_Suecia.jpg\",\"contentUrl\":\"https:\\\/\\\/paroquiaqueijas.net\\\/portal\\\/wp-content\\\/uploads\\\/2016\\\/11\\\/Francisco_Suecia.jpg\",\"width\":640,\"height\":424,\"caption\":\"Francisco Suecia\"},{\"@type\":\"BreadcrumbList\",\"@id\":\"https:\\\/\\\/paroquiaqueijas.net\\\/portal\\\/viagem-apostolica-do-papa-francisco-a-suecia\\\/#breadcrumb\",\"itemListElement\":[{\"@type\":\"ListItem\",\"position\":1,\"name\":\"In\u00edcio\",\"item\":\"https:\\\/\\\/paroquiaqueijas.net\\\/portal\\\/\"},{\"@type\":\"ListItem\",\"position\":2,\"name\":\"Viagem Apost\u00f3lica do Papa Francisco \u00e0 Su\u00e9cia\"}]},{\"@type\":\"WebSite\",\"@id\":\"https:\\\/\\\/paroquiaqueijas.net\\\/portal\\\/#website\",\"url\":\"https:\\\/\\\/paroquiaqueijas.net\\\/portal\\\/\",\"name\":\"Paroquia de Queijas\",\"description\":\"\",\"publisher\":{\"@id\":\"https:\\\/\\\/paroquiaqueijas.net\\\/portal\\\/#organization\"},\"potentialAction\":[{\"@type\":\"SearchAction\",\"target\":{\"@type\":\"EntryPoint\",\"urlTemplate\":\"https:\\\/\\\/paroquiaqueijas.net\\\/portal\\\/?s={search_term_string}\"},\"query-input\":{\"@type\":\"PropertyValueSpecification\",\"valueRequired\":true,\"valueName\":\"search_term_string\"}}],\"inLanguage\":\"pt-PT\"},{\"@type\":\"Organization\",\"@id\":\"https:\\\/\\\/paroquiaqueijas.net\\\/portal\\\/#organization\",\"name\":\"Paroquia de Queijas\",\"url\":\"https:\\\/\\\/paroquiaqueijas.net\\\/portal\\\/\",\"logo\":{\"@type\":\"ImageObject\",\"inLanguage\":\"pt-PT\",\"@id\":\"https:\\\/\\\/paroquiaqueijas.net\\\/portal\\\/#\\\/schema\\\/logo\\\/image\\\/\",\"url\":\"https:\\\/\\\/paroquiaqueijas.net\\\/portal\\\/wp-content\\\/uploads\\\/2026\\\/03\\\/LogoQueijas_novo.png\",\"contentUrl\":\"https:\\\/\\\/paroquiaqueijas.net\\\/portal\\\/wp-content\\\/uploads\\\/2026\\\/03\\\/LogoQueijas_novo.png\",\"width\":520,\"height\":519,\"caption\":\"Paroquia de Queijas\"},\"image\":{\"@id\":\"https:\\\/\\\/paroquiaqueijas.net\\\/portal\\\/#\\\/schema\\\/logo\\\/image\\\/\"},\"sameAs\":[\"https:\\\/\\\/www.facebook.com\\\/paroquiaqueijas\\\/\"]},{\"@type\":\"Person\",\"@id\":\"https:\\\/\\\/paroquiaqueijas.net\\\/portal\\\/#\\\/schema\\\/person\\\/07bb4cce216326e06b6f742b719ebec7\",\"name\":\"Paroquia de Queijas\",\"image\":{\"@type\":\"ImageObject\",\"inLanguage\":\"pt-PT\",\"@id\":\"https:\\\/\\\/secure.gravatar.com\\\/avatar\\\/5054571ff5d2454cd50657fc4e61d0c32d7a5d0d3b36ef6c0f6e269276d13618?s=96&d=mm&r=g\",\"url\":\"https:\\\/\\\/secure.gravatar.com\\\/avatar\\\/5054571ff5d2454cd50657fc4e61d0c32d7a5d0d3b36ef6c0f6e269276d13618?s=96&d=mm&r=g\",\"contentUrl\":\"https:\\\/\\\/secure.gravatar.com\\\/avatar\\\/5054571ff5d2454cd50657fc4e61d0c32d7a5d0d3b36ef6c0f6e269276d13618?s=96&d=mm&r=g\",\"caption\":\"Paroquia de Queijas\"},\"sameAs\":[\"https:\\\/\\\/paroquiaqueijas.net\\\/site\"],\"url\":\"https:\\\/\\\/paroquiaqueijas.net\\\/portal\\\/author\\\/admin1\\\/\"}]}<\/script>\n<!-- \/ Yoast SEO plugin. -->","yoast_head_json":{"title":"Viagem Apost\u00f3lica do Papa Francisco \u00e0 Su\u00e9cia - Paroquia de Queijas","robots":{"index":"index","follow":"follow","max-snippet":"max-snippet:-1","max-image-preview":"max-image-preview:large","max-video-preview":"max-video-preview:-1"},"canonical":"https:\/\/paroquiaqueijas.net\/portal\/viagem-apostolica-do-papa-francisco-a-suecia\/","og_locale":"pt_PT","og_type":"article","og_title":"Viagem Apost\u00f3lica do Papa Francisco \u00e0 Su\u00e9cia - Paroquia de Queijas","og_description":"Ora&ccedil;&atilde;o Ecum&eacute;nica na Catedral Luterana de LundHomilia do Papa Francisco &laquo;Permanecei em Mim, que Eu permane&ccedil;o em v&oacute;s&raquo; (Jo 15, [&hellip;]","og_url":"https:\/\/paroquiaqueijas.net\/portal\/viagem-apostolica-do-papa-francisco-a-suecia\/","og_site_name":"Paroquia de Queijas","article_publisher":"https:\/\/www.facebook.com\/paroquiaqueijas\/","article_published_time":"2016-11-01T22:31:06+00:00","article_modified_time":"2026-03-21T15:40:56+00:00","og_image":[{"width":640,"height":424,"url":"https:\/\/paroquiaqueijas.net\/portal\/wp-content\/uploads\/2016\/11\/Francisco_Suecia.jpg","type":"image\/jpeg"}],"author":"Paroquia de Queijas","twitter_card":"summary_large_image","twitter_misc":{"Escrito por":"Paroquia de Queijas","Tempo estimado de leitura":"13 minutos"},"schema":{"@context":"https:\/\/schema.org","@graph":[{"@type":"Article","@id":"https:\/\/paroquiaqueijas.net\/portal\/viagem-apostolica-do-papa-francisco-a-suecia\/#article","isPartOf":{"@id":"https:\/\/paroquiaqueijas.net\/portal\/viagem-apostolica-do-papa-francisco-a-suecia\/"},"author":{"name":"Paroquia de Queijas","@id":"https:\/\/paroquiaqueijas.net\/portal\/#\/schema\/person\/07bb4cce216326e06b6f742b719ebec7"},"headline":"Viagem Apost\u00f3lica do Papa Francisco \u00e0 Su\u00e9cia","datePublished":"2016-11-01T22:31:06+00:00","dateModified":"2026-03-21T15:40:56+00:00","mainEntityOfPage":{"@id":"https:\/\/paroquiaqueijas.net\/portal\/viagem-apostolica-do-papa-francisco-a-suecia\/"},"wordCount":2535,"commentCount":0,"publisher":{"@id":"https:\/\/paroquiaqueijas.net\/portal\/#organization"},"image":{"@id":"https:\/\/paroquiaqueijas.net\/portal\/viagem-apostolica-do-papa-francisco-a-suecia\/#primaryimage"},"thumbnailUrl":"https:\/\/paroquiaqueijas.net\/portal\/wp-content\/uploads\/2016\/11\/Francisco_Suecia.jpg","articleSection":["Papa Francisco"],"inLanguage":"pt-PT","potentialAction":[{"@type":"CommentAction","name":"Comment","target":["https:\/\/paroquiaqueijas.net\/portal\/viagem-apostolica-do-papa-francisco-a-suecia\/#respond"]}]},{"@type":"WebPage","@id":"https:\/\/paroquiaqueijas.net\/portal\/viagem-apostolica-do-papa-francisco-a-suecia\/","url":"https:\/\/paroquiaqueijas.net\/portal\/viagem-apostolica-do-papa-francisco-a-suecia\/","name":"Viagem Apost\u00f3lica do Papa Francisco \u00e0 Su\u00e9cia - Paroquia de Queijas","isPartOf":{"@id":"https:\/\/paroquiaqueijas.net\/portal\/#website"},"primaryImageOfPage":{"@id":"https:\/\/paroquiaqueijas.net\/portal\/viagem-apostolica-do-papa-francisco-a-suecia\/#primaryimage"},"image":{"@id":"https:\/\/paroquiaqueijas.net\/portal\/viagem-apostolica-do-papa-francisco-a-suecia\/#primaryimage"},"thumbnailUrl":"https:\/\/paroquiaqueijas.net\/portal\/wp-content\/uploads\/2016\/11\/Francisco_Suecia.jpg","datePublished":"2016-11-01T22:31:06+00:00","dateModified":"2026-03-21T15:40:56+00:00","breadcrumb":{"@id":"https:\/\/paroquiaqueijas.net\/portal\/viagem-apostolica-do-papa-francisco-a-suecia\/#breadcrumb"},"inLanguage":"pt-PT","potentialAction":[{"@type":"ReadAction","target":["https:\/\/paroquiaqueijas.net\/portal\/viagem-apostolica-do-papa-francisco-a-suecia\/"]}]},{"@type":"ImageObject","inLanguage":"pt-PT","@id":"https:\/\/paroquiaqueijas.net\/portal\/viagem-apostolica-do-papa-francisco-a-suecia\/#primaryimage","url":"https:\/\/paroquiaqueijas.net\/portal\/wp-content\/uploads\/2016\/11\/Francisco_Suecia.jpg","contentUrl":"https:\/\/paroquiaqueijas.net\/portal\/wp-content\/uploads\/2016\/11\/Francisco_Suecia.jpg","width":640,"height":424,"caption":"Francisco Suecia"},{"@type":"BreadcrumbList","@id":"https:\/\/paroquiaqueijas.net\/portal\/viagem-apostolica-do-papa-francisco-a-suecia\/#breadcrumb","itemListElement":[{"@type":"ListItem","position":1,"name":"In\u00edcio","item":"https:\/\/paroquiaqueijas.net\/portal\/"},{"@type":"ListItem","position":2,"name":"Viagem Apost\u00f3lica do Papa Francisco \u00e0 Su\u00e9cia"}]},{"@type":"WebSite","@id":"https:\/\/paroquiaqueijas.net\/portal\/#website","url":"https:\/\/paroquiaqueijas.net\/portal\/","name":"Paroquia de Queijas","description":"","publisher":{"@id":"https:\/\/paroquiaqueijas.net\/portal\/#organization"},"potentialAction":[{"@type":"SearchAction","target":{"@type":"EntryPoint","urlTemplate":"https:\/\/paroquiaqueijas.net\/portal\/?s={search_term_string}"},"query-input":{"@type":"PropertyValueSpecification","valueRequired":true,"valueName":"search_term_string"}}],"inLanguage":"pt-PT"},{"@type":"Organization","@id":"https:\/\/paroquiaqueijas.net\/portal\/#organization","name":"Paroquia de Queijas","url":"https:\/\/paroquiaqueijas.net\/portal\/","logo":{"@type":"ImageObject","inLanguage":"pt-PT","@id":"https:\/\/paroquiaqueijas.net\/portal\/#\/schema\/logo\/image\/","url":"https:\/\/paroquiaqueijas.net\/portal\/wp-content\/uploads\/2026\/03\/LogoQueijas_novo.png","contentUrl":"https:\/\/paroquiaqueijas.net\/portal\/wp-content\/uploads\/2026\/03\/LogoQueijas_novo.png","width":520,"height":519,"caption":"Paroquia de Queijas"},"image":{"@id":"https:\/\/paroquiaqueijas.net\/portal\/#\/schema\/logo\/image\/"},"sameAs":["https:\/\/www.facebook.com\/paroquiaqueijas\/"]},{"@type":"Person","@id":"https:\/\/paroquiaqueijas.net\/portal\/#\/schema\/person\/07bb4cce216326e06b6f742b719ebec7","name":"Paroquia de Queijas","image":{"@type":"ImageObject","inLanguage":"pt-PT","@id":"https:\/\/secure.gravatar.com\/avatar\/5054571ff5d2454cd50657fc4e61d0c32d7a5d0d3b36ef6c0f6e269276d13618?s=96&d=mm&r=g","url":"https:\/\/secure.gravatar.com\/avatar\/5054571ff5d2454cd50657fc4e61d0c32d7a5d0d3b36ef6c0f6e269276d13618?s=96&d=mm&r=g","contentUrl":"https:\/\/secure.gravatar.com\/avatar\/5054571ff5d2454cd50657fc4e61d0c32d7a5d0d3b36ef6c0f6e269276d13618?s=96&d=mm&r=g","caption":"Paroquia de Queijas"},"sameAs":["https:\/\/paroquiaqueijas.net\/site"],"url":"https:\/\/paroquiaqueijas.net\/portal\/author\/admin1\/"}]}},"_links":{"self":[{"href":"https:\/\/paroquiaqueijas.net\/portal\/wp-json\/wp\/v2\/posts\/1519","targetHints":{"allow":["GET"]}}],"collection":[{"href":"https:\/\/paroquiaqueijas.net\/portal\/wp-json\/wp\/v2\/posts"}],"about":[{"href":"https:\/\/paroquiaqueijas.net\/portal\/wp-json\/wp\/v2\/types\/post"}],"author":[{"embeddable":true,"href":"https:\/\/paroquiaqueijas.net\/portal\/wp-json\/wp\/v2\/users\/1"}],"replies":[{"embeddable":true,"href":"https:\/\/paroquiaqueijas.net\/portal\/wp-json\/wp\/v2\/comments?post=1519"}],"version-history":[{"count":1,"href":"https:\/\/paroquiaqueijas.net\/portal\/wp-json\/wp\/v2\/posts\/1519\/revisions"}],"predecessor-version":[{"id":2337,"href":"https:\/\/paroquiaqueijas.net\/portal\/wp-json\/wp\/v2\/posts\/1519\/revisions\/2337"}],"wp:featuredmedia":[{"embeddable":true,"href":"https:\/\/paroquiaqueijas.net\/portal\/wp-json\/wp\/v2\/media\/1518"}],"wp:attachment":[{"href":"https:\/\/paroquiaqueijas.net\/portal\/wp-json\/wp\/v2\/media?parent=1519"}],"wp:term":[{"taxonomy":"category","embeddable":true,"href":"https:\/\/paroquiaqueijas.net\/portal\/wp-json\/wp\/v2\/categories?post=1519"},{"taxonomy":"post_tag","embeddable":true,"href":"https:\/\/paroquiaqueijas.net\/portal\/wp-json\/wp\/v2\/tags?post=1519"}],"curies":[{"name":"wp","href":"https:\/\/api.w.org\/{rel}","templated":true}]}}