{"id":1549,"date":"2017-05-10T22:49:34","date_gmt":"2017-05-10T22:49:34","guid":{"rendered":"https:\/\/paroquiaqueijas.net\/site\/?p=1549"},"modified":"2026-03-21T15:40:55","modified_gmt":"2026-03-21T15:40:55","slug":"oracao-do-papa-em-fatima","status":"publish","type":"post","link":"https:\/\/paroquiaqueijas.net\/portal\/oracao-do-papa-em-fatima\/","title":{"rendered":"Ora\u00e7\u00e3o do Papa Francisco em F\u00e1tima"},"content":{"rendered":"<p><img fetchpriority=\"high\" decoding=\"async\" class=\" size-full wp-image-1548\" src=\"https:\/\/paroquiaqueijas.net\/portal\/wp-content\/uploads\/2017\/05\/Papa_Fatima.jpg\" alt=\"Papa Fatima\" width=\"300\" height=\"193\" srcset=\"https:\/\/paroquiaqueijas.net\/portal\/wp-content\/uploads\/2017\/05\/Papa_Fatima.jpg 590w, https:\/\/paroquiaqueijas.net\/portal\/wp-content\/uploads\/2017\/05\/Papa_Fatima-300x193.jpg 300w\" sizes=\"(max-width: 300px) 100vw, 300px\" \/>Salve Rainha,<br \/>bem-aventurada Virgem de F&aacute;tima,<br \/>Senhora do Cora&ccedil;&atilde;o Imaculado,<br \/>qual ref&uacute;gio e caminho que conduz at&eacute; Deus!<br \/>Peregrino da Luz que das tuas m&atilde;os nos vem,<br \/>dou gra&ccedil;as a Deus Pai que,<br \/>em todo o tempo e lugar, atua na hist&oacute;ria humana;<br \/>peregrino da Paz que neste lugar anuncias,<br \/>louvo a Cristo, nossa paz,<br \/>e para o mundo pe&ccedil;o a conc&oacute;rdia entre todos os povos;<br \/>peregrino da Esperan&ccedil;a que o Esp&iacute;rito alenta,<br \/>quero-me profeta e mensageiro para a todos<br \/>lavar os p&eacute;s, na mesma mesa que nos une.<\/p>\n<p>Salve M&atilde;e de Miseric&oacute;rdia, Senhora da veste branca!<br \/>Neste lugar onde h&aacute; cem anos a todos mostraste<br \/>os des&iacute;gnios da miseric&oacute;rdia do nosso Deus,<br \/>olho a tua veste de luz<br \/>e, como bispo vestido de branco,<br \/>lembro todos os que, vestidos da alvura batismal,<br \/>querem viver em Deus<br \/>e rezam os mist&eacute;rios de Cristo para alcan&ccedil;ar a paz.<\/p>\n<p>Salve, vida e do&ccedil;ura, Salve, esperan&ccedil;a nossa,<br \/>&oacute; Virgem Peregrina, &oacute; Rainha Universal!<br \/>No mais &iacute;ntimo do teu ser, no teu Imaculado Cora&ccedil;&atilde;o,<br \/>v&ecirc; as alegrias do ser humano<br \/>quando peregrina para a P&aacute;tria Celeste.<br \/>No mais &iacute;ntimo do teu ser, no teu Imaculado Cora&ccedil;&atilde;o,<br \/>v&ecirc; as dores da fam&iacute;lia humana<br \/>que geme e chora neste vale de l&aacute;grimas.<br \/>No mais &iacute;ntimo do teu ser, no teu Imaculado Cora&ccedil;&atilde;o,<br \/>adorna-nos do fulgor de todas as joias da tua coroa<br \/>e faz-nos peregrinos como peregrina foste Tu.<\/p>\n<p>Com o teu sorriso virginal<br \/>robustece a alegria da Igreja de Cristo.<br \/>Com o teu olhar de do&ccedil;ura<br \/>fortalece a esperan&ccedil;a dos filhos de Deus.<br \/>Com as m&atilde;os orantes que elevas ao Senhor<br \/>a todos une numa s&oacute; fam&iacute;lia humana.<\/p>\n<p>&Oacute; clemente, &oacute; piedosa,<br \/>&oacute; doce Virgem Maria, Rainha do Ros&aacute;rio de F&aacute;tima!<br \/>Faz-nos seguir o exemplo<br \/>dos Bem-aventurados Francisco e Jacinta,<br \/>e de todos os que se entregam &agrave; mensagem do Evangelho.<br \/>Percorreremos, assim, todas as rotas,<br \/>seremos peregrinos de todos os caminhos,<br \/>derrubaremos todos os muros<br \/>e venceremos todas as fronteiras,<br \/>saindo em dire&ccedil;&atilde;o a todas as periferias,<br \/>a&iacute; revelando a justi&ccedil;a e a paz de Deus.<\/p>\n<p>Seremos, na alegria do Evangelho,<br \/>a Igreja vestida de branco,<br \/>da alvura branqueada no sangue do Cordeiro<br \/>derramado ainda em todas as guerras<br \/>que destroem o mundo em que vivemos.<br \/>E assim seremos, como Tu, imagem da coluna luminosa<br \/>que alumia os caminhos do mundo,<br \/>a todos mostrando que Deus existe, que Deus est&aacute;,<br \/>que Deus habita no meio do seu povo,<br \/>ontem, hoje e por toda a eternidade.<\/p>\n<p><em>(juntamente com os fi&eacute;is)<\/em><\/p>\n<p><em><\/em>Salve, M&atilde;e do Senhor,<br \/>Virgem Maria, Rainha do Ros&aacute;rio de F&aacute;tima!<br \/>Bendita entre todas as mulheres,<br \/>&eacute;s a imagem da Igreja vestida da luz pascal,<br \/>&eacute;s a honra do nosso povo,<br \/>&eacute;s o triunfo sobre a marca do mal.<br \/>Profecia do Amor misericordioso do Pai,<br \/>Mestra do An&uacute;ncio da Boa-Nova do Filho,<br \/>Sinal do Fogo ardente do Esp&iacute;rito Santo,<br \/>ensina-nos, neste vale de alegrias e dores,<br \/>as verdades eternas que o Pai revela aos pequeninos.<\/p>\n<p>Mostra-nos a for&ccedil;a do teu manto protetor.<br \/>No teu Imaculado Cora&ccedil;&atilde;o,<br \/>s&ecirc; o ref&uacute;gio dos pecadores<br \/>e o caminho que conduz at&eacute; Deus.<br \/>Unido aos meus irm&atilde;os,<br \/>na F&eacute;, na Esperan&ccedil;a e no Amor, a Ti me entrego.<br \/>Unido aos meus irm&atilde;os, por Ti, a Deus me consagro,<br \/>&oacute; Virgem do Ros&aacute;rio de F&aacute;tima.<br \/>E, enfim, envolvido na Luz que das tuas m&atilde;os nos vem,<br \/>darei gl&oacute;ria ao Senhor<br \/>pelos s&eacute;culos dos s&eacute;culos. Amen.<\/p>\n<p>Papa Francisco, F&aacute;tima, 12 de Maio de 2017<br \/>Centen&aacute;rio das Apari&ccedil;&otilde;es<\/p>\n","protected":false},"excerpt":{"rendered":"<p>Salve Rainha,bem-aventurada Virgem de F&aacute;tima,Senhora do Cora&ccedil;&atilde;o Imaculado,qual ref&uacute;gio e caminho que conduz at&eacute; Deus!Peregrino da Luz que das tuas [&hellip;]<\/p>\n","protected":false},"author":1,"featured_media":1548,"comment_status":"open","ping_status":"open","sticky":false,"template":"","format":"standard","meta":{"site-sidebar-layout":"default","site-content-layout":"","ast-site-content-layout":"default","site-content-style":"default","site-sidebar-style":"default","ast-global-header-display":"","ast-banner-title-visibility":"","ast-main-header-display":"","ast-hfb-above-header-display":"","ast-hfb-below-header-display":"","ast-hfb-mobile-header-display":"","site-post-title":"","ast-breadcrumbs-content":"","ast-featured-img":"","footer-sml-layout":"","ast-disable-related-posts":"","theme-transparent-header-meta":"","adv-header-id-meta":"","stick-header-meta":"","header-above-stick-meta":"","header-main-stick-meta":"","header-below-stick-meta":"","astra-migrate-meta-layouts":"default","ast-page-background-enabled":"default","ast-page-background-meta":{"desktop":{"background-color":"var(--ast-global-color-5)","background-image":"","background-repeat":"repeat","background-position":"center center","background-size":"auto","background-attachment":"scroll","background-type":"","background-media":"","overlay-type":"","overlay-color":"","overlay-opacity":"","overlay-gradient":""},"tablet":{"background-color":"","background-image":"","background-repeat":"repeat","background-position":"center center","background-size":"auto","background-attachment":"scroll","background-type":"","background-media":"","overlay-type":"","overlay-color":"","overlay-opacity":"","overlay-gradient":""},"mobile":{"background-color":"","background-image":"","background-repeat":"repeat","background-position":"center center","background-size":"auto","background-attachment":"scroll","background-type":"","background-media":"","overlay-type":"","overlay-color":"","overlay-opacity":"","overlay-gradient":""}},"ast-content-background-meta":{"desktop":{"background-color":"var(--ast-global-color-4)","background-image":"","background-repeat":"repeat","background-position":"center center","background-size":"auto","background-attachment":"scroll","background-type":"","background-media":"","overlay-type":"","overlay-color":"","overlay-opacity":"","overlay-gradient":""},"tablet":{"background-color":"var(--ast-global-color-4)","background-image":"","background-repeat":"repeat","background-position":"center center","background-size":"auto","background-attachment":"scroll","background-type":"","background-media":"","overlay-type":"","overlay-color":"","overlay-opacity":"","overlay-gradient":""},"mobile":{"background-color":"var(--ast-global-color-4)","background-image":"","background-repeat":"repeat","background-position":"center center","background-size":"auto","background-attachment":"scroll","background-type":"","background-media":"","overlay-type":"","overlay-color":"","overlay-opacity":"","overlay-gradient":""}},"footnotes":""},"categories":[13],"tags":[],"class_list":["post-1549","post","type-post","status-publish","format-standard","has-post-thumbnail","hentry","category-papa-francisco"],"yoast_head":"<!-- This site is optimized with the Yoast SEO plugin v27.4 - https:\/\/yoast.com\/product\/yoast-seo-wordpress\/ -->\n<title>Ora\u00e7\u00e3o do Papa Francisco em F\u00e1tima - Paroquia de Queijas<\/title>\n<meta name=\"robots\" content=\"index, follow, max-snippet:-1, max-image-preview:large, max-video-preview:-1\" \/>\n<link rel=\"canonical\" href=\"https:\/\/paroquiaqueijas.net\/portal\/oracao-do-papa-em-fatima\/\" \/>\n<meta property=\"og:locale\" content=\"pt_PT\" \/>\n<meta property=\"og:type\" content=\"article\" \/>\n<meta property=\"og:title\" content=\"Ora\u00e7\u00e3o do Papa Francisco em F\u00e1tima - Paroquia de Queijas\" \/>\n<meta property=\"og:description\" content=\"Salve Rainha,bem-aventurada Virgem de F&aacute;tima,Senhora do Cora&ccedil;&atilde;o Imaculado,qual ref&uacute;gio e caminho que conduz at&eacute; Deus!Peregrino da Luz que das tuas [&hellip;]\" \/>\n<meta property=\"og:url\" content=\"https:\/\/paroquiaqueijas.net\/portal\/oracao-do-papa-em-fatima\/\" \/>\n<meta property=\"og:site_name\" content=\"Paroquia de Queijas\" \/>\n<meta property=\"article:publisher\" content=\"https:\/\/www.facebook.com\/paroquiaqueijas\/\" \/>\n<meta property=\"article:published_time\" content=\"2017-05-10T22:49:34+00:00\" \/>\n<meta property=\"article:modified_time\" content=\"2026-03-21T15:40:55+00:00\" \/>\n<meta property=\"og:image\" content=\"https:\/\/paroquiaqueijas.net\/portal\/wp-content\/uploads\/2017\/05\/Papa_Fatima.jpg\" \/>\n\t<meta property=\"og:image:width\" content=\"590\" \/>\n\t<meta property=\"og:image:height\" content=\"380\" \/>\n\t<meta property=\"og:image:type\" content=\"image\/jpeg\" \/>\n<meta name=\"author\" content=\"Paroquia de Queijas\" \/>\n<meta name=\"twitter:card\" content=\"summary_large_image\" \/>\n<meta name=\"twitter:label1\" content=\"Escrito por\" \/>\n\t<meta name=\"twitter:data1\" content=\"Paroquia de Queijas\" \/>\n\t<meta name=\"twitter:label2\" content=\"Tempo estimado de leitura\" \/>\n\t<meta name=\"twitter:data2\" content=\"3 minutos\" \/>\n<script type=\"application\/ld+json\" class=\"yoast-schema-graph\">{\"@context\":\"https:\\\/\\\/schema.org\",\"@graph\":[{\"@type\":\"Article\",\"@id\":\"https:\\\/\\\/paroquiaqueijas.net\\\/portal\\\/oracao-do-papa-em-fatima\\\/#article\",\"isPartOf\":{\"@id\":\"https:\\\/\\\/paroquiaqueijas.net\\\/portal\\\/oracao-do-papa-em-fatima\\\/\"},\"author\":{\"name\":\"Paroquia de Queijas\",\"@id\":\"https:\\\/\\\/paroquiaqueijas.net\\\/portal\\\/#\\\/schema\\\/person\\\/07bb4cce216326e06b6f742b719ebec7\"},\"headline\":\"Ora\u00e7\u00e3o do Papa Francisco em F\u00e1tima\",\"datePublished\":\"2017-05-10T22:49:34+00:00\",\"dateModified\":\"2026-03-21T15:40:55+00:00\",\"mainEntityOfPage\":{\"@id\":\"https:\\\/\\\/paroquiaqueijas.net\\\/portal\\\/oracao-do-papa-em-fatima\\\/\"},\"wordCount\":695,\"commentCount\":0,\"publisher\":{\"@id\":\"https:\\\/\\\/paroquiaqueijas.net\\\/portal\\\/#organization\"},\"image\":{\"@id\":\"https:\\\/\\\/paroquiaqueijas.net\\\/portal\\\/oracao-do-papa-em-fatima\\\/#primaryimage\"},\"thumbnailUrl\":\"https:\\\/\\\/paroquiaqueijas.net\\\/portal\\\/wp-content\\\/uploads\\\/2017\\\/05\\\/Papa_Fatima.jpg\",\"articleSection\":[\"Papa Francisco\"],\"inLanguage\":\"pt-PT\",\"potentialAction\":[{\"@type\":\"CommentAction\",\"name\":\"Comment\",\"target\":[\"https:\\\/\\\/paroquiaqueijas.net\\\/portal\\\/oracao-do-papa-em-fatima\\\/#respond\"]}]},{\"@type\":\"WebPage\",\"@id\":\"https:\\\/\\\/paroquiaqueijas.net\\\/portal\\\/oracao-do-papa-em-fatima\\\/\",\"url\":\"https:\\\/\\\/paroquiaqueijas.net\\\/portal\\\/oracao-do-papa-em-fatima\\\/\",\"name\":\"Ora\u00e7\u00e3o do Papa Francisco em F\u00e1tima - Paroquia de Queijas\",\"isPartOf\":{\"@id\":\"https:\\\/\\\/paroquiaqueijas.net\\\/portal\\\/#website\"},\"primaryImageOfPage\":{\"@id\":\"https:\\\/\\\/paroquiaqueijas.net\\\/portal\\\/oracao-do-papa-em-fatima\\\/#primaryimage\"},\"image\":{\"@id\":\"https:\\\/\\\/paroquiaqueijas.net\\\/portal\\\/oracao-do-papa-em-fatima\\\/#primaryimage\"},\"thumbnailUrl\":\"https:\\\/\\\/paroquiaqueijas.net\\\/portal\\\/wp-content\\\/uploads\\\/2017\\\/05\\\/Papa_Fatima.jpg\",\"datePublished\":\"2017-05-10T22:49:34+00:00\",\"dateModified\":\"2026-03-21T15:40:55+00:00\",\"breadcrumb\":{\"@id\":\"https:\\\/\\\/paroquiaqueijas.net\\\/portal\\\/oracao-do-papa-em-fatima\\\/#breadcrumb\"},\"inLanguage\":\"pt-PT\",\"potentialAction\":[{\"@type\":\"ReadAction\",\"target\":[\"https:\\\/\\\/paroquiaqueijas.net\\\/portal\\\/oracao-do-papa-em-fatima\\\/\"]}]},{\"@type\":\"ImageObject\",\"inLanguage\":\"pt-PT\",\"@id\":\"https:\\\/\\\/paroquiaqueijas.net\\\/portal\\\/oracao-do-papa-em-fatima\\\/#primaryimage\",\"url\":\"https:\\\/\\\/paroquiaqueijas.net\\\/portal\\\/wp-content\\\/uploads\\\/2017\\\/05\\\/Papa_Fatima.jpg\",\"contentUrl\":\"https:\\\/\\\/paroquiaqueijas.net\\\/portal\\\/wp-content\\\/uploads\\\/2017\\\/05\\\/Papa_Fatima.jpg\",\"width\":590,\"height\":380,\"caption\":\"Papa Fatima\"},{\"@type\":\"BreadcrumbList\",\"@id\":\"https:\\\/\\\/paroquiaqueijas.net\\\/portal\\\/oracao-do-papa-em-fatima\\\/#breadcrumb\",\"itemListElement\":[{\"@type\":\"ListItem\",\"position\":1,\"name\":\"In\u00edcio\",\"item\":\"https:\\\/\\\/paroquiaqueijas.net\\\/portal\\\/\"},{\"@type\":\"ListItem\",\"position\":2,\"name\":\"Ora\u00e7\u00e3o do Papa Francisco em F\u00e1tima\"}]},{\"@type\":\"WebSite\",\"@id\":\"https:\\\/\\\/paroquiaqueijas.net\\\/portal\\\/#website\",\"url\":\"https:\\\/\\\/paroquiaqueijas.net\\\/portal\\\/\",\"name\":\"Paroquia de Queijas\",\"description\":\"\",\"publisher\":{\"@id\":\"https:\\\/\\\/paroquiaqueijas.net\\\/portal\\\/#organization\"},\"potentialAction\":[{\"@type\":\"SearchAction\",\"target\":{\"@type\":\"EntryPoint\",\"urlTemplate\":\"https:\\\/\\\/paroquiaqueijas.net\\\/portal\\\/?s={search_term_string}\"},\"query-input\":{\"@type\":\"PropertyValueSpecification\",\"valueRequired\":true,\"valueName\":\"search_term_string\"}}],\"inLanguage\":\"pt-PT\"},{\"@type\":\"Organization\",\"@id\":\"https:\\\/\\\/paroquiaqueijas.net\\\/portal\\\/#organization\",\"name\":\"Paroquia de Queijas\",\"url\":\"https:\\\/\\\/paroquiaqueijas.net\\\/portal\\\/\",\"logo\":{\"@type\":\"ImageObject\",\"inLanguage\":\"pt-PT\",\"@id\":\"https:\\\/\\\/paroquiaqueijas.net\\\/portal\\\/#\\\/schema\\\/logo\\\/image\\\/\",\"url\":\"https:\\\/\\\/paroquiaqueijas.net\\\/portal\\\/wp-content\\\/uploads\\\/2026\\\/03\\\/LogoQueijas_novo.png\",\"contentUrl\":\"https:\\\/\\\/paroquiaqueijas.net\\\/portal\\\/wp-content\\\/uploads\\\/2026\\\/03\\\/LogoQueijas_novo.png\",\"width\":520,\"height\":519,\"caption\":\"Paroquia de Queijas\"},\"image\":{\"@id\":\"https:\\\/\\\/paroquiaqueijas.net\\\/portal\\\/#\\\/schema\\\/logo\\\/image\\\/\"},\"sameAs\":[\"https:\\\/\\\/www.facebook.com\\\/paroquiaqueijas\\\/\"]},{\"@type\":\"Person\",\"@id\":\"https:\\\/\\\/paroquiaqueijas.net\\\/portal\\\/#\\\/schema\\\/person\\\/07bb4cce216326e06b6f742b719ebec7\",\"name\":\"Paroquia de Queijas\",\"image\":{\"@type\":\"ImageObject\",\"inLanguage\":\"pt-PT\",\"@id\":\"https:\\\/\\\/secure.gravatar.com\\\/avatar\\\/5054571ff5d2454cd50657fc4e61d0c32d7a5d0d3b36ef6c0f6e269276d13618?s=96&d=mm&r=g\",\"url\":\"https:\\\/\\\/secure.gravatar.com\\\/avatar\\\/5054571ff5d2454cd50657fc4e61d0c32d7a5d0d3b36ef6c0f6e269276d13618?s=96&d=mm&r=g\",\"contentUrl\":\"https:\\\/\\\/secure.gravatar.com\\\/avatar\\\/5054571ff5d2454cd50657fc4e61d0c32d7a5d0d3b36ef6c0f6e269276d13618?s=96&d=mm&r=g\",\"caption\":\"Paroquia de Queijas\"},\"sameAs\":[\"https:\\\/\\\/paroquiaqueijas.net\\\/site\"],\"url\":\"https:\\\/\\\/paroquiaqueijas.net\\\/portal\\\/author\\\/admin1\\\/\"}]}<\/script>\n<!-- \/ Yoast SEO plugin. -->","yoast_head_json":{"title":"Ora\u00e7\u00e3o do Papa Francisco em F\u00e1tima - Paroquia de Queijas","robots":{"index":"index","follow":"follow","max-snippet":"max-snippet:-1","max-image-preview":"max-image-preview:large","max-video-preview":"max-video-preview:-1"},"canonical":"https:\/\/paroquiaqueijas.net\/portal\/oracao-do-papa-em-fatima\/","og_locale":"pt_PT","og_type":"article","og_title":"Ora\u00e7\u00e3o do Papa Francisco em F\u00e1tima - Paroquia de Queijas","og_description":"Salve Rainha,bem-aventurada Virgem de F&aacute;tima,Senhora do Cora&ccedil;&atilde;o Imaculado,qual ref&uacute;gio e caminho que conduz at&eacute; Deus!Peregrino da Luz que das tuas [&hellip;]","og_url":"https:\/\/paroquiaqueijas.net\/portal\/oracao-do-papa-em-fatima\/","og_site_name":"Paroquia de Queijas","article_publisher":"https:\/\/www.facebook.com\/paroquiaqueijas\/","article_published_time":"2017-05-10T22:49:34+00:00","article_modified_time":"2026-03-21T15:40:55+00:00","og_image":[{"width":590,"height":380,"url":"https:\/\/paroquiaqueijas.net\/portal\/wp-content\/uploads\/2017\/05\/Papa_Fatima.jpg","type":"image\/jpeg"}],"author":"Paroquia de Queijas","twitter_card":"summary_large_image","twitter_misc":{"Escrito por":"Paroquia de Queijas","Tempo estimado de leitura":"3 minutos"},"schema":{"@context":"https:\/\/schema.org","@graph":[{"@type":"Article","@id":"https:\/\/paroquiaqueijas.net\/portal\/oracao-do-papa-em-fatima\/#article","isPartOf":{"@id":"https:\/\/paroquiaqueijas.net\/portal\/oracao-do-papa-em-fatima\/"},"author":{"name":"Paroquia de Queijas","@id":"https:\/\/paroquiaqueijas.net\/portal\/#\/schema\/person\/07bb4cce216326e06b6f742b719ebec7"},"headline":"Ora\u00e7\u00e3o do Papa Francisco em F\u00e1tima","datePublished":"2017-05-10T22:49:34+00:00","dateModified":"2026-03-21T15:40:55+00:00","mainEntityOfPage":{"@id":"https:\/\/paroquiaqueijas.net\/portal\/oracao-do-papa-em-fatima\/"},"wordCount":695,"commentCount":0,"publisher":{"@id":"https:\/\/paroquiaqueijas.net\/portal\/#organization"},"image":{"@id":"https:\/\/paroquiaqueijas.net\/portal\/oracao-do-papa-em-fatima\/#primaryimage"},"thumbnailUrl":"https:\/\/paroquiaqueijas.net\/portal\/wp-content\/uploads\/2017\/05\/Papa_Fatima.jpg","articleSection":["Papa Francisco"],"inLanguage":"pt-PT","potentialAction":[{"@type":"CommentAction","name":"Comment","target":["https:\/\/paroquiaqueijas.net\/portal\/oracao-do-papa-em-fatima\/#respond"]}]},{"@type":"WebPage","@id":"https:\/\/paroquiaqueijas.net\/portal\/oracao-do-papa-em-fatima\/","url":"https:\/\/paroquiaqueijas.net\/portal\/oracao-do-papa-em-fatima\/","name":"Ora\u00e7\u00e3o do Papa Francisco em F\u00e1tima - Paroquia de Queijas","isPartOf":{"@id":"https:\/\/paroquiaqueijas.net\/portal\/#website"},"primaryImageOfPage":{"@id":"https:\/\/paroquiaqueijas.net\/portal\/oracao-do-papa-em-fatima\/#primaryimage"},"image":{"@id":"https:\/\/paroquiaqueijas.net\/portal\/oracao-do-papa-em-fatima\/#primaryimage"},"thumbnailUrl":"https:\/\/paroquiaqueijas.net\/portal\/wp-content\/uploads\/2017\/05\/Papa_Fatima.jpg","datePublished":"2017-05-10T22:49:34+00:00","dateModified":"2026-03-21T15:40:55+00:00","breadcrumb":{"@id":"https:\/\/paroquiaqueijas.net\/portal\/oracao-do-papa-em-fatima\/#breadcrumb"},"inLanguage":"pt-PT","potentialAction":[{"@type":"ReadAction","target":["https:\/\/paroquiaqueijas.net\/portal\/oracao-do-papa-em-fatima\/"]}]},{"@type":"ImageObject","inLanguage":"pt-PT","@id":"https:\/\/paroquiaqueijas.net\/portal\/oracao-do-papa-em-fatima\/#primaryimage","url":"https:\/\/paroquiaqueijas.net\/portal\/wp-content\/uploads\/2017\/05\/Papa_Fatima.jpg","contentUrl":"https:\/\/paroquiaqueijas.net\/portal\/wp-content\/uploads\/2017\/05\/Papa_Fatima.jpg","width":590,"height":380,"caption":"Papa Fatima"},{"@type":"BreadcrumbList","@id":"https:\/\/paroquiaqueijas.net\/portal\/oracao-do-papa-em-fatima\/#breadcrumb","itemListElement":[{"@type":"ListItem","position":1,"name":"In\u00edcio","item":"https:\/\/paroquiaqueijas.net\/portal\/"},{"@type":"ListItem","position":2,"name":"Ora\u00e7\u00e3o do Papa Francisco em F\u00e1tima"}]},{"@type":"WebSite","@id":"https:\/\/paroquiaqueijas.net\/portal\/#website","url":"https:\/\/paroquiaqueijas.net\/portal\/","name":"Paroquia de Queijas","description":"","publisher":{"@id":"https:\/\/paroquiaqueijas.net\/portal\/#organization"},"potentialAction":[{"@type":"SearchAction","target":{"@type":"EntryPoint","urlTemplate":"https:\/\/paroquiaqueijas.net\/portal\/?s={search_term_string}"},"query-input":{"@type":"PropertyValueSpecification","valueRequired":true,"valueName":"search_term_string"}}],"inLanguage":"pt-PT"},{"@type":"Organization","@id":"https:\/\/paroquiaqueijas.net\/portal\/#organization","name":"Paroquia de Queijas","url":"https:\/\/paroquiaqueijas.net\/portal\/","logo":{"@type":"ImageObject","inLanguage":"pt-PT","@id":"https:\/\/paroquiaqueijas.net\/portal\/#\/schema\/logo\/image\/","url":"https:\/\/paroquiaqueijas.net\/portal\/wp-content\/uploads\/2026\/03\/LogoQueijas_novo.png","contentUrl":"https:\/\/paroquiaqueijas.net\/portal\/wp-content\/uploads\/2026\/03\/LogoQueijas_novo.png","width":520,"height":519,"caption":"Paroquia de Queijas"},"image":{"@id":"https:\/\/paroquiaqueijas.net\/portal\/#\/schema\/logo\/image\/"},"sameAs":["https:\/\/www.facebook.com\/paroquiaqueijas\/"]},{"@type":"Person","@id":"https:\/\/paroquiaqueijas.net\/portal\/#\/schema\/person\/07bb4cce216326e06b6f742b719ebec7","name":"Paroquia de Queijas","image":{"@type":"ImageObject","inLanguage":"pt-PT","@id":"https:\/\/secure.gravatar.com\/avatar\/5054571ff5d2454cd50657fc4e61d0c32d7a5d0d3b36ef6c0f6e269276d13618?s=96&d=mm&r=g","url":"https:\/\/secure.gravatar.com\/avatar\/5054571ff5d2454cd50657fc4e61d0c32d7a5d0d3b36ef6c0f6e269276d13618?s=96&d=mm&r=g","contentUrl":"https:\/\/secure.gravatar.com\/avatar\/5054571ff5d2454cd50657fc4e61d0c32d7a5d0d3b36ef6c0f6e269276d13618?s=96&d=mm&r=g","caption":"Paroquia de Queijas"},"sameAs":["https:\/\/paroquiaqueijas.net\/site"],"url":"https:\/\/paroquiaqueijas.net\/portal\/author\/admin1\/"}]}},"_links":{"self":[{"href":"https:\/\/paroquiaqueijas.net\/portal\/wp-json\/wp\/v2\/posts\/1549","targetHints":{"allow":["GET"]}}],"collection":[{"href":"https:\/\/paroquiaqueijas.net\/portal\/wp-json\/wp\/v2\/posts"}],"about":[{"href":"https:\/\/paroquiaqueijas.net\/portal\/wp-json\/wp\/v2\/types\/post"}],"author":[{"embeddable":true,"href":"https:\/\/paroquiaqueijas.net\/portal\/wp-json\/wp\/v2\/users\/1"}],"replies":[{"embeddable":true,"href":"https:\/\/paroquiaqueijas.net\/portal\/wp-json\/wp\/v2\/comments?post=1549"}],"version-history":[{"count":1,"href":"https:\/\/paroquiaqueijas.net\/portal\/wp-json\/wp\/v2\/posts\/1549\/revisions"}],"predecessor-version":[{"id":2318,"href":"https:\/\/paroquiaqueijas.net\/portal\/wp-json\/wp\/v2\/posts\/1549\/revisions\/2318"}],"wp:featuredmedia":[{"embeddable":true,"href":"https:\/\/paroquiaqueijas.net\/portal\/wp-json\/wp\/v2\/media\/1548"}],"wp:attachment":[{"href":"https:\/\/paroquiaqueijas.net\/portal\/wp-json\/wp\/v2\/media?parent=1549"}],"wp:term":[{"taxonomy":"category","embeddable":true,"href":"https:\/\/paroquiaqueijas.net\/portal\/wp-json\/wp\/v2\/categories?post=1549"},{"taxonomy":"post_tag","embeddable":true,"href":"https:\/\/paroquiaqueijas.net\/portal\/wp-json\/wp\/v2\/tags?post=1549"}],"curies":[{"name":"wp","href":"https:\/\/api.w.org\/{rel}","templated":true}]}}