{"id":1553,"date":"2017-05-12T09:42:00","date_gmt":"2017-05-12T09:42:00","guid":{"rendered":"https:\/\/paroquiaqueijas.net\/site\/?p=1553"},"modified":"2026-03-21T15:40:55","modified_gmt":"2026-03-21T15:40:55","slug":"a-oracao-e-a-luz-da-alma","status":"publish","type":"post","link":"https:\/\/paroquiaqueijas.net\/portal\/a-oracao-e-a-luz-da-alma\/","title":{"rendered":"A ora\u00e7\u00e3o \u00e9 a luz da alma"},"content":{"rendered":"<p><img fetchpriority=\"high\" decoding=\"async\" class=\" alignright size-full wp-image-1552\" src=\"https:\/\/paroquiaqueijas.net\/portal\/wp-content\/uploads\/2017\/05\/Oracao17.jpg\" alt=\"Oracao17\" style=\"float: right;\" width=\"300\" height=\"243\" srcset=\"https:\/\/paroquiaqueijas.net\/portal\/wp-content\/uploads\/2017\/05\/Oracao17.jpg 598w, https:\/\/paroquiaqueijas.net\/portal\/wp-content\/uploads\/2017\/05\/Oracao17-300x243.jpg 300w\" sizes=\"(max-width: 300px) 100vw, 300px\" \/>A ora&ccedil;&atilde;o, o di&aacute;logo com Deus, &eacute; um bem incompar&aacute;vel, porque nos p&otilde;e em comunh&atilde;o &iacute;ntima com Deus. Assim como os olhos do corpo s&atilde;o iluminados quando recebem a luz, a alma que se eleva para Deus &eacute; iluminada por sua luz inef&aacute;vel. Falo da ora&ccedil;&atilde;o que n&atilde;o &eacute; s&oacute; uma atitude exterior, mas que prov&eacute;m do cora&ccedil;&atilde;o e n&atilde;o se limita a ocasi&otilde;es ou horas determinadas, prolongando-se dia e noite, sem inter-rup&ccedil;&atilde;o.<\/p>\n<p>Com efeito, n&atilde;o devemos orientar o pensamento para Deus apenas quando nos aplicamos &agrave; ora&ccedil;&atilde;o; tamb&eacute;m no meio das mais variadas tarefas &#8211; como o cuidado dos pobres, as obras &uacute;teis de miseric&oacute;rdia ou quaisquer outros servi&ccedil;os do pr&oacute;ximo &#8211; &eacute; preciso conservar sempre vivos o desejo e a lembran&ccedil;a de Deus. E assim, todas as nossas obras, temperadas com o sal do amor de Deus, se tornar&atilde;o um alimento dulc&iacute;ssimo para o Senhor do universo. Podemos, entretanto, gozar continuamente em nossa vida do bem que resulta da ora&ccedil;&atilde;o, se lhe dedicarmos todo o tempo que nos for poss&iacute;vel.<\/p>\n<p>A ora&ccedil;&atilde;o &eacute; a luz da alma, o verdadeiro conhecimento de Deus, a mediadora entre Deus e os homens. Pela ora&ccedil;&atilde;o a alma se eleva at&eacute; aos c&eacute;us e une-se ao Senhor num abra&ccedil;o inef&aacute;vel; como uma crian&ccedil;a que, chorando, chama sua m&atilde;e, a alma deseja o leite divino, exprime seus pr&oacute;prios desejos e recebe dons superiores a tudo que &eacute; natural e vis&iacute;vel.<\/p>\n<p>A ora&ccedil;&atilde;o &eacute; vener&aacute;vel mensageira que nos leva &agrave; presen&not;&ccedil;a de Deus, alegra a alma e tranquiliza o cora&ccedil;&atilde;o. N&atilde;o penses que essa ora&ccedil;&atilde;o se reduza a palavras. Ela &eacute; desejo de Deus, amor inexprim&iacute;vel que n&atilde;o prov&eacute;m dos homens, mas &eacute; efeito da gra&ccedil;a divina, como diz o Ap&oacute;stolo: N&oacute;s n&atilde;o sabemos o que devemos pedir, nem como pedir; &eacute; o pr&oacute;prio Esp&iacute;rito que intercede em nosso favor, com gemidos inef&aacute;veis (Rm 8,26).<\/p>\n<p>Semelhante ora&ccedil;&atilde;o, quando o Senhor a concede a algu&eacute;m, &eacute; uma riqueza que n&atilde;o lhe pode ser tirada e um alimento celeste que sacia a alma. Quem a experimentou inflama-se do desejo eterno de Deus, como que de um fogo devorador qu&ecirc; abrasa o cora&ccedil;&atilde;o.<\/p>\n<p>Praticando-a em sua pureza original, adorna tua casa de mod&eacute;stia e humildade, torna-a resplandecente com a luz da justi&ccedil;a. Enfeita-se com boas obras, quais plaquetas de ouro, ornamenta-se de f&eacute; e de magnanimidade em vez de paredes e mosaicos. Como c&uacute;pula e coroamento de todo o edif&iacute;cio, coloca a ora&ccedil;&atilde;o. Assim preparar&aacute;s para o Senhor uma digna morada, assim ter&aacute;s um espl&ecirc;ndido pal&aacute;cio real para o receber, e poder&aacute;s t&ecirc;-lo contigo na tua alma, transformada, pela gra&ccedil;a, em imagem e templo da sua presen&ccedil;a.<\/p>\n<p style=\"text-align: right;\">Das Hom&iacute;lias do Pseudo-Cris&oacute;stomo (S&eacute;c. IV)<\/p>\n","protected":false},"excerpt":{"rendered":"<p>A ora&ccedil;&atilde;o, o di&aacute;logo com Deus, &eacute; um bem incompar&aacute;vel, porque nos p&otilde;e em comunh&atilde;o &iacute;ntima com Deus. Assim como [&hellip;]<\/p>\n","protected":false},"author":1,"featured_media":1552,"comment_status":"open","ping_status":"open","sticky":false,"template":"","format":"standard","meta":{"site-sidebar-layout":"default","site-content-layout":"","ast-site-content-layout":"default","site-content-style":"default","site-sidebar-style":"default","ast-global-header-display":"","ast-banner-title-visibility":"","ast-main-header-display":"","ast-hfb-above-header-display":"","ast-hfb-below-header-display":"","ast-hfb-mobile-header-display":"","site-post-title":"","ast-breadcrumbs-content":"","ast-featured-img":"","footer-sml-layout":"","ast-disable-related-posts":"","theme-transparent-header-meta":"","adv-header-id-meta":"","stick-header-meta":"","header-above-stick-meta":"","header-main-stick-meta":"","header-below-stick-meta":"","astra-migrate-meta-layouts":"default","ast-page-background-enabled":"default","ast-page-background-meta":{"desktop":{"background-color":"var(--ast-global-color-5)","background-image":"","background-repeat":"repeat","background-position":"center center","background-size":"auto","background-attachment":"scroll","background-type":"","background-media":"","overlay-type":"","overlay-color":"","overlay-opacity":"","overlay-gradient":""},"tablet":{"background-color":"","background-image":"","background-repeat":"repeat","background-position":"center center","background-size":"auto","background-attachment":"scroll","background-type":"","background-media":"","overlay-type":"","overlay-color":"","overlay-opacity":"","overlay-gradient":""},"mobile":{"background-color":"","background-image":"","background-repeat":"repeat","background-position":"center center","background-size":"auto","background-attachment":"scroll","background-type":"","background-media":"","overlay-type":"","overlay-color":"","overlay-opacity":"","overlay-gradient":""}},"ast-content-background-meta":{"desktop":{"background-color":"var(--ast-global-color-4)","background-image":"","background-repeat":"repeat","background-position":"center center","background-size":"auto","background-attachment":"scroll","background-type":"","background-media":"","overlay-type":"","overlay-color":"","overlay-opacity":"","overlay-gradient":""},"tablet":{"background-color":"var(--ast-global-color-4)","background-image":"","background-repeat":"repeat","background-position":"center center","background-size":"auto","background-attachment":"scroll","background-type":"","background-media":"","overlay-type":"","overlay-color":"","overlay-opacity":"","overlay-gradient":""},"mobile":{"background-color":"var(--ast-global-color-4)","background-image":"","background-repeat":"repeat","background-position":"center center","background-size":"auto","background-attachment":"scroll","background-type":"","background-media":"","overlay-type":"","overlay-color":"","overlay-opacity":"","overlay-gradient":""}},"footnotes":""},"categories":[29],"tags":[],"class_list":["post-1553","post","type-post","status-publish","format-standard","has-post-thumbnail","hentry","category-varios"],"yoast_head":"<!-- This site is optimized with the Yoast SEO plugin v27.4 - https:\/\/yoast.com\/product\/yoast-seo-wordpress\/ -->\n<title>A ora\u00e7\u00e3o \u00e9 a luz da alma - Paroquia de Queijas<\/title>\n<meta name=\"robots\" content=\"index, follow, max-snippet:-1, max-image-preview:large, max-video-preview:-1\" \/>\n<link rel=\"canonical\" href=\"https:\/\/paroquiaqueijas.net\/portal\/a-oracao-e-a-luz-da-alma\/\" \/>\n<meta property=\"og:locale\" content=\"pt_PT\" \/>\n<meta property=\"og:type\" content=\"article\" \/>\n<meta property=\"og:title\" content=\"A ora\u00e7\u00e3o \u00e9 a luz da alma - Paroquia de Queijas\" \/>\n<meta property=\"og:description\" content=\"A ora&ccedil;&atilde;o, o di&aacute;logo com Deus, &eacute; um bem incompar&aacute;vel, porque nos p&otilde;e em comunh&atilde;o &iacute;ntima com Deus. Assim como [&hellip;]\" \/>\n<meta property=\"og:url\" content=\"https:\/\/paroquiaqueijas.net\/portal\/a-oracao-e-a-luz-da-alma\/\" \/>\n<meta property=\"og:site_name\" content=\"Paroquia de Queijas\" \/>\n<meta property=\"article:publisher\" content=\"https:\/\/www.facebook.com\/paroquiaqueijas\/\" \/>\n<meta property=\"article:published_time\" content=\"2017-05-12T09:42:00+00:00\" \/>\n<meta property=\"article:modified_time\" content=\"2026-03-21T15:40:55+00:00\" \/>\n<meta property=\"og:image\" content=\"https:\/\/paroquiaqueijas.net\/portal\/wp-content\/uploads\/2017\/05\/Oracao17.jpg\" \/>\n\t<meta property=\"og:image:width\" content=\"598\" \/>\n\t<meta property=\"og:image:height\" content=\"485\" \/>\n\t<meta property=\"og:image:type\" content=\"image\/jpeg\" \/>\n<meta name=\"author\" content=\"Paroquia de Queijas\" \/>\n<meta name=\"twitter:card\" content=\"summary_large_image\" \/>\n<meta name=\"twitter:label1\" content=\"Escrito por\" \/>\n\t<meta name=\"twitter:data1\" content=\"Paroquia de Queijas\" \/>\n\t<meta name=\"twitter:label2\" content=\"Tempo estimado de leitura\" \/>\n\t<meta name=\"twitter:data2\" content=\"3 minutos\" \/>\n<script type=\"application\/ld+json\" class=\"yoast-schema-graph\">{\"@context\":\"https:\\\/\\\/schema.org\",\"@graph\":[{\"@type\":\"Article\",\"@id\":\"https:\\\/\\\/paroquiaqueijas.net\\\/portal\\\/a-oracao-e-a-luz-da-alma\\\/#article\",\"isPartOf\":{\"@id\":\"https:\\\/\\\/paroquiaqueijas.net\\\/portal\\\/a-oracao-e-a-luz-da-alma\\\/\"},\"author\":{\"name\":\"Paroquia de Queijas\",\"@id\":\"https:\\\/\\\/paroquiaqueijas.net\\\/portal\\\/#\\\/schema\\\/person\\\/07bb4cce216326e06b6f742b719ebec7\"},\"headline\":\"A ora\u00e7\u00e3o \u00e9 a luz da alma\",\"datePublished\":\"2017-05-12T09:42:00+00:00\",\"dateModified\":\"2026-03-21T15:40:55+00:00\",\"mainEntityOfPage\":{\"@id\":\"https:\\\/\\\/paroquiaqueijas.net\\\/portal\\\/a-oracao-e-a-luz-da-alma\\\/\"},\"wordCount\":612,\"commentCount\":0,\"publisher\":{\"@id\":\"https:\\\/\\\/paroquiaqueijas.net\\\/portal\\\/#organization\"},\"image\":{\"@id\":\"https:\\\/\\\/paroquiaqueijas.net\\\/portal\\\/a-oracao-e-a-luz-da-alma\\\/#primaryimage\"},\"thumbnailUrl\":\"https:\\\/\\\/paroquiaqueijas.net\\\/portal\\\/wp-content\\\/uploads\\\/2017\\\/05\\\/Oracao17.jpg\",\"articleSection\":[\"V\u00e1rios\"],\"inLanguage\":\"pt-PT\",\"potentialAction\":[{\"@type\":\"CommentAction\",\"name\":\"Comment\",\"target\":[\"https:\\\/\\\/paroquiaqueijas.net\\\/portal\\\/a-oracao-e-a-luz-da-alma\\\/#respond\"]}]},{\"@type\":\"WebPage\",\"@id\":\"https:\\\/\\\/paroquiaqueijas.net\\\/portal\\\/a-oracao-e-a-luz-da-alma\\\/\",\"url\":\"https:\\\/\\\/paroquiaqueijas.net\\\/portal\\\/a-oracao-e-a-luz-da-alma\\\/\",\"name\":\"A ora\u00e7\u00e3o \u00e9 a luz da alma - Paroquia de Queijas\",\"isPartOf\":{\"@id\":\"https:\\\/\\\/paroquiaqueijas.net\\\/portal\\\/#website\"},\"primaryImageOfPage\":{\"@id\":\"https:\\\/\\\/paroquiaqueijas.net\\\/portal\\\/a-oracao-e-a-luz-da-alma\\\/#primaryimage\"},\"image\":{\"@id\":\"https:\\\/\\\/paroquiaqueijas.net\\\/portal\\\/a-oracao-e-a-luz-da-alma\\\/#primaryimage\"},\"thumbnailUrl\":\"https:\\\/\\\/paroquiaqueijas.net\\\/portal\\\/wp-content\\\/uploads\\\/2017\\\/05\\\/Oracao17.jpg\",\"datePublished\":\"2017-05-12T09:42:00+00:00\",\"dateModified\":\"2026-03-21T15:40:55+00:00\",\"breadcrumb\":{\"@id\":\"https:\\\/\\\/paroquiaqueijas.net\\\/portal\\\/a-oracao-e-a-luz-da-alma\\\/#breadcrumb\"},\"inLanguage\":\"pt-PT\",\"potentialAction\":[{\"@type\":\"ReadAction\",\"target\":[\"https:\\\/\\\/paroquiaqueijas.net\\\/portal\\\/a-oracao-e-a-luz-da-alma\\\/\"]}]},{\"@type\":\"ImageObject\",\"inLanguage\":\"pt-PT\",\"@id\":\"https:\\\/\\\/paroquiaqueijas.net\\\/portal\\\/a-oracao-e-a-luz-da-alma\\\/#primaryimage\",\"url\":\"https:\\\/\\\/paroquiaqueijas.net\\\/portal\\\/wp-content\\\/uploads\\\/2017\\\/05\\\/Oracao17.jpg\",\"contentUrl\":\"https:\\\/\\\/paroquiaqueijas.net\\\/portal\\\/wp-content\\\/uploads\\\/2017\\\/05\\\/Oracao17.jpg\",\"width\":598,\"height\":485,\"caption\":\"Oracao17\"},{\"@type\":\"BreadcrumbList\",\"@id\":\"https:\\\/\\\/paroquiaqueijas.net\\\/portal\\\/a-oracao-e-a-luz-da-alma\\\/#breadcrumb\",\"itemListElement\":[{\"@type\":\"ListItem\",\"position\":1,\"name\":\"In\u00edcio\",\"item\":\"https:\\\/\\\/paroquiaqueijas.net\\\/portal\\\/\"},{\"@type\":\"ListItem\",\"position\":2,\"name\":\"A ora\u00e7\u00e3o \u00e9 a luz da alma\"}]},{\"@type\":\"WebSite\",\"@id\":\"https:\\\/\\\/paroquiaqueijas.net\\\/portal\\\/#website\",\"url\":\"https:\\\/\\\/paroquiaqueijas.net\\\/portal\\\/\",\"name\":\"Paroquia de Queijas\",\"description\":\"\",\"publisher\":{\"@id\":\"https:\\\/\\\/paroquiaqueijas.net\\\/portal\\\/#organization\"},\"potentialAction\":[{\"@type\":\"SearchAction\",\"target\":{\"@type\":\"EntryPoint\",\"urlTemplate\":\"https:\\\/\\\/paroquiaqueijas.net\\\/portal\\\/?s={search_term_string}\"},\"query-input\":{\"@type\":\"PropertyValueSpecification\",\"valueRequired\":true,\"valueName\":\"search_term_string\"}}],\"inLanguage\":\"pt-PT\"},{\"@type\":\"Organization\",\"@id\":\"https:\\\/\\\/paroquiaqueijas.net\\\/portal\\\/#organization\",\"name\":\"Paroquia de Queijas\",\"url\":\"https:\\\/\\\/paroquiaqueijas.net\\\/portal\\\/\",\"logo\":{\"@type\":\"ImageObject\",\"inLanguage\":\"pt-PT\",\"@id\":\"https:\\\/\\\/paroquiaqueijas.net\\\/portal\\\/#\\\/schema\\\/logo\\\/image\\\/\",\"url\":\"https:\\\/\\\/paroquiaqueijas.net\\\/portal\\\/wp-content\\\/uploads\\\/2026\\\/03\\\/LogoQueijas_novo.png\",\"contentUrl\":\"https:\\\/\\\/paroquiaqueijas.net\\\/portal\\\/wp-content\\\/uploads\\\/2026\\\/03\\\/LogoQueijas_novo.png\",\"width\":520,\"height\":519,\"caption\":\"Paroquia de Queijas\"},\"image\":{\"@id\":\"https:\\\/\\\/paroquiaqueijas.net\\\/portal\\\/#\\\/schema\\\/logo\\\/image\\\/\"},\"sameAs\":[\"https:\\\/\\\/www.facebook.com\\\/paroquiaqueijas\\\/\"]},{\"@type\":\"Person\",\"@id\":\"https:\\\/\\\/paroquiaqueijas.net\\\/portal\\\/#\\\/schema\\\/person\\\/07bb4cce216326e06b6f742b719ebec7\",\"name\":\"Paroquia de Queijas\",\"image\":{\"@type\":\"ImageObject\",\"inLanguage\":\"pt-PT\",\"@id\":\"https:\\\/\\\/secure.gravatar.com\\\/avatar\\\/5054571ff5d2454cd50657fc4e61d0c32d7a5d0d3b36ef6c0f6e269276d13618?s=96&d=mm&r=g\",\"url\":\"https:\\\/\\\/secure.gravatar.com\\\/avatar\\\/5054571ff5d2454cd50657fc4e61d0c32d7a5d0d3b36ef6c0f6e269276d13618?s=96&d=mm&r=g\",\"contentUrl\":\"https:\\\/\\\/secure.gravatar.com\\\/avatar\\\/5054571ff5d2454cd50657fc4e61d0c32d7a5d0d3b36ef6c0f6e269276d13618?s=96&d=mm&r=g\",\"caption\":\"Paroquia de Queijas\"},\"sameAs\":[\"https:\\\/\\\/paroquiaqueijas.net\\\/site\"],\"url\":\"https:\\\/\\\/paroquiaqueijas.net\\\/portal\\\/author\\\/admin1\\\/\"}]}<\/script>\n<!-- \/ Yoast SEO plugin. -->","yoast_head_json":{"title":"A ora\u00e7\u00e3o \u00e9 a luz da alma - Paroquia de Queijas","robots":{"index":"index","follow":"follow","max-snippet":"max-snippet:-1","max-image-preview":"max-image-preview:large","max-video-preview":"max-video-preview:-1"},"canonical":"https:\/\/paroquiaqueijas.net\/portal\/a-oracao-e-a-luz-da-alma\/","og_locale":"pt_PT","og_type":"article","og_title":"A ora\u00e7\u00e3o \u00e9 a luz da alma - Paroquia de Queijas","og_description":"A ora&ccedil;&atilde;o, o di&aacute;logo com Deus, &eacute; um bem incompar&aacute;vel, porque nos p&otilde;e em comunh&atilde;o &iacute;ntima com Deus. Assim como [&hellip;]","og_url":"https:\/\/paroquiaqueijas.net\/portal\/a-oracao-e-a-luz-da-alma\/","og_site_name":"Paroquia de Queijas","article_publisher":"https:\/\/www.facebook.com\/paroquiaqueijas\/","article_published_time":"2017-05-12T09:42:00+00:00","article_modified_time":"2026-03-21T15:40:55+00:00","og_image":[{"width":598,"height":485,"url":"https:\/\/paroquiaqueijas.net\/portal\/wp-content\/uploads\/2017\/05\/Oracao17.jpg","type":"image\/jpeg"}],"author":"Paroquia de Queijas","twitter_card":"summary_large_image","twitter_misc":{"Escrito por":"Paroquia de Queijas","Tempo estimado de leitura":"3 minutos"},"schema":{"@context":"https:\/\/schema.org","@graph":[{"@type":"Article","@id":"https:\/\/paroquiaqueijas.net\/portal\/a-oracao-e-a-luz-da-alma\/#article","isPartOf":{"@id":"https:\/\/paroquiaqueijas.net\/portal\/a-oracao-e-a-luz-da-alma\/"},"author":{"name":"Paroquia de Queijas","@id":"https:\/\/paroquiaqueijas.net\/portal\/#\/schema\/person\/07bb4cce216326e06b6f742b719ebec7"},"headline":"A ora\u00e7\u00e3o \u00e9 a luz da alma","datePublished":"2017-05-12T09:42:00+00:00","dateModified":"2026-03-21T15:40:55+00:00","mainEntityOfPage":{"@id":"https:\/\/paroquiaqueijas.net\/portal\/a-oracao-e-a-luz-da-alma\/"},"wordCount":612,"commentCount":0,"publisher":{"@id":"https:\/\/paroquiaqueijas.net\/portal\/#organization"},"image":{"@id":"https:\/\/paroquiaqueijas.net\/portal\/a-oracao-e-a-luz-da-alma\/#primaryimage"},"thumbnailUrl":"https:\/\/paroquiaqueijas.net\/portal\/wp-content\/uploads\/2017\/05\/Oracao17.jpg","articleSection":["V\u00e1rios"],"inLanguage":"pt-PT","potentialAction":[{"@type":"CommentAction","name":"Comment","target":["https:\/\/paroquiaqueijas.net\/portal\/a-oracao-e-a-luz-da-alma\/#respond"]}]},{"@type":"WebPage","@id":"https:\/\/paroquiaqueijas.net\/portal\/a-oracao-e-a-luz-da-alma\/","url":"https:\/\/paroquiaqueijas.net\/portal\/a-oracao-e-a-luz-da-alma\/","name":"A ora\u00e7\u00e3o \u00e9 a luz da alma - Paroquia de Queijas","isPartOf":{"@id":"https:\/\/paroquiaqueijas.net\/portal\/#website"},"primaryImageOfPage":{"@id":"https:\/\/paroquiaqueijas.net\/portal\/a-oracao-e-a-luz-da-alma\/#primaryimage"},"image":{"@id":"https:\/\/paroquiaqueijas.net\/portal\/a-oracao-e-a-luz-da-alma\/#primaryimage"},"thumbnailUrl":"https:\/\/paroquiaqueijas.net\/portal\/wp-content\/uploads\/2017\/05\/Oracao17.jpg","datePublished":"2017-05-12T09:42:00+00:00","dateModified":"2026-03-21T15:40:55+00:00","breadcrumb":{"@id":"https:\/\/paroquiaqueijas.net\/portal\/a-oracao-e-a-luz-da-alma\/#breadcrumb"},"inLanguage":"pt-PT","potentialAction":[{"@type":"ReadAction","target":["https:\/\/paroquiaqueijas.net\/portal\/a-oracao-e-a-luz-da-alma\/"]}]},{"@type":"ImageObject","inLanguage":"pt-PT","@id":"https:\/\/paroquiaqueijas.net\/portal\/a-oracao-e-a-luz-da-alma\/#primaryimage","url":"https:\/\/paroquiaqueijas.net\/portal\/wp-content\/uploads\/2017\/05\/Oracao17.jpg","contentUrl":"https:\/\/paroquiaqueijas.net\/portal\/wp-content\/uploads\/2017\/05\/Oracao17.jpg","width":598,"height":485,"caption":"Oracao17"},{"@type":"BreadcrumbList","@id":"https:\/\/paroquiaqueijas.net\/portal\/a-oracao-e-a-luz-da-alma\/#breadcrumb","itemListElement":[{"@type":"ListItem","position":1,"name":"In\u00edcio","item":"https:\/\/paroquiaqueijas.net\/portal\/"},{"@type":"ListItem","position":2,"name":"A ora\u00e7\u00e3o \u00e9 a luz da alma"}]},{"@type":"WebSite","@id":"https:\/\/paroquiaqueijas.net\/portal\/#website","url":"https:\/\/paroquiaqueijas.net\/portal\/","name":"Paroquia de Queijas","description":"","publisher":{"@id":"https:\/\/paroquiaqueijas.net\/portal\/#organization"},"potentialAction":[{"@type":"SearchAction","target":{"@type":"EntryPoint","urlTemplate":"https:\/\/paroquiaqueijas.net\/portal\/?s={search_term_string}"},"query-input":{"@type":"PropertyValueSpecification","valueRequired":true,"valueName":"search_term_string"}}],"inLanguage":"pt-PT"},{"@type":"Organization","@id":"https:\/\/paroquiaqueijas.net\/portal\/#organization","name":"Paroquia de Queijas","url":"https:\/\/paroquiaqueijas.net\/portal\/","logo":{"@type":"ImageObject","inLanguage":"pt-PT","@id":"https:\/\/paroquiaqueijas.net\/portal\/#\/schema\/logo\/image\/","url":"https:\/\/paroquiaqueijas.net\/portal\/wp-content\/uploads\/2026\/03\/LogoQueijas_novo.png","contentUrl":"https:\/\/paroquiaqueijas.net\/portal\/wp-content\/uploads\/2026\/03\/LogoQueijas_novo.png","width":520,"height":519,"caption":"Paroquia de Queijas"},"image":{"@id":"https:\/\/paroquiaqueijas.net\/portal\/#\/schema\/logo\/image\/"},"sameAs":["https:\/\/www.facebook.com\/paroquiaqueijas\/"]},{"@type":"Person","@id":"https:\/\/paroquiaqueijas.net\/portal\/#\/schema\/person\/07bb4cce216326e06b6f742b719ebec7","name":"Paroquia de Queijas","image":{"@type":"ImageObject","inLanguage":"pt-PT","@id":"https:\/\/secure.gravatar.com\/avatar\/5054571ff5d2454cd50657fc4e61d0c32d7a5d0d3b36ef6c0f6e269276d13618?s=96&d=mm&r=g","url":"https:\/\/secure.gravatar.com\/avatar\/5054571ff5d2454cd50657fc4e61d0c32d7a5d0d3b36ef6c0f6e269276d13618?s=96&d=mm&r=g","contentUrl":"https:\/\/secure.gravatar.com\/avatar\/5054571ff5d2454cd50657fc4e61d0c32d7a5d0d3b36ef6c0f6e269276d13618?s=96&d=mm&r=g","caption":"Paroquia de Queijas"},"sameAs":["https:\/\/paroquiaqueijas.net\/site"],"url":"https:\/\/paroquiaqueijas.net\/portal\/author\/admin1\/"}]}},"_links":{"self":[{"href":"https:\/\/paroquiaqueijas.net\/portal\/wp-json\/wp\/v2\/posts\/1553","targetHints":{"allow":["GET"]}}],"collection":[{"href":"https:\/\/paroquiaqueijas.net\/portal\/wp-json\/wp\/v2\/posts"}],"about":[{"href":"https:\/\/paroquiaqueijas.net\/portal\/wp-json\/wp\/v2\/types\/post"}],"author":[{"embeddable":true,"href":"https:\/\/paroquiaqueijas.net\/portal\/wp-json\/wp\/v2\/users\/1"}],"replies":[{"embeddable":true,"href":"https:\/\/paroquiaqueijas.net\/portal\/wp-json\/wp\/v2\/comments?post=1553"}],"version-history":[{"count":1,"href":"https:\/\/paroquiaqueijas.net\/portal\/wp-json\/wp\/v2\/posts\/1553\/revisions"}],"predecessor-version":[{"id":2316,"href":"https:\/\/paroquiaqueijas.net\/portal\/wp-json\/wp\/v2\/posts\/1553\/revisions\/2316"}],"wp:featuredmedia":[{"embeddable":true,"href":"https:\/\/paroquiaqueijas.net\/portal\/wp-json\/wp\/v2\/media\/1552"}],"wp:attachment":[{"href":"https:\/\/paroquiaqueijas.net\/portal\/wp-json\/wp\/v2\/media?parent=1553"}],"wp:term":[{"taxonomy":"category","embeddable":true,"href":"https:\/\/paroquiaqueijas.net\/portal\/wp-json\/wp\/v2\/categories?post=1553"},{"taxonomy":"post_tag","embeddable":true,"href":"https:\/\/paroquiaqueijas.net\/portal\/wp-json\/wp\/v2\/tags?post=1553"}],"curies":[{"name":"wp","href":"https:\/\/api.w.org\/{rel}","templated":true}]}}