{"id":1648,"date":"2017-07-01T14:59:29","date_gmt":"2017-07-01T14:59:29","guid":{"rendered":"https:\/\/paroquiaqueijas.net\/site\/?p=1648"},"modified":"2026-04-16T15:18:15","modified_gmt":"2026-04-16T15:18:15","slug":"actividades-do-centro-de-dia-e-lar-de-idosos","status":"publish","type":"post","link":"https:\/\/paroquiaqueijas.net\/portal\/actividades-do-centro-de-dia-e-lar-de-idosos\/","title":{"rendered":"Actividades do Centro de Dia e Lar de Idosos"},"content":{"rendered":"<p><span style=\"font-size: 12pt; color: #0000ff;\"><strong><img fetchpriority=\"high\" decoding=\"async\" class=\"alignright wp-image-1647\" style=\"margin-top: 0px; margin-bottom: 0px; border: 1px solid #000000; float: right;\" src=\"https:\/\/paroquiaqueijas.net\/portal\/wp-content\/uploads\/2017\/07\/cspq_Activid.jpg\" alt=\"cspq Activid\" width=\"500\" height=\"367\" srcset=\"https:\/\/paroquiaqueijas.net\/portal\/wp-content\/uploads\/2017\/07\/cspq_Activid.jpg 856w, https:\/\/paroquiaqueijas.net\/portal\/wp-content\/uploads\/2017\/07\/cspq_Activid-300x220.jpg 300w, https:\/\/paroquiaqueijas.net\/portal\/wp-content\/uploads\/2017\/07\/cspq_Activid-768x564.jpg 768w\" sizes=\"(max-width: 500px) 100vw, 500px\" \/>1. Atelier de Pintura<\/strong><\/span><br \/>\nOs nossos utentes todas as tardes de ter\u00e7a-feira t\u00eam Atelier de Pintura, onde aprendem as v\u00e1rias t\u00e9cnicas, apoiados por uma Volunt\u00e1ria e a nossa Animadora Sociocultural. Os trabalhos desenvolvidos neste atelier s\u00e3o posteriormente expostos em Eventos que o Centro \u00e9 convidado a participar. Os proventos desta actividade servem para a aquisi\u00e7\u00e3o dos materiais.<\/p>\n<p><span style=\"color: #993300;\"><strong>2. Atelier de Culin\u00e1ria<\/strong><\/span><br \/>\nUma vez por semana os nossos Idosos desenvolvem esta actividade, confeccionando biscoitos e bolos que ser\u00e3o depois consumidos no lanche da tarde. Esta atividade permite-lhes a troca de receitas e o bom treino da motricidade fina. \u00c9 bem saud\u00e1vel esta actividade, sempre bem participada por todos, permitindo-lhes colocar ao servi\u00e7o dos outros utentes conhecimentos adquiridos ao longo da vida.<\/p>\n<p><span style=\"font-size: 12pt; color: #ff00ff;\"><strong>3. Atelier de Beleza<\/strong><\/span><br \/>\nQuem \u00e9 que n\u00e3o gosta de se apresentar bem? Semanalmente temos um tempo reservado aos cuidados de imagem e beleza para todos os utentes que assim o desejam.<br \/>\nConsideramos que esta actividade, para al\u00e9m de proporcionar aos nossos utentes conforto e bem-estar, contribui para a satisfa\u00e7\u00e3o dos interesses pessoais, ajudando na valoriza\u00e7\u00e3o pessoal do idoso. Se \u00e9 verdade que a <em>manicure<\/em> e as massagens ocupam um lugar de destaque neste atelier, tamb\u00e9m \u00e9 de real\u00e7ar o servi\u00e7o de cabeleireiro e de podologia que ajudam os nossos utentes a elevar tamb\u00e9m a sua auto-estima.<br \/>\nEste Atelier procura potenciar os cuidados de imagem, permitindo a manuten\u00e7\u00e3o de uma rotina j\u00e1 existente, ou at\u00e9 a inicia\u00e7\u00e3o da mesma.<\/p>\n<p><span style=\"font-size: 12pt; color: #008000;\"><strong>4. Tarde de Baile <\/strong><\/span><br \/>\nA nossa Institui\u00e7\u00e3o procura incentivar e proporcionar momentos de conv\u00edvio entre a comunidade idosa da nossa Par\u00f3quia, bem como promover a actividade f\u00edsica procurando, de uma forma animada e divertida, fazer com que todos queiram participar. Para tal temos todas as <strong>quartas-feiras<\/strong>, das 14h30 \u00e0s 16h00, um Baile-Conv\u00edvio no sal\u00e3o do Centro de Dia, aberto a toda a comunidade.<br \/>\nAo ritmo do acorde\u00e3o do Sr. Castilho Santos, todos dan\u00e7am e se divertem, passando uma tarde bem agrad\u00e1vel na nossa companhia. \u00c9 um dos momentos mais esperados da semana, onde os nossos utentes em conjunto com todos aqueles que queiram participar convivem e partilham momentos de grande divers\u00e3o e alegria.<br \/>\nNo final do baile \u00e9 tocado o Hino do nosso Centro Social, onde todos se juntam em roda e cantam esta linda melodia com toda a for\u00e7a e emo\u00e7\u00e3o. \u00c9 o sinal de que est\u00e1 a terminar mais uma grande e festiva tarde de conv\u00edvio, mas, na semana seguinte, todos sabem que ser\u00e3o acolhidos com todo o prazer, boa disposi\u00e7\u00e3o e alegria! Queres experimentar este momento? Aparece que ser\u00e1s bem recebido!.<br \/>\n<span style=\"color: #008000;\">Clica no Link:<\/span> <strong><a href=\"https:\/\/paroquiaqueijas.net\/portal\/?p=350\">Album fotogr\u00e1fico<\/a><\/strong><\/p>\n<p><span style=\"font-size: 12pt; color: #ff0000;\"><strong>5. Dan\u00e7as Tradicionais<\/strong><\/span><br \/>\nCom o objectivo de promover, entre os utentes, a mobilidade f\u00edsica, temos todas as semanas um momento de dan\u00e7as e cantares tradicionais, em que n\u00e3o faltam o vira, o sapateado, o malh\u00e3o, bem como o Bailinho da Madeira, entre outras.<br \/>\nAl\u00e9m do treino da marcha, da locomo\u00e7\u00e3o e da mobilidade, os utentes relembram as modas antigas que fizeram parte das suas viv\u00eancias.<\/p>\n<p><span style=\"font-size: 12pt; color: #800080;\"><strong>6. Aula de Instrumentos e Coro<\/strong><\/span><br \/>\nA aula de m\u00fasica e instrumentos \u00e9 acompanhada por uma professora de m\u00fasica que promove a aprendizagem e o aperfei\u00e7oamento da t\u00e9cnica vocal e instrumental. Os nossos utentes ensaiam todas as semanas m\u00fasica ligeira portuguesa, de onde resultam depois actua\u00e7\u00f5es que ocorrerem nas nossas habituais festas, bem como em eventos externos em que por vezes participamos.<\/p>\n<p><span style=\"font-size: 12pt; color: #ff6600;\"><strong>7. Jogos de Estimula\u00e7\u00e3o Cognitiva<\/strong><\/span><br \/>\nA melhor forma de mantermos a nossa mem\u00f3ria e a nossa orienta\u00e7\u00e3o \u00e9 podermos exercit\u00e1-las diariamente atrav\u00e9s de exerc\u00edcios pr\u00e1ticos. Com este objetivo procuramos aplicar jogos que permitam o exerc\u00edcio da mem\u00f3ria e a estimula\u00e7\u00e3o do c\u00e9rebro, de forma a minimizar ou a retardar os efeitos causados pelas diversas dem\u00eancias.<\/p>\n<p><span style=\"font-size: 12pt; color: #008000;\"><strong>8. Express\u00e3o Pl\u00e1stica<\/strong><\/span><br \/>\nEm ordem a fomentar a criatividade e desenvolver talentos e aptid\u00f5es, os nossos utentes elaboram trabalhos de express\u00e3o pl\u00e1stica como colagem, moldagem, costura, entre outras actividades. Os trabalhos desenvolvidos nesta actividade servem para a decora\u00e7\u00e3o dos espa\u00e7os envolventes, dotando-os de vida e harmonia, sendo muitos deles posteriormente expostos em Eventos que o Centro \u00e9 convidado a participar.<\/p>\n","protected":false},"excerpt":{"rendered":"<p>1. Atelier de Pintura Os nossos utentes todas as tardes de ter\u00e7a-feira t\u00eam Atelier de Pintura, onde aprendem as v\u00e1rias [&hellip;]<\/p>\n","protected":false},"author":1,"featured_media":1647,"comment_status":"open","ping_status":"open","sticky":false,"template":"","format":"standard","meta":{"site-sidebar-layout":"default","site-content-layout":"","ast-site-content-layout":"default","site-content-style":"default","site-sidebar-style":"default","ast-global-header-display":"","ast-banner-title-visibility":"","ast-main-header-display":"","ast-hfb-above-header-display":"","ast-hfb-below-header-display":"","ast-hfb-mobile-header-display":"","site-post-title":"","ast-breadcrumbs-content":"","ast-featured-img":"","footer-sml-layout":"","ast-disable-related-posts":"","theme-transparent-header-meta":"default","adv-header-id-meta":"","stick-header-meta":"default","header-above-stick-meta":"","header-main-stick-meta":"","header-below-stick-meta":"","astra-migrate-meta-layouts":"set","ast-page-background-enabled":"default","ast-page-background-meta":{"desktop":{"background-color":"var(--ast-global-color-5)","background-image":"","background-repeat":"repeat","background-position":"center center","background-size":"auto","background-attachment":"scroll","background-type":"","background-media":"","overlay-type":"","overlay-color":"","overlay-opacity":"","overlay-gradient":""},"tablet":{"background-color":"","background-image":"","background-repeat":"repeat","background-position":"center center","background-size":"auto","background-attachment":"scroll","background-type":"","background-media":"","overlay-type":"","overlay-color":"","overlay-opacity":"","overlay-gradient":""},"mobile":{"background-color":"","background-image":"","background-repeat":"repeat","background-position":"center center","background-size":"auto","background-attachment":"scroll","background-type":"","background-media":"","overlay-type":"","overlay-color":"","overlay-opacity":"","overlay-gradient":""}},"ast-content-background-meta":{"desktop":{"background-color":"var(--ast-global-color-4)","background-image":"","background-repeat":"repeat","background-position":"center center","background-size":"auto","background-attachment":"scroll","background-type":"","background-media":"","overlay-type":"","overlay-color":"","overlay-opacity":"","overlay-gradient":""},"tablet":{"background-color":"var(--ast-global-color-4)","background-image":"","background-repeat":"repeat","background-position":"center center","background-size":"auto","background-attachment":"scroll","background-type":"","background-media":"","overlay-type":"","overlay-color":"","overlay-opacity":"","overlay-gradient":""},"mobile":{"background-color":"var(--ast-global-color-4)","background-image":"","background-repeat":"repeat","background-position":"center center","background-size":"auto","background-attachment":"scroll","background-type":"","background-media":"","overlay-type":"","overlay-color":"","overlay-opacity":"","overlay-gradient":""}},"footnotes":""},"categories":[19],"tags":[],"class_list":["post-1648","post","type-post","status-publish","format-standard","has-post-thumbnail","hentry","category-valencias"],"yoast_head":"<!-- This site is optimized with the Yoast SEO plugin v27.4 - https:\/\/yoast.com\/product\/yoast-seo-wordpress\/ -->\n<title>Actividades do Centro de Dia e Lar de Idosos - Paroquia de Queijas<\/title>\n<meta name=\"robots\" content=\"index, follow, max-snippet:-1, max-image-preview:large, max-video-preview:-1\" \/>\n<link rel=\"canonical\" href=\"https:\/\/paroquiaqueijas.net\/portal\/actividades-do-centro-de-dia-e-lar-de-idosos\/\" \/>\n<meta property=\"og:locale\" content=\"pt_PT\" \/>\n<meta property=\"og:type\" content=\"article\" \/>\n<meta property=\"og:title\" content=\"Actividades do Centro de Dia e Lar de Idosos - Paroquia de Queijas\" \/>\n<meta property=\"og:description\" content=\"1. Atelier de Pintura Os nossos utentes todas as tardes de ter\u00e7a-feira t\u00eam Atelier de Pintura, onde aprendem as v\u00e1rias [&hellip;]\" \/>\n<meta property=\"og:url\" content=\"https:\/\/paroquiaqueijas.net\/portal\/actividades-do-centro-de-dia-e-lar-de-idosos\/\" \/>\n<meta property=\"og:site_name\" content=\"Paroquia de Queijas\" \/>\n<meta property=\"article:publisher\" content=\"https:\/\/www.facebook.com\/paroquiaqueijas\/\" \/>\n<meta property=\"article:published_time\" content=\"2017-07-01T14:59:29+00:00\" \/>\n<meta property=\"article:modified_time\" content=\"2026-04-16T15:18:15+00:00\" \/>\n<meta property=\"og:image\" content=\"https:\/\/paroquiaqueijas.net\/portal\/wp-content\/uploads\/2017\/07\/cspq_Activid.jpg\" \/>\n\t<meta property=\"og:image:width\" content=\"856\" \/>\n\t<meta property=\"og:image:height\" content=\"629\" \/>\n\t<meta property=\"og:image:type\" content=\"image\/jpeg\" \/>\n<meta name=\"author\" content=\"Paroquia de Queijas\" \/>\n<meta name=\"twitter:card\" content=\"summary_large_image\" \/>\n<meta name=\"twitter:label1\" content=\"Escrito por\" \/>\n\t<meta name=\"twitter:data1\" content=\"Paroquia de Queijas\" \/>\n\t<meta name=\"twitter:label2\" content=\"Tempo estimado de leitura\" \/>\n\t<meta name=\"twitter:data2\" content=\"5 minutos\" \/>\n<script type=\"application\/ld+json\" class=\"yoast-schema-graph\">{\"@context\":\"https:\\\/\\\/schema.org\",\"@graph\":[{\"@type\":\"Article\",\"@id\":\"https:\\\/\\\/paroquiaqueijas.net\\\/portal\\\/actividades-do-centro-de-dia-e-lar-de-idosos\\\/#article\",\"isPartOf\":{\"@id\":\"https:\\\/\\\/paroquiaqueijas.net\\\/portal\\\/actividades-do-centro-de-dia-e-lar-de-idosos\\\/\"},\"author\":{\"name\":\"Paroquia de Queijas\",\"@id\":\"https:\\\/\\\/paroquiaqueijas.net\\\/portal\\\/#\\\/schema\\\/person\\\/07bb4cce216326e06b6f742b719ebec7\"},\"headline\":\"Actividades do Centro de Dia e Lar de Idosos\",\"datePublished\":\"2017-07-01T14:59:29+00:00\",\"dateModified\":\"2026-04-16T15:18:15+00:00\",\"mainEntityOfPage\":{\"@id\":\"https:\\\/\\\/paroquiaqueijas.net\\\/portal\\\/actividades-do-centro-de-dia-e-lar-de-idosos\\\/\"},\"wordCount\":731,\"commentCount\":0,\"publisher\":{\"@id\":\"https:\\\/\\\/paroquiaqueijas.net\\\/portal\\\/#organization\"},\"image\":{\"@id\":\"https:\\\/\\\/paroquiaqueijas.net\\\/portal\\\/actividades-do-centro-de-dia-e-lar-de-idosos\\\/#primaryimage\"},\"thumbnailUrl\":\"https:\\\/\\\/paroquiaqueijas.net\\\/portal\\\/wp-content\\\/uploads\\\/2017\\\/07\\\/cspq_Activid.jpg\",\"articleSection\":[\"Val\u00eancias\"],\"inLanguage\":\"pt-PT\",\"potentialAction\":[{\"@type\":\"CommentAction\",\"name\":\"Comment\",\"target\":[\"https:\\\/\\\/paroquiaqueijas.net\\\/portal\\\/actividades-do-centro-de-dia-e-lar-de-idosos\\\/#respond\"]}]},{\"@type\":\"WebPage\",\"@id\":\"https:\\\/\\\/paroquiaqueijas.net\\\/portal\\\/actividades-do-centro-de-dia-e-lar-de-idosos\\\/\",\"url\":\"https:\\\/\\\/paroquiaqueijas.net\\\/portal\\\/actividades-do-centro-de-dia-e-lar-de-idosos\\\/\",\"name\":\"Actividades do Centro de Dia e Lar de Idosos - Paroquia de Queijas\",\"isPartOf\":{\"@id\":\"https:\\\/\\\/paroquiaqueijas.net\\\/portal\\\/#website\"},\"primaryImageOfPage\":{\"@id\":\"https:\\\/\\\/paroquiaqueijas.net\\\/portal\\\/actividades-do-centro-de-dia-e-lar-de-idosos\\\/#primaryimage\"},\"image\":{\"@id\":\"https:\\\/\\\/paroquiaqueijas.net\\\/portal\\\/actividades-do-centro-de-dia-e-lar-de-idosos\\\/#primaryimage\"},\"thumbnailUrl\":\"https:\\\/\\\/paroquiaqueijas.net\\\/portal\\\/wp-content\\\/uploads\\\/2017\\\/07\\\/cspq_Activid.jpg\",\"datePublished\":\"2017-07-01T14:59:29+00:00\",\"dateModified\":\"2026-04-16T15:18:15+00:00\",\"breadcrumb\":{\"@id\":\"https:\\\/\\\/paroquiaqueijas.net\\\/portal\\\/actividades-do-centro-de-dia-e-lar-de-idosos\\\/#breadcrumb\"},\"inLanguage\":\"pt-PT\",\"potentialAction\":[{\"@type\":\"ReadAction\",\"target\":[\"https:\\\/\\\/paroquiaqueijas.net\\\/portal\\\/actividades-do-centro-de-dia-e-lar-de-idosos\\\/\"]}]},{\"@type\":\"ImageObject\",\"inLanguage\":\"pt-PT\",\"@id\":\"https:\\\/\\\/paroquiaqueijas.net\\\/portal\\\/actividades-do-centro-de-dia-e-lar-de-idosos\\\/#primaryimage\",\"url\":\"https:\\\/\\\/paroquiaqueijas.net\\\/portal\\\/wp-content\\\/uploads\\\/2017\\\/07\\\/cspq_Activid.jpg\",\"contentUrl\":\"https:\\\/\\\/paroquiaqueijas.net\\\/portal\\\/wp-content\\\/uploads\\\/2017\\\/07\\\/cspq_Activid.jpg\",\"width\":856,\"height\":629,\"caption\":\"cspq Activid\"},{\"@type\":\"BreadcrumbList\",\"@id\":\"https:\\\/\\\/paroquiaqueijas.net\\\/portal\\\/actividades-do-centro-de-dia-e-lar-de-idosos\\\/#breadcrumb\",\"itemListElement\":[{\"@type\":\"ListItem\",\"position\":1,\"name\":\"In\u00edcio\",\"item\":\"https:\\\/\\\/paroquiaqueijas.net\\\/portal\\\/\"},{\"@type\":\"ListItem\",\"position\":2,\"name\":\"Actividades do Centro de Dia e Lar de Idosos\"}]},{\"@type\":\"WebSite\",\"@id\":\"https:\\\/\\\/paroquiaqueijas.net\\\/portal\\\/#website\",\"url\":\"https:\\\/\\\/paroquiaqueijas.net\\\/portal\\\/\",\"name\":\"Paroquia de Queijas\",\"description\":\"\",\"publisher\":{\"@id\":\"https:\\\/\\\/paroquiaqueijas.net\\\/portal\\\/#organization\"},\"potentialAction\":[{\"@type\":\"SearchAction\",\"target\":{\"@type\":\"EntryPoint\",\"urlTemplate\":\"https:\\\/\\\/paroquiaqueijas.net\\\/portal\\\/?s={search_term_string}\"},\"query-input\":{\"@type\":\"PropertyValueSpecification\",\"valueRequired\":true,\"valueName\":\"search_term_string\"}}],\"inLanguage\":\"pt-PT\"},{\"@type\":\"Organization\",\"@id\":\"https:\\\/\\\/paroquiaqueijas.net\\\/portal\\\/#organization\",\"name\":\"Paroquia de Queijas\",\"url\":\"https:\\\/\\\/paroquiaqueijas.net\\\/portal\\\/\",\"logo\":{\"@type\":\"ImageObject\",\"inLanguage\":\"pt-PT\",\"@id\":\"https:\\\/\\\/paroquiaqueijas.net\\\/portal\\\/#\\\/schema\\\/logo\\\/image\\\/\",\"url\":\"https:\\\/\\\/paroquiaqueijas.net\\\/portal\\\/wp-content\\\/uploads\\\/2026\\\/03\\\/LogoQueijas_novo.png\",\"contentUrl\":\"https:\\\/\\\/paroquiaqueijas.net\\\/portal\\\/wp-content\\\/uploads\\\/2026\\\/03\\\/LogoQueijas_novo.png\",\"width\":520,\"height\":519,\"caption\":\"Paroquia de Queijas\"},\"image\":{\"@id\":\"https:\\\/\\\/paroquiaqueijas.net\\\/portal\\\/#\\\/schema\\\/logo\\\/image\\\/\"},\"sameAs\":[\"https:\\\/\\\/www.facebook.com\\\/paroquiaqueijas\\\/\"]},{\"@type\":\"Person\",\"@id\":\"https:\\\/\\\/paroquiaqueijas.net\\\/portal\\\/#\\\/schema\\\/person\\\/07bb4cce216326e06b6f742b719ebec7\",\"name\":\"Paroquia de Queijas\",\"image\":{\"@type\":\"ImageObject\",\"inLanguage\":\"pt-PT\",\"@id\":\"https:\\\/\\\/secure.gravatar.com\\\/avatar\\\/5054571ff5d2454cd50657fc4e61d0c32d7a5d0d3b36ef6c0f6e269276d13618?s=96&d=mm&r=g\",\"url\":\"https:\\\/\\\/secure.gravatar.com\\\/avatar\\\/5054571ff5d2454cd50657fc4e61d0c32d7a5d0d3b36ef6c0f6e269276d13618?s=96&d=mm&r=g\",\"contentUrl\":\"https:\\\/\\\/secure.gravatar.com\\\/avatar\\\/5054571ff5d2454cd50657fc4e61d0c32d7a5d0d3b36ef6c0f6e269276d13618?s=96&d=mm&r=g\",\"caption\":\"Paroquia de Queijas\"},\"sameAs\":[\"https:\\\/\\\/paroquiaqueijas.net\\\/site\"],\"url\":\"https:\\\/\\\/paroquiaqueijas.net\\\/portal\\\/author\\\/admin1\\\/\"}]}<\/script>\n<!-- \/ Yoast SEO plugin. -->","yoast_head_json":{"title":"Actividades do Centro de Dia e Lar de Idosos - Paroquia de Queijas","robots":{"index":"index","follow":"follow","max-snippet":"max-snippet:-1","max-image-preview":"max-image-preview:large","max-video-preview":"max-video-preview:-1"},"canonical":"https:\/\/paroquiaqueijas.net\/portal\/actividades-do-centro-de-dia-e-lar-de-idosos\/","og_locale":"pt_PT","og_type":"article","og_title":"Actividades do Centro de Dia e Lar de Idosos - Paroquia de Queijas","og_description":"1. Atelier de Pintura Os nossos utentes todas as tardes de ter\u00e7a-feira t\u00eam Atelier de Pintura, onde aprendem as v\u00e1rias [&hellip;]","og_url":"https:\/\/paroquiaqueijas.net\/portal\/actividades-do-centro-de-dia-e-lar-de-idosos\/","og_site_name":"Paroquia de Queijas","article_publisher":"https:\/\/www.facebook.com\/paroquiaqueijas\/","article_published_time":"2017-07-01T14:59:29+00:00","article_modified_time":"2026-04-16T15:18:15+00:00","og_image":[{"width":856,"height":629,"url":"https:\/\/paroquiaqueijas.net\/portal\/wp-content\/uploads\/2017\/07\/cspq_Activid.jpg","type":"image\/jpeg"}],"author":"Paroquia de Queijas","twitter_card":"summary_large_image","twitter_misc":{"Escrito por":"Paroquia de Queijas","Tempo estimado de leitura":"5 minutos"},"schema":{"@context":"https:\/\/schema.org","@graph":[{"@type":"Article","@id":"https:\/\/paroquiaqueijas.net\/portal\/actividades-do-centro-de-dia-e-lar-de-idosos\/#article","isPartOf":{"@id":"https:\/\/paroquiaqueijas.net\/portal\/actividades-do-centro-de-dia-e-lar-de-idosos\/"},"author":{"name":"Paroquia de Queijas","@id":"https:\/\/paroquiaqueijas.net\/portal\/#\/schema\/person\/07bb4cce216326e06b6f742b719ebec7"},"headline":"Actividades do Centro de Dia e Lar de Idosos","datePublished":"2017-07-01T14:59:29+00:00","dateModified":"2026-04-16T15:18:15+00:00","mainEntityOfPage":{"@id":"https:\/\/paroquiaqueijas.net\/portal\/actividades-do-centro-de-dia-e-lar-de-idosos\/"},"wordCount":731,"commentCount":0,"publisher":{"@id":"https:\/\/paroquiaqueijas.net\/portal\/#organization"},"image":{"@id":"https:\/\/paroquiaqueijas.net\/portal\/actividades-do-centro-de-dia-e-lar-de-idosos\/#primaryimage"},"thumbnailUrl":"https:\/\/paroquiaqueijas.net\/portal\/wp-content\/uploads\/2017\/07\/cspq_Activid.jpg","articleSection":["Val\u00eancias"],"inLanguage":"pt-PT","potentialAction":[{"@type":"CommentAction","name":"Comment","target":["https:\/\/paroquiaqueijas.net\/portal\/actividades-do-centro-de-dia-e-lar-de-idosos\/#respond"]}]},{"@type":"WebPage","@id":"https:\/\/paroquiaqueijas.net\/portal\/actividades-do-centro-de-dia-e-lar-de-idosos\/","url":"https:\/\/paroquiaqueijas.net\/portal\/actividades-do-centro-de-dia-e-lar-de-idosos\/","name":"Actividades do Centro de Dia e Lar de Idosos - Paroquia de Queijas","isPartOf":{"@id":"https:\/\/paroquiaqueijas.net\/portal\/#website"},"primaryImageOfPage":{"@id":"https:\/\/paroquiaqueijas.net\/portal\/actividades-do-centro-de-dia-e-lar-de-idosos\/#primaryimage"},"image":{"@id":"https:\/\/paroquiaqueijas.net\/portal\/actividades-do-centro-de-dia-e-lar-de-idosos\/#primaryimage"},"thumbnailUrl":"https:\/\/paroquiaqueijas.net\/portal\/wp-content\/uploads\/2017\/07\/cspq_Activid.jpg","datePublished":"2017-07-01T14:59:29+00:00","dateModified":"2026-04-16T15:18:15+00:00","breadcrumb":{"@id":"https:\/\/paroquiaqueijas.net\/portal\/actividades-do-centro-de-dia-e-lar-de-idosos\/#breadcrumb"},"inLanguage":"pt-PT","potentialAction":[{"@type":"ReadAction","target":["https:\/\/paroquiaqueijas.net\/portal\/actividades-do-centro-de-dia-e-lar-de-idosos\/"]}]},{"@type":"ImageObject","inLanguage":"pt-PT","@id":"https:\/\/paroquiaqueijas.net\/portal\/actividades-do-centro-de-dia-e-lar-de-idosos\/#primaryimage","url":"https:\/\/paroquiaqueijas.net\/portal\/wp-content\/uploads\/2017\/07\/cspq_Activid.jpg","contentUrl":"https:\/\/paroquiaqueijas.net\/portal\/wp-content\/uploads\/2017\/07\/cspq_Activid.jpg","width":856,"height":629,"caption":"cspq Activid"},{"@type":"BreadcrumbList","@id":"https:\/\/paroquiaqueijas.net\/portal\/actividades-do-centro-de-dia-e-lar-de-idosos\/#breadcrumb","itemListElement":[{"@type":"ListItem","position":1,"name":"In\u00edcio","item":"https:\/\/paroquiaqueijas.net\/portal\/"},{"@type":"ListItem","position":2,"name":"Actividades do Centro de Dia e Lar de Idosos"}]},{"@type":"WebSite","@id":"https:\/\/paroquiaqueijas.net\/portal\/#website","url":"https:\/\/paroquiaqueijas.net\/portal\/","name":"Paroquia de Queijas","description":"","publisher":{"@id":"https:\/\/paroquiaqueijas.net\/portal\/#organization"},"potentialAction":[{"@type":"SearchAction","target":{"@type":"EntryPoint","urlTemplate":"https:\/\/paroquiaqueijas.net\/portal\/?s={search_term_string}"},"query-input":{"@type":"PropertyValueSpecification","valueRequired":true,"valueName":"search_term_string"}}],"inLanguage":"pt-PT"},{"@type":"Organization","@id":"https:\/\/paroquiaqueijas.net\/portal\/#organization","name":"Paroquia de Queijas","url":"https:\/\/paroquiaqueijas.net\/portal\/","logo":{"@type":"ImageObject","inLanguage":"pt-PT","@id":"https:\/\/paroquiaqueijas.net\/portal\/#\/schema\/logo\/image\/","url":"https:\/\/paroquiaqueijas.net\/portal\/wp-content\/uploads\/2026\/03\/LogoQueijas_novo.png","contentUrl":"https:\/\/paroquiaqueijas.net\/portal\/wp-content\/uploads\/2026\/03\/LogoQueijas_novo.png","width":520,"height":519,"caption":"Paroquia de Queijas"},"image":{"@id":"https:\/\/paroquiaqueijas.net\/portal\/#\/schema\/logo\/image\/"},"sameAs":["https:\/\/www.facebook.com\/paroquiaqueijas\/"]},{"@type":"Person","@id":"https:\/\/paroquiaqueijas.net\/portal\/#\/schema\/person\/07bb4cce216326e06b6f742b719ebec7","name":"Paroquia de Queijas","image":{"@type":"ImageObject","inLanguage":"pt-PT","@id":"https:\/\/secure.gravatar.com\/avatar\/5054571ff5d2454cd50657fc4e61d0c32d7a5d0d3b36ef6c0f6e269276d13618?s=96&d=mm&r=g","url":"https:\/\/secure.gravatar.com\/avatar\/5054571ff5d2454cd50657fc4e61d0c32d7a5d0d3b36ef6c0f6e269276d13618?s=96&d=mm&r=g","contentUrl":"https:\/\/secure.gravatar.com\/avatar\/5054571ff5d2454cd50657fc4e61d0c32d7a5d0d3b36ef6c0f6e269276d13618?s=96&d=mm&r=g","caption":"Paroquia de Queijas"},"sameAs":["https:\/\/paroquiaqueijas.net\/site"],"url":"https:\/\/paroquiaqueijas.net\/portal\/author\/admin1\/"}]}},"_links":{"self":[{"href":"https:\/\/paroquiaqueijas.net\/portal\/wp-json\/wp\/v2\/posts\/1648","targetHints":{"allow":["GET"]}}],"collection":[{"href":"https:\/\/paroquiaqueijas.net\/portal\/wp-json\/wp\/v2\/posts"}],"about":[{"href":"https:\/\/paroquiaqueijas.net\/portal\/wp-json\/wp\/v2\/types\/post"}],"author":[{"embeddable":true,"href":"https:\/\/paroquiaqueijas.net\/portal\/wp-json\/wp\/v2\/users\/1"}],"replies":[{"embeddable":true,"href":"https:\/\/paroquiaqueijas.net\/portal\/wp-json\/wp\/v2\/comments?post=1648"}],"version-history":[{"count":2,"href":"https:\/\/paroquiaqueijas.net\/portal\/wp-json\/wp\/v2\/posts\/1648\/revisions"}],"predecessor-version":[{"id":3846,"href":"https:\/\/paroquiaqueijas.net\/portal\/wp-json\/wp\/v2\/posts\/1648\/revisions\/3846"}],"wp:featuredmedia":[{"embeddable":true,"href":"https:\/\/paroquiaqueijas.net\/portal\/wp-json\/wp\/v2\/media\/1647"}],"wp:attachment":[{"href":"https:\/\/paroquiaqueijas.net\/portal\/wp-json\/wp\/v2\/media?parent=1648"}],"wp:term":[{"taxonomy":"category","embeddable":true,"href":"https:\/\/paroquiaqueijas.net\/portal\/wp-json\/wp\/v2\/categories?post=1648"},{"taxonomy":"post_tag","embeddable":true,"href":"https:\/\/paroquiaqueijas.net\/portal\/wp-json\/wp\/v2\/tags?post=1648"}],"curies":[{"name":"wp","href":"https:\/\/api.w.org\/{rel}","templated":true}]}}