{"id":1650,"date":"2016-10-13T11:02:22","date_gmt":"2016-10-13T11:02:22","guid":{"rendered":"https:\/\/paroquiaqueijas.net\/site\/?p=1650"},"modified":"2026-04-16T15:14:19","modified_gmt":"2026-04-16T15:14:19","slug":"servico-de-fisioterapia-e-reabilitacao","status":"publish","type":"post","link":"https:\/\/paroquiaqueijas.net\/portal\/servico-de-fisioterapia-e-reabilitacao\/","title":{"rendered":"Servi\u00e7o de Fisioterapia e Reabilita\u00e7\u00e3o"},"content":{"rendered":"<p><img fetchpriority=\"high\" decoding=\"async\" class=\"alignright wp-image-1649\" style=\"margin: 0px 6px 0px 0px; border: 1px solid #000000; float: left;\" src=\"https:\/\/paroquiaqueijas.net\/portal\/wp-content\/uploads\/2016\/10\/cspq_Fisio.jpg\" alt=\"cspq Fisio\" width=\"500\" height=\"367\" srcset=\"https:\/\/paroquiaqueijas.net\/portal\/wp-content\/uploads\/2016\/10\/cspq_Fisio.jpg 856w, https:\/\/paroquiaqueijas.net\/portal\/wp-content\/uploads\/2016\/10\/cspq_Fisio-300x220.jpg 300w, https:\/\/paroquiaqueijas.net\/portal\/wp-content\/uploads\/2016\/10\/cspq_Fisio-768x564.jpg 768w\" sizes=\"(max-width: 500px) 100vw, 500px\" \/>Este servi\u00e7o \u00e9 prestado aos utentes da Institui\u00e7\u00e3o, por fisioterapeutas, de forma a desenvolver, manter e restaurar o m\u00e1ximo movimento e capacidade funcional amea\u00e7ados pelo envelhecimento, les\u00f5es, dor, doen\u00e7as, dist\u00farbios, condi\u00e7\u00f5es ou factores ambientais e com a compreens\u00e3o de que o movimento funcional \u00e9 central para o que significa ser saud\u00e1vel.<\/p>\n<p>O Servi\u00e7o de Fisioterapia e Reabilita\u00e7\u00e3o procura envolver, numa din\u00e2mica multidisciplinar, a interac\u00e7\u00e3o entre fisioterapeutas, utentes, enfermeiros, m\u00e9dicos e fam\u00edlias, num processo onde o potencial de movimento \u00e9 examinado\/avaliado e as metas s\u00e3o acordadas, utilizando conhecimentos e t\u00e9cnicas espec\u00edficas.<\/p>\n<p>Os fisioterapeutas focam-se na an\u00e1lise global de cada utente, intervindo com o intuito de promo\u00e7\u00e3o, preven\u00e7\u00e3o, tratamento \/ interven\u00e7\u00e3o, habilita\u00e7\u00e3o e reabilita\u00e7\u00e3o, proporcionando assim uma melhor qualidade de vida. Estas \u00e1reas abrangem o bem-estar f\u00edsico, psicol\u00f3gico, emocional e social.<\/p>\n<p>A interven\u00e7\u00e3o terap\u00eautica deste servi\u00e7o desenvolve-se nas seguintes \u00e1reas:<br \/>\n\u2022 Gerontologia (artrose, osteoporose, s\u00edndrome de imobilidade, &#8230;);<br \/>\n\u2022 Ortopedia (pr\u00e9 e p\u00f3s-operat\u00f3rio, fractura do colo do f\u00e9mur, tendinite, contraturas, les\u00f5es musculares, \u2026);<br \/>\n\u2022 Neurol\u00f3gica (acidente vascular cerebral, parkinson, alzheimer, &#8230;);<br \/>\n\u2022 Respirat\u00f3ria (Infec\u00e7\u00f5es respirat\u00f3rias, acumula\u00e7\u00e3o de secre\u00e7\u00f5es resultante de afec\u00e7\u00f5es respirat\u00f3rias, pneumonia, doen\u00e7a pulmonar obstrutiva cr\u00f3nica (DPOC), asma, &#8230;).<\/p>\n<p>Este servi\u00e7o localiza-se nas instala\u00e7\u00f5es da Institui\u00e7\u00e3o e est\u00e1 em funcionamento todos os dias \u00fateis para os idosos da ERPI \/ Lar de Idosos, Centro de Dia e Apoio Domicili\u00e1rio. Os utentes de Apoio Domicili\u00e1rio podem solicitar este servi\u00e7o na sua resid\u00eancia.<\/p>\n","protected":false},"excerpt":{"rendered":"<p>Este servi\u00e7o \u00e9 prestado aos utentes da Institui\u00e7\u00e3o, por fisioterapeutas, de forma a desenvolver, manter e restaurar o m\u00e1ximo movimento [&hellip;]<\/p>\n","protected":false},"author":1,"featured_media":1649,"comment_status":"open","ping_status":"open","sticky":false,"template":"","format":"standard","meta":{"site-sidebar-layout":"default","site-content-layout":"","ast-site-content-layout":"default","site-content-style":"default","site-sidebar-style":"default","ast-global-header-display":"","ast-banner-title-visibility":"","ast-main-header-display":"","ast-hfb-above-header-display":"","ast-hfb-below-header-display":"","ast-hfb-mobile-header-display":"","site-post-title":"","ast-breadcrumbs-content":"","ast-featured-img":"","footer-sml-layout":"","ast-disable-related-posts":"","theme-transparent-header-meta":"default","adv-header-id-meta":"","stick-header-meta":"default","header-above-stick-meta":"","header-main-stick-meta":"","header-below-stick-meta":"","astra-migrate-meta-layouts":"set","ast-page-background-enabled":"default","ast-page-background-meta":{"desktop":{"background-color":"var(--ast-global-color-5)","background-image":"","background-repeat":"repeat","background-position":"center center","background-size":"auto","background-attachment":"scroll","background-type":"","background-media":"","overlay-type":"","overlay-color":"","overlay-opacity":"","overlay-gradient":""},"tablet":{"background-color":"","background-image":"","background-repeat":"repeat","background-position":"center center","background-size":"auto","background-attachment":"scroll","background-type":"","background-media":"","overlay-type":"","overlay-color":"","overlay-opacity":"","overlay-gradient":""},"mobile":{"background-color":"","background-image":"","background-repeat":"repeat","background-position":"center center","background-size":"auto","background-attachment":"scroll","background-type":"","background-media":"","overlay-type":"","overlay-color":"","overlay-opacity":"","overlay-gradient":""}},"ast-content-background-meta":{"desktop":{"background-color":"var(--ast-global-color-4)","background-image":"","background-repeat":"repeat","background-position":"center center","background-size":"auto","background-attachment":"scroll","background-type":"","background-media":"","overlay-type":"","overlay-color":"","overlay-opacity":"","overlay-gradient":""},"tablet":{"background-color":"var(--ast-global-color-4)","background-image":"","background-repeat":"repeat","background-position":"center center","background-size":"auto","background-attachment":"scroll","background-type":"","background-media":"","overlay-type":"","overlay-color":"","overlay-opacity":"","overlay-gradient":""},"mobile":{"background-color":"var(--ast-global-color-4)","background-image":"","background-repeat":"repeat","background-position":"center center","background-size":"auto","background-attachment":"scroll","background-type":"","background-media":"","overlay-type":"","overlay-color":"","overlay-opacity":"","overlay-gradient":""}},"footnotes":""},"categories":[19],"tags":[],"class_list":["post-1650","post","type-post","status-publish","format-standard","has-post-thumbnail","hentry","category-valencias"],"yoast_head":"<!-- This site is optimized with the Yoast SEO plugin v27.4 - https:\/\/yoast.com\/product\/yoast-seo-wordpress\/ -->\n<title>Servi\u00e7o de Fisioterapia e Reabilita\u00e7\u00e3o - Paroquia de Queijas<\/title>\n<meta name=\"robots\" content=\"index, follow, max-snippet:-1, max-image-preview:large, max-video-preview:-1\" \/>\n<link rel=\"canonical\" href=\"https:\/\/paroquiaqueijas.net\/portal\/servico-de-fisioterapia-e-reabilitacao\/\" \/>\n<meta property=\"og:locale\" content=\"pt_PT\" \/>\n<meta property=\"og:type\" content=\"article\" \/>\n<meta property=\"og:title\" content=\"Servi\u00e7o de Fisioterapia e Reabilita\u00e7\u00e3o - Paroquia de Queijas\" \/>\n<meta property=\"og:description\" content=\"Este servi\u00e7o \u00e9 prestado aos utentes da Institui\u00e7\u00e3o, por fisioterapeutas, de forma a desenvolver, manter e restaurar o m\u00e1ximo movimento [&hellip;]\" \/>\n<meta property=\"og:url\" content=\"https:\/\/paroquiaqueijas.net\/portal\/servico-de-fisioterapia-e-reabilitacao\/\" \/>\n<meta property=\"og:site_name\" content=\"Paroquia de Queijas\" \/>\n<meta property=\"article:publisher\" content=\"https:\/\/www.facebook.com\/paroquiaqueijas\/\" \/>\n<meta property=\"article:published_time\" content=\"2016-10-13T11:02:22+00:00\" \/>\n<meta property=\"article:modified_time\" content=\"2026-04-16T15:14:19+00:00\" \/>\n<meta property=\"og:image\" content=\"https:\/\/paroquiaqueijas.net\/portal\/wp-content\/uploads\/2016\/10\/cspq_Fisio.jpg\" \/>\n\t<meta property=\"og:image:width\" content=\"856\" \/>\n\t<meta property=\"og:image:height\" content=\"629\" \/>\n\t<meta property=\"og:image:type\" content=\"image\/jpeg\" \/>\n<meta name=\"author\" content=\"Paroquia de Queijas\" \/>\n<meta name=\"twitter:card\" content=\"summary_large_image\" \/>\n<meta name=\"twitter:label1\" content=\"Escrito por\" \/>\n\t<meta name=\"twitter:data1\" content=\"Paroquia de Queijas\" \/>\n\t<meta name=\"twitter:label2\" content=\"Tempo estimado de leitura\" \/>\n\t<meta name=\"twitter:data2\" content=\"2 minutos\" \/>\n<script type=\"application\/ld+json\" class=\"yoast-schema-graph\">{\"@context\":\"https:\\\/\\\/schema.org\",\"@graph\":[{\"@type\":\"Article\",\"@id\":\"https:\\\/\\\/paroquiaqueijas.net\\\/portal\\\/servico-de-fisioterapia-e-reabilitacao\\\/#article\",\"isPartOf\":{\"@id\":\"https:\\\/\\\/paroquiaqueijas.net\\\/portal\\\/servico-de-fisioterapia-e-reabilitacao\\\/\"},\"author\":{\"name\":\"Paroquia de Queijas\",\"@id\":\"https:\\\/\\\/paroquiaqueijas.net\\\/portal\\\/#\\\/schema\\\/person\\\/07bb4cce216326e06b6f742b719ebec7\"},\"headline\":\"Servi\u00e7o de Fisioterapia e Reabilita\u00e7\u00e3o\",\"datePublished\":\"2016-10-13T11:02:22+00:00\",\"dateModified\":\"2026-04-16T15:14:19+00:00\",\"mainEntityOfPage\":{\"@id\":\"https:\\\/\\\/paroquiaqueijas.net\\\/portal\\\/servico-de-fisioterapia-e-reabilitacao\\\/\"},\"wordCount\":277,\"commentCount\":0,\"publisher\":{\"@id\":\"https:\\\/\\\/paroquiaqueijas.net\\\/portal\\\/#organization\"},\"image\":{\"@id\":\"https:\\\/\\\/paroquiaqueijas.net\\\/portal\\\/servico-de-fisioterapia-e-reabilitacao\\\/#primaryimage\"},\"thumbnailUrl\":\"https:\\\/\\\/paroquiaqueijas.net\\\/portal\\\/wp-content\\\/uploads\\\/2016\\\/10\\\/cspq_Fisio.jpg\",\"articleSection\":[\"Val\u00eancias\"],\"inLanguage\":\"pt-PT\",\"potentialAction\":[{\"@type\":\"CommentAction\",\"name\":\"Comment\",\"target\":[\"https:\\\/\\\/paroquiaqueijas.net\\\/portal\\\/servico-de-fisioterapia-e-reabilitacao\\\/#respond\"]}]},{\"@type\":\"WebPage\",\"@id\":\"https:\\\/\\\/paroquiaqueijas.net\\\/portal\\\/servico-de-fisioterapia-e-reabilitacao\\\/\",\"url\":\"https:\\\/\\\/paroquiaqueijas.net\\\/portal\\\/servico-de-fisioterapia-e-reabilitacao\\\/\",\"name\":\"Servi\u00e7o de Fisioterapia e Reabilita\u00e7\u00e3o - Paroquia de Queijas\",\"isPartOf\":{\"@id\":\"https:\\\/\\\/paroquiaqueijas.net\\\/portal\\\/#website\"},\"primaryImageOfPage\":{\"@id\":\"https:\\\/\\\/paroquiaqueijas.net\\\/portal\\\/servico-de-fisioterapia-e-reabilitacao\\\/#primaryimage\"},\"image\":{\"@id\":\"https:\\\/\\\/paroquiaqueijas.net\\\/portal\\\/servico-de-fisioterapia-e-reabilitacao\\\/#primaryimage\"},\"thumbnailUrl\":\"https:\\\/\\\/paroquiaqueijas.net\\\/portal\\\/wp-content\\\/uploads\\\/2016\\\/10\\\/cspq_Fisio.jpg\",\"datePublished\":\"2016-10-13T11:02:22+00:00\",\"dateModified\":\"2026-04-16T15:14:19+00:00\",\"breadcrumb\":{\"@id\":\"https:\\\/\\\/paroquiaqueijas.net\\\/portal\\\/servico-de-fisioterapia-e-reabilitacao\\\/#breadcrumb\"},\"inLanguage\":\"pt-PT\",\"potentialAction\":[{\"@type\":\"ReadAction\",\"target\":[\"https:\\\/\\\/paroquiaqueijas.net\\\/portal\\\/servico-de-fisioterapia-e-reabilitacao\\\/\"]}]},{\"@type\":\"ImageObject\",\"inLanguage\":\"pt-PT\",\"@id\":\"https:\\\/\\\/paroquiaqueijas.net\\\/portal\\\/servico-de-fisioterapia-e-reabilitacao\\\/#primaryimage\",\"url\":\"https:\\\/\\\/paroquiaqueijas.net\\\/portal\\\/wp-content\\\/uploads\\\/2016\\\/10\\\/cspq_Fisio.jpg\",\"contentUrl\":\"https:\\\/\\\/paroquiaqueijas.net\\\/portal\\\/wp-content\\\/uploads\\\/2016\\\/10\\\/cspq_Fisio.jpg\",\"width\":856,\"height\":629,\"caption\":\"cspq Fisio\"},{\"@type\":\"BreadcrumbList\",\"@id\":\"https:\\\/\\\/paroquiaqueijas.net\\\/portal\\\/servico-de-fisioterapia-e-reabilitacao\\\/#breadcrumb\",\"itemListElement\":[{\"@type\":\"ListItem\",\"position\":1,\"name\":\"In\u00edcio\",\"item\":\"https:\\\/\\\/paroquiaqueijas.net\\\/portal\\\/\"},{\"@type\":\"ListItem\",\"position\":2,\"name\":\"Servi\u00e7o de Fisioterapia e Reabilita\u00e7\u00e3o\"}]},{\"@type\":\"WebSite\",\"@id\":\"https:\\\/\\\/paroquiaqueijas.net\\\/portal\\\/#website\",\"url\":\"https:\\\/\\\/paroquiaqueijas.net\\\/portal\\\/\",\"name\":\"Paroquia de Queijas\",\"description\":\"\",\"publisher\":{\"@id\":\"https:\\\/\\\/paroquiaqueijas.net\\\/portal\\\/#organization\"},\"potentialAction\":[{\"@type\":\"SearchAction\",\"target\":{\"@type\":\"EntryPoint\",\"urlTemplate\":\"https:\\\/\\\/paroquiaqueijas.net\\\/portal\\\/?s={search_term_string}\"},\"query-input\":{\"@type\":\"PropertyValueSpecification\",\"valueRequired\":true,\"valueName\":\"search_term_string\"}}],\"inLanguage\":\"pt-PT\"},{\"@type\":\"Organization\",\"@id\":\"https:\\\/\\\/paroquiaqueijas.net\\\/portal\\\/#organization\",\"name\":\"Paroquia de Queijas\",\"url\":\"https:\\\/\\\/paroquiaqueijas.net\\\/portal\\\/\",\"logo\":{\"@type\":\"ImageObject\",\"inLanguage\":\"pt-PT\",\"@id\":\"https:\\\/\\\/paroquiaqueijas.net\\\/portal\\\/#\\\/schema\\\/logo\\\/image\\\/\",\"url\":\"https:\\\/\\\/paroquiaqueijas.net\\\/portal\\\/wp-content\\\/uploads\\\/2026\\\/03\\\/LogoQueijas_novo.png\",\"contentUrl\":\"https:\\\/\\\/paroquiaqueijas.net\\\/portal\\\/wp-content\\\/uploads\\\/2026\\\/03\\\/LogoQueijas_novo.png\",\"width\":520,\"height\":519,\"caption\":\"Paroquia de Queijas\"},\"image\":{\"@id\":\"https:\\\/\\\/paroquiaqueijas.net\\\/portal\\\/#\\\/schema\\\/logo\\\/image\\\/\"},\"sameAs\":[\"https:\\\/\\\/www.facebook.com\\\/paroquiaqueijas\\\/\"]},{\"@type\":\"Person\",\"@id\":\"https:\\\/\\\/paroquiaqueijas.net\\\/portal\\\/#\\\/schema\\\/person\\\/07bb4cce216326e06b6f742b719ebec7\",\"name\":\"Paroquia de Queijas\",\"image\":{\"@type\":\"ImageObject\",\"inLanguage\":\"pt-PT\",\"@id\":\"https:\\\/\\\/secure.gravatar.com\\\/avatar\\\/5054571ff5d2454cd50657fc4e61d0c32d7a5d0d3b36ef6c0f6e269276d13618?s=96&d=mm&r=g\",\"url\":\"https:\\\/\\\/secure.gravatar.com\\\/avatar\\\/5054571ff5d2454cd50657fc4e61d0c32d7a5d0d3b36ef6c0f6e269276d13618?s=96&d=mm&r=g\",\"contentUrl\":\"https:\\\/\\\/secure.gravatar.com\\\/avatar\\\/5054571ff5d2454cd50657fc4e61d0c32d7a5d0d3b36ef6c0f6e269276d13618?s=96&d=mm&r=g\",\"caption\":\"Paroquia de Queijas\"},\"sameAs\":[\"https:\\\/\\\/paroquiaqueijas.net\\\/site\"],\"url\":\"https:\\\/\\\/paroquiaqueijas.net\\\/portal\\\/author\\\/admin1\\\/\"}]}<\/script>\n<!-- \/ Yoast SEO plugin. -->","yoast_head_json":{"title":"Servi\u00e7o de Fisioterapia e Reabilita\u00e7\u00e3o - Paroquia de Queijas","robots":{"index":"index","follow":"follow","max-snippet":"max-snippet:-1","max-image-preview":"max-image-preview:large","max-video-preview":"max-video-preview:-1"},"canonical":"https:\/\/paroquiaqueijas.net\/portal\/servico-de-fisioterapia-e-reabilitacao\/","og_locale":"pt_PT","og_type":"article","og_title":"Servi\u00e7o de Fisioterapia e Reabilita\u00e7\u00e3o - Paroquia de Queijas","og_description":"Este servi\u00e7o \u00e9 prestado aos utentes da Institui\u00e7\u00e3o, por fisioterapeutas, de forma a desenvolver, manter e restaurar o m\u00e1ximo movimento [&hellip;]","og_url":"https:\/\/paroquiaqueijas.net\/portal\/servico-de-fisioterapia-e-reabilitacao\/","og_site_name":"Paroquia de Queijas","article_publisher":"https:\/\/www.facebook.com\/paroquiaqueijas\/","article_published_time":"2016-10-13T11:02:22+00:00","article_modified_time":"2026-04-16T15:14:19+00:00","og_image":[{"width":856,"height":629,"url":"https:\/\/paroquiaqueijas.net\/portal\/wp-content\/uploads\/2016\/10\/cspq_Fisio.jpg","type":"image\/jpeg"}],"author":"Paroquia de Queijas","twitter_card":"summary_large_image","twitter_misc":{"Escrito por":"Paroquia de Queijas","Tempo estimado de leitura":"2 minutos"},"schema":{"@context":"https:\/\/schema.org","@graph":[{"@type":"Article","@id":"https:\/\/paroquiaqueijas.net\/portal\/servico-de-fisioterapia-e-reabilitacao\/#article","isPartOf":{"@id":"https:\/\/paroquiaqueijas.net\/portal\/servico-de-fisioterapia-e-reabilitacao\/"},"author":{"name":"Paroquia de Queijas","@id":"https:\/\/paroquiaqueijas.net\/portal\/#\/schema\/person\/07bb4cce216326e06b6f742b719ebec7"},"headline":"Servi\u00e7o de Fisioterapia e Reabilita\u00e7\u00e3o","datePublished":"2016-10-13T11:02:22+00:00","dateModified":"2026-04-16T15:14:19+00:00","mainEntityOfPage":{"@id":"https:\/\/paroquiaqueijas.net\/portal\/servico-de-fisioterapia-e-reabilitacao\/"},"wordCount":277,"commentCount":0,"publisher":{"@id":"https:\/\/paroquiaqueijas.net\/portal\/#organization"},"image":{"@id":"https:\/\/paroquiaqueijas.net\/portal\/servico-de-fisioterapia-e-reabilitacao\/#primaryimage"},"thumbnailUrl":"https:\/\/paroquiaqueijas.net\/portal\/wp-content\/uploads\/2016\/10\/cspq_Fisio.jpg","articleSection":["Val\u00eancias"],"inLanguage":"pt-PT","potentialAction":[{"@type":"CommentAction","name":"Comment","target":["https:\/\/paroquiaqueijas.net\/portal\/servico-de-fisioterapia-e-reabilitacao\/#respond"]}]},{"@type":"WebPage","@id":"https:\/\/paroquiaqueijas.net\/portal\/servico-de-fisioterapia-e-reabilitacao\/","url":"https:\/\/paroquiaqueijas.net\/portal\/servico-de-fisioterapia-e-reabilitacao\/","name":"Servi\u00e7o de Fisioterapia e Reabilita\u00e7\u00e3o - Paroquia de Queijas","isPartOf":{"@id":"https:\/\/paroquiaqueijas.net\/portal\/#website"},"primaryImageOfPage":{"@id":"https:\/\/paroquiaqueijas.net\/portal\/servico-de-fisioterapia-e-reabilitacao\/#primaryimage"},"image":{"@id":"https:\/\/paroquiaqueijas.net\/portal\/servico-de-fisioterapia-e-reabilitacao\/#primaryimage"},"thumbnailUrl":"https:\/\/paroquiaqueijas.net\/portal\/wp-content\/uploads\/2016\/10\/cspq_Fisio.jpg","datePublished":"2016-10-13T11:02:22+00:00","dateModified":"2026-04-16T15:14:19+00:00","breadcrumb":{"@id":"https:\/\/paroquiaqueijas.net\/portal\/servico-de-fisioterapia-e-reabilitacao\/#breadcrumb"},"inLanguage":"pt-PT","potentialAction":[{"@type":"ReadAction","target":["https:\/\/paroquiaqueijas.net\/portal\/servico-de-fisioterapia-e-reabilitacao\/"]}]},{"@type":"ImageObject","inLanguage":"pt-PT","@id":"https:\/\/paroquiaqueijas.net\/portal\/servico-de-fisioterapia-e-reabilitacao\/#primaryimage","url":"https:\/\/paroquiaqueijas.net\/portal\/wp-content\/uploads\/2016\/10\/cspq_Fisio.jpg","contentUrl":"https:\/\/paroquiaqueijas.net\/portal\/wp-content\/uploads\/2016\/10\/cspq_Fisio.jpg","width":856,"height":629,"caption":"cspq Fisio"},{"@type":"BreadcrumbList","@id":"https:\/\/paroquiaqueijas.net\/portal\/servico-de-fisioterapia-e-reabilitacao\/#breadcrumb","itemListElement":[{"@type":"ListItem","position":1,"name":"In\u00edcio","item":"https:\/\/paroquiaqueijas.net\/portal\/"},{"@type":"ListItem","position":2,"name":"Servi\u00e7o de Fisioterapia e Reabilita\u00e7\u00e3o"}]},{"@type":"WebSite","@id":"https:\/\/paroquiaqueijas.net\/portal\/#website","url":"https:\/\/paroquiaqueijas.net\/portal\/","name":"Paroquia de Queijas","description":"","publisher":{"@id":"https:\/\/paroquiaqueijas.net\/portal\/#organization"},"potentialAction":[{"@type":"SearchAction","target":{"@type":"EntryPoint","urlTemplate":"https:\/\/paroquiaqueijas.net\/portal\/?s={search_term_string}"},"query-input":{"@type":"PropertyValueSpecification","valueRequired":true,"valueName":"search_term_string"}}],"inLanguage":"pt-PT"},{"@type":"Organization","@id":"https:\/\/paroquiaqueijas.net\/portal\/#organization","name":"Paroquia de Queijas","url":"https:\/\/paroquiaqueijas.net\/portal\/","logo":{"@type":"ImageObject","inLanguage":"pt-PT","@id":"https:\/\/paroquiaqueijas.net\/portal\/#\/schema\/logo\/image\/","url":"https:\/\/paroquiaqueijas.net\/portal\/wp-content\/uploads\/2026\/03\/LogoQueijas_novo.png","contentUrl":"https:\/\/paroquiaqueijas.net\/portal\/wp-content\/uploads\/2026\/03\/LogoQueijas_novo.png","width":520,"height":519,"caption":"Paroquia de Queijas"},"image":{"@id":"https:\/\/paroquiaqueijas.net\/portal\/#\/schema\/logo\/image\/"},"sameAs":["https:\/\/www.facebook.com\/paroquiaqueijas\/"]},{"@type":"Person","@id":"https:\/\/paroquiaqueijas.net\/portal\/#\/schema\/person\/07bb4cce216326e06b6f742b719ebec7","name":"Paroquia de Queijas","image":{"@type":"ImageObject","inLanguage":"pt-PT","@id":"https:\/\/secure.gravatar.com\/avatar\/5054571ff5d2454cd50657fc4e61d0c32d7a5d0d3b36ef6c0f6e269276d13618?s=96&d=mm&r=g","url":"https:\/\/secure.gravatar.com\/avatar\/5054571ff5d2454cd50657fc4e61d0c32d7a5d0d3b36ef6c0f6e269276d13618?s=96&d=mm&r=g","contentUrl":"https:\/\/secure.gravatar.com\/avatar\/5054571ff5d2454cd50657fc4e61d0c32d7a5d0d3b36ef6c0f6e269276d13618?s=96&d=mm&r=g","caption":"Paroquia de Queijas"},"sameAs":["https:\/\/paroquiaqueijas.net\/site"],"url":"https:\/\/paroquiaqueijas.net\/portal\/author\/admin1\/"}]}},"_links":{"self":[{"href":"https:\/\/paroquiaqueijas.net\/portal\/wp-json\/wp\/v2\/posts\/1650","targetHints":{"allow":["GET"]}}],"collection":[{"href":"https:\/\/paroquiaqueijas.net\/portal\/wp-json\/wp\/v2\/posts"}],"about":[{"href":"https:\/\/paroquiaqueijas.net\/portal\/wp-json\/wp\/v2\/types\/post"}],"author":[{"embeddable":true,"href":"https:\/\/paroquiaqueijas.net\/portal\/wp-json\/wp\/v2\/users\/1"}],"replies":[{"embeddable":true,"href":"https:\/\/paroquiaqueijas.net\/portal\/wp-json\/wp\/v2\/comments?post=1650"}],"version-history":[{"count":2,"href":"https:\/\/paroquiaqueijas.net\/portal\/wp-json\/wp\/v2\/posts\/1650\/revisions"}],"predecessor-version":[{"id":3845,"href":"https:\/\/paroquiaqueijas.net\/portal\/wp-json\/wp\/v2\/posts\/1650\/revisions\/3845"}],"wp:featuredmedia":[{"embeddable":true,"href":"https:\/\/paroquiaqueijas.net\/portal\/wp-json\/wp\/v2\/media\/1649"}],"wp:attachment":[{"href":"https:\/\/paroquiaqueijas.net\/portal\/wp-json\/wp\/v2\/media?parent=1650"}],"wp:term":[{"taxonomy":"category","embeddable":true,"href":"https:\/\/paroquiaqueijas.net\/portal\/wp-json\/wp\/v2\/categories?post=1650"},{"taxonomy":"post_tag","embeddable":true,"href":"https:\/\/paroquiaqueijas.net\/portal\/wp-json\/wp\/v2\/tags?post=1650"}],"curies":[{"name":"wp","href":"https:\/\/api.w.org\/{rel}","templated":true}]}}