{"id":179,"date":"2011-05-01T20:56:57","date_gmt":"2011-05-01T20:56:57","guid":{"rendered":"https:\/\/paroquiaqueijas.net\/site\/?p=179"},"modified":"2026-03-21T15:41:43","modified_gmt":"2026-03-21T15:41:43","slug":"funeral-de-joao-paulo-ii","status":"publish","type":"post","link":"https:\/\/paroquiaqueijas.net\/portal\/funeral-de-joao-paulo-ii\/","title":{"rendered":"Funeral de Jo\u00e3o Paulo II"},"content":{"rendered":"<p><strong>Homilia da Missa das ex\u00e9quias de Jo\u00e3o Paulo II<img fetchpriority=\"high\" decoding=\"async\" class=\" alignright size-full wp-image-175\" style=\"margin: 0px 0px 0px 9px; float: right;\" alt=\"JPFun2\" src=\"https:\/\/paroquiaqueijas.net\/portal\/wp-content\/uploads\/2011\/05\/JPFun2.jpg\" width=\"213\" height=\"300\" \/><\/strong><\/span><\/p>\n<p>Cardeal Joseph Ratzinger<\/span><\/p>\n<p>Pra\u00e7a de S\u00e3o Pedro, 8 de Abril de 2005<\/span><\/p>\n<p>&#8220;Segue-me&#8221;, diz o Senhor ressuscitado a Pedro, como sua \u00faltima palavra a este disc\u00edpulo, escolhido para apascentar as suas ovelhas. &#8220;Segue-me&#8221; esta palavra lapid\u00e1ria de Cristo pode ser considerada a chave para compreender a mensagem que vem da vida do nosso saudoso e amado Papa Jo\u00e3o Paulo II, cujos despojos mortais hoje depomos na terra como semente de imortalidade o cora\u00e7\u00e3o cheio de tristeza, mas tamb\u00e9m de jubilosa esperan\u00e7a e profunda gratid\u00e3o.<\/span><\/p>\n<p>S\u00e3o estes os sentimentos do nosso \u00e2nimo, Irm\u00e3os e Irm\u00e3s em Cristo, presentes na Pra\u00e7a de S\u00e3o Pedro, nas estradas adjacentes e em diversos outros lugares da cidade de Roma, povoada nestes dias por uma imensa multid\u00e3o silenciosa e orante. A todos sa\u00fado cordialmente. Tamb\u00e9m em nome do Col\u00e9gio dos Cardeais, desejo dirigir a minha deferente sauda\u00e7\u00e3o aos Chefes de Estado, de Governo e \u00e0s Delega\u00e7\u00f5es dos v\u00e1rios Pa\u00edses. Sa\u00fado as Autoridades e os Representantes das Igrejas e Comunidades crist\u00e3s, assim como das diversas religi\u00f5es. Sa\u00fado depois os Arcebispos, os Bispos, os sacerdotes, os religiosos, as religiosas e todos os fi\u00e9is que vieram dos cinco Continentes; de modo especial os jovens, que Jo\u00e3o Paulo II gostava de definir futuro e esperan\u00e7a da Igreja. A minha sauda\u00e7\u00e3o alcan\u00e7a tamb\u00e9m aqueles que, em todo o mundo, est\u00e3o unidos a n\u00f3s atrav\u00e9s da r\u00e1dio e da televis\u00e3o nesta coral participa\u00e7\u00e3o no solene rito de despedida do amado Pont\u00edfice.<\/span><\/p>\n<p>&#8220;Segue-me&#8221; quando era jovem estudante Karol Wojtyla entusiasmava-se com a leitura, o teatro, a poesia. Trabalhando numa f\u00e1brica qu\u00edmica, circundado e amea\u00e7ado pelo terror nazista, ouviu a voz do Senhor: &#8220;Segue-me&#8221;! Neste contexto muito particular come\u00e7ou a ler livros de filosofia e de teologia, entrando depois no Semin\u00e1rio clandestino criado pelo Cardeal Sapieha e, depois da guerra, p\u00f4de completar os seus estudos na faculdade teol\u00f3gica da Universidade Jagel\u00f3nica de Crac\u00f3via. Muitas vezes nas suas cartas aos sacerdotes e nos seus livros autobiogr\u00e1ficos falou-nos do seu sacerd\u00f3cio, para o qual foi ordenado a 1 de Novembro de 1946. Nestes textos interpreta o seu sacerd\u00f3cio particular a partir de tr\u00eas palavras do Senhor. Em primeiro lugar, esta: &#8220;N\u00e3o fostes v\u00f3s que me escolhestes; fui eu que vos escolhi a v\u00f3s e vos destinei a ir e dar fruto, e fruto que permane\u00e7a&#8221; (Jo 15, 16). A segunda palavra \u00e9: &#8220;O bom pastor d\u00e1 a sua vida pelas ovelhas&#8221; (Jo 10, 11). E finalmente: &#8220;Assim como o Pai me tem amor, assim eu vos amo a v\u00f3s. Permanecei no amor&#8221; (Jo 15, 9). Vemos nestas tr\u00eas frases toda a alma do nosso Santo Padre. Ele foi real e incansavelmente a todas as partes para levar fruto, um fruto que permanece. &#8220;Levantai-vos, vamos!&#8221;, \u00e9 o t\u00edtulo do seu pen\u00faltimo livro. &#8220;Levantai-vos, vamos!&#8221; com estas palavras despertou-nos de uma f\u00e9 cansada, do sono dos disc\u00edpulos de ontem e de hoje. &#8220;Levantai-vos, vamos!&#8221; diz-nos tamb\u00e9m hoje a n\u00f3s. O Santo Padre depois foi sacerdote at\u00e9 ao fim, porque ofereceu a sua vida a Deus pelas suas ovelhas e por toda a fam\u00edlia humana, numa doa\u00e7\u00e3o quotidiana ao servi\u00e7o da Igreja e sobretudo nas dif\u00edceis provas dos \u00faltimos meses. Assim tornou-se uma s\u00f3 coisa com Cristo, o bom pastor que ama as suas ovelhas. E por fim, &#8220;permanecei no meu amor&#8221;: o Papa que procurou o encontro com todos, que teve uma capacidade de perd\u00e3o e de abertura do cora\u00e7\u00e3o a todos, diz-nos, tamb\u00e9m hoje, com estas palavras do Senhor: Habitando no amor de Cristo aprendemos, na escola de Cristo, a arte do verdadeiro amor.<a target=\"_blank\" title=\"Funeral de Jo\u00e3o Paulo II\" href=\"https:\/\/paroquiaqueijas.net\/portal\/wp-content\/uploads\/2011\/05\/JPFun5.jpg\"><img decoding=\"async\" style=\"margin: 12px 0px 0px 9px; float: right;\" alt=\"JPFun5\" src=\"https:\/\/paroquiaqueijas.net\/portal\/wp-content\/uploads\/2011\/05\/JPFun5.jpg\" width=\"319\" height=\"212\" \/><\/a><\/span><\/p>\n<p>&#8220;Segue-me&#8221;! Em Julho de 1958 come\u00e7a para o jovem Karol Wojtila uma nova etapa no caminho com o Senhor e no seu seguimento. Karol foi, como de costume, com um grupo de jovens apaixonados de canoa aos lagos Masuri para umas f\u00e9rias a transcorrer juntos. Mas levava consigo uma carta que o convidava a apresentar-se ao Primaz da Pol\u00f3nia, Cardeal Wyszynski e podia adivinhar a finalidade do encontro: a sua nomea\u00e7\u00e3o para Bispo Auxiliar de Crac\u00f3via. Deixar o ensino acad\u00e9mico, deixar esta estimulante comunh\u00e3o com os jovens, deixar a grande arena intelectual para conhecer e interpretar o mist\u00e9rio da criatura homem, para tornar presente no mundo de hoje a interpreta\u00e7\u00e3o crista do nosso ser tudo isto lhe devia parecer um perder-se a si mesmo, perder precisamente quanto se tinha tornado a identidade humana deste jovem sacerdote. &#8220;Segue-me&#8221; Karol Wojtyla aceitou, sentindo na chamada da Igreja a voz de Cristo. E depois deu-se conta de quanto \u00e9 verdadeira a palavra do Senhor: &#8220;Quem procurar salvar a vida h\u00e1-de perd\u00ea-la; e quem a perder, h\u00e1-de conserv\u00e1-la&#8221; (Lc 17, 33). O nosso Papa todos n\u00f3s o sabemos nunca quis salvar a pr\u00f3pria vida, t\u00ea-la para si; quis oferecer-se a si mesmo sem limites, at\u00e9 ao \u00faltimo momento, por Cristo e tamb\u00e9m por n\u00f3s. Precisamente desta forma p\u00f4de experimentar como tudo o que confiara nas m\u00e3os do Senhor voltou de novo: o amor \u00e0 palavra, \u00e0 poesia, \u00e0s letras foi uma parte essencial da sua miss\u00e3o pastoral e deu renovado vigor, renovada actualidade, renovada atrac\u00e7\u00e3o ao an\u00fancio deste sinal de contradi\u00e7\u00e3o.<\/span><\/p>\n<p>&#8220;Segue-me&#8221;! Em Outubro de 1978 o Cardeal Wojtyla ouviu de novo a voz do Senhor. Renova-se o di\u00e1logo com Pedro narrado no Evangelho desta celebra\u00e7\u00e3o: &#8220;Sim\u00e3o, Filho de Jo\u00e3o, tu amas-Me? Apascenta as minhas ovelhas!&#8221;. \u00c0 pergunta do Senhor: Karol, tu amas-Me?, o Arcebispo de Crac\u00f3via respondeu do fundo do seu cora\u00e7\u00e3o: &#8220;Senhor, tu sabes tudo, sabes que te amo&#8221;. O amor de Cristo foi a for\u00e7a dominante do nosso amado Santo Padre; quem o viu rezar, quem o ouviu pregar, bem o sabe. E assim, gra\u00e7as a este profundo enraizamento em Cristo p\u00f4de carregar um peso, que vai al\u00e9m das for\u00e7as meramente humanas: ser pastor do rebanho de Cristo, da sua Igreja universal. Este n\u00e3o \u00e9 o momento para falar de cada um dos conte\u00fados deste Pontificado t\u00e3o rico. Gostaria apenas de ler dois trechos da liturgia de hoje, nos quais se encontram elementos centrais do seu an\u00fancio. Na primeira leitura S\u00e3o Pedro e o Papa com S\u00e3o Pedro diz-nos: &#8220;Reconhe\u00e7o, na verdade, que Deus n\u00e3o faz acep\u00e7\u00e3o de pessoas, mas que, em qualquer povo, quem o teme e p\u00f5e em pr\u00e1tica a justi\u00e7a, lhe \u00e9 agrad\u00e1vel. Enviou a sua palavra aos filhos de Israel, anunciando-lhes a Boa-Nova da paz, por Jesus Cristo, Ele que \u00e9 Senhor de todos&#8221; (Act 10, 34-36). E, na segunda leitura, S\u00e3o Paulo e com S\u00e3o Paulo o nosso Papa defunto exorta-nos em voz alta: &#8220;Meus car\u00edssimos e saudosos irm\u00e3os, minha coroa e alegria, permanecei assim firmes no Senhor, car\u00edssimos&#8221; (Fl 4, 1).<\/span><\/p>\n<p><img decoding=\"async\" class=\" alignleft size-full wp-image-177\" style=\"margin: 6px 9px 0px 0px; float: left;\" alt=\"JPFun8\" src=\"https:\/\/paroquiaqueijas.net\/portal\/wp-content\/uploads\/2011\/05\/JPFun8.jpg\" width=\"215\" height=\"265\" srcset=\"https:\/\/paroquiaqueijas.net\/portal\/wp-content\/uploads\/2011\/05\/JPFun8.jpg 260w, https:\/\/paroquiaqueijas.net\/portal\/wp-content\/uploads\/2011\/05\/JPFun8-244x300.jpg 244w\" sizes=\"(max-width: 215px) 100vw, 215px\" \/>&#8220;Segue-me&#8221;! Juntamente com o mandato de apascentar o seu rebanho, Cristo anunciou a Pedro o seu mart\u00edrio. Com esta palavra conclusiva e recapitulativa do di\u00e1logo sobre o amor e sobre o mandato de pastor universal, o Senhor recorda outro di\u00e1logo, tido no contexto da \u00faltima ceia. Nele, Jesus dissera: &#8220;Para onde Eu vou, v\u00f3s n\u00e3o podeis ir&#8221;. Disse Pedro: &#8220;Senhor, para onde vais?&#8221;. Jesus respondeu-lhe: &#8220;N\u00e3o podes seguir-me agora aonde eu vou; mas me seguir\u00e1s mais tarde&#8221; (Jo 13, 33.36). Jesus, da ceia vai para a cruz, para a ressurrei\u00e7\u00e3o entra no mist\u00e9rio pascal; Pedro ainda n\u00e3o o pode seguir. Agora depois da ressurrei\u00e7\u00e3o chegou este momento, este &#8220;mais tarde&#8221;. Apascentando o rebanho de Cristo, Pedro entra no mist\u00e9rio pascal, encaminha-se para a cruz e para a ressurrei\u00e7\u00e3o. O Senhor diz isto com as seguintes palavras, &#8220;&#8230; quando eras mais novo&#8230; ias onde querias, mas quando fores velho, estender\u00e1s as m\u00e3os e outro h\u00e1-de atar o cinto e levar-te para onde n\u00e3o queres&#8221; (Jo 21, 18). No primeiro per\u00edodo do seu pontificado o Santo Padre, ainda jovem e cheio de for\u00e7as, sob a guia de Cristo ia at\u00e9 aos confins do mundo. Mas depois, entrou cada vez mais na comunh\u00e3o dos sofrimentos de Cristo, compreendeu cada vez mais a verdade das palavras: &#8220;Outro h\u00e1-de atar o cinto&#8230;&#8221;. E precisamente nesta comunh\u00e3o com o Senhor sofredor anunciou incansavelmente e com renovada intensidade o Evangelho, o mist\u00e9rio do amor que vai at\u00e9 ao fim (cf. Jo 13, 1).<\/span><\/p>\n<p>Ele interpretou para n\u00f3s o mist\u00e9rio pascal como mist\u00e9rio da divina miseric\u00f3rdia. Escreveu no seu \u00faltimo livro: o limite imposto ao mal &#8220;\u00e9 definitivamente a divina miseric\u00f3rdia&#8221; (Mem\u00f3ria e identidade, p\u00e1g. 70). E reflectindo sobre o atentado diz, &#8220;Cristo, ao sofrer por todos n\u00f3s, conferiu um novo sentido ao sofrimento; introduziu aquele amor numa nova dimens\u00e3o, numa nova ordem&#8230; E o sofrimento que queima e consome o mal com o fogo do amor e haure tamb\u00e9m do pecado um florescimento de bem&#8221; (p\u00e1g. 199). Animado por esta vis\u00e3o, o Papa sofreu e amou em comunh\u00e3o com Cristo e foi por isso que a mensagem do seu sofrimento e do seu sil\u00eancio foi t\u00e3o eloquente e fecundo.<\/span><img loading=\"lazy\" decoding=\"async\" class=\" alignright size-full wp-image-178\" style=\"margin: 9px 0px 0px 9px; float: right;\" alt=\"JPFun6\" src=\"https:\/\/paroquiaqueijas.net\/portal\/wp-content\/uploads\/2011\/05\/JPFun6.jpg\" width=\"343\" height=\"230\" srcset=\"https:\/\/paroquiaqueijas.net\/portal\/wp-content\/uploads\/2011\/05\/JPFun6.jpg 390w, https:\/\/paroquiaqueijas.net\/portal\/wp-content\/uploads\/2011\/05\/JPFun6-300x200.jpg 300w\" sizes=\"(max-width: 343px) 100vw, 343px\" \/><\/span><\/p>\n<p>Divina Miseric\u00f3rdia: o Santo Padre encontrou um reflexo mais puro da miseric\u00f3rdia de Deus na M\u00e3e de Deus. Ele, que aind<\/span><\/span>a em tenra idade perdeu a m\u00e3e, amou muito mais a M\u00e3e divina. Ouviu as palavras do Senhor crucificado como se fossem ditas precisamente a ele: &#8220;Eis a tua m\u00e3e!&#8221;. E fez como o disc\u00edpulo predilecto: acolheu-a no \u00edntimo do seu ser, Totus tuus. E da m\u00e3e aprendeu a conformar-se com Cristo.<\/span><\/p>\n<p>Para todos n\u00f3s permanece inesquec\u00edvel como neste \u00faltimo domingo de P\u00e1scoa da sua vida, o Santo Padre, marcado pelo sofrimento, se mostrou mais uma vez da janela do Pal\u00e1cio Apost\u00f3lico e pela \u00faltima vez deu a b\u00ean\u00e7\u00e3o &#8220;Urbi et Orbi&#8221;. Podemos ter a certeza de que o nosso amado Papa agora est\u00e1 na janela da casa do Pai, v\u00ea-nos e aben\u00e7oa-nos. Sim, aben\u00e7oe-nos, Santo Padre. N\u00f3s confiamos a tua amada alma \u00e0 M\u00e3e de Deus, tua M\u00e3e, que te guiou todos os dias e te guiar\u00e1 agora \u00e0 gl\u00f3ria eterna do Seu Filho, Jesus Cristo nosso Senhor. Amen.<\/span><\/p>\n<p style=\"text-align: right;\"><span style=\"font-size: 8pt;\">Cardeal Joseph Ratzinger<\/span><\/p>\n","protected":false},"excerpt":{"rendered":"<p>Homilia da Missa das ex\u00e9quias de Jo\u00e3o Paulo II Cardeal Joseph Ratzinger Pra\u00e7a de S\u00e3o Pedro, 8 de Abril de [&hellip;]<\/p>\n","protected":false},"author":1,"featured_media":175,"comment_status":"open","ping_status":"open","sticky":false,"template":"","format":"standard","meta":{"site-sidebar-layout":"default","site-content-layout":"","ast-site-content-layout":"default","site-content-style":"default","site-sidebar-style":"default","ast-global-header-display":"","ast-banner-title-visibility":"","ast-main-header-display":"","ast-hfb-above-header-display":"","ast-hfb-below-header-display":"","ast-hfb-mobile-header-display":"","site-post-title":"","ast-breadcrumbs-content":"","ast-featured-img":"","footer-sml-layout":"","ast-disable-related-posts":"","theme-transparent-header-meta":"","adv-header-id-meta":"","stick-header-meta":"","header-above-stick-meta":"","header-main-stick-meta":"","header-below-stick-meta":"","astra-migrate-meta-layouts":"default","ast-page-background-enabled":"default","ast-page-background-meta":{"desktop":{"background-color":"var(--ast-global-color-5)","background-image":"","background-repeat":"repeat","background-position":"center center","background-size":"auto","background-attachment":"scroll","background-type":"","background-media":"","overlay-type":"","overlay-color":"","overlay-opacity":"","overlay-gradient":""},"tablet":{"background-color":"","background-image":"","background-repeat":"repeat","background-position":"center center","background-size":"auto","background-attachment":"scroll","background-type":"","background-media":"","overlay-type":"","overlay-color":"","overlay-opacity":"","overlay-gradient":""},"mobile":{"background-color":"","background-image":"","background-repeat":"repeat","background-position":"center center","background-size":"auto","background-attachment":"scroll","background-type":"","background-media":"","overlay-type":"","overlay-color":"","overlay-opacity":"","overlay-gradient":""}},"ast-content-background-meta":{"desktop":{"background-color":"var(--ast-global-color-4)","background-image":"","background-repeat":"repeat","background-position":"center center","background-size":"auto","background-attachment":"scroll","background-type":"","background-media":"","overlay-type":"","overlay-color":"","overlay-opacity":"","overlay-gradient":""},"tablet":{"background-color":"var(--ast-global-color-4)","background-image":"","background-repeat":"repeat","background-position":"center center","background-size":"auto","background-attachment":"scroll","background-type":"","background-media":"","overlay-type":"","overlay-color":"","overlay-opacity":"","overlay-gradient":""},"mobile":{"background-color":"var(--ast-global-color-4)","background-image":"","background-repeat":"repeat","background-position":"center center","background-size":"auto","background-attachment":"scroll","background-type":"","background-media":"","overlay-type":"","overlay-color":"","overlay-opacity":"","overlay-gradient":""}},"footnotes":""},"categories":[14],"tags":[],"class_list":["post-179","post","type-post","status-publish","format-standard","has-post-thumbnail","hentry","category-papa-bento-xvi"],"yoast_head":"<!-- This site is optimized with the Yoast SEO plugin v27.4 - https:\/\/yoast.com\/product\/yoast-seo-wordpress\/ -->\n<title>Funeral de Jo\u00e3o Paulo II - Paroquia de Queijas<\/title>\n<meta name=\"robots\" content=\"index, follow, max-snippet:-1, max-image-preview:large, max-video-preview:-1\" \/>\n<link rel=\"canonical\" href=\"https:\/\/paroquiaqueijas.net\/portal\/funeral-de-joao-paulo-ii\/\" \/>\n<meta property=\"og:locale\" content=\"pt_PT\" \/>\n<meta property=\"og:type\" content=\"article\" \/>\n<meta property=\"og:title\" content=\"Funeral de Jo\u00e3o Paulo II - Paroquia de Queijas\" \/>\n<meta property=\"og:description\" content=\"Homilia da Missa das ex\u00e9quias de Jo\u00e3o Paulo II Cardeal Joseph Ratzinger Pra\u00e7a de S\u00e3o Pedro, 8 de Abril de [&hellip;]\" \/>\n<meta property=\"og:url\" content=\"https:\/\/paroquiaqueijas.net\/portal\/funeral-de-joao-paulo-ii\/\" \/>\n<meta property=\"og:site_name\" content=\"Paroquia de Queijas\" \/>\n<meta property=\"article:publisher\" content=\"https:\/\/www.facebook.com\/paroquiaqueijas\/\" \/>\n<meta property=\"article:published_time\" content=\"2011-05-01T20:56:57+00:00\" \/>\n<meta property=\"article:modified_time\" content=\"2026-03-21T15:41:43+00:00\" \/>\n<meta property=\"og:image\" content=\"https:\/\/paroquiaqueijas.net\/portal\/wp-content\/uploads\/2011\/05\/JPFun2.jpg\" \/>\n\t<meta property=\"og:image:width\" content=\"213\" \/>\n\t<meta property=\"og:image:height\" content=\"300\" \/>\n\t<meta property=\"og:image:type\" content=\"image\/jpeg\" \/>\n<meta name=\"author\" content=\"Paroquia de Queijas\" \/>\n<meta name=\"twitter:card\" content=\"summary_large_image\" \/>\n<meta name=\"twitter:label1\" content=\"Escrito por\" \/>\n\t<meta name=\"twitter:data1\" content=\"Paroquia de Queijas\" \/>\n\t<meta name=\"twitter:label2\" content=\"Tempo estimado de leitura\" \/>\n\t<meta name=\"twitter:data2\" content=\"9 minutos\" \/>\n<script type=\"application\/ld+json\" class=\"yoast-schema-graph\">{\"@context\":\"https:\\\/\\\/schema.org\",\"@graph\":[{\"@type\":\"Article\",\"@id\":\"https:\\\/\\\/paroquiaqueijas.net\\\/portal\\\/funeral-de-joao-paulo-ii\\\/#article\",\"isPartOf\":{\"@id\":\"https:\\\/\\\/paroquiaqueijas.net\\\/portal\\\/funeral-de-joao-paulo-ii\\\/\"},\"author\":{\"name\":\"Paroquia de Queijas\",\"@id\":\"https:\\\/\\\/paroquiaqueijas.net\\\/portal\\\/#\\\/schema\\\/person\\\/07bb4cce216326e06b6f742b719ebec7\"},\"headline\":\"Funeral de Jo\u00e3o Paulo II\",\"datePublished\":\"2011-05-01T20:56:57+00:00\",\"dateModified\":\"2026-03-21T15:41:43+00:00\",\"mainEntityOfPage\":{\"@id\":\"https:\\\/\\\/paroquiaqueijas.net\\\/portal\\\/funeral-de-joao-paulo-ii\\\/\"},\"wordCount\":1791,\"commentCount\":0,\"publisher\":{\"@id\":\"https:\\\/\\\/paroquiaqueijas.net\\\/portal\\\/#organization\"},\"image\":{\"@id\":\"https:\\\/\\\/paroquiaqueijas.net\\\/portal\\\/funeral-de-joao-paulo-ii\\\/#primaryimage\"},\"thumbnailUrl\":\"https:\\\/\\\/paroquiaqueijas.net\\\/portal\\\/wp-content\\\/uploads\\\/2011\\\/05\\\/JPFun2.jpg\",\"articleSection\":[\"Papa Bento XVI\"],\"inLanguage\":\"pt-PT\",\"potentialAction\":[{\"@type\":\"CommentAction\",\"name\":\"Comment\",\"target\":[\"https:\\\/\\\/paroquiaqueijas.net\\\/portal\\\/funeral-de-joao-paulo-ii\\\/#respond\"]}]},{\"@type\":\"WebPage\",\"@id\":\"https:\\\/\\\/paroquiaqueijas.net\\\/portal\\\/funeral-de-joao-paulo-ii\\\/\",\"url\":\"https:\\\/\\\/paroquiaqueijas.net\\\/portal\\\/funeral-de-joao-paulo-ii\\\/\",\"name\":\"Funeral de Jo\u00e3o Paulo II - Paroquia de Queijas\",\"isPartOf\":{\"@id\":\"https:\\\/\\\/paroquiaqueijas.net\\\/portal\\\/#website\"},\"primaryImageOfPage\":{\"@id\":\"https:\\\/\\\/paroquiaqueijas.net\\\/portal\\\/funeral-de-joao-paulo-ii\\\/#primaryimage\"},\"image\":{\"@id\":\"https:\\\/\\\/paroquiaqueijas.net\\\/portal\\\/funeral-de-joao-paulo-ii\\\/#primaryimage\"},\"thumbnailUrl\":\"https:\\\/\\\/paroquiaqueijas.net\\\/portal\\\/wp-content\\\/uploads\\\/2011\\\/05\\\/JPFun2.jpg\",\"datePublished\":\"2011-05-01T20:56:57+00:00\",\"dateModified\":\"2026-03-21T15:41:43+00:00\",\"breadcrumb\":{\"@id\":\"https:\\\/\\\/paroquiaqueijas.net\\\/portal\\\/funeral-de-joao-paulo-ii\\\/#breadcrumb\"},\"inLanguage\":\"pt-PT\",\"potentialAction\":[{\"@type\":\"ReadAction\",\"target\":[\"https:\\\/\\\/paroquiaqueijas.net\\\/portal\\\/funeral-de-joao-paulo-ii\\\/\"]}]},{\"@type\":\"ImageObject\",\"inLanguage\":\"pt-PT\",\"@id\":\"https:\\\/\\\/paroquiaqueijas.net\\\/portal\\\/funeral-de-joao-paulo-ii\\\/#primaryimage\",\"url\":\"https:\\\/\\\/paroquiaqueijas.net\\\/portal\\\/wp-content\\\/uploads\\\/2011\\\/05\\\/JPFun2.jpg\",\"contentUrl\":\"https:\\\/\\\/paroquiaqueijas.net\\\/portal\\\/wp-content\\\/uploads\\\/2011\\\/05\\\/JPFun2.jpg\",\"width\":213,\"height\":300,\"caption\":\"JPFun2\"},{\"@type\":\"BreadcrumbList\",\"@id\":\"https:\\\/\\\/paroquiaqueijas.net\\\/portal\\\/funeral-de-joao-paulo-ii\\\/#breadcrumb\",\"itemListElement\":[{\"@type\":\"ListItem\",\"position\":1,\"name\":\"In\u00edcio\",\"item\":\"https:\\\/\\\/paroquiaqueijas.net\\\/portal\\\/\"},{\"@type\":\"ListItem\",\"position\":2,\"name\":\"Funeral de Jo\u00e3o Paulo II\"}]},{\"@type\":\"WebSite\",\"@id\":\"https:\\\/\\\/paroquiaqueijas.net\\\/portal\\\/#website\",\"url\":\"https:\\\/\\\/paroquiaqueijas.net\\\/portal\\\/\",\"name\":\"Paroquia de Queijas\",\"description\":\"\",\"publisher\":{\"@id\":\"https:\\\/\\\/paroquiaqueijas.net\\\/portal\\\/#organization\"},\"potentialAction\":[{\"@type\":\"SearchAction\",\"target\":{\"@type\":\"EntryPoint\",\"urlTemplate\":\"https:\\\/\\\/paroquiaqueijas.net\\\/portal\\\/?s={search_term_string}\"},\"query-input\":{\"@type\":\"PropertyValueSpecification\",\"valueRequired\":true,\"valueName\":\"search_term_string\"}}],\"inLanguage\":\"pt-PT\"},{\"@type\":\"Organization\",\"@id\":\"https:\\\/\\\/paroquiaqueijas.net\\\/portal\\\/#organization\",\"name\":\"Paroquia de Queijas\",\"url\":\"https:\\\/\\\/paroquiaqueijas.net\\\/portal\\\/\",\"logo\":{\"@type\":\"ImageObject\",\"inLanguage\":\"pt-PT\",\"@id\":\"https:\\\/\\\/paroquiaqueijas.net\\\/portal\\\/#\\\/schema\\\/logo\\\/image\\\/\",\"url\":\"https:\\\/\\\/paroquiaqueijas.net\\\/portal\\\/wp-content\\\/uploads\\\/2026\\\/03\\\/LogoQueijas_novo.png\",\"contentUrl\":\"https:\\\/\\\/paroquiaqueijas.net\\\/portal\\\/wp-content\\\/uploads\\\/2026\\\/03\\\/LogoQueijas_novo.png\",\"width\":520,\"height\":519,\"caption\":\"Paroquia de Queijas\"},\"image\":{\"@id\":\"https:\\\/\\\/paroquiaqueijas.net\\\/portal\\\/#\\\/schema\\\/logo\\\/image\\\/\"},\"sameAs\":[\"https:\\\/\\\/www.facebook.com\\\/paroquiaqueijas\\\/\"]},{\"@type\":\"Person\",\"@id\":\"https:\\\/\\\/paroquiaqueijas.net\\\/portal\\\/#\\\/schema\\\/person\\\/07bb4cce216326e06b6f742b719ebec7\",\"name\":\"Paroquia de Queijas\",\"image\":{\"@type\":\"ImageObject\",\"inLanguage\":\"pt-PT\",\"@id\":\"https:\\\/\\\/secure.gravatar.com\\\/avatar\\\/5054571ff5d2454cd50657fc4e61d0c32d7a5d0d3b36ef6c0f6e269276d13618?s=96&d=mm&r=g\",\"url\":\"https:\\\/\\\/secure.gravatar.com\\\/avatar\\\/5054571ff5d2454cd50657fc4e61d0c32d7a5d0d3b36ef6c0f6e269276d13618?s=96&d=mm&r=g\",\"contentUrl\":\"https:\\\/\\\/secure.gravatar.com\\\/avatar\\\/5054571ff5d2454cd50657fc4e61d0c32d7a5d0d3b36ef6c0f6e269276d13618?s=96&d=mm&r=g\",\"caption\":\"Paroquia de Queijas\"},\"sameAs\":[\"https:\\\/\\\/paroquiaqueijas.net\\\/site\"],\"url\":\"https:\\\/\\\/paroquiaqueijas.net\\\/portal\\\/author\\\/admin1\\\/\"}]}<\/script>\n<!-- \/ Yoast SEO plugin. -->","yoast_head_json":{"title":"Funeral de Jo\u00e3o Paulo II - Paroquia de Queijas","robots":{"index":"index","follow":"follow","max-snippet":"max-snippet:-1","max-image-preview":"max-image-preview:large","max-video-preview":"max-video-preview:-1"},"canonical":"https:\/\/paroquiaqueijas.net\/portal\/funeral-de-joao-paulo-ii\/","og_locale":"pt_PT","og_type":"article","og_title":"Funeral de Jo\u00e3o Paulo II - Paroquia de Queijas","og_description":"Homilia da Missa das ex\u00e9quias de Jo\u00e3o Paulo II Cardeal Joseph Ratzinger Pra\u00e7a de S\u00e3o Pedro, 8 de Abril de [&hellip;]","og_url":"https:\/\/paroquiaqueijas.net\/portal\/funeral-de-joao-paulo-ii\/","og_site_name":"Paroquia de Queijas","article_publisher":"https:\/\/www.facebook.com\/paroquiaqueijas\/","article_published_time":"2011-05-01T20:56:57+00:00","article_modified_time":"2026-03-21T15:41:43+00:00","og_image":[{"width":213,"height":300,"url":"https:\/\/paroquiaqueijas.net\/portal\/wp-content\/uploads\/2011\/05\/JPFun2.jpg","type":"image\/jpeg"}],"author":"Paroquia de Queijas","twitter_card":"summary_large_image","twitter_misc":{"Escrito por":"Paroquia de Queijas","Tempo estimado de leitura":"9 minutos"},"schema":{"@context":"https:\/\/schema.org","@graph":[{"@type":"Article","@id":"https:\/\/paroquiaqueijas.net\/portal\/funeral-de-joao-paulo-ii\/#article","isPartOf":{"@id":"https:\/\/paroquiaqueijas.net\/portal\/funeral-de-joao-paulo-ii\/"},"author":{"name":"Paroquia de Queijas","@id":"https:\/\/paroquiaqueijas.net\/portal\/#\/schema\/person\/07bb4cce216326e06b6f742b719ebec7"},"headline":"Funeral de Jo\u00e3o Paulo II","datePublished":"2011-05-01T20:56:57+00:00","dateModified":"2026-03-21T15:41:43+00:00","mainEntityOfPage":{"@id":"https:\/\/paroquiaqueijas.net\/portal\/funeral-de-joao-paulo-ii\/"},"wordCount":1791,"commentCount":0,"publisher":{"@id":"https:\/\/paroquiaqueijas.net\/portal\/#organization"},"image":{"@id":"https:\/\/paroquiaqueijas.net\/portal\/funeral-de-joao-paulo-ii\/#primaryimage"},"thumbnailUrl":"https:\/\/paroquiaqueijas.net\/portal\/wp-content\/uploads\/2011\/05\/JPFun2.jpg","articleSection":["Papa Bento XVI"],"inLanguage":"pt-PT","potentialAction":[{"@type":"CommentAction","name":"Comment","target":["https:\/\/paroquiaqueijas.net\/portal\/funeral-de-joao-paulo-ii\/#respond"]}]},{"@type":"WebPage","@id":"https:\/\/paroquiaqueijas.net\/portal\/funeral-de-joao-paulo-ii\/","url":"https:\/\/paroquiaqueijas.net\/portal\/funeral-de-joao-paulo-ii\/","name":"Funeral de Jo\u00e3o Paulo II - Paroquia de Queijas","isPartOf":{"@id":"https:\/\/paroquiaqueijas.net\/portal\/#website"},"primaryImageOfPage":{"@id":"https:\/\/paroquiaqueijas.net\/portal\/funeral-de-joao-paulo-ii\/#primaryimage"},"image":{"@id":"https:\/\/paroquiaqueijas.net\/portal\/funeral-de-joao-paulo-ii\/#primaryimage"},"thumbnailUrl":"https:\/\/paroquiaqueijas.net\/portal\/wp-content\/uploads\/2011\/05\/JPFun2.jpg","datePublished":"2011-05-01T20:56:57+00:00","dateModified":"2026-03-21T15:41:43+00:00","breadcrumb":{"@id":"https:\/\/paroquiaqueijas.net\/portal\/funeral-de-joao-paulo-ii\/#breadcrumb"},"inLanguage":"pt-PT","potentialAction":[{"@type":"ReadAction","target":["https:\/\/paroquiaqueijas.net\/portal\/funeral-de-joao-paulo-ii\/"]}]},{"@type":"ImageObject","inLanguage":"pt-PT","@id":"https:\/\/paroquiaqueijas.net\/portal\/funeral-de-joao-paulo-ii\/#primaryimage","url":"https:\/\/paroquiaqueijas.net\/portal\/wp-content\/uploads\/2011\/05\/JPFun2.jpg","contentUrl":"https:\/\/paroquiaqueijas.net\/portal\/wp-content\/uploads\/2011\/05\/JPFun2.jpg","width":213,"height":300,"caption":"JPFun2"},{"@type":"BreadcrumbList","@id":"https:\/\/paroquiaqueijas.net\/portal\/funeral-de-joao-paulo-ii\/#breadcrumb","itemListElement":[{"@type":"ListItem","position":1,"name":"In\u00edcio","item":"https:\/\/paroquiaqueijas.net\/portal\/"},{"@type":"ListItem","position":2,"name":"Funeral de Jo\u00e3o Paulo II"}]},{"@type":"WebSite","@id":"https:\/\/paroquiaqueijas.net\/portal\/#website","url":"https:\/\/paroquiaqueijas.net\/portal\/","name":"Paroquia de Queijas","description":"","publisher":{"@id":"https:\/\/paroquiaqueijas.net\/portal\/#organization"},"potentialAction":[{"@type":"SearchAction","target":{"@type":"EntryPoint","urlTemplate":"https:\/\/paroquiaqueijas.net\/portal\/?s={search_term_string}"},"query-input":{"@type":"PropertyValueSpecification","valueRequired":true,"valueName":"search_term_string"}}],"inLanguage":"pt-PT"},{"@type":"Organization","@id":"https:\/\/paroquiaqueijas.net\/portal\/#organization","name":"Paroquia de Queijas","url":"https:\/\/paroquiaqueijas.net\/portal\/","logo":{"@type":"ImageObject","inLanguage":"pt-PT","@id":"https:\/\/paroquiaqueijas.net\/portal\/#\/schema\/logo\/image\/","url":"https:\/\/paroquiaqueijas.net\/portal\/wp-content\/uploads\/2026\/03\/LogoQueijas_novo.png","contentUrl":"https:\/\/paroquiaqueijas.net\/portal\/wp-content\/uploads\/2026\/03\/LogoQueijas_novo.png","width":520,"height":519,"caption":"Paroquia de Queijas"},"image":{"@id":"https:\/\/paroquiaqueijas.net\/portal\/#\/schema\/logo\/image\/"},"sameAs":["https:\/\/www.facebook.com\/paroquiaqueijas\/"]},{"@type":"Person","@id":"https:\/\/paroquiaqueijas.net\/portal\/#\/schema\/person\/07bb4cce216326e06b6f742b719ebec7","name":"Paroquia de Queijas","image":{"@type":"ImageObject","inLanguage":"pt-PT","@id":"https:\/\/secure.gravatar.com\/avatar\/5054571ff5d2454cd50657fc4e61d0c32d7a5d0d3b36ef6c0f6e269276d13618?s=96&d=mm&r=g","url":"https:\/\/secure.gravatar.com\/avatar\/5054571ff5d2454cd50657fc4e61d0c32d7a5d0d3b36ef6c0f6e269276d13618?s=96&d=mm&r=g","contentUrl":"https:\/\/secure.gravatar.com\/avatar\/5054571ff5d2454cd50657fc4e61d0c32d7a5d0d3b36ef6c0f6e269276d13618?s=96&d=mm&r=g","caption":"Paroquia de Queijas"},"sameAs":["https:\/\/paroquiaqueijas.net\/site"],"url":"https:\/\/paroquiaqueijas.net\/portal\/author\/admin1\/"}]}},"_links":{"self":[{"href":"https:\/\/paroquiaqueijas.net\/portal\/wp-json\/wp\/v2\/posts\/179","targetHints":{"allow":["GET"]}}],"collection":[{"href":"https:\/\/paroquiaqueijas.net\/portal\/wp-json\/wp\/v2\/posts"}],"about":[{"href":"https:\/\/paroquiaqueijas.net\/portal\/wp-json\/wp\/v2\/types\/post"}],"author":[{"embeddable":true,"href":"https:\/\/paroquiaqueijas.net\/portal\/wp-json\/wp\/v2\/users\/1"}],"replies":[{"embeddable":true,"href":"https:\/\/paroquiaqueijas.net\/portal\/wp-json\/wp\/v2\/comments?post=179"}],"version-history":[{"count":1,"href":"https:\/\/paroquiaqueijas.net\/portal\/wp-json\/wp\/v2\/posts\/179\/revisions"}],"predecessor-version":[{"id":2857,"href":"https:\/\/paroquiaqueijas.net\/portal\/wp-json\/wp\/v2\/posts\/179\/revisions\/2857"}],"wp:featuredmedia":[{"embeddable":true,"href":"https:\/\/paroquiaqueijas.net\/portal\/wp-json\/wp\/v2\/media\/175"}],"wp:attachment":[{"href":"https:\/\/paroquiaqueijas.net\/portal\/wp-json\/wp\/v2\/media?parent=179"}],"wp:term":[{"taxonomy":"category","embeddable":true,"href":"https:\/\/paroquiaqueijas.net\/portal\/wp-json\/wp\/v2\/categories?post=179"},{"taxonomy":"post_tag","embeddable":true,"href":"https:\/\/paroquiaqueijas.net\/portal\/wp-json\/wp\/v2\/tags?post=179"}],"curies":[{"name":"wp","href":"https:\/\/api.w.org\/{rel}","templated":true}]}}