{"id":183,"date":"2011-03-13T18:11:40","date_gmt":"2011-03-13T18:11:40","guid":{"rendered":"https:\/\/paroquiaqueijas.net\/site\/?p=183"},"modified":"2026-03-21T15:42:06","modified_gmt":"2026-03-21T15:42:06","slug":"mensagem-do-papa-para-a-jornada-mundial-da-juventude","status":"publish","type":"post","link":"https:\/\/paroquiaqueijas.net\/portal\/mensagem-do-papa-para-a-jornada-mundial-da-juventude\/","title":{"rendered":"Mensagem do Papa para a 25.\u00aa Jornada Mundial da Juventude"},"content":{"rendered":"<p><strong>Mensagem do Papa Bento XVI para o 25.\u00aa Jornada Mundial da Juventude<\/strong><\/span><span style=\"color: #6a1306;\"><span style=\"font-size: 10pt;\" color:=\"color:\"><\/span><\/span><\/p>\n<p style=\"line-height: 14pt;\"><span style=\"color: #6a1306;\"><span style=\"font-size: 10pt;\" color:=\"color:\"><strong><span style=\"font-size: 8pt;\"><i>\u00abBom Mestre, que devo fazer para alcan\u00e7ar a vida eterna?<\/i>\u00bb<\/span><\/strong><span style=\"font-size: 8pt;\"> (<i>Mc<\/i> 10, 17)<\/span><img decoding=\"async\" class=\" alignright size-full wp-image-182\" style=\"margin: 2px 0px 2px 9px; float: right;\" alt=\"papa_bento1\" src=\"https:\/\/paroquiaqueijas.net\/portal\/wp-content\/uploads\/2011\/03\/papa_bento1.jpg\" height=\"181\" width=\"273\" \/><\/span><\/span><\/span><\/p>\n<p style=\"line-height: 14pt;\"><span style=\"color: #6a1306;\"><i>Queridos amigos,<\/span><\/i><\/span><\/span><\/p>\n<p style=\"line-height: 14pt;\">Celebra-se este ano o 25.\u00ba anivers\u00e1rio de institui\u00e7\u00e3o da Jornada Mundial da Juventude, desejada pelo Vener\u00e1vel Jo\u00e3o Paulo II como encontro anual dos jovens crentes do mundo inteiro. Foi uma iniciativa prof\u00e9tica que deu frutos abundantes, permitindo \u00e0s novas gera\u00e7\u00f5es crist\u00e3s encontrar-se, p\u00f4r-se \u00e0 escuta da Palavra de Deus, descobrir a beleza da Igreja e viver experi\u00eancias fortes de f\u00e9 que levaram muitos \u00e0 decis\u00e3o de doar-se totalmente a Cristo.<\/span><\/p>\n<p>Esta XXV Jornada representa uma etapa rumo ao pr\u00f3ximo Encontro Mundial dos Jovens, que ter\u00e1 lugar no m\u00eas de<strong> Agosto de 2011 em Madrid<\/strong>, onde espero sejais numerosos a viver este evento de gra\u00e7a.<\/span><\/p>\n<p style=\"line-height: 14pt;\">Para nos prepararmos para tal celebra\u00e7\u00e3o, gostaria de vos propor algumas reflex\u00f5es sobre o tema deste ano: \u00ab<i>Bom Mestre, que devo fazer para alcan\u00e7ar a vida eterna?<\/i>\u00bb (<i>Mc<\/i> 10, 17), tirado do epis\u00f3dio evang\u00e9lico do encontro de Jesus com o jovem rico; um tema abordado j\u00e1 em 1985 pelo Papa Jo\u00e3o Paulo II numa bel\u00edssima Carta, a primeira dirigida aos jovens.<\/span><\/p>\n<p style=\"line-height: 14pt;\"><b>1.<\/span><\/b> <b>Jesus encontra um jovem<\/b><\/span><\/p>\n<p style=\"line-height: 14pt;\">\u00ab<i>Quando sa\u00eda [Jesus], para se p\u00f4r a caminho<\/i> \u2013 narra o Evangelho de S\u00e3o Marcos \u2013<i> aproximou-se dele um homem a correr e, ajoelhando-se, perguntou: \u201cBom mestre, que devo fazer para alcan\u00e7ar a vida eterna?\u201d. Jesus disse-lhe: \u201cPor que me chamas bom? Ningu\u00e9m \u00e9 bom, sen\u00e3o s\u00f3 Deus. Sabes os mandamentos: n\u00e3o matar\u00e1s, n\u00e3o adulterar\u00e1s, n\u00e3o roubar\u00e1s, n\u00e3o levantar\u00e1s falso testemunho, n\u00e3o defraudar\u00e1s, honrar\u00e1s teu pai e tua m\u00e3e\u201d. Ele respondeu-lhe: \u201cMestre, tenho guardado tudo isto desde a minha juventude\u201d. Jesus, fitando nele o olhar, sentiu afei\u00e7\u00e3o por ele, e respondeu-lhe: \u201cFalta-te apenas uma coisa: vai, vende tudo o que tens, d\u00e1 o dinheiro aos pobres e ter\u00e1s um tesouro no C\u00e9u; depois, vem e segue-me!\u201d. Mas, ao ouvir tais palavras, anuviou-se-lhe o semblante e retirou-se pesaroso, pois tinha grande fortuna<\/i>\u00bb (<i>Mc<\/i> 10, 17-22).<\/span><\/p>\n<p style=\"line-height: 14pt;\">Esta narra\u00e7\u00e3o exprime de maneira eficaz a grande aten\u00e7\u00e3o de Jesus pelos jovens, por v\u00f3s, pelas vossas expectativas, pelas vossas esperan\u00e7as, e mostra como \u00e9 grande o seu desejo de vos encontrar pessoalmente e entrar em di\u00e1logo com cada um de v\u00f3s. Com efeito, Cristo interrompe o seu caminho para responder ao pedido do seu interlocutor, manifestando plena disponibilidade \u00e0quele jovem, que \u00e9 impelido por um ardente desejo de falar com o \u00abBom Mestre\u00bb, para aprender dele a percorrer o caminho da vida. Com este trecho evang\u00e9lico, o meu Predecessor queria exortar cada um de v\u00f3s a \u00abdesenvolver o pr\u00f3prio di\u00e1logo com Cristo \u2013 um di\u00e1logo que \u00e9 de import\u00e2ncia fundamental e essencial para um jovem\u00bb (<i>Carta aos jovens<\/i>, n. 2).<\/span><\/p>\n<p style=\"line-height: 14pt;\"><b>2.<\/span><\/b> <b>Jesus fitou-o e sentiu afei\u00e7\u00e3o por ele<\/b><\/span><\/p>\n<p style=\"line-height: 14pt;\">Na narra\u00e7\u00e3o evang\u00e9lica, S\u00e3o Marcos sublinha como \u00abJesus, fitando nele o olhar, sentiu afei\u00e7\u00e3o por ele\u00bb (<i>Mc<\/i> 10, 21). No olhar do Senhor, est\u00e1 o cora\u00e7\u00e3o deste encontro muito especial e de toda a experi\u00eancia crist\u00e3. Com efeito, o cristianismo n\u00e3o \u00e9 primariamente uma moral, mas experi\u00eancia de Jesus Cristo, que nos ama pessoalmente, jovens ou idosos, pobres ou ricos; ama-nos mesmo quando lhe voltamos as costas.<\/span><\/p>\n<p style=\"line-height: 14pt;\">Comentando a cena, o Papa Jo\u00e3o Paulo II acrescentava, dirigindo-se a v\u00f3s, jovens: \u00abFa\u00e7o votos por que experimenteis um olhar assim! Fa\u00e7o votos por que experimenteis a verdade de que Ele, Cristo, vos fixa com amor\u00bb (<i>Carta aos jovens<\/i>, n. 7). Um amor, que se manifestou na Cruz de maneira t\u00e3o plena e total, que S\u00e3o Paulo escreve maravilhado: \u00abAmou-me e entregou-se por mim\u00bb (<i>Gl<\/i> 2, 20). \u00abA consci\u00eancia de que o Pai nos amou desde sempre no seu Filho, de que Cristo ama cada um e sempre \u2013 escreve ainda o Papa Jo\u00e3o Paulo II \u2013 torna-se um ponto de apoio firme para toda a nossa exist\u00eancia humana\u00bb (<i>Carta aos jovens<\/i>, n. 7) e permite-nos superar todas as provas: a descoberta dos nossos pecados, o sofrimento, o des\u00e2nimo.<\/span><\/p>\n<p style=\"line-height: 14pt;\">Neste amor, encontra-se a fonte de toda a vida crist\u00e3 e a raz\u00e3o fundamental da evangeliza\u00e7\u00e3o: se verdadeiramente encontr\u00e1mos Jesus, n\u00e3o podemos deixar de o testemunhar \u00e0queles que ainda n\u00e3o se cruzaram com o seu olhar.<\/span><\/p>\n<p style=\"line-height: 14pt;\"><b>3.<\/span><\/b> <b>A descoberta do projecto de vida<\/b><\/span><\/p>\n<p style=\"line-height: 14pt;\">No jovem do Evangelho, podemos vislumbrar uma condi\u00e7\u00e3o muito semelhante \u00e0 de cada um de v\u00f3s. Tamb\u00e9m v\u00f3s sois ricos de qualidades, energias, sonhos, esperan\u00e7as: recursos que possu\u00eds em abund\u00e2ncia! A vossa pr\u00f3pria idade constitui uma grande riqueza n\u00e3o apenas para v\u00f3s, mas tamb\u00e9m para os outros, para a Igreja e para o mundo.<\/span><\/p>\n<p style=\"line-height: 14pt;\">O jovem rico pergunta a Jesus: \u00abQue devo fazer?\u00bb A esta\u00e7\u00e3o da vida em que vos encontrais \u00e9 tempo de descoberta: dos dons que Deus vos concedeu e das vossas responsabilidades. \u00c9, igualmente, tempo de op\u00e7\u00f5es fundamentais para construir o vosso projecto de vida. Por outras palavras, \u00e9 o momento de vos interrogardes sobre o sentido aut\u00eantico da exist\u00eancia, perguntando a v\u00f3s mesmos: \u00abEstou satisfeito com a minha vida? Ou falta-me ainda qualquer coisa\u00bb?<\/span><\/p>\n<p style=\"line-height: 14pt;\">Como o jovem do Evangelho, talvez v\u00f3s vivais tamb\u00e9m situa\u00e7\u00f5es de instabilidade, de perturba\u00e7\u00e3o ou de sofrimento, que vos levam a aspirar a uma vida n\u00e3o med\u00edocre e a perguntar-vos: em que consiste uma vida bem sucedida? Que devo fazer? Qual poderia ser o meu projecto de vida? \u00abQue devo fazer a fim de que a minha vida tenha pleno valor e pleno sentido?\u00bb (<i>Ibid.<\/i>, n. 3).<\/span><\/p>\n<p style=\"line-height: 14pt;\">N\u00e3o tenhais medo de enfrentar estas perguntas! Longe de vos acabrunhar, elas exprimem as grandes aspira\u00e7\u00f5es, que est\u00e3o presentes no vosso cora\u00e7\u00e3o. Portanto, devem ser ouvidas. Esperam respostas n\u00e3o superficiais, mas capazes de satisfazer as vossas aut\u00eanticas expectativas de vida e felicidade.<\/span><\/p>\n<p style=\"line-height: 14pt;\">Para descobrir o projecto de vida que vos pode tornar plenamente felizes, colocai-vos \u00e0 escuta de Deus, que tem um des\u00edgnio de amor sobre cada um de v\u00f3s. Com confian\u00e7a, perguntai-lhe: \u00abSenhor, qual \u00e9 o teu des\u00edgnio de Criador e Pai sobre a minha vida? Qual \u00e9 a tua vontade? Desejo cumpri-la\u00bb. Estai certos de que vos responder\u00e1. N\u00e3o tenhais medo da sua resposta! \u00abDeus \u00e9 maior que os nossos cora\u00e7\u00f5es e conhece tudo\u00bb (<i>1 Jo<\/i> 3, 20)!<\/span><\/p>\n<p style=\"line-height: 14pt;\"><b>4.<\/span><\/b> <b>Vem e segue-me!<\/b><\/span><\/p>\n<p style=\"line-height: 14pt;\">Jesus convida o jovem rico a ir mais al\u00e9m da satisfa\u00e7\u00e3o das suas aspira\u00e7\u00f5es e dos seus projectos pessoais, dizendo-lhe: \u00abVem e segue-me!\u00bb. A voca\u00e7\u00e3o crist\u00e3 deriva de uma proposta de amor do Senhor e s\u00f3 pode realizar-se gra\u00e7as a uma resposta de amor: \u00abJesus convida os seus disc\u00edpulos ao dom total da sua vida, sem c\u00e1lculos nem vantagens humanas, com uma confian\u00e7a sem reservas em Deus. Os santos acolhem este convite exigente e, com docilidade humilde, p\u00f5e-se a seguir Cristo crucificado e ressuscitado. A sua perfei\u00e7\u00e3o na l\u00f3gica da f\u00e9, \u00e0s vezes humanamente incompreens\u00edvel, consiste em nunca se colocarem a si mesmos no centro, mas decidirem ir contra a corrente, vivendo segundo o Evangelho\u00bb (Bento XVI, \u00abHomilia por ocasi\u00e3o das canonbiza\u00e7\u00f5es\u00bb, in <i>L&#8217;Osservatore Romano<\/i>, 12-13\/X\/2009, p\u00e1g. 6).<\/span><\/p>\n<p style=\"line-height: 14pt;\">A exemplo de muitos disc\u00edpulos de Cristo, acolhei tamb\u00e9m v\u00f3s, queridos amigos, com alegria o convite a seguir Jesus, para viverdes intensa e fecundamente neste mundo. Com efeito, mediante o Baptismo, Ele chama cada um a segui-lo com ac\u00e7\u00f5es concretas, a am\u00e1-lo sobre todas as coisas e a servi-lo nos irm\u00e3os. Infelizmente, o jovem rico n\u00e3o acolheu o convite de Jesus e retirou-se pesaroso. N\u00e3o encontrara coragem para se desapegar dos bens materiais a fim de possuir o bem maior proposto por Jesus.<\/span><\/p>\n<p style=\"line-height: 14pt;\">A tristeza do jovem rico do Evangelho \u00e9 aquela que nasce no cora\u00e7\u00e3o de cada um, quando n\u00e3o tem a coragem de seguir Cristo, de fazer a escolha justa. Mas nunca \u00e9 tarde demais para lhe responder!<\/span><\/p>\n<p style=\"line-height: 14pt;\">Jesus nunca se cansa de estender o seu olhar de amor sobre n\u00f3s, chamando-nos a ser seus disc\u00edpulos; a alguns, por\u00e9m, Ele prop\u00f5e uma op\u00e7\u00e3o mais radical. Neste Ano Sacerdotal, gostaria de exortar os jovens e adolescentes a estarem atentos para ver se o Senhor os convida a um dom maior, no caminho do sacerd\u00f3cio ministerial, e a tornarem-se dispon\u00edveis para acolher com generosidade e entusiasmo este sinal de predilec\u00e7\u00e3o especial, empreendendo, com a ajuda de um sacerdote, do director espiritual, o necess\u00e1rio caminho de discernimento. Depois, n\u00e3o tenhais medo, queridos jovens e queridas jovens, se o Senhor vos chamar \u00e0 vida religiosa, mon\u00e1stica, mission\u00e1ria ou de especial consagra\u00e7\u00e3o: Ele sabe dar alegria profunda a quem responde com coragem.<\/span><\/p>\n<p style=\"line-height: 14pt;\">E, a quantos sentem a voca\u00e7\u00e3o ao matrim\u00f3nio, convido a acolh\u00ea-la com f\u00e9, comprometendo-se a lan\u00e7ar bases s\u00f3lidas para viver um amor grande, fiel e aberto ao dom da vida, que \u00e9 riqueza e gra\u00e7a para a sociedade e para a Igreja.<\/span><\/p>\n<p style=\"line-height: 14pt;\"><b>5.<\/span><\/b> <b>Orientados para a vida eterna<\/b><\/span><\/p>\n<p style=\"line-height: 14pt;\">\u00abQue devo fazer para alcan\u00e7ar a vida eterna?\u00bb: esta pergunta do jovem do Evangelho parece distante das preocupa\u00e7\u00f5es de muitos jovens contempor\u00e2neos; porventura, como observava o meu Predecessor, \u00abn\u00e3o somos n\u00f3s a gera\u00e7\u00e3o cujo horizonte da exist\u00eancia est\u00e1 completamente preenchido pelo mundo e pelo progresso temporal?\u00bb (<i>Carta aos jovens<\/i>, n. 5). Mas a quest\u00e3o acerca da \u00abvida eterna\u00bb imp\u00f5e-se em momentos particularmente dolorosos da exist\u00eancia, como quando sofremos a perda de uma pessoa querida ou experimentamos o insucesso.<\/span><\/p>\n<p style=\"line-height: 14pt;\">Mas o que \u00e9 a \u00abvida eterna\u00bb, de que fala o jovem rico? Jesus no-lo explica quando, dirigindo-se aos seus disc\u00edpulos, afirma: \u00abHei-de ver-vos de novo; e o vosso cora\u00e7\u00e3o alegrar-se-\u00e1 e ningu\u00e9m vos poder\u00e1 tirar a vossa alegria\u00bb (<i>Jo<\/i> 16, 22). S\u00e3o palavras que indicam uma proposta sublime de felicidade sem fim: a alegria de sermos cumulados pelo amor divino para sempre.<\/span><\/p>\n<p style=\"line-height: 14pt;\">O interrogar-se sobre o futuro definitivo que nos espera d\u00e1 sentido pleno \u00e0 exist\u00eancia, porque orienta o projecto de vida n\u00e3o para horizontes limitados e passageiros mas amplos e profundos, que levam a amar o mundo, t\u00e3o amado pelo pr\u00f3prio Deus, a dedicar-se ao seu desenvolvimento, mas sempre com a liberdade e a alegria que nascem da f\u00e9 e da esperan\u00e7a. S\u00e3o horizontes que nos ajudam a n\u00e3o absolutizar as realidades terrenas, sentindo que Deus nos prepara um bem maior, e a repetir com Santo Agostinho: \u00abDesejemos juntos a p\u00e1tria celeste, suspiremos pela p\u00e1tria celeste, sintamo-nos peregrinos aqui na terra\u00bb (<i>Coment\u00e1rio ao Evangelho de S\u00e3o Jo\u00e3o<\/i>, Homilia 35, 9). Com o olhar fixo na vida eterna, o Beato Pier Giorgio Frassati \u2013 falecido em 1925, com a idade de 24 anos \u2013 dizia: \u00abQuero viver; n\u00e3o ir vivendo!\u00bb e, numa fotografia a escalar uma montanha que enviou a um amigo, escrevera: \u00abRumo ao alto!\u00bb, aludindo \u00e0 perfei\u00e7\u00e3o crist\u00e3 mas tamb\u00e9m \u00e0 vida eterna.<\/span><\/p>\n<p style=\"line-height: 14pt;\">Queridos jovens, exorto-vos a n\u00e3o esquecer esta perspectiva no vosso projecto de vida: somos chamados \u00e0 eternidade. Deus criou-nos para estar com Ele, para sempre. Aquela ajudar-vos-\u00e1 a dar um sentido pleno \u00e0s vossas decis\u00f5es e a dar qualidade \u00e0 vossa exist\u00eancia.<\/span><\/p>\n<p style=\"line-height: 14pt;\"><b>6. Os mandamentos, caminho do amor aut\u00eantico<\/span><\/b><\/span><\/p>\n<p style=\"line-height: 14pt;\">Jesus recorda ao jovem rico os dez mandamentos como condi\u00e7\u00f5es necess\u00e1rias para \u00abalcan\u00e7ar a vida eterna\u00bb. Constituem pontos de refer\u00eancia essenciais para viver no amor, para distinguir claramente o bem do mal e construir um projecto de vida s\u00f3lido e duradouro. Tamb\u00e9m a v\u00f3s, Jesus pergunta se conheceis os mandamentos, preocupando-vos em formar a vossa consci\u00eancia segundo a lei divina, e se os pondes em pr\u00e1tica.<\/span><\/p>\n<p style=\"line-height: 14pt;\">Sem d\u00favida, trata-se de perguntas contra a corrente em rela\u00e7\u00e3o \u00e0 mentalidade contempor\u00e2nea, que prop\u00f5e uma liberdade desligada de valores, de regras, de normas objectivas, e convida a n\u00e3o colocar limites aos desejos do momento. Mas este tipo de proposta, em vez de conduzir \u00e0 verdadeira liberdade, leva o homem a tornar-se escravo de si mesmo, dos seus desejos imediatos, de \u00eddolos como o poder, o dinheiro, o prazer desenfreado e as sedu\u00e7\u00f5es do mundo, tornando-o incapaz de seguir a sua voca\u00e7\u00e3o natural ao amor.<\/span><\/p>\n<p style=\"line-height: 14pt;\">Deus d\u00e1-nos os mandamentos, porque nos quer educar para a verdadeira liberdade, porque quer construir connosco um Reino de amor, de justi\u00e7a e de paz. Ouvi-los e p\u00f4-los em pr\u00e1tica n\u00e3o significa alienar-se, mas encontrar o caminho da liberdade e do amor aut\u00eanticos, porque os mandamentos n\u00e3o limitam a felicidade, mas indicam o modo como encontr\u00e1-la. No in\u00edcio do di\u00e1logo com o jovem rico, Jesus recorda que a lei dada por Deus \u00e9 boa, porque \u00abDeus \u00e9 bom\u00bb.<\/span><\/p>\n<p style=\"line-height: 14pt;\"><b>7.<\/span><\/b> <b>Temos necessidade de v\u00f3s<\/b><\/span><\/p>\n<p style=\"line-height: 14pt;\">Quem vive hoje a condi\u00e7\u00e3o juvenil encontra-se a enfrentar muitos problemas resultantes do desemprego, da falta de refer\u00eancias ideais certas e de perspectivas concretas para o futuro. \u00c0s vezes pode-se ficar com a impress\u00e3o de impot\u00eancia diante das crises e derivas actuais. Apesar das dificuldades, n\u00e3o vos deixeis desencorajar nem renuncieis aos vossos sonhos! Pelo contr\u00e1rio, cultivai no cora\u00e7\u00e3o desejos grandes de fraternidade, de justi\u00e7a e de paz. O futuro est\u00e1 nas m\u00e3os de quem souber procurar e encontrar raz\u00f5es fortes de vida e de esperan\u00e7a. Se quiserdes, o futuro est\u00e1 nas vossas m\u00e3os, porque os dons e as riquezas que o Senhor guardou no cora\u00e7\u00e3o de cada um de v\u00f3s, plasmados pelo encontro com Cristo, podem dar esperan\u00e7a aut\u00eantica ao mundo! \u00c9 a f\u00e9 no seu amor que, tornando-vos fortes e generosos, vos dar\u00e1 a coragem de enfrentar com serenidade o caminho da vida e assumir as responsabilidades familiares e profissionais. Comprometei-vos a construir o vosso futuro atrav\u00e9s de percursos s\u00e9rios de forma\u00e7\u00e3o pessoal e de estudo, para servir o bem comum de maneira competente e generosa.<\/span><\/p>\n<p style=\"line-height: 14pt;\">Na recente Carta Enc\u00edclica sobre o desenvolvimento humano integral, <em>Caritas in Veritate<\/em>, enumerei alguns dos grandes desafios actuais que s\u00e3o urgentes e essenciais para a vida deste mundo: a utiliza\u00e7\u00e3o dos recursos da terra e o respeito pela ecologia, a justa reparti\u00e7\u00e3o dos bens e o controle dos mecanismos financeiros, a solidariedade com os pa\u00edses pobres no \u00e2mbito da fam\u00edlia humana, a luta contra a fome no mundo, a promo\u00e7\u00e3o da dignidade do trabalho humano, o servi\u00e7o \u00e0 cultura da vida, a constru\u00e7\u00e3o da paz entre os povos, o di\u00e1logo inter-religioso, o bom uso dos meios de comunica\u00e7\u00e3o social.<\/span><\/p>\n<p style=\"line-height: 14pt;\">S\u00e3o desafios a que sois chamados a responder para construir um mundo mais justo e fraterno. S\u00e3o desafios que requerem um projecto de vida exigente e apaixonante, no qual investir toda a vossa riqueza, segundo o des\u00edgnio que Deus tem para cada um de v\u00f3s. N\u00e3o se trata de realizar gestos her\u00f3icos ou extraordin\u00e1rios, mas de agir fazendo frutificar os pr\u00f3prios talentos e possibilidades, comprometendo-se a progredir constantemente na f\u00e9 e no amor.<\/span><\/p>\n<p style=\"line-height: 14pt;\">Neste Ano Sacerdotal, convido-vos a conhecer a vida dos santos, em particular a dos santos sacerdotes. Vereis que Deus os guiou, tendo encontrado o seu caminho dia ap\u00f3s dia precisamente na f\u00e9, na esperan\u00e7a e no amor. Cristo chama cada um de v\u00f3s a comprometer-se com Ele e a assumir as pr\u00f3prias responsabilidades para construir a civiliza\u00e7\u00e3o do amor. Se seguirdes a sua Palavra, tamb\u00e9m o vosso caminho se iluminar\u00e1 e vos conduzir\u00e1 rumo a metas elevadas, que d\u00e3o alegria e sentido pleno \u00e0 vida.<\/span><\/p>\n<p style=\"line-height: 14pt;\">Que a Virgem Maria, M\u00e3e da Igreja, vos acompanhe com a sua protec\u00e7\u00e3o. Asseguro-vos uma lembran\u00e7a particular na minha ora\u00e7\u00e3o e, com grande afecto, vos aben\u00e7oo.<\/span><\/p>\n<p style=\"line-height: 14pt;\"><i>Vaticano, 22 de Fevereiro de 2010<\/span><\/i><\/span><\/p>\n<p style=\"line-height: 14pt;\">BENEDICTUS PP. XVI<\/span><\/span><\/p>\n","protected":false},"excerpt":{"rendered":"<p>Mensagem do Papa Bento XVI para o 25.\u00aa Jornada Mundial da Juventude \u00abBom Mestre, que devo fazer para alcan\u00e7ar a [&hellip;]<\/p>\n","protected":false},"author":1,"featured_media":182,"comment_status":"open","ping_status":"open","sticky":false,"template":"","format":"standard","meta":{"site-sidebar-layout":"default","site-content-layout":"","ast-site-content-layout":"default","site-content-style":"default","site-sidebar-style":"default","ast-global-header-display":"","ast-banner-title-visibility":"","ast-main-header-display":"","ast-hfb-above-header-display":"","ast-hfb-below-header-display":"","ast-hfb-mobile-header-display":"","site-post-title":"","ast-breadcrumbs-content":"","ast-featured-img":"","footer-sml-layout":"","ast-disable-related-posts":"","theme-transparent-header-meta":"","adv-header-id-meta":"","stick-header-meta":"","header-above-stick-meta":"","header-main-stick-meta":"","header-below-stick-meta":"","astra-migrate-meta-layouts":"default","ast-page-background-enabled":"default","ast-page-background-meta":{"desktop":{"background-color":"var(--ast-global-color-5)","background-image":"","background-repeat":"repeat","background-position":"center center","background-size":"auto","background-attachment":"scroll","background-type":"","background-media":"","overlay-type":"","overlay-color":"","overlay-opacity":"","overlay-gradient":""},"tablet":{"background-color":"","background-image":"","background-repeat":"repeat","background-position":"center center","background-size":"auto","background-attachment":"scroll","background-type":"","background-media":"","overlay-type":"","overlay-color":"","overlay-opacity":"","overlay-gradient":""},"mobile":{"background-color":"","background-image":"","background-repeat":"repeat","background-position":"center center","background-size":"auto","background-attachment":"scroll","background-type":"","background-media":"","overlay-type":"","overlay-color":"","overlay-opacity":"","overlay-gradient":""}},"ast-content-background-meta":{"desktop":{"background-color":"var(--ast-global-color-4)","background-image":"","background-repeat":"repeat","background-position":"center center","background-size":"auto","background-attachment":"scroll","background-type":"","background-media":"","overlay-type":"","overlay-color":"","overlay-opacity":"","overlay-gradient":""},"tablet":{"background-color":"var(--ast-global-color-4)","background-image":"","background-repeat":"repeat","background-position":"center center","background-size":"auto","background-attachment":"scroll","background-type":"","background-media":"","overlay-type":"","overlay-color":"","overlay-opacity":"","overlay-gradient":""},"mobile":{"background-color":"var(--ast-global-color-4)","background-image":"","background-repeat":"repeat","background-position":"center center","background-size":"auto","background-attachment":"scroll","background-type":"","background-media":"","overlay-type":"","overlay-color":"","overlay-opacity":"","overlay-gradient":""}},"footnotes":""},"categories":[14],"tags":[],"class_list":["post-183","post","type-post","status-publish","format-standard","has-post-thumbnail","hentry","category-papa-bento-xvi"],"yoast_head":"<!-- This site is optimized with the Yoast SEO plugin v27.4 - https:\/\/yoast.com\/product\/yoast-seo-wordpress\/ -->\n<title>Mensagem do Papa para a 25.\u00aa Jornada Mundial da Juventude - Paroquia de Queijas<\/title>\n<meta name=\"robots\" content=\"index, follow, max-snippet:-1, max-image-preview:large, max-video-preview:-1\" \/>\n<link rel=\"canonical\" href=\"https:\/\/paroquiaqueijas.net\/portal\/mensagem-do-papa-para-a-jornada-mundial-da-juventude\/\" \/>\n<meta property=\"og:locale\" content=\"pt_PT\" \/>\n<meta property=\"og:type\" content=\"article\" \/>\n<meta property=\"og:title\" content=\"Mensagem do Papa para a 25.\u00aa Jornada Mundial da Juventude - Paroquia de Queijas\" \/>\n<meta property=\"og:description\" content=\"Mensagem do Papa Bento XVI para o 25.\u00aa Jornada Mundial da Juventude \u00abBom Mestre, que devo fazer para alcan\u00e7ar a [&hellip;]\" \/>\n<meta property=\"og:url\" content=\"https:\/\/paroquiaqueijas.net\/portal\/mensagem-do-papa-para-a-jornada-mundial-da-juventude\/\" \/>\n<meta property=\"og:site_name\" content=\"Paroquia de Queijas\" \/>\n<meta property=\"article:publisher\" content=\"https:\/\/www.facebook.com\/paroquiaqueijas\/\" \/>\n<meta property=\"article:published_time\" content=\"2011-03-13T18:11:40+00:00\" \/>\n<meta property=\"article:modified_time\" content=\"2026-03-21T15:42:06+00:00\" \/>\n<meta property=\"og:image\" content=\"https:\/\/paroquiaqueijas.net\/portal\/wp-content\/uploads\/2011\/03\/papa_bento1.jpg\" \/>\n\t<meta property=\"og:image:width\" content=\"392\" \/>\n\t<meta property=\"og:image:height\" content=\"262\" \/>\n\t<meta property=\"og:image:type\" content=\"image\/jpeg\" \/>\n<meta name=\"author\" content=\"Paroquia de Queijas\" \/>\n<meta name=\"twitter:card\" content=\"summary_large_image\" \/>\n<meta name=\"twitter:label1\" content=\"Escrito por\" \/>\n\t<meta name=\"twitter:data1\" content=\"Paroquia de Queijas\" \/>\n\t<meta name=\"twitter:label2\" content=\"Tempo estimado de leitura\" \/>\n\t<meta name=\"twitter:data2\" content=\"13 minutos\" \/>\n<script type=\"application\/ld+json\" class=\"yoast-schema-graph\">{\"@context\":\"https:\\\/\\\/schema.org\",\"@graph\":[{\"@type\":\"Article\",\"@id\":\"https:\\\/\\\/paroquiaqueijas.net\\\/portal\\\/mensagem-do-papa-para-a-jornada-mundial-da-juventude\\\/#article\",\"isPartOf\":{\"@id\":\"https:\\\/\\\/paroquiaqueijas.net\\\/portal\\\/mensagem-do-papa-para-a-jornada-mundial-da-juventude\\\/\"},\"author\":{\"name\":\"Paroquia de Queijas\",\"@id\":\"https:\\\/\\\/paroquiaqueijas.net\\\/portal\\\/#\\\/schema\\\/person\\\/07bb4cce216326e06b6f742b719ebec7\"},\"headline\":\"Mensagem do Papa para a 25.\u00aa Jornada Mundial da Juventude\",\"datePublished\":\"2011-03-13T18:11:40+00:00\",\"dateModified\":\"2026-03-21T15:42:06+00:00\",\"mainEntityOfPage\":{\"@id\":\"https:\\\/\\\/paroquiaqueijas.net\\\/portal\\\/mensagem-do-papa-para-a-jornada-mundial-da-juventude\\\/\"},\"wordCount\":2691,\"commentCount\":0,\"publisher\":{\"@id\":\"https:\\\/\\\/paroquiaqueijas.net\\\/portal\\\/#organization\"},\"image\":{\"@id\":\"https:\\\/\\\/paroquiaqueijas.net\\\/portal\\\/mensagem-do-papa-para-a-jornada-mundial-da-juventude\\\/#primaryimage\"},\"thumbnailUrl\":\"https:\\\/\\\/paroquiaqueijas.net\\\/portal\\\/wp-content\\\/uploads\\\/2011\\\/03\\\/papa_bento1.jpg\",\"articleSection\":[\"Papa Bento XVI\"],\"inLanguage\":\"pt-PT\",\"potentialAction\":[{\"@type\":\"CommentAction\",\"name\":\"Comment\",\"target\":[\"https:\\\/\\\/paroquiaqueijas.net\\\/portal\\\/mensagem-do-papa-para-a-jornada-mundial-da-juventude\\\/#respond\"]}]},{\"@type\":\"WebPage\",\"@id\":\"https:\\\/\\\/paroquiaqueijas.net\\\/portal\\\/mensagem-do-papa-para-a-jornada-mundial-da-juventude\\\/\",\"url\":\"https:\\\/\\\/paroquiaqueijas.net\\\/portal\\\/mensagem-do-papa-para-a-jornada-mundial-da-juventude\\\/\",\"name\":\"Mensagem do Papa para a 25.\u00aa Jornada Mundial da Juventude - Paroquia de Queijas\",\"isPartOf\":{\"@id\":\"https:\\\/\\\/paroquiaqueijas.net\\\/portal\\\/#website\"},\"primaryImageOfPage\":{\"@id\":\"https:\\\/\\\/paroquiaqueijas.net\\\/portal\\\/mensagem-do-papa-para-a-jornada-mundial-da-juventude\\\/#primaryimage\"},\"image\":{\"@id\":\"https:\\\/\\\/paroquiaqueijas.net\\\/portal\\\/mensagem-do-papa-para-a-jornada-mundial-da-juventude\\\/#primaryimage\"},\"thumbnailUrl\":\"https:\\\/\\\/paroquiaqueijas.net\\\/portal\\\/wp-content\\\/uploads\\\/2011\\\/03\\\/papa_bento1.jpg\",\"datePublished\":\"2011-03-13T18:11:40+00:00\",\"dateModified\":\"2026-03-21T15:42:06+00:00\",\"breadcrumb\":{\"@id\":\"https:\\\/\\\/paroquiaqueijas.net\\\/portal\\\/mensagem-do-papa-para-a-jornada-mundial-da-juventude\\\/#breadcrumb\"},\"inLanguage\":\"pt-PT\",\"potentialAction\":[{\"@type\":\"ReadAction\",\"target\":[\"https:\\\/\\\/paroquiaqueijas.net\\\/portal\\\/mensagem-do-papa-para-a-jornada-mundial-da-juventude\\\/\"]}]},{\"@type\":\"ImageObject\",\"inLanguage\":\"pt-PT\",\"@id\":\"https:\\\/\\\/paroquiaqueijas.net\\\/portal\\\/mensagem-do-papa-para-a-jornada-mundial-da-juventude\\\/#primaryimage\",\"url\":\"https:\\\/\\\/paroquiaqueijas.net\\\/portal\\\/wp-content\\\/uploads\\\/2011\\\/03\\\/papa_bento1.jpg\",\"contentUrl\":\"https:\\\/\\\/paroquiaqueijas.net\\\/portal\\\/wp-content\\\/uploads\\\/2011\\\/03\\\/papa_bento1.jpg\",\"width\":392,\"height\":262,\"caption\":\"papa_bento1\"},{\"@type\":\"BreadcrumbList\",\"@id\":\"https:\\\/\\\/paroquiaqueijas.net\\\/portal\\\/mensagem-do-papa-para-a-jornada-mundial-da-juventude\\\/#breadcrumb\",\"itemListElement\":[{\"@type\":\"ListItem\",\"position\":1,\"name\":\"In\u00edcio\",\"item\":\"https:\\\/\\\/paroquiaqueijas.net\\\/portal\\\/\"},{\"@type\":\"ListItem\",\"position\":2,\"name\":\"Mensagem do Papa para a 25.\u00aa Jornada Mundial da Juventude\"}]},{\"@type\":\"WebSite\",\"@id\":\"https:\\\/\\\/paroquiaqueijas.net\\\/portal\\\/#website\",\"url\":\"https:\\\/\\\/paroquiaqueijas.net\\\/portal\\\/\",\"name\":\"Paroquia de Queijas\",\"description\":\"\",\"publisher\":{\"@id\":\"https:\\\/\\\/paroquiaqueijas.net\\\/portal\\\/#organization\"},\"potentialAction\":[{\"@type\":\"SearchAction\",\"target\":{\"@type\":\"EntryPoint\",\"urlTemplate\":\"https:\\\/\\\/paroquiaqueijas.net\\\/portal\\\/?s={search_term_string}\"},\"query-input\":{\"@type\":\"PropertyValueSpecification\",\"valueRequired\":true,\"valueName\":\"search_term_string\"}}],\"inLanguage\":\"pt-PT\"},{\"@type\":\"Organization\",\"@id\":\"https:\\\/\\\/paroquiaqueijas.net\\\/portal\\\/#organization\",\"name\":\"Paroquia de Queijas\",\"url\":\"https:\\\/\\\/paroquiaqueijas.net\\\/portal\\\/\",\"logo\":{\"@type\":\"ImageObject\",\"inLanguage\":\"pt-PT\",\"@id\":\"https:\\\/\\\/paroquiaqueijas.net\\\/portal\\\/#\\\/schema\\\/logo\\\/image\\\/\",\"url\":\"https:\\\/\\\/paroquiaqueijas.net\\\/portal\\\/wp-content\\\/uploads\\\/2026\\\/03\\\/LogoQueijas_novo.png\",\"contentUrl\":\"https:\\\/\\\/paroquiaqueijas.net\\\/portal\\\/wp-content\\\/uploads\\\/2026\\\/03\\\/LogoQueijas_novo.png\",\"width\":520,\"height\":519,\"caption\":\"Paroquia de Queijas\"},\"image\":{\"@id\":\"https:\\\/\\\/paroquiaqueijas.net\\\/portal\\\/#\\\/schema\\\/logo\\\/image\\\/\"},\"sameAs\":[\"https:\\\/\\\/www.facebook.com\\\/paroquiaqueijas\\\/\"]},{\"@type\":\"Person\",\"@id\":\"https:\\\/\\\/paroquiaqueijas.net\\\/portal\\\/#\\\/schema\\\/person\\\/07bb4cce216326e06b6f742b719ebec7\",\"name\":\"Paroquia de Queijas\",\"image\":{\"@type\":\"ImageObject\",\"inLanguage\":\"pt-PT\",\"@id\":\"https:\\\/\\\/secure.gravatar.com\\\/avatar\\\/5054571ff5d2454cd50657fc4e61d0c32d7a5d0d3b36ef6c0f6e269276d13618?s=96&d=mm&r=g\",\"url\":\"https:\\\/\\\/secure.gravatar.com\\\/avatar\\\/5054571ff5d2454cd50657fc4e61d0c32d7a5d0d3b36ef6c0f6e269276d13618?s=96&d=mm&r=g\",\"contentUrl\":\"https:\\\/\\\/secure.gravatar.com\\\/avatar\\\/5054571ff5d2454cd50657fc4e61d0c32d7a5d0d3b36ef6c0f6e269276d13618?s=96&d=mm&r=g\",\"caption\":\"Paroquia de Queijas\"},\"sameAs\":[\"https:\\\/\\\/paroquiaqueijas.net\\\/site\"],\"url\":\"https:\\\/\\\/paroquiaqueijas.net\\\/portal\\\/author\\\/admin1\\\/\"}]}<\/script>\n<!-- \/ Yoast SEO plugin. -->","yoast_head_json":{"title":"Mensagem do Papa para a 25.\u00aa Jornada Mundial da Juventude - Paroquia de Queijas","robots":{"index":"index","follow":"follow","max-snippet":"max-snippet:-1","max-image-preview":"max-image-preview:large","max-video-preview":"max-video-preview:-1"},"canonical":"https:\/\/paroquiaqueijas.net\/portal\/mensagem-do-papa-para-a-jornada-mundial-da-juventude\/","og_locale":"pt_PT","og_type":"article","og_title":"Mensagem do Papa para a 25.\u00aa Jornada Mundial da Juventude - Paroquia de Queijas","og_description":"Mensagem do Papa Bento XVI para o 25.\u00aa Jornada Mundial da Juventude \u00abBom Mestre, que devo fazer para alcan\u00e7ar a [&hellip;]","og_url":"https:\/\/paroquiaqueijas.net\/portal\/mensagem-do-papa-para-a-jornada-mundial-da-juventude\/","og_site_name":"Paroquia de Queijas","article_publisher":"https:\/\/www.facebook.com\/paroquiaqueijas\/","article_published_time":"2011-03-13T18:11:40+00:00","article_modified_time":"2026-03-21T15:42:06+00:00","og_image":[{"width":392,"height":262,"url":"https:\/\/paroquiaqueijas.net\/portal\/wp-content\/uploads\/2011\/03\/papa_bento1.jpg","type":"image\/jpeg"}],"author":"Paroquia de Queijas","twitter_card":"summary_large_image","twitter_misc":{"Escrito por":"Paroquia de Queijas","Tempo estimado de leitura":"13 minutos"},"schema":{"@context":"https:\/\/schema.org","@graph":[{"@type":"Article","@id":"https:\/\/paroquiaqueijas.net\/portal\/mensagem-do-papa-para-a-jornada-mundial-da-juventude\/#article","isPartOf":{"@id":"https:\/\/paroquiaqueijas.net\/portal\/mensagem-do-papa-para-a-jornada-mundial-da-juventude\/"},"author":{"name":"Paroquia de Queijas","@id":"https:\/\/paroquiaqueijas.net\/portal\/#\/schema\/person\/07bb4cce216326e06b6f742b719ebec7"},"headline":"Mensagem do Papa para a 25.\u00aa Jornada Mundial da Juventude","datePublished":"2011-03-13T18:11:40+00:00","dateModified":"2026-03-21T15:42:06+00:00","mainEntityOfPage":{"@id":"https:\/\/paroquiaqueijas.net\/portal\/mensagem-do-papa-para-a-jornada-mundial-da-juventude\/"},"wordCount":2691,"commentCount":0,"publisher":{"@id":"https:\/\/paroquiaqueijas.net\/portal\/#organization"},"image":{"@id":"https:\/\/paroquiaqueijas.net\/portal\/mensagem-do-papa-para-a-jornada-mundial-da-juventude\/#primaryimage"},"thumbnailUrl":"https:\/\/paroquiaqueijas.net\/portal\/wp-content\/uploads\/2011\/03\/papa_bento1.jpg","articleSection":["Papa Bento XVI"],"inLanguage":"pt-PT","potentialAction":[{"@type":"CommentAction","name":"Comment","target":["https:\/\/paroquiaqueijas.net\/portal\/mensagem-do-papa-para-a-jornada-mundial-da-juventude\/#respond"]}]},{"@type":"WebPage","@id":"https:\/\/paroquiaqueijas.net\/portal\/mensagem-do-papa-para-a-jornada-mundial-da-juventude\/","url":"https:\/\/paroquiaqueijas.net\/portal\/mensagem-do-papa-para-a-jornada-mundial-da-juventude\/","name":"Mensagem do Papa para a 25.\u00aa Jornada Mundial da Juventude - Paroquia de Queijas","isPartOf":{"@id":"https:\/\/paroquiaqueijas.net\/portal\/#website"},"primaryImageOfPage":{"@id":"https:\/\/paroquiaqueijas.net\/portal\/mensagem-do-papa-para-a-jornada-mundial-da-juventude\/#primaryimage"},"image":{"@id":"https:\/\/paroquiaqueijas.net\/portal\/mensagem-do-papa-para-a-jornada-mundial-da-juventude\/#primaryimage"},"thumbnailUrl":"https:\/\/paroquiaqueijas.net\/portal\/wp-content\/uploads\/2011\/03\/papa_bento1.jpg","datePublished":"2011-03-13T18:11:40+00:00","dateModified":"2026-03-21T15:42:06+00:00","breadcrumb":{"@id":"https:\/\/paroquiaqueijas.net\/portal\/mensagem-do-papa-para-a-jornada-mundial-da-juventude\/#breadcrumb"},"inLanguage":"pt-PT","potentialAction":[{"@type":"ReadAction","target":["https:\/\/paroquiaqueijas.net\/portal\/mensagem-do-papa-para-a-jornada-mundial-da-juventude\/"]}]},{"@type":"ImageObject","inLanguage":"pt-PT","@id":"https:\/\/paroquiaqueijas.net\/portal\/mensagem-do-papa-para-a-jornada-mundial-da-juventude\/#primaryimage","url":"https:\/\/paroquiaqueijas.net\/portal\/wp-content\/uploads\/2011\/03\/papa_bento1.jpg","contentUrl":"https:\/\/paroquiaqueijas.net\/portal\/wp-content\/uploads\/2011\/03\/papa_bento1.jpg","width":392,"height":262,"caption":"papa_bento1"},{"@type":"BreadcrumbList","@id":"https:\/\/paroquiaqueijas.net\/portal\/mensagem-do-papa-para-a-jornada-mundial-da-juventude\/#breadcrumb","itemListElement":[{"@type":"ListItem","position":1,"name":"In\u00edcio","item":"https:\/\/paroquiaqueijas.net\/portal\/"},{"@type":"ListItem","position":2,"name":"Mensagem do Papa para a 25.\u00aa Jornada Mundial da Juventude"}]},{"@type":"WebSite","@id":"https:\/\/paroquiaqueijas.net\/portal\/#website","url":"https:\/\/paroquiaqueijas.net\/portal\/","name":"Paroquia de Queijas","description":"","publisher":{"@id":"https:\/\/paroquiaqueijas.net\/portal\/#organization"},"potentialAction":[{"@type":"SearchAction","target":{"@type":"EntryPoint","urlTemplate":"https:\/\/paroquiaqueijas.net\/portal\/?s={search_term_string}"},"query-input":{"@type":"PropertyValueSpecification","valueRequired":true,"valueName":"search_term_string"}}],"inLanguage":"pt-PT"},{"@type":"Organization","@id":"https:\/\/paroquiaqueijas.net\/portal\/#organization","name":"Paroquia de Queijas","url":"https:\/\/paroquiaqueijas.net\/portal\/","logo":{"@type":"ImageObject","inLanguage":"pt-PT","@id":"https:\/\/paroquiaqueijas.net\/portal\/#\/schema\/logo\/image\/","url":"https:\/\/paroquiaqueijas.net\/portal\/wp-content\/uploads\/2026\/03\/LogoQueijas_novo.png","contentUrl":"https:\/\/paroquiaqueijas.net\/portal\/wp-content\/uploads\/2026\/03\/LogoQueijas_novo.png","width":520,"height":519,"caption":"Paroquia de Queijas"},"image":{"@id":"https:\/\/paroquiaqueijas.net\/portal\/#\/schema\/logo\/image\/"},"sameAs":["https:\/\/www.facebook.com\/paroquiaqueijas\/"]},{"@type":"Person","@id":"https:\/\/paroquiaqueijas.net\/portal\/#\/schema\/person\/07bb4cce216326e06b6f742b719ebec7","name":"Paroquia de Queijas","image":{"@type":"ImageObject","inLanguage":"pt-PT","@id":"https:\/\/secure.gravatar.com\/avatar\/5054571ff5d2454cd50657fc4e61d0c32d7a5d0d3b36ef6c0f6e269276d13618?s=96&d=mm&r=g","url":"https:\/\/secure.gravatar.com\/avatar\/5054571ff5d2454cd50657fc4e61d0c32d7a5d0d3b36ef6c0f6e269276d13618?s=96&d=mm&r=g","contentUrl":"https:\/\/secure.gravatar.com\/avatar\/5054571ff5d2454cd50657fc4e61d0c32d7a5d0d3b36ef6c0f6e269276d13618?s=96&d=mm&r=g","caption":"Paroquia de Queijas"},"sameAs":["https:\/\/paroquiaqueijas.net\/site"],"url":"https:\/\/paroquiaqueijas.net\/portal\/author\/admin1\/"}]}},"_links":{"self":[{"href":"https:\/\/paroquiaqueijas.net\/portal\/wp-json\/wp\/v2\/posts\/183","targetHints":{"allow":["GET"]}}],"collection":[{"href":"https:\/\/paroquiaqueijas.net\/portal\/wp-json\/wp\/v2\/posts"}],"about":[{"href":"https:\/\/paroquiaqueijas.net\/portal\/wp-json\/wp\/v2\/types\/post"}],"author":[{"embeddable":true,"href":"https:\/\/paroquiaqueijas.net\/portal\/wp-json\/wp\/v2\/users\/1"}],"replies":[{"embeddable":true,"href":"https:\/\/paroquiaqueijas.net\/portal\/wp-json\/wp\/v2\/comments?post=183"}],"version-history":[{"count":1,"href":"https:\/\/paroquiaqueijas.net\/portal\/wp-json\/wp\/v2\/posts\/183\/revisions"}],"predecessor-version":[{"id":2936,"href":"https:\/\/paroquiaqueijas.net\/portal\/wp-json\/wp\/v2\/posts\/183\/revisions\/2936"}],"wp:featuredmedia":[{"embeddable":true,"href":"https:\/\/paroquiaqueijas.net\/portal\/wp-json\/wp\/v2\/media\/182"}],"wp:attachment":[{"href":"https:\/\/paroquiaqueijas.net\/portal\/wp-json\/wp\/v2\/media?parent=183"}],"wp:term":[{"taxonomy":"category","embeddable":true,"href":"https:\/\/paroquiaqueijas.net\/portal\/wp-json\/wp\/v2\/categories?post=183"},{"taxonomy":"post_tag","embeddable":true,"href":"https:\/\/paroquiaqueijas.net\/portal\/wp-json\/wp\/v2\/tags?post=183"}],"curies":[{"name":"wp","href":"https:\/\/api.w.org\/{rel}","templated":true}]}}