{"id":1899,"date":"2021-07-23T17:02:16","date_gmt":"2021-07-23T17:02:16","guid":{"rendered":"https:\/\/paroquiaqueijas.net\/site\/?p=1899"},"modified":"2026-04-18T14:06:29","modified_gmt":"2026-04-18T14:06:29","slug":"dia-mundial-dos-avos-e-idosos","status":"publish","type":"post","link":"https:\/\/paroquiaqueijas.net\/portal\/dia-mundial-dos-avos-e-idosos\/","title":{"rendered":"Dia Mundial dos Av\u00f3s e dos Idosos"},"content":{"rendered":"<p><img fetchpriority=\"high\" decoding=\"async\" class=\" alignright  wp-image-1833\" style=\"margin: 0px 0px 0px 8px; float: right;\" src=\"https:\/\/paroquiaqueijas.net\/portal\/wp-content\/uploads\/2020\/07\/dia_avos1.jpg\" alt=\"dia avos1\" width=\"500\" height=\"355\" srcset=\"https:\/\/paroquiaqueijas.net\/portal\/wp-content\/uploads\/2020\/07\/dia_avos1.jpg 587w, https:\/\/paroquiaqueijas.net\/portal\/wp-content\/uploads\/2020\/07\/dia_avos1-300x213.jpg 300w\" sizes=\"(max-width: 500px) 100vw, 500px\" \/><\/p>\n<p><strong>Os Av\u00f3s s\u00e3o um tesouro!<\/strong> Eles s\u00e3o o amor que conforta o sorriso que acalma e o carinho que embala o cora\u00e7\u00e3o. Neles descobrimos a ternura e o amor de Deus.<\/p>\n<p>O Papa Francisco instituiu o \u00faltimo Domingo de Julho como o <strong>Dia Mundial dos Av\u00f3s e dos Idosos<\/strong>. Este ano iremos solenizar esse dia a 25 de Julho de 2021.<br \/>\nO Santo Padre, na sua Mensagem, destaca tr\u00eas pilares que os av\u00f3s e os idosos podem oferecer como precioso contributo para construir o mundo de amanh\u00e3 na fraternidade e na amizade social: os <strong>sonhos<\/strong>, a <strong>mem\u00f3ria<\/strong> e a <strong>ora\u00e7\u00e3o<\/strong>. Pilares que s\u00e3o aut\u00eanticos caminhos a percorrer por todos n\u00f3s, inspirados pelas pessoas mais idosas.<\/p>\n<p>Que este dia especial seja de agradecimento aos nossos av\u00f3s e idosos pelos sonhos, mem\u00f3ria e ora\u00e7\u00e3o que assumem nas suas vidas e que fecundamente transmitem aos mais jovens.<strong> Feliz Dia dos Av\u00f3s e dos Idosos!<\/strong><\/p>\n<hr \/>\n<p>Aqui fica a <strong>Mensagem do Papa Francisco<\/strong> para este dia<strong>:<br \/>\n<\/strong><\/p>\n<p><em><strong>\u00abEu estou contigo todos os dias!\u00bb <\/strong><\/em>(cf. Mt 28, 20)<\/p>\n<p>Queridos av\u00f4s, queridas av\u00f3s!<br \/>\n\u00abEu estou contigo todos os dias\u00bb (cf. Mt 28, 20) \u00e9 a promessa que o Senhor fez aos disc\u00edpulos antes de subir ao C\u00e9u; e hoje repete-a tamb\u00e9m a ti, querido av\u00f4 e querida av\u00f3. Sim, a ti! \u00abEu estou contigo todos os dias\u00bb s\u00e3o tamb\u00e9m as palavras que eu, Bispo de Roma e idoso como tu, gostaria de te dirigir por ocasi\u00e3o deste primeiro Dia Mundial dos Av\u00f3s e dos Idosos: toda a Igreja est\u00e1 solid\u00e1ria contigo \u2013 ou melhor, connosco \u2013, preocupa-se contigo, ama-te e n\u00e3o quer deixar-te abandonado.<\/p>\n<p>Bem sei que esta mensagem te chega num tempo dif\u00edcil: a pandemia foi uma tempestade inesperada e furiosa, uma dura prova\u00e7\u00e3o que se abateu sobre a vida de cada um, mas, a n\u00f3s idosos, reservou-nos um tratamento especial, um tratamento mais duro. Muit\u00edssimos de n\u00f3s adoeceram \u2013 e muitos partiram \u2013, viram apagar-se a vida do seu c\u00f4njuge ou dos pr\u00f3prios entes queridos, e tantos \u2013 demasiados \u2013 viram-se for\u00e7ados \u00e0 solid\u00e3o por um tempo muito longo, isolados.<\/p>\n<p>O Senhor conhece cada uma das nossas tribula\u00e7\u00f5es deste tempo. Ele est\u00e1 junto de quantos vivem a dolorosa experi\u00eancia de ter sido afastado; a nossa solid\u00e3o \u2013 agravada pela pandemia \u2013 n\u00e3o O deixa indiferente. Segundo uma tradi\u00e7\u00e3o, tamb\u00e9m S\u00e3o Joaquim, o av\u00f4 de Jesus, foi afastado da sua comunidade, porque n\u00e3o tinha filhos; a sua vida \u2013 como a de Ana, sua esposa \u2013 era considerada in\u00fatil. Mas o Senhor enviou-lhe um anjo para o consolar. Estava ele, triste, fora das portas da cidade, quando lhe apareceu um Enviado do Senhor e lhe disse: \u00abJoaquim, Joaquim! O Senhor atendeu a tua ora\u00e7\u00e3o insistente\u00bb.[1] Giotto d\u00e1 a impress\u00e3o, num fresco famoso[2], de colocar a cena de noite, uma daquelas in\u00fameras noites de ins\u00f3nia a que muitos de n\u00f3s se habituaram, povoadas por lembran\u00e7as, inquieta\u00e7\u00f5es e anseios.<\/p>\n<p>Ora, mesmo quando tudo parece escuro, como nestes meses de pandemia, o Senhor continua a enviar anjos para consolar a nossa solid\u00e3o repetindo-nos: \u00abEu estou contigo todos os dias\u00bb. Di-lo a ti, di-lo a mim, a todos. Est\u00e1 aqui o sentido deste Dia Mundial que eu quis celebrado pela primeira vez precisamente neste ano, depois dum longo isolamento e com uma retomada ainda lenta da vida social: oxal\u00e1 cada av\u00f4, cada idoso, cada av\u00f3, cada idosa \u2013 especialmente quem dentre v\u00f3s est\u00e1 mais sozinho \u2013 receba a visita de um anjo!<\/p>\n<p>Este anjo, algumas vezes, ter\u00e1 o rosto dos nossos netos; outras vezes, dos familiares, dos amigos de longa data ou conhecidos precisamente neste momento dif\u00edcil. Neste per\u00edodo, aprendemos a entender como s\u00e3o importantes, para cada um de n\u00f3s, os abra\u00e7os e as visitas, e muito me entristece o facto de as mesmas n\u00e3o serem ainda poss\u00edveis em alguns lugares.<\/p>\n<p>Mas o Senhor envia-nos os seus mensageiros tamb\u00e9m atrav\u00e9s da Palavra divina, que Ele nunca deixa faltar na nossa vida. Cada dia, leiamos uma p\u00e1gina do Evangelho, rezemos com os Salmos, leiamos os Profetas! Ficaremos comovidos com a fidelidade do Senhor. A Sagrada Escritura ajudar-nos-\u00e1 tamb\u00e9m a entender aquilo que o Senhor nos pede hoje na vida. De facto, Ele manda os oper\u00e1rios para a sua vinha a todas as horas do dia (cf. Mt 20, 1-16), em cada esta\u00e7\u00e3o da vida. Eu mesmo posso dar testemunho de que recebi a chamada para me tornar Bispo de Roma quando tinha chegado, por assim dizer, \u00e0 idade da aposenta\u00e7\u00e3o e imaginava que j\u00e1 n\u00e3o podia fazer muito de novo. O Senhor est\u00e1 sempre junto de n\u00f3s \u2013 sempre \u2013 com novos convites, com novas palavras, com a sua consola\u00e7\u00e3o, mas est\u00e1 sempre junto de n\u00f3s. Como sabeis, o Senhor \u00e9 eterno e nunca vai para a reforma. Nunca.<\/p>\n<p>No Evangelho de Mateus, Jesus diz aos Ap\u00f3stolos: \u00abIde, pois, fazei disc\u00edpulos de todos os povos, batizando-os em nome do Pai, do Filho e do Esp\u00edrito Santo, ensinando-os a cumprir tudo quanto vos tenho mandado\u00bb (28, 19-20). Estas palavras s\u00e3o dirigidas tamb\u00e9m a n\u00f3s, hoje, e ajudam-nos a entender melhor que a nossa voca\u00e7\u00e3o \u00e9 salvaguardar as ra\u00edzes, transmitir a f\u00e9 aos jovens e cuidar dos pequeninos. Aten\u00e7\u00e3o! Qual \u00e9 a nossa voca\u00e7\u00e3o hoje, na nossa idade? Salvaguardar as ra\u00edzes, transmitir a f\u00e9 aos jovens e cuidar dos pequeninos. N\u00e3o vos esque\u00e7ais disto.<\/p>\n<p>N\u00e3o importa quantos anos tens, se ainda trabalhas ou n\u00e3o, se ficaste sozinho ou tens uma fam\u00edlia, se te tornaste av\u00f3 ou av\u00f4 ainda relativamente jovem ou j\u00e1 avan\u00e7ado nos anos, se ainda \u00e9s aut\u00f3nomo ou precisas de ser assistido, porque n\u00e3o existe uma idade para aposentar-se da tarefa de anunciar o Evangelho, da tarefa de transmitir as tradi\u00e7\u00f5es aos netos. \u00c9 preciso p\u00f4r-se a caminho e, sobretudo, sair de si mesmo para empreender algo de novo.<\/p>\n<p>Portanto existe uma renovada voca\u00e7\u00e3o, tamb\u00e9m para ti, num momento crucial da hist\u00f3ria. Perguntar-te-\u00e1s: Mas, como \u00e9 poss\u00edvel? As minhas energias v\u00e3o-se exaurindo e n\u00e3o creio que possa ainda fazer muito. Como posso come\u00e7ar a comportar-me de maneira diferente, quando o h\u00e1bito se tornou a regra da minha exist\u00eancia? Como posso dedicar-me a quem \u00e9 mais pobre, se j\u00e1 tenho tantas preocupa\u00e7\u00f5es com a minha fam\u00edlia? Como posso alongar o meu olhar, se n\u00e3o me \u00e9 permitido sequer sair da resid\u00eancia onde vivo? N\u00e3o \u00e9 um fardo j\u00e1 demasiado pesado a minha solid\u00e3o? Quantos de v\u00f3s se interrogam: N\u00e3o \u00e9 um fardo j\u00e1 demasiado pesado a minha solid\u00e3o? O pr\u00f3prio Jesus ouviu Nicodemos dirigir-Lhe uma pergunta deste tipo: \u00abComo pode um homem nascer, sendo velho?\u00bb (Jo 3, 4). Isso \u00e9 poss\u00edvel \u2013 responde o Senhor \u2013, abrindo o pr\u00f3prio cora\u00e7\u00e3o \u00e0 obra do Esp\u00edrito Santo, que sopra onde quer. Com a liberdade que tem, o Esp\u00edrito Santo move-Se por toda a parte e faz aquilo que quer.<\/p>\n<p>Como afirmei j\u00e1 mais de uma vez, da crise que o mundo atravessa, n\u00e3o sairemos iguais: sairemos melhores ou piores. E \u00aboxal\u00e1 n\u00e3o seja mais um grave epis\u00f3dio da hist\u00f3ria, cuja li\u00e7\u00e3o n\u00e3o fomos capazes de aprender [somos de cabe\u00e7a dura!]. Oxal\u00e1 n\u00e3o nos esque\u00e7amos dos idosos que morreram por falta de respiradores (&#8230;). Oxal\u00e1 n\u00e3o seja in\u00fatil tanto sofrimento, mas tenhamos dado um salto para uma nova forma de viver e descubramos, enfim, que precisamos e somos devedores uns dos outros, para que a humanidade renas\u00e7a\u00bb (Fratelli tutti, 35). Ningu\u00e9m se salva sozinho. Devedores uns dos outros. Todos irm\u00e3os.<\/p>\n<p>Nesta perspetiva, quero dizer que h\u00e1 necessidade de ti para se construir, na fraternidade e na amizade social, o mundo de amanh\u00e3: aquele em que viveremos \u2013 n\u00f3s com os nossos filhos e netos \u2013, quando se aplacar a tempestade. Todos devemos ser \u00abparte ativa na reabilita\u00e7\u00e3o e apoio das sociedades feridas\u00bb (Ibid., 77). Entre os v\u00e1rios pilares que dever\u00e3o sustentar esta nova constru\u00e7\u00e3o, h\u00e1 tr\u00eas que tu \u2013 melhor que outros \u2013 podes ajudar a colocar. Tr\u00eas pilares: os sonhos, a mem\u00f3ria e a ora\u00e7\u00e3o. A proximidade do Senhor dar\u00e1 \u2013 mesmo aos mais fr\u00e1geis de n\u00f3s \u2013 a for\u00e7a para empreender um novo caminho pelas estradas do sonho, da mem\u00f3ria e da ora\u00e7\u00e3o.<\/p>\n<p>Uma vez o profeta Joel pronunciou esta promessa: \u00abOs vossos anci\u00e3os ter\u00e3o sonhos e os jovens ter\u00e3o vis\u00f5es\u00bb (3, 1). O futuro do mundo est\u00e1 nesta alian\u00e7a entre os jovens e os idosos. Quem, sen\u00e3o os jovens, pode agarrar os sonhos dos idosos e lev\u00e1-los por diante? Mas, para isso, \u00e9 necess\u00e1rio continuar a sonhar: nos nossos sonhos de justi\u00e7a, de paz, de solidariedade reside a possibilidade de os nossos jovens terem novas vis\u00f5es e, juntos, construirmos o futuro. \u00c9 preciso que testemunhes, tamb\u00e9m tu, a possibilidade de se sair renovado duma experi\u00eancia dolorosa. E tenho a certeza de que n\u00e3o ser\u00e1 a \u00fanica, pois, na tua vida, ter\u00e1s tido tantas e sempre conseguiste triunfar delas. E, dessa experi\u00eancia que tens, aprende como sair da prova\u00e7\u00e3o atual.<\/p>\n<p>Nisto se v\u00ea como os sonhos est\u00e3o entrela\u00e7ados com a mem\u00f3ria. Penso como pode ser de grande valor a mem\u00f3ria dolorosa da guerra, e quanto podem as novas gera\u00e7\u00f5es aprender dela a respeito do valor da paz. E, a transmitir isto, \u00e9s tu que viveste a tribula\u00e7\u00e3o das guerras. Recordar \u00e9 uma miss\u00e3o verdadeira e pr\u00f3pria de cada idoso: conservar na mem\u00f3ria e levar a mem\u00f3ria aos outros. Segundo Edith Bruck que sobreviveu \u00e0 trag\u00e9dia do Holocausto, \u00abmesmo que seja para iluminar uma s\u00f3 consci\u00eancia, vale a pena a fadiga de manter viva a recorda\u00e7\u00e3o do que foi\u2026 e continua. Para mim, a mem\u00f3ria \u00e9 viver\u00bb.[3] Penso tamb\u00e9m nos meus av\u00f3s e naqueles de v\u00f3s que tiveram de emigrar e sabem quanto custa deixar a pr\u00f3pria casa, como fazem muitos ainda hoje \u00e0 procura dum futuro. Talvez tenhamos algum deles ao nosso lado a cuidar de n\u00f3s. Esta mem\u00f3ria pode ajudar a construir um mundo mais humano, mais acolhedor. Mas, sem a mem\u00f3ria, n\u00e3o se pode construir; sem alicerces, tu nunca construir\u00e1s uma casa. Nunca. E os alicerces da vida est\u00e3o na mem\u00f3ria.<\/p>\n<p>Por fim, a ora\u00e7\u00e3o. Como disse o meu predecessor, Papa Bento (um idoso santo, que continua a rezar e trabalhar pela Igreja), \u00aba ora\u00e7\u00e3o dos idosos pode proteger o mundo, ajudando-o talvez de modo mais incisivo do que a fadiga de tantos\u00bb.[4] Disse-o quase no fim do seu pontificado, em 2012. \u00c9 belo! A tua ora\u00e7\u00e3o \u00e9 um recurso precios\u00edssimo: \u00e9 um pulm\u00e3o de que n\u00e3o se podem privar a Igreja e o mundo (cf. Evangelii gaudium, 262). Sobretudo neste tempo t\u00e3o dif\u00edcil para a humanidade em que estamos \u2013 todos na mesma barca \u2013 a atravessar o mar tempestuoso da pandemia, a tua intercess\u00e3o pelo mundo e pela Igreja n\u00e3o \u00e9 v\u00e3, mas indica a todos a serena confian\u00e7a de um porto seguro.<\/p>\n<p>Querida av\u00f3, querido av\u00f4! Ao concluir esta minha mensagem, gostaria de indicar, tamb\u00e9m a ti, o exemplo do Beato (e proximamente Santo) Carlos de Foucauld. Viveu como eremita na Arg\u00e9lia e l\u00e1, naquele contexto perif\u00e9rico, testemunhou \u00abos seus desejos de sentir todo o ser humano como um irm\u00e3o\u00bb (Fratelli tutti, 287). A sua hist\u00f3ria mostra como \u00e9 poss\u00edvel, mesmo na solid\u00e3o do pr\u00f3prio deserto, interceder pelos pobres do mundo inteiro e tornar-se verdadeiramente um irm\u00e3o e uma irm\u00e3 universal.<\/p>\n<p>Pe\u00e7o ao Senhor que cada um de n\u00f3s, gra\u00e7as tamb\u00e9m ao seu exemplo, alargue o pr\u00f3prio cora\u00e7\u00e3o e o torne sens\u00edvel aos sofrimentos dos \u00faltimos e capaz de interceder por eles. Oxal\u00e1 cada um de n\u00f3s aprenda a repetir a todos, e em particular aos mais jovens, estas palavras de consola\u00e7\u00e3o que ouvimos hoje dirigidas a n\u00f3s: \u00abEu estou contigo todos os dias\u00bb. Avante e coragem! Que o Senhor vos aben\u00e7oe.<\/p>\n<p style=\"text-align: right;\">Roma, 31 de maio de 2021.<\/p>\n<p style=\"text-align: right;\">PAPA FRANCISCO<\/p>\n<hr \/>\n<p>[1] O epis\u00f3dio \u00e9 narrado no Protoevangelho de Tiago.<br \/>\n[2] Trata-se da imagem escolhida como log\u00f3tipo do Dia Mundial dos Av\u00f3s e dos Idosos.<br \/>\n[3] \u00abLa memoria \u00e8 vita, la scrittura \u00e8 respiro\u00bb, in L&#8217;Osservatore Romano (26 de janeiro de 2021).<br \/>\n[4] Visita \u00e0 casa-fam\u00edlia \u201cViva gli anziani\u201d, 12 de novembro de 2012.<\/p>\n","protected":false},"excerpt":{"rendered":"<p>Os Av\u00f3s s\u00e3o um tesouro! Eles s\u00e3o o amor que conforta o sorriso que acalma e o carinho que embala [&hellip;]<\/p>\n","protected":false},"author":1,"featured_media":1833,"comment_status":"open","ping_status":"open","sticky":false,"template":"","format":"standard","meta":{"site-sidebar-layout":"default","site-content-layout":"","ast-site-content-layout":"default","site-content-style":"default","site-sidebar-style":"default","ast-global-header-display":"","ast-banner-title-visibility":"","ast-main-header-display":"","ast-hfb-above-header-display":"","ast-hfb-below-header-display":"","ast-hfb-mobile-header-display":"","site-post-title":"","ast-breadcrumbs-content":"","ast-featured-img":"","footer-sml-layout":"","ast-disable-related-posts":"","theme-transparent-header-meta":"default","adv-header-id-meta":"","stick-header-meta":"default","header-above-stick-meta":"","header-main-stick-meta":"","header-below-stick-meta":"","astra-migrate-meta-layouts":"set","ast-page-background-enabled":"default","ast-page-background-meta":{"desktop":{"background-color":"var(--ast-global-color-5)","background-image":"","background-repeat":"repeat","background-position":"center center","background-size":"auto","background-attachment":"scroll","background-type":"","background-media":"","overlay-type":"","overlay-color":"","overlay-opacity":"","overlay-gradient":""},"tablet":{"background-color":"","background-image":"","background-repeat":"repeat","background-position":"center center","background-size":"auto","background-attachment":"scroll","background-type":"","background-media":"","overlay-type":"","overlay-color":"","overlay-opacity":"","overlay-gradient":""},"mobile":{"background-color":"","background-image":"","background-repeat":"repeat","background-position":"center center","background-size":"auto","background-attachment":"scroll","background-type":"","background-media":"","overlay-type":"","overlay-color":"","overlay-opacity":"","overlay-gradient":""}},"ast-content-background-meta":{"desktop":{"background-color":"var(--ast-global-color-4)","background-image":"","background-repeat":"repeat","background-position":"center center","background-size":"auto","background-attachment":"scroll","background-type":"","background-media":"","overlay-type":"","overlay-color":"","overlay-opacity":"","overlay-gradient":""},"tablet":{"background-color":"var(--ast-global-color-4)","background-image":"","background-repeat":"repeat","background-position":"center center","background-size":"auto","background-attachment":"scroll","background-type":"","background-media":"","overlay-type":"","overlay-color":"","overlay-opacity":"","overlay-gradient":""},"mobile":{"background-color":"var(--ast-global-color-4)","background-image":"","background-repeat":"repeat","background-position":"center center","background-size":"auto","background-attachment":"scroll","background-type":"","background-media":"","overlay-type":"","overlay-color":"","overlay-opacity":"","overlay-gradient":""}},"footnotes":""},"categories":[13],"tags":[],"class_list":["post-1899","post","type-post","status-publish","format-standard","has-post-thumbnail","hentry","category-papa-francisco"],"yoast_head":"<!-- This site is optimized with the Yoast SEO plugin v27.4 - https:\/\/yoast.com\/product\/yoast-seo-wordpress\/ -->\n<title>Dia Mundial dos Av\u00f3s e dos Idosos - Paroquia de Queijas<\/title>\n<meta name=\"robots\" content=\"index, follow, max-snippet:-1, max-image-preview:large, max-video-preview:-1\" \/>\n<link rel=\"canonical\" href=\"https:\/\/paroquiaqueijas.net\/portal\/dia-mundial-dos-avos-e-idosos\/\" \/>\n<meta property=\"og:locale\" content=\"pt_PT\" \/>\n<meta property=\"og:type\" content=\"article\" \/>\n<meta property=\"og:title\" content=\"Dia Mundial dos Av\u00f3s e dos Idosos - Paroquia de Queijas\" \/>\n<meta property=\"og:description\" content=\"Os Av\u00f3s s\u00e3o um tesouro! Eles s\u00e3o o amor que conforta o sorriso que acalma e o carinho que embala [&hellip;]\" \/>\n<meta property=\"og:url\" content=\"https:\/\/paroquiaqueijas.net\/portal\/dia-mundial-dos-avos-e-idosos\/\" \/>\n<meta property=\"og:site_name\" content=\"Paroquia de Queijas\" \/>\n<meta property=\"article:publisher\" content=\"https:\/\/www.facebook.com\/paroquiaqueijas\/\" \/>\n<meta property=\"article:published_time\" content=\"2021-07-23T17:02:16+00:00\" \/>\n<meta property=\"article:modified_time\" content=\"2026-04-18T14:06:29+00:00\" \/>\n<meta property=\"og:image\" content=\"https:\/\/paroquiaqueijas.net\/portal\/wp-content\/uploads\/2020\/07\/dia_avos1.jpg\" \/>\n\t<meta property=\"og:image:width\" content=\"587\" \/>\n\t<meta property=\"og:image:height\" content=\"417\" \/>\n\t<meta property=\"og:image:type\" content=\"image\/jpeg\" \/>\n<meta name=\"author\" content=\"Paroquia de Queijas\" \/>\n<meta name=\"twitter:card\" content=\"summary_large_image\" \/>\n<meta name=\"twitter:label1\" content=\"Escrito por\" \/>\n\t<meta name=\"twitter:data1\" content=\"Paroquia de Queijas\" \/>\n\t<meta name=\"twitter:label2\" content=\"Tempo estimado de leitura\" \/>\n\t<meta name=\"twitter:data2\" content=\"12 minutos\" \/>\n<script type=\"application\/ld+json\" class=\"yoast-schema-graph\">{\"@context\":\"https:\\\/\\\/schema.org\",\"@graph\":[{\"@type\":\"Article\",\"@id\":\"https:\\\/\\\/paroquiaqueijas.net\\\/portal\\\/dia-mundial-dos-avos-e-idosos\\\/#article\",\"isPartOf\":{\"@id\":\"https:\\\/\\\/paroquiaqueijas.net\\\/portal\\\/dia-mundial-dos-avos-e-idosos\\\/\"},\"author\":{\"name\":\"Paroquia de Queijas\",\"@id\":\"https:\\\/\\\/paroquiaqueijas.net\\\/portal\\\/#\\\/schema\\\/person\\\/07bb4cce216326e06b6f742b719ebec7\"},\"headline\":\"Dia Mundial dos Av\u00f3s e dos Idosos\",\"datePublished\":\"2021-07-23T17:02:16+00:00\",\"dateModified\":\"2026-04-18T14:06:29+00:00\",\"mainEntityOfPage\":{\"@id\":\"https:\\\/\\\/paroquiaqueijas.net\\\/portal\\\/dia-mundial-dos-avos-e-idosos\\\/\"},\"wordCount\":2134,\"commentCount\":0,\"publisher\":{\"@id\":\"https:\\\/\\\/paroquiaqueijas.net\\\/portal\\\/#organization\"},\"image\":{\"@id\":\"https:\\\/\\\/paroquiaqueijas.net\\\/portal\\\/dia-mundial-dos-avos-e-idosos\\\/#primaryimage\"},\"thumbnailUrl\":\"https:\\\/\\\/paroquiaqueijas.net\\\/portal\\\/wp-content\\\/uploads\\\/2020\\\/07\\\/dia_avos1.jpg\",\"articleSection\":[\"Papa Francisco\"],\"inLanguage\":\"pt-PT\",\"potentialAction\":[{\"@type\":\"CommentAction\",\"name\":\"Comment\",\"target\":[\"https:\\\/\\\/paroquiaqueijas.net\\\/portal\\\/dia-mundial-dos-avos-e-idosos\\\/#respond\"]}]},{\"@type\":\"WebPage\",\"@id\":\"https:\\\/\\\/paroquiaqueijas.net\\\/portal\\\/dia-mundial-dos-avos-e-idosos\\\/\",\"url\":\"https:\\\/\\\/paroquiaqueijas.net\\\/portal\\\/dia-mundial-dos-avos-e-idosos\\\/\",\"name\":\"Dia Mundial dos Av\u00f3s e dos Idosos - Paroquia de Queijas\",\"isPartOf\":{\"@id\":\"https:\\\/\\\/paroquiaqueijas.net\\\/portal\\\/#website\"},\"primaryImageOfPage\":{\"@id\":\"https:\\\/\\\/paroquiaqueijas.net\\\/portal\\\/dia-mundial-dos-avos-e-idosos\\\/#primaryimage\"},\"image\":{\"@id\":\"https:\\\/\\\/paroquiaqueijas.net\\\/portal\\\/dia-mundial-dos-avos-e-idosos\\\/#primaryimage\"},\"thumbnailUrl\":\"https:\\\/\\\/paroquiaqueijas.net\\\/portal\\\/wp-content\\\/uploads\\\/2020\\\/07\\\/dia_avos1.jpg\",\"datePublished\":\"2021-07-23T17:02:16+00:00\",\"dateModified\":\"2026-04-18T14:06:29+00:00\",\"breadcrumb\":{\"@id\":\"https:\\\/\\\/paroquiaqueijas.net\\\/portal\\\/dia-mundial-dos-avos-e-idosos\\\/#breadcrumb\"},\"inLanguage\":\"pt-PT\",\"potentialAction\":[{\"@type\":\"ReadAction\",\"target\":[\"https:\\\/\\\/paroquiaqueijas.net\\\/portal\\\/dia-mundial-dos-avos-e-idosos\\\/\"]}]},{\"@type\":\"ImageObject\",\"inLanguage\":\"pt-PT\",\"@id\":\"https:\\\/\\\/paroquiaqueijas.net\\\/portal\\\/dia-mundial-dos-avos-e-idosos\\\/#primaryimage\",\"url\":\"https:\\\/\\\/paroquiaqueijas.net\\\/portal\\\/wp-content\\\/uploads\\\/2020\\\/07\\\/dia_avos1.jpg\",\"contentUrl\":\"https:\\\/\\\/paroquiaqueijas.net\\\/portal\\\/wp-content\\\/uploads\\\/2020\\\/07\\\/dia_avos1.jpg\",\"width\":587,\"height\":417,\"caption\":\"dia avos1\"},{\"@type\":\"BreadcrumbList\",\"@id\":\"https:\\\/\\\/paroquiaqueijas.net\\\/portal\\\/dia-mundial-dos-avos-e-idosos\\\/#breadcrumb\",\"itemListElement\":[{\"@type\":\"ListItem\",\"position\":1,\"name\":\"In\u00edcio\",\"item\":\"https:\\\/\\\/paroquiaqueijas.net\\\/portal\\\/\"},{\"@type\":\"ListItem\",\"position\":2,\"name\":\"Dia Mundial dos Av\u00f3s e dos Idosos\"}]},{\"@type\":\"WebSite\",\"@id\":\"https:\\\/\\\/paroquiaqueijas.net\\\/portal\\\/#website\",\"url\":\"https:\\\/\\\/paroquiaqueijas.net\\\/portal\\\/\",\"name\":\"Paroquia de Queijas\",\"description\":\"\",\"publisher\":{\"@id\":\"https:\\\/\\\/paroquiaqueijas.net\\\/portal\\\/#organization\"},\"potentialAction\":[{\"@type\":\"SearchAction\",\"target\":{\"@type\":\"EntryPoint\",\"urlTemplate\":\"https:\\\/\\\/paroquiaqueijas.net\\\/portal\\\/?s={search_term_string}\"},\"query-input\":{\"@type\":\"PropertyValueSpecification\",\"valueRequired\":true,\"valueName\":\"search_term_string\"}}],\"inLanguage\":\"pt-PT\"},{\"@type\":\"Organization\",\"@id\":\"https:\\\/\\\/paroquiaqueijas.net\\\/portal\\\/#organization\",\"name\":\"Paroquia de Queijas\",\"url\":\"https:\\\/\\\/paroquiaqueijas.net\\\/portal\\\/\",\"logo\":{\"@type\":\"ImageObject\",\"inLanguage\":\"pt-PT\",\"@id\":\"https:\\\/\\\/paroquiaqueijas.net\\\/portal\\\/#\\\/schema\\\/logo\\\/image\\\/\",\"url\":\"https:\\\/\\\/paroquiaqueijas.net\\\/portal\\\/wp-content\\\/uploads\\\/2026\\\/03\\\/LogoQueijas_novo.png\",\"contentUrl\":\"https:\\\/\\\/paroquiaqueijas.net\\\/portal\\\/wp-content\\\/uploads\\\/2026\\\/03\\\/LogoQueijas_novo.png\",\"width\":520,\"height\":519,\"caption\":\"Paroquia de Queijas\"},\"image\":{\"@id\":\"https:\\\/\\\/paroquiaqueijas.net\\\/portal\\\/#\\\/schema\\\/logo\\\/image\\\/\"},\"sameAs\":[\"https:\\\/\\\/www.facebook.com\\\/paroquiaqueijas\\\/\"]},{\"@type\":\"Person\",\"@id\":\"https:\\\/\\\/paroquiaqueijas.net\\\/portal\\\/#\\\/schema\\\/person\\\/07bb4cce216326e06b6f742b719ebec7\",\"name\":\"Paroquia de Queijas\",\"image\":{\"@type\":\"ImageObject\",\"inLanguage\":\"pt-PT\",\"@id\":\"https:\\\/\\\/secure.gravatar.com\\\/avatar\\\/5054571ff5d2454cd50657fc4e61d0c32d7a5d0d3b36ef6c0f6e269276d13618?s=96&d=mm&r=g\",\"url\":\"https:\\\/\\\/secure.gravatar.com\\\/avatar\\\/5054571ff5d2454cd50657fc4e61d0c32d7a5d0d3b36ef6c0f6e269276d13618?s=96&d=mm&r=g\",\"contentUrl\":\"https:\\\/\\\/secure.gravatar.com\\\/avatar\\\/5054571ff5d2454cd50657fc4e61d0c32d7a5d0d3b36ef6c0f6e269276d13618?s=96&d=mm&r=g\",\"caption\":\"Paroquia de Queijas\"},\"sameAs\":[\"https:\\\/\\\/paroquiaqueijas.net\\\/site\"],\"url\":\"https:\\\/\\\/paroquiaqueijas.net\\\/portal\\\/author\\\/admin1\\\/\"}]}<\/script>\n<!-- \/ Yoast SEO plugin. -->","yoast_head_json":{"title":"Dia Mundial dos Av\u00f3s e dos Idosos - Paroquia de Queijas","robots":{"index":"index","follow":"follow","max-snippet":"max-snippet:-1","max-image-preview":"max-image-preview:large","max-video-preview":"max-video-preview:-1"},"canonical":"https:\/\/paroquiaqueijas.net\/portal\/dia-mundial-dos-avos-e-idosos\/","og_locale":"pt_PT","og_type":"article","og_title":"Dia Mundial dos Av\u00f3s e dos Idosos - Paroquia de Queijas","og_description":"Os Av\u00f3s s\u00e3o um tesouro! Eles s\u00e3o o amor que conforta o sorriso que acalma e o carinho que embala [&hellip;]","og_url":"https:\/\/paroquiaqueijas.net\/portal\/dia-mundial-dos-avos-e-idosos\/","og_site_name":"Paroquia de Queijas","article_publisher":"https:\/\/www.facebook.com\/paroquiaqueijas\/","article_published_time":"2021-07-23T17:02:16+00:00","article_modified_time":"2026-04-18T14:06:29+00:00","og_image":[{"width":587,"height":417,"url":"https:\/\/paroquiaqueijas.net\/portal\/wp-content\/uploads\/2020\/07\/dia_avos1.jpg","type":"image\/jpeg"}],"author":"Paroquia de Queijas","twitter_card":"summary_large_image","twitter_misc":{"Escrito por":"Paroquia de Queijas","Tempo estimado de leitura":"12 minutos"},"schema":{"@context":"https:\/\/schema.org","@graph":[{"@type":"Article","@id":"https:\/\/paroquiaqueijas.net\/portal\/dia-mundial-dos-avos-e-idosos\/#article","isPartOf":{"@id":"https:\/\/paroquiaqueijas.net\/portal\/dia-mundial-dos-avos-e-idosos\/"},"author":{"name":"Paroquia de Queijas","@id":"https:\/\/paroquiaqueijas.net\/portal\/#\/schema\/person\/07bb4cce216326e06b6f742b719ebec7"},"headline":"Dia Mundial dos Av\u00f3s e dos Idosos","datePublished":"2021-07-23T17:02:16+00:00","dateModified":"2026-04-18T14:06:29+00:00","mainEntityOfPage":{"@id":"https:\/\/paroquiaqueijas.net\/portal\/dia-mundial-dos-avos-e-idosos\/"},"wordCount":2134,"commentCount":0,"publisher":{"@id":"https:\/\/paroquiaqueijas.net\/portal\/#organization"},"image":{"@id":"https:\/\/paroquiaqueijas.net\/portal\/dia-mundial-dos-avos-e-idosos\/#primaryimage"},"thumbnailUrl":"https:\/\/paroquiaqueijas.net\/portal\/wp-content\/uploads\/2020\/07\/dia_avos1.jpg","articleSection":["Papa Francisco"],"inLanguage":"pt-PT","potentialAction":[{"@type":"CommentAction","name":"Comment","target":["https:\/\/paroquiaqueijas.net\/portal\/dia-mundial-dos-avos-e-idosos\/#respond"]}]},{"@type":"WebPage","@id":"https:\/\/paroquiaqueijas.net\/portal\/dia-mundial-dos-avos-e-idosos\/","url":"https:\/\/paroquiaqueijas.net\/portal\/dia-mundial-dos-avos-e-idosos\/","name":"Dia Mundial dos Av\u00f3s e dos Idosos - Paroquia de Queijas","isPartOf":{"@id":"https:\/\/paroquiaqueijas.net\/portal\/#website"},"primaryImageOfPage":{"@id":"https:\/\/paroquiaqueijas.net\/portal\/dia-mundial-dos-avos-e-idosos\/#primaryimage"},"image":{"@id":"https:\/\/paroquiaqueijas.net\/portal\/dia-mundial-dos-avos-e-idosos\/#primaryimage"},"thumbnailUrl":"https:\/\/paroquiaqueijas.net\/portal\/wp-content\/uploads\/2020\/07\/dia_avos1.jpg","datePublished":"2021-07-23T17:02:16+00:00","dateModified":"2026-04-18T14:06:29+00:00","breadcrumb":{"@id":"https:\/\/paroquiaqueijas.net\/portal\/dia-mundial-dos-avos-e-idosos\/#breadcrumb"},"inLanguage":"pt-PT","potentialAction":[{"@type":"ReadAction","target":["https:\/\/paroquiaqueijas.net\/portal\/dia-mundial-dos-avos-e-idosos\/"]}]},{"@type":"ImageObject","inLanguage":"pt-PT","@id":"https:\/\/paroquiaqueijas.net\/portal\/dia-mundial-dos-avos-e-idosos\/#primaryimage","url":"https:\/\/paroquiaqueijas.net\/portal\/wp-content\/uploads\/2020\/07\/dia_avos1.jpg","contentUrl":"https:\/\/paroquiaqueijas.net\/portal\/wp-content\/uploads\/2020\/07\/dia_avos1.jpg","width":587,"height":417,"caption":"dia avos1"},{"@type":"BreadcrumbList","@id":"https:\/\/paroquiaqueijas.net\/portal\/dia-mundial-dos-avos-e-idosos\/#breadcrumb","itemListElement":[{"@type":"ListItem","position":1,"name":"In\u00edcio","item":"https:\/\/paroquiaqueijas.net\/portal\/"},{"@type":"ListItem","position":2,"name":"Dia Mundial dos Av\u00f3s e dos Idosos"}]},{"@type":"WebSite","@id":"https:\/\/paroquiaqueijas.net\/portal\/#website","url":"https:\/\/paroquiaqueijas.net\/portal\/","name":"Paroquia de Queijas","description":"","publisher":{"@id":"https:\/\/paroquiaqueijas.net\/portal\/#organization"},"potentialAction":[{"@type":"SearchAction","target":{"@type":"EntryPoint","urlTemplate":"https:\/\/paroquiaqueijas.net\/portal\/?s={search_term_string}"},"query-input":{"@type":"PropertyValueSpecification","valueRequired":true,"valueName":"search_term_string"}}],"inLanguage":"pt-PT"},{"@type":"Organization","@id":"https:\/\/paroquiaqueijas.net\/portal\/#organization","name":"Paroquia de Queijas","url":"https:\/\/paroquiaqueijas.net\/portal\/","logo":{"@type":"ImageObject","inLanguage":"pt-PT","@id":"https:\/\/paroquiaqueijas.net\/portal\/#\/schema\/logo\/image\/","url":"https:\/\/paroquiaqueijas.net\/portal\/wp-content\/uploads\/2026\/03\/LogoQueijas_novo.png","contentUrl":"https:\/\/paroquiaqueijas.net\/portal\/wp-content\/uploads\/2026\/03\/LogoQueijas_novo.png","width":520,"height":519,"caption":"Paroquia de Queijas"},"image":{"@id":"https:\/\/paroquiaqueijas.net\/portal\/#\/schema\/logo\/image\/"},"sameAs":["https:\/\/www.facebook.com\/paroquiaqueijas\/"]},{"@type":"Person","@id":"https:\/\/paroquiaqueijas.net\/portal\/#\/schema\/person\/07bb4cce216326e06b6f742b719ebec7","name":"Paroquia de Queijas","image":{"@type":"ImageObject","inLanguage":"pt-PT","@id":"https:\/\/secure.gravatar.com\/avatar\/5054571ff5d2454cd50657fc4e61d0c32d7a5d0d3b36ef6c0f6e269276d13618?s=96&d=mm&r=g","url":"https:\/\/secure.gravatar.com\/avatar\/5054571ff5d2454cd50657fc4e61d0c32d7a5d0d3b36ef6c0f6e269276d13618?s=96&d=mm&r=g","contentUrl":"https:\/\/secure.gravatar.com\/avatar\/5054571ff5d2454cd50657fc4e61d0c32d7a5d0d3b36ef6c0f6e269276d13618?s=96&d=mm&r=g","caption":"Paroquia de Queijas"},"sameAs":["https:\/\/paroquiaqueijas.net\/site"],"url":"https:\/\/paroquiaqueijas.net\/portal\/author\/admin1\/"}]}},"_links":{"self":[{"href":"https:\/\/paroquiaqueijas.net\/portal\/wp-json\/wp\/v2\/posts\/1899","targetHints":{"allow":["GET"]}}],"collection":[{"href":"https:\/\/paroquiaqueijas.net\/portal\/wp-json\/wp\/v2\/posts"}],"about":[{"href":"https:\/\/paroquiaqueijas.net\/portal\/wp-json\/wp\/v2\/types\/post"}],"author":[{"embeddable":true,"href":"https:\/\/paroquiaqueijas.net\/portal\/wp-json\/wp\/v2\/users\/1"}],"replies":[{"embeddable":true,"href":"https:\/\/paroquiaqueijas.net\/portal\/wp-json\/wp\/v2\/comments?post=1899"}],"version-history":[{"count":3,"href":"https:\/\/paroquiaqueijas.net\/portal\/wp-json\/wp\/v2\/posts\/1899\/revisions"}],"predecessor-version":[{"id":4075,"href":"https:\/\/paroquiaqueijas.net\/portal\/wp-json\/wp\/v2\/posts\/1899\/revisions\/4075"}],"wp:featuredmedia":[{"embeddable":true,"href":"https:\/\/paroquiaqueijas.net\/portal\/wp-json\/wp\/v2\/media\/1833"}],"wp:attachment":[{"href":"https:\/\/paroquiaqueijas.net\/portal\/wp-json\/wp\/v2\/media?parent=1899"}],"wp:term":[{"taxonomy":"category","embeddable":true,"href":"https:\/\/paroquiaqueijas.net\/portal\/wp-json\/wp\/v2\/categories?post=1899"},{"taxonomy":"post_tag","embeddable":true,"href":"https:\/\/paroquiaqueijas.net\/portal\/wp-json\/wp\/v2\/tags?post=1899"}],"curies":[{"name":"wp","href":"https:\/\/api.w.org\/{rel}","templated":true}]}}