{"id":1919,"date":"2022-03-23T11:43:32","date_gmt":"2022-03-23T11:43:32","guid":{"rendered":"https:\/\/paroquiaqueijas.net\/site\/?p=1919"},"modified":"2026-04-18T13:53:56","modified_gmt":"2026-04-18T13:53:56","slug":"consagracao-ao-imaculado-coracao-de-maria","status":"publish","type":"post","link":"https:\/\/paroquiaqueijas.net\/portal\/consagracao-ao-imaculado-coracao-de-maria\/","title":{"rendered":"Consagra\u00e7\u00e3o ao Imaculado Cora\u00e7\u00e3o de Maria"},"content":{"rendered":"<p><img fetchpriority=\"high\" decoding=\"async\" class=\" alignright  wp-image-1918\" style=\"margin-left: 8px; float: right;\" src=\"https:\/\/paroquiaqueijas.net\/portal\/wp-content\/uploads\/2022\/03\/Francisco_consagracao.jpg\" alt=\"Francisco consagracao\" width=\"500\" height=\"375\" srcset=\"https:\/\/paroquiaqueijas.net\/portal\/wp-content\/uploads\/2022\/03\/Francisco_consagracao.jpg 1024w, https:\/\/paroquiaqueijas.net\/portal\/wp-content\/uploads\/2022\/03\/Francisco_consagracao-300x225.jpg 300w, https:\/\/paroquiaqueijas.net\/portal\/wp-content\/uploads\/2022\/03\/Francisco_consagracao-768x576.jpg 768w\" sizes=\"(max-width: 500px) 100vw, 500px\" \/>\u00d3 Maria, M\u00e3e de Deus e nossa M\u00e3e, recorremos a V\u00f3s nesta hora de tribula\u00e7\u00e3o. V\u00f3s sois M\u00e3e, amais-nos e conheceis-nos: de quanto temos no cora\u00e7\u00e3o, nada Vos \u00e9 oculto. M\u00e3e de miseric\u00f3rdia, muitas vezes experimentamos a vossa ternura providente, a vossa presen\u00e7a que faz voltar a paz, porque sempre nos guiais para Jesus, Pr\u00edncipe da paz.<\/p>\n<p>Mas perdemos o caminho da paz. Esquecemos a li\u00e7\u00e3o das trag\u00e9dias do s\u00e9culo passado, o sacrif\u00edcio de milh\u00f5es de mortos nas guerras mundiais. Descuidamos os compromissos assumidos como Comunidade das Na\u00e7\u00f5es e estamos a atrai\u00e7oar os sonhos de paz dos povos e as esperan\u00e7as dos jovens. Adoecemos de gan\u00e2ncia, fechamo-nos em interesses nacionalistas, deixamo-nos ressequir pela indiferen\u00e7a e paralisar pelo ego\u00edsmo. Preferimos ignorar Deus, conviver com as nossas falsidades, alimentar a agressividade, suprimir vidas e acumular armas, esquecendo-nos que somos guardi\u00f5es do nosso pr\u00f3ximo e da pr\u00f3pria casa comum. Dilaceramos com a guerra o jardim da Terra, ferimos com o pecado o cora\u00e7\u00e3o do nosso Pai, que nos quer irm\u00e3os e irm\u00e3s. Tornamo-nos indiferentes a todos e a tudo, exceto a n\u00f3s mesmos. E, com vergonha, dizemos: perdoai-nos, Senhor!<\/p>\n<p>Na mis\u00e9ria do pecado, das nossas fadigas e fragilidades, no mist\u00e9rio de iniquidade do mal e da guerra, V\u00f3s, M\u00e3e Santa, lembrai-nos que Deus n\u00e3o nos abandona, mas continua a olhar-nos com amor, desejoso de nos perdoar e levantar novamente. Foi Ele que Vos deu a n\u00f3s e colocou no vosso Imaculado Cora\u00e7\u00e3o um ref\u00fagio para a Igreja e para a humanidade. Por bondade divina, estais connosco e conduzis-nos com ternura mesmo nos transes mais apertados da hist\u00f3ria.<\/p>\n<p>Por isso recorremos a V\u00f3s, batemos \u00e0 porta do vosso Cora\u00e7\u00e3o, n\u00f3s os vossos queridos filhos que n\u00e3o Vos cansais de visitar em todo o tempo e convidar \u00e0 convers\u00e3o. Nesta hora escura, vinde socorrer-nos e consolar-nos. Repeti a cada um de n\u00f3s: \u00abN\u00e3o estou porventura aqui Eu, que sou tua m\u00e3e?\u00bb V\u00f3s sabeis como desfazer os emaranhados do nosso cora\u00e7\u00e3o e desatar os n\u00f3s do nosso tempo. Repomos a nossa confian\u00e7a em V\u00f3s. Temos a certeza de que V\u00f3s, especialmente no momento da prova, n\u00e3o desprezais as nossas s\u00faplicas e vindes em nosso aux\u00edlio.<\/p>\n<p>Assim fizestes em Can\u00e1 da Galileia, quando apressastes a hora da interven\u00e7\u00e3o de Jesus e introduzistes no mundo o seu primeiro sinal. Quando a festa se mudara em tristeza, dissestes-Lhe: \u00abN\u00e3o t\u00eam vinho!\u00bb (Jo 2, 3). \u00d3 M\u00e3e, repeti-o mais uma vez a Deus, porque hoje esgotamos o vinho da esperan\u00e7a, desvaneceu-se a alegria, diluiu-se a fraternidade. Perdemos a humanidade, malbaratamos a paz. Tornamo-nos capazes de toda a viol\u00eancia e destrui\u00e7\u00e3o. Temos necessidade urgente da vossa interven\u00e7\u00e3o materna. Por isso acolhei, \u00f3 M\u00e3e, esta nossa s\u00faplica:<\/p>\n<p><strong>V\u00f3s, estrela do mar, n\u00e3o nos deixeis naufragar na tempestade da guerra;<\/strong><br \/>\n<strong>V\u00f3s, arca da nova alian\u00e7a, inspirai projetos e caminhos de reconcilia\u00e7\u00e3o;<\/strong><br \/>\n<strong>V\u00f3s, \u00abterra do C\u00e9u\u00bb, trazei de volta ao mundo a conc\u00f3rdia de Deus;<\/strong><br \/>\n<strong>Apagai o \u00f3dio, acalmai a vingan\u00e7a, ensinai-nos o perd\u00e3o;<\/strong><br \/>\n<strong>Libertai-nos da guerra, preservai o mundo da amea\u00e7a nuclear;<\/strong><br \/>\n<strong>Rainha do Ros\u00e1rio, despertai em n\u00f3s a necessidade de rezar e amar;<\/strong><br \/>\n<strong>Rainha da fam\u00edlia humana, mostrai aos povos o caminho da fraternidade;<\/strong><br \/>\n<strong>Rainha da paz, alcan\u00e7ai a paz para o mundo.<\/strong><\/p>\n<p>O vosso pranto, \u00f3 M\u00e3e, comova os nossos cora\u00e7\u00f5es endurecidos. As l\u00e1grimas, que por n\u00f3s derramastes, fa\u00e7am reflorescer este vale que o nosso \u00f3dio secou. E, enquanto o rumor das armas n\u00e3o se cala, que a vossa ora\u00e7\u00e3o nos predisponha para a paz. As vossas m\u00e3os maternas acariciem quantos sofrem e fogem sob o peso das bombas. O vosso abra\u00e7o materno console quantos s\u00e3o obrigados a deixar as suas casas e o seu pa\u00eds. Que o vosso doloroso Cora\u00e7\u00e3o nos mova \u00e0 compaix\u00e3o e estimule a abrir as portas e cuidar da humanidade ferida e descartada.<\/p>\n<p>Santa M\u00e3e de Deus, enquanto est\u00e1veis ao p\u00e9 da cruz, Jesus, ao ver o disc\u00edpulo junto de V\u00f3s, disse-Vos: \u00abEis o teu filho!\u00bb (Jo 19, 26). Assim Vos confiou cada um de n\u00f3s. Depois disse ao disc\u00edpulo, a cada um de n\u00f3s: \u00abEis a tua m\u00e3e!\u00bb (19, 27). M\u00e3e, agora queremos acolher-Vos na nossa vida e na nossa hist\u00f3ria. Nesta hora, a humanidade, exausta e transtornada, est\u00e1 ao p\u00e9 da cruz convosco. E tem necessidade de se confiar a V\u00f3s, de se consagrar a Cristo por vosso interm\u00e9dio. O povo ucraniano e o povo russo, que Vos veneram com amor, recorrem a V\u00f3s, enquanto o vosso Cora\u00e7\u00e3o palpita por eles e por todos os povos ceifados pela guerra, a fome, a injusti\u00e7a e a mis\u00e9ria.<\/p>\n<p>Por isso n\u00f3s, \u00f3 M\u00e3e de Deus e nossa, solenemente confiamos e consagramos ao vosso Imaculado Cora\u00e7\u00e3o n\u00f3s mesmos, a Igreja e a humanidade inteira, de modo especial a R\u00fassia e a Ucr\u00e2nia. Acolhei este nosso ato que realizamos com confian\u00e7a e amor, fazei que cesse a guerra, providenciai ao mundo a paz. O sim que brotou do vosso Cora\u00e7\u00e3o abriu as portas da hist\u00f3ria ao Pr\u00edncipe da Paz; confiamos que mais uma vez, por meio do vosso Cora\u00e7\u00e3o, vir\u00e1 a paz. Assim a V\u00f3s consagramos o futuro da fam\u00edlia humana inteira, as necessidades e os anseios dos povos, as ang\u00fastias e as esperan\u00e7as do mundo.<\/p>\n<p>Por vosso interm\u00e9dio, derrame-se sobre a Terra a Miseric\u00f3rdia divina e o doce palpitar da paz volte a marcar as nossas jornadas. Mulher do sim, sobre Quem desceu o Esp\u00edrito Santo, trazei de volta ao nosso meio a harmonia de Deus. Dessedentai a aridez do nosso cora\u00e7\u00e3o, V\u00f3s que \u00absois fonte viva de esperan\u00e7a\u00bb. Tecestes a humanidade para Jesus, fazei de n\u00f3s artes\u00e3os de comunh\u00e3o. Caminhastes pelas nossas estradas, guiai-nos pelas sendas da paz. Amen.<\/p>\n<p style=\"text-align: right;\"><span style=\"font-size: 8pt;\">S. Jo\u00e3o de Latr\u00e3o, 21-03-2022<\/span><br \/>\n<strong>Papa Francisco<\/strong><\/p>\n<hr \/>\n<p><strong>Carta do Papa Francisco aos Bispos do mundo inteiro<br \/>\nsobre o Ato de consagra\u00e7\u00e3o da R\u00fassia e da Ucr\u00e2nia ao Imaculado Cora\u00e7\u00e3o de Maria<\/strong><\/p>\n<p><strong>Querido Irm\u00e3o!<\/strong><br \/>\nJ\u00e1 passou quase um m\u00eas do in\u00edcio da guerra na Ucr\u00e2nia, que est\u00e1 a causar sofrimentos cada dia mais terr\u00edveis \u00e0quela atormentada popula\u00e7\u00e3o, amea\u00e7ando mesmo a paz mundial. Nesta hora escura, a Igreja \u00e9 fortemente chamada a interceder junto do Pr\u00edncipe da Paz e a fazer-se pr\u00f3xima a quantos pagam na pr\u00f3pria pele as consequ\u00eancias do conflito. Nesta linha, sinto-me agradecido a todas as pessoas que est\u00e3o a responder, com grande generosidade, aos meus apelos \u00e0 ora\u00e7\u00e3o, ao jejum e \u00e0 caridade.<\/p>\n<p>Agora, acolhendo tamb\u00e9m numerosos pedidos do Povo de Deus, desejo confiar de modo especial a Nossa Senhora as na\u00e7\u00f5es em conflito. Como disse domingo no final da ora\u00e7\u00e3o do Angelus, <strong>no dia 25 de mar\u00e7o, Solenidade da Anuncia\u00e7\u00e3o, pretendo realizar um Ato solene de Consagra\u00e7\u00e3o da humanidade, particularmente da R\u00fassia e da Ucr\u00e2nia, ao Imaculado Cora\u00e7\u00e3o de Maria.<\/strong> Uma vez que \u00e9 bom predispor-se para invocar a paz renovados pelo perd\u00e3o de Deus, tal Ato acontecer\u00e1 no contexto duma Celebra\u00e7\u00e3o da Penit\u00eancia, que ter\u00e1 lugar na Bas\u00edlica de S\u00e3o Pedro \u00e0s 17h00, hora de Roma. O Ato de Consagra\u00e7\u00e3o est\u00e1 previsto para as 18h30.<\/p>\n<p>Quer ser um gesto da Igreja universal, que neste momento dram\u00e1tico leva a Deus, atrav\u00e9s da M\u00e3e d\u2019Ele e nossa, o grito de dor de quantos sofrem e imploram o fim da viol\u00eancia, e confia o futuro da humanidade \u00e0 Rainha da Paz. Por isso convido-o, querido Irm\u00e3o, a unir-se ao referido Ato, convocando os sacerdotes, os religiosos e os outros fi\u00e9is para a ora\u00e7\u00e3o comunit\u00e1ria nos lugares sagrados, no dia de sexta-feira 25 de mar\u00e7o, de modo que o santo Povo de Deus fa\u00e7a, de modo un\u00e2nime e veemente, subir a s\u00faplica \u00e0 sua M\u00e3e. A prop\u00f3sito, transmito-lhe o texto da pr\u00f3pria ora\u00e7\u00e3o de consagra\u00e7\u00e3o para poderem recit\u00e1-la, ao longo desse dia, em uni\u00e3o fraterna.<\/p>\n<p>Agrade\u00e7o-lhe pela disponibilidade e a colabora\u00e7\u00e3o. De cora\u00e7\u00e3o aben\u00e7oo o querido Irm\u00e3o e os fi\u00e9is confiados aos seus cuidados pastorais. Que Jesus vos proteja e a Virgem Santa vos guarde. Rezai por mim.<\/p>\n<p>Fraternamente,<\/p>\n<p style=\"text-align: right;\"><span style=\"font-size: 8pt;\">Roma \u2013 S\u00e3o Jo\u00e3o de Latr\u00e3o, 21 de mar\u00e7o de 2022<\/span><br \/>\n<strong>Papa Francisco<\/strong><\/p>\n","protected":false},"excerpt":{"rendered":"<p>\u00d3 Maria, M\u00e3e de Deus e nossa M\u00e3e, recorremos a V\u00f3s nesta hora de tribula\u00e7\u00e3o. V\u00f3s sois M\u00e3e, amais-nos e [&hellip;]<\/p>\n","protected":false},"author":1,"featured_media":1918,"comment_status":"open","ping_status":"open","sticky":false,"template":"","format":"standard","meta":{"site-sidebar-layout":"default","site-content-layout":"","ast-site-content-layout":"default","site-content-style":"default","site-sidebar-style":"default","ast-global-header-display":"","ast-banner-title-visibility":"","ast-main-header-display":"","ast-hfb-above-header-display":"","ast-hfb-below-header-display":"","ast-hfb-mobile-header-display":"","site-post-title":"","ast-breadcrumbs-content":"","ast-featured-img":"","footer-sml-layout":"","ast-disable-related-posts":"","theme-transparent-header-meta":"default","adv-header-id-meta":"","stick-header-meta":"default","header-above-stick-meta":"","header-main-stick-meta":"","header-below-stick-meta":"","astra-migrate-meta-layouts":"set","ast-page-background-enabled":"default","ast-page-background-meta":{"desktop":{"background-color":"var(--ast-global-color-5)","background-image":"","background-repeat":"repeat","background-position":"center center","background-size":"auto","background-attachment":"scroll","background-type":"","background-media":"","overlay-type":"","overlay-color":"","overlay-opacity":"","overlay-gradient":""},"tablet":{"background-color":"","background-image":"","background-repeat":"repeat","background-position":"center center","background-size":"auto","background-attachment":"scroll","background-type":"","background-media":"","overlay-type":"","overlay-color":"","overlay-opacity":"","overlay-gradient":""},"mobile":{"background-color":"","background-image":"","background-repeat":"repeat","background-position":"center center","background-size":"auto","background-attachment":"scroll","background-type":"","background-media":"","overlay-type":"","overlay-color":"","overlay-opacity":"","overlay-gradient":""}},"ast-content-background-meta":{"desktop":{"background-color":"var(--ast-global-color-4)","background-image":"","background-repeat":"repeat","background-position":"center center","background-size":"auto","background-attachment":"scroll","background-type":"","background-media":"","overlay-type":"","overlay-color":"","overlay-opacity":"","overlay-gradient":""},"tablet":{"background-color":"var(--ast-global-color-4)","background-image":"","background-repeat":"repeat","background-position":"center center","background-size":"auto","background-attachment":"scroll","background-type":"","background-media":"","overlay-type":"","overlay-color":"","overlay-opacity":"","overlay-gradient":""},"mobile":{"background-color":"var(--ast-global-color-4)","background-image":"","background-repeat":"repeat","background-position":"center center","background-size":"auto","background-attachment":"scroll","background-type":"","background-media":"","overlay-type":"","overlay-color":"","overlay-opacity":"","overlay-gradient":""}},"footnotes":""},"categories":[13],"tags":[],"class_list":["post-1919","post","type-post","status-publish","format-standard","has-post-thumbnail","hentry","category-papa-francisco"],"yoast_head":"<!-- This site is optimized with the Yoast SEO plugin v27.4 - https:\/\/yoast.com\/product\/yoast-seo-wordpress\/ -->\n<title>Consagra\u00e7\u00e3o ao Imaculado Cora\u00e7\u00e3o de Maria - Paroquia de Queijas<\/title>\n<meta name=\"robots\" content=\"index, follow, max-snippet:-1, max-image-preview:large, max-video-preview:-1\" \/>\n<link rel=\"canonical\" href=\"https:\/\/paroquiaqueijas.net\/portal\/consagracao-ao-imaculado-coracao-de-maria\/\" \/>\n<meta property=\"og:locale\" content=\"pt_PT\" \/>\n<meta property=\"og:type\" content=\"article\" \/>\n<meta property=\"og:title\" content=\"Consagra\u00e7\u00e3o ao Imaculado Cora\u00e7\u00e3o de Maria - Paroquia de Queijas\" \/>\n<meta property=\"og:description\" content=\"\u00d3 Maria, M\u00e3e de Deus e nossa M\u00e3e, recorremos a V\u00f3s nesta hora de tribula\u00e7\u00e3o. V\u00f3s sois M\u00e3e, amais-nos e [&hellip;]\" \/>\n<meta property=\"og:url\" content=\"https:\/\/paroquiaqueijas.net\/portal\/consagracao-ao-imaculado-coracao-de-maria\/\" \/>\n<meta property=\"og:site_name\" content=\"Paroquia de Queijas\" \/>\n<meta property=\"article:publisher\" content=\"https:\/\/www.facebook.com\/paroquiaqueijas\/\" \/>\n<meta property=\"article:published_time\" content=\"2022-03-23T11:43:32+00:00\" \/>\n<meta property=\"article:modified_time\" content=\"2026-04-18T13:53:56+00:00\" \/>\n<meta property=\"og:image\" content=\"https:\/\/paroquiaqueijas.net\/portal\/wp-content\/uploads\/2022\/03\/Francisco_consagracao.jpg\" \/>\n\t<meta property=\"og:image:width\" content=\"1024\" \/>\n\t<meta property=\"og:image:height\" content=\"768\" \/>\n\t<meta property=\"og:image:type\" content=\"image\/jpeg\" \/>\n<meta name=\"author\" content=\"Paroquia de Queijas\" \/>\n<meta name=\"twitter:card\" content=\"summary_large_image\" \/>\n<meta name=\"twitter:label1\" content=\"Escrito por\" \/>\n\t<meta name=\"twitter:data1\" content=\"Paroquia de Queijas\" \/>\n\t<meta name=\"twitter:label2\" content=\"Tempo estimado de leitura\" \/>\n\t<meta name=\"twitter:data2\" content=\"8 minutos\" \/>\n<script type=\"application\/ld+json\" class=\"yoast-schema-graph\">{\"@context\":\"https:\\\/\\\/schema.org\",\"@graph\":[{\"@type\":\"Article\",\"@id\":\"https:\\\/\\\/paroquiaqueijas.net\\\/portal\\\/consagracao-ao-imaculado-coracao-de-maria\\\/#article\",\"isPartOf\":{\"@id\":\"https:\\\/\\\/paroquiaqueijas.net\\\/portal\\\/consagracao-ao-imaculado-coracao-de-maria\\\/\"},\"author\":{\"name\":\"Paroquia de Queijas\",\"@id\":\"https:\\\/\\\/paroquiaqueijas.net\\\/portal\\\/#\\\/schema\\\/person\\\/07bb4cce216326e06b6f742b719ebec7\"},\"headline\":\"Consagra\u00e7\u00e3o ao Imaculado Cora\u00e7\u00e3o de Maria\",\"datePublished\":\"2022-03-23T11:43:32+00:00\",\"dateModified\":\"2026-04-18T13:53:56+00:00\",\"mainEntityOfPage\":{\"@id\":\"https:\\\/\\\/paroquiaqueijas.net\\\/portal\\\/consagracao-ao-imaculado-coracao-de-maria\\\/\"},\"wordCount\":1495,\"commentCount\":0,\"publisher\":{\"@id\":\"https:\\\/\\\/paroquiaqueijas.net\\\/portal\\\/#organization\"},\"image\":{\"@id\":\"https:\\\/\\\/paroquiaqueijas.net\\\/portal\\\/consagracao-ao-imaculado-coracao-de-maria\\\/#primaryimage\"},\"thumbnailUrl\":\"https:\\\/\\\/paroquiaqueijas.net\\\/portal\\\/wp-content\\\/uploads\\\/2022\\\/03\\\/Francisco_consagracao.jpg\",\"articleSection\":[\"Papa Francisco\"],\"inLanguage\":\"pt-PT\",\"potentialAction\":[{\"@type\":\"CommentAction\",\"name\":\"Comment\",\"target\":[\"https:\\\/\\\/paroquiaqueijas.net\\\/portal\\\/consagracao-ao-imaculado-coracao-de-maria\\\/#respond\"]}]},{\"@type\":\"WebPage\",\"@id\":\"https:\\\/\\\/paroquiaqueijas.net\\\/portal\\\/consagracao-ao-imaculado-coracao-de-maria\\\/\",\"url\":\"https:\\\/\\\/paroquiaqueijas.net\\\/portal\\\/consagracao-ao-imaculado-coracao-de-maria\\\/\",\"name\":\"Consagra\u00e7\u00e3o ao Imaculado Cora\u00e7\u00e3o de Maria - Paroquia de Queijas\",\"isPartOf\":{\"@id\":\"https:\\\/\\\/paroquiaqueijas.net\\\/portal\\\/#website\"},\"primaryImageOfPage\":{\"@id\":\"https:\\\/\\\/paroquiaqueijas.net\\\/portal\\\/consagracao-ao-imaculado-coracao-de-maria\\\/#primaryimage\"},\"image\":{\"@id\":\"https:\\\/\\\/paroquiaqueijas.net\\\/portal\\\/consagracao-ao-imaculado-coracao-de-maria\\\/#primaryimage\"},\"thumbnailUrl\":\"https:\\\/\\\/paroquiaqueijas.net\\\/portal\\\/wp-content\\\/uploads\\\/2022\\\/03\\\/Francisco_consagracao.jpg\",\"datePublished\":\"2022-03-23T11:43:32+00:00\",\"dateModified\":\"2026-04-18T13:53:56+00:00\",\"breadcrumb\":{\"@id\":\"https:\\\/\\\/paroquiaqueijas.net\\\/portal\\\/consagracao-ao-imaculado-coracao-de-maria\\\/#breadcrumb\"},\"inLanguage\":\"pt-PT\",\"potentialAction\":[{\"@type\":\"ReadAction\",\"target\":[\"https:\\\/\\\/paroquiaqueijas.net\\\/portal\\\/consagracao-ao-imaculado-coracao-de-maria\\\/\"]}]},{\"@type\":\"ImageObject\",\"inLanguage\":\"pt-PT\",\"@id\":\"https:\\\/\\\/paroquiaqueijas.net\\\/portal\\\/consagracao-ao-imaculado-coracao-de-maria\\\/#primaryimage\",\"url\":\"https:\\\/\\\/paroquiaqueijas.net\\\/portal\\\/wp-content\\\/uploads\\\/2022\\\/03\\\/Francisco_consagracao.jpg\",\"contentUrl\":\"https:\\\/\\\/paroquiaqueijas.net\\\/portal\\\/wp-content\\\/uploads\\\/2022\\\/03\\\/Francisco_consagracao.jpg\",\"width\":1024,\"height\":768,\"caption\":\"Francisco consagracao\"},{\"@type\":\"BreadcrumbList\",\"@id\":\"https:\\\/\\\/paroquiaqueijas.net\\\/portal\\\/consagracao-ao-imaculado-coracao-de-maria\\\/#breadcrumb\",\"itemListElement\":[{\"@type\":\"ListItem\",\"position\":1,\"name\":\"In\u00edcio\",\"item\":\"https:\\\/\\\/paroquiaqueijas.net\\\/portal\\\/\"},{\"@type\":\"ListItem\",\"position\":2,\"name\":\"Consagra\u00e7\u00e3o ao Imaculado Cora\u00e7\u00e3o de Maria\"}]},{\"@type\":\"WebSite\",\"@id\":\"https:\\\/\\\/paroquiaqueijas.net\\\/portal\\\/#website\",\"url\":\"https:\\\/\\\/paroquiaqueijas.net\\\/portal\\\/\",\"name\":\"Paroquia de Queijas\",\"description\":\"\",\"publisher\":{\"@id\":\"https:\\\/\\\/paroquiaqueijas.net\\\/portal\\\/#organization\"},\"potentialAction\":[{\"@type\":\"SearchAction\",\"target\":{\"@type\":\"EntryPoint\",\"urlTemplate\":\"https:\\\/\\\/paroquiaqueijas.net\\\/portal\\\/?s={search_term_string}\"},\"query-input\":{\"@type\":\"PropertyValueSpecification\",\"valueRequired\":true,\"valueName\":\"search_term_string\"}}],\"inLanguage\":\"pt-PT\"},{\"@type\":\"Organization\",\"@id\":\"https:\\\/\\\/paroquiaqueijas.net\\\/portal\\\/#organization\",\"name\":\"Paroquia de Queijas\",\"url\":\"https:\\\/\\\/paroquiaqueijas.net\\\/portal\\\/\",\"logo\":{\"@type\":\"ImageObject\",\"inLanguage\":\"pt-PT\",\"@id\":\"https:\\\/\\\/paroquiaqueijas.net\\\/portal\\\/#\\\/schema\\\/logo\\\/image\\\/\",\"url\":\"https:\\\/\\\/paroquiaqueijas.net\\\/portal\\\/wp-content\\\/uploads\\\/2026\\\/03\\\/LogoQueijas_novo.png\",\"contentUrl\":\"https:\\\/\\\/paroquiaqueijas.net\\\/portal\\\/wp-content\\\/uploads\\\/2026\\\/03\\\/LogoQueijas_novo.png\",\"width\":520,\"height\":519,\"caption\":\"Paroquia de Queijas\"},\"image\":{\"@id\":\"https:\\\/\\\/paroquiaqueijas.net\\\/portal\\\/#\\\/schema\\\/logo\\\/image\\\/\"},\"sameAs\":[\"https:\\\/\\\/www.facebook.com\\\/paroquiaqueijas\\\/\"]},{\"@type\":\"Person\",\"@id\":\"https:\\\/\\\/paroquiaqueijas.net\\\/portal\\\/#\\\/schema\\\/person\\\/07bb4cce216326e06b6f742b719ebec7\",\"name\":\"Paroquia de Queijas\",\"image\":{\"@type\":\"ImageObject\",\"inLanguage\":\"pt-PT\",\"@id\":\"https:\\\/\\\/secure.gravatar.com\\\/avatar\\\/5054571ff5d2454cd50657fc4e61d0c32d7a5d0d3b36ef6c0f6e269276d13618?s=96&d=mm&r=g\",\"url\":\"https:\\\/\\\/secure.gravatar.com\\\/avatar\\\/5054571ff5d2454cd50657fc4e61d0c32d7a5d0d3b36ef6c0f6e269276d13618?s=96&d=mm&r=g\",\"contentUrl\":\"https:\\\/\\\/secure.gravatar.com\\\/avatar\\\/5054571ff5d2454cd50657fc4e61d0c32d7a5d0d3b36ef6c0f6e269276d13618?s=96&d=mm&r=g\",\"caption\":\"Paroquia de Queijas\"},\"sameAs\":[\"https:\\\/\\\/paroquiaqueijas.net\\\/site\"],\"url\":\"https:\\\/\\\/paroquiaqueijas.net\\\/portal\\\/author\\\/admin1\\\/\"}]}<\/script>\n<!-- \/ Yoast SEO plugin. -->","yoast_head_json":{"title":"Consagra\u00e7\u00e3o ao Imaculado Cora\u00e7\u00e3o de Maria - Paroquia de Queijas","robots":{"index":"index","follow":"follow","max-snippet":"max-snippet:-1","max-image-preview":"max-image-preview:large","max-video-preview":"max-video-preview:-1"},"canonical":"https:\/\/paroquiaqueijas.net\/portal\/consagracao-ao-imaculado-coracao-de-maria\/","og_locale":"pt_PT","og_type":"article","og_title":"Consagra\u00e7\u00e3o ao Imaculado Cora\u00e7\u00e3o de Maria - Paroquia de Queijas","og_description":"\u00d3 Maria, M\u00e3e de Deus e nossa M\u00e3e, recorremos a V\u00f3s nesta hora de tribula\u00e7\u00e3o. V\u00f3s sois M\u00e3e, amais-nos e [&hellip;]","og_url":"https:\/\/paroquiaqueijas.net\/portal\/consagracao-ao-imaculado-coracao-de-maria\/","og_site_name":"Paroquia de Queijas","article_publisher":"https:\/\/www.facebook.com\/paroquiaqueijas\/","article_published_time":"2022-03-23T11:43:32+00:00","article_modified_time":"2026-04-18T13:53:56+00:00","og_image":[{"width":1024,"height":768,"url":"https:\/\/paroquiaqueijas.net\/portal\/wp-content\/uploads\/2022\/03\/Francisco_consagracao.jpg","type":"image\/jpeg"}],"author":"Paroquia de Queijas","twitter_card":"summary_large_image","twitter_misc":{"Escrito por":"Paroquia de Queijas","Tempo estimado de leitura":"8 minutos"},"schema":{"@context":"https:\/\/schema.org","@graph":[{"@type":"Article","@id":"https:\/\/paroquiaqueijas.net\/portal\/consagracao-ao-imaculado-coracao-de-maria\/#article","isPartOf":{"@id":"https:\/\/paroquiaqueijas.net\/portal\/consagracao-ao-imaculado-coracao-de-maria\/"},"author":{"name":"Paroquia de Queijas","@id":"https:\/\/paroquiaqueijas.net\/portal\/#\/schema\/person\/07bb4cce216326e06b6f742b719ebec7"},"headline":"Consagra\u00e7\u00e3o ao Imaculado Cora\u00e7\u00e3o de Maria","datePublished":"2022-03-23T11:43:32+00:00","dateModified":"2026-04-18T13:53:56+00:00","mainEntityOfPage":{"@id":"https:\/\/paroquiaqueijas.net\/portal\/consagracao-ao-imaculado-coracao-de-maria\/"},"wordCount":1495,"commentCount":0,"publisher":{"@id":"https:\/\/paroquiaqueijas.net\/portal\/#organization"},"image":{"@id":"https:\/\/paroquiaqueijas.net\/portal\/consagracao-ao-imaculado-coracao-de-maria\/#primaryimage"},"thumbnailUrl":"https:\/\/paroquiaqueijas.net\/portal\/wp-content\/uploads\/2022\/03\/Francisco_consagracao.jpg","articleSection":["Papa Francisco"],"inLanguage":"pt-PT","potentialAction":[{"@type":"CommentAction","name":"Comment","target":["https:\/\/paroquiaqueijas.net\/portal\/consagracao-ao-imaculado-coracao-de-maria\/#respond"]}]},{"@type":"WebPage","@id":"https:\/\/paroquiaqueijas.net\/portal\/consagracao-ao-imaculado-coracao-de-maria\/","url":"https:\/\/paroquiaqueijas.net\/portal\/consagracao-ao-imaculado-coracao-de-maria\/","name":"Consagra\u00e7\u00e3o ao Imaculado Cora\u00e7\u00e3o de Maria - Paroquia de Queijas","isPartOf":{"@id":"https:\/\/paroquiaqueijas.net\/portal\/#website"},"primaryImageOfPage":{"@id":"https:\/\/paroquiaqueijas.net\/portal\/consagracao-ao-imaculado-coracao-de-maria\/#primaryimage"},"image":{"@id":"https:\/\/paroquiaqueijas.net\/portal\/consagracao-ao-imaculado-coracao-de-maria\/#primaryimage"},"thumbnailUrl":"https:\/\/paroquiaqueijas.net\/portal\/wp-content\/uploads\/2022\/03\/Francisco_consagracao.jpg","datePublished":"2022-03-23T11:43:32+00:00","dateModified":"2026-04-18T13:53:56+00:00","breadcrumb":{"@id":"https:\/\/paroquiaqueijas.net\/portal\/consagracao-ao-imaculado-coracao-de-maria\/#breadcrumb"},"inLanguage":"pt-PT","potentialAction":[{"@type":"ReadAction","target":["https:\/\/paroquiaqueijas.net\/portal\/consagracao-ao-imaculado-coracao-de-maria\/"]}]},{"@type":"ImageObject","inLanguage":"pt-PT","@id":"https:\/\/paroquiaqueijas.net\/portal\/consagracao-ao-imaculado-coracao-de-maria\/#primaryimage","url":"https:\/\/paroquiaqueijas.net\/portal\/wp-content\/uploads\/2022\/03\/Francisco_consagracao.jpg","contentUrl":"https:\/\/paroquiaqueijas.net\/portal\/wp-content\/uploads\/2022\/03\/Francisco_consagracao.jpg","width":1024,"height":768,"caption":"Francisco consagracao"},{"@type":"BreadcrumbList","@id":"https:\/\/paroquiaqueijas.net\/portal\/consagracao-ao-imaculado-coracao-de-maria\/#breadcrumb","itemListElement":[{"@type":"ListItem","position":1,"name":"In\u00edcio","item":"https:\/\/paroquiaqueijas.net\/portal\/"},{"@type":"ListItem","position":2,"name":"Consagra\u00e7\u00e3o ao Imaculado Cora\u00e7\u00e3o de Maria"}]},{"@type":"WebSite","@id":"https:\/\/paroquiaqueijas.net\/portal\/#website","url":"https:\/\/paroquiaqueijas.net\/portal\/","name":"Paroquia de Queijas","description":"","publisher":{"@id":"https:\/\/paroquiaqueijas.net\/portal\/#organization"},"potentialAction":[{"@type":"SearchAction","target":{"@type":"EntryPoint","urlTemplate":"https:\/\/paroquiaqueijas.net\/portal\/?s={search_term_string}"},"query-input":{"@type":"PropertyValueSpecification","valueRequired":true,"valueName":"search_term_string"}}],"inLanguage":"pt-PT"},{"@type":"Organization","@id":"https:\/\/paroquiaqueijas.net\/portal\/#organization","name":"Paroquia de Queijas","url":"https:\/\/paroquiaqueijas.net\/portal\/","logo":{"@type":"ImageObject","inLanguage":"pt-PT","@id":"https:\/\/paroquiaqueijas.net\/portal\/#\/schema\/logo\/image\/","url":"https:\/\/paroquiaqueijas.net\/portal\/wp-content\/uploads\/2026\/03\/LogoQueijas_novo.png","contentUrl":"https:\/\/paroquiaqueijas.net\/portal\/wp-content\/uploads\/2026\/03\/LogoQueijas_novo.png","width":520,"height":519,"caption":"Paroquia de Queijas"},"image":{"@id":"https:\/\/paroquiaqueijas.net\/portal\/#\/schema\/logo\/image\/"},"sameAs":["https:\/\/www.facebook.com\/paroquiaqueijas\/"]},{"@type":"Person","@id":"https:\/\/paroquiaqueijas.net\/portal\/#\/schema\/person\/07bb4cce216326e06b6f742b719ebec7","name":"Paroquia de Queijas","image":{"@type":"ImageObject","inLanguage":"pt-PT","@id":"https:\/\/secure.gravatar.com\/avatar\/5054571ff5d2454cd50657fc4e61d0c32d7a5d0d3b36ef6c0f6e269276d13618?s=96&d=mm&r=g","url":"https:\/\/secure.gravatar.com\/avatar\/5054571ff5d2454cd50657fc4e61d0c32d7a5d0d3b36ef6c0f6e269276d13618?s=96&d=mm&r=g","contentUrl":"https:\/\/secure.gravatar.com\/avatar\/5054571ff5d2454cd50657fc4e61d0c32d7a5d0d3b36ef6c0f6e269276d13618?s=96&d=mm&r=g","caption":"Paroquia de Queijas"},"sameAs":["https:\/\/paroquiaqueijas.net\/site"],"url":"https:\/\/paroquiaqueijas.net\/portal\/author\/admin1\/"}]}},"_links":{"self":[{"href":"https:\/\/paroquiaqueijas.net\/portal\/wp-json\/wp\/v2\/posts\/1919","targetHints":{"allow":["GET"]}}],"collection":[{"href":"https:\/\/paroquiaqueijas.net\/portal\/wp-json\/wp\/v2\/posts"}],"about":[{"href":"https:\/\/paroquiaqueijas.net\/portal\/wp-json\/wp\/v2\/types\/post"}],"author":[{"embeddable":true,"href":"https:\/\/paroquiaqueijas.net\/portal\/wp-json\/wp\/v2\/users\/1"}],"replies":[{"embeddable":true,"href":"https:\/\/paroquiaqueijas.net\/portal\/wp-json\/wp\/v2\/comments?post=1919"}],"version-history":[{"count":2,"href":"https:\/\/paroquiaqueijas.net\/portal\/wp-json\/wp\/v2\/posts\/1919\/revisions"}],"predecessor-version":[{"id":4061,"href":"https:\/\/paroquiaqueijas.net\/portal\/wp-json\/wp\/v2\/posts\/1919\/revisions\/4061"}],"wp:featuredmedia":[{"embeddable":true,"href":"https:\/\/paroquiaqueijas.net\/portal\/wp-json\/wp\/v2\/media\/1918"}],"wp:attachment":[{"href":"https:\/\/paroquiaqueijas.net\/portal\/wp-json\/wp\/v2\/media?parent=1919"}],"wp:term":[{"taxonomy":"category","embeddable":true,"href":"https:\/\/paroquiaqueijas.net\/portal\/wp-json\/wp\/v2\/categories?post=1919"},{"taxonomy":"post_tag","embeddable":true,"href":"https:\/\/paroquiaqueijas.net\/portal\/wp-json\/wp\/v2\/tags?post=1919"}],"curies":[{"name":"wp","href":"https:\/\/api.w.org\/{rel}","templated":true}]}}