{"id":1921,"date":"2022-05-11T13:57:02","date_gmt":"2022-05-11T13:57:02","guid":{"rendered":"https:\/\/paroquiaqueijas.net\/site\/?p=1921"},"modified":"2026-04-18T13:53:09","modified_gmt":"2026-04-18T13:53:09","slug":"x-encontro-mundial-das-familias","status":"publish","type":"post","link":"https:\/\/paroquiaqueijas.net\/portal\/x-encontro-mundial-das-familias\/","title":{"rendered":"X Encontro Mundial das Fam\u00edlias"},"content":{"rendered":"<p><img fetchpriority=\"high\" decoding=\"async\" class=\"alignright wp-image-1920\" style=\"margin-left: 0px; margin-right: 8px; float: left;\" src=\"https:\/\/paroquiaqueijas.net\/portal\/wp-content\/uploads\/2022\/05\/Familias_encontro.jpg\" alt=\"Familias encontro\" width=\"500\" height=\"352\" srcset=\"https:\/\/paroquiaqueijas.net\/portal\/wp-content\/uploads\/2022\/05\/Familias_encontro.jpg 568w, https:\/\/paroquiaqueijas.net\/portal\/wp-content\/uploads\/2022\/05\/Familias_encontro-300x211.jpg 300w\" sizes=\"(max-width: 500px) 100vw, 500px\" \/>Por ocasi\u00e3o do <strong>Dia Internacional da Fam\u00edlia<\/strong>, domingo, 15 de maio, o Senhor Cardeal-Patriarca de Lisboa, <strong>D. Manuel Clemente<\/strong>, convoca todas as fam\u00edlias para o <strong>X Encontro Mundial das Fam\u00edlias<\/strong> que se realizar\u00e1 na Diocese de Lisboa no pr\u00f3ximo m\u00eas de junho.<\/p>\n<hr \/>\n<p><em>Caras fam\u00edlias do Patriarcado de Lisboa<\/em><br \/>\nA todos sa\u00fado com muita proximidade e estima, confiando na prote\u00e7\u00e3o da Sagrada Fam\u00edlia de Nazar\u00e9 para todos e cada um de v\u00f3s.<\/p>\n<p>Tamb\u00e9m para vos convocar para o X Encontro Mundial das Fam\u00edlias, que se realizar\u00e1 em cada uma das dioceses de todo o mundo, em simult\u00e2neo com Roma, nos dias 22 a 26 de junho. Ter\u00e1 a sua abertura nas par\u00f3quias na quarta 22, um evento na Vigararia de Mafra na quinta 23, ora\u00e7\u00e3o nas par\u00f3quias e nas fam\u00edlias a 24, a possibilidade de participar no Congresso Teol\u00f3gico Pastoral &#8220;A voca\u00e7\u00e3o ao Amor e \u00e0 Santidade dos jovens e das fam\u00edlias&#8221; na par\u00f3quia de Santa Joana Princesa (Lisboa) das 10 \u00e0s 19 horas, no s\u00e1bado 25.<\/p>\n<p>Convido-vos muito especialmente para a Festa da Fam\u00edlia, grande encontro presencial diocesano, que decorrer\u00e1 em Vialonga, Vigararia de Vila Franca de Xira, no Domingo 26 de junho, com o tema &#8220;Fam\u00edlias a caminho da Jornada Mundial da Juventude&#8221;. Sobre todas estas a\u00e7\u00f5es, podereis encontrar informa\u00e7\u00e3o no Setor da Pastoral Familiar do Patriarcado de Lisboa.<\/p>\n<p>Como sabeis, ser\u00e1 na primeira semana de agosto de 2023 que Lisboa acolher\u00e1 uma multid\u00e3o de jovens do mundo inteiro, para viverem com o Papa Francisco essa ocasi\u00e3o \u00fanica e marcante das suas vidas, como certamente ser\u00e1. Dedicada aos jovens, a JMJ mobiliza-nos a todos, mesmo aos que somos &#8220;jovens h\u00e1 mais tempo&#8221; e conservamos na mem\u00f3ria os ideais dessa idade bonita, que agora partilhamos com quem vive dos 15 aos 30 anos. Partilha que acontece muito nas fam\u00edlias, igrejas dom\u00e9sticas e local por excel\u00eancia de interc\u00e2mbio de gera\u00e7\u00f5es. Tamb\u00e9m no que \u00e0 transmiss\u00e3o da f\u00e9 diz respeito, como j\u00e1 S\u00e3o Paulo disse ao seu jovem disc\u00edpulo Tim\u00f3teo: \u00abTrago \u00e0 mem\u00f3ria a tua f\u00e9 sem fingimento, que se encontrava j\u00e1 na tua av\u00f3 Loide e na tua m\u00e3e Eunice e que, estou seguro, se encontra tamb\u00e9m em ti\u00bb (2 Tm 1, 5).<\/p>\n<p>Representantes das par\u00f3quias e dos movimentos familiares cat\u00f3licos, por todos espero em Vialonga no Domingo 26 de Junho, que ser\u00e1 muito preenchido de momentos de partilha, festa e celebra\u00e7\u00e3o. Precisamos de nos ver e rever, para assim refor\u00e7armos a certeza e a beleza da proposta familiar crist\u00e3, t\u00e3o urgente hoje em dia e entre n\u00f3s!<\/p>\n<p>Terei todo o gosto em oferecer diplomas de B\u00ean\u00e7\u00e3o aos casais que completam este ano 10, 25, 50, 60 ou mais anos de matrim\u00f3nio. S\u00e3o magn\u00edficos marcos duma exist\u00eancia que acontece todos os dias. O modo de inscri\u00e7\u00e3o para tal tamb\u00e9m \u00e9 indicado pelo Setor da Pastoral Familiar com a colabora\u00e7\u00e3o dos p\u00e1rocos.<\/p>\n<p style=\"text-align: right;\">Com ora\u00e7\u00e3o e muita estima,<br \/>\n<strong>+ Manuel Clemente<\/strong><\/p>\n<hr \/>\n<p>Este Encontro, inicialmente previsto para 2021, ser\u00e1 realizado de 22 a 26 de junho de 2022. Como afirmou o Papa Francisco, acontecer\u00e1 de forma in\u00e9dita e multic\u00eantrica, com iniciativas globais nas dioceses do mundo inteiro, an\u00e1logas \u00e0s que, ao mesmo tempo, se far\u00e3o em Roma. Apesar de Roma sediar o evento, cada diocese pode tornar-se o centro de um Encontro local para as suas fam\u00edlias e comunidades. Tudo isso com o intuito de permitir a todos de sentir-se protagonistas, num momento em que ainda \u00e9 dif\u00edcil viajar por conta da pandemia.<\/p>\n<p>O Vicariato de Roma e o Pontif\u00edcio Conselho para os Leigos, a Fam\u00edlia e a Vida prop\u00f5em-nos sete catequeses e sete testemunhos em v\u00eddeo que contam hist\u00f3rias de feridas, renascimento, e f\u00e9, como um caminho espiritual de prepara\u00e7\u00e3o para esta grande festa, que vos sugerimos percorrerem em fam\u00edlia e em equipa. Estas catequeses est\u00e3o dispon\u00edveis em <a href=\"https:\/\/www.romefamily2022.com\/pt\/catechesi\/\" target=\"_blank\" rel=\"noopener\">https:\/\/www.romefamily2022.com\/pt\/catechesi\/<\/a><\/p>\n<p>Outros endere\u00e7os \u00fateis:<br \/>\nV\u00eddeo de apresenta\u00e7\u00e3o das orienta\u00e7\u00f5es: <a href=\"https:\/\/www.youtube.com\/watch?v=ge8MY8TKFE8\">https:\/\/www.youtube.com\/watch?v=ge8MY8TKFE8<\/a><br \/>\nS\u00edtio oficial do EMF: <a href=\"https:\/\/www.romefamily2022.com\/pt\/\">https:\/\/www.romefamily2022.com\/pt\/<\/a><br \/>\nIniciativas e recursos para o Ano Fam\u00edlia Amoris Laetitia: <a href=\"http:\/\/www.laityfamilylife.va\/content\/laityfamilylife\/pt\/amoris-laetitia\/iniziative-e-risorse.html\" target=\"_blank\" rel=\"noopener\">http:\/\/www.laityfamilylife.va\/content\/laityfamilylife\/pt\/amoris-laetitia\/iniziative-e-risorse.html<\/a><\/p>\n","protected":false},"excerpt":{"rendered":"<p>Por ocasi\u00e3o do Dia Internacional da Fam\u00edlia, domingo, 15 de maio, o Senhor Cardeal-Patriarca de Lisboa, D. Manuel Clemente, convoca [&hellip;]<\/p>\n","protected":false},"author":1,"featured_media":1920,"comment_status":"open","ping_status":"open","sticky":false,"template":"","format":"standard","meta":{"site-sidebar-layout":"default","site-content-layout":"","ast-site-content-layout":"default","site-content-style":"default","site-sidebar-style":"default","ast-global-header-display":"","ast-banner-title-visibility":"","ast-main-header-display":"","ast-hfb-above-header-display":"","ast-hfb-below-header-display":"","ast-hfb-mobile-header-display":"","site-post-title":"","ast-breadcrumbs-content":"","ast-featured-img":"","footer-sml-layout":"","ast-disable-related-posts":"","theme-transparent-header-meta":"default","adv-header-id-meta":"","stick-header-meta":"default","header-above-stick-meta":"","header-main-stick-meta":"","header-below-stick-meta":"","astra-migrate-meta-layouts":"set","ast-page-background-enabled":"default","ast-page-background-meta":{"desktop":{"background-color":"var(--ast-global-color-5)","background-image":"","background-repeat":"repeat","background-position":"center center","background-size":"auto","background-attachment":"scroll","background-type":"","background-media":"","overlay-type":"","overlay-color":"","overlay-opacity":"","overlay-gradient":""},"tablet":{"background-color":"","background-image":"","background-repeat":"repeat","background-position":"center center","background-size":"auto","background-attachment":"scroll","background-type":"","background-media":"","overlay-type":"","overlay-color":"","overlay-opacity":"","overlay-gradient":""},"mobile":{"background-color":"","background-image":"","background-repeat":"repeat","background-position":"center center","background-size":"auto","background-attachment":"scroll","background-type":"","background-media":"","overlay-type":"","overlay-color":"","overlay-opacity":"","overlay-gradient":""}},"ast-content-background-meta":{"desktop":{"background-color":"var(--ast-global-color-4)","background-image":"","background-repeat":"repeat","background-position":"center center","background-size":"auto","background-attachment":"scroll","background-type":"","background-media":"","overlay-type":"","overlay-color":"","overlay-opacity":"","overlay-gradient":""},"tablet":{"background-color":"var(--ast-global-color-4)","background-image":"","background-repeat":"repeat","background-position":"center center","background-size":"auto","background-attachment":"scroll","background-type":"","background-media":"","overlay-type":"","overlay-color":"","overlay-opacity":"","overlay-gradient":""},"mobile":{"background-color":"var(--ast-global-color-4)","background-image":"","background-repeat":"repeat","background-position":"center center","background-size":"auto","background-attachment":"scroll","background-type":"","background-media":"","overlay-type":"","overlay-color":"","overlay-opacity":"","overlay-gradient":""}},"footnotes":""},"categories":[48],"tags":[],"class_list":["post-1921","post","type-post","status-publish","format-standard","has-post-thumbnail","hentry","category-d-manuel-clemente"],"yoast_head":"<!-- This site is optimized with the Yoast SEO plugin v27.4 - https:\/\/yoast.com\/product\/yoast-seo-wordpress\/ -->\n<title>X Encontro Mundial das Fam\u00edlias - Paroquia de Queijas<\/title>\n<meta name=\"robots\" content=\"index, follow, max-snippet:-1, max-image-preview:large, max-video-preview:-1\" \/>\n<link rel=\"canonical\" href=\"https:\/\/paroquiaqueijas.net\/portal\/x-encontro-mundial-das-familias\/\" \/>\n<meta property=\"og:locale\" content=\"pt_PT\" \/>\n<meta property=\"og:type\" content=\"article\" \/>\n<meta property=\"og:title\" content=\"X Encontro Mundial das Fam\u00edlias - Paroquia de Queijas\" \/>\n<meta property=\"og:description\" content=\"Por ocasi\u00e3o do Dia Internacional da Fam\u00edlia, domingo, 15 de maio, o Senhor Cardeal-Patriarca de Lisboa, D. Manuel Clemente, convoca [&hellip;]\" \/>\n<meta property=\"og:url\" content=\"https:\/\/paroquiaqueijas.net\/portal\/x-encontro-mundial-das-familias\/\" \/>\n<meta property=\"og:site_name\" content=\"Paroquia de Queijas\" \/>\n<meta property=\"article:publisher\" content=\"https:\/\/www.facebook.com\/paroquiaqueijas\/\" \/>\n<meta property=\"article:published_time\" content=\"2022-05-11T13:57:02+00:00\" \/>\n<meta property=\"article:modified_time\" content=\"2026-04-18T13:53:09+00:00\" \/>\n<meta property=\"og:image\" content=\"https:\/\/paroquiaqueijas.net\/portal\/wp-content\/uploads\/2022\/05\/Familias_encontro.jpg\" \/>\n\t<meta property=\"og:image:width\" content=\"568\" \/>\n\t<meta property=\"og:image:height\" content=\"399\" \/>\n\t<meta property=\"og:image:type\" content=\"image\/jpeg\" \/>\n<meta name=\"author\" content=\"Paroquia de Queijas\" \/>\n<meta name=\"twitter:card\" content=\"summary_large_image\" \/>\n<meta name=\"twitter:label1\" content=\"Escrito por\" \/>\n\t<meta name=\"twitter:data1\" content=\"Paroquia de Queijas\" \/>\n\t<meta name=\"twitter:label2\" content=\"Tempo estimado de leitura\" \/>\n\t<meta name=\"twitter:data2\" content=\"4 minutos\" \/>\n<script type=\"application\/ld+json\" class=\"yoast-schema-graph\">{\"@context\":\"https:\\\/\\\/schema.org\",\"@graph\":[{\"@type\":\"Article\",\"@id\":\"https:\\\/\\\/paroquiaqueijas.net\\\/portal\\\/x-encontro-mundial-das-familias\\\/#article\",\"isPartOf\":{\"@id\":\"https:\\\/\\\/paroquiaqueijas.net\\\/portal\\\/x-encontro-mundial-das-familias\\\/\"},\"author\":{\"name\":\"Paroquia de Queijas\",\"@id\":\"https:\\\/\\\/paroquiaqueijas.net\\\/portal\\\/#\\\/schema\\\/person\\\/07bb4cce216326e06b6f742b719ebec7\"},\"headline\":\"X Encontro Mundial das Fam\u00edlias\",\"datePublished\":\"2022-05-11T13:57:02+00:00\",\"dateModified\":\"2026-04-18T13:53:09+00:00\",\"mainEntityOfPage\":{\"@id\":\"https:\\\/\\\/paroquiaqueijas.net\\\/portal\\\/x-encontro-mundial-das-familias\\\/\"},\"wordCount\":732,\"commentCount\":0,\"publisher\":{\"@id\":\"https:\\\/\\\/paroquiaqueijas.net\\\/portal\\\/#organization\"},\"image\":{\"@id\":\"https:\\\/\\\/paroquiaqueijas.net\\\/portal\\\/x-encontro-mundial-das-familias\\\/#primaryimage\"},\"thumbnailUrl\":\"https:\\\/\\\/paroquiaqueijas.net\\\/portal\\\/wp-content\\\/uploads\\\/2022\\\/05\\\/Familias_encontro.jpg\",\"articleSection\":[\"D. Manuel Clemente\"],\"inLanguage\":\"pt-PT\",\"potentialAction\":[{\"@type\":\"CommentAction\",\"name\":\"Comment\",\"target\":[\"https:\\\/\\\/paroquiaqueijas.net\\\/portal\\\/x-encontro-mundial-das-familias\\\/#respond\"]}]},{\"@type\":\"WebPage\",\"@id\":\"https:\\\/\\\/paroquiaqueijas.net\\\/portal\\\/x-encontro-mundial-das-familias\\\/\",\"url\":\"https:\\\/\\\/paroquiaqueijas.net\\\/portal\\\/x-encontro-mundial-das-familias\\\/\",\"name\":\"X Encontro Mundial das Fam\u00edlias - Paroquia de Queijas\",\"isPartOf\":{\"@id\":\"https:\\\/\\\/paroquiaqueijas.net\\\/portal\\\/#website\"},\"primaryImageOfPage\":{\"@id\":\"https:\\\/\\\/paroquiaqueijas.net\\\/portal\\\/x-encontro-mundial-das-familias\\\/#primaryimage\"},\"image\":{\"@id\":\"https:\\\/\\\/paroquiaqueijas.net\\\/portal\\\/x-encontro-mundial-das-familias\\\/#primaryimage\"},\"thumbnailUrl\":\"https:\\\/\\\/paroquiaqueijas.net\\\/portal\\\/wp-content\\\/uploads\\\/2022\\\/05\\\/Familias_encontro.jpg\",\"datePublished\":\"2022-05-11T13:57:02+00:00\",\"dateModified\":\"2026-04-18T13:53:09+00:00\",\"breadcrumb\":{\"@id\":\"https:\\\/\\\/paroquiaqueijas.net\\\/portal\\\/x-encontro-mundial-das-familias\\\/#breadcrumb\"},\"inLanguage\":\"pt-PT\",\"potentialAction\":[{\"@type\":\"ReadAction\",\"target\":[\"https:\\\/\\\/paroquiaqueijas.net\\\/portal\\\/x-encontro-mundial-das-familias\\\/\"]}]},{\"@type\":\"ImageObject\",\"inLanguage\":\"pt-PT\",\"@id\":\"https:\\\/\\\/paroquiaqueijas.net\\\/portal\\\/x-encontro-mundial-das-familias\\\/#primaryimage\",\"url\":\"https:\\\/\\\/paroquiaqueijas.net\\\/portal\\\/wp-content\\\/uploads\\\/2022\\\/05\\\/Familias_encontro.jpg\",\"contentUrl\":\"https:\\\/\\\/paroquiaqueijas.net\\\/portal\\\/wp-content\\\/uploads\\\/2022\\\/05\\\/Familias_encontro.jpg\",\"width\":568,\"height\":399,\"caption\":\"Familias encontro\"},{\"@type\":\"BreadcrumbList\",\"@id\":\"https:\\\/\\\/paroquiaqueijas.net\\\/portal\\\/x-encontro-mundial-das-familias\\\/#breadcrumb\",\"itemListElement\":[{\"@type\":\"ListItem\",\"position\":1,\"name\":\"In\u00edcio\",\"item\":\"https:\\\/\\\/paroquiaqueijas.net\\\/portal\\\/\"},{\"@type\":\"ListItem\",\"position\":2,\"name\":\"X Encontro Mundial das Fam\u00edlias\"}]},{\"@type\":\"WebSite\",\"@id\":\"https:\\\/\\\/paroquiaqueijas.net\\\/portal\\\/#website\",\"url\":\"https:\\\/\\\/paroquiaqueijas.net\\\/portal\\\/\",\"name\":\"Paroquia de Queijas\",\"description\":\"\",\"publisher\":{\"@id\":\"https:\\\/\\\/paroquiaqueijas.net\\\/portal\\\/#organization\"},\"potentialAction\":[{\"@type\":\"SearchAction\",\"target\":{\"@type\":\"EntryPoint\",\"urlTemplate\":\"https:\\\/\\\/paroquiaqueijas.net\\\/portal\\\/?s={search_term_string}\"},\"query-input\":{\"@type\":\"PropertyValueSpecification\",\"valueRequired\":true,\"valueName\":\"search_term_string\"}}],\"inLanguage\":\"pt-PT\"},{\"@type\":\"Organization\",\"@id\":\"https:\\\/\\\/paroquiaqueijas.net\\\/portal\\\/#organization\",\"name\":\"Paroquia de Queijas\",\"url\":\"https:\\\/\\\/paroquiaqueijas.net\\\/portal\\\/\",\"logo\":{\"@type\":\"ImageObject\",\"inLanguage\":\"pt-PT\",\"@id\":\"https:\\\/\\\/paroquiaqueijas.net\\\/portal\\\/#\\\/schema\\\/logo\\\/image\\\/\",\"url\":\"https:\\\/\\\/paroquiaqueijas.net\\\/portal\\\/wp-content\\\/uploads\\\/2026\\\/03\\\/LogoQueijas_novo.png\",\"contentUrl\":\"https:\\\/\\\/paroquiaqueijas.net\\\/portal\\\/wp-content\\\/uploads\\\/2026\\\/03\\\/LogoQueijas_novo.png\",\"width\":520,\"height\":519,\"caption\":\"Paroquia de Queijas\"},\"image\":{\"@id\":\"https:\\\/\\\/paroquiaqueijas.net\\\/portal\\\/#\\\/schema\\\/logo\\\/image\\\/\"},\"sameAs\":[\"https:\\\/\\\/www.facebook.com\\\/paroquiaqueijas\\\/\"]},{\"@type\":\"Person\",\"@id\":\"https:\\\/\\\/paroquiaqueijas.net\\\/portal\\\/#\\\/schema\\\/person\\\/07bb4cce216326e06b6f742b719ebec7\",\"name\":\"Paroquia de Queijas\",\"image\":{\"@type\":\"ImageObject\",\"inLanguage\":\"pt-PT\",\"@id\":\"https:\\\/\\\/secure.gravatar.com\\\/avatar\\\/5054571ff5d2454cd50657fc4e61d0c32d7a5d0d3b36ef6c0f6e269276d13618?s=96&d=mm&r=g\",\"url\":\"https:\\\/\\\/secure.gravatar.com\\\/avatar\\\/5054571ff5d2454cd50657fc4e61d0c32d7a5d0d3b36ef6c0f6e269276d13618?s=96&d=mm&r=g\",\"contentUrl\":\"https:\\\/\\\/secure.gravatar.com\\\/avatar\\\/5054571ff5d2454cd50657fc4e61d0c32d7a5d0d3b36ef6c0f6e269276d13618?s=96&d=mm&r=g\",\"caption\":\"Paroquia de Queijas\"},\"sameAs\":[\"https:\\\/\\\/paroquiaqueijas.net\\\/site\"],\"url\":\"https:\\\/\\\/paroquiaqueijas.net\\\/portal\\\/author\\\/admin1\\\/\"}]}<\/script>\n<!-- \/ Yoast SEO plugin. -->","yoast_head_json":{"title":"X Encontro Mundial das Fam\u00edlias - Paroquia de Queijas","robots":{"index":"index","follow":"follow","max-snippet":"max-snippet:-1","max-image-preview":"max-image-preview:large","max-video-preview":"max-video-preview:-1"},"canonical":"https:\/\/paroquiaqueijas.net\/portal\/x-encontro-mundial-das-familias\/","og_locale":"pt_PT","og_type":"article","og_title":"X Encontro Mundial das Fam\u00edlias - Paroquia de Queijas","og_description":"Por ocasi\u00e3o do Dia Internacional da Fam\u00edlia, domingo, 15 de maio, o Senhor Cardeal-Patriarca de Lisboa, D. Manuel Clemente, convoca [&hellip;]","og_url":"https:\/\/paroquiaqueijas.net\/portal\/x-encontro-mundial-das-familias\/","og_site_name":"Paroquia de Queijas","article_publisher":"https:\/\/www.facebook.com\/paroquiaqueijas\/","article_published_time":"2022-05-11T13:57:02+00:00","article_modified_time":"2026-04-18T13:53:09+00:00","og_image":[{"width":568,"height":399,"url":"https:\/\/paroquiaqueijas.net\/portal\/wp-content\/uploads\/2022\/05\/Familias_encontro.jpg","type":"image\/jpeg"}],"author":"Paroquia de Queijas","twitter_card":"summary_large_image","twitter_misc":{"Escrito por":"Paroquia de Queijas","Tempo estimado de leitura":"4 minutos"},"schema":{"@context":"https:\/\/schema.org","@graph":[{"@type":"Article","@id":"https:\/\/paroquiaqueijas.net\/portal\/x-encontro-mundial-das-familias\/#article","isPartOf":{"@id":"https:\/\/paroquiaqueijas.net\/portal\/x-encontro-mundial-das-familias\/"},"author":{"name":"Paroquia de Queijas","@id":"https:\/\/paroquiaqueijas.net\/portal\/#\/schema\/person\/07bb4cce216326e06b6f742b719ebec7"},"headline":"X Encontro Mundial das Fam\u00edlias","datePublished":"2022-05-11T13:57:02+00:00","dateModified":"2026-04-18T13:53:09+00:00","mainEntityOfPage":{"@id":"https:\/\/paroquiaqueijas.net\/portal\/x-encontro-mundial-das-familias\/"},"wordCount":732,"commentCount":0,"publisher":{"@id":"https:\/\/paroquiaqueijas.net\/portal\/#organization"},"image":{"@id":"https:\/\/paroquiaqueijas.net\/portal\/x-encontro-mundial-das-familias\/#primaryimage"},"thumbnailUrl":"https:\/\/paroquiaqueijas.net\/portal\/wp-content\/uploads\/2022\/05\/Familias_encontro.jpg","articleSection":["D. Manuel Clemente"],"inLanguage":"pt-PT","potentialAction":[{"@type":"CommentAction","name":"Comment","target":["https:\/\/paroquiaqueijas.net\/portal\/x-encontro-mundial-das-familias\/#respond"]}]},{"@type":"WebPage","@id":"https:\/\/paroquiaqueijas.net\/portal\/x-encontro-mundial-das-familias\/","url":"https:\/\/paroquiaqueijas.net\/portal\/x-encontro-mundial-das-familias\/","name":"X Encontro Mundial das Fam\u00edlias - Paroquia de Queijas","isPartOf":{"@id":"https:\/\/paroquiaqueijas.net\/portal\/#website"},"primaryImageOfPage":{"@id":"https:\/\/paroquiaqueijas.net\/portal\/x-encontro-mundial-das-familias\/#primaryimage"},"image":{"@id":"https:\/\/paroquiaqueijas.net\/portal\/x-encontro-mundial-das-familias\/#primaryimage"},"thumbnailUrl":"https:\/\/paroquiaqueijas.net\/portal\/wp-content\/uploads\/2022\/05\/Familias_encontro.jpg","datePublished":"2022-05-11T13:57:02+00:00","dateModified":"2026-04-18T13:53:09+00:00","breadcrumb":{"@id":"https:\/\/paroquiaqueijas.net\/portal\/x-encontro-mundial-das-familias\/#breadcrumb"},"inLanguage":"pt-PT","potentialAction":[{"@type":"ReadAction","target":["https:\/\/paroquiaqueijas.net\/portal\/x-encontro-mundial-das-familias\/"]}]},{"@type":"ImageObject","inLanguage":"pt-PT","@id":"https:\/\/paroquiaqueijas.net\/portal\/x-encontro-mundial-das-familias\/#primaryimage","url":"https:\/\/paroquiaqueijas.net\/portal\/wp-content\/uploads\/2022\/05\/Familias_encontro.jpg","contentUrl":"https:\/\/paroquiaqueijas.net\/portal\/wp-content\/uploads\/2022\/05\/Familias_encontro.jpg","width":568,"height":399,"caption":"Familias encontro"},{"@type":"BreadcrumbList","@id":"https:\/\/paroquiaqueijas.net\/portal\/x-encontro-mundial-das-familias\/#breadcrumb","itemListElement":[{"@type":"ListItem","position":1,"name":"In\u00edcio","item":"https:\/\/paroquiaqueijas.net\/portal\/"},{"@type":"ListItem","position":2,"name":"X Encontro Mundial das Fam\u00edlias"}]},{"@type":"WebSite","@id":"https:\/\/paroquiaqueijas.net\/portal\/#website","url":"https:\/\/paroquiaqueijas.net\/portal\/","name":"Paroquia de Queijas","description":"","publisher":{"@id":"https:\/\/paroquiaqueijas.net\/portal\/#organization"},"potentialAction":[{"@type":"SearchAction","target":{"@type":"EntryPoint","urlTemplate":"https:\/\/paroquiaqueijas.net\/portal\/?s={search_term_string}"},"query-input":{"@type":"PropertyValueSpecification","valueRequired":true,"valueName":"search_term_string"}}],"inLanguage":"pt-PT"},{"@type":"Organization","@id":"https:\/\/paroquiaqueijas.net\/portal\/#organization","name":"Paroquia de Queijas","url":"https:\/\/paroquiaqueijas.net\/portal\/","logo":{"@type":"ImageObject","inLanguage":"pt-PT","@id":"https:\/\/paroquiaqueijas.net\/portal\/#\/schema\/logo\/image\/","url":"https:\/\/paroquiaqueijas.net\/portal\/wp-content\/uploads\/2026\/03\/LogoQueijas_novo.png","contentUrl":"https:\/\/paroquiaqueijas.net\/portal\/wp-content\/uploads\/2026\/03\/LogoQueijas_novo.png","width":520,"height":519,"caption":"Paroquia de Queijas"},"image":{"@id":"https:\/\/paroquiaqueijas.net\/portal\/#\/schema\/logo\/image\/"},"sameAs":["https:\/\/www.facebook.com\/paroquiaqueijas\/"]},{"@type":"Person","@id":"https:\/\/paroquiaqueijas.net\/portal\/#\/schema\/person\/07bb4cce216326e06b6f742b719ebec7","name":"Paroquia de Queijas","image":{"@type":"ImageObject","inLanguage":"pt-PT","@id":"https:\/\/secure.gravatar.com\/avatar\/5054571ff5d2454cd50657fc4e61d0c32d7a5d0d3b36ef6c0f6e269276d13618?s=96&d=mm&r=g","url":"https:\/\/secure.gravatar.com\/avatar\/5054571ff5d2454cd50657fc4e61d0c32d7a5d0d3b36ef6c0f6e269276d13618?s=96&d=mm&r=g","contentUrl":"https:\/\/secure.gravatar.com\/avatar\/5054571ff5d2454cd50657fc4e61d0c32d7a5d0d3b36ef6c0f6e269276d13618?s=96&d=mm&r=g","caption":"Paroquia de Queijas"},"sameAs":["https:\/\/paroquiaqueijas.net\/site"],"url":"https:\/\/paroquiaqueijas.net\/portal\/author\/admin1\/"}]}},"_links":{"self":[{"href":"https:\/\/paroquiaqueijas.net\/portal\/wp-json\/wp\/v2\/posts\/1921","targetHints":{"allow":["GET"]}}],"collection":[{"href":"https:\/\/paroquiaqueijas.net\/portal\/wp-json\/wp\/v2\/posts"}],"about":[{"href":"https:\/\/paroquiaqueijas.net\/portal\/wp-json\/wp\/v2\/types\/post"}],"author":[{"embeddable":true,"href":"https:\/\/paroquiaqueijas.net\/portal\/wp-json\/wp\/v2\/users\/1"}],"replies":[{"embeddable":true,"href":"https:\/\/paroquiaqueijas.net\/portal\/wp-json\/wp\/v2\/comments?post=1921"}],"version-history":[{"count":3,"href":"https:\/\/paroquiaqueijas.net\/portal\/wp-json\/wp\/v2\/posts\/1921\/revisions"}],"predecessor-version":[{"id":4060,"href":"https:\/\/paroquiaqueijas.net\/portal\/wp-json\/wp\/v2\/posts\/1921\/revisions\/4060"}],"wp:featuredmedia":[{"embeddable":true,"href":"https:\/\/paroquiaqueijas.net\/portal\/wp-json\/wp\/v2\/media\/1920"}],"wp:attachment":[{"href":"https:\/\/paroquiaqueijas.net\/portal\/wp-json\/wp\/v2\/media?parent=1921"}],"wp:term":[{"taxonomy":"category","embeddable":true,"href":"https:\/\/paroquiaqueijas.net\/portal\/wp-json\/wp\/v2\/categories?post=1921"},{"taxonomy":"post_tag","embeddable":true,"href":"https:\/\/paroquiaqueijas.net\/portal\/wp-json\/wp\/v2\/tags?post=1921"}],"curies":[{"name":"wp","href":"https:\/\/api.w.org\/{rel}","templated":true}]}}