{"id":198,"date":"2011-05-01T17:09:54","date_gmt":"2011-05-01T17:09:54","guid":{"rendered":"https:\/\/paroquiaqueijas.net\/site\/?p=198"},"modified":"2026-03-21T15:41:43","modified_gmt":"2026-03-21T15:41:43","slug":"beatificacao-de-joao-paulo-ii","status":"publish","type":"post","link":"https:\/\/paroquiaqueijas.net\/portal\/beatificacao-de-joao-paulo-ii\/","title":{"rendered":"Beatifica\u00e7\u00e3o de Jo\u00e3o Paulo II"},"content":{"rendered":"<p><strong>Beatifica\u00e7\u00e3o de Jo\u00e3o Paulo II<a title=\"Beatifica\u00e7\u00e3o de Jo\u00e3o Paulo II\" href=\"https:\/\/paroquiaqueijas.net\/portal\/wp-content\/uploads\/2011\/05\/JPBeat30.gif\" target=\"_blank\"><img decoding=\"async\" style=\"margin: 0px 0px 0px 9px; float: right;\" src=\"https:\/\/paroquiaqueijas.net\/portal\/wp-content\/uploads\/2011\/05\/JPBeat30.gif\" alt=\"JPBeat30\" width=\"180\" height=\"135\" \/><\/a><\/strong><\/span><\/p>\n<p>O cardeal Silvio Baldini proferiu, no in\u00edcio da celebra\u00e7\u00e3o, um texto sobre a vida do Papa Jo\u00e3o Paulo II, morto a 2 de Abril de 2005, ap\u00f3s 27 anos de papado. Foram destacadas as virtudes de Karol Wojtyla, como os seus dotes intelectuais, morais e espirituais. Um grande homem de Deus!<br \/><\/span><\/p>\n<p><!--more--><\/p>\n<p>Ap\u00f3s estaa leitura, ocorreu o principal momento da cerim\u00f3nia: foi descerrada uma foto em tamanho gigante de Jo\u00e3o Paulo II, aplaudida pela multid\u00e3o, onde sobressa\u00edam muitas bandeiras da Pol\u00f3nia, sua terra natal, e a declara\u00e7\u00e3o de \u00abbeato\u00bb: \u00abConcedemos que o venerado servo de Deus Jo\u00e3o Paulo II, Papa, seja de agora em diante chamado beato\u00bb, proclamou o papa Bento XVI.<\/span><\/p>\n<p>A data escolhida para esta festividade ser\u00e1 a 22 de Outubro, dia da primeira missa do seu pontificado.<\/span><\/p>\n<p><a title=\"Marie Simon-Pierre\" href=\"https:\/\/paroquiaqueijas.net\/portal\/wp-content\/uploads\/2011\/05\/JPII07a.jpg\" target=\"_blank\"><img decoding=\"async\" style=\"margin: 6px 9px 0px 0px; float: left;\" src=\"https:\/\/paroquiaqueijas.net\/portal\/wp-content\/uploads\/2011\/05\/JPII07a.jpg\" alt=\"JPII07a\" width=\"178\" height=\"185\" \/><\/span><\/a>Muitos aplausos e gritos de &#8220;Santo s\u00fabito!&#8221; (Santo j\u00e1!), como no dia do seu funeral, foram ouvidos na pra\u00e7a de S. Pedro, repleta de pessoas que exibiam bandeiras de muitos pa\u00edses, entre elas a de Portugal.<\/span><\/p>\n<p>A religiosa francesa, Marie Simon-Pierre Normand \u2013 cuja cura de Parkinson, a mesma doen\u00e7a degenerativa que sofria o papa, em Junho de 2005, \u00e9 <\/span>&nbsp;<\/span> tida como a primeira gra\u00e7a de Jo\u00e3o Paulo II \u2013 levou ao altar um relic\u00e1rio com uma ampola contendo sangue do Papa, retirado durante a sua \u00faltima hospitaliza\u00e7\u00e3o e que poder\u00e1 agora ser venerado pelos fi\u00e9is, acompanhada por outra religiosa \u2013 a Irm\u00e3 Tobiana, assistente pessoal de Karol Wojtyla.<\/span><\/p>\n<p>Desde as primeiras horas da madrugada centenas de milhares de fi\u00e9is, com particular incid\u00eancia da Pol\u00f3nia, It\u00e1lia, Fran\u00e7a, Espanha e Portugal fizeram fila para entrar no recinto da Pra\u00e7a de S. Pedro e Via della Conciliazzione.<a title=\"Pra\u00e7a de S. Pedro\" href=\"https:\/\/paroquiaqueijas.net\/portal\/wp-content\/uploads\/2011\/05\/JPII13.jpg\" target=\"_blank\"><img decoding=\"async\" style=\"margin: 22px 0px 0px 9px; float: right;\" src=\"https:\/\/paroquiaqueijas.net\/portal\/wp-content\/uploads\/2011\/05\/JPII13.jpg\" alt=\"JPII13\" width=\"210\" height=\"159\" \/><\/a><\/span><\/p>\n<p>A cerim\u00f3nia de beatifica\u00e7\u00e3o de Jo\u00e3o Paulo II foi presenciada por 86 delega\u00e7\u00f5es estrangeiras, incluindo dezasseis chefes de Estado e seis de Governo, bem como representantes das fam\u00edlias reais de Espanha, Reino Unido, B\u00e9lgica, Liechtenstein e M\u00f3naco. A chanceler Angela Merkel, os presidentes mexicano e polaco e o primeiro-ministro h\u00fangaro estiveram presentes. V\u00e1rios presidentes e primeiros-ministros dos Balc\u00e3s, os embaixadores dos Estados Unidos e da R\u00fassia representaram os seus pa\u00edses. Tamb\u00e9m Robert Mugabe, presidente do Zimbabu\u00e9, participou nas celebra\u00e7\u00f5es no Vaticano. O ministro de Estado e dos Neg\u00f3cios Estrangeiros, Lu\u00eds Amado, representou o Governo portugu\u00eas, acompanhado pelo embaixador de Portugal junto da Santa S\u00e9, Manuel Tom\u00e1s Fernandes Pereira.<a title=\"Beatifica\u00e7\u00e3o de Jo\u00e3o Paulo II\" href=\"https:\/\/paroquiaqueijas.net\/portal\/wp-content\/uploads\/2011\/05\/JPBeat55.jpg\" target=\"_blank\"><img loading=\"lazy\" decoding=\"async\" style=\"margin: 26px 0px 0px 9px; float: right;\" src=\"https:\/\/paroquiaqueijas.net\/portal\/wp-content\/uploads\/2011\/05\/JPBeat55.jpg\" alt=\"JPBeat55\" width=\"211\" height=\"149\" \/><\/a><\/span><\/p>\n<p>A celebra\u00e7\u00e3o lit\u00fargica, presidida por Bento XVI, foi concelebrada por 800 padres que deram a comunh\u00e3o aos milhares de peregrinos na Pra\u00e7a de S\u00e3o Pedro. O recinto foi pequeno para albergar todos os que pretendiam ali ver a cerim\u00f3nia, apesar das transmiss\u00f5es em directo para todo o mundo. Foram colocados 14 ecr\u00e3s gigantes em Roma, para que os que n\u00e3o couberam na Pra\u00e7a pudessem participar.<\/span><\/p>\n<p>A beatifica\u00e7\u00e3o de Jo\u00e3o Paulo II \u00e9 uma das maiores da hist\u00f3ria da Igreja, j\u00e1 que, segundo o governador regional de Roma, Giuseppe Pecoraro, participaram mais de um milh\u00e3o de pessoas.<\/span><\/p>\n<p>Tamb\u00e9m \u00e9 um evento hist\u00f3rico sem precedentes, j\u00e1 que nos \u00faltimos mil anos da Igreja Cat\u00f3lica nenhum papa proclamou seu antecessor como beato, como ocorreu neste Domingo.<\/span><\/p>\n<p>&nbsp;<\/p>\n<hr \/>\n<p><strong> Site de Jo\u00e3o Paulo II<\/strong><\/span><\/p>\n<p>&nbsp;<\/p>\n<p>Por ocasi\u00e3o da beatifica\u00e7\u00e3o de Jo\u00e3o Paulo II, o Vaticano criou uma p\u00e1gina Web: www.joaopauloii.va\/pt\/. O site foi realizado privilegiando a for\u00e7a e a espontaneidade das imagens. No site est\u00e3o presentes 500 fotos, 30 v\u00eddeos e 400 frases em seis idiomas, num total de 2400 frases.<\/span><\/p>\n<p>Em recorda\u00e7\u00f5es do pontificado, as imagens est\u00e3o divididas em temas. Cada tema \u00e9 apresentado na forma de um &#8216;livro&#8217; de imagens a ser folheado, e cada imagem \u00e9 acompanhada por uma frase de Jo\u00e3o Paulo II.<\/span><\/p>\n<p>A sec\u00e7\u00e3o dedicada ao pontificado ano por ano \u00e9 composta exclusivamente por v\u00eddeos. Tamb\u00e9m, uma das sec\u00e7\u00f5es do site \u00e9 dedicada exclusivamente \u00e0s ora\u00e7\u00f5es do Papa Jo\u00e3o Paulo II.<\/span><\/p>\n<p>Clique para aceder a este novo site: <a href=\"http:\/\/www.joaopauloii.va\/pt\/\" target=\"_blank\">http:\/\/www.joaopauloii.va\/pt\/<\/a><\/span><\/p>\n<p>&nbsp;<\/p>\n<hr \/>\n<p><strong> Dia da beatifica\u00e7\u00e3o, dia da Divina Miseric\u00f3rdia<\/span><a title=\"Divina Miseric\u00f3rdia\" href=\"https:\/\/paroquiaqueijas.net\/portal\/wp-content\/uploads\/2011\/05\/JPII_45.jpg\" target=\"_blank\"><img loading=\"lazy\" decoding=\"async\" style=\"margin: 16px 0px 0px 9px; float: right;\" src=\"https:\/\/paroquiaqueijas.net\/portal\/wp-content\/uploads\/2011\/05\/JPII_45.jpg\" alt=\"JPII_45\" width=\"148\" height=\"282\" \/><\/a><\/strong><\/p>\n<p>&nbsp;<\/p>\n<p>A escolha de Bento XVI para a data da beatifica\u00e7\u00e3o de Jo\u00e3o Paulo II, 1 de Maio de 2011, que neste ano coincide com o domingo da Divina Miseric\u00f3rdia, n\u00e3o \u00e9 por acaso.<\/span><\/p>\n<p>Em v\u00e1rias ocasi\u00f5es, mas em particular no funeral de Jo\u00e3o Paulo II, o cardeal Joseph Ratzinger mostrou como a heran\u00e7a mais original deste papa \u00e0 Igreja foi precisamente sua contribui\u00e7\u00e3o para a compreens\u00e3o do mal provocado pelo ser humano \u00e0 luz do limite colocado pela Divina Miseric\u00f3rdia.<\/span><\/p>\n<p>O ent\u00e3o decano do col\u00e9gio cardinal\u00edcio, diante do corpo de Jo\u00e3o Paulo II, explicava este legado assim: &#8220;Cristo, ao sofrer por todos n\u00f3s, conferiu um novo sentido ao sofrimento; introduziu aquele amor numa nova dimens\u00e3o, numa nova ordem&#8230; E o sofrimento que queima e consome o mal com o fogo do amor e haure tamb\u00e9m do pecado um florescimento de bem&#8221;.<\/span><\/p>\n<p><strong>O mist\u00e9rio do mal \u00e9tico<\/strong><\/span><\/p>\n<p>Karol Wojtyla sofreu os totalitarismos do s\u00e9culo XX, o comunismo e o nazismo, e perguntava-se como foi poss\u00edvel que Deus permitisse dramas t\u00e3o terr\u00edveis.<\/span><\/p>\n<p>Muitos utilizaram esses males como raz\u00f5es para negar a exist\u00eancia de Deus, ou inclusive para afirmar que Deus n\u00e3o \u00e9 bom. Jo\u00e3o Paulo II, em contrapartida, valeu-se deles para reflectir sobre o que Deus ensina, ao permitir que ocorram trag\u00e9dias, por causa da livre coopera\u00e7\u00e3o dos homens.<\/span><\/p>\n<p>E encontrou a resposta para a quest\u00e3o do mal \u00e9tico na perspectiva da Divina Miseric\u00f3rdia, no ensinamento da religiosa e m\u00edstica polaca Santa Faustina Kowalska (25-08-1905 \/ 05-10-1938), que ele beatificou a 30 de Abril de 2000.<\/span><\/p>\n<p>Santo Agostinho explica que Deus nunca causa o mal. O mal n\u00e3o \u00e9 uma coisa. Ao criar o ser humano com liberdade, Deus aceitou a exist\u00eancia do mal.<\/span><\/p>\n<p>Teria sido melhor que Deus n\u00e3o criasse o homem? Teria sido melhor n\u00e3o cri\u00e1-lo livre? N\u00e3o. Mas, ent\u00e3o \u2013 questionava-se o jovem polaco \u2013, qual \u00e9 o limite do mal para que ele n\u00e3o tenha a \u00faltima palavra?<\/span><\/p>\n<p>Jo\u00e3o Paulo II compreendeu que os limites do mal s\u00e3o delimitados pela Divina Miseric\u00f3rdia. Isso n\u00e3o implica que todo o mundo se salve automaticamente pela Divina Miseric\u00f3rdia, desculpando assim todo pecado, mas que Deus perdoar\u00e1 todo pecador que aceitar ser perdoado. Por isso, o perd\u00e3o, a supera\u00e7\u00e3o do mal, passa pelo arrependimento.<\/span><\/p>\n<p>Se o perd\u00e3o constitui o limite para o mal (quantas li\u00e7\u00f5es se poderiam tirar desta verdade para superar os conflitos armados!), a liberdade condiciona, de certo modo, a Divina Miseric\u00f3rdia. Deus, com efeito, arriscou muito ao criar o homem livre. Arriscou que ele rejeite seu amor e que seja capaz, negando a verdade mais profunda de sua liberdade, de humilhar e at\u00e9 de matar o irm\u00e3o. E pagou o pre\u00e7o mais terr\u00edvel, o sacrif\u00edcio de seu \u00fanico Filho. Somos o risco de Deus. Mas um risco que se supera com o poder infinito da Divina Miseric\u00f3rdia.<\/span><\/p>\n<p>&nbsp;<\/p>\n<hr \/>\n<p><strong> Mensagem p\u00f3stuma<\/span><a title=\"Jesus Misericordia\" href=\"https:\/\/paroquiaqueijas.net\/portal\/wp-content\/uploads\/2011\/05\/Miseric07a.jpg\" target=\"_blank\"><img loading=\"lazy\" decoding=\"async\" style=\"margin: 0px 0px 0px 9px; float: right;\" src=\"https:\/\/paroquiaqueijas.net\/portal\/wp-content\/uploads\/2011\/05\/Miseric07a.jpg\" alt=\"Miseric07a\" width=\"144\" height=\"198\" \/><\/a><\/strong><\/p>\n<p>&nbsp;<\/p>\n<p>Jo\u00e3o Paulo II tinha preparado uma alocu\u00e7\u00e3o para o Domingo da Divina Miseric\u00f3rdia, texto que ele n\u00e3o p\u00f4de pronunciar, pois na v\u00e9spera foi chamado \u00e0 Casa do Pai.<\/span><\/p>\n<p>No entanto, quis que esse texto fosse lido e publicado como sua mensagem p\u00f3stuma: &#8220;\u00c0 humanidade, que no momento parece desfalecida e dominada pelo poder do mal, do ego\u00edsmo e do medo, o Senhor ressuscitado oferece como dom o seu amor que perdoa, reconcilia e abre novamente o \u00e2nimo \u00e0 esperan\u00e7a. Quanta necessidade tem o mundo de compreender e de acolher a Divina Miseric\u00f3rdia!&#8221; (Cf. Regina Caeli, 03-04-2005).<\/span><\/p>\n<p>Como recorda\u00e7\u00e3o perene desta mensagem, Jo\u00e3o Paulo II introduziu no calend\u00e1rio lit\u00fargico a solenidade da Divina Miseric\u00f3rdia, uma semana depois do domingo de P\u00e1scoa.<\/span><\/p>\n","protected":false},"excerpt":{"rendered":"<p>Beatifica\u00e7\u00e3o de Jo\u00e3o Paulo II O cardeal Silvio Baldini proferiu, no in\u00edcio da celebra\u00e7\u00e3o, um texto sobre a vida do [&hellip;]<\/p>\n","protected":false},"author":1,"featured_media":192,"comment_status":"open","ping_status":"open","sticky":false,"template":"","format":"standard","meta":{"site-sidebar-layout":"default","site-content-layout":"","ast-site-content-layout":"default","site-content-style":"default","site-sidebar-style":"default","ast-global-header-display":"","ast-banner-title-visibility":"","ast-main-header-display":"","ast-hfb-above-header-display":"","ast-hfb-below-header-display":"","ast-hfb-mobile-header-display":"","site-post-title":"","ast-breadcrumbs-content":"","ast-featured-img":"","footer-sml-layout":"","ast-disable-related-posts":"","theme-transparent-header-meta":"","adv-header-id-meta":"","stick-header-meta":"","header-above-stick-meta":"","header-main-stick-meta":"","header-below-stick-meta":"","astra-migrate-meta-layouts":"default","ast-page-background-enabled":"default","ast-page-background-meta":{"desktop":{"background-color":"var(--ast-global-color-5)","background-image":"","background-repeat":"repeat","background-position":"center center","background-size":"auto","background-attachment":"scroll","background-type":"","background-media":"","overlay-type":"","overlay-color":"","overlay-opacity":"","overlay-gradient":""},"tablet":{"background-color":"","background-image":"","background-repeat":"repeat","background-position":"center center","background-size":"auto","background-attachment":"scroll","background-type":"","background-media":"","overlay-type":"","overlay-color":"","overlay-opacity":"","overlay-gradient":""},"mobile":{"background-color":"","background-image":"","background-repeat":"repeat","background-position":"center center","background-size":"auto","background-attachment":"scroll","background-type":"","background-media":"","overlay-type":"","overlay-color":"","overlay-opacity":"","overlay-gradient":""}},"ast-content-background-meta":{"desktop":{"background-color":"var(--ast-global-color-4)","background-image":"","background-repeat":"repeat","background-position":"center center","background-size":"auto","background-attachment":"scroll","background-type":"","background-media":"","overlay-type":"","overlay-color":"","overlay-opacity":"","overlay-gradient":""},"tablet":{"background-color":"var(--ast-global-color-4)","background-image":"","background-repeat":"repeat","background-position":"center center","background-size":"auto","background-attachment":"scroll","background-type":"","background-media":"","overlay-type":"","overlay-color":"","overlay-opacity":"","overlay-gradient":""},"mobile":{"background-color":"var(--ast-global-color-4)","background-image":"","background-repeat":"repeat","background-position":"center center","background-size":"auto","background-attachment":"scroll","background-type":"","background-media":"","overlay-type":"","overlay-color":"","overlay-opacity":"","overlay-gradient":""}},"footnotes":""},"categories":[42],"tags":[],"class_list":["post-198","post","type-post","status-publish","format-standard","has-post-thumbnail","hentry","category-espaco-eclesial"],"yoast_head":"<!-- This site is optimized with the Yoast SEO plugin v27.4 - https:\/\/yoast.com\/product\/yoast-seo-wordpress\/ -->\n<title>Beatifica\u00e7\u00e3o de Jo\u00e3o Paulo II - Paroquia de Queijas<\/title>\n<meta name=\"robots\" content=\"index, follow, max-snippet:-1, max-image-preview:large, max-video-preview:-1\" \/>\n<link rel=\"canonical\" href=\"https:\/\/paroquiaqueijas.net\/portal\/beatificacao-de-joao-paulo-ii\/\" \/>\n<meta property=\"og:locale\" content=\"pt_PT\" \/>\n<meta property=\"og:type\" content=\"article\" \/>\n<meta property=\"og:title\" content=\"Beatifica\u00e7\u00e3o de Jo\u00e3o Paulo II - Paroquia de Queijas\" \/>\n<meta property=\"og:description\" content=\"Beatifica\u00e7\u00e3o de Jo\u00e3o Paulo II O cardeal Silvio Baldini proferiu, no in\u00edcio da celebra\u00e7\u00e3o, um texto sobre a vida do [&hellip;]\" \/>\n<meta property=\"og:url\" content=\"https:\/\/paroquiaqueijas.net\/portal\/beatificacao-de-joao-paulo-ii\/\" \/>\n<meta property=\"og:site_name\" content=\"Paroquia de Queijas\" \/>\n<meta property=\"article:publisher\" content=\"https:\/\/www.facebook.com\/paroquiaqueijas\/\" \/>\n<meta property=\"article:published_time\" content=\"2011-05-01T17:09:54+00:00\" \/>\n<meta property=\"article:modified_time\" content=\"2026-03-21T15:41:43+00:00\" \/>\n<meta property=\"og:image\" content=\"https:\/\/paroquiaqueijas.net\/portal\/wp-content\/uploads\/2011\/05\/JPBeat30.gif\" \/>\n\t<meta property=\"og:image:width\" content=\"980\" \/>\n\t<meta property=\"og:image:height\" content=\"735\" \/>\n\t<meta property=\"og:image:type\" content=\"image\/gif\" \/>\n<meta name=\"author\" content=\"Paroquia de Queijas\" \/>\n<meta name=\"twitter:card\" content=\"summary_large_image\" \/>\n<meta name=\"twitter:label1\" content=\"Escrito por\" \/>\n\t<meta name=\"twitter:data1\" content=\"Paroquia de Queijas\" \/>\n\t<meta name=\"twitter:label2\" content=\"Tempo estimado de leitura\" \/>\n\t<meta name=\"twitter:data2\" content=\"7 minutos\" \/>\n<script type=\"application\/ld+json\" class=\"yoast-schema-graph\">{\"@context\":\"https:\\\/\\\/schema.org\",\"@graph\":[{\"@type\":\"Article\",\"@id\":\"https:\\\/\\\/paroquiaqueijas.net\\\/portal\\\/beatificacao-de-joao-paulo-ii\\\/#article\",\"isPartOf\":{\"@id\":\"https:\\\/\\\/paroquiaqueijas.net\\\/portal\\\/beatificacao-de-joao-paulo-ii\\\/\"},\"author\":{\"name\":\"Paroquia de Queijas\",\"@id\":\"https:\\\/\\\/paroquiaqueijas.net\\\/portal\\\/#\\\/schema\\\/person\\\/07bb4cce216326e06b6f742b719ebec7\"},\"headline\":\"Beatifica\u00e7\u00e3o de Jo\u00e3o Paulo II\",\"datePublished\":\"2011-05-01T17:09:54+00:00\",\"dateModified\":\"2026-03-21T15:41:43+00:00\",\"mainEntityOfPage\":{\"@id\":\"https:\\\/\\\/paroquiaqueijas.net\\\/portal\\\/beatificacao-de-joao-paulo-ii\\\/\"},\"wordCount\":1372,\"commentCount\":0,\"publisher\":{\"@id\":\"https:\\\/\\\/paroquiaqueijas.net\\\/portal\\\/#organization\"},\"image\":{\"@id\":\"https:\\\/\\\/paroquiaqueijas.net\\\/portal\\\/beatificacao-de-joao-paulo-ii\\\/#primaryimage\"},\"thumbnailUrl\":\"https:\\\/\\\/paroquiaqueijas.net\\\/portal\\\/wp-content\\\/uploads\\\/2011\\\/05\\\/JPBeat30.gif\",\"articleSection\":[\"Espa\u00e7o Eclesial\"],\"inLanguage\":\"pt-PT\",\"potentialAction\":[{\"@type\":\"CommentAction\",\"name\":\"Comment\",\"target\":[\"https:\\\/\\\/paroquiaqueijas.net\\\/portal\\\/beatificacao-de-joao-paulo-ii\\\/#respond\"]}]},{\"@type\":\"WebPage\",\"@id\":\"https:\\\/\\\/paroquiaqueijas.net\\\/portal\\\/beatificacao-de-joao-paulo-ii\\\/\",\"url\":\"https:\\\/\\\/paroquiaqueijas.net\\\/portal\\\/beatificacao-de-joao-paulo-ii\\\/\",\"name\":\"Beatifica\u00e7\u00e3o de Jo\u00e3o Paulo II - Paroquia de Queijas\",\"isPartOf\":{\"@id\":\"https:\\\/\\\/paroquiaqueijas.net\\\/portal\\\/#website\"},\"primaryImageOfPage\":{\"@id\":\"https:\\\/\\\/paroquiaqueijas.net\\\/portal\\\/beatificacao-de-joao-paulo-ii\\\/#primaryimage\"},\"image\":{\"@id\":\"https:\\\/\\\/paroquiaqueijas.net\\\/portal\\\/beatificacao-de-joao-paulo-ii\\\/#primaryimage\"},\"thumbnailUrl\":\"https:\\\/\\\/paroquiaqueijas.net\\\/portal\\\/wp-content\\\/uploads\\\/2011\\\/05\\\/JPBeat30.gif\",\"datePublished\":\"2011-05-01T17:09:54+00:00\",\"dateModified\":\"2026-03-21T15:41:43+00:00\",\"breadcrumb\":{\"@id\":\"https:\\\/\\\/paroquiaqueijas.net\\\/portal\\\/beatificacao-de-joao-paulo-ii\\\/#breadcrumb\"},\"inLanguage\":\"pt-PT\",\"potentialAction\":[{\"@type\":\"ReadAction\",\"target\":[\"https:\\\/\\\/paroquiaqueijas.net\\\/portal\\\/beatificacao-de-joao-paulo-ii\\\/\"]}]},{\"@type\":\"ImageObject\",\"inLanguage\":\"pt-PT\",\"@id\":\"https:\\\/\\\/paroquiaqueijas.net\\\/portal\\\/beatificacao-de-joao-paulo-ii\\\/#primaryimage\",\"url\":\"https:\\\/\\\/paroquiaqueijas.net\\\/portal\\\/wp-content\\\/uploads\\\/2011\\\/05\\\/JPBeat30.gif\",\"contentUrl\":\"https:\\\/\\\/paroquiaqueijas.net\\\/portal\\\/wp-content\\\/uploads\\\/2011\\\/05\\\/JPBeat30.gif\",\"width\":980,\"height\":735,\"caption\":\"JPBeat30\"},{\"@type\":\"BreadcrumbList\",\"@id\":\"https:\\\/\\\/paroquiaqueijas.net\\\/portal\\\/beatificacao-de-joao-paulo-ii\\\/#breadcrumb\",\"itemListElement\":[{\"@type\":\"ListItem\",\"position\":1,\"name\":\"In\u00edcio\",\"item\":\"https:\\\/\\\/paroquiaqueijas.net\\\/portal\\\/\"},{\"@type\":\"ListItem\",\"position\":2,\"name\":\"Beatifica\u00e7\u00e3o de Jo\u00e3o Paulo II\"}]},{\"@type\":\"WebSite\",\"@id\":\"https:\\\/\\\/paroquiaqueijas.net\\\/portal\\\/#website\",\"url\":\"https:\\\/\\\/paroquiaqueijas.net\\\/portal\\\/\",\"name\":\"Paroquia de Queijas\",\"description\":\"\",\"publisher\":{\"@id\":\"https:\\\/\\\/paroquiaqueijas.net\\\/portal\\\/#organization\"},\"potentialAction\":[{\"@type\":\"SearchAction\",\"target\":{\"@type\":\"EntryPoint\",\"urlTemplate\":\"https:\\\/\\\/paroquiaqueijas.net\\\/portal\\\/?s={search_term_string}\"},\"query-input\":{\"@type\":\"PropertyValueSpecification\",\"valueRequired\":true,\"valueName\":\"search_term_string\"}}],\"inLanguage\":\"pt-PT\"},{\"@type\":\"Organization\",\"@id\":\"https:\\\/\\\/paroquiaqueijas.net\\\/portal\\\/#organization\",\"name\":\"Paroquia de Queijas\",\"url\":\"https:\\\/\\\/paroquiaqueijas.net\\\/portal\\\/\",\"logo\":{\"@type\":\"ImageObject\",\"inLanguage\":\"pt-PT\",\"@id\":\"https:\\\/\\\/paroquiaqueijas.net\\\/portal\\\/#\\\/schema\\\/logo\\\/image\\\/\",\"url\":\"https:\\\/\\\/paroquiaqueijas.net\\\/portal\\\/wp-content\\\/uploads\\\/2026\\\/03\\\/LogoQueijas_novo.png\",\"contentUrl\":\"https:\\\/\\\/paroquiaqueijas.net\\\/portal\\\/wp-content\\\/uploads\\\/2026\\\/03\\\/LogoQueijas_novo.png\",\"width\":520,\"height\":519,\"caption\":\"Paroquia de Queijas\"},\"image\":{\"@id\":\"https:\\\/\\\/paroquiaqueijas.net\\\/portal\\\/#\\\/schema\\\/logo\\\/image\\\/\"},\"sameAs\":[\"https:\\\/\\\/www.facebook.com\\\/paroquiaqueijas\\\/\"]},{\"@type\":\"Person\",\"@id\":\"https:\\\/\\\/paroquiaqueijas.net\\\/portal\\\/#\\\/schema\\\/person\\\/07bb4cce216326e06b6f742b719ebec7\",\"name\":\"Paroquia de Queijas\",\"image\":{\"@type\":\"ImageObject\",\"inLanguage\":\"pt-PT\",\"@id\":\"https:\\\/\\\/secure.gravatar.com\\\/avatar\\\/5054571ff5d2454cd50657fc4e61d0c32d7a5d0d3b36ef6c0f6e269276d13618?s=96&d=mm&r=g\",\"url\":\"https:\\\/\\\/secure.gravatar.com\\\/avatar\\\/5054571ff5d2454cd50657fc4e61d0c32d7a5d0d3b36ef6c0f6e269276d13618?s=96&d=mm&r=g\",\"contentUrl\":\"https:\\\/\\\/secure.gravatar.com\\\/avatar\\\/5054571ff5d2454cd50657fc4e61d0c32d7a5d0d3b36ef6c0f6e269276d13618?s=96&d=mm&r=g\",\"caption\":\"Paroquia de Queijas\"},\"sameAs\":[\"https:\\\/\\\/paroquiaqueijas.net\\\/site\"],\"url\":\"https:\\\/\\\/paroquiaqueijas.net\\\/portal\\\/author\\\/admin1\\\/\"}]}<\/script>\n<!-- \/ Yoast SEO plugin. -->","yoast_head_json":{"title":"Beatifica\u00e7\u00e3o de Jo\u00e3o Paulo II - Paroquia de Queijas","robots":{"index":"index","follow":"follow","max-snippet":"max-snippet:-1","max-image-preview":"max-image-preview:large","max-video-preview":"max-video-preview:-1"},"canonical":"https:\/\/paroquiaqueijas.net\/portal\/beatificacao-de-joao-paulo-ii\/","og_locale":"pt_PT","og_type":"article","og_title":"Beatifica\u00e7\u00e3o de Jo\u00e3o Paulo II - Paroquia de Queijas","og_description":"Beatifica\u00e7\u00e3o de Jo\u00e3o Paulo II O cardeal Silvio Baldini proferiu, no in\u00edcio da celebra\u00e7\u00e3o, um texto sobre a vida do [&hellip;]","og_url":"https:\/\/paroquiaqueijas.net\/portal\/beatificacao-de-joao-paulo-ii\/","og_site_name":"Paroquia de Queijas","article_publisher":"https:\/\/www.facebook.com\/paroquiaqueijas\/","article_published_time":"2011-05-01T17:09:54+00:00","article_modified_time":"2026-03-21T15:41:43+00:00","og_image":[{"width":980,"height":735,"url":"https:\/\/paroquiaqueijas.net\/portal\/wp-content\/uploads\/2011\/05\/JPBeat30.gif","type":"image\/gif"}],"author":"Paroquia de Queijas","twitter_card":"summary_large_image","twitter_misc":{"Escrito por":"Paroquia de Queijas","Tempo estimado de leitura":"7 minutos"},"schema":{"@context":"https:\/\/schema.org","@graph":[{"@type":"Article","@id":"https:\/\/paroquiaqueijas.net\/portal\/beatificacao-de-joao-paulo-ii\/#article","isPartOf":{"@id":"https:\/\/paroquiaqueijas.net\/portal\/beatificacao-de-joao-paulo-ii\/"},"author":{"name":"Paroquia de Queijas","@id":"https:\/\/paroquiaqueijas.net\/portal\/#\/schema\/person\/07bb4cce216326e06b6f742b719ebec7"},"headline":"Beatifica\u00e7\u00e3o de Jo\u00e3o Paulo II","datePublished":"2011-05-01T17:09:54+00:00","dateModified":"2026-03-21T15:41:43+00:00","mainEntityOfPage":{"@id":"https:\/\/paroquiaqueijas.net\/portal\/beatificacao-de-joao-paulo-ii\/"},"wordCount":1372,"commentCount":0,"publisher":{"@id":"https:\/\/paroquiaqueijas.net\/portal\/#organization"},"image":{"@id":"https:\/\/paroquiaqueijas.net\/portal\/beatificacao-de-joao-paulo-ii\/#primaryimage"},"thumbnailUrl":"https:\/\/paroquiaqueijas.net\/portal\/wp-content\/uploads\/2011\/05\/JPBeat30.gif","articleSection":["Espa\u00e7o Eclesial"],"inLanguage":"pt-PT","potentialAction":[{"@type":"CommentAction","name":"Comment","target":["https:\/\/paroquiaqueijas.net\/portal\/beatificacao-de-joao-paulo-ii\/#respond"]}]},{"@type":"WebPage","@id":"https:\/\/paroquiaqueijas.net\/portal\/beatificacao-de-joao-paulo-ii\/","url":"https:\/\/paroquiaqueijas.net\/portal\/beatificacao-de-joao-paulo-ii\/","name":"Beatifica\u00e7\u00e3o de Jo\u00e3o Paulo II - Paroquia de Queijas","isPartOf":{"@id":"https:\/\/paroquiaqueijas.net\/portal\/#website"},"primaryImageOfPage":{"@id":"https:\/\/paroquiaqueijas.net\/portal\/beatificacao-de-joao-paulo-ii\/#primaryimage"},"image":{"@id":"https:\/\/paroquiaqueijas.net\/portal\/beatificacao-de-joao-paulo-ii\/#primaryimage"},"thumbnailUrl":"https:\/\/paroquiaqueijas.net\/portal\/wp-content\/uploads\/2011\/05\/JPBeat30.gif","datePublished":"2011-05-01T17:09:54+00:00","dateModified":"2026-03-21T15:41:43+00:00","breadcrumb":{"@id":"https:\/\/paroquiaqueijas.net\/portal\/beatificacao-de-joao-paulo-ii\/#breadcrumb"},"inLanguage":"pt-PT","potentialAction":[{"@type":"ReadAction","target":["https:\/\/paroquiaqueijas.net\/portal\/beatificacao-de-joao-paulo-ii\/"]}]},{"@type":"ImageObject","inLanguage":"pt-PT","@id":"https:\/\/paroquiaqueijas.net\/portal\/beatificacao-de-joao-paulo-ii\/#primaryimage","url":"https:\/\/paroquiaqueijas.net\/portal\/wp-content\/uploads\/2011\/05\/JPBeat30.gif","contentUrl":"https:\/\/paroquiaqueijas.net\/portal\/wp-content\/uploads\/2011\/05\/JPBeat30.gif","width":980,"height":735,"caption":"JPBeat30"},{"@type":"BreadcrumbList","@id":"https:\/\/paroquiaqueijas.net\/portal\/beatificacao-de-joao-paulo-ii\/#breadcrumb","itemListElement":[{"@type":"ListItem","position":1,"name":"In\u00edcio","item":"https:\/\/paroquiaqueijas.net\/portal\/"},{"@type":"ListItem","position":2,"name":"Beatifica\u00e7\u00e3o de Jo\u00e3o Paulo II"}]},{"@type":"WebSite","@id":"https:\/\/paroquiaqueijas.net\/portal\/#website","url":"https:\/\/paroquiaqueijas.net\/portal\/","name":"Paroquia de Queijas","description":"","publisher":{"@id":"https:\/\/paroquiaqueijas.net\/portal\/#organization"},"potentialAction":[{"@type":"SearchAction","target":{"@type":"EntryPoint","urlTemplate":"https:\/\/paroquiaqueijas.net\/portal\/?s={search_term_string}"},"query-input":{"@type":"PropertyValueSpecification","valueRequired":true,"valueName":"search_term_string"}}],"inLanguage":"pt-PT"},{"@type":"Organization","@id":"https:\/\/paroquiaqueijas.net\/portal\/#organization","name":"Paroquia de Queijas","url":"https:\/\/paroquiaqueijas.net\/portal\/","logo":{"@type":"ImageObject","inLanguage":"pt-PT","@id":"https:\/\/paroquiaqueijas.net\/portal\/#\/schema\/logo\/image\/","url":"https:\/\/paroquiaqueijas.net\/portal\/wp-content\/uploads\/2026\/03\/LogoQueijas_novo.png","contentUrl":"https:\/\/paroquiaqueijas.net\/portal\/wp-content\/uploads\/2026\/03\/LogoQueijas_novo.png","width":520,"height":519,"caption":"Paroquia de Queijas"},"image":{"@id":"https:\/\/paroquiaqueijas.net\/portal\/#\/schema\/logo\/image\/"},"sameAs":["https:\/\/www.facebook.com\/paroquiaqueijas\/"]},{"@type":"Person","@id":"https:\/\/paroquiaqueijas.net\/portal\/#\/schema\/person\/07bb4cce216326e06b6f742b719ebec7","name":"Paroquia de Queijas","image":{"@type":"ImageObject","inLanguage":"pt-PT","@id":"https:\/\/secure.gravatar.com\/avatar\/5054571ff5d2454cd50657fc4e61d0c32d7a5d0d3b36ef6c0f6e269276d13618?s=96&d=mm&r=g","url":"https:\/\/secure.gravatar.com\/avatar\/5054571ff5d2454cd50657fc4e61d0c32d7a5d0d3b36ef6c0f6e269276d13618?s=96&d=mm&r=g","contentUrl":"https:\/\/secure.gravatar.com\/avatar\/5054571ff5d2454cd50657fc4e61d0c32d7a5d0d3b36ef6c0f6e269276d13618?s=96&d=mm&r=g","caption":"Paroquia de Queijas"},"sameAs":["https:\/\/paroquiaqueijas.net\/site"],"url":"https:\/\/paroquiaqueijas.net\/portal\/author\/admin1\/"}]}},"_links":{"self":[{"href":"https:\/\/paroquiaqueijas.net\/portal\/wp-json\/wp\/v2\/posts\/198","targetHints":{"allow":["GET"]}}],"collection":[{"href":"https:\/\/paroquiaqueijas.net\/portal\/wp-json\/wp\/v2\/posts"}],"about":[{"href":"https:\/\/paroquiaqueijas.net\/portal\/wp-json\/wp\/v2\/types\/post"}],"author":[{"embeddable":true,"href":"https:\/\/paroquiaqueijas.net\/portal\/wp-json\/wp\/v2\/users\/1"}],"replies":[{"embeddable":true,"href":"https:\/\/paroquiaqueijas.net\/portal\/wp-json\/wp\/v2\/comments?post=198"}],"version-history":[{"count":1,"href":"https:\/\/paroquiaqueijas.net\/portal\/wp-json\/wp\/v2\/posts\/198\/revisions"}],"predecessor-version":[{"id":2858,"href":"https:\/\/paroquiaqueijas.net\/portal\/wp-json\/wp\/v2\/posts\/198\/revisions\/2858"}],"wp:featuredmedia":[{"embeddable":true,"href":"https:\/\/paroquiaqueijas.net\/portal\/wp-json\/wp\/v2\/media\/192"}],"wp:attachment":[{"href":"https:\/\/paroquiaqueijas.net\/portal\/wp-json\/wp\/v2\/media?parent=198"}],"wp:term":[{"taxonomy":"category","embeddable":true,"href":"https:\/\/paroquiaqueijas.net\/portal\/wp-json\/wp\/v2\/categories?post=198"},{"taxonomy":"post_tag","embeddable":true,"href":"https:\/\/paroquiaqueijas.net\/portal\/wp-json\/wp\/v2\/tags?post=198"}],"curies":[{"name":"wp","href":"https:\/\/api.w.org\/{rel}","templated":true}]}}