{"id":2021,"date":"2025-05-10T16:34:01","date_gmt":"2025-05-10T16:34:01","guid":{"rendered":"https:\/\/paroquiaqueijas.net\/site\/?p=2021"},"modified":"2026-04-18T09:08:06","modified_gmt":"2026-04-18T09:08:06","slug":"leao-xiv-mensagem-urbi-et-orbi","status":"publish","type":"post","link":"https:\/\/paroquiaqueijas.net\/portal\/leao-xiv-mensagem-urbi-et-orbi\/","title":{"rendered":"Le\u00e3o XIV, Mensagem Urbi et Orbi"},"content":{"rendered":"<p><strong><img fetchpriority=\"high\" decoding=\"async\" class=\" alignright  wp-image-2020\" style=\"float: right;\" src=\"https:\/\/paroquiaqueijas.net\/portal\/wp-content\/uploads\/2025\/05\/Leao_14.jpg\" alt=\"Leao 14\" width=\"501\" height=\"386\" srcset=\"https:\/\/paroquiaqueijas.net\/portal\/wp-content\/uploads\/2025\/05\/Leao_14.jpg 1592w, https:\/\/paroquiaqueijas.net\/portal\/wp-content\/uploads\/2025\/05\/Leao_14-300x231.jpg 300w, https:\/\/paroquiaqueijas.net\/portal\/wp-content\/uploads\/2025\/05\/Leao_14-1024x787.jpg 1024w, https:\/\/paroquiaqueijas.net\/portal\/wp-content\/uploads\/2025\/05\/Leao_14-768x590.jpg 768w, https:\/\/paroquiaqueijas.net\/portal\/wp-content\/uploads\/2025\/05\/Leao_14-1536x1181.jpg 1536w\" sizes=\"(max-width: 501px) 100vw, 501px\" \/>A paz esteja convosco!<\/strong><\/p>\n<p>Car\u00edssimos irm\u00e3os e irm\u00e3s, esta \u00e9 a primeira sauda\u00e7\u00e3o de Cristo Ressuscitado, o Bom Pastor, que deu a vida pelo rebanho de Deus. Tamb\u00e9m eu gostaria que esta sauda\u00e7\u00e3o de paz entrasse no vosso cora\u00e7\u00e3o, chegasse \u00e0s vossas fam\u00edlias, a todas as pessoas, onde quer que se encontrem, a todos os povos, a toda a terra. A paz esteja convosco!<\/p>\n<p>Esta \u00e9 a paz de Cristo Ressuscitado, uma paz desarmada e uma paz que desarma, que \u00e9 humilde e perseverante. Que vem de Deus, do Deus que nos ama a todos incondicionalmente.<\/p>\n<p>Conservamos ainda nos nossos ouvidos aquela voz fraca, mas sempre corajosa, do Papa Francisco que aben\u00e7oava Roma, o Papa que, naquela manh\u00e3 de P\u00e1scoa, aben\u00e7oava Roma e dava a sua b\u00ean\u00e7\u00e3o ao mundo inteiro. Permiti-me que d\u00ea prosseguimento \u00e0quela mesma b\u00ean\u00e7\u00e3o: Deus nos ama, Deus vos ama a todos, e o mal n\u00e3o prevalecer\u00e1! Estamos todos nas m\u00e3os de Deus. Portanto, sem medo, unidos de m\u00e3os dadas com Deus e uns com os outros, sigamos em frente! Somos disc\u00edpulos de Cristo. Cristo vai \u00e0 nossa frente. O mundo precisa da sua luz. humanidade precisa d\u2019Ele como ponte para poder ser alcan\u00e7ada por Deus e pelo seu amor. Ajudai-nos tamb\u00e9m v\u00f3s e, depois, ajudai-vos uns aos outros a construir pontes, com o di\u00e1logo, o encontro, unindo-nos todos para sermos um s\u00f3 povo sempre em paz. Obrigado, Papa Francisco!<\/p>\n<p>Quero tamb\u00e9m agradecer a todos os meus irm\u00e3os Cardeais que me escolheram para ser o Sucessor de Pedro e para caminhar convosco, como Igreja unida, procurando sempre a paz, a justi\u00e7a, esfor\u00e7ando-se sempre por trabalhar como homens e mulheres fi\u00e9is a Jesus Cristo, sem medo, para anunciar o Evangelho, para ser mission\u00e1rios<\/p>\n<p>Sou agostiniano, um filho de Santo Agostinho que dizia: \u201cConvosco sou crist\u00e3o e para v\u00f3s sou bispo\u201d. Neste sentido, podemos caminhar todos juntos em dire\u00e7\u00e3o \u00e0 p\u00e1tria que Deus nos preparou.<\/p>\n<p>Uma sauda\u00e7\u00e3o especial \u00e0 Igreja de Roma! Devemos procurar juntos o modo de ser uma Igreja mission\u00e1ria, uma Igreja que constr\u00f3i pontes, que constr\u00f3i o di\u00e1logo, sempre aberta para acolher a todos, como esta Pra\u00e7a, de bra\u00e7os abertos, a todos aqueles que precisam da nossa caridade, da nossa presen\u00e7a, de di\u00e1logo e de amor.<\/p>\n<p>E se me permitem uma palavra, uma sauda\u00e7\u00e3o [em espanhol] a todos e especialmente \u00e0 minha querida Diocese de Chiclayo, no Peru, onde um povo fiel acompanhou o seu bispo, partilhou a sua f\u00e9 e deu tanto, tanto, para continuar a ser uma Igreja fiel a Jesus Cristo.<\/p>\n<p>A todos v\u00f3s, irm\u00e3os e irm\u00e3s de Roma, da It\u00e1lia, de todo o mundo: queremos ser uma Igreja sinodal, uma Igreja que caminha, uma Igreja que procura sempre a paz, que procura sempre a caridade, que procura sempre estar pr\u00f3xima, sobretudo dos que sofrem.<\/p>\n<p>Hoje \u00e9 o dia da S\u00faplica a Nossa Senhora do Ros\u00e1rio de Pompeia. A nossa M\u00e3e, Maria, quer sempre caminhar connosco, estar perto, ajudar-nos com a sua intercess\u00e3o e o seu amor. Gostaria, por isso, de rezar convosco. Rezemos juntos por esta nova miss\u00e3o, por toda a Igreja, pela paz no mundo e pe\u00e7amos a Maria, nossa M\u00e3e, esta gra\u00e7a especial: Ave Maria&#8230;<\/p>\n<p>&#8230;<br \/>\nDe seguida, o papa Le\u00e3o XIV deu a sua b\u00ean\u00e7\u00e3o solene <em>Urbi et Orbi<\/em>.<\/p>\n","protected":false},"excerpt":{"rendered":"<p>A paz esteja convosco! Car\u00edssimos irm\u00e3os e irm\u00e3s, esta \u00e9 a primeira sauda\u00e7\u00e3o de Cristo Ressuscitado, o Bom Pastor, que [&hellip;]<\/p>\n","protected":false},"author":1,"featured_media":2020,"comment_status":"open","ping_status":"open","sticky":false,"template":"","format":"standard","meta":{"site-sidebar-layout":"default","site-content-layout":"","ast-site-content-layout":"default","site-content-style":"default","site-sidebar-style":"default","ast-global-header-display":"","ast-banner-title-visibility":"","ast-main-header-display":"","ast-hfb-above-header-display":"","ast-hfb-below-header-display":"","ast-hfb-mobile-header-display":"","site-post-title":"","ast-breadcrumbs-content":"","ast-featured-img":"","footer-sml-layout":"","ast-disable-related-posts":"","theme-transparent-header-meta":"default","adv-header-id-meta":"","stick-header-meta":"default","header-above-stick-meta":"","header-main-stick-meta":"","header-below-stick-meta":"","astra-migrate-meta-layouts":"set","ast-page-background-enabled":"default","ast-page-background-meta":{"desktop":{"background-color":"var(--ast-global-color-5)","background-image":"","background-repeat":"repeat","background-position":"center center","background-size":"auto","background-attachment":"scroll","background-type":"","background-media":"","overlay-type":"","overlay-color":"","overlay-opacity":"","overlay-gradient":""},"tablet":{"background-color":"","background-image":"","background-repeat":"repeat","background-position":"center center","background-size":"auto","background-attachment":"scroll","background-type":"","background-media":"","overlay-type":"","overlay-color":"","overlay-opacity":"","overlay-gradient":""},"mobile":{"background-color":"","background-image":"","background-repeat":"repeat","background-position":"center center","background-size":"auto","background-attachment":"scroll","background-type":"","background-media":"","overlay-type":"","overlay-color":"","overlay-opacity":"","overlay-gradient":""}},"ast-content-background-meta":{"desktop":{"background-color":"var(--ast-global-color-4)","background-image":"","background-repeat":"repeat","background-position":"center center","background-size":"auto","background-attachment":"scroll","background-type":"","background-media":"","overlay-type":"","overlay-color":"","overlay-opacity":"","overlay-gradient":""},"tablet":{"background-color":"var(--ast-global-color-4)","background-image":"","background-repeat":"repeat","background-position":"center center","background-size":"auto","background-attachment":"scroll","background-type":"","background-media":"","overlay-type":"","overlay-color":"","overlay-opacity":"","overlay-gradient":""},"mobile":{"background-color":"var(--ast-global-color-4)","background-image":"","background-repeat":"repeat","background-position":"center center","background-size":"auto","background-attachment":"scroll","background-type":"","background-media":"","overlay-type":"","overlay-color":"","overlay-opacity":"","overlay-gradient":""}},"footnotes":""},"categories":[66],"tags":[],"class_list":["post-2021","post","type-post","status-publish","format-standard","has-post-thumbnail","hentry","category-leao-xiv"],"yoast_head":"<!-- This site is optimized with the Yoast SEO plugin v27.4 - https:\/\/yoast.com\/product\/yoast-seo-wordpress\/ -->\n<title>Le\u00e3o XIV, Mensagem Urbi et Orbi - Paroquia de Queijas<\/title>\n<meta name=\"robots\" content=\"index, follow, max-snippet:-1, max-image-preview:large, max-video-preview:-1\" \/>\n<link rel=\"canonical\" href=\"https:\/\/paroquiaqueijas.net\/portal\/leao-xiv-mensagem-urbi-et-orbi\/\" \/>\n<meta property=\"og:locale\" content=\"pt_PT\" \/>\n<meta property=\"og:type\" content=\"article\" \/>\n<meta property=\"og:title\" content=\"Le\u00e3o XIV, Mensagem Urbi et Orbi - Paroquia de Queijas\" \/>\n<meta property=\"og:description\" content=\"A paz esteja convosco! Car\u00edssimos irm\u00e3os e irm\u00e3s, esta \u00e9 a primeira sauda\u00e7\u00e3o de Cristo Ressuscitado, o Bom Pastor, que [&hellip;]\" \/>\n<meta property=\"og:url\" content=\"https:\/\/paroquiaqueijas.net\/portal\/leao-xiv-mensagem-urbi-et-orbi\/\" \/>\n<meta property=\"og:site_name\" content=\"Paroquia de Queijas\" \/>\n<meta property=\"article:publisher\" content=\"https:\/\/www.facebook.com\/paroquiaqueijas\/\" \/>\n<meta property=\"article:published_time\" content=\"2025-05-10T16:34:01+00:00\" \/>\n<meta property=\"article:modified_time\" content=\"2026-04-18T09:08:06+00:00\" \/>\n<meta property=\"og:image\" content=\"https:\/\/paroquiaqueijas.net\/portal\/wp-content\/uploads\/2025\/05\/Leao_14.jpg\" \/>\n\t<meta property=\"og:image:width\" content=\"1592\" \/>\n\t<meta property=\"og:image:height\" content=\"1224\" \/>\n\t<meta property=\"og:image:type\" content=\"image\/jpeg\" \/>\n<meta name=\"author\" content=\"Paroquia de Queijas\" \/>\n<meta name=\"twitter:card\" content=\"summary_large_image\" \/>\n<meta name=\"twitter:label1\" content=\"Escrito por\" \/>\n\t<meta name=\"twitter:data1\" content=\"Paroquia de Queijas\" \/>\n\t<meta name=\"twitter:label2\" content=\"Tempo estimado de leitura\" \/>\n\t<meta name=\"twitter:data2\" content=\"4 minutos\" \/>\n<script type=\"application\/ld+json\" class=\"yoast-schema-graph\">{\"@context\":\"https:\\\/\\\/schema.org\",\"@graph\":[{\"@type\":\"Article\",\"@id\":\"https:\\\/\\\/paroquiaqueijas.net\\\/portal\\\/leao-xiv-mensagem-urbi-et-orbi\\\/#article\",\"isPartOf\":{\"@id\":\"https:\\\/\\\/paroquiaqueijas.net\\\/portal\\\/leao-xiv-mensagem-urbi-et-orbi\\\/\"},\"author\":{\"name\":\"Paroquia de Queijas\",\"@id\":\"https:\\\/\\\/paroquiaqueijas.net\\\/portal\\\/#\\\/schema\\\/person\\\/07bb4cce216326e06b6f742b719ebec7\"},\"headline\":\"Le\u00e3o XIV, Mensagem Urbi et Orbi\",\"datePublished\":\"2025-05-10T16:34:01+00:00\",\"dateModified\":\"2026-04-18T09:08:06+00:00\",\"mainEntityOfPage\":{\"@id\":\"https:\\\/\\\/paroquiaqueijas.net\\\/portal\\\/leao-xiv-mensagem-urbi-et-orbi\\\/\"},\"wordCount\":598,\"commentCount\":0,\"publisher\":{\"@id\":\"https:\\\/\\\/paroquiaqueijas.net\\\/portal\\\/#organization\"},\"image\":{\"@id\":\"https:\\\/\\\/paroquiaqueijas.net\\\/portal\\\/leao-xiv-mensagem-urbi-et-orbi\\\/#primaryimage\"},\"thumbnailUrl\":\"https:\\\/\\\/paroquiaqueijas.net\\\/portal\\\/wp-content\\\/uploads\\\/2025\\\/05\\\/Leao_14.jpg\",\"articleSection\":[\"Papa Le\u00e3o XIV\"],\"inLanguage\":\"pt-PT\",\"potentialAction\":[{\"@type\":\"CommentAction\",\"name\":\"Comment\",\"target\":[\"https:\\\/\\\/paroquiaqueijas.net\\\/portal\\\/leao-xiv-mensagem-urbi-et-orbi\\\/#respond\"]}]},{\"@type\":\"WebPage\",\"@id\":\"https:\\\/\\\/paroquiaqueijas.net\\\/portal\\\/leao-xiv-mensagem-urbi-et-orbi\\\/\",\"url\":\"https:\\\/\\\/paroquiaqueijas.net\\\/portal\\\/leao-xiv-mensagem-urbi-et-orbi\\\/\",\"name\":\"Le\u00e3o XIV, Mensagem Urbi et Orbi - Paroquia de Queijas\",\"isPartOf\":{\"@id\":\"https:\\\/\\\/paroquiaqueijas.net\\\/portal\\\/#website\"},\"primaryImageOfPage\":{\"@id\":\"https:\\\/\\\/paroquiaqueijas.net\\\/portal\\\/leao-xiv-mensagem-urbi-et-orbi\\\/#primaryimage\"},\"image\":{\"@id\":\"https:\\\/\\\/paroquiaqueijas.net\\\/portal\\\/leao-xiv-mensagem-urbi-et-orbi\\\/#primaryimage\"},\"thumbnailUrl\":\"https:\\\/\\\/paroquiaqueijas.net\\\/portal\\\/wp-content\\\/uploads\\\/2025\\\/05\\\/Leao_14.jpg\",\"datePublished\":\"2025-05-10T16:34:01+00:00\",\"dateModified\":\"2026-04-18T09:08:06+00:00\",\"breadcrumb\":{\"@id\":\"https:\\\/\\\/paroquiaqueijas.net\\\/portal\\\/leao-xiv-mensagem-urbi-et-orbi\\\/#breadcrumb\"},\"inLanguage\":\"pt-PT\",\"potentialAction\":[{\"@type\":\"ReadAction\",\"target\":[\"https:\\\/\\\/paroquiaqueijas.net\\\/portal\\\/leao-xiv-mensagem-urbi-et-orbi\\\/\"]}]},{\"@type\":\"ImageObject\",\"inLanguage\":\"pt-PT\",\"@id\":\"https:\\\/\\\/paroquiaqueijas.net\\\/portal\\\/leao-xiv-mensagem-urbi-et-orbi\\\/#primaryimage\",\"url\":\"https:\\\/\\\/paroquiaqueijas.net\\\/portal\\\/wp-content\\\/uploads\\\/2025\\\/05\\\/Leao_14.jpg\",\"contentUrl\":\"https:\\\/\\\/paroquiaqueijas.net\\\/portal\\\/wp-content\\\/uploads\\\/2025\\\/05\\\/Leao_14.jpg\",\"width\":1592,\"height\":1224,\"caption\":\"Leao 14\"},{\"@type\":\"BreadcrumbList\",\"@id\":\"https:\\\/\\\/paroquiaqueijas.net\\\/portal\\\/leao-xiv-mensagem-urbi-et-orbi\\\/#breadcrumb\",\"itemListElement\":[{\"@type\":\"ListItem\",\"position\":1,\"name\":\"In\u00edcio\",\"item\":\"https:\\\/\\\/paroquiaqueijas.net\\\/portal\\\/\"},{\"@type\":\"ListItem\",\"position\":2,\"name\":\"Le\u00e3o XIV, Mensagem Urbi et Orbi\"}]},{\"@type\":\"WebSite\",\"@id\":\"https:\\\/\\\/paroquiaqueijas.net\\\/portal\\\/#website\",\"url\":\"https:\\\/\\\/paroquiaqueijas.net\\\/portal\\\/\",\"name\":\"Paroquia de Queijas\",\"description\":\"\",\"publisher\":{\"@id\":\"https:\\\/\\\/paroquiaqueijas.net\\\/portal\\\/#organization\"},\"potentialAction\":[{\"@type\":\"SearchAction\",\"target\":{\"@type\":\"EntryPoint\",\"urlTemplate\":\"https:\\\/\\\/paroquiaqueijas.net\\\/portal\\\/?s={search_term_string}\"},\"query-input\":{\"@type\":\"PropertyValueSpecification\",\"valueRequired\":true,\"valueName\":\"search_term_string\"}}],\"inLanguage\":\"pt-PT\"},{\"@type\":\"Organization\",\"@id\":\"https:\\\/\\\/paroquiaqueijas.net\\\/portal\\\/#organization\",\"name\":\"Paroquia de Queijas\",\"url\":\"https:\\\/\\\/paroquiaqueijas.net\\\/portal\\\/\",\"logo\":{\"@type\":\"ImageObject\",\"inLanguage\":\"pt-PT\",\"@id\":\"https:\\\/\\\/paroquiaqueijas.net\\\/portal\\\/#\\\/schema\\\/logo\\\/image\\\/\",\"url\":\"https:\\\/\\\/paroquiaqueijas.net\\\/portal\\\/wp-content\\\/uploads\\\/2026\\\/03\\\/LogoQueijas_novo.png\",\"contentUrl\":\"https:\\\/\\\/paroquiaqueijas.net\\\/portal\\\/wp-content\\\/uploads\\\/2026\\\/03\\\/LogoQueijas_novo.png\",\"width\":520,\"height\":519,\"caption\":\"Paroquia de Queijas\"},\"image\":{\"@id\":\"https:\\\/\\\/paroquiaqueijas.net\\\/portal\\\/#\\\/schema\\\/logo\\\/image\\\/\"},\"sameAs\":[\"https:\\\/\\\/www.facebook.com\\\/paroquiaqueijas\\\/\"]},{\"@type\":\"Person\",\"@id\":\"https:\\\/\\\/paroquiaqueijas.net\\\/portal\\\/#\\\/schema\\\/person\\\/07bb4cce216326e06b6f742b719ebec7\",\"name\":\"Paroquia de Queijas\",\"image\":{\"@type\":\"ImageObject\",\"inLanguage\":\"pt-PT\",\"@id\":\"https:\\\/\\\/secure.gravatar.com\\\/avatar\\\/5054571ff5d2454cd50657fc4e61d0c32d7a5d0d3b36ef6c0f6e269276d13618?s=96&d=mm&r=g\",\"url\":\"https:\\\/\\\/secure.gravatar.com\\\/avatar\\\/5054571ff5d2454cd50657fc4e61d0c32d7a5d0d3b36ef6c0f6e269276d13618?s=96&d=mm&r=g\",\"contentUrl\":\"https:\\\/\\\/secure.gravatar.com\\\/avatar\\\/5054571ff5d2454cd50657fc4e61d0c32d7a5d0d3b36ef6c0f6e269276d13618?s=96&d=mm&r=g\",\"caption\":\"Paroquia de Queijas\"},\"sameAs\":[\"https:\\\/\\\/paroquiaqueijas.net\\\/site\"],\"url\":\"https:\\\/\\\/paroquiaqueijas.net\\\/portal\\\/author\\\/admin1\\\/\"}]}<\/script>\n<!-- \/ Yoast SEO plugin. -->","yoast_head_json":{"title":"Le\u00e3o XIV, Mensagem Urbi et Orbi - Paroquia de Queijas","robots":{"index":"index","follow":"follow","max-snippet":"max-snippet:-1","max-image-preview":"max-image-preview:large","max-video-preview":"max-video-preview:-1"},"canonical":"https:\/\/paroquiaqueijas.net\/portal\/leao-xiv-mensagem-urbi-et-orbi\/","og_locale":"pt_PT","og_type":"article","og_title":"Le\u00e3o XIV, Mensagem Urbi et Orbi - Paroquia de Queijas","og_description":"A paz esteja convosco! Car\u00edssimos irm\u00e3os e irm\u00e3s, esta \u00e9 a primeira sauda\u00e7\u00e3o de Cristo Ressuscitado, o Bom Pastor, que [&hellip;]","og_url":"https:\/\/paroquiaqueijas.net\/portal\/leao-xiv-mensagem-urbi-et-orbi\/","og_site_name":"Paroquia de Queijas","article_publisher":"https:\/\/www.facebook.com\/paroquiaqueijas\/","article_published_time":"2025-05-10T16:34:01+00:00","article_modified_time":"2026-04-18T09:08:06+00:00","og_image":[{"width":1592,"height":1224,"url":"https:\/\/paroquiaqueijas.net\/portal\/wp-content\/uploads\/2025\/05\/Leao_14.jpg","type":"image\/jpeg"}],"author":"Paroquia de Queijas","twitter_card":"summary_large_image","twitter_misc":{"Escrito por":"Paroquia de Queijas","Tempo estimado de leitura":"4 minutos"},"schema":{"@context":"https:\/\/schema.org","@graph":[{"@type":"Article","@id":"https:\/\/paroquiaqueijas.net\/portal\/leao-xiv-mensagem-urbi-et-orbi\/#article","isPartOf":{"@id":"https:\/\/paroquiaqueijas.net\/portal\/leao-xiv-mensagem-urbi-et-orbi\/"},"author":{"name":"Paroquia de Queijas","@id":"https:\/\/paroquiaqueijas.net\/portal\/#\/schema\/person\/07bb4cce216326e06b6f742b719ebec7"},"headline":"Le\u00e3o XIV, Mensagem Urbi et Orbi","datePublished":"2025-05-10T16:34:01+00:00","dateModified":"2026-04-18T09:08:06+00:00","mainEntityOfPage":{"@id":"https:\/\/paroquiaqueijas.net\/portal\/leao-xiv-mensagem-urbi-et-orbi\/"},"wordCount":598,"commentCount":0,"publisher":{"@id":"https:\/\/paroquiaqueijas.net\/portal\/#organization"},"image":{"@id":"https:\/\/paroquiaqueijas.net\/portal\/leao-xiv-mensagem-urbi-et-orbi\/#primaryimage"},"thumbnailUrl":"https:\/\/paroquiaqueijas.net\/portal\/wp-content\/uploads\/2025\/05\/Leao_14.jpg","articleSection":["Papa Le\u00e3o XIV"],"inLanguage":"pt-PT","potentialAction":[{"@type":"CommentAction","name":"Comment","target":["https:\/\/paroquiaqueijas.net\/portal\/leao-xiv-mensagem-urbi-et-orbi\/#respond"]}]},{"@type":"WebPage","@id":"https:\/\/paroquiaqueijas.net\/portal\/leao-xiv-mensagem-urbi-et-orbi\/","url":"https:\/\/paroquiaqueijas.net\/portal\/leao-xiv-mensagem-urbi-et-orbi\/","name":"Le\u00e3o XIV, Mensagem Urbi et Orbi - Paroquia de Queijas","isPartOf":{"@id":"https:\/\/paroquiaqueijas.net\/portal\/#website"},"primaryImageOfPage":{"@id":"https:\/\/paroquiaqueijas.net\/portal\/leao-xiv-mensagem-urbi-et-orbi\/#primaryimage"},"image":{"@id":"https:\/\/paroquiaqueijas.net\/portal\/leao-xiv-mensagem-urbi-et-orbi\/#primaryimage"},"thumbnailUrl":"https:\/\/paroquiaqueijas.net\/portal\/wp-content\/uploads\/2025\/05\/Leao_14.jpg","datePublished":"2025-05-10T16:34:01+00:00","dateModified":"2026-04-18T09:08:06+00:00","breadcrumb":{"@id":"https:\/\/paroquiaqueijas.net\/portal\/leao-xiv-mensagem-urbi-et-orbi\/#breadcrumb"},"inLanguage":"pt-PT","potentialAction":[{"@type":"ReadAction","target":["https:\/\/paroquiaqueijas.net\/portal\/leao-xiv-mensagem-urbi-et-orbi\/"]}]},{"@type":"ImageObject","inLanguage":"pt-PT","@id":"https:\/\/paroquiaqueijas.net\/portal\/leao-xiv-mensagem-urbi-et-orbi\/#primaryimage","url":"https:\/\/paroquiaqueijas.net\/portal\/wp-content\/uploads\/2025\/05\/Leao_14.jpg","contentUrl":"https:\/\/paroquiaqueijas.net\/portal\/wp-content\/uploads\/2025\/05\/Leao_14.jpg","width":1592,"height":1224,"caption":"Leao 14"},{"@type":"BreadcrumbList","@id":"https:\/\/paroquiaqueijas.net\/portal\/leao-xiv-mensagem-urbi-et-orbi\/#breadcrumb","itemListElement":[{"@type":"ListItem","position":1,"name":"In\u00edcio","item":"https:\/\/paroquiaqueijas.net\/portal\/"},{"@type":"ListItem","position":2,"name":"Le\u00e3o XIV, Mensagem Urbi et Orbi"}]},{"@type":"WebSite","@id":"https:\/\/paroquiaqueijas.net\/portal\/#website","url":"https:\/\/paroquiaqueijas.net\/portal\/","name":"Paroquia de Queijas","description":"","publisher":{"@id":"https:\/\/paroquiaqueijas.net\/portal\/#organization"},"potentialAction":[{"@type":"SearchAction","target":{"@type":"EntryPoint","urlTemplate":"https:\/\/paroquiaqueijas.net\/portal\/?s={search_term_string}"},"query-input":{"@type":"PropertyValueSpecification","valueRequired":true,"valueName":"search_term_string"}}],"inLanguage":"pt-PT"},{"@type":"Organization","@id":"https:\/\/paroquiaqueijas.net\/portal\/#organization","name":"Paroquia de Queijas","url":"https:\/\/paroquiaqueijas.net\/portal\/","logo":{"@type":"ImageObject","inLanguage":"pt-PT","@id":"https:\/\/paroquiaqueijas.net\/portal\/#\/schema\/logo\/image\/","url":"https:\/\/paroquiaqueijas.net\/portal\/wp-content\/uploads\/2026\/03\/LogoQueijas_novo.png","contentUrl":"https:\/\/paroquiaqueijas.net\/portal\/wp-content\/uploads\/2026\/03\/LogoQueijas_novo.png","width":520,"height":519,"caption":"Paroquia de Queijas"},"image":{"@id":"https:\/\/paroquiaqueijas.net\/portal\/#\/schema\/logo\/image\/"},"sameAs":["https:\/\/www.facebook.com\/paroquiaqueijas\/"]},{"@type":"Person","@id":"https:\/\/paroquiaqueijas.net\/portal\/#\/schema\/person\/07bb4cce216326e06b6f742b719ebec7","name":"Paroquia de Queijas","image":{"@type":"ImageObject","inLanguage":"pt-PT","@id":"https:\/\/secure.gravatar.com\/avatar\/5054571ff5d2454cd50657fc4e61d0c32d7a5d0d3b36ef6c0f6e269276d13618?s=96&d=mm&r=g","url":"https:\/\/secure.gravatar.com\/avatar\/5054571ff5d2454cd50657fc4e61d0c32d7a5d0d3b36ef6c0f6e269276d13618?s=96&d=mm&r=g","contentUrl":"https:\/\/secure.gravatar.com\/avatar\/5054571ff5d2454cd50657fc4e61d0c32d7a5d0d3b36ef6c0f6e269276d13618?s=96&d=mm&r=g","caption":"Paroquia de Queijas"},"sameAs":["https:\/\/paroquiaqueijas.net\/site"],"url":"https:\/\/paroquiaqueijas.net\/portal\/author\/admin1\/"}]}},"_links":{"self":[{"href":"https:\/\/paroquiaqueijas.net\/portal\/wp-json\/wp\/v2\/posts\/2021","targetHints":{"allow":["GET"]}}],"collection":[{"href":"https:\/\/paroquiaqueijas.net\/portal\/wp-json\/wp\/v2\/posts"}],"about":[{"href":"https:\/\/paroquiaqueijas.net\/portal\/wp-json\/wp\/v2\/types\/post"}],"author":[{"embeddable":true,"href":"https:\/\/paroquiaqueijas.net\/portal\/wp-json\/wp\/v2\/users\/1"}],"replies":[{"embeddable":true,"href":"https:\/\/paroquiaqueijas.net\/portal\/wp-json\/wp\/v2\/comments?post=2021"}],"version-history":[{"count":3,"href":"https:\/\/paroquiaqueijas.net\/portal\/wp-json\/wp\/v2\/posts\/2021\/revisions"}],"predecessor-version":[{"id":3983,"href":"https:\/\/paroquiaqueijas.net\/portal\/wp-json\/wp\/v2\/posts\/2021\/revisions\/3983"}],"wp:featuredmedia":[{"embeddable":true,"href":"https:\/\/paroquiaqueijas.net\/portal\/wp-json\/wp\/v2\/media\/2020"}],"wp:attachment":[{"href":"https:\/\/paroquiaqueijas.net\/portal\/wp-json\/wp\/v2\/media?parent=2021"}],"wp:term":[{"taxonomy":"category","embeddable":true,"href":"https:\/\/paroquiaqueijas.net\/portal\/wp-json\/wp\/v2\/categories?post=2021"},{"taxonomy":"post_tag","embeddable":true,"href":"https:\/\/paroquiaqueijas.net\/portal\/wp-json\/wp\/v2\/tags?post=2021"}],"curies":[{"name":"wp","href":"https:\/\/api.w.org\/{rel}","templated":true}]}}