{"id":2023,"date":"2025-05-10T16:41:45","date_gmt":"2025-05-10T16:41:45","guid":{"rendered":"https:\/\/paroquiaqueijas.net\/site\/?p=2023"},"modified":"2026-04-18T09:09:06","modified_gmt":"2026-04-18T09:09:06","slug":"brasao-do-papa-leao-xiv","status":"publish","type":"post","link":"https:\/\/paroquiaqueijas.net\/portal\/brasao-do-papa-leao-xiv\/","title":{"rendered":"Bras\u00e3o do Papa Le\u00e3o XIV"},"content":{"rendered":"<p><img fetchpriority=\"high\" decoding=\"async\" class=\" alignright  wp-image-2022\" style=\"float: right;\" src=\"https:\/\/paroquiaqueijas.net\/portal\/wp-content\/uploads\/2025\/05\/Leao_XIV_Brasao.jpg\" alt=\"Leao XIV Brasao\" width=\"500\" height=\"690\" srcset=\"https:\/\/paroquiaqueijas.net\/portal\/wp-content\/uploads\/2025\/05\/Leao_XIV_Brasao.jpg 1080w, https:\/\/paroquiaqueijas.net\/portal\/wp-content\/uploads\/2025\/05\/Leao_XIV_Brasao-217x300.jpg 217w, https:\/\/paroquiaqueijas.net\/portal\/wp-content\/uploads\/2025\/05\/Leao_XIV_Brasao-742x1024.jpg 742w, https:\/\/paroquiaqueijas.net\/portal\/wp-content\/uploads\/2025\/05\/Leao_XIV_Brasao-768x1060.jpg 768w\" sizes=\"(max-width: 500px) 100vw, 500px\" \/>O bras\u00e3o do Papa Le\u00e3o XIV consiste num escudo dividido em dois sectores, cada um transportando uma mensagem profunda.<\/p>\n<p>No lado esquerdo, sobre fundo azul, destaca-se um l\u00edrio branco estilizado, s\u00edmbolo tradicional de pureza e inoc\u00eancia. Esta flor, frequentemente associada \u00e0 Virgem Maria, evoca imediatamente a dimens\u00e3o mariana da espiritualidade do Papa.<\/p>\n<p>N\u00e3o se trata de um chamamento puramente devocional, mas de uma indica\u00e7\u00e3o precisa da centralidade que Maria ocupa no caminho da Igreja: um modelo de escuta, humildade e doa\u00e7\u00e3o total a Deus.No lado direito do escudo, sobre fundo branco, est\u00e1 representado o Sagrado Cora\u00e7\u00e3o de Jesus, trespassado por uma flecha e deitado sobre um livro fechado.<\/p>\n<p>Esta imagem, intensa e cheia de significado, remete para o mist\u00e9rio do sacrif\u00edcio redentor de Cristo, um cora\u00e7\u00e3o trespassado pelo amor \u00e0 humanidade, mas tamb\u00e9m \u00e0 Palavra de Deus, representada pelo livro fechado. Este livro fechado sugere que a verdade divina \u00e9, por vezes, velada e deve ser acolhida com f\u00e9, mesmo quando n\u00e3o \u00e9 totalmente revelada.<\/p>\n<p>\u00c9 um convite \u00e0 confian\u00e7a e ao abandono, a perseverar na busca do sentido profundo da Escritura, mesmo nos momentos de escurid\u00e3o.O lema escolhido pelo Papa Le\u00e3o XIV, \u201cIn Illo uno unum\u201d \u2013 retirado de um coment\u00e1rio de Santo Agostinho ao Salmo 127 \u2013 resume o cerne da sua mensagem:<br \/>\n\u201cNele que \u00e9 Um, n\u00f3s somos um.\u201d<\/p>\n<p>Estas palavras reflectem o ideal de uma Igreja unida, apesar das diferen\u00e7as e tens\u00f5es que inevitavelmente a atravessam. \u00c9 uma express\u00e3o de comunh\u00e3o fundada n\u00e3o na uniformidade, mas no encontro no amor de Cristo, que torna poss\u00edvel a fraternidade e a reconcilia\u00e7\u00e3o mesmo nos contextos mais complexos.<\/p>\n<p>N\u00e3o \u00e9 por acaso que, na sua sauda\u00e7\u00e3o \u00e0 Igreja e ao mundo, o Papa Le\u00e3o XIV falou precisamente disto: de uma Igreja como ponte, chamada a superar as divis\u00f5es, a fazer-se espa\u00e7o de encontro, de escuta e de miseric\u00f3rdia.Em \u00faltima an\u00e1lise, atrav\u00e9s do seu bras\u00e3o e lema, o novo Pont\u00edfice prop\u00f5e uma vis\u00e3o de uma Igreja mission\u00e1ria e mariana, profundamente enraizada no amor de Cristo.<\/p>\n<p>Uma Igreja disposta a sofrer e a comprometer-se inteiramente ao servi\u00e7o do povo de Deus, consciente de que s\u00f3 na unidade com o Senhor toda a diversidade pode encontrar harmonia&#8221;.<\/p>\n<p style=\"text-align: right;\">Padre\u00a0David\u00a0Spinelli<\/p>\n","protected":false},"excerpt":{"rendered":"<p>O bras\u00e3o do Papa Le\u00e3o XIV consiste num escudo dividido em dois sectores, cada um transportando uma mensagem profunda. No [&hellip;]<\/p>\n","protected":false},"author":1,"featured_media":2022,"comment_status":"open","ping_status":"open","sticky":false,"template":"","format":"standard","meta":{"site-sidebar-layout":"default","site-content-layout":"","ast-site-content-layout":"default","site-content-style":"default","site-sidebar-style":"default","ast-global-header-display":"","ast-banner-title-visibility":"","ast-main-header-display":"","ast-hfb-above-header-display":"","ast-hfb-below-header-display":"","ast-hfb-mobile-header-display":"","site-post-title":"","ast-breadcrumbs-content":"","ast-featured-img":"","footer-sml-layout":"","ast-disable-related-posts":"","theme-transparent-header-meta":"default","adv-header-id-meta":"","stick-header-meta":"default","header-above-stick-meta":"","header-main-stick-meta":"","header-below-stick-meta":"","astra-migrate-meta-layouts":"set","ast-page-background-enabled":"default","ast-page-background-meta":{"desktop":{"background-color":"var(--ast-global-color-5)","background-image":"","background-repeat":"repeat","background-position":"center center","background-size":"auto","background-attachment":"scroll","background-type":"","background-media":"","overlay-type":"","overlay-color":"","overlay-opacity":"","overlay-gradient":""},"tablet":{"background-color":"","background-image":"","background-repeat":"repeat","background-position":"center center","background-size":"auto","background-attachment":"scroll","background-type":"","background-media":"","overlay-type":"","overlay-color":"","overlay-opacity":"","overlay-gradient":""},"mobile":{"background-color":"","background-image":"","background-repeat":"repeat","background-position":"center center","background-size":"auto","background-attachment":"scroll","background-type":"","background-media":"","overlay-type":"","overlay-color":"","overlay-opacity":"","overlay-gradient":""}},"ast-content-background-meta":{"desktop":{"background-color":"var(--ast-global-color-4)","background-image":"","background-repeat":"repeat","background-position":"center center","background-size":"auto","background-attachment":"scroll","background-type":"","background-media":"","overlay-type":"","overlay-color":"","overlay-opacity":"","overlay-gradient":""},"tablet":{"background-color":"var(--ast-global-color-4)","background-image":"","background-repeat":"repeat","background-position":"center center","background-size":"auto","background-attachment":"scroll","background-type":"","background-media":"","overlay-type":"","overlay-color":"","overlay-opacity":"","overlay-gradient":""},"mobile":{"background-color":"var(--ast-global-color-4)","background-image":"","background-repeat":"repeat","background-position":"center center","background-size":"auto","background-attachment":"scroll","background-type":"","background-media":"","overlay-type":"","overlay-color":"","overlay-opacity":"","overlay-gradient":""}},"footnotes":""},"categories":[12],"tags":[],"class_list":["post-2023","post","type-post","status-publish","format-standard","has-post-thumbnail","hentry","category-igreja-e-noticia"],"yoast_head":"<!-- This site is optimized with the Yoast SEO plugin v27.4 - https:\/\/yoast.com\/product\/yoast-seo-wordpress\/ -->\n<title>Bras\u00e3o do Papa Le\u00e3o XIV - Paroquia de Queijas<\/title>\n<meta name=\"robots\" content=\"index, follow, max-snippet:-1, max-image-preview:large, max-video-preview:-1\" \/>\n<link rel=\"canonical\" href=\"https:\/\/paroquiaqueijas.net\/portal\/brasao-do-papa-leao-xiv\/\" \/>\n<meta property=\"og:locale\" content=\"pt_PT\" \/>\n<meta property=\"og:type\" content=\"article\" \/>\n<meta property=\"og:title\" content=\"Bras\u00e3o do Papa Le\u00e3o XIV - Paroquia de Queijas\" \/>\n<meta property=\"og:description\" content=\"O bras\u00e3o do Papa Le\u00e3o XIV consiste num escudo dividido em dois sectores, cada um transportando uma mensagem profunda. No [&hellip;]\" \/>\n<meta property=\"og:url\" content=\"https:\/\/paroquiaqueijas.net\/portal\/brasao-do-papa-leao-xiv\/\" \/>\n<meta property=\"og:site_name\" content=\"Paroquia de Queijas\" \/>\n<meta property=\"article:publisher\" content=\"https:\/\/www.facebook.com\/paroquiaqueijas\/\" \/>\n<meta property=\"article:published_time\" content=\"2025-05-10T16:41:45+00:00\" \/>\n<meta property=\"article:modified_time\" content=\"2026-04-18T09:09:06+00:00\" \/>\n<meta property=\"og:image\" content=\"https:\/\/paroquiaqueijas.net\/portal\/wp-content\/uploads\/2025\/05\/Leao_XIV_Brasao.jpg\" \/>\n\t<meta property=\"og:image:width\" content=\"1080\" \/>\n\t<meta property=\"og:image:height\" content=\"1490\" \/>\n\t<meta property=\"og:image:type\" content=\"image\/jpeg\" \/>\n<meta name=\"author\" content=\"Paroquia de Queijas\" \/>\n<meta name=\"twitter:card\" content=\"summary_large_image\" \/>\n<meta name=\"twitter:label1\" content=\"Escrito por\" \/>\n\t<meta name=\"twitter:data1\" content=\"Paroquia de Queijas\" \/>\n\t<meta name=\"twitter:label2\" content=\"Tempo estimado de leitura\" \/>\n\t<meta name=\"twitter:data2\" content=\"3 minutos\" \/>\n<script type=\"application\/ld+json\" class=\"yoast-schema-graph\">{\"@context\":\"https:\\\/\\\/schema.org\",\"@graph\":[{\"@type\":\"Article\",\"@id\":\"https:\\\/\\\/paroquiaqueijas.net\\\/portal\\\/brasao-do-papa-leao-xiv\\\/#article\",\"isPartOf\":{\"@id\":\"https:\\\/\\\/paroquiaqueijas.net\\\/portal\\\/brasao-do-papa-leao-xiv\\\/\"},\"author\":{\"name\":\"Paroquia de Queijas\",\"@id\":\"https:\\\/\\\/paroquiaqueijas.net\\\/portal\\\/#\\\/schema\\\/person\\\/07bb4cce216326e06b6f742b719ebec7\"},\"headline\":\"Bras\u00e3o do Papa Le\u00e3o XIV\",\"datePublished\":\"2025-05-10T16:41:45+00:00\",\"dateModified\":\"2026-04-18T09:09:06+00:00\",\"mainEntityOfPage\":{\"@id\":\"https:\\\/\\\/paroquiaqueijas.net\\\/portal\\\/brasao-do-papa-leao-xiv\\\/\"},\"wordCount\":405,\"commentCount\":0,\"publisher\":{\"@id\":\"https:\\\/\\\/paroquiaqueijas.net\\\/portal\\\/#organization\"},\"image\":{\"@id\":\"https:\\\/\\\/paroquiaqueijas.net\\\/portal\\\/brasao-do-papa-leao-xiv\\\/#primaryimage\"},\"thumbnailUrl\":\"https:\\\/\\\/paroquiaqueijas.net\\\/portal\\\/wp-content\\\/uploads\\\/2025\\\/05\\\/Leao_XIV_Brasao.jpg\",\"articleSection\":[\"Igreja \u00e9 Not\u00edcia\"],\"inLanguage\":\"pt-PT\",\"potentialAction\":[{\"@type\":\"CommentAction\",\"name\":\"Comment\",\"target\":[\"https:\\\/\\\/paroquiaqueijas.net\\\/portal\\\/brasao-do-papa-leao-xiv\\\/#respond\"]}]},{\"@type\":\"WebPage\",\"@id\":\"https:\\\/\\\/paroquiaqueijas.net\\\/portal\\\/brasao-do-papa-leao-xiv\\\/\",\"url\":\"https:\\\/\\\/paroquiaqueijas.net\\\/portal\\\/brasao-do-papa-leao-xiv\\\/\",\"name\":\"Bras\u00e3o do Papa Le\u00e3o XIV - Paroquia de Queijas\",\"isPartOf\":{\"@id\":\"https:\\\/\\\/paroquiaqueijas.net\\\/portal\\\/#website\"},\"primaryImageOfPage\":{\"@id\":\"https:\\\/\\\/paroquiaqueijas.net\\\/portal\\\/brasao-do-papa-leao-xiv\\\/#primaryimage\"},\"image\":{\"@id\":\"https:\\\/\\\/paroquiaqueijas.net\\\/portal\\\/brasao-do-papa-leao-xiv\\\/#primaryimage\"},\"thumbnailUrl\":\"https:\\\/\\\/paroquiaqueijas.net\\\/portal\\\/wp-content\\\/uploads\\\/2025\\\/05\\\/Leao_XIV_Brasao.jpg\",\"datePublished\":\"2025-05-10T16:41:45+00:00\",\"dateModified\":\"2026-04-18T09:09:06+00:00\",\"breadcrumb\":{\"@id\":\"https:\\\/\\\/paroquiaqueijas.net\\\/portal\\\/brasao-do-papa-leao-xiv\\\/#breadcrumb\"},\"inLanguage\":\"pt-PT\",\"potentialAction\":[{\"@type\":\"ReadAction\",\"target\":[\"https:\\\/\\\/paroquiaqueijas.net\\\/portal\\\/brasao-do-papa-leao-xiv\\\/\"]}]},{\"@type\":\"ImageObject\",\"inLanguage\":\"pt-PT\",\"@id\":\"https:\\\/\\\/paroquiaqueijas.net\\\/portal\\\/brasao-do-papa-leao-xiv\\\/#primaryimage\",\"url\":\"https:\\\/\\\/paroquiaqueijas.net\\\/portal\\\/wp-content\\\/uploads\\\/2025\\\/05\\\/Leao_XIV_Brasao.jpg\",\"contentUrl\":\"https:\\\/\\\/paroquiaqueijas.net\\\/portal\\\/wp-content\\\/uploads\\\/2025\\\/05\\\/Leao_XIV_Brasao.jpg\",\"width\":1080,\"height\":1490,\"caption\":\"Leao XIV Brasao\"},{\"@type\":\"BreadcrumbList\",\"@id\":\"https:\\\/\\\/paroquiaqueijas.net\\\/portal\\\/brasao-do-papa-leao-xiv\\\/#breadcrumb\",\"itemListElement\":[{\"@type\":\"ListItem\",\"position\":1,\"name\":\"In\u00edcio\",\"item\":\"https:\\\/\\\/paroquiaqueijas.net\\\/portal\\\/\"},{\"@type\":\"ListItem\",\"position\":2,\"name\":\"Bras\u00e3o do Papa Le\u00e3o XIV\"}]},{\"@type\":\"WebSite\",\"@id\":\"https:\\\/\\\/paroquiaqueijas.net\\\/portal\\\/#website\",\"url\":\"https:\\\/\\\/paroquiaqueijas.net\\\/portal\\\/\",\"name\":\"Paroquia de Queijas\",\"description\":\"\",\"publisher\":{\"@id\":\"https:\\\/\\\/paroquiaqueijas.net\\\/portal\\\/#organization\"},\"potentialAction\":[{\"@type\":\"SearchAction\",\"target\":{\"@type\":\"EntryPoint\",\"urlTemplate\":\"https:\\\/\\\/paroquiaqueijas.net\\\/portal\\\/?s={search_term_string}\"},\"query-input\":{\"@type\":\"PropertyValueSpecification\",\"valueRequired\":true,\"valueName\":\"search_term_string\"}}],\"inLanguage\":\"pt-PT\"},{\"@type\":\"Organization\",\"@id\":\"https:\\\/\\\/paroquiaqueijas.net\\\/portal\\\/#organization\",\"name\":\"Paroquia de Queijas\",\"url\":\"https:\\\/\\\/paroquiaqueijas.net\\\/portal\\\/\",\"logo\":{\"@type\":\"ImageObject\",\"inLanguage\":\"pt-PT\",\"@id\":\"https:\\\/\\\/paroquiaqueijas.net\\\/portal\\\/#\\\/schema\\\/logo\\\/image\\\/\",\"url\":\"https:\\\/\\\/paroquiaqueijas.net\\\/portal\\\/wp-content\\\/uploads\\\/2026\\\/03\\\/LogoQueijas_novo.png\",\"contentUrl\":\"https:\\\/\\\/paroquiaqueijas.net\\\/portal\\\/wp-content\\\/uploads\\\/2026\\\/03\\\/LogoQueijas_novo.png\",\"width\":520,\"height\":519,\"caption\":\"Paroquia de Queijas\"},\"image\":{\"@id\":\"https:\\\/\\\/paroquiaqueijas.net\\\/portal\\\/#\\\/schema\\\/logo\\\/image\\\/\"},\"sameAs\":[\"https:\\\/\\\/www.facebook.com\\\/paroquiaqueijas\\\/\"]},{\"@type\":\"Person\",\"@id\":\"https:\\\/\\\/paroquiaqueijas.net\\\/portal\\\/#\\\/schema\\\/person\\\/07bb4cce216326e06b6f742b719ebec7\",\"name\":\"Paroquia de Queijas\",\"image\":{\"@type\":\"ImageObject\",\"inLanguage\":\"pt-PT\",\"@id\":\"https:\\\/\\\/secure.gravatar.com\\\/avatar\\\/5054571ff5d2454cd50657fc4e61d0c32d7a5d0d3b36ef6c0f6e269276d13618?s=96&d=mm&r=g\",\"url\":\"https:\\\/\\\/secure.gravatar.com\\\/avatar\\\/5054571ff5d2454cd50657fc4e61d0c32d7a5d0d3b36ef6c0f6e269276d13618?s=96&d=mm&r=g\",\"contentUrl\":\"https:\\\/\\\/secure.gravatar.com\\\/avatar\\\/5054571ff5d2454cd50657fc4e61d0c32d7a5d0d3b36ef6c0f6e269276d13618?s=96&d=mm&r=g\",\"caption\":\"Paroquia de Queijas\"},\"sameAs\":[\"https:\\\/\\\/paroquiaqueijas.net\\\/site\"],\"url\":\"https:\\\/\\\/paroquiaqueijas.net\\\/portal\\\/author\\\/admin1\\\/\"}]}<\/script>\n<!-- \/ Yoast SEO plugin. -->","yoast_head_json":{"title":"Bras\u00e3o do Papa Le\u00e3o XIV - Paroquia de Queijas","robots":{"index":"index","follow":"follow","max-snippet":"max-snippet:-1","max-image-preview":"max-image-preview:large","max-video-preview":"max-video-preview:-1"},"canonical":"https:\/\/paroquiaqueijas.net\/portal\/brasao-do-papa-leao-xiv\/","og_locale":"pt_PT","og_type":"article","og_title":"Bras\u00e3o do Papa Le\u00e3o XIV - Paroquia de Queijas","og_description":"O bras\u00e3o do Papa Le\u00e3o XIV consiste num escudo dividido em dois sectores, cada um transportando uma mensagem profunda. No [&hellip;]","og_url":"https:\/\/paroquiaqueijas.net\/portal\/brasao-do-papa-leao-xiv\/","og_site_name":"Paroquia de Queijas","article_publisher":"https:\/\/www.facebook.com\/paroquiaqueijas\/","article_published_time":"2025-05-10T16:41:45+00:00","article_modified_time":"2026-04-18T09:09:06+00:00","og_image":[{"width":1080,"height":1490,"url":"https:\/\/paroquiaqueijas.net\/portal\/wp-content\/uploads\/2025\/05\/Leao_XIV_Brasao.jpg","type":"image\/jpeg"}],"author":"Paroquia de Queijas","twitter_card":"summary_large_image","twitter_misc":{"Escrito por":"Paroquia de Queijas","Tempo estimado de leitura":"3 minutos"},"schema":{"@context":"https:\/\/schema.org","@graph":[{"@type":"Article","@id":"https:\/\/paroquiaqueijas.net\/portal\/brasao-do-papa-leao-xiv\/#article","isPartOf":{"@id":"https:\/\/paroquiaqueijas.net\/portal\/brasao-do-papa-leao-xiv\/"},"author":{"name":"Paroquia de Queijas","@id":"https:\/\/paroquiaqueijas.net\/portal\/#\/schema\/person\/07bb4cce216326e06b6f742b719ebec7"},"headline":"Bras\u00e3o do Papa Le\u00e3o XIV","datePublished":"2025-05-10T16:41:45+00:00","dateModified":"2026-04-18T09:09:06+00:00","mainEntityOfPage":{"@id":"https:\/\/paroquiaqueijas.net\/portal\/brasao-do-papa-leao-xiv\/"},"wordCount":405,"commentCount":0,"publisher":{"@id":"https:\/\/paroquiaqueijas.net\/portal\/#organization"},"image":{"@id":"https:\/\/paroquiaqueijas.net\/portal\/brasao-do-papa-leao-xiv\/#primaryimage"},"thumbnailUrl":"https:\/\/paroquiaqueijas.net\/portal\/wp-content\/uploads\/2025\/05\/Leao_XIV_Brasao.jpg","articleSection":["Igreja \u00e9 Not\u00edcia"],"inLanguage":"pt-PT","potentialAction":[{"@type":"CommentAction","name":"Comment","target":["https:\/\/paroquiaqueijas.net\/portal\/brasao-do-papa-leao-xiv\/#respond"]}]},{"@type":"WebPage","@id":"https:\/\/paroquiaqueijas.net\/portal\/brasao-do-papa-leao-xiv\/","url":"https:\/\/paroquiaqueijas.net\/portal\/brasao-do-papa-leao-xiv\/","name":"Bras\u00e3o do Papa Le\u00e3o XIV - Paroquia de Queijas","isPartOf":{"@id":"https:\/\/paroquiaqueijas.net\/portal\/#website"},"primaryImageOfPage":{"@id":"https:\/\/paroquiaqueijas.net\/portal\/brasao-do-papa-leao-xiv\/#primaryimage"},"image":{"@id":"https:\/\/paroquiaqueijas.net\/portal\/brasao-do-papa-leao-xiv\/#primaryimage"},"thumbnailUrl":"https:\/\/paroquiaqueijas.net\/portal\/wp-content\/uploads\/2025\/05\/Leao_XIV_Brasao.jpg","datePublished":"2025-05-10T16:41:45+00:00","dateModified":"2026-04-18T09:09:06+00:00","breadcrumb":{"@id":"https:\/\/paroquiaqueijas.net\/portal\/brasao-do-papa-leao-xiv\/#breadcrumb"},"inLanguage":"pt-PT","potentialAction":[{"@type":"ReadAction","target":["https:\/\/paroquiaqueijas.net\/portal\/brasao-do-papa-leao-xiv\/"]}]},{"@type":"ImageObject","inLanguage":"pt-PT","@id":"https:\/\/paroquiaqueijas.net\/portal\/brasao-do-papa-leao-xiv\/#primaryimage","url":"https:\/\/paroquiaqueijas.net\/portal\/wp-content\/uploads\/2025\/05\/Leao_XIV_Brasao.jpg","contentUrl":"https:\/\/paroquiaqueijas.net\/portal\/wp-content\/uploads\/2025\/05\/Leao_XIV_Brasao.jpg","width":1080,"height":1490,"caption":"Leao XIV Brasao"},{"@type":"BreadcrumbList","@id":"https:\/\/paroquiaqueijas.net\/portal\/brasao-do-papa-leao-xiv\/#breadcrumb","itemListElement":[{"@type":"ListItem","position":1,"name":"In\u00edcio","item":"https:\/\/paroquiaqueijas.net\/portal\/"},{"@type":"ListItem","position":2,"name":"Bras\u00e3o do Papa Le\u00e3o XIV"}]},{"@type":"WebSite","@id":"https:\/\/paroquiaqueijas.net\/portal\/#website","url":"https:\/\/paroquiaqueijas.net\/portal\/","name":"Paroquia de Queijas","description":"","publisher":{"@id":"https:\/\/paroquiaqueijas.net\/portal\/#organization"},"potentialAction":[{"@type":"SearchAction","target":{"@type":"EntryPoint","urlTemplate":"https:\/\/paroquiaqueijas.net\/portal\/?s={search_term_string}"},"query-input":{"@type":"PropertyValueSpecification","valueRequired":true,"valueName":"search_term_string"}}],"inLanguage":"pt-PT"},{"@type":"Organization","@id":"https:\/\/paroquiaqueijas.net\/portal\/#organization","name":"Paroquia de Queijas","url":"https:\/\/paroquiaqueijas.net\/portal\/","logo":{"@type":"ImageObject","inLanguage":"pt-PT","@id":"https:\/\/paroquiaqueijas.net\/portal\/#\/schema\/logo\/image\/","url":"https:\/\/paroquiaqueijas.net\/portal\/wp-content\/uploads\/2026\/03\/LogoQueijas_novo.png","contentUrl":"https:\/\/paroquiaqueijas.net\/portal\/wp-content\/uploads\/2026\/03\/LogoQueijas_novo.png","width":520,"height":519,"caption":"Paroquia de Queijas"},"image":{"@id":"https:\/\/paroquiaqueijas.net\/portal\/#\/schema\/logo\/image\/"},"sameAs":["https:\/\/www.facebook.com\/paroquiaqueijas\/"]},{"@type":"Person","@id":"https:\/\/paroquiaqueijas.net\/portal\/#\/schema\/person\/07bb4cce216326e06b6f742b719ebec7","name":"Paroquia de Queijas","image":{"@type":"ImageObject","inLanguage":"pt-PT","@id":"https:\/\/secure.gravatar.com\/avatar\/5054571ff5d2454cd50657fc4e61d0c32d7a5d0d3b36ef6c0f6e269276d13618?s=96&d=mm&r=g","url":"https:\/\/secure.gravatar.com\/avatar\/5054571ff5d2454cd50657fc4e61d0c32d7a5d0d3b36ef6c0f6e269276d13618?s=96&d=mm&r=g","contentUrl":"https:\/\/secure.gravatar.com\/avatar\/5054571ff5d2454cd50657fc4e61d0c32d7a5d0d3b36ef6c0f6e269276d13618?s=96&d=mm&r=g","caption":"Paroquia de Queijas"},"sameAs":["https:\/\/paroquiaqueijas.net\/site"],"url":"https:\/\/paroquiaqueijas.net\/portal\/author\/admin1\/"}]}},"_links":{"self":[{"href":"https:\/\/paroquiaqueijas.net\/portal\/wp-json\/wp\/v2\/posts\/2023","targetHints":{"allow":["GET"]}}],"collection":[{"href":"https:\/\/paroquiaqueijas.net\/portal\/wp-json\/wp\/v2\/posts"}],"about":[{"href":"https:\/\/paroquiaqueijas.net\/portal\/wp-json\/wp\/v2\/types\/post"}],"author":[{"embeddable":true,"href":"https:\/\/paroquiaqueijas.net\/portal\/wp-json\/wp\/v2\/users\/1"}],"replies":[{"embeddable":true,"href":"https:\/\/paroquiaqueijas.net\/portal\/wp-json\/wp\/v2\/comments?post=2023"}],"version-history":[{"count":2,"href":"https:\/\/paroquiaqueijas.net\/portal\/wp-json\/wp\/v2\/posts\/2023\/revisions"}],"predecessor-version":[{"id":3984,"href":"https:\/\/paroquiaqueijas.net\/portal\/wp-json\/wp\/v2\/posts\/2023\/revisions\/3984"}],"wp:featuredmedia":[{"embeddable":true,"href":"https:\/\/paroquiaqueijas.net\/portal\/wp-json\/wp\/v2\/media\/2022"}],"wp:attachment":[{"href":"https:\/\/paroquiaqueijas.net\/portal\/wp-json\/wp\/v2\/media?parent=2023"}],"wp:term":[{"taxonomy":"category","embeddable":true,"href":"https:\/\/paroquiaqueijas.net\/portal\/wp-json\/wp\/v2\/categories?post=2023"},{"taxonomy":"post_tag","embeddable":true,"href":"https:\/\/paroquiaqueijas.net\/portal\/wp-json\/wp\/v2\/tags?post=2023"}],"curies":[{"name":"wp","href":"https:\/\/api.w.org\/{rel}","templated":true}]}}