{"id":2025,"date":"2025-05-10T16:53:01","date_gmt":"2025-05-10T16:53:01","guid":{"rendered":"https:\/\/paroquiaqueijas.net\/site\/?p=2025"},"modified":"2026-04-18T09:09:46","modified_gmt":"2026-04-18T09:09:46","slug":"papa-leao-xiv-homilia-aos-cardeais","status":"publish","type":"post","link":"https:\/\/paroquiaqueijas.net\/portal\/papa-leao-xiv-homilia-aos-cardeais\/","title":{"rendered":"Papa Le\u00e3o XIV: Homilia aos cardeais"},"content":{"rendered":"<p><strong><img fetchpriority=\"high\" decoding=\"async\" class=\" alignright  wp-image-2024\" style=\"float: right;\" src=\"https:\/\/paroquiaqueijas.net\/portal\/wp-content\/uploads\/2025\/05\/Leao_XIV.png\" alt=\"Leao XIV\" width=\"500\" height=\"338\" srcset=\"https:\/\/paroquiaqueijas.net\/portal\/wp-content\/uploads\/2025\/05\/Leao_XIV.png 832w, https:\/\/paroquiaqueijas.net\/portal\/wp-content\/uploads\/2025\/05\/Leao_XIV-300x203.png 300w, https:\/\/paroquiaqueijas.net\/portal\/wp-content\/uploads\/2025\/05\/Leao_XIV-768x519.png 768w\" sizes=\"(max-width: 500px) 100vw, 500px\" \/><\/strong>Come\u00e7arei com uma palavra em ingl\u00eas. O resto ser\u00e1 em italiano.<br \/>\nPor\u00e9m, desejo repetir as palavras do Salmo Responsorial: \u201cCantai ao Senhor um c\u00e2ntico novo, pelas maravilhas que Ele operou\u201d.<\/p>\n<p>E, na verdade, n\u00e3o s\u00f3 comigo, mas com todos n\u00f3s. Caros irm\u00e3os Cardeais, enquanto celebramos nesta manh\u00e3, convido-vos a reconhecer as maravilhas que o Senhor fez, as b\u00ean\u00e7\u00e3os que o Senhor continua a derramar a todos n\u00f3s atrav\u00e9s do Minist\u00e9rio de Pedro.<\/p>\n<p>V\u00f3s chamastes-me a carregar esta cruz e a ser aben\u00e7oado com esta miss\u00e3o, e eu sei que posso contar com todos e cada um de v\u00f3s para caminhardes comigo, enquanto como Igreja, como comunidade de amigos de Jesus e como fi\u00e9is continuamos a anunciar a Boa Nova, a anunciar o Evangelho.<\/p>\n<p>\u00abTu \u00e9s o Messias, o Filho de Deus vivo\u00bb (Mt 16, 16). Com estas palavras, Pedro, interrogado juntamente com os outros disc\u00edpulos pelo Mestre, sobre a sua f\u00e9 n\u2019Ele, expressa em s\u00edntese o tesouro que a Igreja, atrav\u00e9s da sucess\u00e3o apost\u00f3lica, guarda, aprofunda e transmite h\u00e1 dois mil anos.<br \/>\nJesus \u00e9 o Messias, o Filho do Deus vivo, ou seja, o \u00fanico Salvador, que revela o rosto do Pai.<\/p>\n<p>N\u2019Ele, para se tornar pr\u00f3ximo e acess\u00edvel aos homens, Deus revelou-se nos olhos confiantes de uma crian\u00e7a, na mente viva de um jovem, na fisionomia madura de um homem (cf. Conc. Vat. II, Const. Past. Gaudium et spes, 22), at\u00e9 aparecer aos seus, ap\u00f3s a ressurrei\u00e7\u00e3o, com o seu corpo glorioso. Mostrou-nos assim um modelo de humanidade santa que todos podemos imitar, juntamente com a promessa de um destino eterno, que ultrapassa todos os nossos limites e capacidades.<\/p>\n<p>Na sua resposta, Pedro compreende ambas as coisas: o dom de Deus e o caminho a percorrer para se deixar transformar, dimens\u00f5es insepar\u00e1veis da salva\u00e7\u00e3o, confiadas \u00e0 Igreja para que as anuncie a bem da humanidade. Confiadas a n\u00f3s, escolhidos por Ele antes de sermos formados no ventre materno (cf. Jr 1, 5), regenerados na \u00e1gua do Batismo e, apesar dos nossos limites e sem m\u00e9rito nosso, conduzidos at\u00e9 aqui e daqui enviados, para que o Evangelho seja anunciado a toda a criatura (cf. Mc 16, 15).<\/p>\n<p>E Deus, de modo particular, chamando-me atrav\u00e9s do vosso voto a suceder ao Primeiro dos Ap\u00f3stolos, confia-me este tesouro para que, com a sua ajuda, eu seja seu fiel administrador (cf. 1 Cor 4, 2) em benef\u00edcio de todo o Corpo m\u00edstico da Igreja; para que ela seja cada vez mais cidade colocada sobre o monte (cf. Ap 21, 10), arca de salva\u00e7\u00e3o que navega sobre as ondas da hist\u00f3ria, farol que ilumina as noites do mundo. E isto n\u00e3o tanto pela magnific\u00eancia das suas estruturas e pela grandiosidade dos seus edif\u00edcios \u2013 como estes monumentos em que nos encontramos \u2013 mas pela santidade dos seus membros, do povo que Deus adquiriu, a fim de proclamar as maravilhas daquele que o chamou das trevas para a sua luz admir\u00e1vel (cf. 1 Pe 2, 9).<\/p>\n<p>No entanto, antes do di\u00e1logo em que Pedro faz a sua profiss\u00e3o de f\u00e9, h\u00e1 uma outra pergunta: \u00abQuem dizem os homens\u00bb, interpela Jesus \u00abque \u00e9 o Filho do Homem?\u00bb (Mt 16, 13). N\u00e3o se trata de uma pergunta banal, diz antes respeito a um aspecto importante do nosso minist\u00e9rio: a realidade em que vivemos, com os seus limites e potencialidades, as suas interroga\u00e7\u00f5es e convic\u00e7\u00f5es.<\/p>\n<p>\u00abQuem dizem os homens que \u00e9 o Filho do Homem?\u00bb (Mt 16, 13). Pensando nesta cena, refletindo sobre ela, poder\u00edamos encontrar duas poss\u00edveis respostas a esta pergunta e tra\u00e7ar outras tantas atitudes.<\/p>\n<p>Em primeiro lugar, h\u00e1 a resposta do mundo. Mateus sublinha que o di\u00e1logo entre Jesus e os seus sobre a identidade d\u2019Ele tem lugar na bel\u00edssima cidade de Cesareia de Filipe, cheia de pal\u00e1cios luxuosos, inserida numa paisagem natural encantadora, no sop\u00e9 do Hermon, mas tamb\u00e9m sede de c\u00edrculos de poder cru\u00e9is e palco de trai\u00e7\u00f5es e infidelidades. Esta imagem fala-nos de um mundo que considera Jesus uma pessoa totalmente desprovida de import\u00e2ncia, quando muito uma personagem curiosa, capaz de suscitar admira\u00e7\u00e3o com a sua maneira invulgar de falar e agir. Por isso, quando a sua presen\u00e7a se tornar\u00e1 inc\u00f3moda, devido aos pedidos de honestidade e \u00e0s exig\u00eancias morais que invoca, este \u201cmundo\u201d n\u00e3o hesitar\u00e1 em rejeit\u00e1-lo e elimin\u00e1-lo.<\/p>\n<p>Depois, h\u00e1 uma outra poss\u00edvel resposta \u00e0 pergunta de Jesus: a das pessoas comuns. Para elas, o Nazareno n\u00e3o \u00e9 um \u201ccharlat\u00e3o\u201d: \u00e9 um homem justo, corajoso, que fala bem e que diz coisas certas, como outros grandes profetas da hist\u00f3ria de Israel. Por isso, seguem-no, pelo menos enquanto podem faz\u00ea-lo sem demasiados riscos ou inconvenientes. Por\u00e9m, porque essas pessoas o consideram apenas um homem, no momento do perigo, durante a Paix\u00e3o, tamb\u00e9m elas o abandonam e v\u00e3o embora, desiludidas.<\/p>\n<p>Impressiona a atualidade destas duas atitudes. Com efeito, elas encarnam ideias que poder\u00edamos facilmente reencontrar \u2013 talvez expressas com uma linguagem diferente, mas essencialmente id\u00eanticas \u2013 nos l\u00e1bios de muitos homens e mulheres do nosso tempo.<\/p>\n<p>Ainda hoje n\u00e3o faltam contextos em que a f\u00e9 crist\u00e3 \u00e9 considerada uma coisa absurda, para pessoas fracas e pouco inteligentes; contextos em que em vez dela se preferem outras seguran\u00e7as, como a tecnologia, o dinheiro, o sucesso, o poder e o prazer.<\/p>\n<p>S\u00e3o ambientes onde n\u00e3o \u00e9 f\u00e1cil testemunhar nem anunciar o Evangelho, e onde quem acredita se v\u00ea ridicularizado, contrastado, desprezado, ou, quando muito, suportado e digno de pena. No entanto, precisamente por isso, s\u00e3o lugares onde a miss\u00e3o se torna urgente, porque a falta de f\u00e9, muitas vezes, traz consigo dramas como a perda do sentido da vida, o esquecimento da miseric\u00f3rdia, a viola\u00e7\u00e3o \u2013 sob as mais dram\u00e1ticas formas \u2013 da dignidade da pessoa, a crise da fam\u00edlia e tantas outras feridas das quais a nossa sociedade sofre, e n\u00e3o pouco.<\/p>\n<p>Ainda hoje, n\u00e3o faltam contextos nos quais Jesus, embora apreciado como homem, \u00e9 simplesmente reduzido a uma esp\u00e9cie de l\u00edder carism\u00e1tico ou super-homem, e isto n\u00e3o apenas entre os n\u00e3o crentes, mas tamb\u00e9m entre muitos batizados, que acabam por viver, a este n\u00edvel, num ate\u00edsmo pr\u00e1tico.<\/p>\n<p>Este \u00e9 o mundo que nos est\u00e1 confiado e no qual, como tantas vezes nos ensinou o Papa Francisco, somos chamados a testemunhar a alegria da f\u00e9 em Cristo Salvador. Por isso, tamb\u00e9m para n\u00f3s, \u00e9 essencial repetir: \u00abTu \u00e9s o Messias, o Filho de Deus vivo\u00bb (Mt 16, 16).<\/p>\n<p>\u00c9 essencial faz\u00ea-lo, primeiramente, na nossa rela\u00e7\u00e3o pessoal com Ele, no empenho em percorrer um caminho quotidiano de convers\u00e3o. Mas depois tamb\u00e9m, como Igreja, vivendo juntos a nossa perten\u00e7a ao Senhor e levando a todos a sua Boa Nova (cf. Conc. Vat. II, Const. Dogm. Lumen gentium, 1).<\/p>\n<p>Digo isto, em primeiro lugar, para mim mesmo, como Sucessor de Pedro, ao iniciar esta minha miss\u00e3o de Bispo da Igreja que est\u00e1 em Roma, chamada a presidir na caridade \u00e0 Igreja universal, segundo a c\u00e9lebre express\u00e3o de Santo In\u00e1cio de Antioquia (cf. Carta aos Romanos, Pro\u00e9mio). Ele, enquanto era conduzido como prisioneiro a esta cidade, lugar do seu iminente sacrif\u00edcio, escrevia aos crist\u00e3os que aqui se encontravam: \u00abEnt\u00e3o serei verdadeiro disc\u00edpulo de Jesus, quando o meu corpo for subtra\u00eddo \u00e0 vista do mundo\u00bb (Carta aos Romanos, IV, 1). Referia-se ao ser devorado pelas feras no circo \u2013 como aconteceu \u2013; por\u00e9m, as suas palavras recordam, num sentido mais amplo, um compromisso irrenunci\u00e1vel para quem, na Igreja, exerce um minist\u00e9rio de autoridade: desaparecer para que Cristo permane\u00e7a, fazer-se pequeno para que Ele seja conhecido e glorificado (cf. Jo 3, 30), gastar-se at\u00e9 ao limite para que a ningu\u00e9m falte a oportunidade de O conhecer e amar.<\/p>\n<p>Que Deus me d\u00ea esta gra\u00e7a, hoje e sempre, com a ajuda da terna intercess\u00e3o de Maria, M\u00e3e da Igreja.<\/p>\n<p style=\"text-align: right;\"><strong>Papa Le\u00e3o XIV,<br \/>\n<\/strong>Homilia aos Cardeais, na sua primeira Eucaristia (09-05-2025), na Capela Sistina)<strong><br \/>\n<\/strong><\/p>\n","protected":false},"excerpt":{"rendered":"<p>Come\u00e7arei com uma palavra em ingl\u00eas. O resto ser\u00e1 em italiano. Por\u00e9m, desejo repetir as palavras do Salmo Responsorial: \u201cCantai [&hellip;]<\/p>\n","protected":false},"author":1,"featured_media":2024,"comment_status":"open","ping_status":"open","sticky":false,"template":"","format":"standard","meta":{"site-sidebar-layout":"default","site-content-layout":"","ast-site-content-layout":"default","site-content-style":"default","site-sidebar-style":"default","ast-global-header-display":"","ast-banner-title-visibility":"","ast-main-header-display":"","ast-hfb-above-header-display":"","ast-hfb-below-header-display":"","ast-hfb-mobile-header-display":"","site-post-title":"","ast-breadcrumbs-content":"","ast-featured-img":"","footer-sml-layout":"","ast-disable-related-posts":"","theme-transparent-header-meta":"default","adv-header-id-meta":"","stick-header-meta":"default","header-above-stick-meta":"","header-main-stick-meta":"","header-below-stick-meta":"","astra-migrate-meta-layouts":"set","ast-page-background-enabled":"default","ast-page-background-meta":{"desktop":{"background-color":"var(--ast-global-color-5)","background-image":"","background-repeat":"repeat","background-position":"center center","background-size":"auto","background-attachment":"scroll","background-type":"","background-media":"","overlay-type":"","overlay-color":"","overlay-opacity":"","overlay-gradient":""},"tablet":{"background-color":"","background-image":"","background-repeat":"repeat","background-position":"center center","background-size":"auto","background-attachment":"scroll","background-type":"","background-media":"","overlay-type":"","overlay-color":"","overlay-opacity":"","overlay-gradient":""},"mobile":{"background-color":"","background-image":"","background-repeat":"repeat","background-position":"center center","background-size":"auto","background-attachment":"scroll","background-type":"","background-media":"","overlay-type":"","overlay-color":"","overlay-opacity":"","overlay-gradient":""}},"ast-content-background-meta":{"desktop":{"background-color":"var(--ast-global-color-4)","background-image":"","background-repeat":"repeat","background-position":"center center","background-size":"auto","background-attachment":"scroll","background-type":"","background-media":"","overlay-type":"","overlay-color":"","overlay-opacity":"","overlay-gradient":""},"tablet":{"background-color":"var(--ast-global-color-4)","background-image":"","background-repeat":"repeat","background-position":"center center","background-size":"auto","background-attachment":"scroll","background-type":"","background-media":"","overlay-type":"","overlay-color":"","overlay-opacity":"","overlay-gradient":""},"mobile":{"background-color":"var(--ast-global-color-4)","background-image":"","background-repeat":"repeat","background-position":"center center","background-size":"auto","background-attachment":"scroll","background-type":"","background-media":"","overlay-type":"","overlay-color":"","overlay-opacity":"","overlay-gradient":""}},"footnotes":""},"categories":[66],"tags":[],"class_list":["post-2025","post","type-post","status-publish","format-standard","has-post-thumbnail","hentry","category-leao-xiv"],"yoast_head":"<!-- This site is optimized with the Yoast SEO plugin v27.4 - https:\/\/yoast.com\/product\/yoast-seo-wordpress\/ -->\n<title>Papa Le\u00e3o XIV: Homilia aos cardeais - Paroquia de Queijas<\/title>\n<meta name=\"robots\" content=\"index, follow, max-snippet:-1, max-image-preview:large, max-video-preview:-1\" \/>\n<link rel=\"canonical\" href=\"https:\/\/paroquiaqueijas.net\/portal\/papa-leao-xiv-homilia-aos-cardeais\/\" \/>\n<meta property=\"og:locale\" content=\"pt_PT\" \/>\n<meta property=\"og:type\" content=\"article\" \/>\n<meta property=\"og:title\" content=\"Papa Le\u00e3o XIV: Homilia aos cardeais - Paroquia de Queijas\" \/>\n<meta property=\"og:description\" content=\"Come\u00e7arei com uma palavra em ingl\u00eas. O resto ser\u00e1 em italiano. Por\u00e9m, desejo repetir as palavras do Salmo Responsorial: \u201cCantai [&hellip;]\" \/>\n<meta property=\"og:url\" content=\"https:\/\/paroquiaqueijas.net\/portal\/papa-leao-xiv-homilia-aos-cardeais\/\" \/>\n<meta property=\"og:site_name\" content=\"Paroquia de Queijas\" \/>\n<meta property=\"article:publisher\" content=\"https:\/\/www.facebook.com\/paroquiaqueijas\/\" \/>\n<meta property=\"article:published_time\" content=\"2025-05-10T16:53:01+00:00\" \/>\n<meta property=\"article:modified_time\" content=\"2026-04-18T09:09:46+00:00\" \/>\n<meta property=\"og:image\" content=\"https:\/\/paroquiaqueijas.net\/portal\/wp-content\/uploads\/2025\/05\/Leao_XIV.png\" \/>\n\t<meta property=\"og:image:width\" content=\"832\" \/>\n\t<meta property=\"og:image:height\" content=\"562\" \/>\n\t<meta property=\"og:image:type\" content=\"image\/png\" \/>\n<meta name=\"author\" content=\"Paroquia de Queijas\" \/>\n<meta name=\"twitter:card\" content=\"summary_large_image\" \/>\n<meta name=\"twitter:label1\" content=\"Escrito por\" \/>\n\t<meta name=\"twitter:data1\" content=\"Paroquia de Queijas\" \/>\n\t<meta name=\"twitter:label2\" content=\"Tempo estimado de leitura\" \/>\n\t<meta name=\"twitter:data2\" content=\"8 minutos\" \/>\n<script type=\"application\/ld+json\" class=\"yoast-schema-graph\">{\"@context\":\"https:\\\/\\\/schema.org\",\"@graph\":[{\"@type\":\"Article\",\"@id\":\"https:\\\/\\\/paroquiaqueijas.net\\\/portal\\\/papa-leao-xiv-homilia-aos-cardeais\\\/#article\",\"isPartOf\":{\"@id\":\"https:\\\/\\\/paroquiaqueijas.net\\\/portal\\\/papa-leao-xiv-homilia-aos-cardeais\\\/\"},\"author\":{\"name\":\"Paroquia de Queijas\",\"@id\":\"https:\\\/\\\/paroquiaqueijas.net\\\/portal\\\/#\\\/schema\\\/person\\\/07bb4cce216326e06b6f742b719ebec7\"},\"headline\":\"Papa Le\u00e3o XIV: Homilia aos cardeais\",\"datePublished\":\"2025-05-10T16:53:01+00:00\",\"dateModified\":\"2026-04-18T09:09:46+00:00\",\"mainEntityOfPage\":{\"@id\":\"https:\\\/\\\/paroquiaqueijas.net\\\/portal\\\/papa-leao-xiv-homilia-aos-cardeais\\\/\"},\"wordCount\":1382,\"commentCount\":0,\"publisher\":{\"@id\":\"https:\\\/\\\/paroquiaqueijas.net\\\/portal\\\/#organization\"},\"image\":{\"@id\":\"https:\\\/\\\/paroquiaqueijas.net\\\/portal\\\/papa-leao-xiv-homilia-aos-cardeais\\\/#primaryimage\"},\"thumbnailUrl\":\"https:\\\/\\\/paroquiaqueijas.net\\\/portal\\\/wp-content\\\/uploads\\\/2025\\\/05\\\/Leao_XIV.png\",\"articleSection\":[\"Papa Le\u00e3o XIV\"],\"inLanguage\":\"pt-PT\",\"potentialAction\":[{\"@type\":\"CommentAction\",\"name\":\"Comment\",\"target\":[\"https:\\\/\\\/paroquiaqueijas.net\\\/portal\\\/papa-leao-xiv-homilia-aos-cardeais\\\/#respond\"]}]},{\"@type\":\"WebPage\",\"@id\":\"https:\\\/\\\/paroquiaqueijas.net\\\/portal\\\/papa-leao-xiv-homilia-aos-cardeais\\\/\",\"url\":\"https:\\\/\\\/paroquiaqueijas.net\\\/portal\\\/papa-leao-xiv-homilia-aos-cardeais\\\/\",\"name\":\"Papa Le\u00e3o XIV: Homilia aos cardeais - Paroquia de Queijas\",\"isPartOf\":{\"@id\":\"https:\\\/\\\/paroquiaqueijas.net\\\/portal\\\/#website\"},\"primaryImageOfPage\":{\"@id\":\"https:\\\/\\\/paroquiaqueijas.net\\\/portal\\\/papa-leao-xiv-homilia-aos-cardeais\\\/#primaryimage\"},\"image\":{\"@id\":\"https:\\\/\\\/paroquiaqueijas.net\\\/portal\\\/papa-leao-xiv-homilia-aos-cardeais\\\/#primaryimage\"},\"thumbnailUrl\":\"https:\\\/\\\/paroquiaqueijas.net\\\/portal\\\/wp-content\\\/uploads\\\/2025\\\/05\\\/Leao_XIV.png\",\"datePublished\":\"2025-05-10T16:53:01+00:00\",\"dateModified\":\"2026-04-18T09:09:46+00:00\",\"breadcrumb\":{\"@id\":\"https:\\\/\\\/paroquiaqueijas.net\\\/portal\\\/papa-leao-xiv-homilia-aos-cardeais\\\/#breadcrumb\"},\"inLanguage\":\"pt-PT\",\"potentialAction\":[{\"@type\":\"ReadAction\",\"target\":[\"https:\\\/\\\/paroquiaqueijas.net\\\/portal\\\/papa-leao-xiv-homilia-aos-cardeais\\\/\"]}]},{\"@type\":\"ImageObject\",\"inLanguage\":\"pt-PT\",\"@id\":\"https:\\\/\\\/paroquiaqueijas.net\\\/portal\\\/papa-leao-xiv-homilia-aos-cardeais\\\/#primaryimage\",\"url\":\"https:\\\/\\\/paroquiaqueijas.net\\\/portal\\\/wp-content\\\/uploads\\\/2025\\\/05\\\/Leao_XIV.png\",\"contentUrl\":\"https:\\\/\\\/paroquiaqueijas.net\\\/portal\\\/wp-content\\\/uploads\\\/2025\\\/05\\\/Leao_XIV.png\",\"width\":832,\"height\":562,\"caption\":\"Leao XIV\"},{\"@type\":\"BreadcrumbList\",\"@id\":\"https:\\\/\\\/paroquiaqueijas.net\\\/portal\\\/papa-leao-xiv-homilia-aos-cardeais\\\/#breadcrumb\",\"itemListElement\":[{\"@type\":\"ListItem\",\"position\":1,\"name\":\"In\u00edcio\",\"item\":\"https:\\\/\\\/paroquiaqueijas.net\\\/portal\\\/\"},{\"@type\":\"ListItem\",\"position\":2,\"name\":\"Papa Le\u00e3o XIV: Homilia aos cardeais\"}]},{\"@type\":\"WebSite\",\"@id\":\"https:\\\/\\\/paroquiaqueijas.net\\\/portal\\\/#website\",\"url\":\"https:\\\/\\\/paroquiaqueijas.net\\\/portal\\\/\",\"name\":\"Paroquia de Queijas\",\"description\":\"\",\"publisher\":{\"@id\":\"https:\\\/\\\/paroquiaqueijas.net\\\/portal\\\/#organization\"},\"potentialAction\":[{\"@type\":\"SearchAction\",\"target\":{\"@type\":\"EntryPoint\",\"urlTemplate\":\"https:\\\/\\\/paroquiaqueijas.net\\\/portal\\\/?s={search_term_string}\"},\"query-input\":{\"@type\":\"PropertyValueSpecification\",\"valueRequired\":true,\"valueName\":\"search_term_string\"}}],\"inLanguage\":\"pt-PT\"},{\"@type\":\"Organization\",\"@id\":\"https:\\\/\\\/paroquiaqueijas.net\\\/portal\\\/#organization\",\"name\":\"Paroquia de Queijas\",\"url\":\"https:\\\/\\\/paroquiaqueijas.net\\\/portal\\\/\",\"logo\":{\"@type\":\"ImageObject\",\"inLanguage\":\"pt-PT\",\"@id\":\"https:\\\/\\\/paroquiaqueijas.net\\\/portal\\\/#\\\/schema\\\/logo\\\/image\\\/\",\"url\":\"https:\\\/\\\/paroquiaqueijas.net\\\/portal\\\/wp-content\\\/uploads\\\/2026\\\/03\\\/LogoQueijas_novo.png\",\"contentUrl\":\"https:\\\/\\\/paroquiaqueijas.net\\\/portal\\\/wp-content\\\/uploads\\\/2026\\\/03\\\/LogoQueijas_novo.png\",\"width\":520,\"height\":519,\"caption\":\"Paroquia de Queijas\"},\"image\":{\"@id\":\"https:\\\/\\\/paroquiaqueijas.net\\\/portal\\\/#\\\/schema\\\/logo\\\/image\\\/\"},\"sameAs\":[\"https:\\\/\\\/www.facebook.com\\\/paroquiaqueijas\\\/\"]},{\"@type\":\"Person\",\"@id\":\"https:\\\/\\\/paroquiaqueijas.net\\\/portal\\\/#\\\/schema\\\/person\\\/07bb4cce216326e06b6f742b719ebec7\",\"name\":\"Paroquia de Queijas\",\"image\":{\"@type\":\"ImageObject\",\"inLanguage\":\"pt-PT\",\"@id\":\"https:\\\/\\\/secure.gravatar.com\\\/avatar\\\/5054571ff5d2454cd50657fc4e61d0c32d7a5d0d3b36ef6c0f6e269276d13618?s=96&d=mm&r=g\",\"url\":\"https:\\\/\\\/secure.gravatar.com\\\/avatar\\\/5054571ff5d2454cd50657fc4e61d0c32d7a5d0d3b36ef6c0f6e269276d13618?s=96&d=mm&r=g\",\"contentUrl\":\"https:\\\/\\\/secure.gravatar.com\\\/avatar\\\/5054571ff5d2454cd50657fc4e61d0c32d7a5d0d3b36ef6c0f6e269276d13618?s=96&d=mm&r=g\",\"caption\":\"Paroquia de Queijas\"},\"sameAs\":[\"https:\\\/\\\/paroquiaqueijas.net\\\/site\"],\"url\":\"https:\\\/\\\/paroquiaqueijas.net\\\/portal\\\/author\\\/admin1\\\/\"}]}<\/script>\n<!-- \/ Yoast SEO plugin. -->","yoast_head_json":{"title":"Papa Le\u00e3o XIV: Homilia aos cardeais - Paroquia de Queijas","robots":{"index":"index","follow":"follow","max-snippet":"max-snippet:-1","max-image-preview":"max-image-preview:large","max-video-preview":"max-video-preview:-1"},"canonical":"https:\/\/paroquiaqueijas.net\/portal\/papa-leao-xiv-homilia-aos-cardeais\/","og_locale":"pt_PT","og_type":"article","og_title":"Papa Le\u00e3o XIV: Homilia aos cardeais - Paroquia de Queijas","og_description":"Come\u00e7arei com uma palavra em ingl\u00eas. O resto ser\u00e1 em italiano. Por\u00e9m, desejo repetir as palavras do Salmo Responsorial: \u201cCantai [&hellip;]","og_url":"https:\/\/paroquiaqueijas.net\/portal\/papa-leao-xiv-homilia-aos-cardeais\/","og_site_name":"Paroquia de Queijas","article_publisher":"https:\/\/www.facebook.com\/paroquiaqueijas\/","article_published_time":"2025-05-10T16:53:01+00:00","article_modified_time":"2026-04-18T09:09:46+00:00","og_image":[{"width":832,"height":562,"url":"https:\/\/paroquiaqueijas.net\/portal\/wp-content\/uploads\/2025\/05\/Leao_XIV.png","type":"image\/png"}],"author":"Paroquia de Queijas","twitter_card":"summary_large_image","twitter_misc":{"Escrito por":"Paroquia de Queijas","Tempo estimado de leitura":"8 minutos"},"schema":{"@context":"https:\/\/schema.org","@graph":[{"@type":"Article","@id":"https:\/\/paroquiaqueijas.net\/portal\/papa-leao-xiv-homilia-aos-cardeais\/#article","isPartOf":{"@id":"https:\/\/paroquiaqueijas.net\/portal\/papa-leao-xiv-homilia-aos-cardeais\/"},"author":{"name":"Paroquia de Queijas","@id":"https:\/\/paroquiaqueijas.net\/portal\/#\/schema\/person\/07bb4cce216326e06b6f742b719ebec7"},"headline":"Papa Le\u00e3o XIV: Homilia aos cardeais","datePublished":"2025-05-10T16:53:01+00:00","dateModified":"2026-04-18T09:09:46+00:00","mainEntityOfPage":{"@id":"https:\/\/paroquiaqueijas.net\/portal\/papa-leao-xiv-homilia-aos-cardeais\/"},"wordCount":1382,"commentCount":0,"publisher":{"@id":"https:\/\/paroquiaqueijas.net\/portal\/#organization"},"image":{"@id":"https:\/\/paroquiaqueijas.net\/portal\/papa-leao-xiv-homilia-aos-cardeais\/#primaryimage"},"thumbnailUrl":"https:\/\/paroquiaqueijas.net\/portal\/wp-content\/uploads\/2025\/05\/Leao_XIV.png","articleSection":["Papa Le\u00e3o XIV"],"inLanguage":"pt-PT","potentialAction":[{"@type":"CommentAction","name":"Comment","target":["https:\/\/paroquiaqueijas.net\/portal\/papa-leao-xiv-homilia-aos-cardeais\/#respond"]}]},{"@type":"WebPage","@id":"https:\/\/paroquiaqueijas.net\/portal\/papa-leao-xiv-homilia-aos-cardeais\/","url":"https:\/\/paroquiaqueijas.net\/portal\/papa-leao-xiv-homilia-aos-cardeais\/","name":"Papa Le\u00e3o XIV: Homilia aos cardeais - Paroquia de Queijas","isPartOf":{"@id":"https:\/\/paroquiaqueijas.net\/portal\/#website"},"primaryImageOfPage":{"@id":"https:\/\/paroquiaqueijas.net\/portal\/papa-leao-xiv-homilia-aos-cardeais\/#primaryimage"},"image":{"@id":"https:\/\/paroquiaqueijas.net\/portal\/papa-leao-xiv-homilia-aos-cardeais\/#primaryimage"},"thumbnailUrl":"https:\/\/paroquiaqueijas.net\/portal\/wp-content\/uploads\/2025\/05\/Leao_XIV.png","datePublished":"2025-05-10T16:53:01+00:00","dateModified":"2026-04-18T09:09:46+00:00","breadcrumb":{"@id":"https:\/\/paroquiaqueijas.net\/portal\/papa-leao-xiv-homilia-aos-cardeais\/#breadcrumb"},"inLanguage":"pt-PT","potentialAction":[{"@type":"ReadAction","target":["https:\/\/paroquiaqueijas.net\/portal\/papa-leao-xiv-homilia-aos-cardeais\/"]}]},{"@type":"ImageObject","inLanguage":"pt-PT","@id":"https:\/\/paroquiaqueijas.net\/portal\/papa-leao-xiv-homilia-aos-cardeais\/#primaryimage","url":"https:\/\/paroquiaqueijas.net\/portal\/wp-content\/uploads\/2025\/05\/Leao_XIV.png","contentUrl":"https:\/\/paroquiaqueijas.net\/portal\/wp-content\/uploads\/2025\/05\/Leao_XIV.png","width":832,"height":562,"caption":"Leao XIV"},{"@type":"BreadcrumbList","@id":"https:\/\/paroquiaqueijas.net\/portal\/papa-leao-xiv-homilia-aos-cardeais\/#breadcrumb","itemListElement":[{"@type":"ListItem","position":1,"name":"In\u00edcio","item":"https:\/\/paroquiaqueijas.net\/portal\/"},{"@type":"ListItem","position":2,"name":"Papa Le\u00e3o XIV: Homilia aos cardeais"}]},{"@type":"WebSite","@id":"https:\/\/paroquiaqueijas.net\/portal\/#website","url":"https:\/\/paroquiaqueijas.net\/portal\/","name":"Paroquia de Queijas","description":"","publisher":{"@id":"https:\/\/paroquiaqueijas.net\/portal\/#organization"},"potentialAction":[{"@type":"SearchAction","target":{"@type":"EntryPoint","urlTemplate":"https:\/\/paroquiaqueijas.net\/portal\/?s={search_term_string}"},"query-input":{"@type":"PropertyValueSpecification","valueRequired":true,"valueName":"search_term_string"}}],"inLanguage":"pt-PT"},{"@type":"Organization","@id":"https:\/\/paroquiaqueijas.net\/portal\/#organization","name":"Paroquia de Queijas","url":"https:\/\/paroquiaqueijas.net\/portal\/","logo":{"@type":"ImageObject","inLanguage":"pt-PT","@id":"https:\/\/paroquiaqueijas.net\/portal\/#\/schema\/logo\/image\/","url":"https:\/\/paroquiaqueijas.net\/portal\/wp-content\/uploads\/2026\/03\/LogoQueijas_novo.png","contentUrl":"https:\/\/paroquiaqueijas.net\/portal\/wp-content\/uploads\/2026\/03\/LogoQueijas_novo.png","width":520,"height":519,"caption":"Paroquia de Queijas"},"image":{"@id":"https:\/\/paroquiaqueijas.net\/portal\/#\/schema\/logo\/image\/"},"sameAs":["https:\/\/www.facebook.com\/paroquiaqueijas\/"]},{"@type":"Person","@id":"https:\/\/paroquiaqueijas.net\/portal\/#\/schema\/person\/07bb4cce216326e06b6f742b719ebec7","name":"Paroquia de Queijas","image":{"@type":"ImageObject","inLanguage":"pt-PT","@id":"https:\/\/secure.gravatar.com\/avatar\/5054571ff5d2454cd50657fc4e61d0c32d7a5d0d3b36ef6c0f6e269276d13618?s=96&d=mm&r=g","url":"https:\/\/secure.gravatar.com\/avatar\/5054571ff5d2454cd50657fc4e61d0c32d7a5d0d3b36ef6c0f6e269276d13618?s=96&d=mm&r=g","contentUrl":"https:\/\/secure.gravatar.com\/avatar\/5054571ff5d2454cd50657fc4e61d0c32d7a5d0d3b36ef6c0f6e269276d13618?s=96&d=mm&r=g","caption":"Paroquia de Queijas"},"sameAs":["https:\/\/paroquiaqueijas.net\/site"],"url":"https:\/\/paroquiaqueijas.net\/portal\/author\/admin1\/"}]}},"_links":{"self":[{"href":"https:\/\/paroquiaqueijas.net\/portal\/wp-json\/wp\/v2\/posts\/2025","targetHints":{"allow":["GET"]}}],"collection":[{"href":"https:\/\/paroquiaqueijas.net\/portal\/wp-json\/wp\/v2\/posts"}],"about":[{"href":"https:\/\/paroquiaqueijas.net\/portal\/wp-json\/wp\/v2\/types\/post"}],"author":[{"embeddable":true,"href":"https:\/\/paroquiaqueijas.net\/portal\/wp-json\/wp\/v2\/users\/1"}],"replies":[{"embeddable":true,"href":"https:\/\/paroquiaqueijas.net\/portal\/wp-json\/wp\/v2\/comments?post=2025"}],"version-history":[{"count":3,"href":"https:\/\/paroquiaqueijas.net\/portal\/wp-json\/wp\/v2\/posts\/2025\/revisions"}],"predecessor-version":[{"id":3985,"href":"https:\/\/paroquiaqueijas.net\/portal\/wp-json\/wp\/v2\/posts\/2025\/revisions\/3985"}],"wp:featuredmedia":[{"embeddable":true,"href":"https:\/\/paroquiaqueijas.net\/portal\/wp-json\/wp\/v2\/media\/2024"}],"wp:attachment":[{"href":"https:\/\/paroquiaqueijas.net\/portal\/wp-json\/wp\/v2\/media?parent=2025"}],"wp:term":[{"taxonomy":"category","embeddable":true,"href":"https:\/\/paroquiaqueijas.net\/portal\/wp-json\/wp\/v2\/categories?post=2025"},{"taxonomy":"post_tag","embeddable":true,"href":"https:\/\/paroquiaqueijas.net\/portal\/wp-json\/wp\/v2\/tags?post=2025"}],"curies":[{"name":"wp","href":"https:\/\/api.w.org\/{rel}","templated":true}]}}