{"id":254,"date":"2011-05-07T21:36:14","date_gmt":"2011-05-07T21:36:14","guid":{"rendered":"https:\/\/paroquiaqueijas.net\/site\/?p=254"},"modified":"2026-03-21T15:41:43","modified_gmt":"2026-03-21T15:41:43","slug":"mensagem-para-o-dia-mundial-de-oracao-pelas-vocacoes-2011","status":"publish","type":"post","link":"https:\/\/paroquiaqueijas.net\/portal\/mensagem-para-o-dia-mundial-de-oracao-pelas-vocacoes-2011\/","title":{"rendered":"Mensagem do Papa para o Dia Mundial das Voca\u00e7\u00f5es: 2011"},"content":{"rendered":"<p>Mensagem do Papa Bento XVI<\/span><img decoding=\"async\" class=\" alignright size-full wp-image-250\" style=\"margin: 0px 0px 0px 9px; float: right;\" alt=\"PapaBentoXVI\" src=\"https:\/\/paroquiaqueijas.net\/portal\/wp-content\/uploads\/2011\/05\/PapaBentoXVI.jpg\" height=\"188\" width=\"168\" srcset=\"https:\/\/paroquiaqueijas.net\/portal\/wp-content\/uploads\/2011\/05\/PapaBentoXVI.jpg 286w, https:\/\/paroquiaqueijas.net\/portal\/wp-content\/uploads\/2011\/05\/PapaBentoXVI-268x300.jpg 268w\" sizes=\"(max-width: 168px) 100vw, 168px\" \/><br \/><strong>DIA MUNDIAL DE ORA\u00c7\u00c3O PELAS VOCA\u00c7\u00d5ES<\/strong><\/span><br \/>15 de Maio de 2011<\/span><\/p>\n<p>Tema: \u00abPropor as voca\u00e7\u00f5es na Igreja local\u00bb<\/span><\/p>\n<p><strong>Queridos irm\u00e3os e irm\u00e3s!<\/strong><br \/>O 48.\u00ba Dia Mundial de Ora\u00e7\u00e3o pelas Voca\u00e7\u00f5es, que ser\u00e1 celebrado no dia 15 de Maio de 2011, IV Domingo de P\u00e1scoa, convida-nos a reflectir sobre o tema: \u00abPropor as voca\u00e7\u00f5es na Igreja local\u00bb. H\u00e1 sessenta anos, o Vener\u00e1vel Papa Pio XII instituiu a Pontif\u00edcia Obra para as Voca\u00e7\u00f5es Sacerdotais. <\/span><\/p>\n<p>Depois, em muitas dioceses, foram fundadas pelos Bispos obras semelhantes, animadas por sacerdotes e leigos, correspondendo ao convite do Bom Pastor, quando, \u00abao ver as multid\u00f5es, encheu-Se de compaix\u00e3o por elas, por andarem fatigadas e abatidas como ovelhas sem pastor\u00bb e disse: \u00abA messe \u00e9 grande, mas os trabalhadores s\u00e3o poucos. Pedi, pois, ao dono da messe que mande trabalhadores para a sua messe\u00bb (Mt 9, 36-38).<\/span><\/p>\n<p>A arte de promover e cuidar das voca\u00e7\u00f5es encontra um luminoso ponto de refer\u00eancia nas p\u00e1ginas do Evangelho, onde Jesus chama os seus disc\u00edpulos para O seguir e educa-os com amor e solicitude. Objecto particular da nossa aten\u00e7\u00e3o \u00e9 o modo como Jesus chamou os seus mais \u00edntimos colaboradores a anunciar o Reino de Deus (cf. Lc 10, 9). Para come\u00e7ar, v\u00ea-se claramente que o primeiro acto foi a ora\u00e7\u00e3o por eles: antes de os chamar, Jesus passou a noite sozinho, em ora\u00e7\u00e3o, \u00e0 escuta da vontade do Pai (cf. Lc 6, 12), numa eleva\u00e7\u00e3o interior acima das coisas de todos os dias. A voca\u00e7\u00e3o dos disc\u00edpulos nasce, precisamente, no di\u00e1logo \u00edntimo de Jesus com o Pai. As voca\u00e7\u00f5es ao minist\u00e9rio sacerdotal e \u00e0 vida consagrada s\u00e3o fruto, primariamente, de um contacto constante com o Deus vivo e de uma ora\u00e7\u00e3o insistente que se eleva ao \u00abDono da messe\u00bb quer nas comunidades paroquiais, quer nas fam\u00edlias crist\u00e3s, quer nos cen\u00e1culos vocacionais.<img fetchpriority=\"high\" decoding=\"async\" class=\" alignright size-full wp-image-251\" style=\"margin: 20px 0px 0px 8px; float: right;\" alt=\"JCmar02a\" src=\"https:\/\/paroquiaqueijas.net\/portal\/wp-content\/uploads\/2011\/05\/JCmar02a.jpg\" height=\"222\" width=\"304\" srcset=\"https:\/\/paroquiaqueijas.net\/portal\/wp-content\/uploads\/2011\/05\/JCmar02a.jpg 431w, https:\/\/paroquiaqueijas.net\/portal\/wp-content\/uploads\/2011\/05\/JCmar02a-300x219.jpg 300w\" sizes=\"(max-width: 304px) 100vw, 304px\" \/><\/span><\/p>\n<p>O Senhor, no in\u00edcio da sua vida p\u00fablica, chamou alguns pescadores, que estavam a trabalhar nas margens do lago da Galileia: \u00abVinde e segui-Me, e farei de v\u00f3s pescadores de homens\u00bb (Mt 4, 19). Mostrou-lhes a sua miss\u00e3o messi\u00e2nica com numerosos \u00absinais\u00bb, que indicavam o seu amor pelos homens e o dom da miseric\u00f3rdia do Pai; educou-os com a palavra e com a vida, de modo a estarem prontos para ser os continuadores da sua obra de salva\u00e7\u00e3o; por fim, \u00absabendo Jesus que chegara a sua hora de passar deste mundo para o Pai\u00bb (Jo 13, 1), confiou-lhes o memorial da sua morte e ressurrei\u00e7\u00e3o e, antes de subir ao C\u00e9u, enviou-os por todo o mundo com este mandato: \u00abIde, pois, fazer disc\u00edpulos de todas as na\u00e7\u00f5es\u00bb (Mt 28, 19).<\/span><\/p>\n<p>A proposta, que Jesus faz \u00e0s pessoas ao dizer-lhes \u00abSegue-Me!\u00bb, \u00e9 exigente e exaltante: convida-as a entrar na sua amizade, a escutar de perto a sua Palavra e a viver com Ele; ensina-lhes a dedica\u00e7\u00e3o total a Deus e \u00e0 propaga\u00e7\u00e3o do seu Reino, segundo a lei do Evangelho: \u00abSe o gr\u00e3o de trigo cair na terra e n\u00e3o morrer, fica s\u00f3 ele; mas, se morrer, d\u00e1 muito fruto\u00bb (Jo 12, 24); convida-as a sair da sua vontade fechada, da sua ideia de auto-realiza\u00e7\u00e3o, para embrenhar-se noutra vontade, a de Deus, deixando-se guiar por ela; faz-lhes viver em fraternidade, que nasce desta disponibilidade total a Deus (cf. Mt 12, 49-50) e se torna o sinal distintivo da comunidade de Jesus: \u00abO sinal por que todos vos h\u00e3o-de reconhecer como meus disc\u00edpulos \u00e9 terdes amor uns aos outros\u00bb (Jo 13, 35).<\/span><\/p>\n<p>Tamb\u00e9m hoje, o seguimento de Cristo \u00e9 exigente; significa aprender a ter o olhar fixo em Jesus, a conhec\u00ea-Lo intimamente, a escut\u00e1-Lo na Palavra e a encontr\u00e1-Lo nos Sacramentos; significa aprender a conformar a pr\u00f3pria vontade \u00e0 d&#8217;Ele. Trata-se de uma verdadeira e pr\u00f3pria escola de forma\u00e7\u00e3o para quantos se preparam para o minist\u00e9rio sacerdotal e a vida consagrada, sob a orienta\u00e7\u00e3o das autoridades eclesi\u00e1sticas competentes. O Senhor n\u00e3o deixa de chamar, em todas as esta\u00e7\u00f5es da vida, para partilhar a sua miss\u00e3o e servir a Igreja no minist\u00e9rio ordenado e na vida consagrada; e a Igreja \u00ab\u00e9 chamada a proteger este dom, a estim\u00e1-lo e am\u00e1-lo: ela \u00e9 respons\u00e1vel pelo nascimento e pela matura\u00e7\u00e3o das voca\u00e7\u00f5es sacerdotais\u00bb (Jo\u00e3o Paulo II, Pastores dabo vobis, 41). Especialmente neste tempo, em que a voz do Senhor parece sufocada por \u00aboutras vozes\u00bb e a proposta de O seguir oferecendo a pr\u00f3pria vida pode parecer demasiado dif\u00edcil, cada comunidade crist\u00e3, cada fiel, deveria assumir, conscientemente, o compromisso de promover as voca\u00e7\u00f5es. \u00c9 importante encorajar e apoiar aqueles que mostram claros sinais de voca\u00e7\u00e3o \u00e0 vida sacerdotal e \u00e0 consagra\u00e7\u00e3o religiosa, de modo que sintam o entusiasmo da comunidade inteira quando dizem o seu \u00absim\u00bb a Deus e \u00e0 Igreja. Da minha parte, sempre os encorajo como fiz quando escrevi aos que se decidiram entrar no Semin\u00e1rio: \u00abFizestes bem [em tomar essa decis\u00e3o], porque os homens sempre ter\u00e3o necessidade de Deus \u2013 mesmo na \u00e9poca do predom\u00ednio da t\u00e9cnica no mundo e da globaliza\u00e7\u00e3o \u2013, do Deus que Se mostrou a n\u00f3s em Jesus Cristo e nos re\u00fane na Igreja universal, para aprender, com Ele e por meio d&#8217;Ele, a verdadeira vida e manter presentes e tornar eficazes os crit\u00e9rios da verdadeira humanidade\u00bb (Carta aos Seminaristas, 18 de Outubro de 2010).<\/span><\/p>\n<p><img decoding=\"async\" class=\" alignright size-full wp-image-252\" style=\"float: right;\" alt=\"vocacoes\" src=\"https:\/\/paroquiaqueijas.net\/portal\/wp-content\/uploads\/2011\/05\/vocacoes.png\" height=\"201\" width=\"229\" \/><\/p>\n<p>\u00c9 preciso que cada Igreja local se torne cada vez mais sens\u00edvel e atenta \u00e0 pastoral vocacional, educando a n\u00edvel familiar, paroquial e associativo, sobretudo os adolescentes e os jovens \u2013 como Jesus fez com os disc\u00edpulos \u2013 para maturarem uma amizade genu\u00edna e afectuosa com o Senhor, cultivada na ora\u00e7\u00e3o pessoal e lit\u00fargica; para aprenderem a escuta atenta e frutuosa da Palavra de Deus, atrav\u00e9s de uma familiaridade crescente com as Sagradas Escrituras; para compreenderem que entrar na vontade de Deus n\u00e3o aniquila nem destr\u00f3i a pessoa, mas permite descobrir e seguir a verdade mais profunda de si mesmos; para viverem a gratuidade e a fraternidade nas rela\u00e7\u00f5es com os outros, porque s\u00f3 abrindo-se ao amor de Deus \u00e9 que se encontra a verdadeira alegria e a plena realiza\u00e7\u00e3o das pr\u00f3prias aspira\u00e7\u00f5es. \u00abPropor as voca\u00e7\u00f5es na Igreja local\u00bb significa ter a coragem de indicar, atrav\u00e9s de uma pastoral vocacional atenta e adequada, este caminho exigente do seguimento de Cristo, que, rico de sentido, \u00e9 capaz de envolver toda a vida.<\/span><\/p>\n<p>Dirijo-me particularmente a v\u00f3s, queridos Irm\u00e3os no Episcopado. Para dar continuidade e difus\u00e3o \u00e0 vossa miss\u00e3o de salva\u00e7\u00e3o em Cristo, \u00abpromovam o mais poss\u00edvel as voca\u00e7\u00f5es sacerdotais e religiosas, e de modo particular as mission\u00e1rias\u00bb (Decr. Christus Dominus, 15). O Senhor precisa da vossa colabora\u00e7\u00e3o, para que o seu chamamento possa chegar aos cora\u00e7\u00f5es de quem Ele escolheu. Cuidadosamente escolhei os dinamizadores do Centro Diocesano de Voca\u00e7\u00f5es, instrumento precioso de promo\u00e7\u00e3o e organiza\u00e7\u00e3o da pastoral vocacional e da ora\u00e7\u00e3o que a sustenta e garante a sua efic\u00e1cia. Quero tamb\u00e9m recordar-vos, amados Irm\u00e3os Bispos, a solicitude da Igreja universal por uma distribui\u00e7\u00e3o equitativa dos sacerdotes no mundo. A vossa disponibilidade face a dioceses com escassez de voca\u00e7\u00f5es torna-se uma b\u00ean\u00e7\u00e3o de Deus para as vossas comunidades e constitui, para os fi\u00e9is, o testemunho de um servi\u00e7o sacerdotal que se abre generosamente \u00e0s necessidades da Igreja inteira.<\/span><\/p>\n<p>O Conc\u00edlio Vaticano II recordou, explicitamente, que o \u00abdever de fomentar as voca\u00e7\u00f5es pertence a toda a comunidade crist\u00e3, que as deve promover sobretudo mediante uma vida plenamente crist\u00e3\u00bb (Decr. Optatam totius, 2). Por isso, desejo dirigir uma fraterna sauda\u00e7\u00e3o de especial encorajamento a quantos colaboram de v\u00e1rios modos nas par\u00f3quias com os sacerdotes. Em particular, dirijo-me \u00e0queles que podem oferecer a pr\u00f3pria contribui\u00e7\u00e3o para a pastoral das voca\u00e7\u00f5es: os sacerdotes, as fam\u00edlias, os catequistas, os animadores. Aos sacerdotes recomendo que sejam capazes de dar um testemunho de comunh\u00e3o com o Bispo e com os outros irm\u00e3os no sacerd\u00f3cio, para garantirem o h\u00famus vital aos novos rebentos de voca\u00e7\u00f5es sacerdotais. Que as fam\u00edlias sejam \u00abanimadas pelo esp\u00edrito de f\u00e9, de caridade e piedade\u00bb (Optatam totius, 2), capazes de ajudar os filhos e as filhas a acolherem, com generosidade, o chamamento ao sacerd\u00f3cio e \u00e0 vida consagrada. Convictos da sua miss\u00e3o educativa, os catequistas e os animadores das associa\u00e7\u00f5es cat\u00f3licas e dos movimentos eclesiais \u00abde tal forma procurem cultivar o esp\u00edrito dos adolescentes a si confiados, que eles possam sentir e seguir de bom grado a voca\u00e7\u00e3o divina\u00bb (Optatam totius, 2).<\/span><\/p>\n<p>Queridos irm\u00e3os e irm\u00e3s, o vosso empenho na promo\u00e7\u00e3o e cuidado das voca\u00e7\u00f5es adquire plenitude de sentido e de efic\u00e1cia pastoral, quando se realiza na unidade da Igreja e visa servir a comunh\u00e3o. \u00c9 por isso que todos os momentos da vida da comunidade eclesial \u2013 a catequese, os encontros de forma\u00e7\u00e3o, a ora\u00e7\u00e3o lit\u00fargica, as peregrina\u00e7\u00f5es aos santu\u00e1rios \u2013 <\/span><img loading=\"lazy\" decoding=\"async\" class=\" alignright size-full wp-image-253\" style=\"margin: 0px 0px 0px 8px; float: right;\" alt=\"Voc13\" src=\"https:\/\/paroquiaqueijas.net\/portal\/wp-content\/uploads\/2011\/05\/Voc13.jpg\" height=\"175\" width=\"156\" \/><\/span>s\u00e3o uma ocasi\u00e3o preciosa para suscitar no Povo de Deus, em particular nos mais pequenos e nos jovens, o sentido de perten\u00e7a \u00e0 Igreja e a responsabilidade em responder, com uma op\u00e7\u00e3o livre e consciente, ao chamamento para o sacerd\u00f3cio e a vida consagrada.<\/span><\/p>\n<p>A capacidade de cultivar as voca\u00e7\u00f5es \u00e9 sinal caracter\u00edstico da vitalidade de uma Igreja local. Invoquemos, com confian\u00e7a e insist\u00eancia, a ajuda da Virgem Maria, para que, seguindo o seu exemplo de acolhimento do plano divino da salva\u00e7\u00e3o e com a sua eficaz intercess\u00e3o, se possa difundir no \u00e2mbito de cada comunidade a disponibilidade para dizer \u00absim\u00bb ao Senhor, que n\u00e3o cessa de chamar novos trabalhadores para a sua messe. Com estes votos, de cora\u00e7\u00e3o concedo a todos a minha B\u00ean\u00e7\u00e3o Apost\u00f3lica.<\/span><\/p>\n<div style=\"text-align: right;\"><span style=\"font-size: 8pt;\">Papa Bento XVI<\/span><\/p>\n","protected":false},"excerpt":{"rendered":"<p>Mensagem do Papa Bento XVIDIA MUNDIAL DE ORA\u00c7\u00c3O PELAS VOCA\u00c7\u00d5ES15 de Maio de 2011 Tema: \u00abPropor as voca\u00e7\u00f5es na Igreja [&hellip;]<\/p>\n","protected":false},"author":1,"featured_media":250,"comment_status":"open","ping_status":"open","sticky":false,"template":"","format":"standard","meta":{"site-sidebar-layout":"default","site-content-layout":"","ast-site-content-layout":"default","site-content-style":"default","site-sidebar-style":"default","ast-global-header-display":"","ast-banner-title-visibility":"","ast-main-header-display":"","ast-hfb-above-header-display":"","ast-hfb-below-header-display":"","ast-hfb-mobile-header-display":"","site-post-title":"","ast-breadcrumbs-content":"","ast-featured-img":"","footer-sml-layout":"","ast-disable-related-posts":"","theme-transparent-header-meta":"","adv-header-id-meta":"","stick-header-meta":"","header-above-stick-meta":"","header-main-stick-meta":"","header-below-stick-meta":"","astra-migrate-meta-layouts":"default","ast-page-background-enabled":"default","ast-page-background-meta":{"desktop":{"background-color":"var(--ast-global-color-5)","background-image":"","background-repeat":"repeat","background-position":"center center","background-size":"auto","background-attachment":"scroll","background-type":"","background-media":"","overlay-type":"","overlay-color":"","overlay-opacity":"","overlay-gradient":""},"tablet":{"background-color":"","background-image":"","background-repeat":"repeat","background-position":"center center","background-size":"auto","background-attachment":"scroll","background-type":"","background-media":"","overlay-type":"","overlay-color":"","overlay-opacity":"","overlay-gradient":""},"mobile":{"background-color":"","background-image":"","background-repeat":"repeat","background-position":"center center","background-size":"auto","background-attachment":"scroll","background-type":"","background-media":"","overlay-type":"","overlay-color":"","overlay-opacity":"","overlay-gradient":""}},"ast-content-background-meta":{"desktop":{"background-color":"var(--ast-global-color-4)","background-image":"","background-repeat":"repeat","background-position":"center center","background-size":"auto","background-attachment":"scroll","background-type":"","background-media":"","overlay-type":"","overlay-color":"","overlay-opacity":"","overlay-gradient":""},"tablet":{"background-color":"var(--ast-global-color-4)","background-image":"","background-repeat":"repeat","background-position":"center center","background-size":"auto","background-attachment":"scroll","background-type":"","background-media":"","overlay-type":"","overlay-color":"","overlay-opacity":"","overlay-gradient":""},"mobile":{"background-color":"var(--ast-global-color-4)","background-image":"","background-repeat":"repeat","background-position":"center center","background-size":"auto","background-attachment":"scroll","background-type":"","background-media":"","overlay-type":"","overlay-color":"","overlay-opacity":"","overlay-gradient":""}},"footnotes":""},"categories":[14],"tags":[],"class_list":["post-254","post","type-post","status-publish","format-standard","has-post-thumbnail","hentry","category-papa-bento-xvi"],"yoast_head":"<!-- This site is optimized with the Yoast SEO plugin v27.4 - https:\/\/yoast.com\/product\/yoast-seo-wordpress\/ -->\n<title>Mensagem do Papa para o Dia Mundial das Voca\u00e7\u00f5es: 2011 - Paroquia de Queijas<\/title>\n<meta name=\"robots\" content=\"index, follow, max-snippet:-1, max-image-preview:large, max-video-preview:-1\" \/>\n<link rel=\"canonical\" href=\"https:\/\/paroquiaqueijas.net\/portal\/mensagem-para-o-dia-mundial-de-oracao-pelas-vocacoes-2011\/\" \/>\n<meta property=\"og:locale\" content=\"pt_PT\" \/>\n<meta property=\"og:type\" content=\"article\" \/>\n<meta property=\"og:title\" content=\"Mensagem do Papa para o Dia Mundial das Voca\u00e7\u00f5es: 2011 - Paroquia de Queijas\" \/>\n<meta property=\"og:description\" content=\"Mensagem do Papa Bento XVIDIA MUNDIAL DE ORA\u00c7\u00c3O PELAS VOCA\u00c7\u00d5ES15 de Maio de 2011 Tema: \u00abPropor as voca\u00e7\u00f5es na Igreja [&hellip;]\" \/>\n<meta property=\"og:url\" content=\"https:\/\/paroquiaqueijas.net\/portal\/mensagem-para-o-dia-mundial-de-oracao-pelas-vocacoes-2011\/\" \/>\n<meta property=\"og:site_name\" content=\"Paroquia de Queijas\" \/>\n<meta property=\"article:publisher\" content=\"https:\/\/www.facebook.com\/paroquiaqueijas\/\" \/>\n<meta property=\"article:published_time\" content=\"2011-05-07T21:36:14+00:00\" \/>\n<meta property=\"article:modified_time\" content=\"2026-03-21T15:41:43+00:00\" \/>\n<meta property=\"og:image\" content=\"https:\/\/paroquiaqueijas.net\/portal\/wp-content\/uploads\/2011\/05\/PapaBentoXVI.jpg\" \/>\n\t<meta property=\"og:image:width\" content=\"286\" \/>\n\t<meta property=\"og:image:height\" content=\"320\" \/>\n\t<meta property=\"og:image:type\" content=\"image\/jpeg\" \/>\n<meta name=\"author\" content=\"Paroquia de Queijas\" \/>\n<meta name=\"twitter:card\" content=\"summary_large_image\" \/>\n<meta name=\"twitter:label1\" content=\"Escrito por\" \/>\n\t<meta name=\"twitter:data1\" content=\"Paroquia de Queijas\" \/>\n\t<meta name=\"twitter:label2\" content=\"Tempo estimado de leitura\" \/>\n\t<meta name=\"twitter:data2\" content=\"8 minutos\" \/>\n<script type=\"application\/ld+json\" class=\"yoast-schema-graph\">{\"@context\":\"https:\\\/\\\/schema.org\",\"@graph\":[{\"@type\":\"Article\",\"@id\":\"https:\\\/\\\/paroquiaqueijas.net\\\/portal\\\/mensagem-para-o-dia-mundial-de-oracao-pelas-vocacoes-2011\\\/#article\",\"isPartOf\":{\"@id\":\"https:\\\/\\\/paroquiaqueijas.net\\\/portal\\\/mensagem-para-o-dia-mundial-de-oracao-pelas-vocacoes-2011\\\/\"},\"author\":{\"name\":\"Paroquia de Queijas\",\"@id\":\"https:\\\/\\\/paroquiaqueijas.net\\\/portal\\\/#\\\/schema\\\/person\\\/07bb4cce216326e06b6f742b719ebec7\"},\"headline\":\"Mensagem do Papa para o Dia Mundial das Voca\u00e7\u00f5es: 2011\",\"datePublished\":\"2011-05-07T21:36:14+00:00\",\"dateModified\":\"2026-03-21T15:41:43+00:00\",\"mainEntityOfPage\":{\"@id\":\"https:\\\/\\\/paroquiaqueijas.net\\\/portal\\\/mensagem-para-o-dia-mundial-de-oracao-pelas-vocacoes-2011\\\/\"},\"wordCount\":1694,\"commentCount\":0,\"publisher\":{\"@id\":\"https:\\\/\\\/paroquiaqueijas.net\\\/portal\\\/#organization\"},\"image\":{\"@id\":\"https:\\\/\\\/paroquiaqueijas.net\\\/portal\\\/mensagem-para-o-dia-mundial-de-oracao-pelas-vocacoes-2011\\\/#primaryimage\"},\"thumbnailUrl\":\"https:\\\/\\\/paroquiaqueijas.net\\\/portal\\\/wp-content\\\/uploads\\\/2011\\\/05\\\/PapaBentoXVI.jpg\",\"articleSection\":[\"Papa Bento XVI\"],\"inLanguage\":\"pt-PT\",\"potentialAction\":[{\"@type\":\"CommentAction\",\"name\":\"Comment\",\"target\":[\"https:\\\/\\\/paroquiaqueijas.net\\\/portal\\\/mensagem-para-o-dia-mundial-de-oracao-pelas-vocacoes-2011\\\/#respond\"]}]},{\"@type\":\"WebPage\",\"@id\":\"https:\\\/\\\/paroquiaqueijas.net\\\/portal\\\/mensagem-para-o-dia-mundial-de-oracao-pelas-vocacoes-2011\\\/\",\"url\":\"https:\\\/\\\/paroquiaqueijas.net\\\/portal\\\/mensagem-para-o-dia-mundial-de-oracao-pelas-vocacoes-2011\\\/\",\"name\":\"Mensagem do Papa para o Dia Mundial das Voca\u00e7\u00f5es: 2011 - Paroquia de Queijas\",\"isPartOf\":{\"@id\":\"https:\\\/\\\/paroquiaqueijas.net\\\/portal\\\/#website\"},\"primaryImageOfPage\":{\"@id\":\"https:\\\/\\\/paroquiaqueijas.net\\\/portal\\\/mensagem-para-o-dia-mundial-de-oracao-pelas-vocacoes-2011\\\/#primaryimage\"},\"image\":{\"@id\":\"https:\\\/\\\/paroquiaqueijas.net\\\/portal\\\/mensagem-para-o-dia-mundial-de-oracao-pelas-vocacoes-2011\\\/#primaryimage\"},\"thumbnailUrl\":\"https:\\\/\\\/paroquiaqueijas.net\\\/portal\\\/wp-content\\\/uploads\\\/2011\\\/05\\\/PapaBentoXVI.jpg\",\"datePublished\":\"2011-05-07T21:36:14+00:00\",\"dateModified\":\"2026-03-21T15:41:43+00:00\",\"breadcrumb\":{\"@id\":\"https:\\\/\\\/paroquiaqueijas.net\\\/portal\\\/mensagem-para-o-dia-mundial-de-oracao-pelas-vocacoes-2011\\\/#breadcrumb\"},\"inLanguage\":\"pt-PT\",\"potentialAction\":[{\"@type\":\"ReadAction\",\"target\":[\"https:\\\/\\\/paroquiaqueijas.net\\\/portal\\\/mensagem-para-o-dia-mundial-de-oracao-pelas-vocacoes-2011\\\/\"]}]},{\"@type\":\"ImageObject\",\"inLanguage\":\"pt-PT\",\"@id\":\"https:\\\/\\\/paroquiaqueijas.net\\\/portal\\\/mensagem-para-o-dia-mundial-de-oracao-pelas-vocacoes-2011\\\/#primaryimage\",\"url\":\"https:\\\/\\\/paroquiaqueijas.net\\\/portal\\\/wp-content\\\/uploads\\\/2011\\\/05\\\/PapaBentoXVI.jpg\",\"contentUrl\":\"https:\\\/\\\/paroquiaqueijas.net\\\/portal\\\/wp-content\\\/uploads\\\/2011\\\/05\\\/PapaBentoXVI.jpg\",\"width\":286,\"height\":320,\"caption\":\"PapaBentoXVI\"},{\"@type\":\"BreadcrumbList\",\"@id\":\"https:\\\/\\\/paroquiaqueijas.net\\\/portal\\\/mensagem-para-o-dia-mundial-de-oracao-pelas-vocacoes-2011\\\/#breadcrumb\",\"itemListElement\":[{\"@type\":\"ListItem\",\"position\":1,\"name\":\"In\u00edcio\",\"item\":\"https:\\\/\\\/paroquiaqueijas.net\\\/portal\\\/\"},{\"@type\":\"ListItem\",\"position\":2,\"name\":\"Mensagem do Papa para o Dia Mundial das Voca\u00e7\u00f5es: 2011\"}]},{\"@type\":\"WebSite\",\"@id\":\"https:\\\/\\\/paroquiaqueijas.net\\\/portal\\\/#website\",\"url\":\"https:\\\/\\\/paroquiaqueijas.net\\\/portal\\\/\",\"name\":\"Paroquia de Queijas\",\"description\":\"\",\"publisher\":{\"@id\":\"https:\\\/\\\/paroquiaqueijas.net\\\/portal\\\/#organization\"},\"potentialAction\":[{\"@type\":\"SearchAction\",\"target\":{\"@type\":\"EntryPoint\",\"urlTemplate\":\"https:\\\/\\\/paroquiaqueijas.net\\\/portal\\\/?s={search_term_string}\"},\"query-input\":{\"@type\":\"PropertyValueSpecification\",\"valueRequired\":true,\"valueName\":\"search_term_string\"}}],\"inLanguage\":\"pt-PT\"},{\"@type\":\"Organization\",\"@id\":\"https:\\\/\\\/paroquiaqueijas.net\\\/portal\\\/#organization\",\"name\":\"Paroquia de Queijas\",\"url\":\"https:\\\/\\\/paroquiaqueijas.net\\\/portal\\\/\",\"logo\":{\"@type\":\"ImageObject\",\"inLanguage\":\"pt-PT\",\"@id\":\"https:\\\/\\\/paroquiaqueijas.net\\\/portal\\\/#\\\/schema\\\/logo\\\/image\\\/\",\"url\":\"https:\\\/\\\/paroquiaqueijas.net\\\/portal\\\/wp-content\\\/uploads\\\/2026\\\/03\\\/LogoQueijas_novo.png\",\"contentUrl\":\"https:\\\/\\\/paroquiaqueijas.net\\\/portal\\\/wp-content\\\/uploads\\\/2026\\\/03\\\/LogoQueijas_novo.png\",\"width\":520,\"height\":519,\"caption\":\"Paroquia de Queijas\"},\"image\":{\"@id\":\"https:\\\/\\\/paroquiaqueijas.net\\\/portal\\\/#\\\/schema\\\/logo\\\/image\\\/\"},\"sameAs\":[\"https:\\\/\\\/www.facebook.com\\\/paroquiaqueijas\\\/\"]},{\"@type\":\"Person\",\"@id\":\"https:\\\/\\\/paroquiaqueijas.net\\\/portal\\\/#\\\/schema\\\/person\\\/07bb4cce216326e06b6f742b719ebec7\",\"name\":\"Paroquia de Queijas\",\"image\":{\"@type\":\"ImageObject\",\"inLanguage\":\"pt-PT\",\"@id\":\"https:\\\/\\\/secure.gravatar.com\\\/avatar\\\/5054571ff5d2454cd50657fc4e61d0c32d7a5d0d3b36ef6c0f6e269276d13618?s=96&d=mm&r=g\",\"url\":\"https:\\\/\\\/secure.gravatar.com\\\/avatar\\\/5054571ff5d2454cd50657fc4e61d0c32d7a5d0d3b36ef6c0f6e269276d13618?s=96&d=mm&r=g\",\"contentUrl\":\"https:\\\/\\\/secure.gravatar.com\\\/avatar\\\/5054571ff5d2454cd50657fc4e61d0c32d7a5d0d3b36ef6c0f6e269276d13618?s=96&d=mm&r=g\",\"caption\":\"Paroquia de Queijas\"},\"sameAs\":[\"https:\\\/\\\/paroquiaqueijas.net\\\/site\"],\"url\":\"https:\\\/\\\/paroquiaqueijas.net\\\/portal\\\/author\\\/admin1\\\/\"}]}<\/script>\n<!-- \/ Yoast SEO plugin. -->","yoast_head_json":{"title":"Mensagem do Papa para o Dia Mundial das Voca\u00e7\u00f5es: 2011 - Paroquia de Queijas","robots":{"index":"index","follow":"follow","max-snippet":"max-snippet:-1","max-image-preview":"max-image-preview:large","max-video-preview":"max-video-preview:-1"},"canonical":"https:\/\/paroquiaqueijas.net\/portal\/mensagem-para-o-dia-mundial-de-oracao-pelas-vocacoes-2011\/","og_locale":"pt_PT","og_type":"article","og_title":"Mensagem do Papa para o Dia Mundial das Voca\u00e7\u00f5es: 2011 - Paroquia de Queijas","og_description":"Mensagem do Papa Bento XVIDIA MUNDIAL DE ORA\u00c7\u00c3O PELAS VOCA\u00c7\u00d5ES15 de Maio de 2011 Tema: \u00abPropor as voca\u00e7\u00f5es na Igreja [&hellip;]","og_url":"https:\/\/paroquiaqueijas.net\/portal\/mensagem-para-o-dia-mundial-de-oracao-pelas-vocacoes-2011\/","og_site_name":"Paroquia de Queijas","article_publisher":"https:\/\/www.facebook.com\/paroquiaqueijas\/","article_published_time":"2011-05-07T21:36:14+00:00","article_modified_time":"2026-03-21T15:41:43+00:00","og_image":[{"width":286,"height":320,"url":"https:\/\/paroquiaqueijas.net\/portal\/wp-content\/uploads\/2011\/05\/PapaBentoXVI.jpg","type":"image\/jpeg"}],"author":"Paroquia de Queijas","twitter_card":"summary_large_image","twitter_misc":{"Escrito por":"Paroquia de Queijas","Tempo estimado de leitura":"8 minutos"},"schema":{"@context":"https:\/\/schema.org","@graph":[{"@type":"Article","@id":"https:\/\/paroquiaqueijas.net\/portal\/mensagem-para-o-dia-mundial-de-oracao-pelas-vocacoes-2011\/#article","isPartOf":{"@id":"https:\/\/paroquiaqueijas.net\/portal\/mensagem-para-o-dia-mundial-de-oracao-pelas-vocacoes-2011\/"},"author":{"name":"Paroquia de Queijas","@id":"https:\/\/paroquiaqueijas.net\/portal\/#\/schema\/person\/07bb4cce216326e06b6f742b719ebec7"},"headline":"Mensagem do Papa para o Dia Mundial das Voca\u00e7\u00f5es: 2011","datePublished":"2011-05-07T21:36:14+00:00","dateModified":"2026-03-21T15:41:43+00:00","mainEntityOfPage":{"@id":"https:\/\/paroquiaqueijas.net\/portal\/mensagem-para-o-dia-mundial-de-oracao-pelas-vocacoes-2011\/"},"wordCount":1694,"commentCount":0,"publisher":{"@id":"https:\/\/paroquiaqueijas.net\/portal\/#organization"},"image":{"@id":"https:\/\/paroquiaqueijas.net\/portal\/mensagem-para-o-dia-mundial-de-oracao-pelas-vocacoes-2011\/#primaryimage"},"thumbnailUrl":"https:\/\/paroquiaqueijas.net\/portal\/wp-content\/uploads\/2011\/05\/PapaBentoXVI.jpg","articleSection":["Papa Bento XVI"],"inLanguage":"pt-PT","potentialAction":[{"@type":"CommentAction","name":"Comment","target":["https:\/\/paroquiaqueijas.net\/portal\/mensagem-para-o-dia-mundial-de-oracao-pelas-vocacoes-2011\/#respond"]}]},{"@type":"WebPage","@id":"https:\/\/paroquiaqueijas.net\/portal\/mensagem-para-o-dia-mundial-de-oracao-pelas-vocacoes-2011\/","url":"https:\/\/paroquiaqueijas.net\/portal\/mensagem-para-o-dia-mundial-de-oracao-pelas-vocacoes-2011\/","name":"Mensagem do Papa para o Dia Mundial das Voca\u00e7\u00f5es: 2011 - Paroquia de Queijas","isPartOf":{"@id":"https:\/\/paroquiaqueijas.net\/portal\/#website"},"primaryImageOfPage":{"@id":"https:\/\/paroquiaqueijas.net\/portal\/mensagem-para-o-dia-mundial-de-oracao-pelas-vocacoes-2011\/#primaryimage"},"image":{"@id":"https:\/\/paroquiaqueijas.net\/portal\/mensagem-para-o-dia-mundial-de-oracao-pelas-vocacoes-2011\/#primaryimage"},"thumbnailUrl":"https:\/\/paroquiaqueijas.net\/portal\/wp-content\/uploads\/2011\/05\/PapaBentoXVI.jpg","datePublished":"2011-05-07T21:36:14+00:00","dateModified":"2026-03-21T15:41:43+00:00","breadcrumb":{"@id":"https:\/\/paroquiaqueijas.net\/portal\/mensagem-para-o-dia-mundial-de-oracao-pelas-vocacoes-2011\/#breadcrumb"},"inLanguage":"pt-PT","potentialAction":[{"@type":"ReadAction","target":["https:\/\/paroquiaqueijas.net\/portal\/mensagem-para-o-dia-mundial-de-oracao-pelas-vocacoes-2011\/"]}]},{"@type":"ImageObject","inLanguage":"pt-PT","@id":"https:\/\/paroquiaqueijas.net\/portal\/mensagem-para-o-dia-mundial-de-oracao-pelas-vocacoes-2011\/#primaryimage","url":"https:\/\/paroquiaqueijas.net\/portal\/wp-content\/uploads\/2011\/05\/PapaBentoXVI.jpg","contentUrl":"https:\/\/paroquiaqueijas.net\/portal\/wp-content\/uploads\/2011\/05\/PapaBentoXVI.jpg","width":286,"height":320,"caption":"PapaBentoXVI"},{"@type":"BreadcrumbList","@id":"https:\/\/paroquiaqueijas.net\/portal\/mensagem-para-o-dia-mundial-de-oracao-pelas-vocacoes-2011\/#breadcrumb","itemListElement":[{"@type":"ListItem","position":1,"name":"In\u00edcio","item":"https:\/\/paroquiaqueijas.net\/portal\/"},{"@type":"ListItem","position":2,"name":"Mensagem do Papa para o Dia Mundial das Voca\u00e7\u00f5es: 2011"}]},{"@type":"WebSite","@id":"https:\/\/paroquiaqueijas.net\/portal\/#website","url":"https:\/\/paroquiaqueijas.net\/portal\/","name":"Paroquia de Queijas","description":"","publisher":{"@id":"https:\/\/paroquiaqueijas.net\/portal\/#organization"},"potentialAction":[{"@type":"SearchAction","target":{"@type":"EntryPoint","urlTemplate":"https:\/\/paroquiaqueijas.net\/portal\/?s={search_term_string}"},"query-input":{"@type":"PropertyValueSpecification","valueRequired":true,"valueName":"search_term_string"}}],"inLanguage":"pt-PT"},{"@type":"Organization","@id":"https:\/\/paroquiaqueijas.net\/portal\/#organization","name":"Paroquia de Queijas","url":"https:\/\/paroquiaqueijas.net\/portal\/","logo":{"@type":"ImageObject","inLanguage":"pt-PT","@id":"https:\/\/paroquiaqueijas.net\/portal\/#\/schema\/logo\/image\/","url":"https:\/\/paroquiaqueijas.net\/portal\/wp-content\/uploads\/2026\/03\/LogoQueijas_novo.png","contentUrl":"https:\/\/paroquiaqueijas.net\/portal\/wp-content\/uploads\/2026\/03\/LogoQueijas_novo.png","width":520,"height":519,"caption":"Paroquia de Queijas"},"image":{"@id":"https:\/\/paroquiaqueijas.net\/portal\/#\/schema\/logo\/image\/"},"sameAs":["https:\/\/www.facebook.com\/paroquiaqueijas\/"]},{"@type":"Person","@id":"https:\/\/paroquiaqueijas.net\/portal\/#\/schema\/person\/07bb4cce216326e06b6f742b719ebec7","name":"Paroquia de Queijas","image":{"@type":"ImageObject","inLanguage":"pt-PT","@id":"https:\/\/secure.gravatar.com\/avatar\/5054571ff5d2454cd50657fc4e61d0c32d7a5d0d3b36ef6c0f6e269276d13618?s=96&d=mm&r=g","url":"https:\/\/secure.gravatar.com\/avatar\/5054571ff5d2454cd50657fc4e61d0c32d7a5d0d3b36ef6c0f6e269276d13618?s=96&d=mm&r=g","contentUrl":"https:\/\/secure.gravatar.com\/avatar\/5054571ff5d2454cd50657fc4e61d0c32d7a5d0d3b36ef6c0f6e269276d13618?s=96&d=mm&r=g","caption":"Paroquia de Queijas"},"sameAs":["https:\/\/paroquiaqueijas.net\/site"],"url":"https:\/\/paroquiaqueijas.net\/portal\/author\/admin1\/"}]}},"_links":{"self":[{"href":"https:\/\/paroquiaqueijas.net\/portal\/wp-json\/wp\/v2\/posts\/254","targetHints":{"allow":["GET"]}}],"collection":[{"href":"https:\/\/paroquiaqueijas.net\/portal\/wp-json\/wp\/v2\/posts"}],"about":[{"href":"https:\/\/paroquiaqueijas.net\/portal\/wp-json\/wp\/v2\/types\/post"}],"author":[{"embeddable":true,"href":"https:\/\/paroquiaqueijas.net\/portal\/wp-json\/wp\/v2\/users\/1"}],"replies":[{"embeddable":true,"href":"https:\/\/paroquiaqueijas.net\/portal\/wp-json\/wp\/v2\/comments?post=254"}],"version-history":[{"count":1,"href":"https:\/\/paroquiaqueijas.net\/portal\/wp-json\/wp\/v2\/posts\/254\/revisions"}],"predecessor-version":[{"id":2852,"href":"https:\/\/paroquiaqueijas.net\/portal\/wp-json\/wp\/v2\/posts\/254\/revisions\/2852"}],"wp:featuredmedia":[{"embeddable":true,"href":"https:\/\/paroquiaqueijas.net\/portal\/wp-json\/wp\/v2\/media\/250"}],"wp:attachment":[{"href":"https:\/\/paroquiaqueijas.net\/portal\/wp-json\/wp\/v2\/media?parent=254"}],"wp:term":[{"taxonomy":"category","embeddable":true,"href":"https:\/\/paroquiaqueijas.net\/portal\/wp-json\/wp\/v2\/categories?post=254"},{"taxonomy":"post_tag","embeddable":true,"href":"https:\/\/paroquiaqueijas.net\/portal\/wp-json\/wp\/v2\/tags?post=254"}],"curies":[{"name":"wp","href":"https:\/\/api.w.org\/{rel}","templated":true}]}}