{"id":267,"date":"2011-05-05T15:13:59","date_gmt":"2011-05-05T15:13:59","guid":{"rendered":"https:\/\/paroquiaqueijas.net\/site\/?p=267"},"modified":"2026-03-21T15:41:43","modified_gmt":"2026-03-21T15:41:43","slug":"vitrais-da-igreja-de-queijas","status":"publish","type":"post","link":"https:\/\/paroquiaqueijas.net\/portal\/vitrais-da-igreja-de-queijas\/","title":{"rendered":"Vitrais da Igreja de Queijas"},"content":{"rendered":"<p><img fetchpriority=\"high\" decoding=\"async\" class=\" alignleft size-full wp-image-262\" style=\"float: left;\" src=\"https:\/\/paroquiaqueijas.net\/portal\/wp-content\/uploads\/2011\/05\/nery5.jpg\" alt=\"nery5\" width=\"300\" height=\"219\" srcset=\"https:\/\/paroquiaqueijas.net\/portal\/wp-content\/uploads\/2011\/05\/nery5.jpg 320w, https:\/\/paroquiaqueijas.net\/portal\/wp-content\/uploads\/2011\/05\/nery5-300x219.jpg 300w\" sizes=\"(max-width: 300px) 100vw, 300px\" \/>O programa iconogr\u00e1fico dos cinco vitrais de Queijas foi estruturado por mim pr\u00f3prio, sem a interven\u00e7\u00e3o do p\u00e1roco da Igreja. Por\u00e9m, em dois deles n\u00e3o usei s\u00edmbolos, mesmo que a sua intencionalidade religiosa esteja neles subjacente.<\/span><\/p>\n<p>Refiro-me em primeiro lugar \u00e0s quatro frestas na fachada principal, <a title=\"Vitrais da Igreja de Queijas\" href=\"https:\/\/paroquiaqueijas.net\/portal\/wp-content\/uploads\/2011\/05\/Vitrais01.jpg\" target=\"_blank\"><img decoding=\"async\" style=\"margin: 0px 0px 0px 9px; float: right;\" src=\"https:\/\/paroquiaqueijas.net\/portal\/wp-content\/uploads\/2011\/05\/Vitrais01.jpg\" alt=\"Vitrais01\" width=\"64\" height=\"122\" \/><\/a>que por serem t\u00e3o estreitas n\u00e3o me permitiram desenvolver um tema com maior densidade religiosa, limitando-me assim a organizar geometricamente estes v\u00e3os com base em barras diagonais, inclinadas a 45\u00ba, em contraste com a verticalidade dos elementos estruturais, em bet\u00e3o. Neste vitral usei vidro negro para marcar fortemente certos tri\u00e2ngulos e, ainda, para acentuar as superf\u00edcies claras na parte superior, conferindo-lhe assim um sentido ascensional de ascese na procura da Luz em cima.<\/span><\/p>\n<p>De todos, o vitral mais elementar \u00e9 aquele que contorna a grande cruz aberta na parede, atr\u00e1s do altar. Aqui o seu papel \u00e9 muito simplesmente de criar vibra\u00e7\u00e3o crom\u00e1tica em tomo desta cruz, que foi refor\u00e7ada pelos arquitectos atrav\u00e9s de uma segunda cruz em ferro. <\/span><\/span>[&#8230;].<\/span><\/p>\n<p>No vitral maior, na torre da igreja, representei um enorme c\u00edrculo, <\/span><a title=\"Vitrais da Igreja de Queijas\" href=\"https:\/\/paroquiaqueijas.net\/portal\/wp-content\/uploads\/2011\/05\/Vitrais03.jpg\" target=\"_blank\"><img decoding=\"async\" style=\"margin: 0px 0px 0px 9px; float: right;\" src=\"https:\/\/paroquiaqueijas.net\/portal\/wp-content\/uploads\/2011\/05\/Vitrais03.jpg\" alt=\"Vitrais03\" width=\"135\" height=\"240\" \/><\/a><\/span>como s\u00edmbolo da Plenitude Divina, como Consci\u00eancia Superior expandindo-se em c\u00edrculos conc\u00eantricos, em ondas, numa imagem que tamb\u00e9m poder\u00e1 ser interpretada como expans\u00e3o da F\u00e9 e da Verdade Divina. Por outro lado, tirando partido da assimetria do vitral na parte inferior, criei um ritmo de verticais, que poder\u00e3o ser associadas a um c\u00e1lice, com a marca\u00e7\u00e3o do p\u00e9 e da base e, tamb\u00e9m, da ta\u00e7a superior. Neste caso, o c\u00edrculo simbolizaria a Sagrada H\u00f3stia. Esta segunda simbologia ser\u00e1 mais evidente para quem descubra que representei uma cruz mais clara sobre os c\u00edrculos conc\u00eantricos. Ali\u00e1s, nestas inten\u00e7\u00f5es procurei ser subtil e n\u00e3o impor uma \u00fanica vis\u00e3o espiritual, porque entendo que elas se completam e se refor\u00e7am, para quem as saiba descobrir e entender.<\/span><\/p>\n<p>Mesmo para quem veja neste vitral uma simples tem\u00e1tica c\u00f3smica, como met\u00e1fora da expans\u00e3o do Universo, tamb\u00e9m ela faria aqui algum sentido, embora a marca\u00e7\u00e3o da cruz que corta os c\u00edrculos lhe confira, quer se queira, quer n\u00e3o, um significado inequivocamente crist\u00e3o.<\/span><\/span><\/p>\n<p>O simbolismo do vitral junto ao baptist\u00e9rio <a title=\"Vitrais da Igreja de Queijas\" href=\"https:\/\/paroquiaqueijas.net\/portal\/wp-content\/uploads\/2011\/05\/Vitrais11.jpg\" target=\"_blank\"><img loading=\"lazy\" decoding=\"async\" style=\"margin: 0px 0px 0px 9px; float: right;\" src=\"https:\/\/paroquiaqueijas.net\/portal\/wp-content\/uploads\/2011\/05\/Vitrais11.jpg\" alt=\"Vitrais11\" width=\"168\" height=\"112\" \/><\/a>\u00e9 por demais evidente, baseado na \u00e1gua do Baptismo e num sentido c\u00f3smico, que julgo ser evidente ao representar um sol no centro, em expans\u00e3o e ainda um arco-\u00edris, uma nuvem, a \u00e1gua da chuva e em baixo a \u00e1gua do mar ou de um lago, cuja ondula\u00e7\u00e3o acompanha harmoniosamente o movimento de um fluxo solar.<\/span><\/p>\n<p>Finalmente, o vitral na entrada da igreja. [&#8230;] Os dois temas simb\u00f3licos principais: o Fogo (a F\u00e9) e o c\u00edrculo como sua expans\u00e3o, ou ainda como expans\u00e3o da Consci\u00eancia Divina.<\/span><\/p>\n<p>Como subtemas deste \u00faltimo vitral deve <\/span><a title=\"Vitrais da Igreja de Queijas\" href=\"https:\/\/paroquiaqueijas.net\/portal\/wp-content\/uploads\/2011\/05\/vitrais22.jpg\" target=\"_blank\"><img loading=\"lazy\" decoding=\"async\" style=\"margin: 9px 0px 0px 9px; float: right;\" src=\"https:\/\/paroquiaqueijas.net\/portal\/wp-content\/uploads\/2011\/05\/vitrais22.jpg\" alt=\"vitrais22\" width=\"272\" height=\"146\" \/><\/a><\/span>ainda ser referida uma sucess\u00e3o de tri\u00e2ngulos, que crescem de baixo para cima e para o centro, como met\u00e1fora do crescimento interior. Obviamente, o tri\u00e2ngulo poder\u00e1 ser sempre interpretado como s\u00edmbolo da Trindade, mas prefiro a simbologia anterior, dado o seu sentido ascensional e de evolu\u00e7\u00e3o para a luz. Por \u00faltimo temos a espiral como s\u00edmbolo do crescimento da vida e, por acr\u00e9scimo, como desenvolvimento do esp\u00edrito, tanto mais que ela se encontra inscrita no<\/span><\/span> interior do c\u00edrculo maior, aonde foi simbolizada a <\/span><\/span>Consci\u00eancia Divina.<\/span><\/p>\n<p>Em termos pl\u00e1sticos, a composi\u00e7\u00e3o deste \u00faltimo vitral, embora fortemente centrada, tamb\u00e9m se exprime pela invers\u00e3o sim<\/span><\/span>\u00e9trica das faixas horizontais, que terminam em pontas de chamas. Esta simetria\/assimetria cria uma din\u00e2mica muito particular de rota\u00e7\u00e3o sobre o centro do c\u00edrculo, como se se tratasse de um sol girando sobre si mesmo, expelindo energia do centro para a periferia. N\u00e3o ser\u00e1 a expans\u00e3o da verdadeira F\u00e9 e o sentido pastoral da Igreja isso mesmo, <\/span><\/span>um movimento centr\u00edfugo, expandindo-se de dentro para fora?<\/span><\/p>\n<p style=\"text-align: right;\"><span style=\"font-size: 8pt;\">Fevereiro de 2000<\/span><span style=\"font-size: 8pt;\"><br \/>Eduardo Nery<\/span><\/p>\n","protected":false},"excerpt":{"rendered":"<p>O programa iconogr\u00e1fico dos cinco vitrais de Queijas foi estruturado por mim pr\u00f3prio, sem a interven\u00e7\u00e3o do p\u00e1roco da Igreja. [&hellip;]<\/p>\n","protected":false},"author":1,"featured_media":262,"comment_status":"open","ping_status":"open","sticky":false,"template":"","format":"standard","meta":{"site-sidebar-layout":"default","site-content-layout":"","ast-site-content-layout":"default","site-content-style":"default","site-sidebar-style":"default","ast-global-header-display":"","ast-banner-title-visibility":"","ast-main-header-display":"","ast-hfb-above-header-display":"","ast-hfb-below-header-display":"","ast-hfb-mobile-header-display":"","site-post-title":"","ast-breadcrumbs-content":"","ast-featured-img":"","footer-sml-layout":"","ast-disable-related-posts":"","theme-transparent-header-meta":"","adv-header-id-meta":"","stick-header-meta":"","header-above-stick-meta":"","header-main-stick-meta":"","header-below-stick-meta":"","astra-migrate-meta-layouts":"default","ast-page-background-enabled":"default","ast-page-background-meta":{"desktop":{"background-color":"var(--ast-global-color-5)","background-image":"","background-repeat":"repeat","background-position":"center center","background-size":"auto","background-attachment":"scroll","background-type":"","background-media":"","overlay-type":"","overlay-color":"","overlay-opacity":"","overlay-gradient":""},"tablet":{"background-color":"","background-image":"","background-repeat":"repeat","background-position":"center center","background-size":"auto","background-attachment":"scroll","background-type":"","background-media":"","overlay-type":"","overlay-color":"","overlay-opacity":"","overlay-gradient":""},"mobile":{"background-color":"","background-image":"","background-repeat":"repeat","background-position":"center center","background-size":"auto","background-attachment":"scroll","background-type":"","background-media":"","overlay-type":"","overlay-color":"","overlay-opacity":"","overlay-gradient":""}},"ast-content-background-meta":{"desktop":{"background-color":"var(--ast-global-color-4)","background-image":"","background-repeat":"repeat","background-position":"center center","background-size":"auto","background-attachment":"scroll","background-type":"","background-media":"","overlay-type":"","overlay-color":"","overlay-opacity":"","overlay-gradient":""},"tablet":{"background-color":"var(--ast-global-color-4)","background-image":"","background-repeat":"repeat","background-position":"center center","background-size":"auto","background-attachment":"scroll","background-type":"","background-media":"","overlay-type":"","overlay-color":"","overlay-opacity":"","overlay-gradient":""},"mobile":{"background-color":"var(--ast-global-color-4)","background-image":"","background-repeat":"repeat","background-position":"center center","background-size":"auto","background-attachment":"scroll","background-type":"","background-media":"","overlay-type":"","overlay-color":"","overlay-opacity":"","overlay-gradient":""}},"footnotes":""},"categories":[34],"tags":[],"class_list":["post-267","post","type-post","status-publish","format-standard","has-post-thumbnail","hentry","category-igreja-de-queijas"],"yoast_head":"<!-- This site is optimized with the Yoast SEO plugin v27.4 - https:\/\/yoast.com\/product\/yoast-seo-wordpress\/ -->\n<title>Vitrais da Igreja de Queijas - Paroquia de Queijas<\/title>\n<meta name=\"robots\" content=\"index, follow, max-snippet:-1, max-image-preview:large, max-video-preview:-1\" \/>\n<link rel=\"canonical\" href=\"https:\/\/paroquiaqueijas.net\/portal\/vitrais-da-igreja-de-queijas\/\" \/>\n<meta property=\"og:locale\" content=\"pt_PT\" \/>\n<meta property=\"og:type\" content=\"article\" \/>\n<meta property=\"og:title\" content=\"Vitrais da Igreja de Queijas - Paroquia de Queijas\" \/>\n<meta property=\"og:description\" content=\"O programa iconogr\u00e1fico dos cinco vitrais de Queijas foi estruturado por mim pr\u00f3prio, sem a interven\u00e7\u00e3o do p\u00e1roco da Igreja. [&hellip;]\" \/>\n<meta property=\"og:url\" content=\"https:\/\/paroquiaqueijas.net\/portal\/vitrais-da-igreja-de-queijas\/\" \/>\n<meta property=\"og:site_name\" content=\"Paroquia de Queijas\" \/>\n<meta property=\"article:publisher\" content=\"https:\/\/www.facebook.com\/paroquiaqueijas\/\" \/>\n<meta property=\"article:published_time\" content=\"2011-05-05T15:13:59+00:00\" \/>\n<meta property=\"article:modified_time\" content=\"2026-03-21T15:41:43+00:00\" \/>\n<meta property=\"og:image\" content=\"https:\/\/paroquiaqueijas.net\/portal\/wp-content\/uploads\/2011\/05\/nery5.jpg\" \/>\n\t<meta property=\"og:image:width\" content=\"320\" \/>\n\t<meta property=\"og:image:height\" content=\"234\" \/>\n\t<meta property=\"og:image:type\" content=\"image\/jpeg\" \/>\n<meta name=\"author\" content=\"Paroquia de Queijas\" \/>\n<meta name=\"twitter:card\" content=\"summary_large_image\" \/>\n<meta name=\"twitter:label1\" content=\"Escrito por\" \/>\n\t<meta name=\"twitter:data1\" content=\"Paroquia de Queijas\" \/>\n\t<meta name=\"twitter:label2\" content=\"Tempo estimado de leitura\" \/>\n\t<meta name=\"twitter:data2\" content=\"3 minutos\" \/>\n<script type=\"application\/ld+json\" class=\"yoast-schema-graph\">{\"@context\":\"https:\\\/\\\/schema.org\",\"@graph\":[{\"@type\":\"Article\",\"@id\":\"https:\\\/\\\/paroquiaqueijas.net\\\/portal\\\/vitrais-da-igreja-de-queijas\\\/#article\",\"isPartOf\":{\"@id\":\"https:\\\/\\\/paroquiaqueijas.net\\\/portal\\\/vitrais-da-igreja-de-queijas\\\/\"},\"author\":{\"name\":\"Paroquia de Queijas\",\"@id\":\"https:\\\/\\\/paroquiaqueijas.net\\\/portal\\\/#\\\/schema\\\/person\\\/07bb4cce216326e06b6f742b719ebec7\"},\"headline\":\"Vitrais da Igreja de Queijas\",\"datePublished\":\"2011-05-05T15:13:59+00:00\",\"dateModified\":\"2026-03-21T15:41:43+00:00\",\"mainEntityOfPage\":{\"@id\":\"https:\\\/\\\/paroquiaqueijas.net\\\/portal\\\/vitrais-da-igreja-de-queijas\\\/\"},\"wordCount\":690,\"commentCount\":0,\"publisher\":{\"@id\":\"https:\\\/\\\/paroquiaqueijas.net\\\/portal\\\/#organization\"},\"image\":{\"@id\":\"https:\\\/\\\/paroquiaqueijas.net\\\/portal\\\/vitrais-da-igreja-de-queijas\\\/#primaryimage\"},\"thumbnailUrl\":\"https:\\\/\\\/paroquiaqueijas.net\\\/portal\\\/wp-content\\\/uploads\\\/2011\\\/05\\\/nery5.jpg\",\"articleSection\":[\"Igreja de Queijas\"],\"inLanguage\":\"pt-PT\",\"potentialAction\":[{\"@type\":\"CommentAction\",\"name\":\"Comment\",\"target\":[\"https:\\\/\\\/paroquiaqueijas.net\\\/portal\\\/vitrais-da-igreja-de-queijas\\\/#respond\"]}]},{\"@type\":\"WebPage\",\"@id\":\"https:\\\/\\\/paroquiaqueijas.net\\\/portal\\\/vitrais-da-igreja-de-queijas\\\/\",\"url\":\"https:\\\/\\\/paroquiaqueijas.net\\\/portal\\\/vitrais-da-igreja-de-queijas\\\/\",\"name\":\"Vitrais da Igreja de Queijas - Paroquia de Queijas\",\"isPartOf\":{\"@id\":\"https:\\\/\\\/paroquiaqueijas.net\\\/portal\\\/#website\"},\"primaryImageOfPage\":{\"@id\":\"https:\\\/\\\/paroquiaqueijas.net\\\/portal\\\/vitrais-da-igreja-de-queijas\\\/#primaryimage\"},\"image\":{\"@id\":\"https:\\\/\\\/paroquiaqueijas.net\\\/portal\\\/vitrais-da-igreja-de-queijas\\\/#primaryimage\"},\"thumbnailUrl\":\"https:\\\/\\\/paroquiaqueijas.net\\\/portal\\\/wp-content\\\/uploads\\\/2011\\\/05\\\/nery5.jpg\",\"datePublished\":\"2011-05-05T15:13:59+00:00\",\"dateModified\":\"2026-03-21T15:41:43+00:00\",\"breadcrumb\":{\"@id\":\"https:\\\/\\\/paroquiaqueijas.net\\\/portal\\\/vitrais-da-igreja-de-queijas\\\/#breadcrumb\"},\"inLanguage\":\"pt-PT\",\"potentialAction\":[{\"@type\":\"ReadAction\",\"target\":[\"https:\\\/\\\/paroquiaqueijas.net\\\/portal\\\/vitrais-da-igreja-de-queijas\\\/\"]}]},{\"@type\":\"ImageObject\",\"inLanguage\":\"pt-PT\",\"@id\":\"https:\\\/\\\/paroquiaqueijas.net\\\/portal\\\/vitrais-da-igreja-de-queijas\\\/#primaryimage\",\"url\":\"https:\\\/\\\/paroquiaqueijas.net\\\/portal\\\/wp-content\\\/uploads\\\/2011\\\/05\\\/nery5.jpg\",\"contentUrl\":\"https:\\\/\\\/paroquiaqueijas.net\\\/portal\\\/wp-content\\\/uploads\\\/2011\\\/05\\\/nery5.jpg\",\"width\":320,\"height\":234,\"caption\":\"nery5\"},{\"@type\":\"BreadcrumbList\",\"@id\":\"https:\\\/\\\/paroquiaqueijas.net\\\/portal\\\/vitrais-da-igreja-de-queijas\\\/#breadcrumb\",\"itemListElement\":[{\"@type\":\"ListItem\",\"position\":1,\"name\":\"In\u00edcio\",\"item\":\"https:\\\/\\\/paroquiaqueijas.net\\\/portal\\\/\"},{\"@type\":\"ListItem\",\"position\":2,\"name\":\"Vitrais da Igreja de Queijas\"}]},{\"@type\":\"WebSite\",\"@id\":\"https:\\\/\\\/paroquiaqueijas.net\\\/portal\\\/#website\",\"url\":\"https:\\\/\\\/paroquiaqueijas.net\\\/portal\\\/\",\"name\":\"Paroquia de Queijas\",\"description\":\"\",\"publisher\":{\"@id\":\"https:\\\/\\\/paroquiaqueijas.net\\\/portal\\\/#organization\"},\"potentialAction\":[{\"@type\":\"SearchAction\",\"target\":{\"@type\":\"EntryPoint\",\"urlTemplate\":\"https:\\\/\\\/paroquiaqueijas.net\\\/portal\\\/?s={search_term_string}\"},\"query-input\":{\"@type\":\"PropertyValueSpecification\",\"valueRequired\":true,\"valueName\":\"search_term_string\"}}],\"inLanguage\":\"pt-PT\"},{\"@type\":\"Organization\",\"@id\":\"https:\\\/\\\/paroquiaqueijas.net\\\/portal\\\/#organization\",\"name\":\"Paroquia de Queijas\",\"url\":\"https:\\\/\\\/paroquiaqueijas.net\\\/portal\\\/\",\"logo\":{\"@type\":\"ImageObject\",\"inLanguage\":\"pt-PT\",\"@id\":\"https:\\\/\\\/paroquiaqueijas.net\\\/portal\\\/#\\\/schema\\\/logo\\\/image\\\/\",\"url\":\"https:\\\/\\\/paroquiaqueijas.net\\\/portal\\\/wp-content\\\/uploads\\\/2026\\\/03\\\/LogoQueijas_novo.png\",\"contentUrl\":\"https:\\\/\\\/paroquiaqueijas.net\\\/portal\\\/wp-content\\\/uploads\\\/2026\\\/03\\\/LogoQueijas_novo.png\",\"width\":520,\"height\":519,\"caption\":\"Paroquia de Queijas\"},\"image\":{\"@id\":\"https:\\\/\\\/paroquiaqueijas.net\\\/portal\\\/#\\\/schema\\\/logo\\\/image\\\/\"},\"sameAs\":[\"https:\\\/\\\/www.facebook.com\\\/paroquiaqueijas\\\/\"]},{\"@type\":\"Person\",\"@id\":\"https:\\\/\\\/paroquiaqueijas.net\\\/portal\\\/#\\\/schema\\\/person\\\/07bb4cce216326e06b6f742b719ebec7\",\"name\":\"Paroquia de Queijas\",\"image\":{\"@type\":\"ImageObject\",\"inLanguage\":\"pt-PT\",\"@id\":\"https:\\\/\\\/secure.gravatar.com\\\/avatar\\\/5054571ff5d2454cd50657fc4e61d0c32d7a5d0d3b36ef6c0f6e269276d13618?s=96&d=mm&r=g\",\"url\":\"https:\\\/\\\/secure.gravatar.com\\\/avatar\\\/5054571ff5d2454cd50657fc4e61d0c32d7a5d0d3b36ef6c0f6e269276d13618?s=96&d=mm&r=g\",\"contentUrl\":\"https:\\\/\\\/secure.gravatar.com\\\/avatar\\\/5054571ff5d2454cd50657fc4e61d0c32d7a5d0d3b36ef6c0f6e269276d13618?s=96&d=mm&r=g\",\"caption\":\"Paroquia de Queijas\"},\"sameAs\":[\"https:\\\/\\\/paroquiaqueijas.net\\\/site\"],\"url\":\"https:\\\/\\\/paroquiaqueijas.net\\\/portal\\\/author\\\/admin1\\\/\"}]}<\/script>\n<!-- \/ Yoast SEO plugin. -->","yoast_head_json":{"title":"Vitrais da Igreja de Queijas - Paroquia de Queijas","robots":{"index":"index","follow":"follow","max-snippet":"max-snippet:-1","max-image-preview":"max-image-preview:large","max-video-preview":"max-video-preview:-1"},"canonical":"https:\/\/paroquiaqueijas.net\/portal\/vitrais-da-igreja-de-queijas\/","og_locale":"pt_PT","og_type":"article","og_title":"Vitrais da Igreja de Queijas - Paroquia de Queijas","og_description":"O programa iconogr\u00e1fico dos cinco vitrais de Queijas foi estruturado por mim pr\u00f3prio, sem a interven\u00e7\u00e3o do p\u00e1roco da Igreja. [&hellip;]","og_url":"https:\/\/paroquiaqueijas.net\/portal\/vitrais-da-igreja-de-queijas\/","og_site_name":"Paroquia de Queijas","article_publisher":"https:\/\/www.facebook.com\/paroquiaqueijas\/","article_published_time":"2011-05-05T15:13:59+00:00","article_modified_time":"2026-03-21T15:41:43+00:00","og_image":[{"width":320,"height":234,"url":"https:\/\/paroquiaqueijas.net\/portal\/wp-content\/uploads\/2011\/05\/nery5.jpg","type":"image\/jpeg"}],"author":"Paroquia de Queijas","twitter_card":"summary_large_image","twitter_misc":{"Escrito por":"Paroquia de Queijas","Tempo estimado de leitura":"3 minutos"},"schema":{"@context":"https:\/\/schema.org","@graph":[{"@type":"Article","@id":"https:\/\/paroquiaqueijas.net\/portal\/vitrais-da-igreja-de-queijas\/#article","isPartOf":{"@id":"https:\/\/paroquiaqueijas.net\/portal\/vitrais-da-igreja-de-queijas\/"},"author":{"name":"Paroquia de Queijas","@id":"https:\/\/paroquiaqueijas.net\/portal\/#\/schema\/person\/07bb4cce216326e06b6f742b719ebec7"},"headline":"Vitrais da Igreja de Queijas","datePublished":"2011-05-05T15:13:59+00:00","dateModified":"2026-03-21T15:41:43+00:00","mainEntityOfPage":{"@id":"https:\/\/paroquiaqueijas.net\/portal\/vitrais-da-igreja-de-queijas\/"},"wordCount":690,"commentCount":0,"publisher":{"@id":"https:\/\/paroquiaqueijas.net\/portal\/#organization"},"image":{"@id":"https:\/\/paroquiaqueijas.net\/portal\/vitrais-da-igreja-de-queijas\/#primaryimage"},"thumbnailUrl":"https:\/\/paroquiaqueijas.net\/portal\/wp-content\/uploads\/2011\/05\/nery5.jpg","articleSection":["Igreja de Queijas"],"inLanguage":"pt-PT","potentialAction":[{"@type":"CommentAction","name":"Comment","target":["https:\/\/paroquiaqueijas.net\/portal\/vitrais-da-igreja-de-queijas\/#respond"]}]},{"@type":"WebPage","@id":"https:\/\/paroquiaqueijas.net\/portal\/vitrais-da-igreja-de-queijas\/","url":"https:\/\/paroquiaqueijas.net\/portal\/vitrais-da-igreja-de-queijas\/","name":"Vitrais da Igreja de Queijas - Paroquia de Queijas","isPartOf":{"@id":"https:\/\/paroquiaqueijas.net\/portal\/#website"},"primaryImageOfPage":{"@id":"https:\/\/paroquiaqueijas.net\/portal\/vitrais-da-igreja-de-queijas\/#primaryimage"},"image":{"@id":"https:\/\/paroquiaqueijas.net\/portal\/vitrais-da-igreja-de-queijas\/#primaryimage"},"thumbnailUrl":"https:\/\/paroquiaqueijas.net\/portal\/wp-content\/uploads\/2011\/05\/nery5.jpg","datePublished":"2011-05-05T15:13:59+00:00","dateModified":"2026-03-21T15:41:43+00:00","breadcrumb":{"@id":"https:\/\/paroquiaqueijas.net\/portal\/vitrais-da-igreja-de-queijas\/#breadcrumb"},"inLanguage":"pt-PT","potentialAction":[{"@type":"ReadAction","target":["https:\/\/paroquiaqueijas.net\/portal\/vitrais-da-igreja-de-queijas\/"]}]},{"@type":"ImageObject","inLanguage":"pt-PT","@id":"https:\/\/paroquiaqueijas.net\/portal\/vitrais-da-igreja-de-queijas\/#primaryimage","url":"https:\/\/paroquiaqueijas.net\/portal\/wp-content\/uploads\/2011\/05\/nery5.jpg","contentUrl":"https:\/\/paroquiaqueijas.net\/portal\/wp-content\/uploads\/2011\/05\/nery5.jpg","width":320,"height":234,"caption":"nery5"},{"@type":"BreadcrumbList","@id":"https:\/\/paroquiaqueijas.net\/portal\/vitrais-da-igreja-de-queijas\/#breadcrumb","itemListElement":[{"@type":"ListItem","position":1,"name":"In\u00edcio","item":"https:\/\/paroquiaqueijas.net\/portal\/"},{"@type":"ListItem","position":2,"name":"Vitrais da Igreja de Queijas"}]},{"@type":"WebSite","@id":"https:\/\/paroquiaqueijas.net\/portal\/#website","url":"https:\/\/paroquiaqueijas.net\/portal\/","name":"Paroquia de Queijas","description":"","publisher":{"@id":"https:\/\/paroquiaqueijas.net\/portal\/#organization"},"potentialAction":[{"@type":"SearchAction","target":{"@type":"EntryPoint","urlTemplate":"https:\/\/paroquiaqueijas.net\/portal\/?s={search_term_string}"},"query-input":{"@type":"PropertyValueSpecification","valueRequired":true,"valueName":"search_term_string"}}],"inLanguage":"pt-PT"},{"@type":"Organization","@id":"https:\/\/paroquiaqueijas.net\/portal\/#organization","name":"Paroquia de Queijas","url":"https:\/\/paroquiaqueijas.net\/portal\/","logo":{"@type":"ImageObject","inLanguage":"pt-PT","@id":"https:\/\/paroquiaqueijas.net\/portal\/#\/schema\/logo\/image\/","url":"https:\/\/paroquiaqueijas.net\/portal\/wp-content\/uploads\/2026\/03\/LogoQueijas_novo.png","contentUrl":"https:\/\/paroquiaqueijas.net\/portal\/wp-content\/uploads\/2026\/03\/LogoQueijas_novo.png","width":520,"height":519,"caption":"Paroquia de Queijas"},"image":{"@id":"https:\/\/paroquiaqueijas.net\/portal\/#\/schema\/logo\/image\/"},"sameAs":["https:\/\/www.facebook.com\/paroquiaqueijas\/"]},{"@type":"Person","@id":"https:\/\/paroquiaqueijas.net\/portal\/#\/schema\/person\/07bb4cce216326e06b6f742b719ebec7","name":"Paroquia de Queijas","image":{"@type":"ImageObject","inLanguage":"pt-PT","@id":"https:\/\/secure.gravatar.com\/avatar\/5054571ff5d2454cd50657fc4e61d0c32d7a5d0d3b36ef6c0f6e269276d13618?s=96&d=mm&r=g","url":"https:\/\/secure.gravatar.com\/avatar\/5054571ff5d2454cd50657fc4e61d0c32d7a5d0d3b36ef6c0f6e269276d13618?s=96&d=mm&r=g","contentUrl":"https:\/\/secure.gravatar.com\/avatar\/5054571ff5d2454cd50657fc4e61d0c32d7a5d0d3b36ef6c0f6e269276d13618?s=96&d=mm&r=g","caption":"Paroquia de Queijas"},"sameAs":["https:\/\/paroquiaqueijas.net\/site"],"url":"https:\/\/paroquiaqueijas.net\/portal\/author\/admin1\/"}]}},"_links":{"self":[{"href":"https:\/\/paroquiaqueijas.net\/portal\/wp-json\/wp\/v2\/posts\/267","targetHints":{"allow":["GET"]}}],"collection":[{"href":"https:\/\/paroquiaqueijas.net\/portal\/wp-json\/wp\/v2\/posts"}],"about":[{"href":"https:\/\/paroquiaqueijas.net\/portal\/wp-json\/wp\/v2\/types\/post"}],"author":[{"embeddable":true,"href":"https:\/\/paroquiaqueijas.net\/portal\/wp-json\/wp\/v2\/users\/1"}],"replies":[{"embeddable":true,"href":"https:\/\/paroquiaqueijas.net\/portal\/wp-json\/wp\/v2\/comments?post=267"}],"version-history":[{"count":1,"href":"https:\/\/paroquiaqueijas.net\/portal\/wp-json\/wp\/v2\/posts\/267\/revisions"}],"predecessor-version":[{"id":2853,"href":"https:\/\/paroquiaqueijas.net\/portal\/wp-json\/wp\/v2\/posts\/267\/revisions\/2853"}],"wp:featuredmedia":[{"embeddable":true,"href":"https:\/\/paroquiaqueijas.net\/portal\/wp-json\/wp\/v2\/media\/262"}],"wp:attachment":[{"href":"https:\/\/paroquiaqueijas.net\/portal\/wp-json\/wp\/v2\/media?parent=267"}],"wp:term":[{"taxonomy":"category","embeddable":true,"href":"https:\/\/paroquiaqueijas.net\/portal\/wp-json\/wp\/v2\/categories?post=267"},{"taxonomy":"post_tag","embeddable":true,"href":"https:\/\/paroquiaqueijas.net\/portal\/wp-json\/wp\/v2\/tags?post=267"}],"curies":[{"name":"wp","href":"https:\/\/api.w.org\/{rel}","templated":true}]}}