{"id":296,"date":"2011-06-06T13:33:49","date_gmt":"2011-06-06T13:33:49","guid":{"rendered":"https:\/\/paroquiaqueijas.net\/site\/?p=296"},"modified":"2026-03-21T15:41:43","modified_gmt":"2026-03-21T15:41:43","slug":"envia-o-teu-espirito-senhor","status":"publish","type":"post","link":"https:\/\/paroquiaqueijas.net\/portal\/envia-o-teu-espirito-senhor\/","title":{"rendered":"Envia o teu Esp\u00edrito, Senhor"},"content":{"rendered":"<p><strong>Envia o teu Esp\u00edrito, Senhor!<\/span><\/strong><br \/>\n<strong>1. Senhor, envia o teu Esp\u00edrito sobre o Mundo!<\/span><\/strong><br \/>Que o seu sopro d\u00ea \u00e0 nossa terra envelhecida uma nova frescura.<\/span><br \/>Que a sua claridade dissipe todas as trevas dos cora\u00e7\u00f5es humanos.<\/span><\/span><\/p>\n<p>Que o seu fogo purifique os grandes projectos do povos.<\/span><br \/>Que a sua for\u00e7a mova os c\u00e9pticos e os desiludidos.<\/span><\/span><\/p>\n<p>Que a sua paz des\u00e7a obre as almas atribuladas.<\/span><br \/>Que o seu amor reanime a vida adormecida ou agonizante.<img decoding=\"async\" class=\" alignright size-full wp-image-294\" style=\"margin: 0px; float: right;\" alt=\"Esp106\" src=\"https:\/\/paroquiaqueijas.net\/portal\/wp-content\/uploads\/2011\/06\/Esp106.png\" width=\"151\" height=\"239\" \/><\/span><\/p>\n<p><strong>2. Senhor, envia o teu Esp\u00edrito sobre a Igreja!<\/span><\/strong><br \/>Que Ele seja<\/span><br \/>\u2013 o Defensor das testemunhas do Evangelho,<\/span><br \/>\u2013 o Fermento vigoroso da Unidade,<\/span><br \/>\u2013 o Inspirador de toda a Comunh\u00e3o,<\/span><br \/>\u2013 o Promotor infatig\u00e1vel duma verdadeira Liberdade.<\/span><\/p>\n<p>Que Ele abra a todos os crist\u00e3os o tesouro dos seus Dons,<\/span><br \/>para que cada um encontre o seu lugar <br \/>na constru\u00e7\u00e3o do Corpo de Cristo.<\/span><\/span><\/p>\n<p>Que Ele guie os que desejam novos caminhos<\/span><br \/>e empreendem com aud\u00e1cia o seu trabalho de profetas.<\/span><\/span><\/p>\n<p>Que Ele mostre, aos que olham para tr\u00e1s, <br \/>as maravilhas despercebidas no horizonte.<\/span><\/span><\/p>\n<p>Que Ele seja ainda para todos o Esp\u00edrito da promessa.<\/span><\/p>\n<p><strong>3. Senhor, envia o teu Esp\u00edrito sobre n\u00f3s!<\/span><\/strong><br \/>Tu sabes melhor do que cada um, o que existe no fundo dos nossos desejos,<\/span><br \/>dos nossos apelos, dos nossos pedidos e dos nossos gritos.<\/span><\/p>\n<p>Tu conheces as nossas resist\u00eancias,<\/span><br \/>as nossas cobardias e os nossos fracassos.<img decoding=\"async\" class=\" alignright size-full wp-image-295\" style=\"margin: 0px; float: right;\" alt=\"Esp046\" src=\"https:\/\/paroquiaqueijas.net\/portal\/wp-content\/uploads\/2011\/06\/Esp046.jpg\" width=\"188\" height=\"220\" \/><\/span><\/p>\n<p>Tu conheces tamb\u00e9m a nossa fome de verdade<\/span><br \/>e esta sede de Ti que nos invade a alma.<\/span><\/p>\n<p>Que o teu Amor se antecipe \u00e0 nossa ora\u00e7\u00e3o<\/span><br \/>para nos encher de todo o dom perfeito.<\/span><\/p>\n<p>D\u00e1-nos o teu Esp\u00edrito.<\/span><br \/>Que Ele realize na nossa vida<\/span><br \/>a obra imensa de Jesus, teu Filho.<\/span><\/p>\n<p><em>Ora\u00e7\u00e3o: <\/em>Deus, nosso Pai, concede ao teu Povo,<\/span><br \/>a for\u00e7a suficiente para se deixar conduzir pelo teu Esp\u00edrito<\/span><br \/>no meio dum Mundo que espera os sinais do teu Amor.<\/span><br \/>Por Jesus Cristo, Senhor nosso.<\/span><\/p>\n<p><span style=\"font-size: 8pt;\">(Jean-Yves Quellec, &#8220;Dieu nous prend en chemin&#8221;, in<em> Le Centurion<\/em> (trad. LM)<\/span><\/p>\n","protected":false},"excerpt":{"rendered":"<p>Envia o teu Esp\u00edrito, Senhor! 1. Senhor, envia o teu Esp\u00edrito sobre o Mundo!Que o seu sopro d\u00ea \u00e0 nossa [&hellip;]<\/p>\n","protected":false},"author":1,"featured_media":294,"comment_status":"open","ping_status":"open","sticky":false,"template":"","format":"standard","meta":{"site-sidebar-layout":"default","site-content-layout":"","ast-site-content-layout":"default","site-content-style":"default","site-sidebar-style":"default","ast-global-header-display":"","ast-banner-title-visibility":"","ast-main-header-display":"","ast-hfb-above-header-display":"","ast-hfb-below-header-display":"","ast-hfb-mobile-header-display":"","site-post-title":"","ast-breadcrumbs-content":"","ast-featured-img":"","footer-sml-layout":"","ast-disable-related-posts":"","theme-transparent-header-meta":"","adv-header-id-meta":"","stick-header-meta":"","header-above-stick-meta":"","header-main-stick-meta":"","header-below-stick-meta":"","astra-migrate-meta-layouts":"default","ast-page-background-enabled":"default","ast-page-background-meta":{"desktop":{"background-color":"var(--ast-global-color-5)","background-image":"","background-repeat":"repeat","background-position":"center center","background-size":"auto","background-attachment":"scroll","background-type":"","background-media":"","overlay-type":"","overlay-color":"","overlay-opacity":"","overlay-gradient":""},"tablet":{"background-color":"","background-image":"","background-repeat":"repeat","background-position":"center center","background-size":"auto","background-attachment":"scroll","background-type":"","background-media":"","overlay-type":"","overlay-color":"","overlay-opacity":"","overlay-gradient":""},"mobile":{"background-color":"","background-image":"","background-repeat":"repeat","background-position":"center center","background-size":"auto","background-attachment":"scroll","background-type":"","background-media":"","overlay-type":"","overlay-color":"","overlay-opacity":"","overlay-gradient":""}},"ast-content-background-meta":{"desktop":{"background-color":"var(--ast-global-color-4)","background-image":"","background-repeat":"repeat","background-position":"center center","background-size":"auto","background-attachment":"scroll","background-type":"","background-media":"","overlay-type":"","overlay-color":"","overlay-opacity":"","overlay-gradient":""},"tablet":{"background-color":"var(--ast-global-color-4)","background-image":"","background-repeat":"repeat","background-position":"center center","background-size":"auto","background-attachment":"scroll","background-type":"","background-media":"","overlay-type":"","overlay-color":"","overlay-opacity":"","overlay-gradient":""},"mobile":{"background-color":"var(--ast-global-color-4)","background-image":"","background-repeat":"repeat","background-position":"center center","background-size":"auto","background-attachment":"scroll","background-type":"","background-media":"","overlay-type":"","overlay-color":"","overlay-opacity":"","overlay-gradient":""}},"footnotes":""},"categories":[28],"tags":[],"class_list":["post-296","post","type-post","status-publish","format-standard","has-post-thumbnail","hentry","category-espirito-santo"],"yoast_head":"<!-- This site is optimized with the Yoast SEO plugin v27.4 - https:\/\/yoast.com\/product\/yoast-seo-wordpress\/ -->\n<title>Envia o teu Esp\u00edrito, Senhor - Paroquia de Queijas<\/title>\n<meta name=\"robots\" content=\"index, follow, max-snippet:-1, max-image-preview:large, max-video-preview:-1\" \/>\n<link rel=\"canonical\" href=\"https:\/\/paroquiaqueijas.net\/portal\/envia-o-teu-espirito-senhor\/\" \/>\n<meta property=\"og:locale\" content=\"pt_PT\" \/>\n<meta property=\"og:type\" content=\"article\" \/>\n<meta property=\"og:title\" content=\"Envia o teu Esp\u00edrito, Senhor - Paroquia de Queijas\" \/>\n<meta property=\"og:description\" content=\"Envia o teu Esp\u00edrito, Senhor! 1. Senhor, envia o teu Esp\u00edrito sobre o Mundo!Que o seu sopro d\u00ea \u00e0 nossa [&hellip;]\" \/>\n<meta property=\"og:url\" content=\"https:\/\/paroquiaqueijas.net\/portal\/envia-o-teu-espirito-senhor\/\" \/>\n<meta property=\"og:site_name\" content=\"Paroquia de Queijas\" \/>\n<meta property=\"article:publisher\" content=\"https:\/\/www.facebook.com\/paroquiaqueijas\/\" \/>\n<meta property=\"article:published_time\" content=\"2011-06-06T13:33:49+00:00\" \/>\n<meta property=\"article:modified_time\" content=\"2026-03-21T15:41:43+00:00\" \/>\n<meta property=\"og:image\" content=\"https:\/\/paroquiaqueijas.net\/portal\/wp-content\/uploads\/2011\/06\/Esp106.png\" \/>\n\t<meta property=\"og:image:width\" content=\"126\" \/>\n\t<meta property=\"og:image:height\" content=\"200\" \/>\n\t<meta property=\"og:image:type\" content=\"image\/png\" \/>\n<meta name=\"author\" content=\"Paroquia de Queijas\" \/>\n<meta name=\"twitter:card\" content=\"summary_large_image\" \/>\n<meta name=\"twitter:label1\" content=\"Escrito por\" \/>\n\t<meta name=\"twitter:data1\" content=\"Paroquia de Queijas\" \/>\n\t<meta name=\"twitter:label2\" content=\"Tempo estimado de leitura\" \/>\n\t<meta name=\"twitter:data2\" content=\"2 minutos\" \/>\n<script type=\"application\/ld+json\" class=\"yoast-schema-graph\">{\"@context\":\"https:\\\/\\\/schema.org\",\"@graph\":[{\"@type\":\"Article\",\"@id\":\"https:\\\/\\\/paroquiaqueijas.net\\\/portal\\\/envia-o-teu-espirito-senhor\\\/#article\",\"isPartOf\":{\"@id\":\"https:\\\/\\\/paroquiaqueijas.net\\\/portal\\\/envia-o-teu-espirito-senhor\\\/\"},\"author\":{\"name\":\"Paroquia de Queijas\",\"@id\":\"https:\\\/\\\/paroquiaqueijas.net\\\/portal\\\/#\\\/schema\\\/person\\\/07bb4cce216326e06b6f742b719ebec7\"},\"headline\":\"Envia o teu Esp\u00edrito, Senhor\",\"datePublished\":\"2011-06-06T13:33:49+00:00\",\"dateModified\":\"2026-03-21T15:41:43+00:00\",\"mainEntityOfPage\":{\"@id\":\"https:\\\/\\\/paroquiaqueijas.net\\\/portal\\\/envia-o-teu-espirito-senhor\\\/\"},\"wordCount\":345,\"commentCount\":0,\"publisher\":{\"@id\":\"https:\\\/\\\/paroquiaqueijas.net\\\/portal\\\/#organization\"},\"image\":{\"@id\":\"https:\\\/\\\/paroquiaqueijas.net\\\/portal\\\/envia-o-teu-espirito-senhor\\\/#primaryimage\"},\"thumbnailUrl\":\"https:\\\/\\\/paroquiaqueijas.net\\\/portal\\\/wp-content\\\/uploads\\\/2011\\\/06\\\/Esp106.png\",\"articleSection\":[\"Esp\u00edrito Santo\"],\"inLanguage\":\"pt-PT\",\"potentialAction\":[{\"@type\":\"CommentAction\",\"name\":\"Comment\",\"target\":[\"https:\\\/\\\/paroquiaqueijas.net\\\/portal\\\/envia-o-teu-espirito-senhor\\\/#respond\"]}]},{\"@type\":\"WebPage\",\"@id\":\"https:\\\/\\\/paroquiaqueijas.net\\\/portal\\\/envia-o-teu-espirito-senhor\\\/\",\"url\":\"https:\\\/\\\/paroquiaqueijas.net\\\/portal\\\/envia-o-teu-espirito-senhor\\\/\",\"name\":\"Envia o teu Esp\u00edrito, Senhor - Paroquia de Queijas\",\"isPartOf\":{\"@id\":\"https:\\\/\\\/paroquiaqueijas.net\\\/portal\\\/#website\"},\"primaryImageOfPage\":{\"@id\":\"https:\\\/\\\/paroquiaqueijas.net\\\/portal\\\/envia-o-teu-espirito-senhor\\\/#primaryimage\"},\"image\":{\"@id\":\"https:\\\/\\\/paroquiaqueijas.net\\\/portal\\\/envia-o-teu-espirito-senhor\\\/#primaryimage\"},\"thumbnailUrl\":\"https:\\\/\\\/paroquiaqueijas.net\\\/portal\\\/wp-content\\\/uploads\\\/2011\\\/06\\\/Esp106.png\",\"datePublished\":\"2011-06-06T13:33:49+00:00\",\"dateModified\":\"2026-03-21T15:41:43+00:00\",\"breadcrumb\":{\"@id\":\"https:\\\/\\\/paroquiaqueijas.net\\\/portal\\\/envia-o-teu-espirito-senhor\\\/#breadcrumb\"},\"inLanguage\":\"pt-PT\",\"potentialAction\":[{\"@type\":\"ReadAction\",\"target\":[\"https:\\\/\\\/paroquiaqueijas.net\\\/portal\\\/envia-o-teu-espirito-senhor\\\/\"]}]},{\"@type\":\"ImageObject\",\"inLanguage\":\"pt-PT\",\"@id\":\"https:\\\/\\\/paroquiaqueijas.net\\\/portal\\\/envia-o-teu-espirito-senhor\\\/#primaryimage\",\"url\":\"https:\\\/\\\/paroquiaqueijas.net\\\/portal\\\/wp-content\\\/uploads\\\/2011\\\/06\\\/Esp106.png\",\"contentUrl\":\"https:\\\/\\\/paroquiaqueijas.net\\\/portal\\\/wp-content\\\/uploads\\\/2011\\\/06\\\/Esp106.png\",\"width\":126,\"height\":200,\"caption\":\"Esp106\"},{\"@type\":\"BreadcrumbList\",\"@id\":\"https:\\\/\\\/paroquiaqueijas.net\\\/portal\\\/envia-o-teu-espirito-senhor\\\/#breadcrumb\",\"itemListElement\":[{\"@type\":\"ListItem\",\"position\":1,\"name\":\"In\u00edcio\",\"item\":\"https:\\\/\\\/paroquiaqueijas.net\\\/portal\\\/\"},{\"@type\":\"ListItem\",\"position\":2,\"name\":\"Envia o teu Esp\u00edrito, Senhor\"}]},{\"@type\":\"WebSite\",\"@id\":\"https:\\\/\\\/paroquiaqueijas.net\\\/portal\\\/#website\",\"url\":\"https:\\\/\\\/paroquiaqueijas.net\\\/portal\\\/\",\"name\":\"Paroquia de Queijas\",\"description\":\"\",\"publisher\":{\"@id\":\"https:\\\/\\\/paroquiaqueijas.net\\\/portal\\\/#organization\"},\"potentialAction\":[{\"@type\":\"SearchAction\",\"target\":{\"@type\":\"EntryPoint\",\"urlTemplate\":\"https:\\\/\\\/paroquiaqueijas.net\\\/portal\\\/?s={search_term_string}\"},\"query-input\":{\"@type\":\"PropertyValueSpecification\",\"valueRequired\":true,\"valueName\":\"search_term_string\"}}],\"inLanguage\":\"pt-PT\"},{\"@type\":\"Organization\",\"@id\":\"https:\\\/\\\/paroquiaqueijas.net\\\/portal\\\/#organization\",\"name\":\"Paroquia de Queijas\",\"url\":\"https:\\\/\\\/paroquiaqueijas.net\\\/portal\\\/\",\"logo\":{\"@type\":\"ImageObject\",\"inLanguage\":\"pt-PT\",\"@id\":\"https:\\\/\\\/paroquiaqueijas.net\\\/portal\\\/#\\\/schema\\\/logo\\\/image\\\/\",\"url\":\"https:\\\/\\\/paroquiaqueijas.net\\\/portal\\\/wp-content\\\/uploads\\\/2026\\\/03\\\/LogoQueijas_novo.png\",\"contentUrl\":\"https:\\\/\\\/paroquiaqueijas.net\\\/portal\\\/wp-content\\\/uploads\\\/2026\\\/03\\\/LogoQueijas_novo.png\",\"width\":520,\"height\":519,\"caption\":\"Paroquia de Queijas\"},\"image\":{\"@id\":\"https:\\\/\\\/paroquiaqueijas.net\\\/portal\\\/#\\\/schema\\\/logo\\\/image\\\/\"},\"sameAs\":[\"https:\\\/\\\/www.facebook.com\\\/paroquiaqueijas\\\/\"]},{\"@type\":\"Person\",\"@id\":\"https:\\\/\\\/paroquiaqueijas.net\\\/portal\\\/#\\\/schema\\\/person\\\/07bb4cce216326e06b6f742b719ebec7\",\"name\":\"Paroquia de Queijas\",\"image\":{\"@type\":\"ImageObject\",\"inLanguage\":\"pt-PT\",\"@id\":\"https:\\\/\\\/secure.gravatar.com\\\/avatar\\\/5054571ff5d2454cd50657fc4e61d0c32d7a5d0d3b36ef6c0f6e269276d13618?s=96&d=mm&r=g\",\"url\":\"https:\\\/\\\/secure.gravatar.com\\\/avatar\\\/5054571ff5d2454cd50657fc4e61d0c32d7a5d0d3b36ef6c0f6e269276d13618?s=96&d=mm&r=g\",\"contentUrl\":\"https:\\\/\\\/secure.gravatar.com\\\/avatar\\\/5054571ff5d2454cd50657fc4e61d0c32d7a5d0d3b36ef6c0f6e269276d13618?s=96&d=mm&r=g\",\"caption\":\"Paroquia de Queijas\"},\"sameAs\":[\"https:\\\/\\\/paroquiaqueijas.net\\\/site\"],\"url\":\"https:\\\/\\\/paroquiaqueijas.net\\\/portal\\\/author\\\/admin1\\\/\"}]}<\/script>\n<!-- \/ Yoast SEO plugin. -->","yoast_head_json":{"title":"Envia o teu Esp\u00edrito, Senhor - Paroquia de Queijas","robots":{"index":"index","follow":"follow","max-snippet":"max-snippet:-1","max-image-preview":"max-image-preview:large","max-video-preview":"max-video-preview:-1"},"canonical":"https:\/\/paroquiaqueijas.net\/portal\/envia-o-teu-espirito-senhor\/","og_locale":"pt_PT","og_type":"article","og_title":"Envia o teu Esp\u00edrito, Senhor - Paroquia de Queijas","og_description":"Envia o teu Esp\u00edrito, Senhor! 1. Senhor, envia o teu Esp\u00edrito sobre o Mundo!Que o seu sopro d\u00ea \u00e0 nossa [&hellip;]","og_url":"https:\/\/paroquiaqueijas.net\/portal\/envia-o-teu-espirito-senhor\/","og_site_name":"Paroquia de Queijas","article_publisher":"https:\/\/www.facebook.com\/paroquiaqueijas\/","article_published_time":"2011-06-06T13:33:49+00:00","article_modified_time":"2026-03-21T15:41:43+00:00","og_image":[{"width":126,"height":200,"url":"https:\/\/paroquiaqueijas.net\/portal\/wp-content\/uploads\/2011\/06\/Esp106.png","type":"image\/png"}],"author":"Paroquia de Queijas","twitter_card":"summary_large_image","twitter_misc":{"Escrito por":"Paroquia de Queijas","Tempo estimado de leitura":"2 minutos"},"schema":{"@context":"https:\/\/schema.org","@graph":[{"@type":"Article","@id":"https:\/\/paroquiaqueijas.net\/portal\/envia-o-teu-espirito-senhor\/#article","isPartOf":{"@id":"https:\/\/paroquiaqueijas.net\/portal\/envia-o-teu-espirito-senhor\/"},"author":{"name":"Paroquia de Queijas","@id":"https:\/\/paroquiaqueijas.net\/portal\/#\/schema\/person\/07bb4cce216326e06b6f742b719ebec7"},"headline":"Envia o teu Esp\u00edrito, Senhor","datePublished":"2011-06-06T13:33:49+00:00","dateModified":"2026-03-21T15:41:43+00:00","mainEntityOfPage":{"@id":"https:\/\/paroquiaqueijas.net\/portal\/envia-o-teu-espirito-senhor\/"},"wordCount":345,"commentCount":0,"publisher":{"@id":"https:\/\/paroquiaqueijas.net\/portal\/#organization"},"image":{"@id":"https:\/\/paroquiaqueijas.net\/portal\/envia-o-teu-espirito-senhor\/#primaryimage"},"thumbnailUrl":"https:\/\/paroquiaqueijas.net\/portal\/wp-content\/uploads\/2011\/06\/Esp106.png","articleSection":["Esp\u00edrito Santo"],"inLanguage":"pt-PT","potentialAction":[{"@type":"CommentAction","name":"Comment","target":["https:\/\/paroquiaqueijas.net\/portal\/envia-o-teu-espirito-senhor\/#respond"]}]},{"@type":"WebPage","@id":"https:\/\/paroquiaqueijas.net\/portal\/envia-o-teu-espirito-senhor\/","url":"https:\/\/paroquiaqueijas.net\/portal\/envia-o-teu-espirito-senhor\/","name":"Envia o teu Esp\u00edrito, Senhor - Paroquia de Queijas","isPartOf":{"@id":"https:\/\/paroquiaqueijas.net\/portal\/#website"},"primaryImageOfPage":{"@id":"https:\/\/paroquiaqueijas.net\/portal\/envia-o-teu-espirito-senhor\/#primaryimage"},"image":{"@id":"https:\/\/paroquiaqueijas.net\/portal\/envia-o-teu-espirito-senhor\/#primaryimage"},"thumbnailUrl":"https:\/\/paroquiaqueijas.net\/portal\/wp-content\/uploads\/2011\/06\/Esp106.png","datePublished":"2011-06-06T13:33:49+00:00","dateModified":"2026-03-21T15:41:43+00:00","breadcrumb":{"@id":"https:\/\/paroquiaqueijas.net\/portal\/envia-o-teu-espirito-senhor\/#breadcrumb"},"inLanguage":"pt-PT","potentialAction":[{"@type":"ReadAction","target":["https:\/\/paroquiaqueijas.net\/portal\/envia-o-teu-espirito-senhor\/"]}]},{"@type":"ImageObject","inLanguage":"pt-PT","@id":"https:\/\/paroquiaqueijas.net\/portal\/envia-o-teu-espirito-senhor\/#primaryimage","url":"https:\/\/paroquiaqueijas.net\/portal\/wp-content\/uploads\/2011\/06\/Esp106.png","contentUrl":"https:\/\/paroquiaqueijas.net\/portal\/wp-content\/uploads\/2011\/06\/Esp106.png","width":126,"height":200,"caption":"Esp106"},{"@type":"BreadcrumbList","@id":"https:\/\/paroquiaqueijas.net\/portal\/envia-o-teu-espirito-senhor\/#breadcrumb","itemListElement":[{"@type":"ListItem","position":1,"name":"In\u00edcio","item":"https:\/\/paroquiaqueijas.net\/portal\/"},{"@type":"ListItem","position":2,"name":"Envia o teu Esp\u00edrito, Senhor"}]},{"@type":"WebSite","@id":"https:\/\/paroquiaqueijas.net\/portal\/#website","url":"https:\/\/paroquiaqueijas.net\/portal\/","name":"Paroquia de Queijas","description":"","publisher":{"@id":"https:\/\/paroquiaqueijas.net\/portal\/#organization"},"potentialAction":[{"@type":"SearchAction","target":{"@type":"EntryPoint","urlTemplate":"https:\/\/paroquiaqueijas.net\/portal\/?s={search_term_string}"},"query-input":{"@type":"PropertyValueSpecification","valueRequired":true,"valueName":"search_term_string"}}],"inLanguage":"pt-PT"},{"@type":"Organization","@id":"https:\/\/paroquiaqueijas.net\/portal\/#organization","name":"Paroquia de Queijas","url":"https:\/\/paroquiaqueijas.net\/portal\/","logo":{"@type":"ImageObject","inLanguage":"pt-PT","@id":"https:\/\/paroquiaqueijas.net\/portal\/#\/schema\/logo\/image\/","url":"https:\/\/paroquiaqueijas.net\/portal\/wp-content\/uploads\/2026\/03\/LogoQueijas_novo.png","contentUrl":"https:\/\/paroquiaqueijas.net\/portal\/wp-content\/uploads\/2026\/03\/LogoQueijas_novo.png","width":520,"height":519,"caption":"Paroquia de Queijas"},"image":{"@id":"https:\/\/paroquiaqueijas.net\/portal\/#\/schema\/logo\/image\/"},"sameAs":["https:\/\/www.facebook.com\/paroquiaqueijas\/"]},{"@type":"Person","@id":"https:\/\/paroquiaqueijas.net\/portal\/#\/schema\/person\/07bb4cce216326e06b6f742b719ebec7","name":"Paroquia de Queijas","image":{"@type":"ImageObject","inLanguage":"pt-PT","@id":"https:\/\/secure.gravatar.com\/avatar\/5054571ff5d2454cd50657fc4e61d0c32d7a5d0d3b36ef6c0f6e269276d13618?s=96&d=mm&r=g","url":"https:\/\/secure.gravatar.com\/avatar\/5054571ff5d2454cd50657fc4e61d0c32d7a5d0d3b36ef6c0f6e269276d13618?s=96&d=mm&r=g","contentUrl":"https:\/\/secure.gravatar.com\/avatar\/5054571ff5d2454cd50657fc4e61d0c32d7a5d0d3b36ef6c0f6e269276d13618?s=96&d=mm&r=g","caption":"Paroquia de Queijas"},"sameAs":["https:\/\/paroquiaqueijas.net\/site"],"url":"https:\/\/paroquiaqueijas.net\/portal\/author\/admin1\/"}]}},"_links":{"self":[{"href":"https:\/\/paroquiaqueijas.net\/portal\/wp-json\/wp\/v2\/posts\/296","targetHints":{"allow":["GET"]}}],"collection":[{"href":"https:\/\/paroquiaqueijas.net\/portal\/wp-json\/wp\/v2\/posts"}],"about":[{"href":"https:\/\/paroquiaqueijas.net\/portal\/wp-json\/wp\/v2\/types\/post"}],"author":[{"embeddable":true,"href":"https:\/\/paroquiaqueijas.net\/portal\/wp-json\/wp\/v2\/users\/1"}],"replies":[{"embeddable":true,"href":"https:\/\/paroquiaqueijas.net\/portal\/wp-json\/wp\/v2\/comments?post=296"}],"version-history":[{"count":1,"href":"https:\/\/paroquiaqueijas.net\/portal\/wp-json\/wp\/v2\/posts\/296\/revisions"}],"predecessor-version":[{"id":2831,"href":"https:\/\/paroquiaqueijas.net\/portal\/wp-json\/wp\/v2\/posts\/296\/revisions\/2831"}],"wp:featuredmedia":[{"embeddable":true,"href":"https:\/\/paroquiaqueijas.net\/portal\/wp-json\/wp\/v2\/media\/294"}],"wp:attachment":[{"href":"https:\/\/paroquiaqueijas.net\/portal\/wp-json\/wp\/v2\/media?parent=296"}],"wp:term":[{"taxonomy":"category","embeddable":true,"href":"https:\/\/paroquiaqueijas.net\/portal\/wp-json\/wp\/v2\/categories?post=296"},{"taxonomy":"post_tag","embeddable":true,"href":"https:\/\/paroquiaqueijas.net\/portal\/wp-json\/wp\/v2\/tags?post=296"}],"curies":[{"name":"wp","href":"https:\/\/api.w.org\/{rel}","templated":true}]}}