{"id":31,"date":"2008-08-11T22:13:58","date_gmt":"2008-08-11T22:13:58","guid":{"rendered":"https:\/\/paroquiaqueijas.net\/site\/?p=31"},"modified":"2026-03-21T15:42:06","modified_gmt":"2026-03-21T15:42:06","slug":"oracao-maos-unidas","status":"publish","type":"post","link":"https:\/\/paroquiaqueijas.net\/portal\/oracao-maos-unidas\/","title":{"rendered":"Ora\u00e7\u00e3o M\u00c3OS UNIDAS"},"content":{"rendered":"<p style=\"line-height: 200%; text-align: justify;\">A <strong>adora\u00e7\u00e3o eucar\u00edstica<\/strong> constitui um dos momentos mais fortes da nossa intimidade com Cristo. <\/span>\u00c9 um tempo de paragem e de<\/span>&nbsp;<\/span> contempla\u00e7\u00e3o,<\/span>&nbsp;<\/span> de di\u00e1logo e de comunh\u00e3o com o Verbo incarnado.<\/span>&nbsp;<\/span><\/span><\/p>\n<p style=\"margin-left: 1cm; line-height: 150%; text-align: justify;\"><img decoding=\"async\" class=\" alignright size-full wp-image-29\" style=\"margin: 10px 0px 0px 10px; float: right;\" src=\"https:\/\/paroquiaqueijas.net\/portal\/wp-content\/uploads\/2008\/08\/Maos_unidas.png\" alt=\"Maos_unidas\" width=\"146\" height=\"204\" \/><\/span> \u00abA devo\u00e7\u00e3o de adorar Jesus sacramentado \u00e9, depois dos sacramentos, a primeira de todas as <\/span>&nbsp;<\/span> devo\u00e7\u00f5es, a mais agrad<\/span>&nbsp;<\/span>&nbsp;<\/span>\u00e1<\/span>&nbsp;<\/span>&nbsp;<\/span>vel<\/span>&nbsp;<\/span> a <\/span>&nbsp;<\/span>&nbsp;<\/span>D<\/span>&nbsp;<\/span>&nbsp;<\/span>eus e a mais \u00fatil para n\u00f3s. A Eucaristia \u00e9 um tesouro inestim\u00e1vel: n\u00e3o s\u00f3 a sua celebra<\/span>&nbsp;<\/span>\u00e7\u00e3o, mas tamb\u00e9m a <\/span>&nbsp;<\/span>&nbsp;<\/span>&nbsp;<\/span>perman\u00eancia diante<\/span>&nbsp;<\/span> d<\/span>&nbsp;<\/span>ela f<\/span>&nbsp;<\/span>o<\/span>&nbsp;<\/span>r<\/span>&nbsp;<\/span>a d<\/span>&nbsp;<\/span>a Missa permite beber na pr<\/span>&nbsp;<\/span>\u00f3pria fonte da gra\u00e7a.\u00bb<\/span>&nbsp;<\/span> <span style=\"font-size: 8pt;\">(Pe. Dehon)<\/span><\/span>&nbsp;<\/span>&nbsp;<\/span>&nbsp;<\/span>&nbsp;<\/span>&nbsp;<\/span><\/p>\n<p style=\"line-height: 19.2pt; text-align: justify;\">A <strong>adora\u00e7\u00e3o eucar\u00edstica<\/strong> \u00e9 o mais forte conv\u00edvio com a divindade: sentimos que Deus \u00e9 Deus pa<\/span>&nbsp;<\/span>ra n\u00f3s e n\u00f3s somos d\u2019Ele, som<\/span>&nbsp;<\/span>os su<\/span>&nbsp;<\/span>as cri<\/span>&nbsp;<\/span>aturas e seus Filhos. Adorar \u00e9 reconhecer Deus no que Ele \u00e9, <\/span>&nbsp;<\/span>na transcend\u00eancia do Seu mist\u00e9rio, e ac<\/span>&nbsp;<\/span>eitarmo-nos na noss<\/span>&nbsp;<\/span>&nbsp;<\/span>a peq<\/span>&nbsp;<\/span>uenez e fragilidade, sentindo que a nossa grandeza nos<\/span>&nbsp;<\/span> d\u2019Ele vem.<\/span>&nbsp;<\/span>&nbsp;<\/span><\/p>\n<p style=\"line-height: 19.2pt; text-align: justify;\">As express\u00f5es tradicionais da adora\u00e7\u00e3o exprimem essa mesma verdade de Deus perante n\u00f3s e de n\u00f3s perante Deus: a pr<\/span>&nbsp;<\/span>os<\/span>&nbsp;<\/span>tra\u00e7<\/span>&nbsp;<\/span>\u00e3<\/span>&nbsp;<\/span>o, o dobrar os joelhos, o abandono de todo o nosso ser \u00e0 majestade de Deus. Nesse abandono confiante, reconhece<\/span>&nbsp;<\/span>mos a exclusividade do nosso Deus, como \u00fanico Deus verdadeiro.<\/span>&nbsp;<\/span><\/p>\n<p style=\"line-height: 19.2pt; text-align: justify;\">A presen\u00e7a real de Cristo na Eucaristia \u00e9 <\/span><img decoding=\"async\" class=\" alignleft size-full wp-image-30\" style=\"margin: 5px 10px 5px 0px; float: left;\" src=\"https:\/\/paroquiaqueijas.net\/portal\/wp-content\/uploads\/2008\/08\/custodia20.gif\" alt=\"custodia20\" width=\"181\" height=\"218\" \/><\/span>a express\u00e3o mais completa daquilo que Cristo \u00e9 na totalidade do Seu mist\u00e9rio: D<\/span>&nbsp;<\/span>eus connosco, Deus ao nosso alcance a propor intimidade na proximidade dessa presen\u00e7a. Nessa proximidade, Ele \u00e9 Deus, exprime-Se na Palavra que nos toca o cora\u00e7\u00e3o, no amor que nos atrai e nos transforma, na for\u00e7a que nos permite vencer dificuldades e ousar viver de modo a sermos semelhantes a Jesus.<\/span><\/p>\n<p style=\"line-height: 19.2pt; text-align: justify;\">Na <strong>adora\u00e7\u00e3o<\/strong> a Eucaristia continua a ser o nosso alimento e prolonga aquela uni\u00e3o misteriosa com Cristo ao comungarm<\/span>&nbsp;<\/span>os o Seu corpo e sangue. Adorar Cristo na Eucaristia \u00e9, realmente, continuar a receb\u00ea-l\u2019O como alimento e como experi\u00eancia de <\/span>&nbsp;<\/span>eternidade.<\/span><\/p>\n<p style=\"line-height: 19.2pt; text-align: right;\"><span>&nbsp;<\/span><span style=\"font-size: 8pt;\">(Cf. D. Jos\u00e9 Policarpo, <em>Missa Corpus Christi<\/em><\/span><span style=\"font-size: 8pt;\">, 25-05-2008)<\/span>&nbsp;<\/p>\n<hr \/>\n<p style=\"line-height: 150%;\"><strong>O Grupo de Ora\u00e7\u00e3o M\u00e3os<\/span><\/strong> <strong>Unidas <\/strong>aceita este desafio porque nela encontra <br \/>o tesouro desta comunh\u00e3o com Cristo. <\/span><\/p>\n<p style=\"line-height: 150%;\">Adoramos e louvamos Jesus Eucaristia como centro da nossa vida crist\u00e3. <br \/>Sentimos o desejo de responder a este convite, a este chamamento. <br \/>Desejamos consolar Jesus, sermos d\u2019Ele seus amigos.<\/span>&nbsp;<\/span><\/p>\n<p style=\"line-height: 150%;\">Queres juntar-te a n\u00f3s?<br \/>\u00c0s quintas-feiras, temos este precioso momento de Adora\u00e7\u00e3o: 19h00 e 21h00.<\/span><\/p>\n","protected":false},"excerpt":{"rendered":"<p>A adora\u00e7\u00e3o eucar\u00edstica constitui um dos momentos mais fortes da nossa intimidade com Cristo. \u00c9 um tempo de paragem e [&hellip;]<\/p>\n","protected":false},"author":1,"featured_media":29,"comment_status":"open","ping_status":"open","sticky":false,"template":"","format":"standard","meta":{"site-sidebar-layout":"default","site-content-layout":"","ast-site-content-layout":"default","site-content-style":"default","site-sidebar-style":"default","ast-global-header-display":"","ast-banner-title-visibility":"","ast-main-header-display":"","ast-hfb-above-header-display":"","ast-hfb-below-header-display":"","ast-hfb-mobile-header-display":"","site-post-title":"","ast-breadcrumbs-content":"","ast-featured-img":"","footer-sml-layout":"","ast-disable-related-posts":"","theme-transparent-header-meta":"","adv-header-id-meta":"","stick-header-meta":"","header-above-stick-meta":"","header-main-stick-meta":"","header-below-stick-meta":"","astra-migrate-meta-layouts":"default","ast-page-background-enabled":"default","ast-page-background-meta":{"desktop":{"background-color":"var(--ast-global-color-5)","background-image":"","background-repeat":"repeat","background-position":"center center","background-size":"auto","background-attachment":"scroll","background-type":"","background-media":"","overlay-type":"","overlay-color":"","overlay-opacity":"","overlay-gradient":""},"tablet":{"background-color":"","background-image":"","background-repeat":"repeat","background-position":"center center","background-size":"auto","background-attachment":"scroll","background-type":"","background-media":"","overlay-type":"","overlay-color":"","overlay-opacity":"","overlay-gradient":""},"mobile":{"background-color":"","background-image":"","background-repeat":"repeat","background-position":"center center","background-size":"auto","background-attachment":"scroll","background-type":"","background-media":"","overlay-type":"","overlay-color":"","overlay-opacity":"","overlay-gradient":""}},"ast-content-background-meta":{"desktop":{"background-color":"var(--ast-global-color-4)","background-image":"","background-repeat":"repeat","background-position":"center center","background-size":"auto","background-attachment":"scroll","background-type":"","background-media":"","overlay-type":"","overlay-color":"","overlay-opacity":"","overlay-gradient":""},"tablet":{"background-color":"var(--ast-global-color-4)","background-image":"","background-repeat":"repeat","background-position":"center center","background-size":"auto","background-attachment":"scroll","background-type":"","background-media":"","overlay-type":"","overlay-color":"","overlay-opacity":"","overlay-gradient":""},"mobile":{"background-color":"var(--ast-global-color-4)","background-image":"","background-repeat":"repeat","background-position":"center center","background-size":"auto","background-attachment":"scroll","background-type":"","background-media":"","overlay-type":"","overlay-color":"","overlay-opacity":"","overlay-gradient":""}},"footnotes":""},"categories":[5],"tags":[],"class_list":["post-31","post","type-post","status-publish","format-standard","has-post-thumbnail","hentry","category-grupos"],"yoast_head":"<!-- This site is optimized with the Yoast SEO plugin v27.4 - https:\/\/yoast.com\/product\/yoast-seo-wordpress\/ -->\n<title>Ora\u00e7\u00e3o M\u00c3OS UNIDAS - Paroquia de Queijas<\/title>\n<meta name=\"robots\" content=\"index, follow, max-snippet:-1, max-image-preview:large, max-video-preview:-1\" \/>\n<link rel=\"canonical\" href=\"https:\/\/paroquiaqueijas.net\/portal\/oracao-maos-unidas\/\" \/>\n<meta property=\"og:locale\" content=\"pt_PT\" \/>\n<meta property=\"og:type\" content=\"article\" \/>\n<meta property=\"og:title\" content=\"Ora\u00e7\u00e3o M\u00c3OS UNIDAS - Paroquia de Queijas\" \/>\n<meta property=\"og:description\" content=\"A adora\u00e7\u00e3o eucar\u00edstica constitui um dos momentos mais fortes da nossa intimidade com Cristo. \u00c9 um tempo de paragem e [&hellip;]\" \/>\n<meta property=\"og:url\" content=\"https:\/\/paroquiaqueijas.net\/portal\/oracao-maos-unidas\/\" \/>\n<meta property=\"og:site_name\" content=\"Paroquia de Queijas\" \/>\n<meta property=\"article:publisher\" content=\"https:\/\/www.facebook.com\/paroquiaqueijas\/\" \/>\n<meta property=\"article:published_time\" content=\"2008-08-11T22:13:58+00:00\" \/>\n<meta property=\"article:modified_time\" content=\"2026-03-21T15:42:06+00:00\" \/>\n<meta property=\"og:image\" content=\"https:\/\/paroquiaqueijas.net\/portal\/wp-content\/uploads\/2008\/08\/Maos_unidas.png\" \/>\n\t<meta property=\"og:image:width\" content=\"148\" \/>\n\t<meta property=\"og:image:height\" content=\"206\" \/>\n\t<meta property=\"og:image:type\" content=\"image\/png\" \/>\n<meta name=\"author\" content=\"Paroquia de Queijas\" \/>\n<meta name=\"twitter:card\" content=\"summary_large_image\" \/>\n<meta name=\"twitter:label1\" content=\"Escrito por\" \/>\n\t<meta name=\"twitter:data1\" content=\"Paroquia de Queijas\" \/>\n\t<meta name=\"twitter:label2\" content=\"Tempo estimado de leitura\" \/>\n\t<meta name=\"twitter:data2\" content=\"2 minutos\" \/>\n<script type=\"application\/ld+json\" class=\"yoast-schema-graph\">{\"@context\":\"https:\\\/\\\/schema.org\",\"@graph\":[{\"@type\":\"Article\",\"@id\":\"https:\\\/\\\/paroquiaqueijas.net\\\/portal\\\/oracao-maos-unidas\\\/#article\",\"isPartOf\":{\"@id\":\"https:\\\/\\\/paroquiaqueijas.net\\\/portal\\\/oracao-maos-unidas\\\/\"},\"author\":{\"name\":\"Paroquia de Queijas\",\"@id\":\"https:\\\/\\\/paroquiaqueijas.net\\\/portal\\\/#\\\/schema\\\/person\\\/07bb4cce216326e06b6f742b719ebec7\"},\"headline\":\"Ora\u00e7\u00e3o M\u00c3OS UNIDAS\",\"datePublished\":\"2008-08-11T22:13:58+00:00\",\"dateModified\":\"2026-03-21T15:42:06+00:00\",\"mainEntityOfPage\":{\"@id\":\"https:\\\/\\\/paroquiaqueijas.net\\\/portal\\\/oracao-maos-unidas\\\/\"},\"wordCount\":486,\"commentCount\":0,\"publisher\":{\"@id\":\"https:\\\/\\\/paroquiaqueijas.net\\\/portal\\\/#organization\"},\"image\":{\"@id\":\"https:\\\/\\\/paroquiaqueijas.net\\\/portal\\\/oracao-maos-unidas\\\/#primaryimage\"},\"thumbnailUrl\":\"https:\\\/\\\/paroquiaqueijas.net\\\/portal\\\/wp-content\\\/uploads\\\/2008\\\/08\\\/Maos_unidas.png\",\"articleSection\":[\"Grupos\"],\"inLanguage\":\"pt-PT\",\"potentialAction\":[{\"@type\":\"CommentAction\",\"name\":\"Comment\",\"target\":[\"https:\\\/\\\/paroquiaqueijas.net\\\/portal\\\/oracao-maos-unidas\\\/#respond\"]}]},{\"@type\":\"WebPage\",\"@id\":\"https:\\\/\\\/paroquiaqueijas.net\\\/portal\\\/oracao-maos-unidas\\\/\",\"url\":\"https:\\\/\\\/paroquiaqueijas.net\\\/portal\\\/oracao-maos-unidas\\\/\",\"name\":\"Ora\u00e7\u00e3o M\u00c3OS UNIDAS - Paroquia de Queijas\",\"isPartOf\":{\"@id\":\"https:\\\/\\\/paroquiaqueijas.net\\\/portal\\\/#website\"},\"primaryImageOfPage\":{\"@id\":\"https:\\\/\\\/paroquiaqueijas.net\\\/portal\\\/oracao-maos-unidas\\\/#primaryimage\"},\"image\":{\"@id\":\"https:\\\/\\\/paroquiaqueijas.net\\\/portal\\\/oracao-maos-unidas\\\/#primaryimage\"},\"thumbnailUrl\":\"https:\\\/\\\/paroquiaqueijas.net\\\/portal\\\/wp-content\\\/uploads\\\/2008\\\/08\\\/Maos_unidas.png\",\"datePublished\":\"2008-08-11T22:13:58+00:00\",\"dateModified\":\"2026-03-21T15:42:06+00:00\",\"breadcrumb\":{\"@id\":\"https:\\\/\\\/paroquiaqueijas.net\\\/portal\\\/oracao-maos-unidas\\\/#breadcrumb\"},\"inLanguage\":\"pt-PT\",\"potentialAction\":[{\"@type\":\"ReadAction\",\"target\":[\"https:\\\/\\\/paroquiaqueijas.net\\\/portal\\\/oracao-maos-unidas\\\/\"]}]},{\"@type\":\"ImageObject\",\"inLanguage\":\"pt-PT\",\"@id\":\"https:\\\/\\\/paroquiaqueijas.net\\\/portal\\\/oracao-maos-unidas\\\/#primaryimage\",\"url\":\"https:\\\/\\\/paroquiaqueijas.net\\\/portal\\\/wp-content\\\/uploads\\\/2008\\\/08\\\/Maos_unidas.png\",\"contentUrl\":\"https:\\\/\\\/paroquiaqueijas.net\\\/portal\\\/wp-content\\\/uploads\\\/2008\\\/08\\\/Maos_unidas.png\",\"width\":148,\"height\":206,\"caption\":\"Maos_unidas\"},{\"@type\":\"BreadcrumbList\",\"@id\":\"https:\\\/\\\/paroquiaqueijas.net\\\/portal\\\/oracao-maos-unidas\\\/#breadcrumb\",\"itemListElement\":[{\"@type\":\"ListItem\",\"position\":1,\"name\":\"In\u00edcio\",\"item\":\"https:\\\/\\\/paroquiaqueijas.net\\\/portal\\\/\"},{\"@type\":\"ListItem\",\"position\":2,\"name\":\"Ora\u00e7\u00e3o M\u00c3OS UNIDAS\"}]},{\"@type\":\"WebSite\",\"@id\":\"https:\\\/\\\/paroquiaqueijas.net\\\/portal\\\/#website\",\"url\":\"https:\\\/\\\/paroquiaqueijas.net\\\/portal\\\/\",\"name\":\"Paroquia de Queijas\",\"description\":\"\",\"publisher\":{\"@id\":\"https:\\\/\\\/paroquiaqueijas.net\\\/portal\\\/#organization\"},\"potentialAction\":[{\"@type\":\"SearchAction\",\"target\":{\"@type\":\"EntryPoint\",\"urlTemplate\":\"https:\\\/\\\/paroquiaqueijas.net\\\/portal\\\/?s={search_term_string}\"},\"query-input\":{\"@type\":\"PropertyValueSpecification\",\"valueRequired\":true,\"valueName\":\"search_term_string\"}}],\"inLanguage\":\"pt-PT\"},{\"@type\":\"Organization\",\"@id\":\"https:\\\/\\\/paroquiaqueijas.net\\\/portal\\\/#organization\",\"name\":\"Paroquia de Queijas\",\"url\":\"https:\\\/\\\/paroquiaqueijas.net\\\/portal\\\/\",\"logo\":{\"@type\":\"ImageObject\",\"inLanguage\":\"pt-PT\",\"@id\":\"https:\\\/\\\/paroquiaqueijas.net\\\/portal\\\/#\\\/schema\\\/logo\\\/image\\\/\",\"url\":\"https:\\\/\\\/paroquiaqueijas.net\\\/portal\\\/wp-content\\\/uploads\\\/2026\\\/03\\\/LogoQueijas_novo.png\",\"contentUrl\":\"https:\\\/\\\/paroquiaqueijas.net\\\/portal\\\/wp-content\\\/uploads\\\/2026\\\/03\\\/LogoQueijas_novo.png\",\"width\":520,\"height\":519,\"caption\":\"Paroquia de Queijas\"},\"image\":{\"@id\":\"https:\\\/\\\/paroquiaqueijas.net\\\/portal\\\/#\\\/schema\\\/logo\\\/image\\\/\"},\"sameAs\":[\"https:\\\/\\\/www.facebook.com\\\/paroquiaqueijas\\\/\"]},{\"@type\":\"Person\",\"@id\":\"https:\\\/\\\/paroquiaqueijas.net\\\/portal\\\/#\\\/schema\\\/person\\\/07bb4cce216326e06b6f742b719ebec7\",\"name\":\"Paroquia de Queijas\",\"image\":{\"@type\":\"ImageObject\",\"inLanguage\":\"pt-PT\",\"@id\":\"https:\\\/\\\/secure.gravatar.com\\\/avatar\\\/5054571ff5d2454cd50657fc4e61d0c32d7a5d0d3b36ef6c0f6e269276d13618?s=96&d=mm&r=g\",\"url\":\"https:\\\/\\\/secure.gravatar.com\\\/avatar\\\/5054571ff5d2454cd50657fc4e61d0c32d7a5d0d3b36ef6c0f6e269276d13618?s=96&d=mm&r=g\",\"contentUrl\":\"https:\\\/\\\/secure.gravatar.com\\\/avatar\\\/5054571ff5d2454cd50657fc4e61d0c32d7a5d0d3b36ef6c0f6e269276d13618?s=96&d=mm&r=g\",\"caption\":\"Paroquia de Queijas\"},\"sameAs\":[\"https:\\\/\\\/paroquiaqueijas.net\\\/site\"],\"url\":\"https:\\\/\\\/paroquiaqueijas.net\\\/portal\\\/author\\\/admin1\\\/\"}]}<\/script>\n<!-- \/ Yoast SEO plugin. -->","yoast_head_json":{"title":"Ora\u00e7\u00e3o M\u00c3OS UNIDAS - Paroquia de Queijas","robots":{"index":"index","follow":"follow","max-snippet":"max-snippet:-1","max-image-preview":"max-image-preview:large","max-video-preview":"max-video-preview:-1"},"canonical":"https:\/\/paroquiaqueijas.net\/portal\/oracao-maos-unidas\/","og_locale":"pt_PT","og_type":"article","og_title":"Ora\u00e7\u00e3o M\u00c3OS UNIDAS - Paroquia de Queijas","og_description":"A adora\u00e7\u00e3o eucar\u00edstica constitui um dos momentos mais fortes da nossa intimidade com Cristo. \u00c9 um tempo de paragem e [&hellip;]","og_url":"https:\/\/paroquiaqueijas.net\/portal\/oracao-maos-unidas\/","og_site_name":"Paroquia de Queijas","article_publisher":"https:\/\/www.facebook.com\/paroquiaqueijas\/","article_published_time":"2008-08-11T22:13:58+00:00","article_modified_time":"2026-03-21T15:42:06+00:00","og_image":[{"width":148,"height":206,"url":"https:\/\/paroquiaqueijas.net\/portal\/wp-content\/uploads\/2008\/08\/Maos_unidas.png","type":"image\/png"}],"author":"Paroquia de Queijas","twitter_card":"summary_large_image","twitter_misc":{"Escrito por":"Paroquia de Queijas","Tempo estimado de leitura":"2 minutos"},"schema":{"@context":"https:\/\/schema.org","@graph":[{"@type":"Article","@id":"https:\/\/paroquiaqueijas.net\/portal\/oracao-maos-unidas\/#article","isPartOf":{"@id":"https:\/\/paroquiaqueijas.net\/portal\/oracao-maos-unidas\/"},"author":{"name":"Paroquia de Queijas","@id":"https:\/\/paroquiaqueijas.net\/portal\/#\/schema\/person\/07bb4cce216326e06b6f742b719ebec7"},"headline":"Ora\u00e7\u00e3o M\u00c3OS UNIDAS","datePublished":"2008-08-11T22:13:58+00:00","dateModified":"2026-03-21T15:42:06+00:00","mainEntityOfPage":{"@id":"https:\/\/paroquiaqueijas.net\/portal\/oracao-maos-unidas\/"},"wordCount":486,"commentCount":0,"publisher":{"@id":"https:\/\/paroquiaqueijas.net\/portal\/#organization"},"image":{"@id":"https:\/\/paroquiaqueijas.net\/portal\/oracao-maos-unidas\/#primaryimage"},"thumbnailUrl":"https:\/\/paroquiaqueijas.net\/portal\/wp-content\/uploads\/2008\/08\/Maos_unidas.png","articleSection":["Grupos"],"inLanguage":"pt-PT","potentialAction":[{"@type":"CommentAction","name":"Comment","target":["https:\/\/paroquiaqueijas.net\/portal\/oracao-maos-unidas\/#respond"]}]},{"@type":"WebPage","@id":"https:\/\/paroquiaqueijas.net\/portal\/oracao-maos-unidas\/","url":"https:\/\/paroquiaqueijas.net\/portal\/oracao-maos-unidas\/","name":"Ora\u00e7\u00e3o M\u00c3OS UNIDAS - Paroquia de Queijas","isPartOf":{"@id":"https:\/\/paroquiaqueijas.net\/portal\/#website"},"primaryImageOfPage":{"@id":"https:\/\/paroquiaqueijas.net\/portal\/oracao-maos-unidas\/#primaryimage"},"image":{"@id":"https:\/\/paroquiaqueijas.net\/portal\/oracao-maos-unidas\/#primaryimage"},"thumbnailUrl":"https:\/\/paroquiaqueijas.net\/portal\/wp-content\/uploads\/2008\/08\/Maos_unidas.png","datePublished":"2008-08-11T22:13:58+00:00","dateModified":"2026-03-21T15:42:06+00:00","breadcrumb":{"@id":"https:\/\/paroquiaqueijas.net\/portal\/oracao-maos-unidas\/#breadcrumb"},"inLanguage":"pt-PT","potentialAction":[{"@type":"ReadAction","target":["https:\/\/paroquiaqueijas.net\/portal\/oracao-maos-unidas\/"]}]},{"@type":"ImageObject","inLanguage":"pt-PT","@id":"https:\/\/paroquiaqueijas.net\/portal\/oracao-maos-unidas\/#primaryimage","url":"https:\/\/paroquiaqueijas.net\/portal\/wp-content\/uploads\/2008\/08\/Maos_unidas.png","contentUrl":"https:\/\/paroquiaqueijas.net\/portal\/wp-content\/uploads\/2008\/08\/Maos_unidas.png","width":148,"height":206,"caption":"Maos_unidas"},{"@type":"BreadcrumbList","@id":"https:\/\/paroquiaqueijas.net\/portal\/oracao-maos-unidas\/#breadcrumb","itemListElement":[{"@type":"ListItem","position":1,"name":"In\u00edcio","item":"https:\/\/paroquiaqueijas.net\/portal\/"},{"@type":"ListItem","position":2,"name":"Ora\u00e7\u00e3o M\u00c3OS UNIDAS"}]},{"@type":"WebSite","@id":"https:\/\/paroquiaqueijas.net\/portal\/#website","url":"https:\/\/paroquiaqueijas.net\/portal\/","name":"Paroquia de Queijas","description":"","publisher":{"@id":"https:\/\/paroquiaqueijas.net\/portal\/#organization"},"potentialAction":[{"@type":"SearchAction","target":{"@type":"EntryPoint","urlTemplate":"https:\/\/paroquiaqueijas.net\/portal\/?s={search_term_string}"},"query-input":{"@type":"PropertyValueSpecification","valueRequired":true,"valueName":"search_term_string"}}],"inLanguage":"pt-PT"},{"@type":"Organization","@id":"https:\/\/paroquiaqueijas.net\/portal\/#organization","name":"Paroquia de Queijas","url":"https:\/\/paroquiaqueijas.net\/portal\/","logo":{"@type":"ImageObject","inLanguage":"pt-PT","@id":"https:\/\/paroquiaqueijas.net\/portal\/#\/schema\/logo\/image\/","url":"https:\/\/paroquiaqueijas.net\/portal\/wp-content\/uploads\/2026\/03\/LogoQueijas_novo.png","contentUrl":"https:\/\/paroquiaqueijas.net\/portal\/wp-content\/uploads\/2026\/03\/LogoQueijas_novo.png","width":520,"height":519,"caption":"Paroquia de Queijas"},"image":{"@id":"https:\/\/paroquiaqueijas.net\/portal\/#\/schema\/logo\/image\/"},"sameAs":["https:\/\/www.facebook.com\/paroquiaqueijas\/"]},{"@type":"Person","@id":"https:\/\/paroquiaqueijas.net\/portal\/#\/schema\/person\/07bb4cce216326e06b6f742b719ebec7","name":"Paroquia de Queijas","image":{"@type":"ImageObject","inLanguage":"pt-PT","@id":"https:\/\/secure.gravatar.com\/avatar\/5054571ff5d2454cd50657fc4e61d0c32d7a5d0d3b36ef6c0f6e269276d13618?s=96&d=mm&r=g","url":"https:\/\/secure.gravatar.com\/avatar\/5054571ff5d2454cd50657fc4e61d0c32d7a5d0d3b36ef6c0f6e269276d13618?s=96&d=mm&r=g","contentUrl":"https:\/\/secure.gravatar.com\/avatar\/5054571ff5d2454cd50657fc4e61d0c32d7a5d0d3b36ef6c0f6e269276d13618?s=96&d=mm&r=g","caption":"Paroquia de Queijas"},"sameAs":["https:\/\/paroquiaqueijas.net\/site"],"url":"https:\/\/paroquiaqueijas.net\/portal\/author\/admin1\/"}]}},"_links":{"self":[{"href":"https:\/\/paroquiaqueijas.net\/portal\/wp-json\/wp\/v2\/posts\/31","targetHints":{"allow":["GET"]}}],"collection":[{"href":"https:\/\/paroquiaqueijas.net\/portal\/wp-json\/wp\/v2\/posts"}],"about":[{"href":"https:\/\/paroquiaqueijas.net\/portal\/wp-json\/wp\/v2\/types\/post"}],"author":[{"embeddable":true,"href":"https:\/\/paroquiaqueijas.net\/portal\/wp-json\/wp\/v2\/users\/1"}],"replies":[{"embeddable":true,"href":"https:\/\/paroquiaqueijas.net\/portal\/wp-json\/wp\/v2\/comments?post=31"}],"version-history":[{"count":1,"href":"https:\/\/paroquiaqueijas.net\/portal\/wp-json\/wp\/v2\/posts\/31\/revisions"}],"predecessor-version":[{"id":2968,"href":"https:\/\/paroquiaqueijas.net\/portal\/wp-json\/wp\/v2\/posts\/31\/revisions\/2968"}],"wp:featuredmedia":[{"embeddable":true,"href":"https:\/\/paroquiaqueijas.net\/portal\/wp-json\/wp\/v2\/media\/29"}],"wp:attachment":[{"href":"https:\/\/paroquiaqueijas.net\/portal\/wp-json\/wp\/v2\/media?parent=31"}],"wp:term":[{"taxonomy":"category","embeddable":true,"href":"https:\/\/paroquiaqueijas.net\/portal\/wp-json\/wp\/v2\/categories?post=31"},{"taxonomy":"post_tag","embeddable":true,"href":"https:\/\/paroquiaqueijas.net\/portal\/wp-json\/wp\/v2\/tags?post=31"}],"curies":[{"name":"wp","href":"https:\/\/api.w.org\/{rel}","templated":true}]}}