{"id":4237,"date":"2025-07-09T17:14:22","date_gmt":"2025-07-09T17:14:22","guid":{"rendered":"https:\/\/paroquiaqueijas.net\/portal\/?p=4237"},"modified":"2026-04-27T18:42:07","modified_gmt":"2026-04-27T18:42:07","slug":"santuario-da-rocha-renasce-com-obras-de-requalificacao-inauguradas","status":"publish","type":"post","link":"https:\/\/paroquiaqueijas.net\/portal\/santuario-da-rocha-renasce-com-obras-de-requalificacao-inauguradas\/","title":{"rendered":"Santu\u00e1rio da Rocha renasce com Obras de Requalifica\u00e7\u00e3o Inauguradas"},"content":{"rendered":"<p><img fetchpriority=\"high\" decoding=\"async\" class=\"alignright wp-image-4238 size-medium\" src=\"https:\/\/paroquiaqueijas.net\/portal\/wp-content\/uploads\/2026\/04\/Santuario_Rocha25-500x333.jpg\" alt=\"\" width=\"500\" height=\"333\" srcset=\"https:\/\/paroquiaqueijas.net\/portal\/wp-content\/uploads\/2026\/04\/Santuario_Rocha25-500x333.jpg 500w, https:\/\/paroquiaqueijas.net\/portal\/wp-content\/uploads\/2026\/04\/Santuario_Rocha25-1024x683.jpg 1024w, https:\/\/paroquiaqueijas.net\/portal\/wp-content\/uploads\/2026\/04\/Santuario_Rocha25-768x512.jpg 768w, https:\/\/paroquiaqueijas.net\/portal\/wp-content\/uploads\/2026\/04\/Santuario_Rocha25-600x400.jpg 600w, https:\/\/paroquiaqueijas.net\/portal\/wp-content\/uploads\/2026\/04\/Santuario_Rocha25.jpg 1300w\" sizes=\"(max-width: 500px) 100vw, 500px\" \/>O Santu\u00e1rio de Nossa Senhora da Concei\u00e7\u00e3o da Rocha, em Queijas, foi palco de uma cerim\u00f3nia memor\u00e1vel na noite de 5 de julho, que culminou com a inaugura\u00e7\u00e3o das obras de requalifica\u00e7\u00e3o do seu adro, pra\u00e7a e jardim. A interven\u00e7\u00e3o, que confere um novo esplendor a este espa\u00e7o de culto e conv\u00edvio, foi presidida pelo Presidente da C\u00e2mara Municipal de Oeiras, Dr. Isaltino Morais.<\/p>\n<p>A inaugura\u00e7\u00e3o, que teve lugar pelas 21h30, contou com a presen\u00e7a de diversas personalidades e um grande n\u00famero de mun\u00edcipes e fi\u00e9is, que aguardaram ansiosamente pela conclus\u00e3o desta obra.<\/p>\n<p>Entre os presentes, destacam-se o Presidente do Munic\u00edpio, Dr. Isaltino Morais, os v\u00e1rios membros do Executivo Camar\u00e1rio e da Junta de Freguesia, o Presidente da Uni\u00e3o de Freguesias, Dr. Inigo Pereira, e o bispo auxiliar de Lisboa, Dom Rui Gouveia, que procedeu \u00e0 b\u00ean\u00e7\u00e3o dos renovados espa\u00e7os. A Irmandade, o reitor do Santu\u00e1rio, Pe. Alexandre Santos, e as irm\u00e3s da CONFHIC tamb\u00e9m marcaram presen\u00e7a, sublinhando a import\u00e2ncia religiosa e comunit\u00e1ria deste evento.<\/p>\n<p>Ap\u00f3s a cerim\u00f3nia inaugural, o Presidente da C\u00e2mara guiou os presentes numa visita por toda a envolvente do Santu\u00e1rio, permitindo que todos apreciassem os detalhes da requalifica\u00e7\u00e3o. Seguiram-se os discursos de ocasi\u00e3o, que refor\u00e7aram a relev\u00e2ncia deste projeto para a comunidade.<\/p>\n<p>O Reitor do Santu\u00e1rio, Pe. Alexandre Santos, real\u00e7ou a profunda import\u00e2ncia do momento, enquadrando-o no Ano Jubilar, um tempo de renova\u00e7\u00e3o espiritual e reencontro com Jesus Cristo, t\u00e3o desejado pelo Papa Francisco. Sublinhou ainda que o Patriarca de Lisboa elegeu este Santu\u00e1rio da Rocha como Santu\u00e1rio Jubilar da diocese, cuja Porta jubilar foi aberta em 12 de janeiro de 2025, consolidando-o como um significativo local de peregrina\u00e7\u00e3o ao longo do ano.<\/p>\n<p>Fez quest\u00e3o de recordar a rica hist\u00f3ria do Santu\u00e1rio, que, desde a descoberta da imagem de Nossa Senhora em 1822, tem sido um pilar na revitaliza\u00e7\u00e3o da f\u00e9 dos fi\u00e9is da Diocese. Expressou, de forma veemente, a sua gratid\u00e3o ao Munic\u00edpio de Oeiras e ao Presidente, Dr. Isaltino Morais, pela requalifica\u00e7\u00e3o do jardim e dos espa\u00e7os envolventes que s\u00e3o inaugurados. Estas melhorias, segundo o Reitor, n\u00e3o s\u00f3 tornaram o Santu\u00e1rio mais belo e acolhedor, mas tamb\u00e9m refor\u00e7aram o seu papel como local de encontro comunit\u00e1rio, onde a f\u00e9 e a natureza se ligam de forma prop\u00edcia \u00e0 ora\u00e7\u00e3o.<\/p>\n<p>Por fim, o Pe. Alexandre Santos prestou homenagem a Tom\u00e1s Ribeiro, um grande impulsionador do Santu\u00e1rio, que poeticamente descreveu este s\u00edtio como o &#8220;el dourado do sil\u00eancio e da ora\u00e7\u00e3o&#8221;. O Reitor afirmou, ainda, que Tom\u00e1s Ribeiro se sentiria, sem d\u00favida, imensamente feliz com a concretiza\u00e7\u00e3o desta grande obra.<\/p>\n<p>O Dr. Isaltino Morais, no seu discurso, enfatizou que o Santu\u00e1rio de Nossa Senhora da Rocha &#8220;ganha agora uma nova vida&#8221;, salientando que este projeto \u00e9 um &#8220;claro espelho do empenho e da vis\u00e3o do Munic\u00edpio em requalificar e valorizar o patrim\u00f3nio cultural deste territ\u00f3rio de Oeiras&#8221;.<\/p>\n<p>O Presidente da C\u00e2mara comunicou que a interven\u00e7\u00e3o abrangeu uma \u00e1rea de 15.600 m\u00b2 e representou um investimento municipal de 1.848.000,00\u20ac, incluindo um apoio de 739.000,00\u20ac do programa de Investimento <em>Portugal 2030<\/em>. Esta requalifica\u00e7\u00e3o incluiu a revitaliza\u00e7\u00e3o do jardim, que agora oferece um ambiente mais \u00edntimo, acolhedor e integrado na vegeta\u00e7\u00e3o, ideal para momentos de reflex\u00e3o e conv\u00edvio agrad\u00e1vel, promovendo acessos mais harmoniosos e acess\u00edveis.<\/p>\n<p>Destacou, ainda, que este lugar mariano se transformou num &#8220;espa\u00e7o verdadeiramente ic\u00f3nico que recuperou a sua merecida centralidade cultural e religiosa no nosso Concelho, como local de espiritualidade, encontro e contacto com a Natureza, tornando-se mais atrativo para os visitantes&#8221;. Concluiu as suas palavras com orgulho, afirmando: &#8220;\u00e9 com orgulho que vemos a nossa hist\u00f3ria e a nossa cultura a serem honradas e revitalizadas para as gera\u00e7\u00f5es futuras, atrav\u00e9s do trabalho e dedica\u00e7\u00e3o do Munic\u00edpio&#8221;.<\/p>\n<p>A noite de 5 de julho foi, de facto, um s\u00e1bado memor\u00e1vel, que terminou com um deslumbrante fogo de artif\u00edcio e o s\u00e3o conv\u00edvio entre todos os presentes, celebrando a renova\u00e7\u00e3o de um dos mais emblem\u00e1ticos espa\u00e7os de Queijas.<\/p>\n<p>&nbsp;<\/p>\n<hr \/>\n<p>[Palavras do Reitor]<\/p>\n<p>Estamos a viver um tempo de profunda gra\u00e7a e renova\u00e7\u00e3o espiritual, com a celebra\u00e7\u00e3o do Ano Jubilar &#8220;Peregrinos de Esperan\u00e7a&#8221;, solenemente proclamado pelo Papa Francisco. Este Jubileu \u00e9 um convite universal a um encontro pessoal e transformador com Jesus Cristo, visando o restabelecimento da confian\u00e7a na Igreja e na sociedade, e a irradia\u00e7\u00e3o de um sinal de esperan\u00e7a para um mundo sedento de fraternidade e justi\u00e7a. O Santo Padre sublinhou a import\u00e2ncia de que &#8220;aqueles que n\u00e3o possam ir a Roma, o pudessem celebrar nas igrejas particulares como encontro vivo e pessoal com o Senhor Jesus, porta de salva\u00e7\u00e3o; com Ele, a Igreja tem por miss\u00e3o anunciar sempre, em toda a parte e a todos, como sendo a nossa esperan\u00e7a.&#8221;<\/p>\n<p>\u00c9 com grande alegria e reconhecimento que o Senhor Patriarca de Lisboa, D. Rui Val\u00e9rio, escolheu este vener\u00e1vel templo para Santu\u00e1rio Jubilar da Diocese de Lisboa. Esta designa\u00e7\u00e3o confere ao Santu\u00e1rio de Nossa Senhora da Rocha um papel central nas celebra\u00e7\u00f5es diocesanas do Ano Jubilar.<\/p>\n<p>A solene celebra\u00e7\u00e3o de abertura da Porta Jubilar, no Santu\u00e1rio de Nossa Senhora da Rocha, ocorreu a 12 de dezembro de 2024, presidida por D. Joaquim Mendes. Desde ent\u00e3o, e ao longo de todo este ano, o Santu\u00e1rio tem sido e continuar\u00e1 a ser um espa\u00e7o privilegiado de peregrina\u00e7\u00e3o e encontro espiritual para todos os fi\u00e9is que aqui se deslocam.<\/p>\n<p>Este acontecimento revestiu-se de um significado particular para as nossas comunidades que, reunindo muitos fi\u00e9is das 13 par\u00f3quias do Munic\u00edpio, assinalou, assim, a abertura do Ano Jubilar neste espa\u00e7o de f\u00e9 e acolhimento. Apesar dos constrangimentos impostos pelas obras em curso, o Santu\u00e1rio consolidou-se como um local de peregrina\u00e7\u00e3o e espiritualidade, atraindo muitos que, aos domingos, procuravam um encontro vivo e pessoal com o Senhor Jesus, a &#8220;porta de salva\u00e7\u00e3o&#8221;.<\/p>\n<p>O Santu\u00e1rio Jubilar simboliza n\u00e3o apenas uma profunda renova\u00e7\u00e3o espiritual, mas tamb\u00e9m um convite ao di\u00e1logo construtivo e \u00e0 colabora\u00e7\u00e3o entre as diversas entidades do nosso Munic\u00edpio, promovendo um ambiente de respeito m\u00fatuo e harmonia, essenciais para a promo\u00e7\u00e3o da paz, da solidariedade e da uni\u00e3o entre todos os cidad\u00e3os. O Santu\u00e1rio da Rocha emerge, assim, como um sinal de fortalecimento dos la\u00e7os comunit\u00e1rios e um incentivo \u00e0 viv\u00eancia de valores humanos e espirituais.<\/p>\n<p>Esta voca\u00e7\u00e3o de catalisador da f\u00e9 e da comunidade n\u00e3o \u00e9 nova. Remonta a 31 de maio de 1822, aquando da descoberta da &#8220;pequena grande imagem da Senhora&#8221; por um grupo de adolescentes de Linda-a-Pastora \u2013 Nicolau Francisco, Joaquim Nunes, Joaquim Ant\u00f3nio Silva, Ant\u00f3nio de Carvalho, Diogo, Jos\u00e9 da Costa e Sim\u00e3o Rodrigues. Desde ent\u00e3o, a sua influ\u00eancia estendeu-se \u00e0 popula\u00e7\u00e3o de Carnaxide e comunidades vizinhas, \u00e0 diocese do Patriarcado de Lisboa, abrangendo desde as gentes mais humildes \u00e0 burguesia, ao clero, \u00e0 nobreza e at\u00e9 \u00e0 Casa Real.<\/p>\n<p>\u00c9 not\u00e1vel a fecunda revitaliza\u00e7\u00e3o da f\u00e9 que se gerou \u00e0 sua volta, n\u00e3o passando despercebida e sendo registada nas cr\u00f3nicas da \u00e9poca por ilustres homens das Letras, como Tom\u00e1s Ribeiro, Ces\u00e1rio Verde, Pinheiro Chagas, Camilo Castelo Branco e E\u00e7a de Queir\u00f3s.<\/p>\n<p>Expressamos a nossa profunda gratid\u00e3o ao Munic\u00edpio de Oeiras, na pessoa do seu Presidente, Dr. Isaltino Morais, por esta excelente obra de requalifica\u00e7\u00e3o do jardim e do espa\u00e7o envolvente do Santu\u00e1rio. Esta interven\u00e7\u00e3o tornou este lugar emblem\u00e1tico ainda mais belo e acolhedor, e, sem d\u00favida alguma, ir\u00e1 consolid\u00e1-lo como um polo de muitas peregrina\u00e7\u00f5es e de encontro espiritual com Maria e o Senhor Jesus. Destacamos as palavras do nosso Presidente, que refor\u00e7ou a sua vis\u00e3o para este espa\u00e7o: &#8220;para cada mun\u00edcipe e visitante que este espa\u00e7o seja um verdadeiro ref\u00fagio de tranquilidade, um ponto de encontro entre f\u00e9 e natureza, e um testemunho vivo do respeito e do orgulho que nutrimos pelas nossas ra\u00edzes.&#8221;<\/p>\n<p>Tom\u00e1s Ribeiro, carinhosamente conhecido pelos seus contempor\u00e2neos como o &#8220;Tom\u00e1s da Aparecida&#8221;, foi um grande mentor deste Santu\u00e1rio e dos seus jardins envolventes, dedicando-lhe uma dedica\u00e7\u00e3o exemplar. Ele classificou este local como o &#8220;el dourado do sil\u00eancio e da ora\u00e7\u00e3o&#8221;. Com certeza, sentir-se-ia imensamente feliz por esta grande obra que acab\u00e1mos de inaugurar, vendo o seu legado e vis\u00e3o plenamente concretizados..<\/p>\n<p>Bem haja, Sr. Presidente!<\/p>\n<p style=\"text-align: right;\"><em>Pe. Alexandre F. Santos, Reitor do Santu\u00e1rio<\/em><\/p>\n<p>&nbsp;<\/p>\n","protected":false},"excerpt":{"rendered":"<p>O Santu\u00e1rio de Nossa Senhora da Concei\u00e7\u00e3o da Rocha, em Queijas, foi palco de uma cerim\u00f3nia memor\u00e1vel na noite de [&hellip;]<\/p>\n","protected":false},"author":3,"featured_media":4238,"comment_status":"closed","ping_status":"closed","sticky":false,"template":"","format":"standard","meta":{"site-sidebar-layout":"default","site-content-layout":"","ast-site-content-layout":"default","site-content-style":"default","site-sidebar-style":"default","ast-global-header-display":"","ast-banner-title-visibility":"","ast-main-header-display":"","ast-hfb-above-header-display":"","ast-hfb-below-header-display":"","ast-hfb-mobile-header-display":"","site-post-title":"","ast-breadcrumbs-content":"","ast-featured-img":"","footer-sml-layout":"","ast-disable-related-posts":"","theme-transparent-header-meta":"default","adv-header-id-meta":"","stick-header-meta":"default","header-above-stick-meta":"","header-main-stick-meta":"","header-below-stick-meta":"","astra-migrate-meta-layouts":"set","ast-page-background-enabled":"default","ast-page-background-meta":{"desktop":{"background-color":"var(--ast-global-color-5)","background-image":"","background-repeat":"repeat","background-position":"center center","background-size":"auto","background-attachment":"scroll","background-type":"","background-media":"","overlay-type":"","overlay-color":"","overlay-opacity":"","overlay-gradient":""},"tablet":{"background-color":"","background-image":"","background-repeat":"repeat","background-position":"center center","background-size":"auto","background-attachment":"scroll","background-type":"","background-media":"","overlay-type":"","overlay-color":"","overlay-opacity":"","overlay-gradient":""},"mobile":{"background-color":"","background-image":"","background-repeat":"repeat","background-position":"center center","background-size":"auto","background-attachment":"scroll","background-type":"","background-media":"","overlay-type":"","overlay-color":"","overlay-opacity":"","overlay-gradient":""}},"ast-content-background-meta":{"desktop":{"background-color":"var(--ast-global-color-4)","background-image":"","background-repeat":"repeat","background-position":"center center","background-size":"auto","background-attachment":"scroll","background-type":"","background-media":"","overlay-type":"","overlay-color":"","overlay-opacity":"","overlay-gradient":""},"tablet":{"background-color":"var(--ast-global-color-4)","background-image":"","background-repeat":"repeat","background-position":"center center","background-size":"auto","background-attachment":"scroll","background-type":"","background-media":"","overlay-type":"","overlay-color":"","overlay-opacity":"","overlay-gradient":""},"mobile":{"background-color":"var(--ast-global-color-4)","background-image":"","background-repeat":"repeat","background-position":"center center","background-size":"auto","background-attachment":"scroll","background-type":"","background-media":"","overlay-type":"","overlay-color":"","overlay-opacity":"","overlay-gradient":""}},"footnotes":""},"categories":[36],"tags":[],"class_list":["post-4237","post","type-post","status-publish","format-standard","has-post-thumbnail","hentry","category-santuario-da-rocha"],"yoast_head":"<!-- This site is optimized with the Yoast SEO plugin v27.4 - https:\/\/yoast.com\/product\/yoast-seo-wordpress\/ -->\n<title>Santu\u00e1rio da Rocha renasce com Obras de Requalifica\u00e7\u00e3o Inauguradas - Paroquia de Queijas<\/title>\n<meta name=\"robots\" content=\"index, follow, max-snippet:-1, max-image-preview:large, max-video-preview:-1\" \/>\n<link rel=\"canonical\" href=\"https:\/\/paroquiaqueijas.net\/portal\/santuario-da-rocha-renasce-com-obras-de-requalificacao-inauguradas\/\" \/>\n<meta property=\"og:locale\" content=\"pt_PT\" \/>\n<meta property=\"og:type\" content=\"article\" \/>\n<meta property=\"og:title\" content=\"Santu\u00e1rio da Rocha renasce com Obras de Requalifica\u00e7\u00e3o Inauguradas - Paroquia de Queijas\" \/>\n<meta property=\"og:description\" content=\"O Santu\u00e1rio de Nossa Senhora da Concei\u00e7\u00e3o da Rocha, em Queijas, foi palco de uma cerim\u00f3nia memor\u00e1vel na noite de [&hellip;]\" \/>\n<meta property=\"og:url\" content=\"https:\/\/paroquiaqueijas.net\/portal\/santuario-da-rocha-renasce-com-obras-de-requalificacao-inauguradas\/\" \/>\n<meta property=\"og:site_name\" content=\"Paroquia de Queijas\" \/>\n<meta property=\"article:publisher\" content=\"https:\/\/www.facebook.com\/paroquiaqueijas\/\" \/>\n<meta property=\"article:published_time\" content=\"2025-07-09T17:14:22+00:00\" \/>\n<meta property=\"article:modified_time\" content=\"2026-04-27T18:42:07+00:00\" \/>\n<meta property=\"og:image\" content=\"https:\/\/paroquiaqueijas.net\/portal\/wp-content\/uploads\/2026\/04\/Santuario_Rocha25.jpg\" \/>\n\t<meta property=\"og:image:width\" content=\"1300\" \/>\n\t<meta property=\"og:image:height\" content=\"867\" \/>\n\t<meta property=\"og:image:type\" content=\"image\/jpeg\" \/>\n<meta name=\"author\" content=\"Paroquia de Queijas\" \/>\n<meta name=\"twitter:card\" content=\"summary_large_image\" \/>\n<meta name=\"twitter:label1\" content=\"Escrito por\" \/>\n\t<meta name=\"twitter:data1\" content=\"Paroquia de Queijas\" \/>\n\t<meta name=\"twitter:label2\" content=\"Tempo estimado de leitura\" \/>\n\t<meta name=\"twitter:data2\" content=\"8 minutos\" \/>\n<script type=\"application\/ld+json\" class=\"yoast-schema-graph\">{\"@context\":\"https:\\\/\\\/schema.org\",\"@graph\":[{\"@type\":\"Article\",\"@id\":\"https:\\\/\\\/paroquiaqueijas.net\\\/portal\\\/santuario-da-rocha-renasce-com-obras-de-requalificacao-inauguradas\\\/#article\",\"isPartOf\":{\"@id\":\"https:\\\/\\\/paroquiaqueijas.net\\\/portal\\\/santuario-da-rocha-renasce-com-obras-de-requalificacao-inauguradas\\\/\"},\"author\":{\"name\":\"Paroquia de Queijas\",\"@id\":\"https:\\\/\\\/paroquiaqueijas.net\\\/portal\\\/#\\\/schema\\\/person\\\/57aeaa03ae8c3ebb30f41cf0af2d0e04\"},\"headline\":\"Santu\u00e1rio da Rocha renasce com Obras de Requalifica\u00e7\u00e3o Inauguradas\",\"datePublished\":\"2025-07-09T17:14:22+00:00\",\"dateModified\":\"2026-04-27T18:42:07+00:00\",\"mainEntityOfPage\":{\"@id\":\"https:\\\/\\\/paroquiaqueijas.net\\\/portal\\\/santuario-da-rocha-renasce-com-obras-de-requalificacao-inauguradas\\\/\"},\"wordCount\":1512,\"publisher\":{\"@id\":\"https:\\\/\\\/paroquiaqueijas.net\\\/portal\\\/#organization\"},\"image\":{\"@id\":\"https:\\\/\\\/paroquiaqueijas.net\\\/portal\\\/santuario-da-rocha-renasce-com-obras-de-requalificacao-inauguradas\\\/#primaryimage\"},\"thumbnailUrl\":\"https:\\\/\\\/paroquiaqueijas.net\\\/portal\\\/wp-content\\\/uploads\\\/2026\\\/04\\\/Santuario_Rocha25.jpg\",\"articleSection\":[\"Santu\u00e1rio da Rocha\"],\"inLanguage\":\"pt-PT\"},{\"@type\":\"WebPage\",\"@id\":\"https:\\\/\\\/paroquiaqueijas.net\\\/portal\\\/santuario-da-rocha-renasce-com-obras-de-requalificacao-inauguradas\\\/\",\"url\":\"https:\\\/\\\/paroquiaqueijas.net\\\/portal\\\/santuario-da-rocha-renasce-com-obras-de-requalificacao-inauguradas\\\/\",\"name\":\"Santu\u00e1rio da Rocha renasce com Obras de Requalifica\u00e7\u00e3o Inauguradas - Paroquia de Queijas\",\"isPartOf\":{\"@id\":\"https:\\\/\\\/paroquiaqueijas.net\\\/portal\\\/#website\"},\"primaryImageOfPage\":{\"@id\":\"https:\\\/\\\/paroquiaqueijas.net\\\/portal\\\/santuario-da-rocha-renasce-com-obras-de-requalificacao-inauguradas\\\/#primaryimage\"},\"image\":{\"@id\":\"https:\\\/\\\/paroquiaqueijas.net\\\/portal\\\/santuario-da-rocha-renasce-com-obras-de-requalificacao-inauguradas\\\/#primaryimage\"},\"thumbnailUrl\":\"https:\\\/\\\/paroquiaqueijas.net\\\/portal\\\/wp-content\\\/uploads\\\/2026\\\/04\\\/Santuario_Rocha25.jpg\",\"datePublished\":\"2025-07-09T17:14:22+00:00\",\"dateModified\":\"2026-04-27T18:42:07+00:00\",\"breadcrumb\":{\"@id\":\"https:\\\/\\\/paroquiaqueijas.net\\\/portal\\\/santuario-da-rocha-renasce-com-obras-de-requalificacao-inauguradas\\\/#breadcrumb\"},\"inLanguage\":\"pt-PT\",\"potentialAction\":[{\"@type\":\"ReadAction\",\"target\":[\"https:\\\/\\\/paroquiaqueijas.net\\\/portal\\\/santuario-da-rocha-renasce-com-obras-de-requalificacao-inauguradas\\\/\"]}]},{\"@type\":\"ImageObject\",\"inLanguage\":\"pt-PT\",\"@id\":\"https:\\\/\\\/paroquiaqueijas.net\\\/portal\\\/santuario-da-rocha-renasce-com-obras-de-requalificacao-inauguradas\\\/#primaryimage\",\"url\":\"https:\\\/\\\/paroquiaqueijas.net\\\/portal\\\/wp-content\\\/uploads\\\/2026\\\/04\\\/Santuario_Rocha25.jpg\",\"contentUrl\":\"https:\\\/\\\/paroquiaqueijas.net\\\/portal\\\/wp-content\\\/uploads\\\/2026\\\/04\\\/Santuario_Rocha25.jpg\",\"width\":1300,\"height\":867},{\"@type\":\"BreadcrumbList\",\"@id\":\"https:\\\/\\\/paroquiaqueijas.net\\\/portal\\\/santuario-da-rocha-renasce-com-obras-de-requalificacao-inauguradas\\\/#breadcrumb\",\"itemListElement\":[{\"@type\":\"ListItem\",\"position\":1,\"name\":\"In\u00edcio\",\"item\":\"https:\\\/\\\/paroquiaqueijas.net\\\/portal\\\/\"},{\"@type\":\"ListItem\",\"position\":2,\"name\":\"Santu\u00e1rio da Rocha renasce com Obras de Requalifica\u00e7\u00e3o Inauguradas\"}]},{\"@type\":\"WebSite\",\"@id\":\"https:\\\/\\\/paroquiaqueijas.net\\\/portal\\\/#website\",\"url\":\"https:\\\/\\\/paroquiaqueijas.net\\\/portal\\\/\",\"name\":\"Paroquia de Queijas\",\"description\":\"\",\"publisher\":{\"@id\":\"https:\\\/\\\/paroquiaqueijas.net\\\/portal\\\/#organization\"},\"potentialAction\":[{\"@type\":\"SearchAction\",\"target\":{\"@type\":\"EntryPoint\",\"urlTemplate\":\"https:\\\/\\\/paroquiaqueijas.net\\\/portal\\\/?s={search_term_string}\"},\"query-input\":{\"@type\":\"PropertyValueSpecification\",\"valueRequired\":true,\"valueName\":\"search_term_string\"}}],\"inLanguage\":\"pt-PT\"},{\"@type\":\"Organization\",\"@id\":\"https:\\\/\\\/paroquiaqueijas.net\\\/portal\\\/#organization\",\"name\":\"Paroquia de Queijas\",\"url\":\"https:\\\/\\\/paroquiaqueijas.net\\\/portal\\\/\",\"logo\":{\"@type\":\"ImageObject\",\"inLanguage\":\"pt-PT\",\"@id\":\"https:\\\/\\\/paroquiaqueijas.net\\\/portal\\\/#\\\/schema\\\/logo\\\/image\\\/\",\"url\":\"https:\\\/\\\/paroquiaqueijas.net\\\/portal\\\/wp-content\\\/uploads\\\/2026\\\/03\\\/LogoQueijas_novo.png\",\"contentUrl\":\"https:\\\/\\\/paroquiaqueijas.net\\\/portal\\\/wp-content\\\/uploads\\\/2026\\\/03\\\/LogoQueijas_novo.png\",\"width\":520,\"height\":519,\"caption\":\"Paroquia de Queijas\"},\"image\":{\"@id\":\"https:\\\/\\\/paroquiaqueijas.net\\\/portal\\\/#\\\/schema\\\/logo\\\/image\\\/\"},\"sameAs\":[\"https:\\\/\\\/www.facebook.com\\\/paroquiaqueijas\\\/\"]},{\"@type\":\"Person\",\"@id\":\"https:\\\/\\\/paroquiaqueijas.net\\\/portal\\\/#\\\/schema\\\/person\\\/57aeaa03ae8c3ebb30f41cf0af2d0e04\",\"name\":\"Paroquia de Queijas\",\"image\":{\"@type\":\"ImageObject\",\"inLanguage\":\"pt-PT\",\"@id\":\"https:\\\/\\\/secure.gravatar.com\\\/avatar\\\/9054e5b42134b7f2a7dd69562c24dea8c0f98e7a4706902d5e715ee28532937b?s=96&d=mm&r=g\",\"url\":\"https:\\\/\\\/secure.gravatar.com\\\/avatar\\\/9054e5b42134b7f2a7dd69562c24dea8c0f98e7a4706902d5e715ee28532937b?s=96&d=mm&r=g\",\"contentUrl\":\"https:\\\/\\\/secure.gravatar.com\\\/avatar\\\/9054e5b42134b7f2a7dd69562c24dea8c0f98e7a4706902d5e715ee28532937b?s=96&d=mm&r=g\",\"caption\":\"Paroquia de Queijas\"},\"sameAs\":[\"https:\\\/\\\/paroquiaqueijas.net\\\/\"],\"url\":\"https:\\\/\\\/paroquiaqueijas.net\\\/portal\\\/author\\\/xadmin\\\/\"}]}<\/script>\n<!-- \/ Yoast SEO plugin. -->","yoast_head_json":{"title":"Santu\u00e1rio da Rocha renasce com Obras de Requalifica\u00e7\u00e3o Inauguradas - Paroquia de Queijas","robots":{"index":"index","follow":"follow","max-snippet":"max-snippet:-1","max-image-preview":"max-image-preview:large","max-video-preview":"max-video-preview:-1"},"canonical":"https:\/\/paroquiaqueijas.net\/portal\/santuario-da-rocha-renasce-com-obras-de-requalificacao-inauguradas\/","og_locale":"pt_PT","og_type":"article","og_title":"Santu\u00e1rio da Rocha renasce com Obras de Requalifica\u00e7\u00e3o Inauguradas - Paroquia de Queijas","og_description":"O Santu\u00e1rio de Nossa Senhora da Concei\u00e7\u00e3o da Rocha, em Queijas, foi palco de uma cerim\u00f3nia memor\u00e1vel na noite de [&hellip;]","og_url":"https:\/\/paroquiaqueijas.net\/portal\/santuario-da-rocha-renasce-com-obras-de-requalificacao-inauguradas\/","og_site_name":"Paroquia de Queijas","article_publisher":"https:\/\/www.facebook.com\/paroquiaqueijas\/","article_published_time":"2025-07-09T17:14:22+00:00","article_modified_time":"2026-04-27T18:42:07+00:00","og_image":[{"width":1300,"height":867,"url":"https:\/\/paroquiaqueijas.net\/portal\/wp-content\/uploads\/2026\/04\/Santuario_Rocha25.jpg","type":"image\/jpeg"}],"author":"Paroquia de Queijas","twitter_card":"summary_large_image","twitter_misc":{"Escrito por":"Paroquia de Queijas","Tempo estimado de leitura":"8 minutos"},"schema":{"@context":"https:\/\/schema.org","@graph":[{"@type":"Article","@id":"https:\/\/paroquiaqueijas.net\/portal\/santuario-da-rocha-renasce-com-obras-de-requalificacao-inauguradas\/#article","isPartOf":{"@id":"https:\/\/paroquiaqueijas.net\/portal\/santuario-da-rocha-renasce-com-obras-de-requalificacao-inauguradas\/"},"author":{"name":"Paroquia de Queijas","@id":"https:\/\/paroquiaqueijas.net\/portal\/#\/schema\/person\/57aeaa03ae8c3ebb30f41cf0af2d0e04"},"headline":"Santu\u00e1rio da Rocha renasce com Obras de Requalifica\u00e7\u00e3o Inauguradas","datePublished":"2025-07-09T17:14:22+00:00","dateModified":"2026-04-27T18:42:07+00:00","mainEntityOfPage":{"@id":"https:\/\/paroquiaqueijas.net\/portal\/santuario-da-rocha-renasce-com-obras-de-requalificacao-inauguradas\/"},"wordCount":1512,"publisher":{"@id":"https:\/\/paroquiaqueijas.net\/portal\/#organization"},"image":{"@id":"https:\/\/paroquiaqueijas.net\/portal\/santuario-da-rocha-renasce-com-obras-de-requalificacao-inauguradas\/#primaryimage"},"thumbnailUrl":"https:\/\/paroquiaqueijas.net\/portal\/wp-content\/uploads\/2026\/04\/Santuario_Rocha25.jpg","articleSection":["Santu\u00e1rio da Rocha"],"inLanguage":"pt-PT"},{"@type":"WebPage","@id":"https:\/\/paroquiaqueijas.net\/portal\/santuario-da-rocha-renasce-com-obras-de-requalificacao-inauguradas\/","url":"https:\/\/paroquiaqueijas.net\/portal\/santuario-da-rocha-renasce-com-obras-de-requalificacao-inauguradas\/","name":"Santu\u00e1rio da Rocha renasce com Obras de Requalifica\u00e7\u00e3o Inauguradas - Paroquia de Queijas","isPartOf":{"@id":"https:\/\/paroquiaqueijas.net\/portal\/#website"},"primaryImageOfPage":{"@id":"https:\/\/paroquiaqueijas.net\/portal\/santuario-da-rocha-renasce-com-obras-de-requalificacao-inauguradas\/#primaryimage"},"image":{"@id":"https:\/\/paroquiaqueijas.net\/portal\/santuario-da-rocha-renasce-com-obras-de-requalificacao-inauguradas\/#primaryimage"},"thumbnailUrl":"https:\/\/paroquiaqueijas.net\/portal\/wp-content\/uploads\/2026\/04\/Santuario_Rocha25.jpg","datePublished":"2025-07-09T17:14:22+00:00","dateModified":"2026-04-27T18:42:07+00:00","breadcrumb":{"@id":"https:\/\/paroquiaqueijas.net\/portal\/santuario-da-rocha-renasce-com-obras-de-requalificacao-inauguradas\/#breadcrumb"},"inLanguage":"pt-PT","potentialAction":[{"@type":"ReadAction","target":["https:\/\/paroquiaqueijas.net\/portal\/santuario-da-rocha-renasce-com-obras-de-requalificacao-inauguradas\/"]}]},{"@type":"ImageObject","inLanguage":"pt-PT","@id":"https:\/\/paroquiaqueijas.net\/portal\/santuario-da-rocha-renasce-com-obras-de-requalificacao-inauguradas\/#primaryimage","url":"https:\/\/paroquiaqueijas.net\/portal\/wp-content\/uploads\/2026\/04\/Santuario_Rocha25.jpg","contentUrl":"https:\/\/paroquiaqueijas.net\/portal\/wp-content\/uploads\/2026\/04\/Santuario_Rocha25.jpg","width":1300,"height":867},{"@type":"BreadcrumbList","@id":"https:\/\/paroquiaqueijas.net\/portal\/santuario-da-rocha-renasce-com-obras-de-requalificacao-inauguradas\/#breadcrumb","itemListElement":[{"@type":"ListItem","position":1,"name":"In\u00edcio","item":"https:\/\/paroquiaqueijas.net\/portal\/"},{"@type":"ListItem","position":2,"name":"Santu\u00e1rio da Rocha renasce com Obras de Requalifica\u00e7\u00e3o Inauguradas"}]},{"@type":"WebSite","@id":"https:\/\/paroquiaqueijas.net\/portal\/#website","url":"https:\/\/paroquiaqueijas.net\/portal\/","name":"Paroquia de Queijas","description":"","publisher":{"@id":"https:\/\/paroquiaqueijas.net\/portal\/#organization"},"potentialAction":[{"@type":"SearchAction","target":{"@type":"EntryPoint","urlTemplate":"https:\/\/paroquiaqueijas.net\/portal\/?s={search_term_string}"},"query-input":{"@type":"PropertyValueSpecification","valueRequired":true,"valueName":"search_term_string"}}],"inLanguage":"pt-PT"},{"@type":"Organization","@id":"https:\/\/paroquiaqueijas.net\/portal\/#organization","name":"Paroquia de Queijas","url":"https:\/\/paroquiaqueijas.net\/portal\/","logo":{"@type":"ImageObject","inLanguage":"pt-PT","@id":"https:\/\/paroquiaqueijas.net\/portal\/#\/schema\/logo\/image\/","url":"https:\/\/paroquiaqueijas.net\/portal\/wp-content\/uploads\/2026\/03\/LogoQueijas_novo.png","contentUrl":"https:\/\/paroquiaqueijas.net\/portal\/wp-content\/uploads\/2026\/03\/LogoQueijas_novo.png","width":520,"height":519,"caption":"Paroquia de Queijas"},"image":{"@id":"https:\/\/paroquiaqueijas.net\/portal\/#\/schema\/logo\/image\/"},"sameAs":["https:\/\/www.facebook.com\/paroquiaqueijas\/"]},{"@type":"Person","@id":"https:\/\/paroquiaqueijas.net\/portal\/#\/schema\/person\/57aeaa03ae8c3ebb30f41cf0af2d0e04","name":"Paroquia de Queijas","image":{"@type":"ImageObject","inLanguage":"pt-PT","@id":"https:\/\/secure.gravatar.com\/avatar\/9054e5b42134b7f2a7dd69562c24dea8c0f98e7a4706902d5e715ee28532937b?s=96&d=mm&r=g","url":"https:\/\/secure.gravatar.com\/avatar\/9054e5b42134b7f2a7dd69562c24dea8c0f98e7a4706902d5e715ee28532937b?s=96&d=mm&r=g","contentUrl":"https:\/\/secure.gravatar.com\/avatar\/9054e5b42134b7f2a7dd69562c24dea8c0f98e7a4706902d5e715ee28532937b?s=96&d=mm&r=g","caption":"Paroquia de Queijas"},"sameAs":["https:\/\/paroquiaqueijas.net\/"],"url":"https:\/\/paroquiaqueijas.net\/portal\/author\/xadmin\/"}]}},"_links":{"self":[{"href":"https:\/\/paroquiaqueijas.net\/portal\/wp-json\/wp\/v2\/posts\/4237","targetHints":{"allow":["GET"]}}],"collection":[{"href":"https:\/\/paroquiaqueijas.net\/portal\/wp-json\/wp\/v2\/posts"}],"about":[{"href":"https:\/\/paroquiaqueijas.net\/portal\/wp-json\/wp\/v2\/types\/post"}],"author":[{"embeddable":true,"href":"https:\/\/paroquiaqueijas.net\/portal\/wp-json\/wp\/v2\/users\/3"}],"replies":[{"embeddable":true,"href":"https:\/\/paroquiaqueijas.net\/portal\/wp-json\/wp\/v2\/comments?post=4237"}],"version-history":[{"count":5,"href":"https:\/\/paroquiaqueijas.net\/portal\/wp-json\/wp\/v2\/posts\/4237\/revisions"}],"predecessor-version":[{"id":4243,"href":"https:\/\/paroquiaqueijas.net\/portal\/wp-json\/wp\/v2\/posts\/4237\/revisions\/4243"}],"wp:featuredmedia":[{"embeddable":true,"href":"https:\/\/paroquiaqueijas.net\/portal\/wp-json\/wp\/v2\/media\/4238"}],"wp:attachment":[{"href":"https:\/\/paroquiaqueijas.net\/portal\/wp-json\/wp\/v2\/media?parent=4237"}],"wp:term":[{"taxonomy":"category","embeddable":true,"href":"https:\/\/paroquiaqueijas.net\/portal\/wp-json\/wp\/v2\/categories?post=4237"},{"taxonomy":"post_tag","embeddable":true,"href":"https:\/\/paroquiaqueijas.net\/portal\/wp-json\/wp\/v2\/tags?post=4237"}],"curies":[{"name":"wp","href":"https:\/\/api.w.org\/{rel}","templated":true}]}}