{"id":45,"date":"2008-08-11T22:13:58","date_gmt":"2008-08-11T22:13:58","guid":{"rendered":"https:\/\/paroquiaqueijas.net\/site\/?p=45"},"modified":"2026-04-16T20:29:29","modified_gmt":"2026-04-16T20:29:29","slug":"reconciliacao","status":"publish","type":"post","link":"https:\/\/paroquiaqueijas.net\/portal\/reconciliacao\/","title":{"rendered":"Sacramento da Reconcilia\u00e7\u00e3o"},"content":{"rendered":"<p><img fetchpriority=\"high\" decoding=\"async\" class=\"alignright wp-image-44\" style=\"margin-left: 8px; float: right;\" src=\"https:\/\/paroquiaqueijas.net\/portal\/wp-content\/uploads\/2008\/08\/pen01a.jpg\" alt=\"pen01a\" width=\"500\" height=\"447\" \/><\/p>\n<p>\u00abDisse-lhe ent\u00e3o Jesus: \u201cTamb\u00e9m Eu n\u00e3o te condeno. Vai e de agora em diante n\u00e3o tornes a pecar.&#8221;\u00bb <span style=\"font-size: 10pt;\">(Jo 8,11)<\/span><\/p>\n<p>O Sacramento da Reconcilia\u00e7\u00e3o, ou da Penit\u00eancia, \u00e9 assim chamado porque nos reconcilia n\u00e3o s\u00f3 com Deus, mas tamb\u00e9m com a comunidade eclesial e connosco mesmos. \u00c9 o sacramento pelo qual recebemos o perd\u00e3o espiritual de Deus pelos pecados cometidos<\/p>\n<p>Como membros do Corpo de Cristo, tudo quanto fazemos influencia todo esse Corpo. O pecado fere e enfraquece o Corpo de Cristo que \u00e9 a Igreja. O dom da cura que alcan\u00e7amos na Penit\u00eancia restaura a sa\u00fade e a energia tanto da Igreja como de n\u00f3s mesmos. Quando algu\u00e9m se desvia do amor de Deus ou o abandona, o dano recai sobre o pecador. O pecado venial enfraquece o nosso relacionamento com Deus. O pecado mortal rompe esse relacionamento.<\/p>\n<p>Gra\u00e7as ao amor misericordioso de Deus n\u00e3o h\u00e1 pecado que n\u00e3o possa p\u00f5e Ele ser perdoado, nem pecador que seja posto de lado. Todas as pessoas que se arrependem ser\u00e3o recebidas por Jesus Cristo, com perd\u00e3o e imenso amor.<br \/>\nO poder de perdoar os pecados foi dado por Jesus aos Ap\u00f3stolos: \u00abRecebei o Esp\u00edrito Santo. \u00c0queles a quem perdoares, ficar\u00e3o perdoados; \u00e0queles a quem os retiverdes, ficar\u00e3o retidos.\u00bb <span style=\"font-size: 8pt;\">(Jo 20,22-23)<\/span><\/p>\n<p>Constituem partes do <strong>sacramento da Reconcilia\u00e7\u00e3o<\/strong>:<\/p>\n<p><strong>1<\/strong>. Exame de consci\u00eancia<br \/>\nCondi\u00e7\u00e3o indispens\u00e1vel para uma confiss\u00e3o bem feita \u00e9 o exame de consci\u00eancia, que se traduz num confronto sincero e sereno com a lei moral interior, com as normas evang\u00e9licas propostas pela Igreja, com o pr\u00f3prio Jesus Cristo que \u00e9 para n\u00f3s Mestre e modelo de vida<\/p>\n<p><strong>2<\/strong>. Contri\u00e7\u00e3o<br \/>\nDiz o Catecismo da Igreja Cat\u00f3lica (1451) que a contri\u00e7\u00e3o \u00e9 &#8220;uma dor de alma e uma detesta\u00e7\u00e3o do pecado cometido, com o prop\u00f3sito de n\u00e3o mais pecar no futuro&#8221;.<br \/>\nA contri\u00e7\u00e3o \u00e9, pois, uma recusa do pecado e o firme prop\u00f3sito de n\u00e3o voltar a pecar.<br \/>\n<strong><i>Ato de contri\u00e7\u00e3o<\/i><\/strong><i>: Meu Deus, porque sois infinitamente bom e Vos amo de todo o cora\u00e7\u00e3o, pesa-me de Vos ter ofendido e, com o aux\u00edlio da Vossa divina gra\u00e7a, proponho firmemente emendar-me e nunca mais Vos tornar a ofender. Pe\u00e7o e espero o perd\u00e3o dos meus pecados pela Vossa infinita miseric\u00f3rdia. Amen.<\/i><\/p>\n<p><strong>3<\/strong>. Confiss\u00e3o dos pecados<br \/>\nConstitui uma acusa\u00e7\u00e3o espont\u00e2nea de todos os pecados ao confessor. \u00c9 o resultado de uma atitude de entrega, confiando plenamente na miseric\u00f3rdia de Deus. A confiss\u00e3o \u00e9, portanto, o encontro com o perd\u00e3o divino, que nos \u00e9 oferecido em Jesus e nos foi transmitido mediante o minist\u00e9rio da Igreja.<br \/>\nA Igreja recomenda a confiss\u00e3o regular \u2013 mesmo que n\u00e3o haja pecados mortais \u2013, porque na confiss\u00e3o Jesus vai-nos curando e moldando o nosso cora\u00e7\u00e3o, atraindo-nos cada vez mais para Si.<\/p>\n<p><strong>4<\/strong>. O perd\u00e3o<br \/>\n\u00c9 o momento em que se experimenta o contacto com o poder e a miseric\u00f3rdia de Deus, atrav\u00e9s do sacerdote, que nos devolve \u00e0 vida, deixando para tr\u00e1s as trevas e voltando \u00e0 luz.<br \/>\nO sacerdote pronuncia a absolvi\u00e7\u00e3o: &#8220;Deus, Pai de miseric\u00f3rdia, que pela morte e ressurrei\u00e7\u00e3o de Seu Filho reconciliou o mundo consigo, e infundiu o Esp\u00edrito Santo para remiss\u00e3o dos pecados, te conceda, pelo minist\u00e9rio da Igreja, o perd\u00e3o e a paz. E eu te absolvo dos teus pecados em nome do Pai, do Filho e do Esp\u00edrito Santo.&#8221;<\/p>\n<p><strong>5<\/strong>. A penit\u00eancia<br \/>\nA penit\u00eancia tem por miss\u00e3o conseguir a remiss\u00e3o das penas temporais que, depois da remiss\u00e3o dos pecados, ficam ainda por expiar na vida presente ou na futura. A penit\u00eancia \u00e9 a repara\u00e7\u00e3o pelos pecados cometidos.<br \/>\n\u00abA Penit\u00eancia \u00e9 a aceita\u00e7\u00e3o paciente da cruz que temos de levar. Tais penit\u00eancias ajudam-nos a configurarmo-nos com Cristo, que, sozinho, expiou os nossos pecados uma vez por todas. Tais penit\u00eancias fazem que nos tomemos co-herdeiros de Cristo Ressuscitado, uma vez que tamb\u00e9m sofremos com Ele <span style=\"font-size: 8pt;\">(Rm 8,17).<\/span>\u00bb<span style=\"font-size: 8pt;\"> (Catecismo da Igreja Cat\u00f3lica, 1460)<\/span><\/p>\n<hr \/>\n<p><strong><em>Ora\u00e7\u00e3o de S. Francisco de Assis<\/em><\/strong><\/p>\n<p><em>Senhor, fazei de mim um instrumento de vossa paz!<\/em><\/p>\n<p>Onde houver \u00f3dio, que eu leve o amor;<br \/>\nOnde houver disc\u00f3rdia, que eu leve a uni\u00e3o;<br \/>\nOnde houver d\u00favidas, que eu leve a f\u00e9;<br \/>\nOnde houver erros, que eu leve a verdade;<br \/>\nOnde houver ofensa, que eu leve o perd\u00e3o;<br \/>\nOnde houver desespero, que eu leve a esperan\u00e7a;<br \/>\nOnde houver tristeza, que eu leve a alegria;<br \/>\nOnde houver trevas, que eu leve a luz.<\/p>\n<p>\u00d3 Mestre, fazei com que eu procure mais consolar, que ser consolado;<br \/>\nCompreender, que ser compreendido;<br \/>\nAmar, que ser amado;<br \/>\nPois \u00e9 dando que se recebe;<br \/>\n\u00c9 perdoando, que se \u00e9 perdoado;<br \/>\nE \u00e9 morrendo que se vive para a vida eterna.<\/p>\n","protected":false},"excerpt":{"rendered":"<p>\u00abDisse-lhe ent\u00e3o Jesus: \u201cTamb\u00e9m Eu n\u00e3o te condeno. Vai e de agora em diante n\u00e3o tornes a pecar.&#8221;\u00bb (Jo 8,11) [&hellip;]<\/p>\n","protected":false},"author":1,"featured_media":44,"comment_status":"open","ping_status":"open","sticky":false,"template":"","format":"standard","meta":{"site-sidebar-layout":"default","site-content-layout":"","ast-site-content-layout":"default","site-content-style":"default","site-sidebar-style":"default","ast-global-header-display":"","ast-banner-title-visibility":"","ast-main-header-display":"","ast-hfb-above-header-display":"","ast-hfb-below-header-display":"","ast-hfb-mobile-header-display":"","site-post-title":"","ast-breadcrumbs-content":"","ast-featured-img":"","footer-sml-layout":"","ast-disable-related-posts":"","theme-transparent-header-meta":"default","adv-header-id-meta":"","stick-header-meta":"default","header-above-stick-meta":"","header-main-stick-meta":"","header-below-stick-meta":"","astra-migrate-meta-layouts":"set","ast-page-background-enabled":"default","ast-page-background-meta":{"desktop":{"background-color":"var(--ast-global-color-5)","background-image":"","background-repeat":"repeat","background-position":"center center","background-size":"auto","background-attachment":"scroll","background-type":"","background-media":"","overlay-type":"","overlay-color":"","overlay-opacity":"","overlay-gradient":""},"tablet":{"background-color":"","background-image":"","background-repeat":"repeat","background-position":"center center","background-size":"auto","background-attachment":"scroll","background-type":"","background-media":"","overlay-type":"","overlay-color":"","overlay-opacity":"","overlay-gradient":""},"mobile":{"background-color":"","background-image":"","background-repeat":"repeat","background-position":"center center","background-size":"auto","background-attachment":"scroll","background-type":"","background-media":"","overlay-type":"","overlay-color":"","overlay-opacity":"","overlay-gradient":""}},"ast-content-background-meta":{"desktop":{"background-color":"var(--ast-global-color-4)","background-image":"","background-repeat":"repeat","background-position":"center center","background-size":"auto","background-attachment":"scroll","background-type":"","background-media":"","overlay-type":"","overlay-color":"","overlay-opacity":"","overlay-gradient":""},"tablet":{"background-color":"var(--ast-global-color-4)","background-image":"","background-repeat":"repeat","background-position":"center center","background-size":"auto","background-attachment":"scroll","background-type":"","background-media":"","overlay-type":"","overlay-color":"","overlay-opacity":"","overlay-gradient":""},"mobile":{"background-color":"var(--ast-global-color-4)","background-image":"","background-repeat":"repeat","background-position":"center center","background-size":"auto","background-attachment":"scroll","background-type":"","background-media":"","overlay-type":"","overlay-color":"","overlay-opacity":"","overlay-gradient":""}},"footnotes":""},"categories":[6],"tags":[],"class_list":["post-45","post","type-post","status-publish","format-standard","has-post-thumbnail","hentry","category-sacramentos"],"yoast_head":"<!-- This site is optimized with the Yoast SEO plugin v27.4 - https:\/\/yoast.com\/product\/yoast-seo-wordpress\/ -->\n<title>Sacramento da Reconcilia\u00e7\u00e3o - Paroquia de Queijas<\/title>\n<meta name=\"robots\" content=\"index, follow, max-snippet:-1, max-image-preview:large, max-video-preview:-1\" \/>\n<link rel=\"canonical\" href=\"https:\/\/paroquiaqueijas.net\/portal\/reconciliacao\/\" \/>\n<meta property=\"og:locale\" content=\"pt_PT\" \/>\n<meta property=\"og:type\" content=\"article\" \/>\n<meta property=\"og:title\" content=\"Sacramento da Reconcilia\u00e7\u00e3o - Paroquia de Queijas\" \/>\n<meta property=\"og:description\" content=\"\u00abDisse-lhe ent\u00e3o Jesus: \u201cTamb\u00e9m Eu n\u00e3o te condeno. Vai e de agora em diante n\u00e3o tornes a pecar.&#8221;\u00bb (Jo 8,11) [&hellip;]\" \/>\n<meta property=\"og:url\" content=\"https:\/\/paroquiaqueijas.net\/portal\/reconciliacao\/\" \/>\n<meta property=\"og:site_name\" content=\"Paroquia de Queijas\" \/>\n<meta property=\"article:publisher\" content=\"https:\/\/www.facebook.com\/paroquiaqueijas\/\" \/>\n<meta property=\"article:published_time\" content=\"2008-08-11T22:13:58+00:00\" \/>\n<meta property=\"article:modified_time\" content=\"2026-04-16T20:29:29+00:00\" \/>\n<meta property=\"og:image\" content=\"https:\/\/paroquiaqueijas.net\/portal\/wp-content\/uploads\/2008\/08\/pen01a.jpg\" \/>\n\t<meta property=\"og:image:width\" content=\"226\" \/>\n\t<meta property=\"og:image:height\" content=\"202\" \/>\n\t<meta property=\"og:image:type\" content=\"image\/jpeg\" \/>\n<meta name=\"author\" content=\"Paroquia de Queijas\" \/>\n<meta name=\"twitter:card\" content=\"summary_large_image\" \/>\n<meta name=\"twitter:label1\" content=\"Escrito por\" \/>\n\t<meta name=\"twitter:data1\" content=\"Paroquia de Queijas\" \/>\n\t<meta name=\"twitter:label2\" content=\"Tempo estimado de leitura\" \/>\n\t<meta name=\"twitter:data2\" content=\"5 minutos\" \/>\n<script type=\"application\/ld+json\" class=\"yoast-schema-graph\">{\"@context\":\"https:\\\/\\\/schema.org\",\"@graph\":[{\"@type\":\"Article\",\"@id\":\"https:\\\/\\\/paroquiaqueijas.net\\\/portal\\\/reconciliacao\\\/#article\",\"isPartOf\":{\"@id\":\"https:\\\/\\\/paroquiaqueijas.net\\\/portal\\\/reconciliacao\\\/\"},\"author\":{\"name\":\"Paroquia de Queijas\",\"@id\":\"https:\\\/\\\/paroquiaqueijas.net\\\/portal\\\/#\\\/schema\\\/person\\\/07bb4cce216326e06b6f742b719ebec7\"},\"headline\":\"Sacramento da Reconcilia\u00e7\u00e3o\",\"datePublished\":\"2008-08-11T22:13:58+00:00\",\"dateModified\":\"2026-04-16T20:29:29+00:00\",\"mainEntityOfPage\":{\"@id\":\"https:\\\/\\\/paroquiaqueijas.net\\\/portal\\\/reconciliacao\\\/\"},\"wordCount\":821,\"commentCount\":0,\"publisher\":{\"@id\":\"https:\\\/\\\/paroquiaqueijas.net\\\/portal\\\/#organization\"},\"image\":{\"@id\":\"https:\\\/\\\/paroquiaqueijas.net\\\/portal\\\/reconciliacao\\\/#primaryimage\"},\"thumbnailUrl\":\"https:\\\/\\\/paroquiaqueijas.net\\\/portal\\\/wp-content\\\/uploads\\\/2008\\\/08\\\/pen01a.jpg\",\"articleSection\":[\"Sacramentos\"],\"inLanguage\":\"pt-PT\",\"potentialAction\":[{\"@type\":\"CommentAction\",\"name\":\"Comment\",\"target\":[\"https:\\\/\\\/paroquiaqueijas.net\\\/portal\\\/reconciliacao\\\/#respond\"]}]},{\"@type\":\"WebPage\",\"@id\":\"https:\\\/\\\/paroquiaqueijas.net\\\/portal\\\/reconciliacao\\\/\",\"url\":\"https:\\\/\\\/paroquiaqueijas.net\\\/portal\\\/reconciliacao\\\/\",\"name\":\"Sacramento da Reconcilia\u00e7\u00e3o - Paroquia de Queijas\",\"isPartOf\":{\"@id\":\"https:\\\/\\\/paroquiaqueijas.net\\\/portal\\\/#website\"},\"primaryImageOfPage\":{\"@id\":\"https:\\\/\\\/paroquiaqueijas.net\\\/portal\\\/reconciliacao\\\/#primaryimage\"},\"image\":{\"@id\":\"https:\\\/\\\/paroquiaqueijas.net\\\/portal\\\/reconciliacao\\\/#primaryimage\"},\"thumbnailUrl\":\"https:\\\/\\\/paroquiaqueijas.net\\\/portal\\\/wp-content\\\/uploads\\\/2008\\\/08\\\/pen01a.jpg\",\"datePublished\":\"2008-08-11T22:13:58+00:00\",\"dateModified\":\"2026-04-16T20:29:29+00:00\",\"breadcrumb\":{\"@id\":\"https:\\\/\\\/paroquiaqueijas.net\\\/portal\\\/reconciliacao\\\/#breadcrumb\"},\"inLanguage\":\"pt-PT\",\"potentialAction\":[{\"@type\":\"ReadAction\",\"target\":[\"https:\\\/\\\/paroquiaqueijas.net\\\/portal\\\/reconciliacao\\\/\"]}]},{\"@type\":\"ImageObject\",\"inLanguage\":\"pt-PT\",\"@id\":\"https:\\\/\\\/paroquiaqueijas.net\\\/portal\\\/reconciliacao\\\/#primaryimage\",\"url\":\"https:\\\/\\\/paroquiaqueijas.net\\\/portal\\\/wp-content\\\/uploads\\\/2008\\\/08\\\/pen01a.jpg\",\"contentUrl\":\"https:\\\/\\\/paroquiaqueijas.net\\\/portal\\\/wp-content\\\/uploads\\\/2008\\\/08\\\/pen01a.jpg\",\"width\":226,\"height\":202,\"caption\":\"pen01a\"},{\"@type\":\"BreadcrumbList\",\"@id\":\"https:\\\/\\\/paroquiaqueijas.net\\\/portal\\\/reconciliacao\\\/#breadcrumb\",\"itemListElement\":[{\"@type\":\"ListItem\",\"position\":1,\"name\":\"In\u00edcio\",\"item\":\"https:\\\/\\\/paroquiaqueijas.net\\\/portal\\\/\"},{\"@type\":\"ListItem\",\"position\":2,\"name\":\"Sacramento da Reconcilia\u00e7\u00e3o\"}]},{\"@type\":\"WebSite\",\"@id\":\"https:\\\/\\\/paroquiaqueijas.net\\\/portal\\\/#website\",\"url\":\"https:\\\/\\\/paroquiaqueijas.net\\\/portal\\\/\",\"name\":\"Paroquia de Queijas\",\"description\":\"\",\"publisher\":{\"@id\":\"https:\\\/\\\/paroquiaqueijas.net\\\/portal\\\/#organization\"},\"potentialAction\":[{\"@type\":\"SearchAction\",\"target\":{\"@type\":\"EntryPoint\",\"urlTemplate\":\"https:\\\/\\\/paroquiaqueijas.net\\\/portal\\\/?s={search_term_string}\"},\"query-input\":{\"@type\":\"PropertyValueSpecification\",\"valueRequired\":true,\"valueName\":\"search_term_string\"}}],\"inLanguage\":\"pt-PT\"},{\"@type\":\"Organization\",\"@id\":\"https:\\\/\\\/paroquiaqueijas.net\\\/portal\\\/#organization\",\"name\":\"Paroquia de Queijas\",\"url\":\"https:\\\/\\\/paroquiaqueijas.net\\\/portal\\\/\",\"logo\":{\"@type\":\"ImageObject\",\"inLanguage\":\"pt-PT\",\"@id\":\"https:\\\/\\\/paroquiaqueijas.net\\\/portal\\\/#\\\/schema\\\/logo\\\/image\\\/\",\"url\":\"https:\\\/\\\/paroquiaqueijas.net\\\/portal\\\/wp-content\\\/uploads\\\/2026\\\/03\\\/LogoQueijas_novo.png\",\"contentUrl\":\"https:\\\/\\\/paroquiaqueijas.net\\\/portal\\\/wp-content\\\/uploads\\\/2026\\\/03\\\/LogoQueijas_novo.png\",\"width\":520,\"height\":519,\"caption\":\"Paroquia de Queijas\"},\"image\":{\"@id\":\"https:\\\/\\\/paroquiaqueijas.net\\\/portal\\\/#\\\/schema\\\/logo\\\/image\\\/\"},\"sameAs\":[\"https:\\\/\\\/www.facebook.com\\\/paroquiaqueijas\\\/\"]},{\"@type\":\"Person\",\"@id\":\"https:\\\/\\\/paroquiaqueijas.net\\\/portal\\\/#\\\/schema\\\/person\\\/07bb4cce216326e06b6f742b719ebec7\",\"name\":\"Paroquia de Queijas\",\"image\":{\"@type\":\"ImageObject\",\"inLanguage\":\"pt-PT\",\"@id\":\"https:\\\/\\\/secure.gravatar.com\\\/avatar\\\/5054571ff5d2454cd50657fc4e61d0c32d7a5d0d3b36ef6c0f6e269276d13618?s=96&d=mm&r=g\",\"url\":\"https:\\\/\\\/secure.gravatar.com\\\/avatar\\\/5054571ff5d2454cd50657fc4e61d0c32d7a5d0d3b36ef6c0f6e269276d13618?s=96&d=mm&r=g\",\"contentUrl\":\"https:\\\/\\\/secure.gravatar.com\\\/avatar\\\/5054571ff5d2454cd50657fc4e61d0c32d7a5d0d3b36ef6c0f6e269276d13618?s=96&d=mm&r=g\",\"caption\":\"Paroquia de Queijas\"},\"sameAs\":[\"https:\\\/\\\/paroquiaqueijas.net\\\/site\"],\"url\":\"https:\\\/\\\/paroquiaqueijas.net\\\/portal\\\/author\\\/admin1\\\/\"}]}<\/script>\n<!-- \/ Yoast SEO plugin. -->","yoast_head_json":{"title":"Sacramento da Reconcilia\u00e7\u00e3o - Paroquia de Queijas","robots":{"index":"index","follow":"follow","max-snippet":"max-snippet:-1","max-image-preview":"max-image-preview:large","max-video-preview":"max-video-preview:-1"},"canonical":"https:\/\/paroquiaqueijas.net\/portal\/reconciliacao\/","og_locale":"pt_PT","og_type":"article","og_title":"Sacramento da Reconcilia\u00e7\u00e3o - Paroquia de Queijas","og_description":"\u00abDisse-lhe ent\u00e3o Jesus: \u201cTamb\u00e9m Eu n\u00e3o te condeno. Vai e de agora em diante n\u00e3o tornes a pecar.&#8221;\u00bb (Jo 8,11) [&hellip;]","og_url":"https:\/\/paroquiaqueijas.net\/portal\/reconciliacao\/","og_site_name":"Paroquia de Queijas","article_publisher":"https:\/\/www.facebook.com\/paroquiaqueijas\/","article_published_time":"2008-08-11T22:13:58+00:00","article_modified_time":"2026-04-16T20:29:29+00:00","og_image":[{"width":226,"height":202,"url":"https:\/\/paroquiaqueijas.net\/portal\/wp-content\/uploads\/2008\/08\/pen01a.jpg","type":"image\/jpeg"}],"author":"Paroquia de Queijas","twitter_card":"summary_large_image","twitter_misc":{"Escrito por":"Paroquia de Queijas","Tempo estimado de leitura":"5 minutos"},"schema":{"@context":"https:\/\/schema.org","@graph":[{"@type":"Article","@id":"https:\/\/paroquiaqueijas.net\/portal\/reconciliacao\/#article","isPartOf":{"@id":"https:\/\/paroquiaqueijas.net\/portal\/reconciliacao\/"},"author":{"name":"Paroquia de Queijas","@id":"https:\/\/paroquiaqueijas.net\/portal\/#\/schema\/person\/07bb4cce216326e06b6f742b719ebec7"},"headline":"Sacramento da Reconcilia\u00e7\u00e3o","datePublished":"2008-08-11T22:13:58+00:00","dateModified":"2026-04-16T20:29:29+00:00","mainEntityOfPage":{"@id":"https:\/\/paroquiaqueijas.net\/portal\/reconciliacao\/"},"wordCount":821,"commentCount":0,"publisher":{"@id":"https:\/\/paroquiaqueijas.net\/portal\/#organization"},"image":{"@id":"https:\/\/paroquiaqueijas.net\/portal\/reconciliacao\/#primaryimage"},"thumbnailUrl":"https:\/\/paroquiaqueijas.net\/portal\/wp-content\/uploads\/2008\/08\/pen01a.jpg","articleSection":["Sacramentos"],"inLanguage":"pt-PT","potentialAction":[{"@type":"CommentAction","name":"Comment","target":["https:\/\/paroquiaqueijas.net\/portal\/reconciliacao\/#respond"]}]},{"@type":"WebPage","@id":"https:\/\/paroquiaqueijas.net\/portal\/reconciliacao\/","url":"https:\/\/paroquiaqueijas.net\/portal\/reconciliacao\/","name":"Sacramento da Reconcilia\u00e7\u00e3o - Paroquia de Queijas","isPartOf":{"@id":"https:\/\/paroquiaqueijas.net\/portal\/#website"},"primaryImageOfPage":{"@id":"https:\/\/paroquiaqueijas.net\/portal\/reconciliacao\/#primaryimage"},"image":{"@id":"https:\/\/paroquiaqueijas.net\/portal\/reconciliacao\/#primaryimage"},"thumbnailUrl":"https:\/\/paroquiaqueijas.net\/portal\/wp-content\/uploads\/2008\/08\/pen01a.jpg","datePublished":"2008-08-11T22:13:58+00:00","dateModified":"2026-04-16T20:29:29+00:00","breadcrumb":{"@id":"https:\/\/paroquiaqueijas.net\/portal\/reconciliacao\/#breadcrumb"},"inLanguage":"pt-PT","potentialAction":[{"@type":"ReadAction","target":["https:\/\/paroquiaqueijas.net\/portal\/reconciliacao\/"]}]},{"@type":"ImageObject","inLanguage":"pt-PT","@id":"https:\/\/paroquiaqueijas.net\/portal\/reconciliacao\/#primaryimage","url":"https:\/\/paroquiaqueijas.net\/portal\/wp-content\/uploads\/2008\/08\/pen01a.jpg","contentUrl":"https:\/\/paroquiaqueijas.net\/portal\/wp-content\/uploads\/2008\/08\/pen01a.jpg","width":226,"height":202,"caption":"pen01a"},{"@type":"BreadcrumbList","@id":"https:\/\/paroquiaqueijas.net\/portal\/reconciliacao\/#breadcrumb","itemListElement":[{"@type":"ListItem","position":1,"name":"In\u00edcio","item":"https:\/\/paroquiaqueijas.net\/portal\/"},{"@type":"ListItem","position":2,"name":"Sacramento da Reconcilia\u00e7\u00e3o"}]},{"@type":"WebSite","@id":"https:\/\/paroquiaqueijas.net\/portal\/#website","url":"https:\/\/paroquiaqueijas.net\/portal\/","name":"Paroquia de Queijas","description":"","publisher":{"@id":"https:\/\/paroquiaqueijas.net\/portal\/#organization"},"potentialAction":[{"@type":"SearchAction","target":{"@type":"EntryPoint","urlTemplate":"https:\/\/paroquiaqueijas.net\/portal\/?s={search_term_string}"},"query-input":{"@type":"PropertyValueSpecification","valueRequired":true,"valueName":"search_term_string"}}],"inLanguage":"pt-PT"},{"@type":"Organization","@id":"https:\/\/paroquiaqueijas.net\/portal\/#organization","name":"Paroquia de Queijas","url":"https:\/\/paroquiaqueijas.net\/portal\/","logo":{"@type":"ImageObject","inLanguage":"pt-PT","@id":"https:\/\/paroquiaqueijas.net\/portal\/#\/schema\/logo\/image\/","url":"https:\/\/paroquiaqueijas.net\/portal\/wp-content\/uploads\/2026\/03\/LogoQueijas_novo.png","contentUrl":"https:\/\/paroquiaqueijas.net\/portal\/wp-content\/uploads\/2026\/03\/LogoQueijas_novo.png","width":520,"height":519,"caption":"Paroquia de Queijas"},"image":{"@id":"https:\/\/paroquiaqueijas.net\/portal\/#\/schema\/logo\/image\/"},"sameAs":["https:\/\/www.facebook.com\/paroquiaqueijas\/"]},{"@type":"Person","@id":"https:\/\/paroquiaqueijas.net\/portal\/#\/schema\/person\/07bb4cce216326e06b6f742b719ebec7","name":"Paroquia de Queijas","image":{"@type":"ImageObject","inLanguage":"pt-PT","@id":"https:\/\/secure.gravatar.com\/avatar\/5054571ff5d2454cd50657fc4e61d0c32d7a5d0d3b36ef6c0f6e269276d13618?s=96&d=mm&r=g","url":"https:\/\/secure.gravatar.com\/avatar\/5054571ff5d2454cd50657fc4e61d0c32d7a5d0d3b36ef6c0f6e269276d13618?s=96&d=mm&r=g","contentUrl":"https:\/\/secure.gravatar.com\/avatar\/5054571ff5d2454cd50657fc4e61d0c32d7a5d0d3b36ef6c0f6e269276d13618?s=96&d=mm&r=g","caption":"Paroquia de Queijas"},"sameAs":["https:\/\/paroquiaqueijas.net\/site"],"url":"https:\/\/paroquiaqueijas.net\/portal\/author\/admin1\/"}]}},"_links":{"self":[{"href":"https:\/\/paroquiaqueijas.net\/portal\/wp-json\/wp\/v2\/posts\/45","targetHints":{"allow":["GET"]}}],"collection":[{"href":"https:\/\/paroquiaqueijas.net\/portal\/wp-json\/wp\/v2\/posts"}],"about":[{"href":"https:\/\/paroquiaqueijas.net\/portal\/wp-json\/wp\/v2\/types\/post"}],"author":[{"embeddable":true,"href":"https:\/\/paroquiaqueijas.net\/portal\/wp-json\/wp\/v2\/users\/1"}],"replies":[{"embeddable":true,"href":"https:\/\/paroquiaqueijas.net\/portal\/wp-json\/wp\/v2\/comments?post=45"}],"version-history":[{"count":4,"href":"https:\/\/paroquiaqueijas.net\/portal\/wp-json\/wp\/v2\/posts\/45\/revisions"}],"predecessor-version":[{"id":3882,"href":"https:\/\/paroquiaqueijas.net\/portal\/wp-json\/wp\/v2\/posts\/45\/revisions\/3882"}],"wp:featuredmedia":[{"embeddable":true,"href":"https:\/\/paroquiaqueijas.net\/portal\/wp-json\/wp\/v2\/media\/44"}],"wp:attachment":[{"href":"https:\/\/paroquiaqueijas.net\/portal\/wp-json\/wp\/v2\/media?parent=45"}],"wp:term":[{"taxonomy":"category","embeddable":true,"href":"https:\/\/paroquiaqueijas.net\/portal\/wp-json\/wp\/v2\/categories?post=45"},{"taxonomy":"post_tag","embeddable":true,"href":"https:\/\/paroquiaqueijas.net\/portal\/wp-json\/wp\/v2\/tags?post=45"}],"curies":[{"name":"wp","href":"https:\/\/api.w.org\/{rel}","templated":true}]}}