{"id":450,"date":"2011-04-19T22:53:49","date_gmt":"2011-04-19T22:53:49","guid":{"rendered":"https:\/\/paroquiaqueijas.net\/site\/?p=450"},"modified":"2026-03-21T15:42:04","modified_gmt":"2026-03-21T15:42:04","slug":"afinal-quem-sou-eu","status":"publish","type":"post","link":"https:\/\/paroquiaqueijas.net\/portal\/afinal-quem-sou-eu\/","title":{"rendered":"Afinal, quem sou eu?"},"content":{"rendered":"<p style=\"margin-bottom: 0.0001pt; line-height: 14pt;\"><img decoding=\"async\" class=\" alignright size-full wp-image-449\" style=\"float: right;\" src=\"https:\/\/paroquiaqueijas.net\/portal\/wp-content\/uploads\/2011\/04\/quem-sou-eu.jpg\" alt=\"quem-sou-eu\" width=\"240\" height=\"200\" srcset=\"https:\/\/paroquiaqueijas.net\/portal\/wp-content\/uploads\/2011\/04\/quem-sou-eu.jpg 875w, https:\/\/paroquiaqueijas.net\/portal\/wp-content\/uploads\/2011\/04\/quem-sou-eu-300x250.jpg 300w, https:\/\/paroquiaqueijas.net\/portal\/wp-content\/uploads\/2011\/04\/quem-sou-eu-768x639.jpg 768w\" sizes=\"(max-width: 240px) 100vw, 240px\" \/><\/span>Penso na vida, em Deus, em tudo o que me rodeia, em como tudo nasce, vive e morre, na beleza das pequenas coisas que fazem parte deste mundo e que dele participam.<\/span><\/p>\n<p style=\"margin-bottom: 0.0001pt; line-height: 14pt; text-align: justify;\">Mas serei capaz de pensar, quem sou eu? O que estou aqui a fazer? Porque fa\u00e7o parte deste Universo imenso, onde h\u00e1 uma imensid\u00e3o por descobrir e, no entanto, nada sei sobre a pequenez do meu ser? E qual ser\u00e1 o meu papel nesta vida, o que estou aqui a fazer?<br \/> Mas afinal, quem sou eu? <\/span><\/p>\n<p style=\"margin-bottom: 0.0001pt; line-height: 14pt; text-align: justify;\">Vivemos o dia-a-dia convivendo com imensas pessoas, com as quais partilhamos in\u00fameras experi\u00eancias, conversas, atitudes, sentimentos, e sem nos apercebermos, vamos construindo e encarnando uma personagem que molda a nossa personalidade e permite, pouco a pouco, conquistar o nosso lugar na sociedade, junto daqueles que nos rodeiam.<\/span><\/p>\n<p style=\"margin-bottom: 0.0001pt; line-height: 14pt; text-align: justify;\">Mas na verdade, s\u00e3o poucas as vezes em que paramos e reflectimos sobre o quem realmente somos. Estamos demasiado ocupados para tentar perceber o que acham os outros sobre n\u00f3s e deixamos que acabem por construir, por entre caminhos tortuosos e muitas vezes incompletos, o nosso ser. <\/span><\/p>\n<p style=\"margin-bottom: 0.0001pt; line-height: 14pt; text-align: justify;\">Assiste-se, actualmente, a uma ruptura no verdadeiro sentido do que \u00e9 ser Homem. Tudo aquilo que nossos antepassados nos deixaram, teima em ser deixado para tr\u00e1s e fechado num local bem long\u00ednquo, onde n\u00e3o h\u00e1 lugar para sentimentos, qualidades ou defeitos. Somos programados para responder e agir consoante o ambiente em que estamos inseridos, n\u00e3o permitindo que o que h\u00e1 de verdadeiro em n\u00f3s se revele. Vivemos mergulhados numa crise de valores, que caminha a passos largos para um abismo de ignor\u00e2ncia pessoal. Deix\u00e1mos de dar valor a tudo o que era fundamental no passado, para come\u00e7armos a idolatrar o descomprometimento com a vida e, pior do que isso, deix\u00e1mos moldar o nosso car\u00e1cter, as nossas atitudes, o nosso cora\u00e7\u00e3o, nessa onda de insensatez.<\/span><\/p>\n<p style=\"margin-bottom: 0.0001pt; line-height: 14pt; text-align: justify;\">E, contudo, caminhamos indiferentes, deixando que a resposta se desvane\u00e7a por entre as nossas m\u00e3os, sem nada fazer\u2026&nbsp;<\/span><\/p>\n<p style=\"margin-bottom: 0.0001pt; line-height: 14pt; text-align: justify;\">Jesus Cristo prop\u00f5e-nos um outro rumo para a nossa vida. Ele chama-te pelo que \u00e9s, n\u00e3o te diz para seres de uma maneira ou de outra. Ele escolhe-te a ti, porque s\u00f3 ele sabe o qu\u00e3o importante \u00e9 lutares para que a tua personalidade seja constru\u00edda com base em ideias firmes, s\u00f3 ele sabe a import\u00e2ncia da tua identidade no mundo\u2026<\/span><\/p>\n<p style=\"margin-bottom: 0.0001pt; line-height: 14pt;\">&nbsp;<\/p>\n<p style=\"margin-bottom: 0.0001pt; line-height: 14pt; text-align: justify;\">Um autor desconhecido prop\u00f5e-nos a seguinte reflex\u00e3o:<\/span><\/p>\n<p style=\"margin-bottom: 0.0001pt; line-height: 14pt; text-align: justify;\"><i>Certo dia, uma mulher cansada, p\u00e1ra para ouvir o que Deus tem para lhe dizer. Ficou surpreendida ao ouvir uma voz dizer-lhe\u2026<\/span><\/i><\/p>\n<p style=\"margin-bottom: 0.0001pt; line-height: 14pt; text-align: justify;\"><i>&#8211; Quem \u00e9s?<br \/>&#8211; Sou a mulher do Ant\u00f3nio \u2013 respondeu ela.<\/span><\/i><\/p>\n<p style=\"margin-bottom: 0.0001pt; line-height: 14pt; text-align: justify;\"><i>&#8211; Perguntei-te quem \u00e9s, n\u00e3o com qu\u00eas est\u00e1s casada.<br \/>&#8211; Sou m\u00e3e de quatro filhos \u2013 tentou novamente a mulher.<\/span><\/i><\/p>\n<p style=\"margin-bottom: 0.0001pt; line-height: 14pt; text-align: justify;\"><i>&#8211; Perguntei-te quem \u00e9s, n\u00e3o quantos filhos tens.<br \/>&#8211; Sou professora numa escola.<\/span><\/i><\/p>\n<p style=\"margin-bottom: 0.0001pt; line-height: 14pt; text-align: justify;\"><i>&#8211; Perguntei-te quem \u00e9s, n\u00e3o qual a tua profiss\u00e3o.<\/span><\/i><\/p>\n<p style=\"margin-bottom: 0.0001pt; line-height: 14pt; text-align: justify;\"><i>Assim continuou a conversa entre aquela mulher perdida e a voz que perguntava continuamente \u201cquem \u00e9s?\u201d.<br \/>Inconsolada, a mulher n\u00e3o conseguia perceber porque rejeitava aquela voz todas as respostas que dava para a sua pergunta.<br \/>Parou para pensar e escutar o verdadeiro sentido daquela pergunta. Foi ent\u00e3o que ouviu novamente a voz perguntar-lhe \u201cafinal, quem \u00e9s?\u201d. Num misto de compress\u00e3o e desespero, come\u00e7am a escorrer pela face da mulher l\u00e1grimas, por descobrir que em toda a sua vida tinha vivido o papel de algu\u00e9m que desconhecia e, pior do que isso, nunca tinha parado para pensar quem era aquela pessoa, quem era a sua pessoa.<\/span><\/i><\/p>\n<p style=\"margin-bottom: 0.0001pt; line-height: 14pt;\"><span style=\"font-size: 8pt;\">(Texto adaptado) <\/span><\/p>\n<p style=\"margin-bottom: 0.0001pt; line-height: 14pt;\">&nbsp;<\/p>\n<p style=\"margin-bottom: 0.0001pt; line-height: 14pt; text-align: justify;\">Mudar \u00e9 poss\u00edvel. A necessidade de mudar afirma-se dentro de ti. Talvez a d\u00favida e o medo te detenham, mas podes mudar o teu rumo. Por isso, decide-te e come\u00e7a a mudar. Procura, luta, conquista e ganha o teu lugar na sua sociedade, no mundo. Ganha um lugar no teu pr\u00f3prio cora\u00e7\u00e3o que te permita perceber e responder \u201cquem sou eu?\u201d<\/span><\/p>\n<p style=\"margin-bottom: 0.0001pt; text-align: justify; line-height: 14pt;\"><span style=\"font-size: 8pt;\">Francisco Apolin\u00e1rio<br \/><\/span><\/p>\n","protected":false},"excerpt":{"rendered":"<p>Penso na vida, em Deus, em tudo o que me rodeia, em como tudo nasce, vive e morre, na beleza [&hellip;]<\/p>\n","protected":false},"author":1,"featured_media":449,"comment_status":"open","ping_status":"open","sticky":false,"template":"","format":"standard","meta":{"site-sidebar-layout":"default","site-content-layout":"","ast-site-content-layout":"default","site-content-style":"default","site-sidebar-style":"default","ast-global-header-display":"","ast-banner-title-visibility":"","ast-main-header-display":"","ast-hfb-above-header-display":"","ast-hfb-below-header-display":"","ast-hfb-mobile-header-display":"","site-post-title":"","ast-breadcrumbs-content":"","ast-featured-img":"","footer-sml-layout":"","ast-disable-related-posts":"","theme-transparent-header-meta":"","adv-header-id-meta":"","stick-header-meta":"","header-above-stick-meta":"","header-main-stick-meta":"","header-below-stick-meta":"","astra-migrate-meta-layouts":"default","ast-page-background-enabled":"default","ast-page-background-meta":{"desktop":{"background-color":"var(--ast-global-color-5)","background-image":"","background-repeat":"repeat","background-position":"center center","background-size":"auto","background-attachment":"scroll","background-type":"","background-media":"","overlay-type":"","overlay-color":"","overlay-opacity":"","overlay-gradient":""},"tablet":{"background-color":"","background-image":"","background-repeat":"repeat","background-position":"center center","background-size":"auto","background-attachment":"scroll","background-type":"","background-media":"","overlay-type":"","overlay-color":"","overlay-opacity":"","overlay-gradient":""},"mobile":{"background-color":"","background-image":"","background-repeat":"repeat","background-position":"center center","background-size":"auto","background-attachment":"scroll","background-type":"","background-media":"","overlay-type":"","overlay-color":"","overlay-opacity":"","overlay-gradient":""}},"ast-content-background-meta":{"desktop":{"background-color":"var(--ast-global-color-4)","background-image":"","background-repeat":"repeat","background-position":"center center","background-size":"auto","background-attachment":"scroll","background-type":"","background-media":"","overlay-type":"","overlay-color":"","overlay-opacity":"","overlay-gradient":""},"tablet":{"background-color":"var(--ast-global-color-4)","background-image":"","background-repeat":"repeat","background-position":"center center","background-size":"auto","background-attachment":"scroll","background-type":"","background-media":"","overlay-type":"","overlay-color":"","overlay-opacity":"","overlay-gradient":""},"mobile":{"background-color":"var(--ast-global-color-4)","background-image":"","background-repeat":"repeat","background-position":"center center","background-size":"auto","background-attachment":"scroll","background-type":"","background-media":"","overlay-type":"","overlay-color":"","overlay-opacity":"","overlay-gradient":""}},"footnotes":""},"categories":[17],"tags":[],"class_list":["post-450","post","type-post","status-publish","format-standard","has-post-thumbnail","hentry","category-grupo-de-jovens"],"yoast_head":"<!-- This site is optimized with the Yoast SEO plugin v27.4 - https:\/\/yoast.com\/product\/yoast-seo-wordpress\/ -->\n<title>Afinal, quem sou eu? - Paroquia de Queijas<\/title>\n<meta name=\"robots\" content=\"index, follow, max-snippet:-1, max-image-preview:large, max-video-preview:-1\" \/>\n<link rel=\"canonical\" href=\"https:\/\/paroquiaqueijas.net\/portal\/afinal-quem-sou-eu\/\" \/>\n<meta property=\"og:locale\" content=\"pt_PT\" \/>\n<meta property=\"og:type\" content=\"article\" \/>\n<meta property=\"og:title\" content=\"Afinal, quem sou eu? - Paroquia de Queijas\" \/>\n<meta property=\"og:description\" content=\"Penso na vida, em Deus, em tudo o que me rodeia, em como tudo nasce, vive e morre, na beleza [&hellip;]\" \/>\n<meta property=\"og:url\" content=\"https:\/\/paroquiaqueijas.net\/portal\/afinal-quem-sou-eu\/\" \/>\n<meta property=\"og:site_name\" content=\"Paroquia de Queijas\" \/>\n<meta property=\"article:publisher\" content=\"https:\/\/www.facebook.com\/paroquiaqueijas\/\" \/>\n<meta property=\"article:published_time\" content=\"2011-04-19T22:53:49+00:00\" \/>\n<meta property=\"article:modified_time\" content=\"2026-03-21T15:42:04+00:00\" \/>\n<meta property=\"og:image\" content=\"https:\/\/paroquiaqueijas.net\/portal\/wp-content\/uploads\/2011\/04\/quem-sou-eu.jpg\" \/>\n\t<meta property=\"og:image:width\" content=\"875\" \/>\n\t<meta property=\"og:image:height\" content=\"728\" \/>\n\t<meta property=\"og:image:type\" content=\"image\/jpeg\" \/>\n<meta name=\"author\" content=\"Paroquia de Queijas\" \/>\n<meta name=\"twitter:card\" content=\"summary_large_image\" \/>\n<meta name=\"twitter:label1\" content=\"Escrito por\" \/>\n\t<meta name=\"twitter:data1\" content=\"Paroquia de Queijas\" \/>\n\t<meta name=\"twitter:label2\" content=\"Tempo estimado de leitura\" \/>\n\t<meta name=\"twitter:data2\" content=\"3 minutos\" \/>\n<script type=\"application\/ld+json\" class=\"yoast-schema-graph\">{\"@context\":\"https:\\\/\\\/schema.org\",\"@graph\":[{\"@type\":\"Article\",\"@id\":\"https:\\\/\\\/paroquiaqueijas.net\\\/portal\\\/afinal-quem-sou-eu\\\/#article\",\"isPartOf\":{\"@id\":\"https:\\\/\\\/paroquiaqueijas.net\\\/portal\\\/afinal-quem-sou-eu\\\/\"},\"author\":{\"name\":\"Paroquia de Queijas\",\"@id\":\"https:\\\/\\\/paroquiaqueijas.net\\\/portal\\\/#\\\/schema\\\/person\\\/07bb4cce216326e06b6f742b719ebec7\"},\"headline\":\"Afinal, quem sou eu?\",\"datePublished\":\"2011-04-19T22:53:49+00:00\",\"dateModified\":\"2026-03-21T15:42:04+00:00\",\"mainEntityOfPage\":{\"@id\":\"https:\\\/\\\/paroquiaqueijas.net\\\/portal\\\/afinal-quem-sou-eu\\\/\"},\"wordCount\":687,\"commentCount\":0,\"publisher\":{\"@id\":\"https:\\\/\\\/paroquiaqueijas.net\\\/portal\\\/#organization\"},\"image\":{\"@id\":\"https:\\\/\\\/paroquiaqueijas.net\\\/portal\\\/afinal-quem-sou-eu\\\/#primaryimage\"},\"thumbnailUrl\":\"https:\\\/\\\/paroquiaqueijas.net\\\/portal\\\/wp-content\\\/uploads\\\/2011\\\/04\\\/quem-sou-eu.jpg\",\"articleSection\":[\"Grupo de Jovens\"],\"inLanguage\":\"pt-PT\",\"potentialAction\":[{\"@type\":\"CommentAction\",\"name\":\"Comment\",\"target\":[\"https:\\\/\\\/paroquiaqueijas.net\\\/portal\\\/afinal-quem-sou-eu\\\/#respond\"]}]},{\"@type\":\"WebPage\",\"@id\":\"https:\\\/\\\/paroquiaqueijas.net\\\/portal\\\/afinal-quem-sou-eu\\\/\",\"url\":\"https:\\\/\\\/paroquiaqueijas.net\\\/portal\\\/afinal-quem-sou-eu\\\/\",\"name\":\"Afinal, quem sou eu? - Paroquia de Queijas\",\"isPartOf\":{\"@id\":\"https:\\\/\\\/paroquiaqueijas.net\\\/portal\\\/#website\"},\"primaryImageOfPage\":{\"@id\":\"https:\\\/\\\/paroquiaqueijas.net\\\/portal\\\/afinal-quem-sou-eu\\\/#primaryimage\"},\"image\":{\"@id\":\"https:\\\/\\\/paroquiaqueijas.net\\\/portal\\\/afinal-quem-sou-eu\\\/#primaryimage\"},\"thumbnailUrl\":\"https:\\\/\\\/paroquiaqueijas.net\\\/portal\\\/wp-content\\\/uploads\\\/2011\\\/04\\\/quem-sou-eu.jpg\",\"datePublished\":\"2011-04-19T22:53:49+00:00\",\"dateModified\":\"2026-03-21T15:42:04+00:00\",\"breadcrumb\":{\"@id\":\"https:\\\/\\\/paroquiaqueijas.net\\\/portal\\\/afinal-quem-sou-eu\\\/#breadcrumb\"},\"inLanguage\":\"pt-PT\",\"potentialAction\":[{\"@type\":\"ReadAction\",\"target\":[\"https:\\\/\\\/paroquiaqueijas.net\\\/portal\\\/afinal-quem-sou-eu\\\/\"]}]},{\"@type\":\"ImageObject\",\"inLanguage\":\"pt-PT\",\"@id\":\"https:\\\/\\\/paroquiaqueijas.net\\\/portal\\\/afinal-quem-sou-eu\\\/#primaryimage\",\"url\":\"https:\\\/\\\/paroquiaqueijas.net\\\/portal\\\/wp-content\\\/uploads\\\/2011\\\/04\\\/quem-sou-eu.jpg\",\"contentUrl\":\"https:\\\/\\\/paroquiaqueijas.net\\\/portal\\\/wp-content\\\/uploads\\\/2011\\\/04\\\/quem-sou-eu.jpg\",\"width\":875,\"height\":728,\"caption\":\"quem-sou-eu\"},{\"@type\":\"BreadcrumbList\",\"@id\":\"https:\\\/\\\/paroquiaqueijas.net\\\/portal\\\/afinal-quem-sou-eu\\\/#breadcrumb\",\"itemListElement\":[{\"@type\":\"ListItem\",\"position\":1,\"name\":\"In\u00edcio\",\"item\":\"https:\\\/\\\/paroquiaqueijas.net\\\/portal\\\/\"},{\"@type\":\"ListItem\",\"position\":2,\"name\":\"Afinal, quem sou eu?\"}]},{\"@type\":\"WebSite\",\"@id\":\"https:\\\/\\\/paroquiaqueijas.net\\\/portal\\\/#website\",\"url\":\"https:\\\/\\\/paroquiaqueijas.net\\\/portal\\\/\",\"name\":\"Paroquia de Queijas\",\"description\":\"\",\"publisher\":{\"@id\":\"https:\\\/\\\/paroquiaqueijas.net\\\/portal\\\/#organization\"},\"potentialAction\":[{\"@type\":\"SearchAction\",\"target\":{\"@type\":\"EntryPoint\",\"urlTemplate\":\"https:\\\/\\\/paroquiaqueijas.net\\\/portal\\\/?s={search_term_string}\"},\"query-input\":{\"@type\":\"PropertyValueSpecification\",\"valueRequired\":true,\"valueName\":\"search_term_string\"}}],\"inLanguage\":\"pt-PT\"},{\"@type\":\"Organization\",\"@id\":\"https:\\\/\\\/paroquiaqueijas.net\\\/portal\\\/#organization\",\"name\":\"Paroquia de Queijas\",\"url\":\"https:\\\/\\\/paroquiaqueijas.net\\\/portal\\\/\",\"logo\":{\"@type\":\"ImageObject\",\"inLanguage\":\"pt-PT\",\"@id\":\"https:\\\/\\\/paroquiaqueijas.net\\\/portal\\\/#\\\/schema\\\/logo\\\/image\\\/\",\"url\":\"https:\\\/\\\/paroquiaqueijas.net\\\/portal\\\/wp-content\\\/uploads\\\/2026\\\/03\\\/LogoQueijas_novo.png\",\"contentUrl\":\"https:\\\/\\\/paroquiaqueijas.net\\\/portal\\\/wp-content\\\/uploads\\\/2026\\\/03\\\/LogoQueijas_novo.png\",\"width\":520,\"height\":519,\"caption\":\"Paroquia de Queijas\"},\"image\":{\"@id\":\"https:\\\/\\\/paroquiaqueijas.net\\\/portal\\\/#\\\/schema\\\/logo\\\/image\\\/\"},\"sameAs\":[\"https:\\\/\\\/www.facebook.com\\\/paroquiaqueijas\\\/\"]},{\"@type\":\"Person\",\"@id\":\"https:\\\/\\\/paroquiaqueijas.net\\\/portal\\\/#\\\/schema\\\/person\\\/07bb4cce216326e06b6f742b719ebec7\",\"name\":\"Paroquia de Queijas\",\"image\":{\"@type\":\"ImageObject\",\"inLanguage\":\"pt-PT\",\"@id\":\"https:\\\/\\\/secure.gravatar.com\\\/avatar\\\/5054571ff5d2454cd50657fc4e61d0c32d7a5d0d3b36ef6c0f6e269276d13618?s=96&d=mm&r=g\",\"url\":\"https:\\\/\\\/secure.gravatar.com\\\/avatar\\\/5054571ff5d2454cd50657fc4e61d0c32d7a5d0d3b36ef6c0f6e269276d13618?s=96&d=mm&r=g\",\"contentUrl\":\"https:\\\/\\\/secure.gravatar.com\\\/avatar\\\/5054571ff5d2454cd50657fc4e61d0c32d7a5d0d3b36ef6c0f6e269276d13618?s=96&d=mm&r=g\",\"caption\":\"Paroquia de Queijas\"},\"sameAs\":[\"https:\\\/\\\/paroquiaqueijas.net\\\/site\"],\"url\":\"https:\\\/\\\/paroquiaqueijas.net\\\/portal\\\/author\\\/admin1\\\/\"}]}<\/script>\n<!-- \/ Yoast SEO plugin. -->","yoast_head_json":{"title":"Afinal, quem sou eu? - Paroquia de Queijas","robots":{"index":"index","follow":"follow","max-snippet":"max-snippet:-1","max-image-preview":"max-image-preview:large","max-video-preview":"max-video-preview:-1"},"canonical":"https:\/\/paroquiaqueijas.net\/portal\/afinal-quem-sou-eu\/","og_locale":"pt_PT","og_type":"article","og_title":"Afinal, quem sou eu? - Paroquia de Queijas","og_description":"Penso na vida, em Deus, em tudo o que me rodeia, em como tudo nasce, vive e morre, na beleza [&hellip;]","og_url":"https:\/\/paroquiaqueijas.net\/portal\/afinal-quem-sou-eu\/","og_site_name":"Paroquia de Queijas","article_publisher":"https:\/\/www.facebook.com\/paroquiaqueijas\/","article_published_time":"2011-04-19T22:53:49+00:00","article_modified_time":"2026-03-21T15:42:04+00:00","og_image":[{"width":875,"height":728,"url":"https:\/\/paroquiaqueijas.net\/portal\/wp-content\/uploads\/2011\/04\/quem-sou-eu.jpg","type":"image\/jpeg"}],"author":"Paroquia de Queijas","twitter_card":"summary_large_image","twitter_misc":{"Escrito por":"Paroquia de Queijas","Tempo estimado de leitura":"3 minutos"},"schema":{"@context":"https:\/\/schema.org","@graph":[{"@type":"Article","@id":"https:\/\/paroquiaqueijas.net\/portal\/afinal-quem-sou-eu\/#article","isPartOf":{"@id":"https:\/\/paroquiaqueijas.net\/portal\/afinal-quem-sou-eu\/"},"author":{"name":"Paroquia de Queijas","@id":"https:\/\/paroquiaqueijas.net\/portal\/#\/schema\/person\/07bb4cce216326e06b6f742b719ebec7"},"headline":"Afinal, quem sou eu?","datePublished":"2011-04-19T22:53:49+00:00","dateModified":"2026-03-21T15:42:04+00:00","mainEntityOfPage":{"@id":"https:\/\/paroquiaqueijas.net\/portal\/afinal-quem-sou-eu\/"},"wordCount":687,"commentCount":0,"publisher":{"@id":"https:\/\/paroquiaqueijas.net\/portal\/#organization"},"image":{"@id":"https:\/\/paroquiaqueijas.net\/portal\/afinal-quem-sou-eu\/#primaryimage"},"thumbnailUrl":"https:\/\/paroquiaqueijas.net\/portal\/wp-content\/uploads\/2011\/04\/quem-sou-eu.jpg","articleSection":["Grupo de Jovens"],"inLanguage":"pt-PT","potentialAction":[{"@type":"CommentAction","name":"Comment","target":["https:\/\/paroquiaqueijas.net\/portal\/afinal-quem-sou-eu\/#respond"]}]},{"@type":"WebPage","@id":"https:\/\/paroquiaqueijas.net\/portal\/afinal-quem-sou-eu\/","url":"https:\/\/paroquiaqueijas.net\/portal\/afinal-quem-sou-eu\/","name":"Afinal, quem sou eu? - Paroquia de Queijas","isPartOf":{"@id":"https:\/\/paroquiaqueijas.net\/portal\/#website"},"primaryImageOfPage":{"@id":"https:\/\/paroquiaqueijas.net\/portal\/afinal-quem-sou-eu\/#primaryimage"},"image":{"@id":"https:\/\/paroquiaqueijas.net\/portal\/afinal-quem-sou-eu\/#primaryimage"},"thumbnailUrl":"https:\/\/paroquiaqueijas.net\/portal\/wp-content\/uploads\/2011\/04\/quem-sou-eu.jpg","datePublished":"2011-04-19T22:53:49+00:00","dateModified":"2026-03-21T15:42:04+00:00","breadcrumb":{"@id":"https:\/\/paroquiaqueijas.net\/portal\/afinal-quem-sou-eu\/#breadcrumb"},"inLanguage":"pt-PT","potentialAction":[{"@type":"ReadAction","target":["https:\/\/paroquiaqueijas.net\/portal\/afinal-quem-sou-eu\/"]}]},{"@type":"ImageObject","inLanguage":"pt-PT","@id":"https:\/\/paroquiaqueijas.net\/portal\/afinal-quem-sou-eu\/#primaryimage","url":"https:\/\/paroquiaqueijas.net\/portal\/wp-content\/uploads\/2011\/04\/quem-sou-eu.jpg","contentUrl":"https:\/\/paroquiaqueijas.net\/portal\/wp-content\/uploads\/2011\/04\/quem-sou-eu.jpg","width":875,"height":728,"caption":"quem-sou-eu"},{"@type":"BreadcrumbList","@id":"https:\/\/paroquiaqueijas.net\/portal\/afinal-quem-sou-eu\/#breadcrumb","itemListElement":[{"@type":"ListItem","position":1,"name":"In\u00edcio","item":"https:\/\/paroquiaqueijas.net\/portal\/"},{"@type":"ListItem","position":2,"name":"Afinal, quem sou eu?"}]},{"@type":"WebSite","@id":"https:\/\/paroquiaqueijas.net\/portal\/#website","url":"https:\/\/paroquiaqueijas.net\/portal\/","name":"Paroquia de Queijas","description":"","publisher":{"@id":"https:\/\/paroquiaqueijas.net\/portal\/#organization"},"potentialAction":[{"@type":"SearchAction","target":{"@type":"EntryPoint","urlTemplate":"https:\/\/paroquiaqueijas.net\/portal\/?s={search_term_string}"},"query-input":{"@type":"PropertyValueSpecification","valueRequired":true,"valueName":"search_term_string"}}],"inLanguage":"pt-PT"},{"@type":"Organization","@id":"https:\/\/paroquiaqueijas.net\/portal\/#organization","name":"Paroquia de Queijas","url":"https:\/\/paroquiaqueijas.net\/portal\/","logo":{"@type":"ImageObject","inLanguage":"pt-PT","@id":"https:\/\/paroquiaqueijas.net\/portal\/#\/schema\/logo\/image\/","url":"https:\/\/paroquiaqueijas.net\/portal\/wp-content\/uploads\/2026\/03\/LogoQueijas_novo.png","contentUrl":"https:\/\/paroquiaqueijas.net\/portal\/wp-content\/uploads\/2026\/03\/LogoQueijas_novo.png","width":520,"height":519,"caption":"Paroquia de Queijas"},"image":{"@id":"https:\/\/paroquiaqueijas.net\/portal\/#\/schema\/logo\/image\/"},"sameAs":["https:\/\/www.facebook.com\/paroquiaqueijas\/"]},{"@type":"Person","@id":"https:\/\/paroquiaqueijas.net\/portal\/#\/schema\/person\/07bb4cce216326e06b6f742b719ebec7","name":"Paroquia de Queijas","image":{"@type":"ImageObject","inLanguage":"pt-PT","@id":"https:\/\/secure.gravatar.com\/avatar\/5054571ff5d2454cd50657fc4e61d0c32d7a5d0d3b36ef6c0f6e269276d13618?s=96&d=mm&r=g","url":"https:\/\/secure.gravatar.com\/avatar\/5054571ff5d2454cd50657fc4e61d0c32d7a5d0d3b36ef6c0f6e269276d13618?s=96&d=mm&r=g","contentUrl":"https:\/\/secure.gravatar.com\/avatar\/5054571ff5d2454cd50657fc4e61d0c32d7a5d0d3b36ef6c0f6e269276d13618?s=96&d=mm&r=g","caption":"Paroquia de Queijas"},"sameAs":["https:\/\/paroquiaqueijas.net\/site"],"url":"https:\/\/paroquiaqueijas.net\/portal\/author\/admin1\/"}]}},"_links":{"self":[{"href":"https:\/\/paroquiaqueijas.net\/portal\/wp-json\/wp\/v2\/posts\/450","targetHints":{"allow":["GET"]}}],"collection":[{"href":"https:\/\/paroquiaqueijas.net\/portal\/wp-json\/wp\/v2\/posts"}],"about":[{"href":"https:\/\/paroquiaqueijas.net\/portal\/wp-json\/wp\/v2\/types\/post"}],"author":[{"embeddable":true,"href":"https:\/\/paroquiaqueijas.net\/portal\/wp-json\/wp\/v2\/users\/1"}],"replies":[{"embeddable":true,"href":"https:\/\/paroquiaqueijas.net\/portal\/wp-json\/wp\/v2\/comments?post=450"}],"version-history":[{"count":1,"href":"https:\/\/paroquiaqueijas.net\/portal\/wp-json\/wp\/v2\/posts\/450\/revisions"}],"predecessor-version":[{"id":2866,"href":"https:\/\/paroquiaqueijas.net\/portal\/wp-json\/wp\/v2\/posts\/450\/revisions\/2866"}],"wp:featuredmedia":[{"embeddable":true,"href":"https:\/\/paroquiaqueijas.net\/portal\/wp-json\/wp\/v2\/media\/449"}],"wp:attachment":[{"href":"https:\/\/paroquiaqueijas.net\/portal\/wp-json\/wp\/v2\/media?parent=450"}],"wp:term":[{"taxonomy":"category","embeddable":true,"href":"https:\/\/paroquiaqueijas.net\/portal\/wp-json\/wp\/v2\/categories?post=450"},{"taxonomy":"post_tag","embeddable":true,"href":"https:\/\/paroquiaqueijas.net\/portal\/wp-json\/wp\/v2\/tags?post=450"}],"curies":[{"name":"wp","href":"https:\/\/api.w.org\/{rel}","templated":true}]}}