{"id":452,"date":"2011-04-19T22:55:53","date_gmt":"2011-04-19T22:55:53","guid":{"rendered":"https:\/\/paroquiaqueijas.net\/site\/?p=452"},"modified":"2026-03-21T15:42:04","modified_gmt":"2026-03-21T15:42:04","slug":"dissertacao-pascoa","status":"publish","type":"post","link":"https:\/\/paroquiaqueijas.net\/portal\/dissertacao-pascoa\/","title":{"rendered":"Disserta\u00e7\u00e3o P\u00e1scoa"},"content":{"rendered":"<p style=\"margin-bottom: 0.0001pt; text-align: justify; line-height: 14pt;\"><strong><span><img fetchpriority=\"high\" decoding=\"async\" class=\" alignright size-full wp-image-451\" src=\"https:\/\/paroquiaqueijas.net\/portal\/wp-content\/uploads\/2011\/04\/Ress030.jpg\" alt=\"Ress030\" width=\"300\" height=\"398\" style=\"margin: 0px 0px 0px 8px; float: right;\" srcset=\"https:\/\/paroquiaqueijas.net\/portal\/wp-content\/uploads\/2011\/04\/Ress030.jpg 340w, https:\/\/paroquiaqueijas.net\/portal\/wp-content\/uploads\/2011\/04\/Ress030-227x300.jpg 227w\" sizes=\"(max-width: 300px) 100vw, 300px\" \/><\/span><\/strong><\/span><\/p>\n<p style=\"margin-bottom: 0.0001pt; text-align: justify; line-height: 14pt;\">A P&aacute;scoa &eacute;, por excel&ecirc;ncia, a celebra&ccedil;&atilde;o do Mist&eacute;rio da Salva&ccedil;&atilde;o nas suas tr&ecirc;s fases &ndash; Paix&atilde;o, Morte e Ressurrei&ccedil;&atilde;o. No entanto, muito frequentemente na nossa sociedade, a P&aacute;scoa &eacute; exclusivamente identificada com o Domingo da Ressurrei&ccedil;&atilde;o, o que constitui uma redu&ccedil;&atilde;o das dimens&otilde;es deste acontecimento, uma mutila&ccedil;&atilde;o de uma realidade de enorme riqueza. Para percorrer o itiner&aacute;rio de Cristo temos de ser solid&aacute;rios com Ele na Paix&atilde;o e na Morte, para tamb&eacute;m o sermos na Ressurrei&ccedil;&atilde;o. Ao sabermos que Jesus Se encaminha voluntariamente e em total liberdade para a morte, em amorosa entrega aos homens, conhecemos a ess&ecirc;ncia do Amor. Unidos &agrave; fonte da vida sobrenatural, enchemo-nos de for&ccedil;a para, da morte e do pecado, passarmos &agrave; alegria da Ressurrei&ccedil;&atilde;o. A P&aacute;scoa revela-se, deste modo, fonte de Alegria, Optimismo e Esperan&ccedil;a, simbolizando o triunfo da Vida sobre a Morte, do Bem sobre o Mal. Este acontecimento &iacute;mpar n&atilde;o nos deve, por&eacute;m, introduzir uma atitude ap&aacute;tica e conformista perante a vida. Devemos, sim, transbordar essa mesma Alegria, esse mesmo Optimismo e essa mesma Esperan&ccedil;a de que a Santa P&aacute;scoa nos inundou. Devemos ser testemunhas activas do Amor de Cristo, evangelizadores em todos os dias das nossas vidas.<\/span><\/p>\n<p style=\"margin-bottom: 0.0001pt; text-align: justify; line-height: 14pt;\">Como jovem que sou, sinto qu&atilde;o degradada a minha gera&ccedil;&atilde;o se revela. Apercebo-me da falta de alegria e das pessoas cabisbaixas com que todos os dias me cruzo na rua. Noto a falta de credibilidade e confian&ccedil;a que existe em torno de quem exerce o poder. N&atilde;o sou indiferente &agrave; crise econ&oacute;mica que vivemos mas, acima de qualquer outra crise, preocupa-me aquela em que parecemos irremediavelmente mergulhados &ndash; a crise de valores. Sinto que, hoje, a Moral &eacute; considerada uma palavra v&atilde; e conservadora. Parece-me que a mensagem que o Povo recebe &eacute; a de que o atingir de um determinado fim justifica o uso de todo e qualquer meio. &Eacute; este estigma que urge mudar. &Eacute; fundamental que o Bem se sobreponha ao Mal, tarefa esta que n&atilde;o pode ser encarada por n&oacute;s, Crist&atilde;os, como ut&oacute;pica, pois Cristo simboliza o triunfo da Luz sobre as Trevas. A meta est&aacute; sempre &agrave; nossa frente, iluminada pelo esp&iacute;rito da P&aacute;scoa. Quando frequentava a Catequese, ainda crian&ccedil;a, aprendi algo que fa&ccedil;o sempre por ter em mente &ndash; devemos entregar-nos aos outros como Jesus se entregou por n&oacute;s. Que a P&aacute;scoa nunca nos deixe de introduzir no dinamismo que brota da vida de Cristo Ressuscitado.<\/span><\/p>\n<p style=\"margin-bottom: 0.0001pt; text-align: justify; line-height: 14pt;\"><span style=\"font-size: 8pt;\">Jo&atilde;o Martins<\/span><\/p>\n","protected":false},"excerpt":{"rendered":"<p>A P&aacute;scoa &eacute;, por excel&ecirc;ncia, a celebra&ccedil;&atilde;o do Mist&eacute;rio da Salva&ccedil;&atilde;o nas suas tr&ecirc;s fases &ndash; Paix&atilde;o, Morte e Ressurrei&ccedil;&atilde;o. [&hellip;]<\/p>\n","protected":false},"author":1,"featured_media":451,"comment_status":"open","ping_status":"open","sticky":false,"template":"","format":"standard","meta":{"site-sidebar-layout":"default","site-content-layout":"","ast-site-content-layout":"default","site-content-style":"default","site-sidebar-style":"default","ast-global-header-display":"","ast-banner-title-visibility":"","ast-main-header-display":"","ast-hfb-above-header-display":"","ast-hfb-below-header-display":"","ast-hfb-mobile-header-display":"","site-post-title":"","ast-breadcrumbs-content":"","ast-featured-img":"","footer-sml-layout":"","ast-disable-related-posts":"","theme-transparent-header-meta":"","adv-header-id-meta":"","stick-header-meta":"","header-above-stick-meta":"","header-main-stick-meta":"","header-below-stick-meta":"","astra-migrate-meta-layouts":"default","ast-page-background-enabled":"default","ast-page-background-meta":{"desktop":{"background-color":"var(--ast-global-color-5)","background-image":"","background-repeat":"repeat","background-position":"center center","background-size":"auto","background-attachment":"scroll","background-type":"","background-media":"","overlay-type":"","overlay-color":"","overlay-opacity":"","overlay-gradient":""},"tablet":{"background-color":"","background-image":"","background-repeat":"repeat","background-position":"center center","background-size":"auto","background-attachment":"scroll","background-type":"","background-media":"","overlay-type":"","overlay-color":"","overlay-opacity":"","overlay-gradient":""},"mobile":{"background-color":"","background-image":"","background-repeat":"repeat","background-position":"center center","background-size":"auto","background-attachment":"scroll","background-type":"","background-media":"","overlay-type":"","overlay-color":"","overlay-opacity":"","overlay-gradient":""}},"ast-content-background-meta":{"desktop":{"background-color":"var(--ast-global-color-4)","background-image":"","background-repeat":"repeat","background-position":"center center","background-size":"auto","background-attachment":"scroll","background-type":"","background-media":"","overlay-type":"","overlay-color":"","overlay-opacity":"","overlay-gradient":""},"tablet":{"background-color":"var(--ast-global-color-4)","background-image":"","background-repeat":"repeat","background-position":"center center","background-size":"auto","background-attachment":"scroll","background-type":"","background-media":"","overlay-type":"","overlay-color":"","overlay-opacity":"","overlay-gradient":""},"mobile":{"background-color":"var(--ast-global-color-4)","background-image":"","background-repeat":"repeat","background-position":"center center","background-size":"auto","background-attachment":"scroll","background-type":"","background-media":"","overlay-type":"","overlay-color":"","overlay-opacity":"","overlay-gradient":""}},"footnotes":""},"categories":[17],"tags":[],"class_list":["post-452","post","type-post","status-publish","format-standard","has-post-thumbnail","hentry","category-grupo-de-jovens"],"yoast_head":"<!-- This site is optimized with the Yoast SEO plugin v27.4 - https:\/\/yoast.com\/product\/yoast-seo-wordpress\/ -->\n<title>Disserta\u00e7\u00e3o P\u00e1scoa - Paroquia de Queijas<\/title>\n<meta name=\"robots\" content=\"index, follow, max-snippet:-1, max-image-preview:large, max-video-preview:-1\" \/>\n<link rel=\"canonical\" href=\"https:\/\/paroquiaqueijas.net\/portal\/dissertacao-pascoa\/\" \/>\n<meta property=\"og:locale\" content=\"pt_PT\" \/>\n<meta property=\"og:type\" content=\"article\" \/>\n<meta property=\"og:title\" content=\"Disserta\u00e7\u00e3o P\u00e1scoa - Paroquia de Queijas\" \/>\n<meta property=\"og:description\" content=\"A P&aacute;scoa &eacute;, por excel&ecirc;ncia, a celebra&ccedil;&atilde;o do Mist&eacute;rio da Salva&ccedil;&atilde;o nas suas tr&ecirc;s fases &ndash; Paix&atilde;o, Morte e Ressurrei&ccedil;&atilde;o. [&hellip;]\" \/>\n<meta property=\"og:url\" content=\"https:\/\/paroquiaqueijas.net\/portal\/dissertacao-pascoa\/\" \/>\n<meta property=\"og:site_name\" content=\"Paroquia de Queijas\" \/>\n<meta property=\"article:publisher\" content=\"https:\/\/www.facebook.com\/paroquiaqueijas\/\" \/>\n<meta property=\"article:published_time\" content=\"2011-04-19T22:55:53+00:00\" \/>\n<meta property=\"article:modified_time\" content=\"2026-03-21T15:42:04+00:00\" \/>\n<meta property=\"og:image\" content=\"https:\/\/paroquiaqueijas.net\/portal\/wp-content\/uploads\/2011\/04\/Ress030.jpg\" \/>\n\t<meta property=\"og:image:width\" content=\"340\" \/>\n\t<meta property=\"og:image:height\" content=\"450\" \/>\n\t<meta property=\"og:image:type\" content=\"image\/jpeg\" \/>\n<meta name=\"author\" content=\"Paroquia de Queijas\" \/>\n<meta name=\"twitter:card\" content=\"summary_large_image\" \/>\n<meta name=\"twitter:label1\" content=\"Escrito por\" \/>\n\t<meta name=\"twitter:data1\" content=\"Paroquia de Queijas\" \/>\n\t<meta name=\"twitter:label2\" content=\"Tempo estimado de leitura\" \/>\n\t<meta name=\"twitter:data2\" content=\"3 minutos\" \/>\n<script type=\"application\/ld+json\" class=\"yoast-schema-graph\">{\"@context\":\"https:\\\/\\\/schema.org\",\"@graph\":[{\"@type\":\"Article\",\"@id\":\"https:\\\/\\\/paroquiaqueijas.net\\\/portal\\\/dissertacao-pascoa\\\/#article\",\"isPartOf\":{\"@id\":\"https:\\\/\\\/paroquiaqueijas.net\\\/portal\\\/dissertacao-pascoa\\\/\"},\"author\":{\"name\":\"Paroquia de Queijas\",\"@id\":\"https:\\\/\\\/paroquiaqueijas.net\\\/portal\\\/#\\\/schema\\\/person\\\/07bb4cce216326e06b6f742b719ebec7\"},\"headline\":\"Disserta\u00e7\u00e3o P\u00e1scoa\",\"datePublished\":\"2011-04-19T22:55:53+00:00\",\"dateModified\":\"2026-03-21T15:42:04+00:00\",\"mainEntityOfPage\":{\"@id\":\"https:\\\/\\\/paroquiaqueijas.net\\\/portal\\\/dissertacao-pascoa\\\/\"},\"wordCount\":505,\"commentCount\":0,\"publisher\":{\"@id\":\"https:\\\/\\\/paroquiaqueijas.net\\\/portal\\\/#organization\"},\"image\":{\"@id\":\"https:\\\/\\\/paroquiaqueijas.net\\\/portal\\\/dissertacao-pascoa\\\/#primaryimage\"},\"thumbnailUrl\":\"https:\\\/\\\/paroquiaqueijas.net\\\/portal\\\/wp-content\\\/uploads\\\/2011\\\/04\\\/Ress030.jpg\",\"articleSection\":[\"Grupo de Jovens\"],\"inLanguage\":\"pt-PT\",\"potentialAction\":[{\"@type\":\"CommentAction\",\"name\":\"Comment\",\"target\":[\"https:\\\/\\\/paroquiaqueijas.net\\\/portal\\\/dissertacao-pascoa\\\/#respond\"]}]},{\"@type\":\"WebPage\",\"@id\":\"https:\\\/\\\/paroquiaqueijas.net\\\/portal\\\/dissertacao-pascoa\\\/\",\"url\":\"https:\\\/\\\/paroquiaqueijas.net\\\/portal\\\/dissertacao-pascoa\\\/\",\"name\":\"Disserta\u00e7\u00e3o P\u00e1scoa - Paroquia de Queijas\",\"isPartOf\":{\"@id\":\"https:\\\/\\\/paroquiaqueijas.net\\\/portal\\\/#website\"},\"primaryImageOfPage\":{\"@id\":\"https:\\\/\\\/paroquiaqueijas.net\\\/portal\\\/dissertacao-pascoa\\\/#primaryimage\"},\"image\":{\"@id\":\"https:\\\/\\\/paroquiaqueijas.net\\\/portal\\\/dissertacao-pascoa\\\/#primaryimage\"},\"thumbnailUrl\":\"https:\\\/\\\/paroquiaqueijas.net\\\/portal\\\/wp-content\\\/uploads\\\/2011\\\/04\\\/Ress030.jpg\",\"datePublished\":\"2011-04-19T22:55:53+00:00\",\"dateModified\":\"2026-03-21T15:42:04+00:00\",\"breadcrumb\":{\"@id\":\"https:\\\/\\\/paroquiaqueijas.net\\\/portal\\\/dissertacao-pascoa\\\/#breadcrumb\"},\"inLanguage\":\"pt-PT\",\"potentialAction\":[{\"@type\":\"ReadAction\",\"target\":[\"https:\\\/\\\/paroquiaqueijas.net\\\/portal\\\/dissertacao-pascoa\\\/\"]}]},{\"@type\":\"ImageObject\",\"inLanguage\":\"pt-PT\",\"@id\":\"https:\\\/\\\/paroquiaqueijas.net\\\/portal\\\/dissertacao-pascoa\\\/#primaryimage\",\"url\":\"https:\\\/\\\/paroquiaqueijas.net\\\/portal\\\/wp-content\\\/uploads\\\/2011\\\/04\\\/Ress030.jpg\",\"contentUrl\":\"https:\\\/\\\/paroquiaqueijas.net\\\/portal\\\/wp-content\\\/uploads\\\/2011\\\/04\\\/Ress030.jpg\",\"width\":340,\"height\":450,\"caption\":\"Ress030\"},{\"@type\":\"BreadcrumbList\",\"@id\":\"https:\\\/\\\/paroquiaqueijas.net\\\/portal\\\/dissertacao-pascoa\\\/#breadcrumb\",\"itemListElement\":[{\"@type\":\"ListItem\",\"position\":1,\"name\":\"In\u00edcio\",\"item\":\"https:\\\/\\\/paroquiaqueijas.net\\\/portal\\\/\"},{\"@type\":\"ListItem\",\"position\":2,\"name\":\"Disserta\u00e7\u00e3o P\u00e1scoa\"}]},{\"@type\":\"WebSite\",\"@id\":\"https:\\\/\\\/paroquiaqueijas.net\\\/portal\\\/#website\",\"url\":\"https:\\\/\\\/paroquiaqueijas.net\\\/portal\\\/\",\"name\":\"Paroquia de Queijas\",\"description\":\"\",\"publisher\":{\"@id\":\"https:\\\/\\\/paroquiaqueijas.net\\\/portal\\\/#organization\"},\"potentialAction\":[{\"@type\":\"SearchAction\",\"target\":{\"@type\":\"EntryPoint\",\"urlTemplate\":\"https:\\\/\\\/paroquiaqueijas.net\\\/portal\\\/?s={search_term_string}\"},\"query-input\":{\"@type\":\"PropertyValueSpecification\",\"valueRequired\":true,\"valueName\":\"search_term_string\"}}],\"inLanguage\":\"pt-PT\"},{\"@type\":\"Organization\",\"@id\":\"https:\\\/\\\/paroquiaqueijas.net\\\/portal\\\/#organization\",\"name\":\"Paroquia de Queijas\",\"url\":\"https:\\\/\\\/paroquiaqueijas.net\\\/portal\\\/\",\"logo\":{\"@type\":\"ImageObject\",\"inLanguage\":\"pt-PT\",\"@id\":\"https:\\\/\\\/paroquiaqueijas.net\\\/portal\\\/#\\\/schema\\\/logo\\\/image\\\/\",\"url\":\"https:\\\/\\\/paroquiaqueijas.net\\\/portal\\\/wp-content\\\/uploads\\\/2026\\\/03\\\/LogoQueijas_novo.png\",\"contentUrl\":\"https:\\\/\\\/paroquiaqueijas.net\\\/portal\\\/wp-content\\\/uploads\\\/2026\\\/03\\\/LogoQueijas_novo.png\",\"width\":520,\"height\":519,\"caption\":\"Paroquia de Queijas\"},\"image\":{\"@id\":\"https:\\\/\\\/paroquiaqueijas.net\\\/portal\\\/#\\\/schema\\\/logo\\\/image\\\/\"},\"sameAs\":[\"https:\\\/\\\/www.facebook.com\\\/paroquiaqueijas\\\/\"]},{\"@type\":\"Person\",\"@id\":\"https:\\\/\\\/paroquiaqueijas.net\\\/portal\\\/#\\\/schema\\\/person\\\/07bb4cce216326e06b6f742b719ebec7\",\"name\":\"Paroquia de Queijas\",\"image\":{\"@type\":\"ImageObject\",\"inLanguage\":\"pt-PT\",\"@id\":\"https:\\\/\\\/secure.gravatar.com\\\/avatar\\\/5054571ff5d2454cd50657fc4e61d0c32d7a5d0d3b36ef6c0f6e269276d13618?s=96&d=mm&r=g\",\"url\":\"https:\\\/\\\/secure.gravatar.com\\\/avatar\\\/5054571ff5d2454cd50657fc4e61d0c32d7a5d0d3b36ef6c0f6e269276d13618?s=96&d=mm&r=g\",\"contentUrl\":\"https:\\\/\\\/secure.gravatar.com\\\/avatar\\\/5054571ff5d2454cd50657fc4e61d0c32d7a5d0d3b36ef6c0f6e269276d13618?s=96&d=mm&r=g\",\"caption\":\"Paroquia de Queijas\"},\"sameAs\":[\"https:\\\/\\\/paroquiaqueijas.net\\\/site\"],\"url\":\"https:\\\/\\\/paroquiaqueijas.net\\\/portal\\\/author\\\/admin1\\\/\"}]}<\/script>\n<!-- \/ Yoast SEO plugin. -->","yoast_head_json":{"title":"Disserta\u00e7\u00e3o P\u00e1scoa - Paroquia de Queijas","robots":{"index":"index","follow":"follow","max-snippet":"max-snippet:-1","max-image-preview":"max-image-preview:large","max-video-preview":"max-video-preview:-1"},"canonical":"https:\/\/paroquiaqueijas.net\/portal\/dissertacao-pascoa\/","og_locale":"pt_PT","og_type":"article","og_title":"Disserta\u00e7\u00e3o P\u00e1scoa - Paroquia de Queijas","og_description":"A P&aacute;scoa &eacute;, por excel&ecirc;ncia, a celebra&ccedil;&atilde;o do Mist&eacute;rio da Salva&ccedil;&atilde;o nas suas tr&ecirc;s fases &ndash; Paix&atilde;o, Morte e Ressurrei&ccedil;&atilde;o. [&hellip;]","og_url":"https:\/\/paroquiaqueijas.net\/portal\/dissertacao-pascoa\/","og_site_name":"Paroquia de Queijas","article_publisher":"https:\/\/www.facebook.com\/paroquiaqueijas\/","article_published_time":"2011-04-19T22:55:53+00:00","article_modified_time":"2026-03-21T15:42:04+00:00","og_image":[{"width":340,"height":450,"url":"https:\/\/paroquiaqueijas.net\/portal\/wp-content\/uploads\/2011\/04\/Ress030.jpg","type":"image\/jpeg"}],"author":"Paroquia de Queijas","twitter_card":"summary_large_image","twitter_misc":{"Escrito por":"Paroquia de Queijas","Tempo estimado de leitura":"3 minutos"},"schema":{"@context":"https:\/\/schema.org","@graph":[{"@type":"Article","@id":"https:\/\/paroquiaqueijas.net\/portal\/dissertacao-pascoa\/#article","isPartOf":{"@id":"https:\/\/paroquiaqueijas.net\/portal\/dissertacao-pascoa\/"},"author":{"name":"Paroquia de Queijas","@id":"https:\/\/paroquiaqueijas.net\/portal\/#\/schema\/person\/07bb4cce216326e06b6f742b719ebec7"},"headline":"Disserta\u00e7\u00e3o P\u00e1scoa","datePublished":"2011-04-19T22:55:53+00:00","dateModified":"2026-03-21T15:42:04+00:00","mainEntityOfPage":{"@id":"https:\/\/paroquiaqueijas.net\/portal\/dissertacao-pascoa\/"},"wordCount":505,"commentCount":0,"publisher":{"@id":"https:\/\/paroquiaqueijas.net\/portal\/#organization"},"image":{"@id":"https:\/\/paroquiaqueijas.net\/portal\/dissertacao-pascoa\/#primaryimage"},"thumbnailUrl":"https:\/\/paroquiaqueijas.net\/portal\/wp-content\/uploads\/2011\/04\/Ress030.jpg","articleSection":["Grupo de Jovens"],"inLanguage":"pt-PT","potentialAction":[{"@type":"CommentAction","name":"Comment","target":["https:\/\/paroquiaqueijas.net\/portal\/dissertacao-pascoa\/#respond"]}]},{"@type":"WebPage","@id":"https:\/\/paroquiaqueijas.net\/portal\/dissertacao-pascoa\/","url":"https:\/\/paroquiaqueijas.net\/portal\/dissertacao-pascoa\/","name":"Disserta\u00e7\u00e3o P\u00e1scoa - Paroquia de Queijas","isPartOf":{"@id":"https:\/\/paroquiaqueijas.net\/portal\/#website"},"primaryImageOfPage":{"@id":"https:\/\/paroquiaqueijas.net\/portal\/dissertacao-pascoa\/#primaryimage"},"image":{"@id":"https:\/\/paroquiaqueijas.net\/portal\/dissertacao-pascoa\/#primaryimage"},"thumbnailUrl":"https:\/\/paroquiaqueijas.net\/portal\/wp-content\/uploads\/2011\/04\/Ress030.jpg","datePublished":"2011-04-19T22:55:53+00:00","dateModified":"2026-03-21T15:42:04+00:00","breadcrumb":{"@id":"https:\/\/paroquiaqueijas.net\/portal\/dissertacao-pascoa\/#breadcrumb"},"inLanguage":"pt-PT","potentialAction":[{"@type":"ReadAction","target":["https:\/\/paroquiaqueijas.net\/portal\/dissertacao-pascoa\/"]}]},{"@type":"ImageObject","inLanguage":"pt-PT","@id":"https:\/\/paroquiaqueijas.net\/portal\/dissertacao-pascoa\/#primaryimage","url":"https:\/\/paroquiaqueijas.net\/portal\/wp-content\/uploads\/2011\/04\/Ress030.jpg","contentUrl":"https:\/\/paroquiaqueijas.net\/portal\/wp-content\/uploads\/2011\/04\/Ress030.jpg","width":340,"height":450,"caption":"Ress030"},{"@type":"BreadcrumbList","@id":"https:\/\/paroquiaqueijas.net\/portal\/dissertacao-pascoa\/#breadcrumb","itemListElement":[{"@type":"ListItem","position":1,"name":"In\u00edcio","item":"https:\/\/paroquiaqueijas.net\/portal\/"},{"@type":"ListItem","position":2,"name":"Disserta\u00e7\u00e3o P\u00e1scoa"}]},{"@type":"WebSite","@id":"https:\/\/paroquiaqueijas.net\/portal\/#website","url":"https:\/\/paroquiaqueijas.net\/portal\/","name":"Paroquia de Queijas","description":"","publisher":{"@id":"https:\/\/paroquiaqueijas.net\/portal\/#organization"},"potentialAction":[{"@type":"SearchAction","target":{"@type":"EntryPoint","urlTemplate":"https:\/\/paroquiaqueijas.net\/portal\/?s={search_term_string}"},"query-input":{"@type":"PropertyValueSpecification","valueRequired":true,"valueName":"search_term_string"}}],"inLanguage":"pt-PT"},{"@type":"Organization","@id":"https:\/\/paroquiaqueijas.net\/portal\/#organization","name":"Paroquia de Queijas","url":"https:\/\/paroquiaqueijas.net\/portal\/","logo":{"@type":"ImageObject","inLanguage":"pt-PT","@id":"https:\/\/paroquiaqueijas.net\/portal\/#\/schema\/logo\/image\/","url":"https:\/\/paroquiaqueijas.net\/portal\/wp-content\/uploads\/2026\/03\/LogoQueijas_novo.png","contentUrl":"https:\/\/paroquiaqueijas.net\/portal\/wp-content\/uploads\/2026\/03\/LogoQueijas_novo.png","width":520,"height":519,"caption":"Paroquia de Queijas"},"image":{"@id":"https:\/\/paroquiaqueijas.net\/portal\/#\/schema\/logo\/image\/"},"sameAs":["https:\/\/www.facebook.com\/paroquiaqueijas\/"]},{"@type":"Person","@id":"https:\/\/paroquiaqueijas.net\/portal\/#\/schema\/person\/07bb4cce216326e06b6f742b719ebec7","name":"Paroquia de Queijas","image":{"@type":"ImageObject","inLanguage":"pt-PT","@id":"https:\/\/secure.gravatar.com\/avatar\/5054571ff5d2454cd50657fc4e61d0c32d7a5d0d3b36ef6c0f6e269276d13618?s=96&d=mm&r=g","url":"https:\/\/secure.gravatar.com\/avatar\/5054571ff5d2454cd50657fc4e61d0c32d7a5d0d3b36ef6c0f6e269276d13618?s=96&d=mm&r=g","contentUrl":"https:\/\/secure.gravatar.com\/avatar\/5054571ff5d2454cd50657fc4e61d0c32d7a5d0d3b36ef6c0f6e269276d13618?s=96&d=mm&r=g","caption":"Paroquia de Queijas"},"sameAs":["https:\/\/paroquiaqueijas.net\/site"],"url":"https:\/\/paroquiaqueijas.net\/portal\/author\/admin1\/"}]}},"_links":{"self":[{"href":"https:\/\/paroquiaqueijas.net\/portal\/wp-json\/wp\/v2\/posts\/452","targetHints":{"allow":["GET"]}}],"collection":[{"href":"https:\/\/paroquiaqueijas.net\/portal\/wp-json\/wp\/v2\/posts"}],"about":[{"href":"https:\/\/paroquiaqueijas.net\/portal\/wp-json\/wp\/v2\/types\/post"}],"author":[{"embeddable":true,"href":"https:\/\/paroquiaqueijas.net\/portal\/wp-json\/wp\/v2\/users\/1"}],"replies":[{"embeddable":true,"href":"https:\/\/paroquiaqueijas.net\/portal\/wp-json\/wp\/v2\/comments?post=452"}],"version-history":[{"count":1,"href":"https:\/\/paroquiaqueijas.net\/portal\/wp-json\/wp\/v2\/posts\/452\/revisions"}],"predecessor-version":[{"id":2865,"href":"https:\/\/paroquiaqueijas.net\/portal\/wp-json\/wp\/v2\/posts\/452\/revisions\/2865"}],"wp:featuredmedia":[{"embeddable":true,"href":"https:\/\/paroquiaqueijas.net\/portal\/wp-json\/wp\/v2\/media\/451"}],"wp:attachment":[{"href":"https:\/\/paroquiaqueijas.net\/portal\/wp-json\/wp\/v2\/media?parent=452"}],"wp:term":[{"taxonomy":"category","embeddable":true,"href":"https:\/\/paroquiaqueijas.net\/portal\/wp-json\/wp\/v2\/categories?post=452"},{"taxonomy":"post_tag","embeddable":true,"href":"https:\/\/paroquiaqueijas.net\/portal\/wp-json\/wp\/v2\/tags?post=452"}],"curies":[{"name":"wp","href":"https:\/\/api.w.org\/{rel}","templated":true}]}}