{"id":464,"date":"2011-05-03T08:08:17","date_gmt":"2011-05-03T08:08:17","guid":{"rendered":"https:\/\/paroquiaqueijas.net\/site\/?p=464"},"modified":"2026-03-21T15:41:43","modified_gmt":"2026-03-21T15:41:43","slug":"beatificacao-de-joao-paulo-ii-homilia-de-bento-xvi","status":"publish","type":"post","link":"https:\/\/paroquiaqueijas.net\/portal\/beatificacao-de-joao-paulo-ii-homilia-de-bento-xvi\/","title":{"rendered":"Beatifica\u00e7\u00e3o de Jo\u00e3o Paulo II &#8211; Homilia de Bento XVI"},"content":{"rendered":"<p><span style=\"font-size: 8pt;\"><strong>Beatifica\u00e7\u00e3o de Jo\u00e3o Paulo II<\/strong><\/span><strong><span style=\"font-size: 8pt;\"><img decoding=\"async\" class=\" alignright size-full wp-image-458\" style=\"margin: 6px 0px 0px 9px; float: right;\" alt=\"JPBeat82\" src=\"https:\/\/paroquiaqueijas.net\/portal\/wp-content\/uploads\/2011\/05\/JPBeat82.jpg\" height=\"168\" width=\"224\" srcset=\"https:\/\/paroquiaqueijas.net\/portal\/wp-content\/uploads\/2011\/05\/JPBeat82.jpg 619w, https:\/\/paroquiaqueijas.net\/portal\/wp-content\/uploads\/2011\/05\/JPBeat82-300x225.jpg 300w\" sizes=\"(max-width: 224px) 100vw, 224px\" \/><\/span><br \/>Homilia de Bento XVI<\/span><\/strong><\/span><\/p>\n<p>Amados irm\u00e3os e irm\u00e3s,<br \/>Passaram j\u00e1 seis anos desde o dia em que nos encontr\u00e1vamos nesta Pra\u00e7a para celebrar o funeral do Papa Jo\u00e3o Paulo II. Ent\u00e3o, se a tristeza pela sua perda era profunda, maior ainda se revelava a sensa\u00e7\u00e3o de que uma gra\u00e7a imensa envolvia Roma e o mundo inteiro: gra\u00e7a esta, que era como que o fruto da vida inteira do meu amado Predecessor, especialmente do seu testemunho no sofrimento. J\u00e1 naquele dia sent\u00edamos pairar o perfume da sua santidade, tendo o Povo de Deus manifestado de muitas maneiras a sua venera\u00e7\u00e3o por ele. Por isso, quis que a sua Causa de Beatifica\u00e7\u00e3o pudesse, no devido respeito pelas normas da Igreja, prosseguir com discreta celeridade. E o dia esperado chegou! Chegou depressa, porque assim aprouve ao Senhor:<strong> Jo\u00e3o Paulo II \u00e9 Beato!<\/strong><\/span><\/p>\n<p><!--more--><\/p>\n<p>Desejo dirigir a minha cordial sauda\u00e7\u00e3o a todos v\u00f3s que, nesta circunst\u00e2ncia feliz, vos reunistes, t\u00e3o numerosos, aqui em Roma vindos de todos os cantos do mundo: cardeais, patriarcas das Igrejas Cat\u00f3licas Orientais, irm\u00e3os no episcopado e no sacerd\u00f3cio, delega\u00e7\u00f5es oficiais, embaixadores e autoridades, pessoas consagradas e fi\u00e9is leigos; esta minha sauda\u00e7\u00e3o estende-se tamb\u00e9m a quantos est\u00e3o unidos connosco atrav\u00e9s do r\u00e1dio e da televis\u00e3o.<\/span><\/p>\n<p>Estamos no segundo domingo de P\u00e1scoa, que o Beato Jo\u00e3o Paulo II quis intitular Domingo da Divina Miseric\u00f3rdia. Por isso, se escolheu esta data para a presente celebra\u00e7\u00e3o, porque o meu Predecessor, por um des\u00edgnio providencial, entregou o seu esp\u00edrito a Deus justamente ao anoitecer da vig\u00edlia de tal ocorr\u00eancia. Al\u00e9m disso, hoje tem in\u00edcio o m\u00eas de Maio, o m\u00eas de Maria; e neste dia celebra-se tamb\u00e9m a mem\u00f3ria de S\u00e3o Jos\u00e9 oper\u00e1rio. Todos estes elementos concorrem para enriquecer a nossa ora\u00e7\u00e3o; servem-nos de ajuda, a n\u00f3s que ainda peregrinamos no tempo e no espa\u00e7o; no C\u00e9u, a festa entre os Anjos e os Santos \u00e9 muito diferente! E todavia Deus \u00e9 um s\u00f3, e um s\u00f3 \u00e9 Cristo Senhor que, como uma ponte, une a terra e o C\u00e9u, e neste momento sentimo-lo muito perto, sentimo-nos quase participantes da liturgia celeste.<a target=\"_blank\" title=\"Beatifica\u00e7\u00e3o de Jo\u00e3o Paulo II\" href=\"https:\/\/paroquiaqueijas.net\/portal\/wp-content\/uploads\/2011\/05\/JPBeat47a.jpg\"><img fetchpriority=\"high\" decoding=\"async\" style=\"margin: 24px 0px 0px 9px; float: right;\" alt=\"JPBeat47a\" src=\"https:\/\/paroquiaqueijas.net\/portal\/wp-content\/uploads\/2011\/05\/JPBeat47a.jpg\" height=\"204\" width=\"273\" \/><\/a><\/span><\/p>\n<p>\u00abFelizes os que acreditam sem terem visto\u00bb (Jo 20, 29). No Evangelho de hoje, Jesus pronuncia esta bem-aventuran\u00e7a: a bem-aventuran\u00e7a da f\u00e9. Ela chama de modo particular a nossa aten\u00e7\u00e3o, porque estamos reunidos justamente para celebrar uma Beatifica\u00e7\u00e3o e, mais ainda, porque o Beato hoje proclamado \u00e9 um Papa, um Sucessor de Pedro, chamado a confirmar os irm\u00e3os na f\u00e9. Jo\u00e3o Paulo II \u00e9 Beato pela sua forte e generosa f\u00e9 apost\u00f3lica. E isto traz imediatamente \u00e0 mem\u00f3ria outra bem-aventuran\u00e7a: \u00abFeliz de ti, Sim\u00e3o, filho de Jonas, porque n\u00e3o foram a carne e o sangue que to revelaram, mas sim meu Pai que est\u00e1 nos C\u00e9us\u00bb (Mt 16, 17). O que \u00e9 que o Pai celeste revelou a Sim\u00e3o? Que Jesus \u00e9 o Cristo, o Filho de Deus vivo. Por esta f\u00e9, Sim\u00e3o se torna \u00abPedro\u00bb, rocha sobre a qual Jesus pode edificar a sua Igreja. A bem-aventuran\u00e7a eterna de Jo\u00e3o Paulo II, que a Igreja tem a alegria de proclamar hoje, est\u00e1 inteiramente contida nestas palavras de Cristo: \u00abFeliz de ti, Sim\u00e3o\u00bb e \u00abfelizes os que acreditam sem terem visto\u00bb. \u00c9 a bem-aventuran\u00e7a da f\u00e9, cujo dom tamb\u00e9m Jo\u00e3o Paulo II recebeu de Deus Pai para a edifica\u00e7\u00e3o da Igreja de Cristo.<\/span><\/p>\n<p>Entretanto perpassa pelo nosso pensamento mais uma bem-aventuran\u00e7a que, no Evangelho, precede todas as outras. \u00c9 a bem-aventuran\u00e7a da Virgem Maria, a M\u00e3e do Redentor. A Ela, que acabava de conceber Jesus no seu ventre, diz Santa Isabel: \u00abBem-aventurada aquela que acreditou no cumprimento de tudo quanto lhe foi dito da parte do Senhor\u00bb (Lc 1, 45). A bem-aventuran\u00e7a da f\u00e9 tem o seu modelo em Maria, pelo que a todos nos enche de alegria o facto de a beatifica\u00e7\u00e3o de Jo\u00e3o Paulo II ter lugar no primeiro dia deste m\u00eas mariano, sob o olhar materno d&#8217;Aquela que, com a sua f\u00e9, sustentou a f\u00e9 dos Ap\u00f3stolos e n\u00e3o cessa de sustentar a f\u00e9 dos seus sucessores, especialmente de quantos s\u00e3o chamados a sentar-se na c\u00e1tedra de Pedro. Nas narra\u00e7\u00f5es da ressurrei\u00e7\u00e3o de Cristo, Maria n\u00e3o aparece, mas a sua presen\u00e7a pressente-se em toda a parte: \u00e9 a M\u00e3e, a quem Jesus confiou cada um dos disc\u00edpulos e toda a comunidade. De forma particular, notamos que a presen\u00e7a real e materna de Maria aparece assinalada por S\u00e3o Jo\u00e3o e S\u00e3o Lucas nos contextos que precedem tanto o Evangelho como a primeira Leitura de hoje: na narra\u00e7\u00e3o da morte de Jesus, onde Maria aparece aos p\u00e9s da Cruz (Jo 19, 25); e, no come\u00e7o dos Actos dos Ap\u00f3stolos, que a apresentam no meio dos disc\u00edpulos reunidos em ora\u00e7\u00e3o no Cen\u00e1culo (Act 1, 14).<a target=\"_blank\" title=\"Beatifica\u00e7\u00e3o de Jo\u00e3o Paulo II\" href=\"https:\/\/paroquiaqueijas.net\/portal\/wp-content\/uploads\/2011\/05\/JPBeat67.jpg\"><img decoding=\"async\" style=\"margin: 18px 0px 0px 9px; float: right;\" alt=\"JPBeat67\" src=\"https:\/\/paroquiaqueijas.net\/portal\/wp-content\/uploads\/2011\/05\/JPBeat67.jpg\" height=\"182\" width=\"275\" \/><\/a><\/span><\/p>\n<p>Tamb\u00e9m a segunda Leitura de hoje nos fala da f\u00e9, e \u00e9 justamente S\u00e3o Pedro que escreve, cheio de entusiasmo espiritual, indicando aos rec\u00e9m-baptizados as raz\u00f5es da sua esperan\u00e7a e da sua alegria. Apraz-me observar que nesta passagem, situada na parte inicial da sua Primeira Carta, Pedro exprime-se n\u00e3o no modo exortativo, mas indicativo. De facto, escreve: \u00abIsto vos enche de alegria\u00bb; e acrescenta: \u00abV\u00f3s amais Jesus Cristo sem O terdes conhecido, e, como n&#8217;Ele acreditais sem O verdes ainda, estais cheios de alegria indescrit\u00edvel e plena de gl\u00f3ria, por irdes alcan\u00e7ar o fim da vossa f\u00e9: a salva\u00e7\u00e3o das vossas almas\u00bb (1Pe 1, 6.8-9). Est\u00e1 tudo no indicativo, porque existe uma nova realidade, gerada pela ressurrei\u00e7\u00e3o de Cristo, uma realidade que nos \u00e9 acess\u00edvel pela f\u00e9. \u00abEsta \u00e9 uma obra admir\u00e1vel \u2013 diz o Salmo (118, 23) \u2013 que o Senhor realizou aos nossos olhos\u00bb, os olhos da f\u00e9.<\/span><\/p>\n<p>Queridos irm\u00e3os e irm\u00e3s, hoje diante dos nossos olhos brilha, na plena luz de Cristo ressuscitado, a amada e venerada figura de Jo\u00e3o Paulo II. Hoje, o seu nome junta-se \u00e0 s\u00e9rie dos Santos e Beatos que ele mesmo proclamou durante os seus quase 27 anos de pontificado, lembrando com vigor a voca\u00e7\u00e3o universal \u00e0 medida alta da vida crist\u00e3, \u00e0 santidade, como afirma a Constitui\u00e7\u00e3o conciliar Lumem gentiumsobre a Igreja. Os membros do Povo de Deus \u2013 bispos, sacerdotes, di\u00e1conos, fi\u00e9is leigos, religiosos e religiosas \u2013 todos n\u00f3s estamos a caminho da P\u00e1tria celeste, tendo-nos precedido a Virgem Maria, associada de modo singular e perfeito ao mist\u00e9rio de Cristo e da Igreja. Karol Wojty\u0142a, primeiro como Bispo Auxiliar e depois como Arcebispo de Crac\u00f3via, participou no Conc\u00edlio Vaticano II e bem sabia que dedicar a Maria o \u00faltimo cap\u00edtulo da Constitui\u00e7\u00e3o sobre a Igreja significava colocar a M\u00e3e do Redentor como imagem e modelo de santidade para todo o crist\u00e3o e para a Igreja inteira. Foi esta vis\u00e3o teol\u00f3gica que o Beato Jo\u00e3o Paulo II descobriu na sua juventude, tendo-a depois conservado e aprofundado durante toda a vida; uma vis\u00e3o, que se resume no \u00edcone b\u00edblico de Cristo crucificado com Maria ao p\u00e9 da Cruz. Um \u00edcone que se encontra no Evangelho de Jo\u00e3o (19, 25-27) e est\u00e1 sintetizado nas armas episcopais e, depois, papais de Karol Wojty\u0142a: uma cruz de ouro, um \u00abM\u00bb na parte inferior direita e o lema \u00abTotus tuus\u00bb, que corresponde \u00e0 conhecida frase de S\u00e3o Lu\u00eds Maria Grignion de Monfort, na qual Karol Wojty\u0142a encontrou um princ\u00edpio fundamental para a sua vida: \u00abTotus tuus ego sum et omnia mea tua sunt. Accipio Te in mea omnia. Praebe mihi cor tuum, Maria \u2013 Sou todo vosso e tudo o que possuo \u00e9 vosso. Tomo-vos como toda a minha riqueza. Dai-me o vosso cora\u00e7\u00e3o, \u00f3 Maria\u00bb (Tratado da Verdadeira Devo\u00e7\u00e3o \u00e0 Sant\u00edssima Virgem, n.\u00ba 266).<a target=\"_blank\" title=\"Beatifica\u00e7\u00e3o de Jo\u00e3o Paulo II\" href=\"https:\/\/paroquiaqueijas.net\/portal\/wp-content\/uploads\/2011\/05\/JPBeat34.jpg\"><img loading=\"lazy\" decoding=\"async\" style=\"margin: 16px 0px 0px 9px; float: right;\" alt=\"JPBeat34\" src=\"https:\/\/paroquiaqueijas.net\/portal\/wp-content\/uploads\/2011\/05\/JPBeat34.jpg\" height=\"217\" width=\"289\" \/><\/a><\/span><\/p>\n<p>No seu Testamento, o novo Beato deixou escrito: \u00abQuando, no dia 16 de Outubro de 1978, o conclave dos cardeais escolheu Jo\u00e3o Paulo II, o Card. Stefan Wyszy\u0144ski, Primaz da Pol\u00f3nia, disse-me: &#8220;A miss\u00e3o do novo Papa ser\u00e1 a de introduzir a Igreja no Terceiro Mil\u00e9nio&#8221;\u00bb. E acrescenta: \u00abDesejo mais uma vez agradecer ao Esp\u00edrito Santo pelo grande dom do Conc\u00edlio Vaticano II, do qual me sinto devedor, juntamente com toda a Igreja e sobretudo o episcopado. Estou convencido de que ser\u00e1 concedido ainda por muito tempo, \u00e0s sucessivas gera\u00e7\u00f5es, haurir das riquezas que este Conc\u00edlio do s\u00e9culo XX nos prodigalizou. Como Bispo que participou no evento conciliar, desde o primeiro ao \u00faltimo dia, desejo confiar este grande patrim\u00f3nio a todos aqueles que s\u00e3o, e ser\u00e3o, chamados a realiz\u00e1-lo. Pela minha parte, agrade\u00e7o ao Pastor eterno que me permitiu servir esta grand\u00edssima causa ao longo de todos os anos do meu pontificado\u00bb. E qual \u00e9 esta causa? \u00c9 a mesma que Jo\u00e3o Paulo II enunciou na sua primeira Missa solene, na Pra\u00e7a de S\u00e3o Pedro, com estas palavras memor\u00e1veis: \u00abN\u00e3o tenhais medo! Abri, melhor, escancarai as portas a Cristo!\u00bb. Aquilo que o Papa rec\u00e9m-eleito pedia a todos, come\u00e7ou, ele mesmo, a faz\u00ea-lo: abriu a Cristo a sociedade, a cultura, os sistemas pol\u00edticos e econ\u00f3micos, invertendo, com a for\u00e7a de um gigante \u2013 for\u00e7a que lhe vinha de Deus \u2013, uma tend\u00eancia que parecia irrevers\u00edvel. Com o seu testemunho de f\u00e9, de amor e de coragem apost\u00f3lica, acompanhado por uma grande sensibilidade humana, este filho exemplar da Na\u00e7\u00e3o Polaca ajudou os crist\u00e3os de todo o mundo a n\u00e3o ter medo de se dizerem crist\u00e3os, de pertencerem \u00e0 Igreja, de falarem do Evangelho. Numa palavra, ajudou-nos a n\u00e3o ter medo da verdade, porque a verdade \u00e9 garantia de liberdade. Sintetizando ainda mais: deu-nos novamente a for\u00e7a de crer em Cristo, porque Cristo \u00e9 o Redentor do homem \u2013 Redemptor hominis: foi este o tema da sua primeira Enc\u00edclica e o fio condutor de todas as outras.<\/span><\/p>\n<p>Karol Wojty\u0142a subiu a<\/span><a target=\"_blank\" title=\"Beatifica\u00e7\u00e3o de Jo\u00e3o Paulo II\" href=\"https:\/\/paroquiaqueijas.net\/portal\/wp-content\/uploads\/2011\/05\/JPBeat38.jpg\"><img loading=\"lazy\" decoding=\"async\" style=\"margin: 0px 9px 0px 0px; float: left;\" alt=\"JPBeat38\" src=\"https:\/\/paroquiaqueijas.net\/portal\/wp-content\/uploads\/2011\/05\/JPBeat38.jpg\" height=\"217\" width=\"225\" \/><\/a><\/span>o s\u00f3lio de Pedro trazendo consigo a sua reflex\u00e3o profunda sobre a confronta\u00e7\u00e3o entre o marxismo e o cristianismo, centrada no homem. A sua mensagem foi esta: o homem \u00e9 o caminho da Igreja, e Cristo \u00e9 o caminho do homem. Com esta mensagem, que \u00e9 a grande heran\u00e7a do Conc\u00edlio Vaticano II e do seu \u00abtimoneiro\u00bb \u2013 o Servo de Deus Papa Paulo VI \u2013, Jo\u00e3o Paulo II foi o guia do Povo de Deus ao cruzar o limiar do Terceiro Mil\u00e9nio, que ele p\u00f4de, justamente gra\u00e7as a Cristo, chamar \u00ablimiar da esperan\u00e7a\u00bb. Na verdade, atrav\u00e9s do longo caminho de prepara\u00e7\u00e3o para o Grande Jubileu, ele conferiu ao cristianismo uma renovada orienta\u00e7\u00e3o para o futuro, o futuro de Deus, que \u00e9 transcendente relativamente \u00e0 hist\u00f3ria, mas incide na hist\u00f3ria. Aquela carga de esperan\u00e7a que de certo modo fora cedida ao marxismo e \u00e0 ideologia do progresso, Jo\u00e3o Paulo II legitimamente reivindicou-a para o cristianismo, restituindo-lhe a fisionomia aut\u00eantica da esperan\u00e7a, que se deve viver na hist\u00f3ria com um esp\u00edrito de \u00abadvento\u00bb, numa exist\u00eancia pessoal e comunit\u00e1ria orientada para Cristo, plenitude do homem e realiza\u00e7\u00e3o das suas expectativas de justi\u00e7a e de paz.<\/span><\/p>\n<p>Por fim, quero agradecer a Deus tamb\u00e9m a experi\u00eancia de colabora\u00e7\u00e3o pessoal que me concedeu ter longamente com o Beato Papa Jo\u00e3o Paulo II. Se antes j\u00e1 tinha tido possibilidades de o conhecer e estimar, desde 1982, quando me chamou a Roma como Prefeito da Congrega\u00e7\u00e3o para a Doutrina da F\u00e9, pude durante 23 anos permanecer junto dele crescendo sempre mais a minha venera\u00e7\u00e3o pela sua pessoa. O meu servi\u00e7o foi sustentado pela sua profundidade espiritual, pela riqueza das suas intui\u00e7\u00f5es. Sempre me impressionou e edificou o exemplo da sua ora\u00e7\u00e3o: entranhava-se no enc<\/span><\/span>ontro com Deus, inclusive no meio das mais variadas incumb\u00eancias do seu minist\u00e9rio. <\/span><img loading=\"lazy\" decoding=\"async\" class=\" alignleft size-full wp-image-463\" style=\"margin: 0px; float: left;\" alt=\"JPBeat73a\" src=\"https:\/\/paroquiaqueijas.net\/portal\/wp-content\/uploads\/2011\/05\/JPBeat73a.png\" height=\"225\" width=\"189\" srcset=\"https:\/\/paroquiaqueijas.net\/portal\/wp-content\/uploads\/2011\/05\/JPBeat73a.png 315w, https:\/\/paroquiaqueijas.net\/portal\/wp-content\/uploads\/2011\/05\/JPBeat73a-251x300.png 251w\" sizes=\"(max-width: 189px) 100vw, 189px\" \/><\/span>E, depois, impressionou-me o seu testemunho no sofrimento: pouco a pouco o Senhor foi-o despojando de tudo, mas permaneceu sempre uma \u00abrocha\u00bb, como Cristo o quis. A sua humildade profunda, enraizada na uni\u00e3o \u00edntima com Cristo, permitiu-lhe continuar a guiar a Igreja e a dar ao mundo uma mensagem ainda mais eloquente, justamente no per\u00edodo em que as for\u00e7as f\u00edsicas definhavam. Assim, realizou de maneira extraordin\u00e1ria a voca\u00e7\u00e3o de todo o sacerdote e bispo: tornar-se um s\u00f3 com aquele Jesus que diariamente recebe e oferece na Eucaristia.<\/span><\/p>\n<p>Feliz \u00e9s tu, amado Papa Jo\u00e3o Paulo II, porque acreditaste! Continua do C\u00e9u \u2013 n\u00f3s te pedimos \u2013 a sustentar a f\u00e9 do Povo de Deus. Amen.<\/span><\/p>\n<div style=\"text-align: right;\"><span style=\"font-size: 8pt;\">Ciadade do Vaticano, 1 de Maio de 2011<\/span><\/p>\n","protected":false},"excerpt":{"rendered":"<p>Beatifica\u00e7\u00e3o de Jo\u00e3o Paulo IIHomilia de Bento XVI Amados irm\u00e3os e irm\u00e3s,Passaram j\u00e1 seis anos desde o dia em que [&hellip;]<\/p>\n","protected":false},"author":1,"featured_media":458,"comment_status":"open","ping_status":"open","sticky":false,"template":"","format":"standard","meta":{"site-sidebar-layout":"default","site-content-layout":"","ast-site-content-layout":"default","site-content-style":"default","site-sidebar-style":"default","ast-global-header-display":"","ast-banner-title-visibility":"","ast-main-header-display":"","ast-hfb-above-header-display":"","ast-hfb-below-header-display":"","ast-hfb-mobile-header-display":"","site-post-title":"","ast-breadcrumbs-content":"","ast-featured-img":"","footer-sml-layout":"","ast-disable-related-posts":"","theme-transparent-header-meta":"","adv-header-id-meta":"","stick-header-meta":"","header-above-stick-meta":"","header-main-stick-meta":"","header-below-stick-meta":"","astra-migrate-meta-layouts":"default","ast-page-background-enabled":"default","ast-page-background-meta":{"desktop":{"background-color":"var(--ast-global-color-5)","background-image":"","background-repeat":"repeat","background-position":"center center","background-size":"auto","background-attachment":"scroll","background-type":"","background-media":"","overlay-type":"","overlay-color":"","overlay-opacity":"","overlay-gradient":""},"tablet":{"background-color":"","background-image":"","background-repeat":"repeat","background-position":"center center","background-size":"auto","background-attachment":"scroll","background-type":"","background-media":"","overlay-type":"","overlay-color":"","overlay-opacity":"","overlay-gradient":""},"mobile":{"background-color":"","background-image":"","background-repeat":"repeat","background-position":"center center","background-size":"auto","background-attachment":"scroll","background-type":"","background-media":"","overlay-type":"","overlay-color":"","overlay-opacity":"","overlay-gradient":""}},"ast-content-background-meta":{"desktop":{"background-color":"var(--ast-global-color-4)","background-image":"","background-repeat":"repeat","background-position":"center center","background-size":"auto","background-attachment":"scroll","background-type":"","background-media":"","overlay-type":"","overlay-color":"","overlay-opacity":"","overlay-gradient":""},"tablet":{"background-color":"var(--ast-global-color-4)","background-image":"","background-repeat":"repeat","background-position":"center center","background-size":"auto","background-attachment":"scroll","background-type":"","background-media":"","overlay-type":"","overlay-color":"","overlay-opacity":"","overlay-gradient":""},"mobile":{"background-color":"var(--ast-global-color-4)","background-image":"","background-repeat":"repeat","background-position":"center center","background-size":"auto","background-attachment":"scroll","background-type":"","background-media":"","overlay-type":"","overlay-color":"","overlay-opacity":"","overlay-gradient":""}},"footnotes":""},"categories":[14],"tags":[],"class_list":["post-464","post","type-post","status-publish","format-standard","has-post-thumbnail","hentry","category-papa-bento-xvi"],"yoast_head":"<!-- This site is optimized with the Yoast SEO plugin v27.4 - https:\/\/yoast.com\/product\/yoast-seo-wordpress\/ -->\n<title>Beatifica\u00e7\u00e3o de Jo\u00e3o Paulo II - Homilia de Bento XVI - Paroquia de Queijas<\/title>\n<meta name=\"robots\" content=\"index, follow, max-snippet:-1, max-image-preview:large, max-video-preview:-1\" \/>\n<link rel=\"canonical\" href=\"https:\/\/paroquiaqueijas.net\/portal\/beatificacao-de-joao-paulo-ii-homilia-de-bento-xvi\/\" \/>\n<meta property=\"og:locale\" content=\"pt_PT\" \/>\n<meta property=\"og:type\" content=\"article\" \/>\n<meta property=\"og:title\" content=\"Beatifica\u00e7\u00e3o de Jo\u00e3o Paulo II - Homilia de Bento XVI - Paroquia de Queijas\" \/>\n<meta property=\"og:description\" content=\"Beatifica\u00e7\u00e3o de Jo\u00e3o Paulo IIHomilia de Bento XVI Amados irm\u00e3os e irm\u00e3s,Passaram j\u00e1 seis anos desde o dia em que [&hellip;]\" \/>\n<meta property=\"og:url\" content=\"https:\/\/paroquiaqueijas.net\/portal\/beatificacao-de-joao-paulo-ii-homilia-de-bento-xvi\/\" \/>\n<meta property=\"og:site_name\" content=\"Paroquia de Queijas\" \/>\n<meta property=\"article:publisher\" content=\"https:\/\/www.facebook.com\/paroquiaqueijas\/\" \/>\n<meta property=\"article:published_time\" content=\"2011-05-03T08:08:17+00:00\" \/>\n<meta property=\"article:modified_time\" content=\"2026-03-21T15:41:43+00:00\" \/>\n<meta property=\"og:image\" content=\"https:\/\/paroquiaqueijas.net\/portal\/wp-content\/uploads\/2011\/05\/JPBeat82.jpg\" \/>\n\t<meta property=\"og:image:width\" content=\"619\" \/>\n\t<meta property=\"og:image:height\" content=\"464\" \/>\n\t<meta property=\"og:image:type\" content=\"image\/jpeg\" \/>\n<meta name=\"author\" content=\"Paroquia de Queijas\" \/>\n<meta name=\"twitter:card\" content=\"summary_large_image\" \/>\n<meta name=\"twitter:label1\" content=\"Escrito por\" \/>\n\t<meta name=\"twitter:data1\" content=\"Paroquia de Queijas\" \/>\n\t<meta name=\"twitter:label2\" content=\"Tempo estimado de leitura\" \/>\n\t<meta name=\"twitter:data2\" content=\"11 minutos\" \/>\n<script type=\"application\/ld+json\" class=\"yoast-schema-graph\">{\"@context\":\"https:\\\/\\\/schema.org\",\"@graph\":[{\"@type\":\"Article\",\"@id\":\"https:\\\/\\\/paroquiaqueijas.net\\\/portal\\\/beatificacao-de-joao-paulo-ii-homilia-de-bento-xvi\\\/#article\",\"isPartOf\":{\"@id\":\"https:\\\/\\\/paroquiaqueijas.net\\\/portal\\\/beatificacao-de-joao-paulo-ii-homilia-de-bento-xvi\\\/\"},\"author\":{\"name\":\"Paroquia de Queijas\",\"@id\":\"https:\\\/\\\/paroquiaqueijas.net\\\/portal\\\/#\\\/schema\\\/person\\\/07bb4cce216326e06b6f742b719ebec7\"},\"headline\":\"Beatifica\u00e7\u00e3o de Jo\u00e3o Paulo II &#8211; Homilia de Bento XVI\",\"datePublished\":\"2011-05-03T08:08:17+00:00\",\"dateModified\":\"2026-03-21T15:41:43+00:00\",\"mainEntityOfPage\":{\"@id\":\"https:\\\/\\\/paroquiaqueijas.net\\\/portal\\\/beatificacao-de-joao-paulo-ii-homilia-de-bento-xvi\\\/\"},\"wordCount\":2193,\"commentCount\":0,\"publisher\":{\"@id\":\"https:\\\/\\\/paroquiaqueijas.net\\\/portal\\\/#organization\"},\"image\":{\"@id\":\"https:\\\/\\\/paroquiaqueijas.net\\\/portal\\\/beatificacao-de-joao-paulo-ii-homilia-de-bento-xvi\\\/#primaryimage\"},\"thumbnailUrl\":\"https:\\\/\\\/paroquiaqueijas.net\\\/portal\\\/wp-content\\\/uploads\\\/2011\\\/05\\\/JPBeat82.jpg\",\"articleSection\":[\"Papa Bento XVI\"],\"inLanguage\":\"pt-PT\",\"potentialAction\":[{\"@type\":\"CommentAction\",\"name\":\"Comment\",\"target\":[\"https:\\\/\\\/paroquiaqueijas.net\\\/portal\\\/beatificacao-de-joao-paulo-ii-homilia-de-bento-xvi\\\/#respond\"]}]},{\"@type\":\"WebPage\",\"@id\":\"https:\\\/\\\/paroquiaqueijas.net\\\/portal\\\/beatificacao-de-joao-paulo-ii-homilia-de-bento-xvi\\\/\",\"url\":\"https:\\\/\\\/paroquiaqueijas.net\\\/portal\\\/beatificacao-de-joao-paulo-ii-homilia-de-bento-xvi\\\/\",\"name\":\"Beatifica\u00e7\u00e3o de Jo\u00e3o Paulo II - Homilia de Bento XVI - Paroquia de Queijas\",\"isPartOf\":{\"@id\":\"https:\\\/\\\/paroquiaqueijas.net\\\/portal\\\/#website\"},\"primaryImageOfPage\":{\"@id\":\"https:\\\/\\\/paroquiaqueijas.net\\\/portal\\\/beatificacao-de-joao-paulo-ii-homilia-de-bento-xvi\\\/#primaryimage\"},\"image\":{\"@id\":\"https:\\\/\\\/paroquiaqueijas.net\\\/portal\\\/beatificacao-de-joao-paulo-ii-homilia-de-bento-xvi\\\/#primaryimage\"},\"thumbnailUrl\":\"https:\\\/\\\/paroquiaqueijas.net\\\/portal\\\/wp-content\\\/uploads\\\/2011\\\/05\\\/JPBeat82.jpg\",\"datePublished\":\"2011-05-03T08:08:17+00:00\",\"dateModified\":\"2026-03-21T15:41:43+00:00\",\"breadcrumb\":{\"@id\":\"https:\\\/\\\/paroquiaqueijas.net\\\/portal\\\/beatificacao-de-joao-paulo-ii-homilia-de-bento-xvi\\\/#breadcrumb\"},\"inLanguage\":\"pt-PT\",\"potentialAction\":[{\"@type\":\"ReadAction\",\"target\":[\"https:\\\/\\\/paroquiaqueijas.net\\\/portal\\\/beatificacao-de-joao-paulo-ii-homilia-de-bento-xvi\\\/\"]}]},{\"@type\":\"ImageObject\",\"inLanguage\":\"pt-PT\",\"@id\":\"https:\\\/\\\/paroquiaqueijas.net\\\/portal\\\/beatificacao-de-joao-paulo-ii-homilia-de-bento-xvi\\\/#primaryimage\",\"url\":\"https:\\\/\\\/paroquiaqueijas.net\\\/portal\\\/wp-content\\\/uploads\\\/2011\\\/05\\\/JPBeat82.jpg\",\"contentUrl\":\"https:\\\/\\\/paroquiaqueijas.net\\\/portal\\\/wp-content\\\/uploads\\\/2011\\\/05\\\/JPBeat82.jpg\",\"width\":619,\"height\":464,\"caption\":\"JPBeat82\"},{\"@type\":\"BreadcrumbList\",\"@id\":\"https:\\\/\\\/paroquiaqueijas.net\\\/portal\\\/beatificacao-de-joao-paulo-ii-homilia-de-bento-xvi\\\/#breadcrumb\",\"itemListElement\":[{\"@type\":\"ListItem\",\"position\":1,\"name\":\"In\u00edcio\",\"item\":\"https:\\\/\\\/paroquiaqueijas.net\\\/portal\\\/\"},{\"@type\":\"ListItem\",\"position\":2,\"name\":\"Beatifica\u00e7\u00e3o de Jo\u00e3o Paulo II &#8211; Homilia de Bento XVI\"}]},{\"@type\":\"WebSite\",\"@id\":\"https:\\\/\\\/paroquiaqueijas.net\\\/portal\\\/#website\",\"url\":\"https:\\\/\\\/paroquiaqueijas.net\\\/portal\\\/\",\"name\":\"Paroquia de Queijas\",\"description\":\"\",\"publisher\":{\"@id\":\"https:\\\/\\\/paroquiaqueijas.net\\\/portal\\\/#organization\"},\"potentialAction\":[{\"@type\":\"SearchAction\",\"target\":{\"@type\":\"EntryPoint\",\"urlTemplate\":\"https:\\\/\\\/paroquiaqueijas.net\\\/portal\\\/?s={search_term_string}\"},\"query-input\":{\"@type\":\"PropertyValueSpecification\",\"valueRequired\":true,\"valueName\":\"search_term_string\"}}],\"inLanguage\":\"pt-PT\"},{\"@type\":\"Organization\",\"@id\":\"https:\\\/\\\/paroquiaqueijas.net\\\/portal\\\/#organization\",\"name\":\"Paroquia de Queijas\",\"url\":\"https:\\\/\\\/paroquiaqueijas.net\\\/portal\\\/\",\"logo\":{\"@type\":\"ImageObject\",\"inLanguage\":\"pt-PT\",\"@id\":\"https:\\\/\\\/paroquiaqueijas.net\\\/portal\\\/#\\\/schema\\\/logo\\\/image\\\/\",\"url\":\"https:\\\/\\\/paroquiaqueijas.net\\\/portal\\\/wp-content\\\/uploads\\\/2026\\\/03\\\/LogoQueijas_novo.png\",\"contentUrl\":\"https:\\\/\\\/paroquiaqueijas.net\\\/portal\\\/wp-content\\\/uploads\\\/2026\\\/03\\\/LogoQueijas_novo.png\",\"width\":520,\"height\":519,\"caption\":\"Paroquia de Queijas\"},\"image\":{\"@id\":\"https:\\\/\\\/paroquiaqueijas.net\\\/portal\\\/#\\\/schema\\\/logo\\\/image\\\/\"},\"sameAs\":[\"https:\\\/\\\/www.facebook.com\\\/paroquiaqueijas\\\/\"]},{\"@type\":\"Person\",\"@id\":\"https:\\\/\\\/paroquiaqueijas.net\\\/portal\\\/#\\\/schema\\\/person\\\/07bb4cce216326e06b6f742b719ebec7\",\"name\":\"Paroquia de Queijas\",\"image\":{\"@type\":\"ImageObject\",\"inLanguage\":\"pt-PT\",\"@id\":\"https:\\\/\\\/secure.gravatar.com\\\/avatar\\\/5054571ff5d2454cd50657fc4e61d0c32d7a5d0d3b36ef6c0f6e269276d13618?s=96&d=mm&r=g\",\"url\":\"https:\\\/\\\/secure.gravatar.com\\\/avatar\\\/5054571ff5d2454cd50657fc4e61d0c32d7a5d0d3b36ef6c0f6e269276d13618?s=96&d=mm&r=g\",\"contentUrl\":\"https:\\\/\\\/secure.gravatar.com\\\/avatar\\\/5054571ff5d2454cd50657fc4e61d0c32d7a5d0d3b36ef6c0f6e269276d13618?s=96&d=mm&r=g\",\"caption\":\"Paroquia de Queijas\"},\"sameAs\":[\"https:\\\/\\\/paroquiaqueijas.net\\\/site\"],\"url\":\"https:\\\/\\\/paroquiaqueijas.net\\\/portal\\\/author\\\/admin1\\\/\"}]}<\/script>\n<!-- \/ Yoast SEO plugin. -->","yoast_head_json":{"title":"Beatifica\u00e7\u00e3o de Jo\u00e3o Paulo II - Homilia de Bento XVI - Paroquia de Queijas","robots":{"index":"index","follow":"follow","max-snippet":"max-snippet:-1","max-image-preview":"max-image-preview:large","max-video-preview":"max-video-preview:-1"},"canonical":"https:\/\/paroquiaqueijas.net\/portal\/beatificacao-de-joao-paulo-ii-homilia-de-bento-xvi\/","og_locale":"pt_PT","og_type":"article","og_title":"Beatifica\u00e7\u00e3o de Jo\u00e3o Paulo II - Homilia de Bento XVI - Paroquia de Queijas","og_description":"Beatifica\u00e7\u00e3o de Jo\u00e3o Paulo IIHomilia de Bento XVI Amados irm\u00e3os e irm\u00e3s,Passaram j\u00e1 seis anos desde o dia em que [&hellip;]","og_url":"https:\/\/paroquiaqueijas.net\/portal\/beatificacao-de-joao-paulo-ii-homilia-de-bento-xvi\/","og_site_name":"Paroquia de Queijas","article_publisher":"https:\/\/www.facebook.com\/paroquiaqueijas\/","article_published_time":"2011-05-03T08:08:17+00:00","article_modified_time":"2026-03-21T15:41:43+00:00","og_image":[{"width":619,"height":464,"url":"https:\/\/paroquiaqueijas.net\/portal\/wp-content\/uploads\/2011\/05\/JPBeat82.jpg","type":"image\/jpeg"}],"author":"Paroquia de Queijas","twitter_card":"summary_large_image","twitter_misc":{"Escrito por":"Paroquia de Queijas","Tempo estimado de leitura":"11 minutos"},"schema":{"@context":"https:\/\/schema.org","@graph":[{"@type":"Article","@id":"https:\/\/paroquiaqueijas.net\/portal\/beatificacao-de-joao-paulo-ii-homilia-de-bento-xvi\/#article","isPartOf":{"@id":"https:\/\/paroquiaqueijas.net\/portal\/beatificacao-de-joao-paulo-ii-homilia-de-bento-xvi\/"},"author":{"name":"Paroquia de Queijas","@id":"https:\/\/paroquiaqueijas.net\/portal\/#\/schema\/person\/07bb4cce216326e06b6f742b719ebec7"},"headline":"Beatifica\u00e7\u00e3o de Jo\u00e3o Paulo II &#8211; Homilia de Bento XVI","datePublished":"2011-05-03T08:08:17+00:00","dateModified":"2026-03-21T15:41:43+00:00","mainEntityOfPage":{"@id":"https:\/\/paroquiaqueijas.net\/portal\/beatificacao-de-joao-paulo-ii-homilia-de-bento-xvi\/"},"wordCount":2193,"commentCount":0,"publisher":{"@id":"https:\/\/paroquiaqueijas.net\/portal\/#organization"},"image":{"@id":"https:\/\/paroquiaqueijas.net\/portal\/beatificacao-de-joao-paulo-ii-homilia-de-bento-xvi\/#primaryimage"},"thumbnailUrl":"https:\/\/paroquiaqueijas.net\/portal\/wp-content\/uploads\/2011\/05\/JPBeat82.jpg","articleSection":["Papa Bento XVI"],"inLanguage":"pt-PT","potentialAction":[{"@type":"CommentAction","name":"Comment","target":["https:\/\/paroquiaqueijas.net\/portal\/beatificacao-de-joao-paulo-ii-homilia-de-bento-xvi\/#respond"]}]},{"@type":"WebPage","@id":"https:\/\/paroquiaqueijas.net\/portal\/beatificacao-de-joao-paulo-ii-homilia-de-bento-xvi\/","url":"https:\/\/paroquiaqueijas.net\/portal\/beatificacao-de-joao-paulo-ii-homilia-de-bento-xvi\/","name":"Beatifica\u00e7\u00e3o de Jo\u00e3o Paulo II - Homilia de Bento XVI - Paroquia de Queijas","isPartOf":{"@id":"https:\/\/paroquiaqueijas.net\/portal\/#website"},"primaryImageOfPage":{"@id":"https:\/\/paroquiaqueijas.net\/portal\/beatificacao-de-joao-paulo-ii-homilia-de-bento-xvi\/#primaryimage"},"image":{"@id":"https:\/\/paroquiaqueijas.net\/portal\/beatificacao-de-joao-paulo-ii-homilia-de-bento-xvi\/#primaryimage"},"thumbnailUrl":"https:\/\/paroquiaqueijas.net\/portal\/wp-content\/uploads\/2011\/05\/JPBeat82.jpg","datePublished":"2011-05-03T08:08:17+00:00","dateModified":"2026-03-21T15:41:43+00:00","breadcrumb":{"@id":"https:\/\/paroquiaqueijas.net\/portal\/beatificacao-de-joao-paulo-ii-homilia-de-bento-xvi\/#breadcrumb"},"inLanguage":"pt-PT","potentialAction":[{"@type":"ReadAction","target":["https:\/\/paroquiaqueijas.net\/portal\/beatificacao-de-joao-paulo-ii-homilia-de-bento-xvi\/"]}]},{"@type":"ImageObject","inLanguage":"pt-PT","@id":"https:\/\/paroquiaqueijas.net\/portal\/beatificacao-de-joao-paulo-ii-homilia-de-bento-xvi\/#primaryimage","url":"https:\/\/paroquiaqueijas.net\/portal\/wp-content\/uploads\/2011\/05\/JPBeat82.jpg","contentUrl":"https:\/\/paroquiaqueijas.net\/portal\/wp-content\/uploads\/2011\/05\/JPBeat82.jpg","width":619,"height":464,"caption":"JPBeat82"},{"@type":"BreadcrumbList","@id":"https:\/\/paroquiaqueijas.net\/portal\/beatificacao-de-joao-paulo-ii-homilia-de-bento-xvi\/#breadcrumb","itemListElement":[{"@type":"ListItem","position":1,"name":"In\u00edcio","item":"https:\/\/paroquiaqueijas.net\/portal\/"},{"@type":"ListItem","position":2,"name":"Beatifica\u00e7\u00e3o de Jo\u00e3o Paulo II &#8211; Homilia de Bento XVI"}]},{"@type":"WebSite","@id":"https:\/\/paroquiaqueijas.net\/portal\/#website","url":"https:\/\/paroquiaqueijas.net\/portal\/","name":"Paroquia de Queijas","description":"","publisher":{"@id":"https:\/\/paroquiaqueijas.net\/portal\/#organization"},"potentialAction":[{"@type":"SearchAction","target":{"@type":"EntryPoint","urlTemplate":"https:\/\/paroquiaqueijas.net\/portal\/?s={search_term_string}"},"query-input":{"@type":"PropertyValueSpecification","valueRequired":true,"valueName":"search_term_string"}}],"inLanguage":"pt-PT"},{"@type":"Organization","@id":"https:\/\/paroquiaqueijas.net\/portal\/#organization","name":"Paroquia de Queijas","url":"https:\/\/paroquiaqueijas.net\/portal\/","logo":{"@type":"ImageObject","inLanguage":"pt-PT","@id":"https:\/\/paroquiaqueijas.net\/portal\/#\/schema\/logo\/image\/","url":"https:\/\/paroquiaqueijas.net\/portal\/wp-content\/uploads\/2026\/03\/LogoQueijas_novo.png","contentUrl":"https:\/\/paroquiaqueijas.net\/portal\/wp-content\/uploads\/2026\/03\/LogoQueijas_novo.png","width":520,"height":519,"caption":"Paroquia de Queijas"},"image":{"@id":"https:\/\/paroquiaqueijas.net\/portal\/#\/schema\/logo\/image\/"},"sameAs":["https:\/\/www.facebook.com\/paroquiaqueijas\/"]},{"@type":"Person","@id":"https:\/\/paroquiaqueijas.net\/portal\/#\/schema\/person\/07bb4cce216326e06b6f742b719ebec7","name":"Paroquia de Queijas","image":{"@type":"ImageObject","inLanguage":"pt-PT","@id":"https:\/\/secure.gravatar.com\/avatar\/5054571ff5d2454cd50657fc4e61d0c32d7a5d0d3b36ef6c0f6e269276d13618?s=96&d=mm&r=g","url":"https:\/\/secure.gravatar.com\/avatar\/5054571ff5d2454cd50657fc4e61d0c32d7a5d0d3b36ef6c0f6e269276d13618?s=96&d=mm&r=g","contentUrl":"https:\/\/secure.gravatar.com\/avatar\/5054571ff5d2454cd50657fc4e61d0c32d7a5d0d3b36ef6c0f6e269276d13618?s=96&d=mm&r=g","caption":"Paroquia de Queijas"},"sameAs":["https:\/\/paroquiaqueijas.net\/site"],"url":"https:\/\/paroquiaqueijas.net\/portal\/author\/admin1\/"}]}},"_links":{"self":[{"href":"https:\/\/paroquiaqueijas.net\/portal\/wp-json\/wp\/v2\/posts\/464","targetHints":{"allow":["GET"]}}],"collection":[{"href":"https:\/\/paroquiaqueijas.net\/portal\/wp-json\/wp\/v2\/posts"}],"about":[{"href":"https:\/\/paroquiaqueijas.net\/portal\/wp-json\/wp\/v2\/types\/post"}],"author":[{"embeddable":true,"href":"https:\/\/paroquiaqueijas.net\/portal\/wp-json\/wp\/v2\/users\/1"}],"replies":[{"embeddable":true,"href":"https:\/\/paroquiaqueijas.net\/portal\/wp-json\/wp\/v2\/comments?post=464"}],"version-history":[{"count":1,"href":"https:\/\/paroquiaqueijas.net\/portal\/wp-json\/wp\/v2\/posts\/464\/revisions"}],"predecessor-version":[{"id":2854,"href":"https:\/\/paroquiaqueijas.net\/portal\/wp-json\/wp\/v2\/posts\/464\/revisions\/2854"}],"wp:featuredmedia":[{"embeddable":true,"href":"https:\/\/paroquiaqueijas.net\/portal\/wp-json\/wp\/v2\/media\/458"}],"wp:attachment":[{"href":"https:\/\/paroquiaqueijas.net\/portal\/wp-json\/wp\/v2\/media?parent=464"}],"wp:term":[{"taxonomy":"category","embeddable":true,"href":"https:\/\/paroquiaqueijas.net\/portal\/wp-json\/wp\/v2\/categories?post=464"},{"taxonomy":"post_tag","embeddable":true,"href":"https:\/\/paroquiaqueijas.net\/portal\/wp-json\/wp\/v2\/tags?post=464"}],"curies":[{"name":"wp","href":"https:\/\/api.w.org\/{rel}","templated":true}]}}