{"id":469,"date":"2011-05-16T23:10:05","date_gmt":"2011-05-16T23:10:05","guid":{"rendered":"https:\/\/paroquiaqueijas.net\/site\/?p=469"},"modified":"2026-04-17T09:19:20","modified_gmt":"2026-04-17T09:19:20","slug":"iii-domingo-de-pascoa","status":"publish","type":"post","link":"https:\/\/paroquiaqueijas.net\/portal\/iii-domingo-de-pascoa\/","title":{"rendered":"III Domingo da P\u00e1scoa A"},"content":{"rendered":"<p><strong><a title=\"Peregrinos de Ema\u00fas\" href=\"https:\/\/paroquiaqueijas.net\/portal\/wp-content\/uploads\/2011\/05\/Emaus04a.jpg\" target=\"_blank\" rel=\"noopener\"><img fetchpriority=\"high\" decoding=\"async\" class=\"alignright\" style=\"margin: 0px 0px 0px 9px; float: right;\" src=\"https:\/\/paroquiaqueijas.net\/portal\/wp-content\/uploads\/2011\/05\/Emaus04a.jpg\" alt=\"Emaus04a\" width=\"501\" height=\"424\" \/><\/a><\/strong>A liturgia deste Domingo convida-nos a descobrir o Cristo vivo, que acompanha os homens pelos caminhos do mundo, muitas vezes sem ser reconhecido. Mas onde o podemos encontrar?<br \/>\nNa <span style=\"text-decoration: underline;\">primeira leitura<\/span>, a comunidade crist\u00e3 transformada pelo Esp\u00edrito, deixou a seguran\u00e7a das paredes do cen\u00e1culo e prepara-se para dar testemunho de Jesus, em Jerusal\u00e9m e at\u00e9 aos confins da terra. A prega\u00e7\u00e3o de Pedro, no dia do Pentecostes, reproduz a catequese que a comunidade crist\u00e3 primitiva costumava apresentar sobre Jesus \u2013 Kerigma.<\/p>\n<p>A <span style=\"text-decoration: underline;\">segunda leitura<\/span> convida a contemplar com olhos de ver o projecto salvador de Deus, o amor de Deus pelos homens \u2013 expresso na cruz de Jesus e na sua ressurrei\u00e7\u00e3o. Constatando a grandeza do amor de Deus, aceitamos o seu apelo a uma vida nova.<\/p>\n<p>O <span style=\"text-decoration: underline;\">Evangelho<\/span> aponta o caminho para descobrir o Cristo vivo, atrav\u00e9s do epis\u00f3dio dos Disc\u00edpulos de Ema\u00fas. Tristes e desanimados, decepcionados e frustrados abandonam a comunidade e regressam para casa, dispostos a esquecer o sonho. Aguardavam um Messias glorioso, um Rei poderoso, um Vencedor e encontram-se diante de um derrotado, que tinha morrido na cruz. Aparece um peregrino, que caminha com eles, explica-lhes as Escrituras, enche-lhes o cora\u00e7\u00e3o de esperan\u00e7a e a senta-Se com eles \u00e0 mesa para &#8220;partir o p\u00e3o&#8221;. \u00c9 a\u00ed que os disc\u00edpulos O reconhecem.<\/p>\n<hr \/>\n<p><span style=\"font-size: 10pt;\">Primeira Leitura (Act 2,14.22-33)<\/span><br \/>\n<strong>Leitura dos Actos dos Ap\u00f3stolos<\/strong><\/p>\n<p>No dia de Pentecostes,<br \/>\nPedro, de p\u00e9, com os onze Ap\u00f3stolos, ergueu a voz e falou ao povo:<br \/>\n\u00abHomens de Israel, ouvi estas palavras:<br \/>\nJesus de Nazar\u00e9 foi um homem acreditado por Deus junto de v\u00f3s<br \/>\ncom milagres, prod\u00edgios e sinais,<br \/>\nque Deus realizou no meio de v\u00f3s, por seu interm\u00e9dio, como sabeis.<br \/>\nDepois de entregue, segundo o des\u00edgnio imut\u00e1vel e a previs\u00e3o de Deus,<br \/>\nv\u00f3s destes-Lhe a morte, cravando-O na cruz pela m\u00e3o de gente perversa.<br \/>\nMas Deus ressuscitou-O, livrando O dos la\u00e7os da morte,<br \/>\nporque n\u00e3o era poss\u00edvel que Ele ficasse sob o seu dom\u00ednio.<br \/>\nDiz David a seu respeito:<br \/>\n&#8216;O Senhor est\u00e1 sempre na minha presen\u00e7a,<br \/>\ncom Ele a meu lado n\u00e3o vacilarei.<br \/>\nPor isso o meu cora\u00e7\u00e3o se alegra e a minha alma exulta<br \/>\ne at\u00e9 o meu corpo descansa tranquilo.<br \/>\nV\u00f3s n\u00e3o abandonareis a minha alma na mans\u00e3o dos mortos,<br \/>\nnem deixareis o vosso Santo sofrer a corrup\u00e7\u00e3o.<br \/>\nDestes me a conhecer os caminhos da vida,<br \/>\na alegria plena em vossa presen\u00e7a&#8217;.<br \/>\nIrm\u00e3os, seja-me permitido falar vos com toda a liberdade:<br \/>\no patriarca David morreu e foi sepultado<br \/>\ne o seu t\u00famulo encontra se ainda hoje entre n\u00f3s.<br \/>\nMas, como era profeta e sabia que Deus lhe prometera sob juramento<br \/>\nque um descendente do seu sangue<br \/>\nhavia de sentar-se no seu trono,<br \/>\nviu e proclamou antecipadamente a ressurrei\u00e7\u00e3o de Cristo,<br \/>\ndizendo que Ele n\u00e3o O abandonou na mans\u00e3o dos mortos,<br \/>\nnem a sua carne conheceu a corrup\u00e7\u00e3o.<br \/>\nFoi este Jesus que Deus ressuscitou<br \/>\ne disso todos n\u00f3s somos testemunhas.<br \/>\nTendo sido exaltado pelo poder de Deus,<br \/>\nrecebeu do Pai a promessa do Esp\u00edrito Santo,<br \/>\nque Ele derramou, como vedes e ouvis.\u00bb<\/p>\n<hr \/>\n<p><strong>SALMO RESPONSORIAL<\/strong> \u2013 Salmo 15 (16)<\/p>\n<p>Refr\u00e3o: Mostrai-me, Senhor, o caminho da vida.<br \/>\nDefendei me, Senhor; V\u00f3s sois o meu ref\u00fagio.<br \/>\nDigo ao Senhor: V\u00f3s sois o meu Deus.<br \/>\nSenhor, por\u00e7\u00e3o da minha heran\u00e7a e do meu c\u00e1lice,<br \/>\nest\u00e1 nas Vossas m\u00e3os o meu destino.<\/p>\n<p>Bendigo o Senhor por me ter aconselhado,<br \/>\nat\u00e9 de noite me inspira interiormente.<br \/>\nO Senhor est\u00e1 sempre na minha presen\u00e7a,<br \/>\ncom Ele a meu lado n\u00e3o vacilarei.<\/p>\n<p>Por isso o meu cora\u00e7\u00e3o se alegra e a minha alma exulta<br \/>\ne at\u00e9 o meu corpo descansa tranquilo.<br \/>\nV\u00f3s n\u00e3o abandonareis a minha alma na mans\u00e3o dos mortos,<br \/>\nnem deixareis o vosso fiel conhecer a corrup\u00e7\u00e3o.<\/p>\n<p>Dar-me-eis a conhecer os caminhos da vida,<br \/>\nalegria plena em Vossa presen\u00e7a,<br \/>\ndel\u00edcias eternas \u00e0 Vossa direita.<\/p>\n<hr \/>\n<p><span style=\"font-size: 10pt;\">Segunda Leitura (1Pe 1,17-21)<\/span><strong><br \/>\nLeitura da Primeira Ep\u00edstola de S\u00e3o Pedro<\/strong><\/p>\n<p>Car\u00edssimos:<br \/>\nSe invocais como Pai<br \/>\nAquele que, sem acep\u00e7\u00e3o de pessoas,<br \/>\njulga cada um segundo as suas obras,<br \/>\nvivei com temor, durante o tempo de ex\u00edlio neste mundo.<br \/>\nLembrai vos que n\u00e3o foi por coisas corrupt\u00edveis, como prata e oiro,<br \/>\nque fostes resgatados da v\u00e3 maneira de viver,<br \/>\nherdada dos vossos pais,<br \/>\nmas pelo sangue precioso de Cristo,<br \/>\nCordeiro sem defeito e sem mancha,<br \/>\npredestinado antes da cria\u00e7\u00e3o do mundo<br \/>\ne manifestado nos \u00faltimos tempos por vossa causa.<br \/>\nPor Ele acreditais em Deus,<br \/>\nque O ressuscitou dos mortos e Lhe deu a gl\u00f3ria,<br \/>\npara que a vossa f\u00e9 e a vossa esperan\u00e7a estejam em Deus.<\/p>\n<hr \/>\n<p><span style=\"font-size: 10pt;\">EVANGELHO (Lc 24,13-35)<\/span><strong><br \/>\nEvangelho de Nosso Senhor Jesus Cristo segundo S\u00e3o Lucas<\/strong><\/p>\n<p>Dois dos disc\u00edpulos de Ema\u00fas<br \/>\niam a caminho duma povoa\u00e7\u00e3o chamada Ema\u00fas,<br \/>\nque ficava a sessenta est\u00e1dios de Jerusal\u00e9m.<br \/>\nConversavam entre si sobre tudo o que tinha sucedido.<br \/>\nEnquanto falavam e discutiam,<br \/>\nJesus aproximou Se deles e p\u00f4s Se com eles a caminho.<br \/>\nMas os seus olhos estavam impedidos de O reconhecerem.<br \/>\nEle perguntou lhes.<br \/>\n\u00abQue palavras s\u00e3o essas que trocais entre v\u00f3s pelo caminho?\u00bb<br \/>\nPararam entristecidos.<br \/>\nE um deles, chamado Cl\u00e9ofas, respondeu:<br \/>\n\u00abTu \u00e9s o \u00fanico habitante de Jerusal\u00e9m a ignorar o que l\u00e1 se passou estes dias\u00bb.<br \/>\nE Ele perguntou: \u00abQue foi?\u00bb<br \/>\nResponderam Lhe:<br \/>\n\u00abO que se refere a Jesus de Nazar\u00e9,<br \/>\nprofeta poderoso em obras e palavras diante de Deus e de todo o povo;<br \/>\ne como os pr\u00edncipes dos sacerdotes e os nossos chefes<br \/>\nO entregaram para ser condenado \u00e0 morte e crucificado.<br \/>\nN\u00f3s esper\u00e1vamos que fosse Ele quem havia de libertar Israel.<br \/>\nMas, afinal, \u00e9 j\u00e1 o terceiro dia depois que isto aconteceu.<br \/>\n\u00c9 verdade que algumas mulheres do nosso grupo nos sobressaltaram:<br \/>\nforam de madrugada ao sepulcro, n\u00e3o encontraram o corpo de Jesus<br \/>\ne vieram dizer que lhes tinham aparecido uns Anjos a anunciar que Ele estava vivo.<br \/>\nMas a Ele n\u00e3o O viram\u00bb.<br \/>\nEnt\u00e3o Jesus disse lhes:<br \/>\n\u00abHomens sem intelig\u00eancia e lentos de esp\u00edrito para acreditar<br \/>\nem tudo o que os profetas anunciaram!<br \/>\nN\u00e3o tinha o Messias de sofrer tudo isso para entrar na Sua gl\u00f3ria?\u00bb<br \/>\nDepois, come\u00e7ando por Mois\u00e9s e passando por todos os Profetas,<br \/>\nexplicou lhes em todas as Escrituras o que Lhe dizia respeito.<br \/>\nAo chegarem perto da povoa\u00e7\u00e3o para onde iam, Jesus fez men\u00e7\u00e3o de ir para diante.<br \/>\nMas eles convenceram n&#8217;O a ficar, dizendo:<br \/>\n\u00abFicai connosco, Senhor, porque o dia est\u00e1 a terminar e vem caindo a noite\u00bb.<br \/>\nJesus entrou e ficou com eles.<br \/>\nE quando Se p\u00f4s \u00e0 mesa, tomou o p\u00e3o, recitou a b\u00ean\u00e7\u00e3o, partiu-o e entregou-lho.<br \/>\nNesse momento abriram se lhes os olhos e reconheceram n&#8217;O.<br \/>\nMas Ele desapareceu da sua presen\u00e7a.<br \/>\nDisseram ent\u00e3o um para o outro:<br \/>\n\u00abN\u00e3o ardia c\u00e1 dentro o nosso cora\u00e7\u00e3o,<br \/>\nquando Ele nos falava pelo caminho e nos explicava as Escrituras?\u00bb<br \/>\nPartiram imediatamente de regresso a Jerusal\u00e9m<br \/>\ne encontraram reunidos os Onze e os que estavam com ele, que diziam:<br \/>\n\u00abNa verdade, o Senhor ressuscitou e apareceu a Sim\u00e3o\u00bb.<br \/>\nE eles contaram o que tinha acontecido no caminho<br \/>\ne como O tinham reconhecido ao partir o p\u00e3o.<\/p>\n<hr \/>\n<p><strong>Resson\u00e2ncias&#8230;<\/strong><\/p>\n<p><strong>Peregrinos de Ema\u00fas<\/strong><\/p>\n<p>Quem s\u00e3o hoje os Peregrinos de Ema\u00fas que, continuam andando pelos caminhos da vida, &#8220;tristes&#8221;e desanimados?<\/p>\n<p>Talvez tamb\u00e9m n\u00f3s estejamos a caminho da nossa Ema\u00fas cansados e desiludidos. Ca\u00edram os nossos castelos e a vida parece ter perdido sentido. Esper\u00e1vamos tanto&#8230; mas tudo terminou. (Quem sabe l\u00e1, a morte de um amigo, um fracasso nos nossos empreendimentos, a fam\u00edlia desunida&#8230;) \u00c9 triste quando a esperan\u00e7a morre. Parece que nada mais tem sentido! Somos tentados a abandonar a luta e voltar&#8230;<\/p>\n<p>Eles tamb\u00e9m estavam angustiados por aquilo que aconteceu em Jerusal\u00e9m. Mas, na medida em que participaram da celebra\u00e7\u00e3o da palavra e do banquete da frac\u00e7\u00e3o do p\u00e3o, os seus cora\u00e7\u00f5es abriram-se \u00e0 luz, a vida do Ressuscitado invadiu as suas almas e f\u00ea-los voltar \u00e0 comunidade.<img decoding=\"async\" class=\" alignright size-full wp-image-468\" style=\"margin: 5px 0px 0px 8px; float: right;\" src=\"https:\/\/paroquiaqueijas.net\/portal\/wp-content\/uploads\/2011\/05\/Emaus20.png\" alt=\"Emaus20\" width=\"193\" height=\"153\" \/><\/p>\n<p>Nesses momentos, mais do que nunca, devemos repetir com os disc\u00edpulos de Ema\u00fas: &#8220;Ficai connosco, Senhor&#8221;. O Caminho percorrido pelos disc\u00edpulos deve ser o nosso. Ainda hoje \u00e9 ali que Ele est\u00e1 presente e \u00e9 ali que O podemos encontrar.<\/p>\n<p>\u2013 O nosso Cora\u00e7\u00e3o &#8220;arde&#8221; quando escutamos a Palavra de Deus?<br \/>\n\u2013 Descobrimos a sua presen\u00e7a no &#8220;partir o p\u00e3o&#8221;?<br \/>\n\u2013 Partimos com alegria para anunciar o Cristo Ressuscitado, para evangelizar?<\/p>\n<p>Fa\u00e7amos a experi\u00eancia destes disc\u00edpulos.<\/p>\n<p><em><br \/>\nSenhor Jesus ressuscitado,<br \/>\nque nos resgatastes da v\u00e3 maneira de viver,<br \/>\nn\u00e3o com ouro ou prata mas com o vosso pr\u00f3prio sangue,<br \/>\nacompanhai-nos nos nossos caminhos, abri os olhos a todo aquele que vos procura,<br \/>\naquecei os nossos cora\u00e7\u00f5es e convidai-nos a comer \u00e0 vossa mesa.<br \/>\n<\/em><\/p>\n<hr \/>\n<p><span style=\"font-size: 10pt;\"><em>\u00a0<\/em><\/span><span style=\"font-size: 8pt;\"><span style=\"font-size: 10pt;\"><em><strong>\u00abN\u00e3o ardia c\u00e1 dentro o nosso cora\u00e7\u00e3o, <\/strong><\/em><\/span><br \/>\n<span style=\"font-size: 10pt;\"><em><strong>quando Ele nos falava pelo caminho e nos explicava as Escrituras?\u00bb<\/strong> <\/em><\/span>(Lc 24, 32)<\/span><\/p>\n<p><span style=\"font-size: 14pt;\"><strong>O cora\u00e7\u00e3o a arder<\/strong><\/span><\/p>\n<p>Naquele peda\u00e7o de estrada que vai de Jerusal\u00e9m a Ema\u00fas Jesus d\u00e1-nos um tratado de pedagogia e educa\u00e7\u00e3o. Se h\u00e1 momentos em que Jesus se revela como Mestre, este \u00e9 um deles. E quando recordamos os mestres da nossa vida, professores e outros, vemos como muita riqueza daquilo que somos se deve tanto ao que eles foram para n\u00f3s! Apareceram no nosso caminho, escutaram as nossas quest\u00f5es profundas, abriram-nos o pensamento e fizeram arder o cora\u00e7\u00e3o pelo conhecimento, transmitiram o saber com a pr\u00f3pria vida. Que Jesus me perdoe esta ousada compara\u00e7\u00e3o, mas todo o aprender tamb\u00e9m culmina na entrega de vida que se celebra.<\/p>\n<p>Quase a terminar o ano escolar em que o terceiro per\u00edodo \u00e9 um &#8220;v\u00ea se te avias&#8221;, pelo curto tempo de aulas, pego no pequeno livro do professor Ant\u00f3nio Estanqueiro sobre o papel dos professores, intitulado &#8220;Boas Pr\u00e1ticas na Educa\u00e7\u00e3o&#8221;, e sinto-me a refazer o caminho de Ema\u00fas. Nele ressalta logo a voz de alguns dos mil testemunhos de alunos do 12\u00ba ano de v\u00e1rias escolas, que relatam experi\u00eancias positivas e negativas da sua rela\u00e7\u00e3o com os professores. Com uma simplicidade de linguagem e uma experi\u00eancia profunda, o autor guia professores e educadores numa reflex\u00e3o pr\u00e1tica na miss\u00e3o de &#8220;formar pessoas, despertar voca\u00e7\u00f5es e construir futuros&#8221;. Sem ceder \u00e0 tenta\u00e7\u00e3o do facilitismo diz: &#8220;O papel do professor \u00e9 formar o aluno e prepar\u00e1-lo para as exig\u00eancias da vida, n\u00e3o \u00e9 aumentar o sucesso estat\u00edstico, t\u00e3o desejado pelos governantes!&#8221;<\/p>\n<p>&#8220;Fazer arder o cora\u00e7\u00e3o&#8221; poderia ser o belo nome de educar e tamb\u00e9m de evangelizar. Antes dos conte\u00fados interessam as pessoas e o cuidado com que se escutam os seus anseios, as d\u00favidas, as confian\u00e7as feridas. \u00c9 preciso fazer caminho lado a lado, descer de alguns pedestais ou carruagens. N\u00e3o se ajuda a crescer \u00e0 dist\u00e2ncia nem \u00e0 pressa. N\u00e3o se educa nem se evangeliza sem um amor verdadeiro \u00e0queles com quem nos propomos fazer caminho. E \u00e9 um caminho de cumplicidade, que vai propondo pistas de reflex\u00e3o, que traz novos pontos de vista, que semeia desejo de saber mais, que faz ousar o convite: &#8220;Fica connosco!&#8221;. N\u00e3o podemos levar o bom professor ou professora para nossa casa mas, de algum modo, ele n\u00e3o habita a casa interior de cada um? E poderei dizer-me crist\u00e3o se n\u00e3o convidar Jesus ao mais \u00edntimo de mim mesmo, a esta casa onde s\u00f3 deixo entrar quem amo?<\/p>\n<p>As palavras consumam-se no gesto. Se no aprender essa consuma\u00e7\u00e3o \u00e9 conhecimento adquirido, forma\u00e7\u00e3o global, crescimento humano, no evangelho transmitido ela \u00e9 entrega de vida, p\u00e3o partido sinal de um amor at\u00e9 ao fim, fogo aceso na noite para levar a outros a feliz not\u00edcia. O encontro com a verdade \u00e9 sempre encontro com o profundo de n\u00f3s mesmos e com Deus que caminha e se senta connosco \u00e0 mesa da alegria! Vamos l\u00e1 fazer arder os cora\u00e7\u00f5es?<\/p>\n<div style=\"text-align: right;\">\n<p><span style=\"font-size: 8pt;\">P. V\u00edtor Gon\u00e7alves<\/span><\/p>\n<hr \/>\n<p style=\"text-align: left;\"><strong>&#8220;Fica connosco, pois a noite vai caindo e o dia est\u00e1 no ocaso\u201d<\/strong> (Lc 24, 29)<\/p>\n<p style=\"text-align: left;\">Fica connosco, Senhor, acompanha-nos mesmo se nem sempre te soubemos reconhecer. Fica connosco, porque se v\u00e3o tornando mais densas \u00e0 nossa volta as sombras, e tu \u00e9s a Luz; em nossos cora\u00e7\u00f5es insinua-se o desespero, e tu os fazer arder com a esperan\u00e7a da P\u00e1scoa.<\/p>\n<p style=\"text-align: left;\">Estamos cansados do caminho, mas tu nos confortas na fra\u00e7\u00e3o do p\u00e3o para anunciar a nossos irm\u00e3os que na verdade tu ressuscitaste e que nos deste a miss\u00e3o de ser testemunhas da tua ressurrei\u00e7\u00e3o.<\/p>\n<p style=\"text-align: left;\">Fica connosco, Senhor, quando \u00e0 volta da nossa f\u00e9 cat\u00f3lica surgem as nuvens da d\u00favida, do cansa\u00e7o ou da dificuldade: tu, que \u00e9s a pr\u00f3pria Verdade como revelador do Pai, ilumina as nossas mentes com a tua Palavra; ajuda-nos a sentir a beleza de crer em ti.<\/p>\n<p style=\"text-align: left;\">Fica nas nossas fam\u00edlias, ilumina-as nas suas d\u00favidas, ampara-as nas suas dificuldades, conforta-as nos seus sofrimentos e na fadiga quotidiana, quando \u00e0 sua volta se adensam sombras que amea\u00e7am a sua unidade e a sua natureza.<\/p>\n<p style=\"text-align: left;\">Tu que \u00e9s a Vida, permanece nos nossos lares, para que continuem a ser ber\u00e7os onde nasce a vida humana abundante e generosamente, onde se acolhe, se ama, se respeite a vida desde a sua concep\u00e7\u00e3o at\u00e9 ao seu fim natural.<\/p>\n<p style=\"text-align: left;\">Permanece, Senhor, com os que nas nossas sociedades s\u00e3o mais vulner\u00e1veis; permanece com os pobres e humildes, com os ind\u00edgenas e afro-americanos, que nem sempre encontraram espa\u00e7os e apoio para expressar a riqueza da sua cultura e a sabedoria da sua identidade.<\/p>\n<p style=\"text-align: left;\">Permanece, Senhor, com as nossas crian\u00e7as e com os nossos jovens, que s\u00e3o a esperan\u00e7a e a riqueza do nosso Continente, protege-os das tantas ins\u00eddias que atentam contra a sua inoc\u00eancia e contra as suas leg\u00edtimas esperan\u00e7as.<\/p>\n<p style=\"text-align: left;\">Oh Bom Pastor, permanece com os nossos idosos e com os nossos enfermos! Fortalece todos na sua f\u00e9 para que sejam teus disc\u00edpulos e mission\u00e1rios!<br \/>\nAm\u00e9m!<\/p>\n<p style=\"text-align: left;\"><span style=\"font-size: 10pt;\">(Ora\u00e7\u00e3o do <strong>Papa Bento XVI<\/strong> para a conclus\u00e3o do documento de Aparecida na V Confer\u00eancia Geral do Episcopado Latino-americano e do Caribe)<\/span><\/p>\n<hr \/>\n<div style=\"padding-left: 30px;\">Eu tento-Te ao meu lado e n\u00e3o te vejo,<br \/>\n\u2013 Sou como os Peregrinos de Ema\u00fas!<br \/>\nMas basta que Tu soltes um lampejo,<br \/>\nP&#8217;ra que, em verdade, eu diga: \u00abEste \u00e9 Jesus!\u00bb<\/p>\n<div style=\"padding-left: 30px;\">Vivo a buscar-Te no maior desejo,<br \/>\nVivo a buscar-Te por atalhos nus&#8230;<br \/>\nE tenho-Te ao meu lado, e n\u00e3o Te vejo,<br \/>\n\u2013 Sou como os Peregrinos de Ema\u00fas.<\/p>\n<div style=\"padding-left: 30px;\">Na gra\u00e7a que semeias e derramas,<br \/>\nMeus tristes olhos limpa-mos de escamas,<br \/>\nP&#8217;ra que mos cegue todo o Teu fulgor!<\/p>\n<div style=\"padding-left: 30px;\">Pois sendo como sou de argila impura,<br \/>\nComo \u00e9 que posso erguer-me a essa altura,<br \/>\nSem que me venhas ajudar, Senhor?!<\/p>\n<div style=\"padding-left: 30px;\">\n<p>Ant\u00f3nio Sardinha<\/p>\n<hr \/>\n<div style=\"padding-left: 30px;\">Bendizemos-Te, Pai,<br \/>\nporque Cristo ressuscitado<br \/>\nvem romper os ferrolhos das nossas portas<br \/>\ne cora\u00e7\u00f5es, fechados pelo medo, pela d\u00favida,<br \/>\npela apatia e des\u00e2nimo.<\/p>\n<div style=\"padding-left: 30px;\">\n<p>Custa-nos a crer que Cristo esteja verdadeiramente vivo,<br \/>\nhoje como ontem, e que partilhe connosco a mesa<br \/>\ne o p\u00e3o da esperan\u00e7a.<\/p>\n<div style=\"padding-left: 30px;\">\n<p>E contudo, \u00e9 seguro: Jesus \u00e9 o Senhor ressuscitado!<\/p>\n<div style=\"padding-left: 30px;\">Ele faz brilhar na noite a aurora da ressurrei\u00e7\u00e3o<br \/>\npara os que cr\u00eaem apesar da escurid\u00e3o e do medo.<\/p>\n<div style=\"padding-left: 30px;\">\n<p>N\u00e3o permitas, Senhor,<br \/>\nque ponhamos resist\u00eancias a acreditar em Ti.<\/p>\n<div style=\"padding-left: 30px;\">D\u00e1-nos o teu Esp\u00edrito para que, diante dos nossos irm\u00e3os,<br \/>\nsejamos testemunhas valentes<br \/>\nda tua salva\u00e7\u00e3o e do teu amor de Pai. Amen.<\/div>\n<\/div>\n<\/div>\n<\/div>\n<\/div>\n<\/div>\n<\/div>\n<\/div>\n<\/div>\n<\/div>\n<\/div>\n<\/div>\n","protected":false},"excerpt":{"rendered":"<p>A liturgia deste Domingo convida-nos a descobrir o Cristo vivo, que acompanha os homens pelos caminhos do mundo, muitas vezes [&hellip;]<\/p>\n","protected":false},"author":1,"featured_media":467,"comment_status":"open","ping_status":"open","sticky":false,"template":"","format":"standard","meta":{"site-sidebar-layout":"default","site-content-layout":"","ast-site-content-layout":"default","site-content-style":"default","site-sidebar-style":"default","ast-global-header-display":"","ast-banner-title-visibility":"","ast-main-header-display":"","ast-hfb-above-header-display":"","ast-hfb-below-header-display":"","ast-hfb-mobile-header-display":"","site-post-title":"","ast-breadcrumbs-content":"","ast-featured-img":"","footer-sml-layout":"","ast-disable-related-posts":"","theme-transparent-header-meta":"default","adv-header-id-meta":"","stick-header-meta":"default","header-above-stick-meta":"","header-main-stick-meta":"","header-below-stick-meta":"","astra-migrate-meta-layouts":"set","ast-page-background-enabled":"default","ast-page-background-meta":{"desktop":{"background-color":"var(--ast-global-color-5)","background-image":"","background-repeat":"repeat","background-position":"center center","background-size":"auto","background-attachment":"scroll","background-type":"","background-media":"","overlay-type":"","overlay-color":"","overlay-opacity":"","overlay-gradient":""},"tablet":{"background-color":"","background-image":"","background-repeat":"repeat","background-position":"center center","background-size":"auto","background-attachment":"scroll","background-type":"","background-media":"","overlay-type":"","overlay-color":"","overlay-opacity":"","overlay-gradient":""},"mobile":{"background-color":"","background-image":"","background-repeat":"repeat","background-position":"center center","background-size":"auto","background-attachment":"scroll","background-type":"","background-media":"","overlay-type":"","overlay-color":"","overlay-opacity":"","overlay-gradient":""}},"ast-content-background-meta":{"desktop":{"background-color":"var(--ast-global-color-4)","background-image":"","background-repeat":"repeat","background-position":"center center","background-size":"auto","background-attachment":"scroll","background-type":"","background-media":"","overlay-type":"","overlay-color":"","overlay-opacity":"","overlay-gradient":""},"tablet":{"background-color":"var(--ast-global-color-4)","background-image":"","background-repeat":"repeat","background-position":"center center","background-size":"auto","background-attachment":"scroll","background-type":"","background-media":"","overlay-type":"","overlay-color":"","overlay-opacity":"","overlay-gradient":""},"mobile":{"background-color":"var(--ast-global-color-4)","background-image":"","background-repeat":"repeat","background-position":"center center","background-size":"auto","background-attachment":"scroll","background-type":"","background-media":"","overlay-type":"","overlay-color":"","overlay-opacity":"","overlay-gradient":""}},"footnotes":""},"categories":[9],"tags":[],"class_list":["post-469","post","type-post","status-publish","format-standard","has-post-thumbnail","hentry","category-liturgia"],"yoast_head":"<!-- This site is optimized with the Yoast SEO plugin v27.4 - https:\/\/yoast.com\/product\/yoast-seo-wordpress\/ -->\n<title>III Domingo da P\u00e1scoa A - Paroquia de Queijas<\/title>\n<meta name=\"robots\" content=\"index, follow, max-snippet:-1, max-image-preview:large, max-video-preview:-1\" \/>\n<link rel=\"canonical\" href=\"https:\/\/paroquiaqueijas.net\/portal\/iii-domingo-de-pascoa\/\" \/>\n<meta property=\"og:locale\" content=\"pt_PT\" \/>\n<meta property=\"og:type\" content=\"article\" \/>\n<meta property=\"og:title\" content=\"III Domingo da P\u00e1scoa A - Paroquia de Queijas\" \/>\n<meta property=\"og:description\" content=\"A liturgia deste Domingo convida-nos a descobrir o Cristo vivo, que acompanha os homens pelos caminhos do mundo, muitas vezes [&hellip;]\" \/>\n<meta property=\"og:url\" content=\"https:\/\/paroquiaqueijas.net\/portal\/iii-domingo-de-pascoa\/\" \/>\n<meta property=\"og:site_name\" content=\"Paroquia de Queijas\" \/>\n<meta property=\"article:publisher\" content=\"https:\/\/www.facebook.com\/paroquiaqueijas\/\" \/>\n<meta property=\"article:published_time\" content=\"2011-05-16T23:10:05+00:00\" \/>\n<meta property=\"article:modified_time\" content=\"2026-04-17T09:19:20+00:00\" \/>\n<meta property=\"og:image\" content=\"https:\/\/paroquiaqueijas.net\/portal\/wp-content\/uploads\/2011\/05\/Emaus04a.jpg\" \/>\n\t<meta property=\"og:image:width\" content=\"434\" \/>\n\t<meta property=\"og:image:height\" content=\"367\" \/>\n\t<meta property=\"og:image:type\" content=\"image\/jpeg\" \/>\n<meta name=\"author\" content=\"Paroquia de Queijas\" \/>\n<meta name=\"twitter:card\" content=\"summary_large_image\" \/>\n<meta name=\"twitter:label1\" content=\"Escrito por\" \/>\n\t<meta name=\"twitter:data1\" content=\"Paroquia de Queijas\" \/>\n\t<meta name=\"twitter:label2\" content=\"Tempo estimado de leitura\" \/>\n\t<meta name=\"twitter:data2\" content=\"15 minutos\" \/>\n<script type=\"application\/ld+json\" class=\"yoast-schema-graph\">{\"@context\":\"https:\\\/\\\/schema.org\",\"@graph\":[{\"@type\":\"Article\",\"@id\":\"https:\\\/\\\/paroquiaqueijas.net\\\/portal\\\/iii-domingo-de-pascoa\\\/#article\",\"isPartOf\":{\"@id\":\"https:\\\/\\\/paroquiaqueijas.net\\\/portal\\\/iii-domingo-de-pascoa\\\/\"},\"author\":{\"name\":\"Paroquia de Queijas\",\"@id\":\"https:\\\/\\\/paroquiaqueijas.net\\\/portal\\\/#\\\/schema\\\/person\\\/07bb4cce216326e06b6f742b719ebec7\"},\"headline\":\"III Domingo da P\u00e1scoa A\",\"datePublished\":\"2011-05-16T23:10:05+00:00\",\"dateModified\":\"2026-04-17T09:19:20+00:00\",\"mainEntityOfPage\":{\"@id\":\"https:\\\/\\\/paroquiaqueijas.net\\\/portal\\\/iii-domingo-de-pascoa\\\/\"},\"wordCount\":2673,\"commentCount\":0,\"publisher\":{\"@id\":\"https:\\\/\\\/paroquiaqueijas.net\\\/portal\\\/#organization\"},\"image\":{\"@id\":\"https:\\\/\\\/paroquiaqueijas.net\\\/portal\\\/iii-domingo-de-pascoa\\\/#primaryimage\"},\"thumbnailUrl\":\"https:\\\/\\\/paroquiaqueijas.net\\\/portal\\\/wp-content\\\/uploads\\\/2011\\\/05\\\/Emaus04a.jpg\",\"articleSection\":[\"Liturgia Dominical\"],\"inLanguage\":\"pt-PT\",\"potentialAction\":[{\"@type\":\"CommentAction\",\"name\":\"Comment\",\"target\":[\"https:\\\/\\\/paroquiaqueijas.net\\\/portal\\\/iii-domingo-de-pascoa\\\/#respond\"]}]},{\"@type\":\"WebPage\",\"@id\":\"https:\\\/\\\/paroquiaqueijas.net\\\/portal\\\/iii-domingo-de-pascoa\\\/\",\"url\":\"https:\\\/\\\/paroquiaqueijas.net\\\/portal\\\/iii-domingo-de-pascoa\\\/\",\"name\":\"III Domingo da P\u00e1scoa A - Paroquia de Queijas\",\"isPartOf\":{\"@id\":\"https:\\\/\\\/paroquiaqueijas.net\\\/portal\\\/#website\"},\"primaryImageOfPage\":{\"@id\":\"https:\\\/\\\/paroquiaqueijas.net\\\/portal\\\/iii-domingo-de-pascoa\\\/#primaryimage\"},\"image\":{\"@id\":\"https:\\\/\\\/paroquiaqueijas.net\\\/portal\\\/iii-domingo-de-pascoa\\\/#primaryimage\"},\"thumbnailUrl\":\"https:\\\/\\\/paroquiaqueijas.net\\\/portal\\\/wp-content\\\/uploads\\\/2011\\\/05\\\/Emaus04a.jpg\",\"datePublished\":\"2011-05-16T23:10:05+00:00\",\"dateModified\":\"2026-04-17T09:19:20+00:00\",\"breadcrumb\":{\"@id\":\"https:\\\/\\\/paroquiaqueijas.net\\\/portal\\\/iii-domingo-de-pascoa\\\/#breadcrumb\"},\"inLanguage\":\"pt-PT\",\"potentialAction\":[{\"@type\":\"ReadAction\",\"target\":[\"https:\\\/\\\/paroquiaqueijas.net\\\/portal\\\/iii-domingo-de-pascoa\\\/\"]}]},{\"@type\":\"ImageObject\",\"inLanguage\":\"pt-PT\",\"@id\":\"https:\\\/\\\/paroquiaqueijas.net\\\/portal\\\/iii-domingo-de-pascoa\\\/#primaryimage\",\"url\":\"https:\\\/\\\/paroquiaqueijas.net\\\/portal\\\/wp-content\\\/uploads\\\/2011\\\/05\\\/Emaus04a.jpg\",\"contentUrl\":\"https:\\\/\\\/paroquiaqueijas.net\\\/portal\\\/wp-content\\\/uploads\\\/2011\\\/05\\\/Emaus04a.jpg\",\"width\":434,\"height\":367,\"caption\":\"Emaus04a\"},{\"@type\":\"BreadcrumbList\",\"@id\":\"https:\\\/\\\/paroquiaqueijas.net\\\/portal\\\/iii-domingo-de-pascoa\\\/#breadcrumb\",\"itemListElement\":[{\"@type\":\"ListItem\",\"position\":1,\"name\":\"In\u00edcio\",\"item\":\"https:\\\/\\\/paroquiaqueijas.net\\\/portal\\\/\"},{\"@type\":\"ListItem\",\"position\":2,\"name\":\"III Domingo da P\u00e1scoa A\"}]},{\"@type\":\"WebSite\",\"@id\":\"https:\\\/\\\/paroquiaqueijas.net\\\/portal\\\/#website\",\"url\":\"https:\\\/\\\/paroquiaqueijas.net\\\/portal\\\/\",\"name\":\"Paroquia de Queijas\",\"description\":\"\",\"publisher\":{\"@id\":\"https:\\\/\\\/paroquiaqueijas.net\\\/portal\\\/#organization\"},\"potentialAction\":[{\"@type\":\"SearchAction\",\"target\":{\"@type\":\"EntryPoint\",\"urlTemplate\":\"https:\\\/\\\/paroquiaqueijas.net\\\/portal\\\/?s={search_term_string}\"},\"query-input\":{\"@type\":\"PropertyValueSpecification\",\"valueRequired\":true,\"valueName\":\"search_term_string\"}}],\"inLanguage\":\"pt-PT\"},{\"@type\":\"Organization\",\"@id\":\"https:\\\/\\\/paroquiaqueijas.net\\\/portal\\\/#organization\",\"name\":\"Paroquia de Queijas\",\"url\":\"https:\\\/\\\/paroquiaqueijas.net\\\/portal\\\/\",\"logo\":{\"@type\":\"ImageObject\",\"inLanguage\":\"pt-PT\",\"@id\":\"https:\\\/\\\/paroquiaqueijas.net\\\/portal\\\/#\\\/schema\\\/logo\\\/image\\\/\",\"url\":\"https:\\\/\\\/paroquiaqueijas.net\\\/portal\\\/wp-content\\\/uploads\\\/2026\\\/03\\\/LogoQueijas_novo.png\",\"contentUrl\":\"https:\\\/\\\/paroquiaqueijas.net\\\/portal\\\/wp-content\\\/uploads\\\/2026\\\/03\\\/LogoQueijas_novo.png\",\"width\":520,\"height\":519,\"caption\":\"Paroquia de Queijas\"},\"image\":{\"@id\":\"https:\\\/\\\/paroquiaqueijas.net\\\/portal\\\/#\\\/schema\\\/logo\\\/image\\\/\"},\"sameAs\":[\"https:\\\/\\\/www.facebook.com\\\/paroquiaqueijas\\\/\"]},{\"@type\":\"Person\",\"@id\":\"https:\\\/\\\/paroquiaqueijas.net\\\/portal\\\/#\\\/schema\\\/person\\\/07bb4cce216326e06b6f742b719ebec7\",\"name\":\"Paroquia de Queijas\",\"image\":{\"@type\":\"ImageObject\",\"inLanguage\":\"pt-PT\",\"@id\":\"https:\\\/\\\/secure.gravatar.com\\\/avatar\\\/5054571ff5d2454cd50657fc4e61d0c32d7a5d0d3b36ef6c0f6e269276d13618?s=96&d=mm&r=g\",\"url\":\"https:\\\/\\\/secure.gravatar.com\\\/avatar\\\/5054571ff5d2454cd50657fc4e61d0c32d7a5d0d3b36ef6c0f6e269276d13618?s=96&d=mm&r=g\",\"contentUrl\":\"https:\\\/\\\/secure.gravatar.com\\\/avatar\\\/5054571ff5d2454cd50657fc4e61d0c32d7a5d0d3b36ef6c0f6e269276d13618?s=96&d=mm&r=g\",\"caption\":\"Paroquia de Queijas\"},\"sameAs\":[\"https:\\\/\\\/paroquiaqueijas.net\\\/site\"],\"url\":\"https:\\\/\\\/paroquiaqueijas.net\\\/portal\\\/author\\\/admin1\\\/\"}]}<\/script>\n<!-- \/ Yoast SEO plugin. -->","yoast_head_json":{"title":"III Domingo da P\u00e1scoa A - Paroquia de Queijas","robots":{"index":"index","follow":"follow","max-snippet":"max-snippet:-1","max-image-preview":"max-image-preview:large","max-video-preview":"max-video-preview:-1"},"canonical":"https:\/\/paroquiaqueijas.net\/portal\/iii-domingo-de-pascoa\/","og_locale":"pt_PT","og_type":"article","og_title":"III Domingo da P\u00e1scoa A - Paroquia de Queijas","og_description":"A liturgia deste Domingo convida-nos a descobrir o Cristo vivo, que acompanha os homens pelos caminhos do mundo, muitas vezes [&hellip;]","og_url":"https:\/\/paroquiaqueijas.net\/portal\/iii-domingo-de-pascoa\/","og_site_name":"Paroquia de Queijas","article_publisher":"https:\/\/www.facebook.com\/paroquiaqueijas\/","article_published_time":"2011-05-16T23:10:05+00:00","article_modified_time":"2026-04-17T09:19:20+00:00","og_image":[{"width":434,"height":367,"url":"https:\/\/paroquiaqueijas.net\/portal\/wp-content\/uploads\/2011\/05\/Emaus04a.jpg","type":"image\/jpeg"}],"author":"Paroquia de Queijas","twitter_card":"summary_large_image","twitter_misc":{"Escrito por":"Paroquia de Queijas","Tempo estimado de leitura":"15 minutos"},"schema":{"@context":"https:\/\/schema.org","@graph":[{"@type":"Article","@id":"https:\/\/paroquiaqueijas.net\/portal\/iii-domingo-de-pascoa\/#article","isPartOf":{"@id":"https:\/\/paroquiaqueijas.net\/portal\/iii-domingo-de-pascoa\/"},"author":{"name":"Paroquia de Queijas","@id":"https:\/\/paroquiaqueijas.net\/portal\/#\/schema\/person\/07bb4cce216326e06b6f742b719ebec7"},"headline":"III Domingo da P\u00e1scoa A","datePublished":"2011-05-16T23:10:05+00:00","dateModified":"2026-04-17T09:19:20+00:00","mainEntityOfPage":{"@id":"https:\/\/paroquiaqueijas.net\/portal\/iii-domingo-de-pascoa\/"},"wordCount":2673,"commentCount":0,"publisher":{"@id":"https:\/\/paroquiaqueijas.net\/portal\/#organization"},"image":{"@id":"https:\/\/paroquiaqueijas.net\/portal\/iii-domingo-de-pascoa\/#primaryimage"},"thumbnailUrl":"https:\/\/paroquiaqueijas.net\/portal\/wp-content\/uploads\/2011\/05\/Emaus04a.jpg","articleSection":["Liturgia Dominical"],"inLanguage":"pt-PT","potentialAction":[{"@type":"CommentAction","name":"Comment","target":["https:\/\/paroquiaqueijas.net\/portal\/iii-domingo-de-pascoa\/#respond"]}]},{"@type":"WebPage","@id":"https:\/\/paroquiaqueijas.net\/portal\/iii-domingo-de-pascoa\/","url":"https:\/\/paroquiaqueijas.net\/portal\/iii-domingo-de-pascoa\/","name":"III Domingo da P\u00e1scoa A - Paroquia de Queijas","isPartOf":{"@id":"https:\/\/paroquiaqueijas.net\/portal\/#website"},"primaryImageOfPage":{"@id":"https:\/\/paroquiaqueijas.net\/portal\/iii-domingo-de-pascoa\/#primaryimage"},"image":{"@id":"https:\/\/paroquiaqueijas.net\/portal\/iii-domingo-de-pascoa\/#primaryimage"},"thumbnailUrl":"https:\/\/paroquiaqueijas.net\/portal\/wp-content\/uploads\/2011\/05\/Emaus04a.jpg","datePublished":"2011-05-16T23:10:05+00:00","dateModified":"2026-04-17T09:19:20+00:00","breadcrumb":{"@id":"https:\/\/paroquiaqueijas.net\/portal\/iii-domingo-de-pascoa\/#breadcrumb"},"inLanguage":"pt-PT","potentialAction":[{"@type":"ReadAction","target":["https:\/\/paroquiaqueijas.net\/portal\/iii-domingo-de-pascoa\/"]}]},{"@type":"ImageObject","inLanguage":"pt-PT","@id":"https:\/\/paroquiaqueijas.net\/portal\/iii-domingo-de-pascoa\/#primaryimage","url":"https:\/\/paroquiaqueijas.net\/portal\/wp-content\/uploads\/2011\/05\/Emaus04a.jpg","contentUrl":"https:\/\/paroquiaqueijas.net\/portal\/wp-content\/uploads\/2011\/05\/Emaus04a.jpg","width":434,"height":367,"caption":"Emaus04a"},{"@type":"BreadcrumbList","@id":"https:\/\/paroquiaqueijas.net\/portal\/iii-domingo-de-pascoa\/#breadcrumb","itemListElement":[{"@type":"ListItem","position":1,"name":"In\u00edcio","item":"https:\/\/paroquiaqueijas.net\/portal\/"},{"@type":"ListItem","position":2,"name":"III Domingo da P\u00e1scoa A"}]},{"@type":"WebSite","@id":"https:\/\/paroquiaqueijas.net\/portal\/#website","url":"https:\/\/paroquiaqueijas.net\/portal\/","name":"Paroquia de Queijas","description":"","publisher":{"@id":"https:\/\/paroquiaqueijas.net\/portal\/#organization"},"potentialAction":[{"@type":"SearchAction","target":{"@type":"EntryPoint","urlTemplate":"https:\/\/paroquiaqueijas.net\/portal\/?s={search_term_string}"},"query-input":{"@type":"PropertyValueSpecification","valueRequired":true,"valueName":"search_term_string"}}],"inLanguage":"pt-PT"},{"@type":"Organization","@id":"https:\/\/paroquiaqueijas.net\/portal\/#organization","name":"Paroquia de Queijas","url":"https:\/\/paroquiaqueijas.net\/portal\/","logo":{"@type":"ImageObject","inLanguage":"pt-PT","@id":"https:\/\/paroquiaqueijas.net\/portal\/#\/schema\/logo\/image\/","url":"https:\/\/paroquiaqueijas.net\/portal\/wp-content\/uploads\/2026\/03\/LogoQueijas_novo.png","contentUrl":"https:\/\/paroquiaqueijas.net\/portal\/wp-content\/uploads\/2026\/03\/LogoQueijas_novo.png","width":520,"height":519,"caption":"Paroquia de Queijas"},"image":{"@id":"https:\/\/paroquiaqueijas.net\/portal\/#\/schema\/logo\/image\/"},"sameAs":["https:\/\/www.facebook.com\/paroquiaqueijas\/"]},{"@type":"Person","@id":"https:\/\/paroquiaqueijas.net\/portal\/#\/schema\/person\/07bb4cce216326e06b6f742b719ebec7","name":"Paroquia de Queijas","image":{"@type":"ImageObject","inLanguage":"pt-PT","@id":"https:\/\/secure.gravatar.com\/avatar\/5054571ff5d2454cd50657fc4e61d0c32d7a5d0d3b36ef6c0f6e269276d13618?s=96&d=mm&r=g","url":"https:\/\/secure.gravatar.com\/avatar\/5054571ff5d2454cd50657fc4e61d0c32d7a5d0d3b36ef6c0f6e269276d13618?s=96&d=mm&r=g","contentUrl":"https:\/\/secure.gravatar.com\/avatar\/5054571ff5d2454cd50657fc4e61d0c32d7a5d0d3b36ef6c0f6e269276d13618?s=96&d=mm&r=g","caption":"Paroquia de Queijas"},"sameAs":["https:\/\/paroquiaqueijas.net\/site"],"url":"https:\/\/paroquiaqueijas.net\/portal\/author\/admin1\/"}]}},"_links":{"self":[{"href":"https:\/\/paroquiaqueijas.net\/portal\/wp-json\/wp\/v2\/posts\/469","targetHints":{"allow":["GET"]}}],"collection":[{"href":"https:\/\/paroquiaqueijas.net\/portal\/wp-json\/wp\/v2\/posts"}],"about":[{"href":"https:\/\/paroquiaqueijas.net\/portal\/wp-json\/wp\/v2\/types\/post"}],"author":[{"embeddable":true,"href":"https:\/\/paroquiaqueijas.net\/portal\/wp-json\/wp\/v2\/users\/1"}],"replies":[{"embeddable":true,"href":"https:\/\/paroquiaqueijas.net\/portal\/wp-json\/wp\/v2\/comments?post=469"}],"version-history":[{"count":4,"href":"https:\/\/paroquiaqueijas.net\/portal\/wp-json\/wp\/v2\/posts\/469\/revisions"}],"predecessor-version":[{"id":3911,"href":"https:\/\/paroquiaqueijas.net\/portal\/wp-json\/wp\/v2\/posts\/469\/revisions\/3911"}],"wp:featuredmedia":[{"embeddable":true,"href":"https:\/\/paroquiaqueijas.net\/portal\/wp-json\/wp\/v2\/media\/467"}],"wp:attachment":[{"href":"https:\/\/paroquiaqueijas.net\/portal\/wp-json\/wp\/v2\/media?parent=469"}],"wp:term":[{"taxonomy":"category","embeddable":true,"href":"https:\/\/paroquiaqueijas.net\/portal\/wp-json\/wp\/v2\/categories?post=469"},{"taxonomy":"post_tag","embeddable":true,"href":"https:\/\/paroquiaqueijas.net\/portal\/wp-json\/wp\/v2\/tags?post=469"}],"curies":[{"name":"wp","href":"https:\/\/api.w.org\/{rel}","templated":true}]}}