{"id":471,"date":"2011-04-27T22:30:47","date_gmt":"2011-04-27T22:30:47","guid":{"rendered":"https:\/\/paroquiaqueijas.net\/site\/?p=471"},"modified":"2026-03-21T15:41:43","modified_gmt":"2026-03-21T15:41:43","slug":"10-mandamentos-de-joao-paulo-ii","status":"publish","type":"post","link":"https:\/\/paroquiaqueijas.net\/portal\/10-mandamentos-de-joao-paulo-ii\/","title":{"rendered":"10 Mandamentos de Jo\u00e3o Paulo II"},"content":{"rendered":"<p><strong>Os 10 Mandamentos de Jo\u00e3o Paulo II<img decoding=\"async\" class=\" alignright size-full wp-image-470\" style=\"margin: 0px 0px 0px 9px; float: right;\" src=\"https:\/\/paroquiaqueijas.net\/portal\/wp-content\/uploads\/2011\/04\/JPII_1a.png\" alt=\"JPII_1a\" width=\"163\" height=\"186\" srcset=\"https:\/\/paroquiaqueijas.net\/portal\/wp-content\/uploads\/2011\/04\/JPII_1a.png 363w, https:\/\/paroquiaqueijas.net\/portal\/wp-content\/uploads\/2011\/04\/JPII_1a-263x300.png 263w\" sizes=\"(max-width: 163px) 100vw, 163px\" \/><\/strong><\/span><\/p>\n<p>NB. Texto em portugu\u00eas do Brasil<\/p>\n<p><strong>1. N\u00e3o tenhais medo!<\/strong> Jo\u00e3o Paulo II disse essa frase quando assumiu o Pontificado em 1978. Quando eu disser a Deus e a Maria &#8220;sou todo Teu&#8221;, o Esp\u00edrito Santo come\u00e7a a fazer em minha vida tudo o que \u00e9 da vontade de Deus. Por\u00e9m, muitas vezes o que Deus quer para mim n\u00e3o \u00e9 o que eu quero, n\u00e3o \u00e9 o que eu planejei. Por isso n\u00e3o tenhais medo! Se desejo ser um instrumento de Deus n\u00e3o posso ter medo da cruz e do sofrimento. E a cura para o medo est\u00e1 na confian\u00e7a \u00e0 Divina Miseric\u00f3rdia. Medo se cura com confian\u00e7a.<\/span><\/p>\n<p><!--more--><\/p>\n<p><strong>2. Abri as portas ao redentor!<\/strong> N\u00e3o se feche ao Esp\u00edrito Santo, n\u00e3o queira ter um Deus intimista. Deus quer que voc\u00ea abra o seu cora\u00e7\u00e3o de tal maneira h\u00e1 n\u00e3o existir mais nenhuma sombra dentro dele. Permita que Deus entre e ilumine cada canto do seu cora\u00e7\u00e3o. Nossa Senhora nos diz &#8220;n\u00e3o ofenda mais o meu filho, Ele j\u00e1 est\u00e1 t\u00e3o ofendido&#8221;. N\u00e3o se feche. Abra o seu cora\u00e7\u00e3o. Abri as portas ao redentor! Deixa o Senhor agirem sua vida.<\/span><\/p>\n<p><strong>3. Creia e Adore Jesus na Eucaristia! <\/strong>Jo\u00e3o Paulo II \u00e9 o papa da Eucaristia. Como ele, creia e adore Jesus Eucar\u00edstico. Os que ficar\u00e3o at\u00e9 o \u00faltimo instante na batalha final ser\u00e3o aqueles que cr\u00eaem e adoram a Jesus Eucar\u00edstico. A eucaristia \u00e9 um Sacramento onde Jesus se faz vivo, Corpo e Sangue, Alma e Divindade. N\u00e3o queira entender a Eucaristia. O sacerdote ao consagrar o Corpo e o Sangue de Jesus nos diz &#8220;Eis o mist\u00e9rio da f\u00e9!&#8221; Mist\u00e9rio n\u00e3o se explica apenas se contempla e adora. Tudo aquilo que se explica deixa de ser mist\u00e9rio.<\/span><\/p>\n<p><strong>4. Seja todo de Maria!<\/strong> Se eu for todo de Maria eu serei todo de Jesus. Nossa Senhora n\u00e3o pode ficar escondida. S\u00e3o Luis Grignion de Montfort diz que \u00e9 mais f\u00e1cil separa o sol da luz do que separar Maria de Jesus. Ele ainda explica os motivos Deus ter escondido Maria na primeira vinda de Jesus. Segundo Montfort, primeiro porque a M\u00e3e \u00e9 t\u00e3o querida que se Ele n\u00e3o a escondesse n\u00f3s ir\u00edamos nos direccionar mais \u00e0 M\u00e3e do que ao Filho. E tamb\u00e9m porque na segunda vinda de Jesus, Deus a colocar\u00e1 em linha de frente. Ent\u00e3o, tudo o que acontecer at\u00e9 a vinda final de Jesus ser\u00e1 pelas m\u00e3os da M\u00e3e. Jo\u00e3o Paulo II, obediente ao pedido da M\u00e3e em F\u00e1tima, em 1999 chamou os 5 mil Bispos da Igreja, rezou o ros\u00e1rio e consagrou todo o mundo e a Igreja nas m\u00e3os da M\u00e3e. A partir deste dia a M\u00e3e tomou a linha de frente e assumiu o comando. Este foi o cumprimento da profecia que Maria cantou no Magnificat na casa de Isabel. &#8220;Todas as gera\u00e7\u00f5es me proclamaram bem-aventurada porque o todo poderoso fez em mim maravilhas&#8221; (Lc 1,46). E o Senhor nos diz que muitos que n\u00e3o aceitam a M\u00e3e v\u00e3o ter que admitir que Ela \u00e9 especial. Este \u00e9 um dos sinais que nos mostrar\u00e1 que o retorno de Jesus est\u00e1 pr\u00f3ximo. Se Maria n\u00e3o fosse importante Jesus n\u00e3o teria vindo por meio Dela, ele escolheria qualquer outro caminho. Vamos abrir o nosso cora\u00e7\u00e3o, ser todo de Maria e assim Ela nos faz todo de Jesus. N\u00e3o tenha medo de amar Maria imaginando que estar\u00e1 a colocando no lugar de Deus. Maria n\u00e3o sabe se colocar no lugar de Deus. O lugar de Maria \u00e9 sempre debaixo da cruz de Cristo em p\u00e9, nunca acima Dele. Maria n\u00e3o \u00e9 deusa, n\u00e3o \u00e9 maior do que Deus. Maria \u00e9 uma criatura de Deus como n\u00f3s, apenas com uma diferen\u00e7a: Pura, Imaculada e toda de Deus.<\/span><\/p>\n<p><strong>5. Pe\u00e7a perd\u00e3o e perdoe sempre!<\/strong> N\u00e3o tem como ser um seguidor de Cristo sem perdoar e ter a humildade de pedir perd\u00e3o. Talvez perdoar seja at\u00e9 mais f\u00e1cil do que pedir perd\u00e3o porque nos sentimos valorizados quando algu\u00e9m vem nos pedir perd\u00e3o. Mas o que precisamos \u00e9 ter a humildade de pedir perd\u00e3o. Tomemos como exemplo a humildade de Jo\u00e3o Paulo II que foi at\u00e9 a pris\u00e3o pedir perd\u00e3o e perdoar \u00e0quele que tentou tirar a sua vida.<\/span><\/p>\n<p><strong>6. Carregue sua cruz com amor e alegria!<\/strong> A vida de Jo\u00e3o Paulo II nos ensina a carregar a cruz com amor e com alegria. Por\u00e9m, estar alegre n\u00e3o significa ficar dando gargalhadas. H\u00e1 muitas pessoas alegres que est\u00e3o com l\u00e1grimas nos olhos, pois a alegria \u00e9 um estado da alma e n\u00e3o simplesmente algo exterior. Nem todos que est\u00e3o dando risadas est\u00e3o alegres e nem todos que est\u00e3o chorando est\u00e3o tristes. Uma pessoa pode estar se arrastando, mas est\u00e1 feliz porque conseguiu entende o mist\u00e9rio da cruz. Carregue a cruz, n\u00e3o arraste, n\u00e3o corte peda\u00e7os, n\u00e3o fa\u00e7a nenhuma barganha com a sua cruz. N\u00e3o se deixe seduzir em ir cobrar a cruz do seu irm\u00e3o achando que a dele \u00e9 mais leve do que a sua. A tua cruz foi feita no teu tamanho e na tua medida. Se voc\u00ea acha que a sua cruz est\u00e1 pesada, olhe para tr\u00e1s e veja que o outro est\u00e1 carregando uma torra nas costas e nunca disse para Deus que estava pesada demais, porque ele conseguiu carregar com amor e com alegria. Quando eu carrego com amor e alegria eu estou reverenciando Deus, quando eu reclamo estou reverenciando o dem\u00f3nio. N\u00e3o desanime com os problemas, seja corajoso e cante &#8220;Vit\u00f3ria tu reinar\u00e1s, oh cruz tu nos libertar\u00e1!&#8221; Seja ousado, \u00e9 pela cruz que vem a vit\u00f3ria. Santo Agostinho diz que quem procura um Cristo sem cruz vai encontrar uma cruz vazia sem Cristo. A cruz \u00e9 a marca de Deus. Se n\u00e3o tem cruz, n\u00e3o tem sofrimento, n\u00e3o \u00e9 de Deus. Porque as coisas de Deus s\u00e3o seladas no sangue, no sofrimento. S\u00e3o seladas na dificuldade.<\/span><\/p>\n<p><strong>7. Seja sempre uma pessoa de paz! <\/strong>Se algu\u00e9m vir brigar com voc\u00ea, declare j\u00e1 no inicio: &#8220;eu sou da paz&#8221;. Sejamos pessoas de paz como foi Jo\u00e3o Paulo II que durante o seu pontificado sempre demonstrou a preocupa\u00e7\u00e3o pela paz no mundo sendo audacioso a ponto de intervir diretamente atrav\u00e9s de escritos e pronunciamentos televisivos.<\/span><\/p>\n<p><strong>8. Defenda a vida com a tua vida!<\/strong> Se for preciso, defenda a vida com a tua vida. Lute contra o aborto, se for preciso morrer por uma pessoa, morra. Doe \u00f3rg\u00e3os. Doe a vida dando a sua vida. No ano de 2000 a revista Times, nos Estados Unidos, que costuma todos os anos eleger o homem mais belo, mais elegante, etc., elegeu Jo\u00e3o Paulo II o homem do ano, porque defendia a vida. &#8220;Podemos n\u00e3o concordar com aquilo que ele ensina, mas temos que admitir que \u00e9 verdade&#8221;, justificavam sua escolha.<img decoding=\"async\" class=\" alignright size-full wp-image-196\" style=\"margin: 30px 0px 0px 9px; float: right;\" src=\"https:\/\/paroquiaqueijas.net\/portal\/wp-content\/uploads\/2011\/05\/JPII_45.jpg\" alt=\"JPII_45\" width=\"148\" height=\"282\" srcset=\"https:\/\/paroquiaqueijas.net\/portal\/wp-content\/uploads\/2011\/05\/JPII_45.jpg 248w, https:\/\/paroquiaqueijas.net\/portal\/wp-content\/uploads\/2011\/05\/JPII_45-158x300.jpg 158w\" sizes=\"(max-width: 148px) 100vw, 148px\" \/><\/span><\/p>\n<p><strong>9. Orai e vigiai sem cessar!<\/strong> N\u00e3o deixe uma brecha para o inimigo. Se voc\u00ea der uma brecha ele entra. Ele fica rondando, ele n\u00e3o dorme, n\u00e3o tem corpo e n\u00e3o se cansa. Ele fica observando e a hora que voc\u00ea decide descansar ele entra. Portanto, vigiai orai sem cessar. \u00c9 comum vermos as imagens de Jo\u00e3o Paulo II com um ter\u00e7o na m\u00e3o ajoelhado diante do Cristo Eucar\u00edstico, ou diante da imagem da M\u00e3e mostrando-nos assim que era um homem de profunda ora\u00e7\u00e3o e intimidade com Deus.<\/span><\/p>\n<p><strong>10. Confie sempre na Miseric\u00f3rdia Divina! <\/strong>Poucos dias antes de morrer, Jo\u00e3o Paulo preparou um discurso, que ap\u00f3s a sua morte foi lido para mais de 130 mil pessoas na Pra\u00e7a de S\u00e3o Pedro. Neste discurso ele escreveu: &#8220;que a humanidade acolha e compreenda a Divina Miseric\u00f3rdia&#8221;. Esta foi a ultima mensagem que Jo\u00e3o Paulo II nos deixou. Depois disso, nos bra\u00e7os do Cristo misericordioso, no primeiro s\u00e1bado \u2013 dia do Imaculado Cora\u00e7\u00e3o de Maria \u2013 do m\u00eas de abri de 2005 \u2013 v\u00e9speras da Festa da Miseric\u00f3rdia, Jo\u00e3o Paulo II foi elevado ao c\u00e9u. Um homem todo de Deus e todo de Maria.<\/span><\/p>\n<p>Pe. Ant\u00f3nio Aguiar<span id=\"_plain_text_marker\">&nbsp;<\/span><\/p>\n","protected":false},"excerpt":{"rendered":"<p>Os 10 Mandamentos de Jo\u00e3o Paulo II NB. Texto em portugu\u00eas do Brasil 1. N\u00e3o tenhais medo! Jo\u00e3o Paulo II [&hellip;]<\/p>\n","protected":false},"author":1,"featured_media":470,"comment_status":"open","ping_status":"open","sticky":false,"template":"","format":"standard","meta":{"site-sidebar-layout":"default","site-content-layout":"","ast-site-content-layout":"default","site-content-style":"default","site-sidebar-style":"default","ast-global-header-display":"","ast-banner-title-visibility":"","ast-main-header-display":"","ast-hfb-above-header-display":"","ast-hfb-below-header-display":"","ast-hfb-mobile-header-display":"","site-post-title":"","ast-breadcrumbs-content":"","ast-featured-img":"","footer-sml-layout":"","ast-disable-related-posts":"","theme-transparent-header-meta":"","adv-header-id-meta":"","stick-header-meta":"","header-above-stick-meta":"","header-main-stick-meta":"","header-below-stick-meta":"","astra-migrate-meta-layouts":"default","ast-page-background-enabled":"default","ast-page-background-meta":{"desktop":{"background-color":"var(--ast-global-color-5)","background-image":"","background-repeat":"repeat","background-position":"center center","background-size":"auto","background-attachment":"scroll","background-type":"","background-media":"","overlay-type":"","overlay-color":"","overlay-opacity":"","overlay-gradient":""},"tablet":{"background-color":"","background-image":"","background-repeat":"repeat","background-position":"center center","background-size":"auto","background-attachment":"scroll","background-type":"","background-media":"","overlay-type":"","overlay-color":"","overlay-opacity":"","overlay-gradient":""},"mobile":{"background-color":"","background-image":"","background-repeat":"repeat","background-position":"center center","background-size":"auto","background-attachment":"scroll","background-type":"","background-media":"","overlay-type":"","overlay-color":"","overlay-opacity":"","overlay-gradient":""}},"ast-content-background-meta":{"desktop":{"background-color":"var(--ast-global-color-4)","background-image":"","background-repeat":"repeat","background-position":"center center","background-size":"auto","background-attachment":"scroll","background-type":"","background-media":"","overlay-type":"","overlay-color":"","overlay-opacity":"","overlay-gradient":""},"tablet":{"background-color":"var(--ast-global-color-4)","background-image":"","background-repeat":"repeat","background-position":"center center","background-size":"auto","background-attachment":"scroll","background-type":"","background-media":"","overlay-type":"","overlay-color":"","overlay-opacity":"","overlay-gradient":""},"mobile":{"background-color":"var(--ast-global-color-4)","background-image":"","background-repeat":"repeat","background-position":"center center","background-size":"auto","background-attachment":"scroll","background-type":"","background-media":"","overlay-type":"","overlay-color":"","overlay-opacity":"","overlay-gradient":""}},"footnotes":""},"categories":[40],"tags":[],"class_list":["post-471","post","type-post","status-publish","format-standard","has-post-thumbnail","hentry","category-textos-para-reflexao"],"yoast_head":"<!-- This site is optimized with the Yoast SEO plugin v27.4 - https:\/\/yoast.com\/product\/yoast-seo-wordpress\/ -->\n<title>10 Mandamentos de Jo\u00e3o Paulo II - Paroquia de Queijas<\/title>\n<meta name=\"robots\" content=\"index, follow, max-snippet:-1, max-image-preview:large, max-video-preview:-1\" \/>\n<link rel=\"canonical\" href=\"https:\/\/paroquiaqueijas.net\/portal\/10-mandamentos-de-joao-paulo-ii\/\" \/>\n<meta property=\"og:locale\" content=\"pt_PT\" \/>\n<meta property=\"og:type\" content=\"article\" \/>\n<meta property=\"og:title\" content=\"10 Mandamentos de Jo\u00e3o Paulo II - Paroquia de Queijas\" \/>\n<meta property=\"og:description\" content=\"Os 10 Mandamentos de Jo\u00e3o Paulo II NB. Texto em portugu\u00eas do Brasil 1. N\u00e3o tenhais medo! Jo\u00e3o Paulo II [&hellip;]\" \/>\n<meta property=\"og:url\" content=\"https:\/\/paroquiaqueijas.net\/portal\/10-mandamentos-de-joao-paulo-ii\/\" \/>\n<meta property=\"og:site_name\" content=\"Paroquia de Queijas\" \/>\n<meta property=\"article:publisher\" content=\"https:\/\/www.facebook.com\/paroquiaqueijas\/\" \/>\n<meta property=\"article:published_time\" content=\"2011-04-27T22:30:47+00:00\" \/>\n<meta property=\"article:modified_time\" content=\"2026-03-21T15:41:43+00:00\" \/>\n<meta property=\"og:image\" content=\"https:\/\/paroquiaqueijas.net\/portal\/wp-content\/uploads\/2011\/04\/JPII_1a.png\" \/>\n\t<meta property=\"og:image:width\" content=\"363\" \/>\n\t<meta property=\"og:image:height\" content=\"414\" \/>\n\t<meta property=\"og:image:type\" content=\"image\/png\" \/>\n<meta name=\"author\" content=\"Paroquia de Queijas\" \/>\n<meta name=\"twitter:card\" content=\"summary_large_image\" \/>\n<meta name=\"twitter:label1\" content=\"Escrito por\" \/>\n\t<meta name=\"twitter:data1\" content=\"Paroquia de Queijas\" \/>\n\t<meta name=\"twitter:label2\" content=\"Tempo estimado de leitura\" \/>\n\t<meta name=\"twitter:data2\" content=\"7 minutos\" \/>\n<script type=\"application\/ld+json\" class=\"yoast-schema-graph\">{\"@context\":\"https:\\\/\\\/schema.org\",\"@graph\":[{\"@type\":\"Article\",\"@id\":\"https:\\\/\\\/paroquiaqueijas.net\\\/portal\\\/10-mandamentos-de-joao-paulo-ii\\\/#article\",\"isPartOf\":{\"@id\":\"https:\\\/\\\/paroquiaqueijas.net\\\/portal\\\/10-mandamentos-de-joao-paulo-ii\\\/\"},\"author\":{\"name\":\"Paroquia de Queijas\",\"@id\":\"https:\\\/\\\/paroquiaqueijas.net\\\/portal\\\/#\\\/schema\\\/person\\\/07bb4cce216326e06b6f742b719ebec7\"},\"headline\":\"10 Mandamentos de Jo\u00e3o Paulo II\",\"datePublished\":\"2011-04-27T22:30:47+00:00\",\"dateModified\":\"2026-03-21T15:41:43+00:00\",\"mainEntityOfPage\":{\"@id\":\"https:\\\/\\\/paroquiaqueijas.net\\\/portal\\\/10-mandamentos-de-joao-paulo-ii\\\/\"},\"wordCount\":1428,\"commentCount\":0,\"publisher\":{\"@id\":\"https:\\\/\\\/paroquiaqueijas.net\\\/portal\\\/#organization\"},\"image\":{\"@id\":\"https:\\\/\\\/paroquiaqueijas.net\\\/portal\\\/10-mandamentos-de-joao-paulo-ii\\\/#primaryimage\"},\"thumbnailUrl\":\"https:\\\/\\\/paroquiaqueijas.net\\\/portal\\\/wp-content\\\/uploads\\\/2011\\\/04\\\/JPII_1a.png\",\"articleSection\":[\"Textos para Reflex\u00e3o\"],\"inLanguage\":\"pt-PT\",\"potentialAction\":[{\"@type\":\"CommentAction\",\"name\":\"Comment\",\"target\":[\"https:\\\/\\\/paroquiaqueijas.net\\\/portal\\\/10-mandamentos-de-joao-paulo-ii\\\/#respond\"]}]},{\"@type\":\"WebPage\",\"@id\":\"https:\\\/\\\/paroquiaqueijas.net\\\/portal\\\/10-mandamentos-de-joao-paulo-ii\\\/\",\"url\":\"https:\\\/\\\/paroquiaqueijas.net\\\/portal\\\/10-mandamentos-de-joao-paulo-ii\\\/\",\"name\":\"10 Mandamentos de Jo\u00e3o Paulo II - Paroquia de Queijas\",\"isPartOf\":{\"@id\":\"https:\\\/\\\/paroquiaqueijas.net\\\/portal\\\/#website\"},\"primaryImageOfPage\":{\"@id\":\"https:\\\/\\\/paroquiaqueijas.net\\\/portal\\\/10-mandamentos-de-joao-paulo-ii\\\/#primaryimage\"},\"image\":{\"@id\":\"https:\\\/\\\/paroquiaqueijas.net\\\/portal\\\/10-mandamentos-de-joao-paulo-ii\\\/#primaryimage\"},\"thumbnailUrl\":\"https:\\\/\\\/paroquiaqueijas.net\\\/portal\\\/wp-content\\\/uploads\\\/2011\\\/04\\\/JPII_1a.png\",\"datePublished\":\"2011-04-27T22:30:47+00:00\",\"dateModified\":\"2026-03-21T15:41:43+00:00\",\"breadcrumb\":{\"@id\":\"https:\\\/\\\/paroquiaqueijas.net\\\/portal\\\/10-mandamentos-de-joao-paulo-ii\\\/#breadcrumb\"},\"inLanguage\":\"pt-PT\",\"potentialAction\":[{\"@type\":\"ReadAction\",\"target\":[\"https:\\\/\\\/paroquiaqueijas.net\\\/portal\\\/10-mandamentos-de-joao-paulo-ii\\\/\"]}]},{\"@type\":\"ImageObject\",\"inLanguage\":\"pt-PT\",\"@id\":\"https:\\\/\\\/paroquiaqueijas.net\\\/portal\\\/10-mandamentos-de-joao-paulo-ii\\\/#primaryimage\",\"url\":\"https:\\\/\\\/paroquiaqueijas.net\\\/portal\\\/wp-content\\\/uploads\\\/2011\\\/04\\\/JPII_1a.png\",\"contentUrl\":\"https:\\\/\\\/paroquiaqueijas.net\\\/portal\\\/wp-content\\\/uploads\\\/2011\\\/04\\\/JPII_1a.png\",\"width\":363,\"height\":414,\"caption\":\"JPII_1a\"},{\"@type\":\"BreadcrumbList\",\"@id\":\"https:\\\/\\\/paroquiaqueijas.net\\\/portal\\\/10-mandamentos-de-joao-paulo-ii\\\/#breadcrumb\",\"itemListElement\":[{\"@type\":\"ListItem\",\"position\":1,\"name\":\"In\u00edcio\",\"item\":\"https:\\\/\\\/paroquiaqueijas.net\\\/portal\\\/\"},{\"@type\":\"ListItem\",\"position\":2,\"name\":\"10 Mandamentos de Jo\u00e3o Paulo II\"}]},{\"@type\":\"WebSite\",\"@id\":\"https:\\\/\\\/paroquiaqueijas.net\\\/portal\\\/#website\",\"url\":\"https:\\\/\\\/paroquiaqueijas.net\\\/portal\\\/\",\"name\":\"Paroquia de Queijas\",\"description\":\"\",\"publisher\":{\"@id\":\"https:\\\/\\\/paroquiaqueijas.net\\\/portal\\\/#organization\"},\"potentialAction\":[{\"@type\":\"SearchAction\",\"target\":{\"@type\":\"EntryPoint\",\"urlTemplate\":\"https:\\\/\\\/paroquiaqueijas.net\\\/portal\\\/?s={search_term_string}\"},\"query-input\":{\"@type\":\"PropertyValueSpecification\",\"valueRequired\":true,\"valueName\":\"search_term_string\"}}],\"inLanguage\":\"pt-PT\"},{\"@type\":\"Organization\",\"@id\":\"https:\\\/\\\/paroquiaqueijas.net\\\/portal\\\/#organization\",\"name\":\"Paroquia de Queijas\",\"url\":\"https:\\\/\\\/paroquiaqueijas.net\\\/portal\\\/\",\"logo\":{\"@type\":\"ImageObject\",\"inLanguage\":\"pt-PT\",\"@id\":\"https:\\\/\\\/paroquiaqueijas.net\\\/portal\\\/#\\\/schema\\\/logo\\\/image\\\/\",\"url\":\"https:\\\/\\\/paroquiaqueijas.net\\\/portal\\\/wp-content\\\/uploads\\\/2026\\\/03\\\/LogoQueijas_novo.png\",\"contentUrl\":\"https:\\\/\\\/paroquiaqueijas.net\\\/portal\\\/wp-content\\\/uploads\\\/2026\\\/03\\\/LogoQueijas_novo.png\",\"width\":520,\"height\":519,\"caption\":\"Paroquia de Queijas\"},\"image\":{\"@id\":\"https:\\\/\\\/paroquiaqueijas.net\\\/portal\\\/#\\\/schema\\\/logo\\\/image\\\/\"},\"sameAs\":[\"https:\\\/\\\/www.facebook.com\\\/paroquiaqueijas\\\/\"]},{\"@type\":\"Person\",\"@id\":\"https:\\\/\\\/paroquiaqueijas.net\\\/portal\\\/#\\\/schema\\\/person\\\/07bb4cce216326e06b6f742b719ebec7\",\"name\":\"Paroquia de Queijas\",\"image\":{\"@type\":\"ImageObject\",\"inLanguage\":\"pt-PT\",\"@id\":\"https:\\\/\\\/secure.gravatar.com\\\/avatar\\\/5054571ff5d2454cd50657fc4e61d0c32d7a5d0d3b36ef6c0f6e269276d13618?s=96&d=mm&r=g\",\"url\":\"https:\\\/\\\/secure.gravatar.com\\\/avatar\\\/5054571ff5d2454cd50657fc4e61d0c32d7a5d0d3b36ef6c0f6e269276d13618?s=96&d=mm&r=g\",\"contentUrl\":\"https:\\\/\\\/secure.gravatar.com\\\/avatar\\\/5054571ff5d2454cd50657fc4e61d0c32d7a5d0d3b36ef6c0f6e269276d13618?s=96&d=mm&r=g\",\"caption\":\"Paroquia de Queijas\"},\"sameAs\":[\"https:\\\/\\\/paroquiaqueijas.net\\\/site\"],\"url\":\"https:\\\/\\\/paroquiaqueijas.net\\\/portal\\\/author\\\/admin1\\\/\"}]}<\/script>\n<!-- \/ Yoast SEO plugin. -->","yoast_head_json":{"title":"10 Mandamentos de Jo\u00e3o Paulo II - Paroquia de Queijas","robots":{"index":"index","follow":"follow","max-snippet":"max-snippet:-1","max-image-preview":"max-image-preview:large","max-video-preview":"max-video-preview:-1"},"canonical":"https:\/\/paroquiaqueijas.net\/portal\/10-mandamentos-de-joao-paulo-ii\/","og_locale":"pt_PT","og_type":"article","og_title":"10 Mandamentos de Jo\u00e3o Paulo II - Paroquia de Queijas","og_description":"Os 10 Mandamentos de Jo\u00e3o Paulo II NB. Texto em portugu\u00eas do Brasil 1. N\u00e3o tenhais medo! Jo\u00e3o Paulo II [&hellip;]","og_url":"https:\/\/paroquiaqueijas.net\/portal\/10-mandamentos-de-joao-paulo-ii\/","og_site_name":"Paroquia de Queijas","article_publisher":"https:\/\/www.facebook.com\/paroquiaqueijas\/","article_published_time":"2011-04-27T22:30:47+00:00","article_modified_time":"2026-03-21T15:41:43+00:00","og_image":[{"width":363,"height":414,"url":"https:\/\/paroquiaqueijas.net\/portal\/wp-content\/uploads\/2011\/04\/JPII_1a.png","type":"image\/png"}],"author":"Paroquia de Queijas","twitter_card":"summary_large_image","twitter_misc":{"Escrito por":"Paroquia de Queijas","Tempo estimado de leitura":"7 minutos"},"schema":{"@context":"https:\/\/schema.org","@graph":[{"@type":"Article","@id":"https:\/\/paroquiaqueijas.net\/portal\/10-mandamentos-de-joao-paulo-ii\/#article","isPartOf":{"@id":"https:\/\/paroquiaqueijas.net\/portal\/10-mandamentos-de-joao-paulo-ii\/"},"author":{"name":"Paroquia de Queijas","@id":"https:\/\/paroquiaqueijas.net\/portal\/#\/schema\/person\/07bb4cce216326e06b6f742b719ebec7"},"headline":"10 Mandamentos de Jo\u00e3o Paulo II","datePublished":"2011-04-27T22:30:47+00:00","dateModified":"2026-03-21T15:41:43+00:00","mainEntityOfPage":{"@id":"https:\/\/paroquiaqueijas.net\/portal\/10-mandamentos-de-joao-paulo-ii\/"},"wordCount":1428,"commentCount":0,"publisher":{"@id":"https:\/\/paroquiaqueijas.net\/portal\/#organization"},"image":{"@id":"https:\/\/paroquiaqueijas.net\/portal\/10-mandamentos-de-joao-paulo-ii\/#primaryimage"},"thumbnailUrl":"https:\/\/paroquiaqueijas.net\/portal\/wp-content\/uploads\/2011\/04\/JPII_1a.png","articleSection":["Textos para Reflex\u00e3o"],"inLanguage":"pt-PT","potentialAction":[{"@type":"CommentAction","name":"Comment","target":["https:\/\/paroquiaqueijas.net\/portal\/10-mandamentos-de-joao-paulo-ii\/#respond"]}]},{"@type":"WebPage","@id":"https:\/\/paroquiaqueijas.net\/portal\/10-mandamentos-de-joao-paulo-ii\/","url":"https:\/\/paroquiaqueijas.net\/portal\/10-mandamentos-de-joao-paulo-ii\/","name":"10 Mandamentos de Jo\u00e3o Paulo II - Paroquia de Queijas","isPartOf":{"@id":"https:\/\/paroquiaqueijas.net\/portal\/#website"},"primaryImageOfPage":{"@id":"https:\/\/paroquiaqueijas.net\/portal\/10-mandamentos-de-joao-paulo-ii\/#primaryimage"},"image":{"@id":"https:\/\/paroquiaqueijas.net\/portal\/10-mandamentos-de-joao-paulo-ii\/#primaryimage"},"thumbnailUrl":"https:\/\/paroquiaqueijas.net\/portal\/wp-content\/uploads\/2011\/04\/JPII_1a.png","datePublished":"2011-04-27T22:30:47+00:00","dateModified":"2026-03-21T15:41:43+00:00","breadcrumb":{"@id":"https:\/\/paroquiaqueijas.net\/portal\/10-mandamentos-de-joao-paulo-ii\/#breadcrumb"},"inLanguage":"pt-PT","potentialAction":[{"@type":"ReadAction","target":["https:\/\/paroquiaqueijas.net\/portal\/10-mandamentos-de-joao-paulo-ii\/"]}]},{"@type":"ImageObject","inLanguage":"pt-PT","@id":"https:\/\/paroquiaqueijas.net\/portal\/10-mandamentos-de-joao-paulo-ii\/#primaryimage","url":"https:\/\/paroquiaqueijas.net\/portal\/wp-content\/uploads\/2011\/04\/JPII_1a.png","contentUrl":"https:\/\/paroquiaqueijas.net\/portal\/wp-content\/uploads\/2011\/04\/JPII_1a.png","width":363,"height":414,"caption":"JPII_1a"},{"@type":"BreadcrumbList","@id":"https:\/\/paroquiaqueijas.net\/portal\/10-mandamentos-de-joao-paulo-ii\/#breadcrumb","itemListElement":[{"@type":"ListItem","position":1,"name":"In\u00edcio","item":"https:\/\/paroquiaqueijas.net\/portal\/"},{"@type":"ListItem","position":2,"name":"10 Mandamentos de Jo\u00e3o Paulo II"}]},{"@type":"WebSite","@id":"https:\/\/paroquiaqueijas.net\/portal\/#website","url":"https:\/\/paroquiaqueijas.net\/portal\/","name":"Paroquia de Queijas","description":"","publisher":{"@id":"https:\/\/paroquiaqueijas.net\/portal\/#organization"},"potentialAction":[{"@type":"SearchAction","target":{"@type":"EntryPoint","urlTemplate":"https:\/\/paroquiaqueijas.net\/portal\/?s={search_term_string}"},"query-input":{"@type":"PropertyValueSpecification","valueRequired":true,"valueName":"search_term_string"}}],"inLanguage":"pt-PT"},{"@type":"Organization","@id":"https:\/\/paroquiaqueijas.net\/portal\/#organization","name":"Paroquia de Queijas","url":"https:\/\/paroquiaqueijas.net\/portal\/","logo":{"@type":"ImageObject","inLanguage":"pt-PT","@id":"https:\/\/paroquiaqueijas.net\/portal\/#\/schema\/logo\/image\/","url":"https:\/\/paroquiaqueijas.net\/portal\/wp-content\/uploads\/2026\/03\/LogoQueijas_novo.png","contentUrl":"https:\/\/paroquiaqueijas.net\/portal\/wp-content\/uploads\/2026\/03\/LogoQueijas_novo.png","width":520,"height":519,"caption":"Paroquia de Queijas"},"image":{"@id":"https:\/\/paroquiaqueijas.net\/portal\/#\/schema\/logo\/image\/"},"sameAs":["https:\/\/www.facebook.com\/paroquiaqueijas\/"]},{"@type":"Person","@id":"https:\/\/paroquiaqueijas.net\/portal\/#\/schema\/person\/07bb4cce216326e06b6f742b719ebec7","name":"Paroquia de Queijas","image":{"@type":"ImageObject","inLanguage":"pt-PT","@id":"https:\/\/secure.gravatar.com\/avatar\/5054571ff5d2454cd50657fc4e61d0c32d7a5d0d3b36ef6c0f6e269276d13618?s=96&d=mm&r=g","url":"https:\/\/secure.gravatar.com\/avatar\/5054571ff5d2454cd50657fc4e61d0c32d7a5d0d3b36ef6c0f6e269276d13618?s=96&d=mm&r=g","contentUrl":"https:\/\/secure.gravatar.com\/avatar\/5054571ff5d2454cd50657fc4e61d0c32d7a5d0d3b36ef6c0f6e269276d13618?s=96&d=mm&r=g","caption":"Paroquia de Queijas"},"sameAs":["https:\/\/paroquiaqueijas.net\/site"],"url":"https:\/\/paroquiaqueijas.net\/portal\/author\/admin1\/"}]}},"_links":{"self":[{"href":"https:\/\/paroquiaqueijas.net\/portal\/wp-json\/wp\/v2\/posts\/471","targetHints":{"allow":["GET"]}}],"collection":[{"href":"https:\/\/paroquiaqueijas.net\/portal\/wp-json\/wp\/v2\/posts"}],"about":[{"href":"https:\/\/paroquiaqueijas.net\/portal\/wp-json\/wp\/v2\/types\/post"}],"author":[{"embeddable":true,"href":"https:\/\/paroquiaqueijas.net\/portal\/wp-json\/wp\/v2\/users\/1"}],"replies":[{"embeddable":true,"href":"https:\/\/paroquiaqueijas.net\/portal\/wp-json\/wp\/v2\/comments?post=471"}],"version-history":[{"count":1,"href":"https:\/\/paroquiaqueijas.net\/portal\/wp-json\/wp\/v2\/posts\/471\/revisions"}],"predecessor-version":[{"id":2861,"href":"https:\/\/paroquiaqueijas.net\/portal\/wp-json\/wp\/v2\/posts\/471\/revisions\/2861"}],"wp:featuredmedia":[{"embeddable":true,"href":"https:\/\/paroquiaqueijas.net\/portal\/wp-json\/wp\/v2\/media\/470"}],"wp:attachment":[{"href":"https:\/\/paroquiaqueijas.net\/portal\/wp-json\/wp\/v2\/media?parent=471"}],"wp:term":[{"taxonomy":"category","embeddable":true,"href":"https:\/\/paroquiaqueijas.net\/portal\/wp-json\/wp\/v2\/categories?post=471"},{"taxonomy":"post_tag","embeddable":true,"href":"https:\/\/paroquiaqueijas.net\/portal\/wp-json\/wp\/v2\/tags?post=471"}],"curies":[{"name":"wp","href":"https:\/\/api.w.org\/{rel}","templated":true}]}}