{"id":699,"date":"2011-11-08T00:07:05","date_gmt":"2011-11-08T00:07:05","guid":{"rendered":"https:\/\/paroquiaqueijas.net\/site\/?p=699"},"modified":"2026-03-21T15:41:41","modified_gmt":"2026-03-21T15:41:41","slug":"a-eucaristia-contem-tudo","status":"publish","type":"post","link":"https:\/\/paroquiaqueijas.net\/portal\/a-eucaristia-contem-tudo\/","title":{"rendered":"A Eucaristia cont\u00e9m tudo"},"content":{"rendered":"<p><strong>A Eucaristia cont\u00e9m tudo<img decoding=\"async\" class=\" alignright size-full wp-image-601\" style=\"margin: 0px 0px 0px 8px; float: right;\" src=\"https:\/\/paroquiaqueijas.net\/portal\/wp-content\/uploads\/2011\/10\/Eucaristia22.jpg\" alt=\"Eucaristia22\" width=\"200\" height=\"215\" \/><\/span><\/strong><br \/>\n\u00c9-nos dif\u00edcil aceder \u00e0 intelig\u00eancia intima do sacramento da Eucaristia. Regressemos ao interior de n\u00f3s mesmos e coloquemo-nos perante o mist\u00e9rio da nossa pr\u00f3pria vida. Esse mist\u00e9rio a que nos esquivamos tantas vezes para nos atirarmos ao corre-corre da vida quotidiana ou aos calmantes dos nossos prazeres. Deixemos elevar do fundo de n\u00f3s mesmos, sem lhe impor sil\u00eancio, a aspira\u00e7\u00e3o infinita do nosso cora\u00e7\u00e3o. Demos aten\u00e7\u00e3o \u00e0 voz secreta da morte que ressoa no interior de n\u00f3s mesmos.<\/span><\/p>\n<p>Perguntemo-nos por uma vez e da maneira mais s\u00e9ria do mundo, se a nossa insensibilidade em rela\u00e7\u00e3o a Deus, na qual n\u00f3s seriamos tentados a ver uma ocasi\u00e3o de O acusar, at\u00e9 mesmo uma prova j\u00e1 meia aceita da sua n\u00e3o-exist\u00eancia, n\u00e3o encontra um c\u00famplice na parte mais secreta de n\u00f3s mesmos, tanto medo que temos de ser homens do amor infinito, homens da eternidade, homens que aceitam que sua felicidade est\u00e1 em Deus lhe pedir cada vez mais.<\/span><\/p>\n<p>Se tivermos coragem de nos encontrarmos lealmente com n\u00f3s mesmos, tal como somos, receberemos como paga uma melhor compreens\u00e3o da Eucaristia.<\/span><\/p>\n<p>\u00c9 ent\u00e3o, com efeito, que o ensinamento da F\u00e9 nos aparece bruscamente como sendo a resposta \u00e0 quest\u00e3o que surgiu em n\u00f3s, a quest\u00e3o de saber quem somos n\u00f3s, aos nossos pr\u00f3prios olhos.<\/span><\/p>\n<p>O afastamento de Deus atormenta-nos. Mas a Eucaristia d\u00e1-nos Aquele que envolvido pelas trevas absolutas da morte, disse: Pai, nas tuas m\u00e3os entrego o meu esp\u00edrito; e ele est\u00e1 l\u00e1 com a sua morte. N\u00f3s ficamos desolados de n\u00e3o podermos amar. Mas a Eucaristia d\u00e1-nos Aquele, que na noite em que foi entregue&nbsp;\u2014 entregue por n\u00f3s&nbsp;\u2014 amou os seus at\u00e9 ao fim. Queremos ser fi\u00e9is \u00e0 terra, n\u00e3o ver escoar-se a obra das nossas m\u00e3os? Mas a Eucaristia mostra-nos na carne glorificada do Ressuscitado o mundo j\u00e1 transfigurado e ela inaugura a economia definitiva das coisas desta terra, a economia da gl\u00f3ria.<\/span><\/p>\n<p>Vai minha alma, toma e come o penhor da salva\u00e7\u00e3o e da gl\u00f3ria de toda a carne. Somos atormentados pela ambiguidade, a fragilidade a vacuidade da nossa pr\u00f3pria natureza, pela sua condi\u00e7\u00e3o pecadora, as suas falhas, a sua pavorosa mediocridade? Mas a Eucaristia d\u00e1-nos Aquele que, sendo sem pecado, p\u00f4de tomar dolorosamente sobre Si a realidade abissal das nossas faltas, fazendo-se maldi\u00e7\u00e3o por n\u00f3s; a Eucaristia d\u00e1-nos Aquele, que nos conhecendo at\u00e9 ao mais profundo de n\u00f3s mesmos, nos acolheu, amou e curou.<\/span><\/p>\n<p>O medo de ver desabar de maneira absurda o que edificamos causa-nos um verdadeiro mart\u00edrio? Mas a Eucaristia d\u00e1-nos Aquele que precedeu todas as ru\u00ednas, que as resgatou e que nos d\u00e1 mesmo no seio da impot\u00eancia mais total, for\u00e7a para as aceitar.<\/span><\/p>\n<p>Na verdade, a Eucaristia cont\u00e9m tudo: o sentido da nossa exist\u00eancia, o seu lado doloroso e a sua beatitude. Tudo isto de maneira escondida, acess\u00edvel apenas \u00e0 F\u00e9. Mas sempre verdadeira e realmente.<\/span><\/p>\n<div style=\"text-align: right;\"><span style=\"font-size: 8pt;\">Karl Rahner<\/span><\/p>\n","protected":false},"excerpt":{"rendered":"<p>A Eucaristia cont\u00e9m tudo \u00c9-nos dif\u00edcil aceder \u00e0 intelig\u00eancia intima do sacramento da Eucaristia. Regressemos ao interior de n\u00f3s mesmos [&hellip;]<\/p>\n","protected":false},"author":1,"featured_media":601,"comment_status":"open","ping_status":"open","sticky":false,"template":"","format":"standard","meta":{"site-sidebar-layout":"default","site-content-layout":"","ast-site-content-layout":"default","site-content-style":"default","site-sidebar-style":"default","ast-global-header-display":"","ast-banner-title-visibility":"","ast-main-header-display":"","ast-hfb-above-header-display":"","ast-hfb-below-header-display":"","ast-hfb-mobile-header-display":"","site-post-title":"","ast-breadcrumbs-content":"","ast-featured-img":"","footer-sml-layout":"","ast-disable-related-posts":"","theme-transparent-header-meta":"","adv-header-id-meta":"","stick-header-meta":"","header-above-stick-meta":"","header-main-stick-meta":"","header-below-stick-meta":"","astra-migrate-meta-layouts":"default","ast-page-background-enabled":"default","ast-page-background-meta":{"desktop":{"background-color":"var(--ast-global-color-5)","background-image":"","background-repeat":"repeat","background-position":"center center","background-size":"auto","background-attachment":"scroll","background-type":"","background-media":"","overlay-type":"","overlay-color":"","overlay-opacity":"","overlay-gradient":""},"tablet":{"background-color":"","background-image":"","background-repeat":"repeat","background-position":"center center","background-size":"auto","background-attachment":"scroll","background-type":"","background-media":"","overlay-type":"","overlay-color":"","overlay-opacity":"","overlay-gradient":""},"mobile":{"background-color":"","background-image":"","background-repeat":"repeat","background-position":"center center","background-size":"auto","background-attachment":"scroll","background-type":"","background-media":"","overlay-type":"","overlay-color":"","overlay-opacity":"","overlay-gradient":""}},"ast-content-background-meta":{"desktop":{"background-color":"var(--ast-global-color-4)","background-image":"","background-repeat":"repeat","background-position":"center center","background-size":"auto","background-attachment":"scroll","background-type":"","background-media":"","overlay-type":"","overlay-color":"","overlay-opacity":"","overlay-gradient":""},"tablet":{"background-color":"var(--ast-global-color-4)","background-image":"","background-repeat":"repeat","background-position":"center center","background-size":"auto","background-attachment":"scroll","background-type":"","background-media":"","overlay-type":"","overlay-color":"","overlay-opacity":"","overlay-gradient":""},"mobile":{"background-color":"var(--ast-global-color-4)","background-image":"","background-repeat":"repeat","background-position":"center center","background-size":"auto","background-attachment":"scroll","background-type":"","background-media":"","overlay-type":"","overlay-color":"","overlay-opacity":"","overlay-gradient":""}},"footnotes":""},"categories":[42],"tags":[],"class_list":["post-699","post","type-post","status-publish","format-standard","has-post-thumbnail","hentry","category-espaco-eclesial"],"yoast_head":"<!-- This site is optimized with the Yoast SEO plugin v27.4 - https:\/\/yoast.com\/product\/yoast-seo-wordpress\/ -->\n<title>A Eucaristia cont\u00e9m tudo - Paroquia de Queijas<\/title>\n<meta name=\"robots\" content=\"index, follow, max-snippet:-1, max-image-preview:large, max-video-preview:-1\" \/>\n<link rel=\"canonical\" href=\"https:\/\/paroquiaqueijas.net\/portal\/a-eucaristia-contem-tudo\/\" \/>\n<meta property=\"og:locale\" content=\"pt_PT\" \/>\n<meta property=\"og:type\" content=\"article\" \/>\n<meta property=\"og:title\" content=\"A Eucaristia cont\u00e9m tudo - Paroquia de Queijas\" \/>\n<meta property=\"og:description\" content=\"A Eucaristia cont\u00e9m tudo \u00c9-nos dif\u00edcil aceder \u00e0 intelig\u00eancia intima do sacramento da Eucaristia. Regressemos ao interior de n\u00f3s mesmos [&hellip;]\" \/>\n<meta property=\"og:url\" content=\"https:\/\/paroquiaqueijas.net\/portal\/a-eucaristia-contem-tudo\/\" \/>\n<meta property=\"og:site_name\" content=\"Paroquia de Queijas\" \/>\n<meta property=\"article:publisher\" content=\"https:\/\/www.facebook.com\/paroquiaqueijas\/\" \/>\n<meta property=\"article:published_time\" content=\"2011-11-08T00:07:05+00:00\" \/>\n<meta property=\"article:modified_time\" content=\"2026-03-21T15:41:41+00:00\" \/>\n<meta property=\"og:image\" content=\"https:\/\/paroquiaqueijas.net\/portal\/wp-content\/uploads\/2011\/10\/Eucaristia22.jpg\" \/>\n\t<meta property=\"og:image:width\" content=\"255\" \/>\n\t<meta property=\"og:image:height\" content=\"274\" \/>\n\t<meta property=\"og:image:type\" content=\"image\/jpeg\" \/>\n<meta name=\"author\" content=\"Paroquia de Queijas\" \/>\n<meta name=\"twitter:card\" content=\"summary_large_image\" \/>\n<meta name=\"twitter:label1\" content=\"Escrito por\" \/>\n\t<meta name=\"twitter:data1\" content=\"Paroquia de Queijas\" \/>\n\t<meta name=\"twitter:label2\" content=\"Tempo estimado de leitura\" \/>\n\t<meta name=\"twitter:data2\" content=\"3 minutos\" \/>\n<script type=\"application\/ld+json\" class=\"yoast-schema-graph\">{\"@context\":\"https:\\\/\\\/schema.org\",\"@graph\":[{\"@type\":\"Article\",\"@id\":\"https:\\\/\\\/paroquiaqueijas.net\\\/portal\\\/a-eucaristia-contem-tudo\\\/#article\",\"isPartOf\":{\"@id\":\"https:\\\/\\\/paroquiaqueijas.net\\\/portal\\\/a-eucaristia-contem-tudo\\\/\"},\"author\":{\"name\":\"Paroquia de Queijas\",\"@id\":\"https:\\\/\\\/paroquiaqueijas.net\\\/portal\\\/#\\\/schema\\\/person\\\/07bb4cce216326e06b6f742b719ebec7\"},\"headline\":\"A Eucaristia cont\u00e9m tudo\",\"datePublished\":\"2011-11-08T00:07:05+00:00\",\"dateModified\":\"2026-03-21T15:41:41+00:00\",\"mainEntityOfPage\":{\"@id\":\"https:\\\/\\\/paroquiaqueijas.net\\\/portal\\\/a-eucaristia-contem-tudo\\\/\"},\"wordCount\":538,\"commentCount\":0,\"publisher\":{\"@id\":\"https:\\\/\\\/paroquiaqueijas.net\\\/portal\\\/#organization\"},\"image\":{\"@id\":\"https:\\\/\\\/paroquiaqueijas.net\\\/portal\\\/a-eucaristia-contem-tudo\\\/#primaryimage\"},\"thumbnailUrl\":\"https:\\\/\\\/paroquiaqueijas.net\\\/portal\\\/wp-content\\\/uploads\\\/2011\\\/10\\\/Eucaristia22.jpg\",\"articleSection\":[\"Espa\u00e7o Eclesial\"],\"inLanguage\":\"pt-PT\",\"potentialAction\":[{\"@type\":\"CommentAction\",\"name\":\"Comment\",\"target\":[\"https:\\\/\\\/paroquiaqueijas.net\\\/portal\\\/a-eucaristia-contem-tudo\\\/#respond\"]}]},{\"@type\":\"WebPage\",\"@id\":\"https:\\\/\\\/paroquiaqueijas.net\\\/portal\\\/a-eucaristia-contem-tudo\\\/\",\"url\":\"https:\\\/\\\/paroquiaqueijas.net\\\/portal\\\/a-eucaristia-contem-tudo\\\/\",\"name\":\"A Eucaristia cont\u00e9m tudo - Paroquia de Queijas\",\"isPartOf\":{\"@id\":\"https:\\\/\\\/paroquiaqueijas.net\\\/portal\\\/#website\"},\"primaryImageOfPage\":{\"@id\":\"https:\\\/\\\/paroquiaqueijas.net\\\/portal\\\/a-eucaristia-contem-tudo\\\/#primaryimage\"},\"image\":{\"@id\":\"https:\\\/\\\/paroquiaqueijas.net\\\/portal\\\/a-eucaristia-contem-tudo\\\/#primaryimage\"},\"thumbnailUrl\":\"https:\\\/\\\/paroquiaqueijas.net\\\/portal\\\/wp-content\\\/uploads\\\/2011\\\/10\\\/Eucaristia22.jpg\",\"datePublished\":\"2011-11-08T00:07:05+00:00\",\"dateModified\":\"2026-03-21T15:41:41+00:00\",\"breadcrumb\":{\"@id\":\"https:\\\/\\\/paroquiaqueijas.net\\\/portal\\\/a-eucaristia-contem-tudo\\\/#breadcrumb\"},\"inLanguage\":\"pt-PT\",\"potentialAction\":[{\"@type\":\"ReadAction\",\"target\":[\"https:\\\/\\\/paroquiaqueijas.net\\\/portal\\\/a-eucaristia-contem-tudo\\\/\"]}]},{\"@type\":\"ImageObject\",\"inLanguage\":\"pt-PT\",\"@id\":\"https:\\\/\\\/paroquiaqueijas.net\\\/portal\\\/a-eucaristia-contem-tudo\\\/#primaryimage\",\"url\":\"https:\\\/\\\/paroquiaqueijas.net\\\/portal\\\/wp-content\\\/uploads\\\/2011\\\/10\\\/Eucaristia22.jpg\",\"contentUrl\":\"https:\\\/\\\/paroquiaqueijas.net\\\/portal\\\/wp-content\\\/uploads\\\/2011\\\/10\\\/Eucaristia22.jpg\",\"width\":255,\"height\":274,\"caption\":\"Eucaristia22\"},{\"@type\":\"BreadcrumbList\",\"@id\":\"https:\\\/\\\/paroquiaqueijas.net\\\/portal\\\/a-eucaristia-contem-tudo\\\/#breadcrumb\",\"itemListElement\":[{\"@type\":\"ListItem\",\"position\":1,\"name\":\"In\u00edcio\",\"item\":\"https:\\\/\\\/paroquiaqueijas.net\\\/portal\\\/\"},{\"@type\":\"ListItem\",\"position\":2,\"name\":\"A Eucaristia cont\u00e9m tudo\"}]},{\"@type\":\"WebSite\",\"@id\":\"https:\\\/\\\/paroquiaqueijas.net\\\/portal\\\/#website\",\"url\":\"https:\\\/\\\/paroquiaqueijas.net\\\/portal\\\/\",\"name\":\"Paroquia de Queijas\",\"description\":\"\",\"publisher\":{\"@id\":\"https:\\\/\\\/paroquiaqueijas.net\\\/portal\\\/#organization\"},\"potentialAction\":[{\"@type\":\"SearchAction\",\"target\":{\"@type\":\"EntryPoint\",\"urlTemplate\":\"https:\\\/\\\/paroquiaqueijas.net\\\/portal\\\/?s={search_term_string}\"},\"query-input\":{\"@type\":\"PropertyValueSpecification\",\"valueRequired\":true,\"valueName\":\"search_term_string\"}}],\"inLanguage\":\"pt-PT\"},{\"@type\":\"Organization\",\"@id\":\"https:\\\/\\\/paroquiaqueijas.net\\\/portal\\\/#organization\",\"name\":\"Paroquia de Queijas\",\"url\":\"https:\\\/\\\/paroquiaqueijas.net\\\/portal\\\/\",\"logo\":{\"@type\":\"ImageObject\",\"inLanguage\":\"pt-PT\",\"@id\":\"https:\\\/\\\/paroquiaqueijas.net\\\/portal\\\/#\\\/schema\\\/logo\\\/image\\\/\",\"url\":\"https:\\\/\\\/paroquiaqueijas.net\\\/portal\\\/wp-content\\\/uploads\\\/2026\\\/03\\\/LogoQueijas_novo.png\",\"contentUrl\":\"https:\\\/\\\/paroquiaqueijas.net\\\/portal\\\/wp-content\\\/uploads\\\/2026\\\/03\\\/LogoQueijas_novo.png\",\"width\":520,\"height\":519,\"caption\":\"Paroquia de Queijas\"},\"image\":{\"@id\":\"https:\\\/\\\/paroquiaqueijas.net\\\/portal\\\/#\\\/schema\\\/logo\\\/image\\\/\"},\"sameAs\":[\"https:\\\/\\\/www.facebook.com\\\/paroquiaqueijas\\\/\"]},{\"@type\":\"Person\",\"@id\":\"https:\\\/\\\/paroquiaqueijas.net\\\/portal\\\/#\\\/schema\\\/person\\\/07bb4cce216326e06b6f742b719ebec7\",\"name\":\"Paroquia de Queijas\",\"image\":{\"@type\":\"ImageObject\",\"inLanguage\":\"pt-PT\",\"@id\":\"https:\\\/\\\/secure.gravatar.com\\\/avatar\\\/5054571ff5d2454cd50657fc4e61d0c32d7a5d0d3b36ef6c0f6e269276d13618?s=96&d=mm&r=g\",\"url\":\"https:\\\/\\\/secure.gravatar.com\\\/avatar\\\/5054571ff5d2454cd50657fc4e61d0c32d7a5d0d3b36ef6c0f6e269276d13618?s=96&d=mm&r=g\",\"contentUrl\":\"https:\\\/\\\/secure.gravatar.com\\\/avatar\\\/5054571ff5d2454cd50657fc4e61d0c32d7a5d0d3b36ef6c0f6e269276d13618?s=96&d=mm&r=g\",\"caption\":\"Paroquia de Queijas\"},\"sameAs\":[\"https:\\\/\\\/paroquiaqueijas.net\\\/site\"],\"url\":\"https:\\\/\\\/paroquiaqueijas.net\\\/portal\\\/author\\\/admin1\\\/\"}]}<\/script>\n<!-- \/ Yoast SEO plugin. -->","yoast_head_json":{"title":"A Eucaristia cont\u00e9m tudo - Paroquia de Queijas","robots":{"index":"index","follow":"follow","max-snippet":"max-snippet:-1","max-image-preview":"max-image-preview:large","max-video-preview":"max-video-preview:-1"},"canonical":"https:\/\/paroquiaqueijas.net\/portal\/a-eucaristia-contem-tudo\/","og_locale":"pt_PT","og_type":"article","og_title":"A Eucaristia cont\u00e9m tudo - Paroquia de Queijas","og_description":"A Eucaristia cont\u00e9m tudo \u00c9-nos dif\u00edcil aceder \u00e0 intelig\u00eancia intima do sacramento da Eucaristia. Regressemos ao interior de n\u00f3s mesmos [&hellip;]","og_url":"https:\/\/paroquiaqueijas.net\/portal\/a-eucaristia-contem-tudo\/","og_site_name":"Paroquia de Queijas","article_publisher":"https:\/\/www.facebook.com\/paroquiaqueijas\/","article_published_time":"2011-11-08T00:07:05+00:00","article_modified_time":"2026-03-21T15:41:41+00:00","og_image":[{"width":255,"height":274,"url":"https:\/\/paroquiaqueijas.net\/portal\/wp-content\/uploads\/2011\/10\/Eucaristia22.jpg","type":"image\/jpeg"}],"author":"Paroquia de Queijas","twitter_card":"summary_large_image","twitter_misc":{"Escrito por":"Paroquia de Queijas","Tempo estimado de leitura":"3 minutos"},"schema":{"@context":"https:\/\/schema.org","@graph":[{"@type":"Article","@id":"https:\/\/paroquiaqueijas.net\/portal\/a-eucaristia-contem-tudo\/#article","isPartOf":{"@id":"https:\/\/paroquiaqueijas.net\/portal\/a-eucaristia-contem-tudo\/"},"author":{"name":"Paroquia de Queijas","@id":"https:\/\/paroquiaqueijas.net\/portal\/#\/schema\/person\/07bb4cce216326e06b6f742b719ebec7"},"headline":"A Eucaristia cont\u00e9m tudo","datePublished":"2011-11-08T00:07:05+00:00","dateModified":"2026-03-21T15:41:41+00:00","mainEntityOfPage":{"@id":"https:\/\/paroquiaqueijas.net\/portal\/a-eucaristia-contem-tudo\/"},"wordCount":538,"commentCount":0,"publisher":{"@id":"https:\/\/paroquiaqueijas.net\/portal\/#organization"},"image":{"@id":"https:\/\/paroquiaqueijas.net\/portal\/a-eucaristia-contem-tudo\/#primaryimage"},"thumbnailUrl":"https:\/\/paroquiaqueijas.net\/portal\/wp-content\/uploads\/2011\/10\/Eucaristia22.jpg","articleSection":["Espa\u00e7o Eclesial"],"inLanguage":"pt-PT","potentialAction":[{"@type":"CommentAction","name":"Comment","target":["https:\/\/paroquiaqueijas.net\/portal\/a-eucaristia-contem-tudo\/#respond"]}]},{"@type":"WebPage","@id":"https:\/\/paroquiaqueijas.net\/portal\/a-eucaristia-contem-tudo\/","url":"https:\/\/paroquiaqueijas.net\/portal\/a-eucaristia-contem-tudo\/","name":"A Eucaristia cont\u00e9m tudo - Paroquia de Queijas","isPartOf":{"@id":"https:\/\/paroquiaqueijas.net\/portal\/#website"},"primaryImageOfPage":{"@id":"https:\/\/paroquiaqueijas.net\/portal\/a-eucaristia-contem-tudo\/#primaryimage"},"image":{"@id":"https:\/\/paroquiaqueijas.net\/portal\/a-eucaristia-contem-tudo\/#primaryimage"},"thumbnailUrl":"https:\/\/paroquiaqueijas.net\/portal\/wp-content\/uploads\/2011\/10\/Eucaristia22.jpg","datePublished":"2011-11-08T00:07:05+00:00","dateModified":"2026-03-21T15:41:41+00:00","breadcrumb":{"@id":"https:\/\/paroquiaqueijas.net\/portal\/a-eucaristia-contem-tudo\/#breadcrumb"},"inLanguage":"pt-PT","potentialAction":[{"@type":"ReadAction","target":["https:\/\/paroquiaqueijas.net\/portal\/a-eucaristia-contem-tudo\/"]}]},{"@type":"ImageObject","inLanguage":"pt-PT","@id":"https:\/\/paroquiaqueijas.net\/portal\/a-eucaristia-contem-tudo\/#primaryimage","url":"https:\/\/paroquiaqueijas.net\/portal\/wp-content\/uploads\/2011\/10\/Eucaristia22.jpg","contentUrl":"https:\/\/paroquiaqueijas.net\/portal\/wp-content\/uploads\/2011\/10\/Eucaristia22.jpg","width":255,"height":274,"caption":"Eucaristia22"},{"@type":"BreadcrumbList","@id":"https:\/\/paroquiaqueijas.net\/portal\/a-eucaristia-contem-tudo\/#breadcrumb","itemListElement":[{"@type":"ListItem","position":1,"name":"In\u00edcio","item":"https:\/\/paroquiaqueijas.net\/portal\/"},{"@type":"ListItem","position":2,"name":"A Eucaristia cont\u00e9m tudo"}]},{"@type":"WebSite","@id":"https:\/\/paroquiaqueijas.net\/portal\/#website","url":"https:\/\/paroquiaqueijas.net\/portal\/","name":"Paroquia de Queijas","description":"","publisher":{"@id":"https:\/\/paroquiaqueijas.net\/portal\/#organization"},"potentialAction":[{"@type":"SearchAction","target":{"@type":"EntryPoint","urlTemplate":"https:\/\/paroquiaqueijas.net\/portal\/?s={search_term_string}"},"query-input":{"@type":"PropertyValueSpecification","valueRequired":true,"valueName":"search_term_string"}}],"inLanguage":"pt-PT"},{"@type":"Organization","@id":"https:\/\/paroquiaqueijas.net\/portal\/#organization","name":"Paroquia de Queijas","url":"https:\/\/paroquiaqueijas.net\/portal\/","logo":{"@type":"ImageObject","inLanguage":"pt-PT","@id":"https:\/\/paroquiaqueijas.net\/portal\/#\/schema\/logo\/image\/","url":"https:\/\/paroquiaqueijas.net\/portal\/wp-content\/uploads\/2026\/03\/LogoQueijas_novo.png","contentUrl":"https:\/\/paroquiaqueijas.net\/portal\/wp-content\/uploads\/2026\/03\/LogoQueijas_novo.png","width":520,"height":519,"caption":"Paroquia de Queijas"},"image":{"@id":"https:\/\/paroquiaqueijas.net\/portal\/#\/schema\/logo\/image\/"},"sameAs":["https:\/\/www.facebook.com\/paroquiaqueijas\/"]},{"@type":"Person","@id":"https:\/\/paroquiaqueijas.net\/portal\/#\/schema\/person\/07bb4cce216326e06b6f742b719ebec7","name":"Paroquia de Queijas","image":{"@type":"ImageObject","inLanguage":"pt-PT","@id":"https:\/\/secure.gravatar.com\/avatar\/5054571ff5d2454cd50657fc4e61d0c32d7a5d0d3b36ef6c0f6e269276d13618?s=96&d=mm&r=g","url":"https:\/\/secure.gravatar.com\/avatar\/5054571ff5d2454cd50657fc4e61d0c32d7a5d0d3b36ef6c0f6e269276d13618?s=96&d=mm&r=g","contentUrl":"https:\/\/secure.gravatar.com\/avatar\/5054571ff5d2454cd50657fc4e61d0c32d7a5d0d3b36ef6c0f6e269276d13618?s=96&d=mm&r=g","caption":"Paroquia de Queijas"},"sameAs":["https:\/\/paroquiaqueijas.net\/site"],"url":"https:\/\/paroquiaqueijas.net\/portal\/author\/admin1\/"}]}},"_links":{"self":[{"href":"https:\/\/paroquiaqueijas.net\/portal\/wp-json\/wp\/v2\/posts\/699","targetHints":{"allow":["GET"]}}],"collection":[{"href":"https:\/\/paroquiaqueijas.net\/portal\/wp-json\/wp\/v2\/posts"}],"about":[{"href":"https:\/\/paroquiaqueijas.net\/portal\/wp-json\/wp\/v2\/types\/post"}],"author":[{"embeddable":true,"href":"https:\/\/paroquiaqueijas.net\/portal\/wp-json\/wp\/v2\/users\/1"}],"replies":[{"embeddable":true,"href":"https:\/\/paroquiaqueijas.net\/portal\/wp-json\/wp\/v2\/comments?post=699"}],"version-history":[{"count":1,"href":"https:\/\/paroquiaqueijas.net\/portal\/wp-json\/wp\/v2\/posts\/699\/revisions"}],"predecessor-version":[{"id":2749,"href":"https:\/\/paroquiaqueijas.net\/portal\/wp-json\/wp\/v2\/posts\/699\/revisions\/2749"}],"wp:featuredmedia":[{"embeddable":true,"href":"https:\/\/paroquiaqueijas.net\/portal\/wp-json\/wp\/v2\/media\/601"}],"wp:attachment":[{"href":"https:\/\/paroquiaqueijas.net\/portal\/wp-json\/wp\/v2\/media?parent=699"}],"wp:term":[{"taxonomy":"category","embeddable":true,"href":"https:\/\/paroquiaqueijas.net\/portal\/wp-json\/wp\/v2\/categories?post=699"},{"taxonomy":"post_tag","embeddable":true,"href":"https:\/\/paroquiaqueijas.net\/portal\/wp-json\/wp\/v2\/tags?post=699"}],"curies":[{"name":"wp","href":"https:\/\/api.w.org\/{rel}","templated":true}]}}