{"id":701,"date":"2011-11-09T09:01:31","date_gmt":"2011-11-09T09:01:31","guid":{"rendered":"https:\/\/paroquiaqueijas.net\/site\/?p=701"},"modified":"2026-03-21T15:41:41","modified_gmt":"2026-03-21T15:41:41","slug":"a-catedral-sinal-da-unidade-da-igreja-diocesana","status":"publish","type":"post","link":"https:\/\/paroquiaqueijas.net\/portal\/a-catedral-sinal-da-unidade-da-igreja-diocesana\/","title":{"rendered":"A Catedral, sinal da unidade da Igreja Diocesana"},"content":{"rendered":"<p><strong>A Catedral, sinal da unidade da Igreja Diocesana<img decoding=\"async\" class=\" alignright size-full wp-image-700\" style=\"margin: 0px 0px 0px 8px; float: right;\" src=\"https:\/\/paroquiaqueijas.net\/portal\/wp-content\/uploads\/2011\/11\/Se_Lisboa.jpg\" alt=\"Se_Lisboa\" width=\"150\" height=\"173\" srcset=\"https:\/\/paroquiaqueijas.net\/portal\/wp-content\/uploads\/2011\/11\/Se_Lisboa.jpg 392w, https:\/\/paroquiaqueijas.net\/portal\/wp-content\/uploads\/2011\/11\/Se_Lisboa-261x300.jpg 261w\" sizes=\"(max-width: 150px) 100vw, 150px\" \/><\/strong><\/span><br \/>\nEncerramento do Jubileu Sacerdotal do Cardeal-Patriarca<br \/>Homilia na Solenidade da Dedica\u00e7\u00e3o da S\u00e9 Patriarcal<\/span><\/p>\n<p><strong>1<\/strong>. Quisestes fazer coincidir o encerramento das celebra\u00e7\u00f5es do meu Jubileu com a Solenidade da Dedica\u00e7\u00e3o da nossa Catedral. Isso tocou-me profundamente pois em cinquenta anos de minist\u00e9rio sempre me senti profundamente ligado a esta Catedral, onde fui consagrado sacerdote. Aqui fui associado ao sacerd\u00f3cio apost\u00f3lico, daqui fui enviado em miss\u00e3o, sentimento renovado e aprofundado em cada miss\u00e3o que recebia, at\u00e9 ao dia em que a ela fui reenviado para presidir, na plenitude do sacerd\u00f3cio apost\u00f3lico, a esta Igreja que precisa de se alimentar continuamente da Palavra, dos Sacramentos, para ser um Povo unido na caridade. Ao longo da sua hist\u00f3ria a Igreja sempre teve consci\u00eancia de que o amor \u00e9 a sua voca\u00e7\u00e3o, a comunh\u00e3o a sua for\u00e7a, a f\u00e9 o seu alicerce. Para se solidificar nesta voca\u00e7\u00e3o, precisa de esclarecimento doutrinal, que deve ter sempre a forma de an\u00fancio, e de s\u00edmbolos. O s\u00edmbolo, iluminado pela doutrina, abre mais amplamente para uma outra compreens\u00e3o do mist\u00e9rio. A Catedral \u00e9 um dos s\u00edmbolos marcantes da caminhada da Igreja no tempo, s\u00edmbolo rico de doutrina, pois nos abre para o mist\u00e9rio do templo como lugar onde Deus congrega o Seu Povo, sublinha a centralidade do sacerd\u00f3cio apost\u00f3lico no minist\u00e9rio do Bispo, que a\u00ed tem a sua c\u00e1tedra para anunciar a Palavra; a\u00ed abre para toda a Igreja diocesana as fontes da gra\u00e7a sacramental; a\u00ed convoca a Igreja para a comunh\u00e3o e para a caridade. A Catedral sugere a unidade do presbit\u00e9rio, do Bispo com os presb\u00edteros, que t\u00eam de espelhar na sua unidade de comunh\u00e3o, a unidade que querem construir em toda a Igreja diocesana.<\/span><\/p>\n<p><strong>2<\/strong>. O s\u00edmbolo da Catedral lembra-nos que a Igreja \u00e9 o templo do Senhor, lugar para onde Deus convoca o Seu Povo, a sua montanha santa, que hoje \u00e9 a Igreja, o definitivo Monte Si\u00e3o, an\u00fancio da reuni\u00e3o definitiva de todos, em Deus, participando da unidade da comunh\u00e3o trinit\u00e1ria. A Igreja \u00e9 sempre essa reuni\u00e3o festiva para que Deus nos convoca: &#8220;Hei-de conduzi-los \u00e0 minha montanha santa, hei-de ench\u00ea-los de alegria na minha casa de ora\u00e7\u00e3o&#8221; (Is. 56,7). A Igreja, templo do Senhor, \u00e9 sempre festa, essa alegria adorante daqueles que Deus chamou.<\/span><\/p>\n<p>Jesus, no Evangelho que lemos, lembra-nos que Ele \u00e9 o templo definitivo. Isso significa que \u00e9 n&#8217;Ele, o Filho, que Deus nos convoca e re\u00fane, unindo-nos a Ele, fazendo de toda a Igreja reunida na f\u00e9 e na caridade, um s\u00f3 com Cristo. A hist\u00f3ria da arte das catedrais evoca bem essa centralidade de Jesus Cristo. A Catedral \u00e9 s\u00edmbolo evocativo dessa unidade da Igreja em Cristo. A Catedral tem de ser, em todas as suas express\u00f5es, an\u00fancio de Jesus Cristo. S\u00f3 n&#8217;Ele a Igreja diocesana \u00e9 assembleia santa, Povo Sacerdotal.<\/span><\/p>\n<p><strong>3<\/strong>. Lugar do minist\u00e9rio do Bispo como Pastor da Igreja diocesana, ela simboliza uma das principais manifesta\u00e7\u00f5es da constru\u00e7\u00e3o da Igreja-comunh\u00e3o, a unidade do presbit\u00e9rio. Com o Bispo, todos os sacerdotes participam do sacerd\u00f3cio de Cristo, Cabe\u00e7a da Igreja. S\u00e3o chamados a viver aquela unidade a Cristo; eles convocam em nome do Senhor, presidem \u00e0 assembleia festiva onde acontece a salva\u00e7\u00e3o. S\u00e3o mais do que funcion\u00e1rios do templo; s\u00e3o, eles mesmos, o templo do Senhor. Na Catedral foram consagrados, da\u00ed s\u00e3o continuamente enviados para convocarem o Povo e alargarem as dimens\u00f5es do templo do Senhor.<\/span><\/p>\n<p>No ritmo pastoral da nossa Diocese temos valorizado alguns momentos que em se exprime visivelmente esta rela\u00e7\u00e3o dos presb\u00edteros com a Catedral: a celebra\u00e7\u00e3o de Quinta-Feira Santa, este dia da Dedica\u00e7\u00e3o da Catedral, a Solenidade do Corpo de Deus, em que a prociss\u00e3o do Sant\u00edssimo Sacramento parte da Catedral e a ela regressa. No presbit\u00e9rio n\u00e3o h\u00e1 comunh\u00e3o com o Bispo que n\u00e3o os leve \u00e0 Catedral, ela que nos lembra sempre que todo o nosso minist\u00e9rio \u00e9 constru\u00e7\u00e3o do templo do Senhor.<\/span><\/p>\n<p><strong>4<\/strong>. S\u00edmbolo da unidade do presbit\u00e9rio, a Catedral sugere a uni\u00e3o de todos os templos da Diocese, que d\u00e3o visibilidade \u00e0 Igreja como templo do Senhor, de modo particular as Igrejas Paroquiais, para onde o Senhor convoca o Seu Povo para celebrar a P\u00e1scoa de Jesus. Nelas preside um presb\u00edtero, em nome do Bispo. A Palavra que anuncia, os sacramentos a que preside, a caridade para onde encaminha a comunidade, t\u00eam de ser express\u00e3o de uma \u00fanica Igreja, Corpo de Cristo. Se o presbit\u00e9rio estiver unido ao Bispo, as Igrejas Paroquiais est\u00e3o necessariamente unidas \u00e0 Catedral, s\u00e3o um prolongamento desta, porque todas constituem o \u00fanico templo para onde o Senhor congrega o Seu Povo. N\u00e3o h\u00e1 lugar para autonomias ou autarcias: a Liturgia como modo de celebrar, a proclama\u00e7\u00e3o da Palavra, sobretudo na Homilia, as prioridades pastorais decididas para toda a Diocese, ser\u00e3o poss\u00edveis nesta busca da unidade que, no fundo, \u00e9 procurar sermos todos um s\u00f3, com Cristo, o templo definitivo de Deus.<\/span><\/p>\n<p><strong>5<\/strong>. \u00c9 por isso que, na Diocese, a Catedral \u00e9 o lugar da evangeliza\u00e7\u00e3o e a fonte sacramental donde jorram, para toda a Diocese, rios de \u00e1gua viva. O Santo Padre Bento XVI, atrav\u00e9s do Pontif\u00edcio Conselho para a Promo\u00e7\u00e3o da Nova Evangeliza\u00e7\u00e3o, prop\u00f5e a 12 Igrejas europeias, entre as quais a de Lisboa, uma experi\u00eancia de Nova Evangeliza\u00e7\u00e3o a partir da Catedral, a realizar na Quaresma de 2012. N\u00f3s aceitamos esse desafio e um programa est\u00e1 j\u00e1 em prepara\u00e7\u00e3o. Sugere como concretiza\u00e7\u00f5es: catequeses do Bispo na Catedral orientadas para p\u00fablicos espec\u00edficos; celebra\u00e7\u00e3o do Sacramento da Penit\u00eancia; celebra\u00e7\u00e3o da Eucaristia; proclama\u00e7\u00e3o completa do Evangelho de Marcos; uma concretiza\u00e7\u00e3o da caridade, atrav\u00e9s da partilha crist\u00e3, comum a todas essas Igrejas.<\/span><\/p>\n<p>Muitas das sugest\u00f5es feitas v\u00eam ao encontro de pr\u00e1ticas j\u00e1 consolidadas na nossa Diocese: as Catequeses Quaresmais feitas por mim, na Catedral, durante a Quaresma; a leitura seguida do Evangelho de S\u00e3o Marcos; a partilha com outras Igrejas atrav\u00e9s da &#8220;Ren\u00fancia Quaresmal&#8221;. Esta experi\u00eancia envolver\u00e1 toda a Diocese se, para n\u00f3s, sacerdotes e Povo de Deus, a Catedral for s\u00edmbolo da unidade de uma Igreja que quer ser comunh\u00e3o, na caridade.<\/span><\/p>\n<p><strong>6<\/strong>. Encerramos as celebra\u00e7\u00f5es do meu Jubileu Sacerdotal. Nos diversos momentos celebrativos, o presbit\u00e9rio, os di\u00e1conos, o Povo de Deus, ajudaram-me a sentir de novo a alegria do meu sacerd\u00f3cio, a descobrir outra vez que a raz\u00e3o de ser dele \u00e9 a Igreja e reconduziram-me ao amor por esta Catedral onde, h\u00e1 cinquenta anos, tudo come\u00e7ou. A presen\u00e7a dos Senhores Bispos nesta celebra\u00e7\u00e3o, faz-nos perceber que uma Igreja comunh\u00e3o s\u00f3 o ser\u00e1 verdadeiramente se estiver em comunh\u00e3o com as outras Igrejas e ao abrirmo-nos a essa dimens\u00e3o universal sentimos a for\u00e7a interpelante e unificadora do Sucessor de Pedro, a quem Jesus pediu que confirmasse sempre a Sua Igreja na unidade da f\u00e9 e da caridade.<\/span><\/p>\n<p style=\"text-align: right;\"><span style=\"font-size: 8pt;\">S\u00e9 Patriarcal, 25 de Outubro de 2011<\/span><br \/><span style=\"font-size: 8pt;\">\u2020 JOS\u00c9, Cardeal-Patriarca<\/span><\/p>\n","protected":false},"excerpt":{"rendered":"<p>A Catedral, sinal da unidade da Igreja Diocesana Encerramento do Jubileu Sacerdotal do Cardeal-PatriarcaHomilia na Solenidade da Dedica\u00e7\u00e3o da S\u00e9 [&hellip;]<\/p>\n","protected":false},"author":1,"featured_media":700,"comment_status":"open","ping_status":"open","sticky":false,"template":"","format":"standard","meta":{"site-sidebar-layout":"default","site-content-layout":"","ast-site-content-layout":"default","site-content-style":"default","site-sidebar-style":"default","ast-global-header-display":"","ast-banner-title-visibility":"","ast-main-header-display":"","ast-hfb-above-header-display":"","ast-hfb-below-header-display":"","ast-hfb-mobile-header-display":"","site-post-title":"","ast-breadcrumbs-content":"","ast-featured-img":"","footer-sml-layout":"","ast-disable-related-posts":"","theme-transparent-header-meta":"","adv-header-id-meta":"","stick-header-meta":"","header-above-stick-meta":"","header-main-stick-meta":"","header-below-stick-meta":"","astra-migrate-meta-layouts":"default","ast-page-background-enabled":"default","ast-page-background-meta":{"desktop":{"background-color":"var(--ast-global-color-5)","background-image":"","background-repeat":"repeat","background-position":"center center","background-size":"auto","background-attachment":"scroll","background-type":"","background-media":"","overlay-type":"","overlay-color":"","overlay-opacity":"","overlay-gradient":""},"tablet":{"background-color":"","background-image":"","background-repeat":"repeat","background-position":"center center","background-size":"auto","background-attachment":"scroll","background-type":"","background-media":"","overlay-type":"","overlay-color":"","overlay-opacity":"","overlay-gradient":""},"mobile":{"background-color":"","background-image":"","background-repeat":"repeat","background-position":"center center","background-size":"auto","background-attachment":"scroll","background-type":"","background-media":"","overlay-type":"","overlay-color":"","overlay-opacity":"","overlay-gradient":""}},"ast-content-background-meta":{"desktop":{"background-color":"var(--ast-global-color-4)","background-image":"","background-repeat":"repeat","background-position":"center center","background-size":"auto","background-attachment":"scroll","background-type":"","background-media":"","overlay-type":"","overlay-color":"","overlay-opacity":"","overlay-gradient":""},"tablet":{"background-color":"var(--ast-global-color-4)","background-image":"","background-repeat":"repeat","background-position":"center center","background-size":"auto","background-attachment":"scroll","background-type":"","background-media":"","overlay-type":"","overlay-color":"","overlay-opacity":"","overlay-gradient":""},"mobile":{"background-color":"var(--ast-global-color-4)","background-image":"","background-repeat":"repeat","background-position":"center center","background-size":"auto","background-attachment":"scroll","background-type":"","background-media":"","overlay-type":"","overlay-color":"","overlay-opacity":"","overlay-gradient":""}},"footnotes":""},"categories":[11],"tags":[],"class_list":["post-701","post","type-post","status-publish","format-standard","has-post-thumbnail","hentry","category-mensagens-do-papa"],"yoast_head":"<!-- This site is optimized with the Yoast SEO plugin v27.4 - https:\/\/yoast.com\/product\/yoast-seo-wordpress\/ -->\n<title>A Catedral, sinal da unidade da Igreja Diocesana - Paroquia de Queijas<\/title>\n<meta name=\"robots\" content=\"index, follow, max-snippet:-1, max-image-preview:large, max-video-preview:-1\" \/>\n<link rel=\"canonical\" href=\"https:\/\/paroquiaqueijas.net\/portal\/a-catedral-sinal-da-unidade-da-igreja-diocesana\/\" \/>\n<meta property=\"og:locale\" content=\"pt_PT\" \/>\n<meta property=\"og:type\" content=\"article\" \/>\n<meta property=\"og:title\" content=\"A Catedral, sinal da unidade da Igreja Diocesana - Paroquia de Queijas\" \/>\n<meta property=\"og:description\" content=\"A Catedral, sinal da unidade da Igreja Diocesana Encerramento do Jubileu Sacerdotal do Cardeal-PatriarcaHomilia na Solenidade da Dedica\u00e7\u00e3o da S\u00e9 [&hellip;]\" \/>\n<meta property=\"og:url\" content=\"https:\/\/paroquiaqueijas.net\/portal\/a-catedral-sinal-da-unidade-da-igreja-diocesana\/\" \/>\n<meta property=\"og:site_name\" content=\"Paroquia de Queijas\" \/>\n<meta property=\"article:publisher\" content=\"https:\/\/www.facebook.com\/paroquiaqueijas\/\" \/>\n<meta property=\"article:published_time\" content=\"2011-11-09T09:01:31+00:00\" \/>\n<meta property=\"article:modified_time\" content=\"2026-03-21T15:41:41+00:00\" \/>\n<meta property=\"og:image\" content=\"https:\/\/paroquiaqueijas.net\/portal\/wp-content\/uploads\/2011\/11\/Se_Lisboa.jpg\" \/>\n\t<meta property=\"og:image:width\" content=\"392\" \/>\n\t<meta property=\"og:image:height\" content=\"451\" \/>\n\t<meta property=\"og:image:type\" content=\"image\/jpeg\" \/>\n<meta name=\"author\" content=\"Paroquia de Queijas\" \/>\n<meta name=\"twitter:card\" content=\"summary_large_image\" \/>\n<meta name=\"twitter:label1\" content=\"Escrito por\" \/>\n\t<meta name=\"twitter:data1\" content=\"Paroquia de Queijas\" \/>\n\t<meta name=\"twitter:label2\" content=\"Tempo estimado de leitura\" \/>\n\t<meta name=\"twitter:data2\" content=\"6 minutos\" \/>\n<script type=\"application\/ld+json\" class=\"yoast-schema-graph\">{\"@context\":\"https:\\\/\\\/schema.org\",\"@graph\":[{\"@type\":\"Article\",\"@id\":\"https:\\\/\\\/paroquiaqueijas.net\\\/portal\\\/a-catedral-sinal-da-unidade-da-igreja-diocesana\\\/#article\",\"isPartOf\":{\"@id\":\"https:\\\/\\\/paroquiaqueijas.net\\\/portal\\\/a-catedral-sinal-da-unidade-da-igreja-diocesana\\\/\"},\"author\":{\"name\":\"Paroquia de Queijas\",\"@id\":\"https:\\\/\\\/paroquiaqueijas.net\\\/portal\\\/#\\\/schema\\\/person\\\/07bb4cce216326e06b6f742b719ebec7\"},\"headline\":\"A Catedral, sinal da unidade da Igreja Diocesana\",\"datePublished\":\"2011-11-09T09:01:31+00:00\",\"dateModified\":\"2026-03-21T15:41:41+00:00\",\"mainEntityOfPage\":{\"@id\":\"https:\\\/\\\/paroquiaqueijas.net\\\/portal\\\/a-catedral-sinal-da-unidade-da-igreja-diocesana\\\/\"},\"wordCount\":1235,\"commentCount\":0,\"publisher\":{\"@id\":\"https:\\\/\\\/paroquiaqueijas.net\\\/portal\\\/#organization\"},\"image\":{\"@id\":\"https:\\\/\\\/paroquiaqueijas.net\\\/portal\\\/a-catedral-sinal-da-unidade-da-igreja-diocesana\\\/#primaryimage\"},\"thumbnailUrl\":\"https:\\\/\\\/paroquiaqueijas.net\\\/portal\\\/wp-content\\\/uploads\\\/2011\\\/11\\\/Se_Lisboa.jpg\",\"articleSection\":[\"D. Jos\u00e9 Policarpo\"],\"inLanguage\":\"pt-PT\",\"potentialAction\":[{\"@type\":\"CommentAction\",\"name\":\"Comment\",\"target\":[\"https:\\\/\\\/paroquiaqueijas.net\\\/portal\\\/a-catedral-sinal-da-unidade-da-igreja-diocesana\\\/#respond\"]}]},{\"@type\":\"WebPage\",\"@id\":\"https:\\\/\\\/paroquiaqueijas.net\\\/portal\\\/a-catedral-sinal-da-unidade-da-igreja-diocesana\\\/\",\"url\":\"https:\\\/\\\/paroquiaqueijas.net\\\/portal\\\/a-catedral-sinal-da-unidade-da-igreja-diocesana\\\/\",\"name\":\"A Catedral, sinal da unidade da Igreja Diocesana - Paroquia de Queijas\",\"isPartOf\":{\"@id\":\"https:\\\/\\\/paroquiaqueijas.net\\\/portal\\\/#website\"},\"primaryImageOfPage\":{\"@id\":\"https:\\\/\\\/paroquiaqueijas.net\\\/portal\\\/a-catedral-sinal-da-unidade-da-igreja-diocesana\\\/#primaryimage\"},\"image\":{\"@id\":\"https:\\\/\\\/paroquiaqueijas.net\\\/portal\\\/a-catedral-sinal-da-unidade-da-igreja-diocesana\\\/#primaryimage\"},\"thumbnailUrl\":\"https:\\\/\\\/paroquiaqueijas.net\\\/portal\\\/wp-content\\\/uploads\\\/2011\\\/11\\\/Se_Lisboa.jpg\",\"datePublished\":\"2011-11-09T09:01:31+00:00\",\"dateModified\":\"2026-03-21T15:41:41+00:00\",\"breadcrumb\":{\"@id\":\"https:\\\/\\\/paroquiaqueijas.net\\\/portal\\\/a-catedral-sinal-da-unidade-da-igreja-diocesana\\\/#breadcrumb\"},\"inLanguage\":\"pt-PT\",\"potentialAction\":[{\"@type\":\"ReadAction\",\"target\":[\"https:\\\/\\\/paroquiaqueijas.net\\\/portal\\\/a-catedral-sinal-da-unidade-da-igreja-diocesana\\\/\"]}]},{\"@type\":\"ImageObject\",\"inLanguage\":\"pt-PT\",\"@id\":\"https:\\\/\\\/paroquiaqueijas.net\\\/portal\\\/a-catedral-sinal-da-unidade-da-igreja-diocesana\\\/#primaryimage\",\"url\":\"https:\\\/\\\/paroquiaqueijas.net\\\/portal\\\/wp-content\\\/uploads\\\/2011\\\/11\\\/Se_Lisboa.jpg\",\"contentUrl\":\"https:\\\/\\\/paroquiaqueijas.net\\\/portal\\\/wp-content\\\/uploads\\\/2011\\\/11\\\/Se_Lisboa.jpg\",\"width\":392,\"height\":451,\"caption\":\"Se_Lisboa\"},{\"@type\":\"BreadcrumbList\",\"@id\":\"https:\\\/\\\/paroquiaqueijas.net\\\/portal\\\/a-catedral-sinal-da-unidade-da-igreja-diocesana\\\/#breadcrumb\",\"itemListElement\":[{\"@type\":\"ListItem\",\"position\":1,\"name\":\"In\u00edcio\",\"item\":\"https:\\\/\\\/paroquiaqueijas.net\\\/portal\\\/\"},{\"@type\":\"ListItem\",\"position\":2,\"name\":\"A Catedral, sinal da unidade da Igreja Diocesana\"}]},{\"@type\":\"WebSite\",\"@id\":\"https:\\\/\\\/paroquiaqueijas.net\\\/portal\\\/#website\",\"url\":\"https:\\\/\\\/paroquiaqueijas.net\\\/portal\\\/\",\"name\":\"Paroquia de Queijas\",\"description\":\"\",\"publisher\":{\"@id\":\"https:\\\/\\\/paroquiaqueijas.net\\\/portal\\\/#organization\"},\"potentialAction\":[{\"@type\":\"SearchAction\",\"target\":{\"@type\":\"EntryPoint\",\"urlTemplate\":\"https:\\\/\\\/paroquiaqueijas.net\\\/portal\\\/?s={search_term_string}\"},\"query-input\":{\"@type\":\"PropertyValueSpecification\",\"valueRequired\":true,\"valueName\":\"search_term_string\"}}],\"inLanguage\":\"pt-PT\"},{\"@type\":\"Organization\",\"@id\":\"https:\\\/\\\/paroquiaqueijas.net\\\/portal\\\/#organization\",\"name\":\"Paroquia de Queijas\",\"url\":\"https:\\\/\\\/paroquiaqueijas.net\\\/portal\\\/\",\"logo\":{\"@type\":\"ImageObject\",\"inLanguage\":\"pt-PT\",\"@id\":\"https:\\\/\\\/paroquiaqueijas.net\\\/portal\\\/#\\\/schema\\\/logo\\\/image\\\/\",\"url\":\"https:\\\/\\\/paroquiaqueijas.net\\\/portal\\\/wp-content\\\/uploads\\\/2026\\\/03\\\/LogoQueijas_novo.png\",\"contentUrl\":\"https:\\\/\\\/paroquiaqueijas.net\\\/portal\\\/wp-content\\\/uploads\\\/2026\\\/03\\\/LogoQueijas_novo.png\",\"width\":520,\"height\":519,\"caption\":\"Paroquia de Queijas\"},\"image\":{\"@id\":\"https:\\\/\\\/paroquiaqueijas.net\\\/portal\\\/#\\\/schema\\\/logo\\\/image\\\/\"},\"sameAs\":[\"https:\\\/\\\/www.facebook.com\\\/paroquiaqueijas\\\/\"]},{\"@type\":\"Person\",\"@id\":\"https:\\\/\\\/paroquiaqueijas.net\\\/portal\\\/#\\\/schema\\\/person\\\/07bb4cce216326e06b6f742b719ebec7\",\"name\":\"Paroquia de Queijas\",\"image\":{\"@type\":\"ImageObject\",\"inLanguage\":\"pt-PT\",\"@id\":\"https:\\\/\\\/secure.gravatar.com\\\/avatar\\\/5054571ff5d2454cd50657fc4e61d0c32d7a5d0d3b36ef6c0f6e269276d13618?s=96&d=mm&r=g\",\"url\":\"https:\\\/\\\/secure.gravatar.com\\\/avatar\\\/5054571ff5d2454cd50657fc4e61d0c32d7a5d0d3b36ef6c0f6e269276d13618?s=96&d=mm&r=g\",\"contentUrl\":\"https:\\\/\\\/secure.gravatar.com\\\/avatar\\\/5054571ff5d2454cd50657fc4e61d0c32d7a5d0d3b36ef6c0f6e269276d13618?s=96&d=mm&r=g\",\"caption\":\"Paroquia de Queijas\"},\"sameAs\":[\"https:\\\/\\\/paroquiaqueijas.net\\\/site\"],\"url\":\"https:\\\/\\\/paroquiaqueijas.net\\\/portal\\\/author\\\/admin1\\\/\"}]}<\/script>\n<!-- \/ Yoast SEO plugin. -->","yoast_head_json":{"title":"A Catedral, sinal da unidade da Igreja Diocesana - Paroquia de Queijas","robots":{"index":"index","follow":"follow","max-snippet":"max-snippet:-1","max-image-preview":"max-image-preview:large","max-video-preview":"max-video-preview:-1"},"canonical":"https:\/\/paroquiaqueijas.net\/portal\/a-catedral-sinal-da-unidade-da-igreja-diocesana\/","og_locale":"pt_PT","og_type":"article","og_title":"A Catedral, sinal da unidade da Igreja Diocesana - Paroquia de Queijas","og_description":"A Catedral, sinal da unidade da Igreja Diocesana Encerramento do Jubileu Sacerdotal do Cardeal-PatriarcaHomilia na Solenidade da Dedica\u00e7\u00e3o da S\u00e9 [&hellip;]","og_url":"https:\/\/paroquiaqueijas.net\/portal\/a-catedral-sinal-da-unidade-da-igreja-diocesana\/","og_site_name":"Paroquia de Queijas","article_publisher":"https:\/\/www.facebook.com\/paroquiaqueijas\/","article_published_time":"2011-11-09T09:01:31+00:00","article_modified_time":"2026-03-21T15:41:41+00:00","og_image":[{"width":392,"height":451,"url":"https:\/\/paroquiaqueijas.net\/portal\/wp-content\/uploads\/2011\/11\/Se_Lisboa.jpg","type":"image\/jpeg"}],"author":"Paroquia de Queijas","twitter_card":"summary_large_image","twitter_misc":{"Escrito por":"Paroquia de Queijas","Tempo estimado de leitura":"6 minutos"},"schema":{"@context":"https:\/\/schema.org","@graph":[{"@type":"Article","@id":"https:\/\/paroquiaqueijas.net\/portal\/a-catedral-sinal-da-unidade-da-igreja-diocesana\/#article","isPartOf":{"@id":"https:\/\/paroquiaqueijas.net\/portal\/a-catedral-sinal-da-unidade-da-igreja-diocesana\/"},"author":{"name":"Paroquia de Queijas","@id":"https:\/\/paroquiaqueijas.net\/portal\/#\/schema\/person\/07bb4cce216326e06b6f742b719ebec7"},"headline":"A Catedral, sinal da unidade da Igreja Diocesana","datePublished":"2011-11-09T09:01:31+00:00","dateModified":"2026-03-21T15:41:41+00:00","mainEntityOfPage":{"@id":"https:\/\/paroquiaqueijas.net\/portal\/a-catedral-sinal-da-unidade-da-igreja-diocesana\/"},"wordCount":1235,"commentCount":0,"publisher":{"@id":"https:\/\/paroquiaqueijas.net\/portal\/#organization"},"image":{"@id":"https:\/\/paroquiaqueijas.net\/portal\/a-catedral-sinal-da-unidade-da-igreja-diocesana\/#primaryimage"},"thumbnailUrl":"https:\/\/paroquiaqueijas.net\/portal\/wp-content\/uploads\/2011\/11\/Se_Lisboa.jpg","articleSection":["D. Jos\u00e9 Policarpo"],"inLanguage":"pt-PT","potentialAction":[{"@type":"CommentAction","name":"Comment","target":["https:\/\/paroquiaqueijas.net\/portal\/a-catedral-sinal-da-unidade-da-igreja-diocesana\/#respond"]}]},{"@type":"WebPage","@id":"https:\/\/paroquiaqueijas.net\/portal\/a-catedral-sinal-da-unidade-da-igreja-diocesana\/","url":"https:\/\/paroquiaqueijas.net\/portal\/a-catedral-sinal-da-unidade-da-igreja-diocesana\/","name":"A Catedral, sinal da unidade da Igreja Diocesana - Paroquia de Queijas","isPartOf":{"@id":"https:\/\/paroquiaqueijas.net\/portal\/#website"},"primaryImageOfPage":{"@id":"https:\/\/paroquiaqueijas.net\/portal\/a-catedral-sinal-da-unidade-da-igreja-diocesana\/#primaryimage"},"image":{"@id":"https:\/\/paroquiaqueijas.net\/portal\/a-catedral-sinal-da-unidade-da-igreja-diocesana\/#primaryimage"},"thumbnailUrl":"https:\/\/paroquiaqueijas.net\/portal\/wp-content\/uploads\/2011\/11\/Se_Lisboa.jpg","datePublished":"2011-11-09T09:01:31+00:00","dateModified":"2026-03-21T15:41:41+00:00","breadcrumb":{"@id":"https:\/\/paroquiaqueijas.net\/portal\/a-catedral-sinal-da-unidade-da-igreja-diocesana\/#breadcrumb"},"inLanguage":"pt-PT","potentialAction":[{"@type":"ReadAction","target":["https:\/\/paroquiaqueijas.net\/portal\/a-catedral-sinal-da-unidade-da-igreja-diocesana\/"]}]},{"@type":"ImageObject","inLanguage":"pt-PT","@id":"https:\/\/paroquiaqueijas.net\/portal\/a-catedral-sinal-da-unidade-da-igreja-diocesana\/#primaryimage","url":"https:\/\/paroquiaqueijas.net\/portal\/wp-content\/uploads\/2011\/11\/Se_Lisboa.jpg","contentUrl":"https:\/\/paroquiaqueijas.net\/portal\/wp-content\/uploads\/2011\/11\/Se_Lisboa.jpg","width":392,"height":451,"caption":"Se_Lisboa"},{"@type":"BreadcrumbList","@id":"https:\/\/paroquiaqueijas.net\/portal\/a-catedral-sinal-da-unidade-da-igreja-diocesana\/#breadcrumb","itemListElement":[{"@type":"ListItem","position":1,"name":"In\u00edcio","item":"https:\/\/paroquiaqueijas.net\/portal\/"},{"@type":"ListItem","position":2,"name":"A Catedral, sinal da unidade da Igreja Diocesana"}]},{"@type":"WebSite","@id":"https:\/\/paroquiaqueijas.net\/portal\/#website","url":"https:\/\/paroquiaqueijas.net\/portal\/","name":"Paroquia de Queijas","description":"","publisher":{"@id":"https:\/\/paroquiaqueijas.net\/portal\/#organization"},"potentialAction":[{"@type":"SearchAction","target":{"@type":"EntryPoint","urlTemplate":"https:\/\/paroquiaqueijas.net\/portal\/?s={search_term_string}"},"query-input":{"@type":"PropertyValueSpecification","valueRequired":true,"valueName":"search_term_string"}}],"inLanguage":"pt-PT"},{"@type":"Organization","@id":"https:\/\/paroquiaqueijas.net\/portal\/#organization","name":"Paroquia de Queijas","url":"https:\/\/paroquiaqueijas.net\/portal\/","logo":{"@type":"ImageObject","inLanguage":"pt-PT","@id":"https:\/\/paroquiaqueijas.net\/portal\/#\/schema\/logo\/image\/","url":"https:\/\/paroquiaqueijas.net\/portal\/wp-content\/uploads\/2026\/03\/LogoQueijas_novo.png","contentUrl":"https:\/\/paroquiaqueijas.net\/portal\/wp-content\/uploads\/2026\/03\/LogoQueijas_novo.png","width":520,"height":519,"caption":"Paroquia de Queijas"},"image":{"@id":"https:\/\/paroquiaqueijas.net\/portal\/#\/schema\/logo\/image\/"},"sameAs":["https:\/\/www.facebook.com\/paroquiaqueijas\/"]},{"@type":"Person","@id":"https:\/\/paroquiaqueijas.net\/portal\/#\/schema\/person\/07bb4cce216326e06b6f742b719ebec7","name":"Paroquia de Queijas","image":{"@type":"ImageObject","inLanguage":"pt-PT","@id":"https:\/\/secure.gravatar.com\/avatar\/5054571ff5d2454cd50657fc4e61d0c32d7a5d0d3b36ef6c0f6e269276d13618?s=96&d=mm&r=g","url":"https:\/\/secure.gravatar.com\/avatar\/5054571ff5d2454cd50657fc4e61d0c32d7a5d0d3b36ef6c0f6e269276d13618?s=96&d=mm&r=g","contentUrl":"https:\/\/secure.gravatar.com\/avatar\/5054571ff5d2454cd50657fc4e61d0c32d7a5d0d3b36ef6c0f6e269276d13618?s=96&d=mm&r=g","caption":"Paroquia de Queijas"},"sameAs":["https:\/\/paroquiaqueijas.net\/site"],"url":"https:\/\/paroquiaqueijas.net\/portal\/author\/admin1\/"}]}},"_links":{"self":[{"href":"https:\/\/paroquiaqueijas.net\/portal\/wp-json\/wp\/v2\/posts\/701","targetHints":{"allow":["GET"]}}],"collection":[{"href":"https:\/\/paroquiaqueijas.net\/portal\/wp-json\/wp\/v2\/posts"}],"about":[{"href":"https:\/\/paroquiaqueijas.net\/portal\/wp-json\/wp\/v2\/types\/post"}],"author":[{"embeddable":true,"href":"https:\/\/paroquiaqueijas.net\/portal\/wp-json\/wp\/v2\/users\/1"}],"replies":[{"embeddable":true,"href":"https:\/\/paroquiaqueijas.net\/portal\/wp-json\/wp\/v2\/comments?post=701"}],"version-history":[{"count":1,"href":"https:\/\/paroquiaqueijas.net\/portal\/wp-json\/wp\/v2\/posts\/701\/revisions"}],"predecessor-version":[{"id":2748,"href":"https:\/\/paroquiaqueijas.net\/portal\/wp-json\/wp\/v2\/posts\/701\/revisions\/2748"}],"wp:featuredmedia":[{"embeddable":true,"href":"https:\/\/paroquiaqueijas.net\/portal\/wp-json\/wp\/v2\/media\/700"}],"wp:attachment":[{"href":"https:\/\/paroquiaqueijas.net\/portal\/wp-json\/wp\/v2\/media?parent=701"}],"wp:term":[{"taxonomy":"category","embeddable":true,"href":"https:\/\/paroquiaqueijas.net\/portal\/wp-json\/wp\/v2\/categories?post=701"},{"taxonomy":"post_tag","embeddable":true,"href":"https:\/\/paroquiaqueijas.net\/portal\/wp-json\/wp\/v2\/tags?post=701"}],"curies":[{"name":"wp","href":"https:\/\/api.w.org\/{rel}","templated":true}]}}