{"id":703,"date":"2011-11-12T23:55:56","date_gmt":"2011-11-12T23:55:56","guid":{"rendered":"https:\/\/paroquiaqueijas.net\/site\/?p=703"},"modified":"2026-03-21T15:41:41","modified_gmt":"2026-03-21T15:41:41","slug":"cep-mensagem-aos-jovens","status":"publish","type":"post","link":"https:\/\/paroquiaqueijas.net\/portal\/cep-mensagem-aos-jovens\/","title":{"rendered":"CEP &#8211; Mensagem aos jovens"},"content":{"rendered":"<p><strong>Mensagem aos Jovens<img decoding=\"async\" class=\" alignright size-full wp-image-702\" style=\"margin: 0px 0px 0px 8px; float: right;\" src=\"https:\/\/paroquiaqueijas.net\/portal\/wp-content\/uploads\/2011\/11\/Jovem33.png\" alt=\"Jovem33\" width=\"150\" height=\"112\" srcset=\"https:\/\/paroquiaqueijas.net\/portal\/wp-content\/uploads\/2011\/11\/Jovem33.png 336w, https:\/\/paroquiaqueijas.net\/portal\/wp-content\/uploads\/2011\/11\/Jovem33-300x223.png 300w\" sizes=\"(max-width: 150px) 100vw, 150px\" \/><br \/><\/span><\/strong>Nota da Confer\u00eancia Episcopal Portuguesa<\/span><br \/>\nCar\u00edssimos jovens, as melhores e mais amigas sauda\u00e7\u00f5es dos vossos Bispos, reunidos em F\u00e1tima.<br \/>Todos n\u00f3s, os que estivemos em Madrid, na XXVI Jornada Mundial da Juventude (JMJ), recordamos, com alegria, a &#8220;Grande Festa da F\u00e9&#8221;, vivida com o Papa Bento XVI e com tantos jovens, <\/span><\/p>\n<p><!--more--><\/p>\n<p>vindos do mundo inteiro. De Portugal, fomos mais de 12.000: jovens, respons\u00e1veis das dioceses e das estruturas diversas da Pastoral Juvenil. N\u00f3s, os Bispos, acompanh\u00e1mos todo este acontecimento com alegria e proximidade pastoral e afetiva.<br \/>Por\u00e9m, foram muitos mais os jovens que, mesmo n\u00e3o indo a Madrid, viveram estas Jornadas, ou porque acompanharam e estiveram na sua prepara\u00e7\u00e3o, ou porque seguiram, de perto, a experi\u00eancia ali vivida.<br \/>\u00c9 a todos v\u00f3s, jovens de Portugal, e respons\u00e1veis diocesanos e de todos os organismos juvenis, que n\u00f3s queremos dirigir esta mensagem.<\/span><\/p>\n<p><strong>O que foi a JMJ de Madrid?<\/span><\/strong><br \/>Certamente j\u00e1 tivestes ocasi\u00e3o de partilhar esta viv\u00eancia com tantos e tantos amigos&#8230; Foi uma experi\u00eancia de f\u00e9, no encontro com a Pessoa de Jesus Cristo, mediado pelo Papa Bento XVI, por todos aqueles que vos acolheram e vos falaram \u2013 nas comunidades paroquiais, nas catequeses, nas actividades diversas daqueles dias, nos momentos de ora\u00e7\u00e3o \u2013 e por tantos jovens, vindos das diversas partes do mundo, com quem estabelecestes uma rela\u00e7\u00e3o pr\u00f3xima, a v\u00e1rios n\u00edveis e de tantas formas.<br \/>Este encontro com Jesus Cristo sentiu-se particularmente vivo na Eucaristia, na Adora\u00e7\u00e3o eucar\u00edstica, durante a Vig\u00edlia em Quatro Vientos, e na Via Sacra.<br \/>Como momento especial das Jornadas, n\u00e3o podemos esquecer o encontro e a festa do dia 18 de Agosto, no Pal\u00e1cio de Congressos &#8220;Arena de Madrid&#8221;. Por ser a primeira vez e pela sua grandeza espiritual, pastoral e social, queremos felicitar a Equipa do Departamento Nacional da Pastoral Juvenil (DNPJ), todos os respons\u00e1veis e animadores e todos os jovens, louvando o trabalho feito, desde a prepara\u00e7\u00e3o at\u00e9 \u00e0 realiza\u00e7\u00e3o deste momento t\u00e3o significativo na Pastoral Juvenil de Portugal, vivido na JMJ de Madrid.<\/span><\/p>\n<p>A JMJ tocou alguns pontos fundamentais, que podem ajudar a delinear um &#8220;perfil&#8221; de jovem crist\u00e3o. Concretamente:<br \/>\u2014 O jovem crist\u00e3o encontra em Jesus Cristo o sentido da sua vida, tornando-se disc\u00edpulo e mission\u00e1rio, no mundo e na Igreja.<br \/>\u2014 A partir deste encontro com Jesus Cristo, o jovem acredita na import\u00e2ncia da sua miss\u00e3o e quer trabalhar por um mundo melhor, tornando-se testemunha de f\u00e9 nos diversos ambientes.<br \/>\u2014 Na sua ac\u00e7\u00e3o, o jovem sabe que n\u00e3o est\u00e1 sozinho, pois ser crist\u00e3o \u00e9 caminhar com Jesus na comunh\u00e3o da Igreja. V\u00ea os outros como amigos e irm\u00e3os e a todos quer comunicar a alegria de conhecer Jesus Cristo.<br \/>\u2014 O jovem v\u00ea na Igreja a comunidade que lhe mostra o verdadeiro rosto de Jesus. Nela, sem medo e sem vergonha, vive a sua alegria no seguimento de Cristo.<br \/>\u2014 O jovem crist\u00e3o precisa da Igreja para viver a f\u00e9 em Jesus Cristo, numa forma\u00e7\u00e3o permanente, assente na Palavra de Deus e na Eucaristia, dando sentido \u00e0 sua esperan\u00e7a. De facto, como afirmou o Papa, &#8220;a Igreja precisa dos jovens mas v\u00f3s, os jovens, tamb\u00e9m precisais da Igreja&#8221;.<\/span><\/p>\n<p><strong>O que vos disse o Papa?<\/span><\/strong><br \/>Convosco tivemos a oportunidade e a alegria de partilhar esta experi\u00eancia \u00fanica e de viver aquela feliz aventura. Somos testemunhas de alguns desafios que vos foram feitos por Bento XVI e que, nesta mensagem, queremos recordar e propor como compromissos para a Pastoral Juvenil em Portugal. Assim, a todos os mediadores que vos acompanham \u2013 nas dioceses e nas par\u00f3quias, nos institutos de vida consagrada e nos movimentos, em todas as estruturas da Pastoral Juvenil e tamb\u00e9m na coordena\u00e7\u00e3o nacional \u2014 queremos recordar tr\u00eas pontos fundamentais:<br \/>\u2014 Necessidade de forma\u00e7\u00e3o permanente, complementando o amor \u00e0 Palavra de Deus e \u00e0 Eucaristia com outros meios de aprofundamento da f\u00e9. O YOUCAT, oferta inclu\u00edda no vosso &#8220;kit de peregrino&#8221;, \u00e9 um meio ao servi\u00e7o deste desafio. A valoriza\u00e7\u00e3o do tema vivido \u2013 &#8220;enraizados em Cristo, firmes na f\u00e9&#8221; \u2013 deve ser complementado pelo de 2012 \u2013 &#8220;alegrai-vos sempre no Senhor&#8221;.<br \/>\u2014 Ajuda \u00e0 forma\u00e7\u00e3o e \u00e0 miss\u00e3o o cumprimento de outro apelo do Papa Bento XVI, o de viverdes uma rela\u00e7\u00e3o de perten\u00e7a, participando na vida da Igreja.<br \/>\u2014 N\u00e3o podeis esquecer, caros jovens, a dimens\u00e3o da resposta alegre, feliz e entusiasta a Jesus, nos diversos chamamentos que Ele vos faz ou vier a fazer: &#8220;Respondei-Lhe com generosidade e coragem \u2013 escreve o Santo Padre \u2013 como corresponde a um cora\u00e7\u00e3o jovem como o vosso. Dizei-Lhe: Tu conheces-me e amas-me. Eu confio em Ti e coloco nas Tuas m\u00e3os a minha vida inteira. Quero que sejas a for\u00e7a que me sustenta, a alegria que nunca me abandone&#8221;.<br \/>A Igreja e a Sociedade s\u00e3o campos vastos para a entrega consagrada, na miss\u00e3o.<\/span><\/p>\n<p><strong>E a partir de Madrid?<\/span><\/strong><br \/>O Papa convidou-vos para um novo encontro, no ano 2013, no Rio de Janeiro. Por\u00e9m, a Pastoral Juvenil n\u00e3o \u00e9 somente encontros, festas e jornadas mundiais. O programa que esses acontecimentos suscitam, deveis viv\u00ea-lo no dia a dia, num testemunho crist\u00e3o que une muito bem os tr\u00eas temas, t\u00e3o pr\u00f3ximos e seguidos no tempo: &#8220;enraizados em Cristo, firmes na f\u00e9&#8221; (2011), &#8220;alegrai-vos sempre no Senhor&#8221; (2012) e &#8220;ide e fazei disc\u00edpulos de todos os povos&#8221; (2013). Podem ser fonte de um belo programa para vos motivar \u00e0 forma\u00e7\u00e3o, vos acompanhar na dinamiza\u00e7\u00e3o das vossas comunidades, estruturas ou movimentos, de vos guiar na participa\u00e7\u00e3o em grupos de jovens no vosso meio e de vos iluminar no testemunho ativo, coerente e feliz no seguimento de Jesus.<\/span><\/p>\n<p>Ao terminar a missa de encerramento, disse o Papa aos jovens portugueses: \u00abFoi para este momento da hist\u00f3ria, cheio de grandes desafios e oportunidades, que o Senhor vos mandou: para que, gra\u00e7as \u00e0 vossa f\u00e9, continue a ressoar a Boa Nova de Cristo por toda a terra\u00bb. \u00c9 nesta hora concreta que sois chamados a ser protagonistas para a transforma\u00e7\u00e3o da sociedade, enraizados em Cristo e firmes na f\u00e9.<br \/>N\u00f3s, os Bispos de Portugal, tudo faremos para dotar as dioceses, as estruturas diversas da pastoral e o \u00f3rg\u00e3o coordenador nacional (DNPJ), das pessoas que vos possam ajudar a conhecer melhor Jesus Cristo e a viverdes firmes na f\u00e9 e na alegria de serdes disc\u00edpulos e mission\u00e1rios na Igreja e na Sociedade.<\/span><\/p>\n<div style=\"text-align: right;\"><span style=\"font-size: 8pt;\">F\u00e1tima, 10 de Novembro de 2010<br \/>Confer\u00eancia Episcopal Portuguesa<\/span><\/p>\n","protected":false},"excerpt":{"rendered":"<p>Mensagem aos JovensNota da Confer\u00eancia Episcopal Portuguesa Car\u00edssimos jovens, as melhores e mais amigas sauda\u00e7\u00f5es dos vossos Bispos, reunidos em [&hellip;]<\/p>\n","protected":false},"author":1,"featured_media":702,"comment_status":"open","ping_status":"open","sticky":false,"template":"","format":"standard","meta":{"site-sidebar-layout":"default","site-content-layout":"","ast-site-content-layout":"default","site-content-style":"default","site-sidebar-style":"default","ast-global-header-display":"","ast-banner-title-visibility":"","ast-main-header-display":"","ast-hfb-above-header-display":"","ast-hfb-below-header-display":"","ast-hfb-mobile-header-display":"","site-post-title":"","ast-breadcrumbs-content":"","ast-featured-img":"","footer-sml-layout":"","ast-disable-related-posts":"","theme-transparent-header-meta":"","adv-header-id-meta":"","stick-header-meta":"","header-above-stick-meta":"","header-main-stick-meta":"","header-below-stick-meta":"","astra-migrate-meta-layouts":"default","ast-page-background-enabled":"default","ast-page-background-meta":{"desktop":{"background-color":"var(--ast-global-color-5)","background-image":"","background-repeat":"repeat","background-position":"center center","background-size":"auto","background-attachment":"scroll","background-type":"","background-media":"","overlay-type":"","overlay-color":"","overlay-opacity":"","overlay-gradient":""},"tablet":{"background-color":"","background-image":"","background-repeat":"repeat","background-position":"center center","background-size":"auto","background-attachment":"scroll","background-type":"","background-media":"","overlay-type":"","overlay-color":"","overlay-opacity":"","overlay-gradient":""},"mobile":{"background-color":"","background-image":"","background-repeat":"repeat","background-position":"center center","background-size":"auto","background-attachment":"scroll","background-type":"","background-media":"","overlay-type":"","overlay-color":"","overlay-opacity":"","overlay-gradient":""}},"ast-content-background-meta":{"desktop":{"background-color":"var(--ast-global-color-4)","background-image":"","background-repeat":"repeat","background-position":"center center","background-size":"auto","background-attachment":"scroll","background-type":"","background-media":"","overlay-type":"","overlay-color":"","overlay-opacity":"","overlay-gradient":""},"tablet":{"background-color":"var(--ast-global-color-4)","background-image":"","background-repeat":"repeat","background-position":"center center","background-size":"auto","background-attachment":"scroll","background-type":"","background-media":"","overlay-type":"","overlay-color":"","overlay-opacity":"","overlay-gradient":""},"mobile":{"background-color":"var(--ast-global-color-4)","background-image":"","background-repeat":"repeat","background-position":"center center","background-size":"auto","background-attachment":"scroll","background-type":"","background-media":"","overlay-type":"","overlay-color":"","overlay-opacity":"","overlay-gradient":""}},"footnotes":""},"categories":[42],"tags":[],"class_list":["post-703","post","type-post","status-publish","format-standard","has-post-thumbnail","hentry","category-espaco-eclesial"],"yoast_head":"<!-- This site is optimized with the Yoast SEO plugin v27.4 - https:\/\/yoast.com\/product\/yoast-seo-wordpress\/ -->\n<title>CEP - Mensagem aos jovens - Paroquia de Queijas<\/title>\n<meta name=\"robots\" content=\"index, follow, max-snippet:-1, max-image-preview:large, max-video-preview:-1\" \/>\n<link rel=\"canonical\" href=\"https:\/\/paroquiaqueijas.net\/portal\/cep-mensagem-aos-jovens\/\" \/>\n<meta property=\"og:locale\" content=\"pt_PT\" \/>\n<meta property=\"og:type\" content=\"article\" \/>\n<meta property=\"og:title\" content=\"CEP - Mensagem aos jovens - Paroquia de Queijas\" \/>\n<meta property=\"og:description\" content=\"Mensagem aos JovensNota da Confer\u00eancia Episcopal Portuguesa Car\u00edssimos jovens, as melhores e mais amigas sauda\u00e7\u00f5es dos vossos Bispos, reunidos em [&hellip;]\" \/>\n<meta property=\"og:url\" content=\"https:\/\/paroquiaqueijas.net\/portal\/cep-mensagem-aos-jovens\/\" \/>\n<meta property=\"og:site_name\" content=\"Paroquia de Queijas\" \/>\n<meta property=\"article:publisher\" content=\"https:\/\/www.facebook.com\/paroquiaqueijas\/\" \/>\n<meta property=\"article:published_time\" content=\"2011-11-12T23:55:56+00:00\" \/>\n<meta property=\"article:modified_time\" content=\"2026-03-21T15:41:41+00:00\" \/>\n<meta property=\"og:image\" content=\"https:\/\/paroquiaqueijas.net\/portal\/wp-content\/uploads\/2011\/11\/Jovem33.png\" \/>\n\t<meta property=\"og:image:width\" content=\"336\" \/>\n\t<meta property=\"og:image:height\" content=\"250\" \/>\n\t<meta property=\"og:image:type\" content=\"image\/png\" \/>\n<meta name=\"author\" content=\"Paroquia de Queijas\" \/>\n<meta name=\"twitter:card\" content=\"summary_large_image\" \/>\n<meta name=\"twitter:label1\" content=\"Escrito por\" \/>\n\t<meta name=\"twitter:data1\" content=\"Paroquia de Queijas\" \/>\n\t<meta name=\"twitter:label2\" content=\"Tempo estimado de leitura\" \/>\n\t<meta name=\"twitter:data2\" content=\"6 minutos\" \/>\n<script type=\"application\/ld+json\" class=\"yoast-schema-graph\">{\"@context\":\"https:\\\/\\\/schema.org\",\"@graph\":[{\"@type\":\"Article\",\"@id\":\"https:\\\/\\\/paroquiaqueijas.net\\\/portal\\\/cep-mensagem-aos-jovens\\\/#article\",\"isPartOf\":{\"@id\":\"https:\\\/\\\/paroquiaqueijas.net\\\/portal\\\/cep-mensagem-aos-jovens\\\/\"},\"author\":{\"name\":\"Paroquia de Queijas\",\"@id\":\"https:\\\/\\\/paroquiaqueijas.net\\\/portal\\\/#\\\/schema\\\/person\\\/07bb4cce216326e06b6f742b719ebec7\"},\"headline\":\"CEP &#8211; Mensagem aos jovens\",\"datePublished\":\"2011-11-12T23:55:56+00:00\",\"dateModified\":\"2026-03-21T15:41:41+00:00\",\"mainEntityOfPage\":{\"@id\":\"https:\\\/\\\/paroquiaqueijas.net\\\/portal\\\/cep-mensagem-aos-jovens\\\/\"},\"wordCount\":1110,\"commentCount\":0,\"publisher\":{\"@id\":\"https:\\\/\\\/paroquiaqueijas.net\\\/portal\\\/#organization\"},\"image\":{\"@id\":\"https:\\\/\\\/paroquiaqueijas.net\\\/portal\\\/cep-mensagem-aos-jovens\\\/#primaryimage\"},\"thumbnailUrl\":\"https:\\\/\\\/paroquiaqueijas.net\\\/portal\\\/wp-content\\\/uploads\\\/2011\\\/11\\\/Jovem33.png\",\"articleSection\":[\"Espa\u00e7o Eclesial\"],\"inLanguage\":\"pt-PT\",\"potentialAction\":[{\"@type\":\"CommentAction\",\"name\":\"Comment\",\"target\":[\"https:\\\/\\\/paroquiaqueijas.net\\\/portal\\\/cep-mensagem-aos-jovens\\\/#respond\"]}]},{\"@type\":\"WebPage\",\"@id\":\"https:\\\/\\\/paroquiaqueijas.net\\\/portal\\\/cep-mensagem-aos-jovens\\\/\",\"url\":\"https:\\\/\\\/paroquiaqueijas.net\\\/portal\\\/cep-mensagem-aos-jovens\\\/\",\"name\":\"CEP - Mensagem aos jovens - Paroquia de Queijas\",\"isPartOf\":{\"@id\":\"https:\\\/\\\/paroquiaqueijas.net\\\/portal\\\/#website\"},\"primaryImageOfPage\":{\"@id\":\"https:\\\/\\\/paroquiaqueijas.net\\\/portal\\\/cep-mensagem-aos-jovens\\\/#primaryimage\"},\"image\":{\"@id\":\"https:\\\/\\\/paroquiaqueijas.net\\\/portal\\\/cep-mensagem-aos-jovens\\\/#primaryimage\"},\"thumbnailUrl\":\"https:\\\/\\\/paroquiaqueijas.net\\\/portal\\\/wp-content\\\/uploads\\\/2011\\\/11\\\/Jovem33.png\",\"datePublished\":\"2011-11-12T23:55:56+00:00\",\"dateModified\":\"2026-03-21T15:41:41+00:00\",\"breadcrumb\":{\"@id\":\"https:\\\/\\\/paroquiaqueijas.net\\\/portal\\\/cep-mensagem-aos-jovens\\\/#breadcrumb\"},\"inLanguage\":\"pt-PT\",\"potentialAction\":[{\"@type\":\"ReadAction\",\"target\":[\"https:\\\/\\\/paroquiaqueijas.net\\\/portal\\\/cep-mensagem-aos-jovens\\\/\"]}]},{\"@type\":\"ImageObject\",\"inLanguage\":\"pt-PT\",\"@id\":\"https:\\\/\\\/paroquiaqueijas.net\\\/portal\\\/cep-mensagem-aos-jovens\\\/#primaryimage\",\"url\":\"https:\\\/\\\/paroquiaqueijas.net\\\/portal\\\/wp-content\\\/uploads\\\/2011\\\/11\\\/Jovem33.png\",\"contentUrl\":\"https:\\\/\\\/paroquiaqueijas.net\\\/portal\\\/wp-content\\\/uploads\\\/2011\\\/11\\\/Jovem33.png\",\"width\":336,\"height\":250,\"caption\":\"Jovem33\"},{\"@type\":\"BreadcrumbList\",\"@id\":\"https:\\\/\\\/paroquiaqueijas.net\\\/portal\\\/cep-mensagem-aos-jovens\\\/#breadcrumb\",\"itemListElement\":[{\"@type\":\"ListItem\",\"position\":1,\"name\":\"In\u00edcio\",\"item\":\"https:\\\/\\\/paroquiaqueijas.net\\\/portal\\\/\"},{\"@type\":\"ListItem\",\"position\":2,\"name\":\"CEP &#8211; Mensagem aos jovens\"}]},{\"@type\":\"WebSite\",\"@id\":\"https:\\\/\\\/paroquiaqueijas.net\\\/portal\\\/#website\",\"url\":\"https:\\\/\\\/paroquiaqueijas.net\\\/portal\\\/\",\"name\":\"Paroquia de Queijas\",\"description\":\"\",\"publisher\":{\"@id\":\"https:\\\/\\\/paroquiaqueijas.net\\\/portal\\\/#organization\"},\"potentialAction\":[{\"@type\":\"SearchAction\",\"target\":{\"@type\":\"EntryPoint\",\"urlTemplate\":\"https:\\\/\\\/paroquiaqueijas.net\\\/portal\\\/?s={search_term_string}\"},\"query-input\":{\"@type\":\"PropertyValueSpecification\",\"valueRequired\":true,\"valueName\":\"search_term_string\"}}],\"inLanguage\":\"pt-PT\"},{\"@type\":\"Organization\",\"@id\":\"https:\\\/\\\/paroquiaqueijas.net\\\/portal\\\/#organization\",\"name\":\"Paroquia de Queijas\",\"url\":\"https:\\\/\\\/paroquiaqueijas.net\\\/portal\\\/\",\"logo\":{\"@type\":\"ImageObject\",\"inLanguage\":\"pt-PT\",\"@id\":\"https:\\\/\\\/paroquiaqueijas.net\\\/portal\\\/#\\\/schema\\\/logo\\\/image\\\/\",\"url\":\"https:\\\/\\\/paroquiaqueijas.net\\\/portal\\\/wp-content\\\/uploads\\\/2026\\\/03\\\/LogoQueijas_novo.png\",\"contentUrl\":\"https:\\\/\\\/paroquiaqueijas.net\\\/portal\\\/wp-content\\\/uploads\\\/2026\\\/03\\\/LogoQueijas_novo.png\",\"width\":520,\"height\":519,\"caption\":\"Paroquia de Queijas\"},\"image\":{\"@id\":\"https:\\\/\\\/paroquiaqueijas.net\\\/portal\\\/#\\\/schema\\\/logo\\\/image\\\/\"},\"sameAs\":[\"https:\\\/\\\/www.facebook.com\\\/paroquiaqueijas\\\/\"]},{\"@type\":\"Person\",\"@id\":\"https:\\\/\\\/paroquiaqueijas.net\\\/portal\\\/#\\\/schema\\\/person\\\/07bb4cce216326e06b6f742b719ebec7\",\"name\":\"Paroquia de Queijas\",\"image\":{\"@type\":\"ImageObject\",\"inLanguage\":\"pt-PT\",\"@id\":\"https:\\\/\\\/secure.gravatar.com\\\/avatar\\\/5054571ff5d2454cd50657fc4e61d0c32d7a5d0d3b36ef6c0f6e269276d13618?s=96&d=mm&r=g\",\"url\":\"https:\\\/\\\/secure.gravatar.com\\\/avatar\\\/5054571ff5d2454cd50657fc4e61d0c32d7a5d0d3b36ef6c0f6e269276d13618?s=96&d=mm&r=g\",\"contentUrl\":\"https:\\\/\\\/secure.gravatar.com\\\/avatar\\\/5054571ff5d2454cd50657fc4e61d0c32d7a5d0d3b36ef6c0f6e269276d13618?s=96&d=mm&r=g\",\"caption\":\"Paroquia de Queijas\"},\"sameAs\":[\"https:\\\/\\\/paroquiaqueijas.net\\\/site\"],\"url\":\"https:\\\/\\\/paroquiaqueijas.net\\\/portal\\\/author\\\/admin1\\\/\"}]}<\/script>\n<!-- \/ Yoast SEO plugin. -->","yoast_head_json":{"title":"CEP - Mensagem aos jovens - Paroquia de Queijas","robots":{"index":"index","follow":"follow","max-snippet":"max-snippet:-1","max-image-preview":"max-image-preview:large","max-video-preview":"max-video-preview:-1"},"canonical":"https:\/\/paroquiaqueijas.net\/portal\/cep-mensagem-aos-jovens\/","og_locale":"pt_PT","og_type":"article","og_title":"CEP - Mensagem aos jovens - Paroquia de Queijas","og_description":"Mensagem aos JovensNota da Confer\u00eancia Episcopal Portuguesa Car\u00edssimos jovens, as melhores e mais amigas sauda\u00e7\u00f5es dos vossos Bispos, reunidos em [&hellip;]","og_url":"https:\/\/paroquiaqueijas.net\/portal\/cep-mensagem-aos-jovens\/","og_site_name":"Paroquia de Queijas","article_publisher":"https:\/\/www.facebook.com\/paroquiaqueijas\/","article_published_time":"2011-11-12T23:55:56+00:00","article_modified_time":"2026-03-21T15:41:41+00:00","og_image":[{"width":336,"height":250,"url":"https:\/\/paroquiaqueijas.net\/portal\/wp-content\/uploads\/2011\/11\/Jovem33.png","type":"image\/png"}],"author":"Paroquia de Queijas","twitter_card":"summary_large_image","twitter_misc":{"Escrito por":"Paroquia de Queijas","Tempo estimado de leitura":"6 minutos"},"schema":{"@context":"https:\/\/schema.org","@graph":[{"@type":"Article","@id":"https:\/\/paroquiaqueijas.net\/portal\/cep-mensagem-aos-jovens\/#article","isPartOf":{"@id":"https:\/\/paroquiaqueijas.net\/portal\/cep-mensagem-aos-jovens\/"},"author":{"name":"Paroquia de Queijas","@id":"https:\/\/paroquiaqueijas.net\/portal\/#\/schema\/person\/07bb4cce216326e06b6f742b719ebec7"},"headline":"CEP &#8211; Mensagem aos jovens","datePublished":"2011-11-12T23:55:56+00:00","dateModified":"2026-03-21T15:41:41+00:00","mainEntityOfPage":{"@id":"https:\/\/paroquiaqueijas.net\/portal\/cep-mensagem-aos-jovens\/"},"wordCount":1110,"commentCount":0,"publisher":{"@id":"https:\/\/paroquiaqueijas.net\/portal\/#organization"},"image":{"@id":"https:\/\/paroquiaqueijas.net\/portal\/cep-mensagem-aos-jovens\/#primaryimage"},"thumbnailUrl":"https:\/\/paroquiaqueijas.net\/portal\/wp-content\/uploads\/2011\/11\/Jovem33.png","articleSection":["Espa\u00e7o Eclesial"],"inLanguage":"pt-PT","potentialAction":[{"@type":"CommentAction","name":"Comment","target":["https:\/\/paroquiaqueijas.net\/portal\/cep-mensagem-aos-jovens\/#respond"]}]},{"@type":"WebPage","@id":"https:\/\/paroquiaqueijas.net\/portal\/cep-mensagem-aos-jovens\/","url":"https:\/\/paroquiaqueijas.net\/portal\/cep-mensagem-aos-jovens\/","name":"CEP - Mensagem aos jovens - Paroquia de Queijas","isPartOf":{"@id":"https:\/\/paroquiaqueijas.net\/portal\/#website"},"primaryImageOfPage":{"@id":"https:\/\/paroquiaqueijas.net\/portal\/cep-mensagem-aos-jovens\/#primaryimage"},"image":{"@id":"https:\/\/paroquiaqueijas.net\/portal\/cep-mensagem-aos-jovens\/#primaryimage"},"thumbnailUrl":"https:\/\/paroquiaqueijas.net\/portal\/wp-content\/uploads\/2011\/11\/Jovem33.png","datePublished":"2011-11-12T23:55:56+00:00","dateModified":"2026-03-21T15:41:41+00:00","breadcrumb":{"@id":"https:\/\/paroquiaqueijas.net\/portal\/cep-mensagem-aos-jovens\/#breadcrumb"},"inLanguage":"pt-PT","potentialAction":[{"@type":"ReadAction","target":["https:\/\/paroquiaqueijas.net\/portal\/cep-mensagem-aos-jovens\/"]}]},{"@type":"ImageObject","inLanguage":"pt-PT","@id":"https:\/\/paroquiaqueijas.net\/portal\/cep-mensagem-aos-jovens\/#primaryimage","url":"https:\/\/paroquiaqueijas.net\/portal\/wp-content\/uploads\/2011\/11\/Jovem33.png","contentUrl":"https:\/\/paroquiaqueijas.net\/portal\/wp-content\/uploads\/2011\/11\/Jovem33.png","width":336,"height":250,"caption":"Jovem33"},{"@type":"BreadcrumbList","@id":"https:\/\/paroquiaqueijas.net\/portal\/cep-mensagem-aos-jovens\/#breadcrumb","itemListElement":[{"@type":"ListItem","position":1,"name":"In\u00edcio","item":"https:\/\/paroquiaqueijas.net\/portal\/"},{"@type":"ListItem","position":2,"name":"CEP &#8211; Mensagem aos jovens"}]},{"@type":"WebSite","@id":"https:\/\/paroquiaqueijas.net\/portal\/#website","url":"https:\/\/paroquiaqueijas.net\/portal\/","name":"Paroquia de Queijas","description":"","publisher":{"@id":"https:\/\/paroquiaqueijas.net\/portal\/#organization"},"potentialAction":[{"@type":"SearchAction","target":{"@type":"EntryPoint","urlTemplate":"https:\/\/paroquiaqueijas.net\/portal\/?s={search_term_string}"},"query-input":{"@type":"PropertyValueSpecification","valueRequired":true,"valueName":"search_term_string"}}],"inLanguage":"pt-PT"},{"@type":"Organization","@id":"https:\/\/paroquiaqueijas.net\/portal\/#organization","name":"Paroquia de Queijas","url":"https:\/\/paroquiaqueijas.net\/portal\/","logo":{"@type":"ImageObject","inLanguage":"pt-PT","@id":"https:\/\/paroquiaqueijas.net\/portal\/#\/schema\/logo\/image\/","url":"https:\/\/paroquiaqueijas.net\/portal\/wp-content\/uploads\/2026\/03\/LogoQueijas_novo.png","contentUrl":"https:\/\/paroquiaqueijas.net\/portal\/wp-content\/uploads\/2026\/03\/LogoQueijas_novo.png","width":520,"height":519,"caption":"Paroquia de Queijas"},"image":{"@id":"https:\/\/paroquiaqueijas.net\/portal\/#\/schema\/logo\/image\/"},"sameAs":["https:\/\/www.facebook.com\/paroquiaqueijas\/"]},{"@type":"Person","@id":"https:\/\/paroquiaqueijas.net\/portal\/#\/schema\/person\/07bb4cce216326e06b6f742b719ebec7","name":"Paroquia de Queijas","image":{"@type":"ImageObject","inLanguage":"pt-PT","@id":"https:\/\/secure.gravatar.com\/avatar\/5054571ff5d2454cd50657fc4e61d0c32d7a5d0d3b36ef6c0f6e269276d13618?s=96&d=mm&r=g","url":"https:\/\/secure.gravatar.com\/avatar\/5054571ff5d2454cd50657fc4e61d0c32d7a5d0d3b36ef6c0f6e269276d13618?s=96&d=mm&r=g","contentUrl":"https:\/\/secure.gravatar.com\/avatar\/5054571ff5d2454cd50657fc4e61d0c32d7a5d0d3b36ef6c0f6e269276d13618?s=96&d=mm&r=g","caption":"Paroquia de Queijas"},"sameAs":["https:\/\/paroquiaqueijas.net\/site"],"url":"https:\/\/paroquiaqueijas.net\/portal\/author\/admin1\/"}]}},"_links":{"self":[{"href":"https:\/\/paroquiaqueijas.net\/portal\/wp-json\/wp\/v2\/posts\/703","targetHints":{"allow":["GET"]}}],"collection":[{"href":"https:\/\/paroquiaqueijas.net\/portal\/wp-json\/wp\/v2\/posts"}],"about":[{"href":"https:\/\/paroquiaqueijas.net\/portal\/wp-json\/wp\/v2\/types\/post"}],"author":[{"embeddable":true,"href":"https:\/\/paroquiaqueijas.net\/portal\/wp-json\/wp\/v2\/users\/1"}],"replies":[{"embeddable":true,"href":"https:\/\/paroquiaqueijas.net\/portal\/wp-json\/wp\/v2\/comments?post=703"}],"version-history":[{"count":1,"href":"https:\/\/paroquiaqueijas.net\/portal\/wp-json\/wp\/v2\/posts\/703\/revisions"}],"predecessor-version":[{"id":2747,"href":"https:\/\/paroquiaqueijas.net\/portal\/wp-json\/wp\/v2\/posts\/703\/revisions\/2747"}],"wp:featuredmedia":[{"embeddable":true,"href":"https:\/\/paroquiaqueijas.net\/portal\/wp-json\/wp\/v2\/media\/702"}],"wp:attachment":[{"href":"https:\/\/paroquiaqueijas.net\/portal\/wp-json\/wp\/v2\/media?parent=703"}],"wp:term":[{"taxonomy":"category","embeddable":true,"href":"https:\/\/paroquiaqueijas.net\/portal\/wp-json\/wp\/v2\/categories?post=703"},{"taxonomy":"post_tag","embeddable":true,"href":"https:\/\/paroquiaqueijas.net\/portal\/wp-json\/wp\/v2\/tags?post=703"}],"curies":[{"name":"wp","href":"https:\/\/api.w.org\/{rel}","templated":true}]}}